{"id":108372,"date":"2025-06-06T13:41:19","date_gmt":"2025-06-06T10:41:19","guid":{"rendered":"https:\/\/denizcankizil.tr\/uncategorized-tr\/buyuksehirden-ucretsiz-kurban-kesim-hizmeti\/"},"modified":"2025-06-06T13:41:19","modified_gmt":"2025-06-06T10:41:19","slug":"buyuksehirden-ucretsiz-kurban-kesim-hizmeti","status":"publish","type":"post","link":"https:\/\/denizcankizil.tr\/en\/haberler\/antalya\/buyuksehirden-ucretsiz-kurban-kesim-hizmeti\/","title":{"rendered":"B\u00fcy\u00fck\u015fehir&#8217;den \u00fccretsiz kurban kesim hizmeti"},"content":{"rendered":"<p>Antalya B\u00fcy\u00fck\u015fehir Belediyesi, Kurban Bayram\u0131 dolay\u0131s\u0131yla bu y\u0131l da vatanda\u015flara \u00fccretsiz kurban kesim hizmeti sunuyor. So\u011fuksu Mahallesi Per\u015fembe Pazar\u0131, Ye\u015filbah\u00e7e Mahallesi Kapal\u0131 \u00c7ar\u015famba Pazar\u0131 ve D\u00f6\u015femealt\u0131 K\u00f6m\u00fcrc\u00fcler Hayvan Pazar\u0131&#8217;nda kurulan kesim noktalar\u0131nda veteriner hekimlerin kontrol\u00fcnde ve uzman kasaplar taraf\u0131ndan yap\u0131lan kesimler, sa\u011fl\u0131kl\u0131 ve hijyenik \u015fartlarda ger\u00e7ekle\u015ftiriliyor. Sabah\u0131n erken saatlerinden itibaren kurban kesim alanlar\u0131na gelen vatanda\u015flar, s\u0131ra sistemiyle i\u015flemlerini rahat\u00e7a tamaml\u0131yor. Numara alan vatanda\u015flar, s\u0131ra kendilerine geldi\u011finde k\u0131sa s\u00fcrede kurbanlar\u0131n\u0131 kestirip par\u00e7alanm\u0131\u015f \u015fekilde teslim al\u0131yor.<\/p>\n<p>Veteriner kontrol\u00fcnde uzman kasaplar kesiyor<br \/>\nAntalya B\u00fcy\u00fck\u015fehir Belediyesi Tar\u0131msal Hizmetler Dairesi Ba\u015fkanl\u0131\u011f\u0131\u2019na ba\u011fl\u0131 veteriner hekimlerin denetiminde y\u00fcr\u00fct\u00fclen kesim i\u015flemleri, s\u0131cak hava \u015fartlar\u0131 da g\u00f6z \u00f6n\u00fcnde bulundurularak h\u0131zl\u0131 ve temiz bir \u015fekilde ger\u00e7ekle\u015ftiriliyor. Antalyal\u0131lar, \u00fccretsiz ve hijyenik ortamda sunulan bu hizmet i\u00e7in B\u00fcy\u00fck\u015fehir Belediye Ba\u015fkan\u0131 Muhittin B\u00f6cek ve belediye ekiplerine te\u015fekk\u00fcr etti.<\/p>\n<p>Kaynak: www.kanalv.com.tr Haber Sitesinden Al\u0131nm\u0131\u015ft\u0131r.<\/p>","protected":false},"excerpt":{"rendered":"<p>Antalya B\u00fcy\u00fck\u015fehir Belediyesi, Kurban Bayram\u0131 dolay\u0131s\u0131yla bu y\u0131l da vatanda\u015flara \u00fccretsiz kurban kesim hizmeti sunuyor. So\u011fuksu Mahallesi Per\u015fembe Pazar\u0131, Ye\u015filbah\u00e7e Mahallesi Kapal\u0131 \u00c7ar\u015famba Pazar\u0131 ve D\u00f6\u015femealt\u0131 K\u00f6m\u00fcrc\u00fcler Hayvan Pazar\u0131&#8217;nda kurulan kesim noktalar\u0131nda veteriner hekimlerin kontrol\u00fcnde ve uzman kasaplar taraf\u0131ndan yap\u0131lan kesimler, sa\u011fl\u0131kl\u0131 ve hijyenik \u015fartlarda ger\u00e7ekle\u015ftiriliyor. Sabah\u0131n erken saatlerinden itibaren kurban kesim alanlar\u0131na gelen vatanda\u015flar, s\u0131ra sistemiyle i\u015flemlerini rahat\u00e7a tamaml\u0131yor. Numara alan vatanda\u015flar, s\u0131ra kendilerine geldi\u011finde k\u0131sa s\u00fcrede kurbanlar\u0131n\u0131 kestirip par\u00e7alanm\u0131\u015f \u015fekilde teslim al\u0131yor. Veteriner kontrol\u00fcnde uzman kasaplar kesiyor Antalya B\u00fcy\u00fck\u015fehir Belediyesi Tar\u0131msal Hizmetler Dairesi Ba\u015fkanl\u0131\u011f\u0131\u2019na ba\u011fl\u0131 veteriner hekimlerin denetiminde y\u00fcr\u00fct\u00fclen kesim i\u015flemleri, s\u0131cak hava \u015fartlar\u0131 da g\u00f6z \u00f6n\u00fcnde bulundurularak h\u0131zl\u0131 ve temiz bir \u015fekilde ger\u00e7ekle\u015ftiriliyor. Antalyal\u0131lar, \u00fccretsiz ve hijyenik ortamda sunulan bu hizmet i\u00e7in B\u00fcy\u00fck\u015fehir Belediye Ba\u015fkan\u0131 Muhittin B\u00f6cek ve belediye ekiplerine te\u015fekk\u00fcr etti. Kaynak: www.kanalv.com.tr Haber Sitesinden Al\u0131nm\u0131\u015ft\u0131r.<\/p>","protected":false},"author":4,"featured_media":0,"comment_status":"","ping_status":"open","sticky":false,"template":"","format":"standard","meta":{"_acf_changed":false,"footnotes":""},"categories":[26],"tags":[],"class_list":["post-108372","post","type-post","status-publish","format-standard","hentry","category-antalya"],"acf":[],"yoast_head":"<!-- This site is optimized with the Yoast SEO Premium plugin v26.6 (Yoast SEO v27.1.1) - https:\/\/yoast.com\/product\/yoast-seo-premium-wordpress\/ -->\n<title>B\u00fcy\u00fck\u015fehir&#039;den \u00fccretsiz kurban kesim hizmeti - Av. Deniz Can K\u0131z\u0131l<\/title>\n<meta name=\"robots\" content=\"index, follow, max-snippet:-1, max-image-preview:large, max-video-preview:-1\" \/>\n<link rel=\"canonical\" href=\"https:\/\/denizcankizil.tr\/en\/haberler\/antalya\/buyuksehirden-ucretsiz-kurban-kesim-hizmeti\/\" \/>\n<meta property=\"og:locale\" content=\"en_GB\" \/>\n<meta property=\"og:type\" content=\"article\" \/>\n<meta property=\"og:title\" content=\"B\u00fcy\u00fck\u015fehir&#039;den \u00fccretsiz kurban kesim hizmeti\" \/>\n<meta property=\"og:description\" content=\"Antalya B\u00fcy\u00fck\u015fehir Belediyesi, Kurban Bayram\u0131 dolay\u0131s\u0131yla bu y\u0131l da vatanda\u015flara \u00fccretsiz kurban kesim hizmeti sunuyor. So\u011fuksu Mahallesi Per\u015fembe Pazar\u0131, Ye\u015filbah\u00e7e Mahallesi Kapal\u0131 \u00c7ar\u015famba Pazar\u0131 ve D\u00f6\u015femealt\u0131 K\u00f6m\u00fcrc\u00fcler Hayvan Pazar\u0131&#8217;nda kurulan kesim noktalar\u0131nda veteriner hekimlerin kontrol\u00fcnde ve uzman kasaplar taraf\u0131ndan yap\u0131lan kesimler, sa\u011fl\u0131kl\u0131 ve hijyenik \u015fartlarda ger\u00e7ekle\u015ftiriliyor. Sabah\u0131n erken saatlerinden itibaren kurban kesim alanlar\u0131na gelen vatanda\u015flar, s\u0131ra sistemiyle i\u015flemlerini rahat\u00e7a tamaml\u0131yor. Numara alan vatanda\u015flar, s\u0131ra kendilerine geldi\u011finde k\u0131sa s\u00fcrede kurbanlar\u0131n\u0131 kestirip par\u00e7alanm\u0131\u015f \u015fekilde teslim al\u0131yor. Veteriner kontrol\u00fcnde uzman kasaplar kesiyor Antalya B\u00fcy\u00fck\u015fehir Belediyesi Tar\u0131msal Hizmetler Dairesi Ba\u015fkanl\u0131\u011f\u0131\u2019na ba\u011fl\u0131 veteriner hekimlerin denetiminde y\u00fcr\u00fct\u00fclen kesim i\u015flemleri, s\u0131cak hava \u015fartlar\u0131 da g\u00f6z \u00f6n\u00fcnde bulundurularak h\u0131zl\u0131 ve temiz bir \u015fekilde ger\u00e7ekle\u015ftiriliyor. Antalyal\u0131lar, \u00fccretsiz ve hijyenik ortamda sunulan bu hizmet i\u00e7in B\u00fcy\u00fck\u015fehir Belediye Ba\u015fkan\u0131 Muhittin B\u00f6cek ve belediye ekiplerine te\u015fekk\u00fcr etti. Kaynak: www.kanalv.com.tr Haber Sitesinden Al\u0131nm\u0131\u015ft\u0131r.\" \/>\n<meta property=\"og:url\" content=\"https:\/\/denizcankizil.tr\/en\/haberler\/antalya\/buyuksehirden-ucretsiz-kurban-kesim-hizmeti\/\" \/>\n<meta property=\"og:site_name\" content=\"Av. Deniz Can K\u0131z\u0131l\" \/>\n<meta property=\"article:published_time\" content=\"2025-06-06T10:41:19+00:00\" \/>\n<meta name=\"author\" content=\"Av. Deniz Can K\u0131z\u0131l\" \/>\n<meta name=\"twitter:card\" content=\"summary_large_image\" \/>\n<meta name=\"twitter:label1\" content=\"Written by\" \/>\n\t<meta name=\"twitter:data1\" content=\"Av. Deniz Can K\u0131z\u0131l\" \/>\n\t<meta name=\"twitter:label2\" content=\"Estimated reading time\" \/>\n\t<meta name=\"twitter:data2\" content=\"1 minute\" \/>\n<script type=\"application\/ld+json\" class=\"yoast-schema-graph\">{\"@context\":\"https:\/\/schema.org\",\"@graph\":[{\"@type\":\"Article\",\"@id\":\"https:\/\/denizcankizil.tr\/en\/haberler\/antalya\/buyuksehirden-ucretsiz-kurban-kesim-hizmeti\/#article\",\"isPartOf\":{\"@id\":\"https:\/\/denizcankizil.tr\/en\/haberler\/antalya\/buyuksehirden-ucretsiz-kurban-kesim-hizmeti\/\"},\"author\":{\"name\":\"Av. Deniz Can K\u0131z\u0131l\",\"@id\":\"https:\/\/denizcankizil.tr\/#\/schema\/person\/5dc1b22991bd7ac833867c10afc9b0ff\"},\"headline\":\"B\u00fcy\u00fck\u015fehir&#8217;den \u00fccretsiz kurban kesim hizmeti\",\"datePublished\":\"2025-06-06T10:41:19+00:00\",\"mainEntityOfPage\":{\"@id\":\"https:\/\/denizcankizil.tr\/en\/haberler\/antalya\/buyuksehirden-ucretsiz-kurban-kesim-hizmeti\/\"},\"wordCount\":212,\"publisher\":{\"@id\":\"https:\/\/denizcankizil.tr\/#organization\"},\"articleSection\":[\"Antalya\"],\"inLanguage\":\"en-GB\"},{\"@type\":\"WebPage\",\"@id\":\"https:\/\/denizcankizil.tr\/en\/haberler\/antalya\/buyuksehirden-ucretsiz-kurban-kesim-hizmeti\/\",\"url\":\"https:\/\/denizcankizil.tr\/en\/haberler\/antalya\/buyuksehirden-ucretsiz-kurban-kesim-hizmeti\/\",\"name\":\"B\u00fcy\u00fck\u015fehir'den \u00fccretsiz kurban kesim hizmeti - Av. Deniz Can K\u0131z\u0131l\",\"isPartOf\":{\"@id\":\"https:\/\/denizcankizil.tr\/#website\"},\"datePublished\":\"2025-06-06T10:41:19+00:00\",\"breadcrumb\":{\"@id\":\"https:\/\/denizcankizil.tr\/en\/haberler\/antalya\/buyuksehirden-ucretsiz-kurban-kesim-hizmeti\/#breadcrumb\"},\"inLanguage\":\"en-GB\",\"potentialAction\":[{\"@type\":\"ReadAction\",\"target\":[\"https:\/\/denizcankizil.tr\/en\/haberler\/antalya\/buyuksehirden-ucretsiz-kurban-kesim-hizmeti\/\"]}]},{\"@type\":\"BreadcrumbList\",\"@id\":\"https:\/\/denizcankizil.tr\/en\/haberler\/antalya\/buyuksehirden-ucretsiz-kurban-kesim-hizmeti\/#breadcrumb\",\"itemListElement\":[{\"@type\":\"ListItem\",\"position\":1,\"name\":\"Home\",\"item\":\"https:\/\/denizcankizil.tr\/de\/\"},{\"@type\":\"ListItem\",\"position\":2,\"name\":\"B\u00fcy\u00fck\u015fehir&#8217;den \u00fccretsiz kurban kesim hizmeti\"}]},{\"@type\":\"WebSite\",\"@id\":\"https:\/\/denizcankizil.tr\/#website\",\"url\":\"https:\/\/denizcankizil.tr\/\",\"name\":\"Av. Deniz Can K\u0131z\u0131l\",\"description\":\"Avukat Deniz Can K\u0131z\u0131l Antalya Barosu\",\"publisher\":{\"@id\":\"https:\/\/denizcankizil.tr\/#organization\"},\"potentialAction\":[{\"@type\":\"SearchAction\",\"target\":{\"@type\":\"EntryPoint\",\"urlTemplate\":\"https:\/\/denizcankizil.tr\/?s={search_term_string}\"},\"query-input\":{\"@type\":\"PropertyValueSpecification\",\"valueRequired\":true,\"valueName\":\"search_term_string\"}}],\"inLanguage\":\"en-GB\"},{\"@type\":\"Organization\",\"@id\":\"https:\/\/denizcankizil.tr\/#organization\",\"name\":\"Av. Deniz Can K\u0131z\u0131l\",\"url\":\"https:\/\/denizcankizil.tr\/\",\"logo\":{\"@type\":\"ImageObject\",\"inLanguage\":\"en-GB\",\"@id\":\"https:\/\/denizcankizil.tr\/#\/schema\/logo\/image\/\",\"url\":\"https:\/\/denizcankizil.tr\/wp-content\/uploads\/2024\/10\/siyah-logo-svg.svg\",\"contentUrl\":\"https:\/\/denizcankizil.tr\/wp-content\/uploads\/2024\/10\/siyah-logo-svg.svg\",\"width\":1080,\"height\":1080,\"caption\":\"Av. Deniz Can K\u0131z\u0131l\"},\"image\":{\"@id\":\"https:\/\/denizcankizil.tr\/#\/schema\/logo\/image\/\"}},{\"@type\":\"Person\",\"@id\":\"https:\/\/denizcankizil.tr\/#\/schema\/person\/5dc1b22991bd7ac833867c10afc9b0ff\",\"name\":\"Av. Deniz Can K\u0131z\u0131l\",\"image\":{\"@type\":\"ImageObject\",\"inLanguage\":\"en-GB\",\"@id\":\"https:\/\/denizcankizil.tr\/#\/schema\/person\/image\/\",\"url\":\"https:\/\/secure.gravatar.com\/avatar\/a0b128fb9855c79efc976d5640eedb31dc35ec297594d6016d2cf7c60e975bb6?s=96&d=mm&r=g\",\"contentUrl\":\"https:\/\/secure.gravatar.com\/avatar\/a0b128fb9855c79efc976d5640eedb31dc35ec297594d6016d2cf7c60e975bb6?s=96&d=mm&r=g\",\"caption\":\"Av. Deniz Can K\u0131z\u0131l\"},\"sameAs\":[\"http:\/\/www.denizcankizil.tr\"],\"url\":\"https:\/\/denizcankizil.tr\/en\/author\/denizcankizil\/\"}]}<\/script>\n<!-- \/ Yoast SEO Premium plugin. -->","yoast_head_json":{"title":"B\u00fcy\u00fck\u015fehir'den \u00fccretsiz kurban kesim hizmeti - Av. Deniz Can K\u0131z\u0131l","robots":{"index":"index","follow":"follow","max-snippet":"max-snippet:-1","max-image-preview":"max-image-preview:large","max-video-preview":"max-video-preview:-1"},"canonical":"https:\/\/denizcankizil.tr\/en\/haberler\/antalya\/buyuksehirden-ucretsiz-kurban-kesim-hizmeti\/","og_locale":"en_GB","og_type":"article","og_title":"B\u00fcy\u00fck\u015fehir'den \u00fccretsiz kurban kesim hizmeti","og_description":"Antalya B\u00fcy\u00fck\u015fehir Belediyesi, Kurban Bayram\u0131 dolay\u0131s\u0131yla bu y\u0131l da vatanda\u015flara \u00fccretsiz kurban kesim hizmeti sunuyor. So\u011fuksu Mahallesi Per\u015fembe Pazar\u0131, Ye\u015filbah\u00e7e Mahallesi Kapal\u0131 \u00c7ar\u015famba Pazar\u0131 ve D\u00f6\u015femealt\u0131 K\u00f6m\u00fcrc\u00fcler Hayvan Pazar\u0131&#8217;nda kurulan kesim noktalar\u0131nda veteriner hekimlerin kontrol\u00fcnde ve uzman kasaplar taraf\u0131ndan yap\u0131lan kesimler, sa\u011fl\u0131kl\u0131 ve hijyenik \u015fartlarda ger\u00e7ekle\u015ftiriliyor. Sabah\u0131n erken saatlerinden itibaren kurban kesim alanlar\u0131na gelen vatanda\u015flar, s\u0131ra sistemiyle i\u015flemlerini rahat\u00e7a tamaml\u0131yor. Numara alan vatanda\u015flar, s\u0131ra kendilerine geldi\u011finde k\u0131sa s\u00fcrede kurbanlar\u0131n\u0131 kestirip par\u00e7alanm\u0131\u015f \u015fekilde teslim al\u0131yor. Veteriner kontrol\u00fcnde uzman kasaplar kesiyor Antalya B\u00fcy\u00fck\u015fehir Belediyesi Tar\u0131msal Hizmetler Dairesi Ba\u015fkanl\u0131\u011f\u0131\u2019na ba\u011fl\u0131 veteriner hekimlerin denetiminde y\u00fcr\u00fct\u00fclen kesim i\u015flemleri, s\u0131cak hava \u015fartlar\u0131 da g\u00f6z \u00f6n\u00fcnde bulundurularak h\u0131zl\u0131 ve temiz bir \u015fekilde ger\u00e7ekle\u015ftiriliyor. Antalyal\u0131lar, \u00fccretsiz ve hijyenik ortamda sunulan bu hizmet i\u00e7in B\u00fcy\u00fck\u015fehir Belediye Ba\u015fkan\u0131 Muhittin B\u00f6cek ve belediye ekiplerine te\u015fekk\u00fcr etti. Kaynak: www.kanalv.com.tr Haber Sitesinden Al\u0131nm\u0131\u015ft\u0131r.","og_url":"https:\/\/denizcankizil.tr\/en\/haberler\/antalya\/buyuksehirden-ucretsiz-kurban-kesim-hizmeti\/","og_site_name":"Av. Deniz Can K\u0131z\u0131l","article_published_time":"2025-06-06T10:41:19+00:00","author":"Av. Deniz Can K\u0131z\u0131l","twitter_card":"summary_large_image","twitter_misc":{"Written by":"Av. Deniz Can K\u0131z\u0131l","Estimated reading time":"1 minute"},"schema":{"@context":"https:\/\/schema.org","@graph":[{"@type":"Article","@id":"https:\/\/denizcankizil.tr\/en\/haberler\/antalya\/buyuksehirden-ucretsiz-kurban-kesim-hizmeti\/#article","isPartOf":{"@id":"https:\/\/denizcankizil.tr\/en\/haberler\/antalya\/buyuksehirden-ucretsiz-kurban-kesim-hizmeti\/"},"author":{"name":"Av. Deniz Can K\u0131z\u0131l","@id":"https:\/\/denizcankizil.tr\/#\/schema\/person\/5dc1b22991bd7ac833867c10afc9b0ff"},"headline":"B\u00fcy\u00fck\u015fehir&#8217;den \u00fccretsiz kurban kesim hizmeti","datePublished":"2025-06-06T10:41:19+00:00","mainEntityOfPage":{"@id":"https:\/\/denizcankizil.tr\/en\/haberler\/antalya\/buyuksehirden-ucretsiz-kurban-kesim-hizmeti\/"},"wordCount":212,"publisher":{"@id":"https:\/\/denizcankizil.tr\/#organization"},"articleSection":["Antalya"],"inLanguage":"en-GB"},{"@type":"WebPage","@id":"https:\/\/denizcankizil.tr\/en\/haberler\/antalya\/buyuksehirden-ucretsiz-kurban-kesim-hizmeti\/","url":"https:\/\/denizcankizil.tr\/en\/haberler\/antalya\/buyuksehirden-ucretsiz-kurban-kesim-hizmeti\/","name":"B\u00fcy\u00fck\u015fehir'den \u00fccretsiz kurban kesim hizmeti - Av. Deniz Can K\u0131z\u0131l","isPartOf":{"@id":"https:\/\/denizcankizil.tr\/#website"},"datePublished":"2025-06-06T10:41:19+00:00","breadcrumb":{"@id":"https:\/\/denizcankizil.tr\/en\/haberler\/antalya\/buyuksehirden-ucretsiz-kurban-kesim-hizmeti\/#breadcrumb"},"inLanguage":"en-GB","potentialAction":[{"@type":"ReadAction","target":["https:\/\/denizcankizil.tr\/en\/haberler\/antalya\/buyuksehirden-ucretsiz-kurban-kesim-hizmeti\/"]}]},{"@type":"BreadcrumbList","@id":"https:\/\/denizcankizil.tr\/en\/haberler\/antalya\/buyuksehirden-ucretsiz-kurban-kesim-hizmeti\/#breadcrumb","itemListElement":[{"@type":"ListItem","position":1,"name":"Home","item":"https:\/\/denizcankizil.tr\/de\/"},{"@type":"ListItem","position":2,"name":"B\u00fcy\u00fck\u015fehir&#8217;den \u00fccretsiz kurban kesim hizmeti"}]},{"@type":"WebSite","@id":"https:\/\/denizcankizil.tr\/#website","url":"https:\/\/denizcankizil.tr\/","name":"Av. Deniz Can K\u0131z\u0131l","description":"Avukat Deniz Can K\u0131z\u0131l Antalya Barosu","publisher":{"@id":"https:\/\/denizcankizil.tr\/#organization"},"potentialAction":[{"@type":"SearchAction","target":{"@type":"EntryPoint","urlTemplate":"https:\/\/denizcankizil.tr\/?s={search_term_string}"},"query-input":{"@type":"PropertyValueSpecification","valueRequired":true,"valueName":"search_term_string"}}],"inLanguage":"en-GB"},{"@type":"Organization","@id":"https:\/\/denizcankizil.tr\/#organization","name":"Av. Deniz Can K\u0131z\u0131l","url":"https:\/\/denizcankizil.tr\/","logo":{"@type":"ImageObject","inLanguage":"en-GB","@id":"https:\/\/denizcankizil.tr\/#\/schema\/logo\/image\/","url":"https:\/\/denizcankizil.tr\/wp-content\/uploads\/2024\/10\/siyah-logo-svg.svg","contentUrl":"https:\/\/denizcankizil.tr\/wp-content\/uploads\/2024\/10\/siyah-logo-svg.svg","width":1080,"height":1080,"caption":"Av. Deniz Can K\u0131z\u0131l"},"image":{"@id":"https:\/\/denizcankizil.tr\/#\/schema\/logo\/image\/"}},{"@type":"Person","@id":"https:\/\/denizcankizil.tr\/#\/schema\/person\/5dc1b22991bd7ac833867c10afc9b0ff","name":"Av. Deniz Can K\u0131z\u0131l","image":{"@type":"ImageObject","inLanguage":"en-GB","@id":"https:\/\/denizcankizil.tr\/#\/schema\/person\/image\/","url":"https:\/\/secure.gravatar.com\/avatar\/a0b128fb9855c79efc976d5640eedb31dc35ec297594d6016d2cf7c60e975bb6?s=96&d=mm&r=g","contentUrl":"https:\/\/secure.gravatar.com\/avatar\/a0b128fb9855c79efc976d5640eedb31dc35ec297594d6016d2cf7c60e975bb6?s=96&d=mm&r=g","caption":"Av. Deniz Can K\u0131z\u0131l"},"sameAs":["http:\/\/www.denizcankizil.tr"],"url":"https:\/\/denizcankizil.tr\/en\/author\/denizcankizil\/"}]}},"_links":{"self":[{"href":"https:\/\/denizcankizil.tr\/en\/wp-json\/wp\/v2\/posts\/108372","targetHints":{"allow":["GET"]}}],"collection":[{"href":"https:\/\/denizcankizil.tr\/en\/wp-json\/wp\/v2\/posts"}],"about":[{"href":"https:\/\/denizcankizil.tr\/en\/wp-json\/wp\/v2\/types\/post"}],"author":[{"embeddable":true,"href":"https:\/\/denizcankizil.tr\/en\/wp-json\/wp\/v2\/users\/4"}],"replies":[{"embeddable":true,"href":"https:\/\/denizcankizil.tr\/en\/wp-json\/wp\/v2\/comments?post=108372"}],"version-history":[{"count":0,"href":"https:\/\/denizcankizil.tr\/en\/wp-json\/wp\/v2\/posts\/108372\/revisions"}],"wp:attachment":[{"href":"https:\/\/denizcankizil.tr\/en\/wp-json\/wp\/v2\/media?parent=108372"}],"wp:term":[{"taxonomy":"category","embeddable":true,"href":"https:\/\/denizcankizil.tr\/en\/wp-json\/wp\/v2\/categories?post=108372"},{"taxonomy":"post_tag","embeddable":true,"href":"https:\/\/denizcankizil.tr\/en\/wp-json\/wp\/v2\/tags?post=108372"}],"curies":[{"name":"wp","href":"https:\/\/api.w.org\/{rel}","templated":true}]}}