{"id":107446,"date":"2025-06-05T15:44:47","date_gmt":"2025-06-05T12:44:47","guid":{"rendered":"https:\/\/denizcankizil.tr\/uncategorized-tr\/gebzeden-sonra-dilovasi-millet-bahcesi-de-tamam\/"},"modified":"2025-06-05T15:44:47","modified_gmt":"2025-06-05T12:44:47","slug":"gebzeden-sonra-dilovasi-millet-bahcesi-de-tamam","status":"publish","type":"post","link":"https:\/\/denizcankizil.tr\/en\/haberler\/gundem\/gebzeden-sonra-dilovasi-millet-bahcesi-de-tamam\/","title":{"rendered":"Gebze&#8217;den sonra Dilovas\u0131 Millet Bah\u00e7esi de tamam"},"content":{"rendered":"<p>Kocaeli B\u00fcy\u00fck\u015fehir Belediye Ba\u015fkan\u0131 Do\u00e7.Dr.Tahir B\u00fcy\u00fckak\u0131n, Dilovas\u0131 Millet Bah\u00e7esi\u2019nin tan\u0131t\u0131m t\u00f6reninde yapt\u0131\u011f\u0131 konu\u015fmada, \u201cBuras\u0131 Diloval\u0131lar\u0131n nefes alaca\u011f\u0131 merkezlerden birisi olacak. D\u00fcn Gebze\u2019de millet bah\u00e7esini a\u00e7arak bayram hediyesi vermi\u015ftik. Buras\u0131 da Dilovas\u0131\u2019na bayram hediyesi olsun\u201d dedi.<\/p>\n<p>\u200bKocaeli B\u00fcy\u00fck\u015fehir Belediye Ba\u015fkan\u0131 Do\u00e7.Dr.Tahir B\u00fcy\u00fckak\u0131n, Dilovas\u0131 Millet Bah\u00e7esi\u2019nin tan\u0131t\u0131m t\u00f6reninde yapt\u0131\u011f\u0131 konu\u015fmada, \u201cBuras\u0131 Diloval\u0131lar\u0131n nefes alaca\u011f\u0131 merkezlerden birisi olacak. D\u00fcn Gebze\u2019de millet bah\u00e7esini a\u00e7arak bayram hediyesi vermi\u015ftik. Buras\u0131 da Dilovas\u0131\u2019na bayram hediyesi olsun\u201d dedi.\u00a0<\/p>\n<p>\u200bHaberin Al\u0131nt\u0131land\u0131\u011f\u0131 Kaynak: www.iskenderun.org<\/p>","protected":false},"excerpt":{"rendered":"<p>Kocaeli B\u00fcy\u00fck\u015fehir Belediye Ba\u015fkan\u0131 Do\u00e7.Dr.Tahir B\u00fcy\u00fckak\u0131n, Dilovas\u0131 Millet Bah\u00e7esi\u2019nin tan\u0131t\u0131m t\u00f6reninde yapt\u0131\u011f\u0131 konu\u015fmada, \u201cBuras\u0131 Diloval\u0131lar\u0131n nefes alaca\u011f\u0131 merkezlerden birisi olacak. D\u00fcn Gebze\u2019de millet bah\u00e7esini a\u00e7arak bayram hediyesi vermi\u015ftik. Buras\u0131 da Dilovas\u0131\u2019na bayram hediyesi olsun\u201d dedi. \u200bKocaeli B\u00fcy\u00fck\u015fehir Belediye Ba\u015fkan\u0131 Do\u00e7.Dr.Tahir B\u00fcy\u00fckak\u0131n, Dilovas\u0131 Millet Bah\u00e7esi\u2019nin tan\u0131t\u0131m t\u00f6reninde yapt\u0131\u011f\u0131 konu\u015fmada, \u201cBuras\u0131 Diloval\u0131lar\u0131n nefes alaca\u011f\u0131 merkezlerden birisi olacak. D\u00fcn Gebze\u2019de millet bah\u00e7esini a\u00e7arak bayram hediyesi vermi\u015ftik. Buras\u0131 da Dilovas\u0131\u2019na bayram hediyesi olsun\u201d dedi.\u00a0 \u200bHaberin Al\u0131nt\u0131land\u0131\u011f\u0131 Kaynak: www.iskenderun.org<\/p>","protected":false},"author":1,"featured_media":0,"comment_status":"","ping_status":"open","sticky":false,"template":"","format":"standard","meta":{"_acf_changed":false,"footnotes":""},"categories":[24],"tags":[],"class_list":["post-107446","post","type-post","status-publish","format-standard","has-post-thumbnail","hentry","category-gundem"],"acf":[],"yoast_head":"<!-- This site is optimized with the Yoast SEO Premium plugin v26.6 (Yoast SEO v27.1.1) - https:\/\/yoast.com\/product\/yoast-seo-premium-wordpress\/ -->\n<title>Gebze&#039;den sonra Dilovas\u0131 Millet Bah\u00e7esi de tamam - Av. Deniz Can K\u0131z\u0131l<\/title>\n<meta name=\"robots\" content=\"index, follow, max-snippet:-1, max-image-preview:large, max-video-preview:-1\" \/>\n<link rel=\"canonical\" href=\"https:\/\/denizcankizil.tr\/en\/haberler\/gundem\/gebzeden-sonra-dilovasi-millet-bahcesi-de-tamam\/\" \/>\n<meta property=\"og:locale\" content=\"en_GB\" \/>\n<meta property=\"og:type\" content=\"article\" \/>\n<meta property=\"og:title\" content=\"Gebze&#039;den sonra Dilovas\u0131 Millet Bah\u00e7esi de tamam\" \/>\n<meta property=\"og:description\" content=\"Kocaeli B\u00fcy\u00fck\u015fehir Belediye Ba\u015fkan\u0131 Do\u00e7.Dr.Tahir B\u00fcy\u00fckak\u0131n, Dilovas\u0131 Millet Bah\u00e7esi\u2019nin tan\u0131t\u0131m t\u00f6reninde yapt\u0131\u011f\u0131 konu\u015fmada, \u201cBuras\u0131 Diloval\u0131lar\u0131n nefes alaca\u011f\u0131 merkezlerden birisi olacak. D\u00fcn Gebze\u2019de millet bah\u00e7esini a\u00e7arak bayram hediyesi vermi\u015ftik. Buras\u0131 da Dilovas\u0131\u2019na bayram hediyesi olsun\u201d dedi. \u200bKocaeli B\u00fcy\u00fck\u015fehir Belediye Ba\u015fkan\u0131 Do\u00e7.Dr.Tahir B\u00fcy\u00fckak\u0131n, Dilovas\u0131 Millet Bah\u00e7esi\u2019nin tan\u0131t\u0131m t\u00f6reninde yapt\u0131\u011f\u0131 konu\u015fmada, \u201cBuras\u0131 Diloval\u0131lar\u0131n nefes alaca\u011f\u0131 merkezlerden birisi olacak. D\u00fcn Gebze\u2019de millet bah\u00e7esini a\u00e7arak bayram hediyesi vermi\u015ftik. Buras\u0131 da Dilovas\u0131\u2019na bayram hediyesi olsun\u201d dedi.\u00a0 \u200bHaberin Al\u0131nt\u0131land\u0131\u011f\u0131 Kaynak: www.iskenderun.org\" \/>\n<meta property=\"og:url\" content=\"https:\/\/denizcankizil.tr\/en\/haberler\/gundem\/gebzeden-sonra-dilovasi-millet-bahcesi-de-tamam\/\" \/>\n<meta property=\"og:site_name\" content=\"Av. Deniz Can K\u0131z\u0131l\" \/>\n<meta property=\"article:published_time\" content=\"2025-06-05T12:44:47+00:00\" \/>\n<meta name=\"author\" content=\"admin\" \/>\n<meta name=\"twitter:card\" content=\"summary_large_image\" \/>\n<meta name=\"twitter:label1\" content=\"Written by\" \/>\n\t<meta name=\"twitter:data1\" content=\"admin\" \/>\n\t<meta name=\"twitter:label2\" content=\"Estimated reading time\" \/>\n\t<meta name=\"twitter:data2\" content=\"1 minute\" \/>\n<script type=\"application\/ld+json\" class=\"yoast-schema-graph\">{\"@context\":\"https:\/\/schema.org\",\"@graph\":[{\"@type\":\"Article\",\"@id\":\"https:\/\/denizcankizil.tr\/uk\/haberler\/gundem\/gebzeden-sonra-dilovasi-millet-bahcesi-de-tamam\/#article\",\"isPartOf\":{\"@id\":\"https:\/\/denizcankizil.tr\/uk\/haberler\/gundem\/gebzeden-sonra-dilovasi-millet-bahcesi-de-tamam\/\"},\"author\":{\"name\":\"admin\",\"@id\":\"https:\/\/denizcankizil.tr\/de\/#\/schema\/person\/be3c05fe6a12686905512445d8185489\"},\"headline\":\"Gebze&#8217;den sonra Dilovas\u0131 Millet Bah\u00e7esi de tamam\",\"datePublished\":\"2025-06-05T12:44:47+00:00\",\"mainEntityOfPage\":{\"@id\":\"https:\/\/denizcankizil.tr\/uk\/haberler\/gundem\/gebzeden-sonra-dilovasi-millet-bahcesi-de-tamam\/\"},\"wordCount\":133,\"publisher\":{\"@id\":\"https:\/\/denizcankizil.tr\/de\/#organization\"},\"articleSection\":[\"G\u00fcndem\"],\"inLanguage\":\"en-GB\"},{\"@type\":\"WebPage\",\"@id\":\"https:\/\/denizcankizil.tr\/uk\/haberler\/gundem\/gebzeden-sonra-dilovasi-millet-bahcesi-de-tamam\/\",\"url\":\"https:\/\/denizcankizil.tr\/uk\/haberler\/gundem\/gebzeden-sonra-dilovasi-millet-bahcesi-de-tamam\/\",\"name\":\"Gebze'den sonra Dilovas\u0131 Millet Bah\u00e7esi de tamam - Av. Deniz Can K\u0131z\u0131l\",\"isPartOf\":{\"@id\":\"https:\/\/denizcankizil.tr\/de\/#website\"},\"datePublished\":\"2025-06-05T12:44:47+00:00\",\"breadcrumb\":{\"@id\":\"https:\/\/denizcankizil.tr\/uk\/haberler\/gundem\/gebzeden-sonra-dilovasi-millet-bahcesi-de-tamam\/#breadcrumb\"},\"inLanguage\":\"en-GB\",\"potentialAction\":[{\"@type\":\"ReadAction\",\"target\":[\"https:\/\/denizcankizil.tr\/uk\/haberler\/gundem\/gebzeden-sonra-dilovasi-millet-bahcesi-de-tamam\/\"]}]},{\"@type\":\"BreadcrumbList\",\"@id\":\"https:\/\/denizcankizil.tr\/uk\/haberler\/gundem\/gebzeden-sonra-dilovasi-millet-bahcesi-de-tamam\/#breadcrumb\",\"itemListElement\":[{\"@type\":\"ListItem\",\"position\":1,\"name\":\"Home\",\"item\":\"https:\/\/denizcankizil.tr\/de\/\"},{\"@type\":\"ListItem\",\"position\":2,\"name\":\"Gebze&#8217;den sonra Dilovas\u0131 Millet Bah\u00e7esi de tamam\"}]},{\"@type\":\"WebSite\",\"@id\":\"https:\/\/denizcankizil.tr\/de\/#website\",\"url\":\"https:\/\/denizcankizil.tr\/de\/\",\"name\":\"Av. Deniz Can K\u0131z\u0131l\",\"description\":\"Avukat Deniz Can K\u0131z\u0131l Antalya Barosu\",\"publisher\":{\"@id\":\"https:\/\/denizcankizil.tr\/de\/#organization\"},\"potentialAction\":[{\"@type\":\"SearchAction\",\"target\":{\"@type\":\"EntryPoint\",\"urlTemplate\":\"https:\/\/denizcankizil.tr\/de\/?s={search_term_string}\"},\"query-input\":{\"@type\":\"PropertyValueSpecification\",\"valueRequired\":true,\"valueName\":\"search_term_string\"}}],\"inLanguage\":\"en-GB\"},{\"@type\":\"Organization\",\"@id\":\"https:\/\/denizcankizil.tr\/de\/#organization\",\"name\":\"Av. Deniz Can K\u0131z\u0131l\",\"url\":\"https:\/\/denizcankizil.tr\/de\/\",\"logo\":{\"@type\":\"ImageObject\",\"inLanguage\":\"en-GB\",\"@id\":\"https:\/\/denizcankizil.tr\/de\/#\/schema\/logo\/image\/\",\"url\":\"https:\/\/denizcankizil.tr\/wp-content\/uploads\/2024\/10\/siyah-logo-svg.svg\",\"contentUrl\":\"https:\/\/denizcankizil.tr\/wp-content\/uploads\/2024\/10\/siyah-logo-svg.svg\",\"width\":1080,\"height\":1080,\"caption\":\"Av. Deniz Can K\u0131z\u0131l\"},\"image\":{\"@id\":\"https:\/\/denizcankizil.tr\/de\/#\/schema\/logo\/image\/\"}},{\"@type\":\"Person\",\"@id\":\"https:\/\/denizcankizil.tr\/de\/#\/schema\/person\/be3c05fe6a12686905512445d8185489\",\"name\":\"admin\",\"image\":{\"@type\":\"ImageObject\",\"inLanguage\":\"en-GB\",\"@id\":\"https:\/\/denizcankizil.tr\/de\/#\/schema\/person\/image\/\",\"url\":\"https:\/\/secure.gravatar.com\/avatar\/c1fce94c830dc79107e174f890d7210541c4a63e8e5d816341794a2151c9d58c?s=96&d=mm&r=g\",\"contentUrl\":\"https:\/\/secure.gravatar.com\/avatar\/c1fce94c830dc79107e174f890d7210541c4a63e8e5d816341794a2151c9d58c?s=96&d=mm&r=g\",\"caption\":\"admin\"},\"sameAs\":[\"http:\/\/denizcankizil.tr\"],\"url\":\"https:\/\/www.iskenderun.org\/gebzeden-sonra-dilovasi-millet-bahcesi-de-tamam\"}]}<\/script>\n<!-- \/ Yoast SEO Premium plugin. -->","yoast_head_json":{"title":"Gebze'den sonra Dilovas\u0131 Millet Bah\u00e7esi de tamam - Av. Deniz Can K\u0131z\u0131l","robots":{"index":"index","follow":"follow","max-snippet":"max-snippet:-1","max-image-preview":"max-image-preview:large","max-video-preview":"max-video-preview:-1"},"canonical":"https:\/\/denizcankizil.tr\/en\/haberler\/gundem\/gebzeden-sonra-dilovasi-millet-bahcesi-de-tamam\/","og_locale":"en_GB","og_type":"article","og_title":"Gebze'den sonra Dilovas\u0131 Millet Bah\u00e7esi de tamam","og_description":"Kocaeli B\u00fcy\u00fck\u015fehir Belediye Ba\u015fkan\u0131 Do\u00e7.Dr.Tahir B\u00fcy\u00fckak\u0131n, Dilovas\u0131 Millet Bah\u00e7esi\u2019nin tan\u0131t\u0131m t\u00f6reninde yapt\u0131\u011f\u0131 konu\u015fmada, \u201cBuras\u0131 Diloval\u0131lar\u0131n nefes alaca\u011f\u0131 merkezlerden birisi olacak. D\u00fcn Gebze\u2019de millet bah\u00e7esini a\u00e7arak bayram hediyesi vermi\u015ftik. Buras\u0131 da Dilovas\u0131\u2019na bayram hediyesi olsun\u201d dedi. \u200bKocaeli B\u00fcy\u00fck\u015fehir Belediye Ba\u015fkan\u0131 Do\u00e7.Dr.Tahir B\u00fcy\u00fckak\u0131n, Dilovas\u0131 Millet Bah\u00e7esi\u2019nin tan\u0131t\u0131m t\u00f6reninde yapt\u0131\u011f\u0131 konu\u015fmada, \u201cBuras\u0131 Diloval\u0131lar\u0131n nefes alaca\u011f\u0131 merkezlerden birisi olacak. D\u00fcn Gebze\u2019de millet bah\u00e7esini a\u00e7arak bayram hediyesi vermi\u015ftik. Buras\u0131 da Dilovas\u0131\u2019na bayram hediyesi olsun\u201d dedi.\u00a0 \u200bHaberin Al\u0131nt\u0131land\u0131\u011f\u0131 Kaynak: www.iskenderun.org","og_url":"https:\/\/denizcankizil.tr\/en\/haberler\/gundem\/gebzeden-sonra-dilovasi-millet-bahcesi-de-tamam\/","og_site_name":"Av. Deniz Can K\u0131z\u0131l","article_published_time":"2025-06-05T12:44:47+00:00","author":"admin","twitter_card":"summary_large_image","twitter_misc":{"Written by":"admin","Estimated reading time":"1 minute"},"schema":{"@context":"https:\/\/schema.org","@graph":[{"@type":"Article","@id":"https:\/\/denizcankizil.tr\/uk\/haberler\/gundem\/gebzeden-sonra-dilovasi-millet-bahcesi-de-tamam\/#article","isPartOf":{"@id":"https:\/\/denizcankizil.tr\/uk\/haberler\/gundem\/gebzeden-sonra-dilovasi-millet-bahcesi-de-tamam\/"},"author":{"name":"admin","@id":"https:\/\/denizcankizil.tr\/de\/#\/schema\/person\/be3c05fe6a12686905512445d8185489"},"headline":"Gebze&#8217;den sonra Dilovas\u0131 Millet Bah\u00e7esi de tamam","datePublished":"2025-06-05T12:44:47+00:00","mainEntityOfPage":{"@id":"https:\/\/denizcankizil.tr\/uk\/haberler\/gundem\/gebzeden-sonra-dilovasi-millet-bahcesi-de-tamam\/"},"wordCount":133,"publisher":{"@id":"https:\/\/denizcankizil.tr\/de\/#organization"},"articleSection":["G\u00fcndem"],"inLanguage":"en-GB"},{"@type":"WebPage","@id":"https:\/\/denizcankizil.tr\/uk\/haberler\/gundem\/gebzeden-sonra-dilovasi-millet-bahcesi-de-tamam\/","url":"https:\/\/denizcankizil.tr\/uk\/haberler\/gundem\/gebzeden-sonra-dilovasi-millet-bahcesi-de-tamam\/","name":"Gebze'den sonra Dilovas\u0131 Millet Bah\u00e7esi de tamam - Av. Deniz Can K\u0131z\u0131l","isPartOf":{"@id":"https:\/\/denizcankizil.tr\/de\/#website"},"datePublished":"2025-06-05T12:44:47+00:00","breadcrumb":{"@id":"https:\/\/denizcankizil.tr\/uk\/haberler\/gundem\/gebzeden-sonra-dilovasi-millet-bahcesi-de-tamam\/#breadcrumb"},"inLanguage":"en-GB","potentialAction":[{"@type":"ReadAction","target":["https:\/\/denizcankizil.tr\/uk\/haberler\/gundem\/gebzeden-sonra-dilovasi-millet-bahcesi-de-tamam\/"]}]},{"@type":"BreadcrumbList","@id":"https:\/\/denizcankizil.tr\/uk\/haberler\/gundem\/gebzeden-sonra-dilovasi-millet-bahcesi-de-tamam\/#breadcrumb","itemListElement":[{"@type":"ListItem","position":1,"name":"Home","item":"https:\/\/denizcankizil.tr\/de\/"},{"@type":"ListItem","position":2,"name":"Gebze&#8217;den sonra Dilovas\u0131 Millet Bah\u00e7esi de tamam"}]},{"@type":"WebSite","@id":"https:\/\/denizcankizil.tr\/de\/#website","url":"https:\/\/denizcankizil.tr\/de\/","name":"Av. Deniz Can K\u0131z\u0131l","description":"Avukat Deniz Can K\u0131z\u0131l Antalya Barosu","publisher":{"@id":"https:\/\/denizcankizil.tr\/de\/#organization"},"potentialAction":[{"@type":"SearchAction","target":{"@type":"EntryPoint","urlTemplate":"https:\/\/denizcankizil.tr\/de\/?s={search_term_string}"},"query-input":{"@type":"PropertyValueSpecification","valueRequired":true,"valueName":"search_term_string"}}],"inLanguage":"en-GB"},{"@type":"Organization","@id":"https:\/\/denizcankizil.tr\/de\/#organization","name":"Av. Deniz Can K\u0131z\u0131l","url":"https:\/\/denizcankizil.tr\/de\/","logo":{"@type":"ImageObject","inLanguage":"en-GB","@id":"https:\/\/denizcankizil.tr\/de\/#\/schema\/logo\/image\/","url":"https:\/\/denizcankizil.tr\/wp-content\/uploads\/2024\/10\/siyah-logo-svg.svg","contentUrl":"https:\/\/denizcankizil.tr\/wp-content\/uploads\/2024\/10\/siyah-logo-svg.svg","width":1080,"height":1080,"caption":"Av. Deniz Can K\u0131z\u0131l"},"image":{"@id":"https:\/\/denizcankizil.tr\/de\/#\/schema\/logo\/image\/"}},{"@type":"Person","@id":"https:\/\/denizcankizil.tr\/de\/#\/schema\/person\/be3c05fe6a12686905512445d8185489","name":"admin","image":{"@type":"ImageObject","inLanguage":"en-GB","@id":"https:\/\/denizcankizil.tr\/de\/#\/schema\/person\/image\/","url":"https:\/\/secure.gravatar.com\/avatar\/c1fce94c830dc79107e174f890d7210541c4a63e8e5d816341794a2151c9d58c?s=96&d=mm&r=g","contentUrl":"https:\/\/secure.gravatar.com\/avatar\/c1fce94c830dc79107e174f890d7210541c4a63e8e5d816341794a2151c9d58c?s=96&d=mm&r=g","caption":"admin"},"sameAs":["http:\/\/denizcankizil.tr"],"url":"https:\/\/www.iskenderun.org\/gebzeden-sonra-dilovasi-millet-bahcesi-de-tamam"}]}},"_links":{"self":[{"href":"https:\/\/denizcankizil.tr\/en\/wp-json\/wp\/v2\/posts\/107446","targetHints":{"allow":["GET"]}}],"collection":[{"href":"https:\/\/denizcankizil.tr\/en\/wp-json\/wp\/v2\/posts"}],"about":[{"href":"https:\/\/denizcankizil.tr\/en\/wp-json\/wp\/v2\/types\/post"}],"author":[{"embeddable":true,"href":"https:\/\/denizcankizil.tr\/en\/wp-json\/wp\/v2\/users\/1"}],"replies":[{"embeddable":true,"href":"https:\/\/denizcankizil.tr\/en\/wp-json\/wp\/v2\/comments?post=107446"}],"version-history":[{"count":0,"href":"https:\/\/denizcankizil.tr\/en\/wp-json\/wp\/v2\/posts\/107446\/revisions"}],"wp:attachment":[{"href":"https:\/\/denizcankizil.tr\/en\/wp-json\/wp\/v2\/media?parent=107446"}],"wp:term":[{"taxonomy":"category","embeddable":true,"href":"https:\/\/denizcankizil.tr\/en\/wp-json\/wp\/v2\/categories?post=107446"},{"taxonomy":"post_tag","embeddable":true,"href":"https:\/\/denizcankizil.tr\/en\/wp-json\/wp\/v2\/tags?post=107446"}],"curies":[{"name":"wp","href":"https:\/\/api.w.org\/{rel}","templated":true}]}}