{"id":107347,"date":"2025-06-05T14:41:26","date_gmt":"2025-06-05T11:41:26","guid":{"rendered":"https:\/\/denizcankizil.tr\/uncategorized-tr\/bayramda-ormanlara-giris-ve-mangal-yasak\/"},"modified":"2025-06-05T14:41:26","modified_gmt":"2025-06-05T11:41:26","slug":"bayramda-ormanlara-giris-ve-mangal-yasak","status":"publish","type":"post","link":"https:\/\/denizcankizil.tr\/en\/haberler\/antalya\/bayramda-ormanlara-giris-ve-mangal-yasak\/","title":{"rendered":"Bayramda ormanlara giri\u015f ve mangal yasak"},"content":{"rendered":"<p>Vali Hulusi \u015eahin taraf\u0131ndan \u0130l Jandarma Komutan\u0131 Tu\u011fgeneral Tar\u0131k Hekimo\u011flu, \u0130l Emniyet M\u00fcd\u00fcr\u00fc \u0130lker Arslan ve Sahil G\u00fcvenlik Grup Komutan\u0131 Yarbay Tolga Co\u015fkun&#8217;un kat\u0131l\u0131m\u0131yla may\u0131s ay\u0131 g\u00fcvenlik ve asayi\u015f toplant\u0131s\u0131 ile Kurban Bayram\u0131 tedbirlerine ili\u015fkin bas\u0131n toplant\u0131s\u0131 d\u00fczenlendi.<\/p>\n<p>KURBAN KES\u0130M VE ATIKLARI \u0130\u00c7\u0130N UYARI<\/p>\n<p>Antalya&#8217;ya gelecek misafirlerin mutlu, huzurlu bir bayram tatili ge\u00e7irmeleri i\u00e7in haz\u0131rl\u0131klar yap\u0131ld\u0131\u011f\u0131n\u0131 s\u00f6yleyen Vali \u015eahin, &#8220;Kurban kesim yerleri belirlendi. Gerekli hijyen haz\u0131rl\u0131klar\u0131 yap\u0131ld\u0131. Belirlenen yerlerde kurban kesimine \u00f6zellikle dikkat edilmesi laz\u0131m. Bunun yan\u0131nda yine usul\u00fcne uygun bir \u015fekilde at\u0131klar\u0131n bertaraf edilmesi \u00e7ok kritik bir konu. Bu hususta denetimlerimizi de s\u0131k\u0131 \u015fekilde yapaca\u011f\u0131z. Yine g\u0131da denetimleri konusunda \u00f6zellikle tar\u0131m m\u00fcd\u00fcrl\u00fc\u011f\u00fcm\u00fcz\u00fcn ekipleri ve di\u011fer kurumlar\u0131n ekipleri de bayram s\u00fcresince \u00e7al\u0131\u015fmalar\u0131n\u0131 devam ettirecek&#8221; dedi.<\/p>\n<p>ORMANLARA G\u0130R\u0130\u015e VE ATE\u015e YASAK<\/p>\n<p>Bayram tatili boyunca Antalya&#8217;ya gelecek y\u00fcz binlerce misafir olaca\u011f\u0131n\u0131 da s\u00f6yleyen Vali \u015eahin, \u201cOrmana giri\u015f yasaklar\u0131 devam ediyor. Ate\u015fli piknik yasaklar\u0131 devam ediyor. Bunlara \u00f6zellikle uyal\u0131m. Hava s\u0131cak. Cennet Antalya&#8217;m\u0131zda \u00f6zellikle orman yang\u0131nlar\u0131, ormanlar\u0131m\u0131z\u0131n ve denizin kirletilmesi konusunda \u00e7ok hassas oldu\u011fumuzu misafirlerimizden de \u00f6zellikle hassasiyet bekledi\u011fimizi ifade ediyorum&#8221; diye konu\u015ftu.<\/p>\n<p>20 B\u0130N\u0130 A\u015eKIN POL\u0130S VE JANDARMA<\/p>\n<p>Trafik tedbirleri a\u00e7\u0131s\u0131ndan da t\u00fcm ekiplerin bayram s\u00fcresince teyakkuz halinde \u00e7al\u0131\u015facaklar\u0131n\u0131 a\u00e7\u0131klayan \u015eahin, \u201c\u0130limizde tatil boyunca g\u00fcnde 286 trafik ekibi g\u00f6rev yapacak, toplam g\u00f6rev yapacak trafik ekibi say\u0131s\u0131 da 1922. G\u00fcnde 664 asayi\u015f ekibi g\u00f6rev yapacak. Bayram boyunca g\u00f6rev yapacak toplam asayi\u015f ekibi say\u0131m\u0131z da 3 bin 309. Trafik polisi ve jandarmas\u0131 g\u00fcnl\u00fck 688, toplam say\u0131 da 4 bin 377. Asayi\u015f personel say\u0131m\u0131z g\u00f6rev alacak g\u00fcnl\u00fck 3 bin 999, toplam asayi\u015f personel say\u0131m\u0131z ise 20 bin 21. T\u00fcm arkada\u015flar\u0131m\u0131zla beraber trafik, huzur ve g\u00fcvenin tesisi konusunda teyakkuz halindeyiz&#8221; dedi.<\/p>\n<p>RADARLAR 24 SAAT AKT\u0130F OLACAK<\/p>\n<p>\u0130\u00e7i\u015fleri Bakan\u0131 Ali Yerlikaya&#8217;n\u0131n da ifade etti\u011fi bu y\u0131l yeni bir uygulaman\u0131n oldu\u011funu s\u00f6yleyen Vali \u015eahin, \u201c\u015eehir i\u00e7i radarlar\u0131m\u0131z, gece radar uygulamam\u0131z 24 saat Kurban Bayram\u0131&#8217;nda devam edecek. Ayr\u0131ca gizli yolcu uygulamas\u0131 da bu y\u0131l ba\u015flad\u0131. Antalya&#8217;m\u0131zda da \u00f6zellikle yolcu otob\u00fcslerinde gizli yolcu uygulamas\u0131 olacak. Ge\u00e7en y\u0131l 896 kaza, 529 yaral\u0131 ve 1 vefat vard\u0131. Bu y\u0131l hi\u00e7 vefat olmas\u0131n. M\u00fcmk\u00fcnse hi\u00e7 yaral\u0131 ve kaza olmas\u0131n. Ama en az\u0131ndan bu rakamlar\u0131 olabildi\u011fi kadar d\u00fc\u015f\u00fcrelim hedefine do\u011fru in\u015fallah emin ad\u0131mlarla y\u00fcr\u00fcyece\u011fiz&#8221; dedi.<\/p>\n<p>KAMYON, \u00c7EK\u0130C\u0130 G\u0130B\u0130 ARA\u00c7LARA KARAYOLU YASA\u011eI<\/p>\n<p>Vali \u015eahin, 4 Haziran \u00c7ar\u015famba g\u00fcn\u00fc ba\u015flat\u0131lan uygulamaya g\u00f6re, saat 16.00&#8217;dan itibaren 6 Haziran Cuma g\u00fcn\u00fc saat 11.00&#8217;e kadar Antalya istikametine D-650 karayolunda Burdur ili kat\u0131l\u0131m\u0131ndan itibaren ve D-300 karayolunda Isparta ili kat\u0131l\u0131mlar\u0131ndan itibaren kamyon, \u00e7ekici ve tanker cinsi ara\u00e7lar\u0131n giri\u015fler dahil seyirlerine m\u00fcsaade edilmeyece\u011fini a\u00e7\u0131klad\u0131.<\/p>\n<p>Kaynak: www.kanalv.com.tr Haber Sitesinden Al\u0131nm\u0131\u015ft\u0131r.<\/p>","protected":false},"excerpt":{"rendered":"<p>Vali Hulusi \u015eahin taraf\u0131ndan \u0130l Jandarma Komutan\u0131 Tu\u011fgeneral Tar\u0131k Hekimo\u011flu, \u0130l Emniyet M\u00fcd\u00fcr\u00fc \u0130lker Arslan ve Sahil G\u00fcvenlik Grup Komutan\u0131 Yarbay Tolga Co\u015fkun&#8217;un kat\u0131l\u0131m\u0131yla may\u0131s ay\u0131 g\u00fcvenlik ve asayi\u015f toplant\u0131s\u0131 ile Kurban Bayram\u0131 tedbirlerine ili\u015fkin bas\u0131n toplant\u0131s\u0131 d\u00fczenlendi. KURBAN KES\u0130M VE ATIKLARI \u0130\u00c7\u0130N UYARI Antalya&#8217;ya gelecek misafirlerin mutlu, huzurlu bir bayram tatili ge\u00e7irmeleri i\u00e7in haz\u0131rl\u0131klar yap\u0131ld\u0131\u011f\u0131n\u0131 s\u00f6yleyen Vali \u015eahin, &#8220;Kurban kesim yerleri belirlendi. Gerekli hijyen haz\u0131rl\u0131klar\u0131 yap\u0131ld\u0131. Belirlenen yerlerde kurban kesimine \u00f6zellikle dikkat edilmesi laz\u0131m. Bunun yan\u0131nda yine usul\u00fcne uygun bir \u015fekilde at\u0131klar\u0131n bertaraf edilmesi \u00e7ok kritik bir konu. Bu hususta denetimlerimizi de s\u0131k\u0131 \u015fekilde yapaca\u011f\u0131z. Yine g\u0131da denetimleri konusunda \u00f6zellikle tar\u0131m m\u00fcd\u00fcrl\u00fc\u011f\u00fcm\u00fcz\u00fcn ekipleri ve di\u011fer kurumlar\u0131n ekipleri de bayram s\u00fcresince \u00e7al\u0131\u015fmalar\u0131n\u0131 devam ettirecek&#8221; dedi. ORMANLARA G\u0130R\u0130\u015e VE ATE\u015e YASAK Bayram tatili boyunca Antalya&#8217;ya gelecek y\u00fcz binlerce misafir olaca\u011f\u0131n\u0131 da s\u00f6yleyen Vali \u015eahin, \u201cOrmana giri\u015f yasaklar\u0131 devam ediyor. Ate\u015fli piknik yasaklar\u0131 devam ediyor. Bunlara \u00f6zellikle uyal\u0131m. Hava s\u0131cak. Cennet Antalya&#8217;m\u0131zda \u00f6zellikle orman yang\u0131nlar\u0131, ormanlar\u0131m\u0131z\u0131n ve denizin kirletilmesi konusunda \u00e7ok hassas oldu\u011fumuzu misafirlerimizden de \u00f6zellikle hassasiyet bekledi\u011fimizi ifade ediyorum&#8221; diye konu\u015ftu. 20 B\u0130N\u0130 A\u015eKIN POL\u0130S VE JANDARMA Trafik tedbirleri a\u00e7\u0131s\u0131ndan da t\u00fcm ekiplerin bayram s\u00fcresince teyakkuz halinde \u00e7al\u0131\u015facaklar\u0131n\u0131 a\u00e7\u0131klayan \u015eahin, \u201c\u0130limizde tatil boyunca g\u00fcnde 286 trafik ekibi g\u00f6rev yapacak, toplam g\u00f6rev &hellip;<\/p>","protected":false},"author":4,"featured_media":107348,"comment_status":"","ping_status":"open","sticky":false,"template":"","format":"standard","meta":{"_acf_changed":false,"footnotes":""},"categories":[26],"tags":[],"class_list":["post-107347","post","type-post","status-publish","format-standard","has-post-thumbnail","hentry","category-antalya"],"acf":[],"yoast_head":"<!-- This site is optimized with the Yoast SEO Premium plugin v26.6 (Yoast SEO v27.1.1) - https:\/\/yoast.com\/product\/yoast-seo-premium-wordpress\/ -->\n<title>Bayramda ormanlara giri\u015f ve mangal yasak - Av. Deniz Can K\u0131z\u0131l<\/title>\n<meta name=\"robots\" content=\"index, follow, max-snippet:-1, max-image-preview:large, max-video-preview:-1\" \/>\n<link rel=\"canonical\" href=\"https:\/\/denizcankizil.tr\/en\/haberler\/antalya\/bayramda-ormanlara-giris-ve-mangal-yasak\/\" \/>\n<meta property=\"og:locale\" content=\"en_GB\" \/>\n<meta property=\"og:type\" content=\"article\" \/>\n<meta property=\"og:title\" content=\"Bayramda ormanlara giri\u015f ve mangal yasak\" \/>\n<meta property=\"og:description\" content=\"Vali Hulusi \u015eahin taraf\u0131ndan \u0130l Jandarma Komutan\u0131 Tu\u011fgeneral Tar\u0131k Hekimo\u011flu, \u0130l Emniyet M\u00fcd\u00fcr\u00fc \u0130lker Arslan ve Sahil G\u00fcvenlik Grup Komutan\u0131 Yarbay Tolga Co\u015fkun&#8217;un kat\u0131l\u0131m\u0131yla may\u0131s ay\u0131 g\u00fcvenlik ve asayi\u015f toplant\u0131s\u0131 ile Kurban Bayram\u0131 tedbirlerine ili\u015fkin bas\u0131n toplant\u0131s\u0131 d\u00fczenlendi. KURBAN KES\u0130M VE ATIKLARI \u0130\u00c7\u0130N UYARI Antalya&#8217;ya gelecek misafirlerin mutlu, huzurlu bir bayram tatili ge\u00e7irmeleri i\u00e7in haz\u0131rl\u0131klar yap\u0131ld\u0131\u011f\u0131n\u0131 s\u00f6yleyen Vali \u015eahin, &#8220;Kurban kesim yerleri belirlendi. Gerekli hijyen haz\u0131rl\u0131klar\u0131 yap\u0131ld\u0131. Belirlenen yerlerde kurban kesimine \u00f6zellikle dikkat edilmesi laz\u0131m. Bunun yan\u0131nda yine usul\u00fcne uygun bir \u015fekilde at\u0131klar\u0131n bertaraf edilmesi \u00e7ok kritik bir konu. Bu hususta denetimlerimizi de s\u0131k\u0131 \u015fekilde yapaca\u011f\u0131z. Yine g\u0131da denetimleri konusunda \u00f6zellikle tar\u0131m m\u00fcd\u00fcrl\u00fc\u011f\u00fcm\u00fcz\u00fcn ekipleri ve di\u011fer kurumlar\u0131n ekipleri de bayram s\u00fcresince \u00e7al\u0131\u015fmalar\u0131n\u0131 devam ettirecek&#8221; dedi. ORMANLARA G\u0130R\u0130\u015e VE ATE\u015e YASAK Bayram tatili boyunca Antalya&#8217;ya gelecek y\u00fcz binlerce misafir olaca\u011f\u0131n\u0131 da s\u00f6yleyen Vali \u015eahin, \u201cOrmana giri\u015f yasaklar\u0131 devam ediyor. Ate\u015fli piknik yasaklar\u0131 devam ediyor. Bunlara \u00f6zellikle uyal\u0131m. Hava s\u0131cak. Cennet Antalya&#8217;m\u0131zda \u00f6zellikle orman yang\u0131nlar\u0131, ormanlar\u0131m\u0131z\u0131n ve denizin kirletilmesi konusunda \u00e7ok hassas oldu\u011fumuzu misafirlerimizden de \u00f6zellikle hassasiyet bekledi\u011fimizi ifade ediyorum&#8221; diye konu\u015ftu. 20 B\u0130N\u0130 A\u015eKIN POL\u0130S VE JANDARMA Trafik tedbirleri a\u00e7\u0131s\u0131ndan da t\u00fcm ekiplerin bayram s\u00fcresince teyakkuz halinde \u00e7al\u0131\u015facaklar\u0131n\u0131 a\u00e7\u0131klayan \u015eahin, \u201c\u0130limizde tatil boyunca g\u00fcnde 286 trafik ekibi g\u00f6rev yapacak, toplam g\u00f6rev &hellip;\" \/>\n<meta property=\"og:url\" content=\"https:\/\/denizcankizil.tr\/en\/haberler\/antalya\/bayramda-ormanlara-giris-ve-mangal-yasak\/\" \/>\n<meta property=\"og:site_name\" content=\"Av. Deniz Can K\u0131z\u0131l\" \/>\n<meta property=\"article:published_time\" content=\"2025-06-05T11:41:26+00:00\" \/>\n<meta property=\"og:image\" content=\"https:\/\/denizcankizil.tr\/wp-content\/uploads\/2025\/06\/6737-01-okJNcV.jpg\" \/>\n\t<meta property=\"og:image:width\" content=\"1280\" \/>\n\t<meta property=\"og:image:height\" content=\"720\" \/>\n\t<meta property=\"og:image:type\" content=\"image\/jpeg\" \/>\n<meta name=\"author\" content=\"Av. Deniz Can K\u0131z\u0131l\" \/>\n<meta name=\"twitter:card\" content=\"summary_large_image\" \/>\n<meta name=\"twitter:label1\" content=\"Written by\" \/>\n\t<meta name=\"twitter:data1\" content=\"Av. Deniz Can K\u0131z\u0131l\" \/>\n\t<meta name=\"twitter:label2\" content=\"Estimated reading time\" \/>\n\t<meta name=\"twitter:data2\" content=\"3 minutes\" \/>\n<script type=\"application\/ld+json\" class=\"yoast-schema-graph\">{\"@context\":\"https:\/\/schema.org\",\"@graph\":[{\"@type\":\"Article\",\"@id\":\"https:\/\/denizcankizil.tr\/en\/haberler\/antalya\/bayramda-ormanlara-giris-ve-mangal-yasak\/#article\",\"isPartOf\":{\"@id\":\"https:\/\/denizcankizil.tr\/en\/haberler\/antalya\/bayramda-ormanlara-giris-ve-mangal-yasak\/\"},\"author\":{\"name\":\"Av. Deniz Can K\u0131z\u0131l\",\"@id\":\"https:\/\/denizcankizil.tr\/#\/schema\/person\/5dc1b22991bd7ac833867c10afc9b0ff\"},\"headline\":\"Bayramda ormanlara giri\u015f ve mangal yasak\",\"datePublished\":\"2025-06-05T11:41:26+00:00\",\"mainEntityOfPage\":{\"@id\":\"https:\/\/denizcankizil.tr\/en\/haberler\/antalya\/bayramda-ormanlara-giris-ve-mangal-yasak\/\"},\"wordCount\":558,\"publisher\":{\"@id\":\"https:\/\/denizcankizil.tr\/#organization\"},\"image\":{\"@id\":\"https:\/\/denizcankizil.tr\/en\/haberler\/antalya\/bayramda-ormanlara-giris-ve-mangal-yasak\/#primaryimage\"},\"thumbnailUrl\":\"https:\/\/denizcankizil.tr\/wp-content\/uploads\/2025\/06\/6737-01-okJNcV.jpg\",\"articleSection\":[\"Antalya\"],\"inLanguage\":\"en-GB\"},{\"@type\":\"WebPage\",\"@id\":\"https:\/\/denizcankizil.tr\/en\/haberler\/antalya\/bayramda-ormanlara-giris-ve-mangal-yasak\/\",\"url\":\"https:\/\/denizcankizil.tr\/en\/haberler\/antalya\/bayramda-ormanlara-giris-ve-mangal-yasak\/\",\"name\":\"Bayramda ormanlara giri\u015f ve mangal yasak - Av. Deniz Can K\u0131z\u0131l\",\"isPartOf\":{\"@id\":\"https:\/\/denizcankizil.tr\/#website\"},\"primaryImageOfPage\":{\"@id\":\"https:\/\/denizcankizil.tr\/en\/haberler\/antalya\/bayramda-ormanlara-giris-ve-mangal-yasak\/#primaryimage\"},\"image\":{\"@id\":\"https:\/\/denizcankizil.tr\/en\/haberler\/antalya\/bayramda-ormanlara-giris-ve-mangal-yasak\/#primaryimage\"},\"thumbnailUrl\":\"https:\/\/denizcankizil.tr\/wp-content\/uploads\/2025\/06\/6737-01-okJNcV.jpg\",\"datePublished\":\"2025-06-05T11:41:26+00:00\",\"breadcrumb\":{\"@id\":\"https:\/\/denizcankizil.tr\/en\/haberler\/antalya\/bayramda-ormanlara-giris-ve-mangal-yasak\/#breadcrumb\"},\"inLanguage\":\"en-GB\",\"potentialAction\":[{\"@type\":\"ReadAction\",\"target\":[\"https:\/\/denizcankizil.tr\/en\/haberler\/antalya\/bayramda-ormanlara-giris-ve-mangal-yasak\/\"]}]},{\"@type\":\"ImageObject\",\"inLanguage\":\"en-GB\",\"@id\":\"https:\/\/denizcankizil.tr\/en\/haberler\/antalya\/bayramda-ormanlara-giris-ve-mangal-yasak\/#primaryimage\",\"url\":\"https:\/\/denizcankizil.tr\/wp-content\/uploads\/2025\/06\/6737-01-okJNcV.jpg\",\"contentUrl\":\"https:\/\/denizcankizil.tr\/wp-content\/uploads\/2025\/06\/6737-01-okJNcV.jpg\",\"width\":1280,\"height\":720},{\"@type\":\"BreadcrumbList\",\"@id\":\"https:\/\/denizcankizil.tr\/en\/haberler\/antalya\/bayramda-ormanlara-giris-ve-mangal-yasak\/#breadcrumb\",\"itemListElement\":[{\"@type\":\"ListItem\",\"position\":1,\"name\":\"Home\",\"item\":\"https:\/\/denizcankizil.tr\/de\/\"},{\"@type\":\"ListItem\",\"position\":2,\"name\":\"Bayramda ormanlara giri\u015f ve mangal yasak\"}]},{\"@type\":\"WebSite\",\"@id\":\"https:\/\/denizcankizil.tr\/#website\",\"url\":\"https:\/\/denizcankizil.tr\/\",\"name\":\"Av. Deniz Can K\u0131z\u0131l\",\"description\":\"Avukat Deniz Can K\u0131z\u0131l Antalya Barosu\",\"publisher\":{\"@id\":\"https:\/\/denizcankizil.tr\/#organization\"},\"potentialAction\":[{\"@type\":\"SearchAction\",\"target\":{\"@type\":\"EntryPoint\",\"urlTemplate\":\"https:\/\/denizcankizil.tr\/?s={search_term_string}\"},\"query-input\":{\"@type\":\"PropertyValueSpecification\",\"valueRequired\":true,\"valueName\":\"search_term_string\"}}],\"inLanguage\":\"en-GB\"},{\"@type\":\"Organization\",\"@id\":\"https:\/\/denizcankizil.tr\/#organization\",\"name\":\"Av. Deniz Can K\u0131z\u0131l\",\"url\":\"https:\/\/denizcankizil.tr\/\",\"logo\":{\"@type\":\"ImageObject\",\"inLanguage\":\"en-GB\",\"@id\":\"https:\/\/denizcankizil.tr\/#\/schema\/logo\/image\/\",\"url\":\"https:\/\/denizcankizil.tr\/wp-content\/uploads\/2024\/10\/siyah-logo-svg.svg\",\"contentUrl\":\"https:\/\/denizcankizil.tr\/wp-content\/uploads\/2024\/10\/siyah-logo-svg.svg\",\"width\":1080,\"height\":1080,\"caption\":\"Av. Deniz Can K\u0131z\u0131l\"},\"image\":{\"@id\":\"https:\/\/denizcankizil.tr\/#\/schema\/logo\/image\/\"}},{\"@type\":\"Person\",\"@id\":\"https:\/\/denizcankizil.tr\/#\/schema\/person\/5dc1b22991bd7ac833867c10afc9b0ff\",\"name\":\"Av. Deniz Can K\u0131z\u0131l\",\"image\":{\"@type\":\"ImageObject\",\"inLanguage\":\"en-GB\",\"@id\":\"https:\/\/denizcankizil.tr\/#\/schema\/person\/image\/\",\"url\":\"https:\/\/secure.gravatar.com\/avatar\/a0b128fb9855c79efc976d5640eedb31dc35ec297594d6016d2cf7c60e975bb6?s=96&d=mm&r=g\",\"contentUrl\":\"https:\/\/secure.gravatar.com\/avatar\/a0b128fb9855c79efc976d5640eedb31dc35ec297594d6016d2cf7c60e975bb6?s=96&d=mm&r=g\",\"caption\":\"Av. Deniz Can K\u0131z\u0131l\"},\"sameAs\":[\"http:\/\/www.denizcankizil.tr\"],\"url\":\"https:\/\/denizcankizil.tr\/en\/author\/denizcankizil\/\"}]}<\/script>\n<!-- \/ Yoast SEO Premium plugin. -->","yoast_head_json":{"title":"Bayramda ormanlara giri\u015f ve mangal yasak - Av. Deniz Can K\u0131z\u0131l","robots":{"index":"index","follow":"follow","max-snippet":"max-snippet:-1","max-image-preview":"max-image-preview:large","max-video-preview":"max-video-preview:-1"},"canonical":"https:\/\/denizcankizil.tr\/en\/haberler\/antalya\/bayramda-ormanlara-giris-ve-mangal-yasak\/","og_locale":"en_GB","og_type":"article","og_title":"Bayramda ormanlara giri\u015f ve mangal yasak","og_description":"Vali Hulusi \u015eahin taraf\u0131ndan \u0130l Jandarma Komutan\u0131 Tu\u011fgeneral Tar\u0131k Hekimo\u011flu, \u0130l Emniyet M\u00fcd\u00fcr\u00fc \u0130lker Arslan ve Sahil G\u00fcvenlik Grup Komutan\u0131 Yarbay Tolga Co\u015fkun&#8217;un kat\u0131l\u0131m\u0131yla may\u0131s ay\u0131 g\u00fcvenlik ve asayi\u015f toplant\u0131s\u0131 ile Kurban Bayram\u0131 tedbirlerine ili\u015fkin bas\u0131n toplant\u0131s\u0131 d\u00fczenlendi. KURBAN KES\u0130M VE ATIKLARI \u0130\u00c7\u0130N UYARI Antalya&#8217;ya gelecek misafirlerin mutlu, huzurlu bir bayram tatili ge\u00e7irmeleri i\u00e7in haz\u0131rl\u0131klar yap\u0131ld\u0131\u011f\u0131n\u0131 s\u00f6yleyen Vali \u015eahin, &#8220;Kurban kesim yerleri belirlendi. Gerekli hijyen haz\u0131rl\u0131klar\u0131 yap\u0131ld\u0131. Belirlenen yerlerde kurban kesimine \u00f6zellikle dikkat edilmesi laz\u0131m. Bunun yan\u0131nda yine usul\u00fcne uygun bir \u015fekilde at\u0131klar\u0131n bertaraf edilmesi \u00e7ok kritik bir konu. Bu hususta denetimlerimizi de s\u0131k\u0131 \u015fekilde yapaca\u011f\u0131z. Yine g\u0131da denetimleri konusunda \u00f6zellikle tar\u0131m m\u00fcd\u00fcrl\u00fc\u011f\u00fcm\u00fcz\u00fcn ekipleri ve di\u011fer kurumlar\u0131n ekipleri de bayram s\u00fcresince \u00e7al\u0131\u015fmalar\u0131n\u0131 devam ettirecek&#8221; dedi. ORMANLARA G\u0130R\u0130\u015e VE ATE\u015e YASAK Bayram tatili boyunca Antalya&#8217;ya gelecek y\u00fcz binlerce misafir olaca\u011f\u0131n\u0131 da s\u00f6yleyen Vali \u015eahin, \u201cOrmana giri\u015f yasaklar\u0131 devam ediyor. Ate\u015fli piknik yasaklar\u0131 devam ediyor. Bunlara \u00f6zellikle uyal\u0131m. Hava s\u0131cak. Cennet Antalya&#8217;m\u0131zda \u00f6zellikle orman yang\u0131nlar\u0131, ormanlar\u0131m\u0131z\u0131n ve denizin kirletilmesi konusunda \u00e7ok hassas oldu\u011fumuzu misafirlerimizden de \u00f6zellikle hassasiyet bekledi\u011fimizi ifade ediyorum&#8221; diye konu\u015ftu. 20 B\u0130N\u0130 A\u015eKIN POL\u0130S VE JANDARMA Trafik tedbirleri a\u00e7\u0131s\u0131ndan da t\u00fcm ekiplerin bayram s\u00fcresince teyakkuz halinde \u00e7al\u0131\u015facaklar\u0131n\u0131 a\u00e7\u0131klayan \u015eahin, \u201c\u0130limizde tatil boyunca g\u00fcnde 286 trafik ekibi g\u00f6rev yapacak, toplam g\u00f6rev &hellip;","og_url":"https:\/\/denizcankizil.tr\/en\/haberler\/antalya\/bayramda-ormanlara-giris-ve-mangal-yasak\/","og_site_name":"Av. Deniz Can K\u0131z\u0131l","article_published_time":"2025-06-05T11:41:26+00:00","og_image":[{"width":1280,"height":720,"url":"https:\/\/denizcankizil.tr\/wp-content\/uploads\/2025\/06\/6737-01-okJNcV.jpg","type":"image\/jpeg"}],"author":"Av. Deniz Can K\u0131z\u0131l","twitter_card":"summary_large_image","twitter_misc":{"Written by":"Av. Deniz Can K\u0131z\u0131l","Estimated reading time":"3 minutes"},"schema":{"@context":"https:\/\/schema.org","@graph":[{"@type":"Article","@id":"https:\/\/denizcankizil.tr\/en\/haberler\/antalya\/bayramda-ormanlara-giris-ve-mangal-yasak\/#article","isPartOf":{"@id":"https:\/\/denizcankizil.tr\/en\/haberler\/antalya\/bayramda-ormanlara-giris-ve-mangal-yasak\/"},"author":{"name":"Av. Deniz Can K\u0131z\u0131l","@id":"https:\/\/denizcankizil.tr\/#\/schema\/person\/5dc1b22991bd7ac833867c10afc9b0ff"},"headline":"Bayramda ormanlara giri\u015f ve mangal yasak","datePublished":"2025-06-05T11:41:26+00:00","mainEntityOfPage":{"@id":"https:\/\/denizcankizil.tr\/en\/haberler\/antalya\/bayramda-ormanlara-giris-ve-mangal-yasak\/"},"wordCount":558,"publisher":{"@id":"https:\/\/denizcankizil.tr\/#organization"},"image":{"@id":"https:\/\/denizcankizil.tr\/en\/haberler\/antalya\/bayramda-ormanlara-giris-ve-mangal-yasak\/#primaryimage"},"thumbnailUrl":"https:\/\/denizcankizil.tr\/wp-content\/uploads\/2025\/06\/6737-01-okJNcV.jpg","articleSection":["Antalya"],"inLanguage":"en-GB"},{"@type":"WebPage","@id":"https:\/\/denizcankizil.tr\/en\/haberler\/antalya\/bayramda-ormanlara-giris-ve-mangal-yasak\/","url":"https:\/\/denizcankizil.tr\/en\/haberler\/antalya\/bayramda-ormanlara-giris-ve-mangal-yasak\/","name":"Bayramda ormanlara giri\u015f ve mangal yasak - Av. Deniz Can K\u0131z\u0131l","isPartOf":{"@id":"https:\/\/denizcankizil.tr\/#website"},"primaryImageOfPage":{"@id":"https:\/\/denizcankizil.tr\/en\/haberler\/antalya\/bayramda-ormanlara-giris-ve-mangal-yasak\/#primaryimage"},"image":{"@id":"https:\/\/denizcankizil.tr\/en\/haberler\/antalya\/bayramda-ormanlara-giris-ve-mangal-yasak\/#primaryimage"},"thumbnailUrl":"https:\/\/denizcankizil.tr\/wp-content\/uploads\/2025\/06\/6737-01-okJNcV.jpg","datePublished":"2025-06-05T11:41:26+00:00","breadcrumb":{"@id":"https:\/\/denizcankizil.tr\/en\/haberler\/antalya\/bayramda-ormanlara-giris-ve-mangal-yasak\/#breadcrumb"},"inLanguage":"en-GB","potentialAction":[{"@type":"ReadAction","target":["https:\/\/denizcankizil.tr\/en\/haberler\/antalya\/bayramda-ormanlara-giris-ve-mangal-yasak\/"]}]},{"@type":"ImageObject","inLanguage":"en-GB","@id":"https:\/\/denizcankizil.tr\/en\/haberler\/antalya\/bayramda-ormanlara-giris-ve-mangal-yasak\/#primaryimage","url":"https:\/\/denizcankizil.tr\/wp-content\/uploads\/2025\/06\/6737-01-okJNcV.jpg","contentUrl":"https:\/\/denizcankizil.tr\/wp-content\/uploads\/2025\/06\/6737-01-okJNcV.jpg","width":1280,"height":720},{"@type":"BreadcrumbList","@id":"https:\/\/denizcankizil.tr\/en\/haberler\/antalya\/bayramda-ormanlara-giris-ve-mangal-yasak\/#breadcrumb","itemListElement":[{"@type":"ListItem","position":1,"name":"Home","item":"https:\/\/denizcankizil.tr\/de\/"},{"@type":"ListItem","position":2,"name":"Bayramda ormanlara giri\u015f ve mangal yasak"}]},{"@type":"WebSite","@id":"https:\/\/denizcankizil.tr\/#website","url":"https:\/\/denizcankizil.tr\/","name":"Av. Deniz Can K\u0131z\u0131l","description":"Avukat Deniz Can K\u0131z\u0131l Antalya Barosu","publisher":{"@id":"https:\/\/denizcankizil.tr\/#organization"},"potentialAction":[{"@type":"SearchAction","target":{"@type":"EntryPoint","urlTemplate":"https:\/\/denizcankizil.tr\/?s={search_term_string}"},"query-input":{"@type":"PropertyValueSpecification","valueRequired":true,"valueName":"search_term_string"}}],"inLanguage":"en-GB"},{"@type":"Organization","@id":"https:\/\/denizcankizil.tr\/#organization","name":"Av. Deniz Can K\u0131z\u0131l","url":"https:\/\/denizcankizil.tr\/","logo":{"@type":"ImageObject","inLanguage":"en-GB","@id":"https:\/\/denizcankizil.tr\/#\/schema\/logo\/image\/","url":"https:\/\/denizcankizil.tr\/wp-content\/uploads\/2024\/10\/siyah-logo-svg.svg","contentUrl":"https:\/\/denizcankizil.tr\/wp-content\/uploads\/2024\/10\/siyah-logo-svg.svg","width":1080,"height":1080,"caption":"Av. Deniz Can K\u0131z\u0131l"},"image":{"@id":"https:\/\/denizcankizil.tr\/#\/schema\/logo\/image\/"}},{"@type":"Person","@id":"https:\/\/denizcankizil.tr\/#\/schema\/person\/5dc1b22991bd7ac833867c10afc9b0ff","name":"Av. Deniz Can K\u0131z\u0131l","image":{"@type":"ImageObject","inLanguage":"en-GB","@id":"https:\/\/denizcankizil.tr\/#\/schema\/person\/image\/","url":"https:\/\/secure.gravatar.com\/avatar\/a0b128fb9855c79efc976d5640eedb31dc35ec297594d6016d2cf7c60e975bb6?s=96&d=mm&r=g","contentUrl":"https:\/\/secure.gravatar.com\/avatar\/a0b128fb9855c79efc976d5640eedb31dc35ec297594d6016d2cf7c60e975bb6?s=96&d=mm&r=g","caption":"Av. Deniz Can K\u0131z\u0131l"},"sameAs":["http:\/\/www.denizcankizil.tr"],"url":"https:\/\/denizcankizil.tr\/en\/author\/denizcankizil\/"}]}},"_links":{"self":[{"href":"https:\/\/denizcankizil.tr\/en\/wp-json\/wp\/v2\/posts\/107347","targetHints":{"allow":["GET"]}}],"collection":[{"href":"https:\/\/denizcankizil.tr\/en\/wp-json\/wp\/v2\/posts"}],"about":[{"href":"https:\/\/denizcankizil.tr\/en\/wp-json\/wp\/v2\/types\/post"}],"author":[{"embeddable":true,"href":"https:\/\/denizcankizil.tr\/en\/wp-json\/wp\/v2\/users\/4"}],"replies":[{"embeddable":true,"href":"https:\/\/denizcankizil.tr\/en\/wp-json\/wp\/v2\/comments?post=107347"}],"version-history":[{"count":0,"href":"https:\/\/denizcankizil.tr\/en\/wp-json\/wp\/v2\/posts\/107347\/revisions"}],"wp:featuredmedia":[{"embeddable":true,"href":"https:\/\/denizcankizil.tr\/en\/wp-json\/wp\/v2\/media\/107348"}],"wp:attachment":[{"href":"https:\/\/denizcankizil.tr\/en\/wp-json\/wp\/v2\/media?parent=107347"}],"wp:term":[{"taxonomy":"category","embeddable":true,"href":"https:\/\/denizcankizil.tr\/en\/wp-json\/wp\/v2\/categories?post=107347"},{"taxonomy":"post_tag","embeddable":true,"href":"https:\/\/denizcankizil.tr\/en\/wp-json\/wp\/v2\/tags?post=107347"}],"curies":[{"name":"wp","href":"https:\/\/api.w.org\/{rel}","templated":true}]}}