{"id":107345,"date":"2025-06-05T14:41:13","date_gmt":"2025-06-05T11:41:13","guid":{"rendered":"https:\/\/denizcankizil.tr\/uncategorized-tr\/tur-araciyla-tofas-carpisti-3-yarali\/"},"modified":"2025-06-05T14:41:13","modified_gmt":"2025-06-05T11:41:13","slug":"tur-araciyla-tofas-carpisti-3-yarali","status":"publish","type":"post","link":"https:\/\/denizcankizil.tr\/en\/haberler\/antalya\/tur-araciyla-tofas-carpisti-3-yarali\/","title":{"rendered":"Tur arac\u0131yla Tofa\u015f \u00e7arp\u0131\u015ft\u0131: 3 yaral\u0131"},"content":{"rendered":"<p>Kaza; Sorgun Mahallesi Sorgun Bulvar\u0131nda ya\u015fand\u0131. Edinilen bilgiye g\u00f6re, Ercan \u00d6&#8217;n\u00fcn kulland\u0131\u011f\u0131 07 ANJ 472 plakal\u0131 Mercedes marka panelvan tur arac\u0131, Cengiz G&#8217;nin kulland\u0131\u011f\u0131 07 E 6426 plakal\u0131 Tofa\u015f marka otomobil ile \u00e7arp\u0131\u015fmas\u0131 sonucunda meydana geldi.<br \/>\n112 Acil \u00c7a\u011fr\u0131 Merkezine gelen ihbar \u00fczerine olay yerine Antalya B\u00fcy\u00fck\u015fehir Belediyesi \u0130tfaiyesi Manavgat Birimi, Manavgat Emniyet M\u00fcd\u00fcrl\u00fc\u011f\u00fc Trafik Denetleme B\u00fcro Amirli\u011fi ve 112 sa\u011fl\u0131k ekipleri sevk edildi.<br \/>\nKaza yapan ara\u00e7lar, \u00e7arp\u0131\u015fman\u0131n \u015fiddetiyle yol kenar\u0131nda bulunan betonarme ayd\u0131nlatma dire\u011fine \u00e7arparak durabilirken, kazada hurdaya d\u00f6nen Kartal marka otomobili kullanan Cengiz G. ile otomobilde yolcu olarak bulunan Burcu E. ve Song\u00fcl S. yaraland\u0131. \u0130tfaiye ekipleri taraf\u0131ndan otomobilden \u00e7\u0131kar\u0131lan yaral\u0131lar, 112 sa\u011fl\u0131k ekiplerinin olay yerindeki m\u00fcdahalesinin ard\u0131ndan ambulansla hastaneye kald\u0131r\u0131ld\u0131.<\/p>\n<p>Trafik \u0131\u015f\u0131\u011f\u0131 iste\u011fi<br \/>\nKazan\u0131n meydana geldi\u011fi yerin yak\u0131n\u0131nda market i\u015fleten Ayfer Aydemir Kav\u015fakta kazas\u0131z g\u00fcn ge\u00e7medi\u011fini belirterek, &#8220;Art\u0131k kaza g\u00f6rmekten b\u0131kt\u0131k. Her pat\u0131rt\u0131 duydu\u011fumuzda buraya ko\u015fuyoruz. Yaz\u0131k, insanlar yaralan\u0131yor, ara\u00e7lar\u0131 zarar g\u00f6r\u00fcyor. Bu kav\u015fa\u011fa trafik lambas\u0131 tak\u0131lmas\u0131 i\u00e7in ka\u00e7 ki\u015finin \u00f6lmesini bekliyorlar? Yeter art\u0131k, kav\u015fa\u011fa \u00f6nlem al\u0131ns\u0131n&#8221; dedi.<\/p>\n<p>Kaynak: www.kanalv.com.tr Haber Sitesinden Al\u0131nm\u0131\u015ft\u0131r.<\/p>","protected":false},"excerpt":{"rendered":"<p>Kaza; Sorgun Mahallesi Sorgun Bulvar\u0131nda ya\u015fand\u0131. Edinilen bilgiye g\u00f6re, Ercan \u00d6&#8217;n\u00fcn kulland\u0131\u011f\u0131 07 ANJ 472 plakal\u0131 Mercedes marka panelvan tur arac\u0131, Cengiz G&#8217;nin kulland\u0131\u011f\u0131 07 E 6426 plakal\u0131 Tofa\u015f marka otomobil ile \u00e7arp\u0131\u015fmas\u0131 sonucunda meydana geldi. 112 Acil \u00c7a\u011fr\u0131 Merkezine gelen ihbar \u00fczerine olay yerine Antalya B\u00fcy\u00fck\u015fehir Belediyesi \u0130tfaiyesi Manavgat Birimi, Manavgat Emniyet M\u00fcd\u00fcrl\u00fc\u011f\u00fc Trafik Denetleme B\u00fcro Amirli\u011fi ve 112 sa\u011fl\u0131k ekipleri sevk edildi. Kaza yapan ara\u00e7lar, \u00e7arp\u0131\u015fman\u0131n \u015fiddetiyle yol kenar\u0131nda bulunan betonarme ayd\u0131nlatma dire\u011fine \u00e7arparak durabilirken, kazada hurdaya d\u00f6nen Kartal marka otomobili kullanan Cengiz G. ile otomobilde yolcu olarak bulunan Burcu E. ve Song\u00fcl S. yaraland\u0131. \u0130tfaiye ekipleri taraf\u0131ndan otomobilden \u00e7\u0131kar\u0131lan yaral\u0131lar, 112 sa\u011fl\u0131k ekiplerinin olay yerindeki m\u00fcdahalesinin ard\u0131ndan ambulansla hastaneye kald\u0131r\u0131ld\u0131. Trafik \u0131\u015f\u0131\u011f\u0131 iste\u011fi Kazan\u0131n meydana geldi\u011fi yerin yak\u0131n\u0131nda market i\u015fleten Ayfer Aydemir Kav\u015fakta kazas\u0131z g\u00fcn ge\u00e7medi\u011fini belirterek, &#8220;Art\u0131k kaza g\u00f6rmekten b\u0131kt\u0131k. Her pat\u0131rt\u0131 duydu\u011fumuzda buraya ko\u015fuyoruz. Yaz\u0131k, insanlar yaralan\u0131yor, ara\u00e7lar\u0131 zarar g\u00f6r\u00fcyor. Bu kav\u015fa\u011fa trafik lambas\u0131 tak\u0131lmas\u0131 i\u00e7in ka\u00e7 ki\u015finin \u00f6lmesini bekliyorlar? Yeter art\u0131k, kav\u015fa\u011fa \u00f6nlem al\u0131ns\u0131n&#8221; dedi. Kaynak: www.kanalv.com.tr Haber Sitesinden Al\u0131nm\u0131\u015ft\u0131r.<\/p>","protected":false},"author":4,"featured_media":107346,"comment_status":"","ping_status":"open","sticky":false,"template":"","format":"standard","meta":{"_acf_changed":false,"footnotes":""},"categories":[26],"tags":[],"class_list":["post-107345","post","type-post","status-publish","format-standard","has-post-thumbnail","hentry","category-antalya"],"acf":[],"yoast_head":"<!-- This site is optimized with the Yoast SEO Premium plugin v26.6 (Yoast SEO v27.1.1) - https:\/\/yoast.com\/product\/yoast-seo-premium-wordpress\/ -->\n<title>Tur arac\u0131yla Tofa\u015f \u00e7arp\u0131\u015ft\u0131: 3 yaral\u0131 - Av. Deniz Can K\u0131z\u0131l<\/title>\n<meta name=\"robots\" content=\"index, follow, max-snippet:-1, max-image-preview:large, max-video-preview:-1\" \/>\n<link rel=\"canonical\" href=\"https:\/\/denizcankizil.tr\/en\/haberler\/antalya\/tur-araciyla-tofas-carpisti-3-yarali\/\" \/>\n<meta property=\"og:locale\" content=\"en_GB\" \/>\n<meta property=\"og:type\" content=\"article\" \/>\n<meta property=\"og:title\" content=\"Tur arac\u0131yla Tofa\u015f \u00e7arp\u0131\u015ft\u0131: 3 yaral\u0131\" \/>\n<meta property=\"og:description\" content=\"Kaza; Sorgun Mahallesi Sorgun Bulvar\u0131nda ya\u015fand\u0131. Edinilen bilgiye g\u00f6re, Ercan \u00d6&#8217;n\u00fcn kulland\u0131\u011f\u0131 07 ANJ 472 plakal\u0131 Mercedes marka panelvan tur arac\u0131, Cengiz G&#8217;nin kulland\u0131\u011f\u0131 07 E 6426 plakal\u0131 Tofa\u015f marka otomobil ile \u00e7arp\u0131\u015fmas\u0131 sonucunda meydana geldi. 112 Acil \u00c7a\u011fr\u0131 Merkezine gelen ihbar \u00fczerine olay yerine Antalya B\u00fcy\u00fck\u015fehir Belediyesi \u0130tfaiyesi Manavgat Birimi, Manavgat Emniyet M\u00fcd\u00fcrl\u00fc\u011f\u00fc Trafik Denetleme B\u00fcro Amirli\u011fi ve 112 sa\u011fl\u0131k ekipleri sevk edildi. Kaza yapan ara\u00e7lar, \u00e7arp\u0131\u015fman\u0131n \u015fiddetiyle yol kenar\u0131nda bulunan betonarme ayd\u0131nlatma dire\u011fine \u00e7arparak durabilirken, kazada hurdaya d\u00f6nen Kartal marka otomobili kullanan Cengiz G. ile otomobilde yolcu olarak bulunan Burcu E. ve Song\u00fcl S. yaraland\u0131. \u0130tfaiye ekipleri taraf\u0131ndan otomobilden \u00e7\u0131kar\u0131lan yaral\u0131lar, 112 sa\u011fl\u0131k ekiplerinin olay yerindeki m\u00fcdahalesinin ard\u0131ndan ambulansla hastaneye kald\u0131r\u0131ld\u0131. Trafik \u0131\u015f\u0131\u011f\u0131 iste\u011fi Kazan\u0131n meydana geldi\u011fi yerin yak\u0131n\u0131nda market i\u015fleten Ayfer Aydemir Kav\u015fakta kazas\u0131z g\u00fcn ge\u00e7medi\u011fini belirterek, &#8220;Art\u0131k kaza g\u00f6rmekten b\u0131kt\u0131k. Her pat\u0131rt\u0131 duydu\u011fumuzda buraya ko\u015fuyoruz. Yaz\u0131k, insanlar yaralan\u0131yor, ara\u00e7lar\u0131 zarar g\u00f6r\u00fcyor. Bu kav\u015fa\u011fa trafik lambas\u0131 tak\u0131lmas\u0131 i\u00e7in ka\u00e7 ki\u015finin \u00f6lmesini bekliyorlar? Yeter art\u0131k, kav\u015fa\u011fa \u00f6nlem al\u0131ns\u0131n&#8221; dedi. Kaynak: www.kanalv.com.tr Haber Sitesinden Al\u0131nm\u0131\u015ft\u0131r.\" \/>\n<meta property=\"og:url\" content=\"https:\/\/denizcankizil.tr\/en\/haberler\/antalya\/tur-araciyla-tofas-carpisti-3-yarali\/\" \/>\n<meta property=\"og:site_name\" content=\"Av. Deniz Can K\u0131z\u0131l\" \/>\n<meta property=\"article:published_time\" content=\"2025-06-05T11:41:13+00:00\" \/>\n<meta property=\"og:image\" content=\"https:\/\/denizcankizil.tr\/wp-content\/uploads\/2025\/06\/6738-01-6kng9y.jpg\" \/>\n\t<meta property=\"og:image:width\" content=\"1280\" \/>\n\t<meta property=\"og:image:height\" content=\"720\" \/>\n\t<meta property=\"og:image:type\" content=\"image\/jpeg\" \/>\n<meta name=\"author\" content=\"Av. Deniz Can K\u0131z\u0131l\" \/>\n<meta name=\"twitter:card\" content=\"summary_large_image\" \/>\n<meta name=\"twitter:label1\" content=\"Written by\" \/>\n\t<meta name=\"twitter:data1\" content=\"Av. Deniz Can K\u0131z\u0131l\" \/>\n\t<meta name=\"twitter:label2\" content=\"Estimated reading time\" \/>\n\t<meta name=\"twitter:data2\" content=\"1 minute\" \/>\n<script type=\"application\/ld+json\" class=\"yoast-schema-graph\">{\"@context\":\"https:\/\/schema.org\",\"@graph\":[{\"@type\":\"Article\",\"@id\":\"https:\/\/denizcankizil.tr\/en\/haberler\/antalya\/tur-araciyla-tofas-carpisti-3-yarali\/#article\",\"isPartOf\":{\"@id\":\"https:\/\/denizcankizil.tr\/en\/haberler\/antalya\/tur-araciyla-tofas-carpisti-3-yarali\/\"},\"author\":{\"name\":\"Av. Deniz Can K\u0131z\u0131l\",\"@id\":\"https:\/\/denizcankizil.tr\/#\/schema\/person\/5dc1b22991bd7ac833867c10afc9b0ff\"},\"headline\":\"Tur arac\u0131yla Tofa\u015f \u00e7arp\u0131\u015ft\u0131: 3 yaral\u0131\",\"datePublished\":\"2025-06-05T11:41:13+00:00\",\"mainEntityOfPage\":{\"@id\":\"https:\/\/denizcankizil.tr\/en\/haberler\/antalya\/tur-araciyla-tofas-carpisti-3-yarali\/\"},\"wordCount\":237,\"publisher\":{\"@id\":\"https:\/\/denizcankizil.tr\/#organization\"},\"image\":{\"@id\":\"https:\/\/denizcankizil.tr\/en\/haberler\/antalya\/tur-araciyla-tofas-carpisti-3-yarali\/#primaryimage\"},\"thumbnailUrl\":\"https:\/\/denizcankizil.tr\/wp-content\/uploads\/2025\/06\/6738-01-6kng9y.jpg\",\"articleSection\":[\"Antalya\"],\"inLanguage\":\"en-GB\"},{\"@type\":\"WebPage\",\"@id\":\"https:\/\/denizcankizil.tr\/en\/haberler\/antalya\/tur-araciyla-tofas-carpisti-3-yarali\/\",\"url\":\"https:\/\/denizcankizil.tr\/en\/haberler\/antalya\/tur-araciyla-tofas-carpisti-3-yarali\/\",\"name\":\"Tur arac\u0131yla Tofa\u015f \u00e7arp\u0131\u015ft\u0131: 3 yaral\u0131 - Av. Deniz Can K\u0131z\u0131l\",\"isPartOf\":{\"@id\":\"https:\/\/denizcankizil.tr\/#website\"},\"primaryImageOfPage\":{\"@id\":\"https:\/\/denizcankizil.tr\/en\/haberler\/antalya\/tur-araciyla-tofas-carpisti-3-yarali\/#primaryimage\"},\"image\":{\"@id\":\"https:\/\/denizcankizil.tr\/en\/haberler\/antalya\/tur-araciyla-tofas-carpisti-3-yarali\/#primaryimage\"},\"thumbnailUrl\":\"https:\/\/denizcankizil.tr\/wp-content\/uploads\/2025\/06\/6738-01-6kng9y.jpg\",\"datePublished\":\"2025-06-05T11:41:13+00:00\",\"breadcrumb\":{\"@id\":\"https:\/\/denizcankizil.tr\/en\/haberler\/antalya\/tur-araciyla-tofas-carpisti-3-yarali\/#breadcrumb\"},\"inLanguage\":\"en-GB\",\"potentialAction\":[{\"@type\":\"ReadAction\",\"target\":[\"https:\/\/denizcankizil.tr\/en\/haberler\/antalya\/tur-araciyla-tofas-carpisti-3-yarali\/\"]}]},{\"@type\":\"ImageObject\",\"inLanguage\":\"en-GB\",\"@id\":\"https:\/\/denizcankizil.tr\/en\/haberler\/antalya\/tur-araciyla-tofas-carpisti-3-yarali\/#primaryimage\",\"url\":\"https:\/\/denizcankizil.tr\/wp-content\/uploads\/2025\/06\/6738-01-6kng9y.jpg\",\"contentUrl\":\"https:\/\/denizcankizil.tr\/wp-content\/uploads\/2025\/06\/6738-01-6kng9y.jpg\",\"width\":1280,\"height\":720},{\"@type\":\"BreadcrumbList\",\"@id\":\"https:\/\/denizcankizil.tr\/en\/haberler\/antalya\/tur-araciyla-tofas-carpisti-3-yarali\/#breadcrumb\",\"itemListElement\":[{\"@type\":\"ListItem\",\"position\":1,\"name\":\"Home\",\"item\":\"https:\/\/denizcankizil.tr\/de\/\"},{\"@type\":\"ListItem\",\"position\":2,\"name\":\"Tur arac\u0131yla Tofa\u015f \u00e7arp\u0131\u015ft\u0131: 3 yaral\u0131\"}]},{\"@type\":\"WebSite\",\"@id\":\"https:\/\/denizcankizil.tr\/#website\",\"url\":\"https:\/\/denizcankizil.tr\/\",\"name\":\"Av. Deniz Can K\u0131z\u0131l\",\"description\":\"Avukat Deniz Can K\u0131z\u0131l Antalya Barosu\",\"publisher\":{\"@id\":\"https:\/\/denizcankizil.tr\/#organization\"},\"potentialAction\":[{\"@type\":\"SearchAction\",\"target\":{\"@type\":\"EntryPoint\",\"urlTemplate\":\"https:\/\/denizcankizil.tr\/?s={search_term_string}\"},\"query-input\":{\"@type\":\"PropertyValueSpecification\",\"valueRequired\":true,\"valueName\":\"search_term_string\"}}],\"inLanguage\":\"en-GB\"},{\"@type\":\"Organization\",\"@id\":\"https:\/\/denizcankizil.tr\/#organization\",\"name\":\"Av. Deniz Can K\u0131z\u0131l\",\"url\":\"https:\/\/denizcankizil.tr\/\",\"logo\":{\"@type\":\"ImageObject\",\"inLanguage\":\"en-GB\",\"@id\":\"https:\/\/denizcankizil.tr\/#\/schema\/logo\/image\/\",\"url\":\"https:\/\/denizcankizil.tr\/wp-content\/uploads\/2024\/10\/siyah-logo-svg.svg\",\"contentUrl\":\"https:\/\/denizcankizil.tr\/wp-content\/uploads\/2024\/10\/siyah-logo-svg.svg\",\"width\":1080,\"height\":1080,\"caption\":\"Av. Deniz Can K\u0131z\u0131l\"},\"image\":{\"@id\":\"https:\/\/denizcankizil.tr\/#\/schema\/logo\/image\/\"}},{\"@type\":\"Person\",\"@id\":\"https:\/\/denizcankizil.tr\/#\/schema\/person\/5dc1b22991bd7ac833867c10afc9b0ff\",\"name\":\"Av. Deniz Can K\u0131z\u0131l\",\"image\":{\"@type\":\"ImageObject\",\"inLanguage\":\"en-GB\",\"@id\":\"https:\/\/denizcankizil.tr\/#\/schema\/person\/image\/\",\"url\":\"https:\/\/secure.gravatar.com\/avatar\/a0b128fb9855c79efc976d5640eedb31dc35ec297594d6016d2cf7c60e975bb6?s=96&d=mm&r=g\",\"contentUrl\":\"https:\/\/secure.gravatar.com\/avatar\/a0b128fb9855c79efc976d5640eedb31dc35ec297594d6016d2cf7c60e975bb6?s=96&d=mm&r=g\",\"caption\":\"Av. Deniz Can K\u0131z\u0131l\"},\"sameAs\":[\"http:\/\/www.denizcankizil.tr\"],\"url\":\"https:\/\/denizcankizil.tr\/en\/author\/denizcankizil\/\"}]}<\/script>\n<!-- \/ Yoast SEO Premium plugin. -->","yoast_head_json":{"title":"Tur arac\u0131yla Tofa\u015f \u00e7arp\u0131\u015ft\u0131: 3 yaral\u0131 - Av. Deniz Can K\u0131z\u0131l","robots":{"index":"index","follow":"follow","max-snippet":"max-snippet:-1","max-image-preview":"max-image-preview:large","max-video-preview":"max-video-preview:-1"},"canonical":"https:\/\/denizcankizil.tr\/en\/haberler\/antalya\/tur-araciyla-tofas-carpisti-3-yarali\/","og_locale":"en_GB","og_type":"article","og_title":"Tur arac\u0131yla Tofa\u015f \u00e7arp\u0131\u015ft\u0131: 3 yaral\u0131","og_description":"Kaza; Sorgun Mahallesi Sorgun Bulvar\u0131nda ya\u015fand\u0131. Edinilen bilgiye g\u00f6re, Ercan \u00d6&#8217;n\u00fcn kulland\u0131\u011f\u0131 07 ANJ 472 plakal\u0131 Mercedes marka panelvan tur arac\u0131, Cengiz G&#8217;nin kulland\u0131\u011f\u0131 07 E 6426 plakal\u0131 Tofa\u015f marka otomobil ile \u00e7arp\u0131\u015fmas\u0131 sonucunda meydana geldi. 112 Acil \u00c7a\u011fr\u0131 Merkezine gelen ihbar \u00fczerine olay yerine Antalya B\u00fcy\u00fck\u015fehir Belediyesi \u0130tfaiyesi Manavgat Birimi, Manavgat Emniyet M\u00fcd\u00fcrl\u00fc\u011f\u00fc Trafik Denetleme B\u00fcro Amirli\u011fi ve 112 sa\u011fl\u0131k ekipleri sevk edildi. Kaza yapan ara\u00e7lar, \u00e7arp\u0131\u015fman\u0131n \u015fiddetiyle yol kenar\u0131nda bulunan betonarme ayd\u0131nlatma dire\u011fine \u00e7arparak durabilirken, kazada hurdaya d\u00f6nen Kartal marka otomobili kullanan Cengiz G. ile otomobilde yolcu olarak bulunan Burcu E. ve Song\u00fcl S. yaraland\u0131. \u0130tfaiye ekipleri taraf\u0131ndan otomobilden \u00e7\u0131kar\u0131lan yaral\u0131lar, 112 sa\u011fl\u0131k ekiplerinin olay yerindeki m\u00fcdahalesinin ard\u0131ndan ambulansla hastaneye kald\u0131r\u0131ld\u0131. Trafik \u0131\u015f\u0131\u011f\u0131 iste\u011fi Kazan\u0131n meydana geldi\u011fi yerin yak\u0131n\u0131nda market i\u015fleten Ayfer Aydemir Kav\u015fakta kazas\u0131z g\u00fcn ge\u00e7medi\u011fini belirterek, &#8220;Art\u0131k kaza g\u00f6rmekten b\u0131kt\u0131k. Her pat\u0131rt\u0131 duydu\u011fumuzda buraya ko\u015fuyoruz. Yaz\u0131k, insanlar yaralan\u0131yor, ara\u00e7lar\u0131 zarar g\u00f6r\u00fcyor. Bu kav\u015fa\u011fa trafik lambas\u0131 tak\u0131lmas\u0131 i\u00e7in ka\u00e7 ki\u015finin \u00f6lmesini bekliyorlar? Yeter art\u0131k, kav\u015fa\u011fa \u00f6nlem al\u0131ns\u0131n&#8221; dedi. Kaynak: www.kanalv.com.tr Haber Sitesinden Al\u0131nm\u0131\u015ft\u0131r.","og_url":"https:\/\/denizcankizil.tr\/en\/haberler\/antalya\/tur-araciyla-tofas-carpisti-3-yarali\/","og_site_name":"Av. Deniz Can K\u0131z\u0131l","article_published_time":"2025-06-05T11:41:13+00:00","og_image":[{"width":1280,"height":720,"url":"https:\/\/denizcankizil.tr\/wp-content\/uploads\/2025\/06\/6738-01-6kng9y.jpg","type":"image\/jpeg"}],"author":"Av. Deniz Can K\u0131z\u0131l","twitter_card":"summary_large_image","twitter_misc":{"Written by":"Av. Deniz Can K\u0131z\u0131l","Estimated reading time":"1 minute"},"schema":{"@context":"https:\/\/schema.org","@graph":[{"@type":"Article","@id":"https:\/\/denizcankizil.tr\/en\/haberler\/antalya\/tur-araciyla-tofas-carpisti-3-yarali\/#article","isPartOf":{"@id":"https:\/\/denizcankizil.tr\/en\/haberler\/antalya\/tur-araciyla-tofas-carpisti-3-yarali\/"},"author":{"name":"Av. Deniz Can K\u0131z\u0131l","@id":"https:\/\/denizcankizil.tr\/#\/schema\/person\/5dc1b22991bd7ac833867c10afc9b0ff"},"headline":"Tur arac\u0131yla Tofa\u015f \u00e7arp\u0131\u015ft\u0131: 3 yaral\u0131","datePublished":"2025-06-05T11:41:13+00:00","mainEntityOfPage":{"@id":"https:\/\/denizcankizil.tr\/en\/haberler\/antalya\/tur-araciyla-tofas-carpisti-3-yarali\/"},"wordCount":237,"publisher":{"@id":"https:\/\/denizcankizil.tr\/#organization"},"image":{"@id":"https:\/\/denizcankizil.tr\/en\/haberler\/antalya\/tur-araciyla-tofas-carpisti-3-yarali\/#primaryimage"},"thumbnailUrl":"https:\/\/denizcankizil.tr\/wp-content\/uploads\/2025\/06\/6738-01-6kng9y.jpg","articleSection":["Antalya"],"inLanguage":"en-GB"},{"@type":"WebPage","@id":"https:\/\/denizcankizil.tr\/en\/haberler\/antalya\/tur-araciyla-tofas-carpisti-3-yarali\/","url":"https:\/\/denizcankizil.tr\/en\/haberler\/antalya\/tur-araciyla-tofas-carpisti-3-yarali\/","name":"Tur arac\u0131yla Tofa\u015f \u00e7arp\u0131\u015ft\u0131: 3 yaral\u0131 - Av. Deniz Can K\u0131z\u0131l","isPartOf":{"@id":"https:\/\/denizcankizil.tr\/#website"},"primaryImageOfPage":{"@id":"https:\/\/denizcankizil.tr\/en\/haberler\/antalya\/tur-araciyla-tofas-carpisti-3-yarali\/#primaryimage"},"image":{"@id":"https:\/\/denizcankizil.tr\/en\/haberler\/antalya\/tur-araciyla-tofas-carpisti-3-yarali\/#primaryimage"},"thumbnailUrl":"https:\/\/denizcankizil.tr\/wp-content\/uploads\/2025\/06\/6738-01-6kng9y.jpg","datePublished":"2025-06-05T11:41:13+00:00","breadcrumb":{"@id":"https:\/\/denizcankizil.tr\/en\/haberler\/antalya\/tur-araciyla-tofas-carpisti-3-yarali\/#breadcrumb"},"inLanguage":"en-GB","potentialAction":[{"@type":"ReadAction","target":["https:\/\/denizcankizil.tr\/en\/haberler\/antalya\/tur-araciyla-tofas-carpisti-3-yarali\/"]}]},{"@type":"ImageObject","inLanguage":"en-GB","@id":"https:\/\/denizcankizil.tr\/en\/haberler\/antalya\/tur-araciyla-tofas-carpisti-3-yarali\/#primaryimage","url":"https:\/\/denizcankizil.tr\/wp-content\/uploads\/2025\/06\/6738-01-6kng9y.jpg","contentUrl":"https:\/\/denizcankizil.tr\/wp-content\/uploads\/2025\/06\/6738-01-6kng9y.jpg","width":1280,"height":720},{"@type":"BreadcrumbList","@id":"https:\/\/denizcankizil.tr\/en\/haberler\/antalya\/tur-araciyla-tofas-carpisti-3-yarali\/#breadcrumb","itemListElement":[{"@type":"ListItem","position":1,"name":"Home","item":"https:\/\/denizcankizil.tr\/de\/"},{"@type":"ListItem","position":2,"name":"Tur arac\u0131yla Tofa\u015f \u00e7arp\u0131\u015ft\u0131: 3 yaral\u0131"}]},{"@type":"WebSite","@id":"https:\/\/denizcankizil.tr\/#website","url":"https:\/\/denizcankizil.tr\/","name":"Av. Deniz Can K\u0131z\u0131l","description":"Avukat Deniz Can K\u0131z\u0131l Antalya Barosu","publisher":{"@id":"https:\/\/denizcankizil.tr\/#organization"},"potentialAction":[{"@type":"SearchAction","target":{"@type":"EntryPoint","urlTemplate":"https:\/\/denizcankizil.tr\/?s={search_term_string}"},"query-input":{"@type":"PropertyValueSpecification","valueRequired":true,"valueName":"search_term_string"}}],"inLanguage":"en-GB"},{"@type":"Organization","@id":"https:\/\/denizcankizil.tr\/#organization","name":"Av. Deniz Can K\u0131z\u0131l","url":"https:\/\/denizcankizil.tr\/","logo":{"@type":"ImageObject","inLanguage":"en-GB","@id":"https:\/\/denizcankizil.tr\/#\/schema\/logo\/image\/","url":"https:\/\/denizcankizil.tr\/wp-content\/uploads\/2024\/10\/siyah-logo-svg.svg","contentUrl":"https:\/\/denizcankizil.tr\/wp-content\/uploads\/2024\/10\/siyah-logo-svg.svg","width":1080,"height":1080,"caption":"Av. Deniz Can K\u0131z\u0131l"},"image":{"@id":"https:\/\/denizcankizil.tr\/#\/schema\/logo\/image\/"}},{"@type":"Person","@id":"https:\/\/denizcankizil.tr\/#\/schema\/person\/5dc1b22991bd7ac833867c10afc9b0ff","name":"Av. Deniz Can K\u0131z\u0131l","image":{"@type":"ImageObject","inLanguage":"en-GB","@id":"https:\/\/denizcankizil.tr\/#\/schema\/person\/image\/","url":"https:\/\/secure.gravatar.com\/avatar\/a0b128fb9855c79efc976d5640eedb31dc35ec297594d6016d2cf7c60e975bb6?s=96&d=mm&r=g","contentUrl":"https:\/\/secure.gravatar.com\/avatar\/a0b128fb9855c79efc976d5640eedb31dc35ec297594d6016d2cf7c60e975bb6?s=96&d=mm&r=g","caption":"Av. Deniz Can K\u0131z\u0131l"},"sameAs":["http:\/\/www.denizcankizil.tr"],"url":"https:\/\/denizcankizil.tr\/en\/author\/denizcankizil\/"}]}},"_links":{"self":[{"href":"https:\/\/denizcankizil.tr\/en\/wp-json\/wp\/v2\/posts\/107345","targetHints":{"allow":["GET"]}}],"collection":[{"href":"https:\/\/denizcankizil.tr\/en\/wp-json\/wp\/v2\/posts"}],"about":[{"href":"https:\/\/denizcankizil.tr\/en\/wp-json\/wp\/v2\/types\/post"}],"author":[{"embeddable":true,"href":"https:\/\/denizcankizil.tr\/en\/wp-json\/wp\/v2\/users\/4"}],"replies":[{"embeddable":true,"href":"https:\/\/denizcankizil.tr\/en\/wp-json\/wp\/v2\/comments?post=107345"}],"version-history":[{"count":0,"href":"https:\/\/denizcankizil.tr\/en\/wp-json\/wp\/v2\/posts\/107345\/revisions"}],"wp:featuredmedia":[{"embeddable":true,"href":"https:\/\/denizcankizil.tr\/en\/wp-json\/wp\/v2\/media\/107346"}],"wp:attachment":[{"href":"https:\/\/denizcankizil.tr\/en\/wp-json\/wp\/v2\/media?parent=107345"}],"wp:term":[{"taxonomy":"category","embeddable":true,"href":"https:\/\/denizcankizil.tr\/en\/wp-json\/wp\/v2\/categories?post=107345"},{"taxonomy":"post_tag","embeddable":true,"href":"https:\/\/denizcankizil.tr\/en\/wp-json\/wp\/v2\/tags?post=107345"}],"curies":[{"name":"wp","href":"https:\/\/api.w.org\/{rel}","templated":true}]}}