{"id":10731,"date":"2024-10-31T16:43:57","date_gmt":"2024-10-31T13:43:57","guid":{"rendered":"https:\/\/denizcankizil.tr\/uncategorized-tr\/75-ogrenci-kulubunun-yer-aldigi-istinye-universitesi-kulupler-fuari-binlerce-ogrencinin-yogun-ilgisiyle-karsilasti\/"},"modified":"2024-10-31T16:43:57","modified_gmt":"2024-10-31T13:43:57","slug":"75-ogrenci-kulubunun-yer-aldigi-istinye-universitesi-kulupler-fuari-binlerce-ogrencinin-yogun-ilgisiyle-karsilasti","status":"publish","type":"post","link":"https:\/\/denizcankizil.tr\/en\/haberler\/gundem\/75-ogrenci-kulubunun-yer-aldigi-istinye-universitesi-kulupler-fuari-binlerce-ogrencinin-yogun-ilgisiyle-karsilasti\/","title":{"rendered":"75 \u00d6\u011frenci Kul\u00fcb\u00fcn\u00fcn Yer Ald\u0131\u011f\u0131 \u0130stinye \u00dcniversitesi Kul\u00fcpler Fuar\u0131, Binlerce \u00d6\u011frencinin Yo\u011fun \u0130lgisiyle Kar\u015f\u0131la\u015ft\u0131"},"content":{"rendered":"<p>75 \u00d6\u011frenci Kul\u00fcb\u00fcn\u00fcn kat\u0131l\u0131m sa\u011flad\u0131\u011f\u0131 25 Ekim 2024 Kul\u00fcpler Fuar\u0131\u2019nda, sa\u011fl\u0131k, teknoloji, k\u00fclt\u00fcr ve sanat gibi alanlar\u0131n yan\u0131 s\u0131ra, toplumsal sorumluluk alanlar\u0131nda faaliyet g\u00f6steren kul\u00fcpler de aktif \u015fekilde yer ald\u0131.<\/p>\n<p>\u200b75 \u00d6\u011frenci Kul\u00fcb\u00fcn\u00fcn kat\u0131l\u0131m sa\u011flad\u0131\u011f\u0131 25 Ekim 2024 Kul\u00fcpler Fuar\u0131\u2019nda, sa\u011fl\u0131k, teknoloji, k\u00fclt\u00fcr ve sanat gibi alanlar\u0131n yan\u0131 s\u0131ra, toplumsal sorumluluk alanlar\u0131nda faaliyet g\u00f6steren kul\u00fcpler de aktif \u015fekilde yer ald\u0131.\u00a0<\/p>\n<p>\u200bHaberin Al\u0131nt\u0131land\u0131\u011f\u0131 Kaynak: www.iskenderun.org<\/p>","protected":false},"excerpt":{"rendered":"<p>75 \u00d6\u011frenci Kul\u00fcb\u00fcn\u00fcn kat\u0131l\u0131m sa\u011flad\u0131\u011f\u0131 25 Ekim 2024 Kul\u00fcpler Fuar\u0131\u2019nda, sa\u011fl\u0131k, teknoloji, k\u00fclt\u00fcr ve sanat gibi alanlar\u0131n yan\u0131 s\u0131ra, toplumsal sorumluluk alanlar\u0131nda faaliyet g\u00f6steren kul\u00fcpler de aktif \u015fekilde yer ald\u0131. \u200b75 \u00d6\u011frenci Kul\u00fcb\u00fcn\u00fcn kat\u0131l\u0131m sa\u011flad\u0131\u011f\u0131 25 Ekim 2024 Kul\u00fcpler Fuar\u0131\u2019nda, sa\u011fl\u0131k, teknoloji, k\u00fclt\u00fcr ve sanat gibi alanlar\u0131n yan\u0131 s\u0131ra, toplumsal sorumluluk alanlar\u0131nda faaliyet g\u00f6steren kul\u00fcpler de aktif \u015fekilde yer ald\u0131.\u00a0 \u200bHaberin Al\u0131nt\u0131land\u0131\u011f\u0131 Kaynak: www.iskenderun.org<\/p>","protected":false},"author":0,"featured_media":0,"comment_status":"open","ping_status":"open","sticky":false,"template":"","format":"standard","meta":{"_acf_changed":false,"footnotes":""},"categories":[24,535],"tags":[],"class_list":["post-10731","post","type-post","status-publish","format-standard","has-post-thumbnail","hentry","category-gundem","category-uncategorized-tr"],"acf":[],"yoast_head":"<!-- This site is optimized with the Yoast SEO Premium plugin v26.6 (Yoast SEO v27.1.1) - https:\/\/yoast.com\/product\/yoast-seo-premium-wordpress\/ -->\n<title>75 \u00d6\u011frenci Kul\u00fcb\u00fcn\u00fcn Yer Ald\u0131\u011f\u0131 \u0130stinye \u00dcniversitesi Kul\u00fcpler Fuar\u0131, Binlerce \u00d6\u011frencinin Yo\u011fun \u0130lgisiyle Kar\u015f\u0131la\u015ft\u0131 - Av. Deniz Can K\u0131z\u0131l<\/title>\n<meta name=\"robots\" content=\"index, follow, max-snippet:-1, max-image-preview:large, max-video-preview:-1\" \/>\n<link rel=\"canonical\" href=\"https:\/\/denizcankizil.tr\/en\/haberler\/gundem\/75-ogrenci-kulubunun-yer-aldigi-istinye-universitesi-kulupler-fuari-binlerce-ogrencinin-yogun-ilgisiyle-karsilasti\/\" \/>\n<meta property=\"og:locale\" content=\"en_GB\" \/>\n<meta property=\"og:type\" content=\"article\" \/>\n<meta property=\"og:title\" content=\"75 \u00d6\u011frenci Kul\u00fcb\u00fcn\u00fcn Yer Ald\u0131\u011f\u0131 \u0130stinye \u00dcniversitesi Kul\u00fcpler Fuar\u0131, Binlerce \u00d6\u011frencinin Yo\u011fun \u0130lgisiyle Kar\u015f\u0131la\u015ft\u0131\" \/>\n<meta property=\"og:description\" content=\"75 \u00d6\u011frenci Kul\u00fcb\u00fcn\u00fcn kat\u0131l\u0131m sa\u011flad\u0131\u011f\u0131 25 Ekim 2024 Kul\u00fcpler Fuar\u0131\u2019nda, sa\u011fl\u0131k, teknoloji, k\u00fclt\u00fcr ve sanat gibi alanlar\u0131n yan\u0131 s\u0131ra, toplumsal sorumluluk alanlar\u0131nda faaliyet g\u00f6steren kul\u00fcpler de aktif \u015fekilde yer ald\u0131. \u200b75 \u00d6\u011frenci Kul\u00fcb\u00fcn\u00fcn kat\u0131l\u0131m sa\u011flad\u0131\u011f\u0131 25 Ekim 2024 Kul\u00fcpler Fuar\u0131\u2019nda, sa\u011fl\u0131k, teknoloji, k\u00fclt\u00fcr ve sanat gibi alanlar\u0131n yan\u0131 s\u0131ra, toplumsal sorumluluk alanlar\u0131nda faaliyet g\u00f6steren kul\u00fcpler de aktif \u015fekilde yer ald\u0131.\u00a0 \u200bHaberin Al\u0131nt\u0131land\u0131\u011f\u0131 Kaynak: www.iskenderun.org\" \/>\n<meta property=\"og:url\" content=\"https:\/\/denizcankizil.tr\/en\/haberler\/gundem\/75-ogrenci-kulubunun-yer-aldigi-istinye-universitesi-kulupler-fuari-binlerce-ogrencinin-yogun-ilgisiyle-karsilasti\/\" \/>\n<meta property=\"og:site_name\" content=\"Av. Deniz Can K\u0131z\u0131l\" \/>\n<meta property=\"article:published_time\" content=\"2024-10-31T13:43:57+00:00\" \/>\n<meta name=\"twitter:card\" content=\"summary_large_image\" \/>\n<script type=\"application\/ld+json\" class=\"yoast-schema-graph\">{\"@context\":\"https:\/\/schema.org\",\"@graph\":[{\"@type\":\"Article\",\"@id\":\"https:\/\/denizcankizil.tr\/en\/haberler\/gundem\/75-ogrenci-kulubunun-yer-aldigi-istinye-universitesi-kulupler-fuari-binlerce-ogrencinin-yogun-ilgisiyle-karsilasti\/#article\",\"isPartOf\":{\"@id\":\"https:\/\/denizcankizil.tr\/en\/haberler\/gundem\/75-ogrenci-kulubunun-yer-aldigi-istinye-universitesi-kulupler-fuari-binlerce-ogrencinin-yogun-ilgisiyle-karsilasti\/\"},\"author\":{\"name\":\"\",\"@id\":\"\"},\"headline\":\"75 \u00d6\u011frenci Kul\u00fcb\u00fcn\u00fcn Yer Ald\u0131\u011f\u0131 \u0130stinye \u00dcniversitesi Kul\u00fcpler Fuar\u0131, Binlerce \u00d6\u011frencinin Yo\u011fun \u0130lgisiyle Kar\u015f\u0131la\u015ft\u0131\",\"datePublished\":\"2024-10-31T13:43:57+00:00\",\"mainEntityOfPage\":{\"@id\":\"https:\/\/denizcankizil.tr\/en\/haberler\/gundem\/75-ogrenci-kulubunun-yer-aldigi-istinye-universitesi-kulupler-fuari-binlerce-ogrencinin-yogun-ilgisiyle-karsilasti\/\"},\"wordCount\":116,\"commentCount\":0,\"publisher\":{\"@id\":\"https:\/\/denizcankizil.tr\/#organization\"},\"articleSection\":[\"G\u00fcndem\",\"Uncategorized\"],\"inLanguage\":\"en-GB\",\"potentialAction\":[{\"@type\":\"CommentAction\",\"name\":\"Comment\",\"target\":[\"https:\/\/denizcankizil.tr\/en\/haberler\/gundem\/75-ogrenci-kulubunun-yer-aldigi-istinye-universitesi-kulupler-fuari-binlerce-ogrencinin-yogun-ilgisiyle-karsilasti\/#respond\"]}]},{\"@type\":\"WebPage\",\"@id\":\"https:\/\/denizcankizil.tr\/en\/haberler\/gundem\/75-ogrenci-kulubunun-yer-aldigi-istinye-universitesi-kulupler-fuari-binlerce-ogrencinin-yogun-ilgisiyle-karsilasti\/\",\"url\":\"https:\/\/denizcankizil.tr\/en\/haberler\/gundem\/75-ogrenci-kulubunun-yer-aldigi-istinye-universitesi-kulupler-fuari-binlerce-ogrencinin-yogun-ilgisiyle-karsilasti\/\",\"name\":\"75 \u00d6\u011frenci Kul\u00fcb\u00fcn\u00fcn Yer Ald\u0131\u011f\u0131 \u0130stinye \u00dcniversitesi Kul\u00fcpler Fuar\u0131, Binlerce \u00d6\u011frencinin Yo\u011fun \u0130lgisiyle Kar\u015f\u0131la\u015ft\u0131 - Av. Deniz Can K\u0131z\u0131l\",\"isPartOf\":{\"@id\":\"https:\/\/denizcankizil.tr\/#website\"},\"datePublished\":\"2024-10-31T13:43:57+00:00\",\"breadcrumb\":{\"@id\":\"https:\/\/denizcankizil.tr\/en\/haberler\/gundem\/75-ogrenci-kulubunun-yer-aldigi-istinye-universitesi-kulupler-fuari-binlerce-ogrencinin-yogun-ilgisiyle-karsilasti\/#breadcrumb\"},\"inLanguage\":\"en-GB\",\"potentialAction\":[{\"@type\":\"ReadAction\",\"target\":[\"https:\/\/denizcankizil.tr\/en\/haberler\/gundem\/75-ogrenci-kulubunun-yer-aldigi-istinye-universitesi-kulupler-fuari-binlerce-ogrencinin-yogun-ilgisiyle-karsilasti\/\"]}]},{\"@type\":\"BreadcrumbList\",\"@id\":\"https:\/\/denizcankizil.tr\/en\/haberler\/gundem\/75-ogrenci-kulubunun-yer-aldigi-istinye-universitesi-kulupler-fuari-binlerce-ogrencinin-yogun-ilgisiyle-karsilasti\/#breadcrumb\",\"itemListElement\":[{\"@type\":\"ListItem\",\"position\":1,\"name\":\"Home\",\"item\":\"https:\/\/denizcankizil.tr\/de\/\"},{\"@type\":\"ListItem\",\"position\":2,\"name\":\"75 \u00d6\u011frenci Kul\u00fcb\u00fcn\u00fcn Yer Ald\u0131\u011f\u0131 \u0130stinye \u00dcniversitesi Kul\u00fcpler Fuar\u0131, Binlerce \u00d6\u011frencinin Yo\u011fun \u0130lgisiyle Kar\u015f\u0131la\u015ft\u0131\"}]},{\"@type\":\"WebSite\",\"@id\":\"https:\/\/denizcankizil.tr\/#website\",\"url\":\"https:\/\/denizcankizil.tr\/\",\"name\":\"Av. Deniz Can K\u0131z\u0131l\",\"description\":\"Avukat Deniz Can K\u0131z\u0131l Antalya Barosu\",\"publisher\":{\"@id\":\"https:\/\/denizcankizil.tr\/#organization\"},\"potentialAction\":[{\"@type\":\"SearchAction\",\"target\":{\"@type\":\"EntryPoint\",\"urlTemplate\":\"https:\/\/denizcankizil.tr\/?s={search_term_string}\"},\"query-input\":{\"@type\":\"PropertyValueSpecification\",\"valueRequired\":true,\"valueName\":\"search_term_string\"}}],\"inLanguage\":\"en-GB\"},{\"@type\":\"Organization\",\"@id\":\"https:\/\/denizcankizil.tr\/#organization\",\"name\":\"Av. Deniz Can K\u0131z\u0131l\",\"url\":\"https:\/\/denizcankizil.tr\/\",\"logo\":{\"@type\":\"ImageObject\",\"inLanguage\":\"en-GB\",\"@id\":\"https:\/\/denizcankizil.tr\/#\/schema\/logo\/image\/\",\"url\":\"https:\/\/denizcankizil.tr\/wp-content\/uploads\/2024\/10\/siyah-logo-svg.svg\",\"contentUrl\":\"https:\/\/denizcankizil.tr\/wp-content\/uploads\/2024\/10\/siyah-logo-svg.svg\",\"width\":1080,\"height\":1080,\"caption\":\"Av. Deniz Can K\u0131z\u0131l\"},\"image\":{\"@id\":\"https:\/\/denizcankizil.tr\/#\/schema\/logo\/image\/\"}}]}<\/script>\n<!-- \/ Yoast SEO Premium plugin. -->","yoast_head_json":{"title":"75 \u00d6\u011frenci Kul\u00fcb\u00fcn\u00fcn Yer Ald\u0131\u011f\u0131 \u0130stinye \u00dcniversitesi Kul\u00fcpler Fuar\u0131, Binlerce \u00d6\u011frencinin Yo\u011fun \u0130lgisiyle Kar\u015f\u0131la\u015ft\u0131 - Av. Deniz Can K\u0131z\u0131l","robots":{"index":"index","follow":"follow","max-snippet":"max-snippet:-1","max-image-preview":"max-image-preview:large","max-video-preview":"max-video-preview:-1"},"canonical":"https:\/\/denizcankizil.tr\/en\/haberler\/gundem\/75-ogrenci-kulubunun-yer-aldigi-istinye-universitesi-kulupler-fuari-binlerce-ogrencinin-yogun-ilgisiyle-karsilasti\/","og_locale":"en_GB","og_type":"article","og_title":"75 \u00d6\u011frenci Kul\u00fcb\u00fcn\u00fcn Yer Ald\u0131\u011f\u0131 \u0130stinye \u00dcniversitesi Kul\u00fcpler Fuar\u0131, Binlerce \u00d6\u011frencinin Yo\u011fun \u0130lgisiyle Kar\u015f\u0131la\u015ft\u0131","og_description":"75 \u00d6\u011frenci Kul\u00fcb\u00fcn\u00fcn kat\u0131l\u0131m sa\u011flad\u0131\u011f\u0131 25 Ekim 2024 Kul\u00fcpler Fuar\u0131\u2019nda, sa\u011fl\u0131k, teknoloji, k\u00fclt\u00fcr ve sanat gibi alanlar\u0131n yan\u0131 s\u0131ra, toplumsal sorumluluk alanlar\u0131nda faaliyet g\u00f6steren kul\u00fcpler de aktif \u015fekilde yer ald\u0131. \u200b75 \u00d6\u011frenci Kul\u00fcb\u00fcn\u00fcn kat\u0131l\u0131m sa\u011flad\u0131\u011f\u0131 25 Ekim 2024 Kul\u00fcpler Fuar\u0131\u2019nda, sa\u011fl\u0131k, teknoloji, k\u00fclt\u00fcr ve sanat gibi alanlar\u0131n yan\u0131 s\u0131ra, toplumsal sorumluluk alanlar\u0131nda faaliyet g\u00f6steren kul\u00fcpler de aktif \u015fekilde yer ald\u0131.\u00a0 \u200bHaberin Al\u0131nt\u0131land\u0131\u011f\u0131 Kaynak: www.iskenderun.org","og_url":"https:\/\/denizcankizil.tr\/en\/haberler\/gundem\/75-ogrenci-kulubunun-yer-aldigi-istinye-universitesi-kulupler-fuari-binlerce-ogrencinin-yogun-ilgisiyle-karsilasti\/","og_site_name":"Av. Deniz Can K\u0131z\u0131l","article_published_time":"2024-10-31T13:43:57+00:00","twitter_card":"summary_large_image","schema":{"@context":"https:\/\/schema.org","@graph":[{"@type":"Article","@id":"https:\/\/denizcankizil.tr\/en\/haberler\/gundem\/75-ogrenci-kulubunun-yer-aldigi-istinye-universitesi-kulupler-fuari-binlerce-ogrencinin-yogun-ilgisiyle-karsilasti\/#article","isPartOf":{"@id":"https:\/\/denizcankizil.tr\/en\/haberler\/gundem\/75-ogrenci-kulubunun-yer-aldigi-istinye-universitesi-kulupler-fuari-binlerce-ogrencinin-yogun-ilgisiyle-karsilasti\/"},"author":{"name":"","@id":""},"headline":"75 \u00d6\u011frenci Kul\u00fcb\u00fcn\u00fcn Yer Ald\u0131\u011f\u0131 \u0130stinye \u00dcniversitesi Kul\u00fcpler Fuar\u0131, Binlerce \u00d6\u011frencinin Yo\u011fun \u0130lgisiyle Kar\u015f\u0131la\u015ft\u0131","datePublished":"2024-10-31T13:43:57+00:00","mainEntityOfPage":{"@id":"https:\/\/denizcankizil.tr\/en\/haberler\/gundem\/75-ogrenci-kulubunun-yer-aldigi-istinye-universitesi-kulupler-fuari-binlerce-ogrencinin-yogun-ilgisiyle-karsilasti\/"},"wordCount":116,"commentCount":0,"publisher":{"@id":"https:\/\/denizcankizil.tr\/#organization"},"articleSection":["G\u00fcndem","Uncategorized"],"inLanguage":"en-GB","potentialAction":[{"@type":"CommentAction","name":"Comment","target":["https:\/\/denizcankizil.tr\/en\/haberler\/gundem\/75-ogrenci-kulubunun-yer-aldigi-istinye-universitesi-kulupler-fuari-binlerce-ogrencinin-yogun-ilgisiyle-karsilasti\/#respond"]}]},{"@type":"WebPage","@id":"https:\/\/denizcankizil.tr\/en\/haberler\/gundem\/75-ogrenci-kulubunun-yer-aldigi-istinye-universitesi-kulupler-fuari-binlerce-ogrencinin-yogun-ilgisiyle-karsilasti\/","url":"https:\/\/denizcankizil.tr\/en\/haberler\/gundem\/75-ogrenci-kulubunun-yer-aldigi-istinye-universitesi-kulupler-fuari-binlerce-ogrencinin-yogun-ilgisiyle-karsilasti\/","name":"75 \u00d6\u011frenci Kul\u00fcb\u00fcn\u00fcn Yer Ald\u0131\u011f\u0131 \u0130stinye \u00dcniversitesi Kul\u00fcpler Fuar\u0131, Binlerce \u00d6\u011frencinin Yo\u011fun \u0130lgisiyle Kar\u015f\u0131la\u015ft\u0131 - Av. Deniz Can K\u0131z\u0131l","isPartOf":{"@id":"https:\/\/denizcankizil.tr\/#website"},"datePublished":"2024-10-31T13:43:57+00:00","breadcrumb":{"@id":"https:\/\/denizcankizil.tr\/en\/haberler\/gundem\/75-ogrenci-kulubunun-yer-aldigi-istinye-universitesi-kulupler-fuari-binlerce-ogrencinin-yogun-ilgisiyle-karsilasti\/#breadcrumb"},"inLanguage":"en-GB","potentialAction":[{"@type":"ReadAction","target":["https:\/\/denizcankizil.tr\/en\/haberler\/gundem\/75-ogrenci-kulubunun-yer-aldigi-istinye-universitesi-kulupler-fuari-binlerce-ogrencinin-yogun-ilgisiyle-karsilasti\/"]}]},{"@type":"BreadcrumbList","@id":"https:\/\/denizcankizil.tr\/en\/haberler\/gundem\/75-ogrenci-kulubunun-yer-aldigi-istinye-universitesi-kulupler-fuari-binlerce-ogrencinin-yogun-ilgisiyle-karsilasti\/#breadcrumb","itemListElement":[{"@type":"ListItem","position":1,"name":"Home","item":"https:\/\/denizcankizil.tr\/de\/"},{"@type":"ListItem","position":2,"name":"75 \u00d6\u011frenci Kul\u00fcb\u00fcn\u00fcn Yer Ald\u0131\u011f\u0131 \u0130stinye \u00dcniversitesi Kul\u00fcpler Fuar\u0131, Binlerce \u00d6\u011frencinin Yo\u011fun \u0130lgisiyle Kar\u015f\u0131la\u015ft\u0131"}]},{"@type":"WebSite","@id":"https:\/\/denizcankizil.tr\/#website","url":"https:\/\/denizcankizil.tr\/","name":"Av. Deniz Can K\u0131z\u0131l","description":"Avukat Deniz Can K\u0131z\u0131l Antalya Barosu","publisher":{"@id":"https:\/\/denizcankizil.tr\/#organization"},"potentialAction":[{"@type":"SearchAction","target":{"@type":"EntryPoint","urlTemplate":"https:\/\/denizcankizil.tr\/?s={search_term_string}"},"query-input":{"@type":"PropertyValueSpecification","valueRequired":true,"valueName":"search_term_string"}}],"inLanguage":"en-GB"},{"@type":"Organization","@id":"https:\/\/denizcankizil.tr\/#organization","name":"Av. Deniz Can K\u0131z\u0131l","url":"https:\/\/denizcankizil.tr\/","logo":{"@type":"ImageObject","inLanguage":"en-GB","@id":"https:\/\/denizcankizil.tr\/#\/schema\/logo\/image\/","url":"https:\/\/denizcankizil.tr\/wp-content\/uploads\/2024\/10\/siyah-logo-svg.svg","contentUrl":"https:\/\/denizcankizil.tr\/wp-content\/uploads\/2024\/10\/siyah-logo-svg.svg","width":1080,"height":1080,"caption":"Av. Deniz Can K\u0131z\u0131l"},"image":{"@id":"https:\/\/denizcankizil.tr\/#\/schema\/logo\/image\/"}}]}},"_links":{"self":[{"href":"https:\/\/denizcankizil.tr\/en\/wp-json\/wp\/v2\/posts\/10731","targetHints":{"allow":["GET"]}}],"collection":[{"href":"https:\/\/denizcankizil.tr\/en\/wp-json\/wp\/v2\/posts"}],"about":[{"href":"https:\/\/denizcankizil.tr\/en\/wp-json\/wp\/v2\/types\/post"}],"replies":[{"embeddable":true,"href":"https:\/\/denizcankizil.tr\/en\/wp-json\/wp\/v2\/comments?post=10731"}],"version-history":[{"count":0,"href":"https:\/\/denizcankizil.tr\/en\/wp-json\/wp\/v2\/posts\/10731\/revisions"}],"wp:attachment":[{"href":"https:\/\/denizcankizil.tr\/en\/wp-json\/wp\/v2\/media?parent=10731"}],"wp:term":[{"taxonomy":"category","embeddable":true,"href":"https:\/\/denizcankizil.tr\/en\/wp-json\/wp\/v2\/categories?post=10731"},{"taxonomy":"post_tag","embeddable":true,"href":"https:\/\/denizcankizil.tr\/en\/wp-json\/wp\/v2\/tags?post=10731"}],"curies":[{"name":"wp","href":"https:\/\/api.w.org\/{rel}","templated":true}]}}