{"id":10709,"date":"2024-10-31T15:41:20","date_gmt":"2024-10-31T12:41:20","guid":{"rendered":"https:\/\/denizcankizil.tr\/uncategorized-tr\/keciorende-yerel-belediyeden-ogrencilere-servis-destegi\/"},"modified":"2024-10-31T15:41:20","modified_gmt":"2024-10-31T12:41:20","slug":"keciorende-yerel-belediyeden-ogrencilere-servis-destegi","status":"publish","type":"post","link":"https:\/\/denizcankizil.tr\/en\/haberler\/gundem\/keciorende-yerel-belediyeden-ogrencilere-servis-destegi\/","title":{"rendered":"Ke\u00e7i\u00f6ren&#8217;de yerel belediyeden \u00f6\u011frencilere servis deste\u011fi"},"content":{"rendered":"<p>Ke\u00e7i\u00f6ren Belediyesi il\u00e7edeki ilkokul, ortaokul ve liselere gezi ve \u00e7e\u015fitli etkinliklere gidebilmeleri i\u00e7in talep edilen servis hizmetini vermeye devam ediyor.ANKARA (\u0130GFA) &#8211; Ke\u00e7i\u00f6ren\u2019deki okullarda \u00f6\u011frencilerin sosyalle\u015fmesi ve yerinde \u00f6\u011frenmeleri i\u00e7in d\u00fczenlenen k\u00fclt\u00fcrel gezilerde ula\u015f\u0131m problemi ya\u015fanmamas\u0131 i\u00e7in harekete ge\u00e7en Ke\u00e7i\u00f6ren Belediyesi, okul idarecilerinden gelen talepler do\u011frultusunda \u00f6\u011frenci say\u0131s\u0131na g\u00f6re servis deste\u011fi sunuyor.<br \/>\n\u00a0\u00d6\u011frenciler gezinin d\u00fczenlenece\u011fi noktalara g\u00fcvenli bir \u015fekilde g\u00f6t\u00fcr\u00fcl\u00fcyor ve gezinin tamamlanmas\u0131yla birlikte tekrar okullar\u0131na b\u0131rak\u0131l\u0131yor.<br \/>\nServis hizmetinden memnun olduklar\u0131n\u0131 s\u00f6yleyen \u00f6\u011fretmen ve veliler Ke\u00e7i\u00f6ren Belediye Ba\u015fkan\u0131 Dr. Mesut \u00d6zarslan\u2019a te\u015fekk\u00fcr etti.<\/p>\n<p>\u200bKe\u00e7i\u00f6ren Belediyesi il\u00e7edeki ilkokul, ortaokul ve liselere gezi ve \u00e7e\u015fitli etkinliklere gidebilmeleri i\u00e7in talep edilen servis hizmetini vermeye devam ediyor\u00a0<\/p>\n<p>\u200bHaberin Al\u0131nt\u0131land\u0131\u011f\u0131 Kaynak: www.iskenderun.org<\/p>","protected":false},"excerpt":{"rendered":"<p>Ke\u00e7i\u00f6ren Belediyesi il\u00e7edeki ilkokul, ortaokul ve liselere gezi ve \u00e7e\u015fitli etkinliklere gidebilmeleri i\u00e7in talep edilen servis hizmetini vermeye devam ediyor.ANKARA (\u0130GFA) &#8211; Ke\u00e7i\u00f6ren\u2019deki okullarda \u00f6\u011frencilerin sosyalle\u015fmesi ve yerinde \u00f6\u011frenmeleri i\u00e7in d\u00fczenlenen k\u00fclt\u00fcrel gezilerde ula\u015f\u0131m problemi ya\u015fanmamas\u0131 i\u00e7in harekete ge\u00e7en Ke\u00e7i\u00f6ren Belediyesi, okul idarecilerinden gelen talepler do\u011frultusunda \u00f6\u011frenci say\u0131s\u0131na g\u00f6re servis deste\u011fi sunuyor. \u00a0\u00d6\u011frenciler gezinin d\u00fczenlenece\u011fi noktalara g\u00fcvenli bir \u015fekilde g\u00f6t\u00fcr\u00fcl\u00fcyor ve gezinin tamamlanmas\u0131yla birlikte tekrar okullar\u0131na b\u0131rak\u0131l\u0131yor. Servis hizmetinden memnun olduklar\u0131n\u0131 s\u00f6yleyen \u00f6\u011fretmen ve veliler Ke\u00e7i\u00f6ren Belediye Ba\u015fkan\u0131 Dr. Mesut \u00d6zarslan\u2019a te\u015fekk\u00fcr etti. \u200bKe\u00e7i\u00f6ren Belediyesi il\u00e7edeki ilkokul, ortaokul ve liselere gezi ve \u00e7e\u015fitli etkinliklere gidebilmeleri i\u00e7in talep edilen servis hizmetini vermeye devam ediyor\u00a0 \u200bHaberin Al\u0131nt\u0131land\u0131\u011f\u0131 Kaynak: www.iskenderun.org<\/p>","protected":false},"author":0,"featured_media":0,"comment_status":"open","ping_status":"open","sticky":false,"template":"","format":"standard","meta":{"_acf_changed":false,"footnotes":""},"categories":[24,535],"tags":[],"class_list":["post-10709","post","type-post","status-publish","format-standard","has-post-thumbnail","hentry","category-gundem","category-uncategorized-tr"],"acf":[],"yoast_head":"<!-- This site is optimized with the Yoast SEO Premium plugin v26.6 (Yoast SEO v27.1.1) - https:\/\/yoast.com\/product\/yoast-seo-premium-wordpress\/ -->\n<title>Ke\u00e7i\u00f6ren&#039;de yerel belediyeden \u00f6\u011frencilere servis deste\u011fi - Av. Deniz Can K\u0131z\u0131l<\/title>\n<meta name=\"robots\" content=\"index, follow, max-snippet:-1, max-image-preview:large, max-video-preview:-1\" \/>\n<link rel=\"canonical\" href=\"https:\/\/denizcankizil.tr\/en\/haberler\/gundem\/keciorende-yerel-belediyeden-ogrencilere-servis-destegi\/\" \/>\n<meta property=\"og:locale\" content=\"en_GB\" \/>\n<meta property=\"og:type\" content=\"article\" \/>\n<meta property=\"og:title\" content=\"Ke\u00e7i\u00f6ren&#039;de yerel belediyeden \u00f6\u011frencilere servis deste\u011fi\" \/>\n<meta property=\"og:description\" content=\"Ke\u00e7i\u00f6ren Belediyesi il\u00e7edeki ilkokul, ortaokul ve liselere gezi ve \u00e7e\u015fitli etkinliklere gidebilmeleri i\u00e7in talep edilen servis hizmetini vermeye devam ediyor.ANKARA (\u0130GFA) &#8211; Ke\u00e7i\u00f6ren\u2019deki okullarda \u00f6\u011frencilerin sosyalle\u015fmesi ve yerinde \u00f6\u011frenmeleri i\u00e7in d\u00fczenlenen k\u00fclt\u00fcrel gezilerde ula\u015f\u0131m problemi ya\u015fanmamas\u0131 i\u00e7in harekete ge\u00e7en Ke\u00e7i\u00f6ren Belediyesi, okul idarecilerinden gelen talepler do\u011frultusunda \u00f6\u011frenci say\u0131s\u0131na g\u00f6re servis deste\u011fi sunuyor. \u00a0\u00d6\u011frenciler gezinin d\u00fczenlenece\u011fi noktalara g\u00fcvenli bir \u015fekilde g\u00f6t\u00fcr\u00fcl\u00fcyor ve gezinin tamamlanmas\u0131yla birlikte tekrar okullar\u0131na b\u0131rak\u0131l\u0131yor. Servis hizmetinden memnun olduklar\u0131n\u0131 s\u00f6yleyen \u00f6\u011fretmen ve veliler Ke\u00e7i\u00f6ren Belediye Ba\u015fkan\u0131 Dr. Mesut \u00d6zarslan\u2019a te\u015fekk\u00fcr etti. \u200bKe\u00e7i\u00f6ren Belediyesi il\u00e7edeki ilkokul, ortaokul ve liselere gezi ve \u00e7e\u015fitli etkinliklere gidebilmeleri i\u00e7in talep edilen servis hizmetini vermeye devam ediyor\u00a0 \u200bHaberin Al\u0131nt\u0131land\u0131\u011f\u0131 Kaynak: www.iskenderun.org\" \/>\n<meta property=\"og:url\" content=\"https:\/\/denizcankizil.tr\/en\/haberler\/gundem\/keciorende-yerel-belediyeden-ogrencilere-servis-destegi\/\" \/>\n<meta property=\"og:site_name\" content=\"Av. Deniz Can K\u0131z\u0131l\" \/>\n<meta property=\"article:published_time\" content=\"2024-10-31T12:41:20+00:00\" \/>\n<meta name=\"twitter:card\" content=\"summary_large_image\" \/>\n<meta name=\"twitter:label1\" content=\"Estimated reading time\" \/>\n\t<meta name=\"twitter:data1\" content=\"1 minute\" \/>\n<script type=\"application\/ld+json\" class=\"yoast-schema-graph\">{\"@context\":\"https:\/\/schema.org\",\"@graph\":[{\"@type\":\"Article\",\"@id\":\"https:\/\/denizcankizil.tr\/ru\/haberler\/gundem\/keciorende-yerel-belediyeden-ogrencilere-servis-destegi\/#article\",\"isPartOf\":{\"@id\":\"https:\/\/denizcankizil.tr\/ru\/haberler\/gundem\/keciorende-yerel-belediyeden-ogrencilere-servis-destegi\/\"},\"author\":{\"name\":\"\",\"@id\":\"\"},\"headline\":\"Ke\u00e7i\u00f6ren&#8217;de yerel belediyeden \u00f6\u011frencilere servis deste\u011fi\",\"datePublished\":\"2024-10-31T12:41:20+00:00\",\"mainEntityOfPage\":{\"@id\":\"https:\/\/denizcankizil.tr\/ru\/haberler\/gundem\/keciorende-yerel-belediyeden-ogrencilere-servis-destegi\/\"},\"wordCount\":171,\"commentCount\":0,\"publisher\":{\"@id\":\"https:\/\/denizcankizil.tr\/de\/#organization\"},\"articleSection\":[\"G\u00fcndem\",\"Uncategorized\"],\"inLanguage\":\"en-GB\",\"potentialAction\":[{\"@type\":\"CommentAction\",\"name\":\"Comment\",\"target\":[\"https:\/\/denizcankizil.tr\/ru\/haberler\/gundem\/keciorende-yerel-belediyeden-ogrencilere-servis-destegi\/#respond\"]}]},{\"@type\":\"WebPage\",\"@id\":\"https:\/\/denizcankizil.tr\/ru\/haberler\/gundem\/keciorende-yerel-belediyeden-ogrencilere-servis-destegi\/\",\"url\":\"https:\/\/denizcankizil.tr\/ru\/haberler\/gundem\/keciorende-yerel-belediyeden-ogrencilere-servis-destegi\/\",\"name\":\"Ke\u00e7i\u00f6ren'de yerel belediyeden \u00f6\u011frencilere servis deste\u011fi - Av. Deniz Can K\u0131z\u0131l\",\"isPartOf\":{\"@id\":\"https:\/\/denizcankizil.tr\/de\/#website\"},\"datePublished\":\"2024-10-31T12:41:20+00:00\",\"breadcrumb\":{\"@id\":\"https:\/\/denizcankizil.tr\/ru\/haberler\/gundem\/keciorende-yerel-belediyeden-ogrencilere-servis-destegi\/#breadcrumb\"},\"inLanguage\":\"en-GB\",\"potentialAction\":[{\"@type\":\"ReadAction\",\"target\":[\"https:\/\/denizcankizil.tr\/ru\/haberler\/gundem\/keciorende-yerel-belediyeden-ogrencilere-servis-destegi\/\"]}]},{\"@type\":\"BreadcrumbList\",\"@id\":\"https:\/\/denizcankizil.tr\/ru\/haberler\/gundem\/keciorende-yerel-belediyeden-ogrencilere-servis-destegi\/#breadcrumb\",\"itemListElement\":[{\"@type\":\"ListItem\",\"position\":1,\"name\":\"Home\",\"item\":\"https:\/\/denizcankizil.tr\/de\/\"},{\"@type\":\"ListItem\",\"position\":2,\"name\":\"Ke\u00e7i\u00f6ren&#8217;de yerel belediyeden \u00f6\u011frencilere servis deste\u011fi\"}]},{\"@type\":\"WebSite\",\"@id\":\"https:\/\/denizcankizil.tr\/de\/#website\",\"url\":\"https:\/\/denizcankizil.tr\/de\/\",\"name\":\"Av. Deniz Can K\u0131z\u0131l\",\"description\":\"Avukat Deniz Can K\u0131z\u0131l Antalya Barosu\",\"publisher\":{\"@id\":\"https:\/\/denizcankizil.tr\/de\/#organization\"},\"potentialAction\":[{\"@type\":\"SearchAction\",\"target\":{\"@type\":\"EntryPoint\",\"urlTemplate\":\"https:\/\/denizcankizil.tr\/de\/?s={search_term_string}\"},\"query-input\":{\"@type\":\"PropertyValueSpecification\",\"valueRequired\":true,\"valueName\":\"search_term_string\"}}],\"inLanguage\":\"en-GB\"},{\"@type\":\"Organization\",\"@id\":\"https:\/\/denizcankizil.tr\/de\/#organization\",\"name\":\"Av. Deniz Can K\u0131z\u0131l\",\"url\":\"https:\/\/denizcankizil.tr\/de\/\",\"logo\":{\"@type\":\"ImageObject\",\"inLanguage\":\"en-GB\",\"@id\":\"https:\/\/denizcankizil.tr\/de\/#\/schema\/logo\/image\/\",\"url\":\"https:\/\/denizcankizil.tr\/wp-content\/uploads\/2024\/10\/siyah-logo-svg.svg\",\"contentUrl\":\"https:\/\/denizcankizil.tr\/wp-content\/uploads\/2024\/10\/siyah-logo-svg.svg\",\"width\":1080,\"height\":1080,\"caption\":\"Av. Deniz Can K\u0131z\u0131l\"},\"image\":{\"@id\":\"https:\/\/denizcankizil.tr\/de\/#\/schema\/logo\/image\/\"}}]}<\/script>\n<!-- \/ Yoast SEO Premium plugin. -->","yoast_head_json":{"title":"Ke\u00e7i\u00f6ren'de yerel belediyeden \u00f6\u011frencilere servis deste\u011fi - Av. Deniz Can K\u0131z\u0131l","robots":{"index":"index","follow":"follow","max-snippet":"max-snippet:-1","max-image-preview":"max-image-preview:large","max-video-preview":"max-video-preview:-1"},"canonical":"https:\/\/denizcankizil.tr\/en\/haberler\/gundem\/keciorende-yerel-belediyeden-ogrencilere-servis-destegi\/","og_locale":"en_GB","og_type":"article","og_title":"Ke\u00e7i\u00f6ren'de yerel belediyeden \u00f6\u011frencilere servis deste\u011fi","og_description":"Ke\u00e7i\u00f6ren Belediyesi il\u00e7edeki ilkokul, ortaokul ve liselere gezi ve \u00e7e\u015fitli etkinliklere gidebilmeleri i\u00e7in talep edilen servis hizmetini vermeye devam ediyor.ANKARA (\u0130GFA) &#8211; Ke\u00e7i\u00f6ren\u2019deki okullarda \u00f6\u011frencilerin sosyalle\u015fmesi ve yerinde \u00f6\u011frenmeleri i\u00e7in d\u00fczenlenen k\u00fclt\u00fcrel gezilerde ula\u015f\u0131m problemi ya\u015fanmamas\u0131 i\u00e7in harekete ge\u00e7en Ke\u00e7i\u00f6ren Belediyesi, okul idarecilerinden gelen talepler do\u011frultusunda \u00f6\u011frenci say\u0131s\u0131na g\u00f6re servis deste\u011fi sunuyor. \u00a0\u00d6\u011frenciler gezinin d\u00fczenlenece\u011fi noktalara g\u00fcvenli bir \u015fekilde g\u00f6t\u00fcr\u00fcl\u00fcyor ve gezinin tamamlanmas\u0131yla birlikte tekrar okullar\u0131na b\u0131rak\u0131l\u0131yor. Servis hizmetinden memnun olduklar\u0131n\u0131 s\u00f6yleyen \u00f6\u011fretmen ve veliler Ke\u00e7i\u00f6ren Belediye Ba\u015fkan\u0131 Dr. Mesut \u00d6zarslan\u2019a te\u015fekk\u00fcr etti. \u200bKe\u00e7i\u00f6ren Belediyesi il\u00e7edeki ilkokul, ortaokul ve liselere gezi ve \u00e7e\u015fitli etkinliklere gidebilmeleri i\u00e7in talep edilen servis hizmetini vermeye devam ediyor\u00a0 \u200bHaberin Al\u0131nt\u0131land\u0131\u011f\u0131 Kaynak: www.iskenderun.org","og_url":"https:\/\/denizcankizil.tr\/en\/haberler\/gundem\/keciorende-yerel-belediyeden-ogrencilere-servis-destegi\/","og_site_name":"Av. Deniz Can K\u0131z\u0131l","article_published_time":"2024-10-31T12:41:20+00:00","twitter_card":"summary_large_image","twitter_misc":{"Estimated reading time":"1 minute"},"schema":{"@context":"https:\/\/schema.org","@graph":[{"@type":"Article","@id":"https:\/\/denizcankizil.tr\/ru\/haberler\/gundem\/keciorende-yerel-belediyeden-ogrencilere-servis-destegi\/#article","isPartOf":{"@id":"https:\/\/denizcankizil.tr\/ru\/haberler\/gundem\/keciorende-yerel-belediyeden-ogrencilere-servis-destegi\/"},"author":{"name":"","@id":""},"headline":"Ke\u00e7i\u00f6ren&#8217;de yerel belediyeden \u00f6\u011frencilere servis deste\u011fi","datePublished":"2024-10-31T12:41:20+00:00","mainEntityOfPage":{"@id":"https:\/\/denizcankizil.tr\/ru\/haberler\/gundem\/keciorende-yerel-belediyeden-ogrencilere-servis-destegi\/"},"wordCount":171,"commentCount":0,"publisher":{"@id":"https:\/\/denizcankizil.tr\/de\/#organization"},"articleSection":["G\u00fcndem","Uncategorized"],"inLanguage":"en-GB","potentialAction":[{"@type":"CommentAction","name":"Comment","target":["https:\/\/denizcankizil.tr\/ru\/haberler\/gundem\/keciorende-yerel-belediyeden-ogrencilere-servis-destegi\/#respond"]}]},{"@type":"WebPage","@id":"https:\/\/denizcankizil.tr\/ru\/haberler\/gundem\/keciorende-yerel-belediyeden-ogrencilere-servis-destegi\/","url":"https:\/\/denizcankizil.tr\/ru\/haberler\/gundem\/keciorende-yerel-belediyeden-ogrencilere-servis-destegi\/","name":"Ke\u00e7i\u00f6ren'de yerel belediyeden \u00f6\u011frencilere servis deste\u011fi - Av. Deniz Can K\u0131z\u0131l","isPartOf":{"@id":"https:\/\/denizcankizil.tr\/de\/#website"},"datePublished":"2024-10-31T12:41:20+00:00","breadcrumb":{"@id":"https:\/\/denizcankizil.tr\/ru\/haberler\/gundem\/keciorende-yerel-belediyeden-ogrencilere-servis-destegi\/#breadcrumb"},"inLanguage":"en-GB","potentialAction":[{"@type":"ReadAction","target":["https:\/\/denizcankizil.tr\/ru\/haberler\/gundem\/keciorende-yerel-belediyeden-ogrencilere-servis-destegi\/"]}]},{"@type":"BreadcrumbList","@id":"https:\/\/denizcankizil.tr\/ru\/haberler\/gundem\/keciorende-yerel-belediyeden-ogrencilere-servis-destegi\/#breadcrumb","itemListElement":[{"@type":"ListItem","position":1,"name":"Home","item":"https:\/\/denizcankizil.tr\/de\/"},{"@type":"ListItem","position":2,"name":"Ke\u00e7i\u00f6ren&#8217;de yerel belediyeden \u00f6\u011frencilere servis deste\u011fi"}]},{"@type":"WebSite","@id":"https:\/\/denizcankizil.tr\/de\/#website","url":"https:\/\/denizcankizil.tr\/de\/","name":"Av. Deniz Can K\u0131z\u0131l","description":"Avukat Deniz Can K\u0131z\u0131l Antalya Barosu","publisher":{"@id":"https:\/\/denizcankizil.tr\/de\/#organization"},"potentialAction":[{"@type":"SearchAction","target":{"@type":"EntryPoint","urlTemplate":"https:\/\/denizcankizil.tr\/de\/?s={search_term_string}"},"query-input":{"@type":"PropertyValueSpecification","valueRequired":true,"valueName":"search_term_string"}}],"inLanguage":"en-GB"},{"@type":"Organization","@id":"https:\/\/denizcankizil.tr\/de\/#organization","name":"Av. Deniz Can K\u0131z\u0131l","url":"https:\/\/denizcankizil.tr\/de\/","logo":{"@type":"ImageObject","inLanguage":"en-GB","@id":"https:\/\/denizcankizil.tr\/de\/#\/schema\/logo\/image\/","url":"https:\/\/denizcankizil.tr\/wp-content\/uploads\/2024\/10\/siyah-logo-svg.svg","contentUrl":"https:\/\/denizcankizil.tr\/wp-content\/uploads\/2024\/10\/siyah-logo-svg.svg","width":1080,"height":1080,"caption":"Av. Deniz Can K\u0131z\u0131l"},"image":{"@id":"https:\/\/denizcankizil.tr\/de\/#\/schema\/logo\/image\/"}}]}},"_links":{"self":[{"href":"https:\/\/denizcankizil.tr\/en\/wp-json\/wp\/v2\/posts\/10709","targetHints":{"allow":["GET"]}}],"collection":[{"href":"https:\/\/denizcankizil.tr\/en\/wp-json\/wp\/v2\/posts"}],"about":[{"href":"https:\/\/denizcankizil.tr\/en\/wp-json\/wp\/v2\/types\/post"}],"replies":[{"embeddable":true,"href":"https:\/\/denizcankizil.tr\/en\/wp-json\/wp\/v2\/comments?post=10709"}],"version-history":[{"count":0,"href":"https:\/\/denizcankizil.tr\/en\/wp-json\/wp\/v2\/posts\/10709\/revisions"}],"wp:attachment":[{"href":"https:\/\/denizcankizil.tr\/en\/wp-json\/wp\/v2\/media?parent=10709"}],"wp:term":[{"taxonomy":"category","embeddable":true,"href":"https:\/\/denizcankizil.tr\/en\/wp-json\/wp\/v2\/categories?post=10709"},{"taxonomy":"post_tag","embeddable":true,"href":"https:\/\/denizcankizil.tr\/en\/wp-json\/wp\/v2\/tags?post=10709"}],"curies":[{"name":"wp","href":"https:\/\/api.w.org\/{rel}","templated":true}]}}