{"id":10672,"date":"2024-10-31T14:40:31","date_gmt":"2024-10-31T11:40:31","guid":{"rendered":"https:\/\/denizcankizil.tr\/uncategorized-tr\/aym-2019-30-esas-2023-227-karari-temel-degerlendirmeler\/"},"modified":"2024-10-31T14:40:31","modified_gmt":"2024-10-31T11:40:31","slug":"aym-2019-30-esas-2023-227-karari-temel-degerlendirmeler","status":"publish","type":"post","link":"https:\/\/denizcankizil.tr\/en\/seo\/aym-2019-30-esas-2023-227-karari-temel-degerlendirmeler\/","title":{"rendered":"AYM 2019\/30 Esas &#8211; 2023\/227 Karar\u0131: Temel De\u011ferlendirmeler"},"content":{"rendered":"<p> <strong>AYM 2019\/30 Esas \u200d- 2023\/227 Karar\u0131: Temel\u2064 De\u011ferlendirmeler<\/strong><\/p>\n<p>Anayasa Mahkemesi&#8217;nin \u2062(AYM) 2019\/30 esas numaras\u0131 ile ba\u015flat\u0131lan ve 2023\/227 karar\u0131 \u2063ile sonu\u00e7lanan bu \u200chukuki \u200cs\u00fcre\u00e7, T\u00fcrkiye&#8217;nin anayasal d\u00fczeninin \u200danlam\u0131n\u0131 ve \u200ds\u0131n\u0131rlar\u0131n\u0131 yeniden \u2064\u015fekillendiren \u00f6nemli bir d\u00f6n\u00fcm noktas\u0131d\u0131r. Taraf\u0131nca\u2063 y\u00fcr\u00fct\u00fclen incelemeler,\u2064 hukukun \u00fcst\u00fcnl\u00fc\u011f\u00fc, \u2063bireysel hak ve \u00f6zg\u00fcrl\u00fcklerin korunmas\u0131, adil yarg\u0131lanma hakk\u0131\u2063 gibi temel ilkelere \u0131\u015f\u0131k \u200dtutmakta \u2063ve y\u00fcr\u00fctme-birli\u011fi ili\u015fkisini\u200b derinlemesine sorgulamakta\u200b olan bir dizi karma\u015f\u0131k\u2063 meseleyi i\u00e7ermektedir. S\u00f6z\u200c konusu karar, Anayasa Mahkemesi&#8217;nin\u2062 bireysel ba\u015fvurular \u00fczerindeki \u200brol\u00fcn\u00fc g\u00fc\u00e7lendirmi\u015f ve mahkeme kararlar\u0131n\u0131n i\u00e7tihatlar \u00fczerindeki \u2062etkilerini ortaya koymu\u015ftur.\u200c Bu ba\u011flamda, makalemizde AYM\u2019nin \u200dbu karar\u0131na\u2063 dair temel de\u011ferlendirmeler\u200c yap\u0131lacak \u2062ve s\u00f6z konusu karar\u0131n T\u00fcrkiye&#8217;deki\u2063 hukuk sistemine olan yans\u0131malar\u0131 detayl\u0131 bir \u015fekilde ele \u2064al\u0131nacakt\u0131r. Anayasal denetim mekanizmalar\u0131n\u0131n i\u015fleyi\u015fi bak\u0131m\u0131ndan ta\u015f\u0131d\u0131\u011f\u0131\u200d \u00f6nem ve yaratm\u0131\u015f oldu\u011fu\u2063 tart\u0131\u015fma ortam\u0131, \u200chukuk\u00e7ular\u200d ve siyaset bilimciler i\u00e7in \u2064yeni tart\u0131\u015fma alanlar\u0131 sunmay\u0131 vaad etmektedir.<br \/><img decoding=\"async\" class=\"kimage_class lazyload\" data-src=\"https:\/\/denizcankizil.tr\/wp-content\/uploads\/2024\/10\/mpmXk-253D.jpg\" alt=\"AYM 2019\/30 Esas - 2023\/227 Karar\u0131 \u00c7er\u00e7evesinde Anayasa Mahkemesinin \u2063Rol\u00fc ve\u2064 Etkisi\" src=\"data:image\/svg+xml;base64,PHN2ZyB3aWR0aD0iMSIgaGVpZ2h0PSIxIiB4bWxucz0iaHR0cDovL3d3dy53My5vcmcvMjAwMC9zdmciPjwvc3ZnPg==\"><\/p>\n<h2 id=\"aym-2019-30-esas-2023-227-karari-cercevesinde-anayasa-mahkemesinin-rolu-ve-etkisi\">AYM 2019\/30 Esas &#8211; 2023\/227\u2063 Karar\u0131 \u00c7er\u00e7evesinde Anayasa Mahkemesinin Rol\u00fc ve \u2062Etkisi<\/h2>\n<p>AYM\u200b 2019\/30 Esas\u2063 &#8211; 2023\/227 Karar\u0131, Anayasa\u200b Mahkemesi&#8217;nin yetkileri ve etkisi a\u00e7\u0131s\u0131ndan \u00f6nemli \u2063bir d\u00f6n\u00fcm noktas\u0131 olmu\u015ftur. Bu\u200b karar, T\u00fcrkiye&#8217;de <a href=\"https:\/\/denizcankizil.tr\/en\/hukukihaber\/sakarya-barosunun-yeni-baskani-avukat-musa-adiyaman-oldu\/\" title=\"Sakarya Barosu&#039;nun yeni Ba\u015fkan\u0131 avukat Musa Ad\u0131yaman oldu\">hukukun \u00fcst\u00fcnl\u00fc\u011f\u00fc<\/a>n\u00fcn \u2063uygulanmas\u0131, \u200cbireysel haklar\u0131n\u2064 korunmas\u0131 ve \u200cdevletin\u200c sosyal yap\u0131s\u0131na\u2063 dair \u00f6nemli\u2062 ilkeler geli\u015ftirilmesine katk\u0131 sa\u011flamaktad\u0131r. Anayasa Mahkemesi&#8217;nin \u200drol\u00fc, yaln\u0131zca yasal\u2062 denetimle\u200b s\u0131n\u0131rl\u0131 \u200bkalmay\u0131p, ayn\u0131 zamanda toplumsal dinamikleri\u2063 de g\u00f6zeterek \u200dbireylerin haklar\u0131n\u0131 ihlal \u2062eden\u2063 durumlar\u0131n ortadan kald\u0131r\u0131lmas\u0131na y\u00f6nelik bir\u2064 mekanizma i\u015flevi g\u00f6rmektedir.<\/p>\n<p>Bu ba\u011flamda, AYM&#8217;nin\u2063 kararlar\u0131, toplumda bir\u00e7ok alanda\u200b etkili de\u011fi\u015fimlere\u200b yol a\u00e7m\u0131\u015f\u200b ve hukuki\u2064 s\u00fcre\u00e7lere yeni bir boyut kazand\u0131rm\u0131\u015ft\u0131r. \u00d6zellikle, mahkeme \u200bkararlar\u0131n\u0131n\u2062 <strong>toplumsal adalet<\/strong> \u200dve\u2064 <strong>equality<\/strong> prensipleri \u00e7er\u00e7evesinde nas\u0131l\u200d \u015fekillendi\u011fi incelenmelidir. Anayasa Mahkemesi, bireylerin\u2062 haklar\u0131n\u0131 korumak ad\u0131na ald\u0131\u011f\u0131 \u200ckararlar sayesinde, \u200ddevletin m\u00fcdahale g\u00fcc\u00fcn\u00fc dengede tutarak sosyal bar\u0131\u015f\u0131 sa\u011flamaya\u200b \u00e7al\u0131\u015fmaktad\u0131r.<\/p>\n<p>Ayr\u0131ca, \u200dAYM 2019\/30 Esas \u2062- 2023\/227 Karar\u0131\u2019n\u0131n getirdi\u011fi yenilikler \u200darac\u0131l\u0131\u011f\u0131yla, anayasal denetimin geli\u015fimi i\u00e7in \u00e7e\u015fitli <strong>\u00f6nemli \u200cilkeler<\/strong> ortaya konmu\u015ftur.\u2063 Bu ilkeler \u2064sayesinde, mahkemenin\u200d kararlar\u0131 daha geni\u015f\u200d kitleler taraf\u0131ndan\u200c alg\u0131lanmakta\u200b ve kabul\u200d edilmektedir.\u2062 A\u015fa\u011f\u0131daki tabloda, <a href=\"https:\/\/denizcankizil.tr\/en\/hukukihaber\/milletvekilliginin-dusurulmesine-iliskin-islemin-iptali-talebi-hakkinda-karar-verilmesine-yer-olmadigi\/\" title=\"Milletvekilli\u011finin D\u00fc\u015f\u00fcr\u00fclmesine \u0130li\u015fkin \u0130\u015flemin \u0130ptali Talebi Hakk\u0131nda Karar Verilmesine Yer Olmad\u0131\u011f\u0131\">bu karar\u0131n<\/a> etkiledi\u011fi \u200balanlar \u2062ve ilgili\u2062 yans\u0131malar \u00f6zetlenmi\u015ftir:<\/p>\n<table class=\"wp-block-table\">\n<thead>\n<tr>\n<th>Etki Alan\u0131<\/th>\n<th>Yans\u0131malar<\/th>\n<\/tr>\n<\/thead>\n<tbody>\n<tr>\n<td>Bireysel Haklar<\/td>\n<td>Hak \u200bihlallerinin \u2063azalmas\u0131<\/td>\n<\/tr>\n<tr>\n<td>Hukuk Devleti<\/td>\n<td>Yasa \u00f6n\u00fcnde\u200d e\u015fitlik<\/td>\n<\/tr>\n<tr>\n<td>Toplumsal\u200b Bar\u0131\u015f<\/td>\n<td>Sosyal uzla\u015fma\u2062 s\u00fcre\u00e7lerinin artmas\u0131<\/td>\n<\/tr>\n<\/tbody>\n<\/table>\n<p><img decoding=\"async\" class=\"kimage_class lazyload\" data-src=\"https:\/\/denizcankizil.tr\/wp-content\/uploads\/2024\/10\/78x381.jpg\" alt=\"Karar\u0131n Su\u00e7 ve\u2064 Ceza Hukuku \u00dczerindeki Temel Sonu\u00e7lar\u0131\" src=\"data:image\/svg+xml;base64,PHN2ZyB3aWR0aD0iMSIgaGVpZ2h0PSIxIiB4bWxucz0iaHR0cDovL3d3dy53My5vcmcvMjAwMC9zdmciPjwvc3ZnPg==\"><\/p>\n<h2 id=\"kararin-suc-ve-ceza-hukuku-uzerindeki-temel-sonuclari\">Karar\u0131n \u2064Su\u00e7\u200d ve Ceza Hukuku \u00dczerindeki\u200b Temel Sonu\u00e7lar\u0131<\/h2>\n<section>\n<p>AYM 2019\/30\u200d Esas &#8211; \u200c2023\/227 karar\u0131n\u0131n, T\u00fcrkiye&#8217;deki su\u00e7 ve ceza\u2064 hukuku \u00fczerine \u00f6nemli etkileri bulunmaktad\u0131r. Bu \u200bkarar,\u2064 \u00f6zellikle <strong>hukukun \u00fcst\u00fcnl\u00fc\u011f\u00fc<\/strong> \u200dve <strong>temel haklar\u0131n korunmas\u0131<\/strong> a\u00e7\u0131s\u0131ndan yeni \u200dbir \u200bd\u00f6nem \u200dba\u015flatm\u0131\u015ft\u0131r. Y\u00fcksek Mahkeme, bireylerin ka\u00e7\u0131n\u0131lmaz \u2063olarak mahkumiyetlerine neden olan\u200c bir s\u00fcre\u00e7te, adil yarg\u0131lanma hakk\u0131n\u0131n ihlal edildi\u011fine dair g\u00fc\u00e7l\u00fc bir vurgu yapm\u0131\u015ft\u0131r. \u2063Bu durum, gelecekteki dava s\u00fcre\u00e7lerinin\u2063 daha dikkatli bir \u015fekilde\u200d ele\u200d al\u0131nmas\u0131na \u200dy\u00f6nelik \u200cbir\u2064 \u00e7a\u011fr\u0131 niteli\u011fi\u2063 ta\u015f\u0131maktad\u0131r.<\/p>\n<p>Karar\u0131n \u200bbir di\u011fer \u00f6nemli sonucu, \u2062 <strong>ceza hukukunda yapt\u0131r\u0131mlar\u0131n\u2063 g\u00f6zden \u2063ge\u00e7irilmesi<\/strong> gereklili\u011fidir. \u2064Mahkemelerin, ceza verme yetkilerini kullan\u0131rken,\u2063 bireylerin insani ihtiya\u00e7lar\u0131n\u0131\u2062 ve ya\u015fam \u200dko\u015fullar\u0131n\u0131 dikkate almas\u0131 gerekti\u011fi vurgulanm\u0131\u015ft\u0131r. Bu\u200b ba\u011flamda, <strong>ceza politikalar\u0131n\u0131n daha insani ve \u200crehabilite edici\u200c bir yakla\u015f\u0131m\u0131<\/strong> \u200c benimsemesi beklenmektedir. B\u00f6ylece,\u2064 ceza infaz sisteminin etkinli\u011fi art\u0131r\u0131labilir ve topluma\u200d yeniden\u200c kazand\u0131rma s\u00fcreci\u200d desteklenebilir.<\/p>\n<p>Son olarak, AYM&#8217;nin bu karar\u0131, <strong>kanun\u2062 yap\u0131c\u0131lar\u2064 i\u00e7in \u2063bir uyar\u0131<\/strong> niteli\u011fi\u200d ta\u015f\u0131maktad\u0131r.\u200b Mahkemelerin \u2062ba\u011f\u0131ms\u0131zl\u0131\u011f\u0131n\u0131 g\u00fcvence alt\u0131na almak\u2064 amac\u0131yla, yasalar\u0131n belirli bir \u00e7er\u00e7evede kaleme al\u0131nmas\u0131 gerekti\u011fi anlay\u0131\u015f\u0131n\u0131n geli\u015fmesi\u2063 \u00f6nemlidir. Bu durum, \u2063ceza\u200d hukukunda yap\u0131lacak reformlar\u0131n kapsam\u0131n\u0131 etkileyecek\u2063 ve <strong>toplumsal adaletin<\/strong> sa\u011flanmas\u0131na katk\u0131da bulunacakt\u0131r. \u200dB\u00f6ylece, hukuk sisteminin daha \u2063\u00f6ng\u00f6r\u00fclebilir ve g\u00fcvenilir bir yap\u0131ya kavu\u015fmas\u0131 \u200dsa\u011flanacakt\u0131r.<\/p>\n<\/section>\n<h2 id=\"kapsayici-bir-hukuk-analizi-aym-kararinin-uygulamadaki-yansimalari\">Kapsay\u0131c\u0131 Bir Hukuk \u200bAnalizi: \u2062AYM Karar\u0131n\u0131n Uygulamadaki Yans\u0131malar\u0131<\/h2>\n<section class=\"post-section\">\n<p>Kapsay\u0131c\u0131 bir hukuk \u2064analizi, Anayasa Mahkemesi&#8217;nin\u200d (AYM) 2019\/30 esas ve 2023\/227 \u2064karar\u0131n\u0131n uygulamadaki \u200dyans\u0131malar\u0131n\u0131 anlamak\u2062 i\u00e7in\u200c b\u00fcy\u00fck \u2062\u00f6nem ta\u015f\u0131maktad\u0131r.\u2062 Bu karar, \u00f6zellikle temel hak ve \u00f6zg\u00fcrl\u00fcklerin korunmas\u0131na y\u00f6nelik getirdi\u011fi\u200d yeniliklerle dikkat \u00e7ekmektedir.\u2063 AYM\u2019nin \u200bkararlar\u0131, yaln\u0131zca hukukun \u00fcst\u00fcnl\u00fc\u011f\u00fcn\u00fc sa\u011flamakla \u200dkalmay\u0131p, \u2063ayn\u0131 zamanda toplumsal \u2063normlar\u0131n ve \u2062de\u011ferlerin y\u00fckseltilmesine \u2062de \u200ckatk\u0131 \u2062sunmaktad\u0131r. Bu\u200d \u00e7er\u00e7evede, AYM\u2019nin karar\u0131 \u00fczerine yap\u0131lacak\u200d analizler, hukukun dinamik yap\u0131s\u0131n\u0131 ve toplum \u00fczerindeki etkisini \u2063daha \u2064iyi kavrayabilmemize yard\u0131mc\u0131 olur.<\/p>\n<p>Ayr\u0131ca, karar\u0131n b\u00f6lgesel ve ulusal boyutlarda \u2063etkileri de \u2064g\u00f6zlemlenmektedir. \u200bUygulay\u0131c\u0131lar i\u00e7in y\u00f6nlendirici niteli\u011fi ta\u015f\u0131yan\u2064 bu karar, hukukun uygulanmas\u0131n\u0131 etkileyen bir\u00e7ok fakt\u00f6r\u00fcn tekrar de\u011ferlendirilmesini \u2062gerektirir. \u00d6zellikle,\u2062 <strong>hukuk uygulay\u0131c\u0131lar\u0131n\u0131n\u2063 e\u011fitiminde<\/strong> \u200b ve yarg\u0131 s\u00fcre\u00e7lerinin \u200c\u015feffafl\u0131\u011f\u0131 konusunda daha fazla dikkate \u2062al\u0131nmal\u0131d\u0131r. Bunun\u200d yan\u0131 s\u0131ra, toplumdaki\u2063 farkl\u0131 gruplar\u0131n hukuki s\u00fcrd\u00fcr\u00fclebilirlik a\u00e7\u0131s\u0131ndan\u2062 nas\u0131l faydaland\u0131\u011f\u0131na \u2064dair analizler yapmak\u200d da \u00f6nemlidir.<\/p>\n<p><strong>AYM\u2019nin \u200dkarar\u0131n\u0131n \u00f6ne \u00e7\u0131kan \u2062yans\u0131malar\u0131 \u015funlard\u0131r:<\/strong><\/p>\n<ul>\n<li>Temel hak\u200c ve \u200c\u00f6zg\u00fcrl\u00fcklerin \u2063g\u00fc\u00e7lendirilmesi<\/li>\n<li>Hukukun evrenselli\u011fi ilkesinin vurgulanmas\u0131<\/li>\n<li>Hukuki belirsizliklerin azalt\u0131lmas\u0131<\/li>\n<\/ul>\n<table class=\"wp-block-table\">\n<thead>\n<tr>\n<th>Yans\u0131ma<\/th>\n<th>Explanation<\/th>\n<\/tr>\n<\/thead>\n<tbody>\n<tr>\n<td>Hukuki G\u00fcven<\/td>\n<td>Karar\u0131n uygulanmas\u0131 ile\u200c beraber, toplumda hukuka olan\u200d g\u00fcven artmaktad\u0131r.<\/td>\n<\/tr>\n<tr>\n<td>\u00d6zg\u00fcrl\u00fck \u0130hlalleri<\/td>\n<td>Karar, insan haklar\u0131 ihlalleri kar\u015f\u0131s\u0131nda etkili bir koruma sa\u011flanmas\u0131n\u0131 hedeflemektedir.<\/td>\n<\/tr>\n<\/tbody>\n<\/table>\n<\/section>\n<p><img decoding=\"async\" class=\"kimage_class lazyload\" data-src=\"https:\/\/denizcankizil.tr\/wp-content\/uploads\/2024\/10\/4698-d180d0bed0bbd18c-d0b0d0b4d0b2d0bed0bad0b0d182d0b0-d0b2-d0b4d0b5d0bbd0b0d185-d0be-d0b3d180d0b0d0b6d0b4d0b0d0bdd181d182d0b2d0b5-d0b8-d0b8.jpg\" alt=\"Gelece\u011fe D\u00f6n\u00fck Stratejiler: \u200dAYM Karar\u0131 I\u015f\u0131\u011f\u0131nda Hukuk Reformu \u00d6nerileri\" src=\"data:image\/svg+xml;base64,PHN2ZyB3aWR0aD0iMSIgaGVpZ2h0PSIxIiB4bWxucz0iaHR0cDovL3d3dy53My5vcmcvMjAwMC9zdmciPjwvc3ZnPg==\"><\/p>\n<h2 id=\"gelecege-donuk-stratejiler-aym-karari-isiginda-hukuk-reformu-onerileri\">Gelece\u011fe D\u00f6n\u00fck\u200d Stratejiler: AYM Karar\u0131 I\u015f\u0131\u011f\u0131nda\u200d Hukuk Reformu \u00d6nerileri<\/h2>\n<section class=\"gelecege-donuk-stratejiler\">\n<p>        \u2063  2019\/30\u200c esas ve \u20632023\/227 kararlar\u0131, Anayasa Mahkemesi&#8217;nin \u2062(AYM) hukuk sisteminde k\u00f6kl\u00fc \u200dde\u011fi\u015fikliklere \u00f6nc\u00fcl\u00fck etme potansiyelini ta\u015f\u0131d\u0131\u011f\u0131n\u0131 g\u00f6stermektedir. Bu ba\u011flamda, hukukun \u00fcst\u00fcnl\u00fc\u011f\u00fcn\u00fc peki\u015ftirmek ve \u2063bireysel haklar\u0131 g\u00fcvence alt\u0131na\u2063 almak ad\u0131na gerekli reformlar\u0131n ger\u00e7ekle\u015ftirilmesi b\u00fcy\u00fck bir\u2063 \u00f6nem kazanmaktad\u0131r.\u200b T\u00fcrkiye&#8217;nin uluslararas\u0131\u200c insan haklar\u0131\u200b standartlar\u0131na uyum\u200b sa\u011flama \u00e7abalar\u0131,\u200c AYM&#8217;nin \u2063verdi\u011fi bu kararlarla\u200b daha \u2062da belirgin \u2062hale\u200c gelmektedir.<br \/>\n \u2063 \u200c \u200d\n    <\/p>\n<p>        \u2062      \u2062  Hukuk reformlar\u0131n\u0131n ba\u015far\u0131yla \u200buygulanabilmesi\u2062 i\u00e7in a\u015fa\u011f\u0131da \u2064belirtilen unsurlar\u0131n \u200cdikkate\u200b al\u0131nmas\u0131 gerekmektedir:<br \/>\n   \u2063  \u2064<\/p>\n<ul>\n<li><strong>\u015eeffafl\u0131k:<\/strong> Yarg\u0131 s\u00fcre\u00e7lerinin ve idarelerin \u200detkin i\u015fleyi\u015finin sa\u011flanmas\u0131\u2064 i\u00e7in \u015feffafl\u0131k esas al\u0131nmal\u0131d\u0131r.<\/li>\n<li><strong>E\u011fitim ve Yeterlilik:<\/strong> Hukuk profesyonellerinin\u200b s\u00fcrekli \u2063e\u011fitimi,\u2063 geni\u015f bir perspektifle g\u00fcncellenmelidir.<\/li>\n<li><strong>Toplumsal\u200d Kat\u0131l\u0131m:<\/strong> Reform\u200d s\u00fcrecine toplumun farkl\u0131 kesimlerinin \u200bg\u00f6r\u00fc\u015f\u200b ve \u2062\u00f6nerileri al\u0131narak\u200b daha kapsay\u0131c\u0131 bir yakla\u015f\u0131m geli\u015ftirilmelidir.<\/li>\n<\/ul>\n<p>        \u2063   \u2064Ayr\u0131ca, AYM kararlar\u0131ndan hareketle \u00f6zel bir reform \u00f6nerileri\u2064 tablosu olu\u015fturmak, mevcut\u200d sorunlara y\u00f6nelik somut\u2062 \u00e7\u00f6z\u00fcmler \u200dgetirmek ad\u0131na faydal\u0131 olabilir.\u2064 A\u015fa\u011f\u0131daki tabloda, hem AYM karar\u0131n\u0131n \u200betkileri hem de \u00f6nerilen \u200creform alanlar\u0131 \u00f6zetlenmi\u015ftir:<\/p>\n<p>    \u200d    \u200b<\/p>\n<table class=\"wp-block-table\">\n<thead>\n<tr>\n<th><strong>Karar \u0130\u00e7eri\u011fi<\/strong><\/th>\n<th><strong>\u00d6nerilen Reform<\/strong><\/th>\n<\/tr>\n<\/thead>\n<tbody>\n<tr>\n<td>Bireysel \u200cba\u015fvurular\u0131n\u2063 etkin bir\u2062 \u015fekilde de\u011ferlendirilmesi<\/td>\n<td>Ba\u015fvuru s\u00fcre\u00e7lerinin h\u0131zland\u0131r\u0131lmas\u0131\u200b ve\u2063 \u015feffafla\u015ft\u0131r\u0131lmas\u0131<\/td>\n<\/tr>\n<tr>\n<td>Hak ihlallerinin \u00f6nlenmesi<\/td>\n<td>\u00d6nleyici yasal d\u00fczenlemelerin yap\u0131lmas\u0131<\/td>\n<\/tr>\n<tr>\n<td>Yarg\u0131 ba\u011f\u0131ms\u0131zl\u0131\u011f\u0131n\u0131n \u200dart\u0131r\u0131lmas\u0131<\/td>\n<td>Yarg\u0131 organlar\u0131n\u0131n yap\u0131s\u0131n\u0131n g\u00f6zden ge\u00e7irilmesi<\/td>\n<\/tr>\n<\/tbody>\n<\/table>\n<\/section>\n<p>Sonu\u00e7 olarak, AYM \u20622019\/30 Esas &#8211; 2023\/227\u2063 Karar\u0131, T\u00fcrk Anayasa Hukuku a\u00e7\u0131s\u0131ndan\u2062 \u00f6nemli bir d\u00f6n\u00fcm noktas\u0131 te\u015fkil etmektedir. \u2063Mahkemenin bu karardaki gerek\u00e7eleri, bireysel haklar\u0131n \u200bkorunmas\u0131 ve denetimi konusundaki hassasiyetini bir kez daha ortaya koymakta; \u2064\u00fcstelik\u200b yasama\u2064 ve y\u00fcr\u00fctme organlar\u0131n\u0131n yetkilerinin s\u0131n\u0131rland\u0131r\u0131lmas\u0131 \u200cgerekti\u011fi anlay\u0131\u015f\u0131n\u0131 peki\u015ftirmektedir. Bu karar\u0131n, hukukun\u200c \u00fcst\u00fcnl\u00fc\u011f\u00fc \u200bilkesinin g\u00fc\u00e7lenmesine ve bireylerin temel haklar\u0131n\u0131n daha etkin bir \u015fekilde\u2063 korunmas\u0131na katk\u0131da\u200b bulunmas\u0131 beklenmektedir.\u200d Hukuk \u200cliterat\u00fcr\u00fcnde\u200d yer bulacak \u200dbu\u200d karar, gelecekteki yarg\u0131 \u200buygulamalar\u0131 \u00fczerinde de belirleyici bir etki yaratma potansiyeline sahiptir. Dolay\u0131s\u0131yla, hem akademik hem de pratik boyutlar\u0131yla bu karar\u0131n derinlemesine incelenmesi, T\u00fcrk\u200d Anayasa Hukuku disiplininin geli\u015fimi\u2062 a\u00e7\u0131s\u0131ndan \u00f6nemli bir gereklilik olarak \u200bkar\u015f\u0131m\u0131za\u200b \u00e7\u0131kmaktad\u0131r. AYM&#8217;nin kararlar\u0131 \u200cdo\u011frultusunda \u200cgeli\u015fmelerin takip edilmesi, hukuk\u2062 prati\u011finin \u00e7a\u011fda\u015f normlara uygun bir \u015fekilde evrilmesine yard\u0131mc\u0131 olacakt\u0131r. <\/p>","protected":false},"excerpt":{"rendered":"<p>AYM 2019\/30 Esas &#8211; 2023\/227 Karar\u0131, T\u00fcrkiye&#8217;deki temel haklar\u0131n korunmas\u0131 a\u00e7\u0131s\u0131ndan \u00f6nemli bir d\u00f6n\u00fcm noktas\u0131d\u0131r. Bu karar, bireysel ba\u015fvurular\u0131n de\u011ferlendirilmesinde mahkemenin ilerleyici yorumlama y\u00f6ntemini benimsedi\u011fini g\u00f6stermektedir.<\/p>","protected":false},"author":1,"featured_media":10673,"comment_status":"open","ping_status":"open","sticky":false,"template":"","format":"standard","meta":{"_acf_changed":false,"footnotes":""},"categories":[28],"tags":[],"class_list":["post-10672","post","type-post","status-publish","format-standard","has-post-thumbnail","hentry","category-seo"],"acf":[],"yoast_head":"<!-- This site is optimized with the Yoast SEO Premium plugin v26.6 (Yoast SEO v27.1.1) - https:\/\/yoast.com\/product\/yoast-seo-premium-wordpress\/ -->\n<title>AYM 2019\/30 Esas - 2023\/227 Karar\u0131: Temel De\u011ferlendirmeler - Av. Deniz Can K\u0131z\u0131l<\/title>\n<meta name=\"robots\" content=\"index, follow, max-snippet:-1, max-image-preview:large, max-video-preview:-1\" \/>\n<link rel=\"canonical\" href=\"https:\/\/denizcankizil.tr\/en\/seo\/aym-2019-30-esas-2023-227-karari-temel-degerlendirmeler\/\" \/>\n<meta property=\"og:locale\" content=\"en_GB\" \/>\n<meta property=\"og:type\" content=\"article\" \/>\n<meta property=\"og:title\" content=\"AYM 2019\/30 Esas - 2023\/227 Karar\u0131: Temel De\u011ferlendirmeler\" \/>\n<meta property=\"og:description\" content=\"AYM 2019\/30 Esas - 2023\/227 Karar\u0131, T\u00fcrkiye&#039;deki temel haklar\u0131n korunmas\u0131 a\u00e7\u0131s\u0131ndan \u00f6nemli bir d\u00f6n\u00fcm noktas\u0131d\u0131r. Bu karar, bireysel ba\u015fvurular\u0131n de\u011ferlendirilmesinde mahkemenin ilerleyici yorumlama y\u00f6ntemini benimsedi\u011fini g\u00f6stermektedir.\" \/>\n<meta property=\"og:url\" content=\"https:\/\/denizcankizil.tr\/en\/seo\/aym-2019-30-esas-2023-227-karari-temel-degerlendirmeler\/\" \/>\n<meta property=\"og:site_name\" content=\"Av. Deniz Can K\u0131z\u0131l\" \/>\n<meta property=\"article:published_time\" content=\"2024-10-31T11:40:31+00:00\" \/>\n<meta property=\"og:image\" content=\"https:\/\/denizcankizil.tr\/wp-content\/uploads\/2024\/10\/10672-aym-2019-30-esas-2023-227-karari-temel-degerlendirmeler.jpg\" \/>\n\t<meta property=\"og:image:width\" content=\"940\" \/>\n\t<meta property=\"og:image:height\" content=\"547\" \/>\n\t<meta property=\"og:image:type\" content=\"image\/jpeg\" \/>\n<meta name=\"author\" content=\"admin\" \/>\n<meta name=\"twitter:card\" content=\"summary_large_image\" \/>\n<meta name=\"twitter:label1\" content=\"Written by\" \/>\n\t<meta name=\"twitter:data1\" content=\"admin\" \/>\n\t<meta name=\"twitter:label2\" content=\"Estimated reading time\" \/>\n\t<meta name=\"twitter:data2\" content=\"7 minutes\" \/>\n<script type=\"application\/ld+json\" class=\"yoast-schema-graph\">{\"@context\":\"https:\/\/schema.org\",\"@graph\":[{\"@type\":\"Article\",\"@id\":\"https:\/\/denizcankizil.tr\/en\/seo\/aym-2019-30-esas-2023-227-karari-temel-degerlendirmeler\/#article\",\"isPartOf\":{\"@id\":\"https:\/\/denizcankizil.tr\/en\/seo\/aym-2019-30-esas-2023-227-karari-temel-degerlendirmeler\/\"},\"author\":{\"name\":\"admin\",\"@id\":\"https:\/\/denizcankizil.tr\/de\/#\/schema\/person\/be3c05fe6a12686905512445d8185489\"},\"headline\":\"AYM 2019\/30 Esas &#8211; 2023\/227 Karar\u0131: Temel De\u011ferlendirmeler\",\"datePublished\":\"2024-10-31T11:40:31+00:00\",\"mainEntityOfPage\":{\"@id\":\"https:\/\/denizcankizil.tr\/en\/seo\/aym-2019-30-esas-2023-227-karari-temel-degerlendirmeler\/\"},\"wordCount\":1426,\"commentCount\":0,\"publisher\":{\"@id\":\"https:\/\/denizcankizil.tr\/de\/#organization\"},\"image\":{\"@id\":\"https:\/\/denizcankizil.tr\/en\/seo\/aym-2019-30-esas-2023-227-karari-temel-degerlendirmeler\/#primaryimage\"},\"thumbnailUrl\":\"https:\/\/denizcankizil.tr\/wp-content\/uploads\/2024\/10\/10672-aym-2019-30-esas-2023-227-karari-temel-degerlendirmeler.jpg\",\"articleSection\":[\"Seo\"],\"inLanguage\":\"en-GB\",\"potentialAction\":[{\"@type\":\"CommentAction\",\"name\":\"Comment\",\"target\":[\"https:\/\/denizcankizil.tr\/en\/seo\/aym-2019-30-esas-2023-227-karari-temel-degerlendirmeler\/#respond\"]}]},{\"@type\":\"WebPage\",\"@id\":\"https:\/\/denizcankizil.tr\/en\/seo\/aym-2019-30-esas-2023-227-karari-temel-degerlendirmeler\/\",\"url\":\"https:\/\/denizcankizil.tr\/en\/seo\/aym-2019-30-esas-2023-227-karari-temel-degerlendirmeler\/\",\"name\":\"AYM 2019\/30 Esas - 2023\/227 Karar\u0131: Temel De\u011ferlendirmeler - Av. Deniz Can K\u0131z\u0131l\",\"isPartOf\":{\"@id\":\"https:\/\/denizcankizil.tr\/de\/#website\"},\"primaryImageOfPage\":{\"@id\":\"https:\/\/denizcankizil.tr\/en\/seo\/aym-2019-30-esas-2023-227-karari-temel-degerlendirmeler\/#primaryimage\"},\"image\":{\"@id\":\"https:\/\/denizcankizil.tr\/en\/seo\/aym-2019-30-esas-2023-227-karari-temel-degerlendirmeler\/#primaryimage\"},\"thumbnailUrl\":\"https:\/\/denizcankizil.tr\/wp-content\/uploads\/2024\/10\/10672-aym-2019-30-esas-2023-227-karari-temel-degerlendirmeler.jpg\",\"datePublished\":\"2024-10-31T11:40:31+00:00\",\"breadcrumb\":{\"@id\":\"https:\/\/denizcankizil.tr\/en\/seo\/aym-2019-30-esas-2023-227-karari-temel-degerlendirmeler\/#breadcrumb\"},\"inLanguage\":\"en-GB\",\"potentialAction\":[{\"@type\":\"ReadAction\",\"target\":[\"https:\/\/denizcankizil.tr\/en\/seo\/aym-2019-30-esas-2023-227-karari-temel-degerlendirmeler\/\"]}]},{\"@type\":\"ImageObject\",\"inLanguage\":\"en-GB\",\"@id\":\"https:\/\/denizcankizil.tr\/en\/seo\/aym-2019-30-esas-2023-227-karari-temel-degerlendirmeler\/#primaryimage\",\"url\":\"https:\/\/denizcankizil.tr\/wp-content\/uploads\/2024\/10\/10672-aym-2019-30-esas-2023-227-karari-temel-degerlendirmeler.jpg\",\"contentUrl\":\"https:\/\/denizcankizil.tr\/wp-content\/uploads\/2024\/10\/10672-aym-2019-30-esas-2023-227-karari-temel-degerlendirmeler.jpg\",\"width\":940,\"height\":547,\"caption\":\"AYM 2019\/30 Esas &#8211; 2023\/227 Karar\u0131: Temel De\u011ferlendirmeler\"},{\"@type\":\"BreadcrumbList\",\"@id\":\"https:\/\/denizcankizil.tr\/en\/seo\/aym-2019-30-esas-2023-227-karari-temel-degerlendirmeler\/#breadcrumb\",\"itemListElement\":[{\"@type\":\"ListItem\",\"position\":1,\"name\":\"Home\",\"item\":\"https:\/\/denizcankizil.tr\/de\/\"},{\"@type\":\"ListItem\",\"position\":2,\"name\":\"AYM 2019\/30 Esas &#8211; 2023\/227 Karar\u0131: Temel De\u011ferlendirmeler\"}]},{\"@type\":\"WebSite\",\"@id\":\"https:\/\/denizcankizil.tr\/de\/#website\",\"url\":\"https:\/\/denizcankizil.tr\/de\/\",\"name\":\"Av. Deniz Can K\u0131z\u0131l\",\"description\":\"Avukat Deniz Can K\u0131z\u0131l Antalya Barosu\",\"publisher\":{\"@id\":\"https:\/\/denizcankizil.tr\/de\/#organization\"},\"potentialAction\":[{\"@type\":\"SearchAction\",\"target\":{\"@type\":\"EntryPoint\",\"urlTemplate\":\"https:\/\/denizcankizil.tr\/de\/?s={search_term_string}\"},\"query-input\":{\"@type\":\"PropertyValueSpecification\",\"valueRequired\":true,\"valueName\":\"search_term_string\"}}],\"inLanguage\":\"en-GB\"},{\"@type\":\"Organization\",\"@id\":\"https:\/\/denizcankizil.tr\/de\/#organization\",\"name\":\"Av. Deniz Can K\u0131z\u0131l\",\"url\":\"https:\/\/denizcankizil.tr\/de\/\",\"logo\":{\"@type\":\"ImageObject\",\"inLanguage\":\"en-GB\",\"@id\":\"https:\/\/denizcankizil.tr\/de\/#\/schema\/logo\/image\/\",\"url\":\"https:\/\/denizcankizil.tr\/wp-content\/uploads\/2024\/10\/siyah-logo-svg.svg\",\"contentUrl\":\"https:\/\/denizcankizil.tr\/wp-content\/uploads\/2024\/10\/siyah-logo-svg.svg\",\"width\":1080,\"height\":1080,\"caption\":\"Av. Deniz Can K\u0131z\u0131l\"},\"image\":{\"@id\":\"https:\/\/denizcankizil.tr\/de\/#\/schema\/logo\/image\/\"}},{\"@type\":\"Person\",\"@id\":\"https:\/\/denizcankizil.tr\/de\/#\/schema\/person\/be3c05fe6a12686905512445d8185489\",\"name\":\"admin\",\"image\":{\"@type\":\"ImageObject\",\"inLanguage\":\"en-GB\",\"@id\":\"https:\/\/denizcankizil.tr\/de\/#\/schema\/person\/image\/\",\"url\":\"https:\/\/secure.gravatar.com\/avatar\/c1fce94c830dc79107e174f890d7210541c4a63e8e5d816341794a2151c9d58c?s=96&d=mm&r=g\",\"contentUrl\":\"https:\/\/secure.gravatar.com\/avatar\/c1fce94c830dc79107e174f890d7210541c4a63e8e5d816341794a2151c9d58c?s=96&d=mm&r=g\",\"caption\":\"admin\"},\"sameAs\":[\"http:\/\/denizcankizil.tr\"],\"url\":\"https:\/\/denizcankizil.tr\/en\/author\/admin\/\"}]}<\/script>\n<!-- \/ Yoast SEO Premium plugin. -->","yoast_head_json":{"title":"AYM 2019\/30 Esas - 2023\/227 Karar\u0131: Temel De\u011ferlendirmeler - Av. Deniz Can K\u0131z\u0131l","robots":{"index":"index","follow":"follow","max-snippet":"max-snippet:-1","max-image-preview":"max-image-preview:large","max-video-preview":"max-video-preview:-1"},"canonical":"https:\/\/denizcankizil.tr\/en\/seo\/aym-2019-30-esas-2023-227-karari-temel-degerlendirmeler\/","og_locale":"en_GB","og_type":"article","og_title":"AYM 2019\/30 Esas - 2023\/227 Karar\u0131: Temel De\u011ferlendirmeler","og_description":"AYM 2019\/30 Esas - 2023\/227 Karar\u0131, T\u00fcrkiye'deki temel haklar\u0131n korunmas\u0131 a\u00e7\u0131s\u0131ndan \u00f6nemli bir d\u00f6n\u00fcm noktas\u0131d\u0131r. Bu karar, bireysel ba\u015fvurular\u0131n de\u011ferlendirilmesinde mahkemenin ilerleyici yorumlama y\u00f6ntemini benimsedi\u011fini g\u00f6stermektedir.","og_url":"https:\/\/denizcankizil.tr\/en\/seo\/aym-2019-30-esas-2023-227-karari-temel-degerlendirmeler\/","og_site_name":"Av. Deniz Can K\u0131z\u0131l","article_published_time":"2024-10-31T11:40:31+00:00","og_image":[{"width":940,"height":547,"url":"https:\/\/denizcankizil.tr\/wp-content\/uploads\/2024\/10\/10672-aym-2019-30-esas-2023-227-karari-temel-degerlendirmeler.jpg","type":"image\/jpeg"}],"author":"admin","twitter_card":"summary_large_image","twitter_misc":{"Written by":"admin","Estimated reading time":"7 minutes"},"schema":{"@context":"https:\/\/schema.org","@graph":[{"@type":"Article","@id":"https:\/\/denizcankizil.tr\/en\/seo\/aym-2019-30-esas-2023-227-karari-temel-degerlendirmeler\/#article","isPartOf":{"@id":"https:\/\/denizcankizil.tr\/en\/seo\/aym-2019-30-esas-2023-227-karari-temel-degerlendirmeler\/"},"author":{"name":"admin","@id":"https:\/\/denizcankizil.tr\/de\/#\/schema\/person\/be3c05fe6a12686905512445d8185489"},"headline":"AYM 2019\/30 Esas &#8211; 2023\/227 Karar\u0131: Temel De\u011ferlendirmeler","datePublished":"2024-10-31T11:40:31+00:00","mainEntityOfPage":{"@id":"https:\/\/denizcankizil.tr\/en\/seo\/aym-2019-30-esas-2023-227-karari-temel-degerlendirmeler\/"},"wordCount":1426,"commentCount":0,"publisher":{"@id":"https:\/\/denizcankizil.tr\/de\/#organization"},"image":{"@id":"https:\/\/denizcankizil.tr\/en\/seo\/aym-2019-30-esas-2023-227-karari-temel-degerlendirmeler\/#primaryimage"},"thumbnailUrl":"https:\/\/denizcankizil.tr\/wp-content\/uploads\/2024\/10\/10672-aym-2019-30-esas-2023-227-karari-temel-degerlendirmeler.jpg","articleSection":["Seo"],"inLanguage":"en-GB","potentialAction":[{"@type":"CommentAction","name":"Comment","target":["https:\/\/denizcankizil.tr\/en\/seo\/aym-2019-30-esas-2023-227-karari-temel-degerlendirmeler\/#respond"]}]},{"@type":"WebPage","@id":"https:\/\/denizcankizil.tr\/en\/seo\/aym-2019-30-esas-2023-227-karari-temel-degerlendirmeler\/","url":"https:\/\/denizcankizil.tr\/en\/seo\/aym-2019-30-esas-2023-227-karari-temel-degerlendirmeler\/","name":"AYM 2019\/30 Esas - 2023\/227 Karar\u0131: Temel De\u011ferlendirmeler - Av. Deniz Can K\u0131z\u0131l","isPartOf":{"@id":"https:\/\/denizcankizil.tr\/de\/#website"},"primaryImageOfPage":{"@id":"https:\/\/denizcankizil.tr\/en\/seo\/aym-2019-30-esas-2023-227-karari-temel-degerlendirmeler\/#primaryimage"},"image":{"@id":"https:\/\/denizcankizil.tr\/en\/seo\/aym-2019-30-esas-2023-227-karari-temel-degerlendirmeler\/#primaryimage"},"thumbnailUrl":"https:\/\/denizcankizil.tr\/wp-content\/uploads\/2024\/10\/10672-aym-2019-30-esas-2023-227-karari-temel-degerlendirmeler.jpg","datePublished":"2024-10-31T11:40:31+00:00","breadcrumb":{"@id":"https:\/\/denizcankizil.tr\/en\/seo\/aym-2019-30-esas-2023-227-karari-temel-degerlendirmeler\/#breadcrumb"},"inLanguage":"en-GB","potentialAction":[{"@type":"ReadAction","target":["https:\/\/denizcankizil.tr\/en\/seo\/aym-2019-30-esas-2023-227-karari-temel-degerlendirmeler\/"]}]},{"@type":"ImageObject","inLanguage":"en-GB","@id":"https:\/\/denizcankizil.tr\/en\/seo\/aym-2019-30-esas-2023-227-karari-temel-degerlendirmeler\/#primaryimage","url":"https:\/\/denizcankizil.tr\/wp-content\/uploads\/2024\/10\/10672-aym-2019-30-esas-2023-227-karari-temel-degerlendirmeler.jpg","contentUrl":"https:\/\/denizcankizil.tr\/wp-content\/uploads\/2024\/10\/10672-aym-2019-30-esas-2023-227-karari-temel-degerlendirmeler.jpg","width":940,"height":547,"caption":"AYM 2019\/30 Esas &#8211; 2023\/227 Karar\u0131: Temel De\u011ferlendirmeler"},{"@type":"BreadcrumbList","@id":"https:\/\/denizcankizil.tr\/en\/seo\/aym-2019-30-esas-2023-227-karari-temel-degerlendirmeler\/#breadcrumb","itemListElement":[{"@type":"ListItem","position":1,"name":"Home","item":"https:\/\/denizcankizil.tr\/de\/"},{"@type":"ListItem","position":2,"name":"AYM 2019\/30 Esas &#8211; 2023\/227 Karar\u0131: Temel De\u011ferlendirmeler"}]},{"@type":"WebSite","@id":"https:\/\/denizcankizil.tr\/de\/#website","url":"https:\/\/denizcankizil.tr\/de\/","name":"Av. Deniz Can K\u0131z\u0131l","description":"Avukat Deniz Can K\u0131z\u0131l Antalya Barosu","publisher":{"@id":"https:\/\/denizcankizil.tr\/de\/#organization"},"potentialAction":[{"@type":"SearchAction","target":{"@type":"EntryPoint","urlTemplate":"https:\/\/denizcankizil.tr\/de\/?s={search_term_string}"},"query-input":{"@type":"PropertyValueSpecification","valueRequired":true,"valueName":"search_term_string"}}],"inLanguage":"en-GB"},{"@type":"Organization","@id":"https:\/\/denizcankizil.tr\/de\/#organization","name":"Av. Deniz Can K\u0131z\u0131l","url":"https:\/\/denizcankizil.tr\/de\/","logo":{"@type":"ImageObject","inLanguage":"en-GB","@id":"https:\/\/denizcankizil.tr\/de\/#\/schema\/logo\/image\/","url":"https:\/\/denizcankizil.tr\/wp-content\/uploads\/2024\/10\/siyah-logo-svg.svg","contentUrl":"https:\/\/denizcankizil.tr\/wp-content\/uploads\/2024\/10\/siyah-logo-svg.svg","width":1080,"height":1080,"caption":"Av. Deniz Can K\u0131z\u0131l"},"image":{"@id":"https:\/\/denizcankizil.tr\/de\/#\/schema\/logo\/image\/"}},{"@type":"Person","@id":"https:\/\/denizcankizil.tr\/de\/#\/schema\/person\/be3c05fe6a12686905512445d8185489","name":"admin","image":{"@type":"ImageObject","inLanguage":"en-GB","@id":"https:\/\/denizcankizil.tr\/de\/#\/schema\/person\/image\/","url":"https:\/\/secure.gravatar.com\/avatar\/c1fce94c830dc79107e174f890d7210541c4a63e8e5d816341794a2151c9d58c?s=96&d=mm&r=g","contentUrl":"https:\/\/secure.gravatar.com\/avatar\/c1fce94c830dc79107e174f890d7210541c4a63e8e5d816341794a2151c9d58c?s=96&d=mm&r=g","caption":"admin"},"sameAs":["http:\/\/denizcankizil.tr"],"url":"https:\/\/denizcankizil.tr\/en\/author\/admin\/"}]}},"_links":{"self":[{"href":"https:\/\/denizcankizil.tr\/en\/wp-json\/wp\/v2\/posts\/10672","targetHints":{"allow":["GET"]}}],"collection":[{"href":"https:\/\/denizcankizil.tr\/en\/wp-json\/wp\/v2\/posts"}],"about":[{"href":"https:\/\/denizcankizil.tr\/en\/wp-json\/wp\/v2\/types\/post"}],"author":[{"embeddable":true,"href":"https:\/\/denizcankizil.tr\/en\/wp-json\/wp\/v2\/users\/1"}],"replies":[{"embeddable":true,"href":"https:\/\/denizcankizil.tr\/en\/wp-json\/wp\/v2\/comments?post=10672"}],"version-history":[{"count":0,"href":"https:\/\/denizcankizil.tr\/en\/wp-json\/wp\/v2\/posts\/10672\/revisions"}],"wp:featuredmedia":[{"embeddable":true,"href":"https:\/\/denizcankizil.tr\/en\/wp-json\/wp\/v2\/media\/10673"}],"wp:attachment":[{"href":"https:\/\/denizcankizil.tr\/en\/wp-json\/wp\/v2\/media?parent=10672"}],"wp:term":[{"taxonomy":"category","embeddable":true,"href":"https:\/\/denizcankizil.tr\/en\/wp-json\/wp\/v2\/categories?post=10672"},{"taxonomy":"post_tag","embeddable":true,"href":"https:\/\/denizcankizil.tr\/en\/wp-json\/wp\/v2\/tags?post=10672"}],"curies":[{"name":"wp","href":"https:\/\/api.w.org\/{rel}","templated":true}]}}