{"id":106275,"date":"2025-06-04T14:41:51","date_gmt":"2025-06-04T11:41:51","guid":{"rendered":"https:\/\/denizcankizil.tr\/uncategorized-tr\/baskan-uysal-belediye-calisanlariyla-bayramlasti\/"},"modified":"2025-06-04T14:41:51","modified_gmt":"2025-06-04T11:41:51","slug":"baskan-uysal-belediye-calisanlariyla-bayramlasti","status":"publish","type":"post","link":"https:\/\/denizcankizil.tr\/en\/haberler\/antalya\/baskan-uysal-belediye-calisanlariyla-bayramlasti\/","title":{"rendered":"Ba\u015fkan Uysal belediye \u00e7al\u0131\u015fanlar\u0131yla bayramla\u015ft\u0131"},"content":{"rendered":"<p>Bayram tatilinin ba\u015flayaca\u011f\u0131 6 Haziran \u00f6ncesi d\u00fczenlenen bayramla\u015fmalar\u0131n ilk dura\u011f\u0131 Fen \u0130\u015fleri M\u00fcd\u00fcrl\u00fc\u011f\u00fc oldu. Ba\u015fkan Uysal, burada personelin bayram\u0131n\u0131 kutlad\u0131ktan sonra, Muratpa\u015fa Belediyesi ana hizmet binas\u0131nda d\u00fczenlenen ikinci t\u00f6rende \u00e7al\u0131\u015fanlarla yeniden bir araya geldi. Belediye fuayesinde ger\u00e7ekle\u015fen t\u00f6rende konu\u015fan Ba\u015fkan Uysal, T\u00fcrkiye&#8217;nin i\u00e7inde bulundu\u011fu ekonomik zorluklara dikkat \u00e7ekerek, &#8220;Ama biz y\u0131lmadan \u00e7al\u0131\u015f\u0131yoruz. Dimdik ayaktay\u0131z. Niteli\u011finden, kalitesinden ve duru\u015fundan hi\u00e7bir \u015fey kaybetmeyen \u00f6rnek bir belediyeyiz&#8221; dedi.<\/p>\n<p>&#8220;Bu m\u00fccadeleden asla geri ad\u0131m atmad\u0131k&#8221;<br \/>\nUysal, t\u00fcm olumsuz \u015fartlara ra\u011fmen g\u00f6revlerine ilk g\u00fcnk\u00fc heyecanla devam ettiklerini belirtti. &#8220;\u00c7al\u0131\u015fanlar\u0131m\u0131za b\u0131rak\u0131lacak en b\u00fcy\u00fck hediye, onlar\u0131n emeklerine, haklar\u0131na ve gelece\u011fine sahip \u00e7\u0131kmakt\u0131r&#8221; diyen Ba\u015fkan Uysal, &#8220;Bu m\u00fccadeleden asla geri ad\u0131m atmad\u0131k. Bu kararl\u0131l\u0131kla direniyor, yolumuza devam ediyoruz. Motivasyonumuzdan en k\u00fc\u00e7\u00fck bir kayb\u0131m\u0131z yok. \u00c7\u00fcnk\u00fc bu motivasyon bizim hayata ba\u011fl\u0131l\u0131\u011f\u0131m\u0131zd\u0131r. \u00c7ocuklar\u0131m\u0131z\u0131n, evimizin, toplumumuzun gelece\u011fi i\u00e7in \u00e7al\u0131\u015f\u0131yoruz. Ya\u015fam\u0131 daha anlaml\u0131 ve huzurlu hale getirmek i\u00e7in de\u011ferli insanlarla birlikte \u00e7abal\u0131yoruz&#8221; dedi.<\/p>\n<p>&#8220;Hepinize sevdiklerinizle birlikte mutlu bir bayram diliyorum&#8221;<br \/>\nT\u00fcm \u00e7al\u0131\u015fanlar\u0131n bayram\u0131n\u0131 kutlayan Ba\u015fkan Uysal, &#8220;Emekleriniz, al\u0131n teriniz, dayan\u0131\u015fman\u0131z, dostlu\u011funuz ve t\u00fcm m\u00fccadeleleriniz i\u00e7in her birinize ayr\u0131 ayr\u0131 te\u015fekk\u00fcr ediyorum. Sadece sizlere de\u011fil, g\u00fcc\u00fcn\u00fcz\u00fc payla\u015fan, hayat\u0131n\u0131z\u0131 kolayla\u015ft\u0131ran \u00e7ocuklar\u0131n\u0131za, karde\u015flerinize, anne babalar\u0131n\u0131za, ailelerinize ve dostlar\u0131n\u0131za da te\u015fekk\u00fcr ediyorum. Hepinize sevdiklerinizle birlikte mutlu bir bayram diliyorum&#8221; ifadelerini kulland\u0131.<\/p>\n<p>Kaynak: www.kanalv.com.tr Haber Sitesinden Al\u0131nm\u0131\u015ft\u0131r.<\/p>","protected":false},"excerpt":{"rendered":"<p>Bayram tatilinin ba\u015flayaca\u011f\u0131 6 Haziran \u00f6ncesi d\u00fczenlenen bayramla\u015fmalar\u0131n ilk dura\u011f\u0131 Fen \u0130\u015fleri M\u00fcd\u00fcrl\u00fc\u011f\u00fc oldu. Ba\u015fkan Uysal, burada personelin bayram\u0131n\u0131 kutlad\u0131ktan sonra, Muratpa\u015fa Belediyesi ana hizmet binas\u0131nda d\u00fczenlenen ikinci t\u00f6rende \u00e7al\u0131\u015fanlarla yeniden bir araya geldi. Belediye fuayesinde ger\u00e7ekle\u015fen t\u00f6rende konu\u015fan Ba\u015fkan Uysal, T\u00fcrkiye&#8217;nin i\u00e7inde bulundu\u011fu ekonomik zorluklara dikkat \u00e7ekerek, &#8220;Ama biz y\u0131lmadan \u00e7al\u0131\u015f\u0131yoruz. Dimdik ayaktay\u0131z. Niteli\u011finden, kalitesinden ve duru\u015fundan hi\u00e7bir \u015fey kaybetmeyen \u00f6rnek bir belediyeyiz&#8221; dedi. &#8220;Bu m\u00fccadeleden asla geri ad\u0131m atmad\u0131k&#8221; Uysal, t\u00fcm olumsuz \u015fartlara ra\u011fmen g\u00f6revlerine ilk g\u00fcnk\u00fc heyecanla devam ettiklerini belirtti. &#8220;\u00c7al\u0131\u015fanlar\u0131m\u0131za b\u0131rak\u0131lacak en b\u00fcy\u00fck hediye, onlar\u0131n emeklerine, haklar\u0131na ve gelece\u011fine sahip \u00e7\u0131kmakt\u0131r&#8221; diyen Ba\u015fkan Uysal, &#8220;Bu m\u00fccadeleden asla geri ad\u0131m atmad\u0131k. Bu kararl\u0131l\u0131kla direniyor, yolumuza devam ediyoruz. Motivasyonumuzdan en k\u00fc\u00e7\u00fck bir kayb\u0131m\u0131z yok. \u00c7\u00fcnk\u00fc bu motivasyon bizim hayata ba\u011fl\u0131l\u0131\u011f\u0131m\u0131zd\u0131r. \u00c7ocuklar\u0131m\u0131z\u0131n, evimizin, toplumumuzun gelece\u011fi i\u00e7in \u00e7al\u0131\u015f\u0131yoruz. Ya\u015fam\u0131 daha anlaml\u0131 ve huzurlu hale getirmek i\u00e7in de\u011ferli insanlarla birlikte \u00e7abal\u0131yoruz&#8221; dedi. &#8220;Hepinize sevdiklerinizle birlikte mutlu bir bayram diliyorum&#8221; T\u00fcm \u00e7al\u0131\u015fanlar\u0131n bayram\u0131n\u0131 kutlayan Ba\u015fkan Uysal, &#8220;Emekleriniz, al\u0131n teriniz, dayan\u0131\u015fman\u0131z, dostlu\u011funuz ve t\u00fcm m\u00fccadeleleriniz i\u00e7in her birinize ayr\u0131 ayr\u0131 te\u015fekk\u00fcr ediyorum. Sadece sizlere de\u011fil, g\u00fcc\u00fcn\u00fcz\u00fc payla\u015fan, hayat\u0131n\u0131z\u0131 kolayla\u015ft\u0131ran \u00e7ocuklar\u0131n\u0131za, karde\u015flerinize, anne babalar\u0131n\u0131za, ailelerinize ve dostlar\u0131n\u0131za da te\u015fekk\u00fcr ediyorum. Hepinize sevdiklerinizle birlikte mutlu bir bayram diliyorum&#8221; ifadelerini kulland\u0131. Kaynak: www.kanalv.com.tr Haber Sitesinden Al\u0131nm\u0131\u015ft\u0131r.<\/p>","protected":false},"author":4,"featured_media":106276,"comment_status":"","ping_status":"open","sticky":false,"template":"","format":"standard","meta":{"_acf_changed":false,"footnotes":""},"categories":[26],"tags":[],"class_list":["post-106275","post","type-post","status-publish","format-standard","has-post-thumbnail","hentry","category-antalya"],"acf":[],"yoast_head":"<!-- This site is optimized with the Yoast SEO Premium plugin v26.6 (Yoast SEO v27.1.1) - https:\/\/yoast.com\/product\/yoast-seo-premium-wordpress\/ -->\n<title>Ba\u015fkan Uysal belediye \u00e7al\u0131\u015fanlar\u0131yla bayramla\u015ft\u0131 - Av. Deniz Can K\u0131z\u0131l<\/title>\n<meta name=\"robots\" content=\"index, follow, max-snippet:-1, max-image-preview:large, max-video-preview:-1\" \/>\n<link rel=\"canonical\" href=\"https:\/\/denizcankizil.tr\/en\/haberler\/antalya\/baskan-uysal-belediye-calisanlariyla-bayramlasti\/\" \/>\n<meta property=\"og:locale\" content=\"en_GB\" \/>\n<meta property=\"og:type\" content=\"article\" \/>\n<meta property=\"og:title\" content=\"Ba\u015fkan Uysal belediye \u00e7al\u0131\u015fanlar\u0131yla bayramla\u015ft\u0131\" \/>\n<meta property=\"og:description\" content=\"Bayram tatilinin ba\u015flayaca\u011f\u0131 6 Haziran \u00f6ncesi d\u00fczenlenen bayramla\u015fmalar\u0131n ilk dura\u011f\u0131 Fen \u0130\u015fleri M\u00fcd\u00fcrl\u00fc\u011f\u00fc oldu. Ba\u015fkan Uysal, burada personelin bayram\u0131n\u0131 kutlad\u0131ktan sonra, Muratpa\u015fa Belediyesi ana hizmet binas\u0131nda d\u00fczenlenen ikinci t\u00f6rende \u00e7al\u0131\u015fanlarla yeniden bir araya geldi. Belediye fuayesinde ger\u00e7ekle\u015fen t\u00f6rende konu\u015fan Ba\u015fkan Uysal, T\u00fcrkiye&#8217;nin i\u00e7inde bulundu\u011fu ekonomik zorluklara dikkat \u00e7ekerek, &#8220;Ama biz y\u0131lmadan \u00e7al\u0131\u015f\u0131yoruz. Dimdik ayaktay\u0131z. Niteli\u011finden, kalitesinden ve duru\u015fundan hi\u00e7bir \u015fey kaybetmeyen \u00f6rnek bir belediyeyiz&#8221; dedi. &#8220;Bu m\u00fccadeleden asla geri ad\u0131m atmad\u0131k&#8221; Uysal, t\u00fcm olumsuz \u015fartlara ra\u011fmen g\u00f6revlerine ilk g\u00fcnk\u00fc heyecanla devam ettiklerini belirtti. &#8220;\u00c7al\u0131\u015fanlar\u0131m\u0131za b\u0131rak\u0131lacak en b\u00fcy\u00fck hediye, onlar\u0131n emeklerine, haklar\u0131na ve gelece\u011fine sahip \u00e7\u0131kmakt\u0131r&#8221; diyen Ba\u015fkan Uysal, &#8220;Bu m\u00fccadeleden asla geri ad\u0131m atmad\u0131k. Bu kararl\u0131l\u0131kla direniyor, yolumuza devam ediyoruz. Motivasyonumuzdan en k\u00fc\u00e7\u00fck bir kayb\u0131m\u0131z yok. \u00c7\u00fcnk\u00fc bu motivasyon bizim hayata ba\u011fl\u0131l\u0131\u011f\u0131m\u0131zd\u0131r. \u00c7ocuklar\u0131m\u0131z\u0131n, evimizin, toplumumuzun gelece\u011fi i\u00e7in \u00e7al\u0131\u015f\u0131yoruz. Ya\u015fam\u0131 daha anlaml\u0131 ve huzurlu hale getirmek i\u00e7in de\u011ferli insanlarla birlikte \u00e7abal\u0131yoruz&#8221; dedi. &#8220;Hepinize sevdiklerinizle birlikte mutlu bir bayram diliyorum&#8221; T\u00fcm \u00e7al\u0131\u015fanlar\u0131n bayram\u0131n\u0131 kutlayan Ba\u015fkan Uysal, &#8220;Emekleriniz, al\u0131n teriniz, dayan\u0131\u015fman\u0131z, dostlu\u011funuz ve t\u00fcm m\u00fccadeleleriniz i\u00e7in her birinize ayr\u0131 ayr\u0131 te\u015fekk\u00fcr ediyorum. Sadece sizlere de\u011fil, g\u00fcc\u00fcn\u00fcz\u00fc payla\u015fan, hayat\u0131n\u0131z\u0131 kolayla\u015ft\u0131ran \u00e7ocuklar\u0131n\u0131za, karde\u015flerinize, anne babalar\u0131n\u0131za, ailelerinize ve dostlar\u0131n\u0131za da te\u015fekk\u00fcr ediyorum. Hepinize sevdiklerinizle birlikte mutlu bir bayram diliyorum&#8221; ifadelerini kulland\u0131. Kaynak: www.kanalv.com.tr Haber Sitesinden Al\u0131nm\u0131\u015ft\u0131r.\" \/>\n<meta property=\"og:url\" content=\"https:\/\/denizcankizil.tr\/en\/haberler\/antalya\/baskan-uysal-belediye-calisanlariyla-bayramlasti\/\" \/>\n<meta property=\"og:site_name\" content=\"Av. Deniz Can K\u0131z\u0131l\" \/>\n<meta property=\"article:published_time\" content=\"2025-06-04T11:41:51+00:00\" \/>\n<meta property=\"og:image\" content=\"https:\/\/denizcankizil.tr\/wp-content\/uploads\/2025\/06\/6703-01-suovOF.jpg\" \/>\n\t<meta property=\"og:image:width\" content=\"1280\" \/>\n\t<meta property=\"og:image:height\" content=\"720\" \/>\n\t<meta property=\"og:image:type\" content=\"image\/jpeg\" \/>\n<meta name=\"author\" content=\"Av. Deniz Can K\u0131z\u0131l\" \/>\n<meta name=\"twitter:card\" content=\"summary_large_image\" \/>\n<meta name=\"twitter:label1\" content=\"Written by\" \/>\n\t<meta name=\"twitter:data1\" content=\"Av. Deniz Can K\u0131z\u0131l\" \/>\n\t<meta name=\"twitter:label2\" content=\"Estimated reading time\" \/>\n\t<meta name=\"twitter:data2\" content=\"2 minutes\" \/>\n<script type=\"application\/ld+json\" class=\"yoast-schema-graph\">{\"@context\":\"https:\/\/schema.org\",\"@graph\":[{\"@type\":\"Article\",\"@id\":\"https:\/\/denizcankizil.tr\/en\/haberler\/antalya\/baskan-uysal-belediye-calisanlariyla-bayramlasti\/#article\",\"isPartOf\":{\"@id\":\"https:\/\/denizcankizil.tr\/en\/haberler\/antalya\/baskan-uysal-belediye-calisanlariyla-bayramlasti\/\"},\"author\":{\"name\":\"Av. Deniz Can K\u0131z\u0131l\",\"@id\":\"https:\/\/denizcankizil.tr\/#\/schema\/person\/5dc1b22991bd7ac833867c10afc9b0ff\"},\"headline\":\"Ba\u015fkan Uysal belediye \u00e7al\u0131\u015fanlar\u0131yla bayramla\u015ft\u0131\",\"datePublished\":\"2025-06-04T11:41:51+00:00\",\"mainEntityOfPage\":{\"@id\":\"https:\/\/denizcankizil.tr\/en\/haberler\/antalya\/baskan-uysal-belediye-calisanlariyla-bayramlasti\/\"},\"wordCount\":317,\"publisher\":{\"@id\":\"https:\/\/denizcankizil.tr\/#organization\"},\"image\":{\"@id\":\"https:\/\/denizcankizil.tr\/en\/haberler\/antalya\/baskan-uysal-belediye-calisanlariyla-bayramlasti\/#primaryimage\"},\"thumbnailUrl\":\"https:\/\/denizcankizil.tr\/wp-content\/uploads\/2025\/06\/6703-01-suovOF.jpg\",\"articleSection\":[\"Antalya\"],\"inLanguage\":\"en-GB\"},{\"@type\":\"WebPage\",\"@id\":\"https:\/\/denizcankizil.tr\/en\/haberler\/antalya\/baskan-uysal-belediye-calisanlariyla-bayramlasti\/\",\"url\":\"https:\/\/denizcankizil.tr\/en\/haberler\/antalya\/baskan-uysal-belediye-calisanlariyla-bayramlasti\/\",\"name\":\"Ba\u015fkan Uysal belediye \u00e7al\u0131\u015fanlar\u0131yla bayramla\u015ft\u0131 - Av. Deniz Can K\u0131z\u0131l\",\"isPartOf\":{\"@id\":\"https:\/\/denizcankizil.tr\/#website\"},\"primaryImageOfPage\":{\"@id\":\"https:\/\/denizcankizil.tr\/en\/haberler\/antalya\/baskan-uysal-belediye-calisanlariyla-bayramlasti\/#primaryimage\"},\"image\":{\"@id\":\"https:\/\/denizcankizil.tr\/en\/haberler\/antalya\/baskan-uysal-belediye-calisanlariyla-bayramlasti\/#primaryimage\"},\"thumbnailUrl\":\"https:\/\/denizcankizil.tr\/wp-content\/uploads\/2025\/06\/6703-01-suovOF.jpg\",\"datePublished\":\"2025-06-04T11:41:51+00:00\",\"breadcrumb\":{\"@id\":\"https:\/\/denizcankizil.tr\/en\/haberler\/antalya\/baskan-uysal-belediye-calisanlariyla-bayramlasti\/#breadcrumb\"},\"inLanguage\":\"en-GB\",\"potentialAction\":[{\"@type\":\"ReadAction\",\"target\":[\"https:\/\/denizcankizil.tr\/en\/haberler\/antalya\/baskan-uysal-belediye-calisanlariyla-bayramlasti\/\"]}]},{\"@type\":\"ImageObject\",\"inLanguage\":\"en-GB\",\"@id\":\"https:\/\/denizcankizil.tr\/en\/haberler\/antalya\/baskan-uysal-belediye-calisanlariyla-bayramlasti\/#primaryimage\",\"url\":\"https:\/\/denizcankizil.tr\/wp-content\/uploads\/2025\/06\/6703-01-suovOF.jpg\",\"contentUrl\":\"https:\/\/denizcankizil.tr\/wp-content\/uploads\/2025\/06\/6703-01-suovOF.jpg\",\"width\":1280,\"height\":720},{\"@type\":\"BreadcrumbList\",\"@id\":\"https:\/\/denizcankizil.tr\/en\/haberler\/antalya\/baskan-uysal-belediye-calisanlariyla-bayramlasti\/#breadcrumb\",\"itemListElement\":[{\"@type\":\"ListItem\",\"position\":1,\"name\":\"Home\",\"item\":\"https:\/\/denizcankizil.tr\/de\/\"},{\"@type\":\"ListItem\",\"position\":2,\"name\":\"Ba\u015fkan Uysal belediye \u00e7al\u0131\u015fanlar\u0131yla bayramla\u015ft\u0131\"}]},{\"@type\":\"WebSite\",\"@id\":\"https:\/\/denizcankizil.tr\/#website\",\"url\":\"https:\/\/denizcankizil.tr\/\",\"name\":\"Av. Deniz Can K\u0131z\u0131l\",\"description\":\"Avukat Deniz Can K\u0131z\u0131l Antalya Barosu\",\"publisher\":{\"@id\":\"https:\/\/denizcankizil.tr\/#organization\"},\"potentialAction\":[{\"@type\":\"SearchAction\",\"target\":{\"@type\":\"EntryPoint\",\"urlTemplate\":\"https:\/\/denizcankizil.tr\/?s={search_term_string}\"},\"query-input\":{\"@type\":\"PropertyValueSpecification\",\"valueRequired\":true,\"valueName\":\"search_term_string\"}}],\"inLanguage\":\"en-GB\"},{\"@type\":\"Organization\",\"@id\":\"https:\/\/denizcankizil.tr\/#organization\",\"name\":\"Av. Deniz Can K\u0131z\u0131l\",\"url\":\"https:\/\/denizcankizil.tr\/\",\"logo\":{\"@type\":\"ImageObject\",\"inLanguage\":\"en-GB\",\"@id\":\"https:\/\/denizcankizil.tr\/#\/schema\/logo\/image\/\",\"url\":\"https:\/\/denizcankizil.tr\/wp-content\/uploads\/2024\/10\/siyah-logo-svg.svg\",\"contentUrl\":\"https:\/\/denizcankizil.tr\/wp-content\/uploads\/2024\/10\/siyah-logo-svg.svg\",\"width\":1080,\"height\":1080,\"caption\":\"Av. Deniz Can K\u0131z\u0131l\"},\"image\":{\"@id\":\"https:\/\/denizcankizil.tr\/#\/schema\/logo\/image\/\"}},{\"@type\":\"Person\",\"@id\":\"https:\/\/denizcankizil.tr\/#\/schema\/person\/5dc1b22991bd7ac833867c10afc9b0ff\",\"name\":\"Av. Deniz Can K\u0131z\u0131l\",\"image\":{\"@type\":\"ImageObject\",\"inLanguage\":\"en-GB\",\"@id\":\"https:\/\/denizcankizil.tr\/#\/schema\/person\/image\/\",\"url\":\"https:\/\/secure.gravatar.com\/avatar\/a0b128fb9855c79efc976d5640eedb31dc35ec297594d6016d2cf7c60e975bb6?s=96&d=mm&r=g\",\"contentUrl\":\"https:\/\/secure.gravatar.com\/avatar\/a0b128fb9855c79efc976d5640eedb31dc35ec297594d6016d2cf7c60e975bb6?s=96&d=mm&r=g\",\"caption\":\"Av. Deniz Can K\u0131z\u0131l\"},\"sameAs\":[\"http:\/\/www.denizcankizil.tr\"],\"url\":\"https:\/\/denizcankizil.tr\/en\/author\/denizcankizil\/\"}]}<\/script>\n<!-- \/ Yoast SEO Premium plugin. -->","yoast_head_json":{"title":"Ba\u015fkan Uysal belediye \u00e7al\u0131\u015fanlar\u0131yla bayramla\u015ft\u0131 - Av. Deniz Can K\u0131z\u0131l","robots":{"index":"index","follow":"follow","max-snippet":"max-snippet:-1","max-image-preview":"max-image-preview:large","max-video-preview":"max-video-preview:-1"},"canonical":"https:\/\/denizcankizil.tr\/en\/haberler\/antalya\/baskan-uysal-belediye-calisanlariyla-bayramlasti\/","og_locale":"en_GB","og_type":"article","og_title":"Ba\u015fkan Uysal belediye \u00e7al\u0131\u015fanlar\u0131yla bayramla\u015ft\u0131","og_description":"Bayram tatilinin ba\u015flayaca\u011f\u0131 6 Haziran \u00f6ncesi d\u00fczenlenen bayramla\u015fmalar\u0131n ilk dura\u011f\u0131 Fen \u0130\u015fleri M\u00fcd\u00fcrl\u00fc\u011f\u00fc oldu. Ba\u015fkan Uysal, burada personelin bayram\u0131n\u0131 kutlad\u0131ktan sonra, Muratpa\u015fa Belediyesi ana hizmet binas\u0131nda d\u00fczenlenen ikinci t\u00f6rende \u00e7al\u0131\u015fanlarla yeniden bir araya geldi. Belediye fuayesinde ger\u00e7ekle\u015fen t\u00f6rende konu\u015fan Ba\u015fkan Uysal, T\u00fcrkiye&#8217;nin i\u00e7inde bulundu\u011fu ekonomik zorluklara dikkat \u00e7ekerek, &#8220;Ama biz y\u0131lmadan \u00e7al\u0131\u015f\u0131yoruz. Dimdik ayaktay\u0131z. Niteli\u011finden, kalitesinden ve duru\u015fundan hi\u00e7bir \u015fey kaybetmeyen \u00f6rnek bir belediyeyiz&#8221; dedi. &#8220;Bu m\u00fccadeleden asla geri ad\u0131m atmad\u0131k&#8221; Uysal, t\u00fcm olumsuz \u015fartlara ra\u011fmen g\u00f6revlerine ilk g\u00fcnk\u00fc heyecanla devam ettiklerini belirtti. &#8220;\u00c7al\u0131\u015fanlar\u0131m\u0131za b\u0131rak\u0131lacak en b\u00fcy\u00fck hediye, onlar\u0131n emeklerine, haklar\u0131na ve gelece\u011fine sahip \u00e7\u0131kmakt\u0131r&#8221; diyen Ba\u015fkan Uysal, &#8220;Bu m\u00fccadeleden asla geri ad\u0131m atmad\u0131k. Bu kararl\u0131l\u0131kla direniyor, yolumuza devam ediyoruz. Motivasyonumuzdan en k\u00fc\u00e7\u00fck bir kayb\u0131m\u0131z yok. \u00c7\u00fcnk\u00fc bu motivasyon bizim hayata ba\u011fl\u0131l\u0131\u011f\u0131m\u0131zd\u0131r. \u00c7ocuklar\u0131m\u0131z\u0131n, evimizin, toplumumuzun gelece\u011fi i\u00e7in \u00e7al\u0131\u015f\u0131yoruz. Ya\u015fam\u0131 daha anlaml\u0131 ve huzurlu hale getirmek i\u00e7in de\u011ferli insanlarla birlikte \u00e7abal\u0131yoruz&#8221; dedi. &#8220;Hepinize sevdiklerinizle birlikte mutlu bir bayram diliyorum&#8221; T\u00fcm \u00e7al\u0131\u015fanlar\u0131n bayram\u0131n\u0131 kutlayan Ba\u015fkan Uysal, &#8220;Emekleriniz, al\u0131n teriniz, dayan\u0131\u015fman\u0131z, dostlu\u011funuz ve t\u00fcm m\u00fccadeleleriniz i\u00e7in her birinize ayr\u0131 ayr\u0131 te\u015fekk\u00fcr ediyorum. Sadece sizlere de\u011fil, g\u00fcc\u00fcn\u00fcz\u00fc payla\u015fan, hayat\u0131n\u0131z\u0131 kolayla\u015ft\u0131ran \u00e7ocuklar\u0131n\u0131za, karde\u015flerinize, anne babalar\u0131n\u0131za, ailelerinize ve dostlar\u0131n\u0131za da te\u015fekk\u00fcr ediyorum. Hepinize sevdiklerinizle birlikte mutlu bir bayram diliyorum&#8221; ifadelerini kulland\u0131. Kaynak: www.kanalv.com.tr Haber Sitesinden Al\u0131nm\u0131\u015ft\u0131r.","og_url":"https:\/\/denizcankizil.tr\/en\/haberler\/antalya\/baskan-uysal-belediye-calisanlariyla-bayramlasti\/","og_site_name":"Av. Deniz Can K\u0131z\u0131l","article_published_time":"2025-06-04T11:41:51+00:00","og_image":[{"width":1280,"height":720,"url":"https:\/\/denizcankizil.tr\/wp-content\/uploads\/2025\/06\/6703-01-suovOF.jpg","type":"image\/jpeg"}],"author":"Av. Deniz Can K\u0131z\u0131l","twitter_card":"summary_large_image","twitter_misc":{"Written by":"Av. Deniz Can K\u0131z\u0131l","Estimated reading time":"2 minutes"},"schema":{"@context":"https:\/\/schema.org","@graph":[{"@type":"Article","@id":"https:\/\/denizcankizil.tr\/en\/haberler\/antalya\/baskan-uysal-belediye-calisanlariyla-bayramlasti\/#article","isPartOf":{"@id":"https:\/\/denizcankizil.tr\/en\/haberler\/antalya\/baskan-uysal-belediye-calisanlariyla-bayramlasti\/"},"author":{"name":"Av. Deniz Can K\u0131z\u0131l","@id":"https:\/\/denizcankizil.tr\/#\/schema\/person\/5dc1b22991bd7ac833867c10afc9b0ff"},"headline":"Ba\u015fkan Uysal belediye \u00e7al\u0131\u015fanlar\u0131yla bayramla\u015ft\u0131","datePublished":"2025-06-04T11:41:51+00:00","mainEntityOfPage":{"@id":"https:\/\/denizcankizil.tr\/en\/haberler\/antalya\/baskan-uysal-belediye-calisanlariyla-bayramlasti\/"},"wordCount":317,"publisher":{"@id":"https:\/\/denizcankizil.tr\/#organization"},"image":{"@id":"https:\/\/denizcankizil.tr\/en\/haberler\/antalya\/baskan-uysal-belediye-calisanlariyla-bayramlasti\/#primaryimage"},"thumbnailUrl":"https:\/\/denizcankizil.tr\/wp-content\/uploads\/2025\/06\/6703-01-suovOF.jpg","articleSection":["Antalya"],"inLanguage":"en-GB"},{"@type":"WebPage","@id":"https:\/\/denizcankizil.tr\/en\/haberler\/antalya\/baskan-uysal-belediye-calisanlariyla-bayramlasti\/","url":"https:\/\/denizcankizil.tr\/en\/haberler\/antalya\/baskan-uysal-belediye-calisanlariyla-bayramlasti\/","name":"Ba\u015fkan Uysal belediye \u00e7al\u0131\u015fanlar\u0131yla bayramla\u015ft\u0131 - Av. Deniz Can K\u0131z\u0131l","isPartOf":{"@id":"https:\/\/denizcankizil.tr\/#website"},"primaryImageOfPage":{"@id":"https:\/\/denizcankizil.tr\/en\/haberler\/antalya\/baskan-uysal-belediye-calisanlariyla-bayramlasti\/#primaryimage"},"image":{"@id":"https:\/\/denizcankizil.tr\/en\/haberler\/antalya\/baskan-uysal-belediye-calisanlariyla-bayramlasti\/#primaryimage"},"thumbnailUrl":"https:\/\/denizcankizil.tr\/wp-content\/uploads\/2025\/06\/6703-01-suovOF.jpg","datePublished":"2025-06-04T11:41:51+00:00","breadcrumb":{"@id":"https:\/\/denizcankizil.tr\/en\/haberler\/antalya\/baskan-uysal-belediye-calisanlariyla-bayramlasti\/#breadcrumb"},"inLanguage":"en-GB","potentialAction":[{"@type":"ReadAction","target":["https:\/\/denizcankizil.tr\/en\/haberler\/antalya\/baskan-uysal-belediye-calisanlariyla-bayramlasti\/"]}]},{"@type":"ImageObject","inLanguage":"en-GB","@id":"https:\/\/denizcankizil.tr\/en\/haberler\/antalya\/baskan-uysal-belediye-calisanlariyla-bayramlasti\/#primaryimage","url":"https:\/\/denizcankizil.tr\/wp-content\/uploads\/2025\/06\/6703-01-suovOF.jpg","contentUrl":"https:\/\/denizcankizil.tr\/wp-content\/uploads\/2025\/06\/6703-01-suovOF.jpg","width":1280,"height":720},{"@type":"BreadcrumbList","@id":"https:\/\/denizcankizil.tr\/en\/haberler\/antalya\/baskan-uysal-belediye-calisanlariyla-bayramlasti\/#breadcrumb","itemListElement":[{"@type":"ListItem","position":1,"name":"Home","item":"https:\/\/denizcankizil.tr\/de\/"},{"@type":"ListItem","position":2,"name":"Ba\u015fkan Uysal belediye \u00e7al\u0131\u015fanlar\u0131yla bayramla\u015ft\u0131"}]},{"@type":"WebSite","@id":"https:\/\/denizcankizil.tr\/#website","url":"https:\/\/denizcankizil.tr\/","name":"Av. Deniz Can K\u0131z\u0131l","description":"Avukat Deniz Can K\u0131z\u0131l Antalya Barosu","publisher":{"@id":"https:\/\/denizcankizil.tr\/#organization"},"potentialAction":[{"@type":"SearchAction","target":{"@type":"EntryPoint","urlTemplate":"https:\/\/denizcankizil.tr\/?s={search_term_string}"},"query-input":{"@type":"PropertyValueSpecification","valueRequired":true,"valueName":"search_term_string"}}],"inLanguage":"en-GB"},{"@type":"Organization","@id":"https:\/\/denizcankizil.tr\/#organization","name":"Av. Deniz Can K\u0131z\u0131l","url":"https:\/\/denizcankizil.tr\/","logo":{"@type":"ImageObject","inLanguage":"en-GB","@id":"https:\/\/denizcankizil.tr\/#\/schema\/logo\/image\/","url":"https:\/\/denizcankizil.tr\/wp-content\/uploads\/2024\/10\/siyah-logo-svg.svg","contentUrl":"https:\/\/denizcankizil.tr\/wp-content\/uploads\/2024\/10\/siyah-logo-svg.svg","width":1080,"height":1080,"caption":"Av. Deniz Can K\u0131z\u0131l"},"image":{"@id":"https:\/\/denizcankizil.tr\/#\/schema\/logo\/image\/"}},{"@type":"Person","@id":"https:\/\/denizcankizil.tr\/#\/schema\/person\/5dc1b22991bd7ac833867c10afc9b0ff","name":"Av. Deniz Can K\u0131z\u0131l","image":{"@type":"ImageObject","inLanguage":"en-GB","@id":"https:\/\/denizcankizil.tr\/#\/schema\/person\/image\/","url":"https:\/\/secure.gravatar.com\/avatar\/a0b128fb9855c79efc976d5640eedb31dc35ec297594d6016d2cf7c60e975bb6?s=96&d=mm&r=g","contentUrl":"https:\/\/secure.gravatar.com\/avatar\/a0b128fb9855c79efc976d5640eedb31dc35ec297594d6016d2cf7c60e975bb6?s=96&d=mm&r=g","caption":"Av. Deniz Can K\u0131z\u0131l"},"sameAs":["http:\/\/www.denizcankizil.tr"],"url":"https:\/\/denizcankizil.tr\/en\/author\/denizcankizil\/"}]}},"_links":{"self":[{"href":"https:\/\/denizcankizil.tr\/en\/wp-json\/wp\/v2\/posts\/106275","targetHints":{"allow":["GET"]}}],"collection":[{"href":"https:\/\/denizcankizil.tr\/en\/wp-json\/wp\/v2\/posts"}],"about":[{"href":"https:\/\/denizcankizil.tr\/en\/wp-json\/wp\/v2\/types\/post"}],"author":[{"embeddable":true,"href":"https:\/\/denizcankizil.tr\/en\/wp-json\/wp\/v2\/users\/4"}],"replies":[{"embeddable":true,"href":"https:\/\/denizcankizil.tr\/en\/wp-json\/wp\/v2\/comments?post=106275"}],"version-history":[{"count":0,"href":"https:\/\/denizcankizil.tr\/en\/wp-json\/wp\/v2\/posts\/106275\/revisions"}],"wp:featuredmedia":[{"embeddable":true,"href":"https:\/\/denizcankizil.tr\/en\/wp-json\/wp\/v2\/media\/106276"}],"wp:attachment":[{"href":"https:\/\/denizcankizil.tr\/en\/wp-json\/wp\/v2\/media?parent=106275"}],"wp:term":[{"taxonomy":"category","embeddable":true,"href":"https:\/\/denizcankizil.tr\/en\/wp-json\/wp\/v2\/categories?post=106275"},{"taxonomy":"post_tag","embeddable":true,"href":"https:\/\/denizcankizil.tr\/en\/wp-json\/wp\/v2\/tags?post=106275"}],"curies":[{"name":"wp","href":"https:\/\/api.w.org\/{rel}","templated":true}]}}