{"id":106191,"date":"2025-06-04T12:41:17","date_gmt":"2025-06-04T09:41:17","guid":{"rendered":"https:\/\/denizcankizil.tr\/uncategorized-tr\/selaleyi-ziyarete-gelen-turistler-saskina-dondu\/"},"modified":"2025-06-04T12:41:17","modified_gmt":"2025-06-04T09:41:17","slug":"selaleyi-ziyarete-gelen-turistler-saskina-dondu","status":"publish","type":"post","link":"https:\/\/denizcankizil.tr\/en\/haberler\/antalya\/selaleyi-ziyarete-gelen-turistler-saskina-dondu\/","title":{"rendered":"\u015eelaleyi ziyarete gelen turistler \u015fa\u015fk\u0131na d\u00f6nd\u00fc"},"content":{"rendered":"<p>Antalya&#8217;n\u0131n Manavgat il\u00e7esinde hava s\u0131cakl\u0131klar\u0131n\u0131n artmas\u0131 ve barajlarda elektrik \u00fcretimi i\u00e7in su depolanmas\u0131 nedeniyle Manavgat Irma\u011f\u0131&#8217;nda su seviyesi g\u00f6zle g\u00f6r\u00fcl\u00fcr \u015fekilde d\u00fc\u015ft\u00fc. Bu durum, her g\u00fcn binlerce yerli ve yabanc\u0131 turistin ziyaret etti\u011fi Manavgat \u015eelalesi&#8217;nde dikkat \u00e7ekici manzaralar olu\u015fturdu. Irmak yata\u011f\u0131nda su seviyesinin azalmas\u0131, \u015felaleyi olu\u015fturan kayalar\u0131n tamamen ortaya \u00e7\u0131kmas\u0131na ve \u015felalenin alt\u0131nda k\u00fc\u00e7\u00fck adac\u0131klar\u0131n olu\u015fmas\u0131na neden oldu.<\/p>\n<p>Turistler hayal k\u0131r\u0131kl\u0131\u011f\u0131na u\u011frad\u0131<br \/>\nK\u00fc\u00e7\u00fck \u015eelale olarak bilinen \u015favlak b\u00f6lgesinde ise su seviyesindeki d\u00fc\u015f\u00fc\u015f sebebiyle \u0131rma\u011f\u0131n bir yakas\u0131ndan di\u011fer yakas\u0131na y\u00fcr\u00fcyerek ge\u00e7ebilecek duruma geldi. \u015eelaleyi g\u00f6rmek i\u00e7in gelen turistler, bekledikleri manzaran\u0131n aksine kayal\u0131k ve neredeyse susuz bir g\u00f6r\u00fcnt\u00fcyle kar\u015f\u0131la\u015f\u0131nca hayal k\u0131r\u0131kl\u0131\u011f\u0131 ya\u015fad\u0131. \u015eelalede i\u015fletmecilik yapan esnaflar, Manavgat ve Oymap\u0131nar barajlar\u0131nda yap\u0131lan su kullan\u0131m\u0131 nedeniyle \u0131rmakta do\u011fal dengenin bozuldu\u011funu ileri s\u00fcrd\u00fc. Esnaf, sabah saatlerinde \u015felalede suyun neredeyse tamamen \u00e7ekildi\u011fini, ak\u015fam saatlerinde ise elektrik \u00fcretimi i\u00e7in baraj kapaklar\u0131n\u0131n a\u00e7\u0131lmas\u0131yla suyun yeniden y\u00fckseldi\u011fini belirtti. Bu durumun hem \u015felalenin do\u011fal g\u00f6r\u00fcnt\u00fcs\u00fcne hem de turistik imaj\u0131na zarar verdi\u011fi ifade edildi.<\/p>\n<p>Kaynak: www.kanalv.com.tr Haber Sitesinden Al\u0131nm\u0131\u015ft\u0131r.<\/p>","protected":false},"excerpt":{"rendered":"<p>Antalya&#8217;n\u0131n Manavgat il\u00e7esinde hava s\u0131cakl\u0131klar\u0131n\u0131n artmas\u0131 ve barajlarda elektrik \u00fcretimi i\u00e7in su depolanmas\u0131 nedeniyle Manavgat Irma\u011f\u0131&#8217;nda su seviyesi g\u00f6zle g\u00f6r\u00fcl\u00fcr \u015fekilde d\u00fc\u015ft\u00fc. Bu durum, her g\u00fcn binlerce yerli ve yabanc\u0131 turistin ziyaret etti\u011fi Manavgat \u015eelalesi&#8217;nde dikkat \u00e7ekici manzaralar olu\u015fturdu. Irmak yata\u011f\u0131nda su seviyesinin azalmas\u0131, \u015felaleyi olu\u015fturan kayalar\u0131n tamamen ortaya \u00e7\u0131kmas\u0131na ve \u015felalenin alt\u0131nda k\u00fc\u00e7\u00fck adac\u0131klar\u0131n olu\u015fmas\u0131na neden oldu. Turistler hayal k\u0131r\u0131kl\u0131\u011f\u0131na u\u011frad\u0131 K\u00fc\u00e7\u00fck \u015eelale olarak bilinen \u015favlak b\u00f6lgesinde ise su seviyesindeki d\u00fc\u015f\u00fc\u015f sebebiyle \u0131rma\u011f\u0131n bir yakas\u0131ndan di\u011fer yakas\u0131na y\u00fcr\u00fcyerek ge\u00e7ebilecek duruma geldi. \u015eelaleyi g\u00f6rmek i\u00e7in gelen turistler, bekledikleri manzaran\u0131n aksine kayal\u0131k ve neredeyse susuz bir g\u00f6r\u00fcnt\u00fcyle kar\u015f\u0131la\u015f\u0131nca hayal k\u0131r\u0131kl\u0131\u011f\u0131 ya\u015fad\u0131. \u015eelalede i\u015fletmecilik yapan esnaflar, Manavgat ve Oymap\u0131nar barajlar\u0131nda yap\u0131lan su kullan\u0131m\u0131 nedeniyle \u0131rmakta do\u011fal dengenin bozuldu\u011funu ileri s\u00fcrd\u00fc. Esnaf, sabah saatlerinde \u015felalede suyun neredeyse tamamen \u00e7ekildi\u011fini, ak\u015fam saatlerinde ise elektrik \u00fcretimi i\u00e7in baraj kapaklar\u0131n\u0131n a\u00e7\u0131lmas\u0131yla suyun yeniden y\u00fckseldi\u011fini belirtti. Bu durumun hem \u015felalenin do\u011fal g\u00f6r\u00fcnt\u00fcs\u00fcne hem de turistik imaj\u0131na zarar verdi\u011fi ifade edildi. Kaynak: www.kanalv.com.tr Haber Sitesinden Al\u0131nm\u0131\u015ft\u0131r.<\/p>","protected":false},"author":4,"featured_media":106192,"comment_status":"","ping_status":"open","sticky":false,"template":"","format":"standard","meta":{"_acf_changed":false,"footnotes":""},"categories":[26],"tags":[],"class_list":["post-106191","post","type-post","status-publish","format-standard","has-post-thumbnail","hentry","category-antalya"],"acf":[],"yoast_head":"<!-- This site is optimized with the Yoast SEO Premium plugin v26.6 (Yoast SEO v27.1.1) - https:\/\/yoast.com\/product\/yoast-seo-premium-wordpress\/ -->\n<title>\u015eelaleyi ziyarete gelen turistler \u015fa\u015fk\u0131na d\u00f6nd\u00fc - Av. Deniz Can K\u0131z\u0131l<\/title>\n<meta name=\"robots\" content=\"index, follow, max-snippet:-1, max-image-preview:large, max-video-preview:-1\" \/>\n<link rel=\"canonical\" href=\"https:\/\/denizcankizil.tr\/en\/haberler\/antalya\/selaleyi-ziyarete-gelen-turistler-saskina-dondu\/\" \/>\n<meta property=\"og:locale\" content=\"en_GB\" \/>\n<meta property=\"og:type\" content=\"article\" \/>\n<meta property=\"og:title\" content=\"\u015eelaleyi ziyarete gelen turistler \u015fa\u015fk\u0131na d\u00f6nd\u00fc\" \/>\n<meta property=\"og:description\" content=\"Antalya&#8217;n\u0131n Manavgat il\u00e7esinde hava s\u0131cakl\u0131klar\u0131n\u0131n artmas\u0131 ve barajlarda elektrik \u00fcretimi i\u00e7in su depolanmas\u0131 nedeniyle Manavgat Irma\u011f\u0131&#8217;nda su seviyesi g\u00f6zle g\u00f6r\u00fcl\u00fcr \u015fekilde d\u00fc\u015ft\u00fc. Bu durum, her g\u00fcn binlerce yerli ve yabanc\u0131 turistin ziyaret etti\u011fi Manavgat \u015eelalesi&#8217;nde dikkat \u00e7ekici manzaralar olu\u015fturdu. Irmak yata\u011f\u0131nda su seviyesinin azalmas\u0131, \u015felaleyi olu\u015fturan kayalar\u0131n tamamen ortaya \u00e7\u0131kmas\u0131na ve \u015felalenin alt\u0131nda k\u00fc\u00e7\u00fck adac\u0131klar\u0131n olu\u015fmas\u0131na neden oldu. Turistler hayal k\u0131r\u0131kl\u0131\u011f\u0131na u\u011frad\u0131 K\u00fc\u00e7\u00fck \u015eelale olarak bilinen \u015favlak b\u00f6lgesinde ise su seviyesindeki d\u00fc\u015f\u00fc\u015f sebebiyle \u0131rma\u011f\u0131n bir yakas\u0131ndan di\u011fer yakas\u0131na y\u00fcr\u00fcyerek ge\u00e7ebilecek duruma geldi. \u015eelaleyi g\u00f6rmek i\u00e7in gelen turistler, bekledikleri manzaran\u0131n aksine kayal\u0131k ve neredeyse susuz bir g\u00f6r\u00fcnt\u00fcyle kar\u015f\u0131la\u015f\u0131nca hayal k\u0131r\u0131kl\u0131\u011f\u0131 ya\u015fad\u0131. \u015eelalede i\u015fletmecilik yapan esnaflar, Manavgat ve Oymap\u0131nar barajlar\u0131nda yap\u0131lan su kullan\u0131m\u0131 nedeniyle \u0131rmakta do\u011fal dengenin bozuldu\u011funu ileri s\u00fcrd\u00fc. Esnaf, sabah saatlerinde \u015felalede suyun neredeyse tamamen \u00e7ekildi\u011fini, ak\u015fam saatlerinde ise elektrik \u00fcretimi i\u00e7in baraj kapaklar\u0131n\u0131n a\u00e7\u0131lmas\u0131yla suyun yeniden y\u00fckseldi\u011fini belirtti. Bu durumun hem \u015felalenin do\u011fal g\u00f6r\u00fcnt\u00fcs\u00fcne hem de turistik imaj\u0131na zarar verdi\u011fi ifade edildi. Kaynak: www.kanalv.com.tr Haber Sitesinden Al\u0131nm\u0131\u015ft\u0131r.\" \/>\n<meta property=\"og:url\" content=\"https:\/\/denizcankizil.tr\/en\/haberler\/antalya\/selaleyi-ziyarete-gelen-turistler-saskina-dondu\/\" \/>\n<meta property=\"og:site_name\" content=\"Av. Deniz Can K\u0131z\u0131l\" \/>\n<meta property=\"article:published_time\" content=\"2025-06-04T09:41:17+00:00\" \/>\n<meta property=\"og:image\" content=\"https:\/\/denizcankizil.tr\/wp-content\/uploads\/2025\/06\/6702-01-myDxbD.jpg\" \/>\n\t<meta property=\"og:image:width\" content=\"1280\" \/>\n\t<meta property=\"og:image:height\" content=\"720\" \/>\n\t<meta property=\"og:image:type\" content=\"image\/jpeg\" \/>\n<meta name=\"author\" content=\"Av. Deniz Can K\u0131z\u0131l\" \/>\n<meta name=\"twitter:card\" content=\"summary_large_image\" \/>\n<meta name=\"twitter:label1\" content=\"Written by\" \/>\n\t<meta name=\"twitter:data1\" content=\"Av. Deniz Can K\u0131z\u0131l\" \/>\n\t<meta name=\"twitter:label2\" content=\"Estimated reading time\" \/>\n\t<meta name=\"twitter:data2\" content=\"1 minute\" \/>\n<script type=\"application\/ld+json\" class=\"yoast-schema-graph\">{\"@context\":\"https:\/\/schema.org\",\"@graph\":[{\"@type\":\"Article\",\"@id\":\"https:\/\/denizcankizil.tr\/uk\/haberler\/antalya\/selaleyi-ziyarete-gelen-turistler-saskina-dondu\/#article\",\"isPartOf\":{\"@id\":\"https:\/\/denizcankizil.tr\/uk\/haberler\/antalya\/selaleyi-ziyarete-gelen-turistler-saskina-dondu\/\"},\"author\":{\"name\":\"Av. Deniz Can K\u0131z\u0131l\",\"@id\":\"https:\/\/denizcankizil.tr\/de\/#\/schema\/person\/5dc1b22991bd7ac833867c10afc9b0ff\"},\"headline\":\"\u015eelaleyi ziyarete gelen turistler \u015fa\u015fk\u0131na d\u00f6nd\u00fc\",\"datePublished\":\"2025-06-04T09:41:17+00:00\",\"mainEntityOfPage\":{\"@id\":\"https:\/\/denizcankizil.tr\/uk\/haberler\/antalya\/selaleyi-ziyarete-gelen-turistler-saskina-dondu\/\"},\"wordCount\":250,\"publisher\":{\"@id\":\"https:\/\/denizcankizil.tr\/de\/#organization\"},\"image\":{\"@id\":\"https:\/\/denizcankizil.tr\/uk\/haberler\/antalya\/selaleyi-ziyarete-gelen-turistler-saskina-dondu\/#primaryimage\"},\"thumbnailUrl\":\"https:\/\/denizcankizil.tr\/wp-content\/uploads\/2025\/06\/6702-01-myDxbD.jpg\",\"articleSection\":[\"Antalya\"],\"inLanguage\":\"en-GB\"},{\"@type\":\"WebPage\",\"@id\":\"https:\/\/denizcankizil.tr\/uk\/haberler\/antalya\/selaleyi-ziyarete-gelen-turistler-saskina-dondu\/\",\"url\":\"https:\/\/denizcankizil.tr\/uk\/haberler\/antalya\/selaleyi-ziyarete-gelen-turistler-saskina-dondu\/\",\"name\":\"\u015eelaleyi ziyarete gelen turistler \u015fa\u015fk\u0131na d\u00f6nd\u00fc - Av. Deniz Can K\u0131z\u0131l\",\"isPartOf\":{\"@id\":\"https:\/\/denizcankizil.tr\/de\/#website\"},\"primaryImageOfPage\":{\"@id\":\"https:\/\/denizcankizil.tr\/uk\/haberler\/antalya\/selaleyi-ziyarete-gelen-turistler-saskina-dondu\/#primaryimage\"},\"image\":{\"@id\":\"https:\/\/denizcankizil.tr\/uk\/haberler\/antalya\/selaleyi-ziyarete-gelen-turistler-saskina-dondu\/#primaryimage\"},\"thumbnailUrl\":\"https:\/\/denizcankizil.tr\/wp-content\/uploads\/2025\/06\/6702-01-myDxbD.jpg\",\"datePublished\":\"2025-06-04T09:41:17+00:00\",\"breadcrumb\":{\"@id\":\"https:\/\/denizcankizil.tr\/uk\/haberler\/antalya\/selaleyi-ziyarete-gelen-turistler-saskina-dondu\/#breadcrumb\"},\"inLanguage\":\"en-GB\",\"potentialAction\":[{\"@type\":\"ReadAction\",\"target\":[\"https:\/\/denizcankizil.tr\/uk\/haberler\/antalya\/selaleyi-ziyarete-gelen-turistler-saskina-dondu\/\"]}]},{\"@type\":\"ImageObject\",\"inLanguage\":\"en-GB\",\"@id\":\"https:\/\/denizcankizil.tr\/uk\/haberler\/antalya\/selaleyi-ziyarete-gelen-turistler-saskina-dondu\/#primaryimage\",\"url\":\"https:\/\/denizcankizil.tr\/wp-content\/uploads\/2025\/06\/6702-01-myDxbD.jpg\",\"contentUrl\":\"https:\/\/denizcankizil.tr\/wp-content\/uploads\/2025\/06\/6702-01-myDxbD.jpg\",\"width\":1280,\"height\":720},{\"@type\":\"BreadcrumbList\",\"@id\":\"https:\/\/denizcankizil.tr\/uk\/haberler\/antalya\/selaleyi-ziyarete-gelen-turistler-saskina-dondu\/#breadcrumb\",\"itemListElement\":[{\"@type\":\"ListItem\",\"position\":1,\"name\":\"Home\",\"item\":\"https:\/\/denizcankizil.tr\/de\/\"},{\"@type\":\"ListItem\",\"position\":2,\"name\":\"\u015eelaleyi ziyarete gelen turistler \u015fa\u015fk\u0131na d\u00f6nd\u00fc\"}]},{\"@type\":\"WebSite\",\"@id\":\"https:\/\/denizcankizil.tr\/de\/#website\",\"url\":\"https:\/\/denizcankizil.tr\/de\/\",\"name\":\"Av. Deniz Can K\u0131z\u0131l\",\"description\":\"Avukat Deniz Can K\u0131z\u0131l Antalya Barosu\",\"publisher\":{\"@id\":\"https:\/\/denizcankizil.tr\/de\/#organization\"},\"potentialAction\":[{\"@type\":\"SearchAction\",\"target\":{\"@type\":\"EntryPoint\",\"urlTemplate\":\"https:\/\/denizcankizil.tr\/de\/?s={search_term_string}\"},\"query-input\":{\"@type\":\"PropertyValueSpecification\",\"valueRequired\":true,\"valueName\":\"search_term_string\"}}],\"inLanguage\":\"en-GB\"},{\"@type\":\"Organization\",\"@id\":\"https:\/\/denizcankizil.tr\/de\/#organization\",\"name\":\"Av. Deniz Can K\u0131z\u0131l\",\"url\":\"https:\/\/denizcankizil.tr\/de\/\",\"logo\":{\"@type\":\"ImageObject\",\"inLanguage\":\"en-GB\",\"@id\":\"https:\/\/denizcankizil.tr\/de\/#\/schema\/logo\/image\/\",\"url\":\"https:\/\/denizcankizil.tr\/wp-content\/uploads\/2024\/10\/siyah-logo-svg.svg\",\"contentUrl\":\"https:\/\/denizcankizil.tr\/wp-content\/uploads\/2024\/10\/siyah-logo-svg.svg\",\"width\":1080,\"height\":1080,\"caption\":\"Av. Deniz Can K\u0131z\u0131l\"},\"image\":{\"@id\":\"https:\/\/denizcankizil.tr\/de\/#\/schema\/logo\/image\/\"}},{\"@type\":\"Person\",\"@id\":\"https:\/\/denizcankizil.tr\/de\/#\/schema\/person\/5dc1b22991bd7ac833867c10afc9b0ff\",\"name\":\"Av. Deniz Can K\u0131z\u0131l\",\"image\":{\"@type\":\"ImageObject\",\"inLanguage\":\"en-GB\",\"@id\":\"https:\/\/denizcankizil.tr\/de\/#\/schema\/person\/image\/\",\"url\":\"https:\/\/secure.gravatar.com\/avatar\/a0b128fb9855c79efc976d5640eedb31dc35ec297594d6016d2cf7c60e975bb6?s=96&d=mm&r=g\",\"contentUrl\":\"https:\/\/secure.gravatar.com\/avatar\/a0b128fb9855c79efc976d5640eedb31dc35ec297594d6016d2cf7c60e975bb6?s=96&d=mm&r=g\",\"caption\":\"Av. Deniz Can K\u0131z\u0131l\"},\"sameAs\":[\"http:\/\/www.denizcankizil.tr\"],\"url\":\"https:\/\/denizcankizil.tr\/en\/author\/denizcankizil\/\"}]}<\/script>\n<!-- \/ Yoast SEO Premium plugin. -->","yoast_head_json":{"title":"\u015eelaleyi ziyarete gelen turistler \u015fa\u015fk\u0131na d\u00f6nd\u00fc - Av. Deniz Can K\u0131z\u0131l","robots":{"index":"index","follow":"follow","max-snippet":"max-snippet:-1","max-image-preview":"max-image-preview:large","max-video-preview":"max-video-preview:-1"},"canonical":"https:\/\/denizcankizil.tr\/en\/haberler\/antalya\/selaleyi-ziyarete-gelen-turistler-saskina-dondu\/","og_locale":"en_GB","og_type":"article","og_title":"\u015eelaleyi ziyarete gelen turistler \u015fa\u015fk\u0131na d\u00f6nd\u00fc","og_description":"Antalya&#8217;n\u0131n Manavgat il\u00e7esinde hava s\u0131cakl\u0131klar\u0131n\u0131n artmas\u0131 ve barajlarda elektrik \u00fcretimi i\u00e7in su depolanmas\u0131 nedeniyle Manavgat Irma\u011f\u0131&#8217;nda su seviyesi g\u00f6zle g\u00f6r\u00fcl\u00fcr \u015fekilde d\u00fc\u015ft\u00fc. Bu durum, her g\u00fcn binlerce yerli ve yabanc\u0131 turistin ziyaret etti\u011fi Manavgat \u015eelalesi&#8217;nde dikkat \u00e7ekici manzaralar olu\u015fturdu. Irmak yata\u011f\u0131nda su seviyesinin azalmas\u0131, \u015felaleyi olu\u015fturan kayalar\u0131n tamamen ortaya \u00e7\u0131kmas\u0131na ve \u015felalenin alt\u0131nda k\u00fc\u00e7\u00fck adac\u0131klar\u0131n olu\u015fmas\u0131na neden oldu. Turistler hayal k\u0131r\u0131kl\u0131\u011f\u0131na u\u011frad\u0131 K\u00fc\u00e7\u00fck \u015eelale olarak bilinen \u015favlak b\u00f6lgesinde ise su seviyesindeki d\u00fc\u015f\u00fc\u015f sebebiyle \u0131rma\u011f\u0131n bir yakas\u0131ndan di\u011fer yakas\u0131na y\u00fcr\u00fcyerek ge\u00e7ebilecek duruma geldi. \u015eelaleyi g\u00f6rmek i\u00e7in gelen turistler, bekledikleri manzaran\u0131n aksine kayal\u0131k ve neredeyse susuz bir g\u00f6r\u00fcnt\u00fcyle kar\u015f\u0131la\u015f\u0131nca hayal k\u0131r\u0131kl\u0131\u011f\u0131 ya\u015fad\u0131. \u015eelalede i\u015fletmecilik yapan esnaflar, Manavgat ve Oymap\u0131nar barajlar\u0131nda yap\u0131lan su kullan\u0131m\u0131 nedeniyle \u0131rmakta do\u011fal dengenin bozuldu\u011funu ileri s\u00fcrd\u00fc. Esnaf, sabah saatlerinde \u015felalede suyun neredeyse tamamen \u00e7ekildi\u011fini, ak\u015fam saatlerinde ise elektrik \u00fcretimi i\u00e7in baraj kapaklar\u0131n\u0131n a\u00e7\u0131lmas\u0131yla suyun yeniden y\u00fckseldi\u011fini belirtti. Bu durumun hem \u015felalenin do\u011fal g\u00f6r\u00fcnt\u00fcs\u00fcne hem de turistik imaj\u0131na zarar verdi\u011fi ifade edildi. Kaynak: www.kanalv.com.tr Haber Sitesinden Al\u0131nm\u0131\u015ft\u0131r.","og_url":"https:\/\/denizcankizil.tr\/en\/haberler\/antalya\/selaleyi-ziyarete-gelen-turistler-saskina-dondu\/","og_site_name":"Av. Deniz Can K\u0131z\u0131l","article_published_time":"2025-06-04T09:41:17+00:00","og_image":[{"width":1280,"height":720,"url":"https:\/\/denizcankizil.tr\/wp-content\/uploads\/2025\/06\/6702-01-myDxbD.jpg","type":"image\/jpeg"}],"author":"Av. Deniz Can K\u0131z\u0131l","twitter_card":"summary_large_image","twitter_misc":{"Written by":"Av. Deniz Can K\u0131z\u0131l","Estimated reading time":"1 minute"},"schema":{"@context":"https:\/\/schema.org","@graph":[{"@type":"Article","@id":"https:\/\/denizcankizil.tr\/uk\/haberler\/antalya\/selaleyi-ziyarete-gelen-turistler-saskina-dondu\/#article","isPartOf":{"@id":"https:\/\/denizcankizil.tr\/uk\/haberler\/antalya\/selaleyi-ziyarete-gelen-turistler-saskina-dondu\/"},"author":{"name":"Av. Deniz Can K\u0131z\u0131l","@id":"https:\/\/denizcankizil.tr\/de\/#\/schema\/person\/5dc1b22991bd7ac833867c10afc9b0ff"},"headline":"\u015eelaleyi ziyarete gelen turistler \u015fa\u015fk\u0131na d\u00f6nd\u00fc","datePublished":"2025-06-04T09:41:17+00:00","mainEntityOfPage":{"@id":"https:\/\/denizcankizil.tr\/uk\/haberler\/antalya\/selaleyi-ziyarete-gelen-turistler-saskina-dondu\/"},"wordCount":250,"publisher":{"@id":"https:\/\/denizcankizil.tr\/de\/#organization"},"image":{"@id":"https:\/\/denizcankizil.tr\/uk\/haberler\/antalya\/selaleyi-ziyarete-gelen-turistler-saskina-dondu\/#primaryimage"},"thumbnailUrl":"https:\/\/denizcankizil.tr\/wp-content\/uploads\/2025\/06\/6702-01-myDxbD.jpg","articleSection":["Antalya"],"inLanguage":"en-GB"},{"@type":"WebPage","@id":"https:\/\/denizcankizil.tr\/uk\/haberler\/antalya\/selaleyi-ziyarete-gelen-turistler-saskina-dondu\/","url":"https:\/\/denizcankizil.tr\/uk\/haberler\/antalya\/selaleyi-ziyarete-gelen-turistler-saskina-dondu\/","name":"\u015eelaleyi ziyarete gelen turistler \u015fa\u015fk\u0131na d\u00f6nd\u00fc - Av. Deniz Can K\u0131z\u0131l","isPartOf":{"@id":"https:\/\/denizcankizil.tr\/de\/#website"},"primaryImageOfPage":{"@id":"https:\/\/denizcankizil.tr\/uk\/haberler\/antalya\/selaleyi-ziyarete-gelen-turistler-saskina-dondu\/#primaryimage"},"image":{"@id":"https:\/\/denizcankizil.tr\/uk\/haberler\/antalya\/selaleyi-ziyarete-gelen-turistler-saskina-dondu\/#primaryimage"},"thumbnailUrl":"https:\/\/denizcankizil.tr\/wp-content\/uploads\/2025\/06\/6702-01-myDxbD.jpg","datePublished":"2025-06-04T09:41:17+00:00","breadcrumb":{"@id":"https:\/\/denizcankizil.tr\/uk\/haberler\/antalya\/selaleyi-ziyarete-gelen-turistler-saskina-dondu\/#breadcrumb"},"inLanguage":"en-GB","potentialAction":[{"@type":"ReadAction","target":["https:\/\/denizcankizil.tr\/uk\/haberler\/antalya\/selaleyi-ziyarete-gelen-turistler-saskina-dondu\/"]}]},{"@type":"ImageObject","inLanguage":"en-GB","@id":"https:\/\/denizcankizil.tr\/uk\/haberler\/antalya\/selaleyi-ziyarete-gelen-turistler-saskina-dondu\/#primaryimage","url":"https:\/\/denizcankizil.tr\/wp-content\/uploads\/2025\/06\/6702-01-myDxbD.jpg","contentUrl":"https:\/\/denizcankizil.tr\/wp-content\/uploads\/2025\/06\/6702-01-myDxbD.jpg","width":1280,"height":720},{"@type":"BreadcrumbList","@id":"https:\/\/denizcankizil.tr\/uk\/haberler\/antalya\/selaleyi-ziyarete-gelen-turistler-saskina-dondu\/#breadcrumb","itemListElement":[{"@type":"ListItem","position":1,"name":"Home","item":"https:\/\/denizcankizil.tr\/de\/"},{"@type":"ListItem","position":2,"name":"\u015eelaleyi ziyarete gelen turistler \u015fa\u015fk\u0131na d\u00f6nd\u00fc"}]},{"@type":"WebSite","@id":"https:\/\/denizcankizil.tr\/de\/#website","url":"https:\/\/denizcankizil.tr\/de\/","name":"Av. Deniz Can K\u0131z\u0131l","description":"Avukat Deniz Can K\u0131z\u0131l Antalya Barosu","publisher":{"@id":"https:\/\/denizcankizil.tr\/de\/#organization"},"potentialAction":[{"@type":"SearchAction","target":{"@type":"EntryPoint","urlTemplate":"https:\/\/denizcankizil.tr\/de\/?s={search_term_string}"},"query-input":{"@type":"PropertyValueSpecification","valueRequired":true,"valueName":"search_term_string"}}],"inLanguage":"en-GB"},{"@type":"Organization","@id":"https:\/\/denizcankizil.tr\/de\/#organization","name":"Av. Deniz Can K\u0131z\u0131l","url":"https:\/\/denizcankizil.tr\/de\/","logo":{"@type":"ImageObject","inLanguage":"en-GB","@id":"https:\/\/denizcankizil.tr\/de\/#\/schema\/logo\/image\/","url":"https:\/\/denizcankizil.tr\/wp-content\/uploads\/2024\/10\/siyah-logo-svg.svg","contentUrl":"https:\/\/denizcankizil.tr\/wp-content\/uploads\/2024\/10\/siyah-logo-svg.svg","width":1080,"height":1080,"caption":"Av. Deniz Can K\u0131z\u0131l"},"image":{"@id":"https:\/\/denizcankizil.tr\/de\/#\/schema\/logo\/image\/"}},{"@type":"Person","@id":"https:\/\/denizcankizil.tr\/de\/#\/schema\/person\/5dc1b22991bd7ac833867c10afc9b0ff","name":"Av. Deniz Can K\u0131z\u0131l","image":{"@type":"ImageObject","inLanguage":"en-GB","@id":"https:\/\/denizcankizil.tr\/de\/#\/schema\/person\/image\/","url":"https:\/\/secure.gravatar.com\/avatar\/a0b128fb9855c79efc976d5640eedb31dc35ec297594d6016d2cf7c60e975bb6?s=96&d=mm&r=g","contentUrl":"https:\/\/secure.gravatar.com\/avatar\/a0b128fb9855c79efc976d5640eedb31dc35ec297594d6016d2cf7c60e975bb6?s=96&d=mm&r=g","caption":"Av. Deniz Can K\u0131z\u0131l"},"sameAs":["http:\/\/www.denizcankizil.tr"],"url":"https:\/\/denizcankizil.tr\/en\/author\/denizcankizil\/"}]}},"_links":{"self":[{"href":"https:\/\/denizcankizil.tr\/en\/wp-json\/wp\/v2\/posts\/106191","targetHints":{"allow":["GET"]}}],"collection":[{"href":"https:\/\/denizcankizil.tr\/en\/wp-json\/wp\/v2\/posts"}],"about":[{"href":"https:\/\/denizcankizil.tr\/en\/wp-json\/wp\/v2\/types\/post"}],"author":[{"embeddable":true,"href":"https:\/\/denizcankizil.tr\/en\/wp-json\/wp\/v2\/users\/4"}],"replies":[{"embeddable":true,"href":"https:\/\/denizcankizil.tr\/en\/wp-json\/wp\/v2\/comments?post=106191"}],"version-history":[{"count":0,"href":"https:\/\/denizcankizil.tr\/en\/wp-json\/wp\/v2\/posts\/106191\/revisions"}],"wp:featuredmedia":[{"embeddable":true,"href":"https:\/\/denizcankizil.tr\/en\/wp-json\/wp\/v2\/media\/106192"}],"wp:attachment":[{"href":"https:\/\/denizcankizil.tr\/en\/wp-json\/wp\/v2\/media?parent=106191"}],"wp:term":[{"taxonomy":"category","embeddable":true,"href":"https:\/\/denizcankizil.tr\/en\/wp-json\/wp\/v2\/categories?post=106191"},{"taxonomy":"post_tag","embeddable":true,"href":"https:\/\/denizcankizil.tr\/en\/wp-json\/wp\/v2\/tags?post=106191"}],"curies":[{"name":"wp","href":"https:\/\/api.w.org\/{rel}","templated":true}]}}