{"id":10583,"date":"2024-10-31T09:42:04","date_gmt":"2024-10-31T06:42:04","guid":{"rendered":"https:\/\/denizcankizil.tr\/uncategorized-tr\/konyaaltinin-kalbine-5-yildizli-bir-otel-daha-geliyor\/"},"modified":"2024-10-31T09:42:04","modified_gmt":"2024-10-31T06:42:04","slug":"konyaaltinin-kalbine-5-yildizli-bir-otel-daha-geliyor","status":"publish","type":"post","link":"https:\/\/denizcankizil.tr\/en\/haberler\/gundem\/konyaaltinin-kalbine-5-yildizli-bir-otel-daha-geliyor\/","title":{"rendered":"Konyaalt\u0131\u2019n\u0131n kalbine 5 y\u0131ld\u0131zl\u0131 bir otel daha geliyor!"},"content":{"rendered":"<p>Antalya\u2019n\u0131n Konyaalt\u0131 il\u00e7esi Arapsuyu Mahallesinde Konyaalt\u0131 Sahili Akdeniz Bulvar\u0131n\u0131n hemen \u00fczerinde yer alan bo\u015f araziye 5 y\u0131ld\u0131zl\u0131 bir otelin daha yap\u0131m\u0131 i\u00e7in s\u00fcre\u00e7 ba\u015flad\u0131. \u00d6zp\u0131narlar \u0130n\u015faat Taahh\u00fct Turizm Sanayi ve Ticaret A.\u015e. taraf\u0131ndan yap\u0131lmas\u0131 planlanan yeni turizm konaklama tesisinin \u00c7ED s\u00fcrecinin ba\u015flad\u0131\u011f\u0131 duyuruldu. Proje 6 bin 286 metrekare y\u00fcz \u00f6l\u00e7\u00fcm\u00fcne sahip arazi \u00fczerine kurulacak. 170 oda ve 450 yatak kapasitesine sahip olarak planlanan tesisin, toplamda 13 bin 649 metrekare in\u015faat alan\u0131 bulunuyor. 170 oda ve 450 yatak kapasitesine sahip olarak planlanan tesisin, 13 bin 649 metrekare in\u015faat alan\u0131 oldu\u011fu a\u00e7\u0131kland\u0131. \u00a0\u0130n\u015faat alan\u0131; 2 bodrum kat, zemin kat, asma kat, 8 normal kat ve \u00e7at\u0131 kat\u0131ndan olu\u015facak \u015fekilde projelendirildi. Proje ile b\u00f6lgedeki turizm ve istihdam potansiyelini art\u0131r\u0131lmas\u0131 hedefliyor.\u00a0<\/p>\n<p>5 YILDIZLI OTEL KR\u0130TERLER\u0130NE UYGUN OLARAK YAPILACAK\u00a0<\/p>\n<p>Antalya K\u00f6rfez Gazetesi muhabiri Ertu\u011frul G\u00fcn&#8217;\u00fcn haberine g\u00f6re Turizm Bakanl\u0131\u011f\u0131\u2019n\u0131n 5 y\u0131ld\u0131zl\u0131 otel kriterlerine uygun olarak yap\u0131lacak tesis, modern tasar\u0131m\u0131 ve kaliteli hizmet anlay\u0131\u015f\u0131yla hem yerli hem de yabanc\u0131 turistlere hitap edecek \u015fekilde planland\u0131. Proje kapsam\u0131nda, Antalya\u2019n\u0131n turizm potansiyelini de\u011ferlendirmek, b\u00f6lgeye daha fazla turist \u00e7ekmek ve konaklama kalitesini art\u0131rman\u0131n ama\u00e7land\u0131\u011f\u0131 ifade edildi. Bu yat\u0131r\u0131m\u0131n, istihdam yaratma ve Antalya\u2019n\u0131n turistik de\u011ferini g\u00fc\u00e7lendirme gibi katk\u0131lar sa\u011flayaca\u011f\u0131 \u00f6ng\u00f6r\u00fcld\u00fc.\u00a0<\/p>\n<p>\u00c7ALI\u015eMALAR DURDURULACAK<\/p>\n<p>\u00c7evresel Etki De\u011ferlendirmesi (\u00c7ED) s\u00fcreci de dikkate al\u0131nan projede, y\u00fcr\u00fcrl\u00fckteki \u00c7ED Y\u00f6netmeli\u011fi \u00e7er\u00e7evesinde gerekli izinler al\u0131nd\u0131ktan sonra in\u015faat \u00e7al\u0131\u015fmalar\u0131na ba\u015flanacak. Proje tan\u0131t\u0131m dosyas\u0131na g\u00f6re, do\u011fal \u00e7evreye uyum sa\u011flanacak ve b\u00f6lgede ferah, huzurlu bir tatil ortam\u0131 sunulmas\u0131 hedeflendi. \u00c7al\u0131\u015fma s\u00fcrecinde herhangi bir k\u00fclt\u00fcrel varl\u0131k bulunmas\u0131 durumunda, 2863 say\u0131l\u0131 yasa gere\u011fi \u00e7al\u0131\u015fmalar durdurulacak ve ilgili kurumlara bildirilece\u011fi ifade edildi.\u00a0<\/p>\n<p>\u00c7ED S\u00dcREC\u0130 BA\u015eLADI<\/p>\n<p>\u00c7evre, \u015eehircilik ve \u0130klim De\u011fi\u015fikli\u011fi Bakanl\u0131\u011f\u0131 taraf\u0131ndan yap\u0131lan a\u00e7\u0131klamada projenin \u00c7ED s\u00fcrecinin ba\u015flad\u0131\u011f\u0131 ifade edildi. Yap\u0131lan duyuruda, \u201cAntalya Konyaalt\u0131, il\u00e7esi Arapsuyu mahallesi, 6462 ada 3 numaral\u0131 parsel mevkiindeki \u00d6zp\u0131narlar \u0130n\u015faat Taahh\u00fct Turizm Sanayi ve Ticaret anonim \u015firketi taraf\u0131ndan yap\u0131lmas\u0131 planlanan turizm konaklama tesisi (otel) projesi ile ilgili olarak Antalya valili\u011fimize sunulan Proje Tan\u0131t\u0131m Dosyas\u0131nda (PTD) \u00e7evresel etki de\u011ferlendirmesi Y\u00f6netmeli\u011fi\u2019nin 16. maddesi do\u011frultusunda incelenmi\u015f ve projeye ili\u015fkin \u00c7ED s\u00fcreci ba\u015flam\u0131\u015ft\u0131r\u201d ifadelerine yer verildi.\u00a0<br \/>\n\u00a0<\/p>\n<p>\u200bAntalya\u2019n\u0131n Konyaalt\u0131 il\u00e7esi Konyaalt\u0131 Sahili Akdeniz Bulvar\u0131&#8217;n\u0131n hemen \u00fczerinde yer alan bo\u015f araziye 5 y\u0131ld\u0131zl\u0131 170 oda ve 450 yatak kapasitesine sahip otel yap\u0131lacak. Konyaalt\u0131&#8217;na yeni bir beton y\u0131\u011f\u0131n\u0131 getirecek proje i\u00e7in Bakanl\u0131ktan \u00c7ED izni bekleniyor\u00a0<\/p>\n<p>\u200bHaberin Al\u0131nt\u0131land\u0131\u011f\u0131 Kaynak: www.antalyakorfez.com<\/p>","protected":false},"excerpt":{"rendered":"<p>Antalya\u2019n\u0131n Konyaalt\u0131 il\u00e7esi Arapsuyu Mahallesinde Konyaalt\u0131 Sahili Akdeniz Bulvar\u0131n\u0131n hemen \u00fczerinde yer alan bo\u015f araziye 5 y\u0131ld\u0131zl\u0131 bir otelin daha yap\u0131m\u0131 i\u00e7in s\u00fcre\u00e7 ba\u015flad\u0131. \u00d6zp\u0131narlar \u0130n\u015faat Taahh\u00fct Turizm Sanayi ve Ticaret A.\u015e. taraf\u0131ndan yap\u0131lmas\u0131 planlanan yeni turizm konaklama tesisinin \u00c7ED s\u00fcrecinin ba\u015flad\u0131\u011f\u0131 duyuruldu. Proje 6 bin 286 metrekare y\u00fcz \u00f6l\u00e7\u00fcm\u00fcne sahip arazi \u00fczerine kurulacak. 170 oda ve 450 yatak kapasitesine sahip olarak planlanan tesisin, toplamda 13 bin 649 metrekare in\u015faat alan\u0131 bulunuyor. 170 oda ve 450 yatak kapasitesine sahip olarak planlanan tesisin, 13 bin 649 metrekare in\u015faat alan\u0131 oldu\u011fu a\u00e7\u0131kland\u0131. \u00a0\u0130n\u015faat alan\u0131; 2 bodrum kat, zemin kat, asma kat, 8 normal kat ve \u00e7at\u0131 kat\u0131ndan olu\u015facak \u015fekilde projelendirildi. Proje ile b\u00f6lgedeki turizm ve istihdam potansiyelini art\u0131r\u0131lmas\u0131 hedefliyor.\u00a0 5 YILDIZLI OTEL KR\u0130TERLER\u0130NE UYGUN OLARAK YAPILACAK\u00a0 Antalya K\u00f6rfez Gazetesi muhabiri Ertu\u011frul G\u00fcn&#8217;\u00fcn haberine g\u00f6re Turizm Bakanl\u0131\u011f\u0131\u2019n\u0131n 5 y\u0131ld\u0131zl\u0131 otel kriterlerine uygun olarak yap\u0131lacak tesis, modern tasar\u0131m\u0131 ve kaliteli hizmet anlay\u0131\u015f\u0131yla hem yerli hem de yabanc\u0131 turistlere hitap edecek \u015fekilde planland\u0131. Proje kapsam\u0131nda, Antalya\u2019n\u0131n turizm potansiyelini de\u011ferlendirmek, b\u00f6lgeye daha fazla turist \u00e7ekmek ve konaklama kalitesini art\u0131rman\u0131n ama\u00e7land\u0131\u011f\u0131 ifade edildi. Bu yat\u0131r\u0131m\u0131n, istihdam yaratma ve Antalya\u2019n\u0131n turistik de\u011ferini g\u00fc\u00e7lendirme gibi katk\u0131lar sa\u011flayaca\u011f\u0131 \u00f6ng\u00f6r\u00fcld\u00fc.\u00a0 \u00c7ALI\u015eMALAR DURDURULACAK \u00c7evresel Etki De\u011ferlendirmesi (\u00c7ED) s\u00fcreci de dikkate al\u0131nan projede, &hellip;<\/p>","protected":false},"author":0,"featured_media":0,"comment_status":"open","ping_status":"open","sticky":false,"template":"","format":"standard","meta":{"_acf_changed":false,"footnotes":""},"categories":[24,535],"tags":[],"class_list":["post-10583","post","type-post","status-publish","format-standard","has-post-thumbnail","hentry","category-gundem","category-uncategorized-tr"],"acf":[],"yoast_head":"<!-- This site is optimized with the Yoast SEO Premium plugin v26.6 (Yoast SEO v27.1.1) - https:\/\/yoast.com\/product\/yoast-seo-premium-wordpress\/ -->\n<title>Konyaalt\u0131\u2019n\u0131n kalbine 5 y\u0131ld\u0131zl\u0131 bir otel daha geliyor! - Av. Deniz Can K\u0131z\u0131l<\/title>\n<meta name=\"robots\" content=\"index, follow, max-snippet:-1, max-image-preview:large, max-video-preview:-1\" \/>\n<link rel=\"canonical\" href=\"https:\/\/denizcankizil.tr\/en\/haberler\/gundem\/konyaaltinin-kalbine-5-yildizli-bir-otel-daha-geliyor\/\" \/>\n<meta property=\"og:locale\" content=\"en_GB\" \/>\n<meta property=\"og:type\" content=\"article\" \/>\n<meta property=\"og:title\" content=\"Konyaalt\u0131\u2019n\u0131n kalbine 5 y\u0131ld\u0131zl\u0131 bir otel daha geliyor!\" \/>\n<meta property=\"og:description\" content=\"Antalya\u2019n\u0131n Konyaalt\u0131 il\u00e7esi Arapsuyu Mahallesinde Konyaalt\u0131 Sahili Akdeniz Bulvar\u0131n\u0131n hemen \u00fczerinde yer alan bo\u015f araziye 5 y\u0131ld\u0131zl\u0131 bir otelin daha yap\u0131m\u0131 i\u00e7in s\u00fcre\u00e7 ba\u015flad\u0131. \u00d6zp\u0131narlar \u0130n\u015faat Taahh\u00fct Turizm Sanayi ve Ticaret A.\u015e. taraf\u0131ndan yap\u0131lmas\u0131 planlanan yeni turizm konaklama tesisinin \u00c7ED s\u00fcrecinin ba\u015flad\u0131\u011f\u0131 duyuruldu. Proje 6 bin 286 metrekare y\u00fcz \u00f6l\u00e7\u00fcm\u00fcne sahip arazi \u00fczerine kurulacak. 170 oda ve 450 yatak kapasitesine sahip olarak planlanan tesisin, toplamda 13 bin 649 metrekare in\u015faat alan\u0131 bulunuyor. 170 oda ve 450 yatak kapasitesine sahip olarak planlanan tesisin, 13 bin 649 metrekare in\u015faat alan\u0131 oldu\u011fu a\u00e7\u0131kland\u0131. \u00a0\u0130n\u015faat alan\u0131; 2 bodrum kat, zemin kat, asma kat, 8 normal kat ve \u00e7at\u0131 kat\u0131ndan olu\u015facak \u015fekilde projelendirildi. Proje ile b\u00f6lgedeki turizm ve istihdam potansiyelini art\u0131r\u0131lmas\u0131 hedefliyor.\u00a0 5 YILDIZLI OTEL KR\u0130TERLER\u0130NE UYGUN OLARAK YAPILACAK\u00a0 Antalya K\u00f6rfez Gazetesi muhabiri Ertu\u011frul G\u00fcn&#8217;\u00fcn haberine g\u00f6re Turizm Bakanl\u0131\u011f\u0131\u2019n\u0131n 5 y\u0131ld\u0131zl\u0131 otel kriterlerine uygun olarak yap\u0131lacak tesis, modern tasar\u0131m\u0131 ve kaliteli hizmet anlay\u0131\u015f\u0131yla hem yerli hem de yabanc\u0131 turistlere hitap edecek \u015fekilde planland\u0131. Proje kapsam\u0131nda, Antalya\u2019n\u0131n turizm potansiyelini de\u011ferlendirmek, b\u00f6lgeye daha fazla turist \u00e7ekmek ve konaklama kalitesini art\u0131rman\u0131n ama\u00e7land\u0131\u011f\u0131 ifade edildi. Bu yat\u0131r\u0131m\u0131n, istihdam yaratma ve Antalya\u2019n\u0131n turistik de\u011ferini g\u00fc\u00e7lendirme gibi katk\u0131lar sa\u011flayaca\u011f\u0131 \u00f6ng\u00f6r\u00fcld\u00fc.\u00a0 \u00c7ALI\u015eMALAR DURDURULACAK \u00c7evresel Etki De\u011ferlendirmesi (\u00c7ED) s\u00fcreci de dikkate al\u0131nan projede, &hellip;\" \/>\n<meta property=\"og:url\" content=\"https:\/\/denizcankizil.tr\/en\/haberler\/gundem\/konyaaltinin-kalbine-5-yildizli-bir-otel-daha-geliyor\/\" \/>\n<meta property=\"og:site_name\" content=\"Av. Deniz Can K\u0131z\u0131l\" \/>\n<meta property=\"article:published_time\" content=\"2024-10-31T06:42:04+00:00\" \/>\n<meta name=\"twitter:card\" content=\"summary_large_image\" \/>\n<meta name=\"twitter:label1\" content=\"Estimated reading time\" \/>\n\t<meta name=\"twitter:data1\" content=\"2 minutes\" \/>\n<script type=\"application\/ld+json\" class=\"yoast-schema-graph\">{\"@context\":\"https:\/\/schema.org\",\"@graph\":[{\"@type\":\"Article\",\"@id\":\"https:\/\/denizcankizil.tr\/en\/haberler\/gundem\/konyaaltinin-kalbine-5-yildizli-bir-otel-daha-geliyor\/#article\",\"isPartOf\":{\"@id\":\"https:\/\/denizcankizil.tr\/en\/haberler\/gundem\/konyaaltinin-kalbine-5-yildizli-bir-otel-daha-geliyor\/\"},\"author\":{\"name\":\"\",\"@id\":\"\"},\"headline\":\"Konyaalt\u0131\u2019n\u0131n kalbine 5 y\u0131ld\u0131zl\u0131 bir otel daha geliyor!\",\"datePublished\":\"2024-10-31T06:42:04+00:00\",\"mainEntityOfPage\":{\"@id\":\"https:\/\/denizcankizil.tr\/en\/haberler\/gundem\/konyaaltinin-kalbine-5-yildizli-bir-otel-daha-geliyor\/\"},\"wordCount\":495,\"commentCount\":0,\"publisher\":{\"@id\":\"https:\/\/denizcankizil.tr\/de\/#organization\"},\"articleSection\":[\"G\u00fcndem\",\"Uncategorized\"],\"inLanguage\":\"en-GB\",\"potentialAction\":[{\"@type\":\"CommentAction\",\"name\":\"Comment\",\"target\":[\"https:\/\/denizcankizil.tr\/en\/haberler\/gundem\/konyaaltinin-kalbine-5-yildizli-bir-otel-daha-geliyor\/#respond\"]}]},{\"@type\":\"WebPage\",\"@id\":\"https:\/\/denizcankizil.tr\/en\/haberler\/gundem\/konyaaltinin-kalbine-5-yildizli-bir-otel-daha-geliyor\/\",\"url\":\"https:\/\/denizcankizil.tr\/en\/haberler\/gundem\/konyaaltinin-kalbine-5-yildizli-bir-otel-daha-geliyor\/\",\"name\":\"Konyaalt\u0131\u2019n\u0131n kalbine 5 y\u0131ld\u0131zl\u0131 bir otel daha geliyor! - Av. Deniz Can K\u0131z\u0131l\",\"isPartOf\":{\"@id\":\"https:\/\/denizcankizil.tr\/de\/#website\"},\"datePublished\":\"2024-10-31T06:42:04+00:00\",\"breadcrumb\":{\"@id\":\"https:\/\/denizcankizil.tr\/en\/haberler\/gundem\/konyaaltinin-kalbine-5-yildizli-bir-otel-daha-geliyor\/#breadcrumb\"},\"inLanguage\":\"en-GB\",\"potentialAction\":[{\"@type\":\"ReadAction\",\"target\":[\"https:\/\/denizcankizil.tr\/en\/haberler\/gundem\/konyaaltinin-kalbine-5-yildizli-bir-otel-daha-geliyor\/\"]}]},{\"@type\":\"BreadcrumbList\",\"@id\":\"https:\/\/denizcankizil.tr\/en\/haberler\/gundem\/konyaaltinin-kalbine-5-yildizli-bir-otel-daha-geliyor\/#breadcrumb\",\"itemListElement\":[{\"@type\":\"ListItem\",\"position\":1,\"name\":\"Home\",\"item\":\"https:\/\/denizcankizil.tr\/de\/\"},{\"@type\":\"ListItem\",\"position\":2,\"name\":\"Konyaalt\u0131\u2019n\u0131n kalbine 5 y\u0131ld\u0131zl\u0131 bir otel daha geliyor!\"}]},{\"@type\":\"WebSite\",\"@id\":\"https:\/\/denizcankizil.tr\/de\/#website\",\"url\":\"https:\/\/denizcankizil.tr\/de\/\",\"name\":\"Av. Deniz Can K\u0131z\u0131l\",\"description\":\"Avukat Deniz Can K\u0131z\u0131l Antalya Barosu\",\"publisher\":{\"@id\":\"https:\/\/denizcankizil.tr\/de\/#organization\"},\"potentialAction\":[{\"@type\":\"SearchAction\",\"target\":{\"@type\":\"EntryPoint\",\"urlTemplate\":\"https:\/\/denizcankizil.tr\/de\/?s={search_term_string}\"},\"query-input\":{\"@type\":\"PropertyValueSpecification\",\"valueRequired\":true,\"valueName\":\"search_term_string\"}}],\"inLanguage\":\"en-GB\"},{\"@type\":\"Organization\",\"@id\":\"https:\/\/denizcankizil.tr\/de\/#organization\",\"name\":\"Av. Deniz Can K\u0131z\u0131l\",\"url\":\"https:\/\/denizcankizil.tr\/de\/\",\"logo\":{\"@type\":\"ImageObject\",\"inLanguage\":\"en-GB\",\"@id\":\"https:\/\/denizcankizil.tr\/de\/#\/schema\/logo\/image\/\",\"url\":\"https:\/\/denizcankizil.tr\/wp-content\/uploads\/2024\/10\/siyah-logo-svg.svg\",\"contentUrl\":\"https:\/\/denizcankizil.tr\/wp-content\/uploads\/2024\/10\/siyah-logo-svg.svg\",\"width\":1080,\"height\":1080,\"caption\":\"Av. Deniz Can K\u0131z\u0131l\"},\"image\":{\"@id\":\"https:\/\/denizcankizil.tr\/de\/#\/schema\/logo\/image\/\"}}]}<\/script>\n<!-- \/ Yoast SEO Premium plugin. -->","yoast_head_json":{"title":"Konyaalt\u0131\u2019n\u0131n kalbine 5 y\u0131ld\u0131zl\u0131 bir otel daha geliyor! - Av. Deniz Can K\u0131z\u0131l","robots":{"index":"index","follow":"follow","max-snippet":"max-snippet:-1","max-image-preview":"max-image-preview:large","max-video-preview":"max-video-preview:-1"},"canonical":"https:\/\/denizcankizil.tr\/en\/haberler\/gundem\/konyaaltinin-kalbine-5-yildizli-bir-otel-daha-geliyor\/","og_locale":"en_GB","og_type":"article","og_title":"Konyaalt\u0131\u2019n\u0131n kalbine 5 y\u0131ld\u0131zl\u0131 bir otel daha geliyor!","og_description":"Antalya\u2019n\u0131n Konyaalt\u0131 il\u00e7esi Arapsuyu Mahallesinde Konyaalt\u0131 Sahili Akdeniz Bulvar\u0131n\u0131n hemen \u00fczerinde yer alan bo\u015f araziye 5 y\u0131ld\u0131zl\u0131 bir otelin daha yap\u0131m\u0131 i\u00e7in s\u00fcre\u00e7 ba\u015flad\u0131. \u00d6zp\u0131narlar \u0130n\u015faat Taahh\u00fct Turizm Sanayi ve Ticaret A.\u015e. taraf\u0131ndan yap\u0131lmas\u0131 planlanan yeni turizm konaklama tesisinin \u00c7ED s\u00fcrecinin ba\u015flad\u0131\u011f\u0131 duyuruldu. Proje 6 bin 286 metrekare y\u00fcz \u00f6l\u00e7\u00fcm\u00fcne sahip arazi \u00fczerine kurulacak. 170 oda ve 450 yatak kapasitesine sahip olarak planlanan tesisin, toplamda 13 bin 649 metrekare in\u015faat alan\u0131 bulunuyor. 170 oda ve 450 yatak kapasitesine sahip olarak planlanan tesisin, 13 bin 649 metrekare in\u015faat alan\u0131 oldu\u011fu a\u00e7\u0131kland\u0131. \u00a0\u0130n\u015faat alan\u0131; 2 bodrum kat, zemin kat, asma kat, 8 normal kat ve \u00e7at\u0131 kat\u0131ndan olu\u015facak \u015fekilde projelendirildi. Proje ile b\u00f6lgedeki turizm ve istihdam potansiyelini art\u0131r\u0131lmas\u0131 hedefliyor.\u00a0 5 YILDIZLI OTEL KR\u0130TERLER\u0130NE UYGUN OLARAK YAPILACAK\u00a0 Antalya K\u00f6rfez Gazetesi muhabiri Ertu\u011frul G\u00fcn&#8217;\u00fcn haberine g\u00f6re Turizm Bakanl\u0131\u011f\u0131\u2019n\u0131n 5 y\u0131ld\u0131zl\u0131 otel kriterlerine uygun olarak yap\u0131lacak tesis, modern tasar\u0131m\u0131 ve kaliteli hizmet anlay\u0131\u015f\u0131yla hem yerli hem de yabanc\u0131 turistlere hitap edecek \u015fekilde planland\u0131. Proje kapsam\u0131nda, Antalya\u2019n\u0131n turizm potansiyelini de\u011ferlendirmek, b\u00f6lgeye daha fazla turist \u00e7ekmek ve konaklama kalitesini art\u0131rman\u0131n ama\u00e7land\u0131\u011f\u0131 ifade edildi. Bu yat\u0131r\u0131m\u0131n, istihdam yaratma ve Antalya\u2019n\u0131n turistik de\u011ferini g\u00fc\u00e7lendirme gibi katk\u0131lar sa\u011flayaca\u011f\u0131 \u00f6ng\u00f6r\u00fcld\u00fc.\u00a0 \u00c7ALI\u015eMALAR DURDURULACAK \u00c7evresel Etki De\u011ferlendirmesi (\u00c7ED) s\u00fcreci de dikkate al\u0131nan projede, &hellip;","og_url":"https:\/\/denizcankizil.tr\/en\/haberler\/gundem\/konyaaltinin-kalbine-5-yildizli-bir-otel-daha-geliyor\/","og_site_name":"Av. Deniz Can K\u0131z\u0131l","article_published_time":"2024-10-31T06:42:04+00:00","twitter_card":"summary_large_image","twitter_misc":{"Estimated reading time":"2 minutes"},"schema":{"@context":"https:\/\/schema.org","@graph":[{"@type":"Article","@id":"https:\/\/denizcankizil.tr\/en\/haberler\/gundem\/konyaaltinin-kalbine-5-yildizli-bir-otel-daha-geliyor\/#article","isPartOf":{"@id":"https:\/\/denizcankizil.tr\/en\/haberler\/gundem\/konyaaltinin-kalbine-5-yildizli-bir-otel-daha-geliyor\/"},"author":{"name":"","@id":""},"headline":"Konyaalt\u0131\u2019n\u0131n kalbine 5 y\u0131ld\u0131zl\u0131 bir otel daha geliyor!","datePublished":"2024-10-31T06:42:04+00:00","mainEntityOfPage":{"@id":"https:\/\/denizcankizil.tr\/en\/haberler\/gundem\/konyaaltinin-kalbine-5-yildizli-bir-otel-daha-geliyor\/"},"wordCount":495,"commentCount":0,"publisher":{"@id":"https:\/\/denizcankizil.tr\/de\/#organization"},"articleSection":["G\u00fcndem","Uncategorized"],"inLanguage":"en-GB","potentialAction":[{"@type":"CommentAction","name":"Comment","target":["https:\/\/denizcankizil.tr\/en\/haberler\/gundem\/konyaaltinin-kalbine-5-yildizli-bir-otel-daha-geliyor\/#respond"]}]},{"@type":"WebPage","@id":"https:\/\/denizcankizil.tr\/en\/haberler\/gundem\/konyaaltinin-kalbine-5-yildizli-bir-otel-daha-geliyor\/","url":"https:\/\/denizcankizil.tr\/en\/haberler\/gundem\/konyaaltinin-kalbine-5-yildizli-bir-otel-daha-geliyor\/","name":"Konyaalt\u0131\u2019n\u0131n kalbine 5 y\u0131ld\u0131zl\u0131 bir otel daha geliyor! - Av. Deniz Can K\u0131z\u0131l","isPartOf":{"@id":"https:\/\/denizcankizil.tr\/de\/#website"},"datePublished":"2024-10-31T06:42:04+00:00","breadcrumb":{"@id":"https:\/\/denizcankizil.tr\/en\/haberler\/gundem\/konyaaltinin-kalbine-5-yildizli-bir-otel-daha-geliyor\/#breadcrumb"},"inLanguage":"en-GB","potentialAction":[{"@type":"ReadAction","target":["https:\/\/denizcankizil.tr\/en\/haberler\/gundem\/konyaaltinin-kalbine-5-yildizli-bir-otel-daha-geliyor\/"]}]},{"@type":"BreadcrumbList","@id":"https:\/\/denizcankizil.tr\/en\/haberler\/gundem\/konyaaltinin-kalbine-5-yildizli-bir-otel-daha-geliyor\/#breadcrumb","itemListElement":[{"@type":"ListItem","position":1,"name":"Home","item":"https:\/\/denizcankizil.tr\/de\/"},{"@type":"ListItem","position":2,"name":"Konyaalt\u0131\u2019n\u0131n kalbine 5 y\u0131ld\u0131zl\u0131 bir otel daha geliyor!"}]},{"@type":"WebSite","@id":"https:\/\/denizcankizil.tr\/de\/#website","url":"https:\/\/denizcankizil.tr\/de\/","name":"Av. Deniz Can K\u0131z\u0131l","description":"Avukat Deniz Can K\u0131z\u0131l Antalya Barosu","publisher":{"@id":"https:\/\/denizcankizil.tr\/de\/#organization"},"potentialAction":[{"@type":"SearchAction","target":{"@type":"EntryPoint","urlTemplate":"https:\/\/denizcankizil.tr\/de\/?s={search_term_string}"},"query-input":{"@type":"PropertyValueSpecification","valueRequired":true,"valueName":"search_term_string"}}],"inLanguage":"en-GB"},{"@type":"Organization","@id":"https:\/\/denizcankizil.tr\/de\/#organization","name":"Av. Deniz Can K\u0131z\u0131l","url":"https:\/\/denizcankizil.tr\/de\/","logo":{"@type":"ImageObject","inLanguage":"en-GB","@id":"https:\/\/denizcankizil.tr\/de\/#\/schema\/logo\/image\/","url":"https:\/\/denizcankizil.tr\/wp-content\/uploads\/2024\/10\/siyah-logo-svg.svg","contentUrl":"https:\/\/denizcankizil.tr\/wp-content\/uploads\/2024\/10\/siyah-logo-svg.svg","width":1080,"height":1080,"caption":"Av. Deniz Can K\u0131z\u0131l"},"image":{"@id":"https:\/\/denizcankizil.tr\/de\/#\/schema\/logo\/image\/"}}]}},"_links":{"self":[{"href":"https:\/\/denizcankizil.tr\/en\/wp-json\/wp\/v2\/posts\/10583","targetHints":{"allow":["GET"]}}],"collection":[{"href":"https:\/\/denizcankizil.tr\/en\/wp-json\/wp\/v2\/posts"}],"about":[{"href":"https:\/\/denizcankizil.tr\/en\/wp-json\/wp\/v2\/types\/post"}],"replies":[{"embeddable":true,"href":"https:\/\/denizcankizil.tr\/en\/wp-json\/wp\/v2\/comments?post=10583"}],"version-history":[{"count":0,"href":"https:\/\/denizcankizil.tr\/en\/wp-json\/wp\/v2\/posts\/10583\/revisions"}],"wp:attachment":[{"href":"https:\/\/denizcankizil.tr\/en\/wp-json\/wp\/v2\/media?parent=10583"}],"wp:term":[{"taxonomy":"category","embeddable":true,"href":"https:\/\/denizcankizil.tr\/en\/wp-json\/wp\/v2\/categories?post=10583"},{"taxonomy":"post_tag","embeddable":true,"href":"https:\/\/denizcankizil.tr\/en\/wp-json\/wp\/v2\/tags?post=10583"}],"curies":[{"name":"wp","href":"https:\/\/api.w.org\/{rel}","templated":true}]}}