{"id":105126,"date":"2025-06-03T14:41:47","date_gmt":"2025-06-03T11:41:47","guid":{"rendered":"https:\/\/denizcankizil.tr\/uncategorized-tr\/antalyada-guzelleseyim-derken-paranizdan-olmayin-dolandiricilara-dikkat\/"},"modified":"2025-06-03T14:41:47","modified_gmt":"2025-06-03T11:41:47","slug":"antalyada-guzelleseyim-derken-paranizdan-olmayin-dolandiricilara-dikkat","status":"publish","type":"post","link":"https:\/\/denizcankizil.tr\/en\/haberler\/gundem\/antalyada-guzelleseyim-derken-paranizdan-olmayin-dolandiricilara-dikkat\/","title":{"rendered":"Antalya\u2019da \u2018g\u00fczelle\u015feyim\u2019 derken paran\u0131zdan olmay\u0131n: Doland\u0131r\u0131c\u0131lara dikkat!"},"content":{"rendered":"<p>Antalya\u2019da baz\u0131 \u0130stanbul merkezli g\u00fczellik salonlar\u0131yla ilgili \u015fikayetler giderek \u00e7o\u011fal\u0131yor. Bu i\u015fletmelerin, bina \u00f6nlerinde kad\u0131nlara sunum yaparak \u00e7e\u015fitli hizmet paketleri \u00f6nerdi\u011fi, ancak vaat edilen hizmetlerin sa\u011flanmadan imzalat\u0131lan senetlerin i\u015fleme konuldu\u011fu iddia ediliyor. Son d\u00f6nemde bir\u00e7ok kad\u0131n\u0131n icra i\u015flemleriyle ma\u011fdur oldu\u011fu belirtilirken, bu durumun \u00e7\u00f6z\u00fcm\u00fc i\u00e7in yetkililere \u00e7a\u011fr\u0131lar yap\u0131l\u0131yor. \u015eikayet Var Hatt\u0131 \u00fczerinden onlarca ma\u011fdurun \u015fikayeti yer al\u0131yor. Lazer epilasyon hizmet al\u0131m\u0131 alt\u0131nda imzalat\u0131lan senetlerin, hizmet al\u0131m\u0131 ger\u00e7ekle\u015fmemesine ra\u011fmen i\u015fleme konuldu\u011funu ifade eden ma\u011fdur kad\u0131nlar imzalanan senetlerin kar\u015f\u0131l\u0131\u011f\u0131 olan rakamlar\u0131 \u00f6demek zorunda b\u0131rak\u0131l\u0131yor. Antalya\u2019da I\u015f\u0131klar Caddesi \u00fczerinde yer alan baz\u0131 g\u00fczellik merkezlerinin yaratt\u0131\u011f\u0131 ma\u011fduriyet artarak devam ediyor.<\/p>\n<p>&#8220;MA\u011eDUR\u0130YET YA\u015eADIM&#8221;<\/p>\n<p>Antalya\u2019da ya\u015fayan bir kad\u0131n ya\u015fad\u0131\u011f\u0131 ma\u011fduriyeti, \u2018\u015eikayet Var Hatt\u0131\u2019ndan \u015fu \u015fekilde \u00f6zetledi: \u201cBana a\u015fa\u011f\u0131da 2 gen\u00e7 yukar\u0131ya \u00e7\u0131kmam konusunda \u0131srar etti. \u00c7\u0131kt\u0131m ve randevuyu onayl\u0131yorum ad\u0131 alt\u0131nda 12 seansl\u0131k lazer epilasyon paketi imzalatt\u0131lar. Eve gitti\u011fimde fark ettim ve PTT&#8217;den ihtarname \u00e7ektim T\u00fcketici Haklar\u0131 \u00e7al\u0131\u015fan\u0131n\u0131n s\u00f6ylemesi \u00fczerine PTT&#8217;den ihtar \u00e7ekilmez dediler. C\u0130MER ba\u015fsavc\u0131l\u0131k T\u00fcketici Haklar\u0131 vs hepsine ba\u015fvurdum fakat bir d\u00f6n\u00fc\u015f sa\u011flanmad\u0131. Avukat taraf\u0131ndan tehdit dahi edildim. \u015eu an taksitlerimi \u00f6demeye gidiyorum. \u00c7\u00fcnk\u00fc devlet bunun \u00fcst\u00fcnde durmuyor. Almad\u0131\u011f\u0131m bir hizmetin bedelini \u00f6d\u00fcyorum hakk\u0131m\u0131 helal etmiyorum\u201d dedi.<\/p>\n<p>\u201c10 ADET SENET \u0130MZALADIM\u201d<\/p>\n<p>G\u00fczellik merkezinin yer ald\u0131\u011f\u0131 binan\u0131n \u00f6n\u00fcnde, g\u00fczellik merkezi g\u00f6revlileri taraf\u0131ndan kendisine sunum yap\u0131ld\u0131\u011f\u0131n\u0131 ard\u0131ndan ise merkeze g\u00f6t\u00fcr\u00fcld\u00fc\u011f\u00fcn\u00fc ifade eden ba\u015fka bir kad\u0131n ma\u011fdur ise, \u201cG\u00fczellik salonunda manip\u00fcle edilerek 10 tane senet imzalad\u0131m arand\u0131m tehdit hakaret yedim yetmedi maa\u015f\u0131ma icra geldi. Buraya bakt\u0131\u011f\u0131mda bir s\u00fcr\u00fc insan\u0131n ayn\u0131 sorunu ya\u015fad\u0131\u011f\u0131n\u0131 g\u00f6rd\u00fcm. Ben avukat tuttum ve menfii hizmet tespit davas\u0131 a\u00e7\u0131yorum. Benden almad\u0131\u011f\u0131m hizmetin \u00fccretini talep ederek alacak olduklar\u0131 her kuru\u015fun haks\u0131z yere oldu\u011funu beyan eden bir dava. Duydu\u011fum kadar\u0131 ile de isimleri de\u011fi\u015fmi\u015f. E\u011fer bilgi almak isterseniz ger\u00e7ekten yard\u0131mc\u0131 olabilirim. Her yorumun alt\u0131na da bizzat yazaca\u011f\u0131m\u201d \u015feklinde \u015fikayet hatt\u0131na g\u00f6r\u00fc\u015flerini payla\u015ft\u0131.<\/p>\n<p>SENET \u0130PTAL\u0130 YOK \u00d6DEYECEKS\u0130N\u0130Z<\/p>\n<p>Ma\u011fdur ba\u015fka bir kad\u0131n ise almad\u0131\u011f\u0131 hizmetin kar\u015f\u0131l\u0131\u011f\u0131 imzalad\u0131\u011f\u0131 senetler kar\u015f\u0131s\u0131nda icral\u0131k oldu\u011funu anlatarak \u015fu ifadelere yer verdi:<br \/>\n\u201cBundan yakla\u015f\u0131k 5 ay \u00f6nce, istemedi\u011fimiz halde yukar\u0131ya \u00e7\u0131kard\u0131lar. Bir kad\u0131n, konu\u015fmalar\u0131yla bizi ikna etmeye \u00e7al\u0131\u015ft\u0131. \u0130mzalamak istemedi\u011fimiz evrak\u0131 zorla imzalatt\u0131lar. \u0130ptal etmek istedim, ancak &#8216;\u0130ptal yok, \u00f6deyeceksiniz&#8217; dediler. Tamamen bir ticarethane gibi davran\u0131yorlar. \u00d6nden 300 TL verdim, 6 ay\u0131n sonunda avukatl\u0131k b\u00fcrosundan aray\u0131p para istediler. &#8216;Vermezseniz icral\u0131k olacaks\u0131n\u0131z, maa\u015f\u0131n\u0131za el konacak&#8217; gibi tehditler savurdular ve bir de \u00fcst\u00fcne indirim yap\u0131yorlar. B\u00f6yle sa\u00e7ma bir \u015fey olamaz. Bir kuru\u015f vermeyece\u011fim ama zorunda kal\u0131rsam, verdi\u011fim her kuru\u015fu harcarken kan kusun in\u015fallah. Biz bu paray\u0131 kolay kazanm\u0131yoruz, ben asgari \u00fccretle ge\u00e7inmeye \u00e7al\u0131\u015fan biriyim.\u201d<\/p>\n<p>\u200bAntalya\u2019da baz\u0131 \u0130stanbul merkezli g\u00fczellik salonlar\u0131yla ilgili \u015fikayetlerin ard\u0131 arkas\u0131 kesilmiyor. G\u00fczellik merkezinin yer ald\u0131\u011f\u0131 binan\u0131n \u00f6n\u00fcnde kad\u0131nlara sunum yapan, ard\u0131ndan ise \u00e7e\u015fitli hizmet paketleri \u00f6neren bu i\u015fletmeler daha sonra verilmeyen hizmet kar\u015f\u0131l\u0131\u011f\u0131nda imzalatan senetleri i\u015fleme koyuyor. Antalya\u2019da onlarca kad\u0131n\u0131n icra i\u015flemleriyle ma\u011fdur oldu\u011funu belirtip, sorun kar\u015f\u0131s\u0131nda \u00e7\u00f6z\u00fcm aran\u0131yor.\u00a0<\/p>\n<p>\u200bHaberin Al\u0131nt\u0131land\u0131\u011f\u0131 Kaynak: www.antalyakorfez.com<\/p>","protected":false},"excerpt":{"rendered":"<p>Antalya\u2019da baz\u0131 \u0130stanbul merkezli g\u00fczellik salonlar\u0131yla ilgili \u015fikayetler giderek \u00e7o\u011fal\u0131yor. Bu i\u015fletmelerin, bina \u00f6nlerinde kad\u0131nlara sunum yaparak \u00e7e\u015fitli hizmet paketleri \u00f6nerdi\u011fi, ancak vaat edilen hizmetlerin sa\u011flanmadan imzalat\u0131lan senetlerin i\u015fleme konuldu\u011fu iddia ediliyor. Son d\u00f6nemde bir\u00e7ok kad\u0131n\u0131n icra i\u015flemleriyle ma\u011fdur oldu\u011fu belirtilirken, bu durumun \u00e7\u00f6z\u00fcm\u00fc i\u00e7in yetkililere \u00e7a\u011fr\u0131lar yap\u0131l\u0131yor. \u015eikayet Var Hatt\u0131 \u00fczerinden onlarca ma\u011fdurun \u015fikayeti yer al\u0131yor. Lazer epilasyon hizmet al\u0131m\u0131 alt\u0131nda imzalat\u0131lan senetlerin, hizmet al\u0131m\u0131 ger\u00e7ekle\u015fmemesine ra\u011fmen i\u015fleme konuldu\u011funu ifade eden ma\u011fdur kad\u0131nlar imzalanan senetlerin kar\u015f\u0131l\u0131\u011f\u0131 olan rakamlar\u0131 \u00f6demek zorunda b\u0131rak\u0131l\u0131yor. Antalya\u2019da I\u015f\u0131klar Caddesi \u00fczerinde yer alan baz\u0131 g\u00fczellik merkezlerinin yaratt\u0131\u011f\u0131 ma\u011fduriyet artarak devam ediyor. &#8220;MA\u011eDUR\u0130YET YA\u015eADIM&#8221; Antalya\u2019da ya\u015fayan bir kad\u0131n ya\u015fad\u0131\u011f\u0131 ma\u011fduriyeti, \u2018\u015eikayet Var Hatt\u0131\u2019ndan \u015fu \u015fekilde \u00f6zetledi: \u201cBana a\u015fa\u011f\u0131da 2 gen\u00e7 yukar\u0131ya \u00e7\u0131kmam konusunda \u0131srar etti. \u00c7\u0131kt\u0131m ve randevuyu onayl\u0131yorum ad\u0131 alt\u0131nda 12 seansl\u0131k lazer epilasyon paketi imzalatt\u0131lar. Eve gitti\u011fimde fark ettim ve PTT&#8217;den ihtarname \u00e7ektim T\u00fcketici Haklar\u0131 \u00e7al\u0131\u015fan\u0131n\u0131n s\u00f6ylemesi \u00fczerine PTT&#8217;den ihtar \u00e7ekilmez dediler. C\u0130MER ba\u015fsavc\u0131l\u0131k T\u00fcketici Haklar\u0131 vs hepsine ba\u015fvurdum fakat bir d\u00f6n\u00fc\u015f sa\u011flanmad\u0131. Avukat taraf\u0131ndan tehdit dahi edildim. \u015eu an taksitlerimi \u00f6demeye gidiyorum. \u00c7\u00fcnk\u00fc devlet bunun \u00fcst\u00fcnde durmuyor. Almad\u0131\u011f\u0131m bir hizmetin bedelini \u00f6d\u00fcyorum hakk\u0131m\u0131 helal etmiyorum\u201d dedi. \u201c10 ADET SENET \u0130MZALADIM\u201d G\u00fczellik merkezinin yer ald\u0131\u011f\u0131 binan\u0131n \u00f6n\u00fcnde, g\u00fczellik merkezi g\u00f6revlileri taraf\u0131ndan kendisine sunum yap\u0131ld\u0131\u011f\u0131n\u0131 &hellip;<\/p>","protected":false},"author":5,"featured_media":0,"comment_status":"","ping_status":"open","sticky":false,"template":"","format":"standard","meta":{"_acf_changed":false,"footnotes":""},"categories":[24],"tags":[],"class_list":["post-105126","post","type-post","status-publish","format-standard","has-post-thumbnail","hentry","category-gundem"],"acf":[],"yoast_head":"<!-- This site is optimized with the Yoast SEO Premium plugin v26.6 (Yoast SEO v27.1.1) - https:\/\/yoast.com\/product\/yoast-seo-premium-wordpress\/ -->\n<title>Antalya\u2019da \u2018g\u00fczelle\u015feyim\u2019 derken paran\u0131zdan olmay\u0131n: Doland\u0131r\u0131c\u0131lara dikkat! - Av. Deniz Can K\u0131z\u0131l<\/title>\n<meta name=\"robots\" content=\"index, follow, max-snippet:-1, max-image-preview:large, max-video-preview:-1\" \/>\n<link rel=\"canonical\" href=\"https:\/\/denizcankizil.tr\/en\/haberler\/gundem\/antalyada-guzelleseyim-derken-paranizdan-olmayin-dolandiricilara-dikkat\/\" \/>\n<meta property=\"og:locale\" content=\"en_GB\" \/>\n<meta property=\"og:type\" content=\"article\" \/>\n<meta property=\"og:title\" content=\"Antalya\u2019da \u2018g\u00fczelle\u015feyim\u2019 derken paran\u0131zdan olmay\u0131n: Doland\u0131r\u0131c\u0131lara dikkat!\" \/>\n<meta property=\"og:description\" content=\"Antalya\u2019da baz\u0131 \u0130stanbul merkezli g\u00fczellik salonlar\u0131yla ilgili \u015fikayetler giderek \u00e7o\u011fal\u0131yor. Bu i\u015fletmelerin, bina \u00f6nlerinde kad\u0131nlara sunum yaparak \u00e7e\u015fitli hizmet paketleri \u00f6nerdi\u011fi, ancak vaat edilen hizmetlerin sa\u011flanmadan imzalat\u0131lan senetlerin i\u015fleme konuldu\u011fu iddia ediliyor. Son d\u00f6nemde bir\u00e7ok kad\u0131n\u0131n icra i\u015flemleriyle ma\u011fdur oldu\u011fu belirtilirken, bu durumun \u00e7\u00f6z\u00fcm\u00fc i\u00e7in yetkililere \u00e7a\u011fr\u0131lar yap\u0131l\u0131yor. \u015eikayet Var Hatt\u0131 \u00fczerinden onlarca ma\u011fdurun \u015fikayeti yer al\u0131yor. Lazer epilasyon hizmet al\u0131m\u0131 alt\u0131nda imzalat\u0131lan senetlerin, hizmet al\u0131m\u0131 ger\u00e7ekle\u015fmemesine ra\u011fmen i\u015fleme konuldu\u011funu ifade eden ma\u011fdur kad\u0131nlar imzalanan senetlerin kar\u015f\u0131l\u0131\u011f\u0131 olan rakamlar\u0131 \u00f6demek zorunda b\u0131rak\u0131l\u0131yor. Antalya\u2019da I\u015f\u0131klar Caddesi \u00fczerinde yer alan baz\u0131 g\u00fczellik merkezlerinin yaratt\u0131\u011f\u0131 ma\u011fduriyet artarak devam ediyor. &#8220;MA\u011eDUR\u0130YET YA\u015eADIM&#8221; Antalya\u2019da ya\u015fayan bir kad\u0131n ya\u015fad\u0131\u011f\u0131 ma\u011fduriyeti, \u2018\u015eikayet Var Hatt\u0131\u2019ndan \u015fu \u015fekilde \u00f6zetledi: \u201cBana a\u015fa\u011f\u0131da 2 gen\u00e7 yukar\u0131ya \u00e7\u0131kmam konusunda \u0131srar etti. \u00c7\u0131kt\u0131m ve randevuyu onayl\u0131yorum ad\u0131 alt\u0131nda 12 seansl\u0131k lazer epilasyon paketi imzalatt\u0131lar. Eve gitti\u011fimde fark ettim ve PTT&#8217;den ihtarname \u00e7ektim T\u00fcketici Haklar\u0131 \u00e7al\u0131\u015fan\u0131n\u0131n s\u00f6ylemesi \u00fczerine PTT&#8217;den ihtar \u00e7ekilmez dediler. C\u0130MER ba\u015fsavc\u0131l\u0131k T\u00fcketici Haklar\u0131 vs hepsine ba\u015fvurdum fakat bir d\u00f6n\u00fc\u015f sa\u011flanmad\u0131. Avukat taraf\u0131ndan tehdit dahi edildim. \u015eu an taksitlerimi \u00f6demeye gidiyorum. \u00c7\u00fcnk\u00fc devlet bunun \u00fcst\u00fcnde durmuyor. Almad\u0131\u011f\u0131m bir hizmetin bedelini \u00f6d\u00fcyorum hakk\u0131m\u0131 helal etmiyorum\u201d dedi. \u201c10 ADET SENET \u0130MZALADIM\u201d G\u00fczellik merkezinin yer ald\u0131\u011f\u0131 binan\u0131n \u00f6n\u00fcnde, g\u00fczellik merkezi g\u00f6revlileri taraf\u0131ndan kendisine sunum yap\u0131ld\u0131\u011f\u0131n\u0131 &hellip;\" \/>\n<meta property=\"og:url\" content=\"https:\/\/denizcankizil.tr\/en\/haberler\/gundem\/antalyada-guzelleseyim-derken-paranizdan-olmayin-dolandiricilara-dikkat\/\" \/>\n<meta property=\"og:site_name\" content=\"Av. Deniz Can K\u0131z\u0131l\" \/>\n<meta property=\"article:published_time\" content=\"2025-06-03T11:41:47+00:00\" \/>\n<meta name=\"author\" content=\"Antalya K\u00f6rfez\" \/>\n<meta name=\"twitter:card\" content=\"summary_large_image\" \/>\n<meta name=\"twitter:label1\" content=\"Written by\" \/>\n\t<meta name=\"twitter:data1\" content=\"Antalya K\u00f6rfez\" \/>\n\t<meta name=\"twitter:label2\" content=\"Estimated reading time\" \/>\n\t<meta name=\"twitter:data2\" content=\"3 minutes\" \/>\n<script type=\"application\/ld+json\" class=\"yoast-schema-graph\">{\"@context\":\"https:\/\/schema.org\",\"@graph\":[{\"@type\":\"Article\",\"@id\":\"https:\/\/denizcankizil.tr\/en\/haberler\/gundem\/antalyada-guzelleseyim-derken-paranizdan-olmayin-dolandiricilara-dikkat\/#article\",\"isPartOf\":{\"@id\":\"https:\/\/denizcankizil.tr\/en\/haberler\/gundem\/antalyada-guzelleseyim-derken-paranizdan-olmayin-dolandiricilara-dikkat\/\"},\"author\":{\"name\":\"Antalya K\u00f6rfez\",\"@id\":\"https:\/\/denizcankizil.tr\/#\/schema\/person\/e1eb71bb4dd684d46563f0af307e1234\"},\"headline\":\"Antalya\u2019da \u2018g\u00fczelle\u015feyim\u2019 derken paran\u0131zdan olmay\u0131n: Doland\u0131r\u0131c\u0131lara dikkat!\",\"datePublished\":\"2025-06-03T11:41:47+00:00\",\"mainEntityOfPage\":{\"@id\":\"https:\/\/denizcankizil.tr\/en\/haberler\/gundem\/antalyada-guzelleseyim-derken-paranizdan-olmayin-dolandiricilara-dikkat\/\"},\"wordCount\":658,\"publisher\":{\"@id\":\"https:\/\/denizcankizil.tr\/#organization\"},\"articleSection\":[\"G\u00fcndem\"],\"inLanguage\":\"en-GB\"},{\"@type\":\"WebPage\",\"@id\":\"https:\/\/denizcankizil.tr\/en\/haberler\/gundem\/antalyada-guzelleseyim-derken-paranizdan-olmayin-dolandiricilara-dikkat\/\",\"url\":\"https:\/\/denizcankizil.tr\/en\/haberler\/gundem\/antalyada-guzelleseyim-derken-paranizdan-olmayin-dolandiricilara-dikkat\/\",\"name\":\"Antalya\u2019da \u2018g\u00fczelle\u015feyim\u2019 derken paran\u0131zdan olmay\u0131n: Doland\u0131r\u0131c\u0131lara dikkat! - Av. Deniz Can K\u0131z\u0131l\",\"isPartOf\":{\"@id\":\"https:\/\/denizcankizil.tr\/#website\"},\"datePublished\":\"2025-06-03T11:41:47+00:00\",\"breadcrumb\":{\"@id\":\"https:\/\/denizcankizil.tr\/en\/haberler\/gundem\/antalyada-guzelleseyim-derken-paranizdan-olmayin-dolandiricilara-dikkat\/#breadcrumb\"},\"inLanguage\":\"en-GB\",\"potentialAction\":[{\"@type\":\"ReadAction\",\"target\":[\"https:\/\/denizcankizil.tr\/en\/haberler\/gundem\/antalyada-guzelleseyim-derken-paranizdan-olmayin-dolandiricilara-dikkat\/\"]}]},{\"@type\":\"BreadcrumbList\",\"@id\":\"https:\/\/denizcankizil.tr\/en\/haberler\/gundem\/antalyada-guzelleseyim-derken-paranizdan-olmayin-dolandiricilara-dikkat\/#breadcrumb\",\"itemListElement\":[{\"@type\":\"ListItem\",\"position\":1,\"name\":\"Home\",\"item\":\"https:\/\/denizcankizil.tr\/de\/\"},{\"@type\":\"ListItem\",\"position\":2,\"name\":\"Antalya\u2019da \u2018g\u00fczelle\u015feyim\u2019 derken paran\u0131zdan olmay\u0131n: Doland\u0131r\u0131c\u0131lara dikkat!\"}]},{\"@type\":\"WebSite\",\"@id\":\"https:\/\/denizcankizil.tr\/#website\",\"url\":\"https:\/\/denizcankizil.tr\/\",\"name\":\"Av. Deniz Can K\u0131z\u0131l\",\"description\":\"Avukat Deniz Can K\u0131z\u0131l Antalya Barosu\",\"publisher\":{\"@id\":\"https:\/\/denizcankizil.tr\/#organization\"},\"potentialAction\":[{\"@type\":\"SearchAction\",\"target\":{\"@type\":\"EntryPoint\",\"urlTemplate\":\"https:\/\/denizcankizil.tr\/?s={search_term_string}\"},\"query-input\":{\"@type\":\"PropertyValueSpecification\",\"valueRequired\":true,\"valueName\":\"search_term_string\"}}],\"inLanguage\":\"en-GB\"},{\"@type\":\"Organization\",\"@id\":\"https:\/\/denizcankizil.tr\/#organization\",\"name\":\"Av. Deniz Can K\u0131z\u0131l\",\"url\":\"https:\/\/denizcankizil.tr\/\",\"logo\":{\"@type\":\"ImageObject\",\"inLanguage\":\"en-GB\",\"@id\":\"https:\/\/denizcankizil.tr\/#\/schema\/logo\/image\/\",\"url\":\"https:\/\/denizcankizil.tr\/wp-content\/uploads\/2024\/10\/siyah-logo-svg.svg\",\"contentUrl\":\"https:\/\/denizcankizil.tr\/wp-content\/uploads\/2024\/10\/siyah-logo-svg.svg\",\"width\":1080,\"height\":1080,\"caption\":\"Av. Deniz Can K\u0131z\u0131l\"},\"image\":{\"@id\":\"https:\/\/denizcankizil.tr\/#\/schema\/logo\/image\/\"}},{\"@type\":\"Person\",\"@id\":\"https:\/\/denizcankizil.tr\/#\/schema\/person\/e1eb71bb4dd684d46563f0af307e1234\",\"name\":\"Antalya K\u00f6rfez\",\"image\":{\"@type\":\"ImageObject\",\"inLanguage\":\"en-GB\",\"@id\":\"https:\/\/denizcankizil.tr\/#\/schema\/person\/image\/\",\"url\":\"https:\/\/secure.gravatar.com\/avatar\/42b01982558a48a0b501fdcab6a408d3717ea5919095ee2e67b0e521799c5905?s=96&d=mm&r=g\",\"contentUrl\":\"https:\/\/secure.gravatar.com\/avatar\/42b01982558a48a0b501fdcab6a408d3717ea5919095ee2e67b0e521799c5905?s=96&d=mm&r=g\",\"caption\":\"Antalya K\u00f6rfez\"},\"sameAs\":[\"http:\/\/www.antalyakorfez.com\"],\"url\":\"https:\/\/www.antalyakorfez.com\/antalyada-almadiginiz-hizmetin-bedeli-agir-odettiriliyor-guzellik-merkezlerine-dikkat\"}]}<\/script>\n<!-- \/ Yoast SEO Premium plugin. -->","yoast_head_json":{"title":"Antalya\u2019da \u2018g\u00fczelle\u015feyim\u2019 derken paran\u0131zdan olmay\u0131n: Doland\u0131r\u0131c\u0131lara dikkat! - Av. Deniz Can K\u0131z\u0131l","robots":{"index":"index","follow":"follow","max-snippet":"max-snippet:-1","max-image-preview":"max-image-preview:large","max-video-preview":"max-video-preview:-1"},"canonical":"https:\/\/denizcankizil.tr\/en\/haberler\/gundem\/antalyada-guzelleseyim-derken-paranizdan-olmayin-dolandiricilara-dikkat\/","og_locale":"en_GB","og_type":"article","og_title":"Antalya\u2019da \u2018g\u00fczelle\u015feyim\u2019 derken paran\u0131zdan olmay\u0131n: Doland\u0131r\u0131c\u0131lara dikkat!","og_description":"Antalya\u2019da baz\u0131 \u0130stanbul merkezli g\u00fczellik salonlar\u0131yla ilgili \u015fikayetler giderek \u00e7o\u011fal\u0131yor. Bu i\u015fletmelerin, bina \u00f6nlerinde kad\u0131nlara sunum yaparak \u00e7e\u015fitli hizmet paketleri \u00f6nerdi\u011fi, ancak vaat edilen hizmetlerin sa\u011flanmadan imzalat\u0131lan senetlerin i\u015fleme konuldu\u011fu iddia ediliyor. Son d\u00f6nemde bir\u00e7ok kad\u0131n\u0131n icra i\u015flemleriyle ma\u011fdur oldu\u011fu belirtilirken, bu durumun \u00e7\u00f6z\u00fcm\u00fc i\u00e7in yetkililere \u00e7a\u011fr\u0131lar yap\u0131l\u0131yor. \u015eikayet Var Hatt\u0131 \u00fczerinden onlarca ma\u011fdurun \u015fikayeti yer al\u0131yor. Lazer epilasyon hizmet al\u0131m\u0131 alt\u0131nda imzalat\u0131lan senetlerin, hizmet al\u0131m\u0131 ger\u00e7ekle\u015fmemesine ra\u011fmen i\u015fleme konuldu\u011funu ifade eden ma\u011fdur kad\u0131nlar imzalanan senetlerin kar\u015f\u0131l\u0131\u011f\u0131 olan rakamlar\u0131 \u00f6demek zorunda b\u0131rak\u0131l\u0131yor. Antalya\u2019da I\u015f\u0131klar Caddesi \u00fczerinde yer alan baz\u0131 g\u00fczellik merkezlerinin yaratt\u0131\u011f\u0131 ma\u011fduriyet artarak devam ediyor. &#8220;MA\u011eDUR\u0130YET YA\u015eADIM&#8221; Antalya\u2019da ya\u015fayan bir kad\u0131n ya\u015fad\u0131\u011f\u0131 ma\u011fduriyeti, \u2018\u015eikayet Var Hatt\u0131\u2019ndan \u015fu \u015fekilde \u00f6zetledi: \u201cBana a\u015fa\u011f\u0131da 2 gen\u00e7 yukar\u0131ya \u00e7\u0131kmam konusunda \u0131srar etti. \u00c7\u0131kt\u0131m ve randevuyu onayl\u0131yorum ad\u0131 alt\u0131nda 12 seansl\u0131k lazer epilasyon paketi imzalatt\u0131lar. Eve gitti\u011fimde fark ettim ve PTT&#8217;den ihtarname \u00e7ektim T\u00fcketici Haklar\u0131 \u00e7al\u0131\u015fan\u0131n\u0131n s\u00f6ylemesi \u00fczerine PTT&#8217;den ihtar \u00e7ekilmez dediler. C\u0130MER ba\u015fsavc\u0131l\u0131k T\u00fcketici Haklar\u0131 vs hepsine ba\u015fvurdum fakat bir d\u00f6n\u00fc\u015f sa\u011flanmad\u0131. Avukat taraf\u0131ndan tehdit dahi edildim. \u015eu an taksitlerimi \u00f6demeye gidiyorum. \u00c7\u00fcnk\u00fc devlet bunun \u00fcst\u00fcnde durmuyor. Almad\u0131\u011f\u0131m bir hizmetin bedelini \u00f6d\u00fcyorum hakk\u0131m\u0131 helal etmiyorum\u201d dedi. \u201c10 ADET SENET \u0130MZALADIM\u201d G\u00fczellik merkezinin yer ald\u0131\u011f\u0131 binan\u0131n \u00f6n\u00fcnde, g\u00fczellik merkezi g\u00f6revlileri taraf\u0131ndan kendisine sunum yap\u0131ld\u0131\u011f\u0131n\u0131 &hellip;","og_url":"https:\/\/denizcankizil.tr\/en\/haberler\/gundem\/antalyada-guzelleseyim-derken-paranizdan-olmayin-dolandiricilara-dikkat\/","og_site_name":"Av. Deniz Can K\u0131z\u0131l","article_published_time":"2025-06-03T11:41:47+00:00","author":"Antalya K\u00f6rfez","twitter_card":"summary_large_image","twitter_misc":{"Written by":"Antalya K\u00f6rfez","Estimated reading time":"3 minutes"},"schema":{"@context":"https:\/\/schema.org","@graph":[{"@type":"Article","@id":"https:\/\/denizcankizil.tr\/en\/haberler\/gundem\/antalyada-guzelleseyim-derken-paranizdan-olmayin-dolandiricilara-dikkat\/#article","isPartOf":{"@id":"https:\/\/denizcankizil.tr\/en\/haberler\/gundem\/antalyada-guzelleseyim-derken-paranizdan-olmayin-dolandiricilara-dikkat\/"},"author":{"name":"Antalya K\u00f6rfez","@id":"https:\/\/denizcankizil.tr\/#\/schema\/person\/e1eb71bb4dd684d46563f0af307e1234"},"headline":"Antalya\u2019da \u2018g\u00fczelle\u015feyim\u2019 derken paran\u0131zdan olmay\u0131n: Doland\u0131r\u0131c\u0131lara dikkat!","datePublished":"2025-06-03T11:41:47+00:00","mainEntityOfPage":{"@id":"https:\/\/denizcankizil.tr\/en\/haberler\/gundem\/antalyada-guzelleseyim-derken-paranizdan-olmayin-dolandiricilara-dikkat\/"},"wordCount":658,"publisher":{"@id":"https:\/\/denizcankizil.tr\/#organization"},"articleSection":["G\u00fcndem"],"inLanguage":"en-GB"},{"@type":"WebPage","@id":"https:\/\/denizcankizil.tr\/en\/haberler\/gundem\/antalyada-guzelleseyim-derken-paranizdan-olmayin-dolandiricilara-dikkat\/","url":"https:\/\/denizcankizil.tr\/en\/haberler\/gundem\/antalyada-guzelleseyim-derken-paranizdan-olmayin-dolandiricilara-dikkat\/","name":"Antalya\u2019da \u2018g\u00fczelle\u015feyim\u2019 derken paran\u0131zdan olmay\u0131n: Doland\u0131r\u0131c\u0131lara dikkat! - Av. Deniz Can K\u0131z\u0131l","isPartOf":{"@id":"https:\/\/denizcankizil.tr\/#website"},"datePublished":"2025-06-03T11:41:47+00:00","breadcrumb":{"@id":"https:\/\/denizcankizil.tr\/en\/haberler\/gundem\/antalyada-guzelleseyim-derken-paranizdan-olmayin-dolandiricilara-dikkat\/#breadcrumb"},"inLanguage":"en-GB","potentialAction":[{"@type":"ReadAction","target":["https:\/\/denizcankizil.tr\/en\/haberler\/gundem\/antalyada-guzelleseyim-derken-paranizdan-olmayin-dolandiricilara-dikkat\/"]}]},{"@type":"BreadcrumbList","@id":"https:\/\/denizcankizil.tr\/en\/haberler\/gundem\/antalyada-guzelleseyim-derken-paranizdan-olmayin-dolandiricilara-dikkat\/#breadcrumb","itemListElement":[{"@type":"ListItem","position":1,"name":"Home","item":"https:\/\/denizcankizil.tr\/de\/"},{"@type":"ListItem","position":2,"name":"Antalya\u2019da \u2018g\u00fczelle\u015feyim\u2019 derken paran\u0131zdan olmay\u0131n: Doland\u0131r\u0131c\u0131lara dikkat!"}]},{"@type":"WebSite","@id":"https:\/\/denizcankizil.tr\/#website","url":"https:\/\/denizcankizil.tr\/","name":"Av. Deniz Can K\u0131z\u0131l","description":"Avukat Deniz Can K\u0131z\u0131l Antalya Barosu","publisher":{"@id":"https:\/\/denizcankizil.tr\/#organization"},"potentialAction":[{"@type":"SearchAction","target":{"@type":"EntryPoint","urlTemplate":"https:\/\/denizcankizil.tr\/?s={search_term_string}"},"query-input":{"@type":"PropertyValueSpecification","valueRequired":true,"valueName":"search_term_string"}}],"inLanguage":"en-GB"},{"@type":"Organization","@id":"https:\/\/denizcankizil.tr\/#organization","name":"Av. Deniz Can K\u0131z\u0131l","url":"https:\/\/denizcankizil.tr\/","logo":{"@type":"ImageObject","inLanguage":"en-GB","@id":"https:\/\/denizcankizil.tr\/#\/schema\/logo\/image\/","url":"https:\/\/denizcankizil.tr\/wp-content\/uploads\/2024\/10\/siyah-logo-svg.svg","contentUrl":"https:\/\/denizcankizil.tr\/wp-content\/uploads\/2024\/10\/siyah-logo-svg.svg","width":1080,"height":1080,"caption":"Av. Deniz Can K\u0131z\u0131l"},"image":{"@id":"https:\/\/denizcankizil.tr\/#\/schema\/logo\/image\/"}},{"@type":"Person","@id":"https:\/\/denizcankizil.tr\/#\/schema\/person\/e1eb71bb4dd684d46563f0af307e1234","name":"Antalya K\u00f6rfez","image":{"@type":"ImageObject","inLanguage":"en-GB","@id":"https:\/\/denizcankizil.tr\/#\/schema\/person\/image\/","url":"https:\/\/secure.gravatar.com\/avatar\/42b01982558a48a0b501fdcab6a408d3717ea5919095ee2e67b0e521799c5905?s=96&d=mm&r=g","contentUrl":"https:\/\/secure.gravatar.com\/avatar\/42b01982558a48a0b501fdcab6a408d3717ea5919095ee2e67b0e521799c5905?s=96&d=mm&r=g","caption":"Antalya K\u00f6rfez"},"sameAs":["http:\/\/www.antalyakorfez.com"],"url":"https:\/\/www.antalyakorfez.com\/antalyada-almadiginiz-hizmetin-bedeli-agir-odettiriliyor-guzellik-merkezlerine-dikkat"}]}},"_links":{"self":[{"href":"https:\/\/denizcankizil.tr\/en\/wp-json\/wp\/v2\/posts\/105126","targetHints":{"allow":["GET"]}}],"collection":[{"href":"https:\/\/denizcankizil.tr\/en\/wp-json\/wp\/v2\/posts"}],"about":[{"href":"https:\/\/denizcankizil.tr\/en\/wp-json\/wp\/v2\/types\/post"}],"author":[{"embeddable":true,"href":"https:\/\/denizcankizil.tr\/en\/wp-json\/wp\/v2\/users\/5"}],"replies":[{"embeddable":true,"href":"https:\/\/denizcankizil.tr\/en\/wp-json\/wp\/v2\/comments?post=105126"}],"version-history":[{"count":0,"href":"https:\/\/denizcankizil.tr\/en\/wp-json\/wp\/v2\/posts\/105126\/revisions"}],"wp:attachment":[{"href":"https:\/\/denizcankizil.tr\/en\/wp-json\/wp\/v2\/media?parent=105126"}],"wp:term":[{"taxonomy":"category","embeddable":true,"href":"https:\/\/denizcankizil.tr\/en\/wp-json\/wp\/v2\/categories?post=105126"},{"taxonomy":"post_tag","embeddable":true,"href":"https:\/\/denizcankizil.tr\/en\/wp-json\/wp\/v2\/tags?post=105126"}],"curies":[{"name":"wp","href":"https:\/\/api.w.org\/{rel}","templated":true}]}}