{"id":103531,"date":"2025-06-01T15:41:15","date_gmt":"2025-06-01T12:41:15","guid":{"rendered":"https:\/\/denizcankizil.tr\/uncategorized-tr\/meramda-market-ve-pazarlar-mercek-altinda\/"},"modified":"2025-06-01T15:41:15","modified_gmt":"2025-06-01T12:41:15","slug":"meramda-market-ve-pazarlar-mercek-altinda","status":"publish","type":"post","link":"https:\/\/denizcankizil.tr\/en\/haberler\/gundem\/meramda-market-ve-pazarlar-mercek-altinda\/","title":{"rendered":"Meram&#8217;da market ve pazarlar mercek alt\u0131nda"},"content":{"rendered":"<p>Meram Belediyesi Zab\u0131ta M\u00fcd\u00fcrl\u00fc\u011f\u00fc ekipleri, vatanda\u015flar\u0131n sa\u011fl\u0131kl\u0131 bir al\u0131\u015fveri\u015f yapabilmesi i\u00e7in denetimlerini aral\u0131ks\u0131z s\u00fcrd\u00fcr\u00fcyor. \u00d6zellikle temel g\u0131da ve ihtiya\u00e7 \u00fcr\u00fcnlerinde ya\u015fanabilecek hijyen, gramaj ve son kullanma tarihlerinin kontrol\u00fc ile fahi\u015f fiyat uygulamalar\u0131n\u0131n \u00f6n\u00fcne ge\u00e7mek ad\u0131na kapsaml\u0131 bir \u00e7al\u0131\u015fma ger\u00e7ekle\u015ftiren ekipler, il\u00e7e genelinde kurulan semt pazarlar\u0131, marketler ve hizmet sekt\u00f6r\u00fcne ait i\u015fletmelerde s\u0131k\u0131 denetimler yap\u0131yor.<\/p>\n<p>\u00dcR\u00dcNLER\u0130N ET\u0130KET F\u0130YATLARI, GRAMAJLARI KONTROL ED\u0130L\u0130YOR <\/p>\n<p>Zab\u0131ta ekipleri, pazar yerlerinde ba\u015fta sebze ve meyve olmak \u00fczere manav, kasap, temizlik \u00fcr\u00fcnleri gibi bir\u00e7ok kalemde etiket fiyatlar\u0131n\u0131, gramajlar\u0131 ve son kullanma tarihlerini kontrol ediyor. \u00dcr\u00fcnlerin etiket fiyat\u0131 ile sat\u0131\u015f ve kasa fiyat\u0131 aras\u0131nda farkl\u0131l\u0131k olup olmad\u0131\u011f\u0131na, etiketlerin son g\u00fcncellenme tarihine ve fiyat de\u011fi\u015fim ge\u00e7mi\u015fine dikkatle bak\u0131l\u0131yor. \u00d6zellikle meyve ve sebze reyonlar\u0131nda \u00fcr\u00fcnlerin men\u015fe bilgisi ile geli\u015f fiyatlar\u0131 da denetleniyor. Pazar alanlar\u0131nda, marketlerde ve zincir ma\u011fazalarda yap\u0131lan kontrollerde t\u00fcketiciyi yan\u0131ltacak hi\u00e7bir unsurun bulunmamas\u0131na \u00f6zen g\u00f6steriliyor. Zab\u0131ta memurlar\u0131 t\u00fcm tespitleri kay\u0131t alt\u0131na alarak ilgili birimlere raporluyor. Bu sayede hem fiyat istikrar\u0131 sa\u011flan\u0131yor hem de t\u00fcketici haklar\u0131n\u0131n korunmas\u0131 hedefleniyor.<\/p>\n<p>KAFE, PASTANE VE LOKANTALAR SIKI DENET\u0130M ALTINDA <\/p>\n<p>Meram zab\u0131tas\u0131, sadece perakende sat\u0131\u015f yerlerini de\u011fil, lokanta, restoran, kafe, pastane gibi hizmet sunan i\u015f yerlerinde de s\u0131k\u0131 denetimler s\u00fcrd\u00fcr\u00fcyor. \u0130\u015fletmelerin fiyat tarifelerini g\u00f6r\u00fcn\u00fcr \u015fekilde sergileyip sergilemedi\u011fi kontrol ediliyor. Vatanda\u015flar\u0131n fiyatlar\u0131 a\u00e7\u0131k\u00e7a g\u00f6rebilmesi, bilin\u00e7li al\u0131\u015fveri\u015f yapabilmesi ve hizmet almadan \u00f6nce k\u0131yas yapabilmesi ama\u00e7lan\u0131yor. Zab\u0131ta M\u00fcd\u00fcrl\u00fc\u011f\u00fc, bu denetimlerle yaln\u0131zca t\u00fcketiciyi korumakla kalm\u0131yor; ayn\u0131 zamanda haks\u0131z rekabetin de \u00f6n\u00fcne ge\u00e7meyi hedefliyor. Y\u00f6netmeli\u011fe uygunluk a\u00e7\u0131s\u0131ndan titizlikle y\u00fcr\u00fct\u00fclen bu \u00e7al\u0131\u015fmalar, i\u015fletmelerin \u015feffaf ve adil bir ticaret anlay\u0131\u015f\u0131na sahip olmas\u0131n\u0131 te\u015fvik ediyor.<\/p>\n<p>&#8220;\u0130NSANIMIZ HAK ETT\u0130\u011e\u0130 F\u0130YATLARLA ALI\u015eVER\u0130\u015e YAPMAK ZORUNDA&#8221;<\/p>\n<p>Vatanda\u015flar\u0131n her anlamda g\u00fcvenli bir ortamda al\u0131\u015fveri\u015f yapabilmesi i\u00e7in zab\u0131ta ekiplerinin sahada yo\u011fun bir mesai harcad\u0131\u011f\u0131n\u0131 kaydeden Meram Belediye Ba\u015fkan\u0131 Mustafa Kavu\u015f, denetimlerin b\u00fcy\u00fck bir hassasiyetle s\u00fcrd\u00fcr\u00fcld\u00fc\u011f\u00fcn\u00fc belirtti. Fahi\u015f fiyatlar\u0131n, t\u0131pk\u0131 hijyen ve temizlik kurallar\u0131 gibi halk sa\u011fl\u0131\u011f\u0131n\u0131 tehdit eden bir unsur oldu\u011funun alt\u0131n\u0131 \u00e7izen Ba\u015fkan Kavu\u015f, &#8220;Esnaflar\u0131m\u0131z velinimetleri olan m\u00fc\u015fterilerine en iyiyi en g\u00fczel \u015fekilde sunmak, insan\u0131m\u0131z da hak ettikleri fiyatlarla, do\u011fru bilgileri g\u00f6rerek al\u0131\u015fveri\u015f yapmak zorunda. Biz de bu noktada denetimleri art\u0131rarak, Meram&#8217;da bu t\u00fcr olumsuzluklara ge\u00e7it vermiyoruz&#8221; diye konu\u015ftu.<br \/>\nBa\u015fkan Kavu\u015f ayr\u0131ca, olumsuzluklar i\u00e7in sadece ceza kesmekle kalmad\u0131klar\u0131n\u0131, esnafla birebir g\u00f6r\u00fc\u015ferek bilin\u00e7lendirme \u00e7al\u0131\u015fmalar\u0131 da yapt\u0131klar\u0131n\u0131 ifade etti. Ba\u015fkan Kavu\u015f, &#8220;Amac\u0131m\u0131z esnaf\u0131m\u0131z\u0131 da ma\u011fdur etmeden, vatanda\u015f\u0131m\u0131z\u0131 korumak. Bilin\u00e7li bir al\u0131\u015fveri\u015f k\u00fclt\u00fcr\u00fc olu\u015fturmak ve hem al\u0131c\u0131n\u0131n hem de sat\u0131c\u0131n\u0131n hakk\u0131n\u0131 g\u00f6zetmek \u00f6nceli\u011fimizdir&#8221; dedi.<\/p>\n<p>\u00d6zellikle ekonomik dalgalanmalar\u0131n ya\u015fand\u0131\u011f\u0131 d\u00f6nemlerde fiyat denetimlerinin artmas\u0131, t\u00fcketici g\u00fcvenini art\u0131r\u0131rken, Kurban Bayram\u0131 \u00f6ncesinde artan denetim \u00e7al\u0131\u015fmalar\u0131ndan vatanda\u015flar da bir hayli memnun kald\u0131klar\u0131n\u0131 ifade ettiler.<\/p>\n<p>\u200bMeram Belediyesi zab\u0131ta ekipleri, Kurban Bayram\u0131 \u00f6ncesi fahi\u015f fiyat, gramaj hilesi ve hijyen denetimlerini s\u0131kla\u015ft\u0131rd\u0131. \u0130l\u00e7edeki marketler, hizmet i\u015fletmeleri ve semt pazarlar\u0131nda yap\u0131lan kontrollerle t\u00fcketici haklar\u0131 korunuyor.\u00a0<\/p>\n<p>\u200bHaberin Al\u0131nt\u0131land\u0131\u011f\u0131 Kaynak: www.antalyakorfez.com<\/p>","protected":false},"excerpt":{"rendered":"<p>Meram Belediyesi Zab\u0131ta M\u00fcd\u00fcrl\u00fc\u011f\u00fc ekipleri, vatanda\u015flar\u0131n sa\u011fl\u0131kl\u0131 bir al\u0131\u015fveri\u015f yapabilmesi i\u00e7in denetimlerini aral\u0131ks\u0131z s\u00fcrd\u00fcr\u00fcyor. \u00d6zellikle temel g\u0131da ve ihtiya\u00e7 \u00fcr\u00fcnlerinde ya\u015fanabilecek hijyen, gramaj ve son kullanma tarihlerinin kontrol\u00fc ile fahi\u015f fiyat uygulamalar\u0131n\u0131n \u00f6n\u00fcne ge\u00e7mek ad\u0131na kapsaml\u0131 bir \u00e7al\u0131\u015fma ger\u00e7ekle\u015ftiren ekipler, il\u00e7e genelinde kurulan semt pazarlar\u0131, marketler ve hizmet sekt\u00f6r\u00fcne ait i\u015fletmelerde s\u0131k\u0131 denetimler yap\u0131yor. \u00dcR\u00dcNLER\u0130N ET\u0130KET F\u0130YATLARI, GRAMAJLARI KONTROL ED\u0130L\u0130YOR Zab\u0131ta ekipleri, pazar yerlerinde ba\u015fta sebze ve meyve olmak \u00fczere manav, kasap, temizlik \u00fcr\u00fcnleri gibi bir\u00e7ok kalemde etiket fiyatlar\u0131n\u0131, gramajlar\u0131 ve son kullanma tarihlerini kontrol ediyor. \u00dcr\u00fcnlerin etiket fiyat\u0131 ile sat\u0131\u015f ve kasa fiyat\u0131 aras\u0131nda farkl\u0131l\u0131k olup olmad\u0131\u011f\u0131na, etiketlerin son g\u00fcncellenme tarihine ve fiyat de\u011fi\u015fim ge\u00e7mi\u015fine dikkatle bak\u0131l\u0131yor. \u00d6zellikle meyve ve sebze reyonlar\u0131nda \u00fcr\u00fcnlerin men\u015fe bilgisi ile geli\u015f fiyatlar\u0131 da denetleniyor. Pazar alanlar\u0131nda, marketlerde ve zincir ma\u011fazalarda yap\u0131lan kontrollerde t\u00fcketiciyi yan\u0131ltacak hi\u00e7bir unsurun bulunmamas\u0131na \u00f6zen g\u00f6steriliyor. Zab\u0131ta memurlar\u0131 t\u00fcm tespitleri kay\u0131t alt\u0131na alarak ilgili birimlere raporluyor. Bu sayede hem fiyat istikrar\u0131 sa\u011flan\u0131yor hem de t\u00fcketici haklar\u0131n\u0131n korunmas\u0131 hedefleniyor. KAFE, PASTANE VE LOKANTALAR SIKI DENET\u0130M ALTINDA Meram zab\u0131tas\u0131, sadece perakende sat\u0131\u015f yerlerini de\u011fil, lokanta, restoran, kafe, pastane gibi hizmet sunan i\u015f yerlerinde de s\u0131k\u0131 denetimler s\u00fcrd\u00fcr\u00fcyor. \u0130\u015fletmelerin fiyat tarifelerini g\u00f6r\u00fcn\u00fcr \u015fekilde sergileyip sergilemedi\u011fi kontrol ediliyor. Vatanda\u015flar\u0131n fiyatlar\u0131 a\u00e7\u0131k\u00e7a g\u00f6rebilmesi, bilin\u00e7li al\u0131\u015fveri\u015f &hellip;<\/p>","protected":false},"author":5,"featured_media":0,"comment_status":"","ping_status":"open","sticky":false,"template":"","format":"standard","meta":{"_acf_changed":false,"footnotes":""},"categories":[24],"tags":[],"class_list":["post-103531","post","type-post","status-publish","format-standard","has-post-thumbnail","hentry","category-gundem"],"acf":[],"yoast_head":"<!-- This site is optimized with the Yoast SEO Premium plugin v26.6 (Yoast SEO v27.1.1) - https:\/\/yoast.com\/product\/yoast-seo-premium-wordpress\/ -->\n<title>Meram&#039;da market ve pazarlar mercek alt\u0131nda - Av. Deniz Can K\u0131z\u0131l<\/title>\n<meta name=\"robots\" content=\"index, follow, max-snippet:-1, max-image-preview:large, max-video-preview:-1\" \/>\n<link rel=\"canonical\" href=\"https:\/\/denizcankizil.tr\/en\/haberler\/gundem\/meramda-market-ve-pazarlar-mercek-altinda\/\" \/>\n<meta property=\"og:locale\" content=\"en_GB\" \/>\n<meta property=\"og:type\" content=\"article\" \/>\n<meta property=\"og:title\" content=\"Meram&#039;da market ve pazarlar mercek alt\u0131nda\" \/>\n<meta property=\"og:description\" content=\"Meram Belediyesi Zab\u0131ta M\u00fcd\u00fcrl\u00fc\u011f\u00fc ekipleri, vatanda\u015flar\u0131n sa\u011fl\u0131kl\u0131 bir al\u0131\u015fveri\u015f yapabilmesi i\u00e7in denetimlerini aral\u0131ks\u0131z s\u00fcrd\u00fcr\u00fcyor. \u00d6zellikle temel g\u0131da ve ihtiya\u00e7 \u00fcr\u00fcnlerinde ya\u015fanabilecek hijyen, gramaj ve son kullanma tarihlerinin kontrol\u00fc ile fahi\u015f fiyat uygulamalar\u0131n\u0131n \u00f6n\u00fcne ge\u00e7mek ad\u0131na kapsaml\u0131 bir \u00e7al\u0131\u015fma ger\u00e7ekle\u015ftiren ekipler, il\u00e7e genelinde kurulan semt pazarlar\u0131, marketler ve hizmet sekt\u00f6r\u00fcne ait i\u015fletmelerde s\u0131k\u0131 denetimler yap\u0131yor. \u00dcR\u00dcNLER\u0130N ET\u0130KET F\u0130YATLARI, GRAMAJLARI KONTROL ED\u0130L\u0130YOR Zab\u0131ta ekipleri, pazar yerlerinde ba\u015fta sebze ve meyve olmak \u00fczere manav, kasap, temizlik \u00fcr\u00fcnleri gibi bir\u00e7ok kalemde etiket fiyatlar\u0131n\u0131, gramajlar\u0131 ve son kullanma tarihlerini kontrol ediyor. \u00dcr\u00fcnlerin etiket fiyat\u0131 ile sat\u0131\u015f ve kasa fiyat\u0131 aras\u0131nda farkl\u0131l\u0131k olup olmad\u0131\u011f\u0131na, etiketlerin son g\u00fcncellenme tarihine ve fiyat de\u011fi\u015fim ge\u00e7mi\u015fine dikkatle bak\u0131l\u0131yor. \u00d6zellikle meyve ve sebze reyonlar\u0131nda \u00fcr\u00fcnlerin men\u015fe bilgisi ile geli\u015f fiyatlar\u0131 da denetleniyor. Pazar alanlar\u0131nda, marketlerde ve zincir ma\u011fazalarda yap\u0131lan kontrollerde t\u00fcketiciyi yan\u0131ltacak hi\u00e7bir unsurun bulunmamas\u0131na \u00f6zen g\u00f6steriliyor. Zab\u0131ta memurlar\u0131 t\u00fcm tespitleri kay\u0131t alt\u0131na alarak ilgili birimlere raporluyor. Bu sayede hem fiyat istikrar\u0131 sa\u011flan\u0131yor hem de t\u00fcketici haklar\u0131n\u0131n korunmas\u0131 hedefleniyor. KAFE, PASTANE VE LOKANTALAR SIKI DENET\u0130M ALTINDA Meram zab\u0131tas\u0131, sadece perakende sat\u0131\u015f yerlerini de\u011fil, lokanta, restoran, kafe, pastane gibi hizmet sunan i\u015f yerlerinde de s\u0131k\u0131 denetimler s\u00fcrd\u00fcr\u00fcyor. \u0130\u015fletmelerin fiyat tarifelerini g\u00f6r\u00fcn\u00fcr \u015fekilde sergileyip sergilemedi\u011fi kontrol ediliyor. Vatanda\u015flar\u0131n fiyatlar\u0131 a\u00e7\u0131k\u00e7a g\u00f6rebilmesi, bilin\u00e7li al\u0131\u015fveri\u015f &hellip;\" \/>\n<meta property=\"og:url\" content=\"https:\/\/denizcankizil.tr\/en\/haberler\/gundem\/meramda-market-ve-pazarlar-mercek-altinda\/\" \/>\n<meta property=\"og:site_name\" content=\"Av. Deniz Can K\u0131z\u0131l\" \/>\n<meta property=\"article:published_time\" content=\"2025-06-01T12:41:15+00:00\" \/>\n<meta name=\"author\" content=\"Antalya K\u00f6rfez\" \/>\n<meta name=\"twitter:card\" content=\"summary_large_image\" \/>\n<meta name=\"twitter:label1\" content=\"Written by\" \/>\n\t<meta name=\"twitter:data1\" content=\"Antalya K\u00f6rfez\" \/>\n\t<meta name=\"twitter:label2\" content=\"Estimated reading time\" \/>\n\t<meta name=\"twitter:data2\" content=\"3 minutes\" \/>\n<script type=\"application\/ld+json\" class=\"yoast-schema-graph\">{\"@context\":\"https:\/\/schema.org\",\"@graph\":[{\"@type\":\"Article\",\"@id\":\"https:\/\/denizcankizil.tr\/en\/haberler\/gundem\/meramda-market-ve-pazarlar-mercek-altinda\/#article\",\"isPartOf\":{\"@id\":\"https:\/\/denizcankizil.tr\/en\/haberler\/gundem\/meramda-market-ve-pazarlar-mercek-altinda\/\"},\"author\":{\"name\":\"Antalya K\u00f6rfez\",\"@id\":\"https:\/\/denizcankizil.tr\/#\/schema\/person\/e1eb71bb4dd684d46563f0af307e1234\"},\"headline\":\"Meram&#8217;da market ve pazarlar mercek alt\u0131nda\",\"datePublished\":\"2025-06-01T12:41:15+00:00\",\"mainEntityOfPage\":{\"@id\":\"https:\/\/denizcankizil.tr\/en\/haberler\/gundem\/meramda-market-ve-pazarlar-mercek-altinda\/\"},\"wordCount\":649,\"publisher\":{\"@id\":\"https:\/\/denizcankizil.tr\/#organization\"},\"articleSection\":[\"G\u00fcndem\"],\"inLanguage\":\"en-GB\"},{\"@type\":\"WebPage\",\"@id\":\"https:\/\/denizcankizil.tr\/en\/haberler\/gundem\/meramda-market-ve-pazarlar-mercek-altinda\/\",\"url\":\"https:\/\/denizcankizil.tr\/en\/haberler\/gundem\/meramda-market-ve-pazarlar-mercek-altinda\/\",\"name\":\"Meram'da market ve pazarlar mercek alt\u0131nda - Av. Deniz Can K\u0131z\u0131l\",\"isPartOf\":{\"@id\":\"https:\/\/denizcankizil.tr\/#website\"},\"datePublished\":\"2025-06-01T12:41:15+00:00\",\"breadcrumb\":{\"@id\":\"https:\/\/denizcankizil.tr\/en\/haberler\/gundem\/meramda-market-ve-pazarlar-mercek-altinda\/#breadcrumb\"},\"inLanguage\":\"en-GB\",\"potentialAction\":[{\"@type\":\"ReadAction\",\"target\":[\"https:\/\/denizcankizil.tr\/en\/haberler\/gundem\/meramda-market-ve-pazarlar-mercek-altinda\/\"]}]},{\"@type\":\"BreadcrumbList\",\"@id\":\"https:\/\/denizcankizil.tr\/en\/haberler\/gundem\/meramda-market-ve-pazarlar-mercek-altinda\/#breadcrumb\",\"itemListElement\":[{\"@type\":\"ListItem\",\"position\":1,\"name\":\"Home\",\"item\":\"https:\/\/denizcankizil.tr\/de\/\"},{\"@type\":\"ListItem\",\"position\":2,\"name\":\"Meram&#8217;da market ve pazarlar mercek alt\u0131nda\"}]},{\"@type\":\"WebSite\",\"@id\":\"https:\/\/denizcankizil.tr\/#website\",\"url\":\"https:\/\/denizcankizil.tr\/\",\"name\":\"Av. Deniz Can K\u0131z\u0131l\",\"description\":\"Avukat Deniz Can K\u0131z\u0131l Antalya Barosu\",\"publisher\":{\"@id\":\"https:\/\/denizcankizil.tr\/#organization\"},\"potentialAction\":[{\"@type\":\"SearchAction\",\"target\":{\"@type\":\"EntryPoint\",\"urlTemplate\":\"https:\/\/denizcankizil.tr\/?s={search_term_string}\"},\"query-input\":{\"@type\":\"PropertyValueSpecification\",\"valueRequired\":true,\"valueName\":\"search_term_string\"}}],\"inLanguage\":\"en-GB\"},{\"@type\":\"Organization\",\"@id\":\"https:\/\/denizcankizil.tr\/#organization\",\"name\":\"Av. Deniz Can K\u0131z\u0131l\",\"url\":\"https:\/\/denizcankizil.tr\/\",\"logo\":{\"@type\":\"ImageObject\",\"inLanguage\":\"en-GB\",\"@id\":\"https:\/\/denizcankizil.tr\/#\/schema\/logo\/image\/\",\"url\":\"https:\/\/denizcankizil.tr\/wp-content\/uploads\/2024\/10\/siyah-logo-svg.svg\",\"contentUrl\":\"https:\/\/denizcankizil.tr\/wp-content\/uploads\/2024\/10\/siyah-logo-svg.svg\",\"width\":1080,\"height\":1080,\"caption\":\"Av. Deniz Can K\u0131z\u0131l\"},\"image\":{\"@id\":\"https:\/\/denizcankizil.tr\/#\/schema\/logo\/image\/\"}},{\"@type\":\"Person\",\"@id\":\"https:\/\/denizcankizil.tr\/#\/schema\/person\/e1eb71bb4dd684d46563f0af307e1234\",\"name\":\"Antalya K\u00f6rfez\",\"image\":{\"@type\":\"ImageObject\",\"inLanguage\":\"en-GB\",\"@id\":\"https:\/\/denizcankizil.tr\/#\/schema\/person\/image\/\",\"url\":\"https:\/\/secure.gravatar.com\/avatar\/42b01982558a48a0b501fdcab6a408d3717ea5919095ee2e67b0e521799c5905?s=96&d=mm&r=g\",\"contentUrl\":\"https:\/\/secure.gravatar.com\/avatar\/42b01982558a48a0b501fdcab6a408d3717ea5919095ee2e67b0e521799c5905?s=96&d=mm&r=g\",\"caption\":\"Antalya K\u00f6rfez\"},\"sameAs\":[\"http:\/\/www.antalyakorfez.com\"],\"url\":\"https:\/\/www.antalyakorfez.com\/meramda-market-ve-pazarlar-mercek-altinda\"}]}<\/script>\n<!-- \/ Yoast SEO Premium plugin. -->","yoast_head_json":{"title":"Meram'da market ve pazarlar mercek alt\u0131nda - Av. Deniz Can K\u0131z\u0131l","robots":{"index":"index","follow":"follow","max-snippet":"max-snippet:-1","max-image-preview":"max-image-preview:large","max-video-preview":"max-video-preview:-1"},"canonical":"https:\/\/denizcankizil.tr\/en\/haberler\/gundem\/meramda-market-ve-pazarlar-mercek-altinda\/","og_locale":"en_GB","og_type":"article","og_title":"Meram'da market ve pazarlar mercek alt\u0131nda","og_description":"Meram Belediyesi Zab\u0131ta M\u00fcd\u00fcrl\u00fc\u011f\u00fc ekipleri, vatanda\u015flar\u0131n sa\u011fl\u0131kl\u0131 bir al\u0131\u015fveri\u015f yapabilmesi i\u00e7in denetimlerini aral\u0131ks\u0131z s\u00fcrd\u00fcr\u00fcyor. \u00d6zellikle temel g\u0131da ve ihtiya\u00e7 \u00fcr\u00fcnlerinde ya\u015fanabilecek hijyen, gramaj ve son kullanma tarihlerinin kontrol\u00fc ile fahi\u015f fiyat uygulamalar\u0131n\u0131n \u00f6n\u00fcne ge\u00e7mek ad\u0131na kapsaml\u0131 bir \u00e7al\u0131\u015fma ger\u00e7ekle\u015ftiren ekipler, il\u00e7e genelinde kurulan semt pazarlar\u0131, marketler ve hizmet sekt\u00f6r\u00fcne ait i\u015fletmelerde s\u0131k\u0131 denetimler yap\u0131yor. \u00dcR\u00dcNLER\u0130N ET\u0130KET F\u0130YATLARI, GRAMAJLARI KONTROL ED\u0130L\u0130YOR Zab\u0131ta ekipleri, pazar yerlerinde ba\u015fta sebze ve meyve olmak \u00fczere manav, kasap, temizlik \u00fcr\u00fcnleri gibi bir\u00e7ok kalemde etiket fiyatlar\u0131n\u0131, gramajlar\u0131 ve son kullanma tarihlerini kontrol ediyor. \u00dcr\u00fcnlerin etiket fiyat\u0131 ile sat\u0131\u015f ve kasa fiyat\u0131 aras\u0131nda farkl\u0131l\u0131k olup olmad\u0131\u011f\u0131na, etiketlerin son g\u00fcncellenme tarihine ve fiyat de\u011fi\u015fim ge\u00e7mi\u015fine dikkatle bak\u0131l\u0131yor. \u00d6zellikle meyve ve sebze reyonlar\u0131nda \u00fcr\u00fcnlerin men\u015fe bilgisi ile geli\u015f fiyatlar\u0131 da denetleniyor. Pazar alanlar\u0131nda, marketlerde ve zincir ma\u011fazalarda yap\u0131lan kontrollerde t\u00fcketiciyi yan\u0131ltacak hi\u00e7bir unsurun bulunmamas\u0131na \u00f6zen g\u00f6steriliyor. Zab\u0131ta memurlar\u0131 t\u00fcm tespitleri kay\u0131t alt\u0131na alarak ilgili birimlere raporluyor. Bu sayede hem fiyat istikrar\u0131 sa\u011flan\u0131yor hem de t\u00fcketici haklar\u0131n\u0131n korunmas\u0131 hedefleniyor. KAFE, PASTANE VE LOKANTALAR SIKI DENET\u0130M ALTINDA Meram zab\u0131tas\u0131, sadece perakende sat\u0131\u015f yerlerini de\u011fil, lokanta, restoran, kafe, pastane gibi hizmet sunan i\u015f yerlerinde de s\u0131k\u0131 denetimler s\u00fcrd\u00fcr\u00fcyor. \u0130\u015fletmelerin fiyat tarifelerini g\u00f6r\u00fcn\u00fcr \u015fekilde sergileyip sergilemedi\u011fi kontrol ediliyor. Vatanda\u015flar\u0131n fiyatlar\u0131 a\u00e7\u0131k\u00e7a g\u00f6rebilmesi, bilin\u00e7li al\u0131\u015fveri\u015f &hellip;","og_url":"https:\/\/denizcankizil.tr\/en\/haberler\/gundem\/meramda-market-ve-pazarlar-mercek-altinda\/","og_site_name":"Av. Deniz Can K\u0131z\u0131l","article_published_time":"2025-06-01T12:41:15+00:00","author":"Antalya K\u00f6rfez","twitter_card":"summary_large_image","twitter_misc":{"Written by":"Antalya K\u00f6rfez","Estimated reading time":"3 minutes"},"schema":{"@context":"https:\/\/schema.org","@graph":[{"@type":"Article","@id":"https:\/\/denizcankizil.tr\/en\/haberler\/gundem\/meramda-market-ve-pazarlar-mercek-altinda\/#article","isPartOf":{"@id":"https:\/\/denizcankizil.tr\/en\/haberler\/gundem\/meramda-market-ve-pazarlar-mercek-altinda\/"},"author":{"name":"Antalya K\u00f6rfez","@id":"https:\/\/denizcankizil.tr\/#\/schema\/person\/e1eb71bb4dd684d46563f0af307e1234"},"headline":"Meram&#8217;da market ve pazarlar mercek alt\u0131nda","datePublished":"2025-06-01T12:41:15+00:00","mainEntityOfPage":{"@id":"https:\/\/denizcankizil.tr\/en\/haberler\/gundem\/meramda-market-ve-pazarlar-mercek-altinda\/"},"wordCount":649,"publisher":{"@id":"https:\/\/denizcankizil.tr\/#organization"},"articleSection":["G\u00fcndem"],"inLanguage":"en-GB"},{"@type":"WebPage","@id":"https:\/\/denizcankizil.tr\/en\/haberler\/gundem\/meramda-market-ve-pazarlar-mercek-altinda\/","url":"https:\/\/denizcankizil.tr\/en\/haberler\/gundem\/meramda-market-ve-pazarlar-mercek-altinda\/","name":"Meram'da market ve pazarlar mercek alt\u0131nda - Av. Deniz Can K\u0131z\u0131l","isPartOf":{"@id":"https:\/\/denizcankizil.tr\/#website"},"datePublished":"2025-06-01T12:41:15+00:00","breadcrumb":{"@id":"https:\/\/denizcankizil.tr\/en\/haberler\/gundem\/meramda-market-ve-pazarlar-mercek-altinda\/#breadcrumb"},"inLanguage":"en-GB","potentialAction":[{"@type":"ReadAction","target":["https:\/\/denizcankizil.tr\/en\/haberler\/gundem\/meramda-market-ve-pazarlar-mercek-altinda\/"]}]},{"@type":"BreadcrumbList","@id":"https:\/\/denizcankizil.tr\/en\/haberler\/gundem\/meramda-market-ve-pazarlar-mercek-altinda\/#breadcrumb","itemListElement":[{"@type":"ListItem","position":1,"name":"Home","item":"https:\/\/denizcankizil.tr\/de\/"},{"@type":"ListItem","position":2,"name":"Meram&#8217;da market ve pazarlar mercek alt\u0131nda"}]},{"@type":"WebSite","@id":"https:\/\/denizcankizil.tr\/#website","url":"https:\/\/denizcankizil.tr\/","name":"Av. Deniz Can K\u0131z\u0131l","description":"Avukat Deniz Can K\u0131z\u0131l Antalya Barosu","publisher":{"@id":"https:\/\/denizcankizil.tr\/#organization"},"potentialAction":[{"@type":"SearchAction","target":{"@type":"EntryPoint","urlTemplate":"https:\/\/denizcankizil.tr\/?s={search_term_string}"},"query-input":{"@type":"PropertyValueSpecification","valueRequired":true,"valueName":"search_term_string"}}],"inLanguage":"en-GB"},{"@type":"Organization","@id":"https:\/\/denizcankizil.tr\/#organization","name":"Av. Deniz Can K\u0131z\u0131l","url":"https:\/\/denizcankizil.tr\/","logo":{"@type":"ImageObject","inLanguage":"en-GB","@id":"https:\/\/denizcankizil.tr\/#\/schema\/logo\/image\/","url":"https:\/\/denizcankizil.tr\/wp-content\/uploads\/2024\/10\/siyah-logo-svg.svg","contentUrl":"https:\/\/denizcankizil.tr\/wp-content\/uploads\/2024\/10\/siyah-logo-svg.svg","width":1080,"height":1080,"caption":"Av. Deniz Can K\u0131z\u0131l"},"image":{"@id":"https:\/\/denizcankizil.tr\/#\/schema\/logo\/image\/"}},{"@type":"Person","@id":"https:\/\/denizcankizil.tr\/#\/schema\/person\/e1eb71bb4dd684d46563f0af307e1234","name":"Antalya K\u00f6rfez","image":{"@type":"ImageObject","inLanguage":"en-GB","@id":"https:\/\/denizcankizil.tr\/#\/schema\/person\/image\/","url":"https:\/\/secure.gravatar.com\/avatar\/42b01982558a48a0b501fdcab6a408d3717ea5919095ee2e67b0e521799c5905?s=96&d=mm&r=g","contentUrl":"https:\/\/secure.gravatar.com\/avatar\/42b01982558a48a0b501fdcab6a408d3717ea5919095ee2e67b0e521799c5905?s=96&d=mm&r=g","caption":"Antalya K\u00f6rfez"},"sameAs":["http:\/\/www.antalyakorfez.com"],"url":"https:\/\/www.antalyakorfez.com\/meramda-market-ve-pazarlar-mercek-altinda"}]}},"_links":{"self":[{"href":"https:\/\/denizcankizil.tr\/en\/wp-json\/wp\/v2\/posts\/103531","targetHints":{"allow":["GET"]}}],"collection":[{"href":"https:\/\/denizcankizil.tr\/en\/wp-json\/wp\/v2\/posts"}],"about":[{"href":"https:\/\/denizcankizil.tr\/en\/wp-json\/wp\/v2\/types\/post"}],"author":[{"embeddable":true,"href":"https:\/\/denizcankizil.tr\/en\/wp-json\/wp\/v2\/users\/5"}],"replies":[{"embeddable":true,"href":"https:\/\/denizcankizil.tr\/en\/wp-json\/wp\/v2\/comments?post=103531"}],"version-history":[{"count":0,"href":"https:\/\/denizcankizil.tr\/en\/wp-json\/wp\/v2\/posts\/103531\/revisions"}],"wp:attachment":[{"href":"https:\/\/denizcankizil.tr\/en\/wp-json\/wp\/v2\/media?parent=103531"}],"wp:term":[{"taxonomy":"category","embeddable":true,"href":"https:\/\/denizcankizil.tr\/en\/wp-json\/wp\/v2\/categories?post=103531"},{"taxonomy":"post_tag","embeddable":true,"href":"https:\/\/denizcankizil.tr\/en\/wp-json\/wp\/v2\/tags?post=103531"}],"curies":[{"name":"wp","href":"https:\/\/api.w.org\/{rel}","templated":true}]}}