{"id":103398,"date":"2025-06-01T10:41:23","date_gmt":"2025-06-01T07:41:23","guid":{"rendered":"https:\/\/denizcankizil.tr\/uncategorized-tr\/antalyada-yapimi-yilan-hikayesine-donmustu-chp-3-yil-sonra-dualarla-acti\/"},"modified":"2025-06-01T10:41:23","modified_gmt":"2025-06-01T07:41:23","slug":"antalyada-yapimi-yilan-hikayesine-donmustu-chp-3-yil-sonra-dualarla-acti","status":"publish","type":"post","link":"https:\/\/denizcankizil.tr\/en\/haberler\/gundem\/antalyada-yapimi-yilan-hikayesine-donmustu-chp-3-yil-sonra-dualarla-acti\/","title":{"rendered":"Antalya\u2019da yap\u0131m\u0131 y\u0131lan hikayesine d\u00f6nm\u00fc\u015ft\u00fc: CHP 3 y\u0131l sonra dualarla a\u00e7t\u0131"},"content":{"rendered":"<p>Antalya\u2019n\u0131n Aksu il\u00e7esinde millet bah\u00e7esi projesi kapsam\u0131nda merkez caminin y\u0131k\u0131larak yeni caminin tamamlanmamas\u0131n\u0131n ard\u0131ndan vatanda\u015flar yakla\u015f\u0131k 3 y\u0131ld\u0131r cuma ve bayram namazlar\u0131n\u0131 kapal\u0131 pazar alan\u0131nda k\u0131l\u0131yordu. Evlerinden getirdikleri seccadeleri yere sererek ibadet eden vatanda\u015flar, vakit namazlar\u0131 i\u00e7inse kom\u015fu mahallelerdeki camilerine gidiyorlard\u0131. Ramazan ay\u0131nda ibadete a\u00e7\u0131lan Aksu Merkez Cami\u2019nin resmi a\u00e7\u0131l\u0131\u015f\u0131, dualar e\u015fli\u011finde ger\u00e7ekle\u015ftirildi.<\/p>\n<p>DERNEK KURULDU<\/p>\n<p>Aksu il\u00e7esinde 3 y\u0131l \u00f6nce ba\u015flayan millet bah\u00e7esi projesi kapsam\u0131nda yenilemek amac\u0131yla merkez camisi de y\u0131k\u0131ld\u0131. Y\u0131k\u0131lan caminin hemen yan\u0131 ba\u015f\u0131nda bulunan millet bah\u00e7esi ve h\u00fck\u00fcmet kona\u011f\u0131n\u0131n yap\u0131m\u0131 tamamlanarak hizmete a\u00e7\u0131ld\u0131. Cami in\u015faat\u0131n\u0131n yap\u0131m\u0131n\u0131n takip edilmesi ve hay\u0131rseverlerden gelen paran\u0131n tek bir hesapta toplanmas\u0131 i\u00e7in Aksu Merkez Camii Yapt\u0131rma ve Ya\u015fatma Derne\u011fi kuruldu. Zaman zaman \u00e7e\u015fitli mecralardan payla\u015f\u0131m yap\u0131larak ve panolara reklam verilerek cami ad\u0131na hay\u0131rseverlerden para talep edildi.<\/p>\n<p>\u00c7\u0130V\u0130 \u00c7AKILMADI<\/p>\n<p>Di\u011fer taraftan bin 500 ki\u015filik kapal\u0131 mekanda, bin 500 ki\u015filik de a\u00e7\u0131k alanda ibadet kapasitesine sahip olan caminin d\u0131\u015f cephe s\u00fcslemesi CNC Sel\u00e7uklu y\u0131ld\u0131z\u0131 motifli ta\u015f malzemeden olmas\u0131 d\u00fc\u015f\u00fcn\u00fcld\u00fc. Camide 15\u2019inci ve 16\u2019nc\u0131 y\u00fczy\u0131la at\u0131fta bulunarak, Osmanl\u0131 Klasik d\u00f6nem nak\u0131\u015f ve tezyinat s\u00fcslemesi, bezemeleri uyguland\u0131. 21 A\u011fustos 2021 tarihinde temeli at\u0131lan caminin yap\u0131m\u0131 aradan ge\u00e7en 3 y\u0131lda tamamlanamad\u0131. Son olarak Cumhurba\u015fkan\u0131 Recep Tayyip Erdo\u011fan\u2019\u0131n yerel se\u00e7imler \u00f6ncesi Antalya\u2019y\u0131 ziyareti ve EXPO 2016\u2019da aday tan\u0131t\u0131m\u0131 \u00f6ncesinde h\u0131zl\u0131 bir \u015fekilde caminin 4 minaresinin g\u00f6vde \u00fcstleri tak\u0131ld\u0131.<\/p>\n<p>PAZAR YER\u0130NDE NAMAZ <\/p>\n<p>Antalya K\u00f6rfez Gazetesi muhabiri Ertu\u011frul G\u00fcn&#8217;\u00fcn haberine g\u00f6re; caminin y\u0131k\u0131lmas\u0131n\u0131n ard\u0131ndan cuma ve bayram namazlar\u0131 ise Macun Mahallesinde bulunan kapal\u0131 pazar alan\u0131ndan k\u0131l\u0131nmaya ba\u015fland\u0131. Yaz k\u0131\u015f demeden kapal\u0131 pazar alan\u0131nda evlerinden getirdikleri seccadelerin \u00fczerinde ibadetlerini yerine getiren yakla\u015f\u0131k 150 ki\u015fi i\u00e7in Aksu \u0130l\u00e7e M\u00fcft\u00fcl\u00fc\u011f\u00fc de bir imam ve bir m\u00fcezzin g\u00f6revlendirildi.<\/p>\n<p>HAYIRLI OLSUN<\/p>\n<p>Y\u0131llard\u0131r yap\u0131m\u0131 y\u0131lan hikayesine d\u00f6nen Ramazan ay\u0131nda ibadete a\u00e7\u0131lan Aksu Merkez Cami\u2019nin resmi a\u00e7\u0131l\u0131\u015f\u0131, dualar e\u015fli\u011finde ger\u00e7ekle\u015ftirildi. T\u00f6rende konu\u015fan \u0130stanbul Milletvekili Av. Behiye Eker, camilerin toplum hayat\u0131ndaki yerine dikkat \u00e7ekerek, birlik ve beraberli\u011fe vesile olan bu anlaml\u0131 yap\u0131n\u0131n Aksu\u2019ya hay\u0131rl\u0131 olmas\u0131n\u0131 diledi.<\/p>\n<p>GURURLANDIRAN ESER<\/p>\n<p>Hay\u0131rsever i\u015f insan\u0131 \u015eahin Harun K\u0131rb\u0131y\u0131k ise yapt\u0131\u011f\u0131 k\u0131sa konu\u015fmada, Aksu\u2019da b\u00f6yle de\u011ferli bir yap\u0131n\u0131n in\u015fas\u0131na katk\u0131 sunmaktan onur duydu\u011funu belirterek, \u201cG\u00fczel il\u00e7emiz Aksu\u2019nun geli\u015fimi i\u00e7in elimizden geleni yapmaya devam edece\u011fiz\u201d dedi. Aksu Belediye Ba\u015fkan\u0131 \u0130sa Y\u0131ld\u0131r\u0131m, t\u00f6rende yapt\u0131\u011f\u0131 konu\u015fmada caminin yap\u0131m\u0131nda eme\u011fi ge\u00e7enlere te\u015fekk\u00fcr etti.<\/p>\n<p>EME\u011e\u0130 GE\u00c7ENELERE TE\u015eEKK\u00dcR<\/p>\n<p>Caminin il\u00e7e sakinlerine hay\u0131rl\u0131 olmas\u0131n\u0131 dileyen Y\u0131ld\u0131r\u0131m, \u201cBug\u00fcn sadece bir binan\u0131n de\u011fil, g\u00f6n\u00fcl kap\u0131lar\u0131n\u0131n da a\u00e7\u0131lmas\u0131na vesile olan bir yap\u0131n\u0131n a\u00e7\u0131l\u0131\u015f\u0131n\u0131 yap\u0131yoruz. Bu g\u00fczel eserin il\u00e7emize kazand\u0131r\u0131lmas\u0131nda b\u00fcy\u00fck katk\u0131s\u0131 bulunan k\u0131ymetli i\u015f insan\u0131 Say\u0131n \u015eahin Harun K\u0131rb\u0131y\u0131k ba\u015fta olmak \u00fczere, caminin yap\u0131m\u0131na katk\u0131 sunan herkese \u00e7ok te\u015fekk\u00fcr ediyorum. Camimiz il\u00e7emize ve halk\u0131m\u0131za hay\u0131rl\u0131 olsun\u201d dedi.<\/p>\n<p>DAYANI\u015eMANIN MERKEZ\u0130<\/p>\n<p>Ba\u015fkan Y\u0131ld\u0131r\u0131m konu\u015fmas\u0131n\u0131 \u015fu s\u00f6zlerle s\u00fcrd\u00fcrd\u00fc: \u201c\u0130n\u015fallah camimiz; T\u00fcrk\u2019\u00fcyle, K\u00fcrt\u2019\u00fcyle, Y\u00f6r\u00fck\u2019\u00fcyle, Laz\u2019\u0131yla karde\u015fli\u011fin, sevginin ve dayan\u0131\u015fman\u0131n merkezi olur. Bizler nas\u0131l omuz omuza namaz k\u0131l\u0131yorsak, gerekti\u011finde ayn\u0131 birlik ve beraberlikle \u00fclkemizi de sevgiyle, bar\u0131\u015fla koruruz. E\u011fer bir g\u00fcn bu \u00fclkede mezhep ya da \u0131rk kavgas\u0131 \u00e7\u0131karsa ve biz karde\u015fli\u011fimizi koruyamazsak, ne bu camiler bizim namusumuzu ve can\u0131m\u0131z\u0131 korur, ne de biz camilerimizi ve can\u0131m\u0131z\u0131 koruyabiliriz.\u201d Konu\u015fmalar\u0131n ard\u0131ndan protokol \u00fcyeleri, dualar e\u015fli\u011finde a\u00e7\u0131l\u0131\u015f kurdelesini kesti.<\/p>\n<p>CHP\u2019DEN YO\u011eUN KATILIM<\/p>\n<p>Mimari yap\u0131s\u0131yla dikkat \u00e7eken ve il\u00e7eye manevi a\u00e7\u0131dan de\u011fer katan caminin a\u00e7\u0131l\u0131\u015f t\u00f6renine; CHP Antalya Milletvekili Mustafa Erdem, \u0130stanbul Milletvekili Av. Behiye Eker, Aksu Belediye Ba\u015fkan\u0131 \u0130sa Y\u0131ld\u0131r\u0131m ve e\u015fi Emine Y\u0131ld\u0131r\u0131m, hay\u0131rsever i\u015f insan\u0131 \u015eahin Harun K\u0131rb\u0131y\u0131k ba\u015fta olmak \u00fczere; CHP Aksu \u0130l\u00e7e Ba\u015fkan\u0131 Hamza Erdem, \u0130Y\u0130 Parti \u0130l\u00e7e Ba\u015fkan\u0131 Abdurrahman T\u00fct\u00fc\u015fo\u011flu, belediye ba\u015fkan yard\u0131mc\u0131lar\u0131, meclis \u00fcyeleri, siyasi parti temsilcileri, kurum m\u00fcd\u00fcrleri, mahalle muhtarlar\u0131, STK temsilcileri, bas\u0131n mensuplar\u0131 ve vatanda\u015flar kat\u0131ld\u0131.<\/p>\n<p>\u200bAntalya\u2019n\u0131n Aksu il\u00e7esinde 3 y\u0131ld\u0131r yap\u0131m\u0131 y\u0131lan hikayesine d\u00f6nen Aksu Merkez Camii\u2019nin a\u00e7\u0131l\u0131\u015f\u0131 dualarla ger\u00e7ekle\u015ftirildi. CHP\u2019nin yo\u011fun kat\u0131l\u0131m g\u00f6sterdi\u011fi caminin a\u00e7\u0131l\u0131\u015f\u0131yla beraber namazlar\u0131n\u0131 kapal\u0131 pazar yerinde k\u0131lan cemaat, camisine kavu\u015fmu\u015f oldu.\u00a0<\/p>\n<p>\u200bHaberin Al\u0131nt\u0131land\u0131\u011f\u0131 Kaynak: www.antalyakorfez.com<\/p>","protected":false},"excerpt":{"rendered":"<p>Antalya\u2019n\u0131n Aksu il\u00e7esinde millet bah\u00e7esi projesi kapsam\u0131nda merkez caminin y\u0131k\u0131larak yeni caminin tamamlanmamas\u0131n\u0131n ard\u0131ndan vatanda\u015flar yakla\u015f\u0131k 3 y\u0131ld\u0131r cuma ve bayram namazlar\u0131n\u0131 kapal\u0131 pazar alan\u0131nda k\u0131l\u0131yordu. Evlerinden getirdikleri seccadeleri yere sererek ibadet eden vatanda\u015flar, vakit namazlar\u0131 i\u00e7inse kom\u015fu mahallelerdeki camilerine gidiyorlard\u0131. Ramazan ay\u0131nda ibadete a\u00e7\u0131lan Aksu Merkez Cami\u2019nin resmi a\u00e7\u0131l\u0131\u015f\u0131, dualar e\u015fli\u011finde ger\u00e7ekle\u015ftirildi. DERNEK KURULDU Aksu il\u00e7esinde 3 y\u0131l \u00f6nce ba\u015flayan millet bah\u00e7esi projesi kapsam\u0131nda yenilemek amac\u0131yla merkez camisi de y\u0131k\u0131ld\u0131. Y\u0131k\u0131lan caminin hemen yan\u0131 ba\u015f\u0131nda bulunan millet bah\u00e7esi ve h\u00fck\u00fcmet kona\u011f\u0131n\u0131n yap\u0131m\u0131 tamamlanarak hizmete a\u00e7\u0131ld\u0131. Cami in\u015faat\u0131n\u0131n yap\u0131m\u0131n\u0131n takip edilmesi ve hay\u0131rseverlerden gelen paran\u0131n tek bir hesapta toplanmas\u0131 i\u00e7in Aksu Merkez Camii Yapt\u0131rma ve Ya\u015fatma Derne\u011fi kuruldu. Zaman zaman \u00e7e\u015fitli mecralardan payla\u015f\u0131m yap\u0131larak ve panolara reklam verilerek cami ad\u0131na hay\u0131rseverlerden para talep edildi. \u00c7\u0130V\u0130 \u00c7AKILMADI Di\u011fer taraftan bin 500 ki\u015filik kapal\u0131 mekanda, bin 500 ki\u015filik de a\u00e7\u0131k alanda ibadet kapasitesine sahip olan caminin d\u0131\u015f cephe s\u00fcslemesi CNC Sel\u00e7uklu y\u0131ld\u0131z\u0131 motifli ta\u015f malzemeden olmas\u0131 d\u00fc\u015f\u00fcn\u00fcld\u00fc. Camide 15\u2019inci ve 16\u2019nc\u0131 y\u00fczy\u0131la at\u0131fta bulunarak, Osmanl\u0131 Klasik d\u00f6nem nak\u0131\u015f ve tezyinat s\u00fcslemesi, bezemeleri uyguland\u0131. 21 A\u011fustos 2021 tarihinde temeli at\u0131lan caminin yap\u0131m\u0131 aradan ge\u00e7en 3 y\u0131lda tamamlanamad\u0131. Son olarak Cumhurba\u015fkan\u0131 Recep Tayyip Erdo\u011fan\u2019\u0131n yerel se\u00e7imler \u00f6ncesi Antalya\u2019y\u0131 ziyareti ve EXPO 2016\u2019da aday tan\u0131t\u0131m\u0131 &hellip;<\/p>","protected":false},"author":5,"featured_media":0,"comment_status":"","ping_status":"open","sticky":false,"template":"","format":"standard","meta":{"_acf_changed":false,"footnotes":""},"categories":[24],"tags":[],"class_list":["post-103398","post","type-post","status-publish","format-standard","has-post-thumbnail","hentry","category-gundem"],"acf":[],"yoast_head":"<!-- This site is optimized with the Yoast SEO Premium plugin v26.6 (Yoast SEO v27.1.1) - https:\/\/yoast.com\/product\/yoast-seo-premium-wordpress\/ -->\n<title>Antalya\u2019da yap\u0131m\u0131 y\u0131lan hikayesine d\u00f6nm\u00fc\u015ft\u00fc: CHP 3 y\u0131l sonra dualarla a\u00e7t\u0131 - Av. Deniz Can K\u0131z\u0131l<\/title>\n<meta name=\"robots\" content=\"index, follow, max-snippet:-1, max-image-preview:large, max-video-preview:-1\" \/>\n<link rel=\"canonical\" href=\"https:\/\/denizcankizil.tr\/en\/haberler\/gundem\/antalyada-yapimi-yilan-hikayesine-donmustu-chp-3-yil-sonra-dualarla-acti\/\" \/>\n<meta property=\"og:locale\" content=\"en_GB\" \/>\n<meta property=\"og:type\" content=\"article\" \/>\n<meta property=\"og:title\" content=\"Antalya\u2019da yap\u0131m\u0131 y\u0131lan hikayesine d\u00f6nm\u00fc\u015ft\u00fc: CHP 3 y\u0131l sonra dualarla a\u00e7t\u0131\" \/>\n<meta property=\"og:description\" content=\"Antalya\u2019n\u0131n Aksu il\u00e7esinde millet bah\u00e7esi projesi kapsam\u0131nda merkez caminin y\u0131k\u0131larak yeni caminin tamamlanmamas\u0131n\u0131n ard\u0131ndan vatanda\u015flar yakla\u015f\u0131k 3 y\u0131ld\u0131r cuma ve bayram namazlar\u0131n\u0131 kapal\u0131 pazar alan\u0131nda k\u0131l\u0131yordu. Evlerinden getirdikleri seccadeleri yere sererek ibadet eden vatanda\u015flar, vakit namazlar\u0131 i\u00e7inse kom\u015fu mahallelerdeki camilerine gidiyorlard\u0131. Ramazan ay\u0131nda ibadete a\u00e7\u0131lan Aksu Merkez Cami\u2019nin resmi a\u00e7\u0131l\u0131\u015f\u0131, dualar e\u015fli\u011finde ger\u00e7ekle\u015ftirildi. DERNEK KURULDU Aksu il\u00e7esinde 3 y\u0131l \u00f6nce ba\u015flayan millet bah\u00e7esi projesi kapsam\u0131nda yenilemek amac\u0131yla merkez camisi de y\u0131k\u0131ld\u0131. Y\u0131k\u0131lan caminin hemen yan\u0131 ba\u015f\u0131nda bulunan millet bah\u00e7esi ve h\u00fck\u00fcmet kona\u011f\u0131n\u0131n yap\u0131m\u0131 tamamlanarak hizmete a\u00e7\u0131ld\u0131. Cami in\u015faat\u0131n\u0131n yap\u0131m\u0131n\u0131n takip edilmesi ve hay\u0131rseverlerden gelen paran\u0131n tek bir hesapta toplanmas\u0131 i\u00e7in Aksu Merkez Camii Yapt\u0131rma ve Ya\u015fatma Derne\u011fi kuruldu. Zaman zaman \u00e7e\u015fitli mecralardan payla\u015f\u0131m yap\u0131larak ve panolara reklam verilerek cami ad\u0131na hay\u0131rseverlerden para talep edildi. \u00c7\u0130V\u0130 \u00c7AKILMADI Di\u011fer taraftan bin 500 ki\u015filik kapal\u0131 mekanda, bin 500 ki\u015filik de a\u00e7\u0131k alanda ibadet kapasitesine sahip olan caminin d\u0131\u015f cephe s\u00fcslemesi CNC Sel\u00e7uklu y\u0131ld\u0131z\u0131 motifli ta\u015f malzemeden olmas\u0131 d\u00fc\u015f\u00fcn\u00fcld\u00fc. Camide 15\u2019inci ve 16\u2019nc\u0131 y\u00fczy\u0131la at\u0131fta bulunarak, Osmanl\u0131 Klasik d\u00f6nem nak\u0131\u015f ve tezyinat s\u00fcslemesi, bezemeleri uyguland\u0131. 21 A\u011fustos 2021 tarihinde temeli at\u0131lan caminin yap\u0131m\u0131 aradan ge\u00e7en 3 y\u0131lda tamamlanamad\u0131. Son olarak Cumhurba\u015fkan\u0131 Recep Tayyip Erdo\u011fan\u2019\u0131n yerel se\u00e7imler \u00f6ncesi Antalya\u2019y\u0131 ziyareti ve EXPO 2016\u2019da aday tan\u0131t\u0131m\u0131 &hellip;\" \/>\n<meta property=\"og:url\" content=\"https:\/\/denizcankizil.tr\/en\/haberler\/gundem\/antalyada-yapimi-yilan-hikayesine-donmustu-chp-3-yil-sonra-dualarla-acti\/\" \/>\n<meta property=\"og:site_name\" content=\"Av. Deniz Can K\u0131z\u0131l\" \/>\n<meta property=\"article:published_time\" content=\"2025-06-01T07:41:23+00:00\" \/>\n<meta name=\"author\" content=\"Antalya K\u00f6rfez\" \/>\n<meta name=\"twitter:card\" content=\"summary_large_image\" \/>\n<meta name=\"twitter:label1\" content=\"Written by\" \/>\n\t<meta name=\"twitter:data1\" content=\"Antalya K\u00f6rfez\" \/>\n\t<meta name=\"twitter:label2\" content=\"Estimated reading time\" \/>\n\t<meta name=\"twitter:data2\" content=\"5 minutes\" \/>\n<script type=\"application\/ld+json\" class=\"yoast-schema-graph\">{\"@context\":\"https:\/\/schema.org\",\"@graph\":[{\"@type\":\"Article\",\"@id\":\"https:\/\/denizcankizil.tr\/en\/haberler\/gundem\/antalyada-yapimi-yilan-hikayesine-donmustu-chp-3-yil-sonra-dualarla-acti\/#article\",\"isPartOf\":{\"@id\":\"https:\/\/denizcankizil.tr\/en\/haberler\/gundem\/antalyada-yapimi-yilan-hikayesine-donmustu-chp-3-yil-sonra-dualarla-acti\/\"},\"author\":{\"name\":\"Antalya K\u00f6rfez\",\"@id\":\"https:\/\/denizcankizil.tr\/de\/#\/schema\/person\/e1eb71bb4dd684d46563f0af307e1234\"},\"headline\":\"Antalya\u2019da yap\u0131m\u0131 y\u0131lan hikayesine d\u00f6nm\u00fc\u015ft\u00fc: CHP 3 y\u0131l sonra dualarla a\u00e7t\u0131\",\"datePublished\":\"2025-06-01T07:41:23+00:00\",\"mainEntityOfPage\":{\"@id\":\"https:\/\/denizcankizil.tr\/en\/haberler\/gundem\/antalyada-yapimi-yilan-hikayesine-donmustu-chp-3-yil-sonra-dualarla-acti\/\"},\"wordCount\":930,\"publisher\":{\"@id\":\"https:\/\/denizcankizil.tr\/de\/#organization\"},\"articleSection\":[\"G\u00fcndem\"],\"inLanguage\":\"en-GB\"},{\"@type\":\"WebPage\",\"@id\":\"https:\/\/denizcankizil.tr\/en\/haberler\/gundem\/antalyada-yapimi-yilan-hikayesine-donmustu-chp-3-yil-sonra-dualarla-acti\/\",\"url\":\"https:\/\/denizcankizil.tr\/en\/haberler\/gundem\/antalyada-yapimi-yilan-hikayesine-donmustu-chp-3-yil-sonra-dualarla-acti\/\",\"name\":\"Antalya\u2019da yap\u0131m\u0131 y\u0131lan hikayesine d\u00f6nm\u00fc\u015ft\u00fc: CHP 3 y\u0131l sonra dualarla a\u00e7t\u0131 - Av. Deniz Can K\u0131z\u0131l\",\"isPartOf\":{\"@id\":\"https:\/\/denizcankizil.tr\/de\/#website\"},\"datePublished\":\"2025-06-01T07:41:23+00:00\",\"breadcrumb\":{\"@id\":\"https:\/\/denizcankizil.tr\/en\/haberler\/gundem\/antalyada-yapimi-yilan-hikayesine-donmustu-chp-3-yil-sonra-dualarla-acti\/#breadcrumb\"},\"inLanguage\":\"en-GB\",\"potentialAction\":[{\"@type\":\"ReadAction\",\"target\":[\"https:\/\/denizcankizil.tr\/en\/haberler\/gundem\/antalyada-yapimi-yilan-hikayesine-donmustu-chp-3-yil-sonra-dualarla-acti\/\"]}]},{\"@type\":\"BreadcrumbList\",\"@id\":\"https:\/\/denizcankizil.tr\/en\/haberler\/gundem\/antalyada-yapimi-yilan-hikayesine-donmustu-chp-3-yil-sonra-dualarla-acti\/#breadcrumb\",\"itemListElement\":[{\"@type\":\"ListItem\",\"position\":1,\"name\":\"Home\",\"item\":\"https:\/\/denizcankizil.tr\/de\/\"},{\"@type\":\"ListItem\",\"position\":2,\"name\":\"Antalya\u2019da yap\u0131m\u0131 y\u0131lan hikayesine d\u00f6nm\u00fc\u015ft\u00fc: CHP 3 y\u0131l sonra dualarla a\u00e7t\u0131\"}]},{\"@type\":\"WebSite\",\"@id\":\"https:\/\/denizcankizil.tr\/de\/#website\",\"url\":\"https:\/\/denizcankizil.tr\/de\/\",\"name\":\"Av. Deniz Can K\u0131z\u0131l\",\"description\":\"Avukat Deniz Can K\u0131z\u0131l Antalya Barosu\",\"publisher\":{\"@id\":\"https:\/\/denizcankizil.tr\/de\/#organization\"},\"potentialAction\":[{\"@type\":\"SearchAction\",\"target\":{\"@type\":\"EntryPoint\",\"urlTemplate\":\"https:\/\/denizcankizil.tr\/de\/?s={search_term_string}\"},\"query-input\":{\"@type\":\"PropertyValueSpecification\",\"valueRequired\":true,\"valueName\":\"search_term_string\"}}],\"inLanguage\":\"en-GB\"},{\"@type\":\"Organization\",\"@id\":\"https:\/\/denizcankizil.tr\/de\/#organization\",\"name\":\"Av. Deniz Can K\u0131z\u0131l\",\"url\":\"https:\/\/denizcankizil.tr\/de\/\",\"logo\":{\"@type\":\"ImageObject\",\"inLanguage\":\"en-GB\",\"@id\":\"https:\/\/denizcankizil.tr\/de\/#\/schema\/logo\/image\/\",\"url\":\"https:\/\/denizcankizil.tr\/wp-content\/uploads\/2024\/10\/siyah-logo-svg.svg\",\"contentUrl\":\"https:\/\/denizcankizil.tr\/wp-content\/uploads\/2024\/10\/siyah-logo-svg.svg\",\"width\":1080,\"height\":1080,\"caption\":\"Av. Deniz Can K\u0131z\u0131l\"},\"image\":{\"@id\":\"https:\/\/denizcankizil.tr\/de\/#\/schema\/logo\/image\/\"}},{\"@type\":\"Person\",\"@id\":\"https:\/\/denizcankizil.tr\/de\/#\/schema\/person\/e1eb71bb4dd684d46563f0af307e1234\",\"name\":\"Antalya K\u00f6rfez\",\"image\":{\"@type\":\"ImageObject\",\"inLanguage\":\"en-GB\",\"@id\":\"https:\/\/denizcankizil.tr\/de\/#\/schema\/person\/image\/\",\"url\":\"https:\/\/secure.gravatar.com\/avatar\/42b01982558a48a0b501fdcab6a408d3717ea5919095ee2e67b0e521799c5905?s=96&d=mm&r=g\",\"contentUrl\":\"https:\/\/secure.gravatar.com\/avatar\/42b01982558a48a0b501fdcab6a408d3717ea5919095ee2e67b0e521799c5905?s=96&d=mm&r=g\",\"caption\":\"Antalya K\u00f6rfez\"},\"sameAs\":[\"http:\/\/www.antalyakorfez.com\"],\"url\":\"https:\/\/www.antalyakorfez.com\/antalyada-yapimi-yilan-hikayesine-donmustu-chp-3-yil-sonra-dualarla-acti\"}]}<\/script>\n<!-- \/ Yoast SEO Premium plugin. -->","yoast_head_json":{"title":"Antalya\u2019da yap\u0131m\u0131 y\u0131lan hikayesine d\u00f6nm\u00fc\u015ft\u00fc: CHP 3 y\u0131l sonra dualarla a\u00e7t\u0131 - Av. Deniz Can K\u0131z\u0131l","robots":{"index":"index","follow":"follow","max-snippet":"max-snippet:-1","max-image-preview":"max-image-preview:large","max-video-preview":"max-video-preview:-1"},"canonical":"https:\/\/denizcankizil.tr\/en\/haberler\/gundem\/antalyada-yapimi-yilan-hikayesine-donmustu-chp-3-yil-sonra-dualarla-acti\/","og_locale":"en_GB","og_type":"article","og_title":"Antalya\u2019da yap\u0131m\u0131 y\u0131lan hikayesine d\u00f6nm\u00fc\u015ft\u00fc: CHP 3 y\u0131l sonra dualarla a\u00e7t\u0131","og_description":"Antalya\u2019n\u0131n Aksu il\u00e7esinde millet bah\u00e7esi projesi kapsam\u0131nda merkez caminin y\u0131k\u0131larak yeni caminin tamamlanmamas\u0131n\u0131n ard\u0131ndan vatanda\u015flar yakla\u015f\u0131k 3 y\u0131ld\u0131r cuma ve bayram namazlar\u0131n\u0131 kapal\u0131 pazar alan\u0131nda k\u0131l\u0131yordu. Evlerinden getirdikleri seccadeleri yere sererek ibadet eden vatanda\u015flar, vakit namazlar\u0131 i\u00e7inse kom\u015fu mahallelerdeki camilerine gidiyorlard\u0131. Ramazan ay\u0131nda ibadete a\u00e7\u0131lan Aksu Merkez Cami\u2019nin resmi a\u00e7\u0131l\u0131\u015f\u0131, dualar e\u015fli\u011finde ger\u00e7ekle\u015ftirildi. DERNEK KURULDU Aksu il\u00e7esinde 3 y\u0131l \u00f6nce ba\u015flayan millet bah\u00e7esi projesi kapsam\u0131nda yenilemek amac\u0131yla merkez camisi de y\u0131k\u0131ld\u0131. Y\u0131k\u0131lan caminin hemen yan\u0131 ba\u015f\u0131nda bulunan millet bah\u00e7esi ve h\u00fck\u00fcmet kona\u011f\u0131n\u0131n yap\u0131m\u0131 tamamlanarak hizmete a\u00e7\u0131ld\u0131. Cami in\u015faat\u0131n\u0131n yap\u0131m\u0131n\u0131n takip edilmesi ve hay\u0131rseverlerden gelen paran\u0131n tek bir hesapta toplanmas\u0131 i\u00e7in Aksu Merkez Camii Yapt\u0131rma ve Ya\u015fatma Derne\u011fi kuruldu. Zaman zaman \u00e7e\u015fitli mecralardan payla\u015f\u0131m yap\u0131larak ve panolara reklam verilerek cami ad\u0131na hay\u0131rseverlerden para talep edildi. \u00c7\u0130V\u0130 \u00c7AKILMADI Di\u011fer taraftan bin 500 ki\u015filik kapal\u0131 mekanda, bin 500 ki\u015filik de a\u00e7\u0131k alanda ibadet kapasitesine sahip olan caminin d\u0131\u015f cephe s\u00fcslemesi CNC Sel\u00e7uklu y\u0131ld\u0131z\u0131 motifli ta\u015f malzemeden olmas\u0131 d\u00fc\u015f\u00fcn\u00fcld\u00fc. Camide 15\u2019inci ve 16\u2019nc\u0131 y\u00fczy\u0131la at\u0131fta bulunarak, Osmanl\u0131 Klasik d\u00f6nem nak\u0131\u015f ve tezyinat s\u00fcslemesi, bezemeleri uyguland\u0131. 21 A\u011fustos 2021 tarihinde temeli at\u0131lan caminin yap\u0131m\u0131 aradan ge\u00e7en 3 y\u0131lda tamamlanamad\u0131. Son olarak Cumhurba\u015fkan\u0131 Recep Tayyip Erdo\u011fan\u2019\u0131n yerel se\u00e7imler \u00f6ncesi Antalya\u2019y\u0131 ziyareti ve EXPO 2016\u2019da aday tan\u0131t\u0131m\u0131 &hellip;","og_url":"https:\/\/denizcankizil.tr\/en\/haberler\/gundem\/antalyada-yapimi-yilan-hikayesine-donmustu-chp-3-yil-sonra-dualarla-acti\/","og_site_name":"Av. Deniz Can K\u0131z\u0131l","article_published_time":"2025-06-01T07:41:23+00:00","author":"Antalya K\u00f6rfez","twitter_card":"summary_large_image","twitter_misc":{"Written by":"Antalya K\u00f6rfez","Estimated reading time":"5 minutes"},"schema":{"@context":"https:\/\/schema.org","@graph":[{"@type":"Article","@id":"https:\/\/denizcankizil.tr\/en\/haberler\/gundem\/antalyada-yapimi-yilan-hikayesine-donmustu-chp-3-yil-sonra-dualarla-acti\/#article","isPartOf":{"@id":"https:\/\/denizcankizil.tr\/en\/haberler\/gundem\/antalyada-yapimi-yilan-hikayesine-donmustu-chp-3-yil-sonra-dualarla-acti\/"},"author":{"name":"Antalya K\u00f6rfez","@id":"https:\/\/denizcankizil.tr\/de\/#\/schema\/person\/e1eb71bb4dd684d46563f0af307e1234"},"headline":"Antalya\u2019da yap\u0131m\u0131 y\u0131lan hikayesine d\u00f6nm\u00fc\u015ft\u00fc: CHP 3 y\u0131l sonra dualarla a\u00e7t\u0131","datePublished":"2025-06-01T07:41:23+00:00","mainEntityOfPage":{"@id":"https:\/\/denizcankizil.tr\/en\/haberler\/gundem\/antalyada-yapimi-yilan-hikayesine-donmustu-chp-3-yil-sonra-dualarla-acti\/"},"wordCount":930,"publisher":{"@id":"https:\/\/denizcankizil.tr\/de\/#organization"},"articleSection":["G\u00fcndem"],"inLanguage":"en-GB"},{"@type":"WebPage","@id":"https:\/\/denizcankizil.tr\/en\/haberler\/gundem\/antalyada-yapimi-yilan-hikayesine-donmustu-chp-3-yil-sonra-dualarla-acti\/","url":"https:\/\/denizcankizil.tr\/en\/haberler\/gundem\/antalyada-yapimi-yilan-hikayesine-donmustu-chp-3-yil-sonra-dualarla-acti\/","name":"Antalya\u2019da yap\u0131m\u0131 y\u0131lan hikayesine d\u00f6nm\u00fc\u015ft\u00fc: CHP 3 y\u0131l sonra dualarla a\u00e7t\u0131 - Av. Deniz Can K\u0131z\u0131l","isPartOf":{"@id":"https:\/\/denizcankizil.tr\/de\/#website"},"datePublished":"2025-06-01T07:41:23+00:00","breadcrumb":{"@id":"https:\/\/denizcankizil.tr\/en\/haberler\/gundem\/antalyada-yapimi-yilan-hikayesine-donmustu-chp-3-yil-sonra-dualarla-acti\/#breadcrumb"},"inLanguage":"en-GB","potentialAction":[{"@type":"ReadAction","target":["https:\/\/denizcankizil.tr\/en\/haberler\/gundem\/antalyada-yapimi-yilan-hikayesine-donmustu-chp-3-yil-sonra-dualarla-acti\/"]}]},{"@type":"BreadcrumbList","@id":"https:\/\/denizcankizil.tr\/en\/haberler\/gundem\/antalyada-yapimi-yilan-hikayesine-donmustu-chp-3-yil-sonra-dualarla-acti\/#breadcrumb","itemListElement":[{"@type":"ListItem","position":1,"name":"Home","item":"https:\/\/denizcankizil.tr\/de\/"},{"@type":"ListItem","position":2,"name":"Antalya\u2019da yap\u0131m\u0131 y\u0131lan hikayesine d\u00f6nm\u00fc\u015ft\u00fc: CHP 3 y\u0131l sonra dualarla a\u00e7t\u0131"}]},{"@type":"WebSite","@id":"https:\/\/denizcankizil.tr\/de\/#website","url":"https:\/\/denizcankizil.tr\/de\/","name":"Av. Deniz Can K\u0131z\u0131l","description":"Avukat Deniz Can K\u0131z\u0131l Antalya Barosu","publisher":{"@id":"https:\/\/denizcankizil.tr\/de\/#organization"},"potentialAction":[{"@type":"SearchAction","target":{"@type":"EntryPoint","urlTemplate":"https:\/\/denizcankizil.tr\/de\/?s={search_term_string}"},"query-input":{"@type":"PropertyValueSpecification","valueRequired":true,"valueName":"search_term_string"}}],"inLanguage":"en-GB"},{"@type":"Organization","@id":"https:\/\/denizcankizil.tr\/de\/#organization","name":"Av. Deniz Can K\u0131z\u0131l","url":"https:\/\/denizcankizil.tr\/de\/","logo":{"@type":"ImageObject","inLanguage":"en-GB","@id":"https:\/\/denizcankizil.tr\/de\/#\/schema\/logo\/image\/","url":"https:\/\/denizcankizil.tr\/wp-content\/uploads\/2024\/10\/siyah-logo-svg.svg","contentUrl":"https:\/\/denizcankizil.tr\/wp-content\/uploads\/2024\/10\/siyah-logo-svg.svg","width":1080,"height":1080,"caption":"Av. Deniz Can K\u0131z\u0131l"},"image":{"@id":"https:\/\/denizcankizil.tr\/de\/#\/schema\/logo\/image\/"}},{"@type":"Person","@id":"https:\/\/denizcankizil.tr\/de\/#\/schema\/person\/e1eb71bb4dd684d46563f0af307e1234","name":"Antalya K\u00f6rfez","image":{"@type":"ImageObject","inLanguage":"en-GB","@id":"https:\/\/denizcankizil.tr\/de\/#\/schema\/person\/image\/","url":"https:\/\/secure.gravatar.com\/avatar\/42b01982558a48a0b501fdcab6a408d3717ea5919095ee2e67b0e521799c5905?s=96&d=mm&r=g","contentUrl":"https:\/\/secure.gravatar.com\/avatar\/42b01982558a48a0b501fdcab6a408d3717ea5919095ee2e67b0e521799c5905?s=96&d=mm&r=g","caption":"Antalya K\u00f6rfez"},"sameAs":["http:\/\/www.antalyakorfez.com"],"url":"https:\/\/www.antalyakorfez.com\/antalyada-yapimi-yilan-hikayesine-donmustu-chp-3-yil-sonra-dualarla-acti"}]}},"_links":{"self":[{"href":"https:\/\/denizcankizil.tr\/en\/wp-json\/wp\/v2\/posts\/103398","targetHints":{"allow":["GET"]}}],"collection":[{"href":"https:\/\/denizcankizil.tr\/en\/wp-json\/wp\/v2\/posts"}],"about":[{"href":"https:\/\/denizcankizil.tr\/en\/wp-json\/wp\/v2\/types\/post"}],"author":[{"embeddable":true,"href":"https:\/\/denizcankizil.tr\/en\/wp-json\/wp\/v2\/users\/5"}],"replies":[{"embeddable":true,"href":"https:\/\/denizcankizil.tr\/en\/wp-json\/wp\/v2\/comments?post=103398"}],"version-history":[{"count":0,"href":"https:\/\/denizcankizil.tr\/en\/wp-json\/wp\/v2\/posts\/103398\/revisions"}],"wp:attachment":[{"href":"https:\/\/denizcankizil.tr\/en\/wp-json\/wp\/v2\/media?parent=103398"}],"wp:term":[{"taxonomy":"category","embeddable":true,"href":"https:\/\/denizcankizil.tr\/en\/wp-json\/wp\/v2\/categories?post=103398"},{"taxonomy":"post_tag","embeddable":true,"href":"https:\/\/denizcankizil.tr\/en\/wp-json\/wp\/v2\/tags?post=103398"}],"curies":[{"name":"wp","href":"https:\/\/api.w.org\/{rel}","templated":true}]}}