{"id":102073,"date":"2025-05-30T23:40:52","date_gmt":"2025-05-30T20:40:52","guid":{"rendered":"https:\/\/denizcankizil.tr\/uncategorized-tr\/kasta-26-saatlik-su-kesintisi\/"},"modified":"2025-05-30T23:40:52","modified_gmt":"2025-05-30T20:40:52","slug":"kasta-26-saatlik-su-kesintisi","status":"publish","type":"post","link":"https:\/\/denizcankizil.tr\/en\/haberler\/gundem\/kasta-26-saatlik-su-kesintisi\/","title":{"rendered":"Ka\u015f&#8217;ta 26 saatlik su kesintisi!"},"content":{"rendered":"<p>Antalya B\u00fcy\u00fck\u015fehir Belediyesi Ka\u015f ASAT \u015eube M\u00fcd\u00fcrl\u00fc\u011f\u00fc taraf\u0131ndan yap\u0131lan a\u00e7\u0131klamada, Kalkan Mahallesi&#8217;nde \u00e7elik isale hatt\u0131nda meydana gelen ar\u0131zalar\u0131n giderilmesi amac\u0131yla 2 Haziran Pazartesi g\u00fcn\u00fc saat 08:00 ile 3 Haziran Sal\u0131 g\u00fcn\u00fc saat 10.00 aras\u0131nda planl\u0131 su kesintisi uygulanaca\u011f\u0131n\u0131 bildirdi.<\/p>\n<p>KA\u015e&#8217;IN B\u0130R\u00c7OK MAHALLES\u0130NDE SU VER\u0130LMEYECEK<\/p>\n<p>Yap\u0131lan a\u00e7\u0131klamada, su kesintisinden ka\u015f Merkez (Andifli), \u00c7er\u00e7iler, G\u00f6kseki, Bay\u0131nd\u0131r, S\u0131sla ve \u00c7etikli mahallelerinin etkilenece\u011fi belirtildi. Yetkililer, vatanda\u015flar\u0131n ma\u011fduriyet ya\u015famamas\u0131 ad\u0131na gerekli \u00f6nlemleri \u00f6nceden almalar\u0131n\u0131 \u00f6nemle rica etti.<\/p>\n<p>Su kesintisinin, Kalkan Mahallesi&#8217;ndeki \u00e7elik isale hatt\u0131nda meydana gelen teknik ar\u0131zalar\u0131n tamiri i\u00e7in planland\u0131\u011f\u0131n\u0131 ifade edilirken, \u00e7al\u0131\u015fmalar\u0131n en k\u0131sa s\u00fcrede tamamlanmas\u0131 i\u00e7in ekiplerin sahada olaca\u011f\u0131 kaydedildi.<\/p>\n<p>\u200bAntalya B\u00fcy\u00fck\u015fehir Belediyesi Ka\u015f ASAT \u015eube M\u00fcd\u00fcrl\u00fc\u011f\u00fc, Kalkan Mahallesi&#8217;ndeki ar\u0131zan\u0131n giderilmesi i\u00e7in 2-3 Haziran tarihlerinde planl\u0131 su kesintisi yap\u0131laca\u011f\u0131n\u0131 duyurdu. \u0130\u015fte ayr\u0131nt\u0131lar&#8230;\u00a0<\/p>\n<p>\u200bHaberin Al\u0131nt\u0131land\u0131\u011f\u0131 Kaynak: www.antalyakorfez.com<\/p>","protected":false},"excerpt":{"rendered":"<p>Antalya B\u00fcy\u00fck\u015fehir Belediyesi Ka\u015f ASAT \u015eube M\u00fcd\u00fcrl\u00fc\u011f\u00fc taraf\u0131ndan yap\u0131lan a\u00e7\u0131klamada, Kalkan Mahallesi&#8217;nde \u00e7elik isale hatt\u0131nda meydana gelen ar\u0131zalar\u0131n giderilmesi amac\u0131yla 2 Haziran Pazartesi g\u00fcn\u00fc saat 08:00 ile 3 Haziran Sal\u0131 g\u00fcn\u00fc saat 10.00 aras\u0131nda planl\u0131 su kesintisi uygulanaca\u011f\u0131n\u0131 bildirdi. KA\u015e&#8217;IN B\u0130R\u00c7OK MAHALLES\u0130NDE SU VER\u0130LMEYECEK Yap\u0131lan a\u00e7\u0131klamada, su kesintisinden ka\u015f Merkez (Andifli), \u00c7er\u00e7iler, G\u00f6kseki, Bay\u0131nd\u0131r, S\u0131sla ve \u00c7etikli mahallelerinin etkilenece\u011fi belirtildi. Yetkililer, vatanda\u015flar\u0131n ma\u011fduriyet ya\u015famamas\u0131 ad\u0131na gerekli \u00f6nlemleri \u00f6nceden almalar\u0131n\u0131 \u00f6nemle rica etti. Su kesintisinin, Kalkan Mahallesi&#8217;ndeki \u00e7elik isale hatt\u0131nda meydana gelen teknik ar\u0131zalar\u0131n tamiri i\u00e7in planland\u0131\u011f\u0131n\u0131 ifade edilirken, \u00e7al\u0131\u015fmalar\u0131n en k\u0131sa s\u00fcrede tamamlanmas\u0131 i\u00e7in ekiplerin sahada olaca\u011f\u0131 kaydedildi. \u200bAntalya B\u00fcy\u00fck\u015fehir Belediyesi Ka\u015f ASAT \u015eube M\u00fcd\u00fcrl\u00fc\u011f\u00fc, Kalkan Mahallesi&#8217;ndeki ar\u0131zan\u0131n giderilmesi i\u00e7in 2-3 Haziran tarihlerinde planl\u0131 su kesintisi yap\u0131laca\u011f\u0131n\u0131 duyurdu. \u0130\u015fte ayr\u0131nt\u0131lar&#8230;\u00a0 \u200bHaberin Al\u0131nt\u0131land\u0131\u011f\u0131 Kaynak: www.antalyakorfez.com<\/p>","protected":false},"author":5,"featured_media":0,"comment_status":"","ping_status":"open","sticky":false,"template":"","format":"standard","meta":{"_acf_changed":false,"footnotes":""},"categories":[24],"tags":[],"class_list":["post-102073","post","type-post","status-publish","format-standard","has-post-thumbnail","hentry","category-gundem"],"acf":[],"yoast_head":"<!-- This site is optimized with the Yoast SEO Premium plugin v26.6 (Yoast SEO v27.1.1) - https:\/\/yoast.com\/product\/yoast-seo-premium-wordpress\/ -->\n<title>Ka\u015f&#039;ta 26 saatlik su kesintisi! - Av. Deniz Can K\u0131z\u0131l<\/title>\n<meta name=\"robots\" content=\"index, follow, max-snippet:-1, max-image-preview:large, max-video-preview:-1\" \/>\n<link rel=\"canonical\" href=\"https:\/\/denizcankizil.tr\/en\/haberler\/gundem\/kasta-26-saatlik-su-kesintisi\/\" \/>\n<meta property=\"og:locale\" content=\"en_GB\" \/>\n<meta property=\"og:type\" content=\"article\" \/>\n<meta property=\"og:title\" content=\"Ka\u015f&#039;ta 26 saatlik su kesintisi!\" \/>\n<meta property=\"og:description\" content=\"Antalya B\u00fcy\u00fck\u015fehir Belediyesi Ka\u015f ASAT \u015eube M\u00fcd\u00fcrl\u00fc\u011f\u00fc taraf\u0131ndan yap\u0131lan a\u00e7\u0131klamada, Kalkan Mahallesi&#8217;nde \u00e7elik isale hatt\u0131nda meydana gelen ar\u0131zalar\u0131n giderilmesi amac\u0131yla 2 Haziran Pazartesi g\u00fcn\u00fc saat 08:00 ile 3 Haziran Sal\u0131 g\u00fcn\u00fc saat 10.00 aras\u0131nda planl\u0131 su kesintisi uygulanaca\u011f\u0131n\u0131 bildirdi. KA\u015e&#8217;IN B\u0130R\u00c7OK MAHALLES\u0130NDE SU VER\u0130LMEYECEK Yap\u0131lan a\u00e7\u0131klamada, su kesintisinden ka\u015f Merkez (Andifli), \u00c7er\u00e7iler, G\u00f6kseki, Bay\u0131nd\u0131r, S\u0131sla ve \u00c7etikli mahallelerinin etkilenece\u011fi belirtildi. Yetkililer, vatanda\u015flar\u0131n ma\u011fduriyet ya\u015famamas\u0131 ad\u0131na gerekli \u00f6nlemleri \u00f6nceden almalar\u0131n\u0131 \u00f6nemle rica etti. Su kesintisinin, Kalkan Mahallesi&#8217;ndeki \u00e7elik isale hatt\u0131nda meydana gelen teknik ar\u0131zalar\u0131n tamiri i\u00e7in planland\u0131\u011f\u0131n\u0131 ifade edilirken, \u00e7al\u0131\u015fmalar\u0131n en k\u0131sa s\u00fcrede tamamlanmas\u0131 i\u00e7in ekiplerin sahada olaca\u011f\u0131 kaydedildi. \u200bAntalya B\u00fcy\u00fck\u015fehir Belediyesi Ka\u015f ASAT \u015eube M\u00fcd\u00fcrl\u00fc\u011f\u00fc, Kalkan Mahallesi&#8217;ndeki ar\u0131zan\u0131n giderilmesi i\u00e7in 2-3 Haziran tarihlerinde planl\u0131 su kesintisi yap\u0131laca\u011f\u0131n\u0131 duyurdu. \u0130\u015fte ayr\u0131nt\u0131lar&#8230;\u00a0 \u200bHaberin Al\u0131nt\u0131land\u0131\u011f\u0131 Kaynak: www.antalyakorfez.com\" \/>\n<meta property=\"og:url\" content=\"https:\/\/denizcankizil.tr\/en\/haberler\/gundem\/kasta-26-saatlik-su-kesintisi\/\" \/>\n<meta property=\"og:site_name\" content=\"Av. Deniz Can K\u0131z\u0131l\" \/>\n<meta property=\"article:published_time\" content=\"2025-05-30T20:40:52+00:00\" \/>\n<meta name=\"author\" content=\"Antalya K\u00f6rfez\" \/>\n<meta name=\"twitter:card\" content=\"summary_large_image\" \/>\n<meta name=\"twitter:label1\" content=\"Written by\" \/>\n\t<meta name=\"twitter:data1\" content=\"Antalya K\u00f6rfez\" \/>\n\t<meta name=\"twitter:label2\" content=\"Estimated reading time\" \/>\n\t<meta name=\"twitter:data2\" content=\"1 minute\" \/>\n<script type=\"application\/ld+json\" class=\"yoast-schema-graph\">{\"@context\":\"https:\/\/schema.org\",\"@graph\":[{\"@type\":\"Article\",\"@id\":\"https:\/\/denizcankizil.tr\/en\/haberler\/gundem\/kasta-26-saatlik-su-kesintisi\/#article\",\"isPartOf\":{\"@id\":\"https:\/\/denizcankizil.tr\/en\/haberler\/gundem\/kasta-26-saatlik-su-kesintisi\/\"},\"author\":{\"name\":\"Antalya K\u00f6rfez\",\"@id\":\"https:\/\/denizcankizil.tr\/de\/#\/schema\/person\/e1eb71bb4dd684d46563f0af307e1234\"},\"headline\":\"Ka\u015f&#8217;ta 26 saatlik su kesintisi!\",\"datePublished\":\"2025-05-30T20:40:52+00:00\",\"mainEntityOfPage\":{\"@id\":\"https:\/\/denizcankizil.tr\/en\/haberler\/gundem\/kasta-26-saatlik-su-kesintisi\/\"},\"wordCount\":189,\"publisher\":{\"@id\":\"https:\/\/denizcankizil.tr\/de\/#organization\"},\"articleSection\":[\"G\u00fcndem\"],\"inLanguage\":\"en-GB\"},{\"@type\":\"WebPage\",\"@id\":\"https:\/\/denizcankizil.tr\/en\/haberler\/gundem\/kasta-26-saatlik-su-kesintisi\/\",\"url\":\"https:\/\/denizcankizil.tr\/en\/haberler\/gundem\/kasta-26-saatlik-su-kesintisi\/\",\"name\":\"Ka\u015f'ta 26 saatlik su kesintisi! - Av. Deniz Can K\u0131z\u0131l\",\"isPartOf\":{\"@id\":\"https:\/\/denizcankizil.tr\/de\/#website\"},\"datePublished\":\"2025-05-30T20:40:52+00:00\",\"breadcrumb\":{\"@id\":\"https:\/\/denizcankizil.tr\/en\/haberler\/gundem\/kasta-26-saatlik-su-kesintisi\/#breadcrumb\"},\"inLanguage\":\"en-GB\",\"potentialAction\":[{\"@type\":\"ReadAction\",\"target\":[\"https:\/\/denizcankizil.tr\/en\/haberler\/gundem\/kasta-26-saatlik-su-kesintisi\/\"]}]},{\"@type\":\"BreadcrumbList\",\"@id\":\"https:\/\/denizcankizil.tr\/en\/haberler\/gundem\/kasta-26-saatlik-su-kesintisi\/#breadcrumb\",\"itemListElement\":[{\"@type\":\"ListItem\",\"position\":1,\"name\":\"Home\",\"item\":\"https:\/\/denizcankizil.tr\/de\/\"},{\"@type\":\"ListItem\",\"position\":2,\"name\":\"Ka\u015f&#8217;ta 26 saatlik su kesintisi!\"}]},{\"@type\":\"WebSite\",\"@id\":\"https:\/\/denizcankizil.tr\/de\/#website\",\"url\":\"https:\/\/denizcankizil.tr\/de\/\",\"name\":\"Av. Deniz Can K\u0131z\u0131l\",\"description\":\"Avukat Deniz Can K\u0131z\u0131l Antalya Barosu\",\"publisher\":{\"@id\":\"https:\/\/denizcankizil.tr\/de\/#organization\"},\"potentialAction\":[{\"@type\":\"SearchAction\",\"target\":{\"@type\":\"EntryPoint\",\"urlTemplate\":\"https:\/\/denizcankizil.tr\/de\/?s={search_term_string}\"},\"query-input\":{\"@type\":\"PropertyValueSpecification\",\"valueRequired\":true,\"valueName\":\"search_term_string\"}}],\"inLanguage\":\"en-GB\"},{\"@type\":\"Organization\",\"@id\":\"https:\/\/denizcankizil.tr\/de\/#organization\",\"name\":\"Av. Deniz Can K\u0131z\u0131l\",\"url\":\"https:\/\/denizcankizil.tr\/de\/\",\"logo\":{\"@type\":\"ImageObject\",\"inLanguage\":\"en-GB\",\"@id\":\"https:\/\/denizcankizil.tr\/de\/#\/schema\/logo\/image\/\",\"url\":\"https:\/\/denizcankizil.tr\/wp-content\/uploads\/2024\/10\/siyah-logo-svg.svg\",\"contentUrl\":\"https:\/\/denizcankizil.tr\/wp-content\/uploads\/2024\/10\/siyah-logo-svg.svg\",\"width\":1080,\"height\":1080,\"caption\":\"Av. Deniz Can K\u0131z\u0131l\"},\"image\":{\"@id\":\"https:\/\/denizcankizil.tr\/de\/#\/schema\/logo\/image\/\"}},{\"@type\":\"Person\",\"@id\":\"https:\/\/denizcankizil.tr\/de\/#\/schema\/person\/e1eb71bb4dd684d46563f0af307e1234\",\"name\":\"Antalya K\u00f6rfez\",\"image\":{\"@type\":\"ImageObject\",\"inLanguage\":\"en-GB\",\"@id\":\"https:\/\/denizcankizil.tr\/de\/#\/schema\/person\/image\/\",\"url\":\"https:\/\/secure.gravatar.com\/avatar\/42b01982558a48a0b501fdcab6a408d3717ea5919095ee2e67b0e521799c5905?s=96&d=mm&r=g\",\"contentUrl\":\"https:\/\/secure.gravatar.com\/avatar\/42b01982558a48a0b501fdcab6a408d3717ea5919095ee2e67b0e521799c5905?s=96&d=mm&r=g\",\"caption\":\"Antalya K\u00f6rfez\"},\"sameAs\":[\"http:\/\/www.antalyakorfez.com\"],\"url\":\"https:\/\/www.antalyakorfez.com\/kasta-26-saatlik-su-kesintisi\"}]}<\/script>\n<!-- \/ Yoast SEO Premium plugin. -->","yoast_head_json":{"title":"Ka\u015f'ta 26 saatlik su kesintisi! - Av. Deniz Can K\u0131z\u0131l","robots":{"index":"index","follow":"follow","max-snippet":"max-snippet:-1","max-image-preview":"max-image-preview:large","max-video-preview":"max-video-preview:-1"},"canonical":"https:\/\/denizcankizil.tr\/en\/haberler\/gundem\/kasta-26-saatlik-su-kesintisi\/","og_locale":"en_GB","og_type":"article","og_title":"Ka\u015f'ta 26 saatlik su kesintisi!","og_description":"Antalya B\u00fcy\u00fck\u015fehir Belediyesi Ka\u015f ASAT \u015eube M\u00fcd\u00fcrl\u00fc\u011f\u00fc taraf\u0131ndan yap\u0131lan a\u00e7\u0131klamada, Kalkan Mahallesi&#8217;nde \u00e7elik isale hatt\u0131nda meydana gelen ar\u0131zalar\u0131n giderilmesi amac\u0131yla 2 Haziran Pazartesi g\u00fcn\u00fc saat 08:00 ile 3 Haziran Sal\u0131 g\u00fcn\u00fc saat 10.00 aras\u0131nda planl\u0131 su kesintisi uygulanaca\u011f\u0131n\u0131 bildirdi. KA\u015e&#8217;IN B\u0130R\u00c7OK MAHALLES\u0130NDE SU VER\u0130LMEYECEK Yap\u0131lan a\u00e7\u0131klamada, su kesintisinden ka\u015f Merkez (Andifli), \u00c7er\u00e7iler, G\u00f6kseki, Bay\u0131nd\u0131r, S\u0131sla ve \u00c7etikli mahallelerinin etkilenece\u011fi belirtildi. Yetkililer, vatanda\u015flar\u0131n ma\u011fduriyet ya\u015famamas\u0131 ad\u0131na gerekli \u00f6nlemleri \u00f6nceden almalar\u0131n\u0131 \u00f6nemle rica etti. Su kesintisinin, Kalkan Mahallesi&#8217;ndeki \u00e7elik isale hatt\u0131nda meydana gelen teknik ar\u0131zalar\u0131n tamiri i\u00e7in planland\u0131\u011f\u0131n\u0131 ifade edilirken, \u00e7al\u0131\u015fmalar\u0131n en k\u0131sa s\u00fcrede tamamlanmas\u0131 i\u00e7in ekiplerin sahada olaca\u011f\u0131 kaydedildi. \u200bAntalya B\u00fcy\u00fck\u015fehir Belediyesi Ka\u015f ASAT \u015eube M\u00fcd\u00fcrl\u00fc\u011f\u00fc, Kalkan Mahallesi&#8217;ndeki ar\u0131zan\u0131n giderilmesi i\u00e7in 2-3 Haziran tarihlerinde planl\u0131 su kesintisi yap\u0131laca\u011f\u0131n\u0131 duyurdu. \u0130\u015fte ayr\u0131nt\u0131lar&#8230;\u00a0 \u200bHaberin Al\u0131nt\u0131land\u0131\u011f\u0131 Kaynak: www.antalyakorfez.com","og_url":"https:\/\/denizcankizil.tr\/en\/haberler\/gundem\/kasta-26-saatlik-su-kesintisi\/","og_site_name":"Av. Deniz Can K\u0131z\u0131l","article_published_time":"2025-05-30T20:40:52+00:00","author":"Antalya K\u00f6rfez","twitter_card":"summary_large_image","twitter_misc":{"Written by":"Antalya K\u00f6rfez","Estimated reading time":"1 minute"},"schema":{"@context":"https:\/\/schema.org","@graph":[{"@type":"Article","@id":"https:\/\/denizcankizil.tr\/en\/haberler\/gundem\/kasta-26-saatlik-su-kesintisi\/#article","isPartOf":{"@id":"https:\/\/denizcankizil.tr\/en\/haberler\/gundem\/kasta-26-saatlik-su-kesintisi\/"},"author":{"name":"Antalya K\u00f6rfez","@id":"https:\/\/denizcankizil.tr\/de\/#\/schema\/person\/e1eb71bb4dd684d46563f0af307e1234"},"headline":"Ka\u015f&#8217;ta 26 saatlik su kesintisi!","datePublished":"2025-05-30T20:40:52+00:00","mainEntityOfPage":{"@id":"https:\/\/denizcankizil.tr\/en\/haberler\/gundem\/kasta-26-saatlik-su-kesintisi\/"},"wordCount":189,"publisher":{"@id":"https:\/\/denizcankizil.tr\/de\/#organization"},"articleSection":["G\u00fcndem"],"inLanguage":"en-GB"},{"@type":"WebPage","@id":"https:\/\/denizcankizil.tr\/en\/haberler\/gundem\/kasta-26-saatlik-su-kesintisi\/","url":"https:\/\/denizcankizil.tr\/en\/haberler\/gundem\/kasta-26-saatlik-su-kesintisi\/","name":"Ka\u015f'ta 26 saatlik su kesintisi! - Av. Deniz Can K\u0131z\u0131l","isPartOf":{"@id":"https:\/\/denizcankizil.tr\/de\/#website"},"datePublished":"2025-05-30T20:40:52+00:00","breadcrumb":{"@id":"https:\/\/denizcankizil.tr\/en\/haberler\/gundem\/kasta-26-saatlik-su-kesintisi\/#breadcrumb"},"inLanguage":"en-GB","potentialAction":[{"@type":"ReadAction","target":["https:\/\/denizcankizil.tr\/en\/haberler\/gundem\/kasta-26-saatlik-su-kesintisi\/"]}]},{"@type":"BreadcrumbList","@id":"https:\/\/denizcankizil.tr\/en\/haberler\/gundem\/kasta-26-saatlik-su-kesintisi\/#breadcrumb","itemListElement":[{"@type":"ListItem","position":1,"name":"Home","item":"https:\/\/denizcankizil.tr\/de\/"},{"@type":"ListItem","position":2,"name":"Ka\u015f&#8217;ta 26 saatlik su kesintisi!"}]},{"@type":"WebSite","@id":"https:\/\/denizcankizil.tr\/de\/#website","url":"https:\/\/denizcankizil.tr\/de\/","name":"Av. Deniz Can K\u0131z\u0131l","description":"Avukat Deniz Can K\u0131z\u0131l Antalya Barosu","publisher":{"@id":"https:\/\/denizcankizil.tr\/de\/#organization"},"potentialAction":[{"@type":"SearchAction","target":{"@type":"EntryPoint","urlTemplate":"https:\/\/denizcankizil.tr\/de\/?s={search_term_string}"},"query-input":{"@type":"PropertyValueSpecification","valueRequired":true,"valueName":"search_term_string"}}],"inLanguage":"en-GB"},{"@type":"Organization","@id":"https:\/\/denizcankizil.tr\/de\/#organization","name":"Av. Deniz Can K\u0131z\u0131l","url":"https:\/\/denizcankizil.tr\/de\/","logo":{"@type":"ImageObject","inLanguage":"en-GB","@id":"https:\/\/denizcankizil.tr\/de\/#\/schema\/logo\/image\/","url":"https:\/\/denizcankizil.tr\/wp-content\/uploads\/2024\/10\/siyah-logo-svg.svg","contentUrl":"https:\/\/denizcankizil.tr\/wp-content\/uploads\/2024\/10\/siyah-logo-svg.svg","width":1080,"height":1080,"caption":"Av. Deniz Can K\u0131z\u0131l"},"image":{"@id":"https:\/\/denizcankizil.tr\/de\/#\/schema\/logo\/image\/"}},{"@type":"Person","@id":"https:\/\/denizcankizil.tr\/de\/#\/schema\/person\/e1eb71bb4dd684d46563f0af307e1234","name":"Antalya K\u00f6rfez","image":{"@type":"ImageObject","inLanguage":"en-GB","@id":"https:\/\/denizcankizil.tr\/de\/#\/schema\/person\/image\/","url":"https:\/\/secure.gravatar.com\/avatar\/42b01982558a48a0b501fdcab6a408d3717ea5919095ee2e67b0e521799c5905?s=96&d=mm&r=g","contentUrl":"https:\/\/secure.gravatar.com\/avatar\/42b01982558a48a0b501fdcab6a408d3717ea5919095ee2e67b0e521799c5905?s=96&d=mm&r=g","caption":"Antalya K\u00f6rfez"},"sameAs":["http:\/\/www.antalyakorfez.com"],"url":"https:\/\/www.antalyakorfez.com\/kasta-26-saatlik-su-kesintisi"}]}},"_links":{"self":[{"href":"https:\/\/denizcankizil.tr\/en\/wp-json\/wp\/v2\/posts\/102073","targetHints":{"allow":["GET"]}}],"collection":[{"href":"https:\/\/denizcankizil.tr\/en\/wp-json\/wp\/v2\/posts"}],"about":[{"href":"https:\/\/denizcankizil.tr\/en\/wp-json\/wp\/v2\/types\/post"}],"author":[{"embeddable":true,"href":"https:\/\/denizcankizil.tr\/en\/wp-json\/wp\/v2\/users\/5"}],"replies":[{"embeddable":true,"href":"https:\/\/denizcankizil.tr\/en\/wp-json\/wp\/v2\/comments?post=102073"}],"version-history":[{"count":0,"href":"https:\/\/denizcankizil.tr\/en\/wp-json\/wp\/v2\/posts\/102073\/revisions"}],"wp:attachment":[{"href":"https:\/\/denizcankizil.tr\/en\/wp-json\/wp\/v2\/media?parent=102073"}],"wp:term":[{"taxonomy":"category","embeddable":true,"href":"https:\/\/denizcankizil.tr\/en\/wp-json\/wp\/v2\/categories?post=102073"},{"taxonomy":"post_tag","embeddable":true,"href":"https:\/\/denizcankizil.tr\/en\/wp-json\/wp\/v2\/tags?post=102073"}],"curies":[{"name":"wp","href":"https:\/\/api.w.org\/{rel}","templated":true}]}}