{"id":101954,"date":"2025-05-30T19:42:14","date_gmt":"2025-05-30T16:42:14","guid":{"rendered":"https:\/\/denizcankizil.tr\/uncategorized-tr\/demiryolunun-yeni-nesil-araclari-hizmete-hazir\/"},"modified":"2025-05-30T19:42:14","modified_gmt":"2025-05-30T16:42:14","slug":"demiryolunun-yeni-nesil-araclari-hizmete-hazir","status":"publish","type":"post","link":"https:\/\/denizcankizil.tr\/en\/haberler\/gundem\/demiryolunun-yeni-nesil-araclari-hizmete-hazir\/","title":{"rendered":"Demiryolunun yeni nesil ara\u00e7lar\u0131 hizmete haz\u0131r"},"content":{"rendered":"<p>Ula\u015ft\u0131rma ve Altyap\u0131 Bakan\u0131 Abdulkadir Uralo\u011flu, T\u00dcRASA\u015e ve TCDD Ta\u015f\u0131mac\u0131l\u0131k\u2019\u0131n yerli \u00fcretim elektrikli lokomotif, tren setleri, y\u00fck ve yang\u0131n s\u00f6nd\u00fcrme vagonlar\u0131n\u0131n teslim t\u00f6reninde konu\u015ftu. \u201cYapamazs\u0131n\u0131z denilen ne varsa bir bir hayata ge\u00e7iriyoruz,\u201d diyen Bakan Uralo\u011flu, T\u00fcrkiye\u2019nin demiryolu sanayisinde k\u00fcresel bir g\u00fc\u00e7 haline geldi\u011fini vurgulad\u0131.ANKARA (\u0130GFA) &#8211; T\u00fcrkiye, Orta Koridor\u2019da stratejik bir demiryolu merkezi olma yolunda ilerliyor. Ula\u015ft\u0131rma ve Altyap\u0131 Bakan\u0131 Abdulkadir Uralo\u011flu, T\u00dcRASA\u015e\u2019\u0131n Eski\u015fehir, Sakarya ve Sivas tesislerinde \u00fcretilen yeni nesil demiryolu ara\u00e7lar\u0131n\u0131n teslim t\u00f6reninde yerli ve milli \u00fcretimin \u00f6nemine dikkat \u00e7ekti. T\u00f6rende, elektrikli lokomotifler, tren setleri, ak\u00fcl\u00fc manevra ara\u00e7lar\u0131 ve yang\u0131n s\u00f6nd\u00fcrme vagonlar\u0131 TCDD Ta\u015f\u0131mac\u0131l\u0131k\u2019a teslim edildi.<br \/>\nBakan Uralo\u011flu, \u201cT\u00fcrkiye Y\u00fczy\u0131l\u0131\u2019nda yerli ve milli \u00fcretimle \u00fclkemizi k\u00fcresel bir g\u00fc\u00e7 haline getiriyoruz. Ula\u015f\u0131m, savunma sanayi, otomotiv ve demiryollar\u0131nda \u2018yapamazs\u0131n\u0131z\u2019 denilen her \u015feyi hayata ge\u00e7iriyoruz,\u201d dedi.<br \/>\nT\u00dcRKSAT 6A uydusunun y\u00f6r\u00fcngeye yerle\u015fmesi, TOGG, yerli sinyalizasyon sistemleri ve milli tren setleriyle T\u00fcrkiye\u2019nin k\u00fcresel bir ihracat \u00fclkesi oldu\u011funu belirtti.<br \/>\n2002\u2019de 11 bin kilometre olan demiryolu a\u011f\u0131n\u0131n, 2 bin 251 kilometresi Y\u00fcksek H\u0131zl\u0131 Tren (YHT) hatt\u0131 olmak \u00fczere 13.919 kilometreye ula\u015ft\u0131\u011f\u0131n\u0131 a\u00e7\u0131klayan Bakan Uralo\u011flu, T\u00fcrkiye\u2019nin Avrupa\u2019da 6., d\u00fcnyada 8. YHT i\u015fletmecisi oldu\u011funu s\u00f6yledi.<br \/>\n2028\u2019e kadar a\u011f\u0131n 17 bin 500 kilometreye \u00e7\u0131kar\u0131lmas\u0131n\u0131n hedeflendi\u011fini kaydeden Bakan Uralo\u011flu, Halkal\u0131-Kap\u0131kule, Ankara-\u0130zmir ve Mersin-Adana-Gaziantep gibi YHT projeleri devam etti\u011fini belirtti. <\/p>\n<p>T\u00dcRASA\u015e\u2019TAN YERL\u0130 VE M\u0130LL\u0130 BA\u015eYAPITLAR<br \/>\nT\u00dcRASA\u015e\u2019\u0131n y\u00fczde 100 yerli E5000 Elektrikli Lokomotifi, 5 megavat g\u00fcc\u00fc, saatte 140 km h\u0131z\u0131 ve TSI sertifikas\u0131yla dikkat \u00e7ekti\u011fini ifade eden Bakan Uralo\u011flu, &#8220;T\u00fcrkiye\u2019de tasarlanan en y\u00fcksek g\u00fc\u00e7l\u00fc cer motoru ve konvert\u00f6r\u00fcne sahip lokomotif, yurtd\u0131\u015f\u0131 pazarlar i\u00e7in de ihra\u00e7 \u00fcr\u00fcn\u00fc olacak. 2025\u2019te 20, 2026\u2019da 30, 2027\u2019de 45 adet olmak \u00fczere toplam 95 lokomotif teslim edilecek. 2023\u2019te hizmete giren 160 km\/s h\u0131zdaki milli elektrikli tren setlerinin say\u0131s\u0131, 2 yeni setin teslimiyle 5\u2019e ula\u015ft\u0131. 2026 sonuna kadar 22, 2030\u2019a kadar 56 sete ula\u015f\u0131lacak. Ayr\u0131ca, 225 km\/s h\u0131zdaki h\u0131zl\u0131 tren seti \u00fcretimine ba\u015fland\u0131; 2026-2028\u2019de 14 set teslim edilecek&#8221; diye konu\u015ftu.<br \/>\nT\u00dcRASA\u015e\u2019\u0131n 100\u2019\u00fcn \u00fczerinde yerli tedarik\u00e7iyle \u00e7al\u0131\u015ft\u0131\u011f\u0131n\u0131, y\u00fcksek katma de\u011ferli \u00fcr\u00fcnlerle cari a\u00e7\u0131\u011f\u0131 azaltt\u0131\u011f\u0131n\u0131 vurgulayan Bakan Uralo\u011flu, \u201cArt\u0131k lokomotif sekt\u00f6r\u00fcnde kendi teknolojimize sahibiz. Bu, sadece sanayi ba\u015far\u0131s\u0131 de\u011fil, milli ba\u011f\u0131ms\u0131zl\u0131\u011f\u0131m\u0131z\u0131n g\u00f6stergesidir\u201d dedi.<\/p>\n<p>\u200bUla\u015ft\u0131rma ve Altyap\u0131 Bakan\u0131 Abdulkadir Uralo\u011flu, T\u00dcRASA\u015e ve TCDD Ta\u015f\u0131mac\u0131l\u0131k\u2019\u0131n yerli \u00fcretim elektrikli lokomotif, tren setleri, y\u00fck ve yang\u0131n s\u00f6nd\u00fcrme vagonlar\u0131n\u0131n teslim t\u00f6reninde konu\u015ftu. \u201cYapamazs\u0131n\u0131z denilen ne varsa bir bir hayata ge\u00e7iriyoruz,\u201d diyen Bakan Uralo\u011flu, T\u00fcrkiye\u2019nin demiryolu sanayisinde k\u00fcresel bir g\u00fc\u00e7 haline geldi\u011fini vurgulad\u0131.ANKARA (\u0130GFA) &#8211; T\u00fcrkiye, Orta Koridor\u2019da stratejik bir demiryolu merkezi olma yolunda ilerliyor. Ula\u015ft\u0131rma ve Altyap\u0131 Bakan\u0131 Abdulkadir Uralo\u011flu, T\u00dcRASA\u015e\u2019\u0131n Eski\u015fehir, Sakarya ve Sivas tesislerinde \u00fcretilen yeni nesil demiryolu ara\u00e7lar\u0131n\u0131n teslim t\u00f6reninde yerli ve milli \u00fcretimin \u00f6nemine dikkat \u00e7ekti. T\u00f6rende, elektrikli lokomotifler, tren setleri, ak\u00fcl\u00fc manevra ara\u00e7lar\u0131 ve yang\u0131n s\u00f6nd\u00fcrme vagonlar\u0131 TCDD Ta\u015f\u0131mac\u0131l\u0131k\u2019a teslim edildi.<br \/>\nBakan Uralo\u011flu, \u201cT\u00fcrkiye Y\u00fczy\u0131l\u0131\u2019nda yerli ve milli \u00fcretimle \u00fclkemizi k\u00fcresel bir g\u00fc\u00e7 haline getiriyoruz. Ula\u015f\u0131m, savunma sanayi, otomotiv ve demiryollar\u0131nda \u2018yapamazs\u0131n\u0131z\u2019 denilen her \u015feyi hayata ge\u00e7iriyoruz,\u201d dedi.<br \/>\nT\u00dcRKSAT 6A uydusunun y\u00f6r\u00fcngeye yerle\u015fmesi, TOGG, yerli sinyalizasyon sistemleri ve milli tren setleriyle T\u00fcrkiye\u2019nin k\u00fcresel bir ihracat \u00fclkesi oldu\u011funu belirtti.<br \/>\n2002\u2019de 11 bin kilometre olan demiryolu a\u011f\u0131n\u0131n, 2 bin 251 kilometresi Y\u00fcksek H\u0131zl\u0131 Tren (YHT) hatt\u0131 olmak \u00fczere 13.919 kilometreye ula\u015ft\u0131\u011f\u0131n\u0131 a\u00e7\u0131klayan Bakan Uralo\u011flu, T\u00fcrkiye\u2019nin Avrupa\u2019da 6., d\u00fcnyada 8. YHT i\u015fletmecisi oldu\u011funu s\u00f6yledi.<br \/>\n2028\u2019e kadar a\u011f\u0131n 17 bin 500 kilometreye \u00e7\u0131kar\u0131lmas\u0131n\u0131n hedeflendi\u011fini kaydeden Bakan Uralo\u011flu, Halkal\u0131-Kap\u0131kule, Ankara-\u0130zmir ve Mersin-Adana-Gaziantep gibi YHT projeleri devam etti\u011fini belirtti. <\/p>\n<p>T\u00dcRASA\u015e\u2019TAN YERL\u0130 VE M\u0130LL\u0130 BA\u015eYAPITLAR<br \/>\nT\u00dcRASA\u015e\u2019\u0131n y\u00fczde 100 yerli E5000 Elektrikli Lokomotifi, 5 megavat g\u00fcc\u00fc, saatte 140 km h\u0131z\u0131 ve TSI sertifikas\u0131yla dikkat \u00e7ekti\u011fini ifade eden Bakan Uralo\u011flu, &#8220;T\u00fcrkiye\u2019de tasarlanan en y\u00fcksek g\u00fc\u00e7l\u00fc cer motoru ve konvert\u00f6r\u00fcne sahip lokomotif, yurtd\u0131\u015f\u0131 pazarlar i\u00e7in de ihra\u00e7 \u00fcr\u00fcn\u00fc olacak. 2025\u2019te 20, 2026\u2019da 30, 2027\u2019de 45 adet olmak \u00fczere toplam 95 lokomotif teslim edilecek. 2023\u2019te hizmete giren 160 km\/s h\u0131zdaki milli elektrikli tren setlerinin say\u0131s\u0131, 2 yeni setin teslimiyle 5\u2019e ula\u015ft\u0131. 2026 sonuna kadar 22, 2030\u2019a kadar 56 sete ula\u015f\u0131lacak. Ayr\u0131ca, 225 km\/s h\u0131zdaki h\u0131zl\u0131 tren seti \u00fcretimine ba\u015fland\u0131; 2026-2028\u2019de 14 set teslim edilecek&#8221; diye konu\u015ftu.<br \/>\nT\u00dcRASA\u015e\u2019\u0131n 100\u2019\u00fcn \u00fczerinde yerli tedarik\u00e7iyle \u00e7al\u0131\u015ft\u0131\u011f\u0131n\u0131, y\u00fcksek katma de\u011ferli \u00fcr\u00fcnlerle cari a\u00e7\u0131\u011f\u0131 azaltt\u0131\u011f\u0131n\u0131 vurgulayan Bakan Uralo\u011flu, \u201cArt\u0131k lokomotif sekt\u00f6r\u00fcnde kendi teknolojimize sahibiz. Bu, sadece sanayi ba\u015far\u0131s\u0131 de\u011fil, milli ba\u011f\u0131ms\u0131zl\u0131\u011f\u0131m\u0131z\u0131n g\u00f6stergesidir\u201d dedi.\u00a0<\/p>\n<p>\u200bHaberin Al\u0131nt\u0131land\u0131\u011f\u0131 Kaynak: www.iskenderun.org<\/p>","protected":false},"excerpt":{"rendered":"<p>Ula\u015ft\u0131rma ve Altyap\u0131 Bakan\u0131 Abdulkadir Uralo\u011flu, T\u00dcRASA\u015e ve TCDD Ta\u015f\u0131mac\u0131l\u0131k\u2019\u0131n yerli \u00fcretim elektrikli lokomotif, tren setleri, y\u00fck ve yang\u0131n s\u00f6nd\u00fcrme vagonlar\u0131n\u0131n teslim t\u00f6reninde konu\u015ftu. \u201cYapamazs\u0131n\u0131z denilen ne varsa bir bir hayata ge\u00e7iriyoruz,\u201d diyen Bakan Uralo\u011flu, T\u00fcrkiye\u2019nin demiryolu sanayisinde k\u00fcresel bir g\u00fc\u00e7 haline geldi\u011fini vurgulad\u0131.ANKARA (\u0130GFA) &#8211; T\u00fcrkiye, Orta Koridor\u2019da stratejik bir demiryolu merkezi olma yolunda ilerliyor. Ula\u015ft\u0131rma ve Altyap\u0131 Bakan\u0131 Abdulkadir Uralo\u011flu, T\u00dcRASA\u015e\u2019\u0131n Eski\u015fehir, Sakarya ve Sivas tesislerinde \u00fcretilen yeni nesil demiryolu ara\u00e7lar\u0131n\u0131n teslim t\u00f6reninde yerli ve milli \u00fcretimin \u00f6nemine dikkat \u00e7ekti. T\u00f6rende, elektrikli lokomotifler, tren setleri, ak\u00fcl\u00fc manevra ara\u00e7lar\u0131 ve yang\u0131n s\u00f6nd\u00fcrme vagonlar\u0131 TCDD Ta\u015f\u0131mac\u0131l\u0131k\u2019a teslim edildi. Bakan Uralo\u011flu, \u201cT\u00fcrkiye Y\u00fczy\u0131l\u0131\u2019nda yerli ve milli \u00fcretimle \u00fclkemizi k\u00fcresel bir g\u00fc\u00e7 haline getiriyoruz. Ula\u015f\u0131m, savunma sanayi, otomotiv ve demiryollar\u0131nda \u2018yapamazs\u0131n\u0131z\u2019 denilen her \u015feyi hayata ge\u00e7iriyoruz,\u201d dedi. T\u00dcRKSAT 6A uydusunun y\u00f6r\u00fcngeye yerle\u015fmesi, TOGG, yerli sinyalizasyon sistemleri ve milli tren setleriyle T\u00fcrkiye\u2019nin k\u00fcresel bir ihracat \u00fclkesi oldu\u011funu belirtti. 2002\u2019de 11 bin kilometre olan demiryolu a\u011f\u0131n\u0131n, 2 bin 251 kilometresi Y\u00fcksek H\u0131zl\u0131 Tren (YHT) hatt\u0131 olmak \u00fczere 13.919 kilometreye ula\u015ft\u0131\u011f\u0131n\u0131 a\u00e7\u0131klayan Bakan Uralo\u011flu, T\u00fcrkiye\u2019nin Avrupa\u2019da 6., d\u00fcnyada 8. YHT i\u015fletmecisi oldu\u011funu s\u00f6yledi. 2028\u2019e kadar a\u011f\u0131n 17 bin 500 kilometreye \u00e7\u0131kar\u0131lmas\u0131n\u0131n hedeflendi\u011fini kaydeden Bakan Uralo\u011flu, Halkal\u0131-Kap\u0131kule, Ankara-\u0130zmir ve Mersin-Adana-Gaziantep gibi YHT projeleri devam etti\u011fini belirtti. &hellip;<\/p>","protected":false},"author":1,"featured_media":0,"comment_status":"","ping_status":"open","sticky":false,"template":"","format":"standard","meta":{"_acf_changed":false,"footnotes":""},"categories":[24],"tags":[],"class_list":["post-101954","post","type-post","status-publish","format-standard","has-post-thumbnail","hentry","category-gundem"],"acf":[],"yoast_head":"<!-- This site is optimized with the Yoast SEO Premium plugin v26.6 (Yoast SEO v27.1.1) - https:\/\/yoast.com\/product\/yoast-seo-premium-wordpress\/ -->\n<title>Demiryolunun yeni nesil ara\u00e7lar\u0131 hizmete haz\u0131r - Av. Deniz Can K\u0131z\u0131l<\/title>\n<meta name=\"robots\" content=\"index, follow, max-snippet:-1, max-image-preview:large, max-video-preview:-1\" \/>\n<link rel=\"canonical\" href=\"https:\/\/denizcankizil.tr\/en\/haberler\/gundem\/demiryolunun-yeni-nesil-araclari-hizmete-hazir\/\" \/>\n<meta property=\"og:locale\" content=\"en_GB\" \/>\n<meta property=\"og:type\" content=\"article\" \/>\n<meta property=\"og:title\" content=\"Demiryolunun yeni nesil ara\u00e7lar\u0131 hizmete haz\u0131r\" \/>\n<meta property=\"og:description\" content=\"Ula\u015ft\u0131rma ve Altyap\u0131 Bakan\u0131 Abdulkadir Uralo\u011flu, T\u00dcRASA\u015e ve TCDD Ta\u015f\u0131mac\u0131l\u0131k\u2019\u0131n yerli \u00fcretim elektrikli lokomotif, tren setleri, y\u00fck ve yang\u0131n s\u00f6nd\u00fcrme vagonlar\u0131n\u0131n teslim t\u00f6reninde konu\u015ftu. \u201cYapamazs\u0131n\u0131z denilen ne varsa bir bir hayata ge\u00e7iriyoruz,\u201d diyen Bakan Uralo\u011flu, T\u00fcrkiye\u2019nin demiryolu sanayisinde k\u00fcresel bir g\u00fc\u00e7 haline geldi\u011fini vurgulad\u0131.ANKARA (\u0130GFA) &#8211; T\u00fcrkiye, Orta Koridor\u2019da stratejik bir demiryolu merkezi olma yolunda ilerliyor. Ula\u015ft\u0131rma ve Altyap\u0131 Bakan\u0131 Abdulkadir Uralo\u011flu, T\u00dcRASA\u015e\u2019\u0131n Eski\u015fehir, Sakarya ve Sivas tesislerinde \u00fcretilen yeni nesil demiryolu ara\u00e7lar\u0131n\u0131n teslim t\u00f6reninde yerli ve milli \u00fcretimin \u00f6nemine dikkat \u00e7ekti. T\u00f6rende, elektrikli lokomotifler, tren setleri, ak\u00fcl\u00fc manevra ara\u00e7lar\u0131 ve yang\u0131n s\u00f6nd\u00fcrme vagonlar\u0131 TCDD Ta\u015f\u0131mac\u0131l\u0131k\u2019a teslim edildi. Bakan Uralo\u011flu, \u201cT\u00fcrkiye Y\u00fczy\u0131l\u0131\u2019nda yerli ve milli \u00fcretimle \u00fclkemizi k\u00fcresel bir g\u00fc\u00e7 haline getiriyoruz. Ula\u015f\u0131m, savunma sanayi, otomotiv ve demiryollar\u0131nda \u2018yapamazs\u0131n\u0131z\u2019 denilen her \u015feyi hayata ge\u00e7iriyoruz,\u201d dedi. T\u00dcRKSAT 6A uydusunun y\u00f6r\u00fcngeye yerle\u015fmesi, TOGG, yerli sinyalizasyon sistemleri ve milli tren setleriyle T\u00fcrkiye\u2019nin k\u00fcresel bir ihracat \u00fclkesi oldu\u011funu belirtti. 2002\u2019de 11 bin kilometre olan demiryolu a\u011f\u0131n\u0131n, 2 bin 251 kilometresi Y\u00fcksek H\u0131zl\u0131 Tren (YHT) hatt\u0131 olmak \u00fczere 13.919 kilometreye ula\u015ft\u0131\u011f\u0131n\u0131 a\u00e7\u0131klayan Bakan Uralo\u011flu, T\u00fcrkiye\u2019nin Avrupa\u2019da 6., d\u00fcnyada 8. YHT i\u015fletmecisi oldu\u011funu s\u00f6yledi. 2028\u2019e kadar a\u011f\u0131n 17 bin 500 kilometreye \u00e7\u0131kar\u0131lmas\u0131n\u0131n hedeflendi\u011fini kaydeden Bakan Uralo\u011flu, Halkal\u0131-Kap\u0131kule, Ankara-\u0130zmir ve Mersin-Adana-Gaziantep gibi YHT projeleri devam etti\u011fini belirtti. &hellip;\" \/>\n<meta property=\"og:url\" content=\"https:\/\/denizcankizil.tr\/en\/haberler\/gundem\/demiryolunun-yeni-nesil-araclari-hizmete-hazir\/\" \/>\n<meta property=\"og:site_name\" content=\"Av. Deniz Can K\u0131z\u0131l\" \/>\n<meta property=\"article:published_time\" content=\"2025-05-30T16:42:14+00:00\" \/>\n<meta name=\"author\" content=\"admin\" \/>\n<meta name=\"twitter:card\" content=\"summary_large_image\" \/>\n<meta name=\"twitter:label1\" content=\"Written by\" \/>\n\t<meta name=\"twitter:data1\" content=\"admin\" \/>\n\t<meta name=\"twitter:label2\" content=\"Estimated reading time\" \/>\n\t<meta name=\"twitter:data2\" content=\"5 minutes\" \/>\n<script type=\"application\/ld+json\" class=\"yoast-schema-graph\">{\"@context\":\"https:\/\/schema.org\",\"@graph\":[{\"@type\":\"Article\",\"@id\":\"https:\/\/denizcankizil.tr\/de\/haberler\/gundem\/demiryolunun-yeni-nesil-araclari-hizmete-hazir\/#article\",\"isPartOf\":{\"@id\":\"https:\/\/denizcankizil.tr\/de\/haberler\/gundem\/demiryolunun-yeni-nesil-araclari-hizmete-hazir\/\"},\"author\":{\"name\":\"admin\",\"@id\":\"https:\/\/denizcankizil.tr\/de\/#\/schema\/person\/be3c05fe6a12686905512445d8185489\"},\"headline\":\"Demiryolunun yeni nesil ara\u00e7lar\u0131 hizmete haz\u0131r\",\"datePublished\":\"2025-05-30T16:42:14+00:00\",\"mainEntityOfPage\":{\"@id\":\"https:\/\/denizcankizil.tr\/de\/haberler\/gundem\/demiryolunun-yeni-nesil-araclari-hizmete-hazir\/\"},\"wordCount\":928,\"publisher\":{\"@id\":\"https:\/\/denizcankizil.tr\/de\/#organization\"},\"articleSection\":[\"G\u00fcndem\"],\"inLanguage\":\"en-GB\"},{\"@type\":\"WebPage\",\"@id\":\"https:\/\/denizcankizil.tr\/de\/haberler\/gundem\/demiryolunun-yeni-nesil-araclari-hizmete-hazir\/\",\"url\":\"https:\/\/denizcankizil.tr\/de\/haberler\/gundem\/demiryolunun-yeni-nesil-araclari-hizmete-hazir\/\",\"name\":\"Demiryolunun yeni nesil ara\u00e7lar\u0131 hizmete haz\u0131r - Av. Deniz Can K\u0131z\u0131l\",\"isPartOf\":{\"@id\":\"https:\/\/denizcankizil.tr\/de\/#website\"},\"datePublished\":\"2025-05-30T16:42:14+00:00\",\"breadcrumb\":{\"@id\":\"https:\/\/denizcankizil.tr\/de\/haberler\/gundem\/demiryolunun-yeni-nesil-araclari-hizmete-hazir\/#breadcrumb\"},\"inLanguage\":\"en-GB\",\"potentialAction\":[{\"@type\":\"ReadAction\",\"target\":[\"https:\/\/denizcankizil.tr\/de\/haberler\/gundem\/demiryolunun-yeni-nesil-araclari-hizmete-hazir\/\"]}]},{\"@type\":\"BreadcrumbList\",\"@id\":\"https:\/\/denizcankizil.tr\/de\/haberler\/gundem\/demiryolunun-yeni-nesil-araclari-hizmete-hazir\/#breadcrumb\",\"itemListElement\":[{\"@type\":\"ListItem\",\"position\":1,\"name\":\"Home\",\"item\":\"https:\/\/denizcankizil.tr\/de\/\"},{\"@type\":\"ListItem\",\"position\":2,\"name\":\"Demiryolunun yeni nesil ara\u00e7lar\u0131 hizmete haz\u0131r\"}]},{\"@type\":\"WebSite\",\"@id\":\"https:\/\/denizcankizil.tr\/de\/#website\",\"url\":\"https:\/\/denizcankizil.tr\/de\/\",\"name\":\"Av. Deniz Can K\u0131z\u0131l\",\"description\":\"Avukat Deniz Can K\u0131z\u0131l Antalya Barosu\",\"publisher\":{\"@id\":\"https:\/\/denizcankizil.tr\/de\/#organization\"},\"potentialAction\":[{\"@type\":\"SearchAction\",\"target\":{\"@type\":\"EntryPoint\",\"urlTemplate\":\"https:\/\/denizcankizil.tr\/de\/?s={search_term_string}\"},\"query-input\":{\"@type\":\"PropertyValueSpecification\",\"valueRequired\":true,\"valueName\":\"search_term_string\"}}],\"inLanguage\":\"en-GB\"},{\"@type\":\"Organization\",\"@id\":\"https:\/\/denizcankizil.tr\/de\/#organization\",\"name\":\"Av. Deniz Can K\u0131z\u0131l\",\"url\":\"https:\/\/denizcankizil.tr\/de\/\",\"logo\":{\"@type\":\"ImageObject\",\"inLanguage\":\"en-GB\",\"@id\":\"https:\/\/denizcankizil.tr\/de\/#\/schema\/logo\/image\/\",\"url\":\"https:\/\/denizcankizil.tr\/wp-content\/uploads\/2024\/10\/siyah-logo-svg.svg\",\"contentUrl\":\"https:\/\/denizcankizil.tr\/wp-content\/uploads\/2024\/10\/siyah-logo-svg.svg\",\"width\":1080,\"height\":1080,\"caption\":\"Av. Deniz Can K\u0131z\u0131l\"},\"image\":{\"@id\":\"https:\/\/denizcankizil.tr\/de\/#\/schema\/logo\/image\/\"}},{\"@type\":\"Person\",\"@id\":\"https:\/\/denizcankizil.tr\/de\/#\/schema\/person\/be3c05fe6a12686905512445d8185489\",\"name\":\"admin\",\"image\":{\"@type\":\"ImageObject\",\"inLanguage\":\"en-GB\",\"@id\":\"https:\/\/denizcankizil.tr\/de\/#\/schema\/person\/image\/\",\"url\":\"https:\/\/secure.gravatar.com\/avatar\/c1fce94c830dc79107e174f890d7210541c4a63e8e5d816341794a2151c9d58c?s=96&d=mm&r=g\",\"contentUrl\":\"https:\/\/secure.gravatar.com\/avatar\/c1fce94c830dc79107e174f890d7210541c4a63e8e5d816341794a2151c9d58c?s=96&d=mm&r=g\",\"caption\":\"admin\"},\"sameAs\":[\"http:\/\/denizcankizil.tr\"],\"url\":\"https:\/\/www.iskenderun.org\/demiryolunun-yeni-nesil-araclari-hizmete-hazir\"}]}<\/script>\n<!-- \/ Yoast SEO Premium plugin. -->","yoast_head_json":{"title":"Demiryolunun yeni nesil ara\u00e7lar\u0131 hizmete haz\u0131r - Av. Deniz Can K\u0131z\u0131l","robots":{"index":"index","follow":"follow","max-snippet":"max-snippet:-1","max-image-preview":"max-image-preview:large","max-video-preview":"max-video-preview:-1"},"canonical":"https:\/\/denizcankizil.tr\/en\/haberler\/gundem\/demiryolunun-yeni-nesil-araclari-hizmete-hazir\/","og_locale":"en_GB","og_type":"article","og_title":"Demiryolunun yeni nesil ara\u00e7lar\u0131 hizmete haz\u0131r","og_description":"Ula\u015ft\u0131rma ve Altyap\u0131 Bakan\u0131 Abdulkadir Uralo\u011flu, T\u00dcRASA\u015e ve TCDD Ta\u015f\u0131mac\u0131l\u0131k\u2019\u0131n yerli \u00fcretim elektrikli lokomotif, tren setleri, y\u00fck ve yang\u0131n s\u00f6nd\u00fcrme vagonlar\u0131n\u0131n teslim t\u00f6reninde konu\u015ftu. \u201cYapamazs\u0131n\u0131z denilen ne varsa bir bir hayata ge\u00e7iriyoruz,\u201d diyen Bakan Uralo\u011flu, T\u00fcrkiye\u2019nin demiryolu sanayisinde k\u00fcresel bir g\u00fc\u00e7 haline geldi\u011fini vurgulad\u0131.ANKARA (\u0130GFA) &#8211; T\u00fcrkiye, Orta Koridor\u2019da stratejik bir demiryolu merkezi olma yolunda ilerliyor. Ula\u015ft\u0131rma ve Altyap\u0131 Bakan\u0131 Abdulkadir Uralo\u011flu, T\u00dcRASA\u015e\u2019\u0131n Eski\u015fehir, Sakarya ve Sivas tesislerinde \u00fcretilen yeni nesil demiryolu ara\u00e7lar\u0131n\u0131n teslim t\u00f6reninde yerli ve milli \u00fcretimin \u00f6nemine dikkat \u00e7ekti. T\u00f6rende, elektrikli lokomotifler, tren setleri, ak\u00fcl\u00fc manevra ara\u00e7lar\u0131 ve yang\u0131n s\u00f6nd\u00fcrme vagonlar\u0131 TCDD Ta\u015f\u0131mac\u0131l\u0131k\u2019a teslim edildi. Bakan Uralo\u011flu, \u201cT\u00fcrkiye Y\u00fczy\u0131l\u0131\u2019nda yerli ve milli \u00fcretimle \u00fclkemizi k\u00fcresel bir g\u00fc\u00e7 haline getiriyoruz. Ula\u015f\u0131m, savunma sanayi, otomotiv ve demiryollar\u0131nda \u2018yapamazs\u0131n\u0131z\u2019 denilen her \u015feyi hayata ge\u00e7iriyoruz,\u201d dedi. T\u00dcRKSAT 6A uydusunun y\u00f6r\u00fcngeye yerle\u015fmesi, TOGG, yerli sinyalizasyon sistemleri ve milli tren setleriyle T\u00fcrkiye\u2019nin k\u00fcresel bir ihracat \u00fclkesi oldu\u011funu belirtti. 2002\u2019de 11 bin kilometre olan demiryolu a\u011f\u0131n\u0131n, 2 bin 251 kilometresi Y\u00fcksek H\u0131zl\u0131 Tren (YHT) hatt\u0131 olmak \u00fczere 13.919 kilometreye ula\u015ft\u0131\u011f\u0131n\u0131 a\u00e7\u0131klayan Bakan Uralo\u011flu, T\u00fcrkiye\u2019nin Avrupa\u2019da 6., d\u00fcnyada 8. YHT i\u015fletmecisi oldu\u011funu s\u00f6yledi. 2028\u2019e kadar a\u011f\u0131n 17 bin 500 kilometreye \u00e7\u0131kar\u0131lmas\u0131n\u0131n hedeflendi\u011fini kaydeden Bakan Uralo\u011flu, Halkal\u0131-Kap\u0131kule, Ankara-\u0130zmir ve Mersin-Adana-Gaziantep gibi YHT projeleri devam etti\u011fini belirtti. &hellip;","og_url":"https:\/\/denizcankizil.tr\/en\/haberler\/gundem\/demiryolunun-yeni-nesil-araclari-hizmete-hazir\/","og_site_name":"Av. Deniz Can K\u0131z\u0131l","article_published_time":"2025-05-30T16:42:14+00:00","author":"admin","twitter_card":"summary_large_image","twitter_misc":{"Written by":"admin","Estimated reading time":"5 minutes"},"schema":{"@context":"https:\/\/schema.org","@graph":[{"@type":"Article","@id":"https:\/\/denizcankizil.tr\/de\/haberler\/gundem\/demiryolunun-yeni-nesil-araclari-hizmete-hazir\/#article","isPartOf":{"@id":"https:\/\/denizcankizil.tr\/de\/haberler\/gundem\/demiryolunun-yeni-nesil-araclari-hizmete-hazir\/"},"author":{"name":"admin","@id":"https:\/\/denizcankizil.tr\/de\/#\/schema\/person\/be3c05fe6a12686905512445d8185489"},"headline":"Demiryolunun yeni nesil ara\u00e7lar\u0131 hizmete haz\u0131r","datePublished":"2025-05-30T16:42:14+00:00","mainEntityOfPage":{"@id":"https:\/\/denizcankizil.tr\/de\/haberler\/gundem\/demiryolunun-yeni-nesil-araclari-hizmete-hazir\/"},"wordCount":928,"publisher":{"@id":"https:\/\/denizcankizil.tr\/de\/#organization"},"articleSection":["G\u00fcndem"],"inLanguage":"en-GB"},{"@type":"WebPage","@id":"https:\/\/denizcankizil.tr\/de\/haberler\/gundem\/demiryolunun-yeni-nesil-araclari-hizmete-hazir\/","url":"https:\/\/denizcankizil.tr\/de\/haberler\/gundem\/demiryolunun-yeni-nesil-araclari-hizmete-hazir\/","name":"Demiryolunun yeni nesil ara\u00e7lar\u0131 hizmete haz\u0131r - Av. Deniz Can K\u0131z\u0131l","isPartOf":{"@id":"https:\/\/denizcankizil.tr\/de\/#website"},"datePublished":"2025-05-30T16:42:14+00:00","breadcrumb":{"@id":"https:\/\/denizcankizil.tr\/de\/haberler\/gundem\/demiryolunun-yeni-nesil-araclari-hizmete-hazir\/#breadcrumb"},"inLanguage":"en-GB","potentialAction":[{"@type":"ReadAction","target":["https:\/\/denizcankizil.tr\/de\/haberler\/gundem\/demiryolunun-yeni-nesil-araclari-hizmete-hazir\/"]}]},{"@type":"BreadcrumbList","@id":"https:\/\/denizcankizil.tr\/de\/haberler\/gundem\/demiryolunun-yeni-nesil-araclari-hizmete-hazir\/#breadcrumb","itemListElement":[{"@type":"ListItem","position":1,"name":"Home","item":"https:\/\/denizcankizil.tr\/de\/"},{"@type":"ListItem","position":2,"name":"Demiryolunun yeni nesil ara\u00e7lar\u0131 hizmete haz\u0131r"}]},{"@type":"WebSite","@id":"https:\/\/denizcankizil.tr\/de\/#website","url":"https:\/\/denizcankizil.tr\/de\/","name":"Av. Deniz Can K\u0131z\u0131l","description":"Avukat Deniz Can K\u0131z\u0131l Antalya Barosu","publisher":{"@id":"https:\/\/denizcankizil.tr\/de\/#organization"},"potentialAction":[{"@type":"SearchAction","target":{"@type":"EntryPoint","urlTemplate":"https:\/\/denizcankizil.tr\/de\/?s={search_term_string}"},"query-input":{"@type":"PropertyValueSpecification","valueRequired":true,"valueName":"search_term_string"}}],"inLanguage":"en-GB"},{"@type":"Organization","@id":"https:\/\/denizcankizil.tr\/de\/#organization","name":"Av. Deniz Can K\u0131z\u0131l","url":"https:\/\/denizcankizil.tr\/de\/","logo":{"@type":"ImageObject","inLanguage":"en-GB","@id":"https:\/\/denizcankizil.tr\/de\/#\/schema\/logo\/image\/","url":"https:\/\/denizcankizil.tr\/wp-content\/uploads\/2024\/10\/siyah-logo-svg.svg","contentUrl":"https:\/\/denizcankizil.tr\/wp-content\/uploads\/2024\/10\/siyah-logo-svg.svg","width":1080,"height":1080,"caption":"Av. Deniz Can K\u0131z\u0131l"},"image":{"@id":"https:\/\/denizcankizil.tr\/de\/#\/schema\/logo\/image\/"}},{"@type":"Person","@id":"https:\/\/denizcankizil.tr\/de\/#\/schema\/person\/be3c05fe6a12686905512445d8185489","name":"admin","image":{"@type":"ImageObject","inLanguage":"en-GB","@id":"https:\/\/denizcankizil.tr\/de\/#\/schema\/person\/image\/","url":"https:\/\/secure.gravatar.com\/avatar\/c1fce94c830dc79107e174f890d7210541c4a63e8e5d816341794a2151c9d58c?s=96&d=mm&r=g","contentUrl":"https:\/\/secure.gravatar.com\/avatar\/c1fce94c830dc79107e174f890d7210541c4a63e8e5d816341794a2151c9d58c?s=96&d=mm&r=g","caption":"admin"},"sameAs":["http:\/\/denizcankizil.tr"],"url":"https:\/\/www.iskenderun.org\/demiryolunun-yeni-nesil-araclari-hizmete-hazir"}]}},"_links":{"self":[{"href":"https:\/\/denizcankizil.tr\/en\/wp-json\/wp\/v2\/posts\/101954","targetHints":{"allow":["GET"]}}],"collection":[{"href":"https:\/\/denizcankizil.tr\/en\/wp-json\/wp\/v2\/posts"}],"about":[{"href":"https:\/\/denizcankizil.tr\/en\/wp-json\/wp\/v2\/types\/post"}],"author":[{"embeddable":true,"href":"https:\/\/denizcankizil.tr\/en\/wp-json\/wp\/v2\/users\/1"}],"replies":[{"embeddable":true,"href":"https:\/\/denizcankizil.tr\/en\/wp-json\/wp\/v2\/comments?post=101954"}],"version-history":[{"count":0,"href":"https:\/\/denizcankizil.tr\/en\/wp-json\/wp\/v2\/posts\/101954\/revisions"}],"wp:attachment":[{"href":"https:\/\/denizcankizil.tr\/en\/wp-json\/wp\/v2\/media?parent=101954"}],"wp:term":[{"taxonomy":"category","embeddable":true,"href":"https:\/\/denizcankizil.tr\/en\/wp-json\/wp\/v2\/categories?post=101954"},{"taxonomy":"post_tag","embeddable":true,"href":"https:\/\/denizcankizil.tr\/en\/wp-json\/wp\/v2\/tags?post=101954"}],"curies":[{"name":"wp","href":"https:\/\/api.w.org\/{rel}","templated":true}]}}