{"id":101917,"date":"2025-05-30T18:42:45","date_gmt":"2025-05-30T15:42:45","guid":{"rendered":"https:\/\/denizcankizil.tr\/uncategorized-tr\/ulusal-tasit-tanima-sistemi-sektore-ek-yuk-getirdi\/"},"modified":"2025-05-30T18:42:45","modified_gmt":"2025-05-30T15:42:45","slug":"ulusal-tasit-tanima-sistemi-sektore-ek-yuk-getirdi","status":"publish","type":"post","link":"https:\/\/denizcankizil.tr\/en\/haberler\/gundem\/ulusal-tasit-tanima-sistemi-sektore-ek-yuk-getirdi\/","title":{"rendered":"&#8220;Ulusal Ta\u015f\u0131t Tan\u0131ma Sistemi sekt\u00f6re ek y\u00fck getirdi&#8221;"},"content":{"rendered":"<p>2 Haziran\u2019da y\u00fcr\u00fcrl\u00fc\u011fe girmesi planlanan Ulusal Ta\u015f\u0131t Tan\u0131ma Sistemi ile ilgili de\u011ferlendirmelerde bulunan Veysi Tarhan Vergi kay\u0131p ve ka\u00e7a\u011f\u0131n\u0131n \u00f6nlenmesinin hedeflendi\u011fini hat\u0131rlatarak \u201c\u0130stasyonlar\u0131m\u0131zda h\u00e2lihaz\u0131rda yazar kasalar, pompa otomasyon sistemleri ve i\u00e7 mek\u00e2nda takip cihazlar\u0131 bulunuyor. T\u00fcm i\u015flemler sistematik olarak kaydediliyor. Bu nedenle yeni sistemin somut bir katk\u0131 sa\u011flayaca\u011f\u0131n\u0131 d\u00fc\u015f\u00fcnm\u00fcyoruz\u201d diye konu\u015ftu.<\/p>\n<p>Sistemin zorunlu hale getirildi\u011fini ve bunun i\u00e7in istasyon sahiplerinin devlete \u00f6deme yapt\u0131\u011f\u0131n\u0131 belirten Tarhan, \u201cBize cihazlar\u0131 takmam\u0131z s\u00f6ylendi. Gerekli i\u015flemleri tamamlad\u0131k ancak hem sekt\u00f6re hem de vatanda\u015fa bir katk\u0131s\u0131 olmad\u0131. Sadece ek bir mali y\u00fck olu\u015ftu\u201d dedi.<\/p>\n<p>Akaryak\u0131t sekt\u00f6r\u00fcn\u00fcn vergi y\u00fck\u00fc bak\u0131m\u0131ndan yo\u011fun bask\u0131 alt\u0131nda oldu\u011funu savunan Tarhan \u015funlar\u0131 payla\u015ft\u0131: \u201cPetrol bayileri olarak devlet ad\u0131na vergi topluyoruz. Sabah ba\u015flay\u0131p ak\u015fama kadar s\u00fcr\u00fcyor bu s\u00fcre\u00e7. G\u00fcn sonunda vergi dairesine bu y\u00fck\u00fcml\u00fcl\u00fc\u011f\u00fc yerine getiriyoruz. Bu durum art\u0131k ta\u015f\u0131namaz bir noktaya ula\u015ft\u0131\u201d<\/p>\n<p>\u200bUTTS uygulamas\u0131yla ara\u00e7 plakalar\u0131n\u0131n akaryak\u0131t istasyonlar\u0131nda otomatik olarak sisteme tan\u0131mlanaca\u011f\u0131n\u0131 ifade eden Akaryak\u0131t istasyonu i\u015fletmecisi Veysi Tarhan, sistemin sekt\u00f6re ek maliyet getirdi\u011fini ve beklenen fayday\u0131 sa\u011flamayaca\u011f\u0131n\u0131 savundu.\u00a0<\/p>\n<p>\u200bHaberin Al\u0131nt\u0131land\u0131\u011f\u0131 Kaynak: www.iskenderun.org<\/p>","protected":false},"excerpt":{"rendered":"<p>2 Haziran\u2019da y\u00fcr\u00fcrl\u00fc\u011fe girmesi planlanan Ulusal Ta\u015f\u0131t Tan\u0131ma Sistemi ile ilgili de\u011ferlendirmelerde bulunan Veysi Tarhan Vergi kay\u0131p ve ka\u00e7a\u011f\u0131n\u0131n \u00f6nlenmesinin hedeflendi\u011fini hat\u0131rlatarak \u201c\u0130stasyonlar\u0131m\u0131zda h\u00e2lihaz\u0131rda yazar kasalar, pompa otomasyon sistemleri ve i\u00e7 mek\u00e2nda takip cihazlar\u0131 bulunuyor. T\u00fcm i\u015flemler sistematik olarak kaydediliyor. Bu nedenle yeni sistemin somut bir katk\u0131 sa\u011flayaca\u011f\u0131n\u0131 d\u00fc\u015f\u00fcnm\u00fcyoruz\u201d diye konu\u015ftu. Sistemin zorunlu hale getirildi\u011fini ve bunun i\u00e7in istasyon sahiplerinin devlete \u00f6deme yapt\u0131\u011f\u0131n\u0131 belirten Tarhan, \u201cBize cihazlar\u0131 takmam\u0131z s\u00f6ylendi. Gerekli i\u015flemleri tamamlad\u0131k ancak hem sekt\u00f6re hem de vatanda\u015fa bir katk\u0131s\u0131 olmad\u0131. Sadece ek bir mali y\u00fck olu\u015ftu\u201d dedi. Akaryak\u0131t sekt\u00f6r\u00fcn\u00fcn vergi y\u00fck\u00fc bak\u0131m\u0131ndan yo\u011fun bask\u0131 alt\u0131nda oldu\u011funu savunan Tarhan \u015funlar\u0131 payla\u015ft\u0131: \u201cPetrol bayileri olarak devlet ad\u0131na vergi topluyoruz. Sabah ba\u015flay\u0131p ak\u015fama kadar s\u00fcr\u00fcyor bu s\u00fcre\u00e7. G\u00fcn sonunda vergi dairesine bu y\u00fck\u00fcml\u00fcl\u00fc\u011f\u00fc yerine getiriyoruz. Bu durum art\u0131k ta\u015f\u0131namaz bir noktaya ula\u015ft\u0131\u201d \u200bUTTS uygulamas\u0131yla ara\u00e7 plakalar\u0131n\u0131n akaryak\u0131t istasyonlar\u0131nda otomatik olarak sisteme tan\u0131mlanaca\u011f\u0131n\u0131 ifade eden Akaryak\u0131t istasyonu i\u015fletmecisi Veysi Tarhan, sistemin sekt\u00f6re ek maliyet getirdi\u011fini ve beklenen fayday\u0131 sa\u011flamayaca\u011f\u0131n\u0131 savundu.\u00a0 \u200bHaberin Al\u0131nt\u0131land\u0131\u011f\u0131 Kaynak: www.iskenderun.org<\/p>","protected":false},"author":1,"featured_media":0,"comment_status":"","ping_status":"open","sticky":false,"template":"","format":"standard","meta":{"_acf_changed":false,"footnotes":""},"categories":[24],"tags":[],"class_list":["post-101917","post","type-post","status-publish","format-standard","has-post-thumbnail","hentry","category-gundem"],"acf":[],"yoast_head":"<!-- This site is optimized with the Yoast SEO Premium plugin v26.6 (Yoast SEO v27.1.1) - https:\/\/yoast.com\/product\/yoast-seo-premium-wordpress\/ -->\n<title>&quot;Ulusal Ta\u015f\u0131t Tan\u0131ma Sistemi sekt\u00f6re ek y\u00fck getirdi&quot; - Av. Deniz Can K\u0131z\u0131l<\/title>\n<meta name=\"robots\" content=\"index, follow, max-snippet:-1, max-image-preview:large, max-video-preview:-1\" \/>\n<link rel=\"canonical\" href=\"https:\/\/denizcankizil.tr\/en\/haberler\/gundem\/ulusal-tasit-tanima-sistemi-sektore-ek-yuk-getirdi\/\" \/>\n<meta property=\"og:locale\" content=\"en_GB\" \/>\n<meta property=\"og:type\" content=\"article\" \/>\n<meta property=\"og:title\" content=\"&quot;Ulusal Ta\u015f\u0131t Tan\u0131ma Sistemi sekt\u00f6re ek y\u00fck getirdi&quot;\" \/>\n<meta property=\"og:description\" content=\"2 Haziran\u2019da y\u00fcr\u00fcrl\u00fc\u011fe girmesi planlanan Ulusal Ta\u015f\u0131t Tan\u0131ma Sistemi ile ilgili de\u011ferlendirmelerde bulunan Veysi Tarhan Vergi kay\u0131p ve ka\u00e7a\u011f\u0131n\u0131n \u00f6nlenmesinin hedeflendi\u011fini hat\u0131rlatarak \u201c\u0130stasyonlar\u0131m\u0131zda h\u00e2lihaz\u0131rda yazar kasalar, pompa otomasyon sistemleri ve i\u00e7 mek\u00e2nda takip cihazlar\u0131 bulunuyor. T\u00fcm i\u015flemler sistematik olarak kaydediliyor. Bu nedenle yeni sistemin somut bir katk\u0131 sa\u011flayaca\u011f\u0131n\u0131 d\u00fc\u015f\u00fcnm\u00fcyoruz\u201d diye konu\u015ftu. Sistemin zorunlu hale getirildi\u011fini ve bunun i\u00e7in istasyon sahiplerinin devlete \u00f6deme yapt\u0131\u011f\u0131n\u0131 belirten Tarhan, \u201cBize cihazlar\u0131 takmam\u0131z s\u00f6ylendi. Gerekli i\u015flemleri tamamlad\u0131k ancak hem sekt\u00f6re hem de vatanda\u015fa bir katk\u0131s\u0131 olmad\u0131. Sadece ek bir mali y\u00fck olu\u015ftu\u201d dedi. Akaryak\u0131t sekt\u00f6r\u00fcn\u00fcn vergi y\u00fck\u00fc bak\u0131m\u0131ndan yo\u011fun bask\u0131 alt\u0131nda oldu\u011funu savunan Tarhan \u015funlar\u0131 payla\u015ft\u0131: \u201cPetrol bayileri olarak devlet ad\u0131na vergi topluyoruz. Sabah ba\u015flay\u0131p ak\u015fama kadar s\u00fcr\u00fcyor bu s\u00fcre\u00e7. G\u00fcn sonunda vergi dairesine bu y\u00fck\u00fcml\u00fcl\u00fc\u011f\u00fc yerine getiriyoruz. Bu durum art\u0131k ta\u015f\u0131namaz bir noktaya ula\u015ft\u0131\u201d \u200bUTTS uygulamas\u0131yla ara\u00e7 plakalar\u0131n\u0131n akaryak\u0131t istasyonlar\u0131nda otomatik olarak sisteme tan\u0131mlanaca\u011f\u0131n\u0131 ifade eden Akaryak\u0131t istasyonu i\u015fletmecisi Veysi Tarhan, sistemin sekt\u00f6re ek maliyet getirdi\u011fini ve beklenen fayday\u0131 sa\u011flamayaca\u011f\u0131n\u0131 savundu.\u00a0 \u200bHaberin Al\u0131nt\u0131land\u0131\u011f\u0131 Kaynak: www.iskenderun.org\" \/>\n<meta property=\"og:url\" content=\"https:\/\/denizcankizil.tr\/en\/haberler\/gundem\/ulusal-tasit-tanima-sistemi-sektore-ek-yuk-getirdi\/\" \/>\n<meta property=\"og:site_name\" content=\"Av. Deniz Can K\u0131z\u0131l\" \/>\n<meta property=\"article:published_time\" content=\"2025-05-30T15:42:45+00:00\" \/>\n<meta name=\"author\" content=\"admin\" \/>\n<meta name=\"twitter:card\" content=\"summary_large_image\" \/>\n<meta name=\"twitter:label1\" content=\"Written by\" \/>\n\t<meta name=\"twitter:data1\" content=\"admin\" \/>\n\t<meta name=\"twitter:label2\" content=\"Estimated reading time\" \/>\n\t<meta name=\"twitter:data2\" content=\"1 minute\" \/>\n<script type=\"application\/ld+json\" class=\"yoast-schema-graph\">{\"@context\":\"https:\/\/schema.org\",\"@graph\":[{\"@type\":\"Article\",\"@id\":\"https:\/\/denizcankizil.tr\/en\/haberler\/gundem\/ulusal-tasit-tanima-sistemi-sektore-ek-yuk-getirdi\/#article\",\"isPartOf\":{\"@id\":\"https:\/\/denizcankizil.tr\/en\/haberler\/gundem\/ulusal-tasit-tanima-sistemi-sektore-ek-yuk-getirdi\/\"},\"author\":{\"name\":\"admin\",\"@id\":\"https:\/\/denizcankizil.tr\/de\/#\/schema\/person\/be3c05fe6a12686905512445d8185489\"},\"headline\":\"&#8220;Ulusal Ta\u015f\u0131t Tan\u0131ma Sistemi sekt\u00f6re ek y\u00fck getirdi&#8221;\",\"datePublished\":\"2025-05-30T15:42:45+00:00\",\"mainEntityOfPage\":{\"@id\":\"https:\/\/denizcankizil.tr\/en\/haberler\/gundem\/ulusal-tasit-tanima-sistemi-sektore-ek-yuk-getirdi\/\"},\"wordCount\":251,\"publisher\":{\"@id\":\"https:\/\/denizcankizil.tr\/de\/#organization\"},\"articleSection\":[\"G\u00fcndem\"],\"inLanguage\":\"en-GB\"},{\"@type\":\"WebPage\",\"@id\":\"https:\/\/denizcankizil.tr\/en\/haberler\/gundem\/ulusal-tasit-tanima-sistemi-sektore-ek-yuk-getirdi\/\",\"url\":\"https:\/\/denizcankizil.tr\/en\/haberler\/gundem\/ulusal-tasit-tanima-sistemi-sektore-ek-yuk-getirdi\/\",\"name\":\"\\\"Ulusal Ta\u015f\u0131t Tan\u0131ma Sistemi sekt\u00f6re ek y\u00fck getirdi\\\" - Av. Deniz Can K\u0131z\u0131l\",\"isPartOf\":{\"@id\":\"https:\/\/denizcankizil.tr\/de\/#website\"},\"datePublished\":\"2025-05-30T15:42:45+00:00\",\"breadcrumb\":{\"@id\":\"https:\/\/denizcankizil.tr\/en\/haberler\/gundem\/ulusal-tasit-tanima-sistemi-sektore-ek-yuk-getirdi\/#breadcrumb\"},\"inLanguage\":\"en-GB\",\"potentialAction\":[{\"@type\":\"ReadAction\",\"target\":[\"https:\/\/denizcankizil.tr\/en\/haberler\/gundem\/ulusal-tasit-tanima-sistemi-sektore-ek-yuk-getirdi\/\"]}]},{\"@type\":\"BreadcrumbList\",\"@id\":\"https:\/\/denizcankizil.tr\/en\/haberler\/gundem\/ulusal-tasit-tanima-sistemi-sektore-ek-yuk-getirdi\/#breadcrumb\",\"itemListElement\":[{\"@type\":\"ListItem\",\"position\":1,\"name\":\"Home\",\"item\":\"https:\/\/denizcankizil.tr\/de\/\"},{\"@type\":\"ListItem\",\"position\":2,\"name\":\"&#8220;Ulusal Ta\u015f\u0131t Tan\u0131ma Sistemi sekt\u00f6re ek y\u00fck getirdi&#8221;\"}]},{\"@type\":\"WebSite\",\"@id\":\"https:\/\/denizcankizil.tr\/de\/#website\",\"url\":\"https:\/\/denizcankizil.tr\/de\/\",\"name\":\"Av. Deniz Can K\u0131z\u0131l\",\"description\":\"Avukat Deniz Can K\u0131z\u0131l Antalya Barosu\",\"publisher\":{\"@id\":\"https:\/\/denizcankizil.tr\/de\/#organization\"},\"potentialAction\":[{\"@type\":\"SearchAction\",\"target\":{\"@type\":\"EntryPoint\",\"urlTemplate\":\"https:\/\/denizcankizil.tr\/de\/?s={search_term_string}\"},\"query-input\":{\"@type\":\"PropertyValueSpecification\",\"valueRequired\":true,\"valueName\":\"search_term_string\"}}],\"inLanguage\":\"en-GB\"},{\"@type\":\"Organization\",\"@id\":\"https:\/\/denizcankizil.tr\/de\/#organization\",\"name\":\"Av. Deniz Can K\u0131z\u0131l\",\"url\":\"https:\/\/denizcankizil.tr\/de\/\",\"logo\":{\"@type\":\"ImageObject\",\"inLanguage\":\"en-GB\",\"@id\":\"https:\/\/denizcankizil.tr\/de\/#\/schema\/logo\/image\/\",\"url\":\"https:\/\/denizcankizil.tr\/wp-content\/uploads\/2024\/10\/siyah-logo-svg.svg\",\"contentUrl\":\"https:\/\/denizcankizil.tr\/wp-content\/uploads\/2024\/10\/siyah-logo-svg.svg\",\"width\":1080,\"height\":1080,\"caption\":\"Av. Deniz Can K\u0131z\u0131l\"},\"image\":{\"@id\":\"https:\/\/denizcankizil.tr\/de\/#\/schema\/logo\/image\/\"}},{\"@type\":\"Person\",\"@id\":\"https:\/\/denizcankizil.tr\/de\/#\/schema\/person\/be3c05fe6a12686905512445d8185489\",\"name\":\"admin\",\"image\":{\"@type\":\"ImageObject\",\"inLanguage\":\"en-GB\",\"@id\":\"https:\/\/denizcankizil.tr\/de\/#\/schema\/person\/image\/\",\"url\":\"https:\/\/secure.gravatar.com\/avatar\/c1fce94c830dc79107e174f890d7210541c4a63e8e5d816341794a2151c9d58c?s=96&d=mm&r=g\",\"contentUrl\":\"https:\/\/secure.gravatar.com\/avatar\/c1fce94c830dc79107e174f890d7210541c4a63e8e5d816341794a2151c9d58c?s=96&d=mm&r=g\",\"caption\":\"admin\"},\"sameAs\":[\"http:\/\/denizcankizil.tr\"],\"url\":\"https:\/\/www.iskenderun.org\/ulusal-tasit-tanima-sistemi-sektore-ek-yuk-getirdi\"}]}<\/script>\n<!-- \/ Yoast SEO Premium plugin. -->","yoast_head_json":{"title":"\"Ulusal Ta\u015f\u0131t Tan\u0131ma Sistemi sekt\u00f6re ek y\u00fck getirdi\" - Av. Deniz Can K\u0131z\u0131l","robots":{"index":"index","follow":"follow","max-snippet":"max-snippet:-1","max-image-preview":"max-image-preview:large","max-video-preview":"max-video-preview:-1"},"canonical":"https:\/\/denizcankizil.tr\/en\/haberler\/gundem\/ulusal-tasit-tanima-sistemi-sektore-ek-yuk-getirdi\/","og_locale":"en_GB","og_type":"article","og_title":"\"Ulusal Ta\u015f\u0131t Tan\u0131ma Sistemi sekt\u00f6re ek y\u00fck getirdi\"","og_description":"2 Haziran\u2019da y\u00fcr\u00fcrl\u00fc\u011fe girmesi planlanan Ulusal Ta\u015f\u0131t Tan\u0131ma Sistemi ile ilgili de\u011ferlendirmelerde bulunan Veysi Tarhan Vergi kay\u0131p ve ka\u00e7a\u011f\u0131n\u0131n \u00f6nlenmesinin hedeflendi\u011fini hat\u0131rlatarak \u201c\u0130stasyonlar\u0131m\u0131zda h\u00e2lihaz\u0131rda yazar kasalar, pompa otomasyon sistemleri ve i\u00e7 mek\u00e2nda takip cihazlar\u0131 bulunuyor. T\u00fcm i\u015flemler sistematik olarak kaydediliyor. Bu nedenle yeni sistemin somut bir katk\u0131 sa\u011flayaca\u011f\u0131n\u0131 d\u00fc\u015f\u00fcnm\u00fcyoruz\u201d diye konu\u015ftu. Sistemin zorunlu hale getirildi\u011fini ve bunun i\u00e7in istasyon sahiplerinin devlete \u00f6deme yapt\u0131\u011f\u0131n\u0131 belirten Tarhan, \u201cBize cihazlar\u0131 takmam\u0131z s\u00f6ylendi. Gerekli i\u015flemleri tamamlad\u0131k ancak hem sekt\u00f6re hem de vatanda\u015fa bir katk\u0131s\u0131 olmad\u0131. Sadece ek bir mali y\u00fck olu\u015ftu\u201d dedi. Akaryak\u0131t sekt\u00f6r\u00fcn\u00fcn vergi y\u00fck\u00fc bak\u0131m\u0131ndan yo\u011fun bask\u0131 alt\u0131nda oldu\u011funu savunan Tarhan \u015funlar\u0131 payla\u015ft\u0131: \u201cPetrol bayileri olarak devlet ad\u0131na vergi topluyoruz. Sabah ba\u015flay\u0131p ak\u015fama kadar s\u00fcr\u00fcyor bu s\u00fcre\u00e7. G\u00fcn sonunda vergi dairesine bu y\u00fck\u00fcml\u00fcl\u00fc\u011f\u00fc yerine getiriyoruz. Bu durum art\u0131k ta\u015f\u0131namaz bir noktaya ula\u015ft\u0131\u201d \u200bUTTS uygulamas\u0131yla ara\u00e7 plakalar\u0131n\u0131n akaryak\u0131t istasyonlar\u0131nda otomatik olarak sisteme tan\u0131mlanaca\u011f\u0131n\u0131 ifade eden Akaryak\u0131t istasyonu i\u015fletmecisi Veysi Tarhan, sistemin sekt\u00f6re ek maliyet getirdi\u011fini ve beklenen fayday\u0131 sa\u011flamayaca\u011f\u0131n\u0131 savundu.\u00a0 \u200bHaberin Al\u0131nt\u0131land\u0131\u011f\u0131 Kaynak: www.iskenderun.org","og_url":"https:\/\/denizcankizil.tr\/en\/haberler\/gundem\/ulusal-tasit-tanima-sistemi-sektore-ek-yuk-getirdi\/","og_site_name":"Av. Deniz Can K\u0131z\u0131l","article_published_time":"2025-05-30T15:42:45+00:00","author":"admin","twitter_card":"summary_large_image","twitter_misc":{"Written by":"admin","Estimated reading time":"1 minute"},"schema":{"@context":"https:\/\/schema.org","@graph":[{"@type":"Article","@id":"https:\/\/denizcankizil.tr\/en\/haberler\/gundem\/ulusal-tasit-tanima-sistemi-sektore-ek-yuk-getirdi\/#article","isPartOf":{"@id":"https:\/\/denizcankizil.tr\/en\/haberler\/gundem\/ulusal-tasit-tanima-sistemi-sektore-ek-yuk-getirdi\/"},"author":{"name":"admin","@id":"https:\/\/denizcankizil.tr\/de\/#\/schema\/person\/be3c05fe6a12686905512445d8185489"},"headline":"&#8220;Ulusal Ta\u015f\u0131t Tan\u0131ma Sistemi sekt\u00f6re ek y\u00fck getirdi&#8221;","datePublished":"2025-05-30T15:42:45+00:00","mainEntityOfPage":{"@id":"https:\/\/denizcankizil.tr\/en\/haberler\/gundem\/ulusal-tasit-tanima-sistemi-sektore-ek-yuk-getirdi\/"},"wordCount":251,"publisher":{"@id":"https:\/\/denizcankizil.tr\/de\/#organization"},"articleSection":["G\u00fcndem"],"inLanguage":"en-GB"},{"@type":"WebPage","@id":"https:\/\/denizcankizil.tr\/en\/haberler\/gundem\/ulusal-tasit-tanima-sistemi-sektore-ek-yuk-getirdi\/","url":"https:\/\/denizcankizil.tr\/en\/haberler\/gundem\/ulusal-tasit-tanima-sistemi-sektore-ek-yuk-getirdi\/","name":"\"Ulusal Ta\u015f\u0131t Tan\u0131ma Sistemi sekt\u00f6re ek y\u00fck getirdi\" - Av. Deniz Can K\u0131z\u0131l","isPartOf":{"@id":"https:\/\/denizcankizil.tr\/de\/#website"},"datePublished":"2025-05-30T15:42:45+00:00","breadcrumb":{"@id":"https:\/\/denizcankizil.tr\/en\/haberler\/gundem\/ulusal-tasit-tanima-sistemi-sektore-ek-yuk-getirdi\/#breadcrumb"},"inLanguage":"en-GB","potentialAction":[{"@type":"ReadAction","target":["https:\/\/denizcankizil.tr\/en\/haberler\/gundem\/ulusal-tasit-tanima-sistemi-sektore-ek-yuk-getirdi\/"]}]},{"@type":"BreadcrumbList","@id":"https:\/\/denizcankizil.tr\/en\/haberler\/gundem\/ulusal-tasit-tanima-sistemi-sektore-ek-yuk-getirdi\/#breadcrumb","itemListElement":[{"@type":"ListItem","position":1,"name":"Home","item":"https:\/\/denizcankizil.tr\/de\/"},{"@type":"ListItem","position":2,"name":"&#8220;Ulusal Ta\u015f\u0131t Tan\u0131ma Sistemi sekt\u00f6re ek y\u00fck getirdi&#8221;"}]},{"@type":"WebSite","@id":"https:\/\/denizcankizil.tr\/de\/#website","url":"https:\/\/denizcankizil.tr\/de\/","name":"Av. Deniz Can K\u0131z\u0131l","description":"Avukat Deniz Can K\u0131z\u0131l Antalya Barosu","publisher":{"@id":"https:\/\/denizcankizil.tr\/de\/#organization"},"potentialAction":[{"@type":"SearchAction","target":{"@type":"EntryPoint","urlTemplate":"https:\/\/denizcankizil.tr\/de\/?s={search_term_string}"},"query-input":{"@type":"PropertyValueSpecification","valueRequired":true,"valueName":"search_term_string"}}],"inLanguage":"en-GB"},{"@type":"Organization","@id":"https:\/\/denizcankizil.tr\/de\/#organization","name":"Av. Deniz Can K\u0131z\u0131l","url":"https:\/\/denizcankizil.tr\/de\/","logo":{"@type":"ImageObject","inLanguage":"en-GB","@id":"https:\/\/denizcankizil.tr\/de\/#\/schema\/logo\/image\/","url":"https:\/\/denizcankizil.tr\/wp-content\/uploads\/2024\/10\/siyah-logo-svg.svg","contentUrl":"https:\/\/denizcankizil.tr\/wp-content\/uploads\/2024\/10\/siyah-logo-svg.svg","width":1080,"height":1080,"caption":"Av. Deniz Can K\u0131z\u0131l"},"image":{"@id":"https:\/\/denizcankizil.tr\/de\/#\/schema\/logo\/image\/"}},{"@type":"Person","@id":"https:\/\/denizcankizil.tr\/de\/#\/schema\/person\/be3c05fe6a12686905512445d8185489","name":"admin","image":{"@type":"ImageObject","inLanguage":"en-GB","@id":"https:\/\/denizcankizil.tr\/de\/#\/schema\/person\/image\/","url":"https:\/\/secure.gravatar.com\/avatar\/c1fce94c830dc79107e174f890d7210541c4a63e8e5d816341794a2151c9d58c?s=96&d=mm&r=g","contentUrl":"https:\/\/secure.gravatar.com\/avatar\/c1fce94c830dc79107e174f890d7210541c4a63e8e5d816341794a2151c9d58c?s=96&d=mm&r=g","caption":"admin"},"sameAs":["http:\/\/denizcankizil.tr"],"url":"https:\/\/www.iskenderun.org\/ulusal-tasit-tanima-sistemi-sektore-ek-yuk-getirdi"}]}},"_links":{"self":[{"href":"https:\/\/denizcankizil.tr\/en\/wp-json\/wp\/v2\/posts\/101917","targetHints":{"allow":["GET"]}}],"collection":[{"href":"https:\/\/denizcankizil.tr\/en\/wp-json\/wp\/v2\/posts"}],"about":[{"href":"https:\/\/denizcankizil.tr\/en\/wp-json\/wp\/v2\/types\/post"}],"author":[{"embeddable":true,"href":"https:\/\/denizcankizil.tr\/en\/wp-json\/wp\/v2\/users\/1"}],"replies":[{"embeddable":true,"href":"https:\/\/denizcankizil.tr\/en\/wp-json\/wp\/v2\/comments?post=101917"}],"version-history":[{"count":0,"href":"https:\/\/denizcankizil.tr\/en\/wp-json\/wp\/v2\/posts\/101917\/revisions"}],"wp:attachment":[{"href":"https:\/\/denizcankizil.tr\/en\/wp-json\/wp\/v2\/media?parent=101917"}],"wp:term":[{"taxonomy":"category","embeddable":true,"href":"https:\/\/denizcankizil.tr\/en\/wp-json\/wp\/v2\/categories?post=101917"},{"taxonomy":"post_tag","embeddable":true,"href":"https:\/\/denizcankizil.tr\/en\/wp-json\/wp\/v2\/tags?post=101917"}],"curies":[{"name":"wp","href":"https:\/\/api.w.org\/{rel}","templated":true}]}}