{"id":101878,"date":"2025-05-30T18:41:26","date_gmt":"2025-05-30T15:41:26","guid":{"rendered":"https:\/\/denizcankizil.tr\/uncategorized-tr\/yoruk-turkmen-festivalinde-ilk-gun-coskusu\/"},"modified":"2025-05-30T18:41:26","modified_gmt":"2025-05-30T15:41:26","slug":"yoruk-turkmen-festivalinde-ilk-gun-coskusu","status":"publish","type":"post","link":"https:\/\/denizcankizil.tr\/en\/haberler\/antalya\/yoruk-turkmen-festivalinde-ilk-gun-coskusu\/","title":{"rendered":"Y\u00f6r\u00fck T\u00fcrkmen Festivali\u2019nde ilk g\u00fcn co\u015fkusu"},"content":{"rendered":"<p>Cumhuriyet Meydan\u0131-Karaalio\u011flu Park\u0131 aras\u0131nda yap\u0131lan temsili Y\u00f6r\u00fck g\u00f6\u00e7\u00fcyle ba\u015flayan Antalya B\u00fcy\u00fck\u015fehir Belediyesi 4. Uluslararas\u0131 Antalya Y\u00f6r\u00fck T\u00fcrkmen Festivali co\u015fkulu etkinliklerle ba\u015flad\u0131. \u0130lk g\u00fcn co\u015fkusu D\u00f6\u015femealt\u0131 D\u00fczler\u00e7am\u0131 Karaman Piknik Alan\u0131&#8217;ndaki birbirinden renkli g\u00f6sterilerle devam etti.<\/p>\n<p>Y\u00f6r\u00fck k\u00fclt\u00fcr\u00fc ya\u015fat\u0131l\u0131yor<br \/>\nY\u00f6r\u00fck k\u00fclt\u00fcr\u00fcn\u00fcn t\u00fcm y\u00f6nleriyle tan\u0131t\u0131ld\u0131\u011f\u0131 festivalde kurulan \u00e7ad\u0131rlarda Y\u00f6r\u00fck dernekleri y\u00f6resel k\u0131yafetler, hal\u0131 ve kilim dokuma, y\u00fcn e\u011firme gibi geleneksel el sanatlar\u0131n\u0131 tan\u0131tt\u0131. Y\u00f6r\u00fckler geleneksel yemeklerini de ziyaret\u00e7ilere ikram etti. Konuk \u00fclkelerin \u00e7ad\u0131rlar\u0131 ise yo\u011fun ilgi g\u00f6rd\u00fc. Geleneksel k\u0131yafetleri ile \u00fclke \u00e7ad\u0131rlar\u0131nda misafirlerini a\u011f\u0131rlayan konuk \u00fclkeler, kendilerine has yemekleri de ziyaret\u00e7ilere ikram etti. Festival alan\u0131 i\u00e7erisinde yer alan stantlar ve yeme i\u00e7me \u00fcniteleri de hizmet vermeye ba\u015flad\u0131.<\/p>\n<p>Renkli sahne g\u00f6sterileri<br \/>\nFestivalin ilk g\u00fcn\u00fcnde Y\u00f6r\u00fck T\u00fcrkmen k\u00fclt\u00fcr\u00fcn\u00fcn ayr\u0131lmaz par\u00e7as\u0131 olan m\u00fczik ve danslar da yo\u011fun ilgi g\u00f6rd\u00fc. Alanda kurulan etkinlik sahnesinde misafir \u00fclkeler halk dans g\u00f6sterilerini sahneledi. Ankara Ke\u00e7i\u00f6ren Belediyesi Seymenler Ekibi g\u00f6sterisi, \u00d6zbekistan &#8211; \u00d6z\u2019be\u011fim Derne\u011fi, Kazakistan Halk Oyunlar\u0131 g\u00f6sterisi, K\u0131br\u0131s T\u00fcrk K\u00fclt\u00fcr\u00fc Derne\u011fi Antalya \u015eubesi, Antalya Uygurlar Derne\u011fi Halk g\u00f6sterileri ile b\u00fcy\u00fck be\u011feni toplad\u0131.<br \/>\nT\u00fcrkiye d\u0131\u015f\u0131ndan 25 farkl\u0131 T\u00fcrk Devlet ve toplulu\u011fundan gelen heyet ve kat\u0131l\u0131mc\u0131lar, T\u00fcrk d\u00fcnyas\u0131ndan ba\u011f\u0131ms\u0131z 7 T\u00fcrk devleti, \u00f6zerk cumhuriyetler ve T\u00fcrklerin yo\u011fun olarak ya\u015fad\u0131\u011f\u0131 \u00fclkelerden misafirlerin kat\u0131l\u0131m\u0131n oldu\u011fu 4. Uluslararas\u0131 Antalya Y\u00f6r\u00fck T\u00fcrkmen Festivali ilk g\u00fcn\u00fcnden yo\u011fun bir kalabal\u0131\u011fa sahne oldu.<\/p>\n<p>Kaynak: www.kanalv.com.tr Haber Sitesinden Al\u0131nm\u0131\u015ft\u0131r.<\/p>","protected":false},"excerpt":{"rendered":"<p>Cumhuriyet Meydan\u0131-Karaalio\u011flu Park\u0131 aras\u0131nda yap\u0131lan temsili Y\u00f6r\u00fck g\u00f6\u00e7\u00fcyle ba\u015flayan Antalya B\u00fcy\u00fck\u015fehir Belediyesi 4. Uluslararas\u0131 Antalya Y\u00f6r\u00fck T\u00fcrkmen Festivali co\u015fkulu etkinliklerle ba\u015flad\u0131. \u0130lk g\u00fcn co\u015fkusu D\u00f6\u015femealt\u0131 D\u00fczler\u00e7am\u0131 Karaman Piknik Alan\u0131&#8217;ndaki birbirinden renkli g\u00f6sterilerle devam etti. Y\u00f6r\u00fck k\u00fclt\u00fcr\u00fc ya\u015fat\u0131l\u0131yor Y\u00f6r\u00fck k\u00fclt\u00fcr\u00fcn\u00fcn t\u00fcm y\u00f6nleriyle tan\u0131t\u0131ld\u0131\u011f\u0131 festivalde kurulan \u00e7ad\u0131rlarda Y\u00f6r\u00fck dernekleri y\u00f6resel k\u0131yafetler, hal\u0131 ve kilim dokuma, y\u00fcn e\u011firme gibi geleneksel el sanatlar\u0131n\u0131 tan\u0131tt\u0131. Y\u00f6r\u00fckler geleneksel yemeklerini de ziyaret\u00e7ilere ikram etti. Konuk \u00fclkelerin \u00e7ad\u0131rlar\u0131 ise yo\u011fun ilgi g\u00f6rd\u00fc. Geleneksel k\u0131yafetleri ile \u00fclke \u00e7ad\u0131rlar\u0131nda misafirlerini a\u011f\u0131rlayan konuk \u00fclkeler, kendilerine has yemekleri de ziyaret\u00e7ilere ikram etti. Festival alan\u0131 i\u00e7erisinde yer alan stantlar ve yeme i\u00e7me \u00fcniteleri de hizmet vermeye ba\u015flad\u0131. Renkli sahne g\u00f6sterileri Festivalin ilk g\u00fcn\u00fcnde Y\u00f6r\u00fck T\u00fcrkmen k\u00fclt\u00fcr\u00fcn\u00fcn ayr\u0131lmaz par\u00e7as\u0131 olan m\u00fczik ve danslar da yo\u011fun ilgi g\u00f6rd\u00fc. Alanda kurulan etkinlik sahnesinde misafir \u00fclkeler halk dans g\u00f6sterilerini sahneledi. Ankara Ke\u00e7i\u00f6ren Belediyesi Seymenler Ekibi g\u00f6sterisi, \u00d6zbekistan &#8211; \u00d6z\u2019be\u011fim Derne\u011fi, Kazakistan Halk Oyunlar\u0131 g\u00f6sterisi, K\u0131br\u0131s T\u00fcrk K\u00fclt\u00fcr\u00fc Derne\u011fi Antalya \u015eubesi, Antalya Uygurlar Derne\u011fi Halk g\u00f6sterileri ile b\u00fcy\u00fck be\u011feni toplad\u0131. T\u00fcrkiye d\u0131\u015f\u0131ndan 25 farkl\u0131 T\u00fcrk Devlet ve toplulu\u011fundan gelen heyet ve kat\u0131l\u0131mc\u0131lar, T\u00fcrk d\u00fcnyas\u0131ndan ba\u011f\u0131ms\u0131z 7 T\u00fcrk devleti, \u00f6zerk cumhuriyetler ve T\u00fcrklerin yo\u011fun olarak ya\u015fad\u0131\u011f\u0131 \u00fclkelerden misafirlerin kat\u0131l\u0131m\u0131n oldu\u011fu 4. Uluslararas\u0131 Antalya Y\u00f6r\u00fck T\u00fcrkmen Festivali ilk g\u00fcn\u00fcnden yo\u011fun &hellip;<\/p>","protected":false},"author":4,"featured_media":101879,"comment_status":"","ping_status":"open","sticky":false,"template":"","format":"standard","meta":{"_acf_changed":false,"footnotes":""},"categories":[26],"tags":[],"class_list":["post-101878","post","type-post","status-publish","format-standard","has-post-thumbnail","hentry","category-antalya"],"acf":[],"yoast_head":"<!-- This site is optimized with the Yoast SEO Premium plugin v26.6 (Yoast SEO v27.1.1) - https:\/\/yoast.com\/product\/yoast-seo-premium-wordpress\/ -->\n<title>Y\u00f6r\u00fck T\u00fcrkmen Festivali\u2019nde ilk g\u00fcn co\u015fkusu - Av. Deniz Can K\u0131z\u0131l<\/title>\n<meta name=\"robots\" content=\"index, follow, max-snippet:-1, max-image-preview:large, max-video-preview:-1\" \/>\n<link rel=\"canonical\" href=\"https:\/\/denizcankizil.tr\/en\/haberler\/antalya\/yoruk-turkmen-festivalinde-ilk-gun-coskusu\/\" \/>\n<meta property=\"og:locale\" content=\"en_GB\" \/>\n<meta property=\"og:type\" content=\"article\" \/>\n<meta property=\"og:title\" content=\"Y\u00f6r\u00fck T\u00fcrkmen Festivali\u2019nde ilk g\u00fcn co\u015fkusu\" \/>\n<meta property=\"og:description\" content=\"Cumhuriyet Meydan\u0131-Karaalio\u011flu Park\u0131 aras\u0131nda yap\u0131lan temsili Y\u00f6r\u00fck g\u00f6\u00e7\u00fcyle ba\u015flayan Antalya B\u00fcy\u00fck\u015fehir Belediyesi 4. Uluslararas\u0131 Antalya Y\u00f6r\u00fck T\u00fcrkmen Festivali co\u015fkulu etkinliklerle ba\u015flad\u0131. \u0130lk g\u00fcn co\u015fkusu D\u00f6\u015femealt\u0131 D\u00fczler\u00e7am\u0131 Karaman Piknik Alan\u0131&#8217;ndaki birbirinden renkli g\u00f6sterilerle devam etti. Y\u00f6r\u00fck k\u00fclt\u00fcr\u00fc ya\u015fat\u0131l\u0131yor Y\u00f6r\u00fck k\u00fclt\u00fcr\u00fcn\u00fcn t\u00fcm y\u00f6nleriyle tan\u0131t\u0131ld\u0131\u011f\u0131 festivalde kurulan \u00e7ad\u0131rlarda Y\u00f6r\u00fck dernekleri y\u00f6resel k\u0131yafetler, hal\u0131 ve kilim dokuma, y\u00fcn e\u011firme gibi geleneksel el sanatlar\u0131n\u0131 tan\u0131tt\u0131. Y\u00f6r\u00fckler geleneksel yemeklerini de ziyaret\u00e7ilere ikram etti. Konuk \u00fclkelerin \u00e7ad\u0131rlar\u0131 ise yo\u011fun ilgi g\u00f6rd\u00fc. Geleneksel k\u0131yafetleri ile \u00fclke \u00e7ad\u0131rlar\u0131nda misafirlerini a\u011f\u0131rlayan konuk \u00fclkeler, kendilerine has yemekleri de ziyaret\u00e7ilere ikram etti. Festival alan\u0131 i\u00e7erisinde yer alan stantlar ve yeme i\u00e7me \u00fcniteleri de hizmet vermeye ba\u015flad\u0131. Renkli sahne g\u00f6sterileri Festivalin ilk g\u00fcn\u00fcnde Y\u00f6r\u00fck T\u00fcrkmen k\u00fclt\u00fcr\u00fcn\u00fcn ayr\u0131lmaz par\u00e7as\u0131 olan m\u00fczik ve danslar da yo\u011fun ilgi g\u00f6rd\u00fc. Alanda kurulan etkinlik sahnesinde misafir \u00fclkeler halk dans g\u00f6sterilerini sahneledi. Ankara Ke\u00e7i\u00f6ren Belediyesi Seymenler Ekibi g\u00f6sterisi, \u00d6zbekistan &#8211; \u00d6z\u2019be\u011fim Derne\u011fi, Kazakistan Halk Oyunlar\u0131 g\u00f6sterisi, K\u0131br\u0131s T\u00fcrk K\u00fclt\u00fcr\u00fc Derne\u011fi Antalya \u015eubesi, Antalya Uygurlar Derne\u011fi Halk g\u00f6sterileri ile b\u00fcy\u00fck be\u011feni toplad\u0131. T\u00fcrkiye d\u0131\u015f\u0131ndan 25 farkl\u0131 T\u00fcrk Devlet ve toplulu\u011fundan gelen heyet ve kat\u0131l\u0131mc\u0131lar, T\u00fcrk d\u00fcnyas\u0131ndan ba\u011f\u0131ms\u0131z 7 T\u00fcrk devleti, \u00f6zerk cumhuriyetler ve T\u00fcrklerin yo\u011fun olarak ya\u015fad\u0131\u011f\u0131 \u00fclkelerden misafirlerin kat\u0131l\u0131m\u0131n oldu\u011fu 4. Uluslararas\u0131 Antalya Y\u00f6r\u00fck T\u00fcrkmen Festivali ilk g\u00fcn\u00fcnden yo\u011fun &hellip;\" \/>\n<meta property=\"og:url\" content=\"https:\/\/denizcankizil.tr\/en\/haberler\/antalya\/yoruk-turkmen-festivalinde-ilk-gun-coskusu\/\" \/>\n<meta property=\"og:site_name\" content=\"Av. Deniz Can K\u0131z\u0131l\" \/>\n<meta property=\"article:published_time\" content=\"2025-05-30T15:41:26+00:00\" \/>\n<meta property=\"og:image\" content=\"https:\/\/denizcankizil.tr\/wp-content\/uploads\/2025\/05\/6634-01-RiwiAS.jpg\" \/>\n\t<meta property=\"og:image:width\" content=\"1280\" \/>\n\t<meta property=\"og:image:height\" content=\"720\" \/>\n\t<meta property=\"og:image:type\" content=\"image\/jpeg\" \/>\n<meta name=\"author\" content=\"Av. Deniz Can K\u0131z\u0131l\" \/>\n<meta name=\"twitter:card\" content=\"summary_large_image\" \/>\n<meta name=\"twitter:label1\" content=\"Written by\" \/>\n\t<meta name=\"twitter:data1\" content=\"Av. Deniz Can K\u0131z\u0131l\" \/>\n\t<meta name=\"twitter:label2\" content=\"Estimated reading time\" \/>\n\t<meta name=\"twitter:data2\" content=\"2 minutes\" \/>\n<script type=\"application\/ld+json\" class=\"yoast-schema-graph\">{\"@context\":\"https:\/\/schema.org\",\"@graph\":[{\"@type\":\"Article\",\"@id\":\"https:\/\/denizcankizil.tr\/en\/haberler\/antalya\/yoruk-turkmen-festivalinde-ilk-gun-coskusu\/#article\",\"isPartOf\":{\"@id\":\"https:\/\/denizcankizil.tr\/en\/haberler\/antalya\/yoruk-turkmen-festivalinde-ilk-gun-coskusu\/\"},\"author\":{\"name\":\"Av. Deniz Can K\u0131z\u0131l\",\"@id\":\"https:\/\/denizcankizil.tr\/#\/schema\/person\/5dc1b22991bd7ac833867c10afc9b0ff\"},\"headline\":\"Y\u00f6r\u00fck T\u00fcrkmen Festivali\u2019nde ilk g\u00fcn co\u015fkusu\",\"datePublished\":\"2025-05-30T15:41:26+00:00\",\"mainEntityOfPage\":{\"@id\":\"https:\/\/denizcankizil.tr\/en\/haberler\/antalya\/yoruk-turkmen-festivalinde-ilk-gun-coskusu\/\"},\"wordCount\":347,\"publisher\":{\"@id\":\"https:\/\/denizcankizil.tr\/#organization\"},\"image\":{\"@id\":\"https:\/\/denizcankizil.tr\/en\/haberler\/antalya\/yoruk-turkmen-festivalinde-ilk-gun-coskusu\/#primaryimage\"},\"thumbnailUrl\":\"https:\/\/denizcankizil.tr\/wp-content\/uploads\/2025\/05\/6634-01-RiwiAS.jpg\",\"articleSection\":[\"Antalya\"],\"inLanguage\":\"en-GB\"},{\"@type\":\"WebPage\",\"@id\":\"https:\/\/denizcankizil.tr\/en\/haberler\/antalya\/yoruk-turkmen-festivalinde-ilk-gun-coskusu\/\",\"url\":\"https:\/\/denizcankizil.tr\/en\/haberler\/antalya\/yoruk-turkmen-festivalinde-ilk-gun-coskusu\/\",\"name\":\"Y\u00f6r\u00fck T\u00fcrkmen Festivali\u2019nde ilk g\u00fcn co\u015fkusu - Av. Deniz Can K\u0131z\u0131l\",\"isPartOf\":{\"@id\":\"https:\/\/denizcankizil.tr\/#website\"},\"primaryImageOfPage\":{\"@id\":\"https:\/\/denizcankizil.tr\/en\/haberler\/antalya\/yoruk-turkmen-festivalinde-ilk-gun-coskusu\/#primaryimage\"},\"image\":{\"@id\":\"https:\/\/denizcankizil.tr\/en\/haberler\/antalya\/yoruk-turkmen-festivalinde-ilk-gun-coskusu\/#primaryimage\"},\"thumbnailUrl\":\"https:\/\/denizcankizil.tr\/wp-content\/uploads\/2025\/05\/6634-01-RiwiAS.jpg\",\"datePublished\":\"2025-05-30T15:41:26+00:00\",\"breadcrumb\":{\"@id\":\"https:\/\/denizcankizil.tr\/en\/haberler\/antalya\/yoruk-turkmen-festivalinde-ilk-gun-coskusu\/#breadcrumb\"},\"inLanguage\":\"en-GB\",\"potentialAction\":[{\"@type\":\"ReadAction\",\"target\":[\"https:\/\/denizcankizil.tr\/en\/haberler\/antalya\/yoruk-turkmen-festivalinde-ilk-gun-coskusu\/\"]}]},{\"@type\":\"ImageObject\",\"inLanguage\":\"en-GB\",\"@id\":\"https:\/\/denizcankizil.tr\/en\/haberler\/antalya\/yoruk-turkmen-festivalinde-ilk-gun-coskusu\/#primaryimage\",\"url\":\"https:\/\/denizcankizil.tr\/wp-content\/uploads\/2025\/05\/6634-01-RiwiAS.jpg\",\"contentUrl\":\"https:\/\/denizcankizil.tr\/wp-content\/uploads\/2025\/05\/6634-01-RiwiAS.jpg\",\"width\":1280,\"height\":720},{\"@type\":\"BreadcrumbList\",\"@id\":\"https:\/\/denizcankizil.tr\/en\/haberler\/antalya\/yoruk-turkmen-festivalinde-ilk-gun-coskusu\/#breadcrumb\",\"itemListElement\":[{\"@type\":\"ListItem\",\"position\":1,\"name\":\"Home\",\"item\":\"https:\/\/denizcankizil.tr\/de\/\"},{\"@type\":\"ListItem\",\"position\":2,\"name\":\"Y\u00f6r\u00fck T\u00fcrkmen Festivali\u2019nde ilk g\u00fcn co\u015fkusu\"}]},{\"@type\":\"WebSite\",\"@id\":\"https:\/\/denizcankizil.tr\/#website\",\"url\":\"https:\/\/denizcankizil.tr\/\",\"name\":\"Av. Deniz Can K\u0131z\u0131l\",\"description\":\"Avukat Deniz Can K\u0131z\u0131l Antalya Barosu\",\"publisher\":{\"@id\":\"https:\/\/denizcankizil.tr\/#organization\"},\"potentialAction\":[{\"@type\":\"SearchAction\",\"target\":{\"@type\":\"EntryPoint\",\"urlTemplate\":\"https:\/\/denizcankizil.tr\/?s={search_term_string}\"},\"query-input\":{\"@type\":\"PropertyValueSpecification\",\"valueRequired\":true,\"valueName\":\"search_term_string\"}}],\"inLanguage\":\"en-GB\"},{\"@type\":\"Organization\",\"@id\":\"https:\/\/denizcankizil.tr\/#organization\",\"name\":\"Av. Deniz Can K\u0131z\u0131l\",\"url\":\"https:\/\/denizcankizil.tr\/\",\"logo\":{\"@type\":\"ImageObject\",\"inLanguage\":\"en-GB\",\"@id\":\"https:\/\/denizcankizil.tr\/#\/schema\/logo\/image\/\",\"url\":\"https:\/\/denizcankizil.tr\/wp-content\/uploads\/2024\/10\/siyah-logo-svg.svg\",\"contentUrl\":\"https:\/\/denizcankizil.tr\/wp-content\/uploads\/2024\/10\/siyah-logo-svg.svg\",\"width\":1080,\"height\":1080,\"caption\":\"Av. Deniz Can K\u0131z\u0131l\"},\"image\":{\"@id\":\"https:\/\/denizcankizil.tr\/#\/schema\/logo\/image\/\"}},{\"@type\":\"Person\",\"@id\":\"https:\/\/denizcankizil.tr\/#\/schema\/person\/5dc1b22991bd7ac833867c10afc9b0ff\",\"name\":\"Av. Deniz Can K\u0131z\u0131l\",\"image\":{\"@type\":\"ImageObject\",\"inLanguage\":\"en-GB\",\"@id\":\"https:\/\/denizcankizil.tr\/#\/schema\/person\/image\/\",\"url\":\"https:\/\/secure.gravatar.com\/avatar\/a0b128fb9855c79efc976d5640eedb31dc35ec297594d6016d2cf7c60e975bb6?s=96&d=mm&r=g\",\"contentUrl\":\"https:\/\/secure.gravatar.com\/avatar\/a0b128fb9855c79efc976d5640eedb31dc35ec297594d6016d2cf7c60e975bb6?s=96&d=mm&r=g\",\"caption\":\"Av. Deniz Can K\u0131z\u0131l\"},\"sameAs\":[\"http:\/\/www.denizcankizil.tr\"],\"url\":\"https:\/\/denizcankizil.tr\/en\/author\/denizcankizil\/\"}]}<\/script>\n<!-- \/ Yoast SEO Premium plugin. -->","yoast_head_json":{"title":"Y\u00f6r\u00fck T\u00fcrkmen Festivali\u2019nde ilk g\u00fcn co\u015fkusu - Av. Deniz Can K\u0131z\u0131l","robots":{"index":"index","follow":"follow","max-snippet":"max-snippet:-1","max-image-preview":"max-image-preview:large","max-video-preview":"max-video-preview:-1"},"canonical":"https:\/\/denizcankizil.tr\/en\/haberler\/antalya\/yoruk-turkmen-festivalinde-ilk-gun-coskusu\/","og_locale":"en_GB","og_type":"article","og_title":"Y\u00f6r\u00fck T\u00fcrkmen Festivali\u2019nde ilk g\u00fcn co\u015fkusu","og_description":"Cumhuriyet Meydan\u0131-Karaalio\u011flu Park\u0131 aras\u0131nda yap\u0131lan temsili Y\u00f6r\u00fck g\u00f6\u00e7\u00fcyle ba\u015flayan Antalya B\u00fcy\u00fck\u015fehir Belediyesi 4. Uluslararas\u0131 Antalya Y\u00f6r\u00fck T\u00fcrkmen Festivali co\u015fkulu etkinliklerle ba\u015flad\u0131. \u0130lk g\u00fcn co\u015fkusu D\u00f6\u015femealt\u0131 D\u00fczler\u00e7am\u0131 Karaman Piknik Alan\u0131&#8217;ndaki birbirinden renkli g\u00f6sterilerle devam etti. Y\u00f6r\u00fck k\u00fclt\u00fcr\u00fc ya\u015fat\u0131l\u0131yor Y\u00f6r\u00fck k\u00fclt\u00fcr\u00fcn\u00fcn t\u00fcm y\u00f6nleriyle tan\u0131t\u0131ld\u0131\u011f\u0131 festivalde kurulan \u00e7ad\u0131rlarda Y\u00f6r\u00fck dernekleri y\u00f6resel k\u0131yafetler, hal\u0131 ve kilim dokuma, y\u00fcn e\u011firme gibi geleneksel el sanatlar\u0131n\u0131 tan\u0131tt\u0131. Y\u00f6r\u00fckler geleneksel yemeklerini de ziyaret\u00e7ilere ikram etti. Konuk \u00fclkelerin \u00e7ad\u0131rlar\u0131 ise yo\u011fun ilgi g\u00f6rd\u00fc. Geleneksel k\u0131yafetleri ile \u00fclke \u00e7ad\u0131rlar\u0131nda misafirlerini a\u011f\u0131rlayan konuk \u00fclkeler, kendilerine has yemekleri de ziyaret\u00e7ilere ikram etti. Festival alan\u0131 i\u00e7erisinde yer alan stantlar ve yeme i\u00e7me \u00fcniteleri de hizmet vermeye ba\u015flad\u0131. Renkli sahne g\u00f6sterileri Festivalin ilk g\u00fcn\u00fcnde Y\u00f6r\u00fck T\u00fcrkmen k\u00fclt\u00fcr\u00fcn\u00fcn ayr\u0131lmaz par\u00e7as\u0131 olan m\u00fczik ve danslar da yo\u011fun ilgi g\u00f6rd\u00fc. Alanda kurulan etkinlik sahnesinde misafir \u00fclkeler halk dans g\u00f6sterilerini sahneledi. Ankara Ke\u00e7i\u00f6ren Belediyesi Seymenler Ekibi g\u00f6sterisi, \u00d6zbekistan &#8211; \u00d6z\u2019be\u011fim Derne\u011fi, Kazakistan Halk Oyunlar\u0131 g\u00f6sterisi, K\u0131br\u0131s T\u00fcrk K\u00fclt\u00fcr\u00fc Derne\u011fi Antalya \u015eubesi, Antalya Uygurlar Derne\u011fi Halk g\u00f6sterileri ile b\u00fcy\u00fck be\u011feni toplad\u0131. T\u00fcrkiye d\u0131\u015f\u0131ndan 25 farkl\u0131 T\u00fcrk Devlet ve toplulu\u011fundan gelen heyet ve kat\u0131l\u0131mc\u0131lar, T\u00fcrk d\u00fcnyas\u0131ndan ba\u011f\u0131ms\u0131z 7 T\u00fcrk devleti, \u00f6zerk cumhuriyetler ve T\u00fcrklerin yo\u011fun olarak ya\u015fad\u0131\u011f\u0131 \u00fclkelerden misafirlerin kat\u0131l\u0131m\u0131n oldu\u011fu 4. Uluslararas\u0131 Antalya Y\u00f6r\u00fck T\u00fcrkmen Festivali ilk g\u00fcn\u00fcnden yo\u011fun &hellip;","og_url":"https:\/\/denizcankizil.tr\/en\/haberler\/antalya\/yoruk-turkmen-festivalinde-ilk-gun-coskusu\/","og_site_name":"Av. Deniz Can K\u0131z\u0131l","article_published_time":"2025-05-30T15:41:26+00:00","og_image":[{"width":1280,"height":720,"url":"https:\/\/denizcankizil.tr\/wp-content\/uploads\/2025\/05\/6634-01-RiwiAS.jpg","type":"image\/jpeg"}],"author":"Av. Deniz Can K\u0131z\u0131l","twitter_card":"summary_large_image","twitter_misc":{"Written by":"Av. Deniz Can K\u0131z\u0131l","Estimated reading time":"2 minutes"},"schema":{"@context":"https:\/\/schema.org","@graph":[{"@type":"Article","@id":"https:\/\/denizcankizil.tr\/en\/haberler\/antalya\/yoruk-turkmen-festivalinde-ilk-gun-coskusu\/#article","isPartOf":{"@id":"https:\/\/denizcankizil.tr\/en\/haberler\/antalya\/yoruk-turkmen-festivalinde-ilk-gun-coskusu\/"},"author":{"name":"Av. Deniz Can K\u0131z\u0131l","@id":"https:\/\/denizcankizil.tr\/#\/schema\/person\/5dc1b22991bd7ac833867c10afc9b0ff"},"headline":"Y\u00f6r\u00fck T\u00fcrkmen Festivali\u2019nde ilk g\u00fcn co\u015fkusu","datePublished":"2025-05-30T15:41:26+00:00","mainEntityOfPage":{"@id":"https:\/\/denizcankizil.tr\/en\/haberler\/antalya\/yoruk-turkmen-festivalinde-ilk-gun-coskusu\/"},"wordCount":347,"publisher":{"@id":"https:\/\/denizcankizil.tr\/#organization"},"image":{"@id":"https:\/\/denizcankizil.tr\/en\/haberler\/antalya\/yoruk-turkmen-festivalinde-ilk-gun-coskusu\/#primaryimage"},"thumbnailUrl":"https:\/\/denizcankizil.tr\/wp-content\/uploads\/2025\/05\/6634-01-RiwiAS.jpg","articleSection":["Antalya"],"inLanguage":"en-GB"},{"@type":"WebPage","@id":"https:\/\/denizcankizil.tr\/en\/haberler\/antalya\/yoruk-turkmen-festivalinde-ilk-gun-coskusu\/","url":"https:\/\/denizcankizil.tr\/en\/haberler\/antalya\/yoruk-turkmen-festivalinde-ilk-gun-coskusu\/","name":"Y\u00f6r\u00fck T\u00fcrkmen Festivali\u2019nde ilk g\u00fcn co\u015fkusu - Av. Deniz Can K\u0131z\u0131l","isPartOf":{"@id":"https:\/\/denizcankizil.tr\/#website"},"primaryImageOfPage":{"@id":"https:\/\/denizcankizil.tr\/en\/haberler\/antalya\/yoruk-turkmen-festivalinde-ilk-gun-coskusu\/#primaryimage"},"image":{"@id":"https:\/\/denizcankizil.tr\/en\/haberler\/antalya\/yoruk-turkmen-festivalinde-ilk-gun-coskusu\/#primaryimage"},"thumbnailUrl":"https:\/\/denizcankizil.tr\/wp-content\/uploads\/2025\/05\/6634-01-RiwiAS.jpg","datePublished":"2025-05-30T15:41:26+00:00","breadcrumb":{"@id":"https:\/\/denizcankizil.tr\/en\/haberler\/antalya\/yoruk-turkmen-festivalinde-ilk-gun-coskusu\/#breadcrumb"},"inLanguage":"en-GB","potentialAction":[{"@type":"ReadAction","target":["https:\/\/denizcankizil.tr\/en\/haberler\/antalya\/yoruk-turkmen-festivalinde-ilk-gun-coskusu\/"]}]},{"@type":"ImageObject","inLanguage":"en-GB","@id":"https:\/\/denizcankizil.tr\/en\/haberler\/antalya\/yoruk-turkmen-festivalinde-ilk-gun-coskusu\/#primaryimage","url":"https:\/\/denizcankizil.tr\/wp-content\/uploads\/2025\/05\/6634-01-RiwiAS.jpg","contentUrl":"https:\/\/denizcankizil.tr\/wp-content\/uploads\/2025\/05\/6634-01-RiwiAS.jpg","width":1280,"height":720},{"@type":"BreadcrumbList","@id":"https:\/\/denizcankizil.tr\/en\/haberler\/antalya\/yoruk-turkmen-festivalinde-ilk-gun-coskusu\/#breadcrumb","itemListElement":[{"@type":"ListItem","position":1,"name":"Home","item":"https:\/\/denizcankizil.tr\/de\/"},{"@type":"ListItem","position":2,"name":"Y\u00f6r\u00fck T\u00fcrkmen Festivali\u2019nde ilk g\u00fcn co\u015fkusu"}]},{"@type":"WebSite","@id":"https:\/\/denizcankizil.tr\/#website","url":"https:\/\/denizcankizil.tr\/","name":"Av. Deniz Can K\u0131z\u0131l","description":"Avukat Deniz Can K\u0131z\u0131l Antalya Barosu","publisher":{"@id":"https:\/\/denizcankizil.tr\/#organization"},"potentialAction":[{"@type":"SearchAction","target":{"@type":"EntryPoint","urlTemplate":"https:\/\/denizcankizil.tr\/?s={search_term_string}"},"query-input":{"@type":"PropertyValueSpecification","valueRequired":true,"valueName":"search_term_string"}}],"inLanguage":"en-GB"},{"@type":"Organization","@id":"https:\/\/denizcankizil.tr\/#organization","name":"Av. Deniz Can K\u0131z\u0131l","url":"https:\/\/denizcankizil.tr\/","logo":{"@type":"ImageObject","inLanguage":"en-GB","@id":"https:\/\/denizcankizil.tr\/#\/schema\/logo\/image\/","url":"https:\/\/denizcankizil.tr\/wp-content\/uploads\/2024\/10\/siyah-logo-svg.svg","contentUrl":"https:\/\/denizcankizil.tr\/wp-content\/uploads\/2024\/10\/siyah-logo-svg.svg","width":1080,"height":1080,"caption":"Av. Deniz Can K\u0131z\u0131l"},"image":{"@id":"https:\/\/denizcankizil.tr\/#\/schema\/logo\/image\/"}},{"@type":"Person","@id":"https:\/\/denizcankizil.tr\/#\/schema\/person\/5dc1b22991bd7ac833867c10afc9b0ff","name":"Av. Deniz Can K\u0131z\u0131l","image":{"@type":"ImageObject","inLanguage":"en-GB","@id":"https:\/\/denizcankizil.tr\/#\/schema\/person\/image\/","url":"https:\/\/secure.gravatar.com\/avatar\/a0b128fb9855c79efc976d5640eedb31dc35ec297594d6016d2cf7c60e975bb6?s=96&d=mm&r=g","contentUrl":"https:\/\/secure.gravatar.com\/avatar\/a0b128fb9855c79efc976d5640eedb31dc35ec297594d6016d2cf7c60e975bb6?s=96&d=mm&r=g","caption":"Av. Deniz Can K\u0131z\u0131l"},"sameAs":["http:\/\/www.denizcankizil.tr"],"url":"https:\/\/denizcankizil.tr\/en\/author\/denizcankizil\/"}]}},"_links":{"self":[{"href":"https:\/\/denizcankizil.tr\/en\/wp-json\/wp\/v2\/posts\/101878","targetHints":{"allow":["GET"]}}],"collection":[{"href":"https:\/\/denizcankizil.tr\/en\/wp-json\/wp\/v2\/posts"}],"about":[{"href":"https:\/\/denizcankizil.tr\/en\/wp-json\/wp\/v2\/types\/post"}],"author":[{"embeddable":true,"href":"https:\/\/denizcankizil.tr\/en\/wp-json\/wp\/v2\/users\/4"}],"replies":[{"embeddable":true,"href":"https:\/\/denizcankizil.tr\/en\/wp-json\/wp\/v2\/comments?post=101878"}],"version-history":[{"count":0,"href":"https:\/\/denizcankizil.tr\/en\/wp-json\/wp\/v2\/posts\/101878\/revisions"}],"wp:featuredmedia":[{"embeddable":true,"href":"https:\/\/denizcankizil.tr\/en\/wp-json\/wp\/v2\/media\/101879"}],"wp:attachment":[{"href":"https:\/\/denizcankizil.tr\/en\/wp-json\/wp\/v2\/media?parent=101878"}],"wp:term":[{"taxonomy":"category","embeddable":true,"href":"https:\/\/denizcankizil.tr\/en\/wp-json\/wp\/v2\/categories?post=101878"},{"taxonomy":"post_tag","embeddable":true,"href":"https:\/\/denizcankizil.tr\/en\/wp-json\/wp\/v2\/tags?post=101878"}],"curies":[{"name":"wp","href":"https:\/\/api.w.org\/{rel}","templated":true}]}}