{"id":10070,"date":"2024-10-29T20:43:02","date_gmt":"2024-10-29T17:43:02","guid":{"rendered":"https:\/\/denizcankizil.tr\/uncategorized-tr\/sakarya-adarayda-odeme-kolayligi\/"},"modified":"2024-10-29T20:43:02","modified_gmt":"2024-10-29T17:43:02","slug":"sakarya-adarayda-odeme-kolayligi","status":"publish","type":"post","link":"https:\/\/denizcankizil.tr\/en\/haberler\/gundem\/sakarya-adarayda-odeme-kolayligi\/","title":{"rendered":"Sakarya ADARAY&#8217;da \u00f6deme kolayl\u0131\u011f\u0131"},"content":{"rendered":"<p>Sakarya B\u00fcy\u00fck\u015fehir Belediyesi, 29 Ekim Cumhuriyet Bayram\u0131\u2019nda hizmete girecek ADARAY i\u00e7in bir\u00e7ok se\u00e7ene\u011fi aktif ederek, kullan\u0131c\u0131lara \u00f6deme kolayl\u0131\u011f\u0131 sundu.SAKARYA (\u0130GFA) &#8211; \u00a0 Sakaryal\u0131lar, \u00e7ok \u00e7e\u015fitli \u00f6deme se\u00e7enekleriyle kullanabilecek. Kart54\u2019\u00fcn yan\u0131 s\u0131ra sanal kart, kredi ve banka kartlar\u0131 da trende \u00f6deme i\u00e7in aktif edildi.<br \/>\nSakaryal\u0131lar Adapazar\u0131-Arifiye aras\u0131ndaki ula\u015f\u0131m\u0131 15 dakikaya indirecek ADARAY\u2019da \u00e7ok \u00e7e\u015fitli \u00f6deme se\u00e7eneklerine sahip olacak. Ula\u015f\u0131mda \u00f6deme se\u00e7enekleri \u00e7e\u015fitlendirildi, \u00f6nemli bir eri\u015fim kolayl\u0131\u011f\u0131 sa\u011fland\u0131.<br \/>\nADARAY\u2019da toplu ta\u015f\u0131mada kullan\u0131lan Kart54 sistemi tan\u0131mlan\u0131rken, kart kullanmayan yolcular i\u00e7in ise \u2018SAKUSUla\u015f\u0131m\u2019 mobil uygulamas\u0131 \u00fczerinden olu\u015fturulan \u2018Sanal Kart\u2019 devreye al\u0131nd\u0131.<br \/>\nAyr\u0131ca bunun yan\u0131nda kredi kart veya banka kartlar\u0131yla \u00f6deme i\u00e7in de trenlere gerekli sistemler kurularak aktif edildi.<br \/>\nUla\u015f\u0131m Dairesi Ba\u015fkanl\u0131\u011f\u0131\u2019ndan yap\u0131lan a\u00e7\u0131klamada, \u201cVatanda\u015flar\u0131m\u0131z\u0131n ula\u015f\u0131m\u0131na kolayl\u0131k ve g\u00fcven getirmek, ula\u015f\u0131m\u0131 b\u00fct\u00fcnc\u00fcl bir bak\u0131\u015f a\u00e7\u0131s\u0131yla ele alarak konforlu bir hizmet sunmak i\u00e7in kararl\u0131l\u0131kla \u00e7al\u0131\u015f\u0131yoruz. Artan yolcu say\u0131s\u0131 ve Kart54 talebi, toplu ta\u015f\u0131ma ara\u00e7lar\u0131m\u0131za duyulan ilgiyi g\u00f6steriyor. 2024 y\u0131l\u0131nda filomuza katt\u0131\u011f\u0131m\u0131z yeni ara\u00e7lar ve ADARAY hatt\u0131 ile \u015fehir i\u00e7i ula\u015f\u0131mda kaliteyi art\u0131r\u0131yoruz. Bu do\u011frultuda yolcu memnuniyetini sa\u011flayacak yeni uygulamalar\u0131 hayata ge\u00e7irmeye devam edece\u011fiz\u201d dedi.<\/p>\n<p>\u200bSakarya B\u00fcy\u00fck\u015fehir Belediyesi, 29 Ekim Cumhuriyet Bayram\u0131\u2019nda hizmete girecek ADARAY i\u00e7in bir\u00e7ok se\u00e7ene\u011fi aktif ederek, kullan\u0131c\u0131lara \u00f6deme kolayl\u0131\u011f\u0131 sundu\u00a0<\/p>\n<p>\u200bHaberin Al\u0131nt\u0131land\u0131\u011f\u0131 Kaynak: www.iskenderun.org<\/p>","protected":false},"excerpt":{"rendered":"<p>Sakarya B\u00fcy\u00fck\u015fehir Belediyesi, 29 Ekim Cumhuriyet Bayram\u0131\u2019nda hizmete girecek ADARAY i\u00e7in bir\u00e7ok se\u00e7ene\u011fi aktif ederek, kullan\u0131c\u0131lara \u00f6deme kolayl\u0131\u011f\u0131 sundu.SAKARYA (\u0130GFA) &#8211; \u00a0 Sakaryal\u0131lar, \u00e7ok \u00e7e\u015fitli \u00f6deme se\u00e7enekleriyle kullanabilecek. Kart54\u2019\u00fcn yan\u0131 s\u0131ra sanal kart, kredi ve banka kartlar\u0131 da trende \u00f6deme i\u00e7in aktif edildi. Sakaryal\u0131lar Adapazar\u0131-Arifiye aras\u0131ndaki ula\u015f\u0131m\u0131 15 dakikaya indirecek ADARAY\u2019da \u00e7ok \u00e7e\u015fitli \u00f6deme se\u00e7eneklerine sahip olacak. Ula\u015f\u0131mda \u00f6deme se\u00e7enekleri \u00e7e\u015fitlendirildi, \u00f6nemli bir eri\u015fim kolayl\u0131\u011f\u0131 sa\u011fland\u0131. ADARAY\u2019da toplu ta\u015f\u0131mada kullan\u0131lan Kart54 sistemi tan\u0131mlan\u0131rken, kart kullanmayan yolcular i\u00e7in ise \u2018SAKUSUla\u015f\u0131m\u2019 mobil uygulamas\u0131 \u00fczerinden olu\u015fturulan \u2018Sanal Kart\u2019 devreye al\u0131nd\u0131. Ayr\u0131ca bunun yan\u0131nda kredi kart veya banka kartlar\u0131yla \u00f6deme i\u00e7in de trenlere gerekli sistemler kurularak aktif edildi. Ula\u015f\u0131m Dairesi Ba\u015fkanl\u0131\u011f\u0131\u2019ndan yap\u0131lan a\u00e7\u0131klamada, \u201cVatanda\u015flar\u0131m\u0131z\u0131n ula\u015f\u0131m\u0131na kolayl\u0131k ve g\u00fcven getirmek, ula\u015f\u0131m\u0131 b\u00fct\u00fcnc\u00fcl bir bak\u0131\u015f a\u00e7\u0131s\u0131yla ele alarak konforlu bir hizmet sunmak i\u00e7in kararl\u0131l\u0131kla \u00e7al\u0131\u015f\u0131yoruz. Artan yolcu say\u0131s\u0131 ve Kart54 talebi, toplu ta\u015f\u0131ma ara\u00e7lar\u0131m\u0131za duyulan ilgiyi g\u00f6steriyor. 2024 y\u0131l\u0131nda filomuza katt\u0131\u011f\u0131m\u0131z yeni ara\u00e7lar ve ADARAY hatt\u0131 ile \u015fehir i\u00e7i ula\u015f\u0131mda kaliteyi art\u0131r\u0131yoruz. Bu do\u011frultuda yolcu memnuniyetini sa\u011flayacak yeni uygulamalar\u0131 hayata ge\u00e7irmeye devam edece\u011fiz\u201d dedi. \u200bSakarya B\u00fcy\u00fck\u015fehir Belediyesi, 29 Ekim Cumhuriyet Bayram\u0131\u2019nda hizmete girecek ADARAY i\u00e7in bir\u00e7ok se\u00e7ene\u011fi aktif ederek, kullan\u0131c\u0131lara \u00f6deme kolayl\u0131\u011f\u0131 sundu\u00a0 \u200bHaberin Al\u0131nt\u0131land\u0131\u011f\u0131 Kaynak: www.iskenderun.org<\/p>","protected":false},"author":0,"featured_media":0,"comment_status":"open","ping_status":"open","sticky":false,"template":"","format":"standard","meta":{"_acf_changed":false,"footnotes":""},"categories":[24,535],"tags":[],"class_list":["post-10070","post","type-post","status-publish","format-standard","has-post-thumbnail","hentry","category-gundem","category-uncategorized-tr"],"acf":[],"yoast_head":"<!-- This site is optimized with the Yoast SEO Premium plugin v26.6 (Yoast SEO v27.1.1) - https:\/\/yoast.com\/product\/yoast-seo-premium-wordpress\/ -->\n<title>Sakarya ADARAY&#039;da \u00f6deme kolayl\u0131\u011f\u0131 - Av. Deniz Can K\u0131z\u0131l<\/title>\n<meta name=\"robots\" content=\"index, follow, max-snippet:-1, max-image-preview:large, max-video-preview:-1\" \/>\n<link rel=\"canonical\" href=\"https:\/\/denizcankizil.tr\/en\/haberler\/gundem\/sakarya-adarayda-odeme-kolayligi\/\" \/>\n<meta property=\"og:locale\" content=\"en_GB\" \/>\n<meta property=\"og:type\" content=\"article\" \/>\n<meta property=\"og:title\" content=\"Sakarya ADARAY&#039;da \u00f6deme kolayl\u0131\u011f\u0131\" \/>\n<meta property=\"og:description\" content=\"Sakarya B\u00fcy\u00fck\u015fehir Belediyesi, 29 Ekim Cumhuriyet Bayram\u0131\u2019nda hizmete girecek ADARAY i\u00e7in bir\u00e7ok se\u00e7ene\u011fi aktif ederek, kullan\u0131c\u0131lara \u00f6deme kolayl\u0131\u011f\u0131 sundu.SAKARYA (\u0130GFA) &#8211; \u00a0 Sakaryal\u0131lar, \u00e7ok \u00e7e\u015fitli \u00f6deme se\u00e7enekleriyle kullanabilecek. Kart54\u2019\u00fcn yan\u0131 s\u0131ra sanal kart, kredi ve banka kartlar\u0131 da trende \u00f6deme i\u00e7in aktif edildi. Sakaryal\u0131lar Adapazar\u0131-Arifiye aras\u0131ndaki ula\u015f\u0131m\u0131 15 dakikaya indirecek ADARAY\u2019da \u00e7ok \u00e7e\u015fitli \u00f6deme se\u00e7eneklerine sahip olacak. Ula\u015f\u0131mda \u00f6deme se\u00e7enekleri \u00e7e\u015fitlendirildi, \u00f6nemli bir eri\u015fim kolayl\u0131\u011f\u0131 sa\u011fland\u0131. ADARAY\u2019da toplu ta\u015f\u0131mada kullan\u0131lan Kart54 sistemi tan\u0131mlan\u0131rken, kart kullanmayan yolcular i\u00e7in ise \u2018SAKUSUla\u015f\u0131m\u2019 mobil uygulamas\u0131 \u00fczerinden olu\u015fturulan \u2018Sanal Kart\u2019 devreye al\u0131nd\u0131. Ayr\u0131ca bunun yan\u0131nda kredi kart veya banka kartlar\u0131yla \u00f6deme i\u00e7in de trenlere gerekli sistemler kurularak aktif edildi. Ula\u015f\u0131m Dairesi Ba\u015fkanl\u0131\u011f\u0131\u2019ndan yap\u0131lan a\u00e7\u0131klamada, \u201cVatanda\u015flar\u0131m\u0131z\u0131n ula\u015f\u0131m\u0131na kolayl\u0131k ve g\u00fcven getirmek, ula\u015f\u0131m\u0131 b\u00fct\u00fcnc\u00fcl bir bak\u0131\u015f a\u00e7\u0131s\u0131yla ele alarak konforlu bir hizmet sunmak i\u00e7in kararl\u0131l\u0131kla \u00e7al\u0131\u015f\u0131yoruz. Artan yolcu say\u0131s\u0131 ve Kart54 talebi, toplu ta\u015f\u0131ma ara\u00e7lar\u0131m\u0131za duyulan ilgiyi g\u00f6steriyor. 2024 y\u0131l\u0131nda filomuza katt\u0131\u011f\u0131m\u0131z yeni ara\u00e7lar ve ADARAY hatt\u0131 ile \u015fehir i\u00e7i ula\u015f\u0131mda kaliteyi art\u0131r\u0131yoruz. Bu do\u011frultuda yolcu memnuniyetini sa\u011flayacak yeni uygulamalar\u0131 hayata ge\u00e7irmeye devam edece\u011fiz\u201d dedi. \u200bSakarya B\u00fcy\u00fck\u015fehir Belediyesi, 29 Ekim Cumhuriyet Bayram\u0131\u2019nda hizmete girecek ADARAY i\u00e7in bir\u00e7ok se\u00e7ene\u011fi aktif ederek, kullan\u0131c\u0131lara \u00f6deme kolayl\u0131\u011f\u0131 sundu\u00a0 \u200bHaberin Al\u0131nt\u0131land\u0131\u011f\u0131 Kaynak: www.iskenderun.org\" \/>\n<meta property=\"og:url\" content=\"https:\/\/denizcankizil.tr\/en\/haberler\/gundem\/sakarya-adarayda-odeme-kolayligi\/\" \/>\n<meta property=\"og:site_name\" content=\"Av. Deniz Can K\u0131z\u0131l\" \/>\n<meta property=\"article:published_time\" content=\"2024-10-29T17:43:02+00:00\" \/>\n<meta name=\"twitter:card\" content=\"summary_large_image\" \/>\n<meta name=\"twitter:label1\" content=\"Estimated reading time\" \/>\n\t<meta name=\"twitter:data1\" content=\"1 minute\" \/>\n<script type=\"application\/ld+json\" class=\"yoast-schema-graph\">{\"@context\":\"https:\/\/schema.org\",\"@graph\":[{\"@type\":\"Article\",\"@id\":\"https:\/\/denizcankizil.tr\/en\/haberler\/gundem\/sakarya-adarayda-odeme-kolayligi\/#article\",\"isPartOf\":{\"@id\":\"https:\/\/denizcankizil.tr\/en\/haberler\/gundem\/sakarya-adarayda-odeme-kolayligi\/\"},\"author\":{\"name\":\"\",\"@id\":\"\"},\"headline\":\"Sakarya ADARAY&#8217;da \u00f6deme kolayl\u0131\u011f\u0131\",\"datePublished\":\"2024-10-29T17:43:02+00:00\",\"mainEntityOfPage\":{\"@id\":\"https:\/\/denizcankizil.tr\/en\/haberler\/gundem\/sakarya-adarayda-odeme-kolayligi\/\"},\"wordCount\":289,\"commentCount\":0,\"publisher\":{\"@id\":\"https:\/\/denizcankizil.tr\/#organization\"},\"articleSection\":[\"G\u00fcndem\",\"Uncategorized\"],\"inLanguage\":\"en-GB\",\"potentialAction\":[{\"@type\":\"CommentAction\",\"name\":\"Comment\",\"target\":[\"https:\/\/denizcankizil.tr\/en\/haberler\/gundem\/sakarya-adarayda-odeme-kolayligi\/#respond\"]}]},{\"@type\":\"WebPage\",\"@id\":\"https:\/\/denizcankizil.tr\/en\/haberler\/gundem\/sakarya-adarayda-odeme-kolayligi\/\",\"url\":\"https:\/\/denizcankizil.tr\/en\/haberler\/gundem\/sakarya-adarayda-odeme-kolayligi\/\",\"name\":\"Sakarya ADARAY'da \u00f6deme kolayl\u0131\u011f\u0131 - Av. Deniz Can K\u0131z\u0131l\",\"isPartOf\":{\"@id\":\"https:\/\/denizcankizil.tr\/#website\"},\"datePublished\":\"2024-10-29T17:43:02+00:00\",\"breadcrumb\":{\"@id\":\"https:\/\/denizcankizil.tr\/en\/haberler\/gundem\/sakarya-adarayda-odeme-kolayligi\/#breadcrumb\"},\"inLanguage\":\"en-GB\",\"potentialAction\":[{\"@type\":\"ReadAction\",\"target\":[\"https:\/\/denizcankizil.tr\/en\/haberler\/gundem\/sakarya-adarayda-odeme-kolayligi\/\"]}]},{\"@type\":\"BreadcrumbList\",\"@id\":\"https:\/\/denizcankizil.tr\/en\/haberler\/gundem\/sakarya-adarayda-odeme-kolayligi\/#breadcrumb\",\"itemListElement\":[{\"@type\":\"ListItem\",\"position\":1,\"name\":\"Home\",\"item\":\"https:\/\/denizcankizil.tr\/de\/\"},{\"@type\":\"ListItem\",\"position\":2,\"name\":\"Sakarya ADARAY&#8217;da \u00f6deme kolayl\u0131\u011f\u0131\"}]},{\"@type\":\"WebSite\",\"@id\":\"https:\/\/denizcankizil.tr\/#website\",\"url\":\"https:\/\/denizcankizil.tr\/\",\"name\":\"Av. Deniz Can K\u0131z\u0131l\",\"description\":\"Avukat Deniz Can K\u0131z\u0131l Antalya Barosu\",\"publisher\":{\"@id\":\"https:\/\/denizcankizil.tr\/#organization\"},\"potentialAction\":[{\"@type\":\"SearchAction\",\"target\":{\"@type\":\"EntryPoint\",\"urlTemplate\":\"https:\/\/denizcankizil.tr\/?s={search_term_string}\"},\"query-input\":{\"@type\":\"PropertyValueSpecification\",\"valueRequired\":true,\"valueName\":\"search_term_string\"}}],\"inLanguage\":\"en-GB\"},{\"@type\":\"Organization\",\"@id\":\"https:\/\/denizcankizil.tr\/#organization\",\"name\":\"Av. Deniz Can K\u0131z\u0131l\",\"url\":\"https:\/\/denizcankizil.tr\/\",\"logo\":{\"@type\":\"ImageObject\",\"inLanguage\":\"en-GB\",\"@id\":\"https:\/\/denizcankizil.tr\/#\/schema\/logo\/image\/\",\"url\":\"https:\/\/denizcankizil.tr\/wp-content\/uploads\/2024\/10\/siyah-logo-svg.svg\",\"contentUrl\":\"https:\/\/denizcankizil.tr\/wp-content\/uploads\/2024\/10\/siyah-logo-svg.svg\",\"width\":1080,\"height\":1080,\"caption\":\"Av. Deniz Can K\u0131z\u0131l\"},\"image\":{\"@id\":\"https:\/\/denizcankizil.tr\/#\/schema\/logo\/image\/\"}}]}<\/script>\n<!-- \/ Yoast SEO Premium plugin. -->","yoast_head_json":{"title":"Sakarya ADARAY'da \u00f6deme kolayl\u0131\u011f\u0131 - Av. Deniz Can K\u0131z\u0131l","robots":{"index":"index","follow":"follow","max-snippet":"max-snippet:-1","max-image-preview":"max-image-preview:large","max-video-preview":"max-video-preview:-1"},"canonical":"https:\/\/denizcankizil.tr\/en\/haberler\/gundem\/sakarya-adarayda-odeme-kolayligi\/","og_locale":"en_GB","og_type":"article","og_title":"Sakarya ADARAY'da \u00f6deme kolayl\u0131\u011f\u0131","og_description":"Sakarya B\u00fcy\u00fck\u015fehir Belediyesi, 29 Ekim Cumhuriyet Bayram\u0131\u2019nda hizmete girecek ADARAY i\u00e7in bir\u00e7ok se\u00e7ene\u011fi aktif ederek, kullan\u0131c\u0131lara \u00f6deme kolayl\u0131\u011f\u0131 sundu.SAKARYA (\u0130GFA) &#8211; \u00a0 Sakaryal\u0131lar, \u00e7ok \u00e7e\u015fitli \u00f6deme se\u00e7enekleriyle kullanabilecek. Kart54\u2019\u00fcn yan\u0131 s\u0131ra sanal kart, kredi ve banka kartlar\u0131 da trende \u00f6deme i\u00e7in aktif edildi. Sakaryal\u0131lar Adapazar\u0131-Arifiye aras\u0131ndaki ula\u015f\u0131m\u0131 15 dakikaya indirecek ADARAY\u2019da \u00e7ok \u00e7e\u015fitli \u00f6deme se\u00e7eneklerine sahip olacak. Ula\u015f\u0131mda \u00f6deme se\u00e7enekleri \u00e7e\u015fitlendirildi, \u00f6nemli bir eri\u015fim kolayl\u0131\u011f\u0131 sa\u011fland\u0131. ADARAY\u2019da toplu ta\u015f\u0131mada kullan\u0131lan Kart54 sistemi tan\u0131mlan\u0131rken, kart kullanmayan yolcular i\u00e7in ise \u2018SAKUSUla\u015f\u0131m\u2019 mobil uygulamas\u0131 \u00fczerinden olu\u015fturulan \u2018Sanal Kart\u2019 devreye al\u0131nd\u0131. Ayr\u0131ca bunun yan\u0131nda kredi kart veya banka kartlar\u0131yla \u00f6deme i\u00e7in de trenlere gerekli sistemler kurularak aktif edildi. Ula\u015f\u0131m Dairesi Ba\u015fkanl\u0131\u011f\u0131\u2019ndan yap\u0131lan a\u00e7\u0131klamada, \u201cVatanda\u015flar\u0131m\u0131z\u0131n ula\u015f\u0131m\u0131na kolayl\u0131k ve g\u00fcven getirmek, ula\u015f\u0131m\u0131 b\u00fct\u00fcnc\u00fcl bir bak\u0131\u015f a\u00e7\u0131s\u0131yla ele alarak konforlu bir hizmet sunmak i\u00e7in kararl\u0131l\u0131kla \u00e7al\u0131\u015f\u0131yoruz. Artan yolcu say\u0131s\u0131 ve Kart54 talebi, toplu ta\u015f\u0131ma ara\u00e7lar\u0131m\u0131za duyulan ilgiyi g\u00f6steriyor. 2024 y\u0131l\u0131nda filomuza katt\u0131\u011f\u0131m\u0131z yeni ara\u00e7lar ve ADARAY hatt\u0131 ile \u015fehir i\u00e7i ula\u015f\u0131mda kaliteyi art\u0131r\u0131yoruz. Bu do\u011frultuda yolcu memnuniyetini sa\u011flayacak yeni uygulamalar\u0131 hayata ge\u00e7irmeye devam edece\u011fiz\u201d dedi. \u200bSakarya B\u00fcy\u00fck\u015fehir Belediyesi, 29 Ekim Cumhuriyet Bayram\u0131\u2019nda hizmete girecek ADARAY i\u00e7in bir\u00e7ok se\u00e7ene\u011fi aktif ederek, kullan\u0131c\u0131lara \u00f6deme kolayl\u0131\u011f\u0131 sundu\u00a0 \u200bHaberin Al\u0131nt\u0131land\u0131\u011f\u0131 Kaynak: www.iskenderun.org","og_url":"https:\/\/denizcankizil.tr\/en\/haberler\/gundem\/sakarya-adarayda-odeme-kolayligi\/","og_site_name":"Av. Deniz Can K\u0131z\u0131l","article_published_time":"2024-10-29T17:43:02+00:00","twitter_card":"summary_large_image","twitter_misc":{"Estimated reading time":"1 minute"},"schema":{"@context":"https:\/\/schema.org","@graph":[{"@type":"Article","@id":"https:\/\/denizcankizil.tr\/en\/haberler\/gundem\/sakarya-adarayda-odeme-kolayligi\/#article","isPartOf":{"@id":"https:\/\/denizcankizil.tr\/en\/haberler\/gundem\/sakarya-adarayda-odeme-kolayligi\/"},"author":{"name":"","@id":""},"headline":"Sakarya ADARAY&#8217;da \u00f6deme kolayl\u0131\u011f\u0131","datePublished":"2024-10-29T17:43:02+00:00","mainEntityOfPage":{"@id":"https:\/\/denizcankizil.tr\/en\/haberler\/gundem\/sakarya-adarayda-odeme-kolayligi\/"},"wordCount":289,"commentCount":0,"publisher":{"@id":"https:\/\/denizcankizil.tr\/#organization"},"articleSection":["G\u00fcndem","Uncategorized"],"inLanguage":"en-GB","potentialAction":[{"@type":"CommentAction","name":"Comment","target":["https:\/\/denizcankizil.tr\/en\/haberler\/gundem\/sakarya-adarayda-odeme-kolayligi\/#respond"]}]},{"@type":"WebPage","@id":"https:\/\/denizcankizil.tr\/en\/haberler\/gundem\/sakarya-adarayda-odeme-kolayligi\/","url":"https:\/\/denizcankizil.tr\/en\/haberler\/gundem\/sakarya-adarayda-odeme-kolayligi\/","name":"Sakarya ADARAY'da \u00f6deme kolayl\u0131\u011f\u0131 - Av. Deniz Can K\u0131z\u0131l","isPartOf":{"@id":"https:\/\/denizcankizil.tr\/#website"},"datePublished":"2024-10-29T17:43:02+00:00","breadcrumb":{"@id":"https:\/\/denizcankizil.tr\/en\/haberler\/gundem\/sakarya-adarayda-odeme-kolayligi\/#breadcrumb"},"inLanguage":"en-GB","potentialAction":[{"@type":"ReadAction","target":["https:\/\/denizcankizil.tr\/en\/haberler\/gundem\/sakarya-adarayda-odeme-kolayligi\/"]}]},{"@type":"BreadcrumbList","@id":"https:\/\/denizcankizil.tr\/en\/haberler\/gundem\/sakarya-adarayda-odeme-kolayligi\/#breadcrumb","itemListElement":[{"@type":"ListItem","position":1,"name":"Home","item":"https:\/\/denizcankizil.tr\/de\/"},{"@type":"ListItem","position":2,"name":"Sakarya ADARAY&#8217;da \u00f6deme kolayl\u0131\u011f\u0131"}]},{"@type":"WebSite","@id":"https:\/\/denizcankizil.tr\/#website","url":"https:\/\/denizcankizil.tr\/","name":"Av. Deniz Can K\u0131z\u0131l","description":"Avukat Deniz Can K\u0131z\u0131l Antalya Barosu","publisher":{"@id":"https:\/\/denizcankizil.tr\/#organization"},"potentialAction":[{"@type":"SearchAction","target":{"@type":"EntryPoint","urlTemplate":"https:\/\/denizcankizil.tr\/?s={search_term_string}"},"query-input":{"@type":"PropertyValueSpecification","valueRequired":true,"valueName":"search_term_string"}}],"inLanguage":"en-GB"},{"@type":"Organization","@id":"https:\/\/denizcankizil.tr\/#organization","name":"Av. Deniz Can K\u0131z\u0131l","url":"https:\/\/denizcankizil.tr\/","logo":{"@type":"ImageObject","inLanguage":"en-GB","@id":"https:\/\/denizcankizil.tr\/#\/schema\/logo\/image\/","url":"https:\/\/denizcankizil.tr\/wp-content\/uploads\/2024\/10\/siyah-logo-svg.svg","contentUrl":"https:\/\/denizcankizil.tr\/wp-content\/uploads\/2024\/10\/siyah-logo-svg.svg","width":1080,"height":1080,"caption":"Av. Deniz Can K\u0131z\u0131l"},"image":{"@id":"https:\/\/denizcankizil.tr\/#\/schema\/logo\/image\/"}}]}},"_links":{"self":[{"href":"https:\/\/denizcankizil.tr\/en\/wp-json\/wp\/v2\/posts\/10070","targetHints":{"allow":["GET"]}}],"collection":[{"href":"https:\/\/denizcankizil.tr\/en\/wp-json\/wp\/v2\/posts"}],"about":[{"href":"https:\/\/denizcankizil.tr\/en\/wp-json\/wp\/v2\/types\/post"}],"replies":[{"embeddable":true,"href":"https:\/\/denizcankizil.tr\/en\/wp-json\/wp\/v2\/comments?post=10070"}],"version-history":[{"count":0,"href":"https:\/\/denizcankizil.tr\/en\/wp-json\/wp\/v2\/posts\/10070\/revisions"}],"wp:attachment":[{"href":"https:\/\/denizcankizil.tr\/en\/wp-json\/wp\/v2\/media?parent=10070"}],"wp:term":[{"taxonomy":"category","embeddable":true,"href":"https:\/\/denizcankizil.tr\/en\/wp-json\/wp\/v2\/categories?post=10070"},{"taxonomy":"post_tag","embeddable":true,"href":"https:\/\/denizcankizil.tr\/en\/wp-json\/wp\/v2\/tags?post=10070"}],"curies":[{"name":"wp","href":"https:\/\/api.w.org\/{rel}","templated":true}]}}