{"id":10052,"date":"2024-10-29T20:42:54","date_gmt":"2024-10-29T17:42:54","guid":{"rendered":"https:\/\/denizcankizil.tr\/uncategorized-tr\/hdp-eski-milletvekili-ferhat-encu-yine-bildiginiz-gibi-cumhuriyeti-hedef-aldi\/"},"modified":"2024-10-29T20:42:54","modified_gmt":"2024-10-29T17:42:54","slug":"hdp-eski-milletvekili-ferhat-encu-yine-bildiginiz-gibi-cumhuriyeti-hedef-aldi","status":"publish","type":"post","link":"https:\/\/denizcankizil.tr\/en\/haberler\/gundem\/hdp-eski-milletvekili-ferhat-encu-yine-bildiginiz-gibi-cumhuriyeti-hedef-aldi\/","title":{"rendered":"HDP Eski Milletvekili Ferhat Enc\u00fc, yine bildi\u011finiz gibi! Cumhuriyet&#8217;i hedef ald\u0131"},"content":{"rendered":"<p>T\u00fcrkiye Cumhuriyeti&#8217;nin 101&#8217;inci kurulu\u015f y\u0131l d\u00f6n\u00fcm\u00fc t\u00fcm yurtta co\u015fkulu \u015fekilde kutlanmaya devam ederken, yurt d\u0131\u015f\u0131nda ya\u015fayan HDP Eski Milletvekili Ferhat \u00d6nc\u00fc, yine T\u00fcrkiye Cumhuriyeti&#8217;ni hedef alan bir mesaj yay\u0131nlad\u0131. K\u00fcrtlere kar\u015f\u0131 inkar ve imha politikas\u0131 g\u00fcd\u00fcld\u00fc\u011f\u00fcne i\u015faret eden \u00d6nc\u00fc, T\u00fcrkiye&#8217;nin temel de\u011ferlerini olu\u015fturan Cumhuriyet rejimini reddeden bir payla\u015f\u0131ma imza att\u0131.\u00a0<\/p>\n<p>\u201cCUMHUR\u0130YET DE\u011e\u0130LD\u0130R\u201d<\/p>\n<p>25 ve 26. d\u00f6nem HDP \u015e\u0131rnak Milletvekili olarak TBMM&#8217;ye giren \u00d6nc\u00fc, resmi sosyal medya hesab\u0131 Twitter (X) arac\u0131l\u0131\u011f\u0131yla zaman zaman K\u00fcrt siyasal harekat\u0131 ve T\u00fcrkiye Cumhuriyeti ile ilgili payla\u015f\u0131mlara imza at\u0131yor. Cumhuriyet&#8217;in 101&#8217;inci y\u0131l d\u00f6n\u00f6m\u00fc kutlamalar\u0131n\u0131n T\u00fcrkiye, Kuzey K\u0131br\u0131s T\u00fcrk Cumhuriyeti ve T\u00fcrkiye&#8217;nin yurt d\u0131\u015f\u0131 temsilciliklerinde kutland\u0131\u011f\u0131 bir d\u00f6nemde yine dikkat \u00e7eken bir payla\u015f\u0131m yapan Ferhat \u00d6nc\u00fc,\u00a0 \u201cK\u00fcrd\u00fcn inkar\u0131 ve imhas\u0131 \u00fczerine kurulmu\u015f Cumhuriyet&#8217;iniz Cumhuriyet de\u011fildir\u201d ifadelerini kulland\u0131. \u00d6nc\u00fc, bu payla\u015f\u0131m\u0131 yapt\u0131ktan sonra sosyal medyada k\u0131sa s\u00fcrede b\u00fcy\u00fck bir tepki olu\u015ftu.\u00a0<\/p>\n<p>\u201cB\u0130J\u0130 PORTEK\u0130Z\u201d MESAJI TEPK\u0130 \u00c7EKM\u0130\u015eT\u0130\u00a0<\/p>\n<p>Ferhat \u00d6nc\u00fc, A Milli Futbol Tak\u0131m\u0131\u2019n\u0131n son Avrupa Futbol \u015eampiyonas\u0131&#8217;nda Portekiz&#8217;e 3-0 ma\u011flup oldu\u011fu ma\u00e7tan sonra yapt\u0131\u011f\u0131 payla\u015f\u0131m ile dikkat \u00e7ekmi\u015fti.\u00a0 \u00d6nc\u00fc, o ma\u00e7tan sonra Portekiz&#8217;i tebrik ederek, &#8220;Bij\u00ee Port\u00eekez\u2026 (Ya\u015fa Portekiz)&#8221; mesajlar\u0131 ile T\u00fcrkiye&#8217;nin ma\u011flup olmas\u0131na sevindi\u011fini ortaya sermekten ka\u00e7\u0131nmam\u0131\u015ft\u0131.<\/p>\n<p>FERHAT \u00d6NC\u00dc, ULUDERE OLAYINDA YAKINLARINI KAYBETM\u0130\u015eT\u0130\u00a0<\/p>\n<p>\u015e\u0131rnak&#8217;\u0131n Uludere k\u0131rsal\u0131nda ter\u00f6r \u00f6rg\u00fct\u00fc \u00fcyelerinin s\u0131n\u0131rdan ge\u00e7ece\u011fine ili\u015fkin istihbarat \u00fczerine 28 Aral\u0131k 2011 ak\u015fam\u0131\u00a0 hava bombard\u0131man\u0131 yap\u0131lm\u0131\u015f ve 34 ki\u015fi hayat\u0131n\u0131 kaybetmi\u015fti. Vahim olaydan sonra yap\u0131lan incelemede bombalanan b\u00f6lgeden ge\u00e7en insanlar\u0131n o b\u00f6lgede ka\u00e7ak\u00e7\u0131l\u0131k yapan k\u00f6yl\u00fcler oldu\u011fu ortaya \u00e7\u0131km\u0131\u015ft\u0131.\u00a0 Olayda hayat\u0131n\u0131 kaybeden 34 ki\u015fiden 11&#8217;inin yak\u0131n\u0131 olan Ferhat \u00d6nc\u00fc ise 7 Haziran 2015&#8217;te ve tekrarlanan 3 Kas\u0131m 2015 se\u00e7imlerinde TBMM&#8217;ye girmi\u015f ancak yapt\u0131\u011f\u0131 konu\u015fmalar ve faaliyetleri sonucu hapse girip \u00e7\u0131kt\u0131ktan sonra yurt d\u0131\u015f\u0131na \u00e7\u0131km\u0131\u015ft\u0131. \u00d6nc\u00fc, yurt d\u0131\u015f\u0131nda da faaliyetlerine devam ederken zaman zaman yapt\u0131\u011f\u0131 payla\u015f\u0131mlarla T\u00fcrkiye Cumhuriyeti devletini hedef alan a\u00e7\u0131klamalara imza at\u0131yor.\u00a0<br \/>\n\u00a0<\/p>\n<p>\u200bT\u00fcm yurtta 29 Ekim Cumhuriyet Bayram\u0131 kutlamalar\u0131 s\u00fcrerken, 25 ve 26. d\u00f6nem HDP \u015e\u0131rnak Milletvekili Ferhat Enc\u00fc, yine T\u00fcrkiye Cumhuriyeti&#8217;ni hedef alan bir payla\u015f\u0131m yapt\u0131. Enc\u00fc daha \u00f6nce de A Milli Futbol Tak\u0131m\u0131&#8217;n\u0131n yenildi\u011fi Portekiz&#8217;i tebrik mesaj\u0131 yay\u0131nlamas\u0131 ile g\u00fcndeme gelmi\u015fti&#8230;\u00a0<\/p>\n<p>\u200bHaberin Al\u0131nt\u0131land\u0131\u011f\u0131 Kaynak: www.antalyakorfez.com<\/p>","protected":false},"excerpt":{"rendered":"<p>T\u00fcrkiye Cumhuriyeti&#8217;nin 101&#8217;inci kurulu\u015f y\u0131l d\u00f6n\u00fcm\u00fc t\u00fcm yurtta co\u015fkulu \u015fekilde kutlanmaya devam ederken, yurt d\u0131\u015f\u0131nda ya\u015fayan HDP Eski Milletvekili Ferhat \u00d6nc\u00fc, yine T\u00fcrkiye Cumhuriyeti&#8217;ni hedef alan bir mesaj yay\u0131nlad\u0131. K\u00fcrtlere kar\u015f\u0131 inkar ve imha politikas\u0131 g\u00fcd\u00fcld\u00fc\u011f\u00fcne i\u015faret eden \u00d6nc\u00fc, T\u00fcrkiye&#8217;nin temel de\u011ferlerini olu\u015fturan Cumhuriyet rejimini reddeden bir payla\u015f\u0131ma imza att\u0131.\u00a0 \u201cCUMHUR\u0130YET DE\u011e\u0130LD\u0130R\u201d 25 ve 26. d\u00f6nem HDP \u015e\u0131rnak Milletvekili olarak TBMM&#8217;ye giren \u00d6nc\u00fc, resmi sosyal medya hesab\u0131 Twitter (X) arac\u0131l\u0131\u011f\u0131yla zaman zaman K\u00fcrt siyasal harekat\u0131 ve T\u00fcrkiye Cumhuriyeti ile ilgili payla\u015f\u0131mlara imza at\u0131yor. Cumhuriyet&#8217;in 101&#8217;inci y\u0131l d\u00f6n\u00f6m\u00fc kutlamalar\u0131n\u0131n T\u00fcrkiye, Kuzey K\u0131br\u0131s T\u00fcrk Cumhuriyeti ve T\u00fcrkiye&#8217;nin yurt d\u0131\u015f\u0131 temsilciliklerinde kutland\u0131\u011f\u0131 bir d\u00f6nemde yine dikkat \u00e7eken bir payla\u015f\u0131m yapan Ferhat \u00d6nc\u00fc,\u00a0 \u201cK\u00fcrd\u00fcn inkar\u0131 ve imhas\u0131 \u00fczerine kurulmu\u015f Cumhuriyet&#8217;iniz Cumhuriyet de\u011fildir\u201d ifadelerini kulland\u0131. \u00d6nc\u00fc, bu payla\u015f\u0131m\u0131 yapt\u0131ktan sonra sosyal medyada k\u0131sa s\u00fcrede b\u00fcy\u00fck bir tepki olu\u015ftu.\u00a0 \u201cB\u0130J\u0130 PORTEK\u0130Z\u201d MESAJI TEPK\u0130 \u00c7EKM\u0130\u015eT\u0130\u00a0 Ferhat \u00d6nc\u00fc, A Milli Futbol Tak\u0131m\u0131\u2019n\u0131n son Avrupa Futbol \u015eampiyonas\u0131&#8217;nda Portekiz&#8217;e 3-0 ma\u011flup oldu\u011fu ma\u00e7tan sonra yapt\u0131\u011f\u0131 payla\u015f\u0131m ile dikkat \u00e7ekmi\u015fti.\u00a0 \u00d6nc\u00fc, o ma\u00e7tan sonra Portekiz&#8217;i tebrik ederek, &#8220;Bij\u00ee Port\u00eekez\u2026 (Ya\u015fa Portekiz)&#8221; mesajlar\u0131 ile T\u00fcrkiye&#8217;nin ma\u011flup olmas\u0131na sevindi\u011fini ortaya sermekten ka\u00e7\u0131nmam\u0131\u015ft\u0131. FERHAT \u00d6NC\u00dc, ULUDERE OLAYINDA YAKINLARINI KAYBETM\u0130\u015eT\u0130\u00a0 \u015e\u0131rnak&#8217;\u0131n Uludere k\u0131rsal\u0131nda ter\u00f6r \u00f6rg\u00fct\u00fc \u00fcyelerinin s\u0131n\u0131rdan ge\u00e7ece\u011fine ili\u015fkin istihbarat \u00fczerine 28 Aral\u0131k 2011 ak\u015fam\u0131\u00a0 &hellip;<\/p>","protected":false},"author":0,"featured_media":0,"comment_status":"open","ping_status":"open","sticky":false,"template":"","format":"standard","meta":{"_acf_changed":false,"footnotes":""},"categories":[24,535],"tags":[],"class_list":["post-10052","post","type-post","status-publish","format-standard","has-post-thumbnail","hentry","category-gundem","category-uncategorized-tr"],"acf":[],"yoast_head":"<!-- This site is optimized with the Yoast SEO Premium plugin v26.6 (Yoast SEO v27.1.1) - https:\/\/yoast.com\/product\/yoast-seo-premium-wordpress\/ -->\n<title>HDP Eski Milletvekili Ferhat Enc\u00fc, yine bildi\u011finiz gibi! Cumhuriyet&#039;i hedef ald\u0131 - Av. Deniz Can K\u0131z\u0131l<\/title>\n<meta name=\"robots\" content=\"index, follow, max-snippet:-1, max-image-preview:large, max-video-preview:-1\" \/>\n<link rel=\"canonical\" href=\"https:\/\/denizcankizil.tr\/en\/haberler\/gundem\/hdp-eski-milletvekili-ferhat-encu-yine-bildiginiz-gibi-cumhuriyeti-hedef-aldi\/\" \/>\n<meta property=\"og:locale\" content=\"en_GB\" \/>\n<meta property=\"og:type\" content=\"article\" \/>\n<meta property=\"og:title\" content=\"HDP Eski Milletvekili Ferhat Enc\u00fc, yine bildi\u011finiz gibi! Cumhuriyet&#039;i hedef ald\u0131\" \/>\n<meta property=\"og:description\" content=\"T\u00fcrkiye Cumhuriyeti&#8217;nin 101&#8217;inci kurulu\u015f y\u0131l d\u00f6n\u00fcm\u00fc t\u00fcm yurtta co\u015fkulu \u015fekilde kutlanmaya devam ederken, yurt d\u0131\u015f\u0131nda ya\u015fayan HDP Eski Milletvekili Ferhat \u00d6nc\u00fc, yine T\u00fcrkiye Cumhuriyeti&#8217;ni hedef alan bir mesaj yay\u0131nlad\u0131. K\u00fcrtlere kar\u015f\u0131 inkar ve imha politikas\u0131 g\u00fcd\u00fcld\u00fc\u011f\u00fcne i\u015faret eden \u00d6nc\u00fc, T\u00fcrkiye&#8217;nin temel de\u011ferlerini olu\u015fturan Cumhuriyet rejimini reddeden bir payla\u015f\u0131ma imza att\u0131.\u00a0 \u201cCUMHUR\u0130YET DE\u011e\u0130LD\u0130R\u201d 25 ve 26. d\u00f6nem HDP \u015e\u0131rnak Milletvekili olarak TBMM&#8217;ye giren \u00d6nc\u00fc, resmi sosyal medya hesab\u0131 Twitter (X) arac\u0131l\u0131\u011f\u0131yla zaman zaman K\u00fcrt siyasal harekat\u0131 ve T\u00fcrkiye Cumhuriyeti ile ilgili payla\u015f\u0131mlara imza at\u0131yor. Cumhuriyet&#8217;in 101&#8217;inci y\u0131l d\u00f6n\u00f6m\u00fc kutlamalar\u0131n\u0131n T\u00fcrkiye, Kuzey K\u0131br\u0131s T\u00fcrk Cumhuriyeti ve T\u00fcrkiye&#8217;nin yurt d\u0131\u015f\u0131 temsilciliklerinde kutland\u0131\u011f\u0131 bir d\u00f6nemde yine dikkat \u00e7eken bir payla\u015f\u0131m yapan Ferhat \u00d6nc\u00fc,\u00a0 \u201cK\u00fcrd\u00fcn inkar\u0131 ve imhas\u0131 \u00fczerine kurulmu\u015f Cumhuriyet&#8217;iniz Cumhuriyet de\u011fildir\u201d ifadelerini kulland\u0131. \u00d6nc\u00fc, bu payla\u015f\u0131m\u0131 yapt\u0131ktan sonra sosyal medyada k\u0131sa s\u00fcrede b\u00fcy\u00fck bir tepki olu\u015ftu.\u00a0 \u201cB\u0130J\u0130 PORTEK\u0130Z\u201d MESAJI TEPK\u0130 \u00c7EKM\u0130\u015eT\u0130\u00a0 Ferhat \u00d6nc\u00fc, A Milli Futbol Tak\u0131m\u0131\u2019n\u0131n son Avrupa Futbol \u015eampiyonas\u0131&#8217;nda Portekiz&#8217;e 3-0 ma\u011flup oldu\u011fu ma\u00e7tan sonra yapt\u0131\u011f\u0131 payla\u015f\u0131m ile dikkat \u00e7ekmi\u015fti.\u00a0 \u00d6nc\u00fc, o ma\u00e7tan sonra Portekiz&#8217;i tebrik ederek, &#8220;Bij\u00ee Port\u00eekez\u2026 (Ya\u015fa Portekiz)&#8221; mesajlar\u0131 ile T\u00fcrkiye&#8217;nin ma\u011flup olmas\u0131na sevindi\u011fini ortaya sermekten ka\u00e7\u0131nmam\u0131\u015ft\u0131. FERHAT \u00d6NC\u00dc, ULUDERE OLAYINDA YAKINLARINI KAYBETM\u0130\u015eT\u0130\u00a0 \u015e\u0131rnak&#8217;\u0131n Uludere k\u0131rsal\u0131nda ter\u00f6r \u00f6rg\u00fct\u00fc \u00fcyelerinin s\u0131n\u0131rdan ge\u00e7ece\u011fine ili\u015fkin istihbarat \u00fczerine 28 Aral\u0131k 2011 ak\u015fam\u0131\u00a0 &hellip;\" \/>\n<meta property=\"og:url\" content=\"https:\/\/denizcankizil.tr\/en\/haberler\/gundem\/hdp-eski-milletvekili-ferhat-encu-yine-bildiginiz-gibi-cumhuriyeti-hedef-aldi\/\" \/>\n<meta property=\"og:site_name\" content=\"Av. Deniz Can K\u0131z\u0131l\" \/>\n<meta property=\"article:published_time\" content=\"2024-10-29T17:42:54+00:00\" \/>\n<meta name=\"twitter:card\" content=\"summary_large_image\" \/>\n<meta name=\"twitter:label1\" content=\"Estimated reading time\" \/>\n\t<meta name=\"twitter:data1\" content=\"2 minutes\" \/>\n<script type=\"application\/ld+json\" class=\"yoast-schema-graph\">{\"@context\":\"https:\/\/schema.org\",\"@graph\":[{\"@type\":\"Article\",\"@id\":\"https:\/\/denizcankizil.tr\/en\/haberler\/gundem\/hdp-eski-milletvekili-ferhat-encu-yine-bildiginiz-gibi-cumhuriyeti-hedef-aldi\/#article\",\"isPartOf\":{\"@id\":\"https:\/\/denizcankizil.tr\/en\/haberler\/gundem\/hdp-eski-milletvekili-ferhat-encu-yine-bildiginiz-gibi-cumhuriyeti-hedef-aldi\/\"},\"author\":{\"name\":\"\",\"@id\":\"\"},\"headline\":\"HDP Eski Milletvekili Ferhat Enc\u00fc, yine bildi\u011finiz gibi! Cumhuriyet&#8217;i hedef ald\u0131\",\"datePublished\":\"2024-10-29T17:42:54+00:00\",\"mainEntityOfPage\":{\"@id\":\"https:\/\/denizcankizil.tr\/en\/haberler\/gundem\/hdp-eski-milletvekili-ferhat-encu-yine-bildiginiz-gibi-cumhuriyeti-hedef-aldi\/\"},\"wordCount\":470,\"commentCount\":0,\"publisher\":{\"@id\":\"https:\/\/denizcankizil.tr\/#organization\"},\"articleSection\":[\"G\u00fcndem\",\"Uncategorized\"],\"inLanguage\":\"en-GB\",\"potentialAction\":[{\"@type\":\"CommentAction\",\"name\":\"Comment\",\"target\":[\"https:\/\/denizcankizil.tr\/en\/haberler\/gundem\/hdp-eski-milletvekili-ferhat-encu-yine-bildiginiz-gibi-cumhuriyeti-hedef-aldi\/#respond\"]}]},{\"@type\":\"WebPage\",\"@id\":\"https:\/\/denizcankizil.tr\/en\/haberler\/gundem\/hdp-eski-milletvekili-ferhat-encu-yine-bildiginiz-gibi-cumhuriyeti-hedef-aldi\/\",\"url\":\"https:\/\/denizcankizil.tr\/en\/haberler\/gundem\/hdp-eski-milletvekili-ferhat-encu-yine-bildiginiz-gibi-cumhuriyeti-hedef-aldi\/\",\"name\":\"HDP Eski Milletvekili Ferhat Enc\u00fc, yine bildi\u011finiz gibi! Cumhuriyet'i hedef ald\u0131 - Av. Deniz Can K\u0131z\u0131l\",\"isPartOf\":{\"@id\":\"https:\/\/denizcankizil.tr\/#website\"},\"datePublished\":\"2024-10-29T17:42:54+00:00\",\"breadcrumb\":{\"@id\":\"https:\/\/denizcankizil.tr\/en\/haberler\/gundem\/hdp-eski-milletvekili-ferhat-encu-yine-bildiginiz-gibi-cumhuriyeti-hedef-aldi\/#breadcrumb\"},\"inLanguage\":\"en-GB\",\"potentialAction\":[{\"@type\":\"ReadAction\",\"target\":[\"https:\/\/denizcankizil.tr\/en\/haberler\/gundem\/hdp-eski-milletvekili-ferhat-encu-yine-bildiginiz-gibi-cumhuriyeti-hedef-aldi\/\"]}]},{\"@type\":\"BreadcrumbList\",\"@id\":\"https:\/\/denizcankizil.tr\/en\/haberler\/gundem\/hdp-eski-milletvekili-ferhat-encu-yine-bildiginiz-gibi-cumhuriyeti-hedef-aldi\/#breadcrumb\",\"itemListElement\":[{\"@type\":\"ListItem\",\"position\":1,\"name\":\"Home\",\"item\":\"https:\/\/denizcankizil.tr\/de\/\"},{\"@type\":\"ListItem\",\"position\":2,\"name\":\"HDP Eski Milletvekili Ferhat Enc\u00fc, yine bildi\u011finiz gibi! Cumhuriyet&#8217;i hedef ald\u0131\"}]},{\"@type\":\"WebSite\",\"@id\":\"https:\/\/denizcankizil.tr\/#website\",\"url\":\"https:\/\/denizcankizil.tr\/\",\"name\":\"Av. Deniz Can K\u0131z\u0131l\",\"description\":\"Avukat Deniz Can K\u0131z\u0131l Antalya Barosu\",\"publisher\":{\"@id\":\"https:\/\/denizcankizil.tr\/#organization\"},\"potentialAction\":[{\"@type\":\"SearchAction\",\"target\":{\"@type\":\"EntryPoint\",\"urlTemplate\":\"https:\/\/denizcankizil.tr\/?s={search_term_string}\"},\"query-input\":{\"@type\":\"PropertyValueSpecification\",\"valueRequired\":true,\"valueName\":\"search_term_string\"}}],\"inLanguage\":\"en-GB\"},{\"@type\":\"Organization\",\"@id\":\"https:\/\/denizcankizil.tr\/#organization\",\"name\":\"Av. Deniz Can K\u0131z\u0131l\",\"url\":\"https:\/\/denizcankizil.tr\/\",\"logo\":{\"@type\":\"ImageObject\",\"inLanguage\":\"en-GB\",\"@id\":\"https:\/\/denizcankizil.tr\/#\/schema\/logo\/image\/\",\"url\":\"https:\/\/denizcankizil.tr\/wp-content\/uploads\/2024\/10\/siyah-logo-svg.svg\",\"contentUrl\":\"https:\/\/denizcankizil.tr\/wp-content\/uploads\/2024\/10\/siyah-logo-svg.svg\",\"width\":1080,\"height\":1080,\"caption\":\"Av. Deniz Can K\u0131z\u0131l\"},\"image\":{\"@id\":\"https:\/\/denizcankizil.tr\/#\/schema\/logo\/image\/\"}}]}<\/script>\n<!-- \/ Yoast SEO Premium plugin. -->","yoast_head_json":{"title":"HDP Eski Milletvekili Ferhat Enc\u00fc, yine bildi\u011finiz gibi! Cumhuriyet'i hedef ald\u0131 - Av. Deniz Can K\u0131z\u0131l","robots":{"index":"index","follow":"follow","max-snippet":"max-snippet:-1","max-image-preview":"max-image-preview:large","max-video-preview":"max-video-preview:-1"},"canonical":"https:\/\/denizcankizil.tr\/en\/haberler\/gundem\/hdp-eski-milletvekili-ferhat-encu-yine-bildiginiz-gibi-cumhuriyeti-hedef-aldi\/","og_locale":"en_GB","og_type":"article","og_title":"HDP Eski Milletvekili Ferhat Enc\u00fc, yine bildi\u011finiz gibi! Cumhuriyet'i hedef ald\u0131","og_description":"T\u00fcrkiye Cumhuriyeti&#8217;nin 101&#8217;inci kurulu\u015f y\u0131l d\u00f6n\u00fcm\u00fc t\u00fcm yurtta co\u015fkulu \u015fekilde kutlanmaya devam ederken, yurt d\u0131\u015f\u0131nda ya\u015fayan HDP Eski Milletvekili Ferhat \u00d6nc\u00fc, yine T\u00fcrkiye Cumhuriyeti&#8217;ni hedef alan bir mesaj yay\u0131nlad\u0131. K\u00fcrtlere kar\u015f\u0131 inkar ve imha politikas\u0131 g\u00fcd\u00fcld\u00fc\u011f\u00fcne i\u015faret eden \u00d6nc\u00fc, T\u00fcrkiye&#8217;nin temel de\u011ferlerini olu\u015fturan Cumhuriyet rejimini reddeden bir payla\u015f\u0131ma imza att\u0131.\u00a0 \u201cCUMHUR\u0130YET DE\u011e\u0130LD\u0130R\u201d 25 ve 26. d\u00f6nem HDP \u015e\u0131rnak Milletvekili olarak TBMM&#8217;ye giren \u00d6nc\u00fc, resmi sosyal medya hesab\u0131 Twitter (X) arac\u0131l\u0131\u011f\u0131yla zaman zaman K\u00fcrt siyasal harekat\u0131 ve T\u00fcrkiye Cumhuriyeti ile ilgili payla\u015f\u0131mlara imza at\u0131yor. Cumhuriyet&#8217;in 101&#8217;inci y\u0131l d\u00f6n\u00f6m\u00fc kutlamalar\u0131n\u0131n T\u00fcrkiye, Kuzey K\u0131br\u0131s T\u00fcrk Cumhuriyeti ve T\u00fcrkiye&#8217;nin yurt d\u0131\u015f\u0131 temsilciliklerinde kutland\u0131\u011f\u0131 bir d\u00f6nemde yine dikkat \u00e7eken bir payla\u015f\u0131m yapan Ferhat \u00d6nc\u00fc,\u00a0 \u201cK\u00fcrd\u00fcn inkar\u0131 ve imhas\u0131 \u00fczerine kurulmu\u015f Cumhuriyet&#8217;iniz Cumhuriyet de\u011fildir\u201d ifadelerini kulland\u0131. \u00d6nc\u00fc, bu payla\u015f\u0131m\u0131 yapt\u0131ktan sonra sosyal medyada k\u0131sa s\u00fcrede b\u00fcy\u00fck bir tepki olu\u015ftu.\u00a0 \u201cB\u0130J\u0130 PORTEK\u0130Z\u201d MESAJI TEPK\u0130 \u00c7EKM\u0130\u015eT\u0130\u00a0 Ferhat \u00d6nc\u00fc, A Milli Futbol Tak\u0131m\u0131\u2019n\u0131n son Avrupa Futbol \u015eampiyonas\u0131&#8217;nda Portekiz&#8217;e 3-0 ma\u011flup oldu\u011fu ma\u00e7tan sonra yapt\u0131\u011f\u0131 payla\u015f\u0131m ile dikkat \u00e7ekmi\u015fti.\u00a0 \u00d6nc\u00fc, o ma\u00e7tan sonra Portekiz&#8217;i tebrik ederek, &#8220;Bij\u00ee Port\u00eekez\u2026 (Ya\u015fa Portekiz)&#8221; mesajlar\u0131 ile T\u00fcrkiye&#8217;nin ma\u011flup olmas\u0131na sevindi\u011fini ortaya sermekten ka\u00e7\u0131nmam\u0131\u015ft\u0131. FERHAT \u00d6NC\u00dc, ULUDERE OLAYINDA YAKINLARINI KAYBETM\u0130\u015eT\u0130\u00a0 \u015e\u0131rnak&#8217;\u0131n Uludere k\u0131rsal\u0131nda ter\u00f6r \u00f6rg\u00fct\u00fc \u00fcyelerinin s\u0131n\u0131rdan ge\u00e7ece\u011fine ili\u015fkin istihbarat \u00fczerine 28 Aral\u0131k 2011 ak\u015fam\u0131\u00a0 &hellip;","og_url":"https:\/\/denizcankizil.tr\/en\/haberler\/gundem\/hdp-eski-milletvekili-ferhat-encu-yine-bildiginiz-gibi-cumhuriyeti-hedef-aldi\/","og_site_name":"Av. Deniz Can K\u0131z\u0131l","article_published_time":"2024-10-29T17:42:54+00:00","twitter_card":"summary_large_image","twitter_misc":{"Estimated reading time":"2 minutes"},"schema":{"@context":"https:\/\/schema.org","@graph":[{"@type":"Article","@id":"https:\/\/denizcankizil.tr\/en\/haberler\/gundem\/hdp-eski-milletvekili-ferhat-encu-yine-bildiginiz-gibi-cumhuriyeti-hedef-aldi\/#article","isPartOf":{"@id":"https:\/\/denizcankizil.tr\/en\/haberler\/gundem\/hdp-eski-milletvekili-ferhat-encu-yine-bildiginiz-gibi-cumhuriyeti-hedef-aldi\/"},"author":{"name":"","@id":""},"headline":"HDP Eski Milletvekili Ferhat Enc\u00fc, yine bildi\u011finiz gibi! Cumhuriyet&#8217;i hedef ald\u0131","datePublished":"2024-10-29T17:42:54+00:00","mainEntityOfPage":{"@id":"https:\/\/denizcankizil.tr\/en\/haberler\/gundem\/hdp-eski-milletvekili-ferhat-encu-yine-bildiginiz-gibi-cumhuriyeti-hedef-aldi\/"},"wordCount":470,"commentCount":0,"publisher":{"@id":"https:\/\/denizcankizil.tr\/#organization"},"articleSection":["G\u00fcndem","Uncategorized"],"inLanguage":"en-GB","potentialAction":[{"@type":"CommentAction","name":"Comment","target":["https:\/\/denizcankizil.tr\/en\/haberler\/gundem\/hdp-eski-milletvekili-ferhat-encu-yine-bildiginiz-gibi-cumhuriyeti-hedef-aldi\/#respond"]}]},{"@type":"WebPage","@id":"https:\/\/denizcankizil.tr\/en\/haberler\/gundem\/hdp-eski-milletvekili-ferhat-encu-yine-bildiginiz-gibi-cumhuriyeti-hedef-aldi\/","url":"https:\/\/denizcankizil.tr\/en\/haberler\/gundem\/hdp-eski-milletvekili-ferhat-encu-yine-bildiginiz-gibi-cumhuriyeti-hedef-aldi\/","name":"HDP Eski Milletvekili Ferhat Enc\u00fc, yine bildi\u011finiz gibi! Cumhuriyet'i hedef ald\u0131 - Av. Deniz Can K\u0131z\u0131l","isPartOf":{"@id":"https:\/\/denizcankizil.tr\/#website"},"datePublished":"2024-10-29T17:42:54+00:00","breadcrumb":{"@id":"https:\/\/denizcankizil.tr\/en\/haberler\/gundem\/hdp-eski-milletvekili-ferhat-encu-yine-bildiginiz-gibi-cumhuriyeti-hedef-aldi\/#breadcrumb"},"inLanguage":"en-GB","potentialAction":[{"@type":"ReadAction","target":["https:\/\/denizcankizil.tr\/en\/haberler\/gundem\/hdp-eski-milletvekili-ferhat-encu-yine-bildiginiz-gibi-cumhuriyeti-hedef-aldi\/"]}]},{"@type":"BreadcrumbList","@id":"https:\/\/denizcankizil.tr\/en\/haberler\/gundem\/hdp-eski-milletvekili-ferhat-encu-yine-bildiginiz-gibi-cumhuriyeti-hedef-aldi\/#breadcrumb","itemListElement":[{"@type":"ListItem","position":1,"name":"Home","item":"https:\/\/denizcankizil.tr\/de\/"},{"@type":"ListItem","position":2,"name":"HDP Eski Milletvekili Ferhat Enc\u00fc, yine bildi\u011finiz gibi! Cumhuriyet&#8217;i hedef ald\u0131"}]},{"@type":"WebSite","@id":"https:\/\/denizcankizil.tr\/#website","url":"https:\/\/denizcankizil.tr\/","name":"Av. Deniz Can K\u0131z\u0131l","description":"Avukat Deniz Can K\u0131z\u0131l Antalya Barosu","publisher":{"@id":"https:\/\/denizcankizil.tr\/#organization"},"potentialAction":[{"@type":"SearchAction","target":{"@type":"EntryPoint","urlTemplate":"https:\/\/denizcankizil.tr\/?s={search_term_string}"},"query-input":{"@type":"PropertyValueSpecification","valueRequired":true,"valueName":"search_term_string"}}],"inLanguage":"en-GB"},{"@type":"Organization","@id":"https:\/\/denizcankizil.tr\/#organization","name":"Av. Deniz Can K\u0131z\u0131l","url":"https:\/\/denizcankizil.tr\/","logo":{"@type":"ImageObject","inLanguage":"en-GB","@id":"https:\/\/denizcankizil.tr\/#\/schema\/logo\/image\/","url":"https:\/\/denizcankizil.tr\/wp-content\/uploads\/2024\/10\/siyah-logo-svg.svg","contentUrl":"https:\/\/denizcankizil.tr\/wp-content\/uploads\/2024\/10\/siyah-logo-svg.svg","width":1080,"height":1080,"caption":"Av. Deniz Can K\u0131z\u0131l"},"image":{"@id":"https:\/\/denizcankizil.tr\/#\/schema\/logo\/image\/"}}]}},"_links":{"self":[{"href":"https:\/\/denizcankizil.tr\/en\/wp-json\/wp\/v2\/posts\/10052","targetHints":{"allow":["GET"]}}],"collection":[{"href":"https:\/\/denizcankizil.tr\/en\/wp-json\/wp\/v2\/posts"}],"about":[{"href":"https:\/\/denizcankizil.tr\/en\/wp-json\/wp\/v2\/types\/post"}],"replies":[{"embeddable":true,"href":"https:\/\/denizcankizil.tr\/en\/wp-json\/wp\/v2\/comments?post=10052"}],"version-history":[{"count":0,"href":"https:\/\/denizcankizil.tr\/en\/wp-json\/wp\/v2\/posts\/10052\/revisions"}],"wp:attachment":[{"href":"https:\/\/denizcankizil.tr\/en\/wp-json\/wp\/v2\/media?parent=10052"}],"wp:term":[{"taxonomy":"category","embeddable":true,"href":"https:\/\/denizcankizil.tr\/en\/wp-json\/wp\/v2\/categories?post=10052"},{"taxonomy":"post_tag","embeddable":true,"href":"https:\/\/denizcankizil.tr\/en\/wp-json\/wp\/v2\/tags?post=10052"}],"curies":[{"name":"wp","href":"https:\/\/api.w.org\/{rel}","templated":true}]}}