{"id":99663,"date":"2025-05-28T17:41:35","date_gmt":"2025-05-28T14:41:35","guid":{"rendered":"https:\/\/denizcankizil.tr\/uncategorized-tr\/antalyada-taksi-ucretlerine-zam-yeni-indi-bindi-ucreti-150-tl-oldu\/"},"modified":"2025-05-28T17:41:35","modified_gmt":"2025-05-28T14:41:35","slug":"antalyada-taksi-ucretlerine-zam-yeni-indi-bindi-ucreti-150-tl-oldu","status":"publish","type":"post","link":"https:\/\/denizcankizil.tr\/de\/haberler\/gundem\/antalyada-taksi-ucretlerine-zam-yeni-indi-bindi-ucreti-150-tl-oldu\/","title":{"rendered":"Antalya\u2019da taksi \u00fccretlerine zam! Yeni indi bindi \u00fccreti 150 TL oldu"},"content":{"rendered":"<p>Antalya \u015eof\u00f6rler Odas\u0131 Ba\u015fkan\u0131 Mehmet Ali Alkan sosyal medya \u00fczerinden b\u00fct\u00fcn kenti ilgilendiren \u00f6nemli bir duyuruyu yay\u0131nlad\u0131. Alkan, yakla\u015fan Kurban Bayram\u0131 \u00f6ncesi uygulanmaya ba\u015flanacak olan yeni taksimetre \u00fccret tarifesini a\u00e7\u0131klad\u0131. A\u00e7\u0131klanan bu tarifeyle beraber taksimetre ve indi-bindi \u00fccretlerinde b\u00fcy\u00fck de\u011fi\u015fimler ya\u015fand\u0131.<\/p>\n<p>YEN\u0130 \u00dcCRET TAR\u0130FES\u0130 <\/p>\n<p>Alkan yapt\u0131\u011f\u0131 a\u00e7\u0131klamada taksimetre a\u00e7\u0131l\u0131\u015f \u00fccretinin 30 TL, kilometre \u00fccretinin ise 35 TL\u2019ye y\u00fckseldi\u011fini duyurdu. K\u0131sa mesafe indi-bindi \u00fccreti ise 150 TL olarak belirlendi. Yeni tarife, 30 May\u0131s 2025 Cuma g\u00fcn\u00fc uygulanmaya ba\u015flanacak.<\/p>\n<p>ODADAN YAPILAN A\u00c7IKLAMA <\/p>\n<p>Alkan sosyal medya \u00fczerinden yapt\u0131\u011f\u0131 a\u00e7\u0131klamada B\u00fcy\u00fck\u015fehir Belediye Ba\u015fkan\u0131 Muhittin B\u00f6cek\u2019e yard\u0131mlar\u0131 i\u00e7in te\u015fekk\u00fcr ederek, \u201cTaksimetre zam tarifemiz t\u00fcm esnaf\u0131m\u0131za hay\u0131rl\u0131 ve u\u011furlu olsun. Bu s\u00fcre\u00e7te desteklerini esirgemeyen B\u00fcy\u00fck\u015fehir Belediye Ba\u015fkan\u0131m\u0131z Say\u0131n Muhittin B\u00f6cek\u2019e, esnaf\u0131m\u0131z ve \u015fahs\u0131m ad\u0131na te\u015fekk\u00fcr ederim. Teta\u015f ve Atak marka taksimetreye sahip esnaf\u0131m\u0131z, 29 May\u0131s Per\u015fembe\u2019yi Cuma\u2019ya ba\u011flayan gece saat 00:00\u2019dan itibaren ge\u00e7erli olacak zaml\u0131 tarifelerini, Odam\u0131z\u0131n Taksimetre Birimi\u2019ne gelerek y\u00fckletebilirler. Alberen ve Desta\u015f marka taksimetreye sahip esnaf\u0131m\u0131z ise, Alt\u0131nova Yolu \u00fczerindeki Kaan Taksimetre\u2019de y\u00fckleme i\u015flemlerini yapt\u0131rabilirler. Uzaktan tarife g\u00fcncelleme sistemine sahip taksimetresi bulunan esnaf\u0131m\u0131z ise, ilgili firmalarla ileti\u015fime ge\u00e7melidir. T\u00fcm esnaf\u0131m\u0131za hay\u0131rl\u0131 i\u015fler, bol kazan\u00e7lar ve kazas\u0131z s\u00fcr\u00fc\u015fler dileriz\u201d dedi.<\/p>\n<p>ZAMMIN S\u0130NYAL\u0130 VER\u0130LM\u0130\u015eT\u0130 <\/p>\n<p>Mehmet Ali Alkan ge\u00e7ti\u011fimiz g\u00fcnlerde yapt\u0131\u011f\u0131 a\u00e7\u0131klamayla taksimetre \u00fccretlerine gelecek zamm\u0131n sinyalini vermi\u015fti. Alkan il\u00e7elerdeki \u015fof\u00f6rlerin para kazanamad\u0131\u011f\u0131n\u0131 belirterek, \u201c\u0130l\u00e7elerimizde \u00e7al\u0131\u015fan taksici esnaf\u0131m\u0131z \u00e7ok bir para kazanam\u0131yor. Bu nedenle turizm sezonu a\u00e7\u0131lmadan al\u0131nan zam karar\u0131n\u0131 do\u011fru buluyorum. Antalya merkezde \u00e7al\u0131\u015fan esnaf\u0131m\u0131z i\u00e7in ise zam belirleme \u00e7al\u0131\u015fmalar\u0131m\u0131z s\u00fcrecek. \u015eu an i\u00e7in s\u00f6yleyebilece\u011fimiz sadece bindi-indi \u00fccretinin 100 TL\u2019den 130 TL\u2019ye \u00e7\u0131kmas\u0131. Fakat biz oda y\u00f6netimi olarak zaml\u0131 tarifenin Kurban Bayram\u0131ndan \u00f6nce uygulanmas\u0131na y\u00f6nelik ad\u0131mlar at\u0131yoruz\u201d ifadelerini kullanm\u0131\u015ft\u0131.<\/p>\n<p>\u200bAntalya \u015eof\u00f6rler Odas\u0131 Ba\u015fkan\u0131 Mehmet Ali Alkan, Kurban Bayram\u0131 \u00f6ncesi uygulanacak olan yeni taksimetre zam tarifesini duyurdu. Yeni tarifede indi-bindi \u00fccreti 150 TL olarak belirlenirken, taksimetre a\u00e7\u0131l\u0131\u015f \u00fccreti ise 30 TL oldu\u00a0<\/p>\n<p>\u200bHaberin Al\u0131nt\u0131land\u0131\u011f\u0131 Kaynak: www.antalyakorfez.com<\/p>","protected":false},"excerpt":{"rendered":"<p>Antalya \u015eof\u00f6rler Odas\u0131 Ba\u015fkan\u0131 Mehmet Ali Alkan sosyal medya \u00fczerinden b\u00fct\u00fcn kenti ilgilendiren \u00f6nemli bir duyuruyu yay\u0131nlad\u0131. Alkan, yakla\u015fan Kurban Bayram\u0131 \u00f6ncesi uygulanmaya ba\u015flanacak olan yeni taksimetre \u00fccret tarifesini a\u00e7\u0131klad\u0131. A\u00e7\u0131klanan bu tarifeyle beraber taksimetre ve indi-bindi \u00fccretlerinde b\u00fcy\u00fck de\u011fi\u015fimler ya\u015fand\u0131. YEN\u0130 \u00dcCRET TAR\u0130FES\u0130 Alkan yapt\u0131\u011f\u0131 a\u00e7\u0131klamada taksimetre a\u00e7\u0131l\u0131\u015f \u00fccretinin 30 TL, kilometre \u00fccretinin ise 35 TL\u2019ye y\u00fckseldi\u011fini duyurdu. K\u0131sa mesafe indi-bindi \u00fccreti ise 150 TL olarak belirlendi. Yeni tarife, 30 May\u0131s 2025 Cuma g\u00fcn\u00fc uygulanmaya ba\u015flanacak. ODADAN YAPILAN A\u00c7IKLAMA Alkan sosyal medya \u00fczerinden yapt\u0131\u011f\u0131 a\u00e7\u0131klamada B\u00fcy\u00fck\u015fehir Belediye Ba\u015fkan\u0131 Muhittin B\u00f6cek\u2019e yard\u0131mlar\u0131 i\u00e7in te\u015fekk\u00fcr ederek, \u201cTaksimetre zam tarifemiz t\u00fcm esnaf\u0131m\u0131za hay\u0131rl\u0131 ve u\u011furlu olsun. Bu s\u00fcre\u00e7te desteklerini esirgemeyen B\u00fcy\u00fck\u015fehir Belediye Ba\u015fkan\u0131m\u0131z Say\u0131n Muhittin B\u00f6cek\u2019e, esnaf\u0131m\u0131z ve \u015fahs\u0131m ad\u0131na te\u015fekk\u00fcr ederim. Teta\u015f ve Atak marka taksimetreye sahip esnaf\u0131m\u0131z, 29 May\u0131s Per\u015fembe\u2019yi Cuma\u2019ya ba\u011flayan gece saat 00:00\u2019dan itibaren ge\u00e7erli olacak zaml\u0131 tarifelerini, Odam\u0131z\u0131n Taksimetre Birimi\u2019ne gelerek y\u00fckletebilirler. Alberen ve Desta\u015f marka taksimetreye sahip esnaf\u0131m\u0131z ise, Alt\u0131nova Yolu \u00fczerindeki Kaan Taksimetre\u2019de y\u00fckleme i\u015flemlerini yapt\u0131rabilirler. Uzaktan tarife g\u00fcncelleme sistemine sahip taksimetresi bulunan esnaf\u0131m\u0131z ise, ilgili firmalarla ileti\u015fime ge\u00e7melidir. T\u00fcm esnaf\u0131m\u0131za hay\u0131rl\u0131 i\u015fler, bol kazan\u00e7lar ve kazas\u0131z s\u00fcr\u00fc\u015fler dileriz\u201d dedi. ZAMMIN S\u0130NYAL\u0130 VER\u0130LM\u0130\u015eT\u0130 Mehmet Ali Alkan ge\u00e7ti\u011fimiz g\u00fcnlerde yapt\u0131\u011f\u0131 a\u00e7\u0131klamayla taksimetre \u00fccretlerine gelecek zamm\u0131n sinyalini &hellip;<\/p>","protected":false},"author":5,"featured_media":0,"comment_status":"","ping_status":"open","sticky":false,"template":"","format":"standard","meta":{"_acf_changed":false,"footnotes":""},"categories":[24],"tags":[],"class_list":["post-99663","post","type-post","status-publish","format-standard","has-post-thumbnail","hentry","category-gundem"],"acf":[],"yoast_head":"<!-- This site is optimized with the Yoast SEO Premium plugin v26.6 (Yoast SEO v27.1.1) - https:\/\/yoast.com\/product\/yoast-seo-premium-wordpress\/ -->\n<title>Antalya\u2019da taksi \u00fccretlerine zam! Yeni indi bindi \u00fccreti 150 TL oldu - Av. Deniz Can K\u0131z\u0131l<\/title>\n<meta name=\"robots\" content=\"index, follow, max-snippet:-1, max-image-preview:large, max-video-preview:-1\" \/>\n<link rel=\"canonical\" href=\"https:\/\/denizcankizil.tr\/de\/haberler\/gundem\/antalyada-taksi-ucretlerine-zam-yeni-indi-bindi-ucreti-150-tl-oldu\/\" \/>\n<meta property=\"og:locale\" content=\"de_DE\" \/>\n<meta property=\"og:type\" content=\"article\" \/>\n<meta property=\"og:title\" content=\"Antalya\u2019da taksi \u00fccretlerine zam! Yeni indi bindi \u00fccreti 150 TL oldu\" \/>\n<meta property=\"og:description\" content=\"Antalya \u015eof\u00f6rler Odas\u0131 Ba\u015fkan\u0131 Mehmet Ali Alkan sosyal medya \u00fczerinden b\u00fct\u00fcn kenti ilgilendiren \u00f6nemli bir duyuruyu yay\u0131nlad\u0131. Alkan, yakla\u015fan Kurban Bayram\u0131 \u00f6ncesi uygulanmaya ba\u015flanacak olan yeni taksimetre \u00fccret tarifesini a\u00e7\u0131klad\u0131. A\u00e7\u0131klanan bu tarifeyle beraber taksimetre ve indi-bindi \u00fccretlerinde b\u00fcy\u00fck de\u011fi\u015fimler ya\u015fand\u0131. YEN\u0130 \u00dcCRET TAR\u0130FES\u0130 Alkan yapt\u0131\u011f\u0131 a\u00e7\u0131klamada taksimetre a\u00e7\u0131l\u0131\u015f \u00fccretinin 30 TL, kilometre \u00fccretinin ise 35 TL\u2019ye y\u00fckseldi\u011fini duyurdu. K\u0131sa mesafe indi-bindi \u00fccreti ise 150 TL olarak belirlendi. Yeni tarife, 30 May\u0131s 2025 Cuma g\u00fcn\u00fc uygulanmaya ba\u015flanacak. ODADAN YAPILAN A\u00c7IKLAMA Alkan sosyal medya \u00fczerinden yapt\u0131\u011f\u0131 a\u00e7\u0131klamada B\u00fcy\u00fck\u015fehir Belediye Ba\u015fkan\u0131 Muhittin B\u00f6cek\u2019e yard\u0131mlar\u0131 i\u00e7in te\u015fekk\u00fcr ederek, \u201cTaksimetre zam tarifemiz t\u00fcm esnaf\u0131m\u0131za hay\u0131rl\u0131 ve u\u011furlu olsun. Bu s\u00fcre\u00e7te desteklerini esirgemeyen B\u00fcy\u00fck\u015fehir Belediye Ba\u015fkan\u0131m\u0131z Say\u0131n Muhittin B\u00f6cek\u2019e, esnaf\u0131m\u0131z ve \u015fahs\u0131m ad\u0131na te\u015fekk\u00fcr ederim. Teta\u015f ve Atak marka taksimetreye sahip esnaf\u0131m\u0131z, 29 May\u0131s Per\u015fembe\u2019yi Cuma\u2019ya ba\u011flayan gece saat 00:00\u2019dan itibaren ge\u00e7erli olacak zaml\u0131 tarifelerini, Odam\u0131z\u0131n Taksimetre Birimi\u2019ne gelerek y\u00fckletebilirler. Alberen ve Desta\u015f marka taksimetreye sahip esnaf\u0131m\u0131z ise, Alt\u0131nova Yolu \u00fczerindeki Kaan Taksimetre\u2019de y\u00fckleme i\u015flemlerini yapt\u0131rabilirler. Uzaktan tarife g\u00fcncelleme sistemine sahip taksimetresi bulunan esnaf\u0131m\u0131z ise, ilgili firmalarla ileti\u015fime ge\u00e7melidir. T\u00fcm esnaf\u0131m\u0131za hay\u0131rl\u0131 i\u015fler, bol kazan\u00e7lar ve kazas\u0131z s\u00fcr\u00fc\u015fler dileriz\u201d dedi. ZAMMIN S\u0130NYAL\u0130 VER\u0130LM\u0130\u015eT\u0130 Mehmet Ali Alkan ge\u00e7ti\u011fimiz g\u00fcnlerde yapt\u0131\u011f\u0131 a\u00e7\u0131klamayla taksimetre \u00fccretlerine gelecek zamm\u0131n sinyalini &hellip;\" \/>\n<meta property=\"og:url\" content=\"https:\/\/denizcankizil.tr\/de\/haberler\/gundem\/antalyada-taksi-ucretlerine-zam-yeni-indi-bindi-ucreti-150-tl-oldu\/\" \/>\n<meta property=\"og:site_name\" content=\"Av. Deniz Can K\u0131z\u0131l\" \/>\n<meta property=\"article:published_time\" content=\"2025-05-28T14:41:35+00:00\" \/>\n<meta name=\"author\" content=\"Antalya K\u00f6rfez\" \/>\n<meta name=\"twitter:card\" content=\"summary_large_image\" \/>\n<meta name=\"twitter:label1\" content=\"Verfasst von\" \/>\n\t<meta name=\"twitter:data1\" content=\"Antalya K\u00f6rfez\" \/>\n\t<meta name=\"twitter:label2\" content=\"Gesch\u00e4tzte Lesezeit\" \/>\n\t<meta name=\"twitter:data2\" content=\"2\u00a0Minuten\" \/>\n<script type=\"application\/ld+json\" class=\"yoast-schema-graph\">{\"@context\":\"https:\/\/schema.org\",\"@graph\":[{\"@type\":\"Article\",\"@id\":\"https:\/\/denizcankizil.tr\/en\/haberler\/gundem\/antalyada-taksi-ucretlerine-zam-yeni-indi-bindi-ucreti-150-tl-oldu\/#article\",\"isPartOf\":{\"@id\":\"https:\/\/denizcankizil.tr\/en\/haberler\/gundem\/antalyada-taksi-ucretlerine-zam-yeni-indi-bindi-ucreti-150-tl-oldu\/\"},\"author\":{\"name\":\"Antalya K\u00f6rfez\",\"@id\":\"https:\/\/denizcankizil.tr\/de\/#\/schema\/person\/e1eb71bb4dd684d46563f0af307e1234\"},\"headline\":\"Antalya\u2019da taksi \u00fccretlerine zam! Yeni indi bindi \u00fccreti 150 TL oldu\",\"datePublished\":\"2025-05-28T14:41:35+00:00\",\"mainEntityOfPage\":{\"@id\":\"https:\/\/denizcankizil.tr\/en\/haberler\/gundem\/antalyada-taksi-ucretlerine-zam-yeni-indi-bindi-ucreti-150-tl-oldu\/\"},\"wordCount\":439,\"publisher\":{\"@id\":\"https:\/\/denizcankizil.tr\/de\/#organization\"},\"articleSection\":[\"G\u00fcndem\"],\"inLanguage\":\"de\"},{\"@type\":\"WebPage\",\"@id\":\"https:\/\/denizcankizil.tr\/en\/haberler\/gundem\/antalyada-taksi-ucretlerine-zam-yeni-indi-bindi-ucreti-150-tl-oldu\/\",\"url\":\"https:\/\/denizcankizil.tr\/en\/haberler\/gundem\/antalyada-taksi-ucretlerine-zam-yeni-indi-bindi-ucreti-150-tl-oldu\/\",\"name\":\"Antalya\u2019da taksi \u00fccretlerine zam! Yeni indi bindi \u00fccreti 150 TL oldu - Av. Deniz Can K\u0131z\u0131l\",\"isPartOf\":{\"@id\":\"https:\/\/denizcankizil.tr\/de\/#website\"},\"datePublished\":\"2025-05-28T14:41:35+00:00\",\"breadcrumb\":{\"@id\":\"https:\/\/denizcankizil.tr\/en\/haberler\/gundem\/antalyada-taksi-ucretlerine-zam-yeni-indi-bindi-ucreti-150-tl-oldu\/#breadcrumb\"},\"inLanguage\":\"de\",\"potentialAction\":[{\"@type\":\"ReadAction\",\"target\":[\"https:\/\/denizcankizil.tr\/en\/haberler\/gundem\/antalyada-taksi-ucretlerine-zam-yeni-indi-bindi-ucreti-150-tl-oldu\/\"]}]},{\"@type\":\"BreadcrumbList\",\"@id\":\"https:\/\/denizcankizil.tr\/en\/haberler\/gundem\/antalyada-taksi-ucretlerine-zam-yeni-indi-bindi-ucreti-150-tl-oldu\/#breadcrumb\",\"itemListElement\":[{\"@type\":\"ListItem\",\"position\":1,\"name\":\"Home\",\"item\":\"https:\/\/denizcankizil.tr\/de\/\"},{\"@type\":\"ListItem\",\"position\":2,\"name\":\"Antalya\u2019da taksi \u00fccretlerine zam! Yeni indi bindi \u00fccreti 150 TL oldu\"}]},{\"@type\":\"WebSite\",\"@id\":\"https:\/\/denizcankizil.tr\/de\/#website\",\"url\":\"https:\/\/denizcankizil.tr\/de\/\",\"name\":\"Av. Deniz Can K\u0131z\u0131l\",\"description\":\"Avukat Deniz Can K\u0131z\u0131l Antalya Barosu\",\"publisher\":{\"@id\":\"https:\/\/denizcankizil.tr\/de\/#organization\"},\"potentialAction\":[{\"@type\":\"SearchAction\",\"target\":{\"@type\":\"EntryPoint\",\"urlTemplate\":\"https:\/\/denizcankizil.tr\/de\/?s={search_term_string}\"},\"query-input\":{\"@type\":\"PropertyValueSpecification\",\"valueRequired\":true,\"valueName\":\"search_term_string\"}}],\"inLanguage\":\"de\"},{\"@type\":\"Organization\",\"@id\":\"https:\/\/denizcankizil.tr\/de\/#organization\",\"name\":\"Av. Deniz Can K\u0131z\u0131l\",\"url\":\"https:\/\/denizcankizil.tr\/de\/\",\"logo\":{\"@type\":\"ImageObject\",\"inLanguage\":\"de\",\"@id\":\"https:\/\/denizcankizil.tr\/de\/#\/schema\/logo\/image\/\",\"url\":\"https:\/\/denizcankizil.tr\/wp-content\/uploads\/2024\/10\/siyah-logo-svg.svg\",\"contentUrl\":\"https:\/\/denizcankizil.tr\/wp-content\/uploads\/2024\/10\/siyah-logo-svg.svg\",\"width\":1080,\"height\":1080,\"caption\":\"Av. Deniz Can K\u0131z\u0131l\"},\"image\":{\"@id\":\"https:\/\/denizcankizil.tr\/de\/#\/schema\/logo\/image\/\"}},{\"@type\":\"Person\",\"@id\":\"https:\/\/denizcankizil.tr\/de\/#\/schema\/person\/e1eb71bb4dd684d46563f0af307e1234\",\"name\":\"Antalya K\u00f6rfez\",\"image\":{\"@type\":\"ImageObject\",\"inLanguage\":\"de\",\"@id\":\"https:\/\/denizcankizil.tr\/de\/#\/schema\/person\/image\/\",\"url\":\"https:\/\/secure.gravatar.com\/avatar\/42b01982558a48a0b501fdcab6a408d3717ea5919095ee2e67b0e521799c5905?s=96&d=mm&r=g\",\"contentUrl\":\"https:\/\/secure.gravatar.com\/avatar\/42b01982558a48a0b501fdcab6a408d3717ea5919095ee2e67b0e521799c5905?s=96&d=mm&r=g\",\"caption\":\"Antalya K\u00f6rfez\"},\"sameAs\":[\"http:\/\/www.antalyakorfez.com\"],\"url\":\"https:\/\/www.antalyakorfez.com\/antalyada-taksi-ucretlerine-zam-yeni-indi-bindi-ucreti-150-tl-oldu\"}]}<\/script>\n<!-- \/ Yoast SEO Premium plugin. -->","yoast_head_json":{"title":"Antalya\u2019da taksi \u00fccretlerine zam! Yeni indi bindi \u00fccreti 150 TL oldu - Av. Deniz Can K\u0131z\u0131l","robots":{"index":"index","follow":"follow","max-snippet":"max-snippet:-1","max-image-preview":"max-image-preview:large","max-video-preview":"max-video-preview:-1"},"canonical":"https:\/\/denizcankizil.tr\/de\/haberler\/gundem\/antalyada-taksi-ucretlerine-zam-yeni-indi-bindi-ucreti-150-tl-oldu\/","og_locale":"de_DE","og_type":"article","og_title":"Antalya\u2019da taksi \u00fccretlerine zam! Yeni indi bindi \u00fccreti 150 TL oldu","og_description":"Antalya \u015eof\u00f6rler Odas\u0131 Ba\u015fkan\u0131 Mehmet Ali Alkan sosyal medya \u00fczerinden b\u00fct\u00fcn kenti ilgilendiren \u00f6nemli bir duyuruyu yay\u0131nlad\u0131. Alkan, yakla\u015fan Kurban Bayram\u0131 \u00f6ncesi uygulanmaya ba\u015flanacak olan yeni taksimetre \u00fccret tarifesini a\u00e7\u0131klad\u0131. A\u00e7\u0131klanan bu tarifeyle beraber taksimetre ve indi-bindi \u00fccretlerinde b\u00fcy\u00fck de\u011fi\u015fimler ya\u015fand\u0131. YEN\u0130 \u00dcCRET TAR\u0130FES\u0130 Alkan yapt\u0131\u011f\u0131 a\u00e7\u0131klamada taksimetre a\u00e7\u0131l\u0131\u015f \u00fccretinin 30 TL, kilometre \u00fccretinin ise 35 TL\u2019ye y\u00fckseldi\u011fini duyurdu. K\u0131sa mesafe indi-bindi \u00fccreti ise 150 TL olarak belirlendi. Yeni tarife, 30 May\u0131s 2025 Cuma g\u00fcn\u00fc uygulanmaya ba\u015flanacak. ODADAN YAPILAN A\u00c7IKLAMA Alkan sosyal medya \u00fczerinden yapt\u0131\u011f\u0131 a\u00e7\u0131klamada B\u00fcy\u00fck\u015fehir Belediye Ba\u015fkan\u0131 Muhittin B\u00f6cek\u2019e yard\u0131mlar\u0131 i\u00e7in te\u015fekk\u00fcr ederek, \u201cTaksimetre zam tarifemiz t\u00fcm esnaf\u0131m\u0131za hay\u0131rl\u0131 ve u\u011furlu olsun. Bu s\u00fcre\u00e7te desteklerini esirgemeyen B\u00fcy\u00fck\u015fehir Belediye Ba\u015fkan\u0131m\u0131z Say\u0131n Muhittin B\u00f6cek\u2019e, esnaf\u0131m\u0131z ve \u015fahs\u0131m ad\u0131na te\u015fekk\u00fcr ederim. Teta\u015f ve Atak marka taksimetreye sahip esnaf\u0131m\u0131z, 29 May\u0131s Per\u015fembe\u2019yi Cuma\u2019ya ba\u011flayan gece saat 00:00\u2019dan itibaren ge\u00e7erli olacak zaml\u0131 tarifelerini, Odam\u0131z\u0131n Taksimetre Birimi\u2019ne gelerek y\u00fckletebilirler. Alberen ve Desta\u015f marka taksimetreye sahip esnaf\u0131m\u0131z ise, Alt\u0131nova Yolu \u00fczerindeki Kaan Taksimetre\u2019de y\u00fckleme i\u015flemlerini yapt\u0131rabilirler. Uzaktan tarife g\u00fcncelleme sistemine sahip taksimetresi bulunan esnaf\u0131m\u0131z ise, ilgili firmalarla ileti\u015fime ge\u00e7melidir. T\u00fcm esnaf\u0131m\u0131za hay\u0131rl\u0131 i\u015fler, bol kazan\u00e7lar ve kazas\u0131z s\u00fcr\u00fc\u015fler dileriz\u201d dedi. ZAMMIN S\u0130NYAL\u0130 VER\u0130LM\u0130\u015eT\u0130 Mehmet Ali Alkan ge\u00e7ti\u011fimiz g\u00fcnlerde yapt\u0131\u011f\u0131 a\u00e7\u0131klamayla taksimetre \u00fccretlerine gelecek zamm\u0131n sinyalini &hellip;","og_url":"https:\/\/denizcankizil.tr\/de\/haberler\/gundem\/antalyada-taksi-ucretlerine-zam-yeni-indi-bindi-ucreti-150-tl-oldu\/","og_site_name":"Av. Deniz Can K\u0131z\u0131l","article_published_time":"2025-05-28T14:41:35+00:00","author":"Antalya K\u00f6rfez","twitter_card":"summary_large_image","twitter_misc":{"Verfasst von":"Antalya K\u00f6rfez","Gesch\u00e4tzte Lesezeit":"2\u00a0Minuten"},"schema":{"@context":"https:\/\/schema.org","@graph":[{"@type":"Article","@id":"https:\/\/denizcankizil.tr\/en\/haberler\/gundem\/antalyada-taksi-ucretlerine-zam-yeni-indi-bindi-ucreti-150-tl-oldu\/#article","isPartOf":{"@id":"https:\/\/denizcankizil.tr\/en\/haberler\/gundem\/antalyada-taksi-ucretlerine-zam-yeni-indi-bindi-ucreti-150-tl-oldu\/"},"author":{"name":"Antalya K\u00f6rfez","@id":"https:\/\/denizcankizil.tr\/de\/#\/schema\/person\/e1eb71bb4dd684d46563f0af307e1234"},"headline":"Antalya\u2019da taksi \u00fccretlerine zam! Yeni indi bindi \u00fccreti 150 TL oldu","datePublished":"2025-05-28T14:41:35+00:00","mainEntityOfPage":{"@id":"https:\/\/denizcankizil.tr\/en\/haberler\/gundem\/antalyada-taksi-ucretlerine-zam-yeni-indi-bindi-ucreti-150-tl-oldu\/"},"wordCount":439,"publisher":{"@id":"https:\/\/denizcankizil.tr\/de\/#organization"},"articleSection":["G\u00fcndem"],"inLanguage":"de"},{"@type":"WebPage","@id":"https:\/\/denizcankizil.tr\/en\/haberler\/gundem\/antalyada-taksi-ucretlerine-zam-yeni-indi-bindi-ucreti-150-tl-oldu\/","url":"https:\/\/denizcankizil.tr\/en\/haberler\/gundem\/antalyada-taksi-ucretlerine-zam-yeni-indi-bindi-ucreti-150-tl-oldu\/","name":"Antalya\u2019da taksi \u00fccretlerine zam! Yeni indi bindi \u00fccreti 150 TL oldu - Av. Deniz Can K\u0131z\u0131l","isPartOf":{"@id":"https:\/\/denizcankizil.tr\/de\/#website"},"datePublished":"2025-05-28T14:41:35+00:00","breadcrumb":{"@id":"https:\/\/denizcankizil.tr\/en\/haberler\/gundem\/antalyada-taksi-ucretlerine-zam-yeni-indi-bindi-ucreti-150-tl-oldu\/#breadcrumb"},"inLanguage":"de","potentialAction":[{"@type":"ReadAction","target":["https:\/\/denizcankizil.tr\/en\/haberler\/gundem\/antalyada-taksi-ucretlerine-zam-yeni-indi-bindi-ucreti-150-tl-oldu\/"]}]},{"@type":"BreadcrumbList","@id":"https:\/\/denizcankizil.tr\/en\/haberler\/gundem\/antalyada-taksi-ucretlerine-zam-yeni-indi-bindi-ucreti-150-tl-oldu\/#breadcrumb","itemListElement":[{"@type":"ListItem","position":1,"name":"Home","item":"https:\/\/denizcankizil.tr\/de\/"},{"@type":"ListItem","position":2,"name":"Antalya\u2019da taksi \u00fccretlerine zam! Yeni indi bindi \u00fccreti 150 TL oldu"}]},{"@type":"WebSite","@id":"https:\/\/denizcankizil.tr\/de\/#website","url":"https:\/\/denizcankizil.tr\/de\/","name":"Av. Deniz Can K\u0131z\u0131l","description":"Avukat Deniz Can K\u0131z\u0131l Antalya Barosu","publisher":{"@id":"https:\/\/denizcankizil.tr\/de\/#organization"},"potentialAction":[{"@type":"SearchAction","target":{"@type":"EntryPoint","urlTemplate":"https:\/\/denizcankizil.tr\/de\/?s={search_term_string}"},"query-input":{"@type":"PropertyValueSpecification","valueRequired":true,"valueName":"search_term_string"}}],"inLanguage":"de"},{"@type":"Organization","@id":"https:\/\/denizcankizil.tr\/de\/#organization","name":"Av. Deniz Can K\u0131z\u0131l","url":"https:\/\/denizcankizil.tr\/de\/","logo":{"@type":"ImageObject","inLanguage":"de","@id":"https:\/\/denizcankizil.tr\/de\/#\/schema\/logo\/image\/","url":"https:\/\/denizcankizil.tr\/wp-content\/uploads\/2024\/10\/siyah-logo-svg.svg","contentUrl":"https:\/\/denizcankizil.tr\/wp-content\/uploads\/2024\/10\/siyah-logo-svg.svg","width":1080,"height":1080,"caption":"Av. Deniz Can K\u0131z\u0131l"},"image":{"@id":"https:\/\/denizcankizil.tr\/de\/#\/schema\/logo\/image\/"}},{"@type":"Person","@id":"https:\/\/denizcankizil.tr\/de\/#\/schema\/person\/e1eb71bb4dd684d46563f0af307e1234","name":"Antalya K\u00f6rfez","image":{"@type":"ImageObject","inLanguage":"de","@id":"https:\/\/denizcankizil.tr\/de\/#\/schema\/person\/image\/","url":"https:\/\/secure.gravatar.com\/avatar\/42b01982558a48a0b501fdcab6a408d3717ea5919095ee2e67b0e521799c5905?s=96&d=mm&r=g","contentUrl":"https:\/\/secure.gravatar.com\/avatar\/42b01982558a48a0b501fdcab6a408d3717ea5919095ee2e67b0e521799c5905?s=96&d=mm&r=g","caption":"Antalya K\u00f6rfez"},"sameAs":["http:\/\/www.antalyakorfez.com"],"url":"https:\/\/www.antalyakorfez.com\/antalyada-taksi-ucretlerine-zam-yeni-indi-bindi-ucreti-150-tl-oldu"}]}},"_links":{"self":[{"href":"https:\/\/denizcankizil.tr\/de\/wp-json\/wp\/v2\/posts\/99663","targetHints":{"allow":["GET"]}}],"collection":[{"href":"https:\/\/denizcankizil.tr\/de\/wp-json\/wp\/v2\/posts"}],"about":[{"href":"https:\/\/denizcankizil.tr\/de\/wp-json\/wp\/v2\/types\/post"}],"author":[{"embeddable":true,"href":"https:\/\/denizcankizil.tr\/de\/wp-json\/wp\/v2\/users\/5"}],"replies":[{"embeddable":true,"href":"https:\/\/denizcankizil.tr\/de\/wp-json\/wp\/v2\/comments?post=99663"}],"version-history":[{"count":0,"href":"https:\/\/denizcankizil.tr\/de\/wp-json\/wp\/v2\/posts\/99663\/revisions"}],"wp:attachment":[{"href":"https:\/\/denizcankizil.tr\/de\/wp-json\/wp\/v2\/media?parent=99663"}],"wp:term":[{"taxonomy":"category","embeddable":true,"href":"https:\/\/denizcankizil.tr\/de\/wp-json\/wp\/v2\/categories?post=99663"},{"taxonomy":"post_tag","embeddable":true,"href":"https:\/\/denizcankizil.tr\/de\/wp-json\/wp\/v2\/tags?post=99663"}],"curies":[{"name":"wp","href":"https:\/\/api.w.org\/{rel}","templated":true}]}}