{"id":99656,"date":"2025-05-28T16:43:07","date_gmt":"2025-05-28T13:43:07","guid":{"rendered":"https:\/\/denizcankizil.tr\/uncategorized-tr\/bursa-belediyeler-birligi-2025-yili-olagan-meclis-toplantisini-gerceklestirdi\/"},"modified":"2025-05-28T16:43:07","modified_gmt":"2025-05-28T13:43:07","slug":"bursa-belediyeler-birligi-2025-yili-olagan-meclis-toplantisini-gerceklestirdi","status":"publish","type":"post","link":"https:\/\/denizcankizil.tr\/de\/haberler\/gundem\/bursa-belediyeler-birligi-2025-yili-olagan-meclis-toplantisini-gerceklestirdi\/","title":{"rendered":"Bursa Belediyeler Birli\u011fi 2025 y\u0131l\u0131 Ola\u011fan Meclis Toplant\u0131s\u0131n\u0131 ger\u00e7ekle\u015ftirdi"},"content":{"rendered":"<p>Bursa Belediyeler Birli\u011fi Meclisi\u2019nin 2025 y\u0131l\u0131 May\u0131s Ay\u0131 Ola\u011fan Toplant\u0131s\u0131 Y\u0131ld\u0131r\u0131m\u2019da yap\u0131ld\u0131.BURSA (\u0130GFA) &#8211; Bursa&#8217;da Kapl\u0131kaya Cazibe Merkezi\u2019nde ger\u00e7ekle\u015ftirilen toplant\u0131da konu\u015fan Y\u0131ld\u0131r\u0131m Belediye Ba\u015fkan\u0131 ve ayn\u0131 zamanda Bursa Belediyeler Birli\u011fi Ba\u015fkan\u0131 Oktay Y\u0131lmaz, \u201cBirli\u011fimizi sadece sorunlara \u00e7\u00f6z\u00fcm arayan de\u011fil, ilham verici modeller \u00fcreten bir yap\u0131ya d\u00f6n\u00fc\u015ft\u00fcrmeye kararl\u0131y\u0131z\u201d dedi.<br \/>\nBursa Belediyeler Birli\u011fi May\u0131s Ay\u0131 Ola\u011fan Toplant\u0131s\u0131 Kapl\u0131kaya Cazibe Merkezi\u2019nde ger\u00e7ekle\u015ftirildi.<br \/>\nY\u0131ld\u0131r\u0131m Belediye Ba\u015fkan\u0131 ve ayn\u0131 zamanda Bursa Belediyeler Birli\u011fi Ba\u015fkan\u0131 Oktay Y\u0131lmaz ba\u015fkanl\u0131\u011f\u0131nda d\u00fczenlenen toplant\u0131da, birlik \u00fcyeleri g\u00fcndem maddelerini karara ba\u011flad\u0131.<\/p>\n<p>ENC\u00dcMEN VE PLAN B\u00dcT\u00c7E KOM\u0130SYONU \u00dcYEL\u0130KLER\u0130NDE SE\u00c7\u0130M YAPILDI<br \/>\nToplant\u0131da, Enc\u00fcmen \u00dcyeli\u011fi ile Plan ve B\u00fct\u00e7e Komisyonu \u00dcyelikleri i\u00e7in se\u00e7imler yap\u0131l\u0131rken, 2024 mali y\u0131l\u0131 b\u00fct\u00e7e kesin hesab\u0131 da g\u00f6r\u00fc\u015f\u00fcld\u00fc.<br \/>\nYap\u0131lan se\u00e7imlerde, Bursa Belediyeler Birli\u011fi Enc\u00fcmen \u00dcyeli\u011fi\u2019ne; Birlik Ba\u015fkan\u0131 ve ayn\u0131 zamanda Y\u0131ld\u0131r\u0131m Belediye Ba\u015fkan\u0131 Oktay Y\u0131lmaz, \u0130neg\u00f6l Belediye Ba\u015fkan\u0131 Alper Taban, Kestel Belediye Ba\u015fkan\u0131 Ferhat Erol, G\u00fcrsu Belediye Ba\u015fkan\u0131 Mustafa I\u015f\u0131k, \u0130znik Belediye Ba\u015fkan\u0131 Ka\u011fan Mehmet Usta, Orhangazi Belediye Ba\u015fkan\u0131 Bekir Ayd\u0131n, Orhaneli Belediye Ba\u015fkan\u0131 Ali Osman Tay\u0131r, Keles Belediye Ba\u015fkan\u0131 Ali Do\u011fru se\u00e7ildi.<br \/>\nPlan ve B\u00fct\u00e7e Komisyonu \u00dcyeli\u011fi i\u00e7in yap\u0131lan se\u00e7imdeyse; Osman \u015eahin, Murat Tun\u00e7 Bircan, \u0130brahim T\u00fcrkan, Ali Ekber Can, Ha\u015fim Yolda\u015f se\u00e7ildi.<br \/>\nAyr\u0131ca toplant\u0131da; birlik ile belediyeler, kamu kurumlar\u0131 ve mahalli idare birlikleri aras\u0131nda k\u00fclt\u00fcr, sanat, spor, e\u011fitim, seminer ve benzeri alanlarda i\u015f birli\u011fi yap\u0131lmas\u0131 amac\u0131yla protokol imzalanmas\u0131na ili\u015fkin Ba\u015fkan Oktay Y\u0131lmaz\u2019a yetki verilmesi oy birli\u011fiyle kabul edildi. Toplant\u0131ya kat\u0131lan \u00fcyeler, Bursa Belediyeler Birli\u011fi merkezi adresinin Karaa\u011fa\u00e7 Mahallesi, E\u015frefiler Caddesi No:49 Alev Alatl\u0131 \u015eehir D\u00fc\u015f\u00fcnce ve Sanat Merkezi olarak belirlenmesini de oy birli\u011fiyle karara ba\u011flad\u0131.<\/p>\n<p>\u201cYARINI \u0130N\u015eA ETMEK \u0130\u00c7\u0130N \u00c7ALI\u015eIYORUZ\u201d<br \/>\nToplant\u0131da konu\u015fan Y\u0131ld\u0131r\u0131m Belediye Ba\u015fkan\u0131 ve ayn\u0131 zamanda Bursa Belediyeler Birli\u011fi Ba\u015fkan\u0131 Oktay Y\u0131lmaz, Bursa Belediyeler Birli\u011fi\u2019nde geride kalan bir y\u0131ll\u0131k s\u00fcre\u00e7te yap\u0131lan faaliyetler hakk\u0131nda bilgiler verdi. Ba\u015fkan Y\u0131lmaz, \u201cGeride b\u0131rakt\u0131\u011f\u0131m\u0131z bir y\u0131l i\u00e7erisinde, \u2018birlikte y\u00f6netim, ortak ak\u0131l ve s\u00fcrd\u00fcr\u00fclebilir belediyecilik\u2019 ilkelerimizi temel alarak; hem yap\u0131sal reformlara imza att\u0131k, hem de sosyal ve teknik faaliyetlerle \u00fcye belediyelerimiz aras\u0131nda g\u00fczel bir sinerji yakalad\u0131k\u201d dedi.<br \/>\n\u201cG\u00fcn\u00fc kurtarmak i\u00e7in de\u011fil, yar\u0131n\u0131 in\u015fa etmek i\u00e7in \u00e7al\u0131\u015f\u0131yoruz\u201d diyen Ba\u015fkan Oktay Y\u0131lmaz, s\u00f6zlerini \u015f\u00f6yle s\u00fcrd\u00fcrd\u00fc:<br \/>\n\u201cYerel y\u00f6netimi bug\u00fcn\u00fcn ihtiya\u00e7lar\u0131yla de\u011fil, yar\u0131n\u0131n beklentileriyle yeniden tan\u0131ml\u0131yoruz. Birli\u011fimizi sadece sorunlara \u00e7\u00f6z\u00fcm arayan de\u011fil, ilham verici modeller \u00fcreten bir yap\u0131ya d\u00f6n\u00fc\u015ft\u00fcrmeye kararl\u0131y\u0131z. Dijitalle\u015fmeden \u00e7evresel s\u00fcrd\u00fcr\u00fclebilirli\u011fe, ortak projelerden kurumsal kapasite geli\u015fimine kadar her alanda \u00e7\u0131tay\u0131 y\u00fckseltmek i\u00e7in buraday\u0131z. Bursa belediyeler birli\u011fi sadece bir yap\u0131 de\u011fil, bir vizyonun ad\u0131d\u0131r. Bu vizyon, gelece\u011fe dair umudu b\u00fcy\u00fcten; kat\u0131l\u0131m\u0131, adaleti ve dayan\u0131\u015fmay\u0131 merkezine alan bir yerel y\u00f6netim anlay\u0131\u015f\u0131n\u0131n ta kendisidir.Bu yolda bize omuz veren t\u00fcm ba\u015fkanlar\u0131m\u0131za, meclis \u00fcyelerimize ve birlik emek\u00e7ilerine en i\u00e7ten te\u015fekk\u00fcrlerimi sunuyorum.<\/p>\n<p>\u200bBursa Belediyeler Birli\u011fi Meclisi\u2019nin 2025 y\u0131l\u0131 May\u0131s Ay\u0131 Ola\u011fan Toplant\u0131s\u0131 Y\u0131ld\u0131r\u0131m\u2019da yap\u0131ld\u0131.BURSA (\u0130GFA) &#8211; Bursa&#8217;da Kapl\u0131kaya Cazibe Merkezi\u2019nde ger\u00e7ekle\u015ftirilen toplant\u0131da konu\u015fan Y\u0131ld\u0131r\u0131m Belediye Ba\u015fkan\u0131 ve ayn\u0131 zamanda Bursa Belediyeler Birli\u011fi Ba\u015fkan\u0131 Oktay Y\u0131lmaz, \u201cBirli\u011fimizi sadece sorunlara \u00e7\u00f6z\u00fcm arayan de\u011fil, ilham verici modeller \u00fcreten bir yap\u0131ya d\u00f6n\u00fc\u015ft\u00fcrmeye kararl\u0131y\u0131z\u201d dedi.<br \/>\nBursa Belediyeler Birli\u011fi May\u0131s Ay\u0131 Ola\u011fan Toplant\u0131s\u0131 Kapl\u0131kaya Cazibe Merkezi\u2019nde ger\u00e7ekle\u015ftirildi.<br \/>\nY\u0131ld\u0131r\u0131m Belediye Ba\u015fkan\u0131 ve ayn\u0131 zamanda Bursa Belediyeler Birli\u011fi Ba\u015fkan\u0131 Oktay Y\u0131lmaz ba\u015fkanl\u0131\u011f\u0131nda d\u00fczenlenen toplant\u0131da, birlik \u00fcyeleri g\u00fcndem maddelerini karara ba\u011flad\u0131.<\/p>\n<p>ENC\u00dcMEN VE PLAN B\u00dcT\u00c7E KOM\u0130SYONU \u00dcYEL\u0130KLER\u0130NDE SE\u00c7\u0130M YAPILDI<br \/>\nToplant\u0131da, Enc\u00fcmen \u00dcyeli\u011fi ile Plan ve B\u00fct\u00e7e Komisyonu \u00dcyelikleri i\u00e7in se\u00e7imler yap\u0131l\u0131rken, 2024 mali y\u0131l\u0131 b\u00fct\u00e7e kesin hesab\u0131 da g\u00f6r\u00fc\u015f\u00fcld\u00fc.<br \/>\nYap\u0131lan se\u00e7imlerde, Bursa Belediyeler Birli\u011fi Enc\u00fcmen \u00dcyeli\u011fi\u2019ne; Birlik Ba\u015fkan\u0131 ve ayn\u0131 zamanda Y\u0131ld\u0131r\u0131m Belediye Ba\u015fkan\u0131 Oktay Y\u0131lmaz, \u0130neg\u00f6l Belediye Ba\u015fkan\u0131 Alper Taban, Kestel Belediye Ba\u015fkan\u0131 Ferhat Erol, G\u00fcrsu Belediye Ba\u015fkan\u0131 Mustafa I\u015f\u0131k, \u0130znik Belediye Ba\u015fkan\u0131 Ka\u011fan Mehmet Usta, Orhangazi Belediye Ba\u015fkan\u0131 Bekir Ayd\u0131n, Orhaneli Belediye Ba\u015fkan\u0131 Ali Osman Tay\u0131r, Keles Belediye Ba\u015fkan\u0131 Ali Do\u011fru se\u00e7ildi.<br \/>\nPlan ve B\u00fct\u00e7e Komisyonu \u00dcyeli\u011fi i\u00e7in yap\u0131lan se\u00e7imdeyse; Osman \u015eahin, Murat Tun\u00e7 Bircan, \u0130brahim T\u00fcrkan, Ali Ekber Can, Ha\u015fim Yolda\u015f se\u00e7ildi.<br \/>\nAyr\u0131ca toplant\u0131da; birlik ile belediyeler, kamu kurumlar\u0131 ve mahalli idare birlikleri aras\u0131nda k\u00fclt\u00fcr, sanat, spor, e\u011fitim, seminer ve benzeri alanlarda i\u015f birli\u011fi yap\u0131lmas\u0131 amac\u0131yla protokol imzalanmas\u0131na ili\u015fkin Ba\u015fkan Oktay Y\u0131lmaz\u2019a yetki verilmesi oy birli\u011fiyle kabul edildi. Toplant\u0131ya kat\u0131lan \u00fcyeler, Bursa Belediyeler Birli\u011fi merkezi adresinin Karaa\u011fa\u00e7 Mahallesi, E\u015frefiler Caddesi No:49 Alev Alatl\u0131 \u015eehir D\u00fc\u015f\u00fcnce ve Sanat Merkezi olarak belirlenmesini de oy birli\u011fiyle karara ba\u011flad\u0131.<\/p>\n<p>\u201cYARINI \u0130N\u015eA ETMEK \u0130\u00c7\u0130N \u00c7ALI\u015eIYORUZ\u201d<br \/>\nToplant\u0131da konu\u015fan Y\u0131ld\u0131r\u0131m Belediye Ba\u015fkan\u0131 ve ayn\u0131 zamanda Bursa Belediyeler Birli\u011fi Ba\u015fkan\u0131 Oktay Y\u0131lmaz, Bursa Belediyeler Birli\u011fi\u2019nde geride kalan bir y\u0131ll\u0131k s\u00fcre\u00e7te yap\u0131lan faaliyetler hakk\u0131nda bilgiler verdi. Ba\u015fkan Y\u0131lmaz, \u201cGeride b\u0131rakt\u0131\u011f\u0131m\u0131z bir y\u0131l i\u00e7erisinde, \u2018birlikte y\u00f6netim, ortak ak\u0131l ve s\u00fcrd\u00fcr\u00fclebilir belediyecilik\u2019 ilkelerimizi temel alarak; hem yap\u0131sal reformlara imza att\u0131k, hem de sosyal ve teknik faaliyetlerle \u00fcye belediyelerimiz aras\u0131nda g\u00fczel bir sinerji yakalad\u0131k\u201d dedi.<br \/>\n\u201cG\u00fcn\u00fc kurtarmak i\u00e7in de\u011fil, yar\u0131n\u0131 in\u015fa etmek i\u00e7in \u00e7al\u0131\u015f\u0131yoruz\u201d diyen Ba\u015fkan Oktay Y\u0131lmaz, s\u00f6zlerini \u015f\u00f6yle s\u00fcrd\u00fcrd\u00fc:<br \/>\n\u201cYerel y\u00f6netimi bug\u00fcn\u00fcn ihtiya\u00e7lar\u0131yla de\u011fil, yar\u0131n\u0131n beklentileriyle yeniden tan\u0131ml\u0131yoruz. Birli\u011fimizi sadece sorunlara \u00e7\u00f6z\u00fcm arayan de\u011fil, ilham verici modeller \u00fcreten bir yap\u0131ya d\u00f6n\u00fc\u015ft\u00fcrmeye kararl\u0131y\u0131z. Dijitalle\u015fmeden \u00e7evresel s\u00fcrd\u00fcr\u00fclebilirli\u011fe, ortak projelerden kurumsal kapasite geli\u015fimine kadar her alanda \u00e7\u0131tay\u0131 y\u00fckseltmek i\u00e7in buraday\u0131z. Bursa belediyeler birli\u011fi sadece bir yap\u0131 de\u011fil, bir vizyonun ad\u0131d\u0131r. Bu vizyon, gelece\u011fe dair umudu b\u00fcy\u00fcten; kat\u0131l\u0131m\u0131, adaleti ve dayan\u0131\u015fmay\u0131 merkezine alan bir yerel y\u00f6netim anlay\u0131\u015f\u0131n\u0131n ta kendisidir.Bu yolda bize omuz veren t\u00fcm ba\u015fkanlar\u0131m\u0131za, meclis \u00fcyelerimize ve birlik emek\u00e7ilerine en i\u00e7ten te\u015fekk\u00fcrlerimi sunuyorum.\u00a0<\/p>\n<p>\u200bHaberin Al\u0131nt\u0131land\u0131\u011f\u0131 Kaynak: www.iskenderun.org<\/p>","protected":false},"excerpt":{"rendered":"<p>Bursa Belediyeler Birli\u011fi Meclisi\u2019nin 2025 y\u0131l\u0131 May\u0131s Ay\u0131 Ola\u011fan Toplant\u0131s\u0131 Y\u0131ld\u0131r\u0131m\u2019da yap\u0131ld\u0131.BURSA (\u0130GFA) &#8211; Bursa&#8217;da Kapl\u0131kaya Cazibe Merkezi\u2019nde ger\u00e7ekle\u015ftirilen toplant\u0131da konu\u015fan Y\u0131ld\u0131r\u0131m Belediye Ba\u015fkan\u0131 ve ayn\u0131 zamanda Bursa Belediyeler Birli\u011fi Ba\u015fkan\u0131 Oktay Y\u0131lmaz, \u201cBirli\u011fimizi sadece sorunlara \u00e7\u00f6z\u00fcm arayan de\u011fil, ilham verici modeller \u00fcreten bir yap\u0131ya d\u00f6n\u00fc\u015ft\u00fcrmeye kararl\u0131y\u0131z\u201d dedi. Bursa Belediyeler Birli\u011fi May\u0131s Ay\u0131 Ola\u011fan Toplant\u0131s\u0131 Kapl\u0131kaya Cazibe Merkezi\u2019nde ger\u00e7ekle\u015ftirildi. Y\u0131ld\u0131r\u0131m Belediye Ba\u015fkan\u0131 ve ayn\u0131 zamanda Bursa Belediyeler Birli\u011fi Ba\u015fkan\u0131 Oktay Y\u0131lmaz ba\u015fkanl\u0131\u011f\u0131nda d\u00fczenlenen toplant\u0131da, birlik \u00fcyeleri g\u00fcndem maddelerini karara ba\u011flad\u0131. ENC\u00dcMEN VE PLAN B\u00dcT\u00c7E KOM\u0130SYONU \u00dcYEL\u0130KLER\u0130NDE SE\u00c7\u0130M YAPILDI Toplant\u0131da, Enc\u00fcmen \u00dcyeli\u011fi ile Plan ve B\u00fct\u00e7e Komisyonu \u00dcyelikleri i\u00e7in se\u00e7imler yap\u0131l\u0131rken, 2024 mali y\u0131l\u0131 b\u00fct\u00e7e kesin hesab\u0131 da g\u00f6r\u00fc\u015f\u00fcld\u00fc. Yap\u0131lan se\u00e7imlerde, Bursa Belediyeler Birli\u011fi Enc\u00fcmen \u00dcyeli\u011fi\u2019ne; Birlik Ba\u015fkan\u0131 ve ayn\u0131 zamanda Y\u0131ld\u0131r\u0131m Belediye Ba\u015fkan\u0131 Oktay Y\u0131lmaz, \u0130neg\u00f6l Belediye Ba\u015fkan\u0131 Alper Taban, Kestel Belediye Ba\u015fkan\u0131 Ferhat Erol, G\u00fcrsu Belediye Ba\u015fkan\u0131 Mustafa I\u015f\u0131k, \u0130znik Belediye Ba\u015fkan\u0131 Ka\u011fan Mehmet Usta, Orhangazi Belediye Ba\u015fkan\u0131 Bekir Ayd\u0131n, Orhaneli Belediye Ba\u015fkan\u0131 Ali Osman Tay\u0131r, Keles Belediye Ba\u015fkan\u0131 Ali Do\u011fru se\u00e7ildi. Plan ve B\u00fct\u00e7e Komisyonu \u00dcyeli\u011fi i\u00e7in yap\u0131lan se\u00e7imdeyse; Osman \u015eahin, Murat Tun\u00e7 Bircan, \u0130brahim T\u00fcrkan, Ali Ekber Can, Ha\u015fim Yolda\u015f se\u00e7ildi. Ayr\u0131ca toplant\u0131da; birlik ile belediyeler, kamu kurumlar\u0131 ve mahalli idare birlikleri aras\u0131nda k\u00fclt\u00fcr, sanat, spor, e\u011fitim, &hellip;<\/p>","protected":false},"author":1,"featured_media":0,"comment_status":"","ping_status":"open","sticky":false,"template":"","format":"standard","meta":{"_acf_changed":false,"footnotes":""},"categories":[24],"tags":[],"class_list":["post-99656","post","type-post","status-publish","format-standard","has-post-thumbnail","hentry","category-gundem"],"acf":[],"yoast_head":"<!-- This site is optimized with the Yoast SEO Premium plugin v26.6 (Yoast SEO v27.1.1) - https:\/\/yoast.com\/product\/yoast-seo-premium-wordpress\/ -->\n<title>Bursa Belediyeler Birli\u011fi 2025 y\u0131l\u0131 Ola\u011fan Meclis Toplant\u0131s\u0131n\u0131 ger\u00e7ekle\u015ftirdi - Av. Deniz Can K\u0131z\u0131l<\/title>\n<meta name=\"robots\" content=\"index, follow, max-snippet:-1, max-image-preview:large, max-video-preview:-1\" \/>\n<link rel=\"canonical\" href=\"https:\/\/denizcankizil.tr\/de\/haberler\/gundem\/bursa-belediyeler-birligi-2025-yili-olagan-meclis-toplantisini-gerceklestirdi\/\" \/>\n<meta property=\"og:locale\" content=\"de_DE\" \/>\n<meta property=\"og:type\" content=\"article\" \/>\n<meta property=\"og:title\" content=\"Bursa Belediyeler Birli\u011fi 2025 y\u0131l\u0131 Ola\u011fan Meclis Toplant\u0131s\u0131n\u0131 ger\u00e7ekle\u015ftirdi\" \/>\n<meta property=\"og:description\" content=\"Bursa Belediyeler Birli\u011fi Meclisi\u2019nin 2025 y\u0131l\u0131 May\u0131s Ay\u0131 Ola\u011fan Toplant\u0131s\u0131 Y\u0131ld\u0131r\u0131m\u2019da yap\u0131ld\u0131.BURSA (\u0130GFA) &#8211; Bursa&#8217;da Kapl\u0131kaya Cazibe Merkezi\u2019nde ger\u00e7ekle\u015ftirilen toplant\u0131da konu\u015fan Y\u0131ld\u0131r\u0131m Belediye Ba\u015fkan\u0131 ve ayn\u0131 zamanda Bursa Belediyeler Birli\u011fi Ba\u015fkan\u0131 Oktay Y\u0131lmaz, \u201cBirli\u011fimizi sadece sorunlara \u00e7\u00f6z\u00fcm arayan de\u011fil, ilham verici modeller \u00fcreten bir yap\u0131ya d\u00f6n\u00fc\u015ft\u00fcrmeye kararl\u0131y\u0131z\u201d dedi. Bursa Belediyeler Birli\u011fi May\u0131s Ay\u0131 Ola\u011fan Toplant\u0131s\u0131 Kapl\u0131kaya Cazibe Merkezi\u2019nde ger\u00e7ekle\u015ftirildi. Y\u0131ld\u0131r\u0131m Belediye Ba\u015fkan\u0131 ve ayn\u0131 zamanda Bursa Belediyeler Birli\u011fi Ba\u015fkan\u0131 Oktay Y\u0131lmaz ba\u015fkanl\u0131\u011f\u0131nda d\u00fczenlenen toplant\u0131da, birlik \u00fcyeleri g\u00fcndem maddelerini karara ba\u011flad\u0131. ENC\u00dcMEN VE PLAN B\u00dcT\u00c7E KOM\u0130SYONU \u00dcYEL\u0130KLER\u0130NDE SE\u00c7\u0130M YAPILDI Toplant\u0131da, Enc\u00fcmen \u00dcyeli\u011fi ile Plan ve B\u00fct\u00e7e Komisyonu \u00dcyelikleri i\u00e7in se\u00e7imler yap\u0131l\u0131rken, 2024 mali y\u0131l\u0131 b\u00fct\u00e7e kesin hesab\u0131 da g\u00f6r\u00fc\u015f\u00fcld\u00fc. Yap\u0131lan se\u00e7imlerde, Bursa Belediyeler Birli\u011fi Enc\u00fcmen \u00dcyeli\u011fi\u2019ne; Birlik Ba\u015fkan\u0131 ve ayn\u0131 zamanda Y\u0131ld\u0131r\u0131m Belediye Ba\u015fkan\u0131 Oktay Y\u0131lmaz, \u0130neg\u00f6l Belediye Ba\u015fkan\u0131 Alper Taban, Kestel Belediye Ba\u015fkan\u0131 Ferhat Erol, G\u00fcrsu Belediye Ba\u015fkan\u0131 Mustafa I\u015f\u0131k, \u0130znik Belediye Ba\u015fkan\u0131 Ka\u011fan Mehmet Usta, Orhangazi Belediye Ba\u015fkan\u0131 Bekir Ayd\u0131n, Orhaneli Belediye Ba\u015fkan\u0131 Ali Osman Tay\u0131r, Keles Belediye Ba\u015fkan\u0131 Ali Do\u011fru se\u00e7ildi. Plan ve B\u00fct\u00e7e Komisyonu \u00dcyeli\u011fi i\u00e7in yap\u0131lan se\u00e7imdeyse; Osman \u015eahin, Murat Tun\u00e7 Bircan, \u0130brahim T\u00fcrkan, Ali Ekber Can, Ha\u015fim Yolda\u015f se\u00e7ildi. Ayr\u0131ca toplant\u0131da; birlik ile belediyeler, kamu kurumlar\u0131 ve mahalli idare birlikleri aras\u0131nda k\u00fclt\u00fcr, sanat, spor, e\u011fitim, &hellip;\" \/>\n<meta property=\"og:url\" content=\"https:\/\/denizcankizil.tr\/de\/haberler\/gundem\/bursa-belediyeler-birligi-2025-yili-olagan-meclis-toplantisini-gerceklestirdi\/\" \/>\n<meta property=\"og:site_name\" content=\"Av. Deniz Can K\u0131z\u0131l\" \/>\n<meta property=\"article:published_time\" content=\"2025-05-28T13:43:07+00:00\" \/>\n<meta name=\"author\" content=\"admin\" \/>\n<meta name=\"twitter:card\" content=\"summary_large_image\" \/>\n<meta name=\"twitter:label1\" content=\"Verfasst von\" \/>\n\t<meta name=\"twitter:data1\" content=\"admin\" \/>\n\t<meta name=\"twitter:label2\" content=\"Gesch\u00e4tzte Lesezeit\" \/>\n\t<meta name=\"twitter:data2\" content=\"6\u00a0Minuten\" \/>\n<script type=\"application\/ld+json\" class=\"yoast-schema-graph\">{\"@context\":\"https:\/\/schema.org\",\"@graph\":[{\"@type\":\"Article\",\"@id\":\"https:\/\/denizcankizil.tr\/de\/haberler\/gundem\/bursa-belediyeler-birligi-2025-yili-olagan-meclis-toplantisini-gerceklestirdi\/#article\",\"isPartOf\":{\"@id\":\"https:\/\/denizcankizil.tr\/de\/haberler\/gundem\/bursa-belediyeler-birligi-2025-yili-olagan-meclis-toplantisini-gerceklestirdi\/\"},\"author\":{\"name\":\"admin\",\"@id\":\"https:\/\/denizcankizil.tr\/#\/schema\/person\/be3c05fe6a12686905512445d8185489\"},\"headline\":\"Bursa Belediyeler Birli\u011fi 2025 y\u0131l\u0131 Ola\u011fan Meclis Toplant\u0131s\u0131n\u0131 ger\u00e7ekle\u015ftirdi\",\"datePublished\":\"2025-05-28T13:43:07+00:00\",\"mainEntityOfPage\":{\"@id\":\"https:\/\/denizcankizil.tr\/de\/haberler\/gundem\/bursa-belediyeler-birligi-2025-yili-olagan-meclis-toplantisini-gerceklestirdi\/\"},\"wordCount\":1311,\"publisher\":{\"@id\":\"https:\/\/denizcankizil.tr\/#organization\"},\"articleSection\":[\"G\u00fcndem\"],\"inLanguage\":\"de\"},{\"@type\":\"WebPage\",\"@id\":\"https:\/\/denizcankizil.tr\/de\/haberler\/gundem\/bursa-belediyeler-birligi-2025-yili-olagan-meclis-toplantisini-gerceklestirdi\/\",\"url\":\"https:\/\/denizcankizil.tr\/de\/haberler\/gundem\/bursa-belediyeler-birligi-2025-yili-olagan-meclis-toplantisini-gerceklestirdi\/\",\"name\":\"Bursa Belediyeler Birli\u011fi 2025 y\u0131l\u0131 Ola\u011fan Meclis Toplant\u0131s\u0131n\u0131 ger\u00e7ekle\u015ftirdi - Av. Deniz Can K\u0131z\u0131l\",\"isPartOf\":{\"@id\":\"https:\/\/denizcankizil.tr\/#website\"},\"datePublished\":\"2025-05-28T13:43:07+00:00\",\"breadcrumb\":{\"@id\":\"https:\/\/denizcankizil.tr\/de\/haberler\/gundem\/bursa-belediyeler-birligi-2025-yili-olagan-meclis-toplantisini-gerceklestirdi\/#breadcrumb\"},\"inLanguage\":\"de\",\"potentialAction\":[{\"@type\":\"ReadAction\",\"target\":[\"https:\/\/denizcankizil.tr\/de\/haberler\/gundem\/bursa-belediyeler-birligi-2025-yili-olagan-meclis-toplantisini-gerceklestirdi\/\"]}]},{\"@type\":\"BreadcrumbList\",\"@id\":\"https:\/\/denizcankizil.tr\/de\/haberler\/gundem\/bursa-belediyeler-birligi-2025-yili-olagan-meclis-toplantisini-gerceklestirdi\/#breadcrumb\",\"itemListElement\":[{\"@type\":\"ListItem\",\"position\":1,\"name\":\"Home\",\"item\":\"https:\/\/denizcankizil.tr\/uk\/\"},{\"@type\":\"ListItem\",\"position\":2,\"name\":\"Bursa Belediyeler Birli\u011fi 2025 y\u0131l\u0131 Ola\u011fan Meclis Toplant\u0131s\u0131n\u0131 ger\u00e7ekle\u015ftirdi\"}]},{\"@type\":\"WebSite\",\"@id\":\"https:\/\/denizcankizil.tr\/#website\",\"url\":\"https:\/\/denizcankizil.tr\/\",\"name\":\"Av. Deniz Can K\u0131z\u0131l\",\"description\":\"Avukat Deniz Can K\u0131z\u0131l Antalya Barosu\",\"publisher\":{\"@id\":\"https:\/\/denizcankizil.tr\/#organization\"},\"potentialAction\":[{\"@type\":\"SearchAction\",\"target\":{\"@type\":\"EntryPoint\",\"urlTemplate\":\"https:\/\/denizcankizil.tr\/?s={search_term_string}\"},\"query-input\":{\"@type\":\"PropertyValueSpecification\",\"valueRequired\":true,\"valueName\":\"search_term_string\"}}],\"inLanguage\":\"de\"},{\"@type\":\"Organization\",\"@id\":\"https:\/\/denizcankizil.tr\/#organization\",\"name\":\"Av. Deniz Can K\u0131z\u0131l\",\"url\":\"https:\/\/denizcankizil.tr\/\",\"logo\":{\"@type\":\"ImageObject\",\"inLanguage\":\"de\",\"@id\":\"https:\/\/denizcankizil.tr\/#\/schema\/logo\/image\/\",\"url\":\"https:\/\/denizcankizil.tr\/wp-content\/uploads\/2024\/10\/siyah-logo-svg.svg\",\"contentUrl\":\"https:\/\/denizcankizil.tr\/wp-content\/uploads\/2024\/10\/siyah-logo-svg.svg\",\"width\":1080,\"height\":1080,\"caption\":\"Av. Deniz Can K\u0131z\u0131l\"},\"image\":{\"@id\":\"https:\/\/denizcankizil.tr\/#\/schema\/logo\/image\/\"}},{\"@type\":\"Person\",\"@id\":\"https:\/\/denizcankizil.tr\/#\/schema\/person\/be3c05fe6a12686905512445d8185489\",\"name\":\"admin\",\"image\":{\"@type\":\"ImageObject\",\"inLanguage\":\"de\",\"@id\":\"https:\/\/denizcankizil.tr\/#\/schema\/person\/image\/\",\"url\":\"https:\/\/secure.gravatar.com\/avatar\/c1fce94c830dc79107e174f890d7210541c4a63e8e5d816341794a2151c9d58c?s=96&d=mm&r=g\",\"contentUrl\":\"https:\/\/secure.gravatar.com\/avatar\/c1fce94c830dc79107e174f890d7210541c4a63e8e5d816341794a2151c9d58c?s=96&d=mm&r=g\",\"caption\":\"admin\"},\"sameAs\":[\"http:\/\/denizcankizil.tr\"],\"url\":\"https:\/\/www.iskenderun.org\/bursa-belediyeler-birligi-2025-yili-olagan-meclis-toplantisini-gerceklestirdi\"}]}<\/script>\n<!-- \/ Yoast SEO Premium plugin. -->","yoast_head_json":{"title":"Bursa Belediyeler Birli\u011fi 2025 y\u0131l\u0131 Ola\u011fan Meclis Toplant\u0131s\u0131n\u0131 ger\u00e7ekle\u015ftirdi - Av. Deniz Can K\u0131z\u0131l","robots":{"index":"index","follow":"follow","max-snippet":"max-snippet:-1","max-image-preview":"max-image-preview:large","max-video-preview":"max-video-preview:-1"},"canonical":"https:\/\/denizcankizil.tr\/de\/haberler\/gundem\/bursa-belediyeler-birligi-2025-yili-olagan-meclis-toplantisini-gerceklestirdi\/","og_locale":"de_DE","og_type":"article","og_title":"Bursa Belediyeler Birli\u011fi 2025 y\u0131l\u0131 Ola\u011fan Meclis Toplant\u0131s\u0131n\u0131 ger\u00e7ekle\u015ftirdi","og_description":"Bursa Belediyeler Birli\u011fi Meclisi\u2019nin 2025 y\u0131l\u0131 May\u0131s Ay\u0131 Ola\u011fan Toplant\u0131s\u0131 Y\u0131ld\u0131r\u0131m\u2019da yap\u0131ld\u0131.BURSA (\u0130GFA) &#8211; Bursa&#8217;da Kapl\u0131kaya Cazibe Merkezi\u2019nde ger\u00e7ekle\u015ftirilen toplant\u0131da konu\u015fan Y\u0131ld\u0131r\u0131m Belediye Ba\u015fkan\u0131 ve ayn\u0131 zamanda Bursa Belediyeler Birli\u011fi Ba\u015fkan\u0131 Oktay Y\u0131lmaz, \u201cBirli\u011fimizi sadece sorunlara \u00e7\u00f6z\u00fcm arayan de\u011fil, ilham verici modeller \u00fcreten bir yap\u0131ya d\u00f6n\u00fc\u015ft\u00fcrmeye kararl\u0131y\u0131z\u201d dedi. Bursa Belediyeler Birli\u011fi May\u0131s Ay\u0131 Ola\u011fan Toplant\u0131s\u0131 Kapl\u0131kaya Cazibe Merkezi\u2019nde ger\u00e7ekle\u015ftirildi. Y\u0131ld\u0131r\u0131m Belediye Ba\u015fkan\u0131 ve ayn\u0131 zamanda Bursa Belediyeler Birli\u011fi Ba\u015fkan\u0131 Oktay Y\u0131lmaz ba\u015fkanl\u0131\u011f\u0131nda d\u00fczenlenen toplant\u0131da, birlik \u00fcyeleri g\u00fcndem maddelerini karara ba\u011flad\u0131. ENC\u00dcMEN VE PLAN B\u00dcT\u00c7E KOM\u0130SYONU \u00dcYEL\u0130KLER\u0130NDE SE\u00c7\u0130M YAPILDI Toplant\u0131da, Enc\u00fcmen \u00dcyeli\u011fi ile Plan ve B\u00fct\u00e7e Komisyonu \u00dcyelikleri i\u00e7in se\u00e7imler yap\u0131l\u0131rken, 2024 mali y\u0131l\u0131 b\u00fct\u00e7e kesin hesab\u0131 da g\u00f6r\u00fc\u015f\u00fcld\u00fc. Yap\u0131lan se\u00e7imlerde, Bursa Belediyeler Birli\u011fi Enc\u00fcmen \u00dcyeli\u011fi\u2019ne; Birlik Ba\u015fkan\u0131 ve ayn\u0131 zamanda Y\u0131ld\u0131r\u0131m Belediye Ba\u015fkan\u0131 Oktay Y\u0131lmaz, \u0130neg\u00f6l Belediye Ba\u015fkan\u0131 Alper Taban, Kestel Belediye Ba\u015fkan\u0131 Ferhat Erol, G\u00fcrsu Belediye Ba\u015fkan\u0131 Mustafa I\u015f\u0131k, \u0130znik Belediye Ba\u015fkan\u0131 Ka\u011fan Mehmet Usta, Orhangazi Belediye Ba\u015fkan\u0131 Bekir Ayd\u0131n, Orhaneli Belediye Ba\u015fkan\u0131 Ali Osman Tay\u0131r, Keles Belediye Ba\u015fkan\u0131 Ali Do\u011fru se\u00e7ildi. Plan ve B\u00fct\u00e7e Komisyonu \u00dcyeli\u011fi i\u00e7in yap\u0131lan se\u00e7imdeyse; Osman \u015eahin, Murat Tun\u00e7 Bircan, \u0130brahim T\u00fcrkan, Ali Ekber Can, Ha\u015fim Yolda\u015f se\u00e7ildi. Ayr\u0131ca toplant\u0131da; birlik ile belediyeler, kamu kurumlar\u0131 ve mahalli idare birlikleri aras\u0131nda k\u00fclt\u00fcr, sanat, spor, e\u011fitim, &hellip;","og_url":"https:\/\/denizcankizil.tr\/de\/haberler\/gundem\/bursa-belediyeler-birligi-2025-yili-olagan-meclis-toplantisini-gerceklestirdi\/","og_site_name":"Av. Deniz Can K\u0131z\u0131l","article_published_time":"2025-05-28T13:43:07+00:00","author":"admin","twitter_card":"summary_large_image","twitter_misc":{"Verfasst von":"admin","Gesch\u00e4tzte Lesezeit":"6\u00a0Minuten"},"schema":{"@context":"https:\/\/schema.org","@graph":[{"@type":"Article","@id":"https:\/\/denizcankizil.tr\/de\/haberler\/gundem\/bursa-belediyeler-birligi-2025-yili-olagan-meclis-toplantisini-gerceklestirdi\/#article","isPartOf":{"@id":"https:\/\/denizcankizil.tr\/de\/haberler\/gundem\/bursa-belediyeler-birligi-2025-yili-olagan-meclis-toplantisini-gerceklestirdi\/"},"author":{"name":"admin","@id":"https:\/\/denizcankizil.tr\/#\/schema\/person\/be3c05fe6a12686905512445d8185489"},"headline":"Bursa Belediyeler Birli\u011fi 2025 y\u0131l\u0131 Ola\u011fan Meclis Toplant\u0131s\u0131n\u0131 ger\u00e7ekle\u015ftirdi","datePublished":"2025-05-28T13:43:07+00:00","mainEntityOfPage":{"@id":"https:\/\/denizcankizil.tr\/de\/haberler\/gundem\/bursa-belediyeler-birligi-2025-yili-olagan-meclis-toplantisini-gerceklestirdi\/"},"wordCount":1311,"publisher":{"@id":"https:\/\/denizcankizil.tr\/#organization"},"articleSection":["G\u00fcndem"],"inLanguage":"de"},{"@type":"WebPage","@id":"https:\/\/denizcankizil.tr\/de\/haberler\/gundem\/bursa-belediyeler-birligi-2025-yili-olagan-meclis-toplantisini-gerceklestirdi\/","url":"https:\/\/denizcankizil.tr\/de\/haberler\/gundem\/bursa-belediyeler-birligi-2025-yili-olagan-meclis-toplantisini-gerceklestirdi\/","name":"Bursa Belediyeler Birli\u011fi 2025 y\u0131l\u0131 Ola\u011fan Meclis Toplant\u0131s\u0131n\u0131 ger\u00e7ekle\u015ftirdi - Av. Deniz Can K\u0131z\u0131l","isPartOf":{"@id":"https:\/\/denizcankizil.tr\/#website"},"datePublished":"2025-05-28T13:43:07+00:00","breadcrumb":{"@id":"https:\/\/denizcankizil.tr\/de\/haberler\/gundem\/bursa-belediyeler-birligi-2025-yili-olagan-meclis-toplantisini-gerceklestirdi\/#breadcrumb"},"inLanguage":"de","potentialAction":[{"@type":"ReadAction","target":["https:\/\/denizcankizil.tr\/de\/haberler\/gundem\/bursa-belediyeler-birligi-2025-yili-olagan-meclis-toplantisini-gerceklestirdi\/"]}]},{"@type":"BreadcrumbList","@id":"https:\/\/denizcankizil.tr\/de\/haberler\/gundem\/bursa-belediyeler-birligi-2025-yili-olagan-meclis-toplantisini-gerceklestirdi\/#breadcrumb","itemListElement":[{"@type":"ListItem","position":1,"name":"Home","item":"https:\/\/denizcankizil.tr\/uk\/"},{"@type":"ListItem","position":2,"name":"Bursa Belediyeler Birli\u011fi 2025 y\u0131l\u0131 Ola\u011fan Meclis Toplant\u0131s\u0131n\u0131 ger\u00e7ekle\u015ftirdi"}]},{"@type":"WebSite","@id":"https:\/\/denizcankizil.tr\/#website","url":"https:\/\/denizcankizil.tr\/","name":"Av. Deniz Can K\u0131z\u0131l","description":"Avukat Deniz Can K\u0131z\u0131l Antalya Barosu","publisher":{"@id":"https:\/\/denizcankizil.tr\/#organization"},"potentialAction":[{"@type":"SearchAction","target":{"@type":"EntryPoint","urlTemplate":"https:\/\/denizcankizil.tr\/?s={search_term_string}"},"query-input":{"@type":"PropertyValueSpecification","valueRequired":true,"valueName":"search_term_string"}}],"inLanguage":"de"},{"@type":"Organization","@id":"https:\/\/denizcankizil.tr\/#organization","name":"Av. Deniz Can K\u0131z\u0131l","url":"https:\/\/denizcankizil.tr\/","logo":{"@type":"ImageObject","inLanguage":"de","@id":"https:\/\/denizcankizil.tr\/#\/schema\/logo\/image\/","url":"https:\/\/denizcankizil.tr\/wp-content\/uploads\/2024\/10\/siyah-logo-svg.svg","contentUrl":"https:\/\/denizcankizil.tr\/wp-content\/uploads\/2024\/10\/siyah-logo-svg.svg","width":1080,"height":1080,"caption":"Av. Deniz Can K\u0131z\u0131l"},"image":{"@id":"https:\/\/denizcankizil.tr\/#\/schema\/logo\/image\/"}},{"@type":"Person","@id":"https:\/\/denizcankizil.tr\/#\/schema\/person\/be3c05fe6a12686905512445d8185489","name":"Administrator","image":{"@type":"ImageObject","inLanguage":"de","@id":"https:\/\/denizcankizil.tr\/#\/schema\/person\/image\/","url":"https:\/\/secure.gravatar.com\/avatar\/c1fce94c830dc79107e174f890d7210541c4a63e8e5d816341794a2151c9d58c?s=96&d=mm&r=g","contentUrl":"https:\/\/secure.gravatar.com\/avatar\/c1fce94c830dc79107e174f890d7210541c4a63e8e5d816341794a2151c9d58c?s=96&d=mm&r=g","caption":"admin"},"sameAs":["http:\/\/denizcankizil.tr"],"url":"https:\/\/www.iskenderun.org\/bursa-belediyeler-birligi-2025-yili-olagan-meclis-toplantisini-gerceklestirdi"}]}},"_links":{"self":[{"href":"https:\/\/denizcankizil.tr\/de\/wp-json\/wp\/v2\/posts\/99656","targetHints":{"allow":["GET"]}}],"collection":[{"href":"https:\/\/denizcankizil.tr\/de\/wp-json\/wp\/v2\/posts"}],"about":[{"href":"https:\/\/denizcankizil.tr\/de\/wp-json\/wp\/v2\/types\/post"}],"author":[{"embeddable":true,"href":"https:\/\/denizcankizil.tr\/de\/wp-json\/wp\/v2\/users\/1"}],"replies":[{"embeddable":true,"href":"https:\/\/denizcankizil.tr\/de\/wp-json\/wp\/v2\/comments?post=99656"}],"version-history":[{"count":0,"href":"https:\/\/denizcankizil.tr\/de\/wp-json\/wp\/v2\/posts\/99656\/revisions"}],"wp:attachment":[{"href":"https:\/\/denizcankizil.tr\/de\/wp-json\/wp\/v2\/media?parent=99656"}],"wp:term":[{"taxonomy":"category","embeddable":true,"href":"https:\/\/denizcankizil.tr\/de\/wp-json\/wp\/v2\/categories?post=99656"},{"taxonomy":"post_tag","embeddable":true,"href":"https:\/\/denizcankizil.tr\/de\/wp-json\/wp\/v2\/tags?post=99656"}],"curies":[{"name":"wp","href":"https:\/\/api.w.org\/{rel}","templated":true}]}}