{"id":99652,"date":"2025-05-28T16:42:59","date_gmt":"2025-05-28T13:42:59","guid":{"rendered":"https:\/\/denizcankizil.tr\/uncategorized-tr\/sakaryada-24-uluslararasi-siir-festivali-ruhlara-dokunacak\/"},"modified":"2025-05-28T16:42:59","modified_gmt":"2025-05-28T13:42:59","slug":"sakaryada-24-uluslararasi-siir-festivali-ruhlara-dokunacak","status":"publish","type":"post","link":"https:\/\/denizcankizil.tr\/de\/haberler\/gundem\/sakaryada-24-uluslararasi-siir-festivali-ruhlara-dokunacak\/","title":{"rendered":"Sakarya\u2019da 24.Uluslararas\u0131 \u015eiir Festivali ruhlara dokunacak!"},"content":{"rendered":"<p>Sakarya B\u00fcy\u00fck\u015fehir Belediyesi taraf\u0131ndan geleneksel olarak d\u00fczenlenen 24. Uluslararas\u0131 Sapanca \u015eiir Ak\u015famlar\u0131, T\u00fcrk ve D\u00fcnya Edebiyat\u0131\u2019n\u0131n \u00f6nemli isimlerini ayn\u0131 sahnede bulu\u015fturacak.<br \/>\nSAKARYA (\u0130GFA) &#8211; Sakarya B\u00fcy\u00fck\u015fehir Belediyesi taraf\u0131ndan geleneksel olarak d\u00fczenlenen Uluslararas\u0131 Sapanca \u015eiir Ak\u015famlar\u0131, 24\u2019\u00fcnc\u00fc y\u0131l\u0131nda da yine birbirinden de\u011ferli sanat\u00e7\u0131larla \u015fiire hayat verecek, g\u00f6n\u00fcllere dokunacak.<br \/>\n\u00d6NEML\u0130 \u015eA\u0130RLER, B\u0130RB\u0130R\u0130NDEN SE\u00c7K\u0130N ESERLER<br \/>\n12-14 Haziran tarihleri aras\u0131nda 3 g\u00fcn s\u00fcrecek \u015fiir \u015f\u00f6leninde, T\u00fcrkiye\u2019den ve yurt d\u0131\u015f\u0131ndan \u00e7ok say\u0131da de\u011ferli \u015fairler bir araya gelecek. Etkinliklerde birbirinden se\u00e7kin eserler edebiyat severlerle bulu\u015facak.<br \/>\n\u015e\u0130\u0130RLE A\u00c7ILI\u015e SAKLI BAH\u00c7E\u2019DE<br \/>\nEtkinli\u011fin a\u00e7\u0131l\u0131\u015f\u0131, 12 Haziran Per\u015fembe ak\u015fam\u0131 saat 19.00\u2019da Sakarya \u00dcniversitesi Sakl\u0131 Bah\u00e7e\u2019de (Pro-Ge At\u00f6lyesi) yap\u0131lacak. \u015eiir sunumlar\u0131n\u0131n ger\u00e7ekle\u015ftirilece\u011fi programda, \u015eair Ahmet Sar\u0131, Atakan Yavuz, Ay\u015fenur Bi\u00e7er, Dilara Ay\u015fe Akdeniz, Ercan Y\u0131lmaz, Erol Tufan (Kuzey Makedonya), Ertu\u011frul Rast, Gayrat Mecid (\u00d6zbekistan), Hayriye \u00dcnal, H\u00fcseyin Atlansoy, \u0130brahim Nasrallah (Filistin), \u0130hsan Deniz, Kenan G\u00f6\u00e7er, Leyla Arsal, Mehmet Ayc\u0131, M\u00fcberra Karaday\u0131 (Yunanistan), Nergihan Ye\u015filyurt, Seyhan Yakupi (Kuzey Makedonya) ve Zeynep Arkan gibi birbirinden de\u011ferli isimler \u015fiirlerini seslendirecek.<br \/>\n\u015eA\u0130RLER L\u0130SELERDE \u00d6\u011eRENC\u0130LERLE BULU\u015eACAK<br \/>\n13 Haziran Cuma g\u00fcn\u00fc saat 10.30\u2019da d\u00fczenlenecek programlarda ise \u015fairler Sakarya\u2019daki 5 farkl\u0131 lisede \u00f6\u011frencilerle bir araya gelecek.<br \/>\n\u201c\u015eairler Liselerde\u201d temas\u0131yla ger\u00e7ekle\u015ftirilecek programlarda \u00f6\u011frenciler, \u015fiiri usta kalemlerden dinlemenin heyecan\u0131n\u0131 ya\u015fayacak.<\/p>\n<p>PROGRAMIN D\u00dcZENLENECE\u011e\u0130 L\u0130SELER \u0130\u015eE \u015eU \u015eEK\u0130LDE;<br \/>\nCemil Meri\u00e7 Sosyal Bilimler Lisesi: Ahmet Sar\u0131, Dilara Ay\u015fe Akdeniz, Ercan Y\u0131lmazAdapazar\u0131 \u0130mam Hatip Lisesi: H\u00fcseyin Atlansoy, \u0130brahim Nasrallah, Kenan G\u00f6\u00e7er, M\u00fcberra Karaday\u0131Sakarya G\u00fczel Sanatlar Lisesi: Ertu\u011frul Rast, Hayriye \u00dcnal, Gayrat Mecid, Zeynep ArkanErenler Figen Sakall\u0131o\u011flu Anadolu Lisesi: Atakan Yavuz, Mehmet Ayc\u0131, Nergihan Ye\u015filyurt, Seyhan YakupiArifiye Necmettin Erbakan Fen Lisesi: Ay\u015fenur Bi\u00e7er, Erol Tufan, \u0130hsan Deniz, Leyla Arsal\u00d6\u011frenciler seslendirecek \u015fairler dinleyecekAyn\u0131 g\u00fcn saat 15.00\u2019te Aziz Duran Park\u0131\u2019ndaki Divan Kitap Kafe\u2019de ger\u00e7ekle\u015fecek \u015fiir dinletisinde, \u015fairlerin eserleri \u00f6\u011frenciler taraf\u0131ndan seslendirilecek.<br \/>\nEn se\u00e7kin eserlerin seslendirilece\u011fi etkinlikte \u015fiirin b\u00fcy\u00fcleyici g\u00fcc\u00fc ku\u015faklar aras\u0131nda k\u00f6pr\u00fc olacak.<br \/>\nTARAKLI\u2019DA \u201c\u015e\u0130\u0130R VE TEKNOLOJ\u0130\u201d BULU\u015eMASI<br \/>\n13 Haziran\u2019da d\u00fczenlenecek programlar\u0131n sonuncusu ise saat 20.00\u2019de Tarakl\u0131\u2019da ger\u00e7ekle\u015ftirilecek.<br \/>\n\u015eiir ve Teknoloji konulu forumda, \u015fiirin dijitalle\u015fen d\u00fcnyadaki yeri ve \u015fiirin gelece\u011fi \u00fczerine fikir al\u0131\u015fveri\u015finde bulunulacak.<br \/>\nKATILIMCILAR SAH\u0130L PARKINDA M\u00dcZ\u0130\u011eE VE \u015e\u0130\u0130RE DOYACAK<br \/>\nEtkinli\u011fin finali de saat 14 Haziran Cumartesi g\u00fcn\u00fc 19.00\u2019da Sapanca 15 Temmuz Demokrasi Park\u0131\u2019nda (Sahil) yap\u0131lacak. SA\u00dc Orkestras\u0131\u2019n\u0131n dinletisiyle ba\u015flayacak program, \u015fairlerin kapan\u0131\u015f \u015fiir sunumlar\u0131yla ta\u00e7lanacak.<\/p>\n<p>\u200bSakarya B\u00fcy\u00fck\u015fehir Belediyesi taraf\u0131ndan geleneksel olarak d\u00fczenlenen 24. Uluslararas\u0131 Sapanca \u015eiir Ak\u015famlar\u0131, T\u00fcrk ve D\u00fcnya Edebiyat\u0131\u2019n\u0131n \u00f6nemli isimlerini ayn\u0131 sahnede bulu\u015fturacak.<br \/>\nSAKARYA (\u0130GFA) &#8211; Sakarya B\u00fcy\u00fck\u015fehir Belediyesi taraf\u0131ndan geleneksel olarak d\u00fczenlenen Uluslararas\u0131 Sapanca \u015eiir Ak\u015famlar\u0131, 24\u2019\u00fcnc\u00fc y\u0131l\u0131nda da yine birbirinden de\u011ferli sanat\u00e7\u0131larla \u015fiire hayat verecek, g\u00f6n\u00fcllere dokunacak.<br \/>\n\u00d6NEML\u0130 \u015eA\u0130RLER, B\u0130RB\u0130R\u0130NDEN SE\u00c7K\u0130N ESERLER<br \/>\n12-14 Haziran tarihleri aras\u0131nda 3 g\u00fcn s\u00fcrecek \u015fiir \u015f\u00f6leninde, T\u00fcrkiye\u2019den ve yurt d\u0131\u015f\u0131ndan \u00e7ok say\u0131da de\u011ferli \u015fairler bir araya gelecek. Etkinliklerde birbirinden se\u00e7kin eserler edebiyat severlerle bulu\u015facak.<br \/>\n\u015e\u0130\u0130RLE A\u00c7ILI\u015e SAKLI BAH\u00c7E\u2019DE<br \/>\nEtkinli\u011fin a\u00e7\u0131l\u0131\u015f\u0131, 12 Haziran Per\u015fembe ak\u015fam\u0131 saat 19.00\u2019da Sakarya \u00dcniversitesi Sakl\u0131 Bah\u00e7e\u2019de (Pro-Ge At\u00f6lyesi) yap\u0131lacak. \u015eiir sunumlar\u0131n\u0131n ger\u00e7ekle\u015ftirilece\u011fi programda, \u015eair Ahmet Sar\u0131, Atakan Yavuz, Ay\u015fenur Bi\u00e7er, Dilara Ay\u015fe Akdeniz, Ercan Y\u0131lmaz, Erol Tufan (Kuzey Makedonya), Ertu\u011frul Rast, Gayrat Mecid (\u00d6zbekistan), Hayriye \u00dcnal, H\u00fcseyin Atlansoy, \u0130brahim Nasrallah (Filistin), \u0130hsan Deniz, Kenan G\u00f6\u00e7er, Leyla Arsal, Mehmet Ayc\u0131, M\u00fcberra Karaday\u0131 (Yunanistan), Nergihan Ye\u015filyurt, Seyhan Yakupi (Kuzey Makedonya) ve Zeynep Arkan gibi birbirinden de\u011ferli isimler \u015fiirlerini seslendirecek.<br \/>\n\u015eA\u0130RLER L\u0130SELERDE \u00d6\u011eRENC\u0130LERLE BULU\u015eACAK<br \/>\n13 Haziran Cuma g\u00fcn\u00fc saat 10.30\u2019da d\u00fczenlenecek programlarda ise \u015fairler Sakarya\u2019daki 5 farkl\u0131 lisede \u00f6\u011frencilerle bir araya gelecek.<br \/>\n\u201c\u015eairler Liselerde\u201d temas\u0131yla ger\u00e7ekle\u015ftirilecek programlarda \u00f6\u011frenciler, \u015fiiri usta kalemlerden dinlemenin heyecan\u0131n\u0131 ya\u015fayacak.<\/p>\n<p>PROGRAMIN D\u00dcZENLENECE\u011e\u0130 L\u0130SELER \u0130\u015eE \u015eU \u015eEK\u0130LDE;<br \/>\nCemil Meri\u00e7 Sosyal Bilimler Lisesi: Ahmet Sar\u0131, Dilara Ay\u015fe Akdeniz, Ercan Y\u0131lmazAdapazar\u0131 \u0130mam Hatip Lisesi: H\u00fcseyin Atlansoy, \u0130brahim Nasrallah, Kenan G\u00f6\u00e7er, M\u00fcberra Karaday\u0131Sakarya G\u00fczel Sanatlar Lisesi: Ertu\u011frul Rast, Hayriye \u00dcnal, Gayrat Mecid, Zeynep ArkanErenler Figen Sakall\u0131o\u011flu Anadolu Lisesi: Atakan Yavuz, Mehmet Ayc\u0131, Nergihan Ye\u015filyurt, Seyhan YakupiArifiye Necmettin Erbakan Fen Lisesi: Ay\u015fenur Bi\u00e7er, Erol Tufan, \u0130hsan Deniz, Leyla Arsal\u00d6\u011frenciler seslendirecek \u015fairler dinleyecekAyn\u0131 g\u00fcn saat 15.00\u2019te Aziz Duran Park\u0131\u2019ndaki Divan Kitap Kafe\u2019de ger\u00e7ekle\u015fecek \u015fiir dinletisinde, \u015fairlerin eserleri \u00f6\u011frenciler taraf\u0131ndan seslendirilecek.<br \/>\nEn se\u00e7kin eserlerin seslendirilece\u011fi etkinlikte \u015fiirin b\u00fcy\u00fcleyici g\u00fcc\u00fc ku\u015faklar aras\u0131nda k\u00f6pr\u00fc olacak.<br \/>\nTARAKLI\u2019DA \u201c\u015e\u0130\u0130R VE TEKNOLOJ\u0130\u201d BULU\u015eMASI<br \/>\n13 Haziran\u2019da d\u00fczenlenecek programlar\u0131n sonuncusu ise saat 20.00\u2019de Tarakl\u0131\u2019da ger\u00e7ekle\u015ftirilecek.<br \/>\n\u015eiir ve Teknoloji konulu forumda, \u015fiirin dijitalle\u015fen d\u00fcnyadaki yeri ve \u015fiirin gelece\u011fi \u00fczerine fikir al\u0131\u015fveri\u015finde bulunulacak.<br \/>\nKATILIMCILAR SAH\u0130L PARKINDA M\u00dcZ\u0130\u011eE VE \u015e\u0130\u0130RE DOYACAK<br \/>\nEtkinli\u011fin finali de saat 14 Haziran Cumartesi g\u00fcn\u00fc 19.00\u2019da Sapanca 15 Temmuz Demokrasi Park\u0131\u2019nda (Sahil) yap\u0131lacak. SA\u00dc Orkestras\u0131\u2019n\u0131n dinletisiyle ba\u015flayacak program, \u015fairlerin kapan\u0131\u015f \u015fiir sunumlar\u0131yla ta\u00e7lanacak.\u00a0<\/p>\n<p>\u200bHaberin Al\u0131nt\u0131land\u0131\u011f\u0131 Kaynak: www.iskenderun.org<\/p>","protected":false},"excerpt":{"rendered":"<p>Sakarya B\u00fcy\u00fck\u015fehir Belediyesi taraf\u0131ndan geleneksel olarak d\u00fczenlenen 24. Uluslararas\u0131 Sapanca \u015eiir Ak\u015famlar\u0131, T\u00fcrk ve D\u00fcnya Edebiyat\u0131\u2019n\u0131n \u00f6nemli isimlerini ayn\u0131 sahnede bulu\u015fturacak. SAKARYA (\u0130GFA) &#8211; Sakarya B\u00fcy\u00fck\u015fehir Belediyesi taraf\u0131ndan geleneksel olarak d\u00fczenlenen Uluslararas\u0131 Sapanca \u015eiir Ak\u015famlar\u0131, 24\u2019\u00fcnc\u00fc y\u0131l\u0131nda da yine birbirinden de\u011ferli sanat\u00e7\u0131larla \u015fiire hayat verecek, g\u00f6n\u00fcllere dokunacak. \u00d6NEML\u0130 \u015eA\u0130RLER, B\u0130RB\u0130R\u0130NDEN SE\u00c7K\u0130N ESERLER 12-14 Haziran tarihleri aras\u0131nda 3 g\u00fcn s\u00fcrecek \u015fiir \u015f\u00f6leninde, T\u00fcrkiye\u2019den ve yurt d\u0131\u015f\u0131ndan \u00e7ok say\u0131da de\u011ferli \u015fairler bir araya gelecek. Etkinliklerde birbirinden se\u00e7kin eserler edebiyat severlerle bulu\u015facak. \u015e\u0130\u0130RLE A\u00c7ILI\u015e SAKLI BAH\u00c7E\u2019DE Etkinli\u011fin a\u00e7\u0131l\u0131\u015f\u0131, 12 Haziran Per\u015fembe ak\u015fam\u0131 saat 19.00\u2019da Sakarya \u00dcniversitesi Sakl\u0131 Bah\u00e7e\u2019de (Pro-Ge At\u00f6lyesi) yap\u0131lacak. \u015eiir sunumlar\u0131n\u0131n ger\u00e7ekle\u015ftirilece\u011fi programda, \u015eair Ahmet Sar\u0131, Atakan Yavuz, Ay\u015fenur Bi\u00e7er, Dilara Ay\u015fe Akdeniz, Ercan Y\u0131lmaz, Erol Tufan (Kuzey Makedonya), Ertu\u011frul Rast, Gayrat Mecid (\u00d6zbekistan), Hayriye \u00dcnal, H\u00fcseyin Atlansoy, \u0130brahim Nasrallah (Filistin), \u0130hsan Deniz, Kenan G\u00f6\u00e7er, Leyla Arsal, Mehmet Ayc\u0131, M\u00fcberra Karaday\u0131 (Yunanistan), Nergihan Ye\u015filyurt, Seyhan Yakupi (Kuzey Makedonya) ve Zeynep Arkan gibi birbirinden de\u011ferli isimler \u015fiirlerini seslendirecek. \u015eA\u0130RLER L\u0130SELERDE \u00d6\u011eRENC\u0130LERLE BULU\u015eACAK 13 Haziran Cuma g\u00fcn\u00fc saat 10.30\u2019da d\u00fczenlenecek programlarda ise \u015fairler Sakarya\u2019daki 5 farkl\u0131 lisede \u00f6\u011frencilerle bir araya gelecek. \u201c\u015eairler Liselerde\u201d temas\u0131yla ger\u00e7ekle\u015ftirilecek programlarda \u00f6\u011frenciler, \u015fiiri usta kalemlerden dinlemenin heyecan\u0131n\u0131 ya\u015fayacak. PROGRAMIN D\u00dcZENLENECE\u011e\u0130 L\u0130SELER \u0130\u015eE \u015eU \u015eEK\u0130LDE; Cemil Meri\u00e7 Sosyal Bilimler &hellip;<\/p>","protected":false},"author":1,"featured_media":0,"comment_status":"","ping_status":"open","sticky":false,"template":"","format":"standard","meta":{"_acf_changed":false,"footnotes":""},"categories":[24],"tags":[],"class_list":["post-99652","post","type-post","status-publish","format-standard","has-post-thumbnail","hentry","category-gundem"],"acf":[],"yoast_head":"<!-- This site is optimized with the Yoast SEO Premium plugin v26.6 (Yoast SEO v27.1.1) - https:\/\/yoast.com\/product\/yoast-seo-premium-wordpress\/ -->\n<title>Sakarya\u2019da 24.Uluslararas\u0131 \u015eiir Festivali ruhlara dokunacak! - Av. Deniz Can K\u0131z\u0131l<\/title>\n<meta name=\"robots\" content=\"index, follow, max-snippet:-1, max-image-preview:large, max-video-preview:-1\" \/>\n<link rel=\"canonical\" href=\"https:\/\/denizcankizil.tr\/de\/haberler\/gundem\/sakaryada-24-uluslararasi-siir-festivali-ruhlara-dokunacak\/\" \/>\n<meta property=\"og:locale\" content=\"de_DE\" \/>\n<meta property=\"og:type\" content=\"article\" \/>\n<meta property=\"og:title\" content=\"Sakarya\u2019da 24.Uluslararas\u0131 \u015eiir Festivali ruhlara dokunacak!\" \/>\n<meta property=\"og:description\" content=\"Sakarya B\u00fcy\u00fck\u015fehir Belediyesi taraf\u0131ndan geleneksel olarak d\u00fczenlenen 24. Uluslararas\u0131 Sapanca \u015eiir Ak\u015famlar\u0131, T\u00fcrk ve D\u00fcnya Edebiyat\u0131\u2019n\u0131n \u00f6nemli isimlerini ayn\u0131 sahnede bulu\u015fturacak. SAKARYA (\u0130GFA) &#8211; Sakarya B\u00fcy\u00fck\u015fehir Belediyesi taraf\u0131ndan geleneksel olarak d\u00fczenlenen Uluslararas\u0131 Sapanca \u015eiir Ak\u015famlar\u0131, 24\u2019\u00fcnc\u00fc y\u0131l\u0131nda da yine birbirinden de\u011ferli sanat\u00e7\u0131larla \u015fiire hayat verecek, g\u00f6n\u00fcllere dokunacak. \u00d6NEML\u0130 \u015eA\u0130RLER, B\u0130RB\u0130R\u0130NDEN SE\u00c7K\u0130N ESERLER 12-14 Haziran tarihleri aras\u0131nda 3 g\u00fcn s\u00fcrecek \u015fiir \u015f\u00f6leninde, T\u00fcrkiye\u2019den ve yurt d\u0131\u015f\u0131ndan \u00e7ok say\u0131da de\u011ferli \u015fairler bir araya gelecek. Etkinliklerde birbirinden se\u00e7kin eserler edebiyat severlerle bulu\u015facak. \u015e\u0130\u0130RLE A\u00c7ILI\u015e SAKLI BAH\u00c7E\u2019DE Etkinli\u011fin a\u00e7\u0131l\u0131\u015f\u0131, 12 Haziran Per\u015fembe ak\u015fam\u0131 saat 19.00\u2019da Sakarya \u00dcniversitesi Sakl\u0131 Bah\u00e7e\u2019de (Pro-Ge At\u00f6lyesi) yap\u0131lacak. \u015eiir sunumlar\u0131n\u0131n ger\u00e7ekle\u015ftirilece\u011fi programda, \u015eair Ahmet Sar\u0131, Atakan Yavuz, Ay\u015fenur Bi\u00e7er, Dilara Ay\u015fe Akdeniz, Ercan Y\u0131lmaz, Erol Tufan (Kuzey Makedonya), Ertu\u011frul Rast, Gayrat Mecid (\u00d6zbekistan), Hayriye \u00dcnal, H\u00fcseyin Atlansoy, \u0130brahim Nasrallah (Filistin), \u0130hsan Deniz, Kenan G\u00f6\u00e7er, Leyla Arsal, Mehmet Ayc\u0131, M\u00fcberra Karaday\u0131 (Yunanistan), Nergihan Ye\u015filyurt, Seyhan Yakupi (Kuzey Makedonya) ve Zeynep Arkan gibi birbirinden de\u011ferli isimler \u015fiirlerini seslendirecek. \u015eA\u0130RLER L\u0130SELERDE \u00d6\u011eRENC\u0130LERLE BULU\u015eACAK 13 Haziran Cuma g\u00fcn\u00fc saat 10.30\u2019da d\u00fczenlenecek programlarda ise \u015fairler Sakarya\u2019daki 5 farkl\u0131 lisede \u00f6\u011frencilerle bir araya gelecek. \u201c\u015eairler Liselerde\u201d temas\u0131yla ger\u00e7ekle\u015ftirilecek programlarda \u00f6\u011frenciler, \u015fiiri usta kalemlerden dinlemenin heyecan\u0131n\u0131 ya\u015fayacak. PROGRAMIN D\u00dcZENLENECE\u011e\u0130 L\u0130SELER \u0130\u015eE \u015eU \u015eEK\u0130LDE; Cemil Meri\u00e7 Sosyal Bilimler &hellip;\" \/>\n<meta property=\"og:url\" content=\"https:\/\/denizcankizil.tr\/de\/haberler\/gundem\/sakaryada-24-uluslararasi-siir-festivali-ruhlara-dokunacak\/\" \/>\n<meta property=\"og:site_name\" content=\"Av. Deniz Can K\u0131z\u0131l\" \/>\n<meta property=\"article:published_time\" content=\"2025-05-28T13:42:59+00:00\" \/>\n<meta name=\"author\" content=\"admin\" \/>\n<meta name=\"twitter:card\" content=\"summary_large_image\" \/>\n<meta name=\"twitter:label1\" content=\"Verfasst von\" \/>\n\t<meta name=\"twitter:data1\" content=\"admin\" \/>\n\t<meta name=\"twitter:label2\" content=\"Gesch\u00e4tzte Lesezeit\" \/>\n\t<meta name=\"twitter:data2\" content=\"5\u00a0Minuten\" \/>\n<script type=\"application\/ld+json\" class=\"yoast-schema-graph\">{\"@context\":\"https:\/\/schema.org\",\"@graph\":[{\"@type\":\"Article\",\"@id\":\"https:\/\/denizcankizil.tr\/de\/haberler\/gundem\/sakaryada-24-uluslararasi-siir-festivali-ruhlara-dokunacak\/#article\",\"isPartOf\":{\"@id\":\"https:\/\/denizcankizil.tr\/de\/haberler\/gundem\/sakaryada-24-uluslararasi-siir-festivali-ruhlara-dokunacak\/\"},\"author\":{\"name\":\"admin\",\"@id\":\"https:\/\/denizcankizil.tr\/de\/#\/schema\/person\/be3c05fe6a12686905512445d8185489\"},\"headline\":\"Sakarya\u2019da 24.Uluslararas\u0131 \u015eiir Festivali ruhlara dokunacak!\",\"datePublished\":\"2025-05-28T13:42:59+00:00\",\"mainEntityOfPage\":{\"@id\":\"https:\/\/denizcankizil.tr\/de\/haberler\/gundem\/sakaryada-24-uluslararasi-siir-festivali-ruhlara-dokunacak\/\"},\"wordCount\":965,\"publisher\":{\"@id\":\"https:\/\/denizcankizil.tr\/de\/#organization\"},\"articleSection\":[\"G\u00fcndem\"],\"inLanguage\":\"de\"},{\"@type\":\"WebPage\",\"@id\":\"https:\/\/denizcankizil.tr\/de\/haberler\/gundem\/sakaryada-24-uluslararasi-siir-festivali-ruhlara-dokunacak\/\",\"url\":\"https:\/\/denizcankizil.tr\/de\/haberler\/gundem\/sakaryada-24-uluslararasi-siir-festivali-ruhlara-dokunacak\/\",\"name\":\"Sakarya\u2019da 24.Uluslararas\u0131 \u015eiir Festivali ruhlara dokunacak! - Av. Deniz Can K\u0131z\u0131l\",\"isPartOf\":{\"@id\":\"https:\/\/denizcankizil.tr\/de\/#website\"},\"datePublished\":\"2025-05-28T13:42:59+00:00\",\"breadcrumb\":{\"@id\":\"https:\/\/denizcankizil.tr\/de\/haberler\/gundem\/sakaryada-24-uluslararasi-siir-festivali-ruhlara-dokunacak\/#breadcrumb\"},\"inLanguage\":\"de\",\"potentialAction\":[{\"@type\":\"ReadAction\",\"target\":[\"https:\/\/denizcankizil.tr\/de\/haberler\/gundem\/sakaryada-24-uluslararasi-siir-festivali-ruhlara-dokunacak\/\"]}]},{\"@type\":\"BreadcrumbList\",\"@id\":\"https:\/\/denizcankizil.tr\/de\/haberler\/gundem\/sakaryada-24-uluslararasi-siir-festivali-ruhlara-dokunacak\/#breadcrumb\",\"itemListElement\":[{\"@type\":\"ListItem\",\"position\":1,\"name\":\"Home\",\"item\":\"https:\/\/denizcankizil.tr\/de\/\"},{\"@type\":\"ListItem\",\"position\":2,\"name\":\"Sakarya\u2019da 24.Uluslararas\u0131 \u015eiir Festivali ruhlara dokunacak!\"}]},{\"@type\":\"WebSite\",\"@id\":\"https:\/\/denizcankizil.tr\/de\/#website\",\"url\":\"https:\/\/denizcankizil.tr\/de\/\",\"name\":\"Av. Deniz Can K\u0131z\u0131l\",\"description\":\"Avukat Deniz Can K\u0131z\u0131l Antalya Barosu\",\"publisher\":{\"@id\":\"https:\/\/denizcankizil.tr\/de\/#organization\"},\"potentialAction\":[{\"@type\":\"SearchAction\",\"target\":{\"@type\":\"EntryPoint\",\"urlTemplate\":\"https:\/\/denizcankizil.tr\/de\/?s={search_term_string}\"},\"query-input\":{\"@type\":\"PropertyValueSpecification\",\"valueRequired\":true,\"valueName\":\"search_term_string\"}}],\"inLanguage\":\"de\"},{\"@type\":\"Organization\",\"@id\":\"https:\/\/denizcankizil.tr\/de\/#organization\",\"name\":\"Av. Deniz Can K\u0131z\u0131l\",\"url\":\"https:\/\/denizcankizil.tr\/de\/\",\"logo\":{\"@type\":\"ImageObject\",\"inLanguage\":\"de\",\"@id\":\"https:\/\/denizcankizil.tr\/de\/#\/schema\/logo\/image\/\",\"url\":\"https:\/\/denizcankizil.tr\/wp-content\/uploads\/2024\/10\/siyah-logo-svg.svg\",\"contentUrl\":\"https:\/\/denizcankizil.tr\/wp-content\/uploads\/2024\/10\/siyah-logo-svg.svg\",\"width\":1080,\"height\":1080,\"caption\":\"Av. Deniz Can K\u0131z\u0131l\"},\"image\":{\"@id\":\"https:\/\/denizcankizil.tr\/de\/#\/schema\/logo\/image\/\"}},{\"@type\":\"Person\",\"@id\":\"https:\/\/denizcankizil.tr\/de\/#\/schema\/person\/be3c05fe6a12686905512445d8185489\",\"name\":\"admin\",\"image\":{\"@type\":\"ImageObject\",\"inLanguage\":\"de\",\"@id\":\"https:\/\/denizcankizil.tr\/de\/#\/schema\/person\/image\/\",\"url\":\"https:\/\/secure.gravatar.com\/avatar\/c1fce94c830dc79107e174f890d7210541c4a63e8e5d816341794a2151c9d58c?s=96&d=mm&r=g\",\"contentUrl\":\"https:\/\/secure.gravatar.com\/avatar\/c1fce94c830dc79107e174f890d7210541c4a63e8e5d816341794a2151c9d58c?s=96&d=mm&r=g\",\"caption\":\"admin\"},\"sameAs\":[\"http:\/\/denizcankizil.tr\"],\"url\":\"https:\/\/www.iskenderun.org\/sakaryada-24uluslararasi-siir-festivali-ruhlara-dokunacak\"}]}<\/script>\n<!-- \/ Yoast SEO Premium plugin. -->","yoast_head_json":{"title":"Sakarya\u2019da 24.Uluslararas\u0131 \u015eiir Festivali ruhlara dokunacak! - Av. Deniz Can K\u0131z\u0131l","robots":{"index":"index","follow":"follow","max-snippet":"max-snippet:-1","max-image-preview":"max-image-preview:large","max-video-preview":"max-video-preview:-1"},"canonical":"https:\/\/denizcankizil.tr\/de\/haberler\/gundem\/sakaryada-24-uluslararasi-siir-festivali-ruhlara-dokunacak\/","og_locale":"de_DE","og_type":"article","og_title":"Sakarya\u2019da 24.Uluslararas\u0131 \u015eiir Festivali ruhlara dokunacak!","og_description":"Sakarya B\u00fcy\u00fck\u015fehir Belediyesi taraf\u0131ndan geleneksel olarak d\u00fczenlenen 24. Uluslararas\u0131 Sapanca \u015eiir Ak\u015famlar\u0131, T\u00fcrk ve D\u00fcnya Edebiyat\u0131\u2019n\u0131n \u00f6nemli isimlerini ayn\u0131 sahnede bulu\u015fturacak. SAKARYA (\u0130GFA) &#8211; Sakarya B\u00fcy\u00fck\u015fehir Belediyesi taraf\u0131ndan geleneksel olarak d\u00fczenlenen Uluslararas\u0131 Sapanca \u015eiir Ak\u015famlar\u0131, 24\u2019\u00fcnc\u00fc y\u0131l\u0131nda da yine birbirinden de\u011ferli sanat\u00e7\u0131larla \u015fiire hayat verecek, g\u00f6n\u00fcllere dokunacak. \u00d6NEML\u0130 \u015eA\u0130RLER, B\u0130RB\u0130R\u0130NDEN SE\u00c7K\u0130N ESERLER 12-14 Haziran tarihleri aras\u0131nda 3 g\u00fcn s\u00fcrecek \u015fiir \u015f\u00f6leninde, T\u00fcrkiye\u2019den ve yurt d\u0131\u015f\u0131ndan \u00e7ok say\u0131da de\u011ferli \u015fairler bir araya gelecek. Etkinliklerde birbirinden se\u00e7kin eserler edebiyat severlerle bulu\u015facak. \u015e\u0130\u0130RLE A\u00c7ILI\u015e SAKLI BAH\u00c7E\u2019DE Etkinli\u011fin a\u00e7\u0131l\u0131\u015f\u0131, 12 Haziran Per\u015fembe ak\u015fam\u0131 saat 19.00\u2019da Sakarya \u00dcniversitesi Sakl\u0131 Bah\u00e7e\u2019de (Pro-Ge At\u00f6lyesi) yap\u0131lacak. \u015eiir sunumlar\u0131n\u0131n ger\u00e7ekle\u015ftirilece\u011fi programda, \u015eair Ahmet Sar\u0131, Atakan Yavuz, Ay\u015fenur Bi\u00e7er, Dilara Ay\u015fe Akdeniz, Ercan Y\u0131lmaz, Erol Tufan (Kuzey Makedonya), Ertu\u011frul Rast, Gayrat Mecid (\u00d6zbekistan), Hayriye \u00dcnal, H\u00fcseyin Atlansoy, \u0130brahim Nasrallah (Filistin), \u0130hsan Deniz, Kenan G\u00f6\u00e7er, Leyla Arsal, Mehmet Ayc\u0131, M\u00fcberra Karaday\u0131 (Yunanistan), Nergihan Ye\u015filyurt, Seyhan Yakupi (Kuzey Makedonya) ve Zeynep Arkan gibi birbirinden de\u011ferli isimler \u015fiirlerini seslendirecek. \u015eA\u0130RLER L\u0130SELERDE \u00d6\u011eRENC\u0130LERLE BULU\u015eACAK 13 Haziran Cuma g\u00fcn\u00fc saat 10.30\u2019da d\u00fczenlenecek programlarda ise \u015fairler Sakarya\u2019daki 5 farkl\u0131 lisede \u00f6\u011frencilerle bir araya gelecek. \u201c\u015eairler Liselerde\u201d temas\u0131yla ger\u00e7ekle\u015ftirilecek programlarda \u00f6\u011frenciler, \u015fiiri usta kalemlerden dinlemenin heyecan\u0131n\u0131 ya\u015fayacak. PROGRAMIN D\u00dcZENLENECE\u011e\u0130 L\u0130SELER \u0130\u015eE \u015eU \u015eEK\u0130LDE; Cemil Meri\u00e7 Sosyal Bilimler &hellip;","og_url":"https:\/\/denizcankizil.tr\/de\/haberler\/gundem\/sakaryada-24-uluslararasi-siir-festivali-ruhlara-dokunacak\/","og_site_name":"Av. Deniz Can K\u0131z\u0131l","article_published_time":"2025-05-28T13:42:59+00:00","author":"admin","twitter_card":"summary_large_image","twitter_misc":{"Verfasst von":"admin","Gesch\u00e4tzte Lesezeit":"5\u00a0Minuten"},"schema":{"@context":"https:\/\/schema.org","@graph":[{"@type":"Article","@id":"https:\/\/denizcankizil.tr\/de\/haberler\/gundem\/sakaryada-24-uluslararasi-siir-festivali-ruhlara-dokunacak\/#article","isPartOf":{"@id":"https:\/\/denizcankizil.tr\/de\/haberler\/gundem\/sakaryada-24-uluslararasi-siir-festivali-ruhlara-dokunacak\/"},"author":{"name":"admin","@id":"https:\/\/denizcankizil.tr\/de\/#\/schema\/person\/be3c05fe6a12686905512445d8185489"},"headline":"Sakarya\u2019da 24.Uluslararas\u0131 \u015eiir Festivali ruhlara dokunacak!","datePublished":"2025-05-28T13:42:59+00:00","mainEntityOfPage":{"@id":"https:\/\/denizcankizil.tr\/de\/haberler\/gundem\/sakaryada-24-uluslararasi-siir-festivali-ruhlara-dokunacak\/"},"wordCount":965,"publisher":{"@id":"https:\/\/denizcankizil.tr\/de\/#organization"},"articleSection":["G\u00fcndem"],"inLanguage":"de"},{"@type":"WebPage","@id":"https:\/\/denizcankizil.tr\/de\/haberler\/gundem\/sakaryada-24-uluslararasi-siir-festivali-ruhlara-dokunacak\/","url":"https:\/\/denizcankizil.tr\/de\/haberler\/gundem\/sakaryada-24-uluslararasi-siir-festivali-ruhlara-dokunacak\/","name":"Sakarya\u2019da 24.Uluslararas\u0131 \u015eiir Festivali ruhlara dokunacak! - Av. Deniz Can K\u0131z\u0131l","isPartOf":{"@id":"https:\/\/denizcankizil.tr\/de\/#website"},"datePublished":"2025-05-28T13:42:59+00:00","breadcrumb":{"@id":"https:\/\/denizcankizil.tr\/de\/haberler\/gundem\/sakaryada-24-uluslararasi-siir-festivali-ruhlara-dokunacak\/#breadcrumb"},"inLanguage":"de","potentialAction":[{"@type":"ReadAction","target":["https:\/\/denizcankizil.tr\/de\/haberler\/gundem\/sakaryada-24-uluslararasi-siir-festivali-ruhlara-dokunacak\/"]}]},{"@type":"BreadcrumbList","@id":"https:\/\/denizcankizil.tr\/de\/haberler\/gundem\/sakaryada-24-uluslararasi-siir-festivali-ruhlara-dokunacak\/#breadcrumb","itemListElement":[{"@type":"ListItem","position":1,"name":"Home","item":"https:\/\/denizcankizil.tr\/de\/"},{"@type":"ListItem","position":2,"name":"Sakarya\u2019da 24.Uluslararas\u0131 \u015eiir Festivali ruhlara dokunacak!"}]},{"@type":"WebSite","@id":"https:\/\/denizcankizil.tr\/de\/#website","url":"https:\/\/denizcankizil.tr\/de\/","name":"Av. Deniz Can K\u0131z\u0131l","description":"Avukat Deniz Can K\u0131z\u0131l Antalya Barosu","publisher":{"@id":"https:\/\/denizcankizil.tr\/de\/#organization"},"potentialAction":[{"@type":"SearchAction","target":{"@type":"EntryPoint","urlTemplate":"https:\/\/denizcankizil.tr\/de\/?s={search_term_string}"},"query-input":{"@type":"PropertyValueSpecification","valueRequired":true,"valueName":"search_term_string"}}],"inLanguage":"de"},{"@type":"Organization","@id":"https:\/\/denizcankizil.tr\/de\/#organization","name":"Av. Deniz Can K\u0131z\u0131l","url":"https:\/\/denizcankizil.tr\/de\/","logo":{"@type":"ImageObject","inLanguage":"de","@id":"https:\/\/denizcankizil.tr\/de\/#\/schema\/logo\/image\/","url":"https:\/\/denizcankizil.tr\/wp-content\/uploads\/2024\/10\/siyah-logo-svg.svg","contentUrl":"https:\/\/denizcankizil.tr\/wp-content\/uploads\/2024\/10\/siyah-logo-svg.svg","width":1080,"height":1080,"caption":"Av. Deniz Can K\u0131z\u0131l"},"image":{"@id":"https:\/\/denizcankizil.tr\/de\/#\/schema\/logo\/image\/"}},{"@type":"Person","@id":"https:\/\/denizcankizil.tr\/de\/#\/schema\/person\/be3c05fe6a12686905512445d8185489","name":"Administrator","image":{"@type":"ImageObject","inLanguage":"de","@id":"https:\/\/denizcankizil.tr\/de\/#\/schema\/person\/image\/","url":"https:\/\/secure.gravatar.com\/avatar\/c1fce94c830dc79107e174f890d7210541c4a63e8e5d816341794a2151c9d58c?s=96&d=mm&r=g","contentUrl":"https:\/\/secure.gravatar.com\/avatar\/c1fce94c830dc79107e174f890d7210541c4a63e8e5d816341794a2151c9d58c?s=96&d=mm&r=g","caption":"admin"},"sameAs":["http:\/\/denizcankizil.tr"],"url":"https:\/\/www.iskenderun.org\/sakaryada-24uluslararasi-siir-festivali-ruhlara-dokunacak"}]}},"_links":{"self":[{"href":"https:\/\/denizcankizil.tr\/de\/wp-json\/wp\/v2\/posts\/99652","targetHints":{"allow":["GET"]}}],"collection":[{"href":"https:\/\/denizcankizil.tr\/de\/wp-json\/wp\/v2\/posts"}],"about":[{"href":"https:\/\/denizcankizil.tr\/de\/wp-json\/wp\/v2\/types\/post"}],"author":[{"embeddable":true,"href":"https:\/\/denizcankizil.tr\/de\/wp-json\/wp\/v2\/users\/1"}],"replies":[{"embeddable":true,"href":"https:\/\/denizcankizil.tr\/de\/wp-json\/wp\/v2\/comments?post=99652"}],"version-history":[{"count":0,"href":"https:\/\/denizcankizil.tr\/de\/wp-json\/wp\/v2\/posts\/99652\/revisions"}],"wp:attachment":[{"href":"https:\/\/denizcankizil.tr\/de\/wp-json\/wp\/v2\/media?parent=99652"}],"wp:term":[{"taxonomy":"category","embeddable":true,"href":"https:\/\/denizcankizil.tr\/de\/wp-json\/wp\/v2\/categories?post=99652"},{"taxonomy":"post_tag","embeddable":true,"href":"https:\/\/denizcankizil.tr\/de\/wp-json\/wp\/v2\/tags?post=99652"}],"curies":[{"name":"wp","href":"https:\/\/api.w.org\/{rel}","templated":true}]}}