{"id":99426,"date":"2025-05-28T12:41:26","date_gmt":"2025-05-28T09:41:26","guid":{"rendered":"https:\/\/denizcankizil.tr\/uncategorized-tr\/kirac-ve-funda-arar-antalya-yoruk-turkmen-festivalinde-bulusuyor\/"},"modified":"2025-05-28T12:41:26","modified_gmt":"2025-05-28T09:41:26","slug":"kirac-ve-funda-arar-antalya-yoruk-turkmen-festivalinde-bulusuyor","status":"publish","type":"post","link":"https:\/\/denizcankizil.tr\/de\/haberler\/gundem\/kirac-ve-funda-arar-antalya-yoruk-turkmen-festivalinde-bulusuyor\/","title":{"rendered":"K\u0131ra\u00e7 ve Funda Arar, Antalya Y\u00f6r\u00fck T\u00fcrkmen Festivali\u2019nde bulu\u015fuyor"},"content":{"rendered":"<p>Antalya 4. Uluslararas\u0131 Y\u00f6r\u00fck T\u00fcrkmen Festivali i\u00e7in geri say\u0131m ba\u015flad\u0131. D\u00f6\u015femealt\u0131 D\u00fczler\u00e7am\u0131 Piknik alan\u0131nda ger\u00e7ekle\u015ftirilecek festival, T\u00fcrkiye\u2019nin d\u00f6rt bir yan\u0131ndan ve yurt d\u0131\u015f\u0131ndan binlerce Y\u00f6r\u00fc\u011fe ev sahipli\u011fi yapacak. 30 May\u0131s-1 Haziran tarihleri aras\u0131nda ger\u00e7ekle\u015ftirilecek festivalde 3 g\u00fcn boyunca renkli etkinliklerle Y\u00f6r\u00fck k\u00fclt\u00fcr\u00fc t\u00fcm y\u00f6nleriyle tan\u0131t\u0131lacak ve ya\u015fat\u0131lacak.<\/p>\n<p>FEST\u0130VAL BA\u015eLIYOR <\/p>\n<p>Festivale T\u00fcrkiye d\u0131\u015f\u0131ndan 25 farkl\u0131 T\u00fcrk Devlet ve toplulu\u011fundan gelen heyet ve kat\u0131l\u0131mc\u0131lar, T\u00fcrk d\u00fcnyas\u0131ndan ba\u011f\u0131ms\u0131z 7 T\u00fcrk devleti, \u00f6zerk cumhuriyetler ve T\u00fcrklerin yo\u011fun olarak ya\u015fad\u0131\u011f\u0131 \u00fclkelerden misafirler gelecek. 4\u2019\u00fcnc\u00fc Uluslararas\u0131 Antalya Y\u00f6r\u00fck T\u00fcrkmen Festivali, 30 May\u0131s Cuma g\u00fcn\u00fc 10.00\u2019da Cumhuriyet Meydan\u0131\u2019nda Atat\u00fcrk An\u0131t\u0131\u2019na \u00e7elenk sunulmas\u0131 ile ba\u015flayacak. Sayg\u0131 duru\u015fu ve \u0130stiklal Mar\u015f\u0131\u2019n\u0131n ard\u0131ndan Cumhuriyet Meydan\u0131\u2019ndan Karaalio\u011flu Park\u0131\u2019na kadar temsili Y\u00f6r\u00fck g\u00f6\u00e7\u00fc yap\u0131lacak.<\/p>\n<p>FUNDA ARAR VE KIRA\u00c7 SAHNE ALACAK <\/p>\n<p>30 May\u0131s Cuma g\u00fcn\u00fc saat 13.00\u2019te festival alan\u0131nda etkinlikler ba\u015flayacak. Y\u00f6r\u00fck T\u00fcrkmen Festivali\u2019nin resmi a\u00e7\u0131l\u0131\u015f t\u00f6reni ise saat 21.00\u2019de festival alan\u0131nda olacak. Saat 22.00\u2019de \u00fcnl\u00fc sanat\u00e7\u0131 K\u0131ra\u00e7 Antalyal\u0131larla bulu\u015facak. 31 May\u0131s Cumartesi ak\u015fam 21.30\u2019da Funda Arar, 1 Haziran Pazar ak\u015fam\u0131 saat 21.30\u2019da ise U\u011fur \u00d6n\u00fcr konseri ger\u00e7ekle\u015ftirilecek. Festivalde 3 g\u00fcn boyunca yurt d\u0131\u015f\u0131ndan kat\u0131lan misafir gruplar\u0131n halk danslar\u0131 g\u00f6sterileri, canl\u0131 m\u00fczikler, atl\u0131 akrobasi ve ok\u00e7uluk g\u00f6sterileri gibi bir\u00e7ok aktivite olacak. Geleneksel el sanatlar\u0131n\u0131n sergilenece\u011fi stantlarda unutulmaya y\u00fcz tutmu\u015f sanatlar ya\u015fat\u0131lacak.<\/p>\n<p>\u200bAntalya B\u00fcy\u00fck\u015fehir Belediyesi taraf\u0131ndan bu y\u0131l d\u00f6rd\u00fcnc\u00fcs\u00fc d\u00fczenlenecek olan Uluslararas\u0131 Antalya Y\u00f6r\u00fck T\u00fcrkmen Festivali, 30 May\u0131s Cuma g\u00fcn\u00fc ba\u015fl\u0131yor. 3 g\u00fcn s\u00fcrecek olan festivalde \u00fcnl\u00fc sanat\u00e7\u0131 Funda Arar ve K\u0131ra\u00e7 sahne alacak.\u00a0<\/p>\n<p>\u200bHaberin Al\u0131nt\u0131land\u0131\u011f\u0131 Kaynak: www.antalyakorfez.com<\/p>","protected":false},"excerpt":{"rendered":"<p>Antalya 4. Uluslararas\u0131 Y\u00f6r\u00fck T\u00fcrkmen Festivali i\u00e7in geri say\u0131m ba\u015flad\u0131. D\u00f6\u015femealt\u0131 D\u00fczler\u00e7am\u0131 Piknik alan\u0131nda ger\u00e7ekle\u015ftirilecek festival, T\u00fcrkiye\u2019nin d\u00f6rt bir yan\u0131ndan ve yurt d\u0131\u015f\u0131ndan binlerce Y\u00f6r\u00fc\u011fe ev sahipli\u011fi yapacak. 30 May\u0131s-1 Haziran tarihleri aras\u0131nda ger\u00e7ekle\u015ftirilecek festivalde 3 g\u00fcn boyunca renkli etkinliklerle Y\u00f6r\u00fck k\u00fclt\u00fcr\u00fc t\u00fcm y\u00f6nleriyle tan\u0131t\u0131lacak ve ya\u015fat\u0131lacak. FEST\u0130VAL BA\u015eLIYOR Festivale T\u00fcrkiye d\u0131\u015f\u0131ndan 25 farkl\u0131 T\u00fcrk Devlet ve toplulu\u011fundan gelen heyet ve kat\u0131l\u0131mc\u0131lar, T\u00fcrk d\u00fcnyas\u0131ndan ba\u011f\u0131ms\u0131z 7 T\u00fcrk devleti, \u00f6zerk cumhuriyetler ve T\u00fcrklerin yo\u011fun olarak ya\u015fad\u0131\u011f\u0131 \u00fclkelerden misafirler gelecek. 4\u2019\u00fcnc\u00fc Uluslararas\u0131 Antalya Y\u00f6r\u00fck T\u00fcrkmen Festivali, 30 May\u0131s Cuma g\u00fcn\u00fc 10.00\u2019da Cumhuriyet Meydan\u0131\u2019nda Atat\u00fcrk An\u0131t\u0131\u2019na \u00e7elenk sunulmas\u0131 ile ba\u015flayacak. Sayg\u0131 duru\u015fu ve \u0130stiklal Mar\u015f\u0131\u2019n\u0131n ard\u0131ndan Cumhuriyet Meydan\u0131\u2019ndan Karaalio\u011flu Park\u0131\u2019na kadar temsili Y\u00f6r\u00fck g\u00f6\u00e7\u00fc yap\u0131lacak. FUNDA ARAR VE KIRA\u00c7 SAHNE ALACAK 30 May\u0131s Cuma g\u00fcn\u00fc saat 13.00\u2019te festival alan\u0131nda etkinlikler ba\u015flayacak. Y\u00f6r\u00fck T\u00fcrkmen Festivali\u2019nin resmi a\u00e7\u0131l\u0131\u015f t\u00f6reni ise saat 21.00\u2019de festival alan\u0131nda olacak. Saat 22.00\u2019de \u00fcnl\u00fc sanat\u00e7\u0131 K\u0131ra\u00e7 Antalyal\u0131larla bulu\u015facak. 31 May\u0131s Cumartesi ak\u015fam 21.30\u2019da Funda Arar, 1 Haziran Pazar ak\u015fam\u0131 saat 21.30\u2019da ise U\u011fur \u00d6n\u00fcr konseri ger\u00e7ekle\u015ftirilecek. Festivalde 3 g\u00fcn boyunca yurt d\u0131\u015f\u0131ndan kat\u0131lan misafir gruplar\u0131n halk danslar\u0131 g\u00f6sterileri, canl\u0131 m\u00fczikler, atl\u0131 akrobasi ve ok\u00e7uluk g\u00f6sterileri gibi bir\u00e7ok aktivite olacak. Geleneksel el sanatlar\u0131n\u0131n sergilenece\u011fi stantlarda unutulmaya y\u00fcz tutmu\u015f sanatlar ya\u015fat\u0131lacak. \u200bAntalya B\u00fcy\u00fck\u015fehir &hellip;<\/p>","protected":false},"author":5,"featured_media":0,"comment_status":"","ping_status":"open","sticky":false,"template":"","format":"standard","meta":{"_acf_changed":false,"footnotes":""},"categories":[24],"tags":[],"class_list":["post-99426","post","type-post","status-publish","format-standard","has-post-thumbnail","hentry","category-gundem"],"acf":[],"yoast_head":"<!-- This site is optimized with the Yoast SEO Premium plugin v26.6 (Yoast SEO v27.1.1) - https:\/\/yoast.com\/product\/yoast-seo-premium-wordpress\/ -->\n<title>K\u0131ra\u00e7 ve Funda Arar, Antalya Y\u00f6r\u00fck T\u00fcrkmen Festivali\u2019nde bulu\u015fuyor - Av. Deniz Can K\u0131z\u0131l<\/title>\n<meta name=\"robots\" content=\"index, follow, max-snippet:-1, max-image-preview:large, max-video-preview:-1\" \/>\n<link rel=\"canonical\" href=\"https:\/\/denizcankizil.tr\/de\/haberler\/gundem\/kirac-ve-funda-arar-antalya-yoruk-turkmen-festivalinde-bulusuyor\/\" \/>\n<meta property=\"og:locale\" content=\"de_DE\" \/>\n<meta property=\"og:type\" content=\"article\" \/>\n<meta property=\"og:title\" content=\"K\u0131ra\u00e7 ve Funda Arar, Antalya Y\u00f6r\u00fck T\u00fcrkmen Festivali\u2019nde bulu\u015fuyor\" \/>\n<meta property=\"og:description\" content=\"Antalya 4. Uluslararas\u0131 Y\u00f6r\u00fck T\u00fcrkmen Festivali i\u00e7in geri say\u0131m ba\u015flad\u0131. D\u00f6\u015femealt\u0131 D\u00fczler\u00e7am\u0131 Piknik alan\u0131nda ger\u00e7ekle\u015ftirilecek festival, T\u00fcrkiye\u2019nin d\u00f6rt bir yan\u0131ndan ve yurt d\u0131\u015f\u0131ndan binlerce Y\u00f6r\u00fc\u011fe ev sahipli\u011fi yapacak. 30 May\u0131s-1 Haziran tarihleri aras\u0131nda ger\u00e7ekle\u015ftirilecek festivalde 3 g\u00fcn boyunca renkli etkinliklerle Y\u00f6r\u00fck k\u00fclt\u00fcr\u00fc t\u00fcm y\u00f6nleriyle tan\u0131t\u0131lacak ve ya\u015fat\u0131lacak. FEST\u0130VAL BA\u015eLIYOR Festivale T\u00fcrkiye d\u0131\u015f\u0131ndan 25 farkl\u0131 T\u00fcrk Devlet ve toplulu\u011fundan gelen heyet ve kat\u0131l\u0131mc\u0131lar, T\u00fcrk d\u00fcnyas\u0131ndan ba\u011f\u0131ms\u0131z 7 T\u00fcrk devleti, \u00f6zerk cumhuriyetler ve T\u00fcrklerin yo\u011fun olarak ya\u015fad\u0131\u011f\u0131 \u00fclkelerden misafirler gelecek. 4\u2019\u00fcnc\u00fc Uluslararas\u0131 Antalya Y\u00f6r\u00fck T\u00fcrkmen Festivali, 30 May\u0131s Cuma g\u00fcn\u00fc 10.00\u2019da Cumhuriyet Meydan\u0131\u2019nda Atat\u00fcrk An\u0131t\u0131\u2019na \u00e7elenk sunulmas\u0131 ile ba\u015flayacak. Sayg\u0131 duru\u015fu ve \u0130stiklal Mar\u015f\u0131\u2019n\u0131n ard\u0131ndan Cumhuriyet Meydan\u0131\u2019ndan Karaalio\u011flu Park\u0131\u2019na kadar temsili Y\u00f6r\u00fck g\u00f6\u00e7\u00fc yap\u0131lacak. FUNDA ARAR VE KIRA\u00c7 SAHNE ALACAK 30 May\u0131s Cuma g\u00fcn\u00fc saat 13.00\u2019te festival alan\u0131nda etkinlikler ba\u015flayacak. Y\u00f6r\u00fck T\u00fcrkmen Festivali\u2019nin resmi a\u00e7\u0131l\u0131\u015f t\u00f6reni ise saat 21.00\u2019de festival alan\u0131nda olacak. Saat 22.00\u2019de \u00fcnl\u00fc sanat\u00e7\u0131 K\u0131ra\u00e7 Antalyal\u0131larla bulu\u015facak. 31 May\u0131s Cumartesi ak\u015fam 21.30\u2019da Funda Arar, 1 Haziran Pazar ak\u015fam\u0131 saat 21.30\u2019da ise U\u011fur \u00d6n\u00fcr konseri ger\u00e7ekle\u015ftirilecek. Festivalde 3 g\u00fcn boyunca yurt d\u0131\u015f\u0131ndan kat\u0131lan misafir gruplar\u0131n halk danslar\u0131 g\u00f6sterileri, canl\u0131 m\u00fczikler, atl\u0131 akrobasi ve ok\u00e7uluk g\u00f6sterileri gibi bir\u00e7ok aktivite olacak. Geleneksel el sanatlar\u0131n\u0131n sergilenece\u011fi stantlarda unutulmaya y\u00fcz tutmu\u015f sanatlar ya\u015fat\u0131lacak. \u200bAntalya B\u00fcy\u00fck\u015fehir &hellip;\" \/>\n<meta property=\"og:url\" content=\"https:\/\/denizcankizil.tr\/de\/haberler\/gundem\/kirac-ve-funda-arar-antalya-yoruk-turkmen-festivalinde-bulusuyor\/\" \/>\n<meta property=\"og:site_name\" content=\"Av. Deniz Can K\u0131z\u0131l\" \/>\n<meta property=\"article:published_time\" content=\"2025-05-28T09:41:26+00:00\" \/>\n<meta name=\"author\" content=\"Antalya K\u00f6rfez\" \/>\n<meta name=\"twitter:card\" content=\"summary_large_image\" \/>\n<meta name=\"twitter:label1\" content=\"Verfasst von\" \/>\n\t<meta name=\"twitter:data1\" content=\"Antalya K\u00f6rfez\" \/>\n\t<meta name=\"twitter:label2\" content=\"Gesch\u00e4tzte Lesezeit\" \/>\n\t<meta name=\"twitter:data2\" content=\"2\u00a0Minuten\" \/>\n<script type=\"application\/ld+json\" class=\"yoast-schema-graph\">{\"@context\":\"https:\/\/schema.org\",\"@graph\":[{\"@type\":\"Article\",\"@id\":\"https:\/\/denizcankizil.tr\/ru\/haberler\/gundem\/kirac-ve-funda-arar-antalya-yoruk-turkmen-festivalinde-bulusuyor\/#article\",\"isPartOf\":{\"@id\":\"https:\/\/denizcankizil.tr\/ru\/haberler\/gundem\/kirac-ve-funda-arar-antalya-yoruk-turkmen-festivalinde-bulusuyor\/\"},\"author\":{\"name\":\"Antalya K\u00f6rfez\",\"@id\":\"https:\/\/denizcankizil.tr\/de\/#\/schema\/person\/e1eb71bb4dd684d46563f0af307e1234\"},\"headline\":\"K\u0131ra\u00e7 ve Funda Arar, Antalya Y\u00f6r\u00fck T\u00fcrkmen Festivali\u2019nde bulu\u015fuyor\",\"datePublished\":\"2025-05-28T09:41:26+00:00\",\"mainEntityOfPage\":{\"@id\":\"https:\/\/denizcankizil.tr\/ru\/haberler\/gundem\/kirac-ve-funda-arar-antalya-yoruk-turkmen-festivalinde-bulusuyor\/\"},\"wordCount\":369,\"publisher\":{\"@id\":\"https:\/\/denizcankizil.tr\/de\/#organization\"},\"articleSection\":[\"G\u00fcndem\"],\"inLanguage\":\"de\"},{\"@type\":\"WebPage\",\"@id\":\"https:\/\/denizcankizil.tr\/ru\/haberler\/gundem\/kirac-ve-funda-arar-antalya-yoruk-turkmen-festivalinde-bulusuyor\/\",\"url\":\"https:\/\/denizcankizil.tr\/ru\/haberler\/gundem\/kirac-ve-funda-arar-antalya-yoruk-turkmen-festivalinde-bulusuyor\/\",\"name\":\"K\u0131ra\u00e7 ve Funda Arar, Antalya Y\u00f6r\u00fck T\u00fcrkmen Festivali\u2019nde bulu\u015fuyor - Av. Deniz Can K\u0131z\u0131l\",\"isPartOf\":{\"@id\":\"https:\/\/denizcankizil.tr\/de\/#website\"},\"datePublished\":\"2025-05-28T09:41:26+00:00\",\"breadcrumb\":{\"@id\":\"https:\/\/denizcankizil.tr\/ru\/haberler\/gundem\/kirac-ve-funda-arar-antalya-yoruk-turkmen-festivalinde-bulusuyor\/#breadcrumb\"},\"inLanguage\":\"de\",\"potentialAction\":[{\"@type\":\"ReadAction\",\"target\":[\"https:\/\/denizcankizil.tr\/ru\/haberler\/gundem\/kirac-ve-funda-arar-antalya-yoruk-turkmen-festivalinde-bulusuyor\/\"]}]},{\"@type\":\"BreadcrumbList\",\"@id\":\"https:\/\/denizcankizil.tr\/ru\/haberler\/gundem\/kirac-ve-funda-arar-antalya-yoruk-turkmen-festivalinde-bulusuyor\/#breadcrumb\",\"itemListElement\":[{\"@type\":\"ListItem\",\"position\":1,\"name\":\"Home\",\"item\":\"https:\/\/denizcankizil.tr\/de\/\"},{\"@type\":\"ListItem\",\"position\":2,\"name\":\"K\u0131ra\u00e7 ve Funda Arar, Antalya Y\u00f6r\u00fck T\u00fcrkmen Festivali\u2019nde bulu\u015fuyor\"}]},{\"@type\":\"WebSite\",\"@id\":\"https:\/\/denizcankizil.tr\/de\/#website\",\"url\":\"https:\/\/denizcankizil.tr\/de\/\",\"name\":\"Av. Deniz Can K\u0131z\u0131l\",\"description\":\"Avukat Deniz Can K\u0131z\u0131l Antalya Barosu\",\"publisher\":{\"@id\":\"https:\/\/denizcankizil.tr\/de\/#organization\"},\"potentialAction\":[{\"@type\":\"SearchAction\",\"target\":{\"@type\":\"EntryPoint\",\"urlTemplate\":\"https:\/\/denizcankizil.tr\/de\/?s={search_term_string}\"},\"query-input\":{\"@type\":\"PropertyValueSpecification\",\"valueRequired\":true,\"valueName\":\"search_term_string\"}}],\"inLanguage\":\"de\"},{\"@type\":\"Organization\",\"@id\":\"https:\/\/denizcankizil.tr\/de\/#organization\",\"name\":\"Av. Deniz Can K\u0131z\u0131l\",\"url\":\"https:\/\/denizcankizil.tr\/de\/\",\"logo\":{\"@type\":\"ImageObject\",\"inLanguage\":\"de\",\"@id\":\"https:\/\/denizcankizil.tr\/de\/#\/schema\/logo\/image\/\",\"url\":\"https:\/\/denizcankizil.tr\/wp-content\/uploads\/2024\/10\/siyah-logo-svg.svg\",\"contentUrl\":\"https:\/\/denizcankizil.tr\/wp-content\/uploads\/2024\/10\/siyah-logo-svg.svg\",\"width\":1080,\"height\":1080,\"caption\":\"Av. Deniz Can K\u0131z\u0131l\"},\"image\":{\"@id\":\"https:\/\/denizcankizil.tr\/de\/#\/schema\/logo\/image\/\"}},{\"@type\":\"Person\",\"@id\":\"https:\/\/denizcankizil.tr\/de\/#\/schema\/person\/e1eb71bb4dd684d46563f0af307e1234\",\"name\":\"Antalya K\u00f6rfez\",\"image\":{\"@type\":\"ImageObject\",\"inLanguage\":\"de\",\"@id\":\"https:\/\/denizcankizil.tr\/de\/#\/schema\/person\/image\/\",\"url\":\"https:\/\/secure.gravatar.com\/avatar\/42b01982558a48a0b501fdcab6a408d3717ea5919095ee2e67b0e521799c5905?s=96&d=mm&r=g\",\"contentUrl\":\"https:\/\/secure.gravatar.com\/avatar\/42b01982558a48a0b501fdcab6a408d3717ea5919095ee2e67b0e521799c5905?s=96&d=mm&r=g\",\"caption\":\"Antalya K\u00f6rfez\"},\"sameAs\":[\"http:\/\/www.antalyakorfez.com\"],\"url\":\"https:\/\/www.antalyakorfez.com\/kirac-ve-funda-arar-antalya-yoruk-turkmen-festivalinde-bulusuyor\"}]}<\/script>\n<!-- \/ Yoast SEO Premium plugin. -->","yoast_head_json":{"title":"K\u0131ra\u00e7 ve Funda Arar, Antalya Y\u00f6r\u00fck T\u00fcrkmen Festivali\u2019nde bulu\u015fuyor - Av. Deniz Can K\u0131z\u0131l","robots":{"index":"index","follow":"follow","max-snippet":"max-snippet:-1","max-image-preview":"max-image-preview:large","max-video-preview":"max-video-preview:-1"},"canonical":"https:\/\/denizcankizil.tr\/de\/haberler\/gundem\/kirac-ve-funda-arar-antalya-yoruk-turkmen-festivalinde-bulusuyor\/","og_locale":"de_DE","og_type":"article","og_title":"K\u0131ra\u00e7 ve Funda Arar, Antalya Y\u00f6r\u00fck T\u00fcrkmen Festivali\u2019nde bulu\u015fuyor","og_description":"Antalya 4. Uluslararas\u0131 Y\u00f6r\u00fck T\u00fcrkmen Festivali i\u00e7in geri say\u0131m ba\u015flad\u0131. D\u00f6\u015femealt\u0131 D\u00fczler\u00e7am\u0131 Piknik alan\u0131nda ger\u00e7ekle\u015ftirilecek festival, T\u00fcrkiye\u2019nin d\u00f6rt bir yan\u0131ndan ve yurt d\u0131\u015f\u0131ndan binlerce Y\u00f6r\u00fc\u011fe ev sahipli\u011fi yapacak. 30 May\u0131s-1 Haziran tarihleri aras\u0131nda ger\u00e7ekle\u015ftirilecek festivalde 3 g\u00fcn boyunca renkli etkinliklerle Y\u00f6r\u00fck k\u00fclt\u00fcr\u00fc t\u00fcm y\u00f6nleriyle tan\u0131t\u0131lacak ve ya\u015fat\u0131lacak. FEST\u0130VAL BA\u015eLIYOR Festivale T\u00fcrkiye d\u0131\u015f\u0131ndan 25 farkl\u0131 T\u00fcrk Devlet ve toplulu\u011fundan gelen heyet ve kat\u0131l\u0131mc\u0131lar, T\u00fcrk d\u00fcnyas\u0131ndan ba\u011f\u0131ms\u0131z 7 T\u00fcrk devleti, \u00f6zerk cumhuriyetler ve T\u00fcrklerin yo\u011fun olarak ya\u015fad\u0131\u011f\u0131 \u00fclkelerden misafirler gelecek. 4\u2019\u00fcnc\u00fc Uluslararas\u0131 Antalya Y\u00f6r\u00fck T\u00fcrkmen Festivali, 30 May\u0131s Cuma g\u00fcn\u00fc 10.00\u2019da Cumhuriyet Meydan\u0131\u2019nda Atat\u00fcrk An\u0131t\u0131\u2019na \u00e7elenk sunulmas\u0131 ile ba\u015flayacak. Sayg\u0131 duru\u015fu ve \u0130stiklal Mar\u015f\u0131\u2019n\u0131n ard\u0131ndan Cumhuriyet Meydan\u0131\u2019ndan Karaalio\u011flu Park\u0131\u2019na kadar temsili Y\u00f6r\u00fck g\u00f6\u00e7\u00fc yap\u0131lacak. FUNDA ARAR VE KIRA\u00c7 SAHNE ALACAK 30 May\u0131s Cuma g\u00fcn\u00fc saat 13.00\u2019te festival alan\u0131nda etkinlikler ba\u015flayacak. Y\u00f6r\u00fck T\u00fcrkmen Festivali\u2019nin resmi a\u00e7\u0131l\u0131\u015f t\u00f6reni ise saat 21.00\u2019de festival alan\u0131nda olacak. Saat 22.00\u2019de \u00fcnl\u00fc sanat\u00e7\u0131 K\u0131ra\u00e7 Antalyal\u0131larla bulu\u015facak. 31 May\u0131s Cumartesi ak\u015fam 21.30\u2019da Funda Arar, 1 Haziran Pazar ak\u015fam\u0131 saat 21.30\u2019da ise U\u011fur \u00d6n\u00fcr konseri ger\u00e7ekle\u015ftirilecek. Festivalde 3 g\u00fcn boyunca yurt d\u0131\u015f\u0131ndan kat\u0131lan misafir gruplar\u0131n halk danslar\u0131 g\u00f6sterileri, canl\u0131 m\u00fczikler, atl\u0131 akrobasi ve ok\u00e7uluk g\u00f6sterileri gibi bir\u00e7ok aktivite olacak. Geleneksel el sanatlar\u0131n\u0131n sergilenece\u011fi stantlarda unutulmaya y\u00fcz tutmu\u015f sanatlar ya\u015fat\u0131lacak. \u200bAntalya B\u00fcy\u00fck\u015fehir &hellip;","og_url":"https:\/\/denizcankizil.tr\/de\/haberler\/gundem\/kirac-ve-funda-arar-antalya-yoruk-turkmen-festivalinde-bulusuyor\/","og_site_name":"Av. Deniz Can K\u0131z\u0131l","article_published_time":"2025-05-28T09:41:26+00:00","author":"Antalya K\u00f6rfez","twitter_card":"summary_large_image","twitter_misc":{"Verfasst von":"Antalya K\u00f6rfez","Gesch\u00e4tzte Lesezeit":"2\u00a0Minuten"},"schema":{"@context":"https:\/\/schema.org","@graph":[{"@type":"Article","@id":"https:\/\/denizcankizil.tr\/ru\/haberler\/gundem\/kirac-ve-funda-arar-antalya-yoruk-turkmen-festivalinde-bulusuyor\/#article","isPartOf":{"@id":"https:\/\/denizcankizil.tr\/ru\/haberler\/gundem\/kirac-ve-funda-arar-antalya-yoruk-turkmen-festivalinde-bulusuyor\/"},"author":{"name":"Antalya K\u00f6rfez","@id":"https:\/\/denizcankizil.tr\/de\/#\/schema\/person\/e1eb71bb4dd684d46563f0af307e1234"},"headline":"K\u0131ra\u00e7 ve Funda Arar, Antalya Y\u00f6r\u00fck T\u00fcrkmen Festivali\u2019nde bulu\u015fuyor","datePublished":"2025-05-28T09:41:26+00:00","mainEntityOfPage":{"@id":"https:\/\/denizcankizil.tr\/ru\/haberler\/gundem\/kirac-ve-funda-arar-antalya-yoruk-turkmen-festivalinde-bulusuyor\/"},"wordCount":369,"publisher":{"@id":"https:\/\/denizcankizil.tr\/de\/#organization"},"articleSection":["G\u00fcndem"],"inLanguage":"de"},{"@type":"WebPage","@id":"https:\/\/denizcankizil.tr\/ru\/haberler\/gundem\/kirac-ve-funda-arar-antalya-yoruk-turkmen-festivalinde-bulusuyor\/","url":"https:\/\/denizcankizil.tr\/ru\/haberler\/gundem\/kirac-ve-funda-arar-antalya-yoruk-turkmen-festivalinde-bulusuyor\/","name":"K\u0131ra\u00e7 ve Funda Arar, Antalya Y\u00f6r\u00fck T\u00fcrkmen Festivali\u2019nde bulu\u015fuyor - Av. Deniz Can K\u0131z\u0131l","isPartOf":{"@id":"https:\/\/denizcankizil.tr\/de\/#website"},"datePublished":"2025-05-28T09:41:26+00:00","breadcrumb":{"@id":"https:\/\/denizcankizil.tr\/ru\/haberler\/gundem\/kirac-ve-funda-arar-antalya-yoruk-turkmen-festivalinde-bulusuyor\/#breadcrumb"},"inLanguage":"de","potentialAction":[{"@type":"ReadAction","target":["https:\/\/denizcankizil.tr\/ru\/haberler\/gundem\/kirac-ve-funda-arar-antalya-yoruk-turkmen-festivalinde-bulusuyor\/"]}]},{"@type":"BreadcrumbList","@id":"https:\/\/denizcankizil.tr\/ru\/haberler\/gundem\/kirac-ve-funda-arar-antalya-yoruk-turkmen-festivalinde-bulusuyor\/#breadcrumb","itemListElement":[{"@type":"ListItem","position":1,"name":"Home","item":"https:\/\/denizcankizil.tr\/de\/"},{"@type":"ListItem","position":2,"name":"K\u0131ra\u00e7 ve Funda Arar, Antalya Y\u00f6r\u00fck T\u00fcrkmen Festivali\u2019nde bulu\u015fuyor"}]},{"@type":"WebSite","@id":"https:\/\/denizcankizil.tr\/de\/#website","url":"https:\/\/denizcankizil.tr\/de\/","name":"Av. Deniz Can K\u0131z\u0131l","description":"Avukat Deniz Can K\u0131z\u0131l Antalya Barosu","publisher":{"@id":"https:\/\/denizcankizil.tr\/de\/#organization"},"potentialAction":[{"@type":"SearchAction","target":{"@type":"EntryPoint","urlTemplate":"https:\/\/denizcankizil.tr\/de\/?s={search_term_string}"},"query-input":{"@type":"PropertyValueSpecification","valueRequired":true,"valueName":"search_term_string"}}],"inLanguage":"de"},{"@type":"Organization","@id":"https:\/\/denizcankizil.tr\/de\/#organization","name":"Av. Deniz Can K\u0131z\u0131l","url":"https:\/\/denizcankizil.tr\/de\/","logo":{"@type":"ImageObject","inLanguage":"de","@id":"https:\/\/denizcankizil.tr\/de\/#\/schema\/logo\/image\/","url":"https:\/\/denizcankizil.tr\/wp-content\/uploads\/2024\/10\/siyah-logo-svg.svg","contentUrl":"https:\/\/denizcankizil.tr\/wp-content\/uploads\/2024\/10\/siyah-logo-svg.svg","width":1080,"height":1080,"caption":"Av. Deniz Can K\u0131z\u0131l"},"image":{"@id":"https:\/\/denizcankizil.tr\/de\/#\/schema\/logo\/image\/"}},{"@type":"Person","@id":"https:\/\/denizcankizil.tr\/de\/#\/schema\/person\/e1eb71bb4dd684d46563f0af307e1234","name":"Antalya K\u00f6rfez","image":{"@type":"ImageObject","inLanguage":"de","@id":"https:\/\/denizcankizil.tr\/de\/#\/schema\/person\/image\/","url":"https:\/\/secure.gravatar.com\/avatar\/42b01982558a48a0b501fdcab6a408d3717ea5919095ee2e67b0e521799c5905?s=96&d=mm&r=g","contentUrl":"https:\/\/secure.gravatar.com\/avatar\/42b01982558a48a0b501fdcab6a408d3717ea5919095ee2e67b0e521799c5905?s=96&d=mm&r=g","caption":"Antalya K\u00f6rfez"},"sameAs":["http:\/\/www.antalyakorfez.com"],"url":"https:\/\/www.antalyakorfez.com\/kirac-ve-funda-arar-antalya-yoruk-turkmen-festivalinde-bulusuyor"}]}},"_links":{"self":[{"href":"https:\/\/denizcankizil.tr\/de\/wp-json\/wp\/v2\/posts\/99426","targetHints":{"allow":["GET"]}}],"collection":[{"href":"https:\/\/denizcankizil.tr\/de\/wp-json\/wp\/v2\/posts"}],"about":[{"href":"https:\/\/denizcankizil.tr\/de\/wp-json\/wp\/v2\/types\/post"}],"author":[{"embeddable":true,"href":"https:\/\/denizcankizil.tr\/de\/wp-json\/wp\/v2\/users\/5"}],"replies":[{"embeddable":true,"href":"https:\/\/denizcankizil.tr\/de\/wp-json\/wp\/v2\/comments?post=99426"}],"version-history":[{"count":0,"href":"https:\/\/denizcankizil.tr\/de\/wp-json\/wp\/v2\/posts\/99426\/revisions"}],"wp:attachment":[{"href":"https:\/\/denizcankizil.tr\/de\/wp-json\/wp\/v2\/media?parent=99426"}],"wp:term":[{"taxonomy":"category","embeddable":true,"href":"https:\/\/denizcankizil.tr\/de\/wp-json\/wp\/v2\/categories?post=99426"},{"taxonomy":"post_tag","embeddable":true,"href":"https:\/\/denizcankizil.tr\/de\/wp-json\/wp\/v2\/tags?post=99426"}],"curies":[{"name":"wp","href":"https:\/\/api.w.org\/{rel}","templated":true}]}}