{"id":99412,"date":"2025-05-26T11:59:00","date_gmt":"2025-05-26T08:59:00","guid":{"rendered":"https:\/\/denizcankizil.tr\/uncategorized-tr\/infaz-kanunu-gecici-m-10-2-5-yil-denetimli-serbestlik-hakkinda-yargitay-kararina-iliskin-degerlendirme\/"},"modified":"2025-05-26T11:59:00","modified_gmt":"2025-05-26T08:59:00","slug":"infaz-kanunu-gecici-m-10-2-5-yil-denetimli-serbestlik-hakkinda-yargitay-kararina-iliskin-degerlendirme","status":"publish","type":"post","link":"https:\/\/denizcankizil.tr\/de\/hukukihaber\/infaz-kanunu-gecici-m-10-2-5-yil-denetimli-serbestlik-hakkinda-yargitay-kararina-iliskin-degerlendirme\/","title":{"rendered":"\u0130nfaz Kanunu Ge\u00e7ici m.10\/2 (+5 y\u0131l Denetimli Serbestlik) Hakk\u0131nda Yarg\u0131tay Karar\u0131na \u0130li\u015fkin De\u011ferlendirme"},"content":{"rendered":"<p>Herkes 31 Temmuz Yasas\u0131n\u0131n e\u015fitli\u011fe ayk\u0131r\u0131l\u0131\u011f\u0131n\u0131 tart\u0131\u015fmakta iken; Yarg\u0131tay 1. Ceza Dairesi\u2019nin 27.03.2025 tarihinde verdi\u011fi bir karar, 31 Temmuz Yasas\u0131 ile ilgili yeni bir d\u00fczenleme yap\u0131lmas\u0131 ihtiyac\u0131n\u0131 ve bu durumun aciliyetini ortaya koyan nitelikte ve \u00e7ok say\u0131da h\u00fck\u00fcml\u00fcn\u00fcn aleyhine olabilecek bir tespit i\u00e7ermektedir.<\/p>\n<p>Bilindi\u011fi \u00fczere; 5275 say\u0131l\u0131 Ceza ve G\u00fcvenlik Tedbirlerinin \u0130nfaz\u0131 Hakk\u0131nda Kanun Ge\u00e7ici m.10\/2\u2019de, 31 Temmuz 2023 tarihi itibariyle Covid 19 izninde olan ve denetimli serbestli\u011fine 5 y\u0131l ve daha az s\u00fcre kalan h\u00fck\u00fcml\u00fclere, ko\u015fullu sal\u0131verilme tarihine kadar denetimli serbestlik yolu a\u00e7\u0131lm\u0131\u015ft\u0131. Uygulamada; 31 Temmuz 2023 tarihi itibariyle denetimli serbestli\u011fine 5 y\u0131l ve daha az s\u00fcre kalanlar direkt bu d\u00fczenlemeden faydalan\u0131rken, 31 Temmuz 2023 tarihi itibariyle Covid 19 izninde olmakla birlikte, denetimli serbestli\u011fine 5 y\u0131l ve daha az s\u00fcre kalma \u015fart\u0131n\u0131 sonraki bir tarihte elde eden h\u00fck\u00fcml\u00fclere de, +5 y\u0131l denetimli serbestli\u011fi hak etti\u011fi sonraki tarih itibariyle hakk\u0131nda Ge\u00e7ici m.10\/2\u2019nin tatbik edilebildi\u011fi g\u00f6r\u00fclmekte idi. Bir ba\u015fka ifadeyle; 31 Temmuz 2023 tarihinde Covid 19 izninde olan h\u00fck\u00fcml\u00fcler, denetimli serbestli\u011fine 5 y\u0131l ve daha az s\u00fcre kalma \u015fart\u0131n\u0131 hangi tarihte sa\u011flayacaksa, o tarih itibariyle +5 y\u0131l denetimli serbestlikten faydalanabilece\u011fi \u015feklinde yorum ve uygulamalar vard\u0131.<\/p>\n<p>Yarg\u0131tay 1. Ceza Dairesi 27.03.2025 tarihli, 2024\/5714 E. ve 2025\/2564 K. say\u0131l\u0131 karar\u0131nda; 31 Temmuz 2023 tarihinde Covid 19 izninde olsa bile, yine 31 Temmuz 2023 itibariyle denetimli serbestli\u011fine 5 y\u0131ldan fazla s\u00fcre kalan h\u00fck\u00fcml\u00fclerin, +5 y\u0131l denetimli serbestlikten ileriye d\u00f6n\u00fck olarak faydalanamayaca\u011f\u0131na karar vermi\u015ftir. Yarg\u0131tay\u2019a g\u00f6re; \u0130nfaz Kanunu Ge\u00e7ici m.10\/2 ge\u00e7ici bir d\u00fczenleme olup, maddede kabul edilen tarih itibariyle \u00f6ng\u00f6r\u00fclen \u015fartlar\u0131 ta\u015f\u0131yan h\u00fck\u00fcml\u00fclerle s\u0131n\u0131rl\u0131 bir uygulama alan\u0131 vard\u0131r ve h\u00fck\u00fcml\u00fcn\u00fcn 31 Temmuz 2023 tarihinde sadece Covid 19 izninde olmas\u0131 yeterli olmay\u0131p, yine ayn\u0131 tarihte denetimli serbestli\u011fine de 5 y\u0131l veya daha az s\u00fcre kalmal\u0131d\u0131r. Aksi halde, Ge\u00e7ici m.10\/2\u2019den ileri bir tarihte hi\u00e7bir \u015fekilde faydalanamayacakt\u0131r.<\/p>\n<p>Bir \u00f6rnekle a\u00e7\u0131klamak gerekirse; normalde 1 y\u0131l denetimli serbestlik hakk\u0131 olan bir h\u00fck\u00fcml\u00fc, 31 Temmuz 2023 tarihi itibariyle Covid 19 iznindedir, ancak denetimli serbestli\u011fine 5 y\u0131l ve daha az s\u00fcre kalmas\u0131 \u015fart\u0131n\u0131 2 A\u011fustos 2023 tarihinde kar\u015f\u0131layabilmektedir. Yarg\u0131tay\u2019\u0131n karar\u0131, bu \u00f6rnekte belirtilen h\u00fck\u00fcml\u00fcn\u00fcn 2 A\u011fustos 2023 tarihi itibariyle +5 y\u0131l denetimli serbestli\u011fe ayr\u0131lamayaca\u011f\u0131n\u0131 ve sadece azami 1 y\u0131l denetimli serbestlikten faydalanabilece\u011fini ortaya koymaktad\u0131r.<\/p>\n<p>Bu yorum her ne kadar \u0130nfaz Kanunu Ge\u00e7ici m.10\/2\u2019nin lafz\u0131na uygun g\u00f6z\u00fckse de; kanaatimizce isabetli olmam\u0131\u015ft\u0131r, \u00e7\u00fcnk\u00fc 31 Temmuz 2023 itibariyle kapal\u0131 cezaevinde olanlara veya Kanunun Ge\u00e7ici 9. maddesinin 6. f\u0131kras\u0131 tatbik edilerek bir y\u0131l erken a\u00e7\u0131k cezaevine g\u00f6nderilenlere +3 y\u0131l denetimli serbestlik imkan\u0131 tan\u0131nm\u0131\u015f iken, 31 Temmuz 2023 tarihinde a\u00e7\u0131k cezaevinde izinde olan ancak bu tarihte denetimli serbestli\u011fine 5 y\u0131ldan fazla olan h\u00fck\u00fcml\u00fcler hem Yarg\u0131tay karar\u0131 sebebiyle +5 y\u0131l denetimli serbestlik imkan\u0131n\u0131 t\u00fcm\u00fc ile kaybetmektedir ve hem de Ge\u00e7ici m.10\u2019un 6. f\u0131kras\u0131 kapsam\u0131na da al\u0131nmad\u0131klar\u0131ndan mevcut durumda +3 y\u0131l denetimli serbestlik imkan\u0131 da yoktur. Dolay\u0131s\u0131yla; infaz\u0131 daha a\u011f\u0131r durumda olup, kapal\u0131 cezaevinde olan veya hen\u00fcz a\u00e7\u0131\u011fa ayr\u0131lmay\u0131 hak etmeyen h\u00fck\u00fcml\u00fclere en az\u0131ndan 6. f\u0131kra tatbik edilirken, infaz durumu daha hafif olan Covid 19 izinlisi h\u00fck\u00fcml\u00fclere s\u0131rf 31 Temmuz 2023 tarihinde denetimli serbestli\u011fine 5 y\u0131ldan fazla s\u00fcre oldu\u011fundan bahisle Ge\u00e7ici m.10\u2019un tatbikinden t\u00fcm\u00fc ile d\u0131\u015flanmas\u0131 bizce hatal\u0131d\u0131r.<\/p>\n<p>Bu karar \u00f6nemlidir; \u00e7\u00fcnk\u00fc infazda \u201ckazan\u0131lm\u0131\u015f hak\u201d yoktur, 31 Temmuz Yasas\u0131 ile ilgili su\u00e7 tarihini esas alan yeni bir d\u00fczenleme yap\u0131lmad\u0131\u011f\u0131 s\u00fcrece, daha evvel Ge\u00e7ici m.10\/2\u2019den faydalanan h\u00fck\u00fcml\u00fclerin bile bu haklar\u0131n\u0131 kaybetmesi ve cezaevine d\u00f6nmesi zorunlulu\u011fu g\u00fcndeme gelebilecektir. Ayr\u0131ca; yeni d\u00fczenlemenin +3 y\u0131l denetimli serbestlik \u00f6ng\u00f6rece\u011fi belirtildi\u011finden, yaz\u0131m\u0131za konu h\u00fck\u00fcml\u00fclerin +5 y\u0131l hakk\u0131n\u0131 kaybedip, +3 y\u0131l denetimli serbestlikle s\u0131n\u0131rlanmalar\u0131 da s\u00f6zkonusu olabilecektir. Ma\u011fduriyet ve kar\u0131\u015f\u0131kl\u0131k ya\u015fanmamas\u0131 i\u00e7in, 31 Temmuz Yasas\u0131 de\u011fi\u015fikli\u011fi ivedi olarak ve bu aleyhe durum g\u00f6z\u00f6n\u00fcnde bulundurulmak suretiyle ger\u00e7ekle\u015ftirilmelidir. Af veya af benzeri infaz d\u00fczenlemelerinin \u00e7\u0131kar\u0131lmas\u0131, cezas\u0131zl\u0131k alg\u0131s\u0131na sebebiyet verdi\u011fi ileri s\u00fcr\u00fclerek ele\u015ftirilebilir, ancak bunun sorumlusu ve muhatab\u0131 biz de\u011filiz. Kanun koyucu bu y\u00f6nde bir yasal d\u00fczenleme yoluna gitmi\u015fse; bunun e\u015fitli\u011fe uygun, adaletli, s\u00fcrd\u00fcr\u00fclebilir ve uygulanabilir olmas\u0131 i\u00e7in gereken de\u011fi\u015fiklik ve d\u00fczeltmeleri de yapmal\u0131d\u0131r.<\/p>\n<p>Prof. Dr. Ersan \u015een<\/p>\n<p>Av. Beyza Ba\u015fer Berk\u00fcn<\/p>\n<p>(Bu makale, say\u0131n Prof. Dr. Ersan \u015eEN taraf\u0131ndan www.hukukihaber.net sitesinde yay\u0131nlanmas\u0131 i\u00e7in kaleme al\u0131nm\u0131\u015ft\u0131r. Kaynak g\u00f6sterilse dahi makalenin tamam\u0131 \u00f6zel izin al\u0131nmadan kullan\u0131lamaz. Ancak al\u0131nt\u0131lanan makalenin bir b\u00f6l\u00fcm\u00fc, aktif link verilerek kullan\u0131labilir. Yazar\u0131 ve kayna\u011f\u0131 g\u00f6sterilmeden k\u0131smen ya da tamamen yay\u0131nlanmas\u0131 \u015fahsi haklara ve fikri haklara ayk\u0131r\u0131l\u0131k te\u015fkil eder.)<\/p>\n<p>\u200bHerkes 31 Temmuz Yasas\u0131n\u0131n e\u015fitli\u011fe ayk\u0131r\u0131l\u0131\u011f\u0131n\u0131 tart\u0131\u015fmakta iken; Yarg\u0131tay 1. Ceza Dairesi\u2019nin 27.03.2025 tarihinde verdi\u011fi bir karar, 31 Temmuz Yasas\u0131 ile ilgili yeni bir d\u00fczenleme yap\u0131lmas\u0131 ihtiyac\u0131n\u0131 ve bu durumun aciliyetini ortaya koyan nitelikte ve \u00e7ok say\u0131da h\u00fck\u00fcml\u00fcn\u00fcn aleyhine olabilecek bir tespit i\u00e7ermektedir.<\/p>\n<p>Bilindi\u011fi \u00fczere; 5275 say\u0131l\u0131 Ceza ve G\u00fcvenlik Tedbirlerinin \u0130nfaz\u0131 Hakk\u0131nda Kanun Ge\u00e7ici m.10\/2\u2019de, 31 Temmuz 2023 tarihi itibariyle Covid 19 izninde olan ve denetimli serbestli\u011fine 5 y\u0131l ve daha az s\u00fcre kalan h\u00fck\u00fcml\u00fclere, ko\u015fullu sal\u0131verilme tarihine kadar denetimli serbestlik yolu a\u00e7\u0131lm\u0131\u015ft\u0131. Uygulamada; 31 Temmuz 2023 tarihi itibariyle denetimli serbestli\u011fine 5 y\u0131l ve daha az s\u00fcre kalanlar direkt bu d\u00fczenlemeden faydalan\u0131rken, 31 Temmuz 2023 tarihi itibariyle Covid 19 izninde olmakla birlikte, denetimli serbestli\u011fine 5 y\u0131l ve daha az s\u00fcre kalma \u015fart\u0131n\u0131 sonraki bir tarihte elde eden h\u00fck\u00fcml\u00fclere de, +5 y\u0131l denetimli serbestli\u011fi hak etti\u011fi sonraki tarih itibariyle hakk\u0131nda Ge\u00e7ici m.10\/2\u2019nin tatbik edilebildi\u011fi g\u00f6r\u00fclmekte idi. Bir ba\u015fka ifadeyle; 31 Temmuz 2023 tarihinde Covid 19 izninde olan h\u00fck\u00fcml\u00fcler, denetimli serbestli\u011fine 5 y\u0131l ve daha az s\u00fcre kalma \u015fart\u0131n\u0131 hangi tarihte sa\u011flayacaksa, o tarih itibariyle +5 y\u0131l denetimli serbestlikten faydalanabilece\u011fi \u015feklinde yorum ve uygulamalar vard\u0131.<\/p>\n<p>Yarg\u0131tay 1. Ceza Dairesi 27.03.2025 tarihli, 2024\/5714 E. ve 2025\/2564 K. say\u0131l\u0131 karar\u0131nda; 31 Temmuz 2023 tarihinde Covid 19 izninde olsa bile, yine 31 Temmuz 2023 itibariyle denetimli serbestli\u011fine 5 y\u0131ldan fazla s\u00fcre kalan h\u00fck\u00fcml\u00fclerin, +5 y\u0131l denetimli serbestlikten ileriye d\u00f6n\u00fck olarak faydalanamayaca\u011f\u0131na karar vermi\u015ftir. Yarg\u0131tay\u2019a g\u00f6re; \u0130nfaz Kanunu Ge\u00e7ici m.10\/2 ge\u00e7ici bir d\u00fczenleme olup, maddede kabul edilen tarih itibariyle \u00f6ng\u00f6r\u00fclen \u015fartlar\u0131 ta\u015f\u0131yan h\u00fck\u00fcml\u00fclerle s\u0131n\u0131rl\u0131 bir uygulama alan\u0131 vard\u0131r ve h\u00fck\u00fcml\u00fcn\u00fcn 31 Temmuz 2023 tarihinde sadece Covid 19 izninde olmas\u0131 yeterli olmay\u0131p, yine ayn\u0131 tarihte denetimli serbestli\u011fine de 5 y\u0131l veya daha az s\u00fcre kalmal\u0131d\u0131r. Aksi halde, Ge\u00e7ici m.10\/2\u2019den ileri bir tarihte hi\u00e7bir \u015fekilde faydalanamayacakt\u0131r.<\/p>\n<p>Bir \u00f6rnekle a\u00e7\u0131klamak gerekirse; normalde 1 y\u0131l denetimli serbestlik hakk\u0131 olan bir h\u00fck\u00fcml\u00fc, 31 Temmuz 2023 tarihi itibariyle Covid 19 iznindedir, ancak denetimli serbestli\u011fine 5 y\u0131l ve daha az s\u00fcre kalmas\u0131 \u015fart\u0131n\u0131 2 A\u011fustos 2023 tarihinde kar\u015f\u0131layabilmektedir. Yarg\u0131tay\u2019\u0131n karar\u0131, bu \u00f6rnekte belirtilen h\u00fck\u00fcml\u00fcn\u00fcn 2 A\u011fustos 2023 tarihi itibariyle +5 y\u0131l denetimli serbestli\u011fe ayr\u0131lamayaca\u011f\u0131n\u0131 ve sadece azami 1 y\u0131l denetimli serbestlikten faydalanabilece\u011fini ortaya koymaktad\u0131r.<\/p>\n<p>Bu yorum her ne kadar \u0130nfaz Kanunu Ge\u00e7ici m.10\/2\u2019nin lafz\u0131na uygun g\u00f6z\u00fckse de; kanaatimizce isabetli olmam\u0131\u015ft\u0131r, \u00e7\u00fcnk\u00fc 31 Temmuz 2023 itibariyle kapal\u0131 cezaevinde olanlara veya Kanunun Ge\u00e7ici 9. maddesinin 6. f\u0131kras\u0131 tatbik edilerek bir y\u0131l erken a\u00e7\u0131k cezaevine g\u00f6nderilenlere +3 y\u0131l denetimli serbestlik imkan\u0131 tan\u0131nm\u0131\u015f iken, 31 Temmuz 2023 tarihinde a\u00e7\u0131k cezaevinde izinde olan ancak bu tarihte denetimli serbestli\u011fine 5 y\u0131ldan fazla olan h\u00fck\u00fcml\u00fcler hem Yarg\u0131tay karar\u0131 sebebiyle +5 y\u0131l denetimli serbestlik imkan\u0131n\u0131 t\u00fcm\u00fc ile kaybetmektedir ve hem de Ge\u00e7ici m.10\u2019un 6. f\u0131kras\u0131 kapsam\u0131na da al\u0131nmad\u0131klar\u0131ndan mevcut durumda +3 y\u0131l denetimli serbestlik imkan\u0131 da yoktur. Dolay\u0131s\u0131yla; infaz\u0131 daha a\u011f\u0131r durumda olup, kapal\u0131 cezaevinde olan veya hen\u00fcz a\u00e7\u0131\u011fa ayr\u0131lmay\u0131 hak etmeyen h\u00fck\u00fcml\u00fclere en az\u0131ndan 6. f\u0131kra tatbik edilirken, infaz durumu daha hafif olan Covid 19 izinlisi h\u00fck\u00fcml\u00fclere s\u0131rf 31 Temmuz 2023 tarihinde denetimli serbestli\u011fine 5 y\u0131ldan fazla s\u00fcre oldu\u011fundan bahisle Ge\u00e7ici m.10\u2019un tatbikinden t\u00fcm\u00fc ile d\u0131\u015flanmas\u0131 bizce hatal\u0131d\u0131r.<\/p>\n<p>Bu karar \u00f6nemlidir; \u00e7\u00fcnk\u00fc infazda \u201ckazan\u0131lm\u0131\u015f hak\u201d yoktur, 31 Temmuz Yasas\u0131 ile ilgili su\u00e7 tarihini esas alan yeni bir d\u00fczenleme yap\u0131lmad\u0131\u011f\u0131 s\u00fcrece, daha evvel Ge\u00e7ici m.10\/2\u2019den faydalanan h\u00fck\u00fcml\u00fclerin bile bu haklar\u0131n\u0131 kaybetmesi ve cezaevine d\u00f6nmesi zorunlulu\u011fu g\u00fcndeme gelebilecektir. Ayr\u0131ca; yeni d\u00fczenlemenin +3 y\u0131l denetimli serbestlik \u00f6ng\u00f6rece\u011fi belirtildi\u011finden, yaz\u0131m\u0131za konu h\u00fck\u00fcml\u00fclerin +5 y\u0131l hakk\u0131n\u0131 kaybedip, +3 y\u0131l denetimli serbestlikle s\u0131n\u0131rlanmalar\u0131 da s\u00f6zkonusu olabilecektir. Ma\u011fduriyet ve kar\u0131\u015f\u0131kl\u0131k ya\u015fanmamas\u0131 i\u00e7in, 31 Temmuz Yasas\u0131 de\u011fi\u015fikli\u011fi ivedi olarak ve bu aleyhe durum g\u00f6z\u00f6n\u00fcnde bulundurulmak suretiyle ger\u00e7ekle\u015ftirilmelidir. Af veya af benzeri infaz d\u00fczenlemelerinin \u00e7\u0131kar\u0131lmas\u0131, cezas\u0131zl\u0131k alg\u0131s\u0131na sebebiyet verdi\u011fi ileri s\u00fcr\u00fclerek ele\u015ftirilebilir, ancak bunun sorumlusu ve muhatab\u0131 biz de\u011filiz. Kanun koyucu bu y\u00f6nde bir yasal d\u00fczenleme yoluna gitmi\u015fse; bunun e\u015fitli\u011fe uygun, adaletli, s\u00fcrd\u00fcr\u00fclebilir ve uygulanabilir olmas\u0131 i\u00e7in gereken de\u011fi\u015fiklik ve d\u00fczeltmeleri de yapmal\u0131d\u0131r.<\/p>\n<p>Prof. Dr. Ersan \u015een<\/p>\n<p>Av. Beyza Ba\u015fer Berk\u00fcn<\/p>\n<p>(Bu makale, say\u0131n Prof. Dr. Ersan \u015eEN taraf\u0131ndan www.hukukihaber.net sitesinde yay\u0131nlanmas\u0131 i\u00e7in kaleme al\u0131nm\u0131\u015ft\u0131r. Kaynak g\u00f6sterilse dahi makalenin tamam\u0131 \u00f6zel izin al\u0131nmadan kullan\u0131lamaz. Ancak al\u0131nt\u0131lanan makalenin bir b\u00f6l\u00fcm\u00fc, aktif link verilerek kullan\u0131labilir. Yazar\u0131 ve kayna\u011f\u0131 g\u00f6sterilmeden k\u0131smen ya da tamamen yay\u0131nlanmas\u0131 \u015fahsi haklara ve fikri haklara ayk\u0131r\u0131l\u0131k te\u015fkil eder.)\u00a0Hukuki Haber<\/p>\n<p>Haberin Al\u0131nt\u0131land\u0131\u011f\u0131 Kaynak: www.hukukihaber.net<\/p>","protected":false},"excerpt":{"rendered":"<p>Herkes 31 Temmuz Yasas\u0131n\u0131n e\u015fitli\u011fe ayk\u0131r\u0131l\u0131\u011f\u0131n\u0131 tart\u0131\u015fmakta iken; Yarg\u0131tay 1. Ceza Dairesi\u2019nin 27.03.2025 tarihinde verdi\u011fi bir karar, 31 Temmuz Yasas\u0131 ile ilgili yeni bir d\u00fczenleme yap\u0131lmas\u0131 ihtiyac\u0131n\u0131 ve bu durumun aciliyetini ortaya koyan nitelikte ve \u00e7ok say\u0131da h\u00fck\u00fcml\u00fcn\u00fcn aleyhine olabilecek bir tespit i\u00e7ermektedir. Bilindi\u011fi \u00fczere; 5275 say\u0131l\u0131 Ceza ve G\u00fcvenlik Tedbirlerinin \u0130nfaz\u0131 Hakk\u0131nda Kanun Ge\u00e7ici m.10\/2\u2019de, 31 Temmuz 2023 tarihi itibariyle Covid 19 izninde olan ve denetimli serbestli\u011fine 5 y\u0131l ve daha az s\u00fcre kalan h\u00fck\u00fcml\u00fclere, ko\u015fullu sal\u0131verilme tarihine kadar denetimli serbestlik yolu a\u00e7\u0131lm\u0131\u015ft\u0131. Uygulamada; 31 Temmuz 2023 tarihi itibariyle denetimli serbestli\u011fine 5 y\u0131l ve daha az s\u00fcre kalanlar direkt bu d\u00fczenlemeden faydalan\u0131rken, 31 Temmuz 2023 tarihi itibariyle Covid 19 izninde olmakla birlikte, denetimli serbestli\u011fine 5 y\u0131l ve daha az s\u00fcre kalma \u015fart\u0131n\u0131 sonraki bir tarihte elde eden h\u00fck\u00fcml\u00fclere de, +5 y\u0131l denetimli serbestli\u011fi hak etti\u011fi sonraki tarih itibariyle hakk\u0131nda Ge\u00e7ici m.10\/2\u2019nin tatbik edilebildi\u011fi g\u00f6r\u00fclmekte idi. Bir ba\u015fka ifadeyle; 31 Temmuz 2023 tarihinde Covid 19 izninde olan h\u00fck\u00fcml\u00fcler, denetimli serbestli\u011fine 5 y\u0131l ve daha az s\u00fcre kalma \u015fart\u0131n\u0131 hangi tarihte sa\u011flayacaksa, o tarih itibariyle +5 y\u0131l denetimli serbestlikten faydalanabilece\u011fi \u015feklinde yorum ve uygulamalar vard\u0131. Yarg\u0131tay 1. Ceza Dairesi 27.03.2025 tarihli, 2024\/5714 E. ve 2025\/2564 K. say\u0131l\u0131 karar\u0131nda; 31 Temmuz 2023 &hellip;<\/p>","protected":false},"author":3,"featured_media":0,"comment_status":"","ping_status":"open","sticky":false,"template":"","format":"standard","meta":{"_acf_changed":false,"footnotes":""},"categories":[27],"tags":[],"class_list":["post-99412","post","type-post","status-publish","format-standard","has-post-thumbnail","hentry","category-hukukihaber"],"acf":[],"yoast_head":"<!-- This site is optimized with the Yoast SEO Premium plugin v26.6 (Yoast SEO v27.1.1) - https:\/\/yoast.com\/product\/yoast-seo-premium-wordpress\/ -->\n<title>\u0130nfaz Kanunu Ge\u00e7ici m.10\/2 (+5 y\u0131l Denetimli Serbestlik) Hakk\u0131nda Yarg\u0131tay Karar\u0131na \u0130li\u015fkin De\u011ferlendirme - Av. Deniz Can K\u0131z\u0131l<\/title>\n<meta name=\"robots\" content=\"index, follow, max-snippet:-1, max-image-preview:large, max-video-preview:-1\" \/>\n<link rel=\"canonical\" href=\"http:\/\/denizcankizil.tr\/de\/hukukihaber\/infaz-kanunu-gecici-m-10-2-5-yil-denetimli-serbestlik-hakkinda-yargitay-kararina-iliskin-degerlendirme\/\" \/>\n<meta property=\"og:locale\" content=\"de_DE\" \/>\n<meta property=\"og:type\" content=\"article\" \/>\n<meta property=\"og:title\" content=\"\u0130nfaz Kanunu Ge\u00e7ici m.10\/2 (+5 y\u0131l Denetimli Serbestlik) Hakk\u0131nda Yarg\u0131tay Karar\u0131na \u0130li\u015fkin De\u011ferlendirme\" \/>\n<meta property=\"og:description\" content=\"Herkes 31 Temmuz Yasas\u0131n\u0131n e\u015fitli\u011fe ayk\u0131r\u0131l\u0131\u011f\u0131n\u0131 tart\u0131\u015fmakta iken; Yarg\u0131tay 1. Ceza Dairesi\u2019nin 27.03.2025 tarihinde verdi\u011fi bir karar, 31 Temmuz Yasas\u0131 ile ilgili yeni bir d\u00fczenleme yap\u0131lmas\u0131 ihtiyac\u0131n\u0131 ve bu durumun aciliyetini ortaya koyan nitelikte ve \u00e7ok say\u0131da h\u00fck\u00fcml\u00fcn\u00fcn aleyhine olabilecek bir tespit i\u00e7ermektedir. Bilindi\u011fi \u00fczere; 5275 say\u0131l\u0131 Ceza ve G\u00fcvenlik Tedbirlerinin \u0130nfaz\u0131 Hakk\u0131nda Kanun Ge\u00e7ici m.10\/2\u2019de, 31 Temmuz 2023 tarihi itibariyle Covid 19 izninde olan ve denetimli serbestli\u011fine 5 y\u0131l ve daha az s\u00fcre kalan h\u00fck\u00fcml\u00fclere, ko\u015fullu sal\u0131verilme tarihine kadar denetimli serbestlik yolu a\u00e7\u0131lm\u0131\u015ft\u0131. Uygulamada; 31 Temmuz 2023 tarihi itibariyle denetimli serbestli\u011fine 5 y\u0131l ve daha az s\u00fcre kalanlar direkt bu d\u00fczenlemeden faydalan\u0131rken, 31 Temmuz 2023 tarihi itibariyle Covid 19 izninde olmakla birlikte, denetimli serbestli\u011fine 5 y\u0131l ve daha az s\u00fcre kalma \u015fart\u0131n\u0131 sonraki bir tarihte elde eden h\u00fck\u00fcml\u00fclere de, +5 y\u0131l denetimli serbestli\u011fi hak etti\u011fi sonraki tarih itibariyle hakk\u0131nda Ge\u00e7ici m.10\/2\u2019nin tatbik edilebildi\u011fi g\u00f6r\u00fclmekte idi. Bir ba\u015fka ifadeyle; 31 Temmuz 2023 tarihinde Covid 19 izninde olan h\u00fck\u00fcml\u00fcler, denetimli serbestli\u011fine 5 y\u0131l ve daha az s\u00fcre kalma \u015fart\u0131n\u0131 hangi tarihte sa\u011flayacaksa, o tarih itibariyle +5 y\u0131l denetimli serbestlikten faydalanabilece\u011fi \u015feklinde yorum ve uygulamalar vard\u0131. Yarg\u0131tay 1. Ceza Dairesi 27.03.2025 tarihli, 2024\/5714 E. ve 2025\/2564 K. say\u0131l\u0131 karar\u0131nda; 31 Temmuz 2023 &hellip;\" \/>\n<meta property=\"og:url\" content=\"http:\/\/denizcankizil.tr\/de\/hukukihaber\/infaz-kanunu-gecici-m-10-2-5-yil-denetimli-serbestlik-hakkinda-yargitay-kararina-iliskin-degerlendirme\/\" \/>\n<meta property=\"og:site_name\" content=\"Av. Deniz Can K\u0131z\u0131l\" \/>\n<meta property=\"article:published_time\" content=\"2025-05-26T08:59:00+00:00\" \/>\n<meta name=\"author\" content=\"Hukuki Haber.net\" \/>\n<meta name=\"twitter:card\" content=\"summary_large_image\" \/>\n<meta name=\"twitter:label1\" content=\"Verfasst von\" \/>\n\t<meta name=\"twitter:data1\" content=\"Hukuki Haber.net\" \/>\n\t<meta name=\"twitter:label2\" content=\"Gesch\u00e4tzte Lesezeit\" \/>\n\t<meta name=\"twitter:data2\" content=\"9\u00a0Minuten\" \/>\n<script type=\"application\/ld+json\" class=\"yoast-schema-graph\">{\"@context\":\"https:\/\/schema.org\",\"@graph\":[{\"@type\":\"Article\",\"@id\":\"http:\/\/denizcankizil.tr\/ru\/hukukihaber\/infaz-kanunu-gecici-m-10-2-5-yil-denetimli-serbestlik-hakkinda-yargitay-kararina-iliskin-degerlendirme\/#article\",\"isPartOf\":{\"@id\":\"http:\/\/denizcankizil.tr\/ru\/hukukihaber\/infaz-kanunu-gecici-m-10-2-5-yil-denetimli-serbestlik-hakkinda-yargitay-kararina-iliskin-degerlendirme\/\"},\"author\":{\"name\":\"Hukuki Haber.net\",\"@id\":\"https:\/\/denizcankizil.tr\/de\/#\/schema\/person\/001a271de994a0aa3f90eea084424822\"},\"headline\":\"\u0130nfaz Kanunu Ge\u00e7ici m.10\/2 (+5 y\u0131l Denetimli Serbestlik) Hakk\u0131nda Yarg\u0131tay Karar\u0131na \u0130li\u015fkin De\u011ferlendirme\",\"datePublished\":\"2025-05-26T08:59:00+00:00\",\"mainEntityOfPage\":{\"@id\":\"http:\/\/denizcankizil.tr\/ru\/hukukihaber\/infaz-kanunu-gecici-m-10-2-5-yil-denetimli-serbestlik-hakkinda-yargitay-kararina-iliskin-degerlendirme\/\"},\"wordCount\":1827,\"publisher\":{\"@id\":\"https:\/\/denizcankizil.tr\/de\/#organization\"},\"articleSection\":[\"Hukuki Haberler\"],\"inLanguage\":\"de\"},{\"@type\":\"WebPage\",\"@id\":\"http:\/\/denizcankizil.tr\/ru\/hukukihaber\/infaz-kanunu-gecici-m-10-2-5-yil-denetimli-serbestlik-hakkinda-yargitay-kararina-iliskin-degerlendirme\/\",\"url\":\"http:\/\/denizcankizil.tr\/ru\/hukukihaber\/infaz-kanunu-gecici-m-10-2-5-yil-denetimli-serbestlik-hakkinda-yargitay-kararina-iliskin-degerlendirme\/\",\"name\":\"\u0130nfaz Kanunu Ge\u00e7ici m.10\/2 (+5 y\u0131l Denetimli Serbestlik) Hakk\u0131nda Yarg\u0131tay Karar\u0131na \u0130li\u015fkin De\u011ferlendirme - Av. Deniz Can K\u0131z\u0131l\",\"isPartOf\":{\"@id\":\"https:\/\/denizcankizil.tr\/de\/#website\"},\"datePublished\":\"2025-05-26T08:59:00+00:00\",\"breadcrumb\":{\"@id\":\"http:\/\/denizcankizil.tr\/ru\/hukukihaber\/infaz-kanunu-gecici-m-10-2-5-yil-denetimli-serbestlik-hakkinda-yargitay-kararina-iliskin-degerlendirme\/#breadcrumb\"},\"inLanguage\":\"de\",\"potentialAction\":[{\"@type\":\"ReadAction\",\"target\":[\"http:\/\/denizcankizil.tr\/ru\/hukukihaber\/infaz-kanunu-gecici-m-10-2-5-yil-denetimli-serbestlik-hakkinda-yargitay-kararina-iliskin-degerlendirme\/\"]}]},{\"@type\":\"BreadcrumbList\",\"@id\":\"http:\/\/denizcankizil.tr\/ru\/hukukihaber\/infaz-kanunu-gecici-m-10-2-5-yil-denetimli-serbestlik-hakkinda-yargitay-kararina-iliskin-degerlendirme\/#breadcrumb\",\"itemListElement\":[{\"@type\":\"ListItem\",\"position\":1,\"name\":\"Home\",\"item\":\"https:\/\/denizcankizil.tr\/de\/\"},{\"@type\":\"ListItem\",\"position\":2,\"name\":\"\u0130nfaz Kanunu Ge\u00e7ici m.10\/2 (+5 y\u0131l Denetimli Serbestlik) Hakk\u0131nda Yarg\u0131tay Karar\u0131na \u0130li\u015fkin De\u011ferlendirme\"}]},{\"@type\":\"WebSite\",\"@id\":\"https:\/\/denizcankizil.tr\/de\/#website\",\"url\":\"https:\/\/denizcankizil.tr\/de\/\",\"name\":\"Av. Deniz Can K\u0131z\u0131l\",\"description\":\"Avukat Deniz Can K\u0131z\u0131l Antalya Barosu\",\"publisher\":{\"@id\":\"https:\/\/denizcankizil.tr\/de\/#organization\"},\"potentialAction\":[{\"@type\":\"SearchAction\",\"target\":{\"@type\":\"EntryPoint\",\"urlTemplate\":\"https:\/\/denizcankizil.tr\/de\/?s={search_term_string}\"},\"query-input\":{\"@type\":\"PropertyValueSpecification\",\"valueRequired\":true,\"valueName\":\"search_term_string\"}}],\"inLanguage\":\"de\"},{\"@type\":\"Organization\",\"@id\":\"https:\/\/denizcankizil.tr\/de\/#organization\",\"name\":\"Av. Deniz Can K\u0131z\u0131l\",\"url\":\"https:\/\/denizcankizil.tr\/de\/\",\"logo\":{\"@type\":\"ImageObject\",\"inLanguage\":\"de\",\"@id\":\"https:\/\/denizcankizil.tr\/de\/#\/schema\/logo\/image\/\",\"url\":\"https:\/\/denizcankizil.tr\/wp-content\/uploads\/2024\/10\/siyah-logo-svg.svg\",\"contentUrl\":\"https:\/\/denizcankizil.tr\/wp-content\/uploads\/2024\/10\/siyah-logo-svg.svg\",\"width\":1080,\"height\":1080,\"caption\":\"Av. Deniz Can K\u0131z\u0131l\"},\"image\":{\"@id\":\"https:\/\/denizcankizil.tr\/de\/#\/schema\/logo\/image\/\"}},{\"@type\":\"Person\",\"@id\":\"https:\/\/denizcankizil.tr\/de\/#\/schema\/person\/001a271de994a0aa3f90eea084424822\",\"name\":\"Hukuki Haber.net\",\"image\":{\"@type\":\"ImageObject\",\"inLanguage\":\"de\",\"@id\":\"https:\/\/denizcankizil.tr\/de\/#\/schema\/person\/image\/\",\"url\":\"https:\/\/secure.gravatar.com\/avatar\/57d8a49151495586611a149d29fc42865b951dc053a84709a3172ccb5abf3118?s=96&d=mm&r=g\",\"contentUrl\":\"https:\/\/secure.gravatar.com\/avatar\/57d8a49151495586611a149d29fc42865b951dc053a84709a3172ccb5abf3118?s=96&d=mm&r=g\",\"caption\":\"Hukuki Haber.net\"},\"sameAs\":[\"http:\/\/www.hukukihaber.net\"],\"url\":\"https:\/\/www.hukukihaber.net\/infaz-kanunu-gecici-m102-5-yil-denetimli-serbestlik-hakkinda-yargitay-kararina-iliskin-degerlendirme\"}]}<\/script>\n<!-- \/ Yoast SEO Premium plugin. -->","yoast_head_json":{"title":"\u0130nfaz Kanunu Ge\u00e7ici m.10\/2 (+5 y\u0131l Denetimli Serbestlik) Hakk\u0131nda Yarg\u0131tay Karar\u0131na \u0130li\u015fkin De\u011ferlendirme - Av. Deniz Can K\u0131z\u0131l","robots":{"index":"index","follow":"follow","max-snippet":"max-snippet:-1","max-image-preview":"max-image-preview:large","max-video-preview":"max-video-preview:-1"},"canonical":"http:\/\/denizcankizil.tr\/de\/hukukihaber\/infaz-kanunu-gecici-m-10-2-5-yil-denetimli-serbestlik-hakkinda-yargitay-kararina-iliskin-degerlendirme\/","og_locale":"de_DE","og_type":"article","og_title":"\u0130nfaz Kanunu Ge\u00e7ici m.10\/2 (+5 y\u0131l Denetimli Serbestlik) Hakk\u0131nda Yarg\u0131tay Karar\u0131na \u0130li\u015fkin De\u011ferlendirme","og_description":"Herkes 31 Temmuz Yasas\u0131n\u0131n e\u015fitli\u011fe ayk\u0131r\u0131l\u0131\u011f\u0131n\u0131 tart\u0131\u015fmakta iken; Yarg\u0131tay 1. Ceza Dairesi\u2019nin 27.03.2025 tarihinde verdi\u011fi bir karar, 31 Temmuz Yasas\u0131 ile ilgili yeni bir d\u00fczenleme yap\u0131lmas\u0131 ihtiyac\u0131n\u0131 ve bu durumun aciliyetini ortaya koyan nitelikte ve \u00e7ok say\u0131da h\u00fck\u00fcml\u00fcn\u00fcn aleyhine olabilecek bir tespit i\u00e7ermektedir. Bilindi\u011fi \u00fczere; 5275 say\u0131l\u0131 Ceza ve G\u00fcvenlik Tedbirlerinin \u0130nfaz\u0131 Hakk\u0131nda Kanun Ge\u00e7ici m.10\/2\u2019de, 31 Temmuz 2023 tarihi itibariyle Covid 19 izninde olan ve denetimli serbestli\u011fine 5 y\u0131l ve daha az s\u00fcre kalan h\u00fck\u00fcml\u00fclere, ko\u015fullu sal\u0131verilme tarihine kadar denetimli serbestlik yolu a\u00e7\u0131lm\u0131\u015ft\u0131. Uygulamada; 31 Temmuz 2023 tarihi itibariyle denetimli serbestli\u011fine 5 y\u0131l ve daha az s\u00fcre kalanlar direkt bu d\u00fczenlemeden faydalan\u0131rken, 31 Temmuz 2023 tarihi itibariyle Covid 19 izninde olmakla birlikte, denetimli serbestli\u011fine 5 y\u0131l ve daha az s\u00fcre kalma \u015fart\u0131n\u0131 sonraki bir tarihte elde eden h\u00fck\u00fcml\u00fclere de, +5 y\u0131l denetimli serbestli\u011fi hak etti\u011fi sonraki tarih itibariyle hakk\u0131nda Ge\u00e7ici m.10\/2\u2019nin tatbik edilebildi\u011fi g\u00f6r\u00fclmekte idi. Bir ba\u015fka ifadeyle; 31 Temmuz 2023 tarihinde Covid 19 izninde olan h\u00fck\u00fcml\u00fcler, denetimli serbestli\u011fine 5 y\u0131l ve daha az s\u00fcre kalma \u015fart\u0131n\u0131 hangi tarihte sa\u011flayacaksa, o tarih itibariyle +5 y\u0131l denetimli serbestlikten faydalanabilece\u011fi \u015feklinde yorum ve uygulamalar vard\u0131. Yarg\u0131tay 1. Ceza Dairesi 27.03.2025 tarihli, 2024\/5714 E. ve 2025\/2564 K. say\u0131l\u0131 karar\u0131nda; 31 Temmuz 2023 &hellip;","og_url":"http:\/\/denizcankizil.tr\/de\/hukukihaber\/infaz-kanunu-gecici-m-10-2-5-yil-denetimli-serbestlik-hakkinda-yargitay-kararina-iliskin-degerlendirme\/","og_site_name":"Av. Deniz Can K\u0131z\u0131l","article_published_time":"2025-05-26T08:59:00+00:00","author":"Hukuki Haber.net","twitter_card":"summary_large_image","twitter_misc":{"Verfasst von":"Hukuki Haber.net","Gesch\u00e4tzte Lesezeit":"9\u00a0Minuten"},"schema":{"@context":"https:\/\/schema.org","@graph":[{"@type":"Article","@id":"http:\/\/denizcankizil.tr\/ru\/hukukihaber\/infaz-kanunu-gecici-m-10-2-5-yil-denetimli-serbestlik-hakkinda-yargitay-kararina-iliskin-degerlendirme\/#article","isPartOf":{"@id":"http:\/\/denizcankizil.tr\/ru\/hukukihaber\/infaz-kanunu-gecici-m-10-2-5-yil-denetimli-serbestlik-hakkinda-yargitay-kararina-iliskin-degerlendirme\/"},"author":{"name":"Hukuki Haber.net","@id":"https:\/\/denizcankizil.tr\/de\/#\/schema\/person\/001a271de994a0aa3f90eea084424822"},"headline":"\u0130nfaz Kanunu Ge\u00e7ici m.10\/2 (+5 y\u0131l Denetimli Serbestlik) Hakk\u0131nda Yarg\u0131tay Karar\u0131na \u0130li\u015fkin De\u011ferlendirme","datePublished":"2025-05-26T08:59:00+00:00","mainEntityOfPage":{"@id":"http:\/\/denizcankizil.tr\/ru\/hukukihaber\/infaz-kanunu-gecici-m-10-2-5-yil-denetimli-serbestlik-hakkinda-yargitay-kararina-iliskin-degerlendirme\/"},"wordCount":1827,"publisher":{"@id":"https:\/\/denizcankizil.tr\/de\/#organization"},"articleSection":["Hukuki Haberler"],"inLanguage":"de"},{"@type":"WebPage","@id":"http:\/\/denizcankizil.tr\/ru\/hukukihaber\/infaz-kanunu-gecici-m-10-2-5-yil-denetimli-serbestlik-hakkinda-yargitay-kararina-iliskin-degerlendirme\/","url":"http:\/\/denizcankizil.tr\/ru\/hukukihaber\/infaz-kanunu-gecici-m-10-2-5-yil-denetimli-serbestlik-hakkinda-yargitay-kararina-iliskin-degerlendirme\/","name":"\u0130nfaz Kanunu Ge\u00e7ici m.10\/2 (+5 y\u0131l Denetimli Serbestlik) Hakk\u0131nda Yarg\u0131tay Karar\u0131na \u0130li\u015fkin De\u011ferlendirme - Av. Deniz Can K\u0131z\u0131l","isPartOf":{"@id":"https:\/\/denizcankizil.tr\/de\/#website"},"datePublished":"2025-05-26T08:59:00+00:00","breadcrumb":{"@id":"http:\/\/denizcankizil.tr\/ru\/hukukihaber\/infaz-kanunu-gecici-m-10-2-5-yil-denetimli-serbestlik-hakkinda-yargitay-kararina-iliskin-degerlendirme\/#breadcrumb"},"inLanguage":"de","potentialAction":[{"@type":"ReadAction","target":["http:\/\/denizcankizil.tr\/ru\/hukukihaber\/infaz-kanunu-gecici-m-10-2-5-yil-denetimli-serbestlik-hakkinda-yargitay-kararina-iliskin-degerlendirme\/"]}]},{"@type":"BreadcrumbList","@id":"http:\/\/denizcankizil.tr\/ru\/hukukihaber\/infaz-kanunu-gecici-m-10-2-5-yil-denetimli-serbestlik-hakkinda-yargitay-kararina-iliskin-degerlendirme\/#breadcrumb","itemListElement":[{"@type":"ListItem","position":1,"name":"Home","item":"https:\/\/denizcankizil.tr\/de\/"},{"@type":"ListItem","position":2,"name":"\u0130nfaz Kanunu Ge\u00e7ici m.10\/2 (+5 y\u0131l Denetimli Serbestlik) Hakk\u0131nda Yarg\u0131tay Karar\u0131na \u0130li\u015fkin De\u011ferlendirme"}]},{"@type":"WebSite","@id":"https:\/\/denizcankizil.tr\/de\/#website","url":"https:\/\/denizcankizil.tr\/de\/","name":"Av. Deniz Can K\u0131z\u0131l","description":"Avukat Deniz Can K\u0131z\u0131l Antalya Barosu","publisher":{"@id":"https:\/\/denizcankizil.tr\/de\/#organization"},"potentialAction":[{"@type":"SearchAction","target":{"@type":"EntryPoint","urlTemplate":"https:\/\/denizcankizil.tr\/de\/?s={search_term_string}"},"query-input":{"@type":"PropertyValueSpecification","valueRequired":true,"valueName":"search_term_string"}}],"inLanguage":"de"},{"@type":"Organization","@id":"https:\/\/denizcankizil.tr\/de\/#organization","name":"Av. Deniz Can K\u0131z\u0131l","url":"https:\/\/denizcankizil.tr\/de\/","logo":{"@type":"ImageObject","inLanguage":"de","@id":"https:\/\/denizcankizil.tr\/de\/#\/schema\/logo\/image\/","url":"https:\/\/denizcankizil.tr\/wp-content\/uploads\/2024\/10\/siyah-logo-svg.svg","contentUrl":"https:\/\/denizcankizil.tr\/wp-content\/uploads\/2024\/10\/siyah-logo-svg.svg","width":1080,"height":1080,"caption":"Av. Deniz Can K\u0131z\u0131l"},"image":{"@id":"https:\/\/denizcankizil.tr\/de\/#\/schema\/logo\/image\/"}},{"@type":"Person","@id":"https:\/\/denizcankizil.tr\/de\/#\/schema\/person\/001a271de994a0aa3f90eea084424822","name":"Hukuki Haber.net","image":{"@type":"ImageObject","inLanguage":"de","@id":"https:\/\/denizcankizil.tr\/de\/#\/schema\/person\/image\/","url":"https:\/\/secure.gravatar.com\/avatar\/57d8a49151495586611a149d29fc42865b951dc053a84709a3172ccb5abf3118?s=96&d=mm&r=g","contentUrl":"https:\/\/secure.gravatar.com\/avatar\/57d8a49151495586611a149d29fc42865b951dc053a84709a3172ccb5abf3118?s=96&d=mm&r=g","caption":"Hukuki Haber.net"},"sameAs":["http:\/\/www.hukukihaber.net"],"url":"https:\/\/www.hukukihaber.net\/infaz-kanunu-gecici-m102-5-yil-denetimli-serbestlik-hakkinda-yargitay-kararina-iliskin-degerlendirme"}]}},"_links":{"self":[{"href":"https:\/\/denizcankizil.tr\/de\/wp-json\/wp\/v2\/posts\/99412","targetHints":{"allow":["GET"]}}],"collection":[{"href":"https:\/\/denizcankizil.tr\/de\/wp-json\/wp\/v2\/posts"}],"about":[{"href":"https:\/\/denizcankizil.tr\/de\/wp-json\/wp\/v2\/types\/post"}],"author":[{"embeddable":true,"href":"https:\/\/denizcankizil.tr\/de\/wp-json\/wp\/v2\/users\/3"}],"replies":[{"embeddable":true,"href":"https:\/\/denizcankizil.tr\/de\/wp-json\/wp\/v2\/comments?post=99412"}],"version-history":[{"count":0,"href":"https:\/\/denizcankizil.tr\/de\/wp-json\/wp\/v2\/posts\/99412\/revisions"}],"wp:attachment":[{"href":"https:\/\/denizcankizil.tr\/de\/wp-json\/wp\/v2\/media?parent=99412"}],"wp:term":[{"taxonomy":"category","embeddable":true,"href":"https:\/\/denizcankizil.tr\/de\/wp-json\/wp\/v2\/categories?post=99412"},{"taxonomy":"post_tag","embeddable":true,"href":"https:\/\/denizcankizil.tr\/de\/wp-json\/wp\/v2\/tags?post=99412"}],"curies":[{"name":"wp","href":"https:\/\/api.w.org\/{rel}","templated":true}]}}