{"id":98822,"date":"2025-05-27T22:42:16","date_gmt":"2025-05-27T19:42:16","guid":{"rendered":"https:\/\/denizcankizil.tr\/uncategorized-tr\/23-yilda-4-bin-75-yeni-kopru-insa-edildi\/"},"modified":"2025-05-27T22:42:16","modified_gmt":"2025-05-27T19:42:16","slug":"23-yilda-4-bin-75-yeni-kopru-insa-edildi","status":"publish","type":"post","link":"https:\/\/denizcankizil.tr\/de\/haberler\/gundem\/23-yilda-4-bin-75-yeni-kopru-insa-edildi\/","title":{"rendered":"23 y\u0131lda 4 bin 75 yeni k\u00f6pr\u00fc in\u015fa edildi"},"content":{"rendered":"<p>Son 23 y\u0131lda 488 kilometre uzunlu\u011funda 4 bin 75 yeni k\u00f6pr\u00fc in\u015fa ederek k\u00f6pr\u00fc say\u0131s\u0131n\u0131 10 bin 42\u2019ye, toplam uzunlu\u011fu ise 799 kilometreye ula\u015ft\u0131rd\u0131klar\u0131n\u0131 kaydeden Ula\u015ft\u0131rmve Altyap\u0131 Bakan\u0131 Abdulkadir Uralo\u011flu, s\u00f6z konusu mesafenin turizmin ba\u015fkenti Antalya&#8217;dan Yunanistan&#8217;a kadar olan mesafeye ula\u015ft\u0131\u011f\u0131n\u0131 s\u00f6yledi.ANKARA (\u0130GFA) &#8211; Ula\u015ft\u0131rma ve Altyap\u0131 Bakan\u0131 Abdulkadir Uralo\u011flu, T\u00fcrkiye\u2019nin karayolu ula\u015f\u0131m altyap\u0131s\u0131nda hayata ge\u00e7irilen k\u00f6pr\u00fc projelerine ili\u015fkin a\u00e7\u0131klamada bulundu.<br \/>\nBakan Uralo\u011flu, son 23 y\u0131lda ula\u015f\u0131mda fiziki engellerin birer birer ortadan kald\u0131r\u0131ld\u0131\u011f\u0131n\u0131 ve bu d\u00f6nemde yap\u0131lan yap\u0131larla \u00fclkenin d\u00f6rt bir yan\u0131n\u0131n yeniden birbirine ba\u011fland\u0131\u011f\u0131n\u0131 s\u00f6yledi.<br \/>\n23 YILDA 488 K\u0130LOMETRE UZUNLU\u011eUNDA 4 B\u0130N 75 YEN\u0130 K\u00d6PR\u00dc \u0130N\u015eA ETT\u0130K<br \/>\nBakan Uralo\u011flu, 2002 y\u0131l\u0131nda T\u00fcrkiye\u2019de sadece 311 kilometre uzunlu\u011funda 5 bin 967 k\u00f6pr\u00fc bulundu\u011funu an\u0131msatarak, \u201cSon 23 y\u0131lda 488 kilometre uzunlu\u011funda 4 bin 75 yeni k\u00f6pr\u00fc in\u015fa ederek k\u00f6pr\u00fc say\u0131s\u0131n\u0131 10 bin 42\u2019ye, toplam uzunlu\u011fu ise 799 kilometreye ula\u015ft\u0131rd\u0131k. E\u011fer bu k\u00f6pr\u00fcler art arda s\u0131ralansayd\u0131  turizmin ba\u015fkenti Antalya&#8217;dan neredeyse \u0130psala S\u0131n\u0131r Kap\u0131s\u0131\u2019na yani Yunanistan&#8217;a kadar kesintisiz ula\u015f\u0131m sa\u011flanabilirdi.\u201d a\u00e7\u0131klamas\u0131nda bulundu.<br \/>\n1915 \u00c7ANAKKALE VE Z\u0130GANA T\u00dcNEL\u0130 D\u00dcNYA L\u0130STELER\u0130NDE<br \/>\nK\u00f6pr\u00fclerle vadileri, nehirleri a\u015ft\u0131klar\u0131n\u0131, \u015fehirleri birle\u015ftirdiklerini belirten Bakan Uralo\u011flu, T\u00fcrkiye\u2019nin yaln\u0131zca ula\u015f\u0131mdaki fiziksel engelleri de\u011fil, m\u00fchendislik s\u0131n\u0131rlar\u0131n\u0131 da a\u015ft\u0131\u011f\u0131n\u0131 vurgulad\u0131. Uralo\u011flu, a\u00e7\u0131klamas\u0131nda, \u201cD\u00fcnyada ilkleri ba\u015fard\u0131k, uluslararas\u0131 arenada \u00f6d\u00fcller ald\u0131k. 1915 \u00c7anakkale K\u00f6pr\u00fcs\u00fc, 2 bin 23 metrelik ana a\u00e7\u0131kl\u0131\u011f\u0131yla d\u00fcnyan\u0131n en geni\u015f ana a\u00e7\u0131kl\u0131\u011fa sahip asma k\u00f6pr\u00fcs\u00fc olarak tarihe ge\u00e7ti. Yavuz Sultan Selim K\u00f6pr\u00fcs\u00fc ise \u00fczerinden rayl\u0131 sistem ge\u00e7en en uzun asma k\u00f6pr\u00fc konumunda.\u201d dedi.<\/p>\n<p>Elaz\u0131\u011f\u2019daki K\u00f6m\u00fcrhan K\u00f6pr\u00fcs\u00fc\u2019n\u00fcn ters Y tipi kule tasar\u0131m\u0131yla 660 metre uzunlu\u011funda in\u015fa edildi\u011fini belirten Bakan Uralo\u011flu, 168,5 metrelik tek pilon ve 380 metrelik orta a\u00e7\u0131kl\u0131\u011f\u0131yla bu yap\u0131, d\u00fcnya literat\u00fcr\u00fcnde 4. S\u0131rada yer ald\u0131\u011f\u0131n\u0131 s\u00f6yledi. .<br \/>\nBakan Uralo\u011flu ayr\u0131ca, y\u00fckseklikleri 42-166 metre aras\u0131nda de\u011fi\u015fen 8 adet orta ve 2 adet kenar ayak \u00fczerinde, dengeli konsol yap\u0131m metoduna g\u00f6re toplam bin 372 metre uzunlu\u011funda projelendirilen E\u011fiste Hadimi Viyad\u00fc\u011f\u00fc\u2019n\u00fcn de bu \u00f6zellikleriyle T\u00fcrkiye\u2019nin en y\u00fcksek ayakl\u0131 ve en uzun dengeli konsol k\u00f6pr\u00fcs\u00fc oldu\u011funu kaydetti.<br \/>\nK\u00fclt\u00fcrel miras\u0131n korunmas\u0131na y\u00f6nelik Menemen\u2013Alia\u011fa\u2013\u00c7andarl\u0131 Otoyolu\u2019nda hayata ge\u00e7irilen Neonteikhos Antik Kenti\u2019nde bulunan tarihi yol ve kal\u0131nt\u0131lar\u0131n korunmas\u0131 i\u00e7in \u00f6zel olarak tasarlanan \u00e7elik arkeolojik k\u00f6pr\u00fcn\u00fcn, d\u00fcnyada ilk ve tek uygulama oldu\u011funu belirten Uralo\u011flu, bu projenin Amerika merkezli National Corrugated Steel Pipe Association (NCSPA) taraf\u0131ndan 2021 y\u0131l\u0131nda \u201cY\u0131l\u0131n En \u0130yi \u00d6zel Uygulama Projesi\u201d \u00f6d\u00fcl\u00fcn\u00fc kazand\u0131\u011f\u0131n\u0131 vurgulad\u0131.<\/p>\n<p>Bakan Uralo\u011flu, k\u00f6pr\u00fc projelerinin yaln\u0131zca m\u00fchendislik a\u00e7\u0131s\u0131ndan de\u011fil, ald\u0131\u011f\u0131 \u00f6d\u00fcllerle de uluslararas\u0131 alanda takdir edildi\u011fine dikkati \u00e7ekerek Osmangazi K\u00f6pr\u00fcs\u00fc\u2019n\u00fcn Japonya \u0130n\u015faat M\u00fchendisleri Derne\u011fi taraf\u0131ndan \u00dcst\u00fcn \u0130n\u015faat M\u00fchendisli\u011fi Ba\u015far\u0131 \u00d6d\u00fcl\u00fc\u2019ne, Japonya Ula\u015ft\u0131rma, Arazi ve Altyap\u0131 Bakanl\u0131\u011f\u0131 taraf\u0131ndan ise \u0130n\u015faat Uluslararas\u0131 \u00d6d\u00fcl\u00fc\u2019ne lay\u0131k g\u00f6r\u00fcld\u00fc\u011f\u00fcn\u00fc belirtti.<br \/>\nBakan Uralo\u011flu ayr\u0131ca 1915 \u00c7anakkale K\u00f6pr\u00fcs\u00fc ve Malkara \u00c7anakkale Otoyolu\u2019nun 24 farkl\u0131 \u00f6d\u00fcl\u00fc de elinde tuttu\u011funu kaydetti. Uralo\u011flu, \u201cKuzey Marmara Otoyolu ve Yavuz Sultan Selim K\u00f6pr\u00fcs\u00fc ise 6\u2019s\u0131 uluslararas\u0131 olmak \u00fczere toplam 10 \u00f6d\u00fcle lay\u0131k g\u00f6r\u00fclm\u00fc\u015ft\u00fcr. Uluslararas\u0131 Yol Federasyonu (IRF) Tasar\u0131m \u00d6d\u00fcl\u00fc, Uluslararas\u0131 K\u00f6pr\u00fc ve Yap\u0131 M\u00fchendisli\u011fi Birli\u011fi (IABSE) \u00dcst\u00fcn Yap\u0131 \u00d6d\u00fcl\u00fc, World Architecture News En \u0130yi K\u00f6pr\u00fc \u00d6d\u00fcl\u00fc gibi prestijli \u00f6d\u00fcller bu projelere verildi\u201d dedi.<br \/>\nBakan Uralo\u011flu, bu projelerin sadece ula\u015f\u0131m\u0131 kolayla\u015ft\u0131rmakla kalmad\u0131\u011f\u0131n\u0131, T\u00fcrk m\u00fchendisli\u011fini de d\u00fcnya sahnesine ta\u015f\u0131d\u0131\u011f\u0131n\u0131 s\u00f6zlerine ekledi.<\/p>\n<p>\u200bSon 23 y\u0131lda 488 kilometre uzunlu\u011funda 4 bin 75 yeni k\u00f6pr\u00fc in\u015fa ederek k\u00f6pr\u00fc say\u0131s\u0131n\u0131 10 bin 42\u2019ye, toplam uzunlu\u011fu ise 799 kilometreye ula\u015ft\u0131rd\u0131klar\u0131n\u0131 kaydeden Ula\u015ft\u0131rmve Altyap\u0131 Bakan\u0131 Abdulkadir Uralo\u011flu, s\u00f6z konusu mesafenin turizmin ba\u015fkenti Antalya&#8217;dan Yunanistan&#8217;a kadar olan mesafeye ula\u015ft\u0131\u011f\u0131n\u0131 s\u00f6yledi.ANKARA (\u0130GFA) &#8211; Ula\u015ft\u0131rma ve Altyap\u0131 Bakan\u0131 Abdulkadir Uralo\u011flu, T\u00fcrkiye\u2019nin karayolu ula\u015f\u0131m altyap\u0131s\u0131nda hayata ge\u00e7irilen k\u00f6pr\u00fc projelerine ili\u015fkin a\u00e7\u0131klamada bulundu.<br \/>\nBakan Uralo\u011flu, son 23 y\u0131lda ula\u015f\u0131mda fiziki engellerin birer birer ortadan kald\u0131r\u0131ld\u0131\u011f\u0131n\u0131 ve bu d\u00f6nemde yap\u0131lan yap\u0131larla \u00fclkenin d\u00f6rt bir yan\u0131n\u0131n yeniden birbirine ba\u011fland\u0131\u011f\u0131n\u0131 s\u00f6yledi.<br \/>\n23 YILDA 488 K\u0130LOMETRE UZUNLU\u011eUNDA 4 B\u0130N 75 YEN\u0130 K\u00d6PR\u00dc \u0130N\u015eA ETT\u0130K<br \/>\nBakan Uralo\u011flu, 2002 y\u0131l\u0131nda T\u00fcrkiye\u2019de sadece 311 kilometre uzunlu\u011funda 5 bin 967 k\u00f6pr\u00fc bulundu\u011funu an\u0131msatarak, \u201cSon 23 y\u0131lda 488 kilometre uzunlu\u011funda 4 bin 75 yeni k\u00f6pr\u00fc in\u015fa ederek k\u00f6pr\u00fc say\u0131s\u0131n\u0131 10 bin 42\u2019ye, toplam uzunlu\u011fu ise 799 kilometreye ula\u015ft\u0131rd\u0131k. E\u011fer bu k\u00f6pr\u00fcler art arda s\u0131ralansayd\u0131  turizmin ba\u015fkenti Antalya&#8217;dan neredeyse \u0130psala S\u0131n\u0131r Kap\u0131s\u0131\u2019na yani Yunanistan&#8217;a kadar kesintisiz ula\u015f\u0131m sa\u011flanabilirdi.\u201d a\u00e7\u0131klamas\u0131nda bulundu.<br \/>\n1915 \u00c7ANAKKALE VE Z\u0130GANA T\u00dcNEL\u0130 D\u00dcNYA L\u0130STELER\u0130NDE<br \/>\nK\u00f6pr\u00fclerle vadileri, nehirleri a\u015ft\u0131klar\u0131n\u0131, \u015fehirleri birle\u015ftirdiklerini belirten Bakan Uralo\u011flu, T\u00fcrkiye\u2019nin yaln\u0131zca ula\u015f\u0131mdaki fiziksel engelleri de\u011fil, m\u00fchendislik s\u0131n\u0131rlar\u0131n\u0131 da a\u015ft\u0131\u011f\u0131n\u0131 vurgulad\u0131. Uralo\u011flu, a\u00e7\u0131klamas\u0131nda, \u201cD\u00fcnyada ilkleri ba\u015fard\u0131k, uluslararas\u0131 arenada \u00f6d\u00fcller ald\u0131k. 1915 \u00c7anakkale K\u00f6pr\u00fcs\u00fc, 2 bin 23 metrelik ana a\u00e7\u0131kl\u0131\u011f\u0131yla d\u00fcnyan\u0131n en geni\u015f ana a\u00e7\u0131kl\u0131\u011fa sahip asma k\u00f6pr\u00fcs\u00fc olarak tarihe ge\u00e7ti. Yavuz Sultan Selim K\u00f6pr\u00fcs\u00fc ise \u00fczerinden rayl\u0131 sistem ge\u00e7en en uzun asma k\u00f6pr\u00fc konumunda.\u201d dedi.<\/p>\n<p>Elaz\u0131\u011f\u2019daki K\u00f6m\u00fcrhan K\u00f6pr\u00fcs\u00fc\u2019n\u00fcn ters Y tipi kule tasar\u0131m\u0131yla 660 metre uzunlu\u011funda in\u015fa edildi\u011fini belirten Bakan Uralo\u011flu, 168,5 metrelik tek pilon ve 380 metrelik orta a\u00e7\u0131kl\u0131\u011f\u0131yla bu yap\u0131, d\u00fcnya literat\u00fcr\u00fcnde 4. S\u0131rada yer ald\u0131\u011f\u0131n\u0131 s\u00f6yledi. .<br \/>\nBakan Uralo\u011flu ayr\u0131ca, y\u00fckseklikleri 42-166 metre aras\u0131nda de\u011fi\u015fen 8 adet orta ve 2 adet kenar ayak \u00fczerinde, dengeli konsol yap\u0131m metoduna g\u00f6re toplam bin 372 metre uzunlu\u011funda projelendirilen E\u011fiste Hadimi Viyad\u00fc\u011f\u00fc\u2019n\u00fcn de bu \u00f6zellikleriyle T\u00fcrkiye\u2019nin en y\u00fcksek ayakl\u0131 ve en uzun dengeli konsol k\u00f6pr\u00fcs\u00fc oldu\u011funu kaydetti.<br \/>\nK\u00fclt\u00fcrel miras\u0131n korunmas\u0131na y\u00f6nelik Menemen\u2013Alia\u011fa\u2013\u00c7andarl\u0131 Otoyolu\u2019nda hayata ge\u00e7irilen Neonteikhos Antik Kenti\u2019nde bulunan tarihi yol ve kal\u0131nt\u0131lar\u0131n korunmas\u0131 i\u00e7in \u00f6zel olarak tasarlanan \u00e7elik arkeolojik k\u00f6pr\u00fcn\u00fcn, d\u00fcnyada ilk ve tek uygulama oldu\u011funu belirten Uralo\u011flu, bu projenin Amerika merkezli National Corrugated Steel Pipe Association (NCSPA) taraf\u0131ndan 2021 y\u0131l\u0131nda \u201cY\u0131l\u0131n En \u0130yi \u00d6zel Uygulama Projesi\u201d \u00f6d\u00fcl\u00fcn\u00fc kazand\u0131\u011f\u0131n\u0131 vurgulad\u0131.<\/p>\n<p>Bakan Uralo\u011flu, k\u00f6pr\u00fc projelerinin yaln\u0131zca m\u00fchendislik a\u00e7\u0131s\u0131ndan de\u011fil, ald\u0131\u011f\u0131 \u00f6d\u00fcllerle de uluslararas\u0131 alanda takdir edildi\u011fine dikkati \u00e7ekerek Osmangazi K\u00f6pr\u00fcs\u00fc\u2019n\u00fcn Japonya \u0130n\u015faat M\u00fchendisleri Derne\u011fi taraf\u0131ndan \u00dcst\u00fcn \u0130n\u015faat M\u00fchendisli\u011fi Ba\u015far\u0131 \u00d6d\u00fcl\u00fc\u2019ne, Japonya Ula\u015ft\u0131rma, Arazi ve Altyap\u0131 Bakanl\u0131\u011f\u0131 taraf\u0131ndan ise \u0130n\u015faat Uluslararas\u0131 \u00d6d\u00fcl\u00fc\u2019ne lay\u0131k g\u00f6r\u00fcld\u00fc\u011f\u00fcn\u00fc belirtti.<br \/>\nBakan Uralo\u011flu ayr\u0131ca 1915 \u00c7anakkale K\u00f6pr\u00fcs\u00fc ve Malkara \u00c7anakkale Otoyolu\u2019nun 24 farkl\u0131 \u00f6d\u00fcl\u00fc de elinde tuttu\u011funu kaydetti. Uralo\u011flu, \u201cKuzey Marmara Otoyolu ve Yavuz Sultan Selim K\u00f6pr\u00fcs\u00fc ise 6\u2019s\u0131 uluslararas\u0131 olmak \u00fczere toplam 10 \u00f6d\u00fcle lay\u0131k g\u00f6r\u00fclm\u00fc\u015ft\u00fcr. Uluslararas\u0131 Yol Federasyonu (IRF) Tasar\u0131m \u00d6d\u00fcl\u00fc, Uluslararas\u0131 K\u00f6pr\u00fc ve Yap\u0131 M\u00fchendisli\u011fi Birli\u011fi (IABSE) \u00dcst\u00fcn Yap\u0131 \u00d6d\u00fcl\u00fc, World Architecture News En \u0130yi K\u00f6pr\u00fc \u00d6d\u00fcl\u00fc gibi prestijli \u00f6d\u00fcller bu projelere verildi\u201d dedi.<br \/>\nBakan Uralo\u011flu, bu projelerin sadece ula\u015f\u0131m\u0131 kolayla\u015ft\u0131rmakla kalmad\u0131\u011f\u0131n\u0131, T\u00fcrk m\u00fchendisli\u011fini de d\u00fcnya sahnesine ta\u015f\u0131d\u0131\u011f\u0131n\u0131 s\u00f6zlerine ekledi.\u00a0<\/p>\n<p>\u200bHaberin Al\u0131nt\u0131land\u0131\u011f\u0131 Kaynak: www.iskenderun.org<\/p>","protected":false},"excerpt":{"rendered":"<p>Son 23 y\u0131lda 488 kilometre uzunlu\u011funda 4 bin 75 yeni k\u00f6pr\u00fc in\u015fa ederek k\u00f6pr\u00fc say\u0131s\u0131n\u0131 10 bin 42\u2019ye, toplam uzunlu\u011fu ise 799 kilometreye ula\u015ft\u0131rd\u0131klar\u0131n\u0131 kaydeden Ula\u015ft\u0131rmve Altyap\u0131 Bakan\u0131 Abdulkadir Uralo\u011flu, s\u00f6z konusu mesafenin turizmin ba\u015fkenti Antalya&#8217;dan Yunanistan&#8217;a kadar olan mesafeye ula\u015ft\u0131\u011f\u0131n\u0131 s\u00f6yledi.ANKARA (\u0130GFA) &#8211; Ula\u015ft\u0131rma ve Altyap\u0131 Bakan\u0131 Abdulkadir Uralo\u011flu, T\u00fcrkiye\u2019nin karayolu ula\u015f\u0131m altyap\u0131s\u0131nda hayata ge\u00e7irilen k\u00f6pr\u00fc projelerine ili\u015fkin a\u00e7\u0131klamada bulundu. Bakan Uralo\u011flu, son 23 y\u0131lda ula\u015f\u0131mda fiziki engellerin birer birer ortadan kald\u0131r\u0131ld\u0131\u011f\u0131n\u0131 ve bu d\u00f6nemde yap\u0131lan yap\u0131larla \u00fclkenin d\u00f6rt bir yan\u0131n\u0131n yeniden birbirine ba\u011fland\u0131\u011f\u0131n\u0131 s\u00f6yledi. 23 YILDA 488 K\u0130LOMETRE UZUNLU\u011eUNDA 4 B\u0130N 75 YEN\u0130 K\u00d6PR\u00dc \u0130N\u015eA ETT\u0130K Bakan Uralo\u011flu, 2002 y\u0131l\u0131nda T\u00fcrkiye\u2019de sadece 311 kilometre uzunlu\u011funda 5 bin 967 k\u00f6pr\u00fc bulundu\u011funu an\u0131msatarak, \u201cSon 23 y\u0131lda 488 kilometre uzunlu\u011funda 4 bin 75 yeni k\u00f6pr\u00fc in\u015fa ederek k\u00f6pr\u00fc say\u0131s\u0131n\u0131 10 bin 42\u2019ye, toplam uzunlu\u011fu ise 799 kilometreye ula\u015ft\u0131rd\u0131k. E\u011fer bu k\u00f6pr\u00fcler art arda s\u0131ralansayd\u0131 turizmin ba\u015fkenti Antalya&#8217;dan neredeyse \u0130psala S\u0131n\u0131r Kap\u0131s\u0131\u2019na yani Yunanistan&#8217;a kadar kesintisiz ula\u015f\u0131m sa\u011flanabilirdi.\u201d a\u00e7\u0131klamas\u0131nda bulundu. 1915 \u00c7ANAKKALE VE Z\u0130GANA T\u00dcNEL\u0130 D\u00dcNYA L\u0130STELER\u0130NDE K\u00f6pr\u00fclerle vadileri, nehirleri a\u015ft\u0131klar\u0131n\u0131, \u015fehirleri birle\u015ftirdiklerini belirten Bakan Uralo\u011flu, T\u00fcrkiye\u2019nin yaln\u0131zca ula\u015f\u0131mdaki fiziksel engelleri de\u011fil, m\u00fchendislik s\u0131n\u0131rlar\u0131n\u0131 da a\u015ft\u0131\u011f\u0131n\u0131 vurgulad\u0131. Uralo\u011flu, a\u00e7\u0131klamas\u0131nda, \u201cD\u00fcnyada ilkleri ba\u015fard\u0131k, uluslararas\u0131 arenada \u00f6d\u00fcller ald\u0131k. 1915 \u00c7anakkale K\u00f6pr\u00fcs\u00fc, 2 bin 23 &hellip;<\/p>","protected":false},"author":1,"featured_media":0,"comment_status":"","ping_status":"open","sticky":false,"template":"","format":"standard","meta":{"_acf_changed":false,"footnotes":""},"categories":[24],"tags":[],"class_list":["post-98822","post","type-post","status-publish","format-standard","has-post-thumbnail","hentry","category-gundem"],"acf":[],"yoast_head":"<!-- This site is optimized with the Yoast SEO Premium plugin v26.6 (Yoast SEO v27.1.1) - https:\/\/yoast.com\/product\/yoast-seo-premium-wordpress\/ -->\n<title>23 y\u0131lda 4 bin 75 yeni k\u00f6pr\u00fc in\u015fa edildi - Av. Deniz Can K\u0131z\u0131l<\/title>\n<meta name=\"robots\" content=\"index, follow, max-snippet:-1, max-image-preview:large, max-video-preview:-1\" \/>\n<link rel=\"canonical\" href=\"https:\/\/denizcankizil.tr\/de\/haberler\/gundem\/23-yilda-4-bin-75-yeni-kopru-insa-edildi\/\" \/>\n<meta property=\"og:locale\" content=\"de_DE\" \/>\n<meta property=\"og:type\" content=\"article\" \/>\n<meta property=\"og:title\" content=\"23 y\u0131lda 4 bin 75 yeni k\u00f6pr\u00fc in\u015fa edildi\" \/>\n<meta property=\"og:description\" content=\"Son 23 y\u0131lda 488 kilometre uzunlu\u011funda 4 bin 75 yeni k\u00f6pr\u00fc in\u015fa ederek k\u00f6pr\u00fc say\u0131s\u0131n\u0131 10 bin 42\u2019ye, toplam uzunlu\u011fu ise 799 kilometreye ula\u015ft\u0131rd\u0131klar\u0131n\u0131 kaydeden Ula\u015ft\u0131rmve Altyap\u0131 Bakan\u0131 Abdulkadir Uralo\u011flu, s\u00f6z konusu mesafenin turizmin ba\u015fkenti Antalya&#8217;dan Yunanistan&#8217;a kadar olan mesafeye ula\u015ft\u0131\u011f\u0131n\u0131 s\u00f6yledi.ANKARA (\u0130GFA) &#8211; Ula\u015ft\u0131rma ve Altyap\u0131 Bakan\u0131 Abdulkadir Uralo\u011flu, T\u00fcrkiye\u2019nin karayolu ula\u015f\u0131m altyap\u0131s\u0131nda hayata ge\u00e7irilen k\u00f6pr\u00fc projelerine ili\u015fkin a\u00e7\u0131klamada bulundu. Bakan Uralo\u011flu, son 23 y\u0131lda ula\u015f\u0131mda fiziki engellerin birer birer ortadan kald\u0131r\u0131ld\u0131\u011f\u0131n\u0131 ve bu d\u00f6nemde yap\u0131lan yap\u0131larla \u00fclkenin d\u00f6rt bir yan\u0131n\u0131n yeniden birbirine ba\u011fland\u0131\u011f\u0131n\u0131 s\u00f6yledi. 23 YILDA 488 K\u0130LOMETRE UZUNLU\u011eUNDA 4 B\u0130N 75 YEN\u0130 K\u00d6PR\u00dc \u0130N\u015eA ETT\u0130K Bakan Uralo\u011flu, 2002 y\u0131l\u0131nda T\u00fcrkiye\u2019de sadece 311 kilometre uzunlu\u011funda 5 bin 967 k\u00f6pr\u00fc bulundu\u011funu an\u0131msatarak, \u201cSon 23 y\u0131lda 488 kilometre uzunlu\u011funda 4 bin 75 yeni k\u00f6pr\u00fc in\u015fa ederek k\u00f6pr\u00fc say\u0131s\u0131n\u0131 10 bin 42\u2019ye, toplam uzunlu\u011fu ise 799 kilometreye ula\u015ft\u0131rd\u0131k. E\u011fer bu k\u00f6pr\u00fcler art arda s\u0131ralansayd\u0131 turizmin ba\u015fkenti Antalya&#8217;dan neredeyse \u0130psala S\u0131n\u0131r Kap\u0131s\u0131\u2019na yani Yunanistan&#8217;a kadar kesintisiz ula\u015f\u0131m sa\u011flanabilirdi.\u201d a\u00e7\u0131klamas\u0131nda bulundu. 1915 \u00c7ANAKKALE VE Z\u0130GANA T\u00dcNEL\u0130 D\u00dcNYA L\u0130STELER\u0130NDE K\u00f6pr\u00fclerle vadileri, nehirleri a\u015ft\u0131klar\u0131n\u0131, \u015fehirleri birle\u015ftirdiklerini belirten Bakan Uralo\u011flu, T\u00fcrkiye\u2019nin yaln\u0131zca ula\u015f\u0131mdaki fiziksel engelleri de\u011fil, m\u00fchendislik s\u0131n\u0131rlar\u0131n\u0131 da a\u015ft\u0131\u011f\u0131n\u0131 vurgulad\u0131. Uralo\u011flu, a\u00e7\u0131klamas\u0131nda, \u201cD\u00fcnyada ilkleri ba\u015fard\u0131k, uluslararas\u0131 arenada \u00f6d\u00fcller ald\u0131k. 1915 \u00c7anakkale K\u00f6pr\u00fcs\u00fc, 2 bin 23 &hellip;\" \/>\n<meta property=\"og:url\" content=\"https:\/\/denizcankizil.tr\/de\/haberler\/gundem\/23-yilda-4-bin-75-yeni-kopru-insa-edildi\/\" \/>\n<meta property=\"og:site_name\" content=\"Av. Deniz Can K\u0131z\u0131l\" \/>\n<meta property=\"article:published_time\" content=\"2025-05-27T19:42:16+00:00\" \/>\n<meta name=\"author\" content=\"admin\" \/>\n<meta name=\"twitter:card\" content=\"summary_large_image\" \/>\n<meta name=\"twitter:label1\" content=\"Verfasst von\" \/>\n\t<meta name=\"twitter:data1\" content=\"admin\" \/>\n\t<meta name=\"twitter:label2\" content=\"Gesch\u00e4tzte Lesezeit\" \/>\n\t<meta name=\"twitter:data2\" content=\"7\u00a0Minuten\" \/>\n<script type=\"application\/ld+json\" class=\"yoast-schema-graph\">{\"@context\":\"https:\/\/schema.org\",\"@graph\":[{\"@type\":\"Article\",\"@id\":\"https:\/\/denizcankizil.tr\/de\/haberler\/gundem\/23-yilda-4-bin-75-yeni-kopru-insa-edildi\/#article\",\"isPartOf\":{\"@id\":\"https:\/\/denizcankizil.tr\/de\/haberler\/gundem\/23-yilda-4-bin-75-yeni-kopru-insa-edildi\/\"},\"author\":{\"name\":\"admin\",\"@id\":\"https:\/\/denizcankizil.tr\/de\/#\/schema\/person\/be3c05fe6a12686905512445d8185489\"},\"headline\":\"23 y\u0131lda 4 bin 75 yeni k\u00f6pr\u00fc in\u015fa edildi\",\"datePublished\":\"2025-05-27T19:42:16+00:00\",\"mainEntityOfPage\":{\"@id\":\"https:\/\/denizcankizil.tr\/de\/haberler\/gundem\/23-yilda-4-bin-75-yeni-kopru-insa-edildi\/\"},\"wordCount\":1477,\"publisher\":{\"@id\":\"https:\/\/denizcankizil.tr\/de\/#organization\"},\"articleSection\":[\"G\u00fcndem\"],\"inLanguage\":\"de\"},{\"@type\":\"WebPage\",\"@id\":\"https:\/\/denizcankizil.tr\/de\/haberler\/gundem\/23-yilda-4-bin-75-yeni-kopru-insa-edildi\/\",\"url\":\"https:\/\/denizcankizil.tr\/de\/haberler\/gundem\/23-yilda-4-bin-75-yeni-kopru-insa-edildi\/\",\"name\":\"23 y\u0131lda 4 bin 75 yeni k\u00f6pr\u00fc in\u015fa edildi - Av. Deniz Can K\u0131z\u0131l\",\"isPartOf\":{\"@id\":\"https:\/\/denizcankizil.tr\/de\/#website\"},\"datePublished\":\"2025-05-27T19:42:16+00:00\",\"breadcrumb\":{\"@id\":\"https:\/\/denizcankizil.tr\/de\/haberler\/gundem\/23-yilda-4-bin-75-yeni-kopru-insa-edildi\/#breadcrumb\"},\"inLanguage\":\"de\",\"potentialAction\":[{\"@type\":\"ReadAction\",\"target\":[\"https:\/\/denizcankizil.tr\/de\/haberler\/gundem\/23-yilda-4-bin-75-yeni-kopru-insa-edildi\/\"]}]},{\"@type\":\"BreadcrumbList\",\"@id\":\"https:\/\/denizcankizil.tr\/de\/haberler\/gundem\/23-yilda-4-bin-75-yeni-kopru-insa-edildi\/#breadcrumb\",\"itemListElement\":[{\"@type\":\"ListItem\",\"position\":1,\"name\":\"Home\",\"item\":\"https:\/\/denizcankizil.tr\/de\/\"},{\"@type\":\"ListItem\",\"position\":2,\"name\":\"23 y\u0131lda 4 bin 75 yeni k\u00f6pr\u00fc in\u015fa edildi\"}]},{\"@type\":\"WebSite\",\"@id\":\"https:\/\/denizcankizil.tr\/de\/#website\",\"url\":\"https:\/\/denizcankizil.tr\/de\/\",\"name\":\"Av. Deniz Can K\u0131z\u0131l\",\"description\":\"Avukat Deniz Can K\u0131z\u0131l Antalya Barosu\",\"publisher\":{\"@id\":\"https:\/\/denizcankizil.tr\/de\/#organization\"},\"potentialAction\":[{\"@type\":\"SearchAction\",\"target\":{\"@type\":\"EntryPoint\",\"urlTemplate\":\"https:\/\/denizcankizil.tr\/de\/?s={search_term_string}\"},\"query-input\":{\"@type\":\"PropertyValueSpecification\",\"valueRequired\":true,\"valueName\":\"search_term_string\"}}],\"inLanguage\":\"de\"},{\"@type\":\"Organization\",\"@id\":\"https:\/\/denizcankizil.tr\/de\/#organization\",\"name\":\"Av. Deniz Can K\u0131z\u0131l\",\"url\":\"https:\/\/denizcankizil.tr\/de\/\",\"logo\":{\"@type\":\"ImageObject\",\"inLanguage\":\"de\",\"@id\":\"https:\/\/denizcankizil.tr\/de\/#\/schema\/logo\/image\/\",\"url\":\"https:\/\/denizcankizil.tr\/wp-content\/uploads\/2024\/10\/siyah-logo-svg.svg\",\"contentUrl\":\"https:\/\/denizcankizil.tr\/wp-content\/uploads\/2024\/10\/siyah-logo-svg.svg\",\"width\":1080,\"height\":1080,\"caption\":\"Av. Deniz Can K\u0131z\u0131l\"},\"image\":{\"@id\":\"https:\/\/denizcankizil.tr\/de\/#\/schema\/logo\/image\/\"}},{\"@type\":\"Person\",\"@id\":\"https:\/\/denizcankizil.tr\/de\/#\/schema\/person\/be3c05fe6a12686905512445d8185489\",\"name\":\"admin\",\"image\":{\"@type\":\"ImageObject\",\"inLanguage\":\"de\",\"@id\":\"https:\/\/denizcankizil.tr\/de\/#\/schema\/person\/image\/\",\"url\":\"https:\/\/secure.gravatar.com\/avatar\/c1fce94c830dc79107e174f890d7210541c4a63e8e5d816341794a2151c9d58c?s=96&d=mm&r=g\",\"contentUrl\":\"https:\/\/secure.gravatar.com\/avatar\/c1fce94c830dc79107e174f890d7210541c4a63e8e5d816341794a2151c9d58c?s=96&d=mm&r=g\",\"caption\":\"admin\"},\"sameAs\":[\"http:\/\/denizcankizil.tr\"],\"url\":\"https:\/\/www.iskenderun.org\/23-yilda-4-bin-75-yeni-kopru-insa-edildi\"}]}<\/script>\n<!-- \/ Yoast SEO Premium plugin. -->","yoast_head_json":{"title":"23 y\u0131lda 4 bin 75 yeni k\u00f6pr\u00fc in\u015fa edildi - Av. Deniz Can K\u0131z\u0131l","robots":{"index":"index","follow":"follow","max-snippet":"max-snippet:-1","max-image-preview":"max-image-preview:large","max-video-preview":"max-video-preview:-1"},"canonical":"https:\/\/denizcankizil.tr\/de\/haberler\/gundem\/23-yilda-4-bin-75-yeni-kopru-insa-edildi\/","og_locale":"de_DE","og_type":"article","og_title":"23 y\u0131lda 4 bin 75 yeni k\u00f6pr\u00fc in\u015fa edildi","og_description":"Son 23 y\u0131lda 488 kilometre uzunlu\u011funda 4 bin 75 yeni k\u00f6pr\u00fc in\u015fa ederek k\u00f6pr\u00fc say\u0131s\u0131n\u0131 10 bin 42\u2019ye, toplam uzunlu\u011fu ise 799 kilometreye ula\u015ft\u0131rd\u0131klar\u0131n\u0131 kaydeden Ula\u015ft\u0131rmve Altyap\u0131 Bakan\u0131 Abdulkadir Uralo\u011flu, s\u00f6z konusu mesafenin turizmin ba\u015fkenti Antalya&#8217;dan Yunanistan&#8217;a kadar olan mesafeye ula\u015ft\u0131\u011f\u0131n\u0131 s\u00f6yledi.ANKARA (\u0130GFA) &#8211; Ula\u015ft\u0131rma ve Altyap\u0131 Bakan\u0131 Abdulkadir Uralo\u011flu, T\u00fcrkiye\u2019nin karayolu ula\u015f\u0131m altyap\u0131s\u0131nda hayata ge\u00e7irilen k\u00f6pr\u00fc projelerine ili\u015fkin a\u00e7\u0131klamada bulundu. Bakan Uralo\u011flu, son 23 y\u0131lda ula\u015f\u0131mda fiziki engellerin birer birer ortadan kald\u0131r\u0131ld\u0131\u011f\u0131n\u0131 ve bu d\u00f6nemde yap\u0131lan yap\u0131larla \u00fclkenin d\u00f6rt bir yan\u0131n\u0131n yeniden birbirine ba\u011fland\u0131\u011f\u0131n\u0131 s\u00f6yledi. 23 YILDA 488 K\u0130LOMETRE UZUNLU\u011eUNDA 4 B\u0130N 75 YEN\u0130 K\u00d6PR\u00dc \u0130N\u015eA ETT\u0130K Bakan Uralo\u011flu, 2002 y\u0131l\u0131nda T\u00fcrkiye\u2019de sadece 311 kilometre uzunlu\u011funda 5 bin 967 k\u00f6pr\u00fc bulundu\u011funu an\u0131msatarak, \u201cSon 23 y\u0131lda 488 kilometre uzunlu\u011funda 4 bin 75 yeni k\u00f6pr\u00fc in\u015fa ederek k\u00f6pr\u00fc say\u0131s\u0131n\u0131 10 bin 42\u2019ye, toplam uzunlu\u011fu ise 799 kilometreye ula\u015ft\u0131rd\u0131k. E\u011fer bu k\u00f6pr\u00fcler art arda s\u0131ralansayd\u0131 turizmin ba\u015fkenti Antalya&#8217;dan neredeyse \u0130psala S\u0131n\u0131r Kap\u0131s\u0131\u2019na yani Yunanistan&#8217;a kadar kesintisiz ula\u015f\u0131m sa\u011flanabilirdi.\u201d a\u00e7\u0131klamas\u0131nda bulundu. 1915 \u00c7ANAKKALE VE Z\u0130GANA T\u00dcNEL\u0130 D\u00dcNYA L\u0130STELER\u0130NDE K\u00f6pr\u00fclerle vadileri, nehirleri a\u015ft\u0131klar\u0131n\u0131, \u015fehirleri birle\u015ftirdiklerini belirten Bakan Uralo\u011flu, T\u00fcrkiye\u2019nin yaln\u0131zca ula\u015f\u0131mdaki fiziksel engelleri de\u011fil, m\u00fchendislik s\u0131n\u0131rlar\u0131n\u0131 da a\u015ft\u0131\u011f\u0131n\u0131 vurgulad\u0131. Uralo\u011flu, a\u00e7\u0131klamas\u0131nda, \u201cD\u00fcnyada ilkleri ba\u015fard\u0131k, uluslararas\u0131 arenada \u00f6d\u00fcller ald\u0131k. 1915 \u00c7anakkale K\u00f6pr\u00fcs\u00fc, 2 bin 23 &hellip;","og_url":"https:\/\/denizcankizil.tr\/de\/haberler\/gundem\/23-yilda-4-bin-75-yeni-kopru-insa-edildi\/","og_site_name":"Av. Deniz Can K\u0131z\u0131l","article_published_time":"2025-05-27T19:42:16+00:00","author":"admin","twitter_card":"summary_large_image","twitter_misc":{"Verfasst von":"admin","Gesch\u00e4tzte Lesezeit":"7\u00a0Minuten"},"schema":{"@context":"https:\/\/schema.org","@graph":[{"@type":"Article","@id":"https:\/\/denizcankizil.tr\/de\/haberler\/gundem\/23-yilda-4-bin-75-yeni-kopru-insa-edildi\/#article","isPartOf":{"@id":"https:\/\/denizcankizil.tr\/de\/haberler\/gundem\/23-yilda-4-bin-75-yeni-kopru-insa-edildi\/"},"author":{"name":"admin","@id":"https:\/\/denizcankizil.tr\/de\/#\/schema\/person\/be3c05fe6a12686905512445d8185489"},"headline":"23 y\u0131lda 4 bin 75 yeni k\u00f6pr\u00fc in\u015fa edildi","datePublished":"2025-05-27T19:42:16+00:00","mainEntityOfPage":{"@id":"https:\/\/denizcankizil.tr\/de\/haberler\/gundem\/23-yilda-4-bin-75-yeni-kopru-insa-edildi\/"},"wordCount":1477,"publisher":{"@id":"https:\/\/denizcankizil.tr\/de\/#organization"},"articleSection":["G\u00fcndem"],"inLanguage":"de"},{"@type":"WebPage","@id":"https:\/\/denizcankizil.tr\/de\/haberler\/gundem\/23-yilda-4-bin-75-yeni-kopru-insa-edildi\/","url":"https:\/\/denizcankizil.tr\/de\/haberler\/gundem\/23-yilda-4-bin-75-yeni-kopru-insa-edildi\/","name":"23 y\u0131lda 4 bin 75 yeni k\u00f6pr\u00fc in\u015fa edildi - Av. Deniz Can K\u0131z\u0131l","isPartOf":{"@id":"https:\/\/denizcankizil.tr\/de\/#website"},"datePublished":"2025-05-27T19:42:16+00:00","breadcrumb":{"@id":"https:\/\/denizcankizil.tr\/de\/haberler\/gundem\/23-yilda-4-bin-75-yeni-kopru-insa-edildi\/#breadcrumb"},"inLanguage":"de","potentialAction":[{"@type":"ReadAction","target":["https:\/\/denizcankizil.tr\/de\/haberler\/gundem\/23-yilda-4-bin-75-yeni-kopru-insa-edildi\/"]}]},{"@type":"BreadcrumbList","@id":"https:\/\/denizcankizil.tr\/de\/haberler\/gundem\/23-yilda-4-bin-75-yeni-kopru-insa-edildi\/#breadcrumb","itemListElement":[{"@type":"ListItem","position":1,"name":"Home","item":"https:\/\/denizcankizil.tr\/de\/"},{"@type":"ListItem","position":2,"name":"23 y\u0131lda 4 bin 75 yeni k\u00f6pr\u00fc in\u015fa edildi"}]},{"@type":"WebSite","@id":"https:\/\/denizcankizil.tr\/de\/#website","url":"https:\/\/denizcankizil.tr\/de\/","name":"Av. Deniz Can K\u0131z\u0131l","description":"Avukat Deniz Can K\u0131z\u0131l Antalya Barosu","publisher":{"@id":"https:\/\/denizcankizil.tr\/de\/#organization"},"potentialAction":[{"@type":"SearchAction","target":{"@type":"EntryPoint","urlTemplate":"https:\/\/denizcankizil.tr\/de\/?s={search_term_string}"},"query-input":{"@type":"PropertyValueSpecification","valueRequired":true,"valueName":"search_term_string"}}],"inLanguage":"de"},{"@type":"Organization","@id":"https:\/\/denizcankizil.tr\/de\/#organization","name":"Av. Deniz Can K\u0131z\u0131l","url":"https:\/\/denizcankizil.tr\/de\/","logo":{"@type":"ImageObject","inLanguage":"de","@id":"https:\/\/denizcankizil.tr\/de\/#\/schema\/logo\/image\/","url":"https:\/\/denizcankizil.tr\/wp-content\/uploads\/2024\/10\/siyah-logo-svg.svg","contentUrl":"https:\/\/denizcankizil.tr\/wp-content\/uploads\/2024\/10\/siyah-logo-svg.svg","width":1080,"height":1080,"caption":"Av. Deniz Can K\u0131z\u0131l"},"image":{"@id":"https:\/\/denizcankizil.tr\/de\/#\/schema\/logo\/image\/"}},{"@type":"Person","@id":"https:\/\/denizcankizil.tr\/de\/#\/schema\/person\/be3c05fe6a12686905512445d8185489","name":"Administrator","image":{"@type":"ImageObject","inLanguage":"de","@id":"https:\/\/denizcankizil.tr\/de\/#\/schema\/person\/image\/","url":"https:\/\/secure.gravatar.com\/avatar\/c1fce94c830dc79107e174f890d7210541c4a63e8e5d816341794a2151c9d58c?s=96&d=mm&r=g","contentUrl":"https:\/\/secure.gravatar.com\/avatar\/c1fce94c830dc79107e174f890d7210541c4a63e8e5d816341794a2151c9d58c?s=96&d=mm&r=g","caption":"admin"},"sameAs":["http:\/\/denizcankizil.tr"],"url":"https:\/\/www.iskenderun.org\/23-yilda-4-bin-75-yeni-kopru-insa-edildi"}]}},"_links":{"self":[{"href":"https:\/\/denizcankizil.tr\/de\/wp-json\/wp\/v2\/posts\/98822","targetHints":{"allow":["GET"]}}],"collection":[{"href":"https:\/\/denizcankizil.tr\/de\/wp-json\/wp\/v2\/posts"}],"about":[{"href":"https:\/\/denizcankizil.tr\/de\/wp-json\/wp\/v2\/types\/post"}],"author":[{"embeddable":true,"href":"https:\/\/denizcankizil.tr\/de\/wp-json\/wp\/v2\/users\/1"}],"replies":[{"embeddable":true,"href":"https:\/\/denizcankizil.tr\/de\/wp-json\/wp\/v2\/comments?post=98822"}],"version-history":[{"count":0,"href":"https:\/\/denizcankizil.tr\/de\/wp-json\/wp\/v2\/posts\/98822\/revisions"}],"wp:attachment":[{"href":"https:\/\/denizcankizil.tr\/de\/wp-json\/wp\/v2\/media?parent=98822"}],"wp:term":[{"taxonomy":"category","embeddable":true,"href":"https:\/\/denizcankizil.tr\/de\/wp-json\/wp\/v2\/categories?post=98822"},{"taxonomy":"post_tag","embeddable":true,"href":"https:\/\/denizcankizil.tr\/de\/wp-json\/wp\/v2\/tags?post=98822"}],"curies":[{"name":"wp","href":"https:\/\/api.w.org\/{rel}","templated":true}]}}