{"id":98695,"date":"2025-05-27T19:42:19","date_gmt":"2025-05-27T16:42:19","guid":{"rendered":"https:\/\/denizcankizil.tr\/uncategorized-tr\/turk-mutfagi-haftasinda-yoresel-lezzet-soleni\/"},"modified":"2025-05-27T19:42:19","modified_gmt":"2025-05-27T16:42:19","slug":"turk-mutfagi-haftasinda-yoresel-lezzet-soleni","status":"publish","type":"post","link":"https:\/\/denizcankizil.tr\/de\/haberler\/gundem\/turk-mutfagi-haftasinda-yoresel-lezzet-soleni\/","title":{"rendered":"T\u00fcrk Mutfa\u011f\u0131 Haftas\u0131&#8217;nda y\u00f6resel lezzet \u015f\u00f6leni\u2026"},"content":{"rendered":"<p>Cumhurba\u015fkan\u0131 Recep Tayyip Erdo\u011fan&#8217;\u0131n e\u015fi Emine Erdo\u011fan&#8217;\u0131n \u00f6nc\u00fcl\u00fc\u011f\u00fcnde kutlanan &#8220;T\u00fcrk Mutfa\u011f\u0131 Haftas\u0131&#8221; kapsam\u0131nda \u0130skenderun Teknik \u00dcniversitesi (\u0130STE) Gastronomi ve Fuar Merkezi&#8217;nde etkinlik d\u00fczenlendi.<\/p>\n<p>\u0130skenderun Teknik \u00dcniversitesi, T\u00fcrk mutfa\u011f\u0131n\u0131 uluslararas\u0131 platformda ba\u015far\u0131yla temsil etti\u011fini ifade eden Rekt\u00f6r Prof. Dr. Mehmet Duruel, \u2018T\u00fcrk Mutfa\u011f\u0131 Haftas\u0131\u2019 kapsam\u0131nda d\u00fczenledikleri etkinlikte Gastronomi \u00f6\u011frenciler taraf\u0131ndan haz\u0131rlanan co\u011frafi i\u015faretli lezzetlerin yer ald\u0131\u011f\u0131n\u0131 s\u00f6yledi.<\/p>\n<p>\u0130skenderun Teknik \u00dcniversitesi (\u0130STE), 23-25 May\u0131s tarihleri aras\u0131nda Bodrum\u2019da d\u00fczenlenen International Gastro Bodrum Festivalinde \u00f6nemli bir ba\u015far\u0131ya imza att\u0131\u011f\u0131n\u0131 ifade eden Rekt\u00f6r Duruel \u201c\u00d6\u011fretim G\u00f6revlisi Enes Y\u00fcrhani koordinat\u00f6rl\u00fc\u011f\u00fcnde festivale kat\u0131lan Gastronomi ve Mutfak Sanatlar\u0131 B\u00f6l\u00fcm\u00fc \u00f6\u011frencileri ba\u015far\u0131lar\u0131yla gururland\u0131rd\u0131. \u00dcniversiteler aras\u0131 ekip ve bireysel kategorilerde toplam 5 alt\u0131n, 3 g\u00fcm\u00fc\u015f ve 4 bronz madalya kazanarak \u0130STE\u2019yi gururla temsil etti\u201d dedi.<\/p>\n<p>Rekt\u00f6r Prof. Dr. Mehmet Duruel, \u00fcniversite \u00f6\u011frencilerinin ve akademik kadronun bu \u00f6nemli ba\u015far\u0131s\u0131ndan duydu\u011fu memnuniyeti dile getirerek \u201c\u0130skenderun Teknik \u00dcniversitesi olarak bizleri gururland\u0131r\u0131yorsunuz. Hafta sonunda ses getiren bir etkinli\u011fe daha imza att\u0131n\u0131z. Sizlerle gurur duyuyoruz, sizler de kendinizle gurur duyabilirsiniz. \u00dcniversitemize katk\u0131lar\u0131n\u0131z i\u00e7in tekrar tekrar te\u015fekk\u00fcr ederiz\u201d diye konu\u015ftu.<\/p>\n<p>\u201cT\u00fcrkiye\u2019nin Ayd\u0131nl\u0131k Gelece\u011fi \u0130\u00e7in \u00c7al\u0131\u015f\u0131yoruz\u201d<\/p>\n<p>Rekt\u00f6r Duruel, T\u00fcrk mutfa\u011f\u0131n\u0131n k\u00fclt\u00fcrel mirastaki yerine de dikkat \u00e7ekerek \u201cBu lezzetler sadece birer yemek de\u011fil, ayn\u0131 zamanda tarihimizin, k\u00fclt\u00fcr\u00fcm\u00fcz\u00fcn ve yerel zenginliklerimizin birer ta\u015f\u0131y\u0131c\u0131s\u0131d\u0131r. Etkinli\u011fimiz, \u00f6\u011frencilerimiz i\u00e7in hem mesleki geli\u015fim hem de k\u00fclt\u00fcrel miras\u0131m\u0131za sahip \u00e7\u0131kma anlam\u0131nda \u00e7ok de\u011ferli bir f\u0131rsat sunmaktad\u0131r. \u00dcniversite olarak ba\u015far\u0131lar\u0131m\u0131zla b\u00f6lgeye, insana, \u00f6\u011frenciye ve bilime katk\u0131 sunmak istiyoruz. T\u00fcrkiye\u2019nin ayd\u0131nl\u0131k gelece\u011fi i\u00e7in \u00f6\u011frenci yeti\u015ftirmenin gayreti i\u00e7erisindeyiz. B\u00f6yle olmak ve b\u00f6yle ilerlemek istiyoruz\u201d \u015feklinde konu\u015ftu.<\/p>\n<p>\u0130STE (\u0130skenderun Teknik \u00dcniversitesi) Turizm Fak\u00fcltesi Gastronomi ve Mutfak Sanatlar\u0131 B\u00f6l\u00fcm\u00fc \u00f6\u011frencileri taraf\u0131ndan d\u00fczenlenen \u201cT\u00fcrk Mutfa\u011f\u0131nda Tescilli Lezzetler\u201d etkinli\u011fi ise b\u00fcy\u00fck be\u011feni toplad\u0131. Etkinlik kapsam\u0131nda, co\u011frafi i\u015faretli \u00fcr\u00fcnlerle haz\u0131rlanan geleneksel tatlar, Gastronomi ve Mutfak Sanatlar\u0131 \u00f6\u011frencilerinin modern yorumlar\u0131yla kat\u0131l\u0131mc\u0131lar\u0131n be\u011fenisine sunuldu. Konuklar stantlar\u0131 gezerek tek tek y\u00f6resel lezzetleri tatt\u0131.<\/p>\n<p>Etkinlikte ayr\u0131ca, Uluslararas\u0131 Foodfest Antalya Gastronomi Festivali&#8217;nde dereceye giren \u00f6\u011frencilere hediye verildi.<\/p>\n<p>\u200bHatay&#8217;\u0131n \u0130skenderun il\u00e7esinde \u0130skenderun Teknik \u00dcniversitesi Turizm Fak\u00fcltesi b\u00fcnyesinde Gastronomi B\u00f6l\u00fcm\u00fc \u00f6\u011frencilerinin haz\u0131rlad\u0131\u011f\u0131 y\u00f6resel yemekler, &#8220;T\u00fcrk Mutfa\u011f\u0131 Haftas\u0131&#8221; etkinli\u011finde g\u00f6r\u00fcc\u00fcye \u00e7\u0131kar\u0131ld\u0131, ikram edildi.\u00a0<\/p>\n<p>\u200bHaberin Al\u0131nt\u0131land\u0131\u011f\u0131 Kaynak: www.iskenderun.org<\/p>","protected":false},"excerpt":{"rendered":"<p>Cumhurba\u015fkan\u0131 Recep Tayyip Erdo\u011fan&#8217;\u0131n e\u015fi Emine Erdo\u011fan&#8217;\u0131n \u00f6nc\u00fcl\u00fc\u011f\u00fcnde kutlanan &#8220;T\u00fcrk Mutfa\u011f\u0131 Haftas\u0131&#8221; kapsam\u0131nda \u0130skenderun Teknik \u00dcniversitesi (\u0130STE) Gastronomi ve Fuar Merkezi&#8217;nde etkinlik d\u00fczenlendi. \u0130skenderun Teknik \u00dcniversitesi, T\u00fcrk mutfa\u011f\u0131n\u0131 uluslararas\u0131 platformda ba\u015far\u0131yla temsil etti\u011fini ifade eden Rekt\u00f6r Prof. Dr. Mehmet Duruel, \u2018T\u00fcrk Mutfa\u011f\u0131 Haftas\u0131\u2019 kapsam\u0131nda d\u00fczenledikleri etkinlikte Gastronomi \u00f6\u011frenciler taraf\u0131ndan haz\u0131rlanan co\u011frafi i\u015faretli lezzetlerin yer ald\u0131\u011f\u0131n\u0131 s\u00f6yledi. \u0130skenderun Teknik \u00dcniversitesi (\u0130STE), 23-25 May\u0131s tarihleri aras\u0131nda Bodrum\u2019da d\u00fczenlenen International Gastro Bodrum Festivalinde \u00f6nemli bir ba\u015far\u0131ya imza att\u0131\u011f\u0131n\u0131 ifade eden Rekt\u00f6r Duruel \u201c\u00d6\u011fretim G\u00f6revlisi Enes Y\u00fcrhani koordinat\u00f6rl\u00fc\u011f\u00fcnde festivale kat\u0131lan Gastronomi ve Mutfak Sanatlar\u0131 B\u00f6l\u00fcm\u00fc \u00f6\u011frencileri ba\u015far\u0131lar\u0131yla gururland\u0131rd\u0131. \u00dcniversiteler aras\u0131 ekip ve bireysel kategorilerde toplam 5 alt\u0131n, 3 g\u00fcm\u00fc\u015f ve 4 bronz madalya kazanarak \u0130STE\u2019yi gururla temsil etti\u201d dedi. Rekt\u00f6r Prof. Dr. Mehmet Duruel, \u00fcniversite \u00f6\u011frencilerinin ve akademik kadronun bu \u00f6nemli ba\u015far\u0131s\u0131ndan duydu\u011fu memnuniyeti dile getirerek \u201c\u0130skenderun Teknik \u00dcniversitesi olarak bizleri gururland\u0131r\u0131yorsunuz. Hafta sonunda ses getiren bir etkinli\u011fe daha imza att\u0131n\u0131z. Sizlerle gurur duyuyoruz, sizler de kendinizle gurur duyabilirsiniz. \u00dcniversitemize katk\u0131lar\u0131n\u0131z i\u00e7in tekrar tekrar te\u015fekk\u00fcr ederiz\u201d diye konu\u015ftu. \u201cT\u00fcrkiye\u2019nin Ayd\u0131nl\u0131k Gelece\u011fi \u0130\u00e7in \u00c7al\u0131\u015f\u0131yoruz\u201d Rekt\u00f6r Duruel, T\u00fcrk mutfa\u011f\u0131n\u0131n k\u00fclt\u00fcrel mirastaki yerine de dikkat \u00e7ekerek \u201cBu lezzetler sadece birer yemek de\u011fil, ayn\u0131 zamanda tarihimizin, k\u00fclt\u00fcr\u00fcm\u00fcz\u00fcn ve yerel zenginliklerimizin birer ta\u015f\u0131y\u0131c\u0131s\u0131d\u0131r. Etkinli\u011fimiz, \u00f6\u011frencilerimiz i\u00e7in hem mesleki geli\u015fim &hellip;<\/p>","protected":false},"author":1,"featured_media":0,"comment_status":"","ping_status":"open","sticky":false,"template":"","format":"standard","meta":{"_acf_changed":false,"footnotes":""},"categories":[24],"tags":[],"class_list":["post-98695","post","type-post","status-publish","format-standard","has-post-thumbnail","hentry","category-gundem"],"acf":[],"yoast_head":"<!-- This site is optimized with the Yoast SEO Premium plugin v26.6 (Yoast SEO v27.1.1) - https:\/\/yoast.com\/product\/yoast-seo-premium-wordpress\/ -->\n<title>T\u00fcrk Mutfa\u011f\u0131 Haftas\u0131&#039;nda y\u00f6resel lezzet \u015f\u00f6leni\u2026 - Av. Deniz Can K\u0131z\u0131l<\/title>\n<meta name=\"robots\" content=\"index, follow, max-snippet:-1, max-image-preview:large, max-video-preview:-1\" \/>\n<link rel=\"canonical\" href=\"https:\/\/denizcankizil.tr\/de\/haberler\/gundem\/turk-mutfagi-haftasinda-yoresel-lezzet-soleni\/\" \/>\n<meta property=\"og:locale\" content=\"de_DE\" \/>\n<meta property=\"og:type\" content=\"article\" \/>\n<meta property=\"og:title\" content=\"T\u00fcrk Mutfa\u011f\u0131 Haftas\u0131&#039;nda y\u00f6resel lezzet \u015f\u00f6leni\u2026\" \/>\n<meta property=\"og:description\" content=\"Cumhurba\u015fkan\u0131 Recep Tayyip Erdo\u011fan&#8217;\u0131n e\u015fi Emine Erdo\u011fan&#8217;\u0131n \u00f6nc\u00fcl\u00fc\u011f\u00fcnde kutlanan &#8220;T\u00fcrk Mutfa\u011f\u0131 Haftas\u0131&#8221; kapsam\u0131nda \u0130skenderun Teknik \u00dcniversitesi (\u0130STE) Gastronomi ve Fuar Merkezi&#8217;nde etkinlik d\u00fczenlendi. \u0130skenderun Teknik \u00dcniversitesi, T\u00fcrk mutfa\u011f\u0131n\u0131 uluslararas\u0131 platformda ba\u015far\u0131yla temsil etti\u011fini ifade eden Rekt\u00f6r Prof. Dr. Mehmet Duruel, \u2018T\u00fcrk Mutfa\u011f\u0131 Haftas\u0131\u2019 kapsam\u0131nda d\u00fczenledikleri etkinlikte Gastronomi \u00f6\u011frenciler taraf\u0131ndan haz\u0131rlanan co\u011frafi i\u015faretli lezzetlerin yer ald\u0131\u011f\u0131n\u0131 s\u00f6yledi. \u0130skenderun Teknik \u00dcniversitesi (\u0130STE), 23-25 May\u0131s tarihleri aras\u0131nda Bodrum\u2019da d\u00fczenlenen International Gastro Bodrum Festivalinde \u00f6nemli bir ba\u015far\u0131ya imza att\u0131\u011f\u0131n\u0131 ifade eden Rekt\u00f6r Duruel \u201c\u00d6\u011fretim G\u00f6revlisi Enes Y\u00fcrhani koordinat\u00f6rl\u00fc\u011f\u00fcnde festivale kat\u0131lan Gastronomi ve Mutfak Sanatlar\u0131 B\u00f6l\u00fcm\u00fc \u00f6\u011frencileri ba\u015far\u0131lar\u0131yla gururland\u0131rd\u0131. \u00dcniversiteler aras\u0131 ekip ve bireysel kategorilerde toplam 5 alt\u0131n, 3 g\u00fcm\u00fc\u015f ve 4 bronz madalya kazanarak \u0130STE\u2019yi gururla temsil etti\u201d dedi. Rekt\u00f6r Prof. Dr. Mehmet Duruel, \u00fcniversite \u00f6\u011frencilerinin ve akademik kadronun bu \u00f6nemli ba\u015far\u0131s\u0131ndan duydu\u011fu memnuniyeti dile getirerek \u201c\u0130skenderun Teknik \u00dcniversitesi olarak bizleri gururland\u0131r\u0131yorsunuz. Hafta sonunda ses getiren bir etkinli\u011fe daha imza att\u0131n\u0131z. Sizlerle gurur duyuyoruz, sizler de kendinizle gurur duyabilirsiniz. \u00dcniversitemize katk\u0131lar\u0131n\u0131z i\u00e7in tekrar tekrar te\u015fekk\u00fcr ederiz\u201d diye konu\u015ftu. \u201cT\u00fcrkiye\u2019nin Ayd\u0131nl\u0131k Gelece\u011fi \u0130\u00e7in \u00c7al\u0131\u015f\u0131yoruz\u201d Rekt\u00f6r Duruel, T\u00fcrk mutfa\u011f\u0131n\u0131n k\u00fclt\u00fcrel mirastaki yerine de dikkat \u00e7ekerek \u201cBu lezzetler sadece birer yemek de\u011fil, ayn\u0131 zamanda tarihimizin, k\u00fclt\u00fcr\u00fcm\u00fcz\u00fcn ve yerel zenginliklerimizin birer ta\u015f\u0131y\u0131c\u0131s\u0131d\u0131r. Etkinli\u011fimiz, \u00f6\u011frencilerimiz i\u00e7in hem mesleki geli\u015fim &hellip;\" \/>\n<meta property=\"og:url\" content=\"https:\/\/denizcankizil.tr\/de\/haberler\/gundem\/turk-mutfagi-haftasinda-yoresel-lezzet-soleni\/\" \/>\n<meta property=\"og:site_name\" content=\"Av. Deniz Can K\u0131z\u0131l\" \/>\n<meta property=\"article:published_time\" content=\"2025-05-27T16:42:19+00:00\" \/>\n<meta name=\"author\" content=\"admin\" \/>\n<meta name=\"twitter:card\" content=\"summary_large_image\" \/>\n<meta name=\"twitter:label1\" content=\"Verfasst von\" \/>\n\t<meta name=\"twitter:data1\" content=\"admin\" \/>\n\t<meta name=\"twitter:label2\" content=\"Gesch\u00e4tzte Lesezeit\" \/>\n\t<meta name=\"twitter:data2\" content=\"2\u00a0Minuten\" \/>\n<script type=\"application\/ld+json\" class=\"yoast-schema-graph\">{\"@context\":\"https:\/\/schema.org\",\"@graph\":[{\"@type\":\"Article\",\"@id\":\"https:\/\/denizcankizil.tr\/de\/haberler\/gundem\/turk-mutfagi-haftasinda-yoresel-lezzet-soleni\/#article\",\"isPartOf\":{\"@id\":\"https:\/\/denizcankizil.tr\/de\/haberler\/gundem\/turk-mutfagi-haftasinda-yoresel-lezzet-soleni\/\"},\"author\":{\"name\":\"admin\",\"@id\":\"https:\/\/denizcankizil.tr\/de\/#\/schema\/person\/be3c05fe6a12686905512445d8185489\"},\"headline\":\"T\u00fcrk Mutfa\u011f\u0131 Haftas\u0131&#8217;nda y\u00f6resel lezzet \u015f\u00f6leni\u2026\",\"datePublished\":\"2025-05-27T16:42:19+00:00\",\"mainEntityOfPage\":{\"@id\":\"https:\/\/denizcankizil.tr\/de\/haberler\/gundem\/turk-mutfagi-haftasinda-yoresel-lezzet-soleni\/\"},\"wordCount\":492,\"publisher\":{\"@id\":\"https:\/\/denizcankizil.tr\/de\/#organization\"},\"articleSection\":[\"G\u00fcndem\"],\"inLanguage\":\"de\"},{\"@type\":\"WebPage\",\"@id\":\"https:\/\/denizcankizil.tr\/de\/haberler\/gundem\/turk-mutfagi-haftasinda-yoresel-lezzet-soleni\/\",\"url\":\"https:\/\/denizcankizil.tr\/de\/haberler\/gundem\/turk-mutfagi-haftasinda-yoresel-lezzet-soleni\/\",\"name\":\"T\u00fcrk Mutfa\u011f\u0131 Haftas\u0131'nda y\u00f6resel lezzet \u015f\u00f6leni\u2026 - Av. Deniz Can K\u0131z\u0131l\",\"isPartOf\":{\"@id\":\"https:\/\/denizcankizil.tr\/de\/#website\"},\"datePublished\":\"2025-05-27T16:42:19+00:00\",\"breadcrumb\":{\"@id\":\"https:\/\/denizcankizil.tr\/de\/haberler\/gundem\/turk-mutfagi-haftasinda-yoresel-lezzet-soleni\/#breadcrumb\"},\"inLanguage\":\"de\",\"potentialAction\":[{\"@type\":\"ReadAction\",\"target\":[\"https:\/\/denizcankizil.tr\/de\/haberler\/gundem\/turk-mutfagi-haftasinda-yoresel-lezzet-soleni\/\"]}]},{\"@type\":\"BreadcrumbList\",\"@id\":\"https:\/\/denizcankizil.tr\/de\/haberler\/gundem\/turk-mutfagi-haftasinda-yoresel-lezzet-soleni\/#breadcrumb\",\"itemListElement\":[{\"@type\":\"ListItem\",\"position\":1,\"name\":\"Home\",\"item\":\"https:\/\/denizcankizil.tr\/de\/\"},{\"@type\":\"ListItem\",\"position\":2,\"name\":\"T\u00fcrk Mutfa\u011f\u0131 Haftas\u0131&#8217;nda y\u00f6resel lezzet \u015f\u00f6leni\u2026\"}]},{\"@type\":\"WebSite\",\"@id\":\"https:\/\/denizcankizil.tr\/de\/#website\",\"url\":\"https:\/\/denizcankizil.tr\/de\/\",\"name\":\"Av. Deniz Can K\u0131z\u0131l\",\"description\":\"Avukat Deniz Can K\u0131z\u0131l Antalya Barosu\",\"publisher\":{\"@id\":\"https:\/\/denizcankizil.tr\/de\/#organization\"},\"potentialAction\":[{\"@type\":\"SearchAction\",\"target\":{\"@type\":\"EntryPoint\",\"urlTemplate\":\"https:\/\/denizcankizil.tr\/de\/?s={search_term_string}\"},\"query-input\":{\"@type\":\"PropertyValueSpecification\",\"valueRequired\":true,\"valueName\":\"search_term_string\"}}],\"inLanguage\":\"de\"},{\"@type\":\"Organization\",\"@id\":\"https:\/\/denizcankizil.tr\/de\/#organization\",\"name\":\"Av. Deniz Can K\u0131z\u0131l\",\"url\":\"https:\/\/denizcankizil.tr\/de\/\",\"logo\":{\"@type\":\"ImageObject\",\"inLanguage\":\"de\",\"@id\":\"https:\/\/denizcankizil.tr\/de\/#\/schema\/logo\/image\/\",\"url\":\"https:\/\/denizcankizil.tr\/wp-content\/uploads\/2024\/10\/siyah-logo-svg.svg\",\"contentUrl\":\"https:\/\/denizcankizil.tr\/wp-content\/uploads\/2024\/10\/siyah-logo-svg.svg\",\"width\":1080,\"height\":1080,\"caption\":\"Av. Deniz Can K\u0131z\u0131l\"},\"image\":{\"@id\":\"https:\/\/denizcankizil.tr\/de\/#\/schema\/logo\/image\/\"}},{\"@type\":\"Person\",\"@id\":\"https:\/\/denizcankizil.tr\/de\/#\/schema\/person\/be3c05fe6a12686905512445d8185489\",\"name\":\"admin\",\"image\":{\"@type\":\"ImageObject\",\"inLanguage\":\"de\",\"@id\":\"https:\/\/denizcankizil.tr\/de\/#\/schema\/person\/image\/\",\"url\":\"https:\/\/secure.gravatar.com\/avatar\/c1fce94c830dc79107e174f890d7210541c4a63e8e5d816341794a2151c9d58c?s=96&d=mm&r=g\",\"contentUrl\":\"https:\/\/secure.gravatar.com\/avatar\/c1fce94c830dc79107e174f890d7210541c4a63e8e5d816341794a2151c9d58c?s=96&d=mm&r=g\",\"caption\":\"admin\"},\"sameAs\":[\"http:\/\/denizcankizil.tr\"],\"url\":\"https:\/\/www.iskenderun.org\/turk-mutfagi-haftasinda-yoresel-lezzet-soleni\"}]}<\/script>\n<!-- \/ Yoast SEO Premium plugin. -->","yoast_head_json":{"title":"T\u00fcrk Mutfa\u011f\u0131 Haftas\u0131'nda y\u00f6resel lezzet \u015f\u00f6leni\u2026 - Av. Deniz Can K\u0131z\u0131l","robots":{"index":"index","follow":"follow","max-snippet":"max-snippet:-1","max-image-preview":"max-image-preview:large","max-video-preview":"max-video-preview:-1"},"canonical":"https:\/\/denizcankizil.tr\/de\/haberler\/gundem\/turk-mutfagi-haftasinda-yoresel-lezzet-soleni\/","og_locale":"de_DE","og_type":"article","og_title":"T\u00fcrk Mutfa\u011f\u0131 Haftas\u0131'nda y\u00f6resel lezzet \u015f\u00f6leni\u2026","og_description":"Cumhurba\u015fkan\u0131 Recep Tayyip Erdo\u011fan&#8217;\u0131n e\u015fi Emine Erdo\u011fan&#8217;\u0131n \u00f6nc\u00fcl\u00fc\u011f\u00fcnde kutlanan &#8220;T\u00fcrk Mutfa\u011f\u0131 Haftas\u0131&#8221; kapsam\u0131nda \u0130skenderun Teknik \u00dcniversitesi (\u0130STE) Gastronomi ve Fuar Merkezi&#8217;nde etkinlik d\u00fczenlendi. \u0130skenderun Teknik \u00dcniversitesi, T\u00fcrk mutfa\u011f\u0131n\u0131 uluslararas\u0131 platformda ba\u015far\u0131yla temsil etti\u011fini ifade eden Rekt\u00f6r Prof. Dr. Mehmet Duruel, \u2018T\u00fcrk Mutfa\u011f\u0131 Haftas\u0131\u2019 kapsam\u0131nda d\u00fczenledikleri etkinlikte Gastronomi \u00f6\u011frenciler taraf\u0131ndan haz\u0131rlanan co\u011frafi i\u015faretli lezzetlerin yer ald\u0131\u011f\u0131n\u0131 s\u00f6yledi. \u0130skenderun Teknik \u00dcniversitesi (\u0130STE), 23-25 May\u0131s tarihleri aras\u0131nda Bodrum\u2019da d\u00fczenlenen International Gastro Bodrum Festivalinde \u00f6nemli bir ba\u015far\u0131ya imza att\u0131\u011f\u0131n\u0131 ifade eden Rekt\u00f6r Duruel \u201c\u00d6\u011fretim G\u00f6revlisi Enes Y\u00fcrhani koordinat\u00f6rl\u00fc\u011f\u00fcnde festivale kat\u0131lan Gastronomi ve Mutfak Sanatlar\u0131 B\u00f6l\u00fcm\u00fc \u00f6\u011frencileri ba\u015far\u0131lar\u0131yla gururland\u0131rd\u0131. \u00dcniversiteler aras\u0131 ekip ve bireysel kategorilerde toplam 5 alt\u0131n, 3 g\u00fcm\u00fc\u015f ve 4 bronz madalya kazanarak \u0130STE\u2019yi gururla temsil etti\u201d dedi. Rekt\u00f6r Prof. Dr. Mehmet Duruel, \u00fcniversite \u00f6\u011frencilerinin ve akademik kadronun bu \u00f6nemli ba\u015far\u0131s\u0131ndan duydu\u011fu memnuniyeti dile getirerek \u201c\u0130skenderun Teknik \u00dcniversitesi olarak bizleri gururland\u0131r\u0131yorsunuz. Hafta sonunda ses getiren bir etkinli\u011fe daha imza att\u0131n\u0131z. Sizlerle gurur duyuyoruz, sizler de kendinizle gurur duyabilirsiniz. \u00dcniversitemize katk\u0131lar\u0131n\u0131z i\u00e7in tekrar tekrar te\u015fekk\u00fcr ederiz\u201d diye konu\u015ftu. \u201cT\u00fcrkiye\u2019nin Ayd\u0131nl\u0131k Gelece\u011fi \u0130\u00e7in \u00c7al\u0131\u015f\u0131yoruz\u201d Rekt\u00f6r Duruel, T\u00fcrk mutfa\u011f\u0131n\u0131n k\u00fclt\u00fcrel mirastaki yerine de dikkat \u00e7ekerek \u201cBu lezzetler sadece birer yemek de\u011fil, ayn\u0131 zamanda tarihimizin, k\u00fclt\u00fcr\u00fcm\u00fcz\u00fcn ve yerel zenginliklerimizin birer ta\u015f\u0131y\u0131c\u0131s\u0131d\u0131r. Etkinli\u011fimiz, \u00f6\u011frencilerimiz i\u00e7in hem mesleki geli\u015fim &hellip;","og_url":"https:\/\/denizcankizil.tr\/de\/haberler\/gundem\/turk-mutfagi-haftasinda-yoresel-lezzet-soleni\/","og_site_name":"Av. Deniz Can K\u0131z\u0131l","article_published_time":"2025-05-27T16:42:19+00:00","author":"admin","twitter_card":"summary_large_image","twitter_misc":{"Verfasst von":"admin","Gesch\u00e4tzte Lesezeit":"2\u00a0Minuten"},"schema":{"@context":"https:\/\/schema.org","@graph":[{"@type":"Article","@id":"https:\/\/denizcankizil.tr\/de\/haberler\/gundem\/turk-mutfagi-haftasinda-yoresel-lezzet-soleni\/#article","isPartOf":{"@id":"https:\/\/denizcankizil.tr\/de\/haberler\/gundem\/turk-mutfagi-haftasinda-yoresel-lezzet-soleni\/"},"author":{"name":"admin","@id":"https:\/\/denizcankizil.tr\/de\/#\/schema\/person\/be3c05fe6a12686905512445d8185489"},"headline":"T\u00fcrk Mutfa\u011f\u0131 Haftas\u0131&#8217;nda y\u00f6resel lezzet \u015f\u00f6leni\u2026","datePublished":"2025-05-27T16:42:19+00:00","mainEntityOfPage":{"@id":"https:\/\/denizcankizil.tr\/de\/haberler\/gundem\/turk-mutfagi-haftasinda-yoresel-lezzet-soleni\/"},"wordCount":492,"publisher":{"@id":"https:\/\/denizcankizil.tr\/de\/#organization"},"articleSection":["G\u00fcndem"],"inLanguage":"de"},{"@type":"WebPage","@id":"https:\/\/denizcankizil.tr\/de\/haberler\/gundem\/turk-mutfagi-haftasinda-yoresel-lezzet-soleni\/","url":"https:\/\/denizcankizil.tr\/de\/haberler\/gundem\/turk-mutfagi-haftasinda-yoresel-lezzet-soleni\/","name":"T\u00fcrk Mutfa\u011f\u0131 Haftas\u0131'nda y\u00f6resel lezzet \u015f\u00f6leni\u2026 - Av. Deniz Can K\u0131z\u0131l","isPartOf":{"@id":"https:\/\/denizcankizil.tr\/de\/#website"},"datePublished":"2025-05-27T16:42:19+00:00","breadcrumb":{"@id":"https:\/\/denizcankizil.tr\/de\/haberler\/gundem\/turk-mutfagi-haftasinda-yoresel-lezzet-soleni\/#breadcrumb"},"inLanguage":"de","potentialAction":[{"@type":"ReadAction","target":["https:\/\/denizcankizil.tr\/de\/haberler\/gundem\/turk-mutfagi-haftasinda-yoresel-lezzet-soleni\/"]}]},{"@type":"BreadcrumbList","@id":"https:\/\/denizcankizil.tr\/de\/haberler\/gundem\/turk-mutfagi-haftasinda-yoresel-lezzet-soleni\/#breadcrumb","itemListElement":[{"@type":"ListItem","position":1,"name":"Home","item":"https:\/\/denizcankizil.tr\/de\/"},{"@type":"ListItem","position":2,"name":"T\u00fcrk Mutfa\u011f\u0131 Haftas\u0131&#8217;nda y\u00f6resel lezzet \u015f\u00f6leni\u2026"}]},{"@type":"WebSite","@id":"https:\/\/denizcankizil.tr\/de\/#website","url":"https:\/\/denizcankizil.tr\/de\/","name":"Av. Deniz Can K\u0131z\u0131l","description":"Avukat Deniz Can K\u0131z\u0131l Antalya Barosu","publisher":{"@id":"https:\/\/denizcankizil.tr\/de\/#organization"},"potentialAction":[{"@type":"SearchAction","target":{"@type":"EntryPoint","urlTemplate":"https:\/\/denizcankizil.tr\/de\/?s={search_term_string}"},"query-input":{"@type":"PropertyValueSpecification","valueRequired":true,"valueName":"search_term_string"}}],"inLanguage":"de"},{"@type":"Organization","@id":"https:\/\/denizcankizil.tr\/de\/#organization","name":"Av. Deniz Can K\u0131z\u0131l","url":"https:\/\/denizcankizil.tr\/de\/","logo":{"@type":"ImageObject","inLanguage":"de","@id":"https:\/\/denizcankizil.tr\/de\/#\/schema\/logo\/image\/","url":"https:\/\/denizcankizil.tr\/wp-content\/uploads\/2024\/10\/siyah-logo-svg.svg","contentUrl":"https:\/\/denizcankizil.tr\/wp-content\/uploads\/2024\/10\/siyah-logo-svg.svg","width":1080,"height":1080,"caption":"Av. Deniz Can K\u0131z\u0131l"},"image":{"@id":"https:\/\/denizcankizil.tr\/de\/#\/schema\/logo\/image\/"}},{"@type":"Person","@id":"https:\/\/denizcankizil.tr\/de\/#\/schema\/person\/be3c05fe6a12686905512445d8185489","name":"Administrator","image":{"@type":"ImageObject","inLanguage":"de","@id":"https:\/\/denizcankizil.tr\/de\/#\/schema\/person\/image\/","url":"https:\/\/secure.gravatar.com\/avatar\/c1fce94c830dc79107e174f890d7210541c4a63e8e5d816341794a2151c9d58c?s=96&d=mm&r=g","contentUrl":"https:\/\/secure.gravatar.com\/avatar\/c1fce94c830dc79107e174f890d7210541c4a63e8e5d816341794a2151c9d58c?s=96&d=mm&r=g","caption":"admin"},"sameAs":["http:\/\/denizcankizil.tr"],"url":"https:\/\/www.iskenderun.org\/turk-mutfagi-haftasinda-yoresel-lezzet-soleni"}]}},"_links":{"self":[{"href":"https:\/\/denizcankizil.tr\/de\/wp-json\/wp\/v2\/posts\/98695","targetHints":{"allow":["GET"]}}],"collection":[{"href":"https:\/\/denizcankizil.tr\/de\/wp-json\/wp\/v2\/posts"}],"about":[{"href":"https:\/\/denizcankizil.tr\/de\/wp-json\/wp\/v2\/types\/post"}],"author":[{"embeddable":true,"href":"https:\/\/denizcankizil.tr\/de\/wp-json\/wp\/v2\/users\/1"}],"replies":[{"embeddable":true,"href":"https:\/\/denizcankizil.tr\/de\/wp-json\/wp\/v2\/comments?post=98695"}],"version-history":[{"count":0,"href":"https:\/\/denizcankizil.tr\/de\/wp-json\/wp\/v2\/posts\/98695\/revisions"}],"wp:attachment":[{"href":"https:\/\/denizcankizil.tr\/de\/wp-json\/wp\/v2\/media?parent=98695"}],"wp:term":[{"taxonomy":"category","embeddable":true,"href":"https:\/\/denizcankizil.tr\/de\/wp-json\/wp\/v2\/categories?post=98695"},{"taxonomy":"post_tag","embeddable":true,"href":"https:\/\/denizcankizil.tr\/de\/wp-json\/wp\/v2\/tags?post=98695"}],"curies":[{"name":"wp","href":"https:\/\/api.w.org\/{rel}","templated":true}]}}