{"id":9845,"date":"2024-10-29T12:41:58","date_gmt":"2024-10-29T09:41:58","guid":{"rendered":"https:\/\/denizcankizil.tr\/uncategorized-tr\/antalyada-tartisma-yaratan-dev-platform\/"},"modified":"2024-10-29T12:41:58","modified_gmt":"2024-10-29T09:41:58","slug":"antalyada-tartisma-yaratan-dev-platform","status":"publish","type":"post","link":"https:\/\/denizcankizil.tr\/de\/haberler\/gundem\/antalyada-tartisma-yaratan-dev-platform\/","title":{"rendered":"Antalya\u2019da tart\u0131\u015fma yaratan dev platform!"},"content":{"rendered":"<p>Antalya\u2019da Cumhuriyetin 101. y\u0131ld\u00f6n\u00fcm\u00fc dolay\u0131s\u0131yla co\u015fkulu bir program d\u00fczenlenecek. Antalya Valili\u011fi, Garnizon Komutanl\u0131\u011f\u0131 ve B\u00fcy\u00fck\u015fehir Belediye Ba\u015fkanl\u0131\u011f\u0131\u2019n\u0131n birlikte d\u00fczenledi\u011fi etkinliklerle 29 Ekim Cumhuriyet Bayram\u0131 co\u015fkusunu t\u00fcm \u015fehirde ya\u015fat\u0131lacak. Program, ilk olarak cumhuriyet meydan\u0131nda \u00e7elenk sunma t\u00f6reni ile ba\u015flad\u0131 ve farkl\u0131 ya\u015f gruplar\u0131na hitap eden \u00e7e\u015fitli etkinliklerle devam ediyor. Bug\u00fcn ak\u015fam saatlerinde ise Antalya B\u00fcy\u00fck\u015fehir Belediyesi taraf\u0131ndan d\u00fczenlenen \u201cFener Alay\u0131 ve Cumhuriyetimizin 101. Y\u0131l\u0131 Konseri\u201d ile Cumhuriyet Bayram\u0131 co\u015fkusu doruk noktas\u0131na ula\u015facak. Saat 18.30\u2019da Varyantlar\u2019da ba\u015flayan y\u00fcr\u00fcy\u00fc\u015f, Cumhuriyet Meydan\u0131\u2019nda sona erecek. Hemen ard\u0131ndan ise Cumhuriyet Meydan\u0131&#8217;nda \u00fcnl\u00fc sanat\u00e7\u0131 Kenan Do\u011fulu sahne alacak. \u00a0<\/p>\n<p>DEV PLATFORM<\/p>\n<p>Antalya B\u00fcy\u00fck\u015fehir Belediyesi\u2019nin Cumhuriyet Bayram\u0131 etkinlikleri kapsam\u0131nda bu ak\u015fam d\u00fczenleyece\u011fi Kenan Do\u011fulu konseri i\u00e7in kurulan dev platform, maliyeti nedeniyle tart\u0131\u015fmalara yol a\u00e7t\u0131. Cumhuriyet Meydan\u0131\u2019nda ger\u00e7ekle\u015ftirilecek konser i\u00e7in g\u00fcnler s\u00fcren haz\u0131rl\u0131klarla devasa bir sahne ve platformu kuruldu. Platformun maliyetine dair \u015fuana kadar bilgi verilmemesi ele\u015ftirilerin ana konusu oldu. \u0130Y\u0130 Parti \u0130l Ba\u015fkan\u0131 Ali Adnan Kaya, cumhuriyetin 101\u2019inci y\u0131l\u0131n\u0131 en co\u015fkulu bir \u015fekilde kutlamak istediklerini, konser \u00fccretinin kamuoyuna a\u00e7\u0131klanmas\u0131n\u0131 istedi.<\/p>\n<p>MECL\u0130S G\u00dcNDEM\u0130NE TA\u015eINACAK<\/p>\n<p>AK Parti Antalya B\u00fcy\u00fck\u015fehir Belediye Meclisi Grup S\u00f6zc\u00fcs\u00fc Bahattin Bayraktar, platformun maliyetinin a\u00e7\u0131klanmad\u0131\u011f\u0131n\u0131 belirterek belediyeye \u00e7a\u011fr\u0131da bulundu. Bayraktar, \u201cKonser i\u00e7in bu denli b\u00fcy\u00fck bir harcama yap\u0131lmas\u0131n\u0131n gerek\u00e7esini \u00f6\u011frenmek istiyoruz. \u0130\u015flerine geldi\u011finde tasarruf yapmaktan bahsediyorlar; ancak b\u00f6yle etkinliklerde milyonlar harcan\u0131yor\u201d dedi. Bayraktar, Cumhuriyet Bayram\u0131 gibi \u00f6nemli g\u00fcnlerin kutlanmas\u0131n\u0131n kendileri i\u00e7in de de\u011ferli oldu\u011funu, ancak \u015feffafl\u0131\u011f\u0131n sa\u011flanmas\u0131 gerekti\u011fini vurgulad\u0131. Platformun kurulumunun yakla\u015f\u0131k bir hafta s\u00fcrd\u00fc\u011f\u00fcn\u00fc belirten Bayraktar, maliyetin \u015feffaf bir \u015fekilde mecliste a\u00e7\u0131klanmas\u0131n\u0131 talep etti.\u00a0 Antalya K\u00f6rfez Gazetesi muhabiri Ertu\u011frul G\u00fcn ulala\u015ft\u0131\u011f\u0131 Antalya B\u00fcy\u00fck\u015fehir Belediyesi yetkilileri, ise konuyla ilgili herhangi bir a\u00e7\u0131klama yapmak istemediklerini, 101 ya\u015f\u0131na giren Cumhuriyeti en g\u00fczel \u015fekilde kutlamaya haz\u0131rland\u0131klar\u0131n\u0131 s\u00f6yledi.<\/p>\n<p>\u00a0<\/p>\n<p>\u200bAntalya B\u00fcy\u00fck\u015fehir Belediyesi taraf\u0131ndan Cumhuriyet Bayram\u0131 etkinlikleri \u00e7er\u00e7evesinde ak\u015fam saatlerinde ger\u00e7ekle\u015ftirilecek olan Kenan Do\u011fulu konseri i\u00e7in kurulan dev platform, tart\u0131\u015fma konusu oldu. \u0130Y\u0130 Parti \u0130l Ba\u015fkan\u0131 Ali Adnan Kaya, Cumhuriyet&#8217;in 101\u2019inci y\u0131l\u0131n\u0131 en co\u015fkulu bir \u015fekilde kutlamak istediklerini, ancak konserin maliyetinin kamuoyuna a\u00e7\u0131klanmas\u0131n\u0131 istedi\u00a0<\/p>\n<p>\u200bHaberin Al\u0131nt\u0131land\u0131\u011f\u0131 Kaynak: www.antalyakorfez.com<\/p>","protected":false},"excerpt":{"rendered":"<p>Antalya\u2019da Cumhuriyetin 101. y\u0131ld\u00f6n\u00fcm\u00fc dolay\u0131s\u0131yla co\u015fkulu bir program d\u00fczenlenecek. Antalya Valili\u011fi, Garnizon Komutanl\u0131\u011f\u0131 ve B\u00fcy\u00fck\u015fehir Belediye Ba\u015fkanl\u0131\u011f\u0131\u2019n\u0131n birlikte d\u00fczenledi\u011fi etkinliklerle 29 Ekim Cumhuriyet Bayram\u0131 co\u015fkusunu t\u00fcm \u015fehirde ya\u015fat\u0131lacak. Program, ilk olarak cumhuriyet meydan\u0131nda \u00e7elenk sunma t\u00f6reni ile ba\u015flad\u0131 ve farkl\u0131 ya\u015f gruplar\u0131na hitap eden \u00e7e\u015fitli etkinliklerle devam ediyor. Bug\u00fcn ak\u015fam saatlerinde ise Antalya B\u00fcy\u00fck\u015fehir Belediyesi taraf\u0131ndan d\u00fczenlenen \u201cFener Alay\u0131 ve Cumhuriyetimizin 101. Y\u0131l\u0131 Konseri\u201d ile Cumhuriyet Bayram\u0131 co\u015fkusu doruk noktas\u0131na ula\u015facak. Saat 18.30\u2019da Varyantlar\u2019da ba\u015flayan y\u00fcr\u00fcy\u00fc\u015f, Cumhuriyet Meydan\u0131\u2019nda sona erecek. Hemen ard\u0131ndan ise Cumhuriyet Meydan\u0131&#8217;nda \u00fcnl\u00fc sanat\u00e7\u0131 Kenan Do\u011fulu sahne alacak. \u00a0 DEV PLATFORM Antalya B\u00fcy\u00fck\u015fehir Belediyesi\u2019nin Cumhuriyet Bayram\u0131 etkinlikleri kapsam\u0131nda bu ak\u015fam d\u00fczenleyece\u011fi Kenan Do\u011fulu konseri i\u00e7in kurulan dev platform, maliyeti nedeniyle tart\u0131\u015fmalara yol a\u00e7t\u0131. Cumhuriyet Meydan\u0131\u2019nda ger\u00e7ekle\u015ftirilecek konser i\u00e7in g\u00fcnler s\u00fcren haz\u0131rl\u0131klarla devasa bir sahne ve platformu kuruldu. Platformun maliyetine dair \u015fuana kadar bilgi verilmemesi ele\u015ftirilerin ana konusu oldu. \u0130Y\u0130 Parti \u0130l Ba\u015fkan\u0131 Ali Adnan Kaya, cumhuriyetin 101\u2019inci y\u0131l\u0131n\u0131 en co\u015fkulu bir \u015fekilde kutlamak istediklerini, konser \u00fccretinin kamuoyuna a\u00e7\u0131klanmas\u0131n\u0131 istedi. MECL\u0130S G\u00dcNDEM\u0130NE TA\u015eINACAK AK Parti Antalya B\u00fcy\u00fck\u015fehir Belediye Meclisi Grup S\u00f6zc\u00fcs\u00fc Bahattin Bayraktar, platformun maliyetinin a\u00e7\u0131klanmad\u0131\u011f\u0131n\u0131 belirterek belediyeye \u00e7a\u011fr\u0131da bulundu. Bayraktar, \u201cKonser i\u00e7in bu denli b\u00fcy\u00fck bir harcama yap\u0131lmas\u0131n\u0131n gerek\u00e7esini \u00f6\u011frenmek istiyoruz. \u0130\u015flerine geldi\u011finde tasarruf yapmaktan bahsediyorlar; ancak &hellip;<\/p>","protected":false},"author":0,"featured_media":0,"comment_status":"open","ping_status":"open","sticky":false,"template":"","format":"standard","meta":{"_acf_changed":false,"footnotes":""},"categories":[24,535],"tags":[],"class_list":["post-9845","post","type-post","status-publish","format-standard","has-post-thumbnail","hentry","category-gundem","category-uncategorized-tr"],"acf":[],"yoast_head":"<!-- This site is optimized with the Yoast SEO Premium plugin v26.6 (Yoast SEO v27.1.1) - https:\/\/yoast.com\/product\/yoast-seo-premium-wordpress\/ -->\n<title>Antalya\u2019da tart\u0131\u015fma yaratan dev platform! - Av. Deniz Can K\u0131z\u0131l<\/title>\n<meta name=\"robots\" content=\"index, follow, max-snippet:-1, max-image-preview:large, max-video-preview:-1\" \/>\n<link rel=\"canonical\" href=\"https:\/\/denizcankizil.tr\/de\/haberler\/gundem\/antalyada-tartisma-yaratan-dev-platform\/\" \/>\n<meta property=\"og:locale\" content=\"de_DE\" \/>\n<meta property=\"og:type\" content=\"article\" \/>\n<meta property=\"og:title\" content=\"Antalya\u2019da tart\u0131\u015fma yaratan dev platform!\" \/>\n<meta property=\"og:description\" content=\"Antalya\u2019da Cumhuriyetin 101. y\u0131ld\u00f6n\u00fcm\u00fc dolay\u0131s\u0131yla co\u015fkulu bir program d\u00fczenlenecek. Antalya Valili\u011fi, Garnizon Komutanl\u0131\u011f\u0131 ve B\u00fcy\u00fck\u015fehir Belediye Ba\u015fkanl\u0131\u011f\u0131\u2019n\u0131n birlikte d\u00fczenledi\u011fi etkinliklerle 29 Ekim Cumhuriyet Bayram\u0131 co\u015fkusunu t\u00fcm \u015fehirde ya\u015fat\u0131lacak. Program, ilk olarak cumhuriyet meydan\u0131nda \u00e7elenk sunma t\u00f6reni ile ba\u015flad\u0131 ve farkl\u0131 ya\u015f gruplar\u0131na hitap eden \u00e7e\u015fitli etkinliklerle devam ediyor. Bug\u00fcn ak\u015fam saatlerinde ise Antalya B\u00fcy\u00fck\u015fehir Belediyesi taraf\u0131ndan d\u00fczenlenen \u201cFener Alay\u0131 ve Cumhuriyetimizin 101. Y\u0131l\u0131 Konseri\u201d ile Cumhuriyet Bayram\u0131 co\u015fkusu doruk noktas\u0131na ula\u015facak. Saat 18.30\u2019da Varyantlar\u2019da ba\u015flayan y\u00fcr\u00fcy\u00fc\u015f, Cumhuriyet Meydan\u0131\u2019nda sona erecek. Hemen ard\u0131ndan ise Cumhuriyet Meydan\u0131&#8217;nda \u00fcnl\u00fc sanat\u00e7\u0131 Kenan Do\u011fulu sahne alacak. \u00a0 DEV PLATFORM Antalya B\u00fcy\u00fck\u015fehir Belediyesi\u2019nin Cumhuriyet Bayram\u0131 etkinlikleri kapsam\u0131nda bu ak\u015fam d\u00fczenleyece\u011fi Kenan Do\u011fulu konseri i\u00e7in kurulan dev platform, maliyeti nedeniyle tart\u0131\u015fmalara yol a\u00e7t\u0131. Cumhuriyet Meydan\u0131\u2019nda ger\u00e7ekle\u015ftirilecek konser i\u00e7in g\u00fcnler s\u00fcren haz\u0131rl\u0131klarla devasa bir sahne ve platformu kuruldu. Platformun maliyetine dair \u015fuana kadar bilgi verilmemesi ele\u015ftirilerin ana konusu oldu. \u0130Y\u0130 Parti \u0130l Ba\u015fkan\u0131 Ali Adnan Kaya, cumhuriyetin 101\u2019inci y\u0131l\u0131n\u0131 en co\u015fkulu bir \u015fekilde kutlamak istediklerini, konser \u00fccretinin kamuoyuna a\u00e7\u0131klanmas\u0131n\u0131 istedi. MECL\u0130S G\u00dcNDEM\u0130NE TA\u015eINACAK AK Parti Antalya B\u00fcy\u00fck\u015fehir Belediye Meclisi Grup S\u00f6zc\u00fcs\u00fc Bahattin Bayraktar, platformun maliyetinin a\u00e7\u0131klanmad\u0131\u011f\u0131n\u0131 belirterek belediyeye \u00e7a\u011fr\u0131da bulundu. Bayraktar, \u201cKonser i\u00e7in bu denli b\u00fcy\u00fck bir harcama yap\u0131lmas\u0131n\u0131n gerek\u00e7esini \u00f6\u011frenmek istiyoruz. \u0130\u015flerine geldi\u011finde tasarruf yapmaktan bahsediyorlar; ancak &hellip;\" \/>\n<meta property=\"og:url\" content=\"https:\/\/denizcankizil.tr\/de\/haberler\/gundem\/antalyada-tartisma-yaratan-dev-platform\/\" \/>\n<meta property=\"og:site_name\" content=\"Av. Deniz Can K\u0131z\u0131l\" \/>\n<meta property=\"article:published_time\" content=\"2024-10-29T09:41:58+00:00\" \/>\n<meta name=\"twitter:card\" content=\"summary_large_image\" \/>\n<meta name=\"twitter:label1\" content=\"Gesch\u00e4tzte Lesezeit\" \/>\n\t<meta name=\"twitter:data1\" content=\"2\u00a0Minuten\" \/>\n<script type=\"application\/ld+json\" class=\"yoast-schema-graph\">{\"@context\":\"https:\/\/schema.org\",\"@graph\":[{\"@type\":\"Article\",\"@id\":\"https:\/\/denizcankizil.tr\/de\/haberler\/gundem\/antalyada-tartisma-yaratan-dev-platform\/#article\",\"isPartOf\":{\"@id\":\"https:\/\/denizcankizil.tr\/de\/haberler\/gundem\/antalyada-tartisma-yaratan-dev-platform\/\"},\"author\":{\"name\":\"\",\"@id\":\"\"},\"headline\":\"Antalya\u2019da tart\u0131\u015fma yaratan dev platform!\",\"datePublished\":\"2024-10-29T09:41:58+00:00\",\"mainEntityOfPage\":{\"@id\":\"https:\/\/denizcankizil.tr\/de\/haberler\/gundem\/antalyada-tartisma-yaratan-dev-platform\/\"},\"wordCount\":462,\"commentCount\":0,\"publisher\":{\"@id\":\"https:\/\/denizcankizil.tr\/de\/#organization\"},\"articleSection\":[\"G\u00fcndem\",\"Uncategorized\"],\"inLanguage\":\"de\",\"potentialAction\":[{\"@type\":\"CommentAction\",\"name\":\"Comment\",\"target\":[\"https:\/\/denizcankizil.tr\/de\/haberler\/gundem\/antalyada-tartisma-yaratan-dev-platform\/#respond\"]}]},{\"@type\":\"WebPage\",\"@id\":\"https:\/\/denizcankizil.tr\/de\/haberler\/gundem\/antalyada-tartisma-yaratan-dev-platform\/\",\"url\":\"https:\/\/denizcankizil.tr\/de\/haberler\/gundem\/antalyada-tartisma-yaratan-dev-platform\/\",\"name\":\"Antalya\u2019da tart\u0131\u015fma yaratan dev platform! - Av. Deniz Can K\u0131z\u0131l\",\"isPartOf\":{\"@id\":\"https:\/\/denizcankizil.tr\/de\/#website\"},\"datePublished\":\"2024-10-29T09:41:58+00:00\",\"breadcrumb\":{\"@id\":\"https:\/\/denizcankizil.tr\/de\/haberler\/gundem\/antalyada-tartisma-yaratan-dev-platform\/#breadcrumb\"},\"inLanguage\":\"de\",\"potentialAction\":[{\"@type\":\"ReadAction\",\"target\":[\"https:\/\/denizcankizil.tr\/de\/haberler\/gundem\/antalyada-tartisma-yaratan-dev-platform\/\"]}]},{\"@type\":\"BreadcrumbList\",\"@id\":\"https:\/\/denizcankizil.tr\/de\/haberler\/gundem\/antalyada-tartisma-yaratan-dev-platform\/#breadcrumb\",\"itemListElement\":[{\"@type\":\"ListItem\",\"position\":1,\"name\":\"Home\",\"item\":\"https:\/\/denizcankizil.tr\/de\/\"},{\"@type\":\"ListItem\",\"position\":2,\"name\":\"Antalya\u2019da tart\u0131\u015fma yaratan dev platform!\"}]},{\"@type\":\"WebSite\",\"@id\":\"https:\/\/denizcankizil.tr\/de\/#website\",\"url\":\"https:\/\/denizcankizil.tr\/de\/\",\"name\":\"Av. Deniz Can K\u0131z\u0131l\",\"description\":\"Avukat Deniz Can K\u0131z\u0131l Antalya Barosu\",\"publisher\":{\"@id\":\"https:\/\/denizcankizil.tr\/de\/#organization\"},\"potentialAction\":[{\"@type\":\"SearchAction\",\"target\":{\"@type\":\"EntryPoint\",\"urlTemplate\":\"https:\/\/denizcankizil.tr\/de\/?s={search_term_string}\"},\"query-input\":{\"@type\":\"PropertyValueSpecification\",\"valueRequired\":true,\"valueName\":\"search_term_string\"}}],\"inLanguage\":\"de\"},{\"@type\":\"Organization\",\"@id\":\"https:\/\/denizcankizil.tr\/de\/#organization\",\"name\":\"Av. Deniz Can K\u0131z\u0131l\",\"url\":\"https:\/\/denizcankizil.tr\/de\/\",\"logo\":{\"@type\":\"ImageObject\",\"inLanguage\":\"de\",\"@id\":\"https:\/\/denizcankizil.tr\/de\/#\/schema\/logo\/image\/\",\"url\":\"https:\/\/denizcankizil.tr\/wp-content\/uploads\/2024\/10\/siyah-logo-svg.svg\",\"contentUrl\":\"https:\/\/denizcankizil.tr\/wp-content\/uploads\/2024\/10\/siyah-logo-svg.svg\",\"width\":1080,\"height\":1080,\"caption\":\"Av. Deniz Can K\u0131z\u0131l\"},\"image\":{\"@id\":\"https:\/\/denizcankizil.tr\/de\/#\/schema\/logo\/image\/\"}}]}<\/script>\n<!-- \/ Yoast SEO Premium plugin. -->","yoast_head_json":{"title":"Antalya\u2019da tart\u0131\u015fma yaratan dev platform! - Av. Deniz Can K\u0131z\u0131l","robots":{"index":"index","follow":"follow","max-snippet":"max-snippet:-1","max-image-preview":"max-image-preview:large","max-video-preview":"max-video-preview:-1"},"canonical":"https:\/\/denizcankizil.tr\/de\/haberler\/gundem\/antalyada-tartisma-yaratan-dev-platform\/","og_locale":"de_DE","og_type":"article","og_title":"Antalya\u2019da tart\u0131\u015fma yaratan dev platform!","og_description":"Antalya\u2019da Cumhuriyetin 101. y\u0131ld\u00f6n\u00fcm\u00fc dolay\u0131s\u0131yla co\u015fkulu bir program d\u00fczenlenecek. Antalya Valili\u011fi, Garnizon Komutanl\u0131\u011f\u0131 ve B\u00fcy\u00fck\u015fehir Belediye Ba\u015fkanl\u0131\u011f\u0131\u2019n\u0131n birlikte d\u00fczenledi\u011fi etkinliklerle 29 Ekim Cumhuriyet Bayram\u0131 co\u015fkusunu t\u00fcm \u015fehirde ya\u015fat\u0131lacak. Program, ilk olarak cumhuriyet meydan\u0131nda \u00e7elenk sunma t\u00f6reni ile ba\u015flad\u0131 ve farkl\u0131 ya\u015f gruplar\u0131na hitap eden \u00e7e\u015fitli etkinliklerle devam ediyor. Bug\u00fcn ak\u015fam saatlerinde ise Antalya B\u00fcy\u00fck\u015fehir Belediyesi taraf\u0131ndan d\u00fczenlenen \u201cFener Alay\u0131 ve Cumhuriyetimizin 101. Y\u0131l\u0131 Konseri\u201d ile Cumhuriyet Bayram\u0131 co\u015fkusu doruk noktas\u0131na ula\u015facak. Saat 18.30\u2019da Varyantlar\u2019da ba\u015flayan y\u00fcr\u00fcy\u00fc\u015f, Cumhuriyet Meydan\u0131\u2019nda sona erecek. Hemen ard\u0131ndan ise Cumhuriyet Meydan\u0131&#8217;nda \u00fcnl\u00fc sanat\u00e7\u0131 Kenan Do\u011fulu sahne alacak. \u00a0 DEV PLATFORM Antalya B\u00fcy\u00fck\u015fehir Belediyesi\u2019nin Cumhuriyet Bayram\u0131 etkinlikleri kapsam\u0131nda bu ak\u015fam d\u00fczenleyece\u011fi Kenan Do\u011fulu konseri i\u00e7in kurulan dev platform, maliyeti nedeniyle tart\u0131\u015fmalara yol a\u00e7t\u0131. Cumhuriyet Meydan\u0131\u2019nda ger\u00e7ekle\u015ftirilecek konser i\u00e7in g\u00fcnler s\u00fcren haz\u0131rl\u0131klarla devasa bir sahne ve platformu kuruldu. Platformun maliyetine dair \u015fuana kadar bilgi verilmemesi ele\u015ftirilerin ana konusu oldu. \u0130Y\u0130 Parti \u0130l Ba\u015fkan\u0131 Ali Adnan Kaya, cumhuriyetin 101\u2019inci y\u0131l\u0131n\u0131 en co\u015fkulu bir \u015fekilde kutlamak istediklerini, konser \u00fccretinin kamuoyuna a\u00e7\u0131klanmas\u0131n\u0131 istedi. MECL\u0130S G\u00dcNDEM\u0130NE TA\u015eINACAK AK Parti Antalya B\u00fcy\u00fck\u015fehir Belediye Meclisi Grup S\u00f6zc\u00fcs\u00fc Bahattin Bayraktar, platformun maliyetinin a\u00e7\u0131klanmad\u0131\u011f\u0131n\u0131 belirterek belediyeye \u00e7a\u011fr\u0131da bulundu. Bayraktar, \u201cKonser i\u00e7in bu denli b\u00fcy\u00fck bir harcama yap\u0131lmas\u0131n\u0131n gerek\u00e7esini \u00f6\u011frenmek istiyoruz. \u0130\u015flerine geldi\u011finde tasarruf yapmaktan bahsediyorlar; ancak &hellip;","og_url":"https:\/\/denizcankizil.tr\/de\/haberler\/gundem\/antalyada-tartisma-yaratan-dev-platform\/","og_site_name":"Av. Deniz Can K\u0131z\u0131l","article_published_time":"2024-10-29T09:41:58+00:00","twitter_card":"summary_large_image","twitter_misc":{"Gesch\u00e4tzte Lesezeit":"2\u00a0Minuten"},"schema":{"@context":"https:\/\/schema.org","@graph":[{"@type":"Article","@id":"https:\/\/denizcankizil.tr\/de\/haberler\/gundem\/antalyada-tartisma-yaratan-dev-platform\/#article","isPartOf":{"@id":"https:\/\/denizcankizil.tr\/de\/haberler\/gundem\/antalyada-tartisma-yaratan-dev-platform\/"},"author":{"name":"","@id":""},"headline":"Antalya\u2019da tart\u0131\u015fma yaratan dev platform!","datePublished":"2024-10-29T09:41:58+00:00","mainEntityOfPage":{"@id":"https:\/\/denizcankizil.tr\/de\/haberler\/gundem\/antalyada-tartisma-yaratan-dev-platform\/"},"wordCount":462,"commentCount":0,"publisher":{"@id":"https:\/\/denizcankizil.tr\/de\/#organization"},"articleSection":["G\u00fcndem","Uncategorized"],"inLanguage":"de","potentialAction":[{"@type":"CommentAction","name":"Comment","target":["https:\/\/denizcankizil.tr\/de\/haberler\/gundem\/antalyada-tartisma-yaratan-dev-platform\/#respond"]}]},{"@type":"WebPage","@id":"https:\/\/denizcankizil.tr\/de\/haberler\/gundem\/antalyada-tartisma-yaratan-dev-platform\/","url":"https:\/\/denizcankizil.tr\/de\/haberler\/gundem\/antalyada-tartisma-yaratan-dev-platform\/","name":"Antalya\u2019da tart\u0131\u015fma yaratan dev platform! - Av. Deniz Can K\u0131z\u0131l","isPartOf":{"@id":"https:\/\/denizcankizil.tr\/de\/#website"},"datePublished":"2024-10-29T09:41:58+00:00","breadcrumb":{"@id":"https:\/\/denizcankizil.tr\/de\/haberler\/gundem\/antalyada-tartisma-yaratan-dev-platform\/#breadcrumb"},"inLanguage":"de","potentialAction":[{"@type":"ReadAction","target":["https:\/\/denizcankizil.tr\/de\/haberler\/gundem\/antalyada-tartisma-yaratan-dev-platform\/"]}]},{"@type":"BreadcrumbList","@id":"https:\/\/denizcankizil.tr\/de\/haberler\/gundem\/antalyada-tartisma-yaratan-dev-platform\/#breadcrumb","itemListElement":[{"@type":"ListItem","position":1,"name":"Home","item":"https:\/\/denizcankizil.tr\/de\/"},{"@type":"ListItem","position":2,"name":"Antalya\u2019da tart\u0131\u015fma yaratan dev platform!"}]},{"@type":"WebSite","@id":"https:\/\/denizcankizil.tr\/de\/#website","url":"https:\/\/denizcankizil.tr\/de\/","name":"Av. Deniz Can K\u0131z\u0131l","description":"Avukat Deniz Can K\u0131z\u0131l Antalya Barosu","publisher":{"@id":"https:\/\/denizcankizil.tr\/de\/#organization"},"potentialAction":[{"@type":"SearchAction","target":{"@type":"EntryPoint","urlTemplate":"https:\/\/denizcankizil.tr\/de\/?s={search_term_string}"},"query-input":{"@type":"PropertyValueSpecification","valueRequired":true,"valueName":"search_term_string"}}],"inLanguage":"de"},{"@type":"Organization","@id":"https:\/\/denizcankizil.tr\/de\/#organization","name":"Av. Deniz Can K\u0131z\u0131l","url":"https:\/\/denizcankizil.tr\/de\/","logo":{"@type":"ImageObject","inLanguage":"de","@id":"https:\/\/denizcankizil.tr\/de\/#\/schema\/logo\/image\/","url":"https:\/\/denizcankizil.tr\/wp-content\/uploads\/2024\/10\/siyah-logo-svg.svg","contentUrl":"https:\/\/denizcankizil.tr\/wp-content\/uploads\/2024\/10\/siyah-logo-svg.svg","width":1080,"height":1080,"caption":"Av. Deniz Can K\u0131z\u0131l"},"image":{"@id":"https:\/\/denizcankizil.tr\/de\/#\/schema\/logo\/image\/"}}]}},"_links":{"self":[{"href":"https:\/\/denizcankizil.tr\/de\/wp-json\/wp\/v2\/posts\/9845","targetHints":{"allow":["GET"]}}],"collection":[{"href":"https:\/\/denizcankizil.tr\/de\/wp-json\/wp\/v2\/posts"}],"about":[{"href":"https:\/\/denizcankizil.tr\/de\/wp-json\/wp\/v2\/types\/post"}],"replies":[{"embeddable":true,"href":"https:\/\/denizcankizil.tr\/de\/wp-json\/wp\/v2\/comments?post=9845"}],"version-history":[{"count":0,"href":"https:\/\/denizcankizil.tr\/de\/wp-json\/wp\/v2\/posts\/9845\/revisions"}],"wp:attachment":[{"href":"https:\/\/denizcankizil.tr\/de\/wp-json\/wp\/v2\/media?parent=9845"}],"wp:term":[{"taxonomy":"category","embeddable":true,"href":"https:\/\/denizcankizil.tr\/de\/wp-json\/wp\/v2\/categories?post=9845"},{"taxonomy":"post_tag","embeddable":true,"href":"https:\/\/denizcankizil.tr\/de\/wp-json\/wp\/v2\/tags?post=9845"}],"curies":[{"name":"wp","href":"https:\/\/api.w.org\/{rel}","templated":true}]}}