{"id":98366,"date":"2025-05-27T12:42:31","date_gmt":"2025-05-27T09:42:31","guid":{"rendered":"https:\/\/denizcankizil.tr\/uncategorized-tr\/izmirde-klasik-turk-muzigi-korosundan-yaza-merhaba-konseri\/"},"modified":"2025-05-27T12:42:31","modified_gmt":"2025-05-27T09:42:31","slug":"izmirde-klasik-turk-muzigi-korosundan-yaza-merhaba-konseri","status":"publish","type":"post","link":"https:\/\/denizcankizil.tr\/de\/haberler\/gundem\/izmirde-klasik-turk-muzigi-korosundan-yaza-merhaba-konseri\/","title":{"rendered":"\u0130zmir&#8217;de Klasik T\u00fcrk M\u00fczi\u011fi Korosu\u2019ndan \u201cYaza Merhaba\u201d konseri"},"content":{"rendered":"<p>\u0130zmir B\u00fcy\u00fck\u015fehir Belediyesi Klasik T\u00fcrk M\u00fczi\u011fi Korosu\u2019nun Ahmed Adnan Saygun Sanat Merkezi\u2019nde d\u00fczenledi\u011fi \u201cYaza Merhaba\u201d temal\u0131 konser b\u00fcy\u00fck ilgi g\u00f6rd\u00fc.\u0130ZM\u0130R (\u0130GFA) &#8211;  Konseri izleyen \u0130zmir B\u00fcy\u00fck\u015fehir Belediye Ba\u015fkan\u0131 Dr. Cemil Tugay, \u201c\u0130zmir\u2019e sanat\u0131n \u00e7ok yak\u0131\u015ft\u0131\u011f\u0131n\u0131 d\u00fc\u015f\u00fcn\u00fcyorum. Bu konuda \u00fczerime d\u00fc\u015fen g\u00f6revi yapmaya \u00e7al\u0131\u015f\u0131yorum. Koromuzun ba\u015far\u0131s\u0131n\u0131 y\u00fcrekten kutluyorum\u201d dedi.<br \/>\n\u0130zmir B\u00fcy\u00fck\u015fehir Belediyesi Klasik T\u00fcrk M\u00fczi\u011fi Korosu, \u201cYaza Merhaba\u201d temal\u0131 konser d\u00fczenledi. Ahmed Adnan Saygun Sanat Merkezi\u2019nde sanatseverlerin t\u00fcm salonu doldurdu\u011fu geceye \u0130zmir B\u00fcy\u00fck\u015fehir Belediye Ba\u015fkan\u0131 Dr. Cemil Tugay ile e\u015fi \u00d6znur Tugay, \u0130zmir B\u00fcy\u00fck\u015fehir Belediyesi b\u00fcrokratlar\u0131, meclis \u00fcyeleri ve sanat\u00e7\u0131lar da kat\u0131ld\u0131. \u015eef H\u00fcseyin Tolu y\u00f6netimindeki 90 ki\u015filik dev koro, T\u00fcrk m\u00fczi\u011finin se\u00e7kin eserlerini seslendirdi. Ba\u015fkan Tugay ile \u00d6znur Tugay, konser boyunca seyircilerle birlikte \u015fark\u0131lara alk\u0131\u015flarla e\u015flik etti. \u015eef Tolu, Kar\u015f\u0131yaka Belediye Ba\u015fkanl\u0131\u011f\u0131 d\u00f6neminde Dr. Cemil Tugay\u2019a nazar boncu\u011fu hediye etti\u011fini hat\u0131rlatarak, \u015fans getirmesi i\u00e7in sahnede yeniden kendisine nazar boncu\u011fu hediye etti. Ba\u015fkan Tugay ise \u015fef Tolu\u2019ya \u00e7i\u00e7ek takdim etti.<\/p>\n<p>TUGAY: KOROMUZU Y\u00dcREKTEN KUTLUYORUM<br \/>\nKonserin sonunda konu\u015fan \u0130zmir B\u00fcy\u00fck\u015fehir Belediye Ba\u015fkan\u0131 Dr. Cemil Tugay, \u201cKonseri ba\u015f\u0131ndan sonuna kadar inan\u0131lmaz bir duygu yo\u011funlu\u011fu ile dinledik. \u0130zmir\u2019in birbirinden de\u011ferli, \u00f6zel insanlar\u0131n\u0131, de\u011ferlerini, tarihsel miras\u0131n\u0131 ortaya \u00e7\u0131karmak i\u00e7in \u00e7al\u0131\u015f\u0131yoruz. \u0130zmir\u2019e sanat\u0131n \u00e7ok yak\u0131\u015ft\u0131\u011f\u0131n\u0131 d\u00fc\u015f\u00fcnen, buna y\u00fcrekten inanan kom\u015funuz, hem\u015fehriniz olarak \u00fczerime d\u00fc\u015fen g\u00f6revi yapmaya \u00e7al\u0131\u015f\u0131rken, orkestra \u015fefi H\u00fcseyin Tolu\u2019yu ve arkas\u0131ndaki muhte\u015fem koroyu tan\u0131man\u0131za bir nebze de olsa katk\u0131m olduysa bundan onur duyar\u0131m. Koromuzu y\u00fcrekten kutluyorum\u201d \u015feklinde konu\u015ftu.<\/p>\n<p>TOLU\u2019DAN BA\u015eKAN TUGAY\u2019A TE\u015eEKK\u00dcR<br \/>\n\u015eef H\u00fcseyin Tolu, \u201c\u0130yi ki geldiniz, iyi ki vars\u0131n\u0131z. Koroyu olu\u015ftururken 300 korist \u00fc\u00e7 g\u00fcn s\u00fcren s\u0131navdan ge\u00e7ti ve 90 ki\u015fi liyakatl\u0131 bir \u015fekilde se\u00e7ilerek 7 dersle \u015fimdi huzurunuza \u00e7\u0131kt\u0131. Bunu ba\u015farabilen T\u00fcrkiye\u2019deki belki tek kurumuzdur. Desteklerinden \u00f6t\u00fcr\u00fc Ba\u015fkan\u0131m\u0131z Dr. Cemil Tugay\u2019a \u00e7ok te\u015fekk\u00fcr ediyorum\u201d dedi.<\/p>\n<p>\u200b\u0130zmir B\u00fcy\u00fck\u015fehir Belediyesi Klasik T\u00fcrk M\u00fczi\u011fi Korosu\u2019nun Ahmed Adnan Saygun Sanat Merkezi\u2019nde d\u00fczenledi\u011fi \u201cYaza Merhaba\u201d temal\u0131 konser b\u00fcy\u00fck ilgi g\u00f6rd\u00fc.\u0130ZM\u0130R (\u0130GFA) &#8211;  Konseri izleyen \u0130zmir B\u00fcy\u00fck\u015fehir Belediye Ba\u015fkan\u0131 Dr. Cemil Tugay, \u201c\u0130zmir\u2019e sanat\u0131n \u00e7ok yak\u0131\u015ft\u0131\u011f\u0131n\u0131 d\u00fc\u015f\u00fcn\u00fcyorum. Bu konuda \u00fczerime d\u00fc\u015fen g\u00f6revi yapmaya \u00e7al\u0131\u015f\u0131yorum. Koromuzun ba\u015far\u0131s\u0131n\u0131 y\u00fcrekten kutluyorum\u201d dedi.<br \/>\n\u0130zmir B\u00fcy\u00fck\u015fehir Belediyesi Klasik T\u00fcrk M\u00fczi\u011fi Korosu, \u201cYaza Merhaba\u201d temal\u0131 konser d\u00fczenledi. Ahmed Adnan Saygun Sanat Merkezi\u2019nde sanatseverlerin t\u00fcm salonu doldurdu\u011fu geceye \u0130zmir B\u00fcy\u00fck\u015fehir Belediye Ba\u015fkan\u0131 Dr. Cemil Tugay ile e\u015fi \u00d6znur Tugay, \u0130zmir B\u00fcy\u00fck\u015fehir Belediyesi b\u00fcrokratlar\u0131, meclis \u00fcyeleri ve sanat\u00e7\u0131lar da kat\u0131ld\u0131. \u015eef H\u00fcseyin Tolu y\u00f6netimindeki 90 ki\u015filik dev koro, T\u00fcrk m\u00fczi\u011finin se\u00e7kin eserlerini seslendirdi. Ba\u015fkan Tugay ile \u00d6znur Tugay, konser boyunca seyircilerle birlikte \u015fark\u0131lara alk\u0131\u015flarla e\u015flik etti. \u015eef Tolu, Kar\u015f\u0131yaka Belediye Ba\u015fkanl\u0131\u011f\u0131 d\u00f6neminde Dr. Cemil Tugay\u2019a nazar boncu\u011fu hediye etti\u011fini hat\u0131rlatarak, \u015fans getirmesi i\u00e7in sahnede yeniden kendisine nazar boncu\u011fu hediye etti. Ba\u015fkan Tugay ise \u015fef Tolu\u2019ya \u00e7i\u00e7ek takdim etti.<\/p>\n<p>TUGAY: KOROMUZU Y\u00dcREKTEN KUTLUYORUM<br \/>\nKonserin sonunda konu\u015fan \u0130zmir B\u00fcy\u00fck\u015fehir Belediye Ba\u015fkan\u0131 Dr. Cemil Tugay, \u201cKonseri ba\u015f\u0131ndan sonuna kadar inan\u0131lmaz bir duygu yo\u011funlu\u011fu ile dinledik. \u0130zmir\u2019in birbirinden de\u011ferli, \u00f6zel insanlar\u0131n\u0131, de\u011ferlerini, tarihsel miras\u0131n\u0131 ortaya \u00e7\u0131karmak i\u00e7in \u00e7al\u0131\u015f\u0131yoruz. \u0130zmir\u2019e sanat\u0131n \u00e7ok yak\u0131\u015ft\u0131\u011f\u0131n\u0131 d\u00fc\u015f\u00fcnen, buna y\u00fcrekten inanan kom\u015funuz, hem\u015fehriniz olarak \u00fczerime d\u00fc\u015fen g\u00f6revi yapmaya \u00e7al\u0131\u015f\u0131rken, orkestra \u015fefi H\u00fcseyin Tolu\u2019yu ve arkas\u0131ndaki muhte\u015fem koroyu tan\u0131man\u0131za bir nebze de olsa katk\u0131m olduysa bundan onur duyar\u0131m. Koromuzu y\u00fcrekten kutluyorum\u201d \u015feklinde konu\u015ftu.<\/p>\n<p>TOLU\u2019DAN BA\u015eKAN TUGAY\u2019A TE\u015eEKK\u00dcR<br \/>\n\u015eef H\u00fcseyin Tolu, \u201c\u0130yi ki geldiniz, iyi ki vars\u0131n\u0131z. Koroyu olu\u015ftururken 300 korist \u00fc\u00e7 g\u00fcn s\u00fcren s\u0131navdan ge\u00e7ti ve 90 ki\u015fi liyakatl\u0131 bir \u015fekilde se\u00e7ilerek 7 dersle \u015fimdi huzurunuza \u00e7\u0131kt\u0131. Bunu ba\u015farabilen T\u00fcrkiye\u2019deki belki tek kurumuzdur. Desteklerinden \u00f6t\u00fcr\u00fc Ba\u015fkan\u0131m\u0131z Dr. Cemil Tugay\u2019a \u00e7ok te\u015fekk\u00fcr ediyorum\u201d dedi.\u00a0<\/p>\n<p>\u200bHaberin Al\u0131nt\u0131land\u0131\u011f\u0131 Kaynak: www.iskenderun.org<\/p>","protected":false},"excerpt":{"rendered":"<p>\u0130zmir B\u00fcy\u00fck\u015fehir Belediyesi Klasik T\u00fcrk M\u00fczi\u011fi Korosu\u2019nun Ahmed Adnan Saygun Sanat Merkezi\u2019nde d\u00fczenledi\u011fi \u201cYaza Merhaba\u201d temal\u0131 konser b\u00fcy\u00fck ilgi g\u00f6rd\u00fc.\u0130ZM\u0130R (\u0130GFA) &#8211; Konseri izleyen \u0130zmir B\u00fcy\u00fck\u015fehir Belediye Ba\u015fkan\u0131 Dr. Cemil Tugay, \u201c\u0130zmir\u2019e sanat\u0131n \u00e7ok yak\u0131\u015ft\u0131\u011f\u0131n\u0131 d\u00fc\u015f\u00fcn\u00fcyorum. Bu konuda \u00fczerime d\u00fc\u015fen g\u00f6revi yapmaya \u00e7al\u0131\u015f\u0131yorum. Koromuzun ba\u015far\u0131s\u0131n\u0131 y\u00fcrekten kutluyorum\u201d dedi. \u0130zmir B\u00fcy\u00fck\u015fehir Belediyesi Klasik T\u00fcrk M\u00fczi\u011fi Korosu, \u201cYaza Merhaba\u201d temal\u0131 konser d\u00fczenledi. Ahmed Adnan Saygun Sanat Merkezi\u2019nde sanatseverlerin t\u00fcm salonu doldurdu\u011fu geceye \u0130zmir B\u00fcy\u00fck\u015fehir Belediye Ba\u015fkan\u0131 Dr. Cemil Tugay ile e\u015fi \u00d6znur Tugay, \u0130zmir B\u00fcy\u00fck\u015fehir Belediyesi b\u00fcrokratlar\u0131, meclis \u00fcyeleri ve sanat\u00e7\u0131lar da kat\u0131ld\u0131. \u015eef H\u00fcseyin Tolu y\u00f6netimindeki 90 ki\u015filik dev koro, T\u00fcrk m\u00fczi\u011finin se\u00e7kin eserlerini seslendirdi. Ba\u015fkan Tugay ile \u00d6znur Tugay, konser boyunca seyircilerle birlikte \u015fark\u0131lara alk\u0131\u015flarla e\u015flik etti. \u015eef Tolu, Kar\u015f\u0131yaka Belediye Ba\u015fkanl\u0131\u011f\u0131 d\u00f6neminde Dr. Cemil Tugay\u2019a nazar boncu\u011fu hediye etti\u011fini hat\u0131rlatarak, \u015fans getirmesi i\u00e7in sahnede yeniden kendisine nazar boncu\u011fu hediye etti. Ba\u015fkan Tugay ise \u015fef Tolu\u2019ya \u00e7i\u00e7ek takdim etti. TUGAY: KOROMUZU Y\u00dcREKTEN KUTLUYORUM Konserin sonunda konu\u015fan \u0130zmir B\u00fcy\u00fck\u015fehir Belediye Ba\u015fkan\u0131 Dr. Cemil Tugay, \u201cKonseri ba\u015f\u0131ndan sonuna kadar inan\u0131lmaz bir duygu yo\u011funlu\u011fu ile dinledik. \u0130zmir\u2019in birbirinden de\u011ferli, \u00f6zel insanlar\u0131n\u0131, de\u011ferlerini, tarihsel miras\u0131n\u0131 ortaya \u00e7\u0131karmak i\u00e7in \u00e7al\u0131\u015f\u0131yoruz. \u0130zmir\u2019e sanat\u0131n \u00e7ok yak\u0131\u015ft\u0131\u011f\u0131n\u0131 d\u00fc\u015f\u00fcnen, buna y\u00fcrekten inanan kom\u015funuz, hem\u015fehriniz olarak \u00fczerime d\u00fc\u015fen g\u00f6revi yapmaya &hellip;<\/p>","protected":false},"author":1,"featured_media":0,"comment_status":"","ping_status":"open","sticky":false,"template":"","format":"standard","meta":{"_acf_changed":false,"footnotes":""},"categories":[24],"tags":[],"class_list":["post-98366","post","type-post","status-publish","format-standard","has-post-thumbnail","hentry","category-gundem"],"acf":[],"yoast_head":"<!-- This site is optimized with the Yoast SEO Premium plugin v26.6 (Yoast SEO v27.1.1) - https:\/\/yoast.com\/product\/yoast-seo-premium-wordpress\/ -->\n<title>\u0130zmir&#039;de Klasik T\u00fcrk M\u00fczi\u011fi Korosu\u2019ndan \u201cYaza Merhaba\u201d konseri - Av. Deniz Can K\u0131z\u0131l<\/title>\n<meta name=\"robots\" content=\"index, follow, max-snippet:-1, max-image-preview:large, max-video-preview:-1\" \/>\n<link rel=\"canonical\" href=\"https:\/\/denizcankizil.tr\/de\/haberler\/gundem\/izmirde-klasik-turk-muzigi-korosundan-yaza-merhaba-konseri\/\" \/>\n<meta property=\"og:locale\" content=\"de_DE\" \/>\n<meta property=\"og:type\" content=\"article\" \/>\n<meta property=\"og:title\" content=\"\u0130zmir&#039;de Klasik T\u00fcrk M\u00fczi\u011fi Korosu\u2019ndan \u201cYaza Merhaba\u201d konseri\" \/>\n<meta property=\"og:description\" content=\"\u0130zmir B\u00fcy\u00fck\u015fehir Belediyesi Klasik T\u00fcrk M\u00fczi\u011fi Korosu\u2019nun Ahmed Adnan Saygun Sanat Merkezi\u2019nde d\u00fczenledi\u011fi \u201cYaza Merhaba\u201d temal\u0131 konser b\u00fcy\u00fck ilgi g\u00f6rd\u00fc.\u0130ZM\u0130R (\u0130GFA) &#8211; Konseri izleyen \u0130zmir B\u00fcy\u00fck\u015fehir Belediye Ba\u015fkan\u0131 Dr. Cemil Tugay, \u201c\u0130zmir\u2019e sanat\u0131n \u00e7ok yak\u0131\u015ft\u0131\u011f\u0131n\u0131 d\u00fc\u015f\u00fcn\u00fcyorum. Bu konuda \u00fczerime d\u00fc\u015fen g\u00f6revi yapmaya \u00e7al\u0131\u015f\u0131yorum. Koromuzun ba\u015far\u0131s\u0131n\u0131 y\u00fcrekten kutluyorum\u201d dedi. \u0130zmir B\u00fcy\u00fck\u015fehir Belediyesi Klasik T\u00fcrk M\u00fczi\u011fi Korosu, \u201cYaza Merhaba\u201d temal\u0131 konser d\u00fczenledi. Ahmed Adnan Saygun Sanat Merkezi\u2019nde sanatseverlerin t\u00fcm salonu doldurdu\u011fu geceye \u0130zmir B\u00fcy\u00fck\u015fehir Belediye Ba\u015fkan\u0131 Dr. Cemil Tugay ile e\u015fi \u00d6znur Tugay, \u0130zmir B\u00fcy\u00fck\u015fehir Belediyesi b\u00fcrokratlar\u0131, meclis \u00fcyeleri ve sanat\u00e7\u0131lar da kat\u0131ld\u0131. \u015eef H\u00fcseyin Tolu y\u00f6netimindeki 90 ki\u015filik dev koro, T\u00fcrk m\u00fczi\u011finin se\u00e7kin eserlerini seslendirdi. Ba\u015fkan Tugay ile \u00d6znur Tugay, konser boyunca seyircilerle birlikte \u015fark\u0131lara alk\u0131\u015flarla e\u015flik etti. \u015eef Tolu, Kar\u015f\u0131yaka Belediye Ba\u015fkanl\u0131\u011f\u0131 d\u00f6neminde Dr. Cemil Tugay\u2019a nazar boncu\u011fu hediye etti\u011fini hat\u0131rlatarak, \u015fans getirmesi i\u00e7in sahnede yeniden kendisine nazar boncu\u011fu hediye etti. Ba\u015fkan Tugay ise \u015fef Tolu\u2019ya \u00e7i\u00e7ek takdim etti. TUGAY: KOROMUZU Y\u00dcREKTEN KUTLUYORUM Konserin sonunda konu\u015fan \u0130zmir B\u00fcy\u00fck\u015fehir Belediye Ba\u015fkan\u0131 Dr. Cemil Tugay, \u201cKonseri ba\u015f\u0131ndan sonuna kadar inan\u0131lmaz bir duygu yo\u011funlu\u011fu ile dinledik. \u0130zmir\u2019in birbirinden de\u011ferli, \u00f6zel insanlar\u0131n\u0131, de\u011ferlerini, tarihsel miras\u0131n\u0131 ortaya \u00e7\u0131karmak i\u00e7in \u00e7al\u0131\u015f\u0131yoruz. \u0130zmir\u2019e sanat\u0131n \u00e7ok yak\u0131\u015ft\u0131\u011f\u0131n\u0131 d\u00fc\u015f\u00fcnen, buna y\u00fcrekten inanan kom\u015funuz, hem\u015fehriniz olarak \u00fczerime d\u00fc\u015fen g\u00f6revi yapmaya &hellip;\" \/>\n<meta property=\"og:url\" content=\"https:\/\/denizcankizil.tr\/de\/haberler\/gundem\/izmirde-klasik-turk-muzigi-korosundan-yaza-merhaba-konseri\/\" \/>\n<meta property=\"og:site_name\" content=\"Av. Deniz Can K\u0131z\u0131l\" \/>\n<meta property=\"article:published_time\" content=\"2025-05-27T09:42:31+00:00\" \/>\n<meta name=\"author\" content=\"admin\" \/>\n<meta name=\"twitter:card\" content=\"summary_large_image\" \/>\n<meta name=\"twitter:label1\" content=\"Verfasst von\" \/>\n\t<meta name=\"twitter:data1\" content=\"admin\" \/>\n\t<meta name=\"twitter:label2\" content=\"Gesch\u00e4tzte Lesezeit\" \/>\n\t<meta name=\"twitter:data2\" content=\"4\u00a0Minuten\" \/>\n<script type=\"application\/ld+json\" class=\"yoast-schema-graph\">{\"@context\":\"https:\/\/schema.org\",\"@graph\":[{\"@type\":\"Article\",\"@id\":\"https:\/\/denizcankizil.tr\/de\/haberler\/gundem\/izmirde-klasik-turk-muzigi-korosundan-yaza-merhaba-konseri\/#article\",\"isPartOf\":{\"@id\":\"https:\/\/denizcankizil.tr\/de\/haberler\/gundem\/izmirde-klasik-turk-muzigi-korosundan-yaza-merhaba-konseri\/\"},\"author\":{\"name\":\"admin\",\"@id\":\"https:\/\/denizcankizil.tr\/#\/schema\/person\/be3c05fe6a12686905512445d8185489\"},\"headline\":\"\u0130zmir&#8217;de Klasik T\u00fcrk M\u00fczi\u011fi Korosu\u2019ndan \u201cYaza Merhaba\u201d konseri\",\"datePublished\":\"2025-05-27T09:42:31+00:00\",\"mainEntityOfPage\":{\"@id\":\"https:\/\/denizcankizil.tr\/de\/haberler\/gundem\/izmirde-klasik-turk-muzigi-korosundan-yaza-merhaba-konseri\/\"},\"wordCount\":837,\"publisher\":{\"@id\":\"https:\/\/denizcankizil.tr\/#organization\"},\"articleSection\":[\"G\u00fcndem\"],\"inLanguage\":\"de\"},{\"@type\":\"WebPage\",\"@id\":\"https:\/\/denizcankizil.tr\/de\/haberler\/gundem\/izmirde-klasik-turk-muzigi-korosundan-yaza-merhaba-konseri\/\",\"url\":\"https:\/\/denizcankizil.tr\/de\/haberler\/gundem\/izmirde-klasik-turk-muzigi-korosundan-yaza-merhaba-konseri\/\",\"name\":\"\u0130zmir'de Klasik T\u00fcrk M\u00fczi\u011fi Korosu\u2019ndan \u201cYaza Merhaba\u201d konseri - Av. Deniz Can K\u0131z\u0131l\",\"isPartOf\":{\"@id\":\"https:\/\/denizcankizil.tr\/#website\"},\"datePublished\":\"2025-05-27T09:42:31+00:00\",\"breadcrumb\":{\"@id\":\"https:\/\/denizcankizil.tr\/de\/haberler\/gundem\/izmirde-klasik-turk-muzigi-korosundan-yaza-merhaba-konseri\/#breadcrumb\"},\"inLanguage\":\"de\",\"potentialAction\":[{\"@type\":\"ReadAction\",\"target\":[\"https:\/\/denizcankizil.tr\/de\/haberler\/gundem\/izmirde-klasik-turk-muzigi-korosundan-yaza-merhaba-konseri\/\"]}]},{\"@type\":\"BreadcrumbList\",\"@id\":\"https:\/\/denizcankizil.tr\/de\/haberler\/gundem\/izmirde-klasik-turk-muzigi-korosundan-yaza-merhaba-konseri\/#breadcrumb\",\"itemListElement\":[{\"@type\":\"ListItem\",\"position\":1,\"name\":\"Home\",\"item\":\"https:\/\/denizcankizil.tr\/de\/\"},{\"@type\":\"ListItem\",\"position\":2,\"name\":\"\u0130zmir&#8217;de Klasik T\u00fcrk M\u00fczi\u011fi Korosu\u2019ndan \u201cYaza Merhaba\u201d konseri\"}]},{\"@type\":\"WebSite\",\"@id\":\"https:\/\/denizcankizil.tr\/#website\",\"url\":\"https:\/\/denizcankizil.tr\/\",\"name\":\"Av. Deniz Can K\u0131z\u0131l\",\"description\":\"Avukat Deniz Can K\u0131z\u0131l Antalya Barosu\",\"publisher\":{\"@id\":\"https:\/\/denizcankizil.tr\/#organization\"},\"potentialAction\":[{\"@type\":\"SearchAction\",\"target\":{\"@type\":\"EntryPoint\",\"urlTemplate\":\"https:\/\/denizcankizil.tr\/?s={search_term_string}\"},\"query-input\":{\"@type\":\"PropertyValueSpecification\",\"valueRequired\":true,\"valueName\":\"search_term_string\"}}],\"inLanguage\":\"de\"},{\"@type\":\"Organization\",\"@id\":\"https:\/\/denizcankizil.tr\/#organization\",\"name\":\"Av. Deniz Can K\u0131z\u0131l\",\"url\":\"https:\/\/denizcankizil.tr\/\",\"logo\":{\"@type\":\"ImageObject\",\"inLanguage\":\"de\",\"@id\":\"https:\/\/denizcankizil.tr\/#\/schema\/logo\/image\/\",\"url\":\"https:\/\/denizcankizil.tr\/wp-content\/uploads\/2024\/10\/siyah-logo-svg.svg\",\"contentUrl\":\"https:\/\/denizcankizil.tr\/wp-content\/uploads\/2024\/10\/siyah-logo-svg.svg\",\"width\":1080,\"height\":1080,\"caption\":\"Av. Deniz Can K\u0131z\u0131l\"},\"image\":{\"@id\":\"https:\/\/denizcankizil.tr\/#\/schema\/logo\/image\/\"}},{\"@type\":\"Person\",\"@id\":\"https:\/\/denizcankizil.tr\/#\/schema\/person\/be3c05fe6a12686905512445d8185489\",\"name\":\"admin\",\"image\":{\"@type\":\"ImageObject\",\"inLanguage\":\"de\",\"@id\":\"https:\/\/denizcankizil.tr\/#\/schema\/person\/image\/\",\"url\":\"https:\/\/secure.gravatar.com\/avatar\/c1fce94c830dc79107e174f890d7210541c4a63e8e5d816341794a2151c9d58c?s=96&d=mm&r=g\",\"contentUrl\":\"https:\/\/secure.gravatar.com\/avatar\/c1fce94c830dc79107e174f890d7210541c4a63e8e5d816341794a2151c9d58c?s=96&d=mm&r=g\",\"caption\":\"admin\"},\"sameAs\":[\"http:\/\/denizcankizil.tr\"],\"url\":\"https:\/\/www.iskenderun.org\/izmirde-klasik-turk-muzigi-korosundan-yaza-merhaba-konseri\"}]}<\/script>\n<!-- \/ Yoast SEO Premium plugin. -->","yoast_head_json":{"title":"\u0130zmir'de Klasik T\u00fcrk M\u00fczi\u011fi Korosu\u2019ndan \u201cYaza Merhaba\u201d konseri - Av. Deniz Can K\u0131z\u0131l","robots":{"index":"index","follow":"follow","max-snippet":"max-snippet:-1","max-image-preview":"max-image-preview:large","max-video-preview":"max-video-preview:-1"},"canonical":"https:\/\/denizcankizil.tr\/de\/haberler\/gundem\/izmirde-klasik-turk-muzigi-korosundan-yaza-merhaba-konseri\/","og_locale":"de_DE","og_type":"article","og_title":"\u0130zmir'de Klasik T\u00fcrk M\u00fczi\u011fi Korosu\u2019ndan \u201cYaza Merhaba\u201d konseri","og_description":"\u0130zmir B\u00fcy\u00fck\u015fehir Belediyesi Klasik T\u00fcrk M\u00fczi\u011fi Korosu\u2019nun Ahmed Adnan Saygun Sanat Merkezi\u2019nde d\u00fczenledi\u011fi \u201cYaza Merhaba\u201d temal\u0131 konser b\u00fcy\u00fck ilgi g\u00f6rd\u00fc.\u0130ZM\u0130R (\u0130GFA) &#8211; Konseri izleyen \u0130zmir B\u00fcy\u00fck\u015fehir Belediye Ba\u015fkan\u0131 Dr. Cemil Tugay, \u201c\u0130zmir\u2019e sanat\u0131n \u00e7ok yak\u0131\u015ft\u0131\u011f\u0131n\u0131 d\u00fc\u015f\u00fcn\u00fcyorum. Bu konuda \u00fczerime d\u00fc\u015fen g\u00f6revi yapmaya \u00e7al\u0131\u015f\u0131yorum. Koromuzun ba\u015far\u0131s\u0131n\u0131 y\u00fcrekten kutluyorum\u201d dedi. \u0130zmir B\u00fcy\u00fck\u015fehir Belediyesi Klasik T\u00fcrk M\u00fczi\u011fi Korosu, \u201cYaza Merhaba\u201d temal\u0131 konser d\u00fczenledi. Ahmed Adnan Saygun Sanat Merkezi\u2019nde sanatseverlerin t\u00fcm salonu doldurdu\u011fu geceye \u0130zmir B\u00fcy\u00fck\u015fehir Belediye Ba\u015fkan\u0131 Dr. Cemil Tugay ile e\u015fi \u00d6znur Tugay, \u0130zmir B\u00fcy\u00fck\u015fehir Belediyesi b\u00fcrokratlar\u0131, meclis \u00fcyeleri ve sanat\u00e7\u0131lar da kat\u0131ld\u0131. \u015eef H\u00fcseyin Tolu y\u00f6netimindeki 90 ki\u015filik dev koro, T\u00fcrk m\u00fczi\u011finin se\u00e7kin eserlerini seslendirdi. Ba\u015fkan Tugay ile \u00d6znur Tugay, konser boyunca seyircilerle birlikte \u015fark\u0131lara alk\u0131\u015flarla e\u015flik etti. \u015eef Tolu, Kar\u015f\u0131yaka Belediye Ba\u015fkanl\u0131\u011f\u0131 d\u00f6neminde Dr. Cemil Tugay\u2019a nazar boncu\u011fu hediye etti\u011fini hat\u0131rlatarak, \u015fans getirmesi i\u00e7in sahnede yeniden kendisine nazar boncu\u011fu hediye etti. Ba\u015fkan Tugay ise \u015fef Tolu\u2019ya \u00e7i\u00e7ek takdim etti. TUGAY: KOROMUZU Y\u00dcREKTEN KUTLUYORUM Konserin sonunda konu\u015fan \u0130zmir B\u00fcy\u00fck\u015fehir Belediye Ba\u015fkan\u0131 Dr. Cemil Tugay, \u201cKonseri ba\u015f\u0131ndan sonuna kadar inan\u0131lmaz bir duygu yo\u011funlu\u011fu ile dinledik. \u0130zmir\u2019in birbirinden de\u011ferli, \u00f6zel insanlar\u0131n\u0131, de\u011ferlerini, tarihsel miras\u0131n\u0131 ortaya \u00e7\u0131karmak i\u00e7in \u00e7al\u0131\u015f\u0131yoruz. \u0130zmir\u2019e sanat\u0131n \u00e7ok yak\u0131\u015ft\u0131\u011f\u0131n\u0131 d\u00fc\u015f\u00fcnen, buna y\u00fcrekten inanan kom\u015funuz, hem\u015fehriniz olarak \u00fczerime d\u00fc\u015fen g\u00f6revi yapmaya &hellip;","og_url":"https:\/\/denizcankizil.tr\/de\/haberler\/gundem\/izmirde-klasik-turk-muzigi-korosundan-yaza-merhaba-konseri\/","og_site_name":"Av. Deniz Can K\u0131z\u0131l","article_published_time":"2025-05-27T09:42:31+00:00","author":"admin","twitter_card":"summary_large_image","twitter_misc":{"Verfasst von":"admin","Gesch\u00e4tzte Lesezeit":"4\u00a0Minuten"},"schema":{"@context":"https:\/\/schema.org","@graph":[{"@type":"Article","@id":"https:\/\/denizcankizil.tr\/de\/haberler\/gundem\/izmirde-klasik-turk-muzigi-korosundan-yaza-merhaba-konseri\/#article","isPartOf":{"@id":"https:\/\/denizcankizil.tr\/de\/haberler\/gundem\/izmirde-klasik-turk-muzigi-korosundan-yaza-merhaba-konseri\/"},"author":{"name":"admin","@id":"https:\/\/denizcankizil.tr\/#\/schema\/person\/be3c05fe6a12686905512445d8185489"},"headline":"\u0130zmir&#8217;de Klasik T\u00fcrk M\u00fczi\u011fi Korosu\u2019ndan \u201cYaza Merhaba\u201d konseri","datePublished":"2025-05-27T09:42:31+00:00","mainEntityOfPage":{"@id":"https:\/\/denizcankizil.tr\/de\/haberler\/gundem\/izmirde-klasik-turk-muzigi-korosundan-yaza-merhaba-konseri\/"},"wordCount":837,"publisher":{"@id":"https:\/\/denizcankizil.tr\/#organization"},"articleSection":["G\u00fcndem"],"inLanguage":"de"},{"@type":"WebPage","@id":"https:\/\/denizcankizil.tr\/de\/haberler\/gundem\/izmirde-klasik-turk-muzigi-korosundan-yaza-merhaba-konseri\/","url":"https:\/\/denizcankizil.tr\/de\/haberler\/gundem\/izmirde-klasik-turk-muzigi-korosundan-yaza-merhaba-konseri\/","name":"\u0130zmir'de Klasik T\u00fcrk M\u00fczi\u011fi Korosu\u2019ndan \u201cYaza Merhaba\u201d konseri - Av. Deniz Can K\u0131z\u0131l","isPartOf":{"@id":"https:\/\/denizcankizil.tr\/#website"},"datePublished":"2025-05-27T09:42:31+00:00","breadcrumb":{"@id":"https:\/\/denizcankizil.tr\/de\/haberler\/gundem\/izmirde-klasik-turk-muzigi-korosundan-yaza-merhaba-konseri\/#breadcrumb"},"inLanguage":"de","potentialAction":[{"@type":"ReadAction","target":["https:\/\/denizcankizil.tr\/de\/haberler\/gundem\/izmirde-klasik-turk-muzigi-korosundan-yaza-merhaba-konseri\/"]}]},{"@type":"BreadcrumbList","@id":"https:\/\/denizcankizil.tr\/de\/haberler\/gundem\/izmirde-klasik-turk-muzigi-korosundan-yaza-merhaba-konseri\/#breadcrumb","itemListElement":[{"@type":"ListItem","position":1,"name":"Home","item":"https:\/\/denizcankizil.tr\/de\/"},{"@type":"ListItem","position":2,"name":"\u0130zmir&#8217;de Klasik T\u00fcrk M\u00fczi\u011fi Korosu\u2019ndan \u201cYaza Merhaba\u201d konseri"}]},{"@type":"WebSite","@id":"https:\/\/denizcankizil.tr\/#website","url":"https:\/\/denizcankizil.tr\/","name":"Av. Deniz Can K\u0131z\u0131l","description":"Avukat Deniz Can K\u0131z\u0131l Antalya Barosu","publisher":{"@id":"https:\/\/denizcankizil.tr\/#organization"},"potentialAction":[{"@type":"SearchAction","target":{"@type":"EntryPoint","urlTemplate":"https:\/\/denizcankizil.tr\/?s={search_term_string}"},"query-input":{"@type":"PropertyValueSpecification","valueRequired":true,"valueName":"search_term_string"}}],"inLanguage":"de"},{"@type":"Organization","@id":"https:\/\/denizcankizil.tr\/#organization","name":"Av. Deniz Can K\u0131z\u0131l","url":"https:\/\/denizcankizil.tr\/","logo":{"@type":"ImageObject","inLanguage":"de","@id":"https:\/\/denizcankizil.tr\/#\/schema\/logo\/image\/","url":"https:\/\/denizcankizil.tr\/wp-content\/uploads\/2024\/10\/siyah-logo-svg.svg","contentUrl":"https:\/\/denizcankizil.tr\/wp-content\/uploads\/2024\/10\/siyah-logo-svg.svg","width":1080,"height":1080,"caption":"Av. Deniz Can K\u0131z\u0131l"},"image":{"@id":"https:\/\/denizcankizil.tr\/#\/schema\/logo\/image\/"}},{"@type":"Person","@id":"https:\/\/denizcankizil.tr\/#\/schema\/person\/be3c05fe6a12686905512445d8185489","name":"Administrator","image":{"@type":"ImageObject","inLanguage":"de","@id":"https:\/\/denizcankizil.tr\/#\/schema\/person\/image\/","url":"https:\/\/secure.gravatar.com\/avatar\/c1fce94c830dc79107e174f890d7210541c4a63e8e5d816341794a2151c9d58c?s=96&d=mm&r=g","contentUrl":"https:\/\/secure.gravatar.com\/avatar\/c1fce94c830dc79107e174f890d7210541c4a63e8e5d816341794a2151c9d58c?s=96&d=mm&r=g","caption":"admin"},"sameAs":["http:\/\/denizcankizil.tr"],"url":"https:\/\/www.iskenderun.org\/izmirde-klasik-turk-muzigi-korosundan-yaza-merhaba-konseri"}]}},"_links":{"self":[{"href":"https:\/\/denizcankizil.tr\/de\/wp-json\/wp\/v2\/posts\/98366","targetHints":{"allow":["GET"]}}],"collection":[{"href":"https:\/\/denizcankizil.tr\/de\/wp-json\/wp\/v2\/posts"}],"about":[{"href":"https:\/\/denizcankizil.tr\/de\/wp-json\/wp\/v2\/types\/post"}],"author":[{"embeddable":true,"href":"https:\/\/denizcankizil.tr\/de\/wp-json\/wp\/v2\/users\/1"}],"replies":[{"embeddable":true,"href":"https:\/\/denizcankizil.tr\/de\/wp-json\/wp\/v2\/comments?post=98366"}],"version-history":[{"count":0,"href":"https:\/\/denizcankizil.tr\/de\/wp-json\/wp\/v2\/posts\/98366\/revisions"}],"wp:attachment":[{"href":"https:\/\/denizcankizil.tr\/de\/wp-json\/wp\/v2\/media?parent=98366"}],"wp:term":[{"taxonomy":"category","embeddable":true,"href":"https:\/\/denizcankizil.tr\/de\/wp-json\/wp\/v2\/categories?post=98366"},{"taxonomy":"post_tag","embeddable":true,"href":"https:\/\/denizcankizil.tr\/de\/wp-json\/wp\/v2\/tags?post=98366"}],"curies":[{"name":"wp","href":"https:\/\/api.w.org\/{rel}","templated":true}]}}