{"id":98318,"date":"2025-05-27T12:41:21","date_gmt":"2025-05-27T09:41:21","guid":{"rendered":"https:\/\/denizcankizil.tr\/uncategorized-tr\/3-kez-turkiye-sampiyonu-oldu\/"},"modified":"2025-05-27T12:41:21","modified_gmt":"2025-05-27T09:41:21","slug":"3-kez-turkiye-sampiyonu-oldu","status":"publish","type":"post","link":"https:\/\/denizcankizil.tr\/de\/haberler\/antalya\/3-kez-turkiye-sampiyonu-oldu\/","title":{"rendered":"3 kez T\u00fcrkiye \u015fampiyonu oldu"},"content":{"rendered":"<p>Alanya Nebahat \u015eifa Anadolu \u0130mam Hatip Lisesi 10. s\u0131n\u0131f \u00f6\u011frencisi olan Hakan Arda \u0130lg\u00fcn, elde etti\u011fi ulusal ve uluslararas\u0131 ba\u015far\u0131lar ile ad\u0131ndan s\u00f6z ettirmeye devam ediyor. Boksa 2022 y\u0131l\u0131nda ba\u015flamas\u0131na ra\u011fmen k\u0131sa s\u00fcrede bir\u00e7ok ba\u015far\u0131ya imza atan \u0130lg\u00fcn, bu ba\u015far\u0131y\u0131 s\u0131k\u0131 antrenman ile elde etti\u011fini s\u00f6yledi. S\u0131ras\u0131yla Kars&#8217;ta d\u00fczenlenen minikler m\u00fcsabakas\u0131nda birinci olurken, Fethiye ve Diyarbak\u0131r&#8217;da d\u00fczenlenen Y\u0131ld\u0131zlar 16 ya\u015f grubunda T\u00fcrkiye \u015fampiyonluklar\u0131 elde eden Arda&#8217;n\u0131n tek hedefi Olimpiyatlarda alt\u0131n madalya kazanarak T\u00fcrk bayra\u011f\u0131n\u0131 g\u00f6klere \u00e7ekmek oldu\u011funu belirtti. Ald\u0131\u011f\u0131 ba\u015far\u0131lar ile Londra&#8217;da d\u00fczenlenecek olan Uluslararas\u0131 boks m\u00fcsabakas\u0131na gitmeye hak kazanan Arda, derece ve madalya alarak \u00fclkesine d\u00f6nmek istiyor.<\/p>\n<p>Gen\u00e7 ya\u015fta olmas\u0131na ra\u011fmen ald\u0131\u011f\u0131 ba\u015far\u0131lar ile yediden yetmi\u015fe herkes taraf\u0131ndan takdir toplayan ve boksa ba\u015flama ser\u00fcvenini anlatan Arda \u0130lg\u00fcn, &#8220;3. S\u0131n\u0131fa giderken abim beni boks antrenman\u0131na g\u00f6t\u00fcrd\u00fc. O zaman \u00e7ok etkilenmi\u015ftim. Boksa merak\u0131m o \u015fekilde ba\u015flad\u0131. Ya\u015f\u0131m k\u00fc\u00e7\u00fck oldu\u011fu i\u00e7in abim beni antrenmanlara g\u00f6t\u00fcrm\u00fcyordu. Biraz b\u00fcy\u00fcd\u00fckten sonra ba\u015flars\u0131n dedi. 2022 y\u0131l\u0131nda boksa ba\u015flad\u0131m. \u0130lk birincili\u011fimi 2023 y\u0131l\u0131nda Kars&#8217;ta T\u00fcrkiye \u015fampiyonlu\u011fuyla ald\u0131m. Ard\u0131ndan Slovenya&#8217;da Avrupa \u015fampiyonlu\u011funa se\u00e7ildim. Orada \u00fclkemizi temsil ederek \u00e7eyrek final oynad\u0131m. 2024 y\u0131l\u0131nda Fethiye&#8217;ye gittim. Orda da T\u00fcrkiye \u015eampiyonu oldum. Ard\u0131ndan Bosna Hersek&#8217;te Avrupa \u015fampiyonas\u0131na se\u00e7ildim ve orda ise be\u015finci oldum. Diyarbak\u0131r&#8217;da d\u00fczenlenen Y\u0131ld\u0131z Erkekler T\u00fcrkiye Boks \u015eampiyonas\u0131nda T\u00fcrkiye \u015fampiyonu olarak Azerbaycan Haydar Aliyev Kupas\u0131nda \u00e7eyrek final oynayarak be\u015finci oldum. \u0130n\u015fallah \u00f6n\u00fcm\u00fczdeki ma\u00e7larda \u015fampiyon olaca\u011f\u0131z&#8221; dedi.<\/p>\n<p>Hedefi olimpiyat \u015fampiyonlu\u011fu<br \/>\nT\u00fcrkiye&#8217;de elde etti\u011fi ba\u015far\u0131lar\u0131yla Avrupa arenas\u0131nda m\u00fccadelede edecek gen\u00e7 boks\u00f6r, &#8220;T\u00fcrkiye&#8217;de kazand\u0131\u011f\u0131m \u015fampiyonluklardan dolay\u0131 \u0130ngiltere&#8217;de d\u00fczenlenecek olan Uluslararas\u0131 arenalarda \u00fclkemizi en iyi \u015fekilde temsil etmek istiyorum. Sonraki hedefim ise olimpiyatlarda \u015fampiyon olmakt\u0131r'&#8221; ifadelerini kulland\u0131.<\/p>\n<p>\u00d6\u011frencilere her alanda destek ve katk\u0131 sunmak i\u00e7in m\u00fccadele ettiklerinin alt\u0131n\u0131 \u00e7izen Nebahat \u015eifa Anadolu \u0130mam Hatip Lisesi M\u00fcd\u00fcr\u00fc Y\u0131lmaz K\u0131sa, &#8220;Akademik, sosyal, sportif ve sanatsal anlamda geli\u015fmeleri i\u00e7in b\u00fct\u00fcn imk\u00e2nlar\u0131m\u0131z\u0131 seferber ediyoruz. Bug\u00fcn Arda karde\u015fimizle birlikteyiz. Arda karde\u015fimiz T\u00fcrkiye \u015fampiyonas\u0131nda 3 kez derece alm\u0131\u015f ve T\u00fcrkiye birincisi olmu\u015f. 2 kez Avrupa&#8217;da \u00dclkemizi temsil etme imk\u00e2n\u0131 elde ederek T\u00fcrkiye&#8217;yi en iyi \u015fekilde oralarda temsil edip T\u00fcrk bayra\u011f\u0131n\u0131 oralarda dalgaland\u0131rm\u0131\u015ft\u0131r. Bu ba\u015far\u0131lardan dolay\u0131 \u00f6\u011frencimizi tebrik ediyoruz&#8221; dedi.<\/p>\n<p>Kaynak: www.kanalv.com.tr Haber Sitesinden Al\u0131nm\u0131\u015ft\u0131r.<\/p>","protected":false},"excerpt":{"rendered":"<p>Alanya Nebahat \u015eifa Anadolu \u0130mam Hatip Lisesi 10. s\u0131n\u0131f \u00f6\u011frencisi olan Hakan Arda \u0130lg\u00fcn, elde etti\u011fi ulusal ve uluslararas\u0131 ba\u015far\u0131lar ile ad\u0131ndan s\u00f6z ettirmeye devam ediyor. Boksa 2022 y\u0131l\u0131nda ba\u015flamas\u0131na ra\u011fmen k\u0131sa s\u00fcrede bir\u00e7ok ba\u015far\u0131ya imza atan \u0130lg\u00fcn, bu ba\u015far\u0131y\u0131 s\u0131k\u0131 antrenman ile elde etti\u011fini s\u00f6yledi. S\u0131ras\u0131yla Kars&#8217;ta d\u00fczenlenen minikler m\u00fcsabakas\u0131nda birinci olurken, Fethiye ve Diyarbak\u0131r&#8217;da d\u00fczenlenen Y\u0131ld\u0131zlar 16 ya\u015f grubunda T\u00fcrkiye \u015fampiyonluklar\u0131 elde eden Arda&#8217;n\u0131n tek hedefi Olimpiyatlarda alt\u0131n madalya kazanarak T\u00fcrk bayra\u011f\u0131n\u0131 g\u00f6klere \u00e7ekmek oldu\u011funu belirtti. Ald\u0131\u011f\u0131 ba\u015far\u0131lar ile Londra&#8217;da d\u00fczenlenecek olan Uluslararas\u0131 boks m\u00fcsabakas\u0131na gitmeye hak kazanan Arda, derece ve madalya alarak \u00fclkesine d\u00f6nmek istiyor. Gen\u00e7 ya\u015fta olmas\u0131na ra\u011fmen ald\u0131\u011f\u0131 ba\u015far\u0131lar ile yediden yetmi\u015fe herkes taraf\u0131ndan takdir toplayan ve boksa ba\u015flama ser\u00fcvenini anlatan Arda \u0130lg\u00fcn, &#8220;3. S\u0131n\u0131fa giderken abim beni boks antrenman\u0131na g\u00f6t\u00fcrd\u00fc. O zaman \u00e7ok etkilenmi\u015ftim. Boksa merak\u0131m o \u015fekilde ba\u015flad\u0131. Ya\u015f\u0131m k\u00fc\u00e7\u00fck oldu\u011fu i\u00e7in abim beni antrenmanlara g\u00f6t\u00fcrm\u00fcyordu. Biraz b\u00fcy\u00fcd\u00fckten sonra ba\u015flars\u0131n dedi. 2022 y\u0131l\u0131nda boksa ba\u015flad\u0131m. \u0130lk birincili\u011fimi 2023 y\u0131l\u0131nda Kars&#8217;ta T\u00fcrkiye \u015fampiyonlu\u011fuyla ald\u0131m. Ard\u0131ndan Slovenya&#8217;da Avrupa \u015fampiyonlu\u011funa se\u00e7ildim. Orada \u00fclkemizi temsil ederek \u00e7eyrek final oynad\u0131m. 2024 y\u0131l\u0131nda Fethiye&#8217;ye gittim. Orda da T\u00fcrkiye \u015eampiyonu oldum. Ard\u0131ndan Bosna Hersek&#8217;te Avrupa \u015fampiyonas\u0131na se\u00e7ildim ve orda ise be\u015finci oldum. Diyarbak\u0131r&#8217;da d\u00fczenlenen Y\u0131ld\u0131z Erkekler T\u00fcrkiye Boks \u015eampiyonas\u0131nda T\u00fcrkiye &hellip;<\/p>","protected":false},"author":4,"featured_media":0,"comment_status":"","ping_status":"open","sticky":false,"template":"","format":"standard","meta":{"_acf_changed":false,"footnotes":""},"categories":[26],"tags":[],"class_list":["post-98318","post","type-post","status-publish","format-standard","hentry","category-antalya"],"acf":[],"yoast_head":"<!-- This site is optimized with the Yoast SEO Premium plugin v26.6 (Yoast SEO v27.1.1) - https:\/\/yoast.com\/product\/yoast-seo-premium-wordpress\/ -->\n<title>3 kez T\u00fcrkiye \u015fampiyonu oldu - Av. Deniz Can K\u0131z\u0131l<\/title>\n<meta name=\"robots\" content=\"index, follow, max-snippet:-1, max-image-preview:large, max-video-preview:-1\" \/>\n<link rel=\"canonical\" href=\"https:\/\/denizcankizil.tr\/de\/haberler\/antalya\/3-kez-turkiye-sampiyonu-oldu\/\" \/>\n<meta property=\"og:locale\" content=\"de_DE\" \/>\n<meta property=\"og:type\" content=\"article\" \/>\n<meta property=\"og:title\" content=\"3 kez T\u00fcrkiye \u015fampiyonu oldu\" \/>\n<meta property=\"og:description\" content=\"Alanya Nebahat \u015eifa Anadolu \u0130mam Hatip Lisesi 10. s\u0131n\u0131f \u00f6\u011frencisi olan Hakan Arda \u0130lg\u00fcn, elde etti\u011fi ulusal ve uluslararas\u0131 ba\u015far\u0131lar ile ad\u0131ndan s\u00f6z ettirmeye devam ediyor. Boksa 2022 y\u0131l\u0131nda ba\u015flamas\u0131na ra\u011fmen k\u0131sa s\u00fcrede bir\u00e7ok ba\u015far\u0131ya imza atan \u0130lg\u00fcn, bu ba\u015far\u0131y\u0131 s\u0131k\u0131 antrenman ile elde etti\u011fini s\u00f6yledi. S\u0131ras\u0131yla Kars&#8217;ta d\u00fczenlenen minikler m\u00fcsabakas\u0131nda birinci olurken, Fethiye ve Diyarbak\u0131r&#8217;da d\u00fczenlenen Y\u0131ld\u0131zlar 16 ya\u015f grubunda T\u00fcrkiye \u015fampiyonluklar\u0131 elde eden Arda&#8217;n\u0131n tek hedefi Olimpiyatlarda alt\u0131n madalya kazanarak T\u00fcrk bayra\u011f\u0131n\u0131 g\u00f6klere \u00e7ekmek oldu\u011funu belirtti. Ald\u0131\u011f\u0131 ba\u015far\u0131lar ile Londra&#8217;da d\u00fczenlenecek olan Uluslararas\u0131 boks m\u00fcsabakas\u0131na gitmeye hak kazanan Arda, derece ve madalya alarak \u00fclkesine d\u00f6nmek istiyor. Gen\u00e7 ya\u015fta olmas\u0131na ra\u011fmen ald\u0131\u011f\u0131 ba\u015far\u0131lar ile yediden yetmi\u015fe herkes taraf\u0131ndan takdir toplayan ve boksa ba\u015flama ser\u00fcvenini anlatan Arda \u0130lg\u00fcn, &#8220;3. S\u0131n\u0131fa giderken abim beni boks antrenman\u0131na g\u00f6t\u00fcrd\u00fc. O zaman \u00e7ok etkilenmi\u015ftim. Boksa merak\u0131m o \u015fekilde ba\u015flad\u0131. Ya\u015f\u0131m k\u00fc\u00e7\u00fck oldu\u011fu i\u00e7in abim beni antrenmanlara g\u00f6t\u00fcrm\u00fcyordu. Biraz b\u00fcy\u00fcd\u00fckten sonra ba\u015flars\u0131n dedi. 2022 y\u0131l\u0131nda boksa ba\u015flad\u0131m. \u0130lk birincili\u011fimi 2023 y\u0131l\u0131nda Kars&#8217;ta T\u00fcrkiye \u015fampiyonlu\u011fuyla ald\u0131m. Ard\u0131ndan Slovenya&#8217;da Avrupa \u015fampiyonlu\u011funa se\u00e7ildim. Orada \u00fclkemizi temsil ederek \u00e7eyrek final oynad\u0131m. 2024 y\u0131l\u0131nda Fethiye&#8217;ye gittim. Orda da T\u00fcrkiye \u015eampiyonu oldum. Ard\u0131ndan Bosna Hersek&#8217;te Avrupa \u015fampiyonas\u0131na se\u00e7ildim ve orda ise be\u015finci oldum. Diyarbak\u0131r&#8217;da d\u00fczenlenen Y\u0131ld\u0131z Erkekler T\u00fcrkiye Boks \u015eampiyonas\u0131nda T\u00fcrkiye &hellip;\" \/>\n<meta property=\"og:url\" content=\"https:\/\/denizcankizil.tr\/de\/haberler\/antalya\/3-kez-turkiye-sampiyonu-oldu\/\" \/>\n<meta property=\"og:site_name\" content=\"Av. Deniz Can K\u0131z\u0131l\" \/>\n<meta property=\"article:published_time\" content=\"2025-05-27T09:41:21+00:00\" \/>\n<meta name=\"author\" content=\"Av. Deniz Can K\u0131z\u0131l\" \/>\n<meta name=\"twitter:card\" content=\"summary_large_image\" \/>\n<meta name=\"twitter:label1\" content=\"Verfasst von\" \/>\n\t<meta name=\"twitter:data1\" content=\"Av. Deniz Can K\u0131z\u0131l\" \/>\n\t<meta name=\"twitter:label2\" content=\"Gesch\u00e4tzte Lesezeit\" \/>\n\t<meta name=\"twitter:data2\" content=\"2\u00a0Minuten\" \/>\n<script type=\"application\/ld+json\" class=\"yoast-schema-graph\">{\"@context\":\"https:\/\/schema.org\",\"@graph\":[{\"@type\":\"Article\",\"@id\":\"https:\/\/denizcankizil.tr\/de\/haberler\/antalya\/3-kez-turkiye-sampiyonu-oldu\/#article\",\"isPartOf\":{\"@id\":\"https:\/\/denizcankizil.tr\/de\/haberler\/antalya\/3-kez-turkiye-sampiyonu-oldu\/\"},\"author\":{\"name\":\"Av. Deniz Can K\u0131z\u0131l\",\"@id\":\"https:\/\/denizcankizil.tr\/#\/schema\/person\/5dc1b22991bd7ac833867c10afc9b0ff\"},\"headline\":\"3 kez T\u00fcrkiye \u015fampiyonu oldu\",\"datePublished\":\"2025-05-27T09:41:21+00:00\",\"mainEntityOfPage\":{\"@id\":\"https:\/\/denizcankizil.tr\/de\/haberler\/antalya\/3-kez-turkiye-sampiyonu-oldu\/\"},\"wordCount\":504,\"publisher\":{\"@id\":\"https:\/\/denizcankizil.tr\/#organization\"},\"articleSection\":[\"Antalya\"],\"inLanguage\":\"de\"},{\"@type\":\"WebPage\",\"@id\":\"https:\/\/denizcankizil.tr\/de\/haberler\/antalya\/3-kez-turkiye-sampiyonu-oldu\/\",\"url\":\"https:\/\/denizcankizil.tr\/de\/haberler\/antalya\/3-kez-turkiye-sampiyonu-oldu\/\",\"name\":\"3 kez T\u00fcrkiye \u015fampiyonu oldu - Av. Deniz Can K\u0131z\u0131l\",\"isPartOf\":{\"@id\":\"https:\/\/denizcankizil.tr\/#website\"},\"datePublished\":\"2025-05-27T09:41:21+00:00\",\"breadcrumb\":{\"@id\":\"https:\/\/denizcankizil.tr\/de\/haberler\/antalya\/3-kez-turkiye-sampiyonu-oldu\/#breadcrumb\"},\"inLanguage\":\"de\",\"potentialAction\":[{\"@type\":\"ReadAction\",\"target\":[\"https:\/\/denizcankizil.tr\/de\/haberler\/antalya\/3-kez-turkiye-sampiyonu-oldu\/\"]}]},{\"@type\":\"BreadcrumbList\",\"@id\":\"https:\/\/denizcankizil.tr\/de\/haberler\/antalya\/3-kez-turkiye-sampiyonu-oldu\/#breadcrumb\",\"itemListElement\":[{\"@type\":\"ListItem\",\"position\":1,\"name\":\"Home\",\"item\":\"https:\/\/denizcankizil.tr\/de\/\"},{\"@type\":\"ListItem\",\"position\":2,\"name\":\"3 kez T\u00fcrkiye \u015fampiyonu oldu\"}]},{\"@type\":\"WebSite\",\"@id\":\"https:\/\/denizcankizil.tr\/#website\",\"url\":\"https:\/\/denizcankizil.tr\/\",\"name\":\"Av. Deniz Can K\u0131z\u0131l\",\"description\":\"Avukat Deniz Can K\u0131z\u0131l Antalya Barosu\",\"publisher\":{\"@id\":\"https:\/\/denizcankizil.tr\/#organization\"},\"potentialAction\":[{\"@type\":\"SearchAction\",\"target\":{\"@type\":\"EntryPoint\",\"urlTemplate\":\"https:\/\/denizcankizil.tr\/?s={search_term_string}\"},\"query-input\":{\"@type\":\"PropertyValueSpecification\",\"valueRequired\":true,\"valueName\":\"search_term_string\"}}],\"inLanguage\":\"de\"},{\"@type\":\"Organization\",\"@id\":\"https:\/\/denizcankizil.tr\/#organization\",\"name\":\"Av. Deniz Can K\u0131z\u0131l\",\"url\":\"https:\/\/denizcankizil.tr\/\",\"logo\":{\"@type\":\"ImageObject\",\"inLanguage\":\"de\",\"@id\":\"https:\/\/denizcankizil.tr\/#\/schema\/logo\/image\/\",\"url\":\"https:\/\/denizcankizil.tr\/wp-content\/uploads\/2024\/10\/siyah-logo-svg.svg\",\"contentUrl\":\"https:\/\/denizcankizil.tr\/wp-content\/uploads\/2024\/10\/siyah-logo-svg.svg\",\"width\":1080,\"height\":1080,\"caption\":\"Av. Deniz Can K\u0131z\u0131l\"},\"image\":{\"@id\":\"https:\/\/denizcankizil.tr\/#\/schema\/logo\/image\/\"}},{\"@type\":\"Person\",\"@id\":\"https:\/\/denizcankizil.tr\/#\/schema\/person\/5dc1b22991bd7ac833867c10afc9b0ff\",\"name\":\"Av. Deniz Can K\u0131z\u0131l\",\"image\":{\"@type\":\"ImageObject\",\"inLanguage\":\"de\",\"@id\":\"https:\/\/denizcankizil.tr\/#\/schema\/person\/image\/\",\"url\":\"https:\/\/secure.gravatar.com\/avatar\/a0b128fb9855c79efc976d5640eedb31dc35ec297594d6016d2cf7c60e975bb6?s=96&d=mm&r=g\",\"contentUrl\":\"https:\/\/secure.gravatar.com\/avatar\/a0b128fb9855c79efc976d5640eedb31dc35ec297594d6016d2cf7c60e975bb6?s=96&d=mm&r=g\",\"caption\":\"Av. Deniz Can K\u0131z\u0131l\"},\"sameAs\":[\"http:\/\/www.denizcankizil.tr\"],\"url\":\"https:\/\/denizcankizil.tr\/de\/author\/denizcankizil\/\"}]}<\/script>\n<!-- \/ Yoast SEO Premium plugin. -->","yoast_head_json":{"title":"3 kez T\u00fcrkiye \u015fampiyonu oldu - Av. Deniz Can K\u0131z\u0131l","robots":{"index":"index","follow":"follow","max-snippet":"max-snippet:-1","max-image-preview":"max-image-preview:large","max-video-preview":"max-video-preview:-1"},"canonical":"https:\/\/denizcankizil.tr\/de\/haberler\/antalya\/3-kez-turkiye-sampiyonu-oldu\/","og_locale":"de_DE","og_type":"article","og_title":"3 kez T\u00fcrkiye \u015fampiyonu oldu","og_description":"Alanya Nebahat \u015eifa Anadolu \u0130mam Hatip Lisesi 10. s\u0131n\u0131f \u00f6\u011frencisi olan Hakan Arda \u0130lg\u00fcn, elde etti\u011fi ulusal ve uluslararas\u0131 ba\u015far\u0131lar ile ad\u0131ndan s\u00f6z ettirmeye devam ediyor. Boksa 2022 y\u0131l\u0131nda ba\u015flamas\u0131na ra\u011fmen k\u0131sa s\u00fcrede bir\u00e7ok ba\u015far\u0131ya imza atan \u0130lg\u00fcn, bu ba\u015far\u0131y\u0131 s\u0131k\u0131 antrenman ile elde etti\u011fini s\u00f6yledi. S\u0131ras\u0131yla Kars&#8217;ta d\u00fczenlenen minikler m\u00fcsabakas\u0131nda birinci olurken, Fethiye ve Diyarbak\u0131r&#8217;da d\u00fczenlenen Y\u0131ld\u0131zlar 16 ya\u015f grubunda T\u00fcrkiye \u015fampiyonluklar\u0131 elde eden Arda&#8217;n\u0131n tek hedefi Olimpiyatlarda alt\u0131n madalya kazanarak T\u00fcrk bayra\u011f\u0131n\u0131 g\u00f6klere \u00e7ekmek oldu\u011funu belirtti. Ald\u0131\u011f\u0131 ba\u015far\u0131lar ile Londra&#8217;da d\u00fczenlenecek olan Uluslararas\u0131 boks m\u00fcsabakas\u0131na gitmeye hak kazanan Arda, derece ve madalya alarak \u00fclkesine d\u00f6nmek istiyor. Gen\u00e7 ya\u015fta olmas\u0131na ra\u011fmen ald\u0131\u011f\u0131 ba\u015far\u0131lar ile yediden yetmi\u015fe herkes taraf\u0131ndan takdir toplayan ve boksa ba\u015flama ser\u00fcvenini anlatan Arda \u0130lg\u00fcn, &#8220;3. S\u0131n\u0131fa giderken abim beni boks antrenman\u0131na g\u00f6t\u00fcrd\u00fc. O zaman \u00e7ok etkilenmi\u015ftim. Boksa merak\u0131m o \u015fekilde ba\u015flad\u0131. Ya\u015f\u0131m k\u00fc\u00e7\u00fck oldu\u011fu i\u00e7in abim beni antrenmanlara g\u00f6t\u00fcrm\u00fcyordu. Biraz b\u00fcy\u00fcd\u00fckten sonra ba\u015flars\u0131n dedi. 2022 y\u0131l\u0131nda boksa ba\u015flad\u0131m. \u0130lk birincili\u011fimi 2023 y\u0131l\u0131nda Kars&#8217;ta T\u00fcrkiye \u015fampiyonlu\u011fuyla ald\u0131m. Ard\u0131ndan Slovenya&#8217;da Avrupa \u015fampiyonlu\u011funa se\u00e7ildim. Orada \u00fclkemizi temsil ederek \u00e7eyrek final oynad\u0131m. 2024 y\u0131l\u0131nda Fethiye&#8217;ye gittim. Orda da T\u00fcrkiye \u015eampiyonu oldum. Ard\u0131ndan Bosna Hersek&#8217;te Avrupa \u015fampiyonas\u0131na se\u00e7ildim ve orda ise be\u015finci oldum. Diyarbak\u0131r&#8217;da d\u00fczenlenen Y\u0131ld\u0131z Erkekler T\u00fcrkiye Boks \u015eampiyonas\u0131nda T\u00fcrkiye &hellip;","og_url":"https:\/\/denizcankizil.tr\/de\/haberler\/antalya\/3-kez-turkiye-sampiyonu-oldu\/","og_site_name":"Av. Deniz Can K\u0131z\u0131l","article_published_time":"2025-05-27T09:41:21+00:00","author":"Av. Deniz Can K\u0131z\u0131l","twitter_card":"summary_large_image","twitter_misc":{"Verfasst von":"Av. Deniz Can K\u0131z\u0131l","Gesch\u00e4tzte Lesezeit":"2\u00a0Minuten"},"schema":{"@context":"https:\/\/schema.org","@graph":[{"@type":"Article","@id":"https:\/\/denizcankizil.tr\/de\/haberler\/antalya\/3-kez-turkiye-sampiyonu-oldu\/#article","isPartOf":{"@id":"https:\/\/denizcankizil.tr\/de\/haberler\/antalya\/3-kez-turkiye-sampiyonu-oldu\/"},"author":{"name":"Av. Deniz Can K\u0131z\u0131l","@id":"https:\/\/denizcankizil.tr\/#\/schema\/person\/5dc1b22991bd7ac833867c10afc9b0ff"},"headline":"3 kez T\u00fcrkiye \u015fampiyonu oldu","datePublished":"2025-05-27T09:41:21+00:00","mainEntityOfPage":{"@id":"https:\/\/denizcankizil.tr\/de\/haberler\/antalya\/3-kez-turkiye-sampiyonu-oldu\/"},"wordCount":504,"publisher":{"@id":"https:\/\/denizcankizil.tr\/#organization"},"articleSection":["Antalya"],"inLanguage":"de"},{"@type":"WebPage","@id":"https:\/\/denizcankizil.tr\/de\/haberler\/antalya\/3-kez-turkiye-sampiyonu-oldu\/","url":"https:\/\/denizcankizil.tr\/de\/haberler\/antalya\/3-kez-turkiye-sampiyonu-oldu\/","name":"3 kez T\u00fcrkiye \u015fampiyonu oldu - Av. Deniz Can K\u0131z\u0131l","isPartOf":{"@id":"https:\/\/denizcankizil.tr\/#website"},"datePublished":"2025-05-27T09:41:21+00:00","breadcrumb":{"@id":"https:\/\/denizcankizil.tr\/de\/haberler\/antalya\/3-kez-turkiye-sampiyonu-oldu\/#breadcrumb"},"inLanguage":"de","potentialAction":[{"@type":"ReadAction","target":["https:\/\/denizcankizil.tr\/de\/haberler\/antalya\/3-kez-turkiye-sampiyonu-oldu\/"]}]},{"@type":"BreadcrumbList","@id":"https:\/\/denizcankizil.tr\/de\/haberler\/antalya\/3-kez-turkiye-sampiyonu-oldu\/#breadcrumb","itemListElement":[{"@type":"ListItem","position":1,"name":"Home","item":"https:\/\/denizcankizil.tr\/de\/"},{"@type":"ListItem","position":2,"name":"3 kez T\u00fcrkiye \u015fampiyonu oldu"}]},{"@type":"WebSite","@id":"https:\/\/denizcankizil.tr\/#website","url":"https:\/\/denizcankizil.tr\/","name":"Av. Deniz Can K\u0131z\u0131l","description":"Avukat Deniz Can K\u0131z\u0131l Antalya Barosu","publisher":{"@id":"https:\/\/denizcankizil.tr\/#organization"},"potentialAction":[{"@type":"SearchAction","target":{"@type":"EntryPoint","urlTemplate":"https:\/\/denizcankizil.tr\/?s={search_term_string}"},"query-input":{"@type":"PropertyValueSpecification","valueRequired":true,"valueName":"search_term_string"}}],"inLanguage":"de"},{"@type":"Organization","@id":"https:\/\/denizcankizil.tr\/#organization","name":"Av. Deniz Can K\u0131z\u0131l","url":"https:\/\/denizcankizil.tr\/","logo":{"@type":"ImageObject","inLanguage":"de","@id":"https:\/\/denizcankizil.tr\/#\/schema\/logo\/image\/","url":"https:\/\/denizcankizil.tr\/wp-content\/uploads\/2024\/10\/siyah-logo-svg.svg","contentUrl":"https:\/\/denizcankizil.tr\/wp-content\/uploads\/2024\/10\/siyah-logo-svg.svg","width":1080,"height":1080,"caption":"Av. Deniz Can K\u0131z\u0131l"},"image":{"@id":"https:\/\/denizcankizil.tr\/#\/schema\/logo\/image\/"}},{"@type":"Person","@id":"https:\/\/denizcankizil.tr\/#\/schema\/person\/5dc1b22991bd7ac833867c10afc9b0ff","name":"Av. Deniz Can K\u0131z\u0131l","image":{"@type":"ImageObject","inLanguage":"de","@id":"https:\/\/denizcankizil.tr\/#\/schema\/person\/image\/","url":"https:\/\/secure.gravatar.com\/avatar\/a0b128fb9855c79efc976d5640eedb31dc35ec297594d6016d2cf7c60e975bb6?s=96&d=mm&r=g","contentUrl":"https:\/\/secure.gravatar.com\/avatar\/a0b128fb9855c79efc976d5640eedb31dc35ec297594d6016d2cf7c60e975bb6?s=96&d=mm&r=g","caption":"Av. Deniz Can K\u0131z\u0131l"},"sameAs":["http:\/\/www.denizcankizil.tr"],"url":"https:\/\/denizcankizil.tr\/de\/author\/denizcankizil\/"}]}},"_links":{"self":[{"href":"https:\/\/denizcankizil.tr\/de\/wp-json\/wp\/v2\/posts\/98318","targetHints":{"allow":["GET"]}}],"collection":[{"href":"https:\/\/denizcankizil.tr\/de\/wp-json\/wp\/v2\/posts"}],"about":[{"href":"https:\/\/denizcankizil.tr\/de\/wp-json\/wp\/v2\/types\/post"}],"author":[{"embeddable":true,"href":"https:\/\/denizcankizil.tr\/de\/wp-json\/wp\/v2\/users\/4"}],"replies":[{"embeddable":true,"href":"https:\/\/denizcankizil.tr\/de\/wp-json\/wp\/v2\/comments?post=98318"}],"version-history":[{"count":0,"href":"https:\/\/denizcankizil.tr\/de\/wp-json\/wp\/v2\/posts\/98318\/revisions"}],"wp:attachment":[{"href":"https:\/\/denizcankizil.tr\/de\/wp-json\/wp\/v2\/media?parent=98318"}],"wp:term":[{"taxonomy":"category","embeddable":true,"href":"https:\/\/denizcankizil.tr\/de\/wp-json\/wp\/v2\/categories?post=98318"},{"taxonomy":"post_tag","embeddable":true,"href":"https:\/\/denizcankizil.tr\/de\/wp-json\/wp\/v2\/tags?post=98318"}],"curies":[{"name":"wp","href":"https:\/\/api.w.org\/{rel}","templated":true}]}}