{"id":97375,"date":"2025-05-26T15:41:31","date_gmt":"2025-05-26T12:41:31","guid":{"rendered":"https:\/\/denizcankizil.tr\/uncategorized-tr\/usta-sanatci-ilhan-sesen-kansere-yenik-dustu\/"},"modified":"2025-05-26T15:41:31","modified_gmt":"2025-05-26T12:41:31","slug":"usta-sanatci-ilhan-sesen-kansere-yenik-dustu","status":"publish","type":"post","link":"https:\/\/denizcankizil.tr\/de\/haberler\/gundem\/usta-sanatci-ilhan-sesen-kansere-yenik-dustu\/","title":{"rendered":"Usta sanat\u00e7\u0131 \u0130lhan \u015ee\u015fen kansere yenik d\u00fc\u015ft\u00fc"},"content":{"rendered":"<p>Uzun s\u00fcredir kanser tedavisi g\u00f6ren usta sanat\u00e7\u0131 \u0130lhan \u015ee\u015fen&#8217;den ac\u0131 haber geldi. &#8220;Sar\u0131l\u0131nca Sana&#8221; ve &#8220;Ellerimde \u00c7i\u00e7ekler&#8221; gibi ak\u0131llarda yer edinen \u015fark\u0131larla T\u00fcrk pop m\u00fczi\u011fine damga vuran usta sanat\u00e7\u0131 76 ya\u015f\u0131ndaki hayat\u0131n\u0131 kaybetti. K\u00f6t\u00fc haberi \u00fcnl\u00fc sanat\u00e7\u0131n\u0131n ailesi sosyal medya hesab\u0131ndan payla\u015ft\u0131.<\/p>\n<p>T\u00dcM SEVENLER\u0130N\u0130N BA\u015eI SA\u011e OLSUN<\/p>\n<p>Sosyal medya \u00fczerinden yap\u0131lan payla\u015f\u0131mda, &#8220;Sevgili e\u015fim \/ can\u0131m babam\u0131z \/ biricik dedem \u0130lhan \u015ee\u015fen\u2019i kaybetmenin derin \u00fcz\u00fcnt\u00fcs\u00fcn\u00fc ya\u015f\u0131yoruz. T\u00fcm sevenlerinin ba\u015f\u0131 sa\u011f olsun. E\u015fi Arzu, o\u011flu Fuat, k\u0131z\u0131 Melis ve torunu Nefes&#8221; ifadelerine yer verildi.<\/p>\n<p>\u200bUzun s\u00fcredir kanser tedavisi g\u00f6ren ve &#8220;Sar\u0131l\u0131nca Sana&#8221; ile &#8220;Ellerimde \u00c7i\u00e7ekler&#8221; gibi \u015fark\u0131larla m\u00fczikseverlerin g\u00f6nl\u00fcnde taht kuran usta sanat\u00e7\u0131 \u0130lhan \u015ee\u015fen, hayat\u0131n\u0131 kaybetti.\u00a0<\/p>\n<p>\u200bHaberin Al\u0131nt\u0131land\u0131\u011f\u0131 Kaynak: www.antalyakorfez.com<\/p>","protected":false},"excerpt":{"rendered":"<p>Uzun s\u00fcredir kanser tedavisi g\u00f6ren usta sanat\u00e7\u0131 \u0130lhan \u015ee\u015fen&#8217;den ac\u0131 haber geldi. &#8220;Sar\u0131l\u0131nca Sana&#8221; ve &#8220;Ellerimde \u00c7i\u00e7ekler&#8221; gibi ak\u0131llarda yer edinen \u015fark\u0131larla T\u00fcrk pop m\u00fczi\u011fine damga vuran usta sanat\u00e7\u0131 76 ya\u015f\u0131ndaki hayat\u0131n\u0131 kaybetti. K\u00f6t\u00fc haberi \u00fcnl\u00fc sanat\u00e7\u0131n\u0131n ailesi sosyal medya hesab\u0131ndan payla\u015ft\u0131. T\u00dcM SEVENLER\u0130N\u0130N BA\u015eI SA\u011e OLSUN Sosyal medya \u00fczerinden yap\u0131lan payla\u015f\u0131mda, &#8220;Sevgili e\u015fim \/ can\u0131m babam\u0131z \/ biricik dedem \u0130lhan \u015ee\u015fen\u2019i kaybetmenin derin \u00fcz\u00fcnt\u00fcs\u00fcn\u00fc ya\u015f\u0131yoruz. T\u00fcm sevenlerinin ba\u015f\u0131 sa\u011f olsun. E\u015fi Arzu, o\u011flu Fuat, k\u0131z\u0131 Melis ve torunu Nefes&#8221; ifadelerine yer verildi. \u200bUzun s\u00fcredir kanser tedavisi g\u00f6ren ve &#8220;Sar\u0131l\u0131nca Sana&#8221; ile &#8220;Ellerimde \u00c7i\u00e7ekler&#8221; gibi \u015fark\u0131larla m\u00fczikseverlerin g\u00f6nl\u00fcnde taht kuran usta sanat\u00e7\u0131 \u0130lhan \u015ee\u015fen, hayat\u0131n\u0131 kaybetti.\u00a0 \u200bHaberin Al\u0131nt\u0131land\u0131\u011f\u0131 Kaynak: www.antalyakorfez.com<\/p>","protected":false},"author":5,"featured_media":0,"comment_status":"","ping_status":"open","sticky":false,"template":"","format":"standard","meta":{"_acf_changed":false,"footnotes":""},"categories":[24],"tags":[],"class_list":["post-97375","post","type-post","status-publish","format-standard","has-post-thumbnail","hentry","category-gundem"],"acf":[],"yoast_head":"<!-- This site is optimized with the Yoast SEO Premium plugin v26.6 (Yoast SEO v27.1.1) - https:\/\/yoast.com\/product\/yoast-seo-premium-wordpress\/ -->\n<title>Usta sanat\u00e7\u0131 \u0130lhan \u015ee\u015fen kansere yenik d\u00fc\u015ft\u00fc - Av. Deniz Can K\u0131z\u0131l<\/title>\n<meta name=\"robots\" content=\"index, follow, max-snippet:-1, max-image-preview:large, max-video-preview:-1\" \/>\n<link rel=\"canonical\" href=\"https:\/\/denizcankizil.tr\/de\/haberler\/gundem\/usta-sanatci-ilhan-sesen-kansere-yenik-dustu\/\" \/>\n<meta property=\"og:locale\" content=\"de_DE\" \/>\n<meta property=\"og:type\" content=\"article\" \/>\n<meta property=\"og:title\" content=\"Usta sanat\u00e7\u0131 \u0130lhan \u015ee\u015fen kansere yenik d\u00fc\u015ft\u00fc\" \/>\n<meta property=\"og:description\" content=\"Uzun s\u00fcredir kanser tedavisi g\u00f6ren usta sanat\u00e7\u0131 \u0130lhan \u015ee\u015fen&#8217;den ac\u0131 haber geldi. &#8220;Sar\u0131l\u0131nca Sana&#8221; ve &#8220;Ellerimde \u00c7i\u00e7ekler&#8221; gibi ak\u0131llarda yer edinen \u015fark\u0131larla T\u00fcrk pop m\u00fczi\u011fine damga vuran usta sanat\u00e7\u0131 76 ya\u015f\u0131ndaki hayat\u0131n\u0131 kaybetti. K\u00f6t\u00fc haberi \u00fcnl\u00fc sanat\u00e7\u0131n\u0131n ailesi sosyal medya hesab\u0131ndan payla\u015ft\u0131. T\u00dcM SEVENLER\u0130N\u0130N BA\u015eI SA\u011e OLSUN Sosyal medya \u00fczerinden yap\u0131lan payla\u015f\u0131mda, &#8220;Sevgili e\u015fim \/ can\u0131m babam\u0131z \/ biricik dedem \u0130lhan \u015ee\u015fen\u2019i kaybetmenin derin \u00fcz\u00fcnt\u00fcs\u00fcn\u00fc ya\u015f\u0131yoruz. T\u00fcm sevenlerinin ba\u015f\u0131 sa\u011f olsun. E\u015fi Arzu, o\u011flu Fuat, k\u0131z\u0131 Melis ve torunu Nefes&#8221; ifadelerine yer verildi. \u200bUzun s\u00fcredir kanser tedavisi g\u00f6ren ve &#8220;Sar\u0131l\u0131nca Sana&#8221; ile &#8220;Ellerimde \u00c7i\u00e7ekler&#8221; gibi \u015fark\u0131larla m\u00fczikseverlerin g\u00f6nl\u00fcnde taht kuran usta sanat\u00e7\u0131 \u0130lhan \u015ee\u015fen, hayat\u0131n\u0131 kaybetti.\u00a0 \u200bHaberin Al\u0131nt\u0131land\u0131\u011f\u0131 Kaynak: www.antalyakorfez.com\" \/>\n<meta property=\"og:url\" content=\"https:\/\/denizcankizil.tr\/de\/haberler\/gundem\/usta-sanatci-ilhan-sesen-kansere-yenik-dustu\/\" \/>\n<meta property=\"og:site_name\" content=\"Av. Deniz Can K\u0131z\u0131l\" \/>\n<meta property=\"article:published_time\" content=\"2025-05-26T12:41:31+00:00\" \/>\n<meta name=\"author\" content=\"Antalya K\u00f6rfez\" \/>\n<meta name=\"twitter:card\" content=\"summary_large_image\" \/>\n<meta name=\"twitter:label1\" content=\"Verfasst von\" \/>\n\t<meta name=\"twitter:data1\" content=\"Antalya K\u00f6rfez\" \/>\n\t<meta name=\"twitter:label2\" content=\"Gesch\u00e4tzte Lesezeit\" \/>\n\t<meta name=\"twitter:data2\" content=\"1\u00a0Minute\" \/>\n<script type=\"application\/ld+json\" class=\"yoast-schema-graph\">{\"@context\":\"https:\/\/schema.org\",\"@graph\":[{\"@type\":\"Article\",\"@id\":\"https:\/\/denizcankizil.tr\/de\/haberler\/gundem\/usta-sanatci-ilhan-sesen-kansere-yenik-dustu\/#article\",\"isPartOf\":{\"@id\":\"https:\/\/denizcankizil.tr\/de\/haberler\/gundem\/usta-sanatci-ilhan-sesen-kansere-yenik-dustu\/\"},\"author\":{\"name\":\"Antalya K\u00f6rfez\",\"@id\":\"https:\/\/denizcankizil.tr\/#\/schema\/person\/e1eb71bb4dd684d46563f0af307e1234\"},\"headline\":\"Usta sanat\u00e7\u0131 \u0130lhan \u015ee\u015fen kansere yenik d\u00fc\u015ft\u00fc\",\"datePublished\":\"2025-05-26T12:41:31+00:00\",\"mainEntityOfPage\":{\"@id\":\"https:\/\/denizcankizil.tr\/de\/haberler\/gundem\/usta-sanatci-ilhan-sesen-kansere-yenik-dustu\/\"},\"wordCount\":169,\"publisher\":{\"@id\":\"https:\/\/denizcankizil.tr\/#organization\"},\"articleSection\":[\"G\u00fcndem\"],\"inLanguage\":\"de\"},{\"@type\":\"WebPage\",\"@id\":\"https:\/\/denizcankizil.tr\/de\/haberler\/gundem\/usta-sanatci-ilhan-sesen-kansere-yenik-dustu\/\",\"url\":\"https:\/\/denizcankizil.tr\/de\/haberler\/gundem\/usta-sanatci-ilhan-sesen-kansere-yenik-dustu\/\",\"name\":\"Usta sanat\u00e7\u0131 \u0130lhan \u015ee\u015fen kansere yenik d\u00fc\u015ft\u00fc - Av. Deniz Can K\u0131z\u0131l\",\"isPartOf\":{\"@id\":\"https:\/\/denizcankizil.tr\/#website\"},\"datePublished\":\"2025-05-26T12:41:31+00:00\",\"breadcrumb\":{\"@id\":\"https:\/\/denizcankizil.tr\/de\/haberler\/gundem\/usta-sanatci-ilhan-sesen-kansere-yenik-dustu\/#breadcrumb\"},\"inLanguage\":\"de\",\"potentialAction\":[{\"@type\":\"ReadAction\",\"target\":[\"https:\/\/denizcankizil.tr\/de\/haberler\/gundem\/usta-sanatci-ilhan-sesen-kansere-yenik-dustu\/\"]}]},{\"@type\":\"BreadcrumbList\",\"@id\":\"https:\/\/denizcankizil.tr\/de\/haberler\/gundem\/usta-sanatci-ilhan-sesen-kansere-yenik-dustu\/#breadcrumb\",\"itemListElement\":[{\"@type\":\"ListItem\",\"position\":1,\"name\":\"Home\",\"item\":\"https:\/\/denizcankizil.tr\/de\/\"},{\"@type\":\"ListItem\",\"position\":2,\"name\":\"Usta sanat\u00e7\u0131 \u0130lhan \u015ee\u015fen kansere yenik d\u00fc\u015ft\u00fc\"}]},{\"@type\":\"WebSite\",\"@id\":\"https:\/\/denizcankizil.tr\/#website\",\"url\":\"https:\/\/denizcankizil.tr\/\",\"name\":\"Av. Deniz Can K\u0131z\u0131l\",\"description\":\"Avukat Deniz Can K\u0131z\u0131l Antalya Barosu\",\"publisher\":{\"@id\":\"https:\/\/denizcankizil.tr\/#organization\"},\"potentialAction\":[{\"@type\":\"SearchAction\",\"target\":{\"@type\":\"EntryPoint\",\"urlTemplate\":\"https:\/\/denizcankizil.tr\/?s={search_term_string}\"},\"query-input\":{\"@type\":\"PropertyValueSpecification\",\"valueRequired\":true,\"valueName\":\"search_term_string\"}}],\"inLanguage\":\"de\"},{\"@type\":\"Organization\",\"@id\":\"https:\/\/denizcankizil.tr\/#organization\",\"name\":\"Av. Deniz Can K\u0131z\u0131l\",\"url\":\"https:\/\/denizcankizil.tr\/\",\"logo\":{\"@type\":\"ImageObject\",\"inLanguage\":\"de\",\"@id\":\"https:\/\/denizcankizil.tr\/#\/schema\/logo\/image\/\",\"url\":\"https:\/\/denizcankizil.tr\/wp-content\/uploads\/2024\/10\/siyah-logo-svg.svg\",\"contentUrl\":\"https:\/\/denizcankizil.tr\/wp-content\/uploads\/2024\/10\/siyah-logo-svg.svg\",\"width\":1080,\"height\":1080,\"caption\":\"Av. Deniz Can K\u0131z\u0131l\"},\"image\":{\"@id\":\"https:\/\/denizcankizil.tr\/#\/schema\/logo\/image\/\"}},{\"@type\":\"Person\",\"@id\":\"https:\/\/denizcankizil.tr\/#\/schema\/person\/e1eb71bb4dd684d46563f0af307e1234\",\"name\":\"Antalya K\u00f6rfez\",\"image\":{\"@type\":\"ImageObject\",\"inLanguage\":\"de\",\"@id\":\"https:\/\/denizcankizil.tr\/#\/schema\/person\/image\/\",\"url\":\"https:\/\/secure.gravatar.com\/avatar\/42b01982558a48a0b501fdcab6a408d3717ea5919095ee2e67b0e521799c5905?s=96&d=mm&r=g\",\"contentUrl\":\"https:\/\/secure.gravatar.com\/avatar\/42b01982558a48a0b501fdcab6a408d3717ea5919095ee2e67b0e521799c5905?s=96&d=mm&r=g\",\"caption\":\"Antalya K\u00f6rfez\"},\"sameAs\":[\"http:\/\/www.antalyakorfez.com\"],\"url\":\"https:\/\/www.antalyakorfez.com\/usta-sanatci-ilhan-sesen-kansere-yenik-dustu\"}]}<\/script>\n<!-- \/ Yoast SEO Premium plugin. -->","yoast_head_json":{"title":"Usta sanat\u00e7\u0131 \u0130lhan \u015ee\u015fen kansere yenik d\u00fc\u015ft\u00fc - Av. Deniz Can K\u0131z\u0131l","robots":{"index":"index","follow":"follow","max-snippet":"max-snippet:-1","max-image-preview":"max-image-preview:large","max-video-preview":"max-video-preview:-1"},"canonical":"https:\/\/denizcankizil.tr\/de\/haberler\/gundem\/usta-sanatci-ilhan-sesen-kansere-yenik-dustu\/","og_locale":"de_DE","og_type":"article","og_title":"Usta sanat\u00e7\u0131 \u0130lhan \u015ee\u015fen kansere yenik d\u00fc\u015ft\u00fc","og_description":"Uzun s\u00fcredir kanser tedavisi g\u00f6ren usta sanat\u00e7\u0131 \u0130lhan \u015ee\u015fen&#8217;den ac\u0131 haber geldi. &#8220;Sar\u0131l\u0131nca Sana&#8221; ve &#8220;Ellerimde \u00c7i\u00e7ekler&#8221; gibi ak\u0131llarda yer edinen \u015fark\u0131larla T\u00fcrk pop m\u00fczi\u011fine damga vuran usta sanat\u00e7\u0131 76 ya\u015f\u0131ndaki hayat\u0131n\u0131 kaybetti. K\u00f6t\u00fc haberi \u00fcnl\u00fc sanat\u00e7\u0131n\u0131n ailesi sosyal medya hesab\u0131ndan payla\u015ft\u0131. T\u00dcM SEVENLER\u0130N\u0130N BA\u015eI SA\u011e OLSUN Sosyal medya \u00fczerinden yap\u0131lan payla\u015f\u0131mda, &#8220;Sevgili e\u015fim \/ can\u0131m babam\u0131z \/ biricik dedem \u0130lhan \u015ee\u015fen\u2019i kaybetmenin derin \u00fcz\u00fcnt\u00fcs\u00fcn\u00fc ya\u015f\u0131yoruz. T\u00fcm sevenlerinin ba\u015f\u0131 sa\u011f olsun. E\u015fi Arzu, o\u011flu Fuat, k\u0131z\u0131 Melis ve torunu Nefes&#8221; ifadelerine yer verildi. \u200bUzun s\u00fcredir kanser tedavisi g\u00f6ren ve &#8220;Sar\u0131l\u0131nca Sana&#8221; ile &#8220;Ellerimde \u00c7i\u00e7ekler&#8221; gibi \u015fark\u0131larla m\u00fczikseverlerin g\u00f6nl\u00fcnde taht kuran usta sanat\u00e7\u0131 \u0130lhan \u015ee\u015fen, hayat\u0131n\u0131 kaybetti.\u00a0 \u200bHaberin Al\u0131nt\u0131land\u0131\u011f\u0131 Kaynak: www.antalyakorfez.com","og_url":"https:\/\/denizcankizil.tr\/de\/haberler\/gundem\/usta-sanatci-ilhan-sesen-kansere-yenik-dustu\/","og_site_name":"Av. Deniz Can K\u0131z\u0131l","article_published_time":"2025-05-26T12:41:31+00:00","author":"Antalya K\u00f6rfez","twitter_card":"summary_large_image","twitter_misc":{"Verfasst von":"Antalya K\u00f6rfez","Gesch\u00e4tzte Lesezeit":"1\u00a0Minute"},"schema":{"@context":"https:\/\/schema.org","@graph":[{"@type":"Article","@id":"https:\/\/denizcankizil.tr\/de\/haberler\/gundem\/usta-sanatci-ilhan-sesen-kansere-yenik-dustu\/#article","isPartOf":{"@id":"https:\/\/denizcankizil.tr\/de\/haberler\/gundem\/usta-sanatci-ilhan-sesen-kansere-yenik-dustu\/"},"author":{"name":"Antalya K\u00f6rfez","@id":"https:\/\/denizcankizil.tr\/#\/schema\/person\/e1eb71bb4dd684d46563f0af307e1234"},"headline":"Usta sanat\u00e7\u0131 \u0130lhan \u015ee\u015fen kansere yenik d\u00fc\u015ft\u00fc","datePublished":"2025-05-26T12:41:31+00:00","mainEntityOfPage":{"@id":"https:\/\/denizcankizil.tr\/de\/haberler\/gundem\/usta-sanatci-ilhan-sesen-kansere-yenik-dustu\/"},"wordCount":169,"publisher":{"@id":"https:\/\/denizcankizil.tr\/#organization"},"articleSection":["G\u00fcndem"],"inLanguage":"de"},{"@type":"WebPage","@id":"https:\/\/denizcankizil.tr\/de\/haberler\/gundem\/usta-sanatci-ilhan-sesen-kansere-yenik-dustu\/","url":"https:\/\/denizcankizil.tr\/de\/haberler\/gundem\/usta-sanatci-ilhan-sesen-kansere-yenik-dustu\/","name":"Usta sanat\u00e7\u0131 \u0130lhan \u015ee\u015fen kansere yenik d\u00fc\u015ft\u00fc - Av. Deniz Can K\u0131z\u0131l","isPartOf":{"@id":"https:\/\/denizcankizil.tr\/#website"},"datePublished":"2025-05-26T12:41:31+00:00","breadcrumb":{"@id":"https:\/\/denizcankizil.tr\/de\/haberler\/gundem\/usta-sanatci-ilhan-sesen-kansere-yenik-dustu\/#breadcrumb"},"inLanguage":"de","potentialAction":[{"@type":"ReadAction","target":["https:\/\/denizcankizil.tr\/de\/haberler\/gundem\/usta-sanatci-ilhan-sesen-kansere-yenik-dustu\/"]}]},{"@type":"BreadcrumbList","@id":"https:\/\/denizcankizil.tr\/de\/haberler\/gundem\/usta-sanatci-ilhan-sesen-kansere-yenik-dustu\/#breadcrumb","itemListElement":[{"@type":"ListItem","position":1,"name":"Home","item":"https:\/\/denizcankizil.tr\/de\/"},{"@type":"ListItem","position":2,"name":"Usta sanat\u00e7\u0131 \u0130lhan \u015ee\u015fen kansere yenik d\u00fc\u015ft\u00fc"}]},{"@type":"WebSite","@id":"https:\/\/denizcankizil.tr\/#website","url":"https:\/\/denizcankizil.tr\/","name":"Av. Deniz Can K\u0131z\u0131l","description":"Avukat Deniz Can K\u0131z\u0131l Antalya Barosu","publisher":{"@id":"https:\/\/denizcankizil.tr\/#organization"},"potentialAction":[{"@type":"SearchAction","target":{"@type":"EntryPoint","urlTemplate":"https:\/\/denizcankizil.tr\/?s={search_term_string}"},"query-input":{"@type":"PropertyValueSpecification","valueRequired":true,"valueName":"search_term_string"}}],"inLanguage":"de"},{"@type":"Organization","@id":"https:\/\/denizcankizil.tr\/#organization","name":"Av. Deniz Can K\u0131z\u0131l","url":"https:\/\/denizcankizil.tr\/","logo":{"@type":"ImageObject","inLanguage":"de","@id":"https:\/\/denizcankizil.tr\/#\/schema\/logo\/image\/","url":"https:\/\/denizcankizil.tr\/wp-content\/uploads\/2024\/10\/siyah-logo-svg.svg","contentUrl":"https:\/\/denizcankizil.tr\/wp-content\/uploads\/2024\/10\/siyah-logo-svg.svg","width":1080,"height":1080,"caption":"Av. Deniz Can K\u0131z\u0131l"},"image":{"@id":"https:\/\/denizcankizil.tr\/#\/schema\/logo\/image\/"}},{"@type":"Person","@id":"https:\/\/denizcankizil.tr\/#\/schema\/person\/e1eb71bb4dd684d46563f0af307e1234","name":"Antalya K\u00f6rfez","image":{"@type":"ImageObject","inLanguage":"de","@id":"https:\/\/denizcankizil.tr\/#\/schema\/person\/image\/","url":"https:\/\/secure.gravatar.com\/avatar\/42b01982558a48a0b501fdcab6a408d3717ea5919095ee2e67b0e521799c5905?s=96&d=mm&r=g","contentUrl":"https:\/\/secure.gravatar.com\/avatar\/42b01982558a48a0b501fdcab6a408d3717ea5919095ee2e67b0e521799c5905?s=96&d=mm&r=g","caption":"Antalya K\u00f6rfez"},"sameAs":["http:\/\/www.antalyakorfez.com"],"url":"https:\/\/www.antalyakorfez.com\/usta-sanatci-ilhan-sesen-kansere-yenik-dustu"}]}},"_links":{"self":[{"href":"https:\/\/denizcankizil.tr\/de\/wp-json\/wp\/v2\/posts\/97375","targetHints":{"allow":["GET"]}}],"collection":[{"href":"https:\/\/denizcankizil.tr\/de\/wp-json\/wp\/v2\/posts"}],"about":[{"href":"https:\/\/denizcankizil.tr\/de\/wp-json\/wp\/v2\/types\/post"}],"author":[{"embeddable":true,"href":"https:\/\/denizcankizil.tr\/de\/wp-json\/wp\/v2\/users\/5"}],"replies":[{"embeddable":true,"href":"https:\/\/denizcankizil.tr\/de\/wp-json\/wp\/v2\/comments?post=97375"}],"version-history":[{"count":0,"href":"https:\/\/denizcankizil.tr\/de\/wp-json\/wp\/v2\/posts\/97375\/revisions"}],"wp:attachment":[{"href":"https:\/\/denizcankizil.tr\/de\/wp-json\/wp\/v2\/media?parent=97375"}],"wp:term":[{"taxonomy":"category","embeddable":true,"href":"https:\/\/denizcankizil.tr\/de\/wp-json\/wp\/v2\/categories?post=97375"},{"taxonomy":"post_tag","embeddable":true,"href":"https:\/\/denizcankizil.tr\/de\/wp-json\/wp\/v2\/tags?post=97375"}],"curies":[{"name":"wp","href":"https:\/\/api.w.org\/{rel}","templated":true}]}}