{"id":9610,"date":"2024-10-28T21:41:43","date_gmt":"2024-10-28T18:41:43","guid":{"rendered":"https:\/\/denizcankizil.tr\/uncategorized-tr\/istanbulun-kadin-ustalari-istihdama-katiliyor\/"},"modified":"2024-10-28T21:41:43","modified_gmt":"2024-10-28T18:41:43","slug":"istanbulun-kadin-ustalari-istihdama-katiliyor","status":"publish","type":"post","link":"https:\/\/denizcankizil.tr\/de\/haberler\/gundem\/istanbulun-kadin-ustalari-istihdama-katiliyor\/","title":{"rendered":"\u0130stanbul&#8217;un kad\u0131n ustalar\u0131 istihdama kat\u0131l\u0131yor"},"content":{"rendered":"<p>\u0130stanbul&#8217;da \u0130BB Enstit\u00fc, \u0130stanbul \u0130SMEK ve \u0130BB B\u00f6lgesel \u0130stihdam Ofisi i\u015f birli\u011fiyle kad\u0131nlar i\u00e7in hayata ge\u00e7irilen e\u011fitim program\u0131nda 40 saatlik s\u00fcren e\u011fitimle kad\u0131nlar\u0131n da otomotiv sekt\u00f6r\u00fcnde istihdama kat\u0131lmalar\u0131n\u0131 hedeflendi.\u0130STANBUL (\u0130GFA) &#8211; RS Otomotiv Grubu \u0130nsan Kaynaklar\u0131 Birimi ve RS Boyas\u0131z Onar\u0131m\u2019\u0131n \u0130stanbul B\u00fcy\u00fck\u015fehir Belediyesi B\u00f6lgesel \u0130stihdam Ofisi ve \u0130BB Enstit\u00fc \u0130stanbul \u0130SMEK destekleriyle hayata ge\u00e7irdi\u011fi \u201cKad\u0131n Ustalar Yeti\u015fiyor\u201d program\u0131na ba\u015fvurular yo\u011fun ilgi g\u00f6rd\u00fc.\u00a0<br \/>\n40 saatlik programda kad\u0131n adaylar teorik e\u011fitimin ard\u0131ndan y\u00fcz y\u00fcze uygulamal\u0131 e\u011fitim g\u00f6rd\u00fckten sonra sertifikalar\u0131na kavu\u015ftu.<br \/>\n\u0130\u015f hayat\u0131nda f\u0131rsat e\u015fitli\u011fi i\u00e7in program\u0131 a\u00e7t\u0131klar\u0131n\u0131 kaydeden RS Otomotiv Grubu Y\u00f6netim Kurulu Ba\u015fkan\u0131 \u00dcnal \u00dcnald\u0131, otomotiv sekt\u00f6r\u00fcnde kad\u0131nlar\u0131n da meslek edinerek istihdama kat\u0131lmalar\u0131n\u0131 ama\u00e7layarak bu program\u0131 a\u00e7t\u0131klar\u0131n\u0131 belirterek, &#8220;Kad\u0131n i\u015f g\u00fcc\u00fcn\u00fc art\u0131rarak ve te\u015fvik ederek sat\u0131\u015f sonras\u0131 hizmetlerde her ge\u00e7en y\u0131l b\u00fcy\u00fck bir problem haline gelen istihdam s\u0131k\u0131nt\u0131s\u0131n\u0131 da \u00f6nlemeye katk\u0131 sa\u011flamak istiyoruz. Edindikleri yeni meslekle kad\u0131nlar\u0131m\u0131z da y\u00fcksek gelir elde etme f\u0131rsat\u0131 elde edebilecekler. S\u00fcrece destek veren \u0130stanbul B\u00fcy\u00fck\u015fehir Belediyesi\u2019ne de te\u015fekk\u00fcrlerimizi sunuyoruz&#8221; dedi.\u00a0<\/p>\n<p>\u200b\u0130stanbul&#8217;da \u0130BB Enstit\u00fc, \u0130stanbul \u0130SMEK ve \u0130BB B\u00f6lgesel \u0130stihdam Ofisi i\u015f birli\u011fiyle kad\u0131nlar i\u00e7in hayata ge\u00e7irilen e\u011fitim program\u0131nda 40 saatlik s\u00fcren e\u011fitimle kad\u0131nlar\u0131n da otomotiv sekt\u00f6r\u00fcnde istihdama kat\u0131lmalar\u0131n\u0131 hedeflendi\u00a0<\/p>\n<p>\u200bHaberin Al\u0131nt\u0131land\u0131\u011f\u0131 Kaynak: www.iskenderun.org<\/p>","protected":false},"excerpt":{"rendered":"<p>\u0130stanbul&#8217;da \u0130BB Enstit\u00fc, \u0130stanbul \u0130SMEK ve \u0130BB B\u00f6lgesel \u0130stihdam Ofisi i\u015f birli\u011fiyle kad\u0131nlar i\u00e7in hayata ge\u00e7irilen e\u011fitim program\u0131nda 40 saatlik s\u00fcren e\u011fitimle kad\u0131nlar\u0131n da otomotiv sekt\u00f6r\u00fcnde istihdama kat\u0131lmalar\u0131n\u0131 hedeflendi.\u0130STANBUL (\u0130GFA) &#8211; RS Otomotiv Grubu \u0130nsan Kaynaklar\u0131 Birimi ve RS Boyas\u0131z Onar\u0131m\u2019\u0131n \u0130stanbul B\u00fcy\u00fck\u015fehir Belediyesi B\u00f6lgesel \u0130stihdam Ofisi ve \u0130BB Enstit\u00fc \u0130stanbul \u0130SMEK destekleriyle hayata ge\u00e7irdi\u011fi \u201cKad\u0131n Ustalar Yeti\u015fiyor\u201d program\u0131na ba\u015fvurular yo\u011fun ilgi g\u00f6rd\u00fc.\u00a0 40 saatlik programda kad\u0131n adaylar teorik e\u011fitimin ard\u0131ndan y\u00fcz y\u00fcze uygulamal\u0131 e\u011fitim g\u00f6rd\u00fckten sonra sertifikalar\u0131na kavu\u015ftu. \u0130\u015f hayat\u0131nda f\u0131rsat e\u015fitli\u011fi i\u00e7in program\u0131 a\u00e7t\u0131klar\u0131n\u0131 kaydeden RS Otomotiv Grubu Y\u00f6netim Kurulu Ba\u015fkan\u0131 \u00dcnal \u00dcnald\u0131, otomotiv sekt\u00f6r\u00fcnde kad\u0131nlar\u0131n da meslek edinerek istihdama kat\u0131lmalar\u0131n\u0131 ama\u00e7layarak bu program\u0131 a\u00e7t\u0131klar\u0131n\u0131 belirterek, &#8220;Kad\u0131n i\u015f g\u00fcc\u00fcn\u00fc art\u0131rarak ve te\u015fvik ederek sat\u0131\u015f sonras\u0131 hizmetlerde her ge\u00e7en y\u0131l b\u00fcy\u00fck bir problem haline gelen istihdam s\u0131k\u0131nt\u0131s\u0131n\u0131 da \u00f6nlemeye katk\u0131 sa\u011flamak istiyoruz. Edindikleri yeni meslekle kad\u0131nlar\u0131m\u0131z da y\u00fcksek gelir elde etme f\u0131rsat\u0131 elde edebilecekler. S\u00fcrece destek veren \u0130stanbul B\u00fcy\u00fck\u015fehir Belediyesi\u2019ne de te\u015fekk\u00fcrlerimizi sunuyoruz&#8221; dedi.\u00a0 \u200b\u0130stanbul&#8217;da \u0130BB Enstit\u00fc, \u0130stanbul \u0130SMEK ve \u0130BB B\u00f6lgesel \u0130stihdam Ofisi i\u015f birli\u011fiyle kad\u0131nlar i\u00e7in hayata ge\u00e7irilen e\u011fitim program\u0131nda 40 saatlik s\u00fcren e\u011fitimle kad\u0131nlar\u0131n da otomotiv sekt\u00f6r\u00fcnde istihdama kat\u0131lmalar\u0131n\u0131 hedeflendi\u00a0 \u200bHaberin Al\u0131nt\u0131land\u0131\u011f\u0131 Kaynak: www.iskenderun.org<\/p>","protected":false},"author":0,"featured_media":0,"comment_status":"open","ping_status":"open","sticky":false,"template":"","format":"standard","meta":{"_acf_changed":false,"footnotes":""},"categories":[24,535],"tags":[],"class_list":["post-9610","post","type-post","status-publish","format-standard","has-post-thumbnail","hentry","category-gundem","category-uncategorized-tr"],"acf":[],"yoast_head":"<!-- This site is optimized with the Yoast SEO Premium plugin v26.6 (Yoast SEO v27.1.1) - https:\/\/yoast.com\/product\/yoast-seo-premium-wordpress\/ -->\n<title>\u0130stanbul&#039;un kad\u0131n ustalar\u0131 istihdama kat\u0131l\u0131yor - Av. Deniz Can K\u0131z\u0131l<\/title>\n<meta name=\"robots\" content=\"index, follow, max-snippet:-1, max-image-preview:large, max-video-preview:-1\" \/>\n<link rel=\"canonical\" href=\"http:\/\/denizcankizil.tr\/de\/haberler\/gundem\/istanbulun-kadin-ustalari-istihdama-katiliyor\/\" \/>\n<meta property=\"og:locale\" content=\"de_DE\" \/>\n<meta property=\"og:type\" content=\"article\" \/>\n<meta property=\"og:title\" content=\"\u0130stanbul&#039;un kad\u0131n ustalar\u0131 istihdama kat\u0131l\u0131yor\" \/>\n<meta property=\"og:description\" content=\"\u0130stanbul&#8217;da \u0130BB Enstit\u00fc, \u0130stanbul \u0130SMEK ve \u0130BB B\u00f6lgesel \u0130stihdam Ofisi i\u015f birli\u011fiyle kad\u0131nlar i\u00e7in hayata ge\u00e7irilen e\u011fitim program\u0131nda 40 saatlik s\u00fcren e\u011fitimle kad\u0131nlar\u0131n da otomotiv sekt\u00f6r\u00fcnde istihdama kat\u0131lmalar\u0131n\u0131 hedeflendi.\u0130STANBUL (\u0130GFA) &#8211; RS Otomotiv Grubu \u0130nsan Kaynaklar\u0131 Birimi ve RS Boyas\u0131z Onar\u0131m\u2019\u0131n \u0130stanbul B\u00fcy\u00fck\u015fehir Belediyesi B\u00f6lgesel \u0130stihdam Ofisi ve \u0130BB Enstit\u00fc \u0130stanbul \u0130SMEK destekleriyle hayata ge\u00e7irdi\u011fi \u201cKad\u0131n Ustalar Yeti\u015fiyor\u201d program\u0131na ba\u015fvurular yo\u011fun ilgi g\u00f6rd\u00fc.\u00a0 40 saatlik programda kad\u0131n adaylar teorik e\u011fitimin ard\u0131ndan y\u00fcz y\u00fcze uygulamal\u0131 e\u011fitim g\u00f6rd\u00fckten sonra sertifikalar\u0131na kavu\u015ftu. \u0130\u015f hayat\u0131nda f\u0131rsat e\u015fitli\u011fi i\u00e7in program\u0131 a\u00e7t\u0131klar\u0131n\u0131 kaydeden RS Otomotiv Grubu Y\u00f6netim Kurulu Ba\u015fkan\u0131 \u00dcnal \u00dcnald\u0131, otomotiv sekt\u00f6r\u00fcnde kad\u0131nlar\u0131n da meslek edinerek istihdama kat\u0131lmalar\u0131n\u0131 ama\u00e7layarak bu program\u0131 a\u00e7t\u0131klar\u0131n\u0131 belirterek, &#8220;Kad\u0131n i\u015f g\u00fcc\u00fcn\u00fc art\u0131rarak ve te\u015fvik ederek sat\u0131\u015f sonras\u0131 hizmetlerde her ge\u00e7en y\u0131l b\u00fcy\u00fck bir problem haline gelen istihdam s\u0131k\u0131nt\u0131s\u0131n\u0131 da \u00f6nlemeye katk\u0131 sa\u011flamak istiyoruz. Edindikleri yeni meslekle kad\u0131nlar\u0131m\u0131z da y\u00fcksek gelir elde etme f\u0131rsat\u0131 elde edebilecekler. S\u00fcrece destek veren \u0130stanbul B\u00fcy\u00fck\u015fehir Belediyesi\u2019ne de te\u015fekk\u00fcrlerimizi sunuyoruz&#8221; dedi.\u00a0 \u200b\u0130stanbul&#8217;da \u0130BB Enstit\u00fc, \u0130stanbul \u0130SMEK ve \u0130BB B\u00f6lgesel \u0130stihdam Ofisi i\u015f birli\u011fiyle kad\u0131nlar i\u00e7in hayata ge\u00e7irilen e\u011fitim program\u0131nda 40 saatlik s\u00fcren e\u011fitimle kad\u0131nlar\u0131n da otomotiv sekt\u00f6r\u00fcnde istihdama kat\u0131lmalar\u0131n\u0131 hedeflendi\u00a0 \u200bHaberin Al\u0131nt\u0131land\u0131\u011f\u0131 Kaynak: www.iskenderun.org\" \/>\n<meta property=\"og:url\" content=\"http:\/\/denizcankizil.tr\/de\/haberler\/gundem\/istanbulun-kadin-ustalari-istihdama-katiliyor\/\" \/>\n<meta property=\"og:site_name\" content=\"Av. Deniz Can K\u0131z\u0131l\" \/>\n<meta property=\"article:published_time\" content=\"2024-10-28T18:41:43+00:00\" \/>\n<meta name=\"twitter:card\" content=\"summary_large_image\" \/>\n<meta name=\"twitter:label1\" content=\"Gesch\u00e4tzte Lesezeit\" \/>\n\t<meta name=\"twitter:data1\" content=\"1\u00a0Minute\" \/>\n<script type=\"application\/ld+json\" class=\"yoast-schema-graph\">{\"@context\":\"https:\/\/schema.org\",\"@graph\":[{\"@type\":\"Article\",\"@id\":\"http:\/\/denizcankizil.tr\/ru\/haberler\/gundem\/istanbulun-kadin-ustalari-istihdama-katiliyor\/#article\",\"isPartOf\":{\"@id\":\"http:\/\/denizcankizil.tr\/ru\/haberler\/gundem\/istanbulun-kadin-ustalari-istihdama-katiliyor\/\"},\"author\":{\"name\":\"\",\"@id\":\"\"},\"headline\":\"\u0130stanbul&#8217;un kad\u0131n ustalar\u0131 istihdama kat\u0131l\u0131yor\",\"datePublished\":\"2024-10-28T18:41:43+00:00\",\"mainEntityOfPage\":{\"@id\":\"http:\/\/denizcankizil.tr\/ru\/haberler\/gundem\/istanbulun-kadin-ustalari-istihdama-katiliyor\/\"},\"wordCount\":301,\"commentCount\":0,\"publisher\":{\"@id\":\"https:\/\/denizcankizil.tr\/de\/#organization\"},\"articleSection\":[\"G\u00fcndem\",\"Uncategorized\"],\"inLanguage\":\"de\",\"potentialAction\":[{\"@type\":\"CommentAction\",\"name\":\"Comment\",\"target\":[\"http:\/\/denizcankizil.tr\/ru\/haberler\/gundem\/istanbulun-kadin-ustalari-istihdama-katiliyor\/#respond\"]}]},{\"@type\":\"WebPage\",\"@id\":\"http:\/\/denizcankizil.tr\/ru\/haberler\/gundem\/istanbulun-kadin-ustalari-istihdama-katiliyor\/\",\"url\":\"http:\/\/denizcankizil.tr\/ru\/haberler\/gundem\/istanbulun-kadin-ustalari-istihdama-katiliyor\/\",\"name\":\"\u0130stanbul'un kad\u0131n ustalar\u0131 istihdama kat\u0131l\u0131yor - Av. Deniz Can K\u0131z\u0131l\",\"isPartOf\":{\"@id\":\"https:\/\/denizcankizil.tr\/de\/#website\"},\"datePublished\":\"2024-10-28T18:41:43+00:00\",\"breadcrumb\":{\"@id\":\"http:\/\/denizcankizil.tr\/ru\/haberler\/gundem\/istanbulun-kadin-ustalari-istihdama-katiliyor\/#breadcrumb\"},\"inLanguage\":\"de\",\"potentialAction\":[{\"@type\":\"ReadAction\",\"target\":[\"http:\/\/denizcankizil.tr\/ru\/haberler\/gundem\/istanbulun-kadin-ustalari-istihdama-katiliyor\/\"]}]},{\"@type\":\"BreadcrumbList\",\"@id\":\"http:\/\/denizcankizil.tr\/ru\/haberler\/gundem\/istanbulun-kadin-ustalari-istihdama-katiliyor\/#breadcrumb\",\"itemListElement\":[{\"@type\":\"ListItem\",\"position\":1,\"name\":\"Home\",\"item\":\"https:\/\/denizcankizil.tr\/de\/\"},{\"@type\":\"ListItem\",\"position\":2,\"name\":\"\u0130stanbul&#8217;un kad\u0131n ustalar\u0131 istihdama kat\u0131l\u0131yor\"}]},{\"@type\":\"WebSite\",\"@id\":\"https:\/\/denizcankizil.tr\/de\/#website\",\"url\":\"https:\/\/denizcankizil.tr\/de\/\",\"name\":\"Av. Deniz Can K\u0131z\u0131l\",\"description\":\"Avukat Deniz Can K\u0131z\u0131l Antalya Barosu\",\"publisher\":{\"@id\":\"https:\/\/denizcankizil.tr\/de\/#organization\"},\"potentialAction\":[{\"@type\":\"SearchAction\",\"target\":{\"@type\":\"EntryPoint\",\"urlTemplate\":\"https:\/\/denizcankizil.tr\/de\/?s={search_term_string}\"},\"query-input\":{\"@type\":\"PropertyValueSpecification\",\"valueRequired\":true,\"valueName\":\"search_term_string\"}}],\"inLanguage\":\"de\"},{\"@type\":\"Organization\",\"@id\":\"https:\/\/denizcankizil.tr\/de\/#organization\",\"name\":\"Av. Deniz Can K\u0131z\u0131l\",\"url\":\"https:\/\/denizcankizil.tr\/de\/\",\"logo\":{\"@type\":\"ImageObject\",\"inLanguage\":\"de\",\"@id\":\"https:\/\/denizcankizil.tr\/de\/#\/schema\/logo\/image\/\",\"url\":\"https:\/\/denizcankizil.tr\/wp-content\/uploads\/2024\/10\/siyah-logo-svg.svg\",\"contentUrl\":\"https:\/\/denizcankizil.tr\/wp-content\/uploads\/2024\/10\/siyah-logo-svg.svg\",\"width\":1080,\"height\":1080,\"caption\":\"Av. Deniz Can K\u0131z\u0131l\"},\"image\":{\"@id\":\"https:\/\/denizcankizil.tr\/de\/#\/schema\/logo\/image\/\"}}]}<\/script>\n<!-- \/ Yoast SEO Premium plugin. -->","yoast_head_json":{"title":"\u0130stanbul'un kad\u0131n ustalar\u0131 istihdama kat\u0131l\u0131yor - Av. Deniz Can K\u0131z\u0131l","robots":{"index":"index","follow":"follow","max-snippet":"max-snippet:-1","max-image-preview":"max-image-preview:large","max-video-preview":"max-video-preview:-1"},"canonical":"http:\/\/denizcankizil.tr\/de\/haberler\/gundem\/istanbulun-kadin-ustalari-istihdama-katiliyor\/","og_locale":"de_DE","og_type":"article","og_title":"\u0130stanbul'un kad\u0131n ustalar\u0131 istihdama kat\u0131l\u0131yor","og_description":"\u0130stanbul&#8217;da \u0130BB Enstit\u00fc, \u0130stanbul \u0130SMEK ve \u0130BB B\u00f6lgesel \u0130stihdam Ofisi i\u015f birli\u011fiyle kad\u0131nlar i\u00e7in hayata ge\u00e7irilen e\u011fitim program\u0131nda 40 saatlik s\u00fcren e\u011fitimle kad\u0131nlar\u0131n da otomotiv sekt\u00f6r\u00fcnde istihdama kat\u0131lmalar\u0131n\u0131 hedeflendi.\u0130STANBUL (\u0130GFA) &#8211; RS Otomotiv Grubu \u0130nsan Kaynaklar\u0131 Birimi ve RS Boyas\u0131z Onar\u0131m\u2019\u0131n \u0130stanbul B\u00fcy\u00fck\u015fehir Belediyesi B\u00f6lgesel \u0130stihdam Ofisi ve \u0130BB Enstit\u00fc \u0130stanbul \u0130SMEK destekleriyle hayata ge\u00e7irdi\u011fi \u201cKad\u0131n Ustalar Yeti\u015fiyor\u201d program\u0131na ba\u015fvurular yo\u011fun ilgi g\u00f6rd\u00fc.\u00a0 40 saatlik programda kad\u0131n adaylar teorik e\u011fitimin ard\u0131ndan y\u00fcz y\u00fcze uygulamal\u0131 e\u011fitim g\u00f6rd\u00fckten sonra sertifikalar\u0131na kavu\u015ftu. \u0130\u015f hayat\u0131nda f\u0131rsat e\u015fitli\u011fi i\u00e7in program\u0131 a\u00e7t\u0131klar\u0131n\u0131 kaydeden RS Otomotiv Grubu Y\u00f6netim Kurulu Ba\u015fkan\u0131 \u00dcnal \u00dcnald\u0131, otomotiv sekt\u00f6r\u00fcnde kad\u0131nlar\u0131n da meslek edinerek istihdama kat\u0131lmalar\u0131n\u0131 ama\u00e7layarak bu program\u0131 a\u00e7t\u0131klar\u0131n\u0131 belirterek, &#8220;Kad\u0131n i\u015f g\u00fcc\u00fcn\u00fc art\u0131rarak ve te\u015fvik ederek sat\u0131\u015f sonras\u0131 hizmetlerde her ge\u00e7en y\u0131l b\u00fcy\u00fck bir problem haline gelen istihdam s\u0131k\u0131nt\u0131s\u0131n\u0131 da \u00f6nlemeye katk\u0131 sa\u011flamak istiyoruz. Edindikleri yeni meslekle kad\u0131nlar\u0131m\u0131z da y\u00fcksek gelir elde etme f\u0131rsat\u0131 elde edebilecekler. S\u00fcrece destek veren \u0130stanbul B\u00fcy\u00fck\u015fehir Belediyesi\u2019ne de te\u015fekk\u00fcrlerimizi sunuyoruz&#8221; dedi.\u00a0 \u200b\u0130stanbul&#8217;da \u0130BB Enstit\u00fc, \u0130stanbul \u0130SMEK ve \u0130BB B\u00f6lgesel \u0130stihdam Ofisi i\u015f birli\u011fiyle kad\u0131nlar i\u00e7in hayata ge\u00e7irilen e\u011fitim program\u0131nda 40 saatlik s\u00fcren e\u011fitimle kad\u0131nlar\u0131n da otomotiv sekt\u00f6r\u00fcnde istihdama kat\u0131lmalar\u0131n\u0131 hedeflendi\u00a0 \u200bHaberin Al\u0131nt\u0131land\u0131\u011f\u0131 Kaynak: www.iskenderun.org","og_url":"http:\/\/denizcankizil.tr\/de\/haberler\/gundem\/istanbulun-kadin-ustalari-istihdama-katiliyor\/","og_site_name":"Av. Deniz Can K\u0131z\u0131l","article_published_time":"2024-10-28T18:41:43+00:00","twitter_card":"summary_large_image","twitter_misc":{"Gesch\u00e4tzte Lesezeit":"1\u00a0Minute"},"schema":{"@context":"https:\/\/schema.org","@graph":[{"@type":"Article","@id":"http:\/\/denizcankizil.tr\/ru\/haberler\/gundem\/istanbulun-kadin-ustalari-istihdama-katiliyor\/#article","isPartOf":{"@id":"http:\/\/denizcankizil.tr\/ru\/haberler\/gundem\/istanbulun-kadin-ustalari-istihdama-katiliyor\/"},"author":{"name":"","@id":""},"headline":"\u0130stanbul&#8217;un kad\u0131n ustalar\u0131 istihdama kat\u0131l\u0131yor","datePublished":"2024-10-28T18:41:43+00:00","mainEntityOfPage":{"@id":"http:\/\/denizcankizil.tr\/ru\/haberler\/gundem\/istanbulun-kadin-ustalari-istihdama-katiliyor\/"},"wordCount":301,"commentCount":0,"publisher":{"@id":"https:\/\/denizcankizil.tr\/de\/#organization"},"articleSection":["G\u00fcndem","Uncategorized"],"inLanguage":"de","potentialAction":[{"@type":"CommentAction","name":"Comment","target":["http:\/\/denizcankizil.tr\/ru\/haberler\/gundem\/istanbulun-kadin-ustalari-istihdama-katiliyor\/#respond"]}]},{"@type":"WebPage","@id":"http:\/\/denizcankizil.tr\/ru\/haberler\/gundem\/istanbulun-kadin-ustalari-istihdama-katiliyor\/","url":"http:\/\/denizcankizil.tr\/ru\/haberler\/gundem\/istanbulun-kadin-ustalari-istihdama-katiliyor\/","name":"\u0130stanbul'un kad\u0131n ustalar\u0131 istihdama kat\u0131l\u0131yor - Av. Deniz Can K\u0131z\u0131l","isPartOf":{"@id":"https:\/\/denizcankizil.tr\/de\/#website"},"datePublished":"2024-10-28T18:41:43+00:00","breadcrumb":{"@id":"http:\/\/denizcankizil.tr\/ru\/haberler\/gundem\/istanbulun-kadin-ustalari-istihdama-katiliyor\/#breadcrumb"},"inLanguage":"de","potentialAction":[{"@type":"ReadAction","target":["http:\/\/denizcankizil.tr\/ru\/haberler\/gundem\/istanbulun-kadin-ustalari-istihdama-katiliyor\/"]}]},{"@type":"BreadcrumbList","@id":"http:\/\/denizcankizil.tr\/ru\/haberler\/gundem\/istanbulun-kadin-ustalari-istihdama-katiliyor\/#breadcrumb","itemListElement":[{"@type":"ListItem","position":1,"name":"Home","item":"https:\/\/denizcankizil.tr\/de\/"},{"@type":"ListItem","position":2,"name":"\u0130stanbul&#8217;un kad\u0131n ustalar\u0131 istihdama kat\u0131l\u0131yor"}]},{"@type":"WebSite","@id":"https:\/\/denizcankizil.tr\/de\/#website","url":"https:\/\/denizcankizil.tr\/de\/","name":"Av. Deniz Can K\u0131z\u0131l","description":"Avukat Deniz Can K\u0131z\u0131l Antalya Barosu","publisher":{"@id":"https:\/\/denizcankizil.tr\/de\/#organization"},"potentialAction":[{"@type":"SearchAction","target":{"@type":"EntryPoint","urlTemplate":"https:\/\/denizcankizil.tr\/de\/?s={search_term_string}"},"query-input":{"@type":"PropertyValueSpecification","valueRequired":true,"valueName":"search_term_string"}}],"inLanguage":"de"},{"@type":"Organization","@id":"https:\/\/denizcankizil.tr\/de\/#organization","name":"Av. Deniz Can K\u0131z\u0131l","url":"https:\/\/denizcankizil.tr\/de\/","logo":{"@type":"ImageObject","inLanguage":"de","@id":"https:\/\/denizcankizil.tr\/de\/#\/schema\/logo\/image\/","url":"https:\/\/denizcankizil.tr\/wp-content\/uploads\/2024\/10\/siyah-logo-svg.svg","contentUrl":"https:\/\/denizcankizil.tr\/wp-content\/uploads\/2024\/10\/siyah-logo-svg.svg","width":1080,"height":1080,"caption":"Av. Deniz Can K\u0131z\u0131l"},"image":{"@id":"https:\/\/denizcankizil.tr\/de\/#\/schema\/logo\/image\/"}}]}},"_links":{"self":[{"href":"https:\/\/denizcankizil.tr\/de\/wp-json\/wp\/v2\/posts\/9610","targetHints":{"allow":["GET"]}}],"collection":[{"href":"https:\/\/denizcankizil.tr\/de\/wp-json\/wp\/v2\/posts"}],"about":[{"href":"https:\/\/denizcankizil.tr\/de\/wp-json\/wp\/v2\/types\/post"}],"replies":[{"embeddable":true,"href":"https:\/\/denizcankizil.tr\/de\/wp-json\/wp\/v2\/comments?post=9610"}],"version-history":[{"count":0,"href":"https:\/\/denizcankizil.tr\/de\/wp-json\/wp\/v2\/posts\/9610\/revisions"}],"wp:attachment":[{"href":"https:\/\/denizcankizil.tr\/de\/wp-json\/wp\/v2\/media?parent=9610"}],"wp:term":[{"taxonomy":"category","embeddable":true,"href":"https:\/\/denizcankizil.tr\/de\/wp-json\/wp\/v2\/categories?post=9610"},{"taxonomy":"post_tag","embeddable":true,"href":"https:\/\/denizcankizil.tr\/de\/wp-json\/wp\/v2\/tags?post=9610"}],"curies":[{"name":"wp","href":"https:\/\/api.w.org\/{rel}","templated":true}]}}