{"id":94873,"date":"2025-05-23T17:42:29","date_gmt":"2025-05-23T14:42:29","guid":{"rendered":"https:\/\/denizcankizil.tr\/uncategorized-tr\/bakan-kurumdan-sakaryaya-sapanca-golu-ve-kentsel-donusum-mujdesi\/"},"modified":"2025-05-23T17:42:29","modified_gmt":"2025-05-23T14:42:29","slug":"bakan-kurumdan-sakaryaya-sapanca-golu-ve-kentsel-donusum-mujdesi","status":"publish","type":"post","link":"https:\/\/denizcankizil.tr\/de\/haberler\/gundem\/bakan-kurumdan-sakaryaya-sapanca-golu-ve-kentsel-donusum-mujdesi\/","title":{"rendered":"Bakan Kurum&#8217;dan Sakarya\u2019ya Sapanca G\u00f6l\u00fc ve kentsel d\u00f6n\u00fc\u015f\u00fcm m\u00fcjdesi"},"content":{"rendered":"<p>\u00c7evre, \u015eehircilik ve \u0130klim De\u011fi\u015fikli\u011fi Bakan\u0131 Murat Kurum, Sakarya\u2019da Sapanca G\u00f6l\u00fc \u00e7evresine y\u00fcr\u00fcy\u00fc\u015f yollar\u0131, parklar ve dinlenme alanlar\u0131yla do\u011fa dostu bir proje kazand\u0131r\u0131laca\u011f\u0131n\u0131 duyurdu. Kentsel d\u00f6n\u00fc\u015f\u00fcmle \u015fehir afetlere diren\u00e7li hale getirilecek.SAKARYA (\u0130GFA) -\u00c7evre, \u015eehircilik ve \u0130klim De\u011fi\u015fikli\u011fi Bakan\u0131 Murat Kurum, Sakarya\u2019da Depozito \u0130ade Sistemi (DOA) Tan\u0131t\u0131m Toplant\u0131s\u0131\u2019nda kentsel d\u00f6n\u00fc\u015f\u00fcm ve Sapanca G\u00f6l\u00fc projeleriyle ilgili \u00f6nemli a\u00e7\u0131klamalar yapt\u0131.<br \/>\nOrhangazi K\u00fclt\u00fcr Merkezi\u2019nde d\u00fczenlenen etkinli\u011fe Bakan Yard\u0131mc\u0131lar\u0131 \u00d6mer Bulut ve Fatma Varank, \u0130ller Bankas\u0131 Genel M\u00fcd\u00fcr\u00fc Recep T\u00fcrk, TESK Ba\u015fkan\u0131 Bendevi Paland\u00f6ken, B\u00fcy\u00fck\u015fehir Belediye Ba\u015fkan\u0131 Yusuf Alemdar, milletvekilleri, belediye ba\u015fkanlar\u0131 ve \u00e7ok say\u0131da davetli kat\u0131ld\u0131.<br \/>\nSAPANCA G\u00d6L\u00dc\u2019NE DO\u011eA DOSTU PROJE<br \/>\nBakan Kurum, Sapanca G\u00f6l\u00fc \u00e7evresinde ka\u00e7ak yap\u0131la\u015fman\u0131n do\u011fal g\u00fczelli\u011fi ve can g\u00fcvenli\u011fini tehdit etti\u011fini belirterek, \u201cG\u00f6l etraf\u0131nda y\u00fcr\u00fcy\u00fc\u015f yollar\u0131, dinlenme alanlar\u0131, parklar ve bah\u00e7elerle ekolojik ya\u015fam\u0131 koruyan bir proje hayata ge\u00e7irece\u011fiz. Bu g\u00fczelli\u011fi gelecek nesillere miras b\u0131rakmak boynumuzun borcu\u201d dedi.<\/p>\n<p>1999 depreminin ac\u0131lar\u0131n\u0131 hat\u0131rlatan Kurum, Sakarya\u2019y\u0131 afetlere diren\u00e7li hale getirmek i\u00e7in kentsel d\u00f6n\u00fc\u015f\u00fcm\u00fc il\u00e7e il\u00e7e yayg\u0131nla\u015ft\u0131racaklar\u0131n\u0131 vurgulad\u0131. \u201c2000 \u00f6ncesi yap\u0131lar i\u00e7in vatanda\u015f kendi d\u00f6n\u00fc\u015f\u00fcm\u00fcn\u00fc yapabilecek, \u00f6zel sekt\u00f6re \u00fcretim imk\u00e2n\u0131 tan\u0131yaca\u011f\u0131z. Bakanl\u0131k, TOK\u0130 ve belediyelerle bu s\u00fcreci vatanda\u015fla el ele y\u00fcr\u00fctece\u011fiz\u201d diye konu\u015ftu. Kurum, \u201cBu evlad\u0131n\u0131z Sakarya\u2019n\u0131n yan\u0131ndad\u0131r. Hep birlikte m\u00fccadele edece\u011fiz\u201d mesaj\u0131 verdi.<br \/>\nDOA \u0130LE \u00c7EVREC\u0130 ADIM<br \/>\nSakarya\u2019n\u0131n pilot il se\u00e7ildi\u011fi Depozito \u0130ade Sistemi\u2019ni tan\u0131tan Kurum, 26 noktada 30 iade makinesinin aktif oldu\u011funu belirtti. Sistemle ambalajlar\u0131n geri d\u00f6n\u00fc\u015ft\u00fcr\u00fclmesi hedefleniyor. B\u00fcy\u00fck\u015fehir Belediye Ba\u015fkan\u0131 Alemdar, \u201cKentsel d\u00f6n\u00fc\u015f\u00fcm\u00fc ba\u015flatmak istiyoruz. Sapanca G\u00f6l\u00fc\u2019nde kollekt\u00f6r hatt\u0131, millet bah\u00e7eleri ve yenilenebilir enerji projeleriyle diren\u00e7li bir \u015fehir in\u015fa ediyoruz\u201d dedi.<\/p>\n<p>\u200b\u00c7evre, \u015eehircilik ve \u0130klim De\u011fi\u015fikli\u011fi Bakan\u0131 Murat Kurum, Sakarya\u2019da Sapanca G\u00f6l\u00fc \u00e7evresine y\u00fcr\u00fcy\u00fc\u015f yollar\u0131, parklar ve dinlenme alanlar\u0131yla do\u011fa dostu bir proje kazand\u0131r\u0131laca\u011f\u0131n\u0131 duyurdu. Kentsel d\u00f6n\u00fc\u015f\u00fcmle \u015fehir afetlere diren\u00e7li hale getirilecek.SAKARYA (\u0130GFA) -\u00c7evre, \u015eehircilik ve \u0130klim De\u011fi\u015fikli\u011fi Bakan\u0131 Murat Kurum, Sakarya\u2019da Depozito \u0130ade Sistemi (DOA) Tan\u0131t\u0131m Toplant\u0131s\u0131\u2019nda kentsel d\u00f6n\u00fc\u015f\u00fcm ve Sapanca G\u00f6l\u00fc projeleriyle ilgili \u00f6nemli a\u00e7\u0131klamalar yapt\u0131.<br \/>\nOrhangazi K\u00fclt\u00fcr Merkezi\u2019nde d\u00fczenlenen etkinli\u011fe Bakan Yard\u0131mc\u0131lar\u0131 \u00d6mer Bulut ve Fatma Varank, \u0130ller Bankas\u0131 Genel M\u00fcd\u00fcr\u00fc Recep T\u00fcrk, TESK Ba\u015fkan\u0131 Bendevi Paland\u00f6ken, B\u00fcy\u00fck\u015fehir Belediye Ba\u015fkan\u0131 Yusuf Alemdar, milletvekilleri, belediye ba\u015fkanlar\u0131 ve \u00e7ok say\u0131da davetli kat\u0131ld\u0131.<br \/>\nSAPANCA G\u00d6L\u00dc\u2019NE DO\u011eA DOSTU PROJE<br \/>\nBakan Kurum, Sapanca G\u00f6l\u00fc \u00e7evresinde ka\u00e7ak yap\u0131la\u015fman\u0131n do\u011fal g\u00fczelli\u011fi ve can g\u00fcvenli\u011fini tehdit etti\u011fini belirterek, \u201cG\u00f6l etraf\u0131nda y\u00fcr\u00fcy\u00fc\u015f yollar\u0131, dinlenme alanlar\u0131, parklar ve bah\u00e7elerle ekolojik ya\u015fam\u0131 koruyan bir proje hayata ge\u00e7irece\u011fiz. Bu g\u00fczelli\u011fi gelecek nesillere miras b\u0131rakmak boynumuzun borcu\u201d dedi.<\/p>\n<p>1999 depreminin ac\u0131lar\u0131n\u0131 hat\u0131rlatan Kurum, Sakarya\u2019y\u0131 afetlere diren\u00e7li hale getirmek i\u00e7in kentsel d\u00f6n\u00fc\u015f\u00fcm\u00fc il\u00e7e il\u00e7e yayg\u0131nla\u015ft\u0131racaklar\u0131n\u0131 vurgulad\u0131. \u201c2000 \u00f6ncesi yap\u0131lar i\u00e7in vatanda\u015f kendi d\u00f6n\u00fc\u015f\u00fcm\u00fcn\u00fc yapabilecek, \u00f6zel sekt\u00f6re \u00fcretim imk\u00e2n\u0131 tan\u0131yaca\u011f\u0131z. Bakanl\u0131k, TOK\u0130 ve belediyelerle bu s\u00fcreci vatanda\u015fla el ele y\u00fcr\u00fctece\u011fiz\u201d diye konu\u015ftu. Kurum, \u201cBu evlad\u0131n\u0131z Sakarya\u2019n\u0131n yan\u0131ndad\u0131r. Hep birlikte m\u00fccadele edece\u011fiz\u201d mesaj\u0131 verdi.<br \/>\nDOA \u0130LE \u00c7EVREC\u0130 ADIM<br \/>\nSakarya\u2019n\u0131n pilot il se\u00e7ildi\u011fi Depozito \u0130ade Sistemi\u2019ni tan\u0131tan Kurum, 26 noktada 30 iade makinesinin aktif oldu\u011funu belirtti. Sistemle ambalajlar\u0131n geri d\u00f6n\u00fc\u015ft\u00fcr\u00fclmesi hedefleniyor. B\u00fcy\u00fck\u015fehir Belediye Ba\u015fkan\u0131 Alemdar, \u201cKentsel d\u00f6n\u00fc\u015f\u00fcm\u00fc ba\u015flatmak istiyoruz. Sapanca G\u00f6l\u00fc\u2019nde kollekt\u00f6r hatt\u0131, millet bah\u00e7eleri ve yenilenebilir enerji projeleriyle diren\u00e7li bir \u015fehir in\u015fa ediyoruz\u201d dedi.\u00a0<\/p>\n<p>\u200bHaberin Al\u0131nt\u0131land\u0131\u011f\u0131 Kaynak: www.iskenderun.org<\/p>","protected":false},"excerpt":{"rendered":"<p>\u00c7evre, \u015eehircilik ve \u0130klim De\u011fi\u015fikli\u011fi Bakan\u0131 Murat Kurum, Sakarya\u2019da Sapanca G\u00f6l\u00fc \u00e7evresine y\u00fcr\u00fcy\u00fc\u015f yollar\u0131, parklar ve dinlenme alanlar\u0131yla do\u011fa dostu bir proje kazand\u0131r\u0131laca\u011f\u0131n\u0131 duyurdu. Kentsel d\u00f6n\u00fc\u015f\u00fcmle \u015fehir afetlere diren\u00e7li hale getirilecek.SAKARYA (\u0130GFA) -\u00c7evre, \u015eehircilik ve \u0130klim De\u011fi\u015fikli\u011fi Bakan\u0131 Murat Kurum, Sakarya\u2019da Depozito \u0130ade Sistemi (DOA) Tan\u0131t\u0131m Toplant\u0131s\u0131\u2019nda kentsel d\u00f6n\u00fc\u015f\u00fcm ve Sapanca G\u00f6l\u00fc projeleriyle ilgili \u00f6nemli a\u00e7\u0131klamalar yapt\u0131. Orhangazi K\u00fclt\u00fcr Merkezi\u2019nde d\u00fczenlenen etkinli\u011fe Bakan Yard\u0131mc\u0131lar\u0131 \u00d6mer Bulut ve Fatma Varank, \u0130ller Bankas\u0131 Genel M\u00fcd\u00fcr\u00fc Recep T\u00fcrk, TESK Ba\u015fkan\u0131 Bendevi Paland\u00f6ken, B\u00fcy\u00fck\u015fehir Belediye Ba\u015fkan\u0131 Yusuf Alemdar, milletvekilleri, belediye ba\u015fkanlar\u0131 ve \u00e7ok say\u0131da davetli kat\u0131ld\u0131. SAPANCA G\u00d6L\u00dc\u2019NE DO\u011eA DOSTU PROJE Bakan Kurum, Sapanca G\u00f6l\u00fc \u00e7evresinde ka\u00e7ak yap\u0131la\u015fman\u0131n do\u011fal g\u00fczelli\u011fi ve can g\u00fcvenli\u011fini tehdit etti\u011fini belirterek, \u201cG\u00f6l etraf\u0131nda y\u00fcr\u00fcy\u00fc\u015f yollar\u0131, dinlenme alanlar\u0131, parklar ve bah\u00e7elerle ekolojik ya\u015fam\u0131 koruyan bir proje hayata ge\u00e7irece\u011fiz. Bu g\u00fczelli\u011fi gelecek nesillere miras b\u0131rakmak boynumuzun borcu\u201d dedi. 1999 depreminin ac\u0131lar\u0131n\u0131 hat\u0131rlatan Kurum, Sakarya\u2019y\u0131 afetlere diren\u00e7li hale getirmek i\u00e7in kentsel d\u00f6n\u00fc\u015f\u00fcm\u00fc il\u00e7e il\u00e7e yayg\u0131nla\u015ft\u0131racaklar\u0131n\u0131 vurgulad\u0131. \u201c2000 \u00f6ncesi yap\u0131lar i\u00e7in vatanda\u015f kendi d\u00f6n\u00fc\u015f\u00fcm\u00fcn\u00fc yapabilecek, \u00f6zel sekt\u00f6re \u00fcretim imk\u00e2n\u0131 tan\u0131yaca\u011f\u0131z. Bakanl\u0131k, TOK\u0130 ve belediyelerle bu s\u00fcreci vatanda\u015fla el ele y\u00fcr\u00fctece\u011fiz\u201d diye konu\u015ftu. Kurum, \u201cBu evlad\u0131n\u0131z Sakarya\u2019n\u0131n yan\u0131ndad\u0131r. Hep birlikte m\u00fccadele edece\u011fiz\u201d mesaj\u0131 verdi. DOA \u0130LE \u00c7EVREC\u0130 ADIM Sakarya\u2019n\u0131n pilot il se\u00e7ildi\u011fi Depozito \u0130ade &hellip;<\/p>","protected":false},"author":1,"featured_media":0,"comment_status":"","ping_status":"open","sticky":false,"template":"","format":"standard","meta":{"_acf_changed":false,"footnotes":""},"categories":[24],"tags":[],"class_list":["post-94873","post","type-post","status-publish","format-standard","has-post-thumbnail","hentry","category-gundem"],"acf":[],"yoast_head":"<!-- This site is optimized with the Yoast SEO Premium plugin v26.6 (Yoast SEO v27.1.1) - https:\/\/yoast.com\/product\/yoast-seo-premium-wordpress\/ -->\n<title>Bakan Kurum&#039;dan Sakarya\u2019ya Sapanca G\u00f6l\u00fc ve kentsel d\u00f6n\u00fc\u015f\u00fcm m\u00fcjdesi - Av. Deniz Can K\u0131z\u0131l<\/title>\n<meta name=\"robots\" content=\"index, follow, max-snippet:-1, max-image-preview:large, max-video-preview:-1\" \/>\n<link rel=\"canonical\" href=\"https:\/\/denizcankizil.tr\/de\/haberler\/gundem\/bakan-kurumdan-sakaryaya-sapanca-golu-ve-kentsel-donusum-mujdesi\/\" \/>\n<meta property=\"og:locale\" content=\"de_DE\" \/>\n<meta property=\"og:type\" content=\"article\" \/>\n<meta property=\"og:title\" content=\"Bakan Kurum&#039;dan Sakarya\u2019ya Sapanca G\u00f6l\u00fc ve kentsel d\u00f6n\u00fc\u015f\u00fcm m\u00fcjdesi\" \/>\n<meta property=\"og:description\" content=\"\u00c7evre, \u015eehircilik ve \u0130klim De\u011fi\u015fikli\u011fi Bakan\u0131 Murat Kurum, Sakarya\u2019da Sapanca G\u00f6l\u00fc \u00e7evresine y\u00fcr\u00fcy\u00fc\u015f yollar\u0131, parklar ve dinlenme alanlar\u0131yla do\u011fa dostu bir proje kazand\u0131r\u0131laca\u011f\u0131n\u0131 duyurdu. Kentsel d\u00f6n\u00fc\u015f\u00fcmle \u015fehir afetlere diren\u00e7li hale getirilecek.SAKARYA (\u0130GFA) -\u00c7evre, \u015eehircilik ve \u0130klim De\u011fi\u015fikli\u011fi Bakan\u0131 Murat Kurum, Sakarya\u2019da Depozito \u0130ade Sistemi (DOA) Tan\u0131t\u0131m Toplant\u0131s\u0131\u2019nda kentsel d\u00f6n\u00fc\u015f\u00fcm ve Sapanca G\u00f6l\u00fc projeleriyle ilgili \u00f6nemli a\u00e7\u0131klamalar yapt\u0131. Orhangazi K\u00fclt\u00fcr Merkezi\u2019nde d\u00fczenlenen etkinli\u011fe Bakan Yard\u0131mc\u0131lar\u0131 \u00d6mer Bulut ve Fatma Varank, \u0130ller Bankas\u0131 Genel M\u00fcd\u00fcr\u00fc Recep T\u00fcrk, TESK Ba\u015fkan\u0131 Bendevi Paland\u00f6ken, B\u00fcy\u00fck\u015fehir Belediye Ba\u015fkan\u0131 Yusuf Alemdar, milletvekilleri, belediye ba\u015fkanlar\u0131 ve \u00e7ok say\u0131da davetli kat\u0131ld\u0131. SAPANCA G\u00d6L\u00dc\u2019NE DO\u011eA DOSTU PROJE Bakan Kurum, Sapanca G\u00f6l\u00fc \u00e7evresinde ka\u00e7ak yap\u0131la\u015fman\u0131n do\u011fal g\u00fczelli\u011fi ve can g\u00fcvenli\u011fini tehdit etti\u011fini belirterek, \u201cG\u00f6l etraf\u0131nda y\u00fcr\u00fcy\u00fc\u015f yollar\u0131, dinlenme alanlar\u0131, parklar ve bah\u00e7elerle ekolojik ya\u015fam\u0131 koruyan bir proje hayata ge\u00e7irece\u011fiz. Bu g\u00fczelli\u011fi gelecek nesillere miras b\u0131rakmak boynumuzun borcu\u201d dedi. 1999 depreminin ac\u0131lar\u0131n\u0131 hat\u0131rlatan Kurum, Sakarya\u2019y\u0131 afetlere diren\u00e7li hale getirmek i\u00e7in kentsel d\u00f6n\u00fc\u015f\u00fcm\u00fc il\u00e7e il\u00e7e yayg\u0131nla\u015ft\u0131racaklar\u0131n\u0131 vurgulad\u0131. \u201c2000 \u00f6ncesi yap\u0131lar i\u00e7in vatanda\u015f kendi d\u00f6n\u00fc\u015f\u00fcm\u00fcn\u00fc yapabilecek, \u00f6zel sekt\u00f6re \u00fcretim imk\u00e2n\u0131 tan\u0131yaca\u011f\u0131z. Bakanl\u0131k, TOK\u0130 ve belediyelerle bu s\u00fcreci vatanda\u015fla el ele y\u00fcr\u00fctece\u011fiz\u201d diye konu\u015ftu. Kurum, \u201cBu evlad\u0131n\u0131z Sakarya\u2019n\u0131n yan\u0131ndad\u0131r. Hep birlikte m\u00fccadele edece\u011fiz\u201d mesaj\u0131 verdi. DOA \u0130LE \u00c7EVREC\u0130 ADIM Sakarya\u2019n\u0131n pilot il se\u00e7ildi\u011fi Depozito \u0130ade &hellip;\" \/>\n<meta property=\"og:url\" content=\"https:\/\/denizcankizil.tr\/de\/haberler\/gundem\/bakan-kurumdan-sakaryaya-sapanca-golu-ve-kentsel-donusum-mujdesi\/\" \/>\n<meta property=\"og:site_name\" content=\"Av. Deniz Can K\u0131z\u0131l\" \/>\n<meta property=\"article:published_time\" content=\"2025-05-23T14:42:29+00:00\" \/>\n<meta name=\"author\" content=\"admin\" \/>\n<meta name=\"twitter:card\" content=\"summary_large_image\" \/>\n<meta name=\"twitter:label1\" content=\"Verfasst von\" \/>\n\t<meta name=\"twitter:data1\" content=\"admin\" \/>\n\t<meta name=\"twitter:label2\" content=\"Gesch\u00e4tzte Lesezeit\" \/>\n\t<meta name=\"twitter:data2\" content=\"4\u00a0Minuten\" \/>\n<script type=\"application\/ld+json\" class=\"yoast-schema-graph\">{\"@context\":\"https:\/\/schema.org\",\"@graph\":[{\"@type\":\"Article\",\"@id\":\"https:\/\/denizcankizil.tr\/de\/haberler\/gundem\/bakan-kurumdan-sakaryaya-sapanca-golu-ve-kentsel-donusum-mujdesi\/#article\",\"isPartOf\":{\"@id\":\"https:\/\/denizcankizil.tr\/de\/haberler\/gundem\/bakan-kurumdan-sakaryaya-sapanca-golu-ve-kentsel-donusum-mujdesi\/\"},\"author\":{\"name\":\"admin\",\"@id\":\"https:\/\/denizcankizil.tr\/#\/schema\/person\/be3c05fe6a12686905512445d8185489\"},\"headline\":\"Bakan Kurum&#8217;dan Sakarya\u2019ya Sapanca G\u00f6l\u00fc ve kentsel d\u00f6n\u00fc\u015f\u00fcm m\u00fcjdesi\",\"datePublished\":\"2025-05-23T14:42:29+00:00\",\"mainEntityOfPage\":{\"@id\":\"https:\/\/denizcankizil.tr\/de\/haberler\/gundem\/bakan-kurumdan-sakaryaya-sapanca-golu-ve-kentsel-donusum-mujdesi\/\"},\"wordCount\":767,\"publisher\":{\"@id\":\"https:\/\/denizcankizil.tr\/#organization\"},\"articleSection\":[\"G\u00fcndem\"],\"inLanguage\":\"de\"},{\"@type\":\"WebPage\",\"@id\":\"https:\/\/denizcankizil.tr\/de\/haberler\/gundem\/bakan-kurumdan-sakaryaya-sapanca-golu-ve-kentsel-donusum-mujdesi\/\",\"url\":\"https:\/\/denizcankizil.tr\/de\/haberler\/gundem\/bakan-kurumdan-sakaryaya-sapanca-golu-ve-kentsel-donusum-mujdesi\/\",\"name\":\"Bakan Kurum'dan Sakarya\u2019ya Sapanca G\u00f6l\u00fc ve kentsel d\u00f6n\u00fc\u015f\u00fcm m\u00fcjdesi - Av. Deniz Can K\u0131z\u0131l\",\"isPartOf\":{\"@id\":\"https:\/\/denizcankizil.tr\/#website\"},\"datePublished\":\"2025-05-23T14:42:29+00:00\",\"breadcrumb\":{\"@id\":\"https:\/\/denizcankizil.tr\/de\/haberler\/gundem\/bakan-kurumdan-sakaryaya-sapanca-golu-ve-kentsel-donusum-mujdesi\/#breadcrumb\"},\"inLanguage\":\"de\",\"potentialAction\":[{\"@type\":\"ReadAction\",\"target\":[\"https:\/\/denizcankizil.tr\/de\/haberler\/gundem\/bakan-kurumdan-sakaryaya-sapanca-golu-ve-kentsel-donusum-mujdesi\/\"]}]},{\"@type\":\"BreadcrumbList\",\"@id\":\"https:\/\/denizcankizil.tr\/de\/haberler\/gundem\/bakan-kurumdan-sakaryaya-sapanca-golu-ve-kentsel-donusum-mujdesi\/#breadcrumb\",\"itemListElement\":[{\"@type\":\"ListItem\",\"position\":1,\"name\":\"Home\",\"item\":\"https:\/\/denizcankizil.tr\/uk\/\"},{\"@type\":\"ListItem\",\"position\":2,\"name\":\"Bakan Kurum&#8217;dan Sakarya\u2019ya Sapanca G\u00f6l\u00fc ve kentsel d\u00f6n\u00fc\u015f\u00fcm m\u00fcjdesi\"}]},{\"@type\":\"WebSite\",\"@id\":\"https:\/\/denizcankizil.tr\/#website\",\"url\":\"https:\/\/denizcankizil.tr\/\",\"name\":\"Av. Deniz Can K\u0131z\u0131l\",\"description\":\"Avukat Deniz Can K\u0131z\u0131l Antalya Barosu\",\"publisher\":{\"@id\":\"https:\/\/denizcankizil.tr\/#organization\"},\"potentialAction\":[{\"@type\":\"SearchAction\",\"target\":{\"@type\":\"EntryPoint\",\"urlTemplate\":\"https:\/\/denizcankizil.tr\/?s={search_term_string}\"},\"query-input\":{\"@type\":\"PropertyValueSpecification\",\"valueRequired\":true,\"valueName\":\"search_term_string\"}}],\"inLanguage\":\"de\"},{\"@type\":\"Organization\",\"@id\":\"https:\/\/denizcankizil.tr\/#organization\",\"name\":\"Av. Deniz Can K\u0131z\u0131l\",\"url\":\"https:\/\/denizcankizil.tr\/\",\"logo\":{\"@type\":\"ImageObject\",\"inLanguage\":\"de\",\"@id\":\"https:\/\/denizcankizil.tr\/#\/schema\/logo\/image\/\",\"url\":\"https:\/\/denizcankizil.tr\/wp-content\/uploads\/2024\/10\/siyah-logo-svg.svg\",\"contentUrl\":\"https:\/\/denizcankizil.tr\/wp-content\/uploads\/2024\/10\/siyah-logo-svg.svg\",\"width\":1080,\"height\":1080,\"caption\":\"Av. Deniz Can K\u0131z\u0131l\"},\"image\":{\"@id\":\"https:\/\/denizcankizil.tr\/#\/schema\/logo\/image\/\"}},{\"@type\":\"Person\",\"@id\":\"https:\/\/denizcankizil.tr\/#\/schema\/person\/be3c05fe6a12686905512445d8185489\",\"name\":\"admin\",\"image\":{\"@type\":\"ImageObject\",\"inLanguage\":\"de\",\"@id\":\"https:\/\/denizcankizil.tr\/#\/schema\/person\/image\/\",\"url\":\"https:\/\/secure.gravatar.com\/avatar\/c1fce94c830dc79107e174f890d7210541c4a63e8e5d816341794a2151c9d58c?s=96&d=mm&r=g\",\"contentUrl\":\"https:\/\/secure.gravatar.com\/avatar\/c1fce94c830dc79107e174f890d7210541c4a63e8e5d816341794a2151c9d58c?s=96&d=mm&r=g\",\"caption\":\"admin\"},\"sameAs\":[\"http:\/\/denizcankizil.tr\"],\"url\":\"https:\/\/www.iskenderun.org\/bakan-kurumdan-sakaryaya-sapanca-golu-ve-kentsel-donusum-mujdesi\"}]}<\/script>\n<!-- \/ Yoast SEO Premium plugin. -->","yoast_head_json":{"title":"Bakan Kurum'dan Sakarya\u2019ya Sapanca G\u00f6l\u00fc ve kentsel d\u00f6n\u00fc\u015f\u00fcm m\u00fcjdesi - Av. Deniz Can K\u0131z\u0131l","robots":{"index":"index","follow":"follow","max-snippet":"max-snippet:-1","max-image-preview":"max-image-preview:large","max-video-preview":"max-video-preview:-1"},"canonical":"https:\/\/denizcankizil.tr\/de\/haberler\/gundem\/bakan-kurumdan-sakaryaya-sapanca-golu-ve-kentsel-donusum-mujdesi\/","og_locale":"de_DE","og_type":"article","og_title":"Bakan Kurum'dan Sakarya\u2019ya Sapanca G\u00f6l\u00fc ve kentsel d\u00f6n\u00fc\u015f\u00fcm m\u00fcjdesi","og_description":"\u00c7evre, \u015eehircilik ve \u0130klim De\u011fi\u015fikli\u011fi Bakan\u0131 Murat Kurum, Sakarya\u2019da Sapanca G\u00f6l\u00fc \u00e7evresine y\u00fcr\u00fcy\u00fc\u015f yollar\u0131, parklar ve dinlenme alanlar\u0131yla do\u011fa dostu bir proje kazand\u0131r\u0131laca\u011f\u0131n\u0131 duyurdu. Kentsel d\u00f6n\u00fc\u015f\u00fcmle \u015fehir afetlere diren\u00e7li hale getirilecek.SAKARYA (\u0130GFA) -\u00c7evre, \u015eehircilik ve \u0130klim De\u011fi\u015fikli\u011fi Bakan\u0131 Murat Kurum, Sakarya\u2019da Depozito \u0130ade Sistemi (DOA) Tan\u0131t\u0131m Toplant\u0131s\u0131\u2019nda kentsel d\u00f6n\u00fc\u015f\u00fcm ve Sapanca G\u00f6l\u00fc projeleriyle ilgili \u00f6nemli a\u00e7\u0131klamalar yapt\u0131. Orhangazi K\u00fclt\u00fcr Merkezi\u2019nde d\u00fczenlenen etkinli\u011fe Bakan Yard\u0131mc\u0131lar\u0131 \u00d6mer Bulut ve Fatma Varank, \u0130ller Bankas\u0131 Genel M\u00fcd\u00fcr\u00fc Recep T\u00fcrk, TESK Ba\u015fkan\u0131 Bendevi Paland\u00f6ken, B\u00fcy\u00fck\u015fehir Belediye Ba\u015fkan\u0131 Yusuf Alemdar, milletvekilleri, belediye ba\u015fkanlar\u0131 ve \u00e7ok say\u0131da davetli kat\u0131ld\u0131. SAPANCA G\u00d6L\u00dc\u2019NE DO\u011eA DOSTU PROJE Bakan Kurum, Sapanca G\u00f6l\u00fc \u00e7evresinde ka\u00e7ak yap\u0131la\u015fman\u0131n do\u011fal g\u00fczelli\u011fi ve can g\u00fcvenli\u011fini tehdit etti\u011fini belirterek, \u201cG\u00f6l etraf\u0131nda y\u00fcr\u00fcy\u00fc\u015f yollar\u0131, dinlenme alanlar\u0131, parklar ve bah\u00e7elerle ekolojik ya\u015fam\u0131 koruyan bir proje hayata ge\u00e7irece\u011fiz. Bu g\u00fczelli\u011fi gelecek nesillere miras b\u0131rakmak boynumuzun borcu\u201d dedi. 1999 depreminin ac\u0131lar\u0131n\u0131 hat\u0131rlatan Kurum, Sakarya\u2019y\u0131 afetlere diren\u00e7li hale getirmek i\u00e7in kentsel d\u00f6n\u00fc\u015f\u00fcm\u00fc il\u00e7e il\u00e7e yayg\u0131nla\u015ft\u0131racaklar\u0131n\u0131 vurgulad\u0131. \u201c2000 \u00f6ncesi yap\u0131lar i\u00e7in vatanda\u015f kendi d\u00f6n\u00fc\u015f\u00fcm\u00fcn\u00fc yapabilecek, \u00f6zel sekt\u00f6re \u00fcretim imk\u00e2n\u0131 tan\u0131yaca\u011f\u0131z. Bakanl\u0131k, TOK\u0130 ve belediyelerle bu s\u00fcreci vatanda\u015fla el ele y\u00fcr\u00fctece\u011fiz\u201d diye konu\u015ftu. Kurum, \u201cBu evlad\u0131n\u0131z Sakarya\u2019n\u0131n yan\u0131ndad\u0131r. Hep birlikte m\u00fccadele edece\u011fiz\u201d mesaj\u0131 verdi. DOA \u0130LE \u00c7EVREC\u0130 ADIM Sakarya\u2019n\u0131n pilot il se\u00e7ildi\u011fi Depozito \u0130ade &hellip;","og_url":"https:\/\/denizcankizil.tr\/de\/haberler\/gundem\/bakan-kurumdan-sakaryaya-sapanca-golu-ve-kentsel-donusum-mujdesi\/","og_site_name":"Av. Deniz Can K\u0131z\u0131l","article_published_time":"2025-05-23T14:42:29+00:00","author":"admin","twitter_card":"summary_large_image","twitter_misc":{"Verfasst von":"admin","Gesch\u00e4tzte Lesezeit":"4\u00a0Minuten"},"schema":{"@context":"https:\/\/schema.org","@graph":[{"@type":"Article","@id":"https:\/\/denizcankizil.tr\/de\/haberler\/gundem\/bakan-kurumdan-sakaryaya-sapanca-golu-ve-kentsel-donusum-mujdesi\/#article","isPartOf":{"@id":"https:\/\/denizcankizil.tr\/de\/haberler\/gundem\/bakan-kurumdan-sakaryaya-sapanca-golu-ve-kentsel-donusum-mujdesi\/"},"author":{"name":"admin","@id":"https:\/\/denizcankizil.tr\/#\/schema\/person\/be3c05fe6a12686905512445d8185489"},"headline":"Bakan Kurum&#8217;dan Sakarya\u2019ya Sapanca G\u00f6l\u00fc ve kentsel d\u00f6n\u00fc\u015f\u00fcm m\u00fcjdesi","datePublished":"2025-05-23T14:42:29+00:00","mainEntityOfPage":{"@id":"https:\/\/denizcankizil.tr\/de\/haberler\/gundem\/bakan-kurumdan-sakaryaya-sapanca-golu-ve-kentsel-donusum-mujdesi\/"},"wordCount":767,"publisher":{"@id":"https:\/\/denizcankizil.tr\/#organization"},"articleSection":["G\u00fcndem"],"inLanguage":"de"},{"@type":"WebPage","@id":"https:\/\/denizcankizil.tr\/de\/haberler\/gundem\/bakan-kurumdan-sakaryaya-sapanca-golu-ve-kentsel-donusum-mujdesi\/","url":"https:\/\/denizcankizil.tr\/de\/haberler\/gundem\/bakan-kurumdan-sakaryaya-sapanca-golu-ve-kentsel-donusum-mujdesi\/","name":"Bakan Kurum'dan Sakarya\u2019ya Sapanca G\u00f6l\u00fc ve kentsel d\u00f6n\u00fc\u015f\u00fcm m\u00fcjdesi - Av. Deniz Can K\u0131z\u0131l","isPartOf":{"@id":"https:\/\/denizcankizil.tr\/#website"},"datePublished":"2025-05-23T14:42:29+00:00","breadcrumb":{"@id":"https:\/\/denizcankizil.tr\/de\/haberler\/gundem\/bakan-kurumdan-sakaryaya-sapanca-golu-ve-kentsel-donusum-mujdesi\/#breadcrumb"},"inLanguage":"de","potentialAction":[{"@type":"ReadAction","target":["https:\/\/denizcankizil.tr\/de\/haberler\/gundem\/bakan-kurumdan-sakaryaya-sapanca-golu-ve-kentsel-donusum-mujdesi\/"]}]},{"@type":"BreadcrumbList","@id":"https:\/\/denizcankizil.tr\/de\/haberler\/gundem\/bakan-kurumdan-sakaryaya-sapanca-golu-ve-kentsel-donusum-mujdesi\/#breadcrumb","itemListElement":[{"@type":"ListItem","position":1,"name":"Home","item":"https:\/\/denizcankizil.tr\/uk\/"},{"@type":"ListItem","position":2,"name":"Bakan Kurum&#8217;dan Sakarya\u2019ya Sapanca G\u00f6l\u00fc ve kentsel d\u00f6n\u00fc\u015f\u00fcm m\u00fcjdesi"}]},{"@type":"WebSite","@id":"https:\/\/denizcankizil.tr\/#website","url":"https:\/\/denizcankizil.tr\/","name":"Av. Deniz Can K\u0131z\u0131l","description":"Avukat Deniz Can K\u0131z\u0131l Antalya Barosu","publisher":{"@id":"https:\/\/denizcankizil.tr\/#organization"},"potentialAction":[{"@type":"SearchAction","target":{"@type":"EntryPoint","urlTemplate":"https:\/\/denizcankizil.tr\/?s={search_term_string}"},"query-input":{"@type":"PropertyValueSpecification","valueRequired":true,"valueName":"search_term_string"}}],"inLanguage":"de"},{"@type":"Organization","@id":"https:\/\/denizcankizil.tr\/#organization","name":"Av. Deniz Can K\u0131z\u0131l","url":"https:\/\/denizcankizil.tr\/","logo":{"@type":"ImageObject","inLanguage":"de","@id":"https:\/\/denizcankizil.tr\/#\/schema\/logo\/image\/","url":"https:\/\/denizcankizil.tr\/wp-content\/uploads\/2024\/10\/siyah-logo-svg.svg","contentUrl":"https:\/\/denizcankizil.tr\/wp-content\/uploads\/2024\/10\/siyah-logo-svg.svg","width":1080,"height":1080,"caption":"Av. Deniz Can K\u0131z\u0131l"},"image":{"@id":"https:\/\/denizcankizil.tr\/#\/schema\/logo\/image\/"}},{"@type":"Person","@id":"https:\/\/denizcankizil.tr\/#\/schema\/person\/be3c05fe6a12686905512445d8185489","name":"Administrator","image":{"@type":"ImageObject","inLanguage":"de","@id":"https:\/\/denizcankizil.tr\/#\/schema\/person\/image\/","url":"https:\/\/secure.gravatar.com\/avatar\/c1fce94c830dc79107e174f890d7210541c4a63e8e5d816341794a2151c9d58c?s=96&d=mm&r=g","contentUrl":"https:\/\/secure.gravatar.com\/avatar\/c1fce94c830dc79107e174f890d7210541c4a63e8e5d816341794a2151c9d58c?s=96&d=mm&r=g","caption":"admin"},"sameAs":["http:\/\/denizcankizil.tr"],"url":"https:\/\/www.iskenderun.org\/bakan-kurumdan-sakaryaya-sapanca-golu-ve-kentsel-donusum-mujdesi"}]}},"_links":{"self":[{"href":"https:\/\/denizcankizil.tr\/de\/wp-json\/wp\/v2\/posts\/94873","targetHints":{"allow":["GET"]}}],"collection":[{"href":"https:\/\/denizcankizil.tr\/de\/wp-json\/wp\/v2\/posts"}],"about":[{"href":"https:\/\/denizcankizil.tr\/de\/wp-json\/wp\/v2\/types\/post"}],"author":[{"embeddable":true,"href":"https:\/\/denizcankizil.tr\/de\/wp-json\/wp\/v2\/users\/1"}],"replies":[{"embeddable":true,"href":"https:\/\/denizcankizil.tr\/de\/wp-json\/wp\/v2\/comments?post=94873"}],"version-history":[{"count":0,"href":"https:\/\/denizcankizil.tr\/de\/wp-json\/wp\/v2\/posts\/94873\/revisions"}],"wp:attachment":[{"href":"https:\/\/denizcankizil.tr\/de\/wp-json\/wp\/v2\/media?parent=94873"}],"wp:term":[{"taxonomy":"category","embeddable":true,"href":"https:\/\/denizcankizil.tr\/de\/wp-json\/wp\/v2\/categories?post=94873"},{"taxonomy":"post_tag","embeddable":true,"href":"https:\/\/denizcankizil.tr\/de\/wp-json\/wp\/v2\/tags?post=94873"}],"curies":[{"name":"wp","href":"https:\/\/api.w.org\/{rel}","templated":true}]}}