{"id":9480,"date":"2024-10-28T14:41:34","date_gmt":"2024-10-28T11:41:34","guid":{"rendered":"https:\/\/denizcankizil.tr\/uncategorized-tr\/konya-buyuksehir-ereglide-gencler-icin-bilgehane-insa-ediyor\/"},"modified":"2024-10-28T14:41:34","modified_gmt":"2024-10-28T11:41:34","slug":"konya-buyuksehir-ereglide-gencler-icin-bilgehane-insa-ediyor","status":"publish","type":"post","link":"https:\/\/denizcankizil.tr\/de\/haberler\/gundem\/konya-buyuksehir-ereglide-gencler-icin-bilgehane-insa-ediyor\/","title":{"rendered":"Konya B\u00fcy\u00fck\u015fehir Ere\u011fli\u2019de Gen\u00e7ler \u0130\u00e7in Bilgehane \u0130n\u015fa Ediyor"},"content":{"rendered":"<p>Konya B\u00fcy\u00fck\u015fehir Belediye Ba\u015fkan\u0131 U\u011fur \u0130brahim Altay, AK Parti Konya Milletvekili Mehmet Baykan ve AK Parti Konya \u0130l Ba\u015fkan\u0131 Hasan Ang\u0131 ile birlikte B\u00fcy\u00fck\u015fehir Belediyesi taraf\u0131ndan Ere\u011fli\u2019de s\u00fcrd\u00fcr\u00fclen Bilgehane in\u015faat\u0131n\u0131 inceledi.<\/p>\n<p>\u200bKonya B\u00fcy\u00fck\u015fehir Belediye Ba\u015fkan\u0131 U\u011fur \u0130brahim Altay, AK Parti Konya Milletvekili Mehmet Baykan ve AK Parti Konya \u0130l Ba\u015fkan\u0131 Hasan Ang\u0131 ile birlikte B\u00fcy\u00fck\u015fehir Belediyesi taraf\u0131ndan Ere\u011fli\u2019de s\u00fcrd\u00fcr\u00fclen Bilgehane in\u015faat\u0131n\u0131 inceledi.\u00a0<\/p>\n<p>\u200bHaberin Al\u0131nt\u0131land\u0131\u011f\u0131 Kaynak: www.iskenderun.org<\/p>","protected":false},"excerpt":{"rendered":"<p>Konya B\u00fcy\u00fck\u015fehir Belediye Ba\u015fkan\u0131 U\u011fur \u0130brahim Altay, AK Parti Konya Milletvekili Mehmet Baykan ve AK Parti Konya \u0130l Ba\u015fkan\u0131 Hasan Ang\u0131 ile birlikte B\u00fcy\u00fck\u015fehir Belediyesi taraf\u0131ndan Ere\u011fli\u2019de s\u00fcrd\u00fcr\u00fclen Bilgehane in\u015faat\u0131n\u0131 inceledi. \u200bKonya B\u00fcy\u00fck\u015fehir Belediye Ba\u015fkan\u0131 U\u011fur \u0130brahim Altay, AK Parti Konya Milletvekili Mehmet Baykan ve AK Parti Konya \u0130l Ba\u015fkan\u0131 Hasan Ang\u0131 ile birlikte B\u00fcy\u00fck\u015fehir Belediyesi taraf\u0131ndan Ere\u011fli\u2019de s\u00fcrd\u00fcr\u00fclen Bilgehane in\u015faat\u0131n\u0131 inceledi.\u00a0 \u200bHaberin Al\u0131nt\u0131land\u0131\u011f\u0131 Kaynak: www.iskenderun.org<\/p>","protected":false},"author":0,"featured_media":0,"comment_status":"open","ping_status":"open","sticky":false,"template":"","format":"standard","meta":{"_acf_changed":false,"footnotes":""},"categories":[24,535],"tags":[],"class_list":["post-9480","post","type-post","status-publish","format-standard","has-post-thumbnail","hentry","category-gundem","category-uncategorized-tr"],"acf":[],"yoast_head":"<!-- This site is optimized with the Yoast SEO Premium plugin v26.6 (Yoast SEO v27.1.1) - https:\/\/yoast.com\/product\/yoast-seo-premium-wordpress\/ -->\n<title>Konya B\u00fcy\u00fck\u015fehir Ere\u011fli\u2019de Gen\u00e7ler \u0130\u00e7in Bilgehane \u0130n\u015fa Ediyor - Av. Deniz Can K\u0131z\u0131l<\/title>\n<meta name=\"robots\" content=\"index, follow, max-snippet:-1, max-image-preview:large, max-video-preview:-1\" \/>\n<link rel=\"canonical\" href=\"https:\/\/denizcankizil.tr\/de\/haberler\/gundem\/konya-buyuksehir-ereglide-gencler-icin-bilgehane-insa-ediyor\/\" \/>\n<meta property=\"og:locale\" content=\"de_DE\" \/>\n<meta property=\"og:type\" content=\"article\" \/>\n<meta property=\"og:title\" content=\"Konya B\u00fcy\u00fck\u015fehir Ere\u011fli\u2019de Gen\u00e7ler \u0130\u00e7in Bilgehane \u0130n\u015fa Ediyor\" \/>\n<meta property=\"og:description\" content=\"Konya B\u00fcy\u00fck\u015fehir Belediye Ba\u015fkan\u0131 U\u011fur \u0130brahim Altay, AK Parti Konya Milletvekili Mehmet Baykan ve AK Parti Konya \u0130l Ba\u015fkan\u0131 Hasan Ang\u0131 ile birlikte B\u00fcy\u00fck\u015fehir Belediyesi taraf\u0131ndan Ere\u011fli\u2019de s\u00fcrd\u00fcr\u00fclen Bilgehane in\u015faat\u0131n\u0131 inceledi. \u200bKonya B\u00fcy\u00fck\u015fehir Belediye Ba\u015fkan\u0131 U\u011fur \u0130brahim Altay, AK Parti Konya Milletvekili Mehmet Baykan ve AK Parti Konya \u0130l Ba\u015fkan\u0131 Hasan Ang\u0131 ile birlikte B\u00fcy\u00fck\u015fehir Belediyesi taraf\u0131ndan Ere\u011fli\u2019de s\u00fcrd\u00fcr\u00fclen Bilgehane in\u015faat\u0131n\u0131 inceledi.\u00a0 \u200bHaberin Al\u0131nt\u0131land\u0131\u011f\u0131 Kaynak: www.iskenderun.org\" \/>\n<meta property=\"og:url\" content=\"https:\/\/denizcankizil.tr\/de\/haberler\/gundem\/konya-buyuksehir-ereglide-gencler-icin-bilgehane-insa-ediyor\/\" \/>\n<meta property=\"og:site_name\" content=\"Av. Deniz Can K\u0131z\u0131l\" \/>\n<meta property=\"article:published_time\" content=\"2024-10-28T11:41:34+00:00\" \/>\n<meta name=\"twitter:card\" content=\"summary_large_image\" \/>\n<meta name=\"twitter:label1\" content=\"Gesch\u00e4tzte Lesezeit\" \/>\n\t<meta name=\"twitter:data1\" content=\"1\u00a0Minute\" \/>\n<script type=\"application\/ld+json\" class=\"yoast-schema-graph\">{\"@context\":\"https:\/\/schema.org\",\"@graph\":[{\"@type\":\"Article\",\"@id\":\"https:\/\/denizcankizil.tr\/ru\/haberler\/gundem\/konya-buyuksehir-ereglide-gencler-icin-bilgehane-insa-ediyor\/#article\",\"isPartOf\":{\"@id\":\"https:\/\/denizcankizil.tr\/ru\/haberler\/gundem\/konya-buyuksehir-ereglide-gencler-icin-bilgehane-insa-ediyor\/\"},\"author\":{\"name\":\"\",\"@id\":\"\"},\"headline\":\"Konya B\u00fcy\u00fck\u015fehir Ere\u011fli\u2019de Gen\u00e7ler \u0130\u00e7in Bilgehane \u0130n\u015fa Ediyor\",\"datePublished\":\"2024-10-28T11:41:34+00:00\",\"mainEntityOfPage\":{\"@id\":\"https:\/\/denizcankizil.tr\/ru\/haberler\/gundem\/konya-buyuksehir-ereglide-gencler-icin-bilgehane-insa-ediyor\/\"},\"wordCount\":119,\"commentCount\":0,\"publisher\":{\"@id\":\"https:\/\/denizcankizil.tr\/#organization\"},\"articleSection\":[\"G\u00fcndem\",\"Uncategorized\"],\"inLanguage\":\"de\",\"potentialAction\":[{\"@type\":\"CommentAction\",\"name\":\"Comment\",\"target\":[\"https:\/\/denizcankizil.tr\/ru\/haberler\/gundem\/konya-buyuksehir-ereglide-gencler-icin-bilgehane-insa-ediyor\/#respond\"]}]},{\"@type\":\"WebPage\",\"@id\":\"https:\/\/denizcankizil.tr\/ru\/haberler\/gundem\/konya-buyuksehir-ereglide-gencler-icin-bilgehane-insa-ediyor\/\",\"url\":\"https:\/\/denizcankizil.tr\/ru\/haberler\/gundem\/konya-buyuksehir-ereglide-gencler-icin-bilgehane-insa-ediyor\/\",\"name\":\"Konya B\u00fcy\u00fck\u015fehir Ere\u011fli\u2019de Gen\u00e7ler \u0130\u00e7in Bilgehane \u0130n\u015fa Ediyor - Av. Deniz Can K\u0131z\u0131l\",\"isPartOf\":{\"@id\":\"https:\/\/denizcankizil.tr\/#website\"},\"datePublished\":\"2024-10-28T11:41:34+00:00\",\"breadcrumb\":{\"@id\":\"https:\/\/denizcankizil.tr\/ru\/haberler\/gundem\/konya-buyuksehir-ereglide-gencler-icin-bilgehane-insa-ediyor\/#breadcrumb\"},\"inLanguage\":\"de\",\"potentialAction\":[{\"@type\":\"ReadAction\",\"target\":[\"https:\/\/denizcankizil.tr\/ru\/haberler\/gundem\/konya-buyuksehir-ereglide-gencler-icin-bilgehane-insa-ediyor\/\"]}]},{\"@type\":\"BreadcrumbList\",\"@id\":\"https:\/\/denizcankizil.tr\/ru\/haberler\/gundem\/konya-buyuksehir-ereglide-gencler-icin-bilgehane-insa-ediyor\/#breadcrumb\",\"itemListElement\":[{\"@type\":\"ListItem\",\"position\":1,\"name\":\"Home\",\"item\":\"https:\/\/denizcankizil.tr\/de\/\"},{\"@type\":\"ListItem\",\"position\":2,\"name\":\"Konya B\u00fcy\u00fck\u015fehir Ere\u011fli\u2019de Gen\u00e7ler \u0130\u00e7in Bilgehane \u0130n\u015fa Ediyor\"}]},{\"@type\":\"WebSite\",\"@id\":\"https:\/\/denizcankizil.tr\/#website\",\"url\":\"https:\/\/denizcankizil.tr\/\",\"name\":\"Av. Deniz Can K\u0131z\u0131l\",\"description\":\"Avukat Deniz Can K\u0131z\u0131l Antalya Barosu\",\"publisher\":{\"@id\":\"https:\/\/denizcankizil.tr\/#organization\"},\"potentialAction\":[{\"@type\":\"SearchAction\",\"target\":{\"@type\":\"EntryPoint\",\"urlTemplate\":\"https:\/\/denizcankizil.tr\/?s={search_term_string}\"},\"query-input\":{\"@type\":\"PropertyValueSpecification\",\"valueRequired\":true,\"valueName\":\"search_term_string\"}}],\"inLanguage\":\"de\"},{\"@type\":\"Organization\",\"@id\":\"https:\/\/denizcankizil.tr\/#organization\",\"name\":\"Av. Deniz Can K\u0131z\u0131l\",\"url\":\"https:\/\/denizcankizil.tr\/\",\"logo\":{\"@type\":\"ImageObject\",\"inLanguage\":\"de\",\"@id\":\"https:\/\/denizcankizil.tr\/#\/schema\/logo\/image\/\",\"url\":\"https:\/\/denizcankizil.tr\/wp-content\/uploads\/2024\/10\/siyah-logo-svg.svg\",\"contentUrl\":\"https:\/\/denizcankizil.tr\/wp-content\/uploads\/2024\/10\/siyah-logo-svg.svg\",\"width\":1080,\"height\":1080,\"caption\":\"Av. Deniz Can K\u0131z\u0131l\"},\"image\":{\"@id\":\"https:\/\/denizcankizil.tr\/#\/schema\/logo\/image\/\"}}]}<\/script>\n<!-- \/ Yoast SEO Premium plugin. -->","yoast_head_json":{"title":"Konya B\u00fcy\u00fck\u015fehir Ere\u011fli\u2019de Gen\u00e7ler \u0130\u00e7in Bilgehane \u0130n\u015fa Ediyor - Av. Deniz Can K\u0131z\u0131l","robots":{"index":"index","follow":"follow","max-snippet":"max-snippet:-1","max-image-preview":"max-image-preview:large","max-video-preview":"max-video-preview:-1"},"canonical":"https:\/\/denizcankizil.tr\/de\/haberler\/gundem\/konya-buyuksehir-ereglide-gencler-icin-bilgehane-insa-ediyor\/","og_locale":"de_DE","og_type":"article","og_title":"Konya B\u00fcy\u00fck\u015fehir Ere\u011fli\u2019de Gen\u00e7ler \u0130\u00e7in Bilgehane \u0130n\u015fa Ediyor","og_description":"Konya B\u00fcy\u00fck\u015fehir Belediye Ba\u015fkan\u0131 U\u011fur \u0130brahim Altay, AK Parti Konya Milletvekili Mehmet Baykan ve AK Parti Konya \u0130l Ba\u015fkan\u0131 Hasan Ang\u0131 ile birlikte B\u00fcy\u00fck\u015fehir Belediyesi taraf\u0131ndan Ere\u011fli\u2019de s\u00fcrd\u00fcr\u00fclen Bilgehane in\u015faat\u0131n\u0131 inceledi. \u200bKonya B\u00fcy\u00fck\u015fehir Belediye Ba\u015fkan\u0131 U\u011fur \u0130brahim Altay, AK Parti Konya Milletvekili Mehmet Baykan ve AK Parti Konya \u0130l Ba\u015fkan\u0131 Hasan Ang\u0131 ile birlikte B\u00fcy\u00fck\u015fehir Belediyesi taraf\u0131ndan Ere\u011fli\u2019de s\u00fcrd\u00fcr\u00fclen Bilgehane in\u015faat\u0131n\u0131 inceledi.\u00a0 \u200bHaberin Al\u0131nt\u0131land\u0131\u011f\u0131 Kaynak: www.iskenderun.org","og_url":"https:\/\/denizcankizil.tr\/de\/haberler\/gundem\/konya-buyuksehir-ereglide-gencler-icin-bilgehane-insa-ediyor\/","og_site_name":"Av. Deniz Can K\u0131z\u0131l","article_published_time":"2024-10-28T11:41:34+00:00","twitter_card":"summary_large_image","twitter_misc":{"Gesch\u00e4tzte Lesezeit":"1\u00a0Minute"},"schema":{"@context":"https:\/\/schema.org","@graph":[{"@type":"Article","@id":"https:\/\/denizcankizil.tr\/ru\/haberler\/gundem\/konya-buyuksehir-ereglide-gencler-icin-bilgehane-insa-ediyor\/#article","isPartOf":{"@id":"https:\/\/denizcankizil.tr\/ru\/haberler\/gundem\/konya-buyuksehir-ereglide-gencler-icin-bilgehane-insa-ediyor\/"},"author":{"name":"","@id":""},"headline":"Konya B\u00fcy\u00fck\u015fehir Ere\u011fli\u2019de Gen\u00e7ler \u0130\u00e7in Bilgehane \u0130n\u015fa Ediyor","datePublished":"2024-10-28T11:41:34+00:00","mainEntityOfPage":{"@id":"https:\/\/denizcankizil.tr\/ru\/haberler\/gundem\/konya-buyuksehir-ereglide-gencler-icin-bilgehane-insa-ediyor\/"},"wordCount":119,"commentCount":0,"publisher":{"@id":"https:\/\/denizcankizil.tr\/#organization"},"articleSection":["G\u00fcndem","Uncategorized"],"inLanguage":"de","potentialAction":[{"@type":"CommentAction","name":"Comment","target":["https:\/\/denizcankizil.tr\/ru\/haberler\/gundem\/konya-buyuksehir-ereglide-gencler-icin-bilgehane-insa-ediyor\/#respond"]}]},{"@type":"WebPage","@id":"https:\/\/denizcankizil.tr\/ru\/haberler\/gundem\/konya-buyuksehir-ereglide-gencler-icin-bilgehane-insa-ediyor\/","url":"https:\/\/denizcankizil.tr\/ru\/haberler\/gundem\/konya-buyuksehir-ereglide-gencler-icin-bilgehane-insa-ediyor\/","name":"Konya B\u00fcy\u00fck\u015fehir Ere\u011fli\u2019de Gen\u00e7ler \u0130\u00e7in Bilgehane \u0130n\u015fa Ediyor - Av. Deniz Can K\u0131z\u0131l","isPartOf":{"@id":"https:\/\/denizcankizil.tr\/#website"},"datePublished":"2024-10-28T11:41:34+00:00","breadcrumb":{"@id":"https:\/\/denizcankizil.tr\/ru\/haberler\/gundem\/konya-buyuksehir-ereglide-gencler-icin-bilgehane-insa-ediyor\/#breadcrumb"},"inLanguage":"de","potentialAction":[{"@type":"ReadAction","target":["https:\/\/denizcankizil.tr\/ru\/haberler\/gundem\/konya-buyuksehir-ereglide-gencler-icin-bilgehane-insa-ediyor\/"]}]},{"@type":"BreadcrumbList","@id":"https:\/\/denizcankizil.tr\/ru\/haberler\/gundem\/konya-buyuksehir-ereglide-gencler-icin-bilgehane-insa-ediyor\/#breadcrumb","itemListElement":[{"@type":"ListItem","position":1,"name":"Home","item":"https:\/\/denizcankizil.tr\/de\/"},{"@type":"ListItem","position":2,"name":"Konya B\u00fcy\u00fck\u015fehir Ere\u011fli\u2019de Gen\u00e7ler \u0130\u00e7in Bilgehane \u0130n\u015fa Ediyor"}]},{"@type":"WebSite","@id":"https:\/\/denizcankizil.tr\/#website","url":"https:\/\/denizcankizil.tr\/","name":"Av. Deniz Can K\u0131z\u0131l","description":"Avukat Deniz Can K\u0131z\u0131l Antalya Barosu","publisher":{"@id":"https:\/\/denizcankizil.tr\/#organization"},"potentialAction":[{"@type":"SearchAction","target":{"@type":"EntryPoint","urlTemplate":"https:\/\/denizcankizil.tr\/?s={search_term_string}"},"query-input":{"@type":"PropertyValueSpecification","valueRequired":true,"valueName":"search_term_string"}}],"inLanguage":"de"},{"@type":"Organization","@id":"https:\/\/denizcankizil.tr\/#organization","name":"Av. Deniz Can K\u0131z\u0131l","url":"https:\/\/denizcankizil.tr\/","logo":{"@type":"ImageObject","inLanguage":"de","@id":"https:\/\/denizcankizil.tr\/#\/schema\/logo\/image\/","url":"https:\/\/denizcankizil.tr\/wp-content\/uploads\/2024\/10\/siyah-logo-svg.svg","contentUrl":"https:\/\/denizcankizil.tr\/wp-content\/uploads\/2024\/10\/siyah-logo-svg.svg","width":1080,"height":1080,"caption":"Av. Deniz Can K\u0131z\u0131l"},"image":{"@id":"https:\/\/denizcankizil.tr\/#\/schema\/logo\/image\/"}}]}},"_links":{"self":[{"href":"https:\/\/denizcankizil.tr\/de\/wp-json\/wp\/v2\/posts\/9480","targetHints":{"allow":["GET"]}}],"collection":[{"href":"https:\/\/denizcankizil.tr\/de\/wp-json\/wp\/v2\/posts"}],"about":[{"href":"https:\/\/denizcankizil.tr\/de\/wp-json\/wp\/v2\/types\/post"}],"replies":[{"embeddable":true,"href":"https:\/\/denizcankizil.tr\/de\/wp-json\/wp\/v2\/comments?post=9480"}],"version-history":[{"count":0,"href":"https:\/\/denizcankizil.tr\/de\/wp-json\/wp\/v2\/posts\/9480\/revisions"}],"wp:attachment":[{"href":"https:\/\/denizcankizil.tr\/de\/wp-json\/wp\/v2\/media?parent=9480"}],"wp:term":[{"taxonomy":"category","embeddable":true,"href":"https:\/\/denizcankizil.tr\/de\/wp-json\/wp\/v2\/categories?post=9480"},{"taxonomy":"post_tag","embeddable":true,"href":"https:\/\/denizcankizil.tr\/de\/wp-json\/wp\/v2\/tags?post=9480"}],"curies":[{"name":"wp","href":"https:\/\/api.w.org\/{rel}","templated":true}]}}