{"id":94688,"date":"2025-05-23T12:41:24","date_gmt":"2025-05-23T09:41:24","guid":{"rendered":"https:\/\/denizcankizil.tr\/uncategorized-tr\/antalyada-nostalji-tramvay-cilesi-turkiyede-son-sirada-yer-aldik\/"},"modified":"2025-05-23T12:41:24","modified_gmt":"2025-05-23T09:41:24","slug":"antalyada-nostalji-tramvay-cilesi-turkiyede-son-sirada-yer-aldik","status":"publish","type":"post","link":"https:\/\/denizcankizil.tr\/de\/haberler\/gundem\/antalyada-nostalji-tramvay-cilesi-turkiyede-son-sirada-yer-aldik\/","title":{"rendered":"Antalya\u2019da nostalji tramvay \u00e7ilesi: T\u00fcrkiye\u2019de son s\u0131rada yer ald\u0131k"},"content":{"rendered":"<p>Turizmin ba\u015fkenti Antalya\u2019da Nostalji Tramvay\u0131&#8217;n\u0131n 30 dakikada bir sefer yapmas\u0131 hem halk\u0131n hem de kente gelen turistlerin tepkisini \u00e7ekti. N\u00fcfusu her y\u0131l artan, yaz sezonunda milyonlarca turisti a\u011f\u0131rlayan \u015fehirde, nostaljik ula\u015f\u0131m\u0131n bu kadar seyrek i\u015flemesi, ele\u015ftirilerin hedefi oldu. Antalya, T\u00fcrkiye\u2019de nostalji tramvay hizmeti sunan \u015fehirler aras\u0131nda sefer s\u0131kl\u0131\u011f\u0131 a\u00e7\u0131s\u0131ndan son s\u0131rada yer ald\u0131.<\/p>\n<p>\u00dc\u00c7 \u015eEH\u0130R ARASINDA SONUNCU<\/p>\n<p>T\u00fcrkiye\u2019de nostaljik tramvay hatlar\u0131na sahip \u00fc\u00e7 b\u00fcy\u00fck\u015fehir bulunuyor. Nostaljik tramvay denilince ilk aklan gelen \u015fehir \u0130stanbul \u0130stiklal Caddesi. Di\u011fer \u015fehirler ise Antalya ve Bursa. Ancak \u0130stanbul ve Bursa\u2019daki sefer aral\u0131klar\u0131 20 dakikayken, Antalya\u2019da bu s\u00fcre 30 dakika olarak ger\u00e7ekle\u015ftiriliyor. Vatanda\u015flar, turistik \u015fehrin cazibe noktalar\u0131na ula\u015f\u0131m sa\u011flayan nostalji tramvay\u0131n\u0131n yetersiz kald\u0131\u011f\u0131n\u0131 belirterek s\u00fcrenin daha makul bir seviyeye \u00e7ekilmesi \u00e7a\u011fr\u0131s\u0131nda bulundu.<\/p>\n<p>\u0130STANBUL\u2019DA 2O DAK\u0130KA<\/p>\n<p>\u0130stanbul\u2019da nostalji tramvay\u0131, Avrupa Yakas\u0131\u2019nda Taksim-T\u00fcnel (T2), Anadolu Yakas\u0131\u2019nda ise Kad\u0131k\u00f6y-Moda (T3) hatlar\u0131nda \u00e7al\u0131\u015f\u0131yor. Taksim-T\u00fcnel hatt\u0131 1990 y\u0131l\u0131nda \u0130stiklal Caddesi\u2019nin yayala\u015ft\u0131r\u0131lmas\u0131yla birlikte hizmete girdi. Kad\u0131k\u00f6y-Moda hatt\u0131 ise 2003 y\u0131l\u0131nda devreye al\u0131nd\u0131. Bu hatlarda tramvaylar, hafta i\u00e7i ve hafta sonu sabah 07.00\u2019den itibaren \u00e7al\u0131\u015f\u0131yor ve ortalama 20 dakikada bir sefer d\u00fczenleniyor.<\/p>\n<p>BURSA 20 DAK\u0130KA<\/p>\n<p>Bursa\u2019da nostalji tramvay\u0131 2010 y\u0131l\u0131nda hayata ge\u00e7ti. Zafer Plaza ile \u00c7\u0131nar\u00f6n\u00fc aras\u0131nda uzanan T3 hatt\u0131, 13 istasyondan olu\u015fuyor. Sabah saat 07.00\u2019de ba\u015flayan seferler, gece 23.00\u2019e kadar devam ediyor. Bursa\u2019daki tramvaylar da 20 dakikada bir sefer d\u00fczenliyor.<\/p>\n<p>ANTALYA 30 DAK\u0130KA<\/p>\n<p>Antalya\u2019da ise 1999 y\u0131l\u0131nda hizmete giren T2 (M\u00fcze-Zerdalilik) Nostaljik Tramvay Hatt\u0131, kentin ilk \u015fehir i\u00e7i tramvay hatt\u0131 olma \u00f6zelli\u011fini ta\u015f\u0131yor. 11 istasyonu bulunan hat \u00fczerinde ilk sefer sabah saat 07.00\u2019de Zerdalilik\u2019ten ba\u015fl\u0131yor, m\u00fcze y\u00f6n\u00fcnden ise 07.24\u2019te hareket ediyor. Ancak tramvaylar 30 dakikada bir \u00e7al\u0131\u015f\u0131yor ve son sefer Zerdalilik\u2019ten 22.30\u2019da m\u00fcze y\u00f6n\u00fcnden ise 22.54\u2019te yap\u0131l\u0131yor.<\/p>\n<p>Antalyal\u0131lar, \u00f6zellikle turizm sezonunda bu sefer s\u0131kl\u0131\u011f\u0131n\u0131n yetersiz oldu\u011funu dile getirerek hem ula\u015f\u0131m rahatl\u0131\u011f\u0131 hem de \u015fehrin imaj\u0131 a\u00e7\u0131s\u0131ndan sefer aral\u0131klar\u0131n\u0131n en az 20 dakikaya d\u00fc\u015f\u00fcr\u00fclmesini talep etti. Bir\u00e7ok vatanda\u015f ise seferlerin Konyaalt\u0131\u2019nda Lara\u2019ya kadar uzat\u0131lmas\u0131n\u0131 istedi.<\/p>\n<p>\u200bN\u00fcfusu her ge\u00e7en g\u00fcn artan Antalya\u2019da nostalji tramvay \u00e7ilesi ya\u015fan\u0131yor. T\u00fcrkiye\u2019de nostalji tramvay hizmeti sunan \u015fehirler aras\u0131nda sefer s\u0131kl\u0131\u011f\u0131 a\u00e7\u0131s\u0131ndan Antalya, son s\u0131rada yer ald\u0131.\u00a0<\/p>\n<p>\u200bHaberin Al\u0131nt\u0131land\u0131\u011f\u0131 Kaynak: www.antalyakorfez.com<\/p>","protected":false},"excerpt":{"rendered":"<p>Turizmin ba\u015fkenti Antalya\u2019da Nostalji Tramvay\u0131&#8217;n\u0131n 30 dakikada bir sefer yapmas\u0131 hem halk\u0131n hem de kente gelen turistlerin tepkisini \u00e7ekti. N\u00fcfusu her y\u0131l artan, yaz sezonunda milyonlarca turisti a\u011f\u0131rlayan \u015fehirde, nostaljik ula\u015f\u0131m\u0131n bu kadar seyrek i\u015flemesi, ele\u015ftirilerin hedefi oldu. Antalya, T\u00fcrkiye\u2019de nostalji tramvay hizmeti sunan \u015fehirler aras\u0131nda sefer s\u0131kl\u0131\u011f\u0131 a\u00e7\u0131s\u0131ndan son s\u0131rada yer ald\u0131. \u00dc\u00c7 \u015eEH\u0130R ARASINDA SONUNCU T\u00fcrkiye\u2019de nostaljik tramvay hatlar\u0131na sahip \u00fc\u00e7 b\u00fcy\u00fck\u015fehir bulunuyor. Nostaljik tramvay denilince ilk aklan gelen \u015fehir \u0130stanbul \u0130stiklal Caddesi. Di\u011fer \u015fehirler ise Antalya ve Bursa. Ancak \u0130stanbul ve Bursa\u2019daki sefer aral\u0131klar\u0131 20 dakikayken, Antalya\u2019da bu s\u00fcre 30 dakika olarak ger\u00e7ekle\u015ftiriliyor. Vatanda\u015flar, turistik \u015fehrin cazibe noktalar\u0131na ula\u015f\u0131m sa\u011flayan nostalji tramvay\u0131n\u0131n yetersiz kald\u0131\u011f\u0131n\u0131 belirterek s\u00fcrenin daha makul bir seviyeye \u00e7ekilmesi \u00e7a\u011fr\u0131s\u0131nda bulundu. \u0130STANBUL\u2019DA 2O DAK\u0130KA \u0130stanbul\u2019da nostalji tramvay\u0131, Avrupa Yakas\u0131\u2019nda Taksim-T\u00fcnel (T2), Anadolu Yakas\u0131\u2019nda ise Kad\u0131k\u00f6y-Moda (T3) hatlar\u0131nda \u00e7al\u0131\u015f\u0131yor. Taksim-T\u00fcnel hatt\u0131 1990 y\u0131l\u0131nda \u0130stiklal Caddesi\u2019nin yayala\u015ft\u0131r\u0131lmas\u0131yla birlikte hizmete girdi. Kad\u0131k\u00f6y-Moda hatt\u0131 ise 2003 y\u0131l\u0131nda devreye al\u0131nd\u0131. Bu hatlarda tramvaylar, hafta i\u00e7i ve hafta sonu sabah 07.00\u2019den itibaren \u00e7al\u0131\u015f\u0131yor ve ortalama 20 dakikada bir sefer d\u00fczenleniyor. BURSA 20 DAK\u0130KA Bursa\u2019da nostalji tramvay\u0131 2010 y\u0131l\u0131nda hayata ge\u00e7ti. Zafer Plaza ile \u00c7\u0131nar\u00f6n\u00fc aras\u0131nda uzanan T3 hatt\u0131, 13 istasyondan olu\u015fuyor. Sabah saat 07.00\u2019de ba\u015flayan seferler, gece 23.00\u2019e kadar devam ediyor. &hellip;<\/p>","protected":false},"author":5,"featured_media":0,"comment_status":"","ping_status":"open","sticky":false,"template":"","format":"standard","meta":{"_acf_changed":false,"footnotes":""},"categories":[24],"tags":[],"class_list":["post-94688","post","type-post","status-publish","format-standard","has-post-thumbnail","hentry","category-gundem"],"acf":[],"yoast_head":"<!-- This site is optimized with the Yoast SEO Premium plugin v26.6 (Yoast SEO v27.1.1) - https:\/\/yoast.com\/product\/yoast-seo-premium-wordpress\/ -->\n<title>Antalya\u2019da nostalji tramvay \u00e7ilesi: T\u00fcrkiye\u2019de son s\u0131rada yer ald\u0131k - Av. Deniz Can K\u0131z\u0131l<\/title>\n<meta name=\"robots\" content=\"index, follow, max-snippet:-1, max-image-preview:large, max-video-preview:-1\" \/>\n<link rel=\"canonical\" href=\"https:\/\/denizcankizil.tr\/de\/haberler\/gundem\/antalyada-nostalji-tramvay-cilesi-turkiyede-son-sirada-yer-aldik\/\" \/>\n<meta property=\"og:locale\" content=\"de_DE\" \/>\n<meta property=\"og:type\" content=\"article\" \/>\n<meta property=\"og:title\" content=\"Antalya\u2019da nostalji tramvay \u00e7ilesi: T\u00fcrkiye\u2019de son s\u0131rada yer ald\u0131k\" \/>\n<meta property=\"og:description\" content=\"Turizmin ba\u015fkenti Antalya\u2019da Nostalji Tramvay\u0131&#8217;n\u0131n 30 dakikada bir sefer yapmas\u0131 hem halk\u0131n hem de kente gelen turistlerin tepkisini \u00e7ekti. N\u00fcfusu her y\u0131l artan, yaz sezonunda milyonlarca turisti a\u011f\u0131rlayan \u015fehirde, nostaljik ula\u015f\u0131m\u0131n bu kadar seyrek i\u015flemesi, ele\u015ftirilerin hedefi oldu. Antalya, T\u00fcrkiye\u2019de nostalji tramvay hizmeti sunan \u015fehirler aras\u0131nda sefer s\u0131kl\u0131\u011f\u0131 a\u00e7\u0131s\u0131ndan son s\u0131rada yer ald\u0131. \u00dc\u00c7 \u015eEH\u0130R ARASINDA SONUNCU T\u00fcrkiye\u2019de nostaljik tramvay hatlar\u0131na sahip \u00fc\u00e7 b\u00fcy\u00fck\u015fehir bulunuyor. Nostaljik tramvay denilince ilk aklan gelen \u015fehir \u0130stanbul \u0130stiklal Caddesi. Di\u011fer \u015fehirler ise Antalya ve Bursa. Ancak \u0130stanbul ve Bursa\u2019daki sefer aral\u0131klar\u0131 20 dakikayken, Antalya\u2019da bu s\u00fcre 30 dakika olarak ger\u00e7ekle\u015ftiriliyor. Vatanda\u015flar, turistik \u015fehrin cazibe noktalar\u0131na ula\u015f\u0131m sa\u011flayan nostalji tramvay\u0131n\u0131n yetersiz kald\u0131\u011f\u0131n\u0131 belirterek s\u00fcrenin daha makul bir seviyeye \u00e7ekilmesi \u00e7a\u011fr\u0131s\u0131nda bulundu. \u0130STANBUL\u2019DA 2O DAK\u0130KA \u0130stanbul\u2019da nostalji tramvay\u0131, Avrupa Yakas\u0131\u2019nda Taksim-T\u00fcnel (T2), Anadolu Yakas\u0131\u2019nda ise Kad\u0131k\u00f6y-Moda (T3) hatlar\u0131nda \u00e7al\u0131\u015f\u0131yor. Taksim-T\u00fcnel hatt\u0131 1990 y\u0131l\u0131nda \u0130stiklal Caddesi\u2019nin yayala\u015ft\u0131r\u0131lmas\u0131yla birlikte hizmete girdi. Kad\u0131k\u00f6y-Moda hatt\u0131 ise 2003 y\u0131l\u0131nda devreye al\u0131nd\u0131. Bu hatlarda tramvaylar, hafta i\u00e7i ve hafta sonu sabah 07.00\u2019den itibaren \u00e7al\u0131\u015f\u0131yor ve ortalama 20 dakikada bir sefer d\u00fczenleniyor. BURSA 20 DAK\u0130KA Bursa\u2019da nostalji tramvay\u0131 2010 y\u0131l\u0131nda hayata ge\u00e7ti. Zafer Plaza ile \u00c7\u0131nar\u00f6n\u00fc aras\u0131nda uzanan T3 hatt\u0131, 13 istasyondan olu\u015fuyor. Sabah saat 07.00\u2019de ba\u015flayan seferler, gece 23.00\u2019e kadar devam ediyor. &hellip;\" \/>\n<meta property=\"og:url\" content=\"https:\/\/denizcankizil.tr\/de\/haberler\/gundem\/antalyada-nostalji-tramvay-cilesi-turkiyede-son-sirada-yer-aldik\/\" \/>\n<meta property=\"og:site_name\" content=\"Av. Deniz Can K\u0131z\u0131l\" \/>\n<meta property=\"article:published_time\" content=\"2025-05-23T09:41:24+00:00\" \/>\n<meta name=\"author\" content=\"Antalya K\u00f6rfez\" \/>\n<meta name=\"twitter:card\" content=\"summary_large_image\" \/>\n<meta name=\"twitter:label1\" content=\"Verfasst von\" \/>\n\t<meta name=\"twitter:data1\" content=\"Antalya K\u00f6rfez\" \/>\n\t<meta name=\"twitter:label2\" content=\"Gesch\u00e4tzte Lesezeit\" \/>\n\t<meta name=\"twitter:data2\" content=\"2\u00a0Minuten\" \/>\n<script type=\"application\/ld+json\" class=\"yoast-schema-graph\">{\"@context\":\"https:\/\/schema.org\",\"@graph\":[{\"@type\":\"Article\",\"@id\":\"https:\/\/denizcankizil.tr\/de\/haberler\/gundem\/antalyada-nostalji-tramvay-cilesi-turkiyede-son-sirada-yer-aldik\/#article\",\"isPartOf\":{\"@id\":\"https:\/\/denizcankizil.tr\/de\/haberler\/gundem\/antalyada-nostalji-tramvay-cilesi-turkiyede-son-sirada-yer-aldik\/\"},\"author\":{\"name\":\"Antalya K\u00f6rfez\",\"@id\":\"https:\/\/denizcankizil.tr\/#\/schema\/person\/e1eb71bb4dd684d46563f0af307e1234\"},\"headline\":\"Antalya\u2019da nostalji tramvay \u00e7ilesi: T\u00fcrkiye\u2019de son s\u0131rada yer ald\u0131k\",\"datePublished\":\"2025-05-23T09:41:24+00:00\",\"mainEntityOfPage\":{\"@id\":\"https:\/\/denizcankizil.tr\/de\/haberler\/gundem\/antalyada-nostalji-tramvay-cilesi-turkiyede-son-sirada-yer-aldik\/\"},\"wordCount\":465,\"publisher\":{\"@id\":\"https:\/\/denizcankizil.tr\/#organization\"},\"articleSection\":[\"G\u00fcndem\"],\"inLanguage\":\"de\"},{\"@type\":\"WebPage\",\"@id\":\"https:\/\/denizcankizil.tr\/de\/haberler\/gundem\/antalyada-nostalji-tramvay-cilesi-turkiyede-son-sirada-yer-aldik\/\",\"url\":\"https:\/\/denizcankizil.tr\/de\/haberler\/gundem\/antalyada-nostalji-tramvay-cilesi-turkiyede-son-sirada-yer-aldik\/\",\"name\":\"Antalya\u2019da nostalji tramvay \u00e7ilesi: T\u00fcrkiye\u2019de son s\u0131rada yer ald\u0131k - Av. Deniz Can K\u0131z\u0131l\",\"isPartOf\":{\"@id\":\"https:\/\/denizcankizil.tr\/#website\"},\"datePublished\":\"2025-05-23T09:41:24+00:00\",\"breadcrumb\":{\"@id\":\"https:\/\/denizcankizil.tr\/de\/haberler\/gundem\/antalyada-nostalji-tramvay-cilesi-turkiyede-son-sirada-yer-aldik\/#breadcrumb\"},\"inLanguage\":\"de\",\"potentialAction\":[{\"@type\":\"ReadAction\",\"target\":[\"https:\/\/denizcankizil.tr\/de\/haberler\/gundem\/antalyada-nostalji-tramvay-cilesi-turkiyede-son-sirada-yer-aldik\/\"]}]},{\"@type\":\"BreadcrumbList\",\"@id\":\"https:\/\/denizcankizil.tr\/de\/haberler\/gundem\/antalyada-nostalji-tramvay-cilesi-turkiyede-son-sirada-yer-aldik\/#breadcrumb\",\"itemListElement\":[{\"@type\":\"ListItem\",\"position\":1,\"name\":\"Home\",\"item\":\"https:\/\/denizcankizil.tr\/uk\/\"},{\"@type\":\"ListItem\",\"position\":2,\"name\":\"Antalya\u2019da nostalji tramvay \u00e7ilesi: T\u00fcrkiye\u2019de son s\u0131rada yer ald\u0131k\"}]},{\"@type\":\"WebSite\",\"@id\":\"https:\/\/denizcankizil.tr\/#website\",\"url\":\"https:\/\/denizcankizil.tr\/\",\"name\":\"Av. Deniz Can K\u0131z\u0131l\",\"description\":\"Avukat Deniz Can K\u0131z\u0131l Antalya Barosu\",\"publisher\":{\"@id\":\"https:\/\/denizcankizil.tr\/#organization\"},\"potentialAction\":[{\"@type\":\"SearchAction\",\"target\":{\"@type\":\"EntryPoint\",\"urlTemplate\":\"https:\/\/denizcankizil.tr\/?s={search_term_string}\"},\"query-input\":{\"@type\":\"PropertyValueSpecification\",\"valueRequired\":true,\"valueName\":\"search_term_string\"}}],\"inLanguage\":\"de\"},{\"@type\":\"Organization\",\"@id\":\"https:\/\/denizcankizil.tr\/#organization\",\"name\":\"Av. Deniz Can K\u0131z\u0131l\",\"url\":\"https:\/\/denizcankizil.tr\/\",\"logo\":{\"@type\":\"ImageObject\",\"inLanguage\":\"de\",\"@id\":\"https:\/\/denizcankizil.tr\/#\/schema\/logo\/image\/\",\"url\":\"https:\/\/denizcankizil.tr\/wp-content\/uploads\/2024\/10\/siyah-logo-svg.svg\",\"contentUrl\":\"https:\/\/denizcankizil.tr\/wp-content\/uploads\/2024\/10\/siyah-logo-svg.svg\",\"width\":1080,\"height\":1080,\"caption\":\"Av. Deniz Can K\u0131z\u0131l\"},\"image\":{\"@id\":\"https:\/\/denizcankizil.tr\/#\/schema\/logo\/image\/\"}},{\"@type\":\"Person\",\"@id\":\"https:\/\/denizcankizil.tr\/#\/schema\/person\/e1eb71bb4dd684d46563f0af307e1234\",\"name\":\"Antalya K\u00f6rfez\",\"image\":{\"@type\":\"ImageObject\",\"inLanguage\":\"de\",\"@id\":\"https:\/\/denizcankizil.tr\/#\/schema\/person\/image\/\",\"url\":\"https:\/\/secure.gravatar.com\/avatar\/42b01982558a48a0b501fdcab6a408d3717ea5919095ee2e67b0e521799c5905?s=96&d=mm&r=g\",\"contentUrl\":\"https:\/\/secure.gravatar.com\/avatar\/42b01982558a48a0b501fdcab6a408d3717ea5919095ee2e67b0e521799c5905?s=96&d=mm&r=g\",\"caption\":\"Antalya K\u00f6rfez\"},\"sameAs\":[\"http:\/\/www.antalyakorfez.com\"],\"url\":\"https:\/\/www.antalyakorfez.com\/antalyada-nostalji-tramvay-cilesi-turkiyede-son-sirada-yer-aldik\"}]}<\/script>\n<!-- \/ Yoast SEO Premium plugin. -->","yoast_head_json":{"title":"Antalya\u2019da nostalji tramvay \u00e7ilesi: T\u00fcrkiye\u2019de son s\u0131rada yer ald\u0131k - Av. Deniz Can K\u0131z\u0131l","robots":{"index":"index","follow":"follow","max-snippet":"max-snippet:-1","max-image-preview":"max-image-preview:large","max-video-preview":"max-video-preview:-1"},"canonical":"https:\/\/denizcankizil.tr\/de\/haberler\/gundem\/antalyada-nostalji-tramvay-cilesi-turkiyede-son-sirada-yer-aldik\/","og_locale":"de_DE","og_type":"article","og_title":"Antalya\u2019da nostalji tramvay \u00e7ilesi: T\u00fcrkiye\u2019de son s\u0131rada yer ald\u0131k","og_description":"Turizmin ba\u015fkenti Antalya\u2019da Nostalji Tramvay\u0131&#8217;n\u0131n 30 dakikada bir sefer yapmas\u0131 hem halk\u0131n hem de kente gelen turistlerin tepkisini \u00e7ekti. N\u00fcfusu her y\u0131l artan, yaz sezonunda milyonlarca turisti a\u011f\u0131rlayan \u015fehirde, nostaljik ula\u015f\u0131m\u0131n bu kadar seyrek i\u015flemesi, ele\u015ftirilerin hedefi oldu. Antalya, T\u00fcrkiye\u2019de nostalji tramvay hizmeti sunan \u015fehirler aras\u0131nda sefer s\u0131kl\u0131\u011f\u0131 a\u00e7\u0131s\u0131ndan son s\u0131rada yer ald\u0131. \u00dc\u00c7 \u015eEH\u0130R ARASINDA SONUNCU T\u00fcrkiye\u2019de nostaljik tramvay hatlar\u0131na sahip \u00fc\u00e7 b\u00fcy\u00fck\u015fehir bulunuyor. Nostaljik tramvay denilince ilk aklan gelen \u015fehir \u0130stanbul \u0130stiklal Caddesi. Di\u011fer \u015fehirler ise Antalya ve Bursa. Ancak \u0130stanbul ve Bursa\u2019daki sefer aral\u0131klar\u0131 20 dakikayken, Antalya\u2019da bu s\u00fcre 30 dakika olarak ger\u00e7ekle\u015ftiriliyor. Vatanda\u015flar, turistik \u015fehrin cazibe noktalar\u0131na ula\u015f\u0131m sa\u011flayan nostalji tramvay\u0131n\u0131n yetersiz kald\u0131\u011f\u0131n\u0131 belirterek s\u00fcrenin daha makul bir seviyeye \u00e7ekilmesi \u00e7a\u011fr\u0131s\u0131nda bulundu. \u0130STANBUL\u2019DA 2O DAK\u0130KA \u0130stanbul\u2019da nostalji tramvay\u0131, Avrupa Yakas\u0131\u2019nda Taksim-T\u00fcnel (T2), Anadolu Yakas\u0131\u2019nda ise Kad\u0131k\u00f6y-Moda (T3) hatlar\u0131nda \u00e7al\u0131\u015f\u0131yor. Taksim-T\u00fcnel hatt\u0131 1990 y\u0131l\u0131nda \u0130stiklal Caddesi\u2019nin yayala\u015ft\u0131r\u0131lmas\u0131yla birlikte hizmete girdi. Kad\u0131k\u00f6y-Moda hatt\u0131 ise 2003 y\u0131l\u0131nda devreye al\u0131nd\u0131. Bu hatlarda tramvaylar, hafta i\u00e7i ve hafta sonu sabah 07.00\u2019den itibaren \u00e7al\u0131\u015f\u0131yor ve ortalama 20 dakikada bir sefer d\u00fczenleniyor. BURSA 20 DAK\u0130KA Bursa\u2019da nostalji tramvay\u0131 2010 y\u0131l\u0131nda hayata ge\u00e7ti. Zafer Plaza ile \u00c7\u0131nar\u00f6n\u00fc aras\u0131nda uzanan T3 hatt\u0131, 13 istasyondan olu\u015fuyor. Sabah saat 07.00\u2019de ba\u015flayan seferler, gece 23.00\u2019e kadar devam ediyor. &hellip;","og_url":"https:\/\/denizcankizil.tr\/de\/haberler\/gundem\/antalyada-nostalji-tramvay-cilesi-turkiyede-son-sirada-yer-aldik\/","og_site_name":"Av. Deniz Can K\u0131z\u0131l","article_published_time":"2025-05-23T09:41:24+00:00","author":"Antalya K\u00f6rfez","twitter_card":"summary_large_image","twitter_misc":{"Verfasst von":"Antalya K\u00f6rfez","Gesch\u00e4tzte Lesezeit":"2\u00a0Minuten"},"schema":{"@context":"https:\/\/schema.org","@graph":[{"@type":"Article","@id":"https:\/\/denizcankizil.tr\/de\/haberler\/gundem\/antalyada-nostalji-tramvay-cilesi-turkiyede-son-sirada-yer-aldik\/#article","isPartOf":{"@id":"https:\/\/denizcankizil.tr\/de\/haberler\/gundem\/antalyada-nostalji-tramvay-cilesi-turkiyede-son-sirada-yer-aldik\/"},"author":{"name":"Antalya K\u00f6rfez","@id":"https:\/\/denizcankizil.tr\/#\/schema\/person\/e1eb71bb4dd684d46563f0af307e1234"},"headline":"Antalya\u2019da nostalji tramvay \u00e7ilesi: T\u00fcrkiye\u2019de son s\u0131rada yer ald\u0131k","datePublished":"2025-05-23T09:41:24+00:00","mainEntityOfPage":{"@id":"https:\/\/denizcankizil.tr\/de\/haberler\/gundem\/antalyada-nostalji-tramvay-cilesi-turkiyede-son-sirada-yer-aldik\/"},"wordCount":465,"publisher":{"@id":"https:\/\/denizcankizil.tr\/#organization"},"articleSection":["G\u00fcndem"],"inLanguage":"de"},{"@type":"WebPage","@id":"https:\/\/denizcankizil.tr\/de\/haberler\/gundem\/antalyada-nostalji-tramvay-cilesi-turkiyede-son-sirada-yer-aldik\/","url":"https:\/\/denizcankizil.tr\/de\/haberler\/gundem\/antalyada-nostalji-tramvay-cilesi-turkiyede-son-sirada-yer-aldik\/","name":"Antalya\u2019da nostalji tramvay \u00e7ilesi: T\u00fcrkiye\u2019de son s\u0131rada yer ald\u0131k - Av. Deniz Can K\u0131z\u0131l","isPartOf":{"@id":"https:\/\/denizcankizil.tr\/#website"},"datePublished":"2025-05-23T09:41:24+00:00","breadcrumb":{"@id":"https:\/\/denizcankizil.tr\/de\/haberler\/gundem\/antalyada-nostalji-tramvay-cilesi-turkiyede-son-sirada-yer-aldik\/#breadcrumb"},"inLanguage":"de","potentialAction":[{"@type":"ReadAction","target":["https:\/\/denizcankizil.tr\/de\/haberler\/gundem\/antalyada-nostalji-tramvay-cilesi-turkiyede-son-sirada-yer-aldik\/"]}]},{"@type":"BreadcrumbList","@id":"https:\/\/denizcankizil.tr\/de\/haberler\/gundem\/antalyada-nostalji-tramvay-cilesi-turkiyede-son-sirada-yer-aldik\/#breadcrumb","itemListElement":[{"@type":"ListItem","position":1,"name":"Home","item":"https:\/\/denizcankizil.tr\/uk\/"},{"@type":"ListItem","position":2,"name":"Antalya\u2019da nostalji tramvay \u00e7ilesi: T\u00fcrkiye\u2019de son s\u0131rada yer ald\u0131k"}]},{"@type":"WebSite","@id":"https:\/\/denizcankizil.tr\/#website","url":"https:\/\/denizcankizil.tr\/","name":"Av. Deniz Can K\u0131z\u0131l","description":"Avukat Deniz Can K\u0131z\u0131l Antalya Barosu","publisher":{"@id":"https:\/\/denizcankizil.tr\/#organization"},"potentialAction":[{"@type":"SearchAction","target":{"@type":"EntryPoint","urlTemplate":"https:\/\/denizcankizil.tr\/?s={search_term_string}"},"query-input":{"@type":"PropertyValueSpecification","valueRequired":true,"valueName":"search_term_string"}}],"inLanguage":"de"},{"@type":"Organization","@id":"https:\/\/denizcankizil.tr\/#organization","name":"Av. Deniz Can K\u0131z\u0131l","url":"https:\/\/denizcankizil.tr\/","logo":{"@type":"ImageObject","inLanguage":"de","@id":"https:\/\/denizcankizil.tr\/#\/schema\/logo\/image\/","url":"https:\/\/denizcankizil.tr\/wp-content\/uploads\/2024\/10\/siyah-logo-svg.svg","contentUrl":"https:\/\/denizcankizil.tr\/wp-content\/uploads\/2024\/10\/siyah-logo-svg.svg","width":1080,"height":1080,"caption":"Av. Deniz Can K\u0131z\u0131l"},"image":{"@id":"https:\/\/denizcankizil.tr\/#\/schema\/logo\/image\/"}},{"@type":"Person","@id":"https:\/\/denizcankizil.tr\/#\/schema\/person\/e1eb71bb4dd684d46563f0af307e1234","name":"Antalya K\u00f6rfez","image":{"@type":"ImageObject","inLanguage":"de","@id":"https:\/\/denizcankizil.tr\/#\/schema\/person\/image\/","url":"https:\/\/secure.gravatar.com\/avatar\/42b01982558a48a0b501fdcab6a408d3717ea5919095ee2e67b0e521799c5905?s=96&d=mm&r=g","contentUrl":"https:\/\/secure.gravatar.com\/avatar\/42b01982558a48a0b501fdcab6a408d3717ea5919095ee2e67b0e521799c5905?s=96&d=mm&r=g","caption":"Antalya K\u00f6rfez"},"sameAs":["http:\/\/www.antalyakorfez.com"],"url":"https:\/\/www.antalyakorfez.com\/antalyada-nostalji-tramvay-cilesi-turkiyede-son-sirada-yer-aldik"}]}},"_links":{"self":[{"href":"https:\/\/denizcankizil.tr\/de\/wp-json\/wp\/v2\/posts\/94688","targetHints":{"allow":["GET"]}}],"collection":[{"href":"https:\/\/denizcankizil.tr\/de\/wp-json\/wp\/v2\/posts"}],"about":[{"href":"https:\/\/denizcankizil.tr\/de\/wp-json\/wp\/v2\/types\/post"}],"author":[{"embeddable":true,"href":"https:\/\/denizcankizil.tr\/de\/wp-json\/wp\/v2\/users\/5"}],"replies":[{"embeddable":true,"href":"https:\/\/denizcankizil.tr\/de\/wp-json\/wp\/v2\/comments?post=94688"}],"version-history":[{"count":0,"href":"https:\/\/denizcankizil.tr\/de\/wp-json\/wp\/v2\/posts\/94688\/revisions"}],"wp:attachment":[{"href":"https:\/\/denizcankizil.tr\/de\/wp-json\/wp\/v2\/media?parent=94688"}],"wp:term":[{"taxonomy":"category","embeddable":true,"href":"https:\/\/denizcankizil.tr\/de\/wp-json\/wp\/v2\/categories?post=94688"},{"taxonomy":"post_tag","embeddable":true,"href":"https:\/\/denizcankizil.tr\/de\/wp-json\/wp\/v2\/tags?post=94688"}],"curies":[{"name":"wp","href":"https:\/\/api.w.org\/{rel}","templated":true}]}}