{"id":94662,"date":"2025-05-23T11:41:20","date_gmt":"2025-05-23T08:41:20","guid":{"rendered":"https:\/\/denizcankizil.tr\/uncategorized-tr\/hedef-18-milyon\/"},"modified":"2025-05-23T11:41:20","modified_gmt":"2025-05-23T08:41:20","slug":"hedef-18-milyon","status":"publish","type":"post","link":"https:\/\/denizcankizil.tr\/de\/haberler\/antalya\/hedef-18-milyon\/","title":{"rendered":"Hedef 18 milyon"},"content":{"rendered":"<p>Turizm sekt\u00f6r\u00fcn\u00fcn bu y\u0131l \u00e7ok zor bir k\u0131\u015f d\u00f6nemi ge\u00e7irdi\u011fini belirten AKTOB Ba\u015fkan\u0131 Kaan Ka\u015fif Kavalo\u011flu, ilk \u00fc\u00e7 ay turist say\u0131s\u0131nda y\u00fczde 20 gerileme oldu\u011funu s\u00f6yledi. Kavalo\u011flu, &#8220;Ama nisan ay\u0131 o kadar iyi geldi ki o y\u00fczde 20 gerili\u011fi kapatt\u0131k. \u015eu an may\u0131s ay\u0131nda Antalya&#8217;ya gelen ki\u015fi say\u0131s\u0131 3 milyonu ge\u00e7ti. Hemen hemen ge\u00e7en sene ile ayn\u0131 rakamday\u0131z. Yakla\u015f\u0131k 50-60 bin ki\u015fi geriden geliyoruz. Haziran sonunda bu eksi\u011fin kapanaca\u011f\u0131n\u0131 g\u00f6r\u00fcyor, y\u00fczde 5 art\u0131ya ge\u00e7ece\u011fimizi d\u00fc\u015f\u00fcn\u00fcyorum. \u00c7\u00fcnk\u00fc haziranda hem tatil d\u00f6nemleri var hem de ge\u00e7en sene Avrupa Futbol \u015eampiyonas\u0131&#8217;ndan dolay\u0131 gelemeyen turist profili olmu\u015ftu. Bu sene \u00f6yle problem ya\u015famayaca\u011f\u0131m\u0131z\u0131 ve haziran ay\u0131n\u0131n \u00e7ok iyi ge\u00e7ece\u011fini d\u00fc\u015f\u00fcn\u00fcyorum&#8221; dedi.<\/p>\n<p>&#8216;\u0130HT\u0130MAL\u0130 B\u0130LE G\u00d6ZLER\u0130M\u0130Z\u0130 PARLATIYOR&#8217;<\/p>\n<p>Rusya-Ukrayna sava\u015f\u0131n\u0131n sona erdirilmesi i\u00e7in \u0130stanbul&#8217;daki g\u00f6r\u00fc\u015fmeler ve Antalya&#8217;daki NATO D\u0131\u015fi\u015fleri Bakanlar\u0131 toplant\u0131s\u0131n\u0131n etkilerine de de\u011finen Kavalo\u011flu, &#8220;Antalya&#8217;da d\u00fczenlenen Diplomasi Forumu, NATO Zirvesi ve bar\u0131\u015f g\u00f6r\u00fc\u015fmelerinin \u0130stanbul&#8217;da olmas\u0131 tabii ki \u00e7ok de\u011ferli. Jeopolitik olarak hepimiz T\u00fcrkiye&#8217;nin \u00f6neminin fark\u0131nday\u0131z, \u00e7ok de\u011ferli bir toprakta ya\u015f\u0131yoruz. Bu \u00fclkenin birer ferdi olarak bizim i\u00e7in gurur verici \u015feyler. Dolay\u0131s\u0131yla b\u00fct\u00fcn d\u00fcnya g\u00fcndemini \u00fclkemizde tutuyor. T\u00fcrkiye zaten kalbi turizmle \u00e7arpan bir \u00fclke; hem siyasi anlamda hem jeopolitik anlamda \u00f6nemini t\u00fcm d\u00fcnya biliyor. Bizim \u00fczerimize d\u00fc\u015fen de \u00fclkemize gelen turistlerin mutlu \u015fekilde kendi \u00fclkelerine d\u00f6nmeleri. Bu bizim i\u00e7in ciddi anlamda referans noktas\u0131. Dolay\u0131s\u0131yla Rusya-Ukrayna sava\u015f\u0131n\u0131n bitme ihtimali bile g\u00f6zlerimizi parlat\u0131yor. \u00c7\u00fcnk\u00fc siz de takdir edersiniz ki bu iki \u00fclke bizim en b\u00fcy\u00fck kaynak pazarlar\u0131m\u0131zdan&#8221; dedi.<\/p>\n<p>&#8216;BU SAVA\u015e \u0130LE \u00c7OK B\u00dcY\u00dcK DE\u011e\u0130\u015e\u0130KL\u0130KLER OLDU&#8217;<\/p>\n<p>Sava\u015f nedeniyle Rusya&#8217;dan gelen say\u0131n\u0131n d\u00fc\u015ft\u00fc\u011f\u00fcn\u00fc, Ukrayna&#8217;dan da tamamen bitti\u011fini kaydeden Kavalo\u011flu, &#8220;Bu sava\u015f ile \u00e7ok b\u00fcy\u00fck de\u011fi\u015fiklikler oldu. Ukrayna tamamen bitti, neredeyse 1,5 milyonu bulmu\u015f bir Ukrayna vard\u0131. \u015eu an bu say\u0131 300-400 binlere d\u00fc\u015ft\u00fc. \u0130srail&#8217;de ya\u015fanan durum s\u00f6z konusu, yakla\u015f\u0131k 500 bin ki\u015filik kay\u0131p da \u0130srail&#8217;den var. Dolay\u0131s\u0131yla Rusya ile Ukrayna sava\u015f\u0131n\u0131n bitmesi durumunda eski rakamlar\u0131m\u0131za kavu\u015fabilece\u011fimizi d\u00fc\u015f\u00fcn\u00fcyorum. Bu sene i\u00e7in Antalya&#8217;n\u0131n toplamda 18 milyon hedefi var. Bu hedefin de tutturulaca\u011f\u0131na inan\u0131yorum&#8221; diye konu\u015ftu.<\/p>\n<p>YEN\u0130 PAPA&#8217;NIN T\u00dcRK\u0130YE&#8217;YE GEL\u0130\u015e\u0130<\/p>\n<p>Kavalo\u011flu, bar\u0131\u015f g\u00f6r\u00fc\u015fmeleri ile uluslararas\u0131 toplant\u0131lar\u0131n Antalya ve \u0130stanbul&#8217;da ger\u00e7ekle\u015ftirildi\u011fini, bunun da T\u00fcrkiye turizmi a\u00e7\u0131s\u0131ndan \u00e7ok b\u00fcy\u00fck avantaj oldu\u011funu ifade etti. Kavalo\u011flu ayr\u0131ca yeni se\u00e7ilen Papa 14&#8217;\u00fcnc\u00fc Leo&#8217;nun Birinci \u0130znik Konsili&#8217;nin 1700&#8217;\u00fcnc\u00fc y\u0131l d\u00f6n\u00fcm\u00fc dolay\u0131s\u0131yla T\u00fcrkiye&#8217;ye gelebilece\u011fini, bu ziyaretin turizm sekt\u00f6r\u00fc i\u00e7in \u00e7ok de\u011ferli olaca\u011f\u0131n\u0131 s\u00f6yledi.<\/p>\n<p>Kaynak: www.kanalv.com.tr Haber Sitesinden Al\u0131nm\u0131\u015ft\u0131r.<\/p>","protected":false},"excerpt":{"rendered":"<p>Turizm sekt\u00f6r\u00fcn\u00fcn bu y\u0131l \u00e7ok zor bir k\u0131\u015f d\u00f6nemi ge\u00e7irdi\u011fini belirten AKTOB Ba\u015fkan\u0131 Kaan Ka\u015fif Kavalo\u011flu, ilk \u00fc\u00e7 ay turist say\u0131s\u0131nda y\u00fczde 20 gerileme oldu\u011funu s\u00f6yledi. Kavalo\u011flu, &#8220;Ama nisan ay\u0131 o kadar iyi geldi ki o y\u00fczde 20 gerili\u011fi kapatt\u0131k. \u015eu an may\u0131s ay\u0131nda Antalya&#8217;ya gelen ki\u015fi say\u0131s\u0131 3 milyonu ge\u00e7ti. Hemen hemen ge\u00e7en sene ile ayn\u0131 rakamday\u0131z. Yakla\u015f\u0131k 50-60 bin ki\u015fi geriden geliyoruz. Haziran sonunda bu eksi\u011fin kapanaca\u011f\u0131n\u0131 g\u00f6r\u00fcyor, y\u00fczde 5 art\u0131ya ge\u00e7ece\u011fimizi d\u00fc\u015f\u00fcn\u00fcyorum. \u00c7\u00fcnk\u00fc haziranda hem tatil d\u00f6nemleri var hem de ge\u00e7en sene Avrupa Futbol \u015eampiyonas\u0131&#8217;ndan dolay\u0131 gelemeyen turist profili olmu\u015ftu. Bu sene \u00f6yle problem ya\u015famayaca\u011f\u0131m\u0131z\u0131 ve haziran ay\u0131n\u0131n \u00e7ok iyi ge\u00e7ece\u011fini d\u00fc\u015f\u00fcn\u00fcyorum&#8221; dedi. &#8216;\u0130HT\u0130MAL\u0130 B\u0130LE G\u00d6ZLER\u0130M\u0130Z\u0130 PARLATIYOR&#8217; Rusya-Ukrayna sava\u015f\u0131n\u0131n sona erdirilmesi i\u00e7in \u0130stanbul&#8217;daki g\u00f6r\u00fc\u015fmeler ve Antalya&#8217;daki NATO D\u0131\u015fi\u015fleri Bakanlar\u0131 toplant\u0131s\u0131n\u0131n etkilerine de de\u011finen Kavalo\u011flu, &#8220;Antalya&#8217;da d\u00fczenlenen Diplomasi Forumu, NATO Zirvesi ve bar\u0131\u015f g\u00f6r\u00fc\u015fmelerinin \u0130stanbul&#8217;da olmas\u0131 tabii ki \u00e7ok de\u011ferli. Jeopolitik olarak hepimiz T\u00fcrkiye&#8217;nin \u00f6neminin fark\u0131nday\u0131z, \u00e7ok de\u011ferli bir toprakta ya\u015f\u0131yoruz. Bu \u00fclkenin birer ferdi olarak bizim i\u00e7in gurur verici \u015feyler. Dolay\u0131s\u0131yla b\u00fct\u00fcn d\u00fcnya g\u00fcndemini \u00fclkemizde tutuyor. T\u00fcrkiye zaten kalbi turizmle \u00e7arpan bir \u00fclke; hem siyasi anlamda hem jeopolitik anlamda \u00f6nemini t\u00fcm d\u00fcnya biliyor. Bizim \u00fczerimize d\u00fc\u015fen de \u00fclkemize gelen turistlerin mutlu \u015fekilde kendi \u00fclkelerine d\u00f6nmeleri. Bu bizim &hellip;<\/p>","protected":false},"author":4,"featured_media":0,"comment_status":"","ping_status":"open","sticky":false,"template":"","format":"standard","meta":{"_acf_changed":false,"footnotes":""},"categories":[26],"tags":[],"class_list":["post-94662","post","type-post","status-publish","format-standard","hentry","category-antalya"],"acf":[],"yoast_head":"<!-- This site is optimized with the Yoast SEO Premium plugin v26.6 (Yoast SEO v27.1.1) - https:\/\/yoast.com\/product\/yoast-seo-premium-wordpress\/ -->\n<title>Hedef 18 milyon - Av. Deniz Can K\u0131z\u0131l<\/title>\n<meta name=\"robots\" content=\"index, follow, max-snippet:-1, max-image-preview:large, max-video-preview:-1\" \/>\n<link rel=\"canonical\" href=\"https:\/\/denizcankizil.tr\/de\/haberler\/antalya\/hedef-18-milyon\/\" \/>\n<meta property=\"og:locale\" content=\"de_DE\" \/>\n<meta property=\"og:type\" content=\"article\" \/>\n<meta property=\"og:title\" content=\"Hedef 18 milyon\" \/>\n<meta property=\"og:description\" content=\"Turizm sekt\u00f6r\u00fcn\u00fcn bu y\u0131l \u00e7ok zor bir k\u0131\u015f d\u00f6nemi ge\u00e7irdi\u011fini belirten AKTOB Ba\u015fkan\u0131 Kaan Ka\u015fif Kavalo\u011flu, ilk \u00fc\u00e7 ay turist say\u0131s\u0131nda y\u00fczde 20 gerileme oldu\u011funu s\u00f6yledi. Kavalo\u011flu, &#8220;Ama nisan ay\u0131 o kadar iyi geldi ki o y\u00fczde 20 gerili\u011fi kapatt\u0131k. \u015eu an may\u0131s ay\u0131nda Antalya&#8217;ya gelen ki\u015fi say\u0131s\u0131 3 milyonu ge\u00e7ti. Hemen hemen ge\u00e7en sene ile ayn\u0131 rakamday\u0131z. Yakla\u015f\u0131k 50-60 bin ki\u015fi geriden geliyoruz. Haziran sonunda bu eksi\u011fin kapanaca\u011f\u0131n\u0131 g\u00f6r\u00fcyor, y\u00fczde 5 art\u0131ya ge\u00e7ece\u011fimizi d\u00fc\u015f\u00fcn\u00fcyorum. \u00c7\u00fcnk\u00fc haziranda hem tatil d\u00f6nemleri var hem de ge\u00e7en sene Avrupa Futbol \u015eampiyonas\u0131&#8217;ndan dolay\u0131 gelemeyen turist profili olmu\u015ftu. Bu sene \u00f6yle problem ya\u015famayaca\u011f\u0131m\u0131z\u0131 ve haziran ay\u0131n\u0131n \u00e7ok iyi ge\u00e7ece\u011fini d\u00fc\u015f\u00fcn\u00fcyorum&#8221; dedi. &#8216;\u0130HT\u0130MAL\u0130 B\u0130LE G\u00d6ZLER\u0130M\u0130Z\u0130 PARLATIYOR&#8217; Rusya-Ukrayna sava\u015f\u0131n\u0131n sona erdirilmesi i\u00e7in \u0130stanbul&#8217;daki g\u00f6r\u00fc\u015fmeler ve Antalya&#8217;daki NATO D\u0131\u015fi\u015fleri Bakanlar\u0131 toplant\u0131s\u0131n\u0131n etkilerine de de\u011finen Kavalo\u011flu, &#8220;Antalya&#8217;da d\u00fczenlenen Diplomasi Forumu, NATO Zirvesi ve bar\u0131\u015f g\u00f6r\u00fc\u015fmelerinin \u0130stanbul&#8217;da olmas\u0131 tabii ki \u00e7ok de\u011ferli. Jeopolitik olarak hepimiz T\u00fcrkiye&#8217;nin \u00f6neminin fark\u0131nday\u0131z, \u00e7ok de\u011ferli bir toprakta ya\u015f\u0131yoruz. Bu \u00fclkenin birer ferdi olarak bizim i\u00e7in gurur verici \u015feyler. Dolay\u0131s\u0131yla b\u00fct\u00fcn d\u00fcnya g\u00fcndemini \u00fclkemizde tutuyor. T\u00fcrkiye zaten kalbi turizmle \u00e7arpan bir \u00fclke; hem siyasi anlamda hem jeopolitik anlamda \u00f6nemini t\u00fcm d\u00fcnya biliyor. Bizim \u00fczerimize d\u00fc\u015fen de \u00fclkemize gelen turistlerin mutlu \u015fekilde kendi \u00fclkelerine d\u00f6nmeleri. Bu bizim &hellip;\" \/>\n<meta property=\"og:url\" content=\"https:\/\/denizcankizil.tr\/de\/haberler\/antalya\/hedef-18-milyon\/\" \/>\n<meta property=\"og:site_name\" content=\"Av. Deniz Can K\u0131z\u0131l\" \/>\n<meta property=\"article:published_time\" content=\"2025-05-23T08:41:20+00:00\" \/>\n<meta name=\"author\" content=\"Av. Deniz Can K\u0131z\u0131l\" \/>\n<meta name=\"twitter:card\" content=\"summary_large_image\" \/>\n<meta name=\"twitter:label1\" content=\"Verfasst von\" \/>\n\t<meta name=\"twitter:data1\" content=\"Av. Deniz Can K\u0131z\u0131l\" \/>\n\t<meta name=\"twitter:label2\" content=\"Gesch\u00e4tzte Lesezeit\" \/>\n\t<meta name=\"twitter:data2\" content=\"3\u00a0Minuten\" \/>\n<script type=\"application\/ld+json\" class=\"yoast-schema-graph\">{\"@context\":\"https:\/\/schema.org\",\"@graph\":[{\"@type\":\"Article\",\"@id\":\"https:\/\/denizcankizil.tr\/ru\/haberler\/antalya\/hedef-18-milyon\/#article\",\"isPartOf\":{\"@id\":\"https:\/\/denizcankizil.tr\/ru\/haberler\/antalya\/hedef-18-milyon\/\"},\"author\":{\"name\":\"Av. Deniz Can K\u0131z\u0131l\",\"@id\":\"https:\/\/denizcankizil.tr\/#\/schema\/person\/5dc1b22991bd7ac833867c10afc9b0ff\"},\"headline\":\"Hedef 18 milyon\",\"datePublished\":\"2025-05-23T08:41:20+00:00\",\"mainEntityOfPage\":{\"@id\":\"https:\/\/denizcankizil.tr\/ru\/haberler\/antalya\/hedef-18-milyon\/\"},\"wordCount\":549,\"publisher\":{\"@id\":\"https:\/\/denizcankizil.tr\/#organization\"},\"articleSection\":[\"Antalya\"],\"inLanguage\":\"de\"},{\"@type\":\"WebPage\",\"@id\":\"https:\/\/denizcankizil.tr\/ru\/haberler\/antalya\/hedef-18-milyon\/\",\"url\":\"https:\/\/denizcankizil.tr\/ru\/haberler\/antalya\/hedef-18-milyon\/\",\"name\":\"Hedef 18 milyon - Av. Deniz Can K\u0131z\u0131l\",\"isPartOf\":{\"@id\":\"https:\/\/denizcankizil.tr\/#website\"},\"datePublished\":\"2025-05-23T08:41:20+00:00\",\"breadcrumb\":{\"@id\":\"https:\/\/denizcankizil.tr\/ru\/haberler\/antalya\/hedef-18-milyon\/#breadcrumb\"},\"inLanguage\":\"de\",\"potentialAction\":[{\"@type\":\"ReadAction\",\"target\":[\"https:\/\/denizcankizil.tr\/ru\/haberler\/antalya\/hedef-18-milyon\/\"]}]},{\"@type\":\"BreadcrumbList\",\"@id\":\"https:\/\/denizcankizil.tr\/ru\/haberler\/antalya\/hedef-18-milyon\/#breadcrumb\",\"itemListElement\":[{\"@type\":\"ListItem\",\"position\":1,\"name\":\"Home\",\"item\":\"https:\/\/denizcankizil.tr\/de\/\"},{\"@type\":\"ListItem\",\"position\":2,\"name\":\"Hedef 18 milyon\"}]},{\"@type\":\"WebSite\",\"@id\":\"https:\/\/denizcankizil.tr\/#website\",\"url\":\"https:\/\/denizcankizil.tr\/\",\"name\":\"Av. Deniz Can K\u0131z\u0131l\",\"description\":\"Avukat Deniz Can K\u0131z\u0131l Antalya Barosu\",\"publisher\":{\"@id\":\"https:\/\/denizcankizil.tr\/#organization\"},\"potentialAction\":[{\"@type\":\"SearchAction\",\"target\":{\"@type\":\"EntryPoint\",\"urlTemplate\":\"https:\/\/denizcankizil.tr\/?s={search_term_string}\"},\"query-input\":{\"@type\":\"PropertyValueSpecification\",\"valueRequired\":true,\"valueName\":\"search_term_string\"}}],\"inLanguage\":\"de\"},{\"@type\":\"Organization\",\"@id\":\"https:\/\/denizcankizil.tr\/#organization\",\"name\":\"Av. Deniz Can K\u0131z\u0131l\",\"url\":\"https:\/\/denizcankizil.tr\/\",\"logo\":{\"@type\":\"ImageObject\",\"inLanguage\":\"de\",\"@id\":\"https:\/\/denizcankizil.tr\/#\/schema\/logo\/image\/\",\"url\":\"https:\/\/denizcankizil.tr\/wp-content\/uploads\/2024\/10\/siyah-logo-svg.svg\",\"contentUrl\":\"https:\/\/denizcankizil.tr\/wp-content\/uploads\/2024\/10\/siyah-logo-svg.svg\",\"width\":1080,\"height\":1080,\"caption\":\"Av. Deniz Can K\u0131z\u0131l\"},\"image\":{\"@id\":\"https:\/\/denizcankizil.tr\/#\/schema\/logo\/image\/\"}},{\"@type\":\"Person\",\"@id\":\"https:\/\/denizcankizil.tr\/#\/schema\/person\/5dc1b22991bd7ac833867c10afc9b0ff\",\"name\":\"Av. Deniz Can K\u0131z\u0131l\",\"image\":{\"@type\":\"ImageObject\",\"inLanguage\":\"de\",\"@id\":\"https:\/\/denizcankizil.tr\/#\/schema\/person\/image\/\",\"url\":\"https:\/\/secure.gravatar.com\/avatar\/a0b128fb9855c79efc976d5640eedb31dc35ec297594d6016d2cf7c60e975bb6?s=96&d=mm&r=g\",\"contentUrl\":\"https:\/\/secure.gravatar.com\/avatar\/a0b128fb9855c79efc976d5640eedb31dc35ec297594d6016d2cf7c60e975bb6?s=96&d=mm&r=g\",\"caption\":\"Av. Deniz Can K\u0131z\u0131l\"},\"sameAs\":[\"http:\/\/www.denizcankizil.tr\"],\"url\":\"https:\/\/denizcankizil.tr\/de\/author\/denizcankizil\/\"}]}<\/script>\n<!-- \/ Yoast SEO Premium plugin. -->","yoast_head_json":{"title":"Hedef 18 milyon - Av. Deniz Can K\u0131z\u0131l","robots":{"index":"index","follow":"follow","max-snippet":"max-snippet:-1","max-image-preview":"max-image-preview:large","max-video-preview":"max-video-preview:-1"},"canonical":"https:\/\/denizcankizil.tr\/de\/haberler\/antalya\/hedef-18-milyon\/","og_locale":"de_DE","og_type":"article","og_title":"Hedef 18 milyon","og_description":"Turizm sekt\u00f6r\u00fcn\u00fcn bu y\u0131l \u00e7ok zor bir k\u0131\u015f d\u00f6nemi ge\u00e7irdi\u011fini belirten AKTOB Ba\u015fkan\u0131 Kaan Ka\u015fif Kavalo\u011flu, ilk \u00fc\u00e7 ay turist say\u0131s\u0131nda y\u00fczde 20 gerileme oldu\u011funu s\u00f6yledi. Kavalo\u011flu, &#8220;Ama nisan ay\u0131 o kadar iyi geldi ki o y\u00fczde 20 gerili\u011fi kapatt\u0131k. \u015eu an may\u0131s ay\u0131nda Antalya&#8217;ya gelen ki\u015fi say\u0131s\u0131 3 milyonu ge\u00e7ti. Hemen hemen ge\u00e7en sene ile ayn\u0131 rakamday\u0131z. Yakla\u015f\u0131k 50-60 bin ki\u015fi geriden geliyoruz. Haziran sonunda bu eksi\u011fin kapanaca\u011f\u0131n\u0131 g\u00f6r\u00fcyor, y\u00fczde 5 art\u0131ya ge\u00e7ece\u011fimizi d\u00fc\u015f\u00fcn\u00fcyorum. \u00c7\u00fcnk\u00fc haziranda hem tatil d\u00f6nemleri var hem de ge\u00e7en sene Avrupa Futbol \u015eampiyonas\u0131&#8217;ndan dolay\u0131 gelemeyen turist profili olmu\u015ftu. Bu sene \u00f6yle problem ya\u015famayaca\u011f\u0131m\u0131z\u0131 ve haziran ay\u0131n\u0131n \u00e7ok iyi ge\u00e7ece\u011fini d\u00fc\u015f\u00fcn\u00fcyorum&#8221; dedi. &#8216;\u0130HT\u0130MAL\u0130 B\u0130LE G\u00d6ZLER\u0130M\u0130Z\u0130 PARLATIYOR&#8217; Rusya-Ukrayna sava\u015f\u0131n\u0131n sona erdirilmesi i\u00e7in \u0130stanbul&#8217;daki g\u00f6r\u00fc\u015fmeler ve Antalya&#8217;daki NATO D\u0131\u015fi\u015fleri Bakanlar\u0131 toplant\u0131s\u0131n\u0131n etkilerine de de\u011finen Kavalo\u011flu, &#8220;Antalya&#8217;da d\u00fczenlenen Diplomasi Forumu, NATO Zirvesi ve bar\u0131\u015f g\u00f6r\u00fc\u015fmelerinin \u0130stanbul&#8217;da olmas\u0131 tabii ki \u00e7ok de\u011ferli. Jeopolitik olarak hepimiz T\u00fcrkiye&#8217;nin \u00f6neminin fark\u0131nday\u0131z, \u00e7ok de\u011ferli bir toprakta ya\u015f\u0131yoruz. Bu \u00fclkenin birer ferdi olarak bizim i\u00e7in gurur verici \u015feyler. Dolay\u0131s\u0131yla b\u00fct\u00fcn d\u00fcnya g\u00fcndemini \u00fclkemizde tutuyor. T\u00fcrkiye zaten kalbi turizmle \u00e7arpan bir \u00fclke; hem siyasi anlamda hem jeopolitik anlamda \u00f6nemini t\u00fcm d\u00fcnya biliyor. Bizim \u00fczerimize d\u00fc\u015fen de \u00fclkemize gelen turistlerin mutlu \u015fekilde kendi \u00fclkelerine d\u00f6nmeleri. Bu bizim &hellip;","og_url":"https:\/\/denizcankizil.tr\/de\/haberler\/antalya\/hedef-18-milyon\/","og_site_name":"Av. Deniz Can K\u0131z\u0131l","article_published_time":"2025-05-23T08:41:20+00:00","author":"Av. Deniz Can K\u0131z\u0131l","twitter_card":"summary_large_image","twitter_misc":{"Verfasst von":"Av. Deniz Can K\u0131z\u0131l","Gesch\u00e4tzte Lesezeit":"3\u00a0Minuten"},"schema":{"@context":"https:\/\/schema.org","@graph":[{"@type":"Article","@id":"https:\/\/denizcankizil.tr\/ru\/haberler\/antalya\/hedef-18-milyon\/#article","isPartOf":{"@id":"https:\/\/denizcankizil.tr\/ru\/haberler\/antalya\/hedef-18-milyon\/"},"author":{"name":"Av. Deniz Can K\u0131z\u0131l","@id":"https:\/\/denizcankizil.tr\/#\/schema\/person\/5dc1b22991bd7ac833867c10afc9b0ff"},"headline":"Hedef 18 milyon","datePublished":"2025-05-23T08:41:20+00:00","mainEntityOfPage":{"@id":"https:\/\/denizcankizil.tr\/ru\/haberler\/antalya\/hedef-18-milyon\/"},"wordCount":549,"publisher":{"@id":"https:\/\/denizcankizil.tr\/#organization"},"articleSection":["Antalya"],"inLanguage":"de"},{"@type":"WebPage","@id":"https:\/\/denizcankizil.tr\/ru\/haberler\/antalya\/hedef-18-milyon\/","url":"https:\/\/denizcankizil.tr\/ru\/haberler\/antalya\/hedef-18-milyon\/","name":"Hedef 18 milyon - Av. Deniz Can K\u0131z\u0131l","isPartOf":{"@id":"https:\/\/denizcankizil.tr\/#website"},"datePublished":"2025-05-23T08:41:20+00:00","breadcrumb":{"@id":"https:\/\/denizcankizil.tr\/ru\/haberler\/antalya\/hedef-18-milyon\/#breadcrumb"},"inLanguage":"de","potentialAction":[{"@type":"ReadAction","target":["https:\/\/denizcankizil.tr\/ru\/haberler\/antalya\/hedef-18-milyon\/"]}]},{"@type":"BreadcrumbList","@id":"https:\/\/denizcankizil.tr\/ru\/haberler\/antalya\/hedef-18-milyon\/#breadcrumb","itemListElement":[{"@type":"ListItem","position":1,"name":"Home","item":"https:\/\/denizcankizil.tr\/de\/"},{"@type":"ListItem","position":2,"name":"Hedef 18 milyon"}]},{"@type":"WebSite","@id":"https:\/\/denizcankizil.tr\/#website","url":"https:\/\/denizcankizil.tr\/","name":"Av. Deniz Can K\u0131z\u0131l","description":"Avukat Deniz Can K\u0131z\u0131l Antalya Barosu","publisher":{"@id":"https:\/\/denizcankizil.tr\/#organization"},"potentialAction":[{"@type":"SearchAction","target":{"@type":"EntryPoint","urlTemplate":"https:\/\/denizcankizil.tr\/?s={search_term_string}"},"query-input":{"@type":"PropertyValueSpecification","valueRequired":true,"valueName":"search_term_string"}}],"inLanguage":"de"},{"@type":"Organization","@id":"https:\/\/denizcankizil.tr\/#organization","name":"Av. Deniz Can K\u0131z\u0131l","url":"https:\/\/denizcankizil.tr\/","logo":{"@type":"ImageObject","inLanguage":"de","@id":"https:\/\/denizcankizil.tr\/#\/schema\/logo\/image\/","url":"https:\/\/denizcankizil.tr\/wp-content\/uploads\/2024\/10\/siyah-logo-svg.svg","contentUrl":"https:\/\/denizcankizil.tr\/wp-content\/uploads\/2024\/10\/siyah-logo-svg.svg","width":1080,"height":1080,"caption":"Av. Deniz Can K\u0131z\u0131l"},"image":{"@id":"https:\/\/denizcankizil.tr\/#\/schema\/logo\/image\/"}},{"@type":"Person","@id":"https:\/\/denizcankizil.tr\/#\/schema\/person\/5dc1b22991bd7ac833867c10afc9b0ff","name":"Av. Deniz Can K\u0131z\u0131l","image":{"@type":"ImageObject","inLanguage":"de","@id":"https:\/\/denizcankizil.tr\/#\/schema\/person\/image\/","url":"https:\/\/secure.gravatar.com\/avatar\/a0b128fb9855c79efc976d5640eedb31dc35ec297594d6016d2cf7c60e975bb6?s=96&d=mm&r=g","contentUrl":"https:\/\/secure.gravatar.com\/avatar\/a0b128fb9855c79efc976d5640eedb31dc35ec297594d6016d2cf7c60e975bb6?s=96&d=mm&r=g","caption":"Av. Deniz Can K\u0131z\u0131l"},"sameAs":["http:\/\/www.denizcankizil.tr"],"url":"https:\/\/denizcankizil.tr\/de\/author\/denizcankizil\/"}]}},"_links":{"self":[{"href":"https:\/\/denizcankizil.tr\/de\/wp-json\/wp\/v2\/posts\/94662","targetHints":{"allow":["GET"]}}],"collection":[{"href":"https:\/\/denizcankizil.tr\/de\/wp-json\/wp\/v2\/posts"}],"about":[{"href":"https:\/\/denizcankizil.tr\/de\/wp-json\/wp\/v2\/types\/post"}],"author":[{"embeddable":true,"href":"https:\/\/denizcankizil.tr\/de\/wp-json\/wp\/v2\/users\/4"}],"replies":[{"embeddable":true,"href":"https:\/\/denizcankizil.tr\/de\/wp-json\/wp\/v2\/comments?post=94662"}],"version-history":[{"count":0,"href":"https:\/\/denizcankizil.tr\/de\/wp-json\/wp\/v2\/posts\/94662\/revisions"}],"wp:attachment":[{"href":"https:\/\/denizcankizil.tr\/de\/wp-json\/wp\/v2\/media?parent=94662"}],"wp:term":[{"taxonomy":"category","embeddable":true,"href":"https:\/\/denizcankizil.tr\/de\/wp-json\/wp\/v2\/categories?post=94662"},{"taxonomy":"post_tag","embeddable":true,"href":"https:\/\/denizcankizil.tr\/de\/wp-json\/wp\/v2\/tags?post=94662"}],"curies":[{"name":"wp","href":"https:\/\/api.w.org\/{rel}","templated":true}]}}