{"id":94628,"date":"2025-05-23T10:41:32","date_gmt":"2025-05-23T07:41:32","guid":{"rendered":"https:\/\/denizcankizil.tr\/uncategorized-tr\/sahile-gelenler-gorduklerine-inanamadi\/"},"modified":"2025-05-23T10:41:32","modified_gmt":"2025-05-23T07:41:32","slug":"sahile-gelenler-gorduklerine-inanamadi","status":"publish","type":"post","link":"https:\/\/denizcankizil.tr\/de\/haberler\/antalya\/sahile-gelenler-gorduklerine-inanamadi\/","title":{"rendered":"Sahile gelenler g\u00f6rd\u00fcklerine inanamad\u0131"},"content":{"rendered":"<p>Olay, d\u00fcn ak\u015fam Denizkent Sahili&#8217;nde meydana geldi. Denize girmek ve piknik yapmak i\u00e7in sahile gelen vatanda\u015flar\u0131n b\u00fcy\u00fck b\u00f6l\u00fcm\u00fc etrafa yay\u0131lan k\u00f6t\u00fc koku nedeniyle geri d\u00f6nerken, az say\u0131daki vatanda\u015f ise denize girmeye devam etti. \u00c7evredeki vatanda\u015flar \u00e7evreyi kontrol etti\u011finde kokunun nedeninin Denizkent Bal\u0131k\u00e7\u0131 Bar\u0131na\u011f\u0131&#8217;ndaki kayal\u0131klar\u0131n \u00fczerindeki inek le\u015fi oldu\u011fu anla\u015f\u0131ld\u0131. A\u00e7\u0131ktan ge\u00e7en ve hayvan ta\u015f\u0131yan bir gemiden d\u00fc\u015ft\u00fc\u011f\u00fc ya da \u00f6ld\u00fc\u011f\u00fc i\u00e7in at\u0131ld\u0131\u011f\u0131 de\u011ferlendirilen inek le\u015finin kald\u0131r\u0131lmas\u0131 i\u00e7in belediye yetkililerine haber verildi.<\/p>\n<p>Kaynak: www.kanalv.com.tr Haber Sitesinden Al\u0131nm\u0131\u015ft\u0131r.<\/p>","protected":false},"excerpt":{"rendered":"<p>Olay, d\u00fcn ak\u015fam Denizkent Sahili&#8217;nde meydana geldi. Denize girmek ve piknik yapmak i\u00e7in sahile gelen vatanda\u015flar\u0131n b\u00fcy\u00fck b\u00f6l\u00fcm\u00fc etrafa yay\u0131lan k\u00f6t\u00fc koku nedeniyle geri d\u00f6nerken, az say\u0131daki vatanda\u015f ise denize girmeye devam etti. \u00c7evredeki vatanda\u015flar \u00e7evreyi kontrol etti\u011finde kokunun nedeninin Denizkent Bal\u0131k\u00e7\u0131 Bar\u0131na\u011f\u0131&#8217;ndaki kayal\u0131klar\u0131n \u00fczerindeki inek le\u015fi oldu\u011fu anla\u015f\u0131ld\u0131. A\u00e7\u0131ktan ge\u00e7en ve hayvan ta\u015f\u0131yan bir gemiden d\u00fc\u015ft\u00fc\u011f\u00fc ya da \u00f6ld\u00fc\u011f\u00fc i\u00e7in at\u0131ld\u0131\u011f\u0131 de\u011ferlendirilen inek le\u015finin kald\u0131r\u0131lmas\u0131 i\u00e7in belediye yetkililerine haber verildi. Kaynak: www.kanalv.com.tr Haber Sitesinden Al\u0131nm\u0131\u015ft\u0131r.<\/p>","protected":false},"author":4,"featured_media":0,"comment_status":"","ping_status":"open","sticky":false,"template":"","format":"standard","meta":{"_acf_changed":false,"footnotes":""},"categories":[26],"tags":[],"class_list":["post-94628","post","type-post","status-publish","format-standard","hentry","category-antalya"],"acf":[],"yoast_head":"<!-- This site is optimized with the Yoast SEO Premium plugin v26.6 (Yoast SEO v27.1.1) - https:\/\/yoast.com\/product\/yoast-seo-premium-wordpress\/ -->\n<title>Sahile gelenler g\u00f6rd\u00fcklerine inanamad\u0131 - Av. Deniz Can K\u0131z\u0131l<\/title>\n<meta name=\"robots\" content=\"index, follow, max-snippet:-1, max-image-preview:large, max-video-preview:-1\" \/>\n<link rel=\"canonical\" href=\"https:\/\/denizcankizil.tr\/de\/haberler\/antalya\/sahile-gelenler-gorduklerine-inanamadi\/\" \/>\n<meta property=\"og:locale\" content=\"de_DE\" \/>\n<meta property=\"og:type\" content=\"article\" \/>\n<meta property=\"og:title\" content=\"Sahile gelenler g\u00f6rd\u00fcklerine inanamad\u0131\" \/>\n<meta property=\"og:description\" content=\"Olay, d\u00fcn ak\u015fam Denizkent Sahili&#8217;nde meydana geldi. Denize girmek ve piknik yapmak i\u00e7in sahile gelen vatanda\u015flar\u0131n b\u00fcy\u00fck b\u00f6l\u00fcm\u00fc etrafa yay\u0131lan k\u00f6t\u00fc koku nedeniyle geri d\u00f6nerken, az say\u0131daki vatanda\u015f ise denize girmeye devam etti. \u00c7evredeki vatanda\u015flar \u00e7evreyi kontrol etti\u011finde kokunun nedeninin Denizkent Bal\u0131k\u00e7\u0131 Bar\u0131na\u011f\u0131&#8217;ndaki kayal\u0131klar\u0131n \u00fczerindeki inek le\u015fi oldu\u011fu anla\u015f\u0131ld\u0131. A\u00e7\u0131ktan ge\u00e7en ve hayvan ta\u015f\u0131yan bir gemiden d\u00fc\u015ft\u00fc\u011f\u00fc ya da \u00f6ld\u00fc\u011f\u00fc i\u00e7in at\u0131ld\u0131\u011f\u0131 de\u011ferlendirilen inek le\u015finin kald\u0131r\u0131lmas\u0131 i\u00e7in belediye yetkililerine haber verildi. Kaynak: www.kanalv.com.tr Haber Sitesinden Al\u0131nm\u0131\u015ft\u0131r.\" \/>\n<meta property=\"og:url\" content=\"https:\/\/denizcankizil.tr\/de\/haberler\/antalya\/sahile-gelenler-gorduklerine-inanamadi\/\" \/>\n<meta property=\"og:site_name\" content=\"Av. Deniz Can K\u0131z\u0131l\" \/>\n<meta property=\"article:published_time\" content=\"2025-05-23T07:41:32+00:00\" \/>\n<meta name=\"author\" content=\"Av. Deniz Can K\u0131z\u0131l\" \/>\n<meta name=\"twitter:card\" content=\"summary_large_image\" \/>\n<meta name=\"twitter:label1\" content=\"Verfasst von\" \/>\n\t<meta name=\"twitter:data1\" content=\"Av. Deniz Can K\u0131z\u0131l\" \/>\n\t<meta name=\"twitter:label2\" content=\"Gesch\u00e4tzte Lesezeit\" \/>\n\t<meta name=\"twitter:data2\" content=\"1\u00a0Minute\" \/>\n<script type=\"application\/ld+json\" class=\"yoast-schema-graph\">{\"@context\":\"https:\/\/schema.org\",\"@graph\":[{\"@type\":\"Article\",\"@id\":\"https:\/\/denizcankizil.tr\/en\/haberler\/antalya\/sahile-gelenler-gorduklerine-inanamadi\/#article\",\"isPartOf\":{\"@id\":\"https:\/\/denizcankizil.tr\/en\/haberler\/antalya\/sahile-gelenler-gorduklerine-inanamadi\/\"},\"author\":{\"name\":\"Av. Deniz Can K\u0131z\u0131l\",\"@id\":\"https:\/\/denizcankizil.tr\/de\/#\/schema\/person\/5dc1b22991bd7ac833867c10afc9b0ff\"},\"headline\":\"Sahile gelenler g\u00f6rd\u00fcklerine inanamad\u0131\",\"datePublished\":\"2025-05-23T07:41:32+00:00\",\"mainEntityOfPage\":{\"@id\":\"https:\/\/denizcankizil.tr\/en\/haberler\/antalya\/sahile-gelenler-gorduklerine-inanamadi\/\"},\"wordCount\":123,\"publisher\":{\"@id\":\"https:\/\/denizcankizil.tr\/de\/#organization\"},\"articleSection\":[\"Antalya\"],\"inLanguage\":\"de\"},{\"@type\":\"WebPage\",\"@id\":\"https:\/\/denizcankizil.tr\/en\/haberler\/antalya\/sahile-gelenler-gorduklerine-inanamadi\/\",\"url\":\"https:\/\/denizcankizil.tr\/en\/haberler\/antalya\/sahile-gelenler-gorduklerine-inanamadi\/\",\"name\":\"Sahile gelenler g\u00f6rd\u00fcklerine inanamad\u0131 - Av. Deniz Can K\u0131z\u0131l\",\"isPartOf\":{\"@id\":\"https:\/\/denizcankizil.tr\/de\/#website\"},\"datePublished\":\"2025-05-23T07:41:32+00:00\",\"breadcrumb\":{\"@id\":\"https:\/\/denizcankizil.tr\/en\/haberler\/antalya\/sahile-gelenler-gorduklerine-inanamadi\/#breadcrumb\"},\"inLanguage\":\"de\",\"potentialAction\":[{\"@type\":\"ReadAction\",\"target\":[\"https:\/\/denizcankizil.tr\/en\/haberler\/antalya\/sahile-gelenler-gorduklerine-inanamadi\/\"]}]},{\"@type\":\"BreadcrumbList\",\"@id\":\"https:\/\/denizcankizil.tr\/en\/haberler\/antalya\/sahile-gelenler-gorduklerine-inanamadi\/#breadcrumb\",\"itemListElement\":[{\"@type\":\"ListItem\",\"position\":1,\"name\":\"Home\",\"item\":\"https:\/\/denizcankizil.tr\/de\/\"},{\"@type\":\"ListItem\",\"position\":2,\"name\":\"Sahile gelenler g\u00f6rd\u00fcklerine inanamad\u0131\"}]},{\"@type\":\"WebSite\",\"@id\":\"https:\/\/denizcankizil.tr\/de\/#website\",\"url\":\"https:\/\/denizcankizil.tr\/de\/\",\"name\":\"Av. Deniz Can K\u0131z\u0131l\",\"description\":\"Avukat Deniz Can K\u0131z\u0131l Antalya Barosu\",\"publisher\":{\"@id\":\"https:\/\/denizcankizil.tr\/de\/#organization\"},\"potentialAction\":[{\"@type\":\"SearchAction\",\"target\":{\"@type\":\"EntryPoint\",\"urlTemplate\":\"https:\/\/denizcankizil.tr\/de\/?s={search_term_string}\"},\"query-input\":{\"@type\":\"PropertyValueSpecification\",\"valueRequired\":true,\"valueName\":\"search_term_string\"}}],\"inLanguage\":\"de\"},{\"@type\":\"Organization\",\"@id\":\"https:\/\/denizcankizil.tr\/de\/#organization\",\"name\":\"Av. Deniz Can K\u0131z\u0131l\",\"url\":\"https:\/\/denizcankizil.tr\/de\/\",\"logo\":{\"@type\":\"ImageObject\",\"inLanguage\":\"de\",\"@id\":\"https:\/\/denizcankizil.tr\/de\/#\/schema\/logo\/image\/\",\"url\":\"https:\/\/denizcankizil.tr\/wp-content\/uploads\/2024\/10\/siyah-logo-svg.svg\",\"contentUrl\":\"https:\/\/denizcankizil.tr\/wp-content\/uploads\/2024\/10\/siyah-logo-svg.svg\",\"width\":1080,\"height\":1080,\"caption\":\"Av. Deniz Can K\u0131z\u0131l\"},\"image\":{\"@id\":\"https:\/\/denizcankizil.tr\/de\/#\/schema\/logo\/image\/\"}},{\"@type\":\"Person\",\"@id\":\"https:\/\/denizcankizil.tr\/de\/#\/schema\/person\/5dc1b22991bd7ac833867c10afc9b0ff\",\"name\":\"Av. Deniz Can K\u0131z\u0131l\",\"image\":{\"@type\":\"ImageObject\",\"inLanguage\":\"de\",\"@id\":\"https:\/\/denizcankizil.tr\/de\/#\/schema\/person\/image\/\",\"url\":\"https:\/\/secure.gravatar.com\/avatar\/a0b128fb9855c79efc976d5640eedb31dc35ec297594d6016d2cf7c60e975bb6?s=96&d=mm&r=g\",\"contentUrl\":\"https:\/\/secure.gravatar.com\/avatar\/a0b128fb9855c79efc976d5640eedb31dc35ec297594d6016d2cf7c60e975bb6?s=96&d=mm&r=g\",\"caption\":\"Av. Deniz Can K\u0131z\u0131l\"},\"sameAs\":[\"http:\/\/www.denizcankizil.tr\"],\"url\":\"https:\/\/denizcankizil.tr\/de\/author\/denizcankizil\/\"}]}<\/script>\n<!-- \/ Yoast SEO Premium plugin. -->","yoast_head_json":{"title":"Sahile gelenler g\u00f6rd\u00fcklerine inanamad\u0131 - Av. Deniz Can K\u0131z\u0131l","robots":{"index":"index","follow":"follow","max-snippet":"max-snippet:-1","max-image-preview":"max-image-preview:large","max-video-preview":"max-video-preview:-1"},"canonical":"https:\/\/denizcankizil.tr\/de\/haberler\/antalya\/sahile-gelenler-gorduklerine-inanamadi\/","og_locale":"de_DE","og_type":"article","og_title":"Sahile gelenler g\u00f6rd\u00fcklerine inanamad\u0131","og_description":"Olay, d\u00fcn ak\u015fam Denizkent Sahili&#8217;nde meydana geldi. Denize girmek ve piknik yapmak i\u00e7in sahile gelen vatanda\u015flar\u0131n b\u00fcy\u00fck b\u00f6l\u00fcm\u00fc etrafa yay\u0131lan k\u00f6t\u00fc koku nedeniyle geri d\u00f6nerken, az say\u0131daki vatanda\u015f ise denize girmeye devam etti. \u00c7evredeki vatanda\u015flar \u00e7evreyi kontrol etti\u011finde kokunun nedeninin Denizkent Bal\u0131k\u00e7\u0131 Bar\u0131na\u011f\u0131&#8217;ndaki kayal\u0131klar\u0131n \u00fczerindeki inek le\u015fi oldu\u011fu anla\u015f\u0131ld\u0131. A\u00e7\u0131ktan ge\u00e7en ve hayvan ta\u015f\u0131yan bir gemiden d\u00fc\u015ft\u00fc\u011f\u00fc ya da \u00f6ld\u00fc\u011f\u00fc i\u00e7in at\u0131ld\u0131\u011f\u0131 de\u011ferlendirilen inek le\u015finin kald\u0131r\u0131lmas\u0131 i\u00e7in belediye yetkililerine haber verildi. Kaynak: www.kanalv.com.tr Haber Sitesinden Al\u0131nm\u0131\u015ft\u0131r.","og_url":"https:\/\/denizcankizil.tr\/de\/haberler\/antalya\/sahile-gelenler-gorduklerine-inanamadi\/","og_site_name":"Av. Deniz Can K\u0131z\u0131l","article_published_time":"2025-05-23T07:41:32+00:00","author":"Av. Deniz Can K\u0131z\u0131l","twitter_card":"summary_large_image","twitter_misc":{"Verfasst von":"Av. Deniz Can K\u0131z\u0131l","Gesch\u00e4tzte Lesezeit":"1\u00a0Minute"},"schema":{"@context":"https:\/\/schema.org","@graph":[{"@type":"Article","@id":"https:\/\/denizcankizil.tr\/en\/haberler\/antalya\/sahile-gelenler-gorduklerine-inanamadi\/#article","isPartOf":{"@id":"https:\/\/denizcankizil.tr\/en\/haberler\/antalya\/sahile-gelenler-gorduklerine-inanamadi\/"},"author":{"name":"Av. Deniz Can K\u0131z\u0131l","@id":"https:\/\/denizcankizil.tr\/de\/#\/schema\/person\/5dc1b22991bd7ac833867c10afc9b0ff"},"headline":"Sahile gelenler g\u00f6rd\u00fcklerine inanamad\u0131","datePublished":"2025-05-23T07:41:32+00:00","mainEntityOfPage":{"@id":"https:\/\/denizcankizil.tr\/en\/haberler\/antalya\/sahile-gelenler-gorduklerine-inanamadi\/"},"wordCount":123,"publisher":{"@id":"https:\/\/denizcankizil.tr\/de\/#organization"},"articleSection":["Antalya"],"inLanguage":"de"},{"@type":"WebPage","@id":"https:\/\/denizcankizil.tr\/en\/haberler\/antalya\/sahile-gelenler-gorduklerine-inanamadi\/","url":"https:\/\/denizcankizil.tr\/en\/haberler\/antalya\/sahile-gelenler-gorduklerine-inanamadi\/","name":"Sahile gelenler g\u00f6rd\u00fcklerine inanamad\u0131 - Av. Deniz Can K\u0131z\u0131l","isPartOf":{"@id":"https:\/\/denizcankizil.tr\/de\/#website"},"datePublished":"2025-05-23T07:41:32+00:00","breadcrumb":{"@id":"https:\/\/denizcankizil.tr\/en\/haberler\/antalya\/sahile-gelenler-gorduklerine-inanamadi\/#breadcrumb"},"inLanguage":"de","potentialAction":[{"@type":"ReadAction","target":["https:\/\/denizcankizil.tr\/en\/haberler\/antalya\/sahile-gelenler-gorduklerine-inanamadi\/"]}]},{"@type":"BreadcrumbList","@id":"https:\/\/denizcankizil.tr\/en\/haberler\/antalya\/sahile-gelenler-gorduklerine-inanamadi\/#breadcrumb","itemListElement":[{"@type":"ListItem","position":1,"name":"Home","item":"https:\/\/denizcankizil.tr\/de\/"},{"@type":"ListItem","position":2,"name":"Sahile gelenler g\u00f6rd\u00fcklerine inanamad\u0131"}]},{"@type":"WebSite","@id":"https:\/\/denizcankizil.tr\/de\/#website","url":"https:\/\/denizcankizil.tr\/de\/","name":"Av. Deniz Can K\u0131z\u0131l","description":"Avukat Deniz Can K\u0131z\u0131l Antalya Barosu","publisher":{"@id":"https:\/\/denizcankizil.tr\/de\/#organization"},"potentialAction":[{"@type":"SearchAction","target":{"@type":"EntryPoint","urlTemplate":"https:\/\/denizcankizil.tr\/de\/?s={search_term_string}"},"query-input":{"@type":"PropertyValueSpecification","valueRequired":true,"valueName":"search_term_string"}}],"inLanguage":"de"},{"@type":"Organization","@id":"https:\/\/denizcankizil.tr\/de\/#organization","name":"Av. Deniz Can K\u0131z\u0131l","url":"https:\/\/denizcankizil.tr\/de\/","logo":{"@type":"ImageObject","inLanguage":"de","@id":"https:\/\/denizcankizil.tr\/de\/#\/schema\/logo\/image\/","url":"https:\/\/denizcankizil.tr\/wp-content\/uploads\/2024\/10\/siyah-logo-svg.svg","contentUrl":"https:\/\/denizcankizil.tr\/wp-content\/uploads\/2024\/10\/siyah-logo-svg.svg","width":1080,"height":1080,"caption":"Av. Deniz Can K\u0131z\u0131l"},"image":{"@id":"https:\/\/denizcankizil.tr\/de\/#\/schema\/logo\/image\/"}},{"@type":"Person","@id":"https:\/\/denizcankizil.tr\/de\/#\/schema\/person\/5dc1b22991bd7ac833867c10afc9b0ff","name":"Av. Deniz Can K\u0131z\u0131l","image":{"@type":"ImageObject","inLanguage":"de","@id":"https:\/\/denizcankizil.tr\/de\/#\/schema\/person\/image\/","url":"https:\/\/secure.gravatar.com\/avatar\/a0b128fb9855c79efc976d5640eedb31dc35ec297594d6016d2cf7c60e975bb6?s=96&d=mm&r=g","contentUrl":"https:\/\/secure.gravatar.com\/avatar\/a0b128fb9855c79efc976d5640eedb31dc35ec297594d6016d2cf7c60e975bb6?s=96&d=mm&r=g","caption":"Av. Deniz Can K\u0131z\u0131l"},"sameAs":["http:\/\/www.denizcankizil.tr"],"url":"https:\/\/denizcankizil.tr\/de\/author\/denizcankizil\/"}]}},"_links":{"self":[{"href":"https:\/\/denizcankizil.tr\/de\/wp-json\/wp\/v2\/posts\/94628","targetHints":{"allow":["GET"]}}],"collection":[{"href":"https:\/\/denizcankizil.tr\/de\/wp-json\/wp\/v2\/posts"}],"about":[{"href":"https:\/\/denizcankizil.tr\/de\/wp-json\/wp\/v2\/types\/post"}],"author":[{"embeddable":true,"href":"https:\/\/denizcankizil.tr\/de\/wp-json\/wp\/v2\/users\/4"}],"replies":[{"embeddable":true,"href":"https:\/\/denizcankizil.tr\/de\/wp-json\/wp\/v2\/comments?post=94628"}],"version-history":[{"count":0,"href":"https:\/\/denizcankizil.tr\/de\/wp-json\/wp\/v2\/posts\/94628\/revisions"}],"wp:attachment":[{"href":"https:\/\/denizcankizil.tr\/de\/wp-json\/wp\/v2\/media?parent=94628"}],"wp:term":[{"taxonomy":"category","embeddable":true,"href":"https:\/\/denizcankizil.tr\/de\/wp-json\/wp\/v2\/categories?post=94628"},{"taxonomy":"post_tag","embeddable":true,"href":"https:\/\/denizcankizil.tr\/de\/wp-json\/wp\/v2\/tags?post=94628"}],"curies":[{"name":"wp","href":"https:\/\/api.w.org\/{rel}","templated":true}]}}