{"id":94183,"date":"2025-05-22T15:42:13","date_gmt":"2025-05-22T12:42:13","guid":{"rendered":"https:\/\/denizcankizil.tr\/uncategorized-tr\/ucak-bakim-lisesinden-bilim-fuari\/"},"modified":"2025-05-22T15:42:13","modified_gmt":"2025-05-22T12:42:13","slug":"ucak-bakim-lisesinden-bilim-fuari","status":"publish","type":"post","link":"https:\/\/denizcankizil.tr\/de\/haberler\/antalya\/ucak-bakim-lisesinden-bilim-fuari\/","title":{"rendered":"U\u00e7ak Bak\u0131m Lisesi&#8217;nden bilim fuar\u0131"},"content":{"rendered":"<p>Bilim ve k\u00fclt\u00fcr\u00fcn bir arada sunuldu\u011fu fuarda, bir \u00f6\u011frencinin s\u00f6yledi\u011fi t\u00fcrk\u00fc izleyenlerin y\u00fcre\u011fine dokunurken, okul bah\u00e7esinde ger\u00e7ekle\u015ftirilen dron g\u00f6sterisi ise g\u00f6ky\u00fcz\u00fcn\u00fc \u015f\u00f6lene \u00e7evirdi. \u00d6\u011frencilerin teknik yeterlilikleriyle sergiledi\u011fi projeler hem kat\u0131l\u0131mc\u0131lar hem de sekt\u00f6r temsilcileri taraf\u0131ndan takdirle kar\u015f\u0131land\u0131.<br \/>\nOkul M\u00fcd\u00fcr\u00fc Haldun \u00c7evik, etkinlikte yapt\u0131\u011f\u0131 konu\u015fmada \u015fu ifadelere yer verdi: &#8220;T\u00dcB\u0130TAK 4006 Bilim Fuar\u0131 ile birlikte, havac\u0131l\u0131kla ilgili geleneksel hale gelen harika bir t\u00f6renimiz oldu. Antalya\u2019n\u0131n de\u011ferli protokol \u00fcyeleri, kaymakam\u0131m\u0131z, havac\u0131l\u0131k sekt\u00f6r\u00fcn\u00fcn \u00f6nde gelen temsilcileri ve siyasi parti y\u00f6neticilerinin de kat\u0131l\u0131m\u0131yla 19 farkl\u0131 \u00f6\u011frenci projesini sergileme imkan\u0131 bulduk. Okulumuz, havac\u0131l\u0131k alan\u0131nda sadece T\u00fcrkiye\u2019de de\u011fil, Avrupa\u2019da ve d\u00fcnyada da ad\u0131ndan s\u00f6z ettirmeye ba\u015flayan bir kurum haline geldi.&#8221;<\/p>\n<p>\u00d6\u011frencilerin sadece teorik de\u011fil, ayn\u0131 zamanda pratik alanda da \u00f6nemli projelere imza att\u0131klar\u0131n\u0131 belirten \u00c7evik, &#8220;15 ya\u015f\u0131ndaki bu alt\u0131n \u00e7ocuklar\u0131m\u0131z, ASELSAN, ROKETSAN, TUSA\u015e gibi kurumlarda \u00e7al\u0131\u015fan m\u00fchendislerin gelecekteki kadrolar\u0131n\u0131 olu\u015fturacak. Yapt\u0131klar\u0131 \u00e7al\u0131\u015fmalarla T\u00fcrk havac\u0131l\u0131\u011f\u0131na katk\u0131 sa\u011flayacaklar\u0131na g\u00f6n\u00fclden inan\u0131yorum. T\u00dcB\u0130TAK\u2019ta yer almalar\u0131, projelerini tan\u0131tmalar\u0131 ve bilim d\u00fcnyas\u0131na ad\u0131m atmalar\u0131 bizim i\u00e7in b\u00fcy\u00fck bir gurur. \u00d6\u011frencilerimizi, \u00f6\u011fretmenlerimizi ve destek veren herkesi y\u00fcrekten kutluyorum. Aksu U\u00e7ak Bak\u0131m art\u0131k bir d\u00fcnya okuludur.&#8221;<\/p>\n<p>Fuar kapsam\u0131nda sergilenen projeler, havac\u0131l\u0131k teknolojileri ba\u015fta olmak \u00fczere \u00e7e\u015fitli bilimsel alanlarda \u00f6\u011frenci yeteneklerini g\u00f6zler \u00f6n\u00fcne serdi. Kat\u0131l\u0131mc\u0131lar, gen\u00e7lerin y\u00fcksek d\u00fczeydeki teknik bilgilerini ve \u00f6zg\u00fcn fikirlerini memnuniyetle kar\u015f\u0131lad\u0131.<br \/>\nFuar\u0131n a\u00e7\u0131l\u0131\u015f\u0131na; Antalya Vali Yard\u0131mc\u0131s\u0131 Tahsin Aksu, Aksu Kaymakam\u0131 Ahmet Hikmet \u015eahin, Antalya \u0130l Milli E\u011fitim M\u00fcd\u00fcr\u00fc Mehmet Yasin Eri\u015f, kurum m\u00fcd\u00fcrleri, siyasi parti temsilcileri, havac\u0131l\u0131k sekt\u00f6r\u00fc yetkilileri, \u00f6\u011fretmenler ve \u00e7ok say\u0131da \u00f6\u011frenci kat\u0131ld\u0131.<\/p>\n<p>Kaynak: www.kanalv.com.tr Haber Sitesinden Al\u0131nm\u0131\u015ft\u0131r.<\/p>","protected":false},"excerpt":{"rendered":"<p>Bilim ve k\u00fclt\u00fcr\u00fcn bir arada sunuldu\u011fu fuarda, bir \u00f6\u011frencinin s\u00f6yledi\u011fi t\u00fcrk\u00fc izleyenlerin y\u00fcre\u011fine dokunurken, okul bah\u00e7esinde ger\u00e7ekle\u015ftirilen dron g\u00f6sterisi ise g\u00f6ky\u00fcz\u00fcn\u00fc \u015f\u00f6lene \u00e7evirdi. \u00d6\u011frencilerin teknik yeterlilikleriyle sergiledi\u011fi projeler hem kat\u0131l\u0131mc\u0131lar hem de sekt\u00f6r temsilcileri taraf\u0131ndan takdirle kar\u015f\u0131land\u0131. Okul M\u00fcd\u00fcr\u00fc Haldun \u00c7evik, etkinlikte yapt\u0131\u011f\u0131 konu\u015fmada \u015fu ifadelere yer verdi: &#8220;T\u00dcB\u0130TAK 4006 Bilim Fuar\u0131 ile birlikte, havac\u0131l\u0131kla ilgili geleneksel hale gelen harika bir t\u00f6renimiz oldu. Antalya\u2019n\u0131n de\u011ferli protokol \u00fcyeleri, kaymakam\u0131m\u0131z, havac\u0131l\u0131k sekt\u00f6r\u00fcn\u00fcn \u00f6nde gelen temsilcileri ve siyasi parti y\u00f6neticilerinin de kat\u0131l\u0131m\u0131yla 19 farkl\u0131 \u00f6\u011frenci projesini sergileme imkan\u0131 bulduk. Okulumuz, havac\u0131l\u0131k alan\u0131nda sadece T\u00fcrkiye\u2019de de\u011fil, Avrupa\u2019da ve d\u00fcnyada da ad\u0131ndan s\u00f6z ettirmeye ba\u015flayan bir kurum haline geldi.&#8221; \u00d6\u011frencilerin sadece teorik de\u011fil, ayn\u0131 zamanda pratik alanda da \u00f6nemli projelere imza att\u0131klar\u0131n\u0131 belirten \u00c7evik, &#8220;15 ya\u015f\u0131ndaki bu alt\u0131n \u00e7ocuklar\u0131m\u0131z, ASELSAN, ROKETSAN, TUSA\u015e gibi kurumlarda \u00e7al\u0131\u015fan m\u00fchendislerin gelecekteki kadrolar\u0131n\u0131 olu\u015fturacak. Yapt\u0131klar\u0131 \u00e7al\u0131\u015fmalarla T\u00fcrk havac\u0131l\u0131\u011f\u0131na katk\u0131 sa\u011flayacaklar\u0131na g\u00f6n\u00fclden inan\u0131yorum. T\u00dcB\u0130TAK\u2019ta yer almalar\u0131, projelerini tan\u0131tmalar\u0131 ve bilim d\u00fcnyas\u0131na ad\u0131m atmalar\u0131 bizim i\u00e7in b\u00fcy\u00fck bir gurur. \u00d6\u011frencilerimizi, \u00f6\u011fretmenlerimizi ve destek veren herkesi y\u00fcrekten kutluyorum. Aksu U\u00e7ak Bak\u0131m art\u0131k bir d\u00fcnya okuludur.&#8221; Fuar kapsam\u0131nda sergilenen projeler, havac\u0131l\u0131k teknolojileri ba\u015fta olmak \u00fczere \u00e7e\u015fitli bilimsel alanlarda \u00f6\u011frenci yeteneklerini g\u00f6zler \u00f6n\u00fcne serdi. Kat\u0131l\u0131mc\u0131lar, gen\u00e7lerin y\u00fcksek d\u00fczeydeki teknik bilgilerini ve \u00f6zg\u00fcn fikirlerini memnuniyetle kar\u015f\u0131lad\u0131. &hellip;<\/p>","protected":false},"author":4,"featured_media":94184,"comment_status":"","ping_status":"open","sticky":false,"template":"","format":"standard","meta":{"_acf_changed":false,"footnotes":""},"categories":[26],"tags":[],"class_list":["post-94183","post","type-post","status-publish","format-standard","has-post-thumbnail","hentry","category-antalya"],"acf":[],"yoast_head":"<!-- This site is optimized with the Yoast SEO Premium plugin v26.6 (Yoast SEO v27.1.1) - https:\/\/yoast.com\/product\/yoast-seo-premium-wordpress\/ -->\n<title>U\u00e7ak Bak\u0131m Lisesi&#039;nden bilim fuar\u0131 - Av. Deniz Can K\u0131z\u0131l<\/title>\n<meta name=\"robots\" content=\"index, follow, max-snippet:-1, max-image-preview:large, max-video-preview:-1\" \/>\n<link rel=\"canonical\" href=\"https:\/\/denizcankizil.tr\/de\/haberler\/antalya\/ucak-bakim-lisesinden-bilim-fuari\/\" \/>\n<meta property=\"og:locale\" content=\"de_DE\" \/>\n<meta property=\"og:type\" content=\"article\" \/>\n<meta property=\"og:title\" content=\"U\u00e7ak Bak\u0131m Lisesi&#039;nden bilim fuar\u0131\" \/>\n<meta property=\"og:description\" content=\"Bilim ve k\u00fclt\u00fcr\u00fcn bir arada sunuldu\u011fu fuarda, bir \u00f6\u011frencinin s\u00f6yledi\u011fi t\u00fcrk\u00fc izleyenlerin y\u00fcre\u011fine dokunurken, okul bah\u00e7esinde ger\u00e7ekle\u015ftirilen dron g\u00f6sterisi ise g\u00f6ky\u00fcz\u00fcn\u00fc \u015f\u00f6lene \u00e7evirdi. \u00d6\u011frencilerin teknik yeterlilikleriyle sergiledi\u011fi projeler hem kat\u0131l\u0131mc\u0131lar hem de sekt\u00f6r temsilcileri taraf\u0131ndan takdirle kar\u015f\u0131land\u0131. Okul M\u00fcd\u00fcr\u00fc Haldun \u00c7evik, etkinlikte yapt\u0131\u011f\u0131 konu\u015fmada \u015fu ifadelere yer verdi: &#8220;T\u00dcB\u0130TAK 4006 Bilim Fuar\u0131 ile birlikte, havac\u0131l\u0131kla ilgili geleneksel hale gelen harika bir t\u00f6renimiz oldu. Antalya\u2019n\u0131n de\u011ferli protokol \u00fcyeleri, kaymakam\u0131m\u0131z, havac\u0131l\u0131k sekt\u00f6r\u00fcn\u00fcn \u00f6nde gelen temsilcileri ve siyasi parti y\u00f6neticilerinin de kat\u0131l\u0131m\u0131yla 19 farkl\u0131 \u00f6\u011frenci projesini sergileme imkan\u0131 bulduk. Okulumuz, havac\u0131l\u0131k alan\u0131nda sadece T\u00fcrkiye\u2019de de\u011fil, Avrupa\u2019da ve d\u00fcnyada da ad\u0131ndan s\u00f6z ettirmeye ba\u015flayan bir kurum haline geldi.&#8221; \u00d6\u011frencilerin sadece teorik de\u011fil, ayn\u0131 zamanda pratik alanda da \u00f6nemli projelere imza att\u0131klar\u0131n\u0131 belirten \u00c7evik, &#8220;15 ya\u015f\u0131ndaki bu alt\u0131n \u00e7ocuklar\u0131m\u0131z, ASELSAN, ROKETSAN, TUSA\u015e gibi kurumlarda \u00e7al\u0131\u015fan m\u00fchendislerin gelecekteki kadrolar\u0131n\u0131 olu\u015fturacak. Yapt\u0131klar\u0131 \u00e7al\u0131\u015fmalarla T\u00fcrk havac\u0131l\u0131\u011f\u0131na katk\u0131 sa\u011flayacaklar\u0131na g\u00f6n\u00fclden inan\u0131yorum. T\u00dcB\u0130TAK\u2019ta yer almalar\u0131, projelerini tan\u0131tmalar\u0131 ve bilim d\u00fcnyas\u0131na ad\u0131m atmalar\u0131 bizim i\u00e7in b\u00fcy\u00fck bir gurur. \u00d6\u011frencilerimizi, \u00f6\u011fretmenlerimizi ve destek veren herkesi y\u00fcrekten kutluyorum. Aksu U\u00e7ak Bak\u0131m art\u0131k bir d\u00fcnya okuludur.&#8221; Fuar kapsam\u0131nda sergilenen projeler, havac\u0131l\u0131k teknolojileri ba\u015fta olmak \u00fczere \u00e7e\u015fitli bilimsel alanlarda \u00f6\u011frenci yeteneklerini g\u00f6zler \u00f6n\u00fcne serdi. Kat\u0131l\u0131mc\u0131lar, gen\u00e7lerin y\u00fcksek d\u00fczeydeki teknik bilgilerini ve \u00f6zg\u00fcn fikirlerini memnuniyetle kar\u015f\u0131lad\u0131. &hellip;\" \/>\n<meta property=\"og:url\" content=\"https:\/\/denizcankizil.tr\/de\/haberler\/antalya\/ucak-bakim-lisesinden-bilim-fuari\/\" \/>\n<meta property=\"og:site_name\" content=\"Av. Deniz Can K\u0131z\u0131l\" \/>\n<meta property=\"article:published_time\" content=\"2025-05-22T12:42:13+00:00\" \/>\n<meta property=\"og:image\" content=\"https:\/\/denizcankizil.tr\/wp-content\/uploads\/2025\/05\/6489-01-6Ta0eJ.jpg\" \/>\n\t<meta property=\"og:image:width\" content=\"1280\" \/>\n\t<meta property=\"og:image:height\" content=\"720\" \/>\n\t<meta property=\"og:image:type\" content=\"image\/jpeg\" \/>\n<meta name=\"author\" content=\"Av. Deniz Can K\u0131z\u0131l\" \/>\n<meta name=\"twitter:card\" content=\"summary_large_image\" \/>\n<meta name=\"twitter:label1\" content=\"Verfasst von\" \/>\n\t<meta name=\"twitter:data1\" content=\"Av. Deniz Can K\u0131z\u0131l\" \/>\n\t<meta name=\"twitter:label2\" content=\"Gesch\u00e4tzte Lesezeit\" \/>\n\t<meta name=\"twitter:data2\" content=\"2\u00a0Minuten\" \/>\n<script type=\"application\/ld+json\" class=\"yoast-schema-graph\">{\"@context\":\"https:\/\/schema.org\",\"@graph\":[{\"@type\":\"Article\",\"@id\":\"https:\/\/denizcankizil.tr\/de\/haberler\/antalya\/ucak-bakim-lisesinden-bilim-fuari\/#article\",\"isPartOf\":{\"@id\":\"https:\/\/denizcankizil.tr\/de\/haberler\/antalya\/ucak-bakim-lisesinden-bilim-fuari\/\"},\"author\":{\"name\":\"Av. Deniz Can K\u0131z\u0131l\",\"@id\":\"https:\/\/denizcankizil.tr\/#\/schema\/person\/5dc1b22991bd7ac833867c10afc9b0ff\"},\"headline\":\"U\u00e7ak Bak\u0131m Lisesi&#8217;nden bilim fuar\u0131\",\"datePublished\":\"2025-05-22T12:42:13+00:00\",\"mainEntityOfPage\":{\"@id\":\"https:\/\/denizcankizil.tr\/de\/haberler\/antalya\/ucak-bakim-lisesinden-bilim-fuari\/\"},\"wordCount\":372,\"publisher\":{\"@id\":\"https:\/\/denizcankizil.tr\/#organization\"},\"image\":{\"@id\":\"https:\/\/denizcankizil.tr\/de\/haberler\/antalya\/ucak-bakim-lisesinden-bilim-fuari\/#primaryimage\"},\"thumbnailUrl\":\"https:\/\/denizcankizil.tr\/wp-content\/uploads\/2025\/05\/6489-01-6Ta0eJ.jpg\",\"articleSection\":[\"Antalya\"],\"inLanguage\":\"de\"},{\"@type\":\"WebPage\",\"@id\":\"https:\/\/denizcankizil.tr\/de\/haberler\/antalya\/ucak-bakim-lisesinden-bilim-fuari\/\",\"url\":\"https:\/\/denizcankizil.tr\/de\/haberler\/antalya\/ucak-bakim-lisesinden-bilim-fuari\/\",\"name\":\"U\u00e7ak Bak\u0131m Lisesi'nden bilim fuar\u0131 - Av. Deniz Can K\u0131z\u0131l\",\"isPartOf\":{\"@id\":\"https:\/\/denizcankizil.tr\/#website\"},\"primaryImageOfPage\":{\"@id\":\"https:\/\/denizcankizil.tr\/de\/haberler\/antalya\/ucak-bakim-lisesinden-bilim-fuari\/#primaryimage\"},\"image\":{\"@id\":\"https:\/\/denizcankizil.tr\/de\/haberler\/antalya\/ucak-bakim-lisesinden-bilim-fuari\/#primaryimage\"},\"thumbnailUrl\":\"https:\/\/denizcankizil.tr\/wp-content\/uploads\/2025\/05\/6489-01-6Ta0eJ.jpg\",\"datePublished\":\"2025-05-22T12:42:13+00:00\",\"breadcrumb\":{\"@id\":\"https:\/\/denizcankizil.tr\/de\/haberler\/antalya\/ucak-bakim-lisesinden-bilim-fuari\/#breadcrumb\"},\"inLanguage\":\"de\",\"potentialAction\":[{\"@type\":\"ReadAction\",\"target\":[\"https:\/\/denizcankizil.tr\/de\/haberler\/antalya\/ucak-bakim-lisesinden-bilim-fuari\/\"]}]},{\"@type\":\"ImageObject\",\"inLanguage\":\"de\",\"@id\":\"https:\/\/denizcankizil.tr\/de\/haberler\/antalya\/ucak-bakim-lisesinden-bilim-fuari\/#primaryimage\",\"url\":\"https:\/\/denizcankizil.tr\/wp-content\/uploads\/2025\/05\/6489-01-6Ta0eJ.jpg\",\"contentUrl\":\"https:\/\/denizcankizil.tr\/wp-content\/uploads\/2025\/05\/6489-01-6Ta0eJ.jpg\",\"width\":1280,\"height\":720},{\"@type\":\"BreadcrumbList\",\"@id\":\"https:\/\/denizcankizil.tr\/de\/haberler\/antalya\/ucak-bakim-lisesinden-bilim-fuari\/#breadcrumb\",\"itemListElement\":[{\"@type\":\"ListItem\",\"position\":1,\"name\":\"Home\",\"item\":\"https:\/\/denizcankizil.tr\/uk\/\"},{\"@type\":\"ListItem\",\"position\":2,\"name\":\"U\u00e7ak Bak\u0131m Lisesi&#8217;nden bilim fuar\u0131\"}]},{\"@type\":\"WebSite\",\"@id\":\"https:\/\/denizcankizil.tr\/#website\",\"url\":\"https:\/\/denizcankizil.tr\/\",\"name\":\"Av. Deniz Can K\u0131z\u0131l\",\"description\":\"Avukat Deniz Can K\u0131z\u0131l Antalya Barosu\",\"publisher\":{\"@id\":\"https:\/\/denizcankizil.tr\/#organization\"},\"potentialAction\":[{\"@type\":\"SearchAction\",\"target\":{\"@type\":\"EntryPoint\",\"urlTemplate\":\"https:\/\/denizcankizil.tr\/?s={search_term_string}\"},\"query-input\":{\"@type\":\"PropertyValueSpecification\",\"valueRequired\":true,\"valueName\":\"search_term_string\"}}],\"inLanguage\":\"de\"},{\"@type\":\"Organization\",\"@id\":\"https:\/\/denizcankizil.tr\/#organization\",\"name\":\"Av. Deniz Can K\u0131z\u0131l\",\"url\":\"https:\/\/denizcankizil.tr\/\",\"logo\":{\"@type\":\"ImageObject\",\"inLanguage\":\"de\",\"@id\":\"https:\/\/denizcankizil.tr\/#\/schema\/logo\/image\/\",\"url\":\"https:\/\/denizcankizil.tr\/wp-content\/uploads\/2024\/10\/siyah-logo-svg.svg\",\"contentUrl\":\"https:\/\/denizcankizil.tr\/wp-content\/uploads\/2024\/10\/siyah-logo-svg.svg\",\"width\":1080,\"height\":1080,\"caption\":\"Av. Deniz Can K\u0131z\u0131l\"},\"image\":{\"@id\":\"https:\/\/denizcankizil.tr\/#\/schema\/logo\/image\/\"}},{\"@type\":\"Person\",\"@id\":\"https:\/\/denizcankizil.tr\/#\/schema\/person\/5dc1b22991bd7ac833867c10afc9b0ff\",\"name\":\"Av. Deniz Can K\u0131z\u0131l\",\"image\":{\"@type\":\"ImageObject\",\"inLanguage\":\"de\",\"@id\":\"https:\/\/denizcankizil.tr\/#\/schema\/person\/image\/\",\"url\":\"https:\/\/secure.gravatar.com\/avatar\/a0b128fb9855c79efc976d5640eedb31dc35ec297594d6016d2cf7c60e975bb6?s=96&d=mm&r=g\",\"contentUrl\":\"https:\/\/secure.gravatar.com\/avatar\/a0b128fb9855c79efc976d5640eedb31dc35ec297594d6016d2cf7c60e975bb6?s=96&d=mm&r=g\",\"caption\":\"Av. Deniz Can K\u0131z\u0131l\"},\"sameAs\":[\"http:\/\/www.denizcankizil.tr\"],\"url\":\"https:\/\/denizcankizil.tr\/de\/author\/denizcankizil\/\"}]}<\/script>\n<!-- \/ Yoast SEO Premium plugin. -->","yoast_head_json":{"title":"U\u00e7ak Bak\u0131m Lisesi'nden bilim fuar\u0131 - Av. Deniz Can K\u0131z\u0131l","robots":{"index":"index","follow":"follow","max-snippet":"max-snippet:-1","max-image-preview":"max-image-preview:large","max-video-preview":"max-video-preview:-1"},"canonical":"https:\/\/denizcankizil.tr\/de\/haberler\/antalya\/ucak-bakim-lisesinden-bilim-fuari\/","og_locale":"de_DE","og_type":"article","og_title":"U\u00e7ak Bak\u0131m Lisesi'nden bilim fuar\u0131","og_description":"Bilim ve k\u00fclt\u00fcr\u00fcn bir arada sunuldu\u011fu fuarda, bir \u00f6\u011frencinin s\u00f6yledi\u011fi t\u00fcrk\u00fc izleyenlerin y\u00fcre\u011fine dokunurken, okul bah\u00e7esinde ger\u00e7ekle\u015ftirilen dron g\u00f6sterisi ise g\u00f6ky\u00fcz\u00fcn\u00fc \u015f\u00f6lene \u00e7evirdi. \u00d6\u011frencilerin teknik yeterlilikleriyle sergiledi\u011fi projeler hem kat\u0131l\u0131mc\u0131lar hem de sekt\u00f6r temsilcileri taraf\u0131ndan takdirle kar\u015f\u0131land\u0131. Okul M\u00fcd\u00fcr\u00fc Haldun \u00c7evik, etkinlikte yapt\u0131\u011f\u0131 konu\u015fmada \u015fu ifadelere yer verdi: &#8220;T\u00dcB\u0130TAK 4006 Bilim Fuar\u0131 ile birlikte, havac\u0131l\u0131kla ilgili geleneksel hale gelen harika bir t\u00f6renimiz oldu. Antalya\u2019n\u0131n de\u011ferli protokol \u00fcyeleri, kaymakam\u0131m\u0131z, havac\u0131l\u0131k sekt\u00f6r\u00fcn\u00fcn \u00f6nde gelen temsilcileri ve siyasi parti y\u00f6neticilerinin de kat\u0131l\u0131m\u0131yla 19 farkl\u0131 \u00f6\u011frenci projesini sergileme imkan\u0131 bulduk. Okulumuz, havac\u0131l\u0131k alan\u0131nda sadece T\u00fcrkiye\u2019de de\u011fil, Avrupa\u2019da ve d\u00fcnyada da ad\u0131ndan s\u00f6z ettirmeye ba\u015flayan bir kurum haline geldi.&#8221; \u00d6\u011frencilerin sadece teorik de\u011fil, ayn\u0131 zamanda pratik alanda da \u00f6nemli projelere imza att\u0131klar\u0131n\u0131 belirten \u00c7evik, &#8220;15 ya\u015f\u0131ndaki bu alt\u0131n \u00e7ocuklar\u0131m\u0131z, ASELSAN, ROKETSAN, TUSA\u015e gibi kurumlarda \u00e7al\u0131\u015fan m\u00fchendislerin gelecekteki kadrolar\u0131n\u0131 olu\u015fturacak. Yapt\u0131klar\u0131 \u00e7al\u0131\u015fmalarla T\u00fcrk havac\u0131l\u0131\u011f\u0131na katk\u0131 sa\u011flayacaklar\u0131na g\u00f6n\u00fclden inan\u0131yorum. T\u00dcB\u0130TAK\u2019ta yer almalar\u0131, projelerini tan\u0131tmalar\u0131 ve bilim d\u00fcnyas\u0131na ad\u0131m atmalar\u0131 bizim i\u00e7in b\u00fcy\u00fck bir gurur. \u00d6\u011frencilerimizi, \u00f6\u011fretmenlerimizi ve destek veren herkesi y\u00fcrekten kutluyorum. Aksu U\u00e7ak Bak\u0131m art\u0131k bir d\u00fcnya okuludur.&#8221; Fuar kapsam\u0131nda sergilenen projeler, havac\u0131l\u0131k teknolojileri ba\u015fta olmak \u00fczere \u00e7e\u015fitli bilimsel alanlarda \u00f6\u011frenci yeteneklerini g\u00f6zler \u00f6n\u00fcne serdi. Kat\u0131l\u0131mc\u0131lar, gen\u00e7lerin y\u00fcksek d\u00fczeydeki teknik bilgilerini ve \u00f6zg\u00fcn fikirlerini memnuniyetle kar\u015f\u0131lad\u0131. &hellip;","og_url":"https:\/\/denizcankizil.tr\/de\/haberler\/antalya\/ucak-bakim-lisesinden-bilim-fuari\/","og_site_name":"Av. Deniz Can K\u0131z\u0131l","article_published_time":"2025-05-22T12:42:13+00:00","og_image":[{"width":1280,"height":720,"url":"https:\/\/denizcankizil.tr\/wp-content\/uploads\/2025\/05\/6489-01-6Ta0eJ.jpg","type":"image\/jpeg"}],"author":"Av. Deniz Can K\u0131z\u0131l","twitter_card":"summary_large_image","twitter_misc":{"Verfasst von":"Av. Deniz Can K\u0131z\u0131l","Gesch\u00e4tzte Lesezeit":"2\u00a0Minuten"},"schema":{"@context":"https:\/\/schema.org","@graph":[{"@type":"Article","@id":"https:\/\/denizcankizil.tr\/de\/haberler\/antalya\/ucak-bakim-lisesinden-bilim-fuari\/#article","isPartOf":{"@id":"https:\/\/denizcankizil.tr\/de\/haberler\/antalya\/ucak-bakim-lisesinden-bilim-fuari\/"},"author":{"name":"Av. Deniz Can K\u0131z\u0131l","@id":"https:\/\/denizcankizil.tr\/#\/schema\/person\/5dc1b22991bd7ac833867c10afc9b0ff"},"headline":"U\u00e7ak Bak\u0131m Lisesi&#8217;nden bilim fuar\u0131","datePublished":"2025-05-22T12:42:13+00:00","mainEntityOfPage":{"@id":"https:\/\/denizcankizil.tr\/de\/haberler\/antalya\/ucak-bakim-lisesinden-bilim-fuari\/"},"wordCount":372,"publisher":{"@id":"https:\/\/denizcankizil.tr\/#organization"},"image":{"@id":"https:\/\/denizcankizil.tr\/de\/haberler\/antalya\/ucak-bakim-lisesinden-bilim-fuari\/#primaryimage"},"thumbnailUrl":"https:\/\/denizcankizil.tr\/wp-content\/uploads\/2025\/05\/6489-01-6Ta0eJ.jpg","articleSection":["Antalya"],"inLanguage":"de"},{"@type":"WebPage","@id":"https:\/\/denizcankizil.tr\/de\/haberler\/antalya\/ucak-bakim-lisesinden-bilim-fuari\/","url":"https:\/\/denizcankizil.tr\/de\/haberler\/antalya\/ucak-bakim-lisesinden-bilim-fuari\/","name":"U\u00e7ak Bak\u0131m Lisesi'nden bilim fuar\u0131 - Av. Deniz Can K\u0131z\u0131l","isPartOf":{"@id":"https:\/\/denizcankizil.tr\/#website"},"primaryImageOfPage":{"@id":"https:\/\/denizcankizil.tr\/de\/haberler\/antalya\/ucak-bakim-lisesinden-bilim-fuari\/#primaryimage"},"image":{"@id":"https:\/\/denizcankizil.tr\/de\/haberler\/antalya\/ucak-bakim-lisesinden-bilim-fuari\/#primaryimage"},"thumbnailUrl":"https:\/\/denizcankizil.tr\/wp-content\/uploads\/2025\/05\/6489-01-6Ta0eJ.jpg","datePublished":"2025-05-22T12:42:13+00:00","breadcrumb":{"@id":"https:\/\/denizcankizil.tr\/de\/haberler\/antalya\/ucak-bakim-lisesinden-bilim-fuari\/#breadcrumb"},"inLanguage":"de","potentialAction":[{"@type":"ReadAction","target":["https:\/\/denizcankizil.tr\/de\/haberler\/antalya\/ucak-bakim-lisesinden-bilim-fuari\/"]}]},{"@type":"ImageObject","inLanguage":"de","@id":"https:\/\/denizcankizil.tr\/de\/haberler\/antalya\/ucak-bakim-lisesinden-bilim-fuari\/#primaryimage","url":"https:\/\/denizcankizil.tr\/wp-content\/uploads\/2025\/05\/6489-01-6Ta0eJ.jpg","contentUrl":"https:\/\/denizcankizil.tr\/wp-content\/uploads\/2025\/05\/6489-01-6Ta0eJ.jpg","width":1280,"height":720},{"@type":"BreadcrumbList","@id":"https:\/\/denizcankizil.tr\/de\/haberler\/antalya\/ucak-bakim-lisesinden-bilim-fuari\/#breadcrumb","itemListElement":[{"@type":"ListItem","position":1,"name":"Home","item":"https:\/\/denizcankizil.tr\/uk\/"},{"@type":"ListItem","position":2,"name":"U\u00e7ak Bak\u0131m Lisesi&#8217;nden bilim fuar\u0131"}]},{"@type":"WebSite","@id":"https:\/\/denizcankizil.tr\/#website","url":"https:\/\/denizcankizil.tr\/","name":"Av. Deniz Can K\u0131z\u0131l","description":"Avukat Deniz Can K\u0131z\u0131l Antalya Barosu","publisher":{"@id":"https:\/\/denizcankizil.tr\/#organization"},"potentialAction":[{"@type":"SearchAction","target":{"@type":"EntryPoint","urlTemplate":"https:\/\/denizcankizil.tr\/?s={search_term_string}"},"query-input":{"@type":"PropertyValueSpecification","valueRequired":true,"valueName":"search_term_string"}}],"inLanguage":"de"},{"@type":"Organization","@id":"https:\/\/denizcankizil.tr\/#organization","name":"Av. Deniz Can K\u0131z\u0131l","url":"https:\/\/denizcankizil.tr\/","logo":{"@type":"ImageObject","inLanguage":"de","@id":"https:\/\/denizcankizil.tr\/#\/schema\/logo\/image\/","url":"https:\/\/denizcankizil.tr\/wp-content\/uploads\/2024\/10\/siyah-logo-svg.svg","contentUrl":"https:\/\/denizcankizil.tr\/wp-content\/uploads\/2024\/10\/siyah-logo-svg.svg","width":1080,"height":1080,"caption":"Av. Deniz Can K\u0131z\u0131l"},"image":{"@id":"https:\/\/denizcankizil.tr\/#\/schema\/logo\/image\/"}},{"@type":"Person","@id":"https:\/\/denizcankizil.tr\/#\/schema\/person\/5dc1b22991bd7ac833867c10afc9b0ff","name":"Av. Deniz Can K\u0131z\u0131l","image":{"@type":"ImageObject","inLanguage":"de","@id":"https:\/\/denizcankizil.tr\/#\/schema\/person\/image\/","url":"https:\/\/secure.gravatar.com\/avatar\/a0b128fb9855c79efc976d5640eedb31dc35ec297594d6016d2cf7c60e975bb6?s=96&d=mm&r=g","contentUrl":"https:\/\/secure.gravatar.com\/avatar\/a0b128fb9855c79efc976d5640eedb31dc35ec297594d6016d2cf7c60e975bb6?s=96&d=mm&r=g","caption":"Av. Deniz Can K\u0131z\u0131l"},"sameAs":["http:\/\/www.denizcankizil.tr"],"url":"https:\/\/denizcankizil.tr\/de\/author\/denizcankizil\/"}]}},"_links":{"self":[{"href":"https:\/\/denizcankizil.tr\/de\/wp-json\/wp\/v2\/posts\/94183","targetHints":{"allow":["GET"]}}],"collection":[{"href":"https:\/\/denizcankizil.tr\/de\/wp-json\/wp\/v2\/posts"}],"about":[{"href":"https:\/\/denizcankizil.tr\/de\/wp-json\/wp\/v2\/types\/post"}],"author":[{"embeddable":true,"href":"https:\/\/denizcankizil.tr\/de\/wp-json\/wp\/v2\/users\/4"}],"replies":[{"embeddable":true,"href":"https:\/\/denizcankizil.tr\/de\/wp-json\/wp\/v2\/comments?post=94183"}],"version-history":[{"count":0,"href":"https:\/\/denizcankizil.tr\/de\/wp-json\/wp\/v2\/posts\/94183\/revisions"}],"wp:featuredmedia":[{"embeddable":true,"href":"https:\/\/denizcankizil.tr\/de\/wp-json\/wp\/v2\/media\/94184"}],"wp:attachment":[{"href":"https:\/\/denizcankizil.tr\/de\/wp-json\/wp\/v2\/media?parent=94183"}],"wp:term":[{"taxonomy":"category","embeddable":true,"href":"https:\/\/denizcankizil.tr\/de\/wp-json\/wp\/v2\/categories?post=94183"},{"taxonomy":"post_tag","embeddable":true,"href":"https:\/\/denizcankizil.tr\/de\/wp-json\/wp\/v2\/tags?post=94183"}],"curies":[{"name":"wp","href":"https:\/\/api.w.org\/{rel}","templated":true}]}}