{"id":93749,"date":"2025-05-21T21:41:16","date_gmt":"2025-05-21T18:41:16","guid":{"rendered":"https:\/\/denizcankizil.tr\/uncategorized-tr\/antalyaya-bir-cografi-isaretli-urun-daha-kas-margaz-uzumu-artik-tescilli\/"},"modified":"2025-05-21T21:41:16","modified_gmt":"2025-05-21T18:41:16","slug":"antalyaya-bir-cografi-isaretli-urun-daha-kas-margaz-uzumu-artik-tescilli","status":"publish","type":"post","link":"https:\/\/denizcankizil.tr\/de\/haberler\/gundem\/antalyaya-bir-cografi-isaretli-urun-daha-kas-margaz-uzumu-artik-tescilli\/","title":{"rendered":"Antalya&#8217;ya bir co\u011frafi i\u015faretli \u00fcr\u00fcn daha: Ka\u015f Margaz \u00dcz\u00fcm\u00fc art\u0131k tescilli"},"content":{"rendered":"<p>Antalya Ticaret Boras\u0131 Ba\u015fkan\u0131 Ali \u00c7and\u0131r Antalya i\u00e7in sevdirici olan bir geli\u015fmeyi sosyal medya \u00fczerinden duyurdu. Ba\u015fkan \u00c7and\u0131r, Ka\u015f Margaz \u00dcz\u00fcm\u00fc\u2019n\u00fcn Co\u011frafi \u0130\u015faret ile tescillendi\u011fini a\u00e7\u0131klad\u0131. B\u00f6ylece Antalya\u2019n\u0131n Co\u011frafi \u0130\u015faretli \u00fcr\u00fcn say\u0131s\u0131n\u0131n 20\u2019ye y\u00fckseldi.<\/p>\n<p>KA\u015e MARGAZ \u00dcZ\u00dcM\u00dc<\/p>\n<p>\u00c7and\u0131r yay\u0131nlad\u0131\u011f\u0131 mesaj\u0131nda, \u201cKa\u015f Margaz \u00dcz\u00fcm\u00fc Co\u011frafi \u0130\u015faret ile tescillendi! Antalya&#8217;m\u0131z\u0131n 20. Co\u011frafi \u0130\u015faretli \u00fcr\u00fcn\u00fc olan Ka\u015f Margaz \u00dcz\u00fcm\u00fc\u2019n\u00fcn tescili \u00fcreticilerimiz, ticaret erbab\u0131m\u0131z ve t\u00fcketicilerimize hay\u0131rl\u0131 olsun. De\u011ferlerimize sahip \u00e7\u0131karak co\u011frafi i\u015faret tescilini kazand\u0131ran Kumluca Ticaret ve Sanayi Odam\u0131za te\u015fekk\u00fcr ediyorum\u201d ifadelerini kulland\u0131.<\/p>\n<p>Ka\u015f Margaz \u00dcz\u00fcm\u00fc Co\u011frafi \u0130\u015faret ile tescillendi!<br \/>\nAntalya&#8217;m\u0131z\u0131n 20. Co\u011frafi \u0130\u015faretli \u00fcr\u00fcn\u00fc olan Ka\u015f Margaz \u00dcz\u00fcm\u00fc\u2019n\u00fcn tescili \u00fcreticilerimiz, ticaret erbab\u0131m\u0131z ve t\u00fcketicilerimize hay\u0131rl\u0131 olsun.<br \/>\nDe\u011ferlerimize sahip \u00e7\u0131karak co\u011frafi i\u015faret tescilini kazand\u0131ran Kumluca Ticaret ve\u2026 pic.twitter.com\/RkssVyqMTY<br \/>\n\u2014 AL\u0130 \u00c7ANDIR (@alicandir) May 21, 2025<\/p>\n<p>ANTALYA\u2019NIN CO\u011eRAF\u0130 \u0130\u015eARETL\u0130 \u00dcR\u00dcNLER\u0130<\/p>\n<p>Turizmin ba\u015fkenti Antalya kendine ait lezzetleri ve \u00fcr\u00fcnleriyle de ad\u0131ndan s\u00f6z ettirmeyi ba\u015far\u0131yor. \u015eu ana kadar 20 tane yak\u0131n Co\u011frafi \u0130\u015faretli olan Antalya\u2019n\u0131n s\u0131rada bekleyen \u00fcr\u00fcnleri de var. \u0130\u015fte Antalya\u2019n\u0131n Co\u011frafi \u0130\u015faretli \u00fcr\u00fcnleri:<\/p>\n<p> Alanya Avokadosu<\/p>\n<p> Alanya F\u0131st\u0131kl\u0131 Limonata<\/p>\n<p> Alanya G\u00fcl\u00fckl\u00fc (H\u00fcl\u00fckl\u00fc) \u00c7orba<\/p>\n<p> Alanya Ke\u00e7iboynuzu \/ Alanya Harnub<\/p>\n<p> Alanya Muzu<\/p>\n<p> Alanya Yenid\u00fcnyas\u0131<\/p>\n<p> Antalya Bergamot Kabu\u011fu Re\u00e7eli<\/p>\n<p> Antalya Kabak Tatl\u0131s\u0131<\/p>\n<p> Antalya Pa\u00e7a \u00c7orbas\u0131<\/p>\n<p> Antalya Piyaz\u0131<\/p>\n<p> Antalya Serpme B\u00f6re\u011fi<\/p>\n<p> D\u00f6\u015femealt\u0131 El Hal\u0131s\u0131<\/p>\n<p> Korkuteli Karya\u011fd\u0131 Armudu<\/p>\n<p> Manavgat Alt\u0131n Susam\u0131<\/p>\n<p> Antalya Turun\u00e7 Kabu\u011fu Re\u00e7eli<\/p>\n<p> Antalya Topak K\u0131zartmas\u0131<\/p>\n<p> Antalya Tav\u015fan Y\u00fcre\u011fi Zeytini<\/p>\n<p> Gazipa\u015fa \u00c7ekirdeksiz Nar\u0131<\/p>\n<p> Finike Portakal\u0131<\/p>\n<p> Ka\u015f Margaz \u00dcz\u00fcm\u00fc<\/p>\n<p>\u200bAntalya Ka\u015f Margaz \u00dcz\u00fcm\u00fc Co\u011frafi \u0130\u015faret ile tescillendi. B\u00f6ylece Antalya\u2019n\u0131n Co\u011frafi \u0130\u015faretli \u00fcr\u00fcn say\u0131s\u0131 20\u2019ye y\u00fckseldi.\u00a0<\/p>\n<p>\u200bHaberin Al\u0131nt\u0131land\u0131\u011f\u0131 Kaynak: www.antalyakorfez.com<\/p>","protected":false},"excerpt":{"rendered":"<p>Antalya Ticaret Boras\u0131 Ba\u015fkan\u0131 Ali \u00c7and\u0131r Antalya i\u00e7in sevdirici olan bir geli\u015fmeyi sosyal medya \u00fczerinden duyurdu. Ba\u015fkan \u00c7and\u0131r, Ka\u015f Margaz \u00dcz\u00fcm\u00fc\u2019n\u00fcn Co\u011frafi \u0130\u015faret ile tescillendi\u011fini a\u00e7\u0131klad\u0131. B\u00f6ylece Antalya\u2019n\u0131n Co\u011frafi \u0130\u015faretli \u00fcr\u00fcn say\u0131s\u0131n\u0131n 20\u2019ye y\u00fckseldi. KA\u015e MARGAZ \u00dcZ\u00dcM\u00dc \u00c7and\u0131r yay\u0131nlad\u0131\u011f\u0131 mesaj\u0131nda, \u201cKa\u015f Margaz \u00dcz\u00fcm\u00fc Co\u011frafi \u0130\u015faret ile tescillendi! Antalya&#8217;m\u0131z\u0131n 20. Co\u011frafi \u0130\u015faretli \u00fcr\u00fcn\u00fc olan Ka\u015f Margaz \u00dcz\u00fcm\u00fc\u2019n\u00fcn tescili \u00fcreticilerimiz, ticaret erbab\u0131m\u0131z ve t\u00fcketicilerimize hay\u0131rl\u0131 olsun. De\u011ferlerimize sahip \u00e7\u0131karak co\u011frafi i\u015faret tescilini kazand\u0131ran Kumluca Ticaret ve Sanayi Odam\u0131za te\u015fekk\u00fcr ediyorum\u201d ifadelerini kulland\u0131. Ka\u015f Margaz \u00dcz\u00fcm\u00fc Co\u011frafi \u0130\u015faret ile tescillendi! Antalya&#8217;m\u0131z\u0131n 20. Co\u011frafi \u0130\u015faretli \u00fcr\u00fcn\u00fc olan Ka\u015f Margaz \u00dcz\u00fcm\u00fc\u2019n\u00fcn tescili \u00fcreticilerimiz, ticaret erbab\u0131m\u0131z ve t\u00fcketicilerimize hay\u0131rl\u0131 olsun. De\u011ferlerimize sahip \u00e7\u0131karak co\u011frafi i\u015faret tescilini kazand\u0131ran Kumluca Ticaret ve\u2026 pic.twitter.com\/RkssVyqMTY \u2014 AL\u0130 \u00c7ANDIR (@alicandir) May 21, 2025 ANTALYA\u2019NIN CO\u011eRAF\u0130 \u0130\u015eARETL\u0130 \u00dcR\u00dcNLER\u0130 Turizmin ba\u015fkenti Antalya kendine ait lezzetleri ve \u00fcr\u00fcnleriyle de ad\u0131ndan s\u00f6z ettirmeyi ba\u015far\u0131yor. \u015eu ana kadar 20 tane yak\u0131n Co\u011frafi \u0130\u015faretli olan Antalya\u2019n\u0131n s\u0131rada bekleyen \u00fcr\u00fcnleri de var. \u0130\u015fte Antalya\u2019n\u0131n Co\u011frafi \u0130\u015faretli \u00fcr\u00fcnleri: Alanya Avokadosu Alanya F\u0131st\u0131kl\u0131 Limonata Alanya G\u00fcl\u00fckl\u00fc (H\u00fcl\u00fckl\u00fc) \u00c7orba Alanya Ke\u00e7iboynuzu \/ Alanya Harnub Alanya Muzu Alanya Yenid\u00fcnyas\u0131 Antalya Bergamot Kabu\u011fu Re\u00e7eli Antalya Kabak Tatl\u0131s\u0131 Antalya Pa\u00e7a \u00c7orbas\u0131 Antalya Piyaz\u0131 Antalya Serpme B\u00f6re\u011fi D\u00f6\u015femealt\u0131 El Hal\u0131s\u0131 Korkuteli Karya\u011fd\u0131 Armudu Manavgat Alt\u0131n &hellip;<\/p>","protected":false},"author":5,"featured_media":0,"comment_status":"","ping_status":"open","sticky":false,"template":"","format":"standard","meta":{"_acf_changed":false,"footnotes":""},"categories":[24],"tags":[],"class_list":["post-93749","post","type-post","status-publish","format-standard","has-post-thumbnail","hentry","category-gundem"],"acf":[],"yoast_head":"<!-- This site is optimized with the Yoast SEO Premium plugin v26.6 (Yoast SEO v27.1.1) - https:\/\/yoast.com\/product\/yoast-seo-premium-wordpress\/ -->\n<title>Antalya&#039;ya bir co\u011frafi i\u015faretli \u00fcr\u00fcn daha: Ka\u015f Margaz \u00dcz\u00fcm\u00fc art\u0131k tescilli - Av. Deniz Can K\u0131z\u0131l<\/title>\n<meta name=\"robots\" content=\"index, follow, max-snippet:-1, max-image-preview:large, max-video-preview:-1\" \/>\n<link rel=\"canonical\" href=\"https:\/\/denizcankizil.tr\/de\/haberler\/gundem\/antalyaya-bir-cografi-isaretli-urun-daha-kas-margaz-uzumu-artik-tescilli\/\" \/>\n<meta property=\"og:locale\" content=\"de_DE\" \/>\n<meta property=\"og:type\" content=\"article\" \/>\n<meta property=\"og:title\" content=\"Antalya&#039;ya bir co\u011frafi i\u015faretli \u00fcr\u00fcn daha: Ka\u015f Margaz \u00dcz\u00fcm\u00fc art\u0131k tescilli\" \/>\n<meta property=\"og:description\" content=\"Antalya Ticaret Boras\u0131 Ba\u015fkan\u0131 Ali \u00c7and\u0131r Antalya i\u00e7in sevdirici olan bir geli\u015fmeyi sosyal medya \u00fczerinden duyurdu. Ba\u015fkan \u00c7and\u0131r, Ka\u015f Margaz \u00dcz\u00fcm\u00fc\u2019n\u00fcn Co\u011frafi \u0130\u015faret ile tescillendi\u011fini a\u00e7\u0131klad\u0131. B\u00f6ylece Antalya\u2019n\u0131n Co\u011frafi \u0130\u015faretli \u00fcr\u00fcn say\u0131s\u0131n\u0131n 20\u2019ye y\u00fckseldi. KA\u015e MARGAZ \u00dcZ\u00dcM\u00dc \u00c7and\u0131r yay\u0131nlad\u0131\u011f\u0131 mesaj\u0131nda, \u201cKa\u015f Margaz \u00dcz\u00fcm\u00fc Co\u011frafi \u0130\u015faret ile tescillendi! Antalya&#8217;m\u0131z\u0131n 20. Co\u011frafi \u0130\u015faretli \u00fcr\u00fcn\u00fc olan Ka\u015f Margaz \u00dcz\u00fcm\u00fc\u2019n\u00fcn tescili \u00fcreticilerimiz, ticaret erbab\u0131m\u0131z ve t\u00fcketicilerimize hay\u0131rl\u0131 olsun. De\u011ferlerimize sahip \u00e7\u0131karak co\u011frafi i\u015faret tescilini kazand\u0131ran Kumluca Ticaret ve Sanayi Odam\u0131za te\u015fekk\u00fcr ediyorum\u201d ifadelerini kulland\u0131. Ka\u015f Margaz \u00dcz\u00fcm\u00fc Co\u011frafi \u0130\u015faret ile tescillendi! Antalya&#8217;m\u0131z\u0131n 20. Co\u011frafi \u0130\u015faretli \u00fcr\u00fcn\u00fc olan Ka\u015f Margaz \u00dcz\u00fcm\u00fc\u2019n\u00fcn tescili \u00fcreticilerimiz, ticaret erbab\u0131m\u0131z ve t\u00fcketicilerimize hay\u0131rl\u0131 olsun. De\u011ferlerimize sahip \u00e7\u0131karak co\u011frafi i\u015faret tescilini kazand\u0131ran Kumluca Ticaret ve\u2026 pic.twitter.com\/RkssVyqMTY \u2014 AL\u0130 \u00c7ANDIR (@alicandir) May 21, 2025 ANTALYA\u2019NIN CO\u011eRAF\u0130 \u0130\u015eARETL\u0130 \u00dcR\u00dcNLER\u0130 Turizmin ba\u015fkenti Antalya kendine ait lezzetleri ve \u00fcr\u00fcnleriyle de ad\u0131ndan s\u00f6z ettirmeyi ba\u015far\u0131yor. \u015eu ana kadar 20 tane yak\u0131n Co\u011frafi \u0130\u015faretli olan Antalya\u2019n\u0131n s\u0131rada bekleyen \u00fcr\u00fcnleri de var. \u0130\u015fte Antalya\u2019n\u0131n Co\u011frafi \u0130\u015faretli \u00fcr\u00fcnleri: Alanya Avokadosu Alanya F\u0131st\u0131kl\u0131 Limonata Alanya G\u00fcl\u00fckl\u00fc (H\u00fcl\u00fckl\u00fc) \u00c7orba Alanya Ke\u00e7iboynuzu \/ Alanya Harnub Alanya Muzu Alanya Yenid\u00fcnyas\u0131 Antalya Bergamot Kabu\u011fu Re\u00e7eli Antalya Kabak Tatl\u0131s\u0131 Antalya Pa\u00e7a \u00c7orbas\u0131 Antalya Piyaz\u0131 Antalya Serpme B\u00f6re\u011fi D\u00f6\u015femealt\u0131 El Hal\u0131s\u0131 Korkuteli Karya\u011fd\u0131 Armudu Manavgat Alt\u0131n &hellip;\" \/>\n<meta property=\"og:url\" content=\"https:\/\/denizcankizil.tr\/de\/haberler\/gundem\/antalyaya-bir-cografi-isaretli-urun-daha-kas-margaz-uzumu-artik-tescilli\/\" \/>\n<meta property=\"og:site_name\" content=\"Av. Deniz Can K\u0131z\u0131l\" \/>\n<meta property=\"article:published_time\" content=\"2025-05-21T18:41:16+00:00\" \/>\n<meta name=\"author\" content=\"Antalya K\u00f6rfez\" \/>\n<meta name=\"twitter:card\" content=\"summary_large_image\" \/>\n<meta name=\"twitter:label1\" content=\"Verfasst von\" \/>\n\t<meta name=\"twitter:data1\" content=\"Antalya K\u00f6rfez\" \/>\n\t<meta name=\"twitter:label2\" content=\"Gesch\u00e4tzte Lesezeit\" \/>\n\t<meta name=\"twitter:data2\" content=\"2\u00a0Minuten\" \/>\n<script type=\"application\/ld+json\" class=\"yoast-schema-graph\">{\"@context\":\"https:\/\/schema.org\",\"@graph\":[{\"@type\":\"Article\",\"@id\":\"https:\/\/denizcankizil.tr\/de\/haberler\/gundem\/antalyaya-bir-cografi-isaretli-urun-daha-kas-margaz-uzumu-artik-tescilli\/#article\",\"isPartOf\":{\"@id\":\"https:\/\/denizcankizil.tr\/de\/haberler\/gundem\/antalyaya-bir-cografi-isaretli-urun-daha-kas-margaz-uzumu-artik-tescilli\/\"},\"author\":{\"name\":\"Antalya K\u00f6rfez\",\"@id\":\"https:\/\/denizcankizil.tr\/de\/#\/schema\/person\/e1eb71bb4dd684d46563f0af307e1234\"},\"headline\":\"Antalya&#8217;ya bir co\u011frafi i\u015faretli \u00fcr\u00fcn daha: Ka\u015f Margaz \u00dcz\u00fcm\u00fc art\u0131k tescilli\",\"datePublished\":\"2025-05-21T18:41:16+00:00\",\"mainEntityOfPage\":{\"@id\":\"https:\/\/denizcankizil.tr\/de\/haberler\/gundem\/antalyaya-bir-cografi-isaretli-urun-daha-kas-margaz-uzumu-artik-tescilli\/\"},\"wordCount\":375,\"publisher\":{\"@id\":\"https:\/\/denizcankizil.tr\/de\/#organization\"},\"articleSection\":[\"G\u00fcndem\"],\"inLanguage\":\"de\"},{\"@type\":\"WebPage\",\"@id\":\"https:\/\/denizcankizil.tr\/de\/haberler\/gundem\/antalyaya-bir-cografi-isaretli-urun-daha-kas-margaz-uzumu-artik-tescilli\/\",\"url\":\"https:\/\/denizcankizil.tr\/de\/haberler\/gundem\/antalyaya-bir-cografi-isaretli-urun-daha-kas-margaz-uzumu-artik-tescilli\/\",\"name\":\"Antalya'ya bir co\u011frafi i\u015faretli \u00fcr\u00fcn daha: Ka\u015f Margaz \u00dcz\u00fcm\u00fc art\u0131k tescilli - Av. Deniz Can K\u0131z\u0131l\",\"isPartOf\":{\"@id\":\"https:\/\/denizcankizil.tr\/de\/#website\"},\"datePublished\":\"2025-05-21T18:41:16+00:00\",\"breadcrumb\":{\"@id\":\"https:\/\/denizcankizil.tr\/de\/haberler\/gundem\/antalyaya-bir-cografi-isaretli-urun-daha-kas-margaz-uzumu-artik-tescilli\/#breadcrumb\"},\"inLanguage\":\"de\",\"potentialAction\":[{\"@type\":\"ReadAction\",\"target\":[\"https:\/\/denizcankizil.tr\/de\/haberler\/gundem\/antalyaya-bir-cografi-isaretli-urun-daha-kas-margaz-uzumu-artik-tescilli\/\"]}]},{\"@type\":\"BreadcrumbList\",\"@id\":\"https:\/\/denizcankizil.tr\/de\/haberler\/gundem\/antalyaya-bir-cografi-isaretli-urun-daha-kas-margaz-uzumu-artik-tescilli\/#breadcrumb\",\"itemListElement\":[{\"@type\":\"ListItem\",\"position\":1,\"name\":\"Home\",\"item\":\"https:\/\/denizcankizil.tr\/de\/\"},{\"@type\":\"ListItem\",\"position\":2,\"name\":\"Antalya&#8217;ya bir co\u011frafi i\u015faretli \u00fcr\u00fcn daha: Ka\u015f Margaz \u00dcz\u00fcm\u00fc art\u0131k tescilli\"}]},{\"@type\":\"WebSite\",\"@id\":\"https:\/\/denizcankizil.tr\/de\/#website\",\"url\":\"https:\/\/denizcankizil.tr\/de\/\",\"name\":\"Av. Deniz Can K\u0131z\u0131l\",\"description\":\"Avukat Deniz Can K\u0131z\u0131l Antalya Barosu\",\"publisher\":{\"@id\":\"https:\/\/denizcankizil.tr\/de\/#organization\"},\"potentialAction\":[{\"@type\":\"SearchAction\",\"target\":{\"@type\":\"EntryPoint\",\"urlTemplate\":\"https:\/\/denizcankizil.tr\/de\/?s={search_term_string}\"},\"query-input\":{\"@type\":\"PropertyValueSpecification\",\"valueRequired\":true,\"valueName\":\"search_term_string\"}}],\"inLanguage\":\"de\"},{\"@type\":\"Organization\",\"@id\":\"https:\/\/denizcankizil.tr\/de\/#organization\",\"name\":\"Av. Deniz Can K\u0131z\u0131l\",\"url\":\"https:\/\/denizcankizil.tr\/de\/\",\"logo\":{\"@type\":\"ImageObject\",\"inLanguage\":\"de\",\"@id\":\"https:\/\/denizcankizil.tr\/de\/#\/schema\/logo\/image\/\",\"url\":\"https:\/\/denizcankizil.tr\/wp-content\/uploads\/2024\/10\/siyah-logo-svg.svg\",\"contentUrl\":\"https:\/\/denizcankizil.tr\/wp-content\/uploads\/2024\/10\/siyah-logo-svg.svg\",\"width\":1080,\"height\":1080,\"caption\":\"Av. Deniz Can K\u0131z\u0131l\"},\"image\":{\"@id\":\"https:\/\/denizcankizil.tr\/de\/#\/schema\/logo\/image\/\"}},{\"@type\":\"Person\",\"@id\":\"https:\/\/denizcankizil.tr\/de\/#\/schema\/person\/e1eb71bb4dd684d46563f0af307e1234\",\"name\":\"Antalya K\u00f6rfez\",\"image\":{\"@type\":\"ImageObject\",\"inLanguage\":\"de\",\"@id\":\"https:\/\/denizcankizil.tr\/de\/#\/schema\/person\/image\/\",\"url\":\"https:\/\/secure.gravatar.com\/avatar\/42b01982558a48a0b501fdcab6a408d3717ea5919095ee2e67b0e521799c5905?s=96&d=mm&r=g\",\"contentUrl\":\"https:\/\/secure.gravatar.com\/avatar\/42b01982558a48a0b501fdcab6a408d3717ea5919095ee2e67b0e521799c5905?s=96&d=mm&r=g\",\"caption\":\"Antalya K\u00f6rfez\"},\"sameAs\":[\"http:\/\/www.antalyakorfez.com\"],\"url\":\"https:\/\/www.antalyakorfez.com\/antalyaya-bir-cografi-isaretli-urun-daha-kas-margaz-uzumu-artik-tescilli\"}]}<\/script>\n<!-- \/ Yoast SEO Premium plugin. -->","yoast_head_json":{"title":"Antalya'ya bir co\u011frafi i\u015faretli \u00fcr\u00fcn daha: Ka\u015f Margaz \u00dcz\u00fcm\u00fc art\u0131k tescilli - Av. Deniz Can K\u0131z\u0131l","robots":{"index":"index","follow":"follow","max-snippet":"max-snippet:-1","max-image-preview":"max-image-preview:large","max-video-preview":"max-video-preview:-1"},"canonical":"https:\/\/denizcankizil.tr\/de\/haberler\/gundem\/antalyaya-bir-cografi-isaretli-urun-daha-kas-margaz-uzumu-artik-tescilli\/","og_locale":"de_DE","og_type":"article","og_title":"Antalya'ya bir co\u011frafi i\u015faretli \u00fcr\u00fcn daha: Ka\u015f Margaz \u00dcz\u00fcm\u00fc art\u0131k tescilli","og_description":"Antalya Ticaret Boras\u0131 Ba\u015fkan\u0131 Ali \u00c7and\u0131r Antalya i\u00e7in sevdirici olan bir geli\u015fmeyi sosyal medya \u00fczerinden duyurdu. Ba\u015fkan \u00c7and\u0131r, Ka\u015f Margaz \u00dcz\u00fcm\u00fc\u2019n\u00fcn Co\u011frafi \u0130\u015faret ile tescillendi\u011fini a\u00e7\u0131klad\u0131. B\u00f6ylece Antalya\u2019n\u0131n Co\u011frafi \u0130\u015faretli \u00fcr\u00fcn say\u0131s\u0131n\u0131n 20\u2019ye y\u00fckseldi. KA\u015e MARGAZ \u00dcZ\u00dcM\u00dc \u00c7and\u0131r yay\u0131nlad\u0131\u011f\u0131 mesaj\u0131nda, \u201cKa\u015f Margaz \u00dcz\u00fcm\u00fc Co\u011frafi \u0130\u015faret ile tescillendi! Antalya&#8217;m\u0131z\u0131n 20. Co\u011frafi \u0130\u015faretli \u00fcr\u00fcn\u00fc olan Ka\u015f Margaz \u00dcz\u00fcm\u00fc\u2019n\u00fcn tescili \u00fcreticilerimiz, ticaret erbab\u0131m\u0131z ve t\u00fcketicilerimize hay\u0131rl\u0131 olsun. De\u011ferlerimize sahip \u00e7\u0131karak co\u011frafi i\u015faret tescilini kazand\u0131ran Kumluca Ticaret ve Sanayi Odam\u0131za te\u015fekk\u00fcr ediyorum\u201d ifadelerini kulland\u0131. Ka\u015f Margaz \u00dcz\u00fcm\u00fc Co\u011frafi \u0130\u015faret ile tescillendi! Antalya&#8217;m\u0131z\u0131n 20. Co\u011frafi \u0130\u015faretli \u00fcr\u00fcn\u00fc olan Ka\u015f Margaz \u00dcz\u00fcm\u00fc\u2019n\u00fcn tescili \u00fcreticilerimiz, ticaret erbab\u0131m\u0131z ve t\u00fcketicilerimize hay\u0131rl\u0131 olsun. De\u011ferlerimize sahip \u00e7\u0131karak co\u011frafi i\u015faret tescilini kazand\u0131ran Kumluca Ticaret ve\u2026 pic.twitter.com\/RkssVyqMTY \u2014 AL\u0130 \u00c7ANDIR (@alicandir) May 21, 2025 ANTALYA\u2019NIN CO\u011eRAF\u0130 \u0130\u015eARETL\u0130 \u00dcR\u00dcNLER\u0130 Turizmin ba\u015fkenti Antalya kendine ait lezzetleri ve \u00fcr\u00fcnleriyle de ad\u0131ndan s\u00f6z ettirmeyi ba\u015far\u0131yor. \u015eu ana kadar 20 tane yak\u0131n Co\u011frafi \u0130\u015faretli olan Antalya\u2019n\u0131n s\u0131rada bekleyen \u00fcr\u00fcnleri de var. \u0130\u015fte Antalya\u2019n\u0131n Co\u011frafi \u0130\u015faretli \u00fcr\u00fcnleri: Alanya Avokadosu Alanya F\u0131st\u0131kl\u0131 Limonata Alanya G\u00fcl\u00fckl\u00fc (H\u00fcl\u00fckl\u00fc) \u00c7orba Alanya Ke\u00e7iboynuzu \/ Alanya Harnub Alanya Muzu Alanya Yenid\u00fcnyas\u0131 Antalya Bergamot Kabu\u011fu Re\u00e7eli Antalya Kabak Tatl\u0131s\u0131 Antalya Pa\u00e7a \u00c7orbas\u0131 Antalya Piyaz\u0131 Antalya Serpme B\u00f6re\u011fi D\u00f6\u015femealt\u0131 El Hal\u0131s\u0131 Korkuteli Karya\u011fd\u0131 Armudu Manavgat Alt\u0131n &hellip;","og_url":"https:\/\/denizcankizil.tr\/de\/haberler\/gundem\/antalyaya-bir-cografi-isaretli-urun-daha-kas-margaz-uzumu-artik-tescilli\/","og_site_name":"Av. Deniz Can K\u0131z\u0131l","article_published_time":"2025-05-21T18:41:16+00:00","author":"Antalya K\u00f6rfez","twitter_card":"summary_large_image","twitter_misc":{"Verfasst von":"Antalya K\u00f6rfez","Gesch\u00e4tzte Lesezeit":"2\u00a0Minuten"},"schema":{"@context":"https:\/\/schema.org","@graph":[{"@type":"Article","@id":"https:\/\/denizcankizil.tr\/de\/haberler\/gundem\/antalyaya-bir-cografi-isaretli-urun-daha-kas-margaz-uzumu-artik-tescilli\/#article","isPartOf":{"@id":"https:\/\/denizcankizil.tr\/de\/haberler\/gundem\/antalyaya-bir-cografi-isaretli-urun-daha-kas-margaz-uzumu-artik-tescilli\/"},"author":{"name":"Antalya K\u00f6rfez","@id":"https:\/\/denizcankizil.tr\/de\/#\/schema\/person\/e1eb71bb4dd684d46563f0af307e1234"},"headline":"Antalya&#8217;ya bir co\u011frafi i\u015faretli \u00fcr\u00fcn daha: Ka\u015f Margaz \u00dcz\u00fcm\u00fc art\u0131k tescilli","datePublished":"2025-05-21T18:41:16+00:00","mainEntityOfPage":{"@id":"https:\/\/denizcankizil.tr\/de\/haberler\/gundem\/antalyaya-bir-cografi-isaretli-urun-daha-kas-margaz-uzumu-artik-tescilli\/"},"wordCount":375,"publisher":{"@id":"https:\/\/denizcankizil.tr\/de\/#organization"},"articleSection":["G\u00fcndem"],"inLanguage":"de"},{"@type":"WebPage","@id":"https:\/\/denizcankizil.tr\/de\/haberler\/gundem\/antalyaya-bir-cografi-isaretli-urun-daha-kas-margaz-uzumu-artik-tescilli\/","url":"https:\/\/denizcankizil.tr\/de\/haberler\/gundem\/antalyaya-bir-cografi-isaretli-urun-daha-kas-margaz-uzumu-artik-tescilli\/","name":"Antalya'ya bir co\u011frafi i\u015faretli \u00fcr\u00fcn daha: Ka\u015f Margaz \u00dcz\u00fcm\u00fc art\u0131k tescilli - Av. Deniz Can K\u0131z\u0131l","isPartOf":{"@id":"https:\/\/denizcankizil.tr\/de\/#website"},"datePublished":"2025-05-21T18:41:16+00:00","breadcrumb":{"@id":"https:\/\/denizcankizil.tr\/de\/haberler\/gundem\/antalyaya-bir-cografi-isaretli-urun-daha-kas-margaz-uzumu-artik-tescilli\/#breadcrumb"},"inLanguage":"de","potentialAction":[{"@type":"ReadAction","target":["https:\/\/denizcankizil.tr\/de\/haberler\/gundem\/antalyaya-bir-cografi-isaretli-urun-daha-kas-margaz-uzumu-artik-tescilli\/"]}]},{"@type":"BreadcrumbList","@id":"https:\/\/denizcankizil.tr\/de\/haberler\/gundem\/antalyaya-bir-cografi-isaretli-urun-daha-kas-margaz-uzumu-artik-tescilli\/#breadcrumb","itemListElement":[{"@type":"ListItem","position":1,"name":"Home","item":"https:\/\/denizcankizil.tr\/de\/"},{"@type":"ListItem","position":2,"name":"Antalya&#8217;ya bir co\u011frafi i\u015faretli \u00fcr\u00fcn daha: Ka\u015f Margaz \u00dcz\u00fcm\u00fc art\u0131k tescilli"}]},{"@type":"WebSite","@id":"https:\/\/denizcankizil.tr\/de\/#website","url":"https:\/\/denizcankizil.tr\/de\/","name":"Av. Deniz Can K\u0131z\u0131l","description":"Avukat Deniz Can K\u0131z\u0131l Antalya Barosu","publisher":{"@id":"https:\/\/denizcankizil.tr\/de\/#organization"},"potentialAction":[{"@type":"SearchAction","target":{"@type":"EntryPoint","urlTemplate":"https:\/\/denizcankizil.tr\/de\/?s={search_term_string}"},"query-input":{"@type":"PropertyValueSpecification","valueRequired":true,"valueName":"search_term_string"}}],"inLanguage":"de"},{"@type":"Organization","@id":"https:\/\/denizcankizil.tr\/de\/#organization","name":"Av. Deniz Can K\u0131z\u0131l","url":"https:\/\/denizcankizil.tr\/de\/","logo":{"@type":"ImageObject","inLanguage":"de","@id":"https:\/\/denizcankizil.tr\/de\/#\/schema\/logo\/image\/","url":"https:\/\/denizcankizil.tr\/wp-content\/uploads\/2024\/10\/siyah-logo-svg.svg","contentUrl":"https:\/\/denizcankizil.tr\/wp-content\/uploads\/2024\/10\/siyah-logo-svg.svg","width":1080,"height":1080,"caption":"Av. Deniz Can K\u0131z\u0131l"},"image":{"@id":"https:\/\/denizcankizil.tr\/de\/#\/schema\/logo\/image\/"}},{"@type":"Person","@id":"https:\/\/denizcankizil.tr\/de\/#\/schema\/person\/e1eb71bb4dd684d46563f0af307e1234","name":"Antalya K\u00f6rfez","image":{"@type":"ImageObject","inLanguage":"de","@id":"https:\/\/denizcankizil.tr\/de\/#\/schema\/person\/image\/","url":"https:\/\/secure.gravatar.com\/avatar\/42b01982558a48a0b501fdcab6a408d3717ea5919095ee2e67b0e521799c5905?s=96&d=mm&r=g","contentUrl":"https:\/\/secure.gravatar.com\/avatar\/42b01982558a48a0b501fdcab6a408d3717ea5919095ee2e67b0e521799c5905?s=96&d=mm&r=g","caption":"Antalya K\u00f6rfez"},"sameAs":["http:\/\/www.antalyakorfez.com"],"url":"https:\/\/www.antalyakorfez.com\/antalyaya-bir-cografi-isaretli-urun-daha-kas-margaz-uzumu-artik-tescilli"}]}},"_links":{"self":[{"href":"https:\/\/denizcankizil.tr\/de\/wp-json\/wp\/v2\/posts\/93749","targetHints":{"allow":["GET"]}}],"collection":[{"href":"https:\/\/denizcankizil.tr\/de\/wp-json\/wp\/v2\/posts"}],"about":[{"href":"https:\/\/denizcankizil.tr\/de\/wp-json\/wp\/v2\/types\/post"}],"author":[{"embeddable":true,"href":"https:\/\/denizcankizil.tr\/de\/wp-json\/wp\/v2\/users\/5"}],"replies":[{"embeddable":true,"href":"https:\/\/denizcankizil.tr\/de\/wp-json\/wp\/v2\/comments?post=93749"}],"version-history":[{"count":0,"href":"https:\/\/denizcankizil.tr\/de\/wp-json\/wp\/v2\/posts\/93749\/revisions"}],"wp:attachment":[{"href":"https:\/\/denizcankizil.tr\/de\/wp-json\/wp\/v2\/media?parent=93749"}],"wp:term":[{"taxonomy":"category","embeddable":true,"href":"https:\/\/denizcankizil.tr\/de\/wp-json\/wp\/v2\/categories?post=93749"},{"taxonomy":"post_tag","embeddable":true,"href":"https:\/\/denizcankizil.tr\/de\/wp-json\/wp\/v2\/tags?post=93749"}],"curies":[{"name":"wp","href":"https:\/\/api.w.org\/{rel}","templated":true}]}}