{"id":93673,"date":"2025-05-21T17:41:16","date_gmt":"2025-05-21T14:41:16","guid":{"rendered":"https:\/\/denizcankizil.tr\/uncategorized-tr\/tunele-giren-21-cocuk-ekipleri-alarma-gecirdi\/"},"modified":"2025-05-21T17:41:16","modified_gmt":"2025-05-21T14:41:16","slug":"tunele-giren-21-cocuk-ekipleri-alarma-gecirdi","status":"publish","type":"post","link":"https:\/\/denizcankizil.tr\/de\/haberler\/antalya\/tunele-giren-21-cocuk-ekipleri-alarma-gecirdi\/","title":{"rendered":"T\u00fcnele giren 21 \u00e7ocuk, ekipleri alarma ge\u00e7irdi"},"content":{"rendered":"<p>Olay, d\u00fcn \u00f6\u011fle saatlerinde Kepez il\u00e7esi Habipler Mahallesi&#8217;nde Kepez Belediyesi taraf\u0131ndan su bask\u0131n ve ta\u015fk\u0131nlar\u0131na \u00f6nlem ama\u00e7l\u0131 yap\u0131lan drenaj \u00e7al\u0131\u015fma sahas\u0131nda ya\u015fand\u0131. Edinilen bilgiye g\u00f6re, drenaj \u00e7al\u0131\u015fmas\u0131nda yer alan gider t\u00fcnellerine \u00e7ocuklar\u0131n girdi\u011fini g\u00f6renler durumu 112 Acil \u00c7a\u011fr\u0131 Merkezine bildirdi. \u0130hbar \u00fczerine olay yerine polis ve itfaiye ekipleri sevk edildi. Belirtilen adrese gelen ekipler, t\u00fcnellerden k\u00fc\u00e7\u00fck ya\u015fta 21 \u00e7ocu\u011fun \u00e7\u0131kt\u0131\u011f\u0131 bilgisini ald\u0131. \u0130tfaiye ekipleri, yakla\u015f\u0131k 600 metre uzunlu\u011fundaki \u00fc\u00e7 drenaj t\u00fcnelinde kontrol ama\u00e7l\u0131 arama ger\u00e7ekle\u015ftirdi. Aramalarda ba\u015fka \u00e7ocu\u011fa rastlan\u0131lmazken, baz\u0131 ayak izlerine rastlan\u0131ld\u0131.<\/p>\n<p>Tek ki\u015filik yatak \u00e7\u0131kt\u0131<br \/>\nT\u00fcnel giderlerinin daha \u00f6nce giri\u015f noktas\u0131n\u0131n demir tellerle kapat\u0131ld\u0131\u011f\u0131 ve kimli\u011fi belirsiz yeti\u015fkin ki\u015fi ya da ki\u015filerce e\u011filerek a\u00e7\u0131ld\u0131\u011f\u0131 belirlendi. Yine arama sonucunda i\u00e7eriden tek ki\u015filik yatak \u00e7\u0131kt\u0131. Arama \u00e7al\u0131\u015fmalar\u0131n\u0131n bitmesinin ard\u0131ndan ekipler normale d\u00f6nerken, belediye ekipleri t\u00fcnelin giri\u015fini tekrar demir tellerle kapatt\u0131.<\/p>\n<p>Kaynak: www.kanalv.com.tr Haber Sitesinden Al\u0131nm\u0131\u015ft\u0131r.<\/p>","protected":false},"excerpt":{"rendered":"<p>Olay, d\u00fcn \u00f6\u011fle saatlerinde Kepez il\u00e7esi Habipler Mahallesi&#8217;nde Kepez Belediyesi taraf\u0131ndan su bask\u0131n ve ta\u015fk\u0131nlar\u0131na \u00f6nlem ama\u00e7l\u0131 yap\u0131lan drenaj \u00e7al\u0131\u015fma sahas\u0131nda ya\u015fand\u0131. Edinilen bilgiye g\u00f6re, drenaj \u00e7al\u0131\u015fmas\u0131nda yer alan gider t\u00fcnellerine \u00e7ocuklar\u0131n girdi\u011fini g\u00f6renler durumu 112 Acil \u00c7a\u011fr\u0131 Merkezine bildirdi. \u0130hbar \u00fczerine olay yerine polis ve itfaiye ekipleri sevk edildi. Belirtilen adrese gelen ekipler, t\u00fcnellerden k\u00fc\u00e7\u00fck ya\u015fta 21 \u00e7ocu\u011fun \u00e7\u0131kt\u0131\u011f\u0131 bilgisini ald\u0131. \u0130tfaiye ekipleri, yakla\u015f\u0131k 600 metre uzunlu\u011fundaki \u00fc\u00e7 drenaj t\u00fcnelinde kontrol ama\u00e7l\u0131 arama ger\u00e7ekle\u015ftirdi. Aramalarda ba\u015fka \u00e7ocu\u011fa rastlan\u0131lmazken, baz\u0131 ayak izlerine rastlan\u0131ld\u0131. Tek ki\u015filik yatak \u00e7\u0131kt\u0131 T\u00fcnel giderlerinin daha \u00f6nce giri\u015f noktas\u0131n\u0131n demir tellerle kapat\u0131ld\u0131\u011f\u0131 ve kimli\u011fi belirsiz yeti\u015fkin ki\u015fi ya da ki\u015filerce e\u011filerek a\u00e7\u0131ld\u0131\u011f\u0131 belirlendi. Yine arama sonucunda i\u00e7eriden tek ki\u015filik yatak \u00e7\u0131kt\u0131. Arama \u00e7al\u0131\u015fmalar\u0131n\u0131n bitmesinin ard\u0131ndan ekipler normale d\u00f6nerken, belediye ekipleri t\u00fcnelin giri\u015fini tekrar demir tellerle kapatt\u0131. Kaynak: www.kanalv.com.tr Haber Sitesinden Al\u0131nm\u0131\u015ft\u0131r.<\/p>","protected":false},"author":4,"featured_media":93674,"comment_status":"","ping_status":"open","sticky":false,"template":"","format":"standard","meta":{"_acf_changed":false,"footnotes":""},"categories":[26],"tags":[],"class_list":["post-93673","post","type-post","status-publish","format-standard","has-post-thumbnail","hentry","category-antalya"],"acf":[],"yoast_head":"<!-- This site is optimized with the Yoast SEO Premium plugin v26.6 (Yoast SEO v27.1.1) - https:\/\/yoast.com\/product\/yoast-seo-premium-wordpress\/ -->\n<title>T\u00fcnele giren 21 \u00e7ocuk, ekipleri alarma ge\u00e7irdi - Av. Deniz Can K\u0131z\u0131l<\/title>\n<meta name=\"robots\" content=\"index, follow, max-snippet:-1, max-image-preview:large, max-video-preview:-1\" \/>\n<link rel=\"canonical\" href=\"https:\/\/denizcankizil.tr\/de\/haberler\/antalya\/tunele-giren-21-cocuk-ekipleri-alarma-gecirdi\/\" \/>\n<meta property=\"og:locale\" content=\"de_DE\" \/>\n<meta property=\"og:type\" content=\"article\" \/>\n<meta property=\"og:title\" content=\"T\u00fcnele giren 21 \u00e7ocuk, ekipleri alarma ge\u00e7irdi\" \/>\n<meta property=\"og:description\" content=\"Olay, d\u00fcn \u00f6\u011fle saatlerinde Kepez il\u00e7esi Habipler Mahallesi&#8217;nde Kepez Belediyesi taraf\u0131ndan su bask\u0131n ve ta\u015fk\u0131nlar\u0131na \u00f6nlem ama\u00e7l\u0131 yap\u0131lan drenaj \u00e7al\u0131\u015fma sahas\u0131nda ya\u015fand\u0131. Edinilen bilgiye g\u00f6re, drenaj \u00e7al\u0131\u015fmas\u0131nda yer alan gider t\u00fcnellerine \u00e7ocuklar\u0131n girdi\u011fini g\u00f6renler durumu 112 Acil \u00c7a\u011fr\u0131 Merkezine bildirdi. \u0130hbar \u00fczerine olay yerine polis ve itfaiye ekipleri sevk edildi. Belirtilen adrese gelen ekipler, t\u00fcnellerden k\u00fc\u00e7\u00fck ya\u015fta 21 \u00e7ocu\u011fun \u00e7\u0131kt\u0131\u011f\u0131 bilgisini ald\u0131. \u0130tfaiye ekipleri, yakla\u015f\u0131k 600 metre uzunlu\u011fundaki \u00fc\u00e7 drenaj t\u00fcnelinde kontrol ama\u00e7l\u0131 arama ger\u00e7ekle\u015ftirdi. Aramalarda ba\u015fka \u00e7ocu\u011fa rastlan\u0131lmazken, baz\u0131 ayak izlerine rastlan\u0131ld\u0131. Tek ki\u015filik yatak \u00e7\u0131kt\u0131 T\u00fcnel giderlerinin daha \u00f6nce giri\u015f noktas\u0131n\u0131n demir tellerle kapat\u0131ld\u0131\u011f\u0131 ve kimli\u011fi belirsiz yeti\u015fkin ki\u015fi ya da ki\u015filerce e\u011filerek a\u00e7\u0131ld\u0131\u011f\u0131 belirlendi. Yine arama sonucunda i\u00e7eriden tek ki\u015filik yatak \u00e7\u0131kt\u0131. Arama \u00e7al\u0131\u015fmalar\u0131n\u0131n bitmesinin ard\u0131ndan ekipler normale d\u00f6nerken, belediye ekipleri t\u00fcnelin giri\u015fini tekrar demir tellerle kapatt\u0131. Kaynak: www.kanalv.com.tr Haber Sitesinden Al\u0131nm\u0131\u015ft\u0131r.\" \/>\n<meta property=\"og:url\" content=\"https:\/\/denizcankizil.tr\/de\/haberler\/antalya\/tunele-giren-21-cocuk-ekipleri-alarma-gecirdi\/\" \/>\n<meta property=\"og:site_name\" content=\"Av. Deniz Can K\u0131z\u0131l\" \/>\n<meta property=\"article:published_time\" content=\"2025-05-21T14:41:16+00:00\" \/>\n<meta property=\"og:image\" content=\"https:\/\/denizcankizil.tr\/wp-content\/uploads\/2025\/05\/6468-01-3YC5tL.jpg\" \/>\n\t<meta property=\"og:image:width\" content=\"1280\" \/>\n\t<meta property=\"og:image:height\" content=\"720\" \/>\n\t<meta property=\"og:image:type\" content=\"image\/jpeg\" \/>\n<meta name=\"author\" content=\"Av. Deniz Can K\u0131z\u0131l\" \/>\n<meta name=\"twitter:card\" content=\"summary_large_image\" \/>\n<meta name=\"twitter:label1\" content=\"Verfasst von\" \/>\n\t<meta name=\"twitter:data1\" content=\"Av. Deniz Can K\u0131z\u0131l\" \/>\n\t<meta name=\"twitter:label2\" content=\"Gesch\u00e4tzte Lesezeit\" \/>\n\t<meta name=\"twitter:data2\" content=\"1\u00a0Minute\" \/>\n<script type=\"application\/ld+json\" class=\"yoast-schema-graph\">{\"@context\":\"https:\/\/schema.org\",\"@graph\":[{\"@type\":\"Article\",\"@id\":\"https:\/\/denizcankizil.tr\/ru\/haberler\/antalya\/tunele-giren-21-cocuk-ekipleri-alarma-gecirdi\/#article\",\"isPartOf\":{\"@id\":\"https:\/\/denizcankizil.tr\/ru\/haberler\/antalya\/tunele-giren-21-cocuk-ekipleri-alarma-gecirdi\/\"},\"author\":{\"name\":\"Av. Deniz Can K\u0131z\u0131l\",\"@id\":\"https:\/\/denizcankizil.tr\/de\/#\/schema\/person\/5dc1b22991bd7ac833867c10afc9b0ff\"},\"headline\":\"T\u00fcnele giren 21 \u00e7ocuk, ekipleri alarma ge\u00e7irdi\",\"datePublished\":\"2025-05-21T14:41:16+00:00\",\"mainEntityOfPage\":{\"@id\":\"https:\/\/denizcankizil.tr\/ru\/haberler\/antalya\/tunele-giren-21-cocuk-ekipleri-alarma-gecirdi\/\"},\"wordCount\":200,\"publisher\":{\"@id\":\"https:\/\/denizcankizil.tr\/de\/#organization\"},\"image\":{\"@id\":\"https:\/\/denizcankizil.tr\/ru\/haberler\/antalya\/tunele-giren-21-cocuk-ekipleri-alarma-gecirdi\/#primaryimage\"},\"thumbnailUrl\":\"https:\/\/denizcankizil.tr\/wp-content\/uploads\/2025\/05\/6468-01-3YC5tL.jpg\",\"articleSection\":[\"Antalya\"],\"inLanguage\":\"de\"},{\"@type\":\"WebPage\",\"@id\":\"https:\/\/denizcankizil.tr\/ru\/haberler\/antalya\/tunele-giren-21-cocuk-ekipleri-alarma-gecirdi\/\",\"url\":\"https:\/\/denizcankizil.tr\/ru\/haberler\/antalya\/tunele-giren-21-cocuk-ekipleri-alarma-gecirdi\/\",\"name\":\"T\u00fcnele giren 21 \u00e7ocuk, ekipleri alarma ge\u00e7irdi - Av. Deniz Can K\u0131z\u0131l\",\"isPartOf\":{\"@id\":\"https:\/\/denizcankizil.tr\/de\/#website\"},\"primaryImageOfPage\":{\"@id\":\"https:\/\/denizcankizil.tr\/ru\/haberler\/antalya\/tunele-giren-21-cocuk-ekipleri-alarma-gecirdi\/#primaryimage\"},\"image\":{\"@id\":\"https:\/\/denizcankizil.tr\/ru\/haberler\/antalya\/tunele-giren-21-cocuk-ekipleri-alarma-gecirdi\/#primaryimage\"},\"thumbnailUrl\":\"https:\/\/denizcankizil.tr\/wp-content\/uploads\/2025\/05\/6468-01-3YC5tL.jpg\",\"datePublished\":\"2025-05-21T14:41:16+00:00\",\"breadcrumb\":{\"@id\":\"https:\/\/denizcankizil.tr\/ru\/haberler\/antalya\/tunele-giren-21-cocuk-ekipleri-alarma-gecirdi\/#breadcrumb\"},\"inLanguage\":\"de\",\"potentialAction\":[{\"@type\":\"ReadAction\",\"target\":[\"https:\/\/denizcankizil.tr\/ru\/haberler\/antalya\/tunele-giren-21-cocuk-ekipleri-alarma-gecirdi\/\"]}]},{\"@type\":\"ImageObject\",\"inLanguage\":\"de\",\"@id\":\"https:\/\/denizcankizil.tr\/ru\/haberler\/antalya\/tunele-giren-21-cocuk-ekipleri-alarma-gecirdi\/#primaryimage\",\"url\":\"https:\/\/denizcankizil.tr\/wp-content\/uploads\/2025\/05\/6468-01-3YC5tL.jpg\",\"contentUrl\":\"https:\/\/denizcankizil.tr\/wp-content\/uploads\/2025\/05\/6468-01-3YC5tL.jpg\",\"width\":1280,\"height\":720},{\"@type\":\"BreadcrumbList\",\"@id\":\"https:\/\/denizcankizil.tr\/ru\/haberler\/antalya\/tunele-giren-21-cocuk-ekipleri-alarma-gecirdi\/#breadcrumb\",\"itemListElement\":[{\"@type\":\"ListItem\",\"position\":1,\"name\":\"Home\",\"item\":\"https:\/\/denizcankizil.tr\/de\/\"},{\"@type\":\"ListItem\",\"position\":2,\"name\":\"T\u00fcnele giren 21 \u00e7ocuk, ekipleri alarma ge\u00e7irdi\"}]},{\"@type\":\"WebSite\",\"@id\":\"https:\/\/denizcankizil.tr\/de\/#website\",\"url\":\"https:\/\/denizcankizil.tr\/de\/\",\"name\":\"Av. Deniz Can K\u0131z\u0131l\",\"description\":\"Avukat Deniz Can K\u0131z\u0131l Antalya Barosu\",\"publisher\":{\"@id\":\"https:\/\/denizcankizil.tr\/de\/#organization\"},\"potentialAction\":[{\"@type\":\"SearchAction\",\"target\":{\"@type\":\"EntryPoint\",\"urlTemplate\":\"https:\/\/denizcankizil.tr\/de\/?s={search_term_string}\"},\"query-input\":{\"@type\":\"PropertyValueSpecification\",\"valueRequired\":true,\"valueName\":\"search_term_string\"}}],\"inLanguage\":\"de\"},{\"@type\":\"Organization\",\"@id\":\"https:\/\/denizcankizil.tr\/de\/#organization\",\"name\":\"Av. Deniz Can K\u0131z\u0131l\",\"url\":\"https:\/\/denizcankizil.tr\/de\/\",\"logo\":{\"@type\":\"ImageObject\",\"inLanguage\":\"de\",\"@id\":\"https:\/\/denizcankizil.tr\/de\/#\/schema\/logo\/image\/\",\"url\":\"https:\/\/denizcankizil.tr\/wp-content\/uploads\/2024\/10\/siyah-logo-svg.svg\",\"contentUrl\":\"https:\/\/denizcankizil.tr\/wp-content\/uploads\/2024\/10\/siyah-logo-svg.svg\",\"width\":1080,\"height\":1080,\"caption\":\"Av. Deniz Can K\u0131z\u0131l\"},\"image\":{\"@id\":\"https:\/\/denizcankizil.tr\/de\/#\/schema\/logo\/image\/\"}},{\"@type\":\"Person\",\"@id\":\"https:\/\/denizcankizil.tr\/de\/#\/schema\/person\/5dc1b22991bd7ac833867c10afc9b0ff\",\"name\":\"Av. Deniz Can K\u0131z\u0131l\",\"image\":{\"@type\":\"ImageObject\",\"inLanguage\":\"de\",\"@id\":\"https:\/\/denizcankizil.tr\/de\/#\/schema\/person\/image\/\",\"url\":\"https:\/\/secure.gravatar.com\/avatar\/a0b128fb9855c79efc976d5640eedb31dc35ec297594d6016d2cf7c60e975bb6?s=96&d=mm&r=g\",\"contentUrl\":\"https:\/\/secure.gravatar.com\/avatar\/a0b128fb9855c79efc976d5640eedb31dc35ec297594d6016d2cf7c60e975bb6?s=96&d=mm&r=g\",\"caption\":\"Av. Deniz Can K\u0131z\u0131l\"},\"sameAs\":[\"http:\/\/www.denizcankizil.tr\"],\"url\":\"https:\/\/denizcankizil.tr\/de\/author\/denizcankizil\/\"}]}<\/script>\n<!-- \/ Yoast SEO Premium plugin. -->","yoast_head_json":{"title":"T\u00fcnele giren 21 \u00e7ocuk, ekipleri alarma ge\u00e7irdi - Av. Deniz Can K\u0131z\u0131l","robots":{"index":"index","follow":"follow","max-snippet":"max-snippet:-1","max-image-preview":"max-image-preview:large","max-video-preview":"max-video-preview:-1"},"canonical":"https:\/\/denizcankizil.tr\/de\/haberler\/antalya\/tunele-giren-21-cocuk-ekipleri-alarma-gecirdi\/","og_locale":"de_DE","og_type":"article","og_title":"T\u00fcnele giren 21 \u00e7ocuk, ekipleri alarma ge\u00e7irdi","og_description":"Olay, d\u00fcn \u00f6\u011fle saatlerinde Kepez il\u00e7esi Habipler Mahallesi&#8217;nde Kepez Belediyesi taraf\u0131ndan su bask\u0131n ve ta\u015fk\u0131nlar\u0131na \u00f6nlem ama\u00e7l\u0131 yap\u0131lan drenaj \u00e7al\u0131\u015fma sahas\u0131nda ya\u015fand\u0131. Edinilen bilgiye g\u00f6re, drenaj \u00e7al\u0131\u015fmas\u0131nda yer alan gider t\u00fcnellerine \u00e7ocuklar\u0131n girdi\u011fini g\u00f6renler durumu 112 Acil \u00c7a\u011fr\u0131 Merkezine bildirdi. \u0130hbar \u00fczerine olay yerine polis ve itfaiye ekipleri sevk edildi. Belirtilen adrese gelen ekipler, t\u00fcnellerden k\u00fc\u00e7\u00fck ya\u015fta 21 \u00e7ocu\u011fun \u00e7\u0131kt\u0131\u011f\u0131 bilgisini ald\u0131. \u0130tfaiye ekipleri, yakla\u015f\u0131k 600 metre uzunlu\u011fundaki \u00fc\u00e7 drenaj t\u00fcnelinde kontrol ama\u00e7l\u0131 arama ger\u00e7ekle\u015ftirdi. Aramalarda ba\u015fka \u00e7ocu\u011fa rastlan\u0131lmazken, baz\u0131 ayak izlerine rastlan\u0131ld\u0131. Tek ki\u015filik yatak \u00e7\u0131kt\u0131 T\u00fcnel giderlerinin daha \u00f6nce giri\u015f noktas\u0131n\u0131n demir tellerle kapat\u0131ld\u0131\u011f\u0131 ve kimli\u011fi belirsiz yeti\u015fkin ki\u015fi ya da ki\u015filerce e\u011filerek a\u00e7\u0131ld\u0131\u011f\u0131 belirlendi. Yine arama sonucunda i\u00e7eriden tek ki\u015filik yatak \u00e7\u0131kt\u0131. Arama \u00e7al\u0131\u015fmalar\u0131n\u0131n bitmesinin ard\u0131ndan ekipler normale d\u00f6nerken, belediye ekipleri t\u00fcnelin giri\u015fini tekrar demir tellerle kapatt\u0131. Kaynak: www.kanalv.com.tr Haber Sitesinden Al\u0131nm\u0131\u015ft\u0131r.","og_url":"https:\/\/denizcankizil.tr\/de\/haberler\/antalya\/tunele-giren-21-cocuk-ekipleri-alarma-gecirdi\/","og_site_name":"Av. Deniz Can K\u0131z\u0131l","article_published_time":"2025-05-21T14:41:16+00:00","og_image":[{"width":1280,"height":720,"url":"https:\/\/denizcankizil.tr\/wp-content\/uploads\/2025\/05\/6468-01-3YC5tL.jpg","type":"image\/jpeg"}],"author":"Av. Deniz Can K\u0131z\u0131l","twitter_card":"summary_large_image","twitter_misc":{"Verfasst von":"Av. Deniz Can K\u0131z\u0131l","Gesch\u00e4tzte Lesezeit":"1\u00a0Minute"},"schema":{"@context":"https:\/\/schema.org","@graph":[{"@type":"Article","@id":"https:\/\/denizcankizil.tr\/ru\/haberler\/antalya\/tunele-giren-21-cocuk-ekipleri-alarma-gecirdi\/#article","isPartOf":{"@id":"https:\/\/denizcankizil.tr\/ru\/haberler\/antalya\/tunele-giren-21-cocuk-ekipleri-alarma-gecirdi\/"},"author":{"name":"Av. Deniz Can K\u0131z\u0131l","@id":"https:\/\/denizcankizil.tr\/de\/#\/schema\/person\/5dc1b22991bd7ac833867c10afc9b0ff"},"headline":"T\u00fcnele giren 21 \u00e7ocuk, ekipleri alarma ge\u00e7irdi","datePublished":"2025-05-21T14:41:16+00:00","mainEntityOfPage":{"@id":"https:\/\/denizcankizil.tr\/ru\/haberler\/antalya\/tunele-giren-21-cocuk-ekipleri-alarma-gecirdi\/"},"wordCount":200,"publisher":{"@id":"https:\/\/denizcankizil.tr\/de\/#organization"},"image":{"@id":"https:\/\/denizcankizil.tr\/ru\/haberler\/antalya\/tunele-giren-21-cocuk-ekipleri-alarma-gecirdi\/#primaryimage"},"thumbnailUrl":"https:\/\/denizcankizil.tr\/wp-content\/uploads\/2025\/05\/6468-01-3YC5tL.jpg","articleSection":["Antalya"],"inLanguage":"de"},{"@type":"WebPage","@id":"https:\/\/denizcankizil.tr\/ru\/haberler\/antalya\/tunele-giren-21-cocuk-ekipleri-alarma-gecirdi\/","url":"https:\/\/denizcankizil.tr\/ru\/haberler\/antalya\/tunele-giren-21-cocuk-ekipleri-alarma-gecirdi\/","name":"T\u00fcnele giren 21 \u00e7ocuk, ekipleri alarma ge\u00e7irdi - Av. Deniz Can K\u0131z\u0131l","isPartOf":{"@id":"https:\/\/denizcankizil.tr\/de\/#website"},"primaryImageOfPage":{"@id":"https:\/\/denizcankizil.tr\/ru\/haberler\/antalya\/tunele-giren-21-cocuk-ekipleri-alarma-gecirdi\/#primaryimage"},"image":{"@id":"https:\/\/denizcankizil.tr\/ru\/haberler\/antalya\/tunele-giren-21-cocuk-ekipleri-alarma-gecirdi\/#primaryimage"},"thumbnailUrl":"https:\/\/denizcankizil.tr\/wp-content\/uploads\/2025\/05\/6468-01-3YC5tL.jpg","datePublished":"2025-05-21T14:41:16+00:00","breadcrumb":{"@id":"https:\/\/denizcankizil.tr\/ru\/haberler\/antalya\/tunele-giren-21-cocuk-ekipleri-alarma-gecirdi\/#breadcrumb"},"inLanguage":"de","potentialAction":[{"@type":"ReadAction","target":["https:\/\/denizcankizil.tr\/ru\/haberler\/antalya\/tunele-giren-21-cocuk-ekipleri-alarma-gecirdi\/"]}]},{"@type":"ImageObject","inLanguage":"de","@id":"https:\/\/denizcankizil.tr\/ru\/haberler\/antalya\/tunele-giren-21-cocuk-ekipleri-alarma-gecirdi\/#primaryimage","url":"https:\/\/denizcankizil.tr\/wp-content\/uploads\/2025\/05\/6468-01-3YC5tL.jpg","contentUrl":"https:\/\/denizcankizil.tr\/wp-content\/uploads\/2025\/05\/6468-01-3YC5tL.jpg","width":1280,"height":720},{"@type":"BreadcrumbList","@id":"https:\/\/denizcankizil.tr\/ru\/haberler\/antalya\/tunele-giren-21-cocuk-ekipleri-alarma-gecirdi\/#breadcrumb","itemListElement":[{"@type":"ListItem","position":1,"name":"Home","item":"https:\/\/denizcankizil.tr\/de\/"},{"@type":"ListItem","position":2,"name":"T\u00fcnele giren 21 \u00e7ocuk, ekipleri alarma ge\u00e7irdi"}]},{"@type":"WebSite","@id":"https:\/\/denizcankizil.tr\/de\/#website","url":"https:\/\/denizcankizil.tr\/de\/","name":"Av. Deniz Can K\u0131z\u0131l","description":"Avukat Deniz Can K\u0131z\u0131l Antalya Barosu","publisher":{"@id":"https:\/\/denizcankizil.tr\/de\/#organization"},"potentialAction":[{"@type":"SearchAction","target":{"@type":"EntryPoint","urlTemplate":"https:\/\/denizcankizil.tr\/de\/?s={search_term_string}"},"query-input":{"@type":"PropertyValueSpecification","valueRequired":true,"valueName":"search_term_string"}}],"inLanguage":"de"},{"@type":"Organization","@id":"https:\/\/denizcankizil.tr\/de\/#organization","name":"Av. Deniz Can K\u0131z\u0131l","url":"https:\/\/denizcankizil.tr\/de\/","logo":{"@type":"ImageObject","inLanguage":"de","@id":"https:\/\/denizcankizil.tr\/de\/#\/schema\/logo\/image\/","url":"https:\/\/denizcankizil.tr\/wp-content\/uploads\/2024\/10\/siyah-logo-svg.svg","contentUrl":"https:\/\/denizcankizil.tr\/wp-content\/uploads\/2024\/10\/siyah-logo-svg.svg","width":1080,"height":1080,"caption":"Av. Deniz Can K\u0131z\u0131l"},"image":{"@id":"https:\/\/denizcankizil.tr\/de\/#\/schema\/logo\/image\/"}},{"@type":"Person","@id":"https:\/\/denizcankizil.tr\/de\/#\/schema\/person\/5dc1b22991bd7ac833867c10afc9b0ff","name":"Av. Deniz Can K\u0131z\u0131l","image":{"@type":"ImageObject","inLanguage":"de","@id":"https:\/\/denizcankizil.tr\/de\/#\/schema\/person\/image\/","url":"https:\/\/secure.gravatar.com\/avatar\/a0b128fb9855c79efc976d5640eedb31dc35ec297594d6016d2cf7c60e975bb6?s=96&d=mm&r=g","contentUrl":"https:\/\/secure.gravatar.com\/avatar\/a0b128fb9855c79efc976d5640eedb31dc35ec297594d6016d2cf7c60e975bb6?s=96&d=mm&r=g","caption":"Av. Deniz Can K\u0131z\u0131l"},"sameAs":["http:\/\/www.denizcankizil.tr"],"url":"https:\/\/denizcankizil.tr\/de\/author\/denizcankizil\/"}]}},"_links":{"self":[{"href":"https:\/\/denizcankizil.tr\/de\/wp-json\/wp\/v2\/posts\/93673","targetHints":{"allow":["GET"]}}],"collection":[{"href":"https:\/\/denizcankizil.tr\/de\/wp-json\/wp\/v2\/posts"}],"about":[{"href":"https:\/\/denizcankizil.tr\/de\/wp-json\/wp\/v2\/types\/post"}],"author":[{"embeddable":true,"href":"https:\/\/denizcankizil.tr\/de\/wp-json\/wp\/v2\/users\/4"}],"replies":[{"embeddable":true,"href":"https:\/\/denizcankizil.tr\/de\/wp-json\/wp\/v2\/comments?post=93673"}],"version-history":[{"count":0,"href":"https:\/\/denizcankizil.tr\/de\/wp-json\/wp\/v2\/posts\/93673\/revisions"}],"wp:featuredmedia":[{"embeddable":true,"href":"https:\/\/denizcankizil.tr\/de\/wp-json\/wp\/v2\/media\/93674"}],"wp:attachment":[{"href":"https:\/\/denizcankizil.tr\/de\/wp-json\/wp\/v2\/media?parent=93673"}],"wp:term":[{"taxonomy":"category","embeddable":true,"href":"https:\/\/denizcankizil.tr\/de\/wp-json\/wp\/v2\/categories?post=93673"},{"taxonomy":"post_tag","embeddable":true,"href":"https:\/\/denizcankizil.tr\/de\/wp-json\/wp\/v2\/tags?post=93673"}],"curies":[{"name":"wp","href":"https:\/\/api.w.org\/{rel}","templated":true}]}}