{"id":93671,"date":"2025-05-21T16:43:27","date_gmt":"2025-05-21T13:43:27","guid":{"rendered":"https:\/\/denizcankizil.tr\/uncategorized-tr\/kocaelinde-yenilikci-projeler-hayata-geciyor\/"},"modified":"2025-05-21T16:43:27","modified_gmt":"2025-05-21T13:43:27","slug":"kocaelinde-yenilikci-projeler-hayata-geciyor","status":"publish","type":"post","link":"https:\/\/denizcankizil.tr\/de\/haberler\/gundem\/kocaelinde-yenilikci-projeler-hayata-geciyor\/","title":{"rendered":"Kocaeli\u2019nde yenilik\u00e7i projeler hayata ge\u00e7iyor"},"content":{"rendered":"<p>Kocaeli Kongre Merkezi\u2019ndeki \u201cGiri\u015fimcilik ve \u0130novasyon \u00c7al\u0131\u015ftay\u0131\u201dnda konu\u015fan Dr. Hayri Bara\u00e7l\u0131, Kocaeli\u2019nde b\u00fcy\u00fck projelere imza at\u0131ld\u0131\u011f\u0131na vurgu yapt\u0131.KOCAEL\u0130 (\u0130GFA) &#8211; Giri\u015fimcilik ve \u0130novasyon \u00c7al\u0131\u015ftay\u0131\u2019nda konu\u015fan B\u00fcy\u00fck\u015fehir Belediyesi Genel Sekreteri Dr. Hayri Bara\u00e7l\u0131, \u201cKocaeli\u2019nde b\u00fcy\u00fck projelere imza at\u0131yoruz\u201d ifadelerini kulland\u0131.<br \/>\nGELECE\u011e\u0130N \u00c7\u00d6Z\u00dcMLER\u0130 TARTI\u015eILDI<br \/>\nKocaeli\u2019nin giri\u015fimcilik ve inovasyon kapasitesini art\u0131rmak amac\u0131yla \u201cGiri\u015fimcilik ve \u0130novasyon Merkezi\u201d kurmay\u0131 planlayan B\u00fcy\u00fck\u015fehir Belediyesi, Do\u011fu Marmara Kalk\u0131nma Ajans\u0131\u2019ndan (MARKA) ald\u0131\u011f\u0131 fizibilite deste\u011fi ile kapsaml\u0131 bir rapor haz\u0131rl\u0131yor. Bu rapora temel olu\u015fturmak, merkezin vizyonunu \u015fekillendirmek, gelece\u011fe y\u00f6nelik planlamalar yapmak i\u00e7in payda\u015flar ve deneyimli akt\u00f6rlerin kat\u0131l\u0131m\u0131yla Kocaeli Kongre Merkezi\u2019nde \u201cGiri\u015fimcilik ve \u0130novasyon \u00c7al\u0131\u015ftay\u0131\u201d ger\u00e7ekle\u015ftirildi. \u00c7al\u0131\u015ftay kapsam\u0131nda d\u00fczenlenen oturumlarda kat\u0131l\u0131mc\u0131larla birlikte fikirler \u00fcretilirken ilham verici bilgiler payla\u015f\u0131ld\u0131 ve gelece\u011fin \u00e7\u00f6z\u00fcmleri tart\u0131\u015f\u0131ld\u0131.<\/p>\n<p>PAYDA\u015eLARIN TEMS\u0130LC\u0130LER\u0130 KATILDI<br \/>\nPayda\u015flar\u0131n; Kocaeli Valili\u011fi, Kocaeli \u00dcniversitesi, Gebze Teknik \u00dcniversitesi, Kocaeli Sa\u011fl\u0131k ve Teknoloji \u00dcniversitesi, Kocaeli Ticaret Odas\u0131, Kocaeli Sanayi Odas\u0131, Do\u011fu Marmara Kalk\u0131nma Ajans\u0131 ve Kocaeli Kent Konseyi gibi kurumlar\u0131n oldu\u011fu \u00e7al\u0131\u015ftaya; B\u00fcy\u00fck\u015fehir Belediyesi Genel Sekreteri Dr. Hayri Bara\u00e7l\u0131, Do\u011fu Marmara Kalk\u0131nma Ajans\u0131 Genel Sekreteri Do\u00e7. Dr. Mustafa \u00c7\u00f6po\u011flu, Ventures&amp;Mentors League kurucusu Ufuk Batum, H2O Investment kurucu orta\u011f\u0131 Dr. \u0130brahim Elba\u015f\u0131, Kocaeli B\u00fcy\u00fck\u015fehir Belediyesi y\u00f6neticileri, akademisyenler ile kamu kurumlar\u0131, \u00f6zel sekt\u00f6r ve sivil toplum kurulu\u015flar\u0131n\u0131n temsilcileri kat\u0131ld\u0131.<\/p>\n<p>\u201cKOCAEL\u0130, T\u00dcRK\u0130YE\u2019N\u0130N \u00dc\u00c7\u00dcNC\u00dc B\u00dcY\u00dcK\u015eEHR\u0130D\u0130R\u201d<br \/>\nToplam 4 oturumun ger\u00e7ekle\u015ftirildi\u011fi Giri\u015fimcilik ve \u0130novasyon \u00c7al\u0131\u015ftay\u0131\u2019n\u0131n ilk oturumunda Ventures&amp;Mentors League kurucusu Ufuk Batum, \u00e7al\u0131\u015ftay\u0131n teknik sunumunu ger\u00e7ekle\u015ftirdi. \u00c7al\u0131\u015ftaya anahtar konu\u015fmac\u0131 olarak kat\u0131lan H2O Investment kurucu orta\u011f\u0131 Dr. \u0130brahim Elba\u015f\u0131 giri\u015fimcilik, inovasyon, stratejik y\u00f6netim ve entelekt\u00fcel sermaye \u00fczerine bir sunum yapt\u0131. \u00c7al\u0131\u015ftayda konu\u015fan B\u00fcy\u00fck\u015fehir Belediyesi Genel Sekreteri Dr. Hayri Bara\u00e7l\u0131, \u201cGiri\u015fimcilik kavram\u0131 i\u00e7erisinde bizler Kocaeli\u2019nde b\u00fcy\u00fck projelere imza at\u0131yoruz. Marmara Denizi\u2019nin ba\u015flad\u0131\u011f\u0131 Kocaeli, T\u00fcrkiye\u2019nin \u00fc\u00e7\u00fcnc\u00fc b\u00fcy\u00fck\u015fehridir. Ba\u015fkan\u0131m\u0131z\u0131n liderli\u011finde yenili\u011fi ve fark\u0131ndal\u0131k projelerini ortaya \u00e7\u0131kartan bir belediyecilik kavram\u0131 i\u00e7erisinde hareket ediyoruz\u201d dedi.<br \/>\n\u201cBU \u00c7ALI\u015eTAY B\u0130Z\u0130 HEYECANLANDIRIYOR\u201d<br \/>\nBara\u00e7l\u0131 konu\u015fmas\u0131n\u0131n devam\u0131nda, \u201cGiri\u015fimcilik ve \u0130novasyon Merkezi\u2019nin kurulmas\u0131 ile ilgili bir \u00e7al\u0131\u015ftay yap\u0131yoruz. Bu bizi farkl\u0131 bir \u015fekilde heyecanland\u0131r\u0131yor. Tabi d\u00fcnyan\u0131n bir\u00e7ok \u00fclkesinde farkl\u0131 \u015fehir projeleri var. Burada hep karl\u0131l\u0131k odakl\u0131 bir anlay\u0131\u015fla giri\u015fimcilik merkezi kavram\u0131n\u0131 d\u00fc\u015f\u00fcn\u00fcrken, \u015fehir laboratuvar\u0131n\u0131 veya \u015fehir m\u00fckemmeliyet merkezini kurma f\u0131rsat\u0131n\u0131 da olu\u015fturabiliriz. Belki \u015fehir teknoloji transfer merkezi gibi farkl\u0131 projeleri \u00fcretme \u015fans\u0131na sahip olabiliriz. A\u00e7\u0131\u011fa \u00e7\u0131kmam\u0131\u015f ihtiya\u00e7lar\u0131 kar\u015f\u0131lamak Kocaeli B\u00fcy\u00fck\u015fehir Belediyesi\u2019nin misyonunda var. Vatanda\u015f\u0131n d\u00fc\u015f\u00fcnemedi\u011fini d\u00fc\u015f\u00fcnen bir y\u00f6netim kavram\u0131n\u0131 ortaya koymam\u0131z gerekiyor. K\u00fc\u00e7\u00fck ad\u0131mlarla hedeflere varabilmek i\u00e7in Giri\u015fimcilik ve \u0130novasyon Merkezi \u015fehrimiz ad\u0131na \u00f6nemli bir kavram\u0131 ortaya \u00e7\u0131kartm\u0131\u015f olacak\u201d ifadelerini kulland\u0131. Konu\u015fmalar\u0131n tamamlanmas\u0131n\u0131n ard\u0131ndan Stratejik Yol Haritas\u0131 &#8211; Merkezin Rol\u00fc ve \u00d6ncelikleri, Eylem Plan\u0131 &#8211; Kurumsal Sorumluluklar ve Uygulama Ad\u0131mlar\u0131 ile \u00c7al\u0131\u015ftay De\u011ferlendirme Oturumlar\u0131 ger\u00e7ekle\u015ftirildi.<\/p>\n<p>\u200bKocaeli Kongre Merkezi\u2019ndeki \u201cGiri\u015fimcilik ve \u0130novasyon \u00c7al\u0131\u015ftay\u0131\u201dnda konu\u015fan Dr. Hayri Bara\u00e7l\u0131, Kocaeli\u2019nde b\u00fcy\u00fck projelere imza at\u0131ld\u0131\u011f\u0131na vurgu yapt\u0131.KOCAEL\u0130 (\u0130GFA) &#8211; Giri\u015fimcilik ve \u0130novasyon \u00c7al\u0131\u015ftay\u0131\u2019nda konu\u015fan B\u00fcy\u00fck\u015fehir Belediyesi Genel Sekreteri Dr. Hayri Bara\u00e7l\u0131, \u201cKocaeli\u2019nde b\u00fcy\u00fck projelere imza at\u0131yoruz\u201d ifadelerini kulland\u0131.<br \/>\nGELECE\u011e\u0130N \u00c7\u00d6Z\u00dcMLER\u0130 TARTI\u015eILDI<br \/>\nKocaeli\u2019nin giri\u015fimcilik ve inovasyon kapasitesini art\u0131rmak amac\u0131yla \u201cGiri\u015fimcilik ve \u0130novasyon Merkezi\u201d kurmay\u0131 planlayan B\u00fcy\u00fck\u015fehir Belediyesi, Do\u011fu Marmara Kalk\u0131nma Ajans\u0131\u2019ndan (MARKA) ald\u0131\u011f\u0131 fizibilite deste\u011fi ile kapsaml\u0131 bir rapor haz\u0131rl\u0131yor. Bu rapora temel olu\u015fturmak, merkezin vizyonunu \u015fekillendirmek, gelece\u011fe y\u00f6nelik planlamalar yapmak i\u00e7in payda\u015flar ve deneyimli akt\u00f6rlerin kat\u0131l\u0131m\u0131yla Kocaeli Kongre Merkezi\u2019nde \u201cGiri\u015fimcilik ve \u0130novasyon \u00c7al\u0131\u015ftay\u0131\u201d ger\u00e7ekle\u015ftirildi. \u00c7al\u0131\u015ftay kapsam\u0131nda d\u00fczenlenen oturumlarda kat\u0131l\u0131mc\u0131larla birlikte fikirler \u00fcretilirken ilham verici bilgiler payla\u015f\u0131ld\u0131 ve gelece\u011fin \u00e7\u00f6z\u00fcmleri tart\u0131\u015f\u0131ld\u0131.<\/p>\n<p>PAYDA\u015eLARIN TEMS\u0130LC\u0130LER\u0130 KATILDI<br \/>\nPayda\u015flar\u0131n; Kocaeli Valili\u011fi, Kocaeli \u00dcniversitesi, Gebze Teknik \u00dcniversitesi, Kocaeli Sa\u011fl\u0131k ve Teknoloji \u00dcniversitesi, Kocaeli Ticaret Odas\u0131, Kocaeli Sanayi Odas\u0131, Do\u011fu Marmara Kalk\u0131nma Ajans\u0131 ve Kocaeli Kent Konseyi gibi kurumlar\u0131n oldu\u011fu \u00e7al\u0131\u015ftaya; B\u00fcy\u00fck\u015fehir Belediyesi Genel Sekreteri Dr. Hayri Bara\u00e7l\u0131, Do\u011fu Marmara Kalk\u0131nma Ajans\u0131 Genel Sekreteri Do\u00e7. Dr. Mustafa \u00c7\u00f6po\u011flu, Ventures&amp;Mentors League kurucusu Ufuk Batum, H2O Investment kurucu orta\u011f\u0131 Dr. \u0130brahim Elba\u015f\u0131, Kocaeli B\u00fcy\u00fck\u015fehir Belediyesi y\u00f6neticileri, akademisyenler ile kamu kurumlar\u0131, \u00f6zel sekt\u00f6r ve sivil toplum kurulu\u015flar\u0131n\u0131n temsilcileri kat\u0131ld\u0131.<\/p>\n<p>\u201cKOCAEL\u0130, T\u00dcRK\u0130YE\u2019N\u0130N \u00dc\u00c7\u00dcNC\u00dc B\u00dcY\u00dcK\u015eEHR\u0130D\u0130R\u201d<br \/>\nToplam 4 oturumun ger\u00e7ekle\u015ftirildi\u011fi Giri\u015fimcilik ve \u0130novasyon \u00c7al\u0131\u015ftay\u0131\u2019n\u0131n ilk oturumunda Ventures&amp;Mentors League kurucusu Ufuk Batum, \u00e7al\u0131\u015ftay\u0131n teknik sunumunu ger\u00e7ekle\u015ftirdi. \u00c7al\u0131\u015ftaya anahtar konu\u015fmac\u0131 olarak kat\u0131lan H2O Investment kurucu orta\u011f\u0131 Dr. \u0130brahim Elba\u015f\u0131 giri\u015fimcilik, inovasyon, stratejik y\u00f6netim ve entelekt\u00fcel sermaye \u00fczerine bir sunum yapt\u0131. \u00c7al\u0131\u015ftayda konu\u015fan B\u00fcy\u00fck\u015fehir Belediyesi Genel Sekreteri Dr. Hayri Bara\u00e7l\u0131, \u201cGiri\u015fimcilik kavram\u0131 i\u00e7erisinde bizler Kocaeli\u2019nde b\u00fcy\u00fck projelere imza at\u0131yoruz. Marmara Denizi\u2019nin ba\u015flad\u0131\u011f\u0131 Kocaeli, T\u00fcrkiye\u2019nin \u00fc\u00e7\u00fcnc\u00fc b\u00fcy\u00fck\u015fehridir. Ba\u015fkan\u0131m\u0131z\u0131n liderli\u011finde yenili\u011fi ve fark\u0131ndal\u0131k projelerini ortaya \u00e7\u0131kartan bir belediyecilik kavram\u0131 i\u00e7erisinde hareket ediyoruz\u201d dedi.<br \/>\n\u201cBU \u00c7ALI\u015eTAY B\u0130Z\u0130 HEYECANLANDIRIYOR\u201d<br \/>\nBara\u00e7l\u0131 konu\u015fmas\u0131n\u0131n devam\u0131nda, \u201cGiri\u015fimcilik ve \u0130novasyon Merkezi\u2019nin kurulmas\u0131 ile ilgili bir \u00e7al\u0131\u015ftay yap\u0131yoruz. Bu bizi farkl\u0131 bir \u015fekilde heyecanland\u0131r\u0131yor. Tabi d\u00fcnyan\u0131n bir\u00e7ok \u00fclkesinde farkl\u0131 \u015fehir projeleri var. Burada hep karl\u0131l\u0131k odakl\u0131 bir anlay\u0131\u015fla giri\u015fimcilik merkezi kavram\u0131n\u0131 d\u00fc\u015f\u00fcn\u00fcrken, \u015fehir laboratuvar\u0131n\u0131 veya \u015fehir m\u00fckemmeliyet merkezini kurma f\u0131rsat\u0131n\u0131 da olu\u015fturabiliriz. Belki \u015fehir teknoloji transfer merkezi gibi farkl\u0131 projeleri \u00fcretme \u015fans\u0131na sahip olabiliriz. A\u00e7\u0131\u011fa \u00e7\u0131kmam\u0131\u015f ihtiya\u00e7lar\u0131 kar\u015f\u0131lamak Kocaeli B\u00fcy\u00fck\u015fehir Belediyesi\u2019nin misyonunda var. Vatanda\u015f\u0131n d\u00fc\u015f\u00fcnemedi\u011fini d\u00fc\u015f\u00fcnen bir y\u00f6netim kavram\u0131n\u0131 ortaya koymam\u0131z gerekiyor. K\u00fc\u00e7\u00fck ad\u0131mlarla hedeflere varabilmek i\u00e7in Giri\u015fimcilik ve \u0130novasyon Merkezi \u015fehrimiz ad\u0131na \u00f6nemli bir kavram\u0131 ortaya \u00e7\u0131kartm\u0131\u015f olacak\u201d ifadelerini kulland\u0131. Konu\u015fmalar\u0131n tamamlanmas\u0131n\u0131n ard\u0131ndan Stratejik Yol Haritas\u0131 &#8211; Merkezin Rol\u00fc ve \u00d6ncelikleri, Eylem Plan\u0131 &#8211; Kurumsal Sorumluluklar ve Uygulama Ad\u0131mlar\u0131 ile \u00c7al\u0131\u015ftay De\u011ferlendirme Oturumlar\u0131 ger\u00e7ekle\u015ftirildi.\u00a0<\/p>\n<p>\u200bHaberin Al\u0131nt\u0131land\u0131\u011f\u0131 Kaynak: www.iskenderun.org<\/p>","protected":false},"excerpt":{"rendered":"<p>Kocaeli Kongre Merkezi\u2019ndeki \u201cGiri\u015fimcilik ve \u0130novasyon \u00c7al\u0131\u015ftay\u0131\u201dnda konu\u015fan Dr. Hayri Bara\u00e7l\u0131, Kocaeli\u2019nde b\u00fcy\u00fck projelere imza at\u0131ld\u0131\u011f\u0131na vurgu yapt\u0131.KOCAEL\u0130 (\u0130GFA) &#8211; Giri\u015fimcilik ve \u0130novasyon \u00c7al\u0131\u015ftay\u0131\u2019nda konu\u015fan B\u00fcy\u00fck\u015fehir Belediyesi Genel Sekreteri Dr. Hayri Bara\u00e7l\u0131, \u201cKocaeli\u2019nde b\u00fcy\u00fck projelere imza at\u0131yoruz\u201d ifadelerini kulland\u0131. GELECE\u011e\u0130N \u00c7\u00d6Z\u00dcMLER\u0130 TARTI\u015eILDI Kocaeli\u2019nin giri\u015fimcilik ve inovasyon kapasitesini art\u0131rmak amac\u0131yla \u201cGiri\u015fimcilik ve \u0130novasyon Merkezi\u201d kurmay\u0131 planlayan B\u00fcy\u00fck\u015fehir Belediyesi, Do\u011fu Marmara Kalk\u0131nma Ajans\u0131\u2019ndan (MARKA) ald\u0131\u011f\u0131 fizibilite deste\u011fi ile kapsaml\u0131 bir rapor haz\u0131rl\u0131yor. Bu rapora temel olu\u015fturmak, merkezin vizyonunu \u015fekillendirmek, gelece\u011fe y\u00f6nelik planlamalar yapmak i\u00e7in payda\u015flar ve deneyimli akt\u00f6rlerin kat\u0131l\u0131m\u0131yla Kocaeli Kongre Merkezi\u2019nde \u201cGiri\u015fimcilik ve \u0130novasyon \u00c7al\u0131\u015ftay\u0131\u201d ger\u00e7ekle\u015ftirildi. \u00c7al\u0131\u015ftay kapsam\u0131nda d\u00fczenlenen oturumlarda kat\u0131l\u0131mc\u0131larla birlikte fikirler \u00fcretilirken ilham verici bilgiler payla\u015f\u0131ld\u0131 ve gelece\u011fin \u00e7\u00f6z\u00fcmleri tart\u0131\u015f\u0131ld\u0131. PAYDA\u015eLARIN TEMS\u0130LC\u0130LER\u0130 KATILDI Payda\u015flar\u0131n; Kocaeli Valili\u011fi, Kocaeli \u00dcniversitesi, Gebze Teknik \u00dcniversitesi, Kocaeli Sa\u011fl\u0131k ve Teknoloji \u00dcniversitesi, Kocaeli Ticaret Odas\u0131, Kocaeli Sanayi Odas\u0131, Do\u011fu Marmara Kalk\u0131nma Ajans\u0131 ve Kocaeli Kent Konseyi gibi kurumlar\u0131n oldu\u011fu \u00e7al\u0131\u015ftaya; B\u00fcy\u00fck\u015fehir Belediyesi Genel Sekreteri Dr. Hayri Bara\u00e7l\u0131, Do\u011fu Marmara Kalk\u0131nma Ajans\u0131 Genel Sekreteri Do\u00e7. Dr. Mustafa \u00c7\u00f6po\u011flu, Ventures&amp;Mentors League kurucusu Ufuk Batum, H2O Investment kurucu orta\u011f\u0131 Dr. \u0130brahim Elba\u015f\u0131, Kocaeli B\u00fcy\u00fck\u015fehir Belediyesi y\u00f6neticileri, akademisyenler ile kamu kurumlar\u0131, \u00f6zel sekt\u00f6r ve sivil toplum kurulu\u015flar\u0131n\u0131n temsilcileri kat\u0131ld\u0131. \u201cKOCAEL\u0130, T\u00dcRK\u0130YE\u2019N\u0130N \u00dc\u00c7\u00dcNC\u00dc B\u00dcY\u00dcK\u015eEHR\u0130D\u0130R\u201d Toplam 4 oturumun ger\u00e7ekle\u015ftirildi\u011fi Giri\u015fimcilik ve &hellip;<\/p>","protected":false},"author":1,"featured_media":0,"comment_status":"","ping_status":"open","sticky":false,"template":"","format":"standard","meta":{"_acf_changed":false,"footnotes":""},"categories":[24],"tags":[],"class_list":["post-93671","post","type-post","status-publish","format-standard","has-post-thumbnail","hentry","category-gundem"],"acf":[],"yoast_head":"<!-- This site is optimized with the Yoast SEO Premium plugin v26.6 (Yoast SEO v27.1.1) - https:\/\/yoast.com\/product\/yoast-seo-premium-wordpress\/ -->\n<title>Kocaeli\u2019nde yenilik\u00e7i projeler hayata ge\u00e7iyor - Av. Deniz Can K\u0131z\u0131l<\/title>\n<meta name=\"robots\" content=\"index, follow, max-snippet:-1, max-image-preview:large, max-video-preview:-1\" \/>\n<link rel=\"canonical\" href=\"https:\/\/denizcankizil.tr\/de\/haberler\/gundem\/kocaelinde-yenilikci-projeler-hayata-geciyor\/\" \/>\n<meta property=\"og:locale\" content=\"de_DE\" \/>\n<meta property=\"og:type\" content=\"article\" \/>\n<meta property=\"og:title\" content=\"Kocaeli\u2019nde yenilik\u00e7i projeler hayata ge\u00e7iyor\" \/>\n<meta property=\"og:description\" content=\"Kocaeli Kongre Merkezi\u2019ndeki \u201cGiri\u015fimcilik ve \u0130novasyon \u00c7al\u0131\u015ftay\u0131\u201dnda konu\u015fan Dr. Hayri Bara\u00e7l\u0131, Kocaeli\u2019nde b\u00fcy\u00fck projelere imza at\u0131ld\u0131\u011f\u0131na vurgu yapt\u0131.KOCAEL\u0130 (\u0130GFA) &#8211; Giri\u015fimcilik ve \u0130novasyon \u00c7al\u0131\u015ftay\u0131\u2019nda konu\u015fan B\u00fcy\u00fck\u015fehir Belediyesi Genel Sekreteri Dr. Hayri Bara\u00e7l\u0131, \u201cKocaeli\u2019nde b\u00fcy\u00fck projelere imza at\u0131yoruz\u201d ifadelerini kulland\u0131. GELECE\u011e\u0130N \u00c7\u00d6Z\u00dcMLER\u0130 TARTI\u015eILDI Kocaeli\u2019nin giri\u015fimcilik ve inovasyon kapasitesini art\u0131rmak amac\u0131yla \u201cGiri\u015fimcilik ve \u0130novasyon Merkezi\u201d kurmay\u0131 planlayan B\u00fcy\u00fck\u015fehir Belediyesi, Do\u011fu Marmara Kalk\u0131nma Ajans\u0131\u2019ndan (MARKA) ald\u0131\u011f\u0131 fizibilite deste\u011fi ile kapsaml\u0131 bir rapor haz\u0131rl\u0131yor. Bu rapora temel olu\u015fturmak, merkezin vizyonunu \u015fekillendirmek, gelece\u011fe y\u00f6nelik planlamalar yapmak i\u00e7in payda\u015flar ve deneyimli akt\u00f6rlerin kat\u0131l\u0131m\u0131yla Kocaeli Kongre Merkezi\u2019nde \u201cGiri\u015fimcilik ve \u0130novasyon \u00c7al\u0131\u015ftay\u0131\u201d ger\u00e7ekle\u015ftirildi. \u00c7al\u0131\u015ftay kapsam\u0131nda d\u00fczenlenen oturumlarda kat\u0131l\u0131mc\u0131larla birlikte fikirler \u00fcretilirken ilham verici bilgiler payla\u015f\u0131ld\u0131 ve gelece\u011fin \u00e7\u00f6z\u00fcmleri tart\u0131\u015f\u0131ld\u0131. PAYDA\u015eLARIN TEMS\u0130LC\u0130LER\u0130 KATILDI Payda\u015flar\u0131n; Kocaeli Valili\u011fi, Kocaeli \u00dcniversitesi, Gebze Teknik \u00dcniversitesi, Kocaeli Sa\u011fl\u0131k ve Teknoloji \u00dcniversitesi, Kocaeli Ticaret Odas\u0131, Kocaeli Sanayi Odas\u0131, Do\u011fu Marmara Kalk\u0131nma Ajans\u0131 ve Kocaeli Kent Konseyi gibi kurumlar\u0131n oldu\u011fu \u00e7al\u0131\u015ftaya; B\u00fcy\u00fck\u015fehir Belediyesi Genel Sekreteri Dr. Hayri Bara\u00e7l\u0131, Do\u011fu Marmara Kalk\u0131nma Ajans\u0131 Genel Sekreteri Do\u00e7. Dr. Mustafa \u00c7\u00f6po\u011flu, Ventures&amp;Mentors League kurucusu Ufuk Batum, H2O Investment kurucu orta\u011f\u0131 Dr. \u0130brahim Elba\u015f\u0131, Kocaeli B\u00fcy\u00fck\u015fehir Belediyesi y\u00f6neticileri, akademisyenler ile kamu kurumlar\u0131, \u00f6zel sekt\u00f6r ve sivil toplum kurulu\u015flar\u0131n\u0131n temsilcileri kat\u0131ld\u0131. \u201cKOCAEL\u0130, T\u00dcRK\u0130YE\u2019N\u0130N \u00dc\u00c7\u00dcNC\u00dc B\u00dcY\u00dcK\u015eEHR\u0130D\u0130R\u201d Toplam 4 oturumun ger\u00e7ekle\u015ftirildi\u011fi Giri\u015fimcilik ve &hellip;\" \/>\n<meta property=\"og:url\" content=\"https:\/\/denizcankizil.tr\/de\/haberler\/gundem\/kocaelinde-yenilikci-projeler-hayata-geciyor\/\" \/>\n<meta property=\"og:site_name\" content=\"Av. Deniz Can K\u0131z\u0131l\" \/>\n<meta property=\"article:published_time\" content=\"2025-05-21T13:43:27+00:00\" \/>\n<meta name=\"author\" content=\"admin\" \/>\n<meta name=\"twitter:card\" content=\"summary_large_image\" \/>\n<meta name=\"twitter:label1\" content=\"Verfasst von\" \/>\n\t<meta name=\"twitter:data1\" content=\"admin\" \/>\n\t<meta name=\"twitter:label2\" content=\"Gesch\u00e4tzte Lesezeit\" \/>\n\t<meta name=\"twitter:data2\" content=\"6\u00a0Minuten\" \/>\n<script type=\"application\/ld+json\" class=\"yoast-schema-graph\">{\"@context\":\"https:\/\/schema.org\",\"@graph\":[{\"@type\":\"Article\",\"@id\":\"https:\/\/denizcankizil.tr\/de\/haberler\/gundem\/kocaelinde-yenilikci-projeler-hayata-geciyor\/#article\",\"isPartOf\":{\"@id\":\"https:\/\/denizcankizil.tr\/de\/haberler\/gundem\/kocaelinde-yenilikci-projeler-hayata-geciyor\/\"},\"author\":{\"name\":\"admin\",\"@id\":\"https:\/\/denizcankizil.tr\/#\/schema\/person\/be3c05fe6a12686905512445d8185489\"},\"headline\":\"Kocaeli\u2019nde yenilik\u00e7i projeler hayata ge\u00e7iyor\",\"datePublished\":\"2025-05-21T13:43:27+00:00\",\"mainEntityOfPage\":{\"@id\":\"https:\/\/denizcankizil.tr\/de\/haberler\/gundem\/kocaelinde-yenilikci-projeler-hayata-geciyor\/\"},\"wordCount\":1238,\"publisher\":{\"@id\":\"https:\/\/denizcankizil.tr\/#organization\"},\"articleSection\":[\"G\u00fcndem\"],\"inLanguage\":\"de\"},{\"@type\":\"WebPage\",\"@id\":\"https:\/\/denizcankizil.tr\/de\/haberler\/gundem\/kocaelinde-yenilikci-projeler-hayata-geciyor\/\",\"url\":\"https:\/\/denizcankizil.tr\/de\/haberler\/gundem\/kocaelinde-yenilikci-projeler-hayata-geciyor\/\",\"name\":\"Kocaeli\u2019nde yenilik\u00e7i projeler hayata ge\u00e7iyor - Av. Deniz Can K\u0131z\u0131l\",\"isPartOf\":{\"@id\":\"https:\/\/denizcankizil.tr\/#website\"},\"datePublished\":\"2025-05-21T13:43:27+00:00\",\"breadcrumb\":{\"@id\":\"https:\/\/denizcankizil.tr\/de\/haberler\/gundem\/kocaelinde-yenilikci-projeler-hayata-geciyor\/#breadcrumb\"},\"inLanguage\":\"de\",\"potentialAction\":[{\"@type\":\"ReadAction\",\"target\":[\"https:\/\/denizcankizil.tr\/de\/haberler\/gundem\/kocaelinde-yenilikci-projeler-hayata-geciyor\/\"]}]},{\"@type\":\"BreadcrumbList\",\"@id\":\"https:\/\/denizcankizil.tr\/de\/haberler\/gundem\/kocaelinde-yenilikci-projeler-hayata-geciyor\/#breadcrumb\",\"itemListElement\":[{\"@type\":\"ListItem\",\"position\":1,\"name\":\"Home\",\"item\":\"https:\/\/denizcankizil.tr\/de\/\"},{\"@type\":\"ListItem\",\"position\":2,\"name\":\"Kocaeli\u2019nde yenilik\u00e7i projeler hayata ge\u00e7iyor\"}]},{\"@type\":\"WebSite\",\"@id\":\"https:\/\/denizcankizil.tr\/#website\",\"url\":\"https:\/\/denizcankizil.tr\/\",\"name\":\"Av. Deniz Can K\u0131z\u0131l\",\"description\":\"Avukat Deniz Can K\u0131z\u0131l Antalya Barosu\",\"publisher\":{\"@id\":\"https:\/\/denizcankizil.tr\/#organization\"},\"potentialAction\":[{\"@type\":\"SearchAction\",\"target\":{\"@type\":\"EntryPoint\",\"urlTemplate\":\"https:\/\/denizcankizil.tr\/?s={search_term_string}\"},\"query-input\":{\"@type\":\"PropertyValueSpecification\",\"valueRequired\":true,\"valueName\":\"search_term_string\"}}],\"inLanguage\":\"de\"},{\"@type\":\"Organization\",\"@id\":\"https:\/\/denizcankizil.tr\/#organization\",\"name\":\"Av. Deniz Can K\u0131z\u0131l\",\"url\":\"https:\/\/denizcankizil.tr\/\",\"logo\":{\"@type\":\"ImageObject\",\"inLanguage\":\"de\",\"@id\":\"https:\/\/denizcankizil.tr\/#\/schema\/logo\/image\/\",\"url\":\"https:\/\/denizcankizil.tr\/wp-content\/uploads\/2024\/10\/siyah-logo-svg.svg\",\"contentUrl\":\"https:\/\/denizcankizil.tr\/wp-content\/uploads\/2024\/10\/siyah-logo-svg.svg\",\"width\":1080,\"height\":1080,\"caption\":\"Av. Deniz Can K\u0131z\u0131l\"},\"image\":{\"@id\":\"https:\/\/denizcankizil.tr\/#\/schema\/logo\/image\/\"}},{\"@type\":\"Person\",\"@id\":\"https:\/\/denizcankizil.tr\/#\/schema\/person\/be3c05fe6a12686905512445d8185489\",\"name\":\"admin\",\"image\":{\"@type\":\"ImageObject\",\"inLanguage\":\"de\",\"@id\":\"https:\/\/denizcankizil.tr\/#\/schema\/person\/image\/\",\"url\":\"https:\/\/secure.gravatar.com\/avatar\/c1fce94c830dc79107e174f890d7210541c4a63e8e5d816341794a2151c9d58c?s=96&d=mm&r=g\",\"contentUrl\":\"https:\/\/secure.gravatar.com\/avatar\/c1fce94c830dc79107e174f890d7210541c4a63e8e5d816341794a2151c9d58c?s=96&d=mm&r=g\",\"caption\":\"admin\"},\"sameAs\":[\"http:\/\/denizcankizil.tr\"],\"url\":\"https:\/\/www.iskenderun.org\/kocaelinde-yenilikci-projeler-hayata-geciyor\"}]}<\/script>\n<!-- \/ Yoast SEO Premium plugin. -->","yoast_head_json":{"title":"Kocaeli\u2019nde yenilik\u00e7i projeler hayata ge\u00e7iyor - Av. Deniz Can K\u0131z\u0131l","robots":{"index":"index","follow":"follow","max-snippet":"max-snippet:-1","max-image-preview":"max-image-preview:large","max-video-preview":"max-video-preview:-1"},"canonical":"https:\/\/denizcankizil.tr\/de\/haberler\/gundem\/kocaelinde-yenilikci-projeler-hayata-geciyor\/","og_locale":"de_DE","og_type":"article","og_title":"Kocaeli\u2019nde yenilik\u00e7i projeler hayata ge\u00e7iyor","og_description":"Kocaeli Kongre Merkezi\u2019ndeki \u201cGiri\u015fimcilik ve \u0130novasyon \u00c7al\u0131\u015ftay\u0131\u201dnda konu\u015fan Dr. Hayri Bara\u00e7l\u0131, Kocaeli\u2019nde b\u00fcy\u00fck projelere imza at\u0131ld\u0131\u011f\u0131na vurgu yapt\u0131.KOCAEL\u0130 (\u0130GFA) &#8211; Giri\u015fimcilik ve \u0130novasyon \u00c7al\u0131\u015ftay\u0131\u2019nda konu\u015fan B\u00fcy\u00fck\u015fehir Belediyesi Genel Sekreteri Dr. Hayri Bara\u00e7l\u0131, \u201cKocaeli\u2019nde b\u00fcy\u00fck projelere imza at\u0131yoruz\u201d ifadelerini kulland\u0131. GELECE\u011e\u0130N \u00c7\u00d6Z\u00dcMLER\u0130 TARTI\u015eILDI Kocaeli\u2019nin giri\u015fimcilik ve inovasyon kapasitesini art\u0131rmak amac\u0131yla \u201cGiri\u015fimcilik ve \u0130novasyon Merkezi\u201d kurmay\u0131 planlayan B\u00fcy\u00fck\u015fehir Belediyesi, Do\u011fu Marmara Kalk\u0131nma Ajans\u0131\u2019ndan (MARKA) ald\u0131\u011f\u0131 fizibilite deste\u011fi ile kapsaml\u0131 bir rapor haz\u0131rl\u0131yor. Bu rapora temel olu\u015fturmak, merkezin vizyonunu \u015fekillendirmek, gelece\u011fe y\u00f6nelik planlamalar yapmak i\u00e7in payda\u015flar ve deneyimli akt\u00f6rlerin kat\u0131l\u0131m\u0131yla Kocaeli Kongre Merkezi\u2019nde \u201cGiri\u015fimcilik ve \u0130novasyon \u00c7al\u0131\u015ftay\u0131\u201d ger\u00e7ekle\u015ftirildi. \u00c7al\u0131\u015ftay kapsam\u0131nda d\u00fczenlenen oturumlarda kat\u0131l\u0131mc\u0131larla birlikte fikirler \u00fcretilirken ilham verici bilgiler payla\u015f\u0131ld\u0131 ve gelece\u011fin \u00e7\u00f6z\u00fcmleri tart\u0131\u015f\u0131ld\u0131. PAYDA\u015eLARIN TEMS\u0130LC\u0130LER\u0130 KATILDI Payda\u015flar\u0131n; Kocaeli Valili\u011fi, Kocaeli \u00dcniversitesi, Gebze Teknik \u00dcniversitesi, Kocaeli Sa\u011fl\u0131k ve Teknoloji \u00dcniversitesi, Kocaeli Ticaret Odas\u0131, Kocaeli Sanayi Odas\u0131, Do\u011fu Marmara Kalk\u0131nma Ajans\u0131 ve Kocaeli Kent Konseyi gibi kurumlar\u0131n oldu\u011fu \u00e7al\u0131\u015ftaya; B\u00fcy\u00fck\u015fehir Belediyesi Genel Sekreteri Dr. Hayri Bara\u00e7l\u0131, Do\u011fu Marmara Kalk\u0131nma Ajans\u0131 Genel Sekreteri Do\u00e7. Dr. Mustafa \u00c7\u00f6po\u011flu, Ventures&amp;Mentors League kurucusu Ufuk Batum, H2O Investment kurucu orta\u011f\u0131 Dr. \u0130brahim Elba\u015f\u0131, Kocaeli B\u00fcy\u00fck\u015fehir Belediyesi y\u00f6neticileri, akademisyenler ile kamu kurumlar\u0131, \u00f6zel sekt\u00f6r ve sivil toplum kurulu\u015flar\u0131n\u0131n temsilcileri kat\u0131ld\u0131. \u201cKOCAEL\u0130, T\u00dcRK\u0130YE\u2019N\u0130N \u00dc\u00c7\u00dcNC\u00dc B\u00dcY\u00dcK\u015eEHR\u0130D\u0130R\u201d Toplam 4 oturumun ger\u00e7ekle\u015ftirildi\u011fi Giri\u015fimcilik ve &hellip;","og_url":"https:\/\/denizcankizil.tr\/de\/haberler\/gundem\/kocaelinde-yenilikci-projeler-hayata-geciyor\/","og_site_name":"Av. Deniz Can K\u0131z\u0131l","article_published_time":"2025-05-21T13:43:27+00:00","author":"admin","twitter_card":"summary_large_image","twitter_misc":{"Verfasst von":"admin","Gesch\u00e4tzte Lesezeit":"6\u00a0Minuten"},"schema":{"@context":"https:\/\/schema.org","@graph":[{"@type":"Article","@id":"https:\/\/denizcankizil.tr\/de\/haberler\/gundem\/kocaelinde-yenilikci-projeler-hayata-geciyor\/#article","isPartOf":{"@id":"https:\/\/denizcankizil.tr\/de\/haberler\/gundem\/kocaelinde-yenilikci-projeler-hayata-geciyor\/"},"author":{"name":"admin","@id":"https:\/\/denizcankizil.tr\/#\/schema\/person\/be3c05fe6a12686905512445d8185489"},"headline":"Kocaeli\u2019nde yenilik\u00e7i projeler hayata ge\u00e7iyor","datePublished":"2025-05-21T13:43:27+00:00","mainEntityOfPage":{"@id":"https:\/\/denizcankizil.tr\/de\/haberler\/gundem\/kocaelinde-yenilikci-projeler-hayata-geciyor\/"},"wordCount":1238,"publisher":{"@id":"https:\/\/denizcankizil.tr\/#organization"},"articleSection":["G\u00fcndem"],"inLanguage":"de"},{"@type":"WebPage","@id":"https:\/\/denizcankizil.tr\/de\/haberler\/gundem\/kocaelinde-yenilikci-projeler-hayata-geciyor\/","url":"https:\/\/denizcankizil.tr\/de\/haberler\/gundem\/kocaelinde-yenilikci-projeler-hayata-geciyor\/","name":"Kocaeli\u2019nde yenilik\u00e7i projeler hayata ge\u00e7iyor - Av. Deniz Can K\u0131z\u0131l","isPartOf":{"@id":"https:\/\/denizcankizil.tr\/#website"},"datePublished":"2025-05-21T13:43:27+00:00","breadcrumb":{"@id":"https:\/\/denizcankizil.tr\/de\/haberler\/gundem\/kocaelinde-yenilikci-projeler-hayata-geciyor\/#breadcrumb"},"inLanguage":"de","potentialAction":[{"@type":"ReadAction","target":["https:\/\/denizcankizil.tr\/de\/haberler\/gundem\/kocaelinde-yenilikci-projeler-hayata-geciyor\/"]}]},{"@type":"BreadcrumbList","@id":"https:\/\/denizcankizil.tr\/de\/haberler\/gundem\/kocaelinde-yenilikci-projeler-hayata-geciyor\/#breadcrumb","itemListElement":[{"@type":"ListItem","position":1,"name":"Home","item":"https:\/\/denizcankizil.tr\/de\/"},{"@type":"ListItem","position":2,"name":"Kocaeli\u2019nde yenilik\u00e7i projeler hayata ge\u00e7iyor"}]},{"@type":"WebSite","@id":"https:\/\/denizcankizil.tr\/#website","url":"https:\/\/denizcankizil.tr\/","name":"Av. Deniz Can K\u0131z\u0131l","description":"Avukat Deniz Can K\u0131z\u0131l Antalya Barosu","publisher":{"@id":"https:\/\/denizcankizil.tr\/#organization"},"potentialAction":[{"@type":"SearchAction","target":{"@type":"EntryPoint","urlTemplate":"https:\/\/denizcankizil.tr\/?s={search_term_string}"},"query-input":{"@type":"PropertyValueSpecification","valueRequired":true,"valueName":"search_term_string"}}],"inLanguage":"de"},{"@type":"Organization","@id":"https:\/\/denizcankizil.tr\/#organization","name":"Av. Deniz Can K\u0131z\u0131l","url":"https:\/\/denizcankizil.tr\/","logo":{"@type":"ImageObject","inLanguage":"de","@id":"https:\/\/denizcankizil.tr\/#\/schema\/logo\/image\/","url":"https:\/\/denizcankizil.tr\/wp-content\/uploads\/2024\/10\/siyah-logo-svg.svg","contentUrl":"https:\/\/denizcankizil.tr\/wp-content\/uploads\/2024\/10\/siyah-logo-svg.svg","width":1080,"height":1080,"caption":"Av. Deniz Can K\u0131z\u0131l"},"image":{"@id":"https:\/\/denizcankizil.tr\/#\/schema\/logo\/image\/"}},{"@type":"Person","@id":"https:\/\/denizcankizil.tr\/#\/schema\/person\/be3c05fe6a12686905512445d8185489","name":"Administrator","image":{"@type":"ImageObject","inLanguage":"de","@id":"https:\/\/denizcankizil.tr\/#\/schema\/person\/image\/","url":"https:\/\/secure.gravatar.com\/avatar\/c1fce94c830dc79107e174f890d7210541c4a63e8e5d816341794a2151c9d58c?s=96&d=mm&r=g","contentUrl":"https:\/\/secure.gravatar.com\/avatar\/c1fce94c830dc79107e174f890d7210541c4a63e8e5d816341794a2151c9d58c?s=96&d=mm&r=g","caption":"admin"},"sameAs":["http:\/\/denizcankizil.tr"],"url":"https:\/\/www.iskenderun.org\/kocaelinde-yenilikci-projeler-hayata-geciyor"}]}},"_links":{"self":[{"href":"https:\/\/denizcankizil.tr\/de\/wp-json\/wp\/v2\/posts\/93671","targetHints":{"allow":["GET"]}}],"collection":[{"href":"https:\/\/denizcankizil.tr\/de\/wp-json\/wp\/v2\/posts"}],"about":[{"href":"https:\/\/denizcankizil.tr\/de\/wp-json\/wp\/v2\/types\/post"}],"author":[{"embeddable":true,"href":"https:\/\/denizcankizil.tr\/de\/wp-json\/wp\/v2\/users\/1"}],"replies":[{"embeddable":true,"href":"https:\/\/denizcankizil.tr\/de\/wp-json\/wp\/v2\/comments?post=93671"}],"version-history":[{"count":0,"href":"https:\/\/denizcankizil.tr\/de\/wp-json\/wp\/v2\/posts\/93671\/revisions"}],"wp:attachment":[{"href":"https:\/\/denizcankizil.tr\/de\/wp-json\/wp\/v2\/media?parent=93671"}],"wp:term":[{"taxonomy":"category","embeddable":true,"href":"https:\/\/denizcankizil.tr\/de\/wp-json\/wp\/v2\/categories?post=93671"},{"taxonomy":"post_tag","embeddable":true,"href":"https:\/\/denizcankizil.tr\/de\/wp-json\/wp\/v2\/tags?post=93671"}],"curies":[{"name":"wp","href":"https:\/\/api.w.org\/{rel}","templated":true}]}}