{"id":93513,"date":"2025-05-21T09:43:21","date_gmt":"2025-05-21T06:43:21","guid":{"rendered":"https:\/\/denizcankizil.tr\/uncategorized-tr\/yurt-genelinde-hava-sicakliklari-yukseliyor-2\/"},"modified":"2025-05-21T09:43:21","modified_gmt":"2025-05-21T06:43:21","slug":"yurt-genelinde-hava-sicakliklari-yukseliyor-2","status":"publish","type":"post","link":"https:\/\/denizcankizil.tr\/de\/haberler\/gundem\/yurt-genelinde-hava-sicakliklari-yukseliyor-2\/","title":{"rendered":"Yurt genelinde hava s\u0131cakl\u0131klar\u0131 y\u00fckseliyor"},"content":{"rendered":"<p>Hava s\u0131cakl\u0131klar\u0131n\u0131n yurt genelinde mevsim normallerinin \u00fczerine \u00e7\u0131kaca\u011f\u0131 tahmin edilirken, T\u00fcrkiye\u2019nin kuzey ve i\u00e7 kesimlerinde bug\u00fcn par\u00e7al\u0131 bulutlu hava hakim olacak. Do\u011fu Karadeniz ve Do\u011fu Anadolu\u2019nun kuzeydo\u011fusunda ise sa\u011fanak ya\u011f\u0131\u015f bekleniyor.ANKARA (\u0130GFA) &#8211; Meteoroloji Genel M\u00fcd\u00fcrl\u00fc\u011f\u00fc 21 May\u0131s \u00c7ar\u015famba g\u00fcn\u00fcne ili\u015fkin hava tahmin raporunu yay\u0131mlad\u0131.<\/p>\n<p>Buna g\u00f6re T\u00fcrkiye&#8217;nin kuzey ve i\u00e7 kesimlerinin par\u00e7al\u0131, yer yer \u00e7ok bulutlu, Do\u011fu Anadolu&#8217;nun kuzeydo\u011fusu ile Do\u011fu Karadeniz k\u0131y\u0131 illerinin i\u00e7 ve y\u00fcksek kesimlerinin sa\u011fanak ve yer yer g\u00f6k g\u00fcr\u00fclt\u00fcl\u00fc sa\u011fanak ya\u011f\u0131\u015fl\u0131, di\u011fer yerlerin az bulutlu ve a\u00e7\u0131k ge\u00e7ece\u011fi tahmin ediliyor.<\/p>\n<p>Hava s\u0131cakl\u0131klar\u0131n\u0131n yurt genelinde artarak mevsim normallerinin \u00fczerine \u00e7\u0131kaca\u011f\u0131 tahmin edilirken, r\u00fczgar\u0131n ise yurdun kuzey ve do\u011fu kesimlerinde g\u00fcneyli, di\u011fer yerlerde kuzeyli y\u00f6nlerden hafif, ara s\u0131ra orta kuvvette esmesi bekleniyor.<\/p>\n<p>\u200bHava s\u0131cakl\u0131klar\u0131n\u0131n yurt genelinde mevsim normallerinin \u00fczerine \u00e7\u0131kaca\u011f\u0131 tahmin edilirken, T\u00fcrkiye\u2019nin kuzey ve i\u00e7 kesimlerinde bug\u00fcn par\u00e7al\u0131 bulutlu hava hakim olacak. Do\u011fu Karadeniz ve Do\u011fu Anadolu\u2019nun kuzeydo\u011fusunda ise sa\u011fanak ya\u011f\u0131\u015f bekleniyor.ANKARA (\u0130GFA) &#8211; Meteoroloji Genel M\u00fcd\u00fcrl\u00fc\u011f\u00fc 21 May\u0131s \u00c7ar\u015famba g\u00fcn\u00fcne ili\u015fkin hava tahmin raporunu yay\u0131mlad\u0131.<\/p>\n<p>Buna g\u00f6re T\u00fcrkiye&#8217;nin kuzey ve i\u00e7 kesimlerinin par\u00e7al\u0131, yer yer \u00e7ok bulutlu, Do\u011fu Anadolu&#8217;nun kuzeydo\u011fusu ile Do\u011fu Karadeniz k\u0131y\u0131 illerinin i\u00e7 ve y\u00fcksek kesimlerinin sa\u011fanak ve yer yer g\u00f6k g\u00fcr\u00fclt\u00fcl\u00fc sa\u011fanak ya\u011f\u0131\u015fl\u0131, di\u011fer yerlerin az bulutlu ve a\u00e7\u0131k ge\u00e7ece\u011fi tahmin ediliyor.<\/p>\n<p>Hava s\u0131cakl\u0131klar\u0131n\u0131n yurt genelinde artarak mevsim normallerinin \u00fczerine \u00e7\u0131kaca\u011f\u0131 tahmin edilirken, r\u00fczgar\u0131n ise yurdun kuzey ve do\u011fu kesimlerinde g\u00fcneyli, di\u011fer yerlerde kuzeyli y\u00f6nlerden hafif, ara s\u0131ra orta kuvvette esmesi bekleniyor.\u00a0<\/p>\n<p>\u200bHaberin Al\u0131nt\u0131land\u0131\u011f\u0131 Kaynak: www.iskenderun.org<\/p>","protected":false},"excerpt":{"rendered":"<p>Hava s\u0131cakl\u0131klar\u0131n\u0131n yurt genelinde mevsim normallerinin \u00fczerine \u00e7\u0131kaca\u011f\u0131 tahmin edilirken, T\u00fcrkiye\u2019nin kuzey ve i\u00e7 kesimlerinde bug\u00fcn par\u00e7al\u0131 bulutlu hava hakim olacak. Do\u011fu Karadeniz ve Do\u011fu Anadolu\u2019nun kuzeydo\u011fusunda ise sa\u011fanak ya\u011f\u0131\u015f bekleniyor.ANKARA (\u0130GFA) &#8211; Meteoroloji Genel M\u00fcd\u00fcrl\u00fc\u011f\u00fc 21 May\u0131s \u00c7ar\u015famba g\u00fcn\u00fcne ili\u015fkin hava tahmin raporunu yay\u0131mlad\u0131. Buna g\u00f6re T\u00fcrkiye&#8217;nin kuzey ve i\u00e7 kesimlerinin par\u00e7al\u0131, yer yer \u00e7ok bulutlu, Do\u011fu Anadolu&#8217;nun kuzeydo\u011fusu ile Do\u011fu Karadeniz k\u0131y\u0131 illerinin i\u00e7 ve y\u00fcksek kesimlerinin sa\u011fanak ve yer yer g\u00f6k g\u00fcr\u00fclt\u00fcl\u00fc sa\u011fanak ya\u011f\u0131\u015fl\u0131, di\u011fer yerlerin az bulutlu ve a\u00e7\u0131k ge\u00e7ece\u011fi tahmin ediliyor. Hava s\u0131cakl\u0131klar\u0131n\u0131n yurt genelinde artarak mevsim normallerinin \u00fczerine \u00e7\u0131kaca\u011f\u0131 tahmin edilirken, r\u00fczgar\u0131n ise yurdun kuzey ve do\u011fu kesimlerinde g\u00fcneyli, di\u011fer yerlerde kuzeyli y\u00f6nlerden hafif, ara s\u0131ra orta kuvvette esmesi bekleniyor. \u200bHava s\u0131cakl\u0131klar\u0131n\u0131n yurt genelinde mevsim normallerinin \u00fczerine \u00e7\u0131kaca\u011f\u0131 tahmin edilirken, T\u00fcrkiye\u2019nin kuzey ve i\u00e7 kesimlerinde bug\u00fcn par\u00e7al\u0131 bulutlu hava hakim olacak. Do\u011fu Karadeniz ve Do\u011fu Anadolu\u2019nun kuzeydo\u011fusunda ise sa\u011fanak ya\u011f\u0131\u015f bekleniyor.ANKARA (\u0130GFA) &#8211; Meteoroloji Genel M\u00fcd\u00fcrl\u00fc\u011f\u00fc 21 May\u0131s \u00c7ar\u015famba g\u00fcn\u00fcne ili\u015fkin hava tahmin raporunu yay\u0131mlad\u0131. Buna g\u00f6re T\u00fcrkiye&#8217;nin kuzey ve i\u00e7 kesimlerinin par\u00e7al\u0131, yer yer \u00e7ok bulutlu, Do\u011fu Anadolu&#8217;nun kuzeydo\u011fusu ile Do\u011fu Karadeniz k\u0131y\u0131 illerinin i\u00e7 ve y\u00fcksek kesimlerinin sa\u011fanak ve yer yer g\u00f6k g\u00fcr\u00fclt\u00fcl\u00fc sa\u011fanak ya\u011f\u0131\u015fl\u0131, di\u011fer yerlerin az bulutlu ve a\u00e7\u0131k ge\u00e7ece\u011fi &hellip;<\/p>","protected":false},"author":1,"featured_media":0,"comment_status":"","ping_status":"open","sticky":false,"template":"","format":"standard","meta":{"_acf_changed":false,"footnotes":""},"categories":[24],"tags":[],"class_list":["post-93513","post","type-post","status-publish","format-standard","has-post-thumbnail","hentry","category-gundem"],"acf":[],"yoast_head":"<!-- This site is optimized with the Yoast SEO Premium plugin v26.6 (Yoast SEO v27.1.1) - https:\/\/yoast.com\/product\/yoast-seo-premium-wordpress\/ -->\n<title>Yurt genelinde hava s\u0131cakl\u0131klar\u0131 y\u00fckseliyor - Av. Deniz Can K\u0131z\u0131l<\/title>\n<meta name=\"robots\" content=\"index, follow, max-snippet:-1, max-image-preview:large, max-video-preview:-1\" \/>\n<link rel=\"canonical\" href=\"https:\/\/denizcankizil.tr\/de\/haberler\/gundem\/yurt-genelinde-hava-sicakliklari-yukseliyor-2\/\" \/>\n<meta property=\"og:locale\" content=\"de_DE\" \/>\n<meta property=\"og:type\" content=\"article\" \/>\n<meta property=\"og:title\" content=\"Yurt genelinde hava s\u0131cakl\u0131klar\u0131 y\u00fckseliyor\" \/>\n<meta property=\"og:description\" content=\"Hava s\u0131cakl\u0131klar\u0131n\u0131n yurt genelinde mevsim normallerinin \u00fczerine \u00e7\u0131kaca\u011f\u0131 tahmin edilirken, T\u00fcrkiye\u2019nin kuzey ve i\u00e7 kesimlerinde bug\u00fcn par\u00e7al\u0131 bulutlu hava hakim olacak. Do\u011fu Karadeniz ve Do\u011fu Anadolu\u2019nun kuzeydo\u011fusunda ise sa\u011fanak ya\u011f\u0131\u015f bekleniyor.ANKARA (\u0130GFA) &#8211; Meteoroloji Genel M\u00fcd\u00fcrl\u00fc\u011f\u00fc 21 May\u0131s \u00c7ar\u015famba g\u00fcn\u00fcne ili\u015fkin hava tahmin raporunu yay\u0131mlad\u0131. Buna g\u00f6re T\u00fcrkiye&#8217;nin kuzey ve i\u00e7 kesimlerinin par\u00e7al\u0131, yer yer \u00e7ok bulutlu, Do\u011fu Anadolu&#8217;nun kuzeydo\u011fusu ile Do\u011fu Karadeniz k\u0131y\u0131 illerinin i\u00e7 ve y\u00fcksek kesimlerinin sa\u011fanak ve yer yer g\u00f6k g\u00fcr\u00fclt\u00fcl\u00fc sa\u011fanak ya\u011f\u0131\u015fl\u0131, di\u011fer yerlerin az bulutlu ve a\u00e7\u0131k ge\u00e7ece\u011fi tahmin ediliyor. Hava s\u0131cakl\u0131klar\u0131n\u0131n yurt genelinde artarak mevsim normallerinin \u00fczerine \u00e7\u0131kaca\u011f\u0131 tahmin edilirken, r\u00fczgar\u0131n ise yurdun kuzey ve do\u011fu kesimlerinde g\u00fcneyli, di\u011fer yerlerde kuzeyli y\u00f6nlerden hafif, ara s\u0131ra orta kuvvette esmesi bekleniyor. \u200bHava s\u0131cakl\u0131klar\u0131n\u0131n yurt genelinde mevsim normallerinin \u00fczerine \u00e7\u0131kaca\u011f\u0131 tahmin edilirken, T\u00fcrkiye\u2019nin kuzey ve i\u00e7 kesimlerinde bug\u00fcn par\u00e7al\u0131 bulutlu hava hakim olacak. Do\u011fu Karadeniz ve Do\u011fu Anadolu\u2019nun kuzeydo\u011fusunda ise sa\u011fanak ya\u011f\u0131\u015f bekleniyor.ANKARA (\u0130GFA) &#8211; Meteoroloji Genel M\u00fcd\u00fcrl\u00fc\u011f\u00fc 21 May\u0131s \u00c7ar\u015famba g\u00fcn\u00fcne ili\u015fkin hava tahmin raporunu yay\u0131mlad\u0131. Buna g\u00f6re T\u00fcrkiye&#8217;nin kuzey ve i\u00e7 kesimlerinin par\u00e7al\u0131, yer yer \u00e7ok bulutlu, Do\u011fu Anadolu&#8217;nun kuzeydo\u011fusu ile Do\u011fu Karadeniz k\u0131y\u0131 illerinin i\u00e7 ve y\u00fcksek kesimlerinin sa\u011fanak ve yer yer g\u00f6k g\u00fcr\u00fclt\u00fcl\u00fc sa\u011fanak ya\u011f\u0131\u015fl\u0131, di\u011fer yerlerin az bulutlu ve a\u00e7\u0131k ge\u00e7ece\u011fi &hellip;\" \/>\n<meta property=\"og:url\" content=\"https:\/\/denizcankizil.tr\/de\/haberler\/gundem\/yurt-genelinde-hava-sicakliklari-yukseliyor-2\/\" \/>\n<meta property=\"og:site_name\" content=\"Av. Deniz Can K\u0131z\u0131l\" \/>\n<meta property=\"article:published_time\" content=\"2025-05-21T06:43:21+00:00\" \/>\n<meta name=\"author\" content=\"admin\" \/>\n<meta name=\"twitter:card\" content=\"summary_large_image\" \/>\n<meta name=\"twitter:label1\" content=\"Verfasst von\" \/>\n\t<meta name=\"twitter:data1\" content=\"admin\" \/>\n\t<meta name=\"twitter:label2\" content=\"Gesch\u00e4tzte Lesezeit\" \/>\n\t<meta name=\"twitter:data2\" content=\"2\u00a0Minuten\" \/>\n<script type=\"application\/ld+json\" class=\"yoast-schema-graph\">{\"@context\":\"https:\/\/schema.org\",\"@graph\":[{\"@type\":\"Article\",\"@id\":\"https:\/\/denizcankizil.tr\/ru\/haberler\/gundem\/yurt-genelinde-hava-sicakliklari-yukseliyor-2\/#article\",\"isPartOf\":{\"@id\":\"https:\/\/denizcankizil.tr\/ru\/haberler\/gundem\/yurt-genelinde-hava-sicakliklari-yukseliyor-2\/\"},\"author\":{\"name\":\"admin\",\"@id\":\"https:\/\/denizcankizil.tr\/de\/#\/schema\/person\/be3c05fe6a12686905512445d8185489\"},\"headline\":\"Yurt genelinde hava s\u0131cakl\u0131klar\u0131 y\u00fckseliyor\",\"datePublished\":\"2025-05-21T06:43:21+00:00\",\"mainEntityOfPage\":{\"@id\":\"https:\/\/denizcankizil.tr\/ru\/haberler\/gundem\/yurt-genelinde-hava-sicakliklari-yukseliyor-2\/\"},\"wordCount\":354,\"publisher\":{\"@id\":\"https:\/\/denizcankizil.tr\/de\/#organization\"},\"articleSection\":[\"G\u00fcndem\"],\"inLanguage\":\"de\"},{\"@type\":\"WebPage\",\"@id\":\"https:\/\/denizcankizil.tr\/ru\/haberler\/gundem\/yurt-genelinde-hava-sicakliklari-yukseliyor-2\/\",\"url\":\"https:\/\/denizcankizil.tr\/ru\/haberler\/gundem\/yurt-genelinde-hava-sicakliklari-yukseliyor-2\/\",\"name\":\"Yurt genelinde hava s\u0131cakl\u0131klar\u0131 y\u00fckseliyor - Av. Deniz Can K\u0131z\u0131l\",\"isPartOf\":{\"@id\":\"https:\/\/denizcankizil.tr\/de\/#website\"},\"datePublished\":\"2025-05-21T06:43:21+00:00\",\"breadcrumb\":{\"@id\":\"https:\/\/denizcankizil.tr\/ru\/haberler\/gundem\/yurt-genelinde-hava-sicakliklari-yukseliyor-2\/#breadcrumb\"},\"inLanguage\":\"de\",\"potentialAction\":[{\"@type\":\"ReadAction\",\"target\":[\"https:\/\/denizcankizil.tr\/ru\/haberler\/gundem\/yurt-genelinde-hava-sicakliklari-yukseliyor-2\/\"]}]},{\"@type\":\"BreadcrumbList\",\"@id\":\"https:\/\/denizcankizil.tr\/ru\/haberler\/gundem\/yurt-genelinde-hava-sicakliklari-yukseliyor-2\/#breadcrumb\",\"itemListElement\":[{\"@type\":\"ListItem\",\"position\":1,\"name\":\"Home\",\"item\":\"https:\/\/denizcankizil.tr\/de\/\"},{\"@type\":\"ListItem\",\"position\":2,\"name\":\"Yurt genelinde hava s\u0131cakl\u0131klar\u0131 y\u00fckseliyor\"}]},{\"@type\":\"WebSite\",\"@id\":\"https:\/\/denizcankizil.tr\/de\/#website\",\"url\":\"https:\/\/denizcankizil.tr\/de\/\",\"name\":\"Av. Deniz Can K\u0131z\u0131l\",\"description\":\"Avukat Deniz Can K\u0131z\u0131l Antalya Barosu\",\"publisher\":{\"@id\":\"https:\/\/denizcankizil.tr\/de\/#organization\"},\"potentialAction\":[{\"@type\":\"SearchAction\",\"target\":{\"@type\":\"EntryPoint\",\"urlTemplate\":\"https:\/\/denizcankizil.tr\/de\/?s={search_term_string}\"},\"query-input\":{\"@type\":\"PropertyValueSpecification\",\"valueRequired\":true,\"valueName\":\"search_term_string\"}}],\"inLanguage\":\"de\"},{\"@type\":\"Organization\",\"@id\":\"https:\/\/denizcankizil.tr\/de\/#organization\",\"name\":\"Av. Deniz Can K\u0131z\u0131l\",\"url\":\"https:\/\/denizcankizil.tr\/de\/\",\"logo\":{\"@type\":\"ImageObject\",\"inLanguage\":\"de\",\"@id\":\"https:\/\/denizcankizil.tr\/de\/#\/schema\/logo\/image\/\",\"url\":\"https:\/\/denizcankizil.tr\/wp-content\/uploads\/2024\/10\/siyah-logo-svg.svg\",\"contentUrl\":\"https:\/\/denizcankizil.tr\/wp-content\/uploads\/2024\/10\/siyah-logo-svg.svg\",\"width\":1080,\"height\":1080,\"caption\":\"Av. Deniz Can K\u0131z\u0131l\"},\"image\":{\"@id\":\"https:\/\/denizcankizil.tr\/de\/#\/schema\/logo\/image\/\"}},{\"@type\":\"Person\",\"@id\":\"https:\/\/denizcankizil.tr\/de\/#\/schema\/person\/be3c05fe6a12686905512445d8185489\",\"name\":\"admin\",\"image\":{\"@type\":\"ImageObject\",\"inLanguage\":\"de\",\"@id\":\"https:\/\/denizcankizil.tr\/de\/#\/schema\/person\/image\/\",\"url\":\"https:\/\/secure.gravatar.com\/avatar\/c1fce94c830dc79107e174f890d7210541c4a63e8e5d816341794a2151c9d58c?s=96&d=mm&r=g\",\"contentUrl\":\"https:\/\/secure.gravatar.com\/avatar\/c1fce94c830dc79107e174f890d7210541c4a63e8e5d816341794a2151c9d58c?s=96&d=mm&r=g\",\"caption\":\"admin\"},\"sameAs\":[\"http:\/\/denizcankizil.tr\"],\"url\":\"https:\/\/www.iskenderun.org\/yurt-genelinde-hava-sicakliklari-yukseliyor\"}]}<\/script>\n<!-- \/ Yoast SEO Premium plugin. -->","yoast_head_json":{"title":"Yurt genelinde hava s\u0131cakl\u0131klar\u0131 y\u00fckseliyor - Av. Deniz Can K\u0131z\u0131l","robots":{"index":"index","follow":"follow","max-snippet":"max-snippet:-1","max-image-preview":"max-image-preview:large","max-video-preview":"max-video-preview:-1"},"canonical":"https:\/\/denizcankizil.tr\/de\/haberler\/gundem\/yurt-genelinde-hava-sicakliklari-yukseliyor-2\/","og_locale":"de_DE","og_type":"article","og_title":"Yurt genelinde hava s\u0131cakl\u0131klar\u0131 y\u00fckseliyor","og_description":"Hava s\u0131cakl\u0131klar\u0131n\u0131n yurt genelinde mevsim normallerinin \u00fczerine \u00e7\u0131kaca\u011f\u0131 tahmin edilirken, T\u00fcrkiye\u2019nin kuzey ve i\u00e7 kesimlerinde bug\u00fcn par\u00e7al\u0131 bulutlu hava hakim olacak. Do\u011fu Karadeniz ve Do\u011fu Anadolu\u2019nun kuzeydo\u011fusunda ise sa\u011fanak ya\u011f\u0131\u015f bekleniyor.ANKARA (\u0130GFA) &#8211; Meteoroloji Genel M\u00fcd\u00fcrl\u00fc\u011f\u00fc 21 May\u0131s \u00c7ar\u015famba g\u00fcn\u00fcne ili\u015fkin hava tahmin raporunu yay\u0131mlad\u0131. Buna g\u00f6re T\u00fcrkiye&#8217;nin kuzey ve i\u00e7 kesimlerinin par\u00e7al\u0131, yer yer \u00e7ok bulutlu, Do\u011fu Anadolu&#8217;nun kuzeydo\u011fusu ile Do\u011fu Karadeniz k\u0131y\u0131 illerinin i\u00e7 ve y\u00fcksek kesimlerinin sa\u011fanak ve yer yer g\u00f6k g\u00fcr\u00fclt\u00fcl\u00fc sa\u011fanak ya\u011f\u0131\u015fl\u0131, di\u011fer yerlerin az bulutlu ve a\u00e7\u0131k ge\u00e7ece\u011fi tahmin ediliyor. Hava s\u0131cakl\u0131klar\u0131n\u0131n yurt genelinde artarak mevsim normallerinin \u00fczerine \u00e7\u0131kaca\u011f\u0131 tahmin edilirken, r\u00fczgar\u0131n ise yurdun kuzey ve do\u011fu kesimlerinde g\u00fcneyli, di\u011fer yerlerde kuzeyli y\u00f6nlerden hafif, ara s\u0131ra orta kuvvette esmesi bekleniyor. \u200bHava s\u0131cakl\u0131klar\u0131n\u0131n yurt genelinde mevsim normallerinin \u00fczerine \u00e7\u0131kaca\u011f\u0131 tahmin edilirken, T\u00fcrkiye\u2019nin kuzey ve i\u00e7 kesimlerinde bug\u00fcn par\u00e7al\u0131 bulutlu hava hakim olacak. Do\u011fu Karadeniz ve Do\u011fu Anadolu\u2019nun kuzeydo\u011fusunda ise sa\u011fanak ya\u011f\u0131\u015f bekleniyor.ANKARA (\u0130GFA) &#8211; Meteoroloji Genel M\u00fcd\u00fcrl\u00fc\u011f\u00fc 21 May\u0131s \u00c7ar\u015famba g\u00fcn\u00fcne ili\u015fkin hava tahmin raporunu yay\u0131mlad\u0131. Buna g\u00f6re T\u00fcrkiye&#8217;nin kuzey ve i\u00e7 kesimlerinin par\u00e7al\u0131, yer yer \u00e7ok bulutlu, Do\u011fu Anadolu&#8217;nun kuzeydo\u011fusu ile Do\u011fu Karadeniz k\u0131y\u0131 illerinin i\u00e7 ve y\u00fcksek kesimlerinin sa\u011fanak ve yer yer g\u00f6k g\u00fcr\u00fclt\u00fcl\u00fc sa\u011fanak ya\u011f\u0131\u015fl\u0131, di\u011fer yerlerin az bulutlu ve a\u00e7\u0131k ge\u00e7ece\u011fi &hellip;","og_url":"https:\/\/denizcankizil.tr\/de\/haberler\/gundem\/yurt-genelinde-hava-sicakliklari-yukseliyor-2\/","og_site_name":"Av. Deniz Can K\u0131z\u0131l","article_published_time":"2025-05-21T06:43:21+00:00","author":"admin","twitter_card":"summary_large_image","twitter_misc":{"Verfasst von":"admin","Gesch\u00e4tzte Lesezeit":"2\u00a0Minuten"},"schema":{"@context":"https:\/\/schema.org","@graph":[{"@type":"Article","@id":"https:\/\/denizcankizil.tr\/ru\/haberler\/gundem\/yurt-genelinde-hava-sicakliklari-yukseliyor-2\/#article","isPartOf":{"@id":"https:\/\/denizcankizil.tr\/ru\/haberler\/gundem\/yurt-genelinde-hava-sicakliklari-yukseliyor-2\/"},"author":{"name":"admin","@id":"https:\/\/denizcankizil.tr\/de\/#\/schema\/person\/be3c05fe6a12686905512445d8185489"},"headline":"Yurt genelinde hava s\u0131cakl\u0131klar\u0131 y\u00fckseliyor","datePublished":"2025-05-21T06:43:21+00:00","mainEntityOfPage":{"@id":"https:\/\/denizcankizil.tr\/ru\/haberler\/gundem\/yurt-genelinde-hava-sicakliklari-yukseliyor-2\/"},"wordCount":354,"publisher":{"@id":"https:\/\/denizcankizil.tr\/de\/#organization"},"articleSection":["G\u00fcndem"],"inLanguage":"de"},{"@type":"WebPage","@id":"https:\/\/denizcankizil.tr\/ru\/haberler\/gundem\/yurt-genelinde-hava-sicakliklari-yukseliyor-2\/","url":"https:\/\/denizcankizil.tr\/ru\/haberler\/gundem\/yurt-genelinde-hava-sicakliklari-yukseliyor-2\/","name":"Yurt genelinde hava s\u0131cakl\u0131klar\u0131 y\u00fckseliyor - Av. Deniz Can K\u0131z\u0131l","isPartOf":{"@id":"https:\/\/denizcankizil.tr\/de\/#website"},"datePublished":"2025-05-21T06:43:21+00:00","breadcrumb":{"@id":"https:\/\/denizcankizil.tr\/ru\/haberler\/gundem\/yurt-genelinde-hava-sicakliklari-yukseliyor-2\/#breadcrumb"},"inLanguage":"de","potentialAction":[{"@type":"ReadAction","target":["https:\/\/denizcankizil.tr\/ru\/haberler\/gundem\/yurt-genelinde-hava-sicakliklari-yukseliyor-2\/"]}]},{"@type":"BreadcrumbList","@id":"https:\/\/denizcankizil.tr\/ru\/haberler\/gundem\/yurt-genelinde-hava-sicakliklari-yukseliyor-2\/#breadcrumb","itemListElement":[{"@type":"ListItem","position":1,"name":"Home","item":"https:\/\/denizcankizil.tr\/de\/"},{"@type":"ListItem","position":2,"name":"Yurt genelinde hava s\u0131cakl\u0131klar\u0131 y\u00fckseliyor"}]},{"@type":"WebSite","@id":"https:\/\/denizcankizil.tr\/de\/#website","url":"https:\/\/denizcankizil.tr\/de\/","name":"Av. Deniz Can K\u0131z\u0131l","description":"Avukat Deniz Can K\u0131z\u0131l Antalya Barosu","publisher":{"@id":"https:\/\/denizcankizil.tr\/de\/#organization"},"potentialAction":[{"@type":"SearchAction","target":{"@type":"EntryPoint","urlTemplate":"https:\/\/denizcankizil.tr\/de\/?s={search_term_string}"},"query-input":{"@type":"PropertyValueSpecification","valueRequired":true,"valueName":"search_term_string"}}],"inLanguage":"de"},{"@type":"Organization","@id":"https:\/\/denizcankizil.tr\/de\/#organization","name":"Av. Deniz Can K\u0131z\u0131l","url":"https:\/\/denizcankizil.tr\/de\/","logo":{"@type":"ImageObject","inLanguage":"de","@id":"https:\/\/denizcankizil.tr\/de\/#\/schema\/logo\/image\/","url":"https:\/\/denizcankizil.tr\/wp-content\/uploads\/2024\/10\/siyah-logo-svg.svg","contentUrl":"https:\/\/denizcankizil.tr\/wp-content\/uploads\/2024\/10\/siyah-logo-svg.svg","width":1080,"height":1080,"caption":"Av. Deniz Can K\u0131z\u0131l"},"image":{"@id":"https:\/\/denizcankizil.tr\/de\/#\/schema\/logo\/image\/"}},{"@type":"Person","@id":"https:\/\/denizcankizil.tr\/de\/#\/schema\/person\/be3c05fe6a12686905512445d8185489","name":"Administrator","image":{"@type":"ImageObject","inLanguage":"de","@id":"https:\/\/denizcankizil.tr\/de\/#\/schema\/person\/image\/","url":"https:\/\/secure.gravatar.com\/avatar\/c1fce94c830dc79107e174f890d7210541c4a63e8e5d816341794a2151c9d58c?s=96&d=mm&r=g","contentUrl":"https:\/\/secure.gravatar.com\/avatar\/c1fce94c830dc79107e174f890d7210541c4a63e8e5d816341794a2151c9d58c?s=96&d=mm&r=g","caption":"admin"},"sameAs":["http:\/\/denizcankizil.tr"],"url":"https:\/\/www.iskenderun.org\/yurt-genelinde-hava-sicakliklari-yukseliyor"}]}},"_links":{"self":[{"href":"https:\/\/denizcankizil.tr\/de\/wp-json\/wp\/v2\/posts\/93513","targetHints":{"allow":["GET"]}}],"collection":[{"href":"https:\/\/denizcankizil.tr\/de\/wp-json\/wp\/v2\/posts"}],"about":[{"href":"https:\/\/denizcankizil.tr\/de\/wp-json\/wp\/v2\/types\/post"}],"author":[{"embeddable":true,"href":"https:\/\/denizcankizil.tr\/de\/wp-json\/wp\/v2\/users\/1"}],"replies":[{"embeddable":true,"href":"https:\/\/denizcankizil.tr\/de\/wp-json\/wp\/v2\/comments?post=93513"}],"version-history":[{"count":0,"href":"https:\/\/denizcankizil.tr\/de\/wp-json\/wp\/v2\/posts\/93513\/revisions"}],"wp:attachment":[{"href":"https:\/\/denizcankizil.tr\/de\/wp-json\/wp\/v2\/media?parent=93513"}],"wp:term":[{"taxonomy":"category","embeddable":true,"href":"https:\/\/denizcankizil.tr\/de\/wp-json\/wp\/v2\/categories?post=93513"},{"taxonomy":"post_tag","embeddable":true,"href":"https:\/\/denizcankizil.tr\/de\/wp-json\/wp\/v2\/tags?post=93513"}],"curies":[{"name":"wp","href":"https:\/\/api.w.org\/{rel}","templated":true}]}}