{"id":92517,"date":"2025-05-20T10:41:35","date_gmt":"2025-05-20T07:41:35","guid":{"rendered":"https:\/\/denizcankizil.tr\/uncategorized-tr\/antalyada-halk-otobuslerinde-klima-krizi-basladi\/"},"modified":"2025-05-20T10:41:35","modified_gmt":"2025-05-20T07:41:35","slug":"antalyada-halk-otobuslerinde-klima-krizi-basladi","status":"publish","type":"post","link":"https:\/\/denizcankizil.tr\/de\/haberler\/gundem\/antalyada-halk-otobuslerinde-klima-krizi-basladi\/","title":{"rendered":"Antalya\u2019da halk otob\u00fcslerinde klima krizi ba\u015flad\u0131"},"content":{"rendered":"<p>Antalya&#8217;da havalar\u0131n iyiden iyiye \u0131s\u0131nmaya ba\u015flad\u0131\u011f\u0131 \u015fu g\u00fcnlerde toplu ta\u015f\u0131ma arac\u0131 kullanan yolcular, klimalar\u0131n kendileri uyarmadan \u015fof\u00f6rler taraf\u0131ndan a\u00e7\u0131lmas\u0131n\u0131 talep ediliyor. \u00d6zellikle insan yo\u011funlu\u011funun ya\u015fand\u0131\u011f\u0131 saatlerde otob\u00fcs i\u00e7erisinde bunalan yolcular, nefes alabilmek i\u00e7in klimalar\u0131n a\u00e7\u0131lmas\u0131n\u0131 istiyor. Ancak, otob\u00fcs \u015fof\u00f6rlerinin klimalar\u0131 a\u00e7mas\u0131n\u0131n zorunlu hale gelmesi i\u00e7in hava s\u0131cakl\u0131\u011f\u0131n\u0131n belli bir dereceye ula\u015fmas\u0131 gerekiyor.<\/p>\n<p>KL\u0130MALARIN A\u00c7ILMASI ZORUNLU<\/p>\n<p>Antalya B\u00fcy\u00fck\u015fehir Belediyesi Toplu Ta\u015f\u0131ma \u015eube M\u00fcd\u00fcrl\u00fc\u011f\u00fc yetkilileri, toplu ta\u015f\u0131ma ara\u00e7lar\u0131nda klimalar\u0131n a\u00e7\u0131lmas\u0131 i\u00e7in belli bir tarihin beklenmedi\u011fini belirterek, s\u0131cakl\u0131\u011f\u0131n 25 dereceyi ge\u00e7mesi halinde \u015fof\u00f6r taraf\u0131ndan klima a\u00e7\u0131lmas\u0131n\u0131n zorunlu oldu\u011funu bildirdi. Yetkililer, kliman\u0131n a\u00e7\u0131lmas\u0131n\u0131 isteyenlerin ara\u00e7 i\u00e7erisindeyken s\u0131cakl\u0131\u011f\u0131 kontrol etmelerini ve 25 derecenin \u00fczerindeyse \u015fof\u00f6rden klimalar\u0131 a\u00e7mas\u0131n\u0131 isteyebileceklerini s\u00f6yledi.<\/p>\n<p>\u015e\u0130KAYETLER BA\u015eLADI<\/p>\n<p>Otob\u00fcs \u015fof\u00f6rleri e\u011fer klimalar\u0131 a\u00e7mazlarsa vatanda\u015flar, 0242 606 07 07 numaral\u0131 Ula\u015f\u0131m Dan\u0131\u015fma Hatt\u0131 ya da 0530 131 39 07 numaral\u0131 WhatsApp \u0130hbar Hatt\u0131ndan \u015fikayette bulanabilirler. Yetkililer, kendilerine \u015fikayet gelmesi halinde an\u0131nda \u015fof\u00f6rle irtibata ge\u00e7erek klimalar\u0131n a\u00e7\u0131lmas\u0131n\u0131 sa\u011flayabildiklerini bildirdi. \u00d6te yandan, vatanda\u015flar, ula\u015f\u0131m konusundaki her t\u00fcrl\u00fc \u015fikayet, talep ve \u00f6neriler i\u00e7in ayn\u0131 numaradan yetkililere ula\u015f\u0131p, dile getirebilirler.<\/p>\n<p>\u200bAntalya\u2019da havalar\u0131n \u0131s\u0131nmas\u0131yla birlikte toplu ta\u015f\u0131ma ara\u00e7lar\u0131nda klima krizi yeniden alevlendi. Yolcular, klimalar\u0131n s\u00fcrekli a\u00e7\u0131k olmas\u0131n\u0131 isterken, \u015fof\u00f6rler ancak belirli tarihten ve s\u0131cakl\u0131ktan itibaren klimalar\u0131 a\u00e7acaklar\u0131n\u0131 s\u00f6yl\u00fcyor\u00a0<\/p>\n<p>\u200bHaberin Al\u0131nt\u0131land\u0131\u011f\u0131 Kaynak: www.antalyakorfez.com<\/p>","protected":false},"excerpt":{"rendered":"<p>Antalya&#8217;da havalar\u0131n iyiden iyiye \u0131s\u0131nmaya ba\u015flad\u0131\u011f\u0131 \u015fu g\u00fcnlerde toplu ta\u015f\u0131ma arac\u0131 kullanan yolcular, klimalar\u0131n kendileri uyarmadan \u015fof\u00f6rler taraf\u0131ndan a\u00e7\u0131lmas\u0131n\u0131 talep ediliyor. \u00d6zellikle insan yo\u011funlu\u011funun ya\u015fand\u0131\u011f\u0131 saatlerde otob\u00fcs i\u00e7erisinde bunalan yolcular, nefes alabilmek i\u00e7in klimalar\u0131n a\u00e7\u0131lmas\u0131n\u0131 istiyor. Ancak, otob\u00fcs \u015fof\u00f6rlerinin klimalar\u0131 a\u00e7mas\u0131n\u0131n zorunlu hale gelmesi i\u00e7in hava s\u0131cakl\u0131\u011f\u0131n\u0131n belli bir dereceye ula\u015fmas\u0131 gerekiyor. KL\u0130MALARIN A\u00c7ILMASI ZORUNLU Antalya B\u00fcy\u00fck\u015fehir Belediyesi Toplu Ta\u015f\u0131ma \u015eube M\u00fcd\u00fcrl\u00fc\u011f\u00fc yetkilileri, toplu ta\u015f\u0131ma ara\u00e7lar\u0131nda klimalar\u0131n a\u00e7\u0131lmas\u0131 i\u00e7in belli bir tarihin beklenmedi\u011fini belirterek, s\u0131cakl\u0131\u011f\u0131n 25 dereceyi ge\u00e7mesi halinde \u015fof\u00f6r taraf\u0131ndan klima a\u00e7\u0131lmas\u0131n\u0131n zorunlu oldu\u011funu bildirdi. Yetkililer, kliman\u0131n a\u00e7\u0131lmas\u0131n\u0131 isteyenlerin ara\u00e7 i\u00e7erisindeyken s\u0131cakl\u0131\u011f\u0131 kontrol etmelerini ve 25 derecenin \u00fczerindeyse \u015fof\u00f6rden klimalar\u0131 a\u00e7mas\u0131n\u0131 isteyebileceklerini s\u00f6yledi. \u015e\u0130KAYETLER BA\u015eLADI Otob\u00fcs \u015fof\u00f6rleri e\u011fer klimalar\u0131 a\u00e7mazlarsa vatanda\u015flar, 0242 606 07 07 numaral\u0131 Ula\u015f\u0131m Dan\u0131\u015fma Hatt\u0131 ya da 0530 131 39 07 numaral\u0131 WhatsApp \u0130hbar Hatt\u0131ndan \u015fikayette bulanabilirler. Yetkililer, kendilerine \u015fikayet gelmesi halinde an\u0131nda \u015fof\u00f6rle irtibata ge\u00e7erek klimalar\u0131n a\u00e7\u0131lmas\u0131n\u0131 sa\u011flayabildiklerini bildirdi. \u00d6te yandan, vatanda\u015flar, ula\u015f\u0131m konusundaki her t\u00fcrl\u00fc \u015fikayet, talep ve \u00f6neriler i\u00e7in ayn\u0131 numaradan yetkililere ula\u015f\u0131p, dile getirebilirler. \u200bAntalya\u2019da havalar\u0131n \u0131s\u0131nmas\u0131yla birlikte toplu ta\u015f\u0131ma ara\u00e7lar\u0131nda klima krizi yeniden alevlendi. Yolcular, klimalar\u0131n s\u00fcrekli a\u00e7\u0131k olmas\u0131n\u0131 isterken, \u015fof\u00f6rler ancak belirli tarihten ve s\u0131cakl\u0131ktan itibaren klimalar\u0131 a\u00e7acaklar\u0131n\u0131 s\u00f6yl\u00fcyor\u00a0 \u200bHaberin Al\u0131nt\u0131land\u0131\u011f\u0131 Kaynak: www.antalyakorfez.com<\/p>","protected":false},"author":5,"featured_media":0,"comment_status":"","ping_status":"open","sticky":false,"template":"","format":"standard","meta":{"_acf_changed":false,"footnotes":""},"categories":[24],"tags":[],"class_list":["post-92517","post","type-post","status-publish","format-standard","has-post-thumbnail","hentry","category-gundem"],"acf":[],"yoast_head":"<!-- This site is optimized with the Yoast SEO Premium plugin v26.6 (Yoast SEO v27.1.1) - https:\/\/yoast.com\/product\/yoast-seo-premium-wordpress\/ -->\n<title>Antalya\u2019da halk otob\u00fcslerinde klima krizi ba\u015flad\u0131 - Av. Deniz Can K\u0131z\u0131l<\/title>\n<meta name=\"robots\" content=\"index, follow, max-snippet:-1, max-image-preview:large, max-video-preview:-1\" \/>\n<link rel=\"canonical\" href=\"https:\/\/denizcankizil.tr\/de\/haberler\/gundem\/antalyada-halk-otobuslerinde-klima-krizi-basladi\/\" \/>\n<meta property=\"og:locale\" content=\"de_DE\" \/>\n<meta property=\"og:type\" content=\"article\" \/>\n<meta property=\"og:title\" content=\"Antalya\u2019da halk otob\u00fcslerinde klima krizi ba\u015flad\u0131\" \/>\n<meta property=\"og:description\" content=\"Antalya&#8217;da havalar\u0131n iyiden iyiye \u0131s\u0131nmaya ba\u015flad\u0131\u011f\u0131 \u015fu g\u00fcnlerde toplu ta\u015f\u0131ma arac\u0131 kullanan yolcular, klimalar\u0131n kendileri uyarmadan \u015fof\u00f6rler taraf\u0131ndan a\u00e7\u0131lmas\u0131n\u0131 talep ediliyor. \u00d6zellikle insan yo\u011funlu\u011funun ya\u015fand\u0131\u011f\u0131 saatlerde otob\u00fcs i\u00e7erisinde bunalan yolcular, nefes alabilmek i\u00e7in klimalar\u0131n a\u00e7\u0131lmas\u0131n\u0131 istiyor. Ancak, otob\u00fcs \u015fof\u00f6rlerinin klimalar\u0131 a\u00e7mas\u0131n\u0131n zorunlu hale gelmesi i\u00e7in hava s\u0131cakl\u0131\u011f\u0131n\u0131n belli bir dereceye ula\u015fmas\u0131 gerekiyor. KL\u0130MALARIN A\u00c7ILMASI ZORUNLU Antalya B\u00fcy\u00fck\u015fehir Belediyesi Toplu Ta\u015f\u0131ma \u015eube M\u00fcd\u00fcrl\u00fc\u011f\u00fc yetkilileri, toplu ta\u015f\u0131ma ara\u00e7lar\u0131nda klimalar\u0131n a\u00e7\u0131lmas\u0131 i\u00e7in belli bir tarihin beklenmedi\u011fini belirterek, s\u0131cakl\u0131\u011f\u0131n 25 dereceyi ge\u00e7mesi halinde \u015fof\u00f6r taraf\u0131ndan klima a\u00e7\u0131lmas\u0131n\u0131n zorunlu oldu\u011funu bildirdi. Yetkililer, kliman\u0131n a\u00e7\u0131lmas\u0131n\u0131 isteyenlerin ara\u00e7 i\u00e7erisindeyken s\u0131cakl\u0131\u011f\u0131 kontrol etmelerini ve 25 derecenin \u00fczerindeyse \u015fof\u00f6rden klimalar\u0131 a\u00e7mas\u0131n\u0131 isteyebileceklerini s\u00f6yledi. \u015e\u0130KAYETLER BA\u015eLADI Otob\u00fcs \u015fof\u00f6rleri e\u011fer klimalar\u0131 a\u00e7mazlarsa vatanda\u015flar, 0242 606 07 07 numaral\u0131 Ula\u015f\u0131m Dan\u0131\u015fma Hatt\u0131 ya da 0530 131 39 07 numaral\u0131 WhatsApp \u0130hbar Hatt\u0131ndan \u015fikayette bulanabilirler. Yetkililer, kendilerine \u015fikayet gelmesi halinde an\u0131nda \u015fof\u00f6rle irtibata ge\u00e7erek klimalar\u0131n a\u00e7\u0131lmas\u0131n\u0131 sa\u011flayabildiklerini bildirdi. \u00d6te yandan, vatanda\u015flar, ula\u015f\u0131m konusundaki her t\u00fcrl\u00fc \u015fikayet, talep ve \u00f6neriler i\u00e7in ayn\u0131 numaradan yetkililere ula\u015f\u0131p, dile getirebilirler. \u200bAntalya\u2019da havalar\u0131n \u0131s\u0131nmas\u0131yla birlikte toplu ta\u015f\u0131ma ara\u00e7lar\u0131nda klima krizi yeniden alevlendi. Yolcular, klimalar\u0131n s\u00fcrekli a\u00e7\u0131k olmas\u0131n\u0131 isterken, \u015fof\u00f6rler ancak belirli tarihten ve s\u0131cakl\u0131ktan itibaren klimalar\u0131 a\u00e7acaklar\u0131n\u0131 s\u00f6yl\u00fcyor\u00a0 \u200bHaberin Al\u0131nt\u0131land\u0131\u011f\u0131 Kaynak: www.antalyakorfez.com\" \/>\n<meta property=\"og:url\" content=\"https:\/\/denizcankizil.tr\/de\/haberler\/gundem\/antalyada-halk-otobuslerinde-klima-krizi-basladi\/\" \/>\n<meta property=\"og:site_name\" content=\"Av. Deniz Can K\u0131z\u0131l\" \/>\n<meta property=\"article:published_time\" content=\"2025-05-20T07:41:35+00:00\" \/>\n<meta name=\"author\" content=\"Antalya K\u00f6rfez\" \/>\n<meta name=\"twitter:card\" content=\"summary_large_image\" \/>\n<meta name=\"twitter:label1\" content=\"Verfasst von\" \/>\n\t<meta name=\"twitter:data1\" content=\"Antalya K\u00f6rfez\" \/>\n\t<meta name=\"twitter:label2\" content=\"Gesch\u00e4tzte Lesezeit\" \/>\n\t<meta name=\"twitter:data2\" content=\"1\u00a0Minute\" \/>\n<script type=\"application\/ld+json\" class=\"yoast-schema-graph\">{\"@context\":\"https:\/\/schema.org\",\"@graph\":[{\"@type\":\"Article\",\"@id\":\"https:\/\/denizcankizil.tr\/ru\/haberler\/gundem\/antalyada-halk-otobuslerinde-klima-krizi-basladi\/#article\",\"isPartOf\":{\"@id\":\"https:\/\/denizcankizil.tr\/ru\/haberler\/gundem\/antalyada-halk-otobuslerinde-klima-krizi-basladi\/\"},\"author\":{\"name\":\"Antalya K\u00f6rfez\",\"@id\":\"https:\/\/denizcankizil.tr\/de\/#\/schema\/person\/e1eb71bb4dd684d46563f0af307e1234\"},\"headline\":\"Antalya\u2019da halk otob\u00fcslerinde klima krizi ba\u015flad\u0131\",\"datePublished\":\"2025-05-20T07:41:35+00:00\",\"mainEntityOfPage\":{\"@id\":\"https:\/\/denizcankizil.tr\/ru\/haberler\/gundem\/antalyada-halk-otobuslerinde-klima-krizi-basladi\/\"},\"wordCount\":299,\"publisher\":{\"@id\":\"https:\/\/denizcankizil.tr\/de\/#organization\"},\"articleSection\":[\"G\u00fcndem\"],\"inLanguage\":\"de\"},{\"@type\":\"WebPage\",\"@id\":\"https:\/\/denizcankizil.tr\/ru\/haberler\/gundem\/antalyada-halk-otobuslerinde-klima-krizi-basladi\/\",\"url\":\"https:\/\/denizcankizil.tr\/ru\/haberler\/gundem\/antalyada-halk-otobuslerinde-klima-krizi-basladi\/\",\"name\":\"Antalya\u2019da halk otob\u00fcslerinde klima krizi ba\u015flad\u0131 - Av. Deniz Can K\u0131z\u0131l\",\"isPartOf\":{\"@id\":\"https:\/\/denizcankizil.tr\/de\/#website\"},\"datePublished\":\"2025-05-20T07:41:35+00:00\",\"breadcrumb\":{\"@id\":\"https:\/\/denizcankizil.tr\/ru\/haberler\/gundem\/antalyada-halk-otobuslerinde-klima-krizi-basladi\/#breadcrumb\"},\"inLanguage\":\"de\",\"potentialAction\":[{\"@type\":\"ReadAction\",\"target\":[\"https:\/\/denizcankizil.tr\/ru\/haberler\/gundem\/antalyada-halk-otobuslerinde-klima-krizi-basladi\/\"]}]},{\"@type\":\"BreadcrumbList\",\"@id\":\"https:\/\/denizcankizil.tr\/ru\/haberler\/gundem\/antalyada-halk-otobuslerinde-klima-krizi-basladi\/#breadcrumb\",\"itemListElement\":[{\"@type\":\"ListItem\",\"position\":1,\"name\":\"Home\",\"item\":\"https:\/\/denizcankizil.tr\/de\/\"},{\"@type\":\"ListItem\",\"position\":2,\"name\":\"Antalya\u2019da halk otob\u00fcslerinde klima krizi ba\u015flad\u0131\"}]},{\"@type\":\"WebSite\",\"@id\":\"https:\/\/denizcankizil.tr\/de\/#website\",\"url\":\"https:\/\/denizcankizil.tr\/de\/\",\"name\":\"Av. Deniz Can K\u0131z\u0131l\",\"description\":\"Avukat Deniz Can K\u0131z\u0131l Antalya Barosu\",\"publisher\":{\"@id\":\"https:\/\/denizcankizil.tr\/de\/#organization\"},\"potentialAction\":[{\"@type\":\"SearchAction\",\"target\":{\"@type\":\"EntryPoint\",\"urlTemplate\":\"https:\/\/denizcankizil.tr\/de\/?s={search_term_string}\"},\"query-input\":{\"@type\":\"PropertyValueSpecification\",\"valueRequired\":true,\"valueName\":\"search_term_string\"}}],\"inLanguage\":\"de\"},{\"@type\":\"Organization\",\"@id\":\"https:\/\/denizcankizil.tr\/de\/#organization\",\"name\":\"Av. Deniz Can K\u0131z\u0131l\",\"url\":\"https:\/\/denizcankizil.tr\/de\/\",\"logo\":{\"@type\":\"ImageObject\",\"inLanguage\":\"de\",\"@id\":\"https:\/\/denizcankizil.tr\/de\/#\/schema\/logo\/image\/\",\"url\":\"https:\/\/denizcankizil.tr\/wp-content\/uploads\/2024\/10\/siyah-logo-svg.svg\",\"contentUrl\":\"https:\/\/denizcankizil.tr\/wp-content\/uploads\/2024\/10\/siyah-logo-svg.svg\",\"width\":1080,\"height\":1080,\"caption\":\"Av. Deniz Can K\u0131z\u0131l\"},\"image\":{\"@id\":\"https:\/\/denizcankizil.tr\/de\/#\/schema\/logo\/image\/\"}},{\"@type\":\"Person\",\"@id\":\"https:\/\/denizcankizil.tr\/de\/#\/schema\/person\/e1eb71bb4dd684d46563f0af307e1234\",\"name\":\"Antalya K\u00f6rfez\",\"image\":{\"@type\":\"ImageObject\",\"inLanguage\":\"de\",\"@id\":\"https:\/\/denizcankizil.tr\/de\/#\/schema\/person\/image\/\",\"url\":\"https:\/\/secure.gravatar.com\/avatar\/42b01982558a48a0b501fdcab6a408d3717ea5919095ee2e67b0e521799c5905?s=96&d=mm&r=g\",\"contentUrl\":\"https:\/\/secure.gravatar.com\/avatar\/42b01982558a48a0b501fdcab6a408d3717ea5919095ee2e67b0e521799c5905?s=96&d=mm&r=g\",\"caption\":\"Antalya K\u00f6rfez\"},\"sameAs\":[\"http:\/\/www.antalyakorfez.com\"],\"url\":\"https:\/\/www.antalyakorfez.com\/antalyada-halk-otobuslerinde-klima-krizi-basladi\"}]}<\/script>\n<!-- \/ Yoast SEO Premium plugin. -->","yoast_head_json":{"title":"Antalya\u2019da halk otob\u00fcslerinde klima krizi ba\u015flad\u0131 - Av. Deniz Can K\u0131z\u0131l","robots":{"index":"index","follow":"follow","max-snippet":"max-snippet:-1","max-image-preview":"max-image-preview:large","max-video-preview":"max-video-preview:-1"},"canonical":"https:\/\/denizcankizil.tr\/de\/haberler\/gundem\/antalyada-halk-otobuslerinde-klima-krizi-basladi\/","og_locale":"de_DE","og_type":"article","og_title":"Antalya\u2019da halk otob\u00fcslerinde klima krizi ba\u015flad\u0131","og_description":"Antalya&#8217;da havalar\u0131n iyiden iyiye \u0131s\u0131nmaya ba\u015flad\u0131\u011f\u0131 \u015fu g\u00fcnlerde toplu ta\u015f\u0131ma arac\u0131 kullanan yolcular, klimalar\u0131n kendileri uyarmadan \u015fof\u00f6rler taraf\u0131ndan a\u00e7\u0131lmas\u0131n\u0131 talep ediliyor. \u00d6zellikle insan yo\u011funlu\u011funun ya\u015fand\u0131\u011f\u0131 saatlerde otob\u00fcs i\u00e7erisinde bunalan yolcular, nefes alabilmek i\u00e7in klimalar\u0131n a\u00e7\u0131lmas\u0131n\u0131 istiyor. Ancak, otob\u00fcs \u015fof\u00f6rlerinin klimalar\u0131 a\u00e7mas\u0131n\u0131n zorunlu hale gelmesi i\u00e7in hava s\u0131cakl\u0131\u011f\u0131n\u0131n belli bir dereceye ula\u015fmas\u0131 gerekiyor. KL\u0130MALARIN A\u00c7ILMASI ZORUNLU Antalya B\u00fcy\u00fck\u015fehir Belediyesi Toplu Ta\u015f\u0131ma \u015eube M\u00fcd\u00fcrl\u00fc\u011f\u00fc yetkilileri, toplu ta\u015f\u0131ma ara\u00e7lar\u0131nda klimalar\u0131n a\u00e7\u0131lmas\u0131 i\u00e7in belli bir tarihin beklenmedi\u011fini belirterek, s\u0131cakl\u0131\u011f\u0131n 25 dereceyi ge\u00e7mesi halinde \u015fof\u00f6r taraf\u0131ndan klima a\u00e7\u0131lmas\u0131n\u0131n zorunlu oldu\u011funu bildirdi. Yetkililer, kliman\u0131n a\u00e7\u0131lmas\u0131n\u0131 isteyenlerin ara\u00e7 i\u00e7erisindeyken s\u0131cakl\u0131\u011f\u0131 kontrol etmelerini ve 25 derecenin \u00fczerindeyse \u015fof\u00f6rden klimalar\u0131 a\u00e7mas\u0131n\u0131 isteyebileceklerini s\u00f6yledi. \u015e\u0130KAYETLER BA\u015eLADI Otob\u00fcs \u015fof\u00f6rleri e\u011fer klimalar\u0131 a\u00e7mazlarsa vatanda\u015flar, 0242 606 07 07 numaral\u0131 Ula\u015f\u0131m Dan\u0131\u015fma Hatt\u0131 ya da 0530 131 39 07 numaral\u0131 WhatsApp \u0130hbar Hatt\u0131ndan \u015fikayette bulanabilirler. Yetkililer, kendilerine \u015fikayet gelmesi halinde an\u0131nda \u015fof\u00f6rle irtibata ge\u00e7erek klimalar\u0131n a\u00e7\u0131lmas\u0131n\u0131 sa\u011flayabildiklerini bildirdi. \u00d6te yandan, vatanda\u015flar, ula\u015f\u0131m konusundaki her t\u00fcrl\u00fc \u015fikayet, talep ve \u00f6neriler i\u00e7in ayn\u0131 numaradan yetkililere ula\u015f\u0131p, dile getirebilirler. \u200bAntalya\u2019da havalar\u0131n \u0131s\u0131nmas\u0131yla birlikte toplu ta\u015f\u0131ma ara\u00e7lar\u0131nda klima krizi yeniden alevlendi. Yolcular, klimalar\u0131n s\u00fcrekli a\u00e7\u0131k olmas\u0131n\u0131 isterken, \u015fof\u00f6rler ancak belirli tarihten ve s\u0131cakl\u0131ktan itibaren klimalar\u0131 a\u00e7acaklar\u0131n\u0131 s\u00f6yl\u00fcyor\u00a0 \u200bHaberin Al\u0131nt\u0131land\u0131\u011f\u0131 Kaynak: www.antalyakorfez.com","og_url":"https:\/\/denizcankizil.tr\/de\/haberler\/gundem\/antalyada-halk-otobuslerinde-klima-krizi-basladi\/","og_site_name":"Av. Deniz Can K\u0131z\u0131l","article_published_time":"2025-05-20T07:41:35+00:00","author":"Antalya K\u00f6rfez","twitter_card":"summary_large_image","twitter_misc":{"Verfasst von":"Antalya K\u00f6rfez","Gesch\u00e4tzte Lesezeit":"1\u00a0Minute"},"schema":{"@context":"https:\/\/schema.org","@graph":[{"@type":"Article","@id":"https:\/\/denizcankizil.tr\/ru\/haberler\/gundem\/antalyada-halk-otobuslerinde-klima-krizi-basladi\/#article","isPartOf":{"@id":"https:\/\/denizcankizil.tr\/ru\/haberler\/gundem\/antalyada-halk-otobuslerinde-klima-krizi-basladi\/"},"author":{"name":"Antalya K\u00f6rfez","@id":"https:\/\/denizcankizil.tr\/de\/#\/schema\/person\/e1eb71bb4dd684d46563f0af307e1234"},"headline":"Antalya\u2019da halk otob\u00fcslerinde klima krizi ba\u015flad\u0131","datePublished":"2025-05-20T07:41:35+00:00","mainEntityOfPage":{"@id":"https:\/\/denizcankizil.tr\/ru\/haberler\/gundem\/antalyada-halk-otobuslerinde-klima-krizi-basladi\/"},"wordCount":299,"publisher":{"@id":"https:\/\/denizcankizil.tr\/de\/#organization"},"articleSection":["G\u00fcndem"],"inLanguage":"de"},{"@type":"WebPage","@id":"https:\/\/denizcankizil.tr\/ru\/haberler\/gundem\/antalyada-halk-otobuslerinde-klima-krizi-basladi\/","url":"https:\/\/denizcankizil.tr\/ru\/haberler\/gundem\/antalyada-halk-otobuslerinde-klima-krizi-basladi\/","name":"Antalya\u2019da halk otob\u00fcslerinde klima krizi ba\u015flad\u0131 - Av. Deniz Can K\u0131z\u0131l","isPartOf":{"@id":"https:\/\/denizcankizil.tr\/de\/#website"},"datePublished":"2025-05-20T07:41:35+00:00","breadcrumb":{"@id":"https:\/\/denizcankizil.tr\/ru\/haberler\/gundem\/antalyada-halk-otobuslerinde-klima-krizi-basladi\/#breadcrumb"},"inLanguage":"de","potentialAction":[{"@type":"ReadAction","target":["https:\/\/denizcankizil.tr\/ru\/haberler\/gundem\/antalyada-halk-otobuslerinde-klima-krizi-basladi\/"]}]},{"@type":"BreadcrumbList","@id":"https:\/\/denizcankizil.tr\/ru\/haberler\/gundem\/antalyada-halk-otobuslerinde-klima-krizi-basladi\/#breadcrumb","itemListElement":[{"@type":"ListItem","position":1,"name":"Home","item":"https:\/\/denizcankizil.tr\/de\/"},{"@type":"ListItem","position":2,"name":"Antalya\u2019da halk otob\u00fcslerinde klima krizi ba\u015flad\u0131"}]},{"@type":"WebSite","@id":"https:\/\/denizcankizil.tr\/de\/#website","url":"https:\/\/denizcankizil.tr\/de\/","name":"Av. Deniz Can K\u0131z\u0131l","description":"Avukat Deniz Can K\u0131z\u0131l Antalya Barosu","publisher":{"@id":"https:\/\/denizcankizil.tr\/de\/#organization"},"potentialAction":[{"@type":"SearchAction","target":{"@type":"EntryPoint","urlTemplate":"https:\/\/denizcankizil.tr\/de\/?s={search_term_string}"},"query-input":{"@type":"PropertyValueSpecification","valueRequired":true,"valueName":"search_term_string"}}],"inLanguage":"de"},{"@type":"Organization","@id":"https:\/\/denizcankizil.tr\/de\/#organization","name":"Av. Deniz Can K\u0131z\u0131l","url":"https:\/\/denizcankizil.tr\/de\/","logo":{"@type":"ImageObject","inLanguage":"de","@id":"https:\/\/denizcankizil.tr\/de\/#\/schema\/logo\/image\/","url":"https:\/\/denizcankizil.tr\/wp-content\/uploads\/2024\/10\/siyah-logo-svg.svg","contentUrl":"https:\/\/denizcankizil.tr\/wp-content\/uploads\/2024\/10\/siyah-logo-svg.svg","width":1080,"height":1080,"caption":"Av. Deniz Can K\u0131z\u0131l"},"image":{"@id":"https:\/\/denizcankizil.tr\/de\/#\/schema\/logo\/image\/"}},{"@type":"Person","@id":"https:\/\/denizcankizil.tr\/de\/#\/schema\/person\/e1eb71bb4dd684d46563f0af307e1234","name":"Antalya K\u00f6rfez","image":{"@type":"ImageObject","inLanguage":"de","@id":"https:\/\/denizcankizil.tr\/de\/#\/schema\/person\/image\/","url":"https:\/\/secure.gravatar.com\/avatar\/42b01982558a48a0b501fdcab6a408d3717ea5919095ee2e67b0e521799c5905?s=96&d=mm&r=g","contentUrl":"https:\/\/secure.gravatar.com\/avatar\/42b01982558a48a0b501fdcab6a408d3717ea5919095ee2e67b0e521799c5905?s=96&d=mm&r=g","caption":"Antalya K\u00f6rfez"},"sameAs":["http:\/\/www.antalyakorfez.com"],"url":"https:\/\/www.antalyakorfez.com\/antalyada-halk-otobuslerinde-klima-krizi-basladi"}]}},"_links":{"self":[{"href":"https:\/\/denizcankizil.tr\/de\/wp-json\/wp\/v2\/posts\/92517","targetHints":{"allow":["GET"]}}],"collection":[{"href":"https:\/\/denizcankizil.tr\/de\/wp-json\/wp\/v2\/posts"}],"about":[{"href":"https:\/\/denizcankizil.tr\/de\/wp-json\/wp\/v2\/types\/post"}],"author":[{"embeddable":true,"href":"https:\/\/denizcankizil.tr\/de\/wp-json\/wp\/v2\/users\/5"}],"replies":[{"embeddable":true,"href":"https:\/\/denizcankizil.tr\/de\/wp-json\/wp\/v2\/comments?post=92517"}],"version-history":[{"count":0,"href":"https:\/\/denizcankizil.tr\/de\/wp-json\/wp\/v2\/posts\/92517\/revisions"}],"wp:attachment":[{"href":"https:\/\/denizcankizil.tr\/de\/wp-json\/wp\/v2\/media?parent=92517"}],"wp:term":[{"taxonomy":"category","embeddable":true,"href":"https:\/\/denizcankizil.tr\/de\/wp-json\/wp\/v2\/categories?post=92517"},{"taxonomy":"post_tag","embeddable":true,"href":"https:\/\/denizcankizil.tr\/de\/wp-json\/wp\/v2\/tags?post=92517"}],"curies":[{"name":"wp","href":"https:\/\/api.w.org\/{rel}","templated":true}]}}