{"id":92014,"date":"2025-05-19T23:27:41","date_gmt":"2025-05-19T20:27:41","guid":{"rendered":"https:\/\/denizcankizil.tr\/uncategorized-tr\/antalyada-19-mayis-coskusu-fener-alayi-ile-taclandi\/"},"modified":"2025-05-19T23:27:41","modified_gmt":"2025-05-19T20:27:41","slug":"antalyada-19-mayis-coskusu-fener-alayi-ile-taclandi","status":"publish","type":"post","link":"https:\/\/denizcankizil.tr\/de\/haberler\/gundem\/antalyada-19-mayis-coskusu-fener-alayi-ile-taclandi\/","title":{"rendered":"Antalya&#8217;da 19 May\u0131s co\u015fkusu Fener Alay\u0131 ile ta\u00e7land\u0131"},"content":{"rendered":"<p>Antalya, B\u00fcy\u00fck \u00d6nder Mustafa Kemal Atat\u00fcrk&#8217;\u00fcn Samsun&#8217;a \u00e7\u0131k\u0131\u015f\u0131n\u0131n 106&#8217;nc\u0131 y\u0131l d\u00f6n\u00fcm\u00fc olan 19 May\u0131s Atat\u00fcrk&#8217;\u00fc Anma, Gen\u00e7lik ve Spor Bayram\u0131&#8217;n\u0131 muhte\u015fem bir fener alay\u0131 ile kutlad\u0131. Antalya B\u00fcy\u00fck\u015fehir Belediyesi&#8217;nin organize etti\u011fi etkinlik, binlerce Antalyal\u0131n\u0131n kat\u0131l\u0131m\u0131yla adeta bir co\u015fku seline d\u00f6n\u00fc\u015ft\u00fc.<\/p>\n<p>M\u0130LL\u0130 HEYECAN DORUKTA<\/p>\n<p>Fener alay\u0131 i\u00e7in vatanda\u015flar saatler \u00f6ncesinden Konyaalt\u0131 Varyant&#8217;ta toplanmaya ba\u015flad\u0131. Saat 20.00&#8217;de ba\u015flayan y\u00fcr\u00fcy\u00fc\u015fte, kat\u0131l\u0131mc\u0131lar elden ele tuttuklar\u0131 dev T\u00fcrk bayra\u011f\u0131 e\u015fli\u011finde Cumhuriyet Meydan\u0131&#8217;na do\u011fru ilerledi. Y\u00fcr\u00fcy\u00fc\u015f boyunca ellerinde bayrak ve me\u015faleler ta\u015f\u0131yan co\u015fkulu kalabal\u0131k, att\u0131klar\u0131 sloganlar ve s\u00f6yledikleri mar\u015flarla milli heyecan\u0131 doru\u011fa ta\u015f\u0131d\u0131. Kortejde, Antalya&#8217;da ya\u015fayan yerle\u015fik yabanc\u0131lar\u0131n da bayraklar\u0131yla yer almas\u0131 dikkat \u00e7ekerken, minik Antalyal\u0131lar ise ebeveynlerinin omuzlar\u0131nda bu anlaml\u0131 y\u00fcr\u00fcy\u00fc\u015fe ortak oldu.<\/p>\n<p>BAYRAM CO\u015eKUSU Z\u0130RVEYE ULA\u015eTI<\/p>\n<p>Bu y\u0131lki fener alay\u0131na kat\u0131l\u0131m\u0131n \u00f6nceki y\u0131llara g\u00f6re g\u00f6zle g\u00f6r\u00fcl\u00fcr \u015fekilde daha fazla oldu\u011fu belirtildi. 7&#8217;den 70&#8217;e binlerce vatanda\u015f\u0131n kat\u0131l\u0131m\u0131yla renkli g\u00f6r\u00fcnt\u00fclere sahne olan y\u00fcr\u00fcy\u00fc\u015f, Cumhuriyet Meydan\u0131&#8217;nda son buldu. Meydandaki kutlamalar, sayg\u0131 duru\u015fu ve \u0130stiklal Mar\u015f\u0131&#8217;n\u0131n okunmas\u0131yla ba\u015flad\u0131. Ard\u0131ndan sevilen sanat\u00e7\u0131 Ceza&#8217;n\u0131n konseriyle bayram co\u015fkusu zirveye ula\u015ft\u0131. Binlerce gen\u00e7 ve yeti\u015fkin, Ceza&#8217;n\u0131n \u015fark\u0131lar\u0131yla unutulmaz bir bayram ak\u015fam\u0131 ya\u015fad\u0131.<\/p>\n<p>\u200bBinlerce Antalyal\u0131, 19 May\u0131s Atat\u00fcrk&#8217;\u00fc Anma, Gen\u00e7lik ve Spor Bayram\u0131&#8217;n\u0131 co\u015fku dolu bir fener alay\u0131 ile kutlad\u0131. Konyaalt\u0131 Varyant&#8217;tan Cumhuriyet Meydan\u0131&#8217;na uzanan y\u00fcr\u00fcy\u00fc\u015fte, 7&#8217;den 70&#8217;e binlerce vatanda\u015f ellerinde bayrak ve me\u015falelerle  birlik, beraberlik mesaj\u0131 verdi.\u00a0<\/p>\n<p>\u200bHaberin Al\u0131nt\u0131land\u0131\u011f\u0131 Kaynak: www.antalyakorfez.com<\/p>","protected":false},"excerpt":{"rendered":"<p>Antalya, B\u00fcy\u00fck \u00d6nder Mustafa Kemal Atat\u00fcrk&#8217;\u00fcn Samsun&#8217;a \u00e7\u0131k\u0131\u015f\u0131n\u0131n 106&#8217;nc\u0131 y\u0131l d\u00f6n\u00fcm\u00fc olan 19 May\u0131s Atat\u00fcrk&#8217;\u00fc Anma, Gen\u00e7lik ve Spor Bayram\u0131&#8217;n\u0131 muhte\u015fem bir fener alay\u0131 ile kutlad\u0131. Antalya B\u00fcy\u00fck\u015fehir Belediyesi&#8217;nin organize etti\u011fi etkinlik, binlerce Antalyal\u0131n\u0131n kat\u0131l\u0131m\u0131yla adeta bir co\u015fku seline d\u00f6n\u00fc\u015ft\u00fc. M\u0130LL\u0130 HEYECAN DORUKTA Fener alay\u0131 i\u00e7in vatanda\u015flar saatler \u00f6ncesinden Konyaalt\u0131 Varyant&#8217;ta toplanmaya ba\u015flad\u0131. Saat 20.00&#8217;de ba\u015flayan y\u00fcr\u00fcy\u00fc\u015fte, kat\u0131l\u0131mc\u0131lar elden ele tuttuklar\u0131 dev T\u00fcrk bayra\u011f\u0131 e\u015fli\u011finde Cumhuriyet Meydan\u0131&#8217;na do\u011fru ilerledi. Y\u00fcr\u00fcy\u00fc\u015f boyunca ellerinde bayrak ve me\u015faleler ta\u015f\u0131yan co\u015fkulu kalabal\u0131k, att\u0131klar\u0131 sloganlar ve s\u00f6yledikleri mar\u015flarla milli heyecan\u0131 doru\u011fa ta\u015f\u0131d\u0131. Kortejde, Antalya&#8217;da ya\u015fayan yerle\u015fik yabanc\u0131lar\u0131n da bayraklar\u0131yla yer almas\u0131 dikkat \u00e7ekerken, minik Antalyal\u0131lar ise ebeveynlerinin omuzlar\u0131nda bu anlaml\u0131 y\u00fcr\u00fcy\u00fc\u015fe ortak oldu. BAYRAM CO\u015eKUSU Z\u0130RVEYE ULA\u015eTI Bu y\u0131lki fener alay\u0131na kat\u0131l\u0131m\u0131n \u00f6nceki y\u0131llara g\u00f6re g\u00f6zle g\u00f6r\u00fcl\u00fcr \u015fekilde daha fazla oldu\u011fu belirtildi. 7&#8217;den 70&#8217;e binlerce vatanda\u015f\u0131n kat\u0131l\u0131m\u0131yla renkli g\u00f6r\u00fcnt\u00fclere sahne olan y\u00fcr\u00fcy\u00fc\u015f, Cumhuriyet Meydan\u0131&#8217;nda son buldu. Meydandaki kutlamalar, sayg\u0131 duru\u015fu ve \u0130stiklal Mar\u015f\u0131&#8217;n\u0131n okunmas\u0131yla ba\u015flad\u0131. Ard\u0131ndan sevilen sanat\u00e7\u0131 Ceza&#8217;n\u0131n konseriyle bayram co\u015fkusu zirveye ula\u015ft\u0131. Binlerce gen\u00e7 ve yeti\u015fkin, Ceza&#8217;n\u0131n \u015fark\u0131lar\u0131yla unutulmaz bir bayram ak\u015fam\u0131 ya\u015fad\u0131. \u200bBinlerce Antalyal\u0131, 19 May\u0131s Atat\u00fcrk&#8217;\u00fc Anma, Gen\u00e7lik ve Spor Bayram\u0131&#8217;n\u0131 co\u015fku dolu bir fener alay\u0131 ile kutlad\u0131. Konyaalt\u0131 Varyant&#8217;tan Cumhuriyet Meydan\u0131&#8217;na uzanan y\u00fcr\u00fcy\u00fc\u015fte, 7&#8217;den 70&#8217;e binlerce vatanda\u015f ellerinde bayrak ve &hellip;<\/p>","protected":false},"author":5,"featured_media":0,"comment_status":"","ping_status":"open","sticky":false,"template":"","format":"standard","meta":{"_acf_changed":false,"footnotes":""},"categories":[24],"tags":[],"class_list":["post-92014","post","type-post","status-publish","format-standard","has-post-thumbnail","hentry","category-gundem"],"acf":[],"yoast_head":"<!-- This site is optimized with the Yoast SEO Premium plugin v26.6 (Yoast SEO v27.1.1) - https:\/\/yoast.com\/product\/yoast-seo-premium-wordpress\/ -->\n<title>Antalya&#039;da 19 May\u0131s co\u015fkusu Fener Alay\u0131 ile ta\u00e7land\u0131 - Av. Deniz Can K\u0131z\u0131l<\/title>\n<meta name=\"robots\" content=\"index, follow, max-snippet:-1, max-image-preview:large, max-video-preview:-1\" \/>\n<link rel=\"canonical\" href=\"https:\/\/denizcankizil.tr\/de\/haberler\/gundem\/antalyada-19-mayis-coskusu-fener-alayi-ile-taclandi\/\" \/>\n<meta property=\"og:locale\" content=\"de_DE\" \/>\n<meta property=\"og:type\" content=\"article\" \/>\n<meta property=\"og:title\" content=\"Antalya&#039;da 19 May\u0131s co\u015fkusu Fener Alay\u0131 ile ta\u00e7land\u0131\" \/>\n<meta property=\"og:description\" content=\"Antalya, B\u00fcy\u00fck \u00d6nder Mustafa Kemal Atat\u00fcrk&#8217;\u00fcn Samsun&#8217;a \u00e7\u0131k\u0131\u015f\u0131n\u0131n 106&#8217;nc\u0131 y\u0131l d\u00f6n\u00fcm\u00fc olan 19 May\u0131s Atat\u00fcrk&#8217;\u00fc Anma, Gen\u00e7lik ve Spor Bayram\u0131&#8217;n\u0131 muhte\u015fem bir fener alay\u0131 ile kutlad\u0131. Antalya B\u00fcy\u00fck\u015fehir Belediyesi&#8217;nin organize etti\u011fi etkinlik, binlerce Antalyal\u0131n\u0131n kat\u0131l\u0131m\u0131yla adeta bir co\u015fku seline d\u00f6n\u00fc\u015ft\u00fc. M\u0130LL\u0130 HEYECAN DORUKTA Fener alay\u0131 i\u00e7in vatanda\u015flar saatler \u00f6ncesinden Konyaalt\u0131 Varyant&#8217;ta toplanmaya ba\u015flad\u0131. Saat 20.00&#8217;de ba\u015flayan y\u00fcr\u00fcy\u00fc\u015fte, kat\u0131l\u0131mc\u0131lar elden ele tuttuklar\u0131 dev T\u00fcrk bayra\u011f\u0131 e\u015fli\u011finde Cumhuriyet Meydan\u0131&#8217;na do\u011fru ilerledi. Y\u00fcr\u00fcy\u00fc\u015f boyunca ellerinde bayrak ve me\u015faleler ta\u015f\u0131yan co\u015fkulu kalabal\u0131k, att\u0131klar\u0131 sloganlar ve s\u00f6yledikleri mar\u015flarla milli heyecan\u0131 doru\u011fa ta\u015f\u0131d\u0131. Kortejde, Antalya&#8217;da ya\u015fayan yerle\u015fik yabanc\u0131lar\u0131n da bayraklar\u0131yla yer almas\u0131 dikkat \u00e7ekerken, minik Antalyal\u0131lar ise ebeveynlerinin omuzlar\u0131nda bu anlaml\u0131 y\u00fcr\u00fcy\u00fc\u015fe ortak oldu. BAYRAM CO\u015eKUSU Z\u0130RVEYE ULA\u015eTI Bu y\u0131lki fener alay\u0131na kat\u0131l\u0131m\u0131n \u00f6nceki y\u0131llara g\u00f6re g\u00f6zle g\u00f6r\u00fcl\u00fcr \u015fekilde daha fazla oldu\u011fu belirtildi. 7&#8217;den 70&#8217;e binlerce vatanda\u015f\u0131n kat\u0131l\u0131m\u0131yla renkli g\u00f6r\u00fcnt\u00fclere sahne olan y\u00fcr\u00fcy\u00fc\u015f, Cumhuriyet Meydan\u0131&#8217;nda son buldu. Meydandaki kutlamalar, sayg\u0131 duru\u015fu ve \u0130stiklal Mar\u015f\u0131&#8217;n\u0131n okunmas\u0131yla ba\u015flad\u0131. Ard\u0131ndan sevilen sanat\u00e7\u0131 Ceza&#8217;n\u0131n konseriyle bayram co\u015fkusu zirveye ula\u015ft\u0131. Binlerce gen\u00e7 ve yeti\u015fkin, Ceza&#8217;n\u0131n \u015fark\u0131lar\u0131yla unutulmaz bir bayram ak\u015fam\u0131 ya\u015fad\u0131. \u200bBinlerce Antalyal\u0131, 19 May\u0131s Atat\u00fcrk&#8217;\u00fc Anma, Gen\u00e7lik ve Spor Bayram\u0131&#8217;n\u0131 co\u015fku dolu bir fener alay\u0131 ile kutlad\u0131. Konyaalt\u0131 Varyant&#8217;tan Cumhuriyet Meydan\u0131&#8217;na uzanan y\u00fcr\u00fcy\u00fc\u015fte, 7&#8217;den 70&#8217;e binlerce vatanda\u015f ellerinde bayrak ve &hellip;\" \/>\n<meta property=\"og:url\" content=\"https:\/\/denizcankizil.tr\/de\/haberler\/gundem\/antalyada-19-mayis-coskusu-fener-alayi-ile-taclandi\/\" \/>\n<meta property=\"og:site_name\" content=\"Av. Deniz Can K\u0131z\u0131l\" \/>\n<meta property=\"article:published_time\" content=\"2025-05-19T20:27:41+00:00\" \/>\n<meta name=\"author\" content=\"Antalya K\u00f6rfez\" \/>\n<meta name=\"twitter:card\" content=\"summary_large_image\" \/>\n<meta name=\"twitter:label1\" content=\"Verfasst von\" \/>\n\t<meta name=\"twitter:data1\" content=\"Antalya K\u00f6rfez\" \/>\n\t<meta name=\"twitter:label2\" content=\"Gesch\u00e4tzte Lesezeit\" \/>\n\t<meta name=\"twitter:data2\" content=\"2\u00a0Minuten\" \/>\n<script type=\"application\/ld+json\" class=\"yoast-schema-graph\">{\"@context\":\"https:\/\/schema.org\",\"@graph\":[{\"@type\":\"Article\",\"@id\":\"https:\/\/denizcankizil.tr\/de\/haberler\/gundem\/antalyada-19-mayis-coskusu-fener-alayi-ile-taclandi\/#article\",\"isPartOf\":{\"@id\":\"https:\/\/denizcankizil.tr\/de\/haberler\/gundem\/antalyada-19-mayis-coskusu-fener-alayi-ile-taclandi\/\"},\"author\":{\"name\":\"Antalya K\u00f6rfez\",\"@id\":\"https:\/\/denizcankizil.tr\/de\/#\/schema\/person\/e1eb71bb4dd684d46563f0af307e1234\"},\"headline\":\"Antalya&#8217;da 19 May\u0131s co\u015fkusu Fener Alay\u0131 ile ta\u00e7land\u0131\",\"datePublished\":\"2025-05-19T20:27:41+00:00\",\"mainEntityOfPage\":{\"@id\":\"https:\/\/denizcankizil.tr\/de\/haberler\/gundem\/antalyada-19-mayis-coskusu-fener-alayi-ile-taclandi\/\"},\"wordCount\":342,\"publisher\":{\"@id\":\"https:\/\/denizcankizil.tr\/de\/#organization\"},\"articleSection\":[\"G\u00fcndem\"],\"inLanguage\":\"de\"},{\"@type\":\"WebPage\",\"@id\":\"https:\/\/denizcankizil.tr\/de\/haberler\/gundem\/antalyada-19-mayis-coskusu-fener-alayi-ile-taclandi\/\",\"url\":\"https:\/\/denizcankizil.tr\/de\/haberler\/gundem\/antalyada-19-mayis-coskusu-fener-alayi-ile-taclandi\/\",\"name\":\"Antalya'da 19 May\u0131s co\u015fkusu Fener Alay\u0131 ile ta\u00e7land\u0131 - Av. Deniz Can K\u0131z\u0131l\",\"isPartOf\":{\"@id\":\"https:\/\/denizcankizil.tr\/de\/#website\"},\"datePublished\":\"2025-05-19T20:27:41+00:00\",\"breadcrumb\":{\"@id\":\"https:\/\/denizcankizil.tr\/de\/haberler\/gundem\/antalyada-19-mayis-coskusu-fener-alayi-ile-taclandi\/#breadcrumb\"},\"inLanguage\":\"de\",\"potentialAction\":[{\"@type\":\"ReadAction\",\"target\":[\"https:\/\/denizcankizil.tr\/de\/haberler\/gundem\/antalyada-19-mayis-coskusu-fener-alayi-ile-taclandi\/\"]}]},{\"@type\":\"BreadcrumbList\",\"@id\":\"https:\/\/denizcankizil.tr\/de\/haberler\/gundem\/antalyada-19-mayis-coskusu-fener-alayi-ile-taclandi\/#breadcrumb\",\"itemListElement\":[{\"@type\":\"ListItem\",\"position\":1,\"name\":\"Home\",\"item\":\"https:\/\/denizcankizil.tr\/de\/\"},{\"@type\":\"ListItem\",\"position\":2,\"name\":\"Antalya&#8217;da 19 May\u0131s co\u015fkusu Fener Alay\u0131 ile ta\u00e7land\u0131\"}]},{\"@type\":\"WebSite\",\"@id\":\"https:\/\/denizcankizil.tr\/de\/#website\",\"url\":\"https:\/\/denizcankizil.tr\/de\/\",\"name\":\"Av. Deniz Can K\u0131z\u0131l\",\"description\":\"Avukat Deniz Can K\u0131z\u0131l Antalya Barosu\",\"publisher\":{\"@id\":\"https:\/\/denizcankizil.tr\/de\/#organization\"},\"potentialAction\":[{\"@type\":\"SearchAction\",\"target\":{\"@type\":\"EntryPoint\",\"urlTemplate\":\"https:\/\/denizcankizil.tr\/de\/?s={search_term_string}\"},\"query-input\":{\"@type\":\"PropertyValueSpecification\",\"valueRequired\":true,\"valueName\":\"search_term_string\"}}],\"inLanguage\":\"de\"},{\"@type\":\"Organization\",\"@id\":\"https:\/\/denizcankizil.tr\/de\/#organization\",\"name\":\"Av. Deniz Can K\u0131z\u0131l\",\"url\":\"https:\/\/denizcankizil.tr\/de\/\",\"logo\":{\"@type\":\"ImageObject\",\"inLanguage\":\"de\",\"@id\":\"https:\/\/denizcankizil.tr\/de\/#\/schema\/logo\/image\/\",\"url\":\"https:\/\/denizcankizil.tr\/wp-content\/uploads\/2024\/10\/siyah-logo-svg.svg\",\"contentUrl\":\"https:\/\/denizcankizil.tr\/wp-content\/uploads\/2024\/10\/siyah-logo-svg.svg\",\"width\":1080,\"height\":1080,\"caption\":\"Av. Deniz Can K\u0131z\u0131l\"},\"image\":{\"@id\":\"https:\/\/denizcankizil.tr\/de\/#\/schema\/logo\/image\/\"}},{\"@type\":\"Person\",\"@id\":\"https:\/\/denizcankizil.tr\/de\/#\/schema\/person\/e1eb71bb4dd684d46563f0af307e1234\",\"name\":\"Antalya K\u00f6rfez\",\"image\":{\"@type\":\"ImageObject\",\"inLanguage\":\"de\",\"@id\":\"https:\/\/denizcankizil.tr\/de\/#\/schema\/person\/image\/\",\"url\":\"https:\/\/secure.gravatar.com\/avatar\/42b01982558a48a0b501fdcab6a408d3717ea5919095ee2e67b0e521799c5905?s=96&d=mm&r=g\",\"contentUrl\":\"https:\/\/secure.gravatar.com\/avatar\/42b01982558a48a0b501fdcab6a408d3717ea5919095ee2e67b0e521799c5905?s=96&d=mm&r=g\",\"caption\":\"Antalya K\u00f6rfez\"},\"sameAs\":[\"http:\/\/www.antalyakorfez.com\"],\"url\":\"https:\/\/www.antalyakorfez.com\/antalyada-19-mayis-coskusu-fener-alayi-ile-taclandi\"}]}<\/script>\n<!-- \/ Yoast SEO Premium plugin. -->","yoast_head_json":{"title":"Antalya'da 19 May\u0131s co\u015fkusu Fener Alay\u0131 ile ta\u00e7land\u0131 - Av. Deniz Can K\u0131z\u0131l","robots":{"index":"index","follow":"follow","max-snippet":"max-snippet:-1","max-image-preview":"max-image-preview:large","max-video-preview":"max-video-preview:-1"},"canonical":"https:\/\/denizcankizil.tr\/de\/haberler\/gundem\/antalyada-19-mayis-coskusu-fener-alayi-ile-taclandi\/","og_locale":"de_DE","og_type":"article","og_title":"Antalya'da 19 May\u0131s co\u015fkusu Fener Alay\u0131 ile ta\u00e7land\u0131","og_description":"Antalya, B\u00fcy\u00fck \u00d6nder Mustafa Kemal Atat\u00fcrk&#8217;\u00fcn Samsun&#8217;a \u00e7\u0131k\u0131\u015f\u0131n\u0131n 106&#8217;nc\u0131 y\u0131l d\u00f6n\u00fcm\u00fc olan 19 May\u0131s Atat\u00fcrk&#8217;\u00fc Anma, Gen\u00e7lik ve Spor Bayram\u0131&#8217;n\u0131 muhte\u015fem bir fener alay\u0131 ile kutlad\u0131. Antalya B\u00fcy\u00fck\u015fehir Belediyesi&#8217;nin organize etti\u011fi etkinlik, binlerce Antalyal\u0131n\u0131n kat\u0131l\u0131m\u0131yla adeta bir co\u015fku seline d\u00f6n\u00fc\u015ft\u00fc. M\u0130LL\u0130 HEYECAN DORUKTA Fener alay\u0131 i\u00e7in vatanda\u015flar saatler \u00f6ncesinden Konyaalt\u0131 Varyant&#8217;ta toplanmaya ba\u015flad\u0131. Saat 20.00&#8217;de ba\u015flayan y\u00fcr\u00fcy\u00fc\u015fte, kat\u0131l\u0131mc\u0131lar elden ele tuttuklar\u0131 dev T\u00fcrk bayra\u011f\u0131 e\u015fli\u011finde Cumhuriyet Meydan\u0131&#8217;na do\u011fru ilerledi. Y\u00fcr\u00fcy\u00fc\u015f boyunca ellerinde bayrak ve me\u015faleler ta\u015f\u0131yan co\u015fkulu kalabal\u0131k, att\u0131klar\u0131 sloganlar ve s\u00f6yledikleri mar\u015flarla milli heyecan\u0131 doru\u011fa ta\u015f\u0131d\u0131. Kortejde, Antalya&#8217;da ya\u015fayan yerle\u015fik yabanc\u0131lar\u0131n da bayraklar\u0131yla yer almas\u0131 dikkat \u00e7ekerken, minik Antalyal\u0131lar ise ebeveynlerinin omuzlar\u0131nda bu anlaml\u0131 y\u00fcr\u00fcy\u00fc\u015fe ortak oldu. BAYRAM CO\u015eKUSU Z\u0130RVEYE ULA\u015eTI Bu y\u0131lki fener alay\u0131na kat\u0131l\u0131m\u0131n \u00f6nceki y\u0131llara g\u00f6re g\u00f6zle g\u00f6r\u00fcl\u00fcr \u015fekilde daha fazla oldu\u011fu belirtildi. 7&#8217;den 70&#8217;e binlerce vatanda\u015f\u0131n kat\u0131l\u0131m\u0131yla renkli g\u00f6r\u00fcnt\u00fclere sahne olan y\u00fcr\u00fcy\u00fc\u015f, Cumhuriyet Meydan\u0131&#8217;nda son buldu. Meydandaki kutlamalar, sayg\u0131 duru\u015fu ve \u0130stiklal Mar\u015f\u0131&#8217;n\u0131n okunmas\u0131yla ba\u015flad\u0131. Ard\u0131ndan sevilen sanat\u00e7\u0131 Ceza&#8217;n\u0131n konseriyle bayram co\u015fkusu zirveye ula\u015ft\u0131. Binlerce gen\u00e7 ve yeti\u015fkin, Ceza&#8217;n\u0131n \u015fark\u0131lar\u0131yla unutulmaz bir bayram ak\u015fam\u0131 ya\u015fad\u0131. \u200bBinlerce Antalyal\u0131, 19 May\u0131s Atat\u00fcrk&#8217;\u00fc Anma, Gen\u00e7lik ve Spor Bayram\u0131&#8217;n\u0131 co\u015fku dolu bir fener alay\u0131 ile kutlad\u0131. Konyaalt\u0131 Varyant&#8217;tan Cumhuriyet Meydan\u0131&#8217;na uzanan y\u00fcr\u00fcy\u00fc\u015fte, 7&#8217;den 70&#8217;e binlerce vatanda\u015f ellerinde bayrak ve &hellip;","og_url":"https:\/\/denizcankizil.tr\/de\/haberler\/gundem\/antalyada-19-mayis-coskusu-fener-alayi-ile-taclandi\/","og_site_name":"Av. Deniz Can K\u0131z\u0131l","article_published_time":"2025-05-19T20:27:41+00:00","author":"Antalya K\u00f6rfez","twitter_card":"summary_large_image","twitter_misc":{"Verfasst von":"Antalya K\u00f6rfez","Gesch\u00e4tzte Lesezeit":"2\u00a0Minuten"},"schema":{"@context":"https:\/\/schema.org","@graph":[{"@type":"Article","@id":"https:\/\/denizcankizil.tr\/de\/haberler\/gundem\/antalyada-19-mayis-coskusu-fener-alayi-ile-taclandi\/#article","isPartOf":{"@id":"https:\/\/denizcankizil.tr\/de\/haberler\/gundem\/antalyada-19-mayis-coskusu-fener-alayi-ile-taclandi\/"},"author":{"name":"Antalya K\u00f6rfez","@id":"https:\/\/denizcankizil.tr\/de\/#\/schema\/person\/e1eb71bb4dd684d46563f0af307e1234"},"headline":"Antalya&#8217;da 19 May\u0131s co\u015fkusu Fener Alay\u0131 ile ta\u00e7land\u0131","datePublished":"2025-05-19T20:27:41+00:00","mainEntityOfPage":{"@id":"https:\/\/denizcankizil.tr\/de\/haberler\/gundem\/antalyada-19-mayis-coskusu-fener-alayi-ile-taclandi\/"},"wordCount":342,"publisher":{"@id":"https:\/\/denizcankizil.tr\/de\/#organization"},"articleSection":["G\u00fcndem"],"inLanguage":"de"},{"@type":"WebPage","@id":"https:\/\/denizcankizil.tr\/de\/haberler\/gundem\/antalyada-19-mayis-coskusu-fener-alayi-ile-taclandi\/","url":"https:\/\/denizcankizil.tr\/de\/haberler\/gundem\/antalyada-19-mayis-coskusu-fener-alayi-ile-taclandi\/","name":"Antalya'da 19 May\u0131s co\u015fkusu Fener Alay\u0131 ile ta\u00e7land\u0131 - Av. Deniz Can K\u0131z\u0131l","isPartOf":{"@id":"https:\/\/denizcankizil.tr\/de\/#website"},"datePublished":"2025-05-19T20:27:41+00:00","breadcrumb":{"@id":"https:\/\/denizcankizil.tr\/de\/haberler\/gundem\/antalyada-19-mayis-coskusu-fener-alayi-ile-taclandi\/#breadcrumb"},"inLanguage":"de","potentialAction":[{"@type":"ReadAction","target":["https:\/\/denizcankizil.tr\/de\/haberler\/gundem\/antalyada-19-mayis-coskusu-fener-alayi-ile-taclandi\/"]}]},{"@type":"BreadcrumbList","@id":"https:\/\/denizcankizil.tr\/de\/haberler\/gundem\/antalyada-19-mayis-coskusu-fener-alayi-ile-taclandi\/#breadcrumb","itemListElement":[{"@type":"ListItem","position":1,"name":"Home","item":"https:\/\/denizcankizil.tr\/de\/"},{"@type":"ListItem","position":2,"name":"Antalya&#8217;da 19 May\u0131s co\u015fkusu Fener Alay\u0131 ile ta\u00e7land\u0131"}]},{"@type":"WebSite","@id":"https:\/\/denizcankizil.tr\/de\/#website","url":"https:\/\/denizcankizil.tr\/de\/","name":"Av. Deniz Can K\u0131z\u0131l","description":"Avukat Deniz Can K\u0131z\u0131l Antalya Barosu","publisher":{"@id":"https:\/\/denizcankizil.tr\/de\/#organization"},"potentialAction":[{"@type":"SearchAction","target":{"@type":"EntryPoint","urlTemplate":"https:\/\/denizcankizil.tr\/de\/?s={search_term_string}"},"query-input":{"@type":"PropertyValueSpecification","valueRequired":true,"valueName":"search_term_string"}}],"inLanguage":"de"},{"@type":"Organization","@id":"https:\/\/denizcankizil.tr\/de\/#organization","name":"Av. Deniz Can K\u0131z\u0131l","url":"https:\/\/denizcankizil.tr\/de\/","logo":{"@type":"ImageObject","inLanguage":"de","@id":"https:\/\/denizcankizil.tr\/de\/#\/schema\/logo\/image\/","url":"https:\/\/denizcankizil.tr\/wp-content\/uploads\/2024\/10\/siyah-logo-svg.svg","contentUrl":"https:\/\/denizcankizil.tr\/wp-content\/uploads\/2024\/10\/siyah-logo-svg.svg","width":1080,"height":1080,"caption":"Av. Deniz Can K\u0131z\u0131l"},"image":{"@id":"https:\/\/denizcankizil.tr\/de\/#\/schema\/logo\/image\/"}},{"@type":"Person","@id":"https:\/\/denizcankizil.tr\/de\/#\/schema\/person\/e1eb71bb4dd684d46563f0af307e1234","name":"Antalya K\u00f6rfez","image":{"@type":"ImageObject","inLanguage":"de","@id":"https:\/\/denizcankizil.tr\/de\/#\/schema\/person\/image\/","url":"https:\/\/secure.gravatar.com\/avatar\/42b01982558a48a0b501fdcab6a408d3717ea5919095ee2e67b0e521799c5905?s=96&d=mm&r=g","contentUrl":"https:\/\/secure.gravatar.com\/avatar\/42b01982558a48a0b501fdcab6a408d3717ea5919095ee2e67b0e521799c5905?s=96&d=mm&r=g","caption":"Antalya K\u00f6rfez"},"sameAs":["http:\/\/www.antalyakorfez.com"],"url":"https:\/\/www.antalyakorfez.com\/antalyada-19-mayis-coskusu-fener-alayi-ile-taclandi"}]}},"_links":{"self":[{"href":"https:\/\/denizcankizil.tr\/de\/wp-json\/wp\/v2\/posts\/92014","targetHints":{"allow":["GET"]}}],"collection":[{"href":"https:\/\/denizcankizil.tr\/de\/wp-json\/wp\/v2\/posts"}],"about":[{"href":"https:\/\/denizcankizil.tr\/de\/wp-json\/wp\/v2\/types\/post"}],"author":[{"embeddable":true,"href":"https:\/\/denizcankizil.tr\/de\/wp-json\/wp\/v2\/users\/5"}],"replies":[{"embeddable":true,"href":"https:\/\/denizcankizil.tr\/de\/wp-json\/wp\/v2\/comments?post=92014"}],"version-history":[{"count":0,"href":"https:\/\/denizcankizil.tr\/de\/wp-json\/wp\/v2\/posts\/92014\/revisions"}],"wp:attachment":[{"href":"https:\/\/denizcankizil.tr\/de\/wp-json\/wp\/v2\/media?parent=92014"}],"wp:term":[{"taxonomy":"category","embeddable":true,"href":"https:\/\/denizcankizil.tr\/de\/wp-json\/wp\/v2\/categories?post=92014"},{"taxonomy":"post_tag","embeddable":true,"href":"https:\/\/denizcankizil.tr\/de\/wp-json\/wp\/v2\/tags?post=92014"}],"curies":[{"name":"wp","href":"https:\/\/api.w.org\/{rel}","templated":true}]}}