{"id":91704,"date":"2025-05-19T15:42:38","date_gmt":"2025-05-19T12:42:38","guid":{"rendered":"https:\/\/denizcankizil.tr\/uncategorized-tr\/arsuzda-polisler-ozel-cocuklari-konuk-etti\/"},"modified":"2025-05-19T15:42:38","modified_gmt":"2025-05-19T12:42:38","slug":"arsuzda-polisler-ozel-cocuklari-konuk-etti","status":"publish","type":"post","link":"https:\/\/denizcankizil.tr\/de\/haberler\/gundem\/arsuzda-polisler-ozel-cocuklari-konuk-etti\/","title":{"rendered":"Arsuz\u2019da Polisler \u00d6zel \u00c7ocuklar\u0131 konuk etti\u2026"},"content":{"rendered":"<p>Arsuz \u0130l\u00e7e Emniyet M\u00fcd\u00fcrl\u00fc\u011f\u00fc\u2019n\u00fcn farkl\u0131 birimlerinde g\u00f6rev yapan polis memurlar\u0131, \u00f6zel \u00e7ocuklarla \u00f6nce Arsuz Rhosus Restaurant\u2019ta kahvalt\u0131da bulu\u015ftu. Etkinlik boyunca \u00e7ocuklarla yak\u0131ndan ilgilenen polisler, her biriyle birebir vakit ge\u00e7irerek onlar\u0131n mutlulu\u011funa ortak oldu.<\/p>\n<p>Kahvalt\u0131n\u0131n ard\u0131ndan \u00e7ocuklara \u00e7e\u015fitli hediyeler verilirken, program boyunca yap\u0131lan etkinliklerde \u00e7ocuklar ve aileleri keyifli anlar ya\u015fad\u0131. Polis a\u011fabey ve ablalar\u0131yla bol bol foto\u011fraf \u00e7ektiren \u00f6\u011frenciler, etkinlikten duyduklar\u0131 memnuniyeti y\u00fczlerine yans\u0131tt\u0131.<\/p>\n<p>Etkinlik sonras\u0131 konu\u015fan G\u00f6kmeydan \u00d6zel E\u011fitim ve Rehabilitasyon Merkezi M\u00fcd\u00fcr\u00fc Tu\u011fba Kara, bu anlaml\u0131 g\u00fcnde \u00f6zel \u00e7ocuklar\u0131 yaln\u0131z b\u0131rakmayan Arsuz \u0130l\u00e7e Emniyet M\u00fcd\u00fcr\u00fc Hasan G\u00fcn ve t\u00fcm ekibine te\u015fekk\u00fcr ederek, \u201c\u00c7ocuklar\u0131m\u0131z\u0131n b\u00f6ylesi \u00f6zel anlara tan\u0131kl\u0131k etmesi hem onlar hem de aileleri i\u00e7in \u00e7ok k\u0131ymetli. Emniyet mensuplar\u0131m\u0131z\u0131n deste\u011fi bizler i\u00e7in b\u00fcy\u00fck bir moral kayna\u011f\u0131,\u201d dedi.<\/p>\n<p>Aileler de polisin \u00e7ocuklara g\u00f6sterdi\u011fi yak\u0131n ilgi ve samimiyetten duyduklar\u0131 memnuniyeti dile getirerek etkinlikten b\u00fcy\u00fck mutluluk duyduklar\u0131n\u0131 ifade etti.<\/p>\n<p>\u200b10-16 May\u0131s Engelliler Haftas\u0131 kapsam\u0131nda Arsuz \u0130l\u00e7e Emniyet M\u00fcd\u00fcrl\u00fc\u011f\u00fc ekipleri, G\u00f6kmeydan \u00d6zel E\u011fitim ve Rehabilitasyon Merkezi\u2019nde e\u011fitim g\u00f6ren \u00f6zel \u00e7ocuklara unutulmaz bir g\u00fcn ya\u015fatt\u0131.\u00a0<\/p>\n<p>\u200bHaberin Al\u0131nt\u0131land\u0131\u011f\u0131 Kaynak: www.iskenderun.org<\/p>","protected":false},"excerpt":{"rendered":"<p>Arsuz \u0130l\u00e7e Emniyet M\u00fcd\u00fcrl\u00fc\u011f\u00fc\u2019n\u00fcn farkl\u0131 birimlerinde g\u00f6rev yapan polis memurlar\u0131, \u00f6zel \u00e7ocuklarla \u00f6nce Arsuz Rhosus Restaurant\u2019ta kahvalt\u0131da bulu\u015ftu. Etkinlik boyunca \u00e7ocuklarla yak\u0131ndan ilgilenen polisler, her biriyle birebir vakit ge\u00e7irerek onlar\u0131n mutlulu\u011funa ortak oldu. Kahvalt\u0131n\u0131n ard\u0131ndan \u00e7ocuklara \u00e7e\u015fitli hediyeler verilirken, program boyunca yap\u0131lan etkinliklerde \u00e7ocuklar ve aileleri keyifli anlar ya\u015fad\u0131. Polis a\u011fabey ve ablalar\u0131yla bol bol foto\u011fraf \u00e7ektiren \u00f6\u011frenciler, etkinlikten duyduklar\u0131 memnuniyeti y\u00fczlerine yans\u0131tt\u0131. Etkinlik sonras\u0131 konu\u015fan G\u00f6kmeydan \u00d6zel E\u011fitim ve Rehabilitasyon Merkezi M\u00fcd\u00fcr\u00fc Tu\u011fba Kara, bu anlaml\u0131 g\u00fcnde \u00f6zel \u00e7ocuklar\u0131 yaln\u0131z b\u0131rakmayan Arsuz \u0130l\u00e7e Emniyet M\u00fcd\u00fcr\u00fc Hasan G\u00fcn ve t\u00fcm ekibine te\u015fekk\u00fcr ederek, \u201c\u00c7ocuklar\u0131m\u0131z\u0131n b\u00f6ylesi \u00f6zel anlara tan\u0131kl\u0131k etmesi hem onlar hem de aileleri i\u00e7in \u00e7ok k\u0131ymetli. Emniyet mensuplar\u0131m\u0131z\u0131n deste\u011fi bizler i\u00e7in b\u00fcy\u00fck bir moral kayna\u011f\u0131,\u201d dedi. Aileler de polisin \u00e7ocuklara g\u00f6sterdi\u011fi yak\u0131n ilgi ve samimiyetten duyduklar\u0131 memnuniyeti dile getirerek etkinlikten b\u00fcy\u00fck mutluluk duyduklar\u0131n\u0131 ifade etti. \u200b10-16 May\u0131s Engelliler Haftas\u0131 kapsam\u0131nda Arsuz \u0130l\u00e7e Emniyet M\u00fcd\u00fcrl\u00fc\u011f\u00fc ekipleri, G\u00f6kmeydan \u00d6zel E\u011fitim ve Rehabilitasyon Merkezi\u2019nde e\u011fitim g\u00f6ren \u00f6zel \u00e7ocuklara unutulmaz bir g\u00fcn ya\u015fatt\u0131.\u00a0 \u200bHaberin Al\u0131nt\u0131land\u0131\u011f\u0131 Kaynak: www.iskenderun.org<\/p>","protected":false},"author":1,"featured_media":0,"comment_status":"","ping_status":"open","sticky":false,"template":"","format":"standard","meta":{"_acf_changed":false,"footnotes":""},"categories":[24],"tags":[],"class_list":["post-91704","post","type-post","status-publish","format-standard","has-post-thumbnail","hentry","category-gundem"],"acf":[],"yoast_head":"<!-- This site is optimized with the Yoast SEO Premium plugin v26.6 (Yoast SEO v27.1.1) - https:\/\/yoast.com\/product\/yoast-seo-premium-wordpress\/ -->\n<title>Arsuz\u2019da Polisler \u00d6zel \u00c7ocuklar\u0131 konuk etti\u2026 - Av. Deniz Can K\u0131z\u0131l<\/title>\n<meta name=\"robots\" content=\"index, follow, max-snippet:-1, max-image-preview:large, max-video-preview:-1\" \/>\n<link rel=\"canonical\" href=\"https:\/\/denizcankizil.tr\/de\/haberler\/gundem\/arsuzda-polisler-ozel-cocuklari-konuk-etti\/\" \/>\n<meta property=\"og:locale\" content=\"de_DE\" \/>\n<meta property=\"og:type\" content=\"article\" \/>\n<meta property=\"og:title\" content=\"Arsuz\u2019da Polisler \u00d6zel \u00c7ocuklar\u0131 konuk etti\u2026\" \/>\n<meta property=\"og:description\" content=\"Arsuz \u0130l\u00e7e Emniyet M\u00fcd\u00fcrl\u00fc\u011f\u00fc\u2019n\u00fcn farkl\u0131 birimlerinde g\u00f6rev yapan polis memurlar\u0131, \u00f6zel \u00e7ocuklarla \u00f6nce Arsuz Rhosus Restaurant\u2019ta kahvalt\u0131da bulu\u015ftu. Etkinlik boyunca \u00e7ocuklarla yak\u0131ndan ilgilenen polisler, her biriyle birebir vakit ge\u00e7irerek onlar\u0131n mutlulu\u011funa ortak oldu. Kahvalt\u0131n\u0131n ard\u0131ndan \u00e7ocuklara \u00e7e\u015fitli hediyeler verilirken, program boyunca yap\u0131lan etkinliklerde \u00e7ocuklar ve aileleri keyifli anlar ya\u015fad\u0131. Polis a\u011fabey ve ablalar\u0131yla bol bol foto\u011fraf \u00e7ektiren \u00f6\u011frenciler, etkinlikten duyduklar\u0131 memnuniyeti y\u00fczlerine yans\u0131tt\u0131. Etkinlik sonras\u0131 konu\u015fan G\u00f6kmeydan \u00d6zel E\u011fitim ve Rehabilitasyon Merkezi M\u00fcd\u00fcr\u00fc Tu\u011fba Kara, bu anlaml\u0131 g\u00fcnde \u00f6zel \u00e7ocuklar\u0131 yaln\u0131z b\u0131rakmayan Arsuz \u0130l\u00e7e Emniyet M\u00fcd\u00fcr\u00fc Hasan G\u00fcn ve t\u00fcm ekibine te\u015fekk\u00fcr ederek, \u201c\u00c7ocuklar\u0131m\u0131z\u0131n b\u00f6ylesi \u00f6zel anlara tan\u0131kl\u0131k etmesi hem onlar hem de aileleri i\u00e7in \u00e7ok k\u0131ymetli. Emniyet mensuplar\u0131m\u0131z\u0131n deste\u011fi bizler i\u00e7in b\u00fcy\u00fck bir moral kayna\u011f\u0131,\u201d dedi. Aileler de polisin \u00e7ocuklara g\u00f6sterdi\u011fi yak\u0131n ilgi ve samimiyetten duyduklar\u0131 memnuniyeti dile getirerek etkinlikten b\u00fcy\u00fck mutluluk duyduklar\u0131n\u0131 ifade etti. \u200b10-16 May\u0131s Engelliler Haftas\u0131 kapsam\u0131nda Arsuz \u0130l\u00e7e Emniyet M\u00fcd\u00fcrl\u00fc\u011f\u00fc ekipleri, G\u00f6kmeydan \u00d6zel E\u011fitim ve Rehabilitasyon Merkezi\u2019nde e\u011fitim g\u00f6ren \u00f6zel \u00e7ocuklara unutulmaz bir g\u00fcn ya\u015fatt\u0131.\u00a0 \u200bHaberin Al\u0131nt\u0131land\u0131\u011f\u0131 Kaynak: www.iskenderun.org\" \/>\n<meta property=\"og:url\" content=\"https:\/\/denizcankizil.tr\/de\/haberler\/gundem\/arsuzda-polisler-ozel-cocuklari-konuk-etti\/\" \/>\n<meta property=\"og:site_name\" content=\"Av. Deniz Can K\u0131z\u0131l\" \/>\n<meta property=\"article:published_time\" content=\"2025-05-19T12:42:38+00:00\" \/>\n<meta name=\"author\" content=\"admin\" \/>\n<meta name=\"twitter:card\" content=\"summary_large_image\" \/>\n<meta name=\"twitter:label1\" content=\"Verfasst von\" \/>\n\t<meta name=\"twitter:data1\" content=\"admin\" \/>\n\t<meta name=\"twitter:label2\" content=\"Gesch\u00e4tzte Lesezeit\" \/>\n\t<meta name=\"twitter:data2\" content=\"1\u00a0Minute\" \/>\n<script type=\"application\/ld+json\" class=\"yoast-schema-graph\">{\"@context\":\"https:\/\/schema.org\",\"@graph\":[{\"@type\":\"Article\",\"@id\":\"https:\/\/denizcankizil.tr\/ru\/haberler\/gundem\/arsuzda-polisler-ozel-cocuklari-konuk-etti\/#article\",\"isPartOf\":{\"@id\":\"https:\/\/denizcankizil.tr\/ru\/haberler\/gundem\/arsuzda-polisler-ozel-cocuklari-konuk-etti\/\"},\"author\":{\"name\":\"admin\",\"@id\":\"https:\/\/denizcankizil.tr\/#\/schema\/person\/be3c05fe6a12686905512445d8185489\"},\"headline\":\"Arsuz\u2019da Polisler \u00d6zel \u00c7ocuklar\u0131 konuk etti\u2026\",\"datePublished\":\"2025-05-19T12:42:38+00:00\",\"mainEntityOfPage\":{\"@id\":\"https:\/\/denizcankizil.tr\/ru\/haberler\/gundem\/arsuzda-polisler-ozel-cocuklari-konuk-etti\/\"},\"wordCount\":248,\"publisher\":{\"@id\":\"https:\/\/denizcankizil.tr\/#organization\"},\"articleSection\":[\"G\u00fcndem\"],\"inLanguage\":\"de\"},{\"@type\":\"WebPage\",\"@id\":\"https:\/\/denizcankizil.tr\/ru\/haberler\/gundem\/arsuzda-polisler-ozel-cocuklari-konuk-etti\/\",\"url\":\"https:\/\/denizcankizil.tr\/ru\/haberler\/gundem\/arsuzda-polisler-ozel-cocuklari-konuk-etti\/\",\"name\":\"Arsuz\u2019da Polisler \u00d6zel \u00c7ocuklar\u0131 konuk etti\u2026 - Av. Deniz Can K\u0131z\u0131l\",\"isPartOf\":{\"@id\":\"https:\/\/denizcankizil.tr\/#website\"},\"datePublished\":\"2025-05-19T12:42:38+00:00\",\"breadcrumb\":{\"@id\":\"https:\/\/denizcankizil.tr\/ru\/haberler\/gundem\/arsuzda-polisler-ozel-cocuklari-konuk-etti\/#breadcrumb\"},\"inLanguage\":\"de\",\"potentialAction\":[{\"@type\":\"ReadAction\",\"target\":[\"https:\/\/denizcankizil.tr\/ru\/haberler\/gundem\/arsuzda-polisler-ozel-cocuklari-konuk-etti\/\"]}]},{\"@type\":\"BreadcrumbList\",\"@id\":\"https:\/\/denizcankizil.tr\/ru\/haberler\/gundem\/arsuzda-polisler-ozel-cocuklari-konuk-etti\/#breadcrumb\",\"itemListElement\":[{\"@type\":\"ListItem\",\"position\":1,\"name\":\"Home\",\"item\":\"https:\/\/denizcankizil.tr\/uk\/\"},{\"@type\":\"ListItem\",\"position\":2,\"name\":\"Arsuz\u2019da Polisler \u00d6zel \u00c7ocuklar\u0131 konuk etti\u2026\"}]},{\"@type\":\"WebSite\",\"@id\":\"https:\/\/denizcankizil.tr\/#website\",\"url\":\"https:\/\/denizcankizil.tr\/\",\"name\":\"Av. Deniz Can K\u0131z\u0131l\",\"description\":\"Avukat Deniz Can K\u0131z\u0131l Antalya Barosu\",\"publisher\":{\"@id\":\"https:\/\/denizcankizil.tr\/#organization\"},\"potentialAction\":[{\"@type\":\"SearchAction\",\"target\":{\"@type\":\"EntryPoint\",\"urlTemplate\":\"https:\/\/denizcankizil.tr\/?s={search_term_string}\"},\"query-input\":{\"@type\":\"PropertyValueSpecification\",\"valueRequired\":true,\"valueName\":\"search_term_string\"}}],\"inLanguage\":\"de\"},{\"@type\":\"Organization\",\"@id\":\"https:\/\/denizcankizil.tr\/#organization\",\"name\":\"Av. Deniz Can K\u0131z\u0131l\",\"url\":\"https:\/\/denizcankizil.tr\/\",\"logo\":{\"@type\":\"ImageObject\",\"inLanguage\":\"de\",\"@id\":\"https:\/\/denizcankizil.tr\/#\/schema\/logo\/image\/\",\"url\":\"https:\/\/denizcankizil.tr\/wp-content\/uploads\/2024\/10\/siyah-logo-svg.svg\",\"contentUrl\":\"https:\/\/denizcankizil.tr\/wp-content\/uploads\/2024\/10\/siyah-logo-svg.svg\",\"width\":1080,\"height\":1080,\"caption\":\"Av. Deniz Can K\u0131z\u0131l\"},\"image\":{\"@id\":\"https:\/\/denizcankizil.tr\/#\/schema\/logo\/image\/\"}},{\"@type\":\"Person\",\"@id\":\"https:\/\/denizcankizil.tr\/#\/schema\/person\/be3c05fe6a12686905512445d8185489\",\"name\":\"admin\",\"image\":{\"@type\":\"ImageObject\",\"inLanguage\":\"de\",\"@id\":\"https:\/\/denizcankizil.tr\/#\/schema\/person\/image\/\",\"url\":\"https:\/\/secure.gravatar.com\/avatar\/c1fce94c830dc79107e174f890d7210541c4a63e8e5d816341794a2151c9d58c?s=96&d=mm&r=g\",\"contentUrl\":\"https:\/\/secure.gravatar.com\/avatar\/c1fce94c830dc79107e174f890d7210541c4a63e8e5d816341794a2151c9d58c?s=96&d=mm&r=g\",\"caption\":\"admin\"},\"sameAs\":[\"http:\/\/denizcankizil.tr\"],\"url\":\"https:\/\/www.iskenderun.org\/arsuzda-polisler-ozel-cocuklari-konuk-etti\"}]}<\/script>\n<!-- \/ Yoast SEO Premium plugin. -->","yoast_head_json":{"title":"Arsuz\u2019da Polisler \u00d6zel \u00c7ocuklar\u0131 konuk etti\u2026 - Av. Deniz Can K\u0131z\u0131l","robots":{"index":"index","follow":"follow","max-snippet":"max-snippet:-1","max-image-preview":"max-image-preview:large","max-video-preview":"max-video-preview:-1"},"canonical":"https:\/\/denizcankizil.tr\/de\/haberler\/gundem\/arsuzda-polisler-ozel-cocuklari-konuk-etti\/","og_locale":"de_DE","og_type":"article","og_title":"Arsuz\u2019da Polisler \u00d6zel \u00c7ocuklar\u0131 konuk etti\u2026","og_description":"Arsuz \u0130l\u00e7e Emniyet M\u00fcd\u00fcrl\u00fc\u011f\u00fc\u2019n\u00fcn farkl\u0131 birimlerinde g\u00f6rev yapan polis memurlar\u0131, \u00f6zel \u00e7ocuklarla \u00f6nce Arsuz Rhosus Restaurant\u2019ta kahvalt\u0131da bulu\u015ftu. Etkinlik boyunca \u00e7ocuklarla yak\u0131ndan ilgilenen polisler, her biriyle birebir vakit ge\u00e7irerek onlar\u0131n mutlulu\u011funa ortak oldu. Kahvalt\u0131n\u0131n ard\u0131ndan \u00e7ocuklara \u00e7e\u015fitli hediyeler verilirken, program boyunca yap\u0131lan etkinliklerde \u00e7ocuklar ve aileleri keyifli anlar ya\u015fad\u0131. Polis a\u011fabey ve ablalar\u0131yla bol bol foto\u011fraf \u00e7ektiren \u00f6\u011frenciler, etkinlikten duyduklar\u0131 memnuniyeti y\u00fczlerine yans\u0131tt\u0131. Etkinlik sonras\u0131 konu\u015fan G\u00f6kmeydan \u00d6zel E\u011fitim ve Rehabilitasyon Merkezi M\u00fcd\u00fcr\u00fc Tu\u011fba Kara, bu anlaml\u0131 g\u00fcnde \u00f6zel \u00e7ocuklar\u0131 yaln\u0131z b\u0131rakmayan Arsuz \u0130l\u00e7e Emniyet M\u00fcd\u00fcr\u00fc Hasan G\u00fcn ve t\u00fcm ekibine te\u015fekk\u00fcr ederek, \u201c\u00c7ocuklar\u0131m\u0131z\u0131n b\u00f6ylesi \u00f6zel anlara tan\u0131kl\u0131k etmesi hem onlar hem de aileleri i\u00e7in \u00e7ok k\u0131ymetli. Emniyet mensuplar\u0131m\u0131z\u0131n deste\u011fi bizler i\u00e7in b\u00fcy\u00fck bir moral kayna\u011f\u0131,\u201d dedi. Aileler de polisin \u00e7ocuklara g\u00f6sterdi\u011fi yak\u0131n ilgi ve samimiyetten duyduklar\u0131 memnuniyeti dile getirerek etkinlikten b\u00fcy\u00fck mutluluk duyduklar\u0131n\u0131 ifade etti. \u200b10-16 May\u0131s Engelliler Haftas\u0131 kapsam\u0131nda Arsuz \u0130l\u00e7e Emniyet M\u00fcd\u00fcrl\u00fc\u011f\u00fc ekipleri, G\u00f6kmeydan \u00d6zel E\u011fitim ve Rehabilitasyon Merkezi\u2019nde e\u011fitim g\u00f6ren \u00f6zel \u00e7ocuklara unutulmaz bir g\u00fcn ya\u015fatt\u0131.\u00a0 \u200bHaberin Al\u0131nt\u0131land\u0131\u011f\u0131 Kaynak: www.iskenderun.org","og_url":"https:\/\/denizcankizil.tr\/de\/haberler\/gundem\/arsuzda-polisler-ozel-cocuklari-konuk-etti\/","og_site_name":"Av. Deniz Can K\u0131z\u0131l","article_published_time":"2025-05-19T12:42:38+00:00","author":"admin","twitter_card":"summary_large_image","twitter_misc":{"Verfasst von":"admin","Gesch\u00e4tzte Lesezeit":"1\u00a0Minute"},"schema":{"@context":"https:\/\/schema.org","@graph":[{"@type":"Article","@id":"https:\/\/denizcankizil.tr\/ru\/haberler\/gundem\/arsuzda-polisler-ozel-cocuklari-konuk-etti\/#article","isPartOf":{"@id":"https:\/\/denizcankizil.tr\/ru\/haberler\/gundem\/arsuzda-polisler-ozel-cocuklari-konuk-etti\/"},"author":{"name":"admin","@id":"https:\/\/denizcankizil.tr\/#\/schema\/person\/be3c05fe6a12686905512445d8185489"},"headline":"Arsuz\u2019da Polisler \u00d6zel \u00c7ocuklar\u0131 konuk etti\u2026","datePublished":"2025-05-19T12:42:38+00:00","mainEntityOfPage":{"@id":"https:\/\/denizcankizil.tr\/ru\/haberler\/gundem\/arsuzda-polisler-ozel-cocuklari-konuk-etti\/"},"wordCount":248,"publisher":{"@id":"https:\/\/denizcankizil.tr\/#organization"},"articleSection":["G\u00fcndem"],"inLanguage":"de"},{"@type":"WebPage","@id":"https:\/\/denizcankizil.tr\/ru\/haberler\/gundem\/arsuzda-polisler-ozel-cocuklari-konuk-etti\/","url":"https:\/\/denizcankizil.tr\/ru\/haberler\/gundem\/arsuzda-polisler-ozel-cocuklari-konuk-etti\/","name":"Arsuz\u2019da Polisler \u00d6zel \u00c7ocuklar\u0131 konuk etti\u2026 - Av. Deniz Can K\u0131z\u0131l","isPartOf":{"@id":"https:\/\/denizcankizil.tr\/#website"},"datePublished":"2025-05-19T12:42:38+00:00","breadcrumb":{"@id":"https:\/\/denizcankizil.tr\/ru\/haberler\/gundem\/arsuzda-polisler-ozel-cocuklari-konuk-etti\/#breadcrumb"},"inLanguage":"de","potentialAction":[{"@type":"ReadAction","target":["https:\/\/denizcankizil.tr\/ru\/haberler\/gundem\/arsuzda-polisler-ozel-cocuklari-konuk-etti\/"]}]},{"@type":"BreadcrumbList","@id":"https:\/\/denizcankizil.tr\/ru\/haberler\/gundem\/arsuzda-polisler-ozel-cocuklari-konuk-etti\/#breadcrumb","itemListElement":[{"@type":"ListItem","position":1,"name":"Home","item":"https:\/\/denizcankizil.tr\/uk\/"},{"@type":"ListItem","position":2,"name":"Arsuz\u2019da Polisler \u00d6zel \u00c7ocuklar\u0131 konuk etti\u2026"}]},{"@type":"WebSite","@id":"https:\/\/denizcankizil.tr\/#website","url":"https:\/\/denizcankizil.tr\/","name":"Av. Deniz Can K\u0131z\u0131l","description":"Avukat Deniz Can K\u0131z\u0131l Antalya Barosu","publisher":{"@id":"https:\/\/denizcankizil.tr\/#organization"},"potentialAction":[{"@type":"SearchAction","target":{"@type":"EntryPoint","urlTemplate":"https:\/\/denizcankizil.tr\/?s={search_term_string}"},"query-input":{"@type":"PropertyValueSpecification","valueRequired":true,"valueName":"search_term_string"}}],"inLanguage":"de"},{"@type":"Organization","@id":"https:\/\/denizcankizil.tr\/#organization","name":"Av. Deniz Can K\u0131z\u0131l","url":"https:\/\/denizcankizil.tr\/","logo":{"@type":"ImageObject","inLanguage":"de","@id":"https:\/\/denizcankizil.tr\/#\/schema\/logo\/image\/","url":"https:\/\/denizcankizil.tr\/wp-content\/uploads\/2024\/10\/siyah-logo-svg.svg","contentUrl":"https:\/\/denizcankizil.tr\/wp-content\/uploads\/2024\/10\/siyah-logo-svg.svg","width":1080,"height":1080,"caption":"Av. Deniz Can K\u0131z\u0131l"},"image":{"@id":"https:\/\/denizcankizil.tr\/#\/schema\/logo\/image\/"}},{"@type":"Person","@id":"https:\/\/denizcankizil.tr\/#\/schema\/person\/be3c05fe6a12686905512445d8185489","name":"Administrator","image":{"@type":"ImageObject","inLanguage":"de","@id":"https:\/\/denizcankizil.tr\/#\/schema\/person\/image\/","url":"https:\/\/secure.gravatar.com\/avatar\/c1fce94c830dc79107e174f890d7210541c4a63e8e5d816341794a2151c9d58c?s=96&d=mm&r=g","contentUrl":"https:\/\/secure.gravatar.com\/avatar\/c1fce94c830dc79107e174f890d7210541c4a63e8e5d816341794a2151c9d58c?s=96&d=mm&r=g","caption":"admin"},"sameAs":["http:\/\/denizcankizil.tr"],"url":"https:\/\/www.iskenderun.org\/arsuzda-polisler-ozel-cocuklari-konuk-etti"}]}},"_links":{"self":[{"href":"https:\/\/denizcankizil.tr\/de\/wp-json\/wp\/v2\/posts\/91704","targetHints":{"allow":["GET"]}}],"collection":[{"href":"https:\/\/denizcankizil.tr\/de\/wp-json\/wp\/v2\/posts"}],"about":[{"href":"https:\/\/denizcankizil.tr\/de\/wp-json\/wp\/v2\/types\/post"}],"author":[{"embeddable":true,"href":"https:\/\/denizcankizil.tr\/de\/wp-json\/wp\/v2\/users\/1"}],"replies":[{"embeddable":true,"href":"https:\/\/denizcankizil.tr\/de\/wp-json\/wp\/v2\/comments?post=91704"}],"version-history":[{"count":0,"href":"https:\/\/denizcankizil.tr\/de\/wp-json\/wp\/v2\/posts\/91704\/revisions"}],"wp:attachment":[{"href":"https:\/\/denizcankizil.tr\/de\/wp-json\/wp\/v2\/media?parent=91704"}],"wp:term":[{"taxonomy":"category","embeddable":true,"href":"https:\/\/denizcankizil.tr\/de\/wp-json\/wp\/v2\/categories?post=91704"},{"taxonomy":"post_tag","embeddable":true,"href":"https:\/\/denizcankizil.tr\/de\/wp-json\/wp\/v2\/tags?post=91704"}],"curies":[{"name":"wp","href":"https:\/\/api.w.org\/{rel}","templated":true}]}}