{"id":91410,"date":"2025-05-19T10:41:16","date_gmt":"2025-05-19T07:41:16","guid":{"rendered":"https:\/\/denizcankizil.tr\/uncategorized-tr\/kumluca-belediyespor-ligde-kalmayi-basardi\/"},"modified":"2025-05-19T10:41:16","modified_gmt":"2025-05-19T07:41:16","slug":"kumluca-belediyespor-ligde-kalmayi-basardi","status":"publish","type":"post","link":"https:\/\/denizcankizil.tr\/de\/haberler\/antalya\/kumluca-belediyespor-ligde-kalmayi-basardi\/","title":{"rendered":"Kumluca Belediyespor ligde kalmay\u0131 ba\u015fard\u0131"},"content":{"rendered":"<p>Kumluca Belediyespor ile Korkuteli Belediyespor aras\u0131nda oynanan BAL y\u00fckselme ma\u00e7\u0131 Serik \u0130smail O\u011fan Stadyumu&#8217;nda oynand\u0131. M\u00fcsabakay\u0131 Serik Belediye Ba\u015fkan\u0131 Kadir Kumbul, Korkuteli Belediye Ba\u015fkan\u0131 Saniye Caran, iki kul\u00fcb\u00fcn ba\u015fkanlar\u0131, y\u00f6neticileri ve \u00e7ok say\u0131da taraftar izledi.<\/p>\n<p>M\u00fcsabakan\u0131n ilk yar\u0131s\u0131nda iki tak\u0131m da gol bulamad\u0131. Ma\u00e7\u0131n 51. dakikas\u0131nda Kumluca Belediyespor&#8217;dan Tolga att\u0131\u011f\u0131 golle tak\u0131m\u0131n\u0131 1-0 \u00f6ne ge\u00e7irdi. 70. dakikada yine Ersin&#8217;in att\u0131\u011f\u0131 golle fark 2&#8217;ye y\u00fckseldi: 2-0. Kar\u015f\u0131la\u015fma bu skorla tamamlan\u0131rken, Kumluca Belediyespor BAL Ligi&#8217;nde kald\u0131. M\u00fcsabakay\u0131 kaybeden Korkuteli Belediyespor ise \u00f6n\u00fcm\u00fczdeki sezonda da S\u00fcper Amat\u00f6r Lig&#8217;de oynamaya devam edecek.<\/p>\n<p>Kaynak: www.kanalv.com.tr Haber Sitesinden Al\u0131nm\u0131\u015ft\u0131r.<\/p>","protected":false},"excerpt":{"rendered":"<p>Kumluca Belediyespor ile Korkuteli Belediyespor aras\u0131nda oynanan BAL y\u00fckselme ma\u00e7\u0131 Serik \u0130smail O\u011fan Stadyumu&#8217;nda oynand\u0131. M\u00fcsabakay\u0131 Serik Belediye Ba\u015fkan\u0131 Kadir Kumbul, Korkuteli Belediye Ba\u015fkan\u0131 Saniye Caran, iki kul\u00fcb\u00fcn ba\u015fkanlar\u0131, y\u00f6neticileri ve \u00e7ok say\u0131da taraftar izledi. M\u00fcsabakan\u0131n ilk yar\u0131s\u0131nda iki tak\u0131m da gol bulamad\u0131. Ma\u00e7\u0131n 51. dakikas\u0131nda Kumluca Belediyespor&#8217;dan Tolga att\u0131\u011f\u0131 golle tak\u0131m\u0131n\u0131 1-0 \u00f6ne ge\u00e7irdi. 70. dakikada yine Ersin&#8217;in att\u0131\u011f\u0131 golle fark 2&#8217;ye y\u00fckseldi: 2-0. Kar\u015f\u0131la\u015fma bu skorla tamamlan\u0131rken, Kumluca Belediyespor BAL Ligi&#8217;nde kald\u0131. M\u00fcsabakay\u0131 kaybeden Korkuteli Belediyespor ise \u00f6n\u00fcm\u00fczdeki sezonda da S\u00fcper Amat\u00f6r Lig&#8217;de oynamaya devam edecek. Kaynak: www.kanalv.com.tr Haber Sitesinden Al\u0131nm\u0131\u015ft\u0131r.<\/p>","protected":false},"author":4,"featured_media":0,"comment_status":"","ping_status":"open","sticky":false,"template":"","format":"standard","meta":{"_acf_changed":false,"footnotes":""},"categories":[26],"tags":[],"class_list":["post-91410","post","type-post","status-publish","format-standard","hentry","category-antalya"],"acf":[],"yoast_head":"<!-- This site is optimized with the Yoast SEO Premium plugin v26.6 (Yoast SEO v27.1.1) - https:\/\/yoast.com\/product\/yoast-seo-premium-wordpress\/ -->\n<title>Kumluca Belediyespor ligde kalmay\u0131 ba\u015fard\u0131 - Av. Deniz Can K\u0131z\u0131l<\/title>\n<meta name=\"robots\" content=\"index, follow, max-snippet:-1, max-image-preview:large, max-video-preview:-1\" \/>\n<link rel=\"canonical\" href=\"http:\/\/denizcankizil.tr\/de\/haberler\/antalya\/kumluca-belediyespor-ligde-kalmayi-basardi\/\" \/>\n<meta property=\"og:locale\" content=\"de_DE\" \/>\n<meta property=\"og:type\" content=\"article\" \/>\n<meta property=\"og:title\" content=\"Kumluca Belediyespor ligde kalmay\u0131 ba\u015fard\u0131\" \/>\n<meta property=\"og:description\" content=\"Kumluca Belediyespor ile Korkuteli Belediyespor aras\u0131nda oynanan BAL y\u00fckselme ma\u00e7\u0131 Serik \u0130smail O\u011fan Stadyumu&#8217;nda oynand\u0131. M\u00fcsabakay\u0131 Serik Belediye Ba\u015fkan\u0131 Kadir Kumbul, Korkuteli Belediye Ba\u015fkan\u0131 Saniye Caran, iki kul\u00fcb\u00fcn ba\u015fkanlar\u0131, y\u00f6neticileri ve \u00e7ok say\u0131da taraftar izledi. M\u00fcsabakan\u0131n ilk yar\u0131s\u0131nda iki tak\u0131m da gol bulamad\u0131. Ma\u00e7\u0131n 51. dakikas\u0131nda Kumluca Belediyespor&#8217;dan Tolga att\u0131\u011f\u0131 golle tak\u0131m\u0131n\u0131 1-0 \u00f6ne ge\u00e7irdi. 70. dakikada yine Ersin&#8217;in att\u0131\u011f\u0131 golle fark 2&#8217;ye y\u00fckseldi: 2-0. Kar\u015f\u0131la\u015fma bu skorla tamamlan\u0131rken, Kumluca Belediyespor BAL Ligi&#8217;nde kald\u0131. M\u00fcsabakay\u0131 kaybeden Korkuteli Belediyespor ise \u00f6n\u00fcm\u00fczdeki sezonda da S\u00fcper Amat\u00f6r Lig&#8217;de oynamaya devam edecek. Kaynak: www.kanalv.com.tr Haber Sitesinden Al\u0131nm\u0131\u015ft\u0131r.\" \/>\n<meta property=\"og:url\" content=\"http:\/\/denizcankizil.tr\/de\/haberler\/antalya\/kumluca-belediyespor-ligde-kalmayi-basardi\/\" \/>\n<meta property=\"og:site_name\" content=\"Av. Deniz Can K\u0131z\u0131l\" \/>\n<meta property=\"article:published_time\" content=\"2025-05-19T07:41:16+00:00\" \/>\n<meta name=\"author\" content=\"Av. Deniz Can K\u0131z\u0131l\" \/>\n<meta name=\"twitter:card\" content=\"summary_large_image\" \/>\n<meta name=\"twitter:label1\" content=\"Verfasst von\" \/>\n\t<meta name=\"twitter:data1\" content=\"Av. Deniz Can K\u0131z\u0131l\" \/>\n\t<meta name=\"twitter:label2\" content=\"Gesch\u00e4tzte Lesezeit\" \/>\n\t<meta name=\"twitter:data2\" content=\"1\u00a0Minute\" \/>\n<script type=\"application\/ld+json\" class=\"yoast-schema-graph\">{\"@context\":\"https:\/\/schema.org\",\"@graph\":[{\"@type\":\"Article\",\"@id\":\"http:\/\/denizcankizil.tr\/ru\/haberler\/antalya\/kumluca-belediyespor-ligde-kalmayi-basardi\/#article\",\"isPartOf\":{\"@id\":\"http:\/\/denizcankizil.tr\/ru\/haberler\/antalya\/kumluca-belediyespor-ligde-kalmayi-basardi\/\"},\"author\":{\"name\":\"Av. Deniz Can K\u0131z\u0131l\",\"@id\":\"https:\/\/denizcankizil.tr\/de\/#\/schema\/person\/5dc1b22991bd7ac833867c10afc9b0ff\"},\"headline\":\"Kumluca Belediyespor ligde kalmay\u0131 ba\u015fard\u0131\",\"datePublished\":\"2025-05-19T07:41:16+00:00\",\"mainEntityOfPage\":{\"@id\":\"http:\/\/denizcankizil.tr\/ru\/haberler\/antalya\/kumluca-belediyespor-ligde-kalmayi-basardi\/\"},\"wordCount\":138,\"publisher\":{\"@id\":\"https:\/\/denizcankizil.tr\/de\/#organization\"},\"articleSection\":[\"Antalya\"],\"inLanguage\":\"de\"},{\"@type\":\"WebPage\",\"@id\":\"http:\/\/denizcankizil.tr\/ru\/haberler\/antalya\/kumluca-belediyespor-ligde-kalmayi-basardi\/\",\"url\":\"http:\/\/denizcankizil.tr\/ru\/haberler\/antalya\/kumluca-belediyespor-ligde-kalmayi-basardi\/\",\"name\":\"Kumluca Belediyespor ligde kalmay\u0131 ba\u015fard\u0131 - Av. Deniz Can K\u0131z\u0131l\",\"isPartOf\":{\"@id\":\"https:\/\/denizcankizil.tr\/de\/#website\"},\"datePublished\":\"2025-05-19T07:41:16+00:00\",\"breadcrumb\":{\"@id\":\"http:\/\/denizcankizil.tr\/ru\/haberler\/antalya\/kumluca-belediyespor-ligde-kalmayi-basardi\/#breadcrumb\"},\"inLanguage\":\"de\",\"potentialAction\":[{\"@type\":\"ReadAction\",\"target\":[\"http:\/\/denizcankizil.tr\/ru\/haberler\/antalya\/kumluca-belediyespor-ligde-kalmayi-basardi\/\"]}]},{\"@type\":\"BreadcrumbList\",\"@id\":\"http:\/\/denizcankizil.tr\/ru\/haberler\/antalya\/kumluca-belediyespor-ligde-kalmayi-basardi\/#breadcrumb\",\"itemListElement\":[{\"@type\":\"ListItem\",\"position\":1,\"name\":\"Home\",\"item\":\"https:\/\/denizcankizil.tr\/de\/\"},{\"@type\":\"ListItem\",\"position\":2,\"name\":\"Kumluca Belediyespor ligde kalmay\u0131 ba\u015fard\u0131\"}]},{\"@type\":\"WebSite\",\"@id\":\"https:\/\/denizcankizil.tr\/de\/#website\",\"url\":\"https:\/\/denizcankizil.tr\/de\/\",\"name\":\"Av. Deniz Can K\u0131z\u0131l\",\"description\":\"Avukat Deniz Can K\u0131z\u0131l Antalya Barosu\",\"publisher\":{\"@id\":\"https:\/\/denizcankizil.tr\/de\/#organization\"},\"potentialAction\":[{\"@type\":\"SearchAction\",\"target\":{\"@type\":\"EntryPoint\",\"urlTemplate\":\"https:\/\/denizcankizil.tr\/de\/?s={search_term_string}\"},\"query-input\":{\"@type\":\"PropertyValueSpecification\",\"valueRequired\":true,\"valueName\":\"search_term_string\"}}],\"inLanguage\":\"de\"},{\"@type\":\"Organization\",\"@id\":\"https:\/\/denizcankizil.tr\/de\/#organization\",\"name\":\"Av. Deniz Can K\u0131z\u0131l\",\"url\":\"https:\/\/denizcankizil.tr\/de\/\",\"logo\":{\"@type\":\"ImageObject\",\"inLanguage\":\"de\",\"@id\":\"https:\/\/denizcankizil.tr\/de\/#\/schema\/logo\/image\/\",\"url\":\"https:\/\/denizcankizil.tr\/wp-content\/uploads\/2024\/10\/siyah-logo-svg.svg\",\"contentUrl\":\"https:\/\/denizcankizil.tr\/wp-content\/uploads\/2024\/10\/siyah-logo-svg.svg\",\"width\":1080,\"height\":1080,\"caption\":\"Av. Deniz Can K\u0131z\u0131l\"},\"image\":{\"@id\":\"https:\/\/denizcankizil.tr\/de\/#\/schema\/logo\/image\/\"}},{\"@type\":\"Person\",\"@id\":\"https:\/\/denizcankizil.tr\/de\/#\/schema\/person\/5dc1b22991bd7ac833867c10afc9b0ff\",\"name\":\"Av. Deniz Can K\u0131z\u0131l\",\"image\":{\"@type\":\"ImageObject\",\"inLanguage\":\"de\",\"@id\":\"https:\/\/denizcankizil.tr\/de\/#\/schema\/person\/image\/\",\"url\":\"https:\/\/secure.gravatar.com\/avatar\/a0b128fb9855c79efc976d5640eedb31dc35ec297594d6016d2cf7c60e975bb6?s=96&d=mm&r=g\",\"contentUrl\":\"https:\/\/secure.gravatar.com\/avatar\/a0b128fb9855c79efc976d5640eedb31dc35ec297594d6016d2cf7c60e975bb6?s=96&d=mm&r=g\",\"caption\":\"Av. Deniz Can K\u0131z\u0131l\"},\"sameAs\":[\"http:\/\/www.denizcankizil.tr\"],\"url\":\"https:\/\/denizcankizil.tr\/de\/author\/denizcankizil\/\"}]}<\/script>\n<!-- \/ Yoast SEO Premium plugin. -->","yoast_head_json":{"title":"Kumluca Belediyespor ligde kalmay\u0131 ba\u015fard\u0131 - Av. Deniz Can K\u0131z\u0131l","robots":{"index":"index","follow":"follow","max-snippet":"max-snippet:-1","max-image-preview":"max-image-preview:large","max-video-preview":"max-video-preview:-1"},"canonical":"http:\/\/denizcankizil.tr\/de\/haberler\/antalya\/kumluca-belediyespor-ligde-kalmayi-basardi\/","og_locale":"de_DE","og_type":"article","og_title":"Kumluca Belediyespor ligde kalmay\u0131 ba\u015fard\u0131","og_description":"Kumluca Belediyespor ile Korkuteli Belediyespor aras\u0131nda oynanan BAL y\u00fckselme ma\u00e7\u0131 Serik \u0130smail O\u011fan Stadyumu&#8217;nda oynand\u0131. M\u00fcsabakay\u0131 Serik Belediye Ba\u015fkan\u0131 Kadir Kumbul, Korkuteli Belediye Ba\u015fkan\u0131 Saniye Caran, iki kul\u00fcb\u00fcn ba\u015fkanlar\u0131, y\u00f6neticileri ve \u00e7ok say\u0131da taraftar izledi. M\u00fcsabakan\u0131n ilk yar\u0131s\u0131nda iki tak\u0131m da gol bulamad\u0131. Ma\u00e7\u0131n 51. dakikas\u0131nda Kumluca Belediyespor&#8217;dan Tolga att\u0131\u011f\u0131 golle tak\u0131m\u0131n\u0131 1-0 \u00f6ne ge\u00e7irdi. 70. dakikada yine Ersin&#8217;in att\u0131\u011f\u0131 golle fark 2&#8217;ye y\u00fckseldi: 2-0. Kar\u015f\u0131la\u015fma bu skorla tamamlan\u0131rken, Kumluca Belediyespor BAL Ligi&#8217;nde kald\u0131. M\u00fcsabakay\u0131 kaybeden Korkuteli Belediyespor ise \u00f6n\u00fcm\u00fczdeki sezonda da S\u00fcper Amat\u00f6r Lig&#8217;de oynamaya devam edecek. Kaynak: www.kanalv.com.tr Haber Sitesinden Al\u0131nm\u0131\u015ft\u0131r.","og_url":"http:\/\/denizcankizil.tr\/de\/haberler\/antalya\/kumluca-belediyespor-ligde-kalmayi-basardi\/","og_site_name":"Av. Deniz Can K\u0131z\u0131l","article_published_time":"2025-05-19T07:41:16+00:00","author":"Av. Deniz Can K\u0131z\u0131l","twitter_card":"summary_large_image","twitter_misc":{"Verfasst von":"Av. Deniz Can K\u0131z\u0131l","Gesch\u00e4tzte Lesezeit":"1\u00a0Minute"},"schema":{"@context":"https:\/\/schema.org","@graph":[{"@type":"Article","@id":"http:\/\/denizcankizil.tr\/ru\/haberler\/antalya\/kumluca-belediyespor-ligde-kalmayi-basardi\/#article","isPartOf":{"@id":"http:\/\/denizcankizil.tr\/ru\/haberler\/antalya\/kumluca-belediyespor-ligde-kalmayi-basardi\/"},"author":{"name":"Av. Deniz Can K\u0131z\u0131l","@id":"https:\/\/denizcankizil.tr\/de\/#\/schema\/person\/5dc1b22991bd7ac833867c10afc9b0ff"},"headline":"Kumluca Belediyespor ligde kalmay\u0131 ba\u015fard\u0131","datePublished":"2025-05-19T07:41:16+00:00","mainEntityOfPage":{"@id":"http:\/\/denizcankizil.tr\/ru\/haberler\/antalya\/kumluca-belediyespor-ligde-kalmayi-basardi\/"},"wordCount":138,"publisher":{"@id":"https:\/\/denizcankizil.tr\/de\/#organization"},"articleSection":["Antalya"],"inLanguage":"de"},{"@type":"WebPage","@id":"http:\/\/denizcankizil.tr\/ru\/haberler\/antalya\/kumluca-belediyespor-ligde-kalmayi-basardi\/","url":"http:\/\/denizcankizil.tr\/ru\/haberler\/antalya\/kumluca-belediyespor-ligde-kalmayi-basardi\/","name":"Kumluca Belediyespor ligde kalmay\u0131 ba\u015fard\u0131 - Av. Deniz Can K\u0131z\u0131l","isPartOf":{"@id":"https:\/\/denizcankizil.tr\/de\/#website"},"datePublished":"2025-05-19T07:41:16+00:00","breadcrumb":{"@id":"http:\/\/denizcankizil.tr\/ru\/haberler\/antalya\/kumluca-belediyespor-ligde-kalmayi-basardi\/#breadcrumb"},"inLanguage":"de","potentialAction":[{"@type":"ReadAction","target":["http:\/\/denizcankizil.tr\/ru\/haberler\/antalya\/kumluca-belediyespor-ligde-kalmayi-basardi\/"]}]},{"@type":"BreadcrumbList","@id":"http:\/\/denizcankizil.tr\/ru\/haberler\/antalya\/kumluca-belediyespor-ligde-kalmayi-basardi\/#breadcrumb","itemListElement":[{"@type":"ListItem","position":1,"name":"Home","item":"https:\/\/denizcankizil.tr\/de\/"},{"@type":"ListItem","position":2,"name":"Kumluca Belediyespor ligde kalmay\u0131 ba\u015fard\u0131"}]},{"@type":"WebSite","@id":"https:\/\/denizcankizil.tr\/de\/#website","url":"https:\/\/denizcankizil.tr\/de\/","name":"Av. Deniz Can K\u0131z\u0131l","description":"Avukat Deniz Can K\u0131z\u0131l Antalya Barosu","publisher":{"@id":"https:\/\/denizcankizil.tr\/de\/#organization"},"potentialAction":[{"@type":"SearchAction","target":{"@type":"EntryPoint","urlTemplate":"https:\/\/denizcankizil.tr\/de\/?s={search_term_string}"},"query-input":{"@type":"PropertyValueSpecification","valueRequired":true,"valueName":"search_term_string"}}],"inLanguage":"de"},{"@type":"Organization","@id":"https:\/\/denizcankizil.tr\/de\/#organization","name":"Av. Deniz Can K\u0131z\u0131l","url":"https:\/\/denizcankizil.tr\/de\/","logo":{"@type":"ImageObject","inLanguage":"de","@id":"https:\/\/denizcankizil.tr\/de\/#\/schema\/logo\/image\/","url":"https:\/\/denizcankizil.tr\/wp-content\/uploads\/2024\/10\/siyah-logo-svg.svg","contentUrl":"https:\/\/denizcankizil.tr\/wp-content\/uploads\/2024\/10\/siyah-logo-svg.svg","width":1080,"height":1080,"caption":"Av. Deniz Can K\u0131z\u0131l"},"image":{"@id":"https:\/\/denizcankizil.tr\/de\/#\/schema\/logo\/image\/"}},{"@type":"Person","@id":"https:\/\/denizcankizil.tr\/de\/#\/schema\/person\/5dc1b22991bd7ac833867c10afc9b0ff","name":"Av. Deniz Can K\u0131z\u0131l","image":{"@type":"ImageObject","inLanguage":"de","@id":"https:\/\/denizcankizil.tr\/de\/#\/schema\/person\/image\/","url":"https:\/\/secure.gravatar.com\/avatar\/a0b128fb9855c79efc976d5640eedb31dc35ec297594d6016d2cf7c60e975bb6?s=96&d=mm&r=g","contentUrl":"https:\/\/secure.gravatar.com\/avatar\/a0b128fb9855c79efc976d5640eedb31dc35ec297594d6016d2cf7c60e975bb6?s=96&d=mm&r=g","caption":"Av. Deniz Can K\u0131z\u0131l"},"sameAs":["http:\/\/www.denizcankizil.tr"],"url":"https:\/\/denizcankizil.tr\/de\/author\/denizcankizil\/"}]}},"_links":{"self":[{"href":"https:\/\/denizcankizil.tr\/de\/wp-json\/wp\/v2\/posts\/91410","targetHints":{"allow":["GET"]}}],"collection":[{"href":"https:\/\/denizcankizil.tr\/de\/wp-json\/wp\/v2\/posts"}],"about":[{"href":"https:\/\/denizcankizil.tr\/de\/wp-json\/wp\/v2\/types\/post"}],"author":[{"embeddable":true,"href":"https:\/\/denizcankizil.tr\/de\/wp-json\/wp\/v2\/users\/4"}],"replies":[{"embeddable":true,"href":"https:\/\/denizcankizil.tr\/de\/wp-json\/wp\/v2\/comments?post=91410"}],"version-history":[{"count":0,"href":"https:\/\/denizcankizil.tr\/de\/wp-json\/wp\/v2\/posts\/91410\/revisions"}],"wp:attachment":[{"href":"https:\/\/denizcankizil.tr\/de\/wp-json\/wp\/v2\/media?parent=91410"}],"wp:term":[{"taxonomy":"category","embeddable":true,"href":"https:\/\/denizcankizil.tr\/de\/wp-json\/wp\/v2\/categories?post=91410"},{"taxonomy":"post_tag","embeddable":true,"href":"https:\/\/denizcankizil.tr\/de\/wp-json\/wp\/v2\/tags?post=91410"}],"curies":[{"name":"wp","href":"https:\/\/api.w.org\/{rel}","templated":true}]}}