{"id":91409,"date":"2025-05-19T09:42:26","date_gmt":"2025-05-19T06:42:26","guid":{"rendered":"https:\/\/denizcankizil.tr\/uncategorized-tr\/erdogandan-19-mayis-mesaji-turkiye-yuzyilini-genclerle-insa-edecegiz\/"},"modified":"2025-05-19T09:42:26","modified_gmt":"2025-05-19T06:42:26","slug":"erdogandan-19-mayis-mesaji-turkiye-yuzyilini-genclerle-insa-edecegiz","status":"publish","type":"post","link":"https:\/\/denizcankizil.tr\/de\/haberler\/gundem\/erdogandan-19-mayis-mesaji-turkiye-yuzyilini-genclerle-insa-edecegiz\/","title":{"rendered":"Erdo\u011fan&#8217;dan 19 May\u0131s mesaj\u0131: T\u00fcrkiye Y\u00fczy\u0131l\u0131&#8217;n\u0131 gen\u00e7lerle in\u015fa edece\u011fiz"},"content":{"rendered":"<p>Cumhurba\u015fkan\u0131 Recep Tayyip Erdo\u011fan, 19 May\u0131s Atat\u00fcrk\u2019\u00fc Anma, Gen\u00e7lik ve Spor Bayram\u0131\u2019n\u0131n 106. y\u0131l d\u00f6n\u00fcm\u00fcnde, gen\u00e7lerin enerjisiyle \u201cT\u00fcrkiye Y\u00fczy\u0131l\u0131\u201dn\u0131 in\u015fa edeceklerini belirtti.ANKARA (\u0130GFA) &#8211; Cumhurba\u015fkan\u0131 Recep Tayyip Erdo\u011fan, 19 May\u0131s Atat\u00fcrk\u2019\u00fc Anma, Gen\u00e7lik ve Spor Bayram\u0131\u2019n\u0131n 106. y\u0131l\u0131 dolay\u0131s\u0131yla bir mesaj yay\u0131mlad\u0131.<br \/>\nGazi Mustafa Kemal\u2019in Samsun\u2019a \u00e7\u0131k\u0131\u015f\u0131yla ba\u015flayan Kurtulu\u015f Sava\u015f\u0131\u2019n\u0131n ilk ad\u0131m\u0131n\u0131n at\u0131ld\u0131\u011f\u0131 bu \u00f6zel g\u00fcn\u00fc kutlayan Erdo\u011fan, gen\u00e7lere olan inanc\u0131n\u0131 vurgulayan Cumhurba\u015fkan\u0131 Erdo\u011fan, \u201c19 May\u0131s, ecdad\u0131m\u0131z\u0131n inan\u00e7 ve azimle ba\u015flatt\u0131\u011f\u0131 ba\u011f\u0131ms\u0131zl\u0131k m\u00fccadelesinin ba\u015flang\u0131c\u0131d\u0131r. T\u00fcrkiye Cumhuriyeti\u2019ni her alanda ileriye ta\u015f\u0131yarak ecdad\u0131m\u0131z\u0131n kutsal emanetine sahip \u00e7\u0131k\u0131yoruz\u201d dedi.<br \/>\nGen\u00e7leri gelece\u011fin mimarlar\u0131 ve de\u011fi\u015fimin itici g\u00fcc\u00fc olarak g\u00f6rd\u00fc\u011f\u00fcn\u00fc belirten Cumhurba\u015fkan\u0131 Erdo\u011fan, T\u00fcrk gen\u00e7li\u011finin enerjisi, azmi ve hayalleriyle \u2018T\u00fcrkiye Y\u00fczy\u0131l\u0131\u2019 damgas\u0131n\u0131 vuraca\u011f\u0131na inand\u0131\u011f\u0131n\u0131 s\u00f6yledi.<\/p>\n<p><blockquote class=\"twitter-tweet\" data-width=\"550\" data-dnt=\"true\"><p lang=\"tr\" dir=\"ltr\">Cumhurba\u015fkan\u0131m\u0131z Say\u0131n Recep Tayyip Erdo\u011fan\u2019\u0131n 19 May\u0131s Atat\u00fcrk\u2019\u00fc Anma, Gen\u00e7lik ve Spor Bayram\u0131 mesaj\u0131:<br><br>Aziz Milletim,<br>K\u0131ymetli Gen\u00e7ler,<br><br>Bug\u00fcn, Cumhuriyetimizin banisi Gazi Mustafa Kemal\u2019in Kurtulu\u015f Sava\u015f\u0131m\u0131z\u0131 ba\u015flatmak \u00fczere Samsun\u2019a \u00e7\u0131k\u0131\u015f\u0131n\u0131n 106. y\u0131l d\u00f6n\u00fcm\u00fc.<br><br>19 May\u0131s\u2026<\/p>&mdash; T.C. \u0130leti\u015fim Ba\u015fkanl\u0131\u011f\u0131 (@iletisim) <a href=\"https:\/\/twitter.com\/iletisim\/status\/1924329213240254525?ref_src=twsrc%5Etfw\">May 19, 2025<\/a><\/blockquote><script async src=\"https:\/\/platform.twitter.com\/widgets.js\" charset=\"utf-8\"><\/script><\/p>\n<p>\u201cGEN\u00c7LERE BARI\u015e VE M\u00dcREFFEH B\u0130R \u00dcLKE\u201d<br \/>\nGen\u00e7lerin potansiyelini ke\u015ffetmeleri i\u00e7in bilimden sanata, spordan teknolojiye her alanda imk\u00e2n sunduklar\u0131n\u0131 ifade eden Cumhurba\u015fkan\u0131 Erdo\u011fan, \u201cK\u0131s\u0131r tart\u0131\u015fmalarla kaynaklar\u0131 bo\u015fa harcayan sorunlar\u0131 \u00e7\u00f6z\u00fcyoruz. Gen\u00e7lerimize bar\u0131\u015f, huzur ve y\u00fcksek teknolojiyle donat\u0131lm\u0131\u015f m\u00fcreffeh bir \u00fclke b\u0131rakmak i\u00e7in \u00e7al\u0131\u015f\u0131yoruz\u201d dedi.<br \/>\nT\u00fcrkiye\u2019nin her ba\u015far\u0131s\u0131nda gen\u00e7lerin katk\u0131s\u0131n\u0131 teslim ettiklerini vurgulayan Erdo\u011fan, gen\u00e7lerin d\u00fc\u015flerini ger\u00e7ekle\u015ftirmeleri i\u00e7in desteklerinin s\u00fcrece\u011fini belirtti.<br \/>\nCumhurba\u015fkan\u0131 Erdo\u011fan, mesaj\u0131n\u0131, \u201c19 May\u0131s Bayram\u0131\u2019n\u0131 tekrar kutluyor, ba\u015fta Gazi Mustafa Kemal olmak \u00fczere Kurtulu\u015f Sava\u015f\u0131m\u0131z\u0131n t\u00fcm kahramanlar\u0131n\u0131 sayg\u0131yla an\u0131yorum\u201d s\u00f6zleriyle tamamlad\u0131.<\/p>\n<p>\u200bCumhurba\u015fkan\u0131 Recep Tayyip Erdo\u011fan, 19 May\u0131s Atat\u00fcrk\u2019\u00fc Anma, Gen\u00e7lik ve Spor Bayram\u0131\u2019n\u0131n 106. y\u0131l d\u00f6n\u00fcm\u00fcnde, gen\u00e7lerin enerjisiyle \u201cT\u00fcrkiye Y\u00fczy\u0131l\u0131\u201dn\u0131 in\u015fa edeceklerini belirtti.ANKARA (\u0130GFA) &#8211; Cumhurba\u015fkan\u0131 Recep Tayyip Erdo\u011fan, 19 May\u0131s Atat\u00fcrk\u2019\u00fc Anma, Gen\u00e7lik ve Spor Bayram\u0131\u2019n\u0131n 106. y\u0131l\u0131 dolay\u0131s\u0131yla bir mesaj yay\u0131mlad\u0131.<br \/>\nGazi Mustafa Kemal\u2019in Samsun\u2019a \u00e7\u0131k\u0131\u015f\u0131yla ba\u015flayan Kurtulu\u015f Sava\u015f\u0131\u2019n\u0131n ilk ad\u0131m\u0131n\u0131n at\u0131ld\u0131\u011f\u0131 bu \u00f6zel g\u00fcn\u00fc kutlayan Erdo\u011fan, gen\u00e7lere olan inanc\u0131n\u0131 vurgulayan Cumhurba\u015fkan\u0131 Erdo\u011fan, \u201c19 May\u0131s, ecdad\u0131m\u0131z\u0131n inan\u00e7 ve azimle ba\u015flatt\u0131\u011f\u0131 ba\u011f\u0131ms\u0131zl\u0131k m\u00fccadelesinin ba\u015flang\u0131c\u0131d\u0131r. T\u00fcrkiye Cumhuriyeti\u2019ni her alanda ileriye ta\u015f\u0131yarak ecdad\u0131m\u0131z\u0131n kutsal emanetine sahip \u00e7\u0131k\u0131yoruz\u201d dedi.<br \/>\nGen\u00e7leri gelece\u011fin mimarlar\u0131 ve de\u011fi\u015fimin itici g\u00fcc\u00fc olarak g\u00f6rd\u00fc\u011f\u00fcn\u00fc belirten Cumhurba\u015fkan\u0131 Erdo\u011fan, T\u00fcrk gen\u00e7li\u011finin enerjisi, azmi ve hayalleriyle \u2018T\u00fcrkiye Y\u00fczy\u0131l\u0131\u2019 damgas\u0131n\u0131 vuraca\u011f\u0131na inand\u0131\u011f\u0131n\u0131 s\u00f6yledi.<\/p>\n<p><blockquote class=\"twitter-tweet\" data-width=\"550\" data-dnt=\"true\"><p lang=\"tr\" dir=\"ltr\">Cumhurba\u015fkan\u0131m\u0131z Say\u0131n Recep Tayyip Erdo\u011fan\u2019\u0131n 19 May\u0131s Atat\u00fcrk\u2019\u00fc Anma, Gen\u00e7lik ve Spor Bayram\u0131 mesaj\u0131:<br><br>Aziz Milletim,<br>K\u0131ymetli Gen\u00e7ler,<br><br>Bug\u00fcn, Cumhuriyetimizin banisi Gazi Mustafa Kemal\u2019in Kurtulu\u015f Sava\u015f\u0131m\u0131z\u0131 ba\u015flatmak \u00fczere Samsun\u2019a \u00e7\u0131k\u0131\u015f\u0131n\u0131n 106. y\u0131l d\u00f6n\u00fcm\u00fc.<br><br>19 May\u0131s\u2026<\/p>&mdash; T.C. \u0130leti\u015fim Ba\u015fkanl\u0131\u011f\u0131 (@iletisim) <a href=\"https:\/\/twitter.com\/iletisim\/status\/1924329213240254525?ref_src=twsrc%5Etfw\">May 19, 2025<\/a><\/blockquote><script async src=\"https:\/\/platform.twitter.com\/widgets.js\" charset=\"utf-8\"><\/script><\/p>\n<p>\u201cGEN\u00c7LERE BARI\u015e VE M\u00dcREFFEH B\u0130R \u00dcLKE\u201d<br \/>\nGen\u00e7lerin potansiyelini ke\u015ffetmeleri i\u00e7in bilimden sanata, spordan teknolojiye her alanda imk\u00e2n sunduklar\u0131n\u0131 ifade eden Cumhurba\u015fkan\u0131 Erdo\u011fan, \u201cK\u0131s\u0131r tart\u0131\u015fmalarla kaynaklar\u0131 bo\u015fa harcayan sorunlar\u0131 \u00e7\u00f6z\u00fcyoruz. Gen\u00e7lerimize bar\u0131\u015f, huzur ve y\u00fcksek teknolojiyle donat\u0131lm\u0131\u015f m\u00fcreffeh bir \u00fclke b\u0131rakmak i\u00e7in \u00e7al\u0131\u015f\u0131yoruz\u201d dedi.<br \/>\nT\u00fcrkiye\u2019nin her ba\u015far\u0131s\u0131nda gen\u00e7lerin katk\u0131s\u0131n\u0131 teslim ettiklerini vurgulayan Erdo\u011fan, gen\u00e7lerin d\u00fc\u015flerini ger\u00e7ekle\u015ftirmeleri i\u00e7in desteklerinin s\u00fcrece\u011fini belirtti.<br \/>\nCumhurba\u015fkan\u0131 Erdo\u011fan, mesaj\u0131n\u0131, \u201c19 May\u0131s Bayram\u0131\u2019n\u0131 tekrar kutluyor, ba\u015fta Gazi Mustafa Kemal olmak \u00fczere Kurtulu\u015f Sava\u015f\u0131m\u0131z\u0131n t\u00fcm kahramanlar\u0131n\u0131 sayg\u0131yla an\u0131yorum\u201d s\u00f6zleriyle tamamlad\u0131.\u00a0<\/p>\n<p>\u200bHaberin Al\u0131nt\u0131land\u0131\u011f\u0131 Kaynak: www.iskenderun.org<\/p>","protected":false},"excerpt":{"rendered":"<p>Cumhurba\u015fkan\u0131 Recep Tayyip Erdo\u011fan, 19 May\u0131s Atat\u00fcrk\u2019\u00fc Anma, Gen\u00e7lik ve Spor Bayram\u0131\u2019n\u0131n 106. y\u0131l d\u00f6n\u00fcm\u00fcnde, gen\u00e7lerin enerjisiyle \u201cT\u00fcrkiye Y\u00fczy\u0131l\u0131\u201dn\u0131 in\u015fa edeceklerini belirtti.ANKARA (\u0130GFA) &#8211; Cumhurba\u015fkan\u0131 Recep Tayyip Erdo\u011fan, 19 May\u0131s Atat\u00fcrk\u2019\u00fc Anma, Gen\u00e7lik ve Spor Bayram\u0131\u2019n\u0131n 106. y\u0131l\u0131 dolay\u0131s\u0131yla bir mesaj yay\u0131mlad\u0131. Gazi Mustafa Kemal\u2019in Samsun\u2019a \u00e7\u0131k\u0131\u015f\u0131yla ba\u015flayan Kurtulu\u015f Sava\u015f\u0131\u2019n\u0131n ilk ad\u0131m\u0131n\u0131n at\u0131ld\u0131\u011f\u0131 bu \u00f6zel g\u00fcn\u00fc kutlayan Erdo\u011fan, gen\u00e7lere olan inanc\u0131n\u0131 vurgulayan Cumhurba\u015fkan\u0131 Erdo\u011fan, \u201c19 May\u0131s, ecdad\u0131m\u0131z\u0131n inan\u00e7 ve azimle ba\u015flatt\u0131\u011f\u0131 ba\u011f\u0131ms\u0131zl\u0131k m\u00fccadelesinin ba\u015flang\u0131c\u0131d\u0131r. T\u00fcrkiye Cumhuriyeti\u2019ni her alanda ileriye ta\u015f\u0131yarak ecdad\u0131m\u0131z\u0131n kutsal emanetine sahip \u00e7\u0131k\u0131yoruz\u201d dedi. Gen\u00e7leri gelece\u011fin mimarlar\u0131 ve de\u011fi\u015fimin itici g\u00fcc\u00fc olarak g\u00f6rd\u00fc\u011f\u00fcn\u00fc belirten Cumhurba\u015fkan\u0131 Erdo\u011fan, T\u00fcrk gen\u00e7li\u011finin enerjisi, azmi ve hayalleriyle \u2018T\u00fcrkiye Y\u00fczy\u0131l\u0131\u2019 damgas\u0131n\u0131 vuraca\u011f\u0131na inand\u0131\u011f\u0131n\u0131 s\u00f6yledi. Cumhurba\u015fkan\u0131m\u0131z Say\u0131n Recep Tayyip Erdo\u011fan\u2019\u0131n 19 May\u0131s Atat\u00fcrk\u2019\u00fc Anma, Gen\u00e7lik ve Spor Bayram\u0131 mesaj\u0131: Aziz Milletim,K\u0131ymetli Gen\u00e7ler, Bug\u00fcn, Cumhuriyetimizin banisi Gazi Mustafa Kemal\u2019in Kurtulu\u015f Sava\u015f\u0131m\u0131z\u0131 ba\u015flatmak \u00fczere Samsun\u2019a \u00e7\u0131k\u0131\u015f\u0131n\u0131n 106. y\u0131l d\u00f6n\u00fcm\u00fc. 19 May\u0131s\u2026 &mdash; T.C. \u0130leti\u015fim Ba\u015fkanl\u0131\u011f\u0131 (@iletisim) May 19, 2025 \u201cGEN\u00c7LERE BARI\u015e VE M\u00dcREFFEH B\u0130R \u00dcLKE\u201d Gen\u00e7lerin potansiyelini ke\u015ffetmeleri i\u00e7in bilimden sanata, spordan teknolojiye her alanda imk\u00e2n sunduklar\u0131n\u0131 ifade eden Cumhurba\u015fkan\u0131 Erdo\u011fan, \u201cK\u0131s\u0131r tart\u0131\u015fmalarla kaynaklar\u0131 bo\u015fa harcayan sorunlar\u0131 \u00e7\u00f6z\u00fcyoruz. Gen\u00e7lerimize bar\u0131\u015f, huzur ve y\u00fcksek teknolojiyle donat\u0131lm\u0131\u015f m\u00fcreffeh bir \u00fclke b\u0131rakmak i\u00e7in \u00e7al\u0131\u015f\u0131yoruz\u201d dedi. T\u00fcrkiye\u2019nin her ba\u015far\u0131s\u0131nda gen\u00e7lerin katk\u0131s\u0131n\u0131 &hellip;<\/p>","protected":false},"author":1,"featured_media":0,"comment_status":"","ping_status":"open","sticky":false,"template":"","format":"standard","meta":{"_acf_changed":false,"footnotes":""},"categories":[24],"tags":[],"class_list":["post-91409","post","type-post","status-publish","format-standard","has-post-thumbnail","hentry","category-gundem"],"acf":[],"yoast_head":"<!-- This site is optimized with the Yoast SEO Premium plugin v26.6 (Yoast SEO v27.1.1) - https:\/\/yoast.com\/product\/yoast-seo-premium-wordpress\/ -->\n<title>Erdo\u011fan&#039;dan 19 May\u0131s mesaj\u0131: T\u00fcrkiye Y\u00fczy\u0131l\u0131&#039;n\u0131 gen\u00e7lerle in\u015fa edece\u011fiz - Av. Deniz Can K\u0131z\u0131l<\/title>\n<meta name=\"robots\" content=\"index, follow, max-snippet:-1, max-image-preview:large, max-video-preview:-1\" \/>\n<link rel=\"canonical\" href=\"https:\/\/denizcankizil.tr\/de\/haberler\/gundem\/erdogandan-19-mayis-mesaji-turkiye-yuzyilini-genclerle-insa-edecegiz\/\" \/>\n<meta property=\"og:locale\" content=\"de_DE\" \/>\n<meta property=\"og:type\" content=\"article\" \/>\n<meta property=\"og:title\" content=\"Erdo\u011fan&#039;dan 19 May\u0131s mesaj\u0131: T\u00fcrkiye Y\u00fczy\u0131l\u0131&#039;n\u0131 gen\u00e7lerle in\u015fa edece\u011fiz\" \/>\n<meta property=\"og:description\" content=\"Cumhurba\u015fkan\u0131 Recep Tayyip Erdo\u011fan, 19 May\u0131s Atat\u00fcrk\u2019\u00fc Anma, Gen\u00e7lik ve Spor Bayram\u0131\u2019n\u0131n 106. y\u0131l d\u00f6n\u00fcm\u00fcnde, gen\u00e7lerin enerjisiyle \u201cT\u00fcrkiye Y\u00fczy\u0131l\u0131\u201dn\u0131 in\u015fa edeceklerini belirtti.ANKARA (\u0130GFA) &#8211; Cumhurba\u015fkan\u0131 Recep Tayyip Erdo\u011fan, 19 May\u0131s Atat\u00fcrk\u2019\u00fc Anma, Gen\u00e7lik ve Spor Bayram\u0131\u2019n\u0131n 106. y\u0131l\u0131 dolay\u0131s\u0131yla bir mesaj yay\u0131mlad\u0131. Gazi Mustafa Kemal\u2019in Samsun\u2019a \u00e7\u0131k\u0131\u015f\u0131yla ba\u015flayan Kurtulu\u015f Sava\u015f\u0131\u2019n\u0131n ilk ad\u0131m\u0131n\u0131n at\u0131ld\u0131\u011f\u0131 bu \u00f6zel g\u00fcn\u00fc kutlayan Erdo\u011fan, gen\u00e7lere olan inanc\u0131n\u0131 vurgulayan Cumhurba\u015fkan\u0131 Erdo\u011fan, \u201c19 May\u0131s, ecdad\u0131m\u0131z\u0131n inan\u00e7 ve azimle ba\u015flatt\u0131\u011f\u0131 ba\u011f\u0131ms\u0131zl\u0131k m\u00fccadelesinin ba\u015flang\u0131c\u0131d\u0131r. T\u00fcrkiye Cumhuriyeti\u2019ni her alanda ileriye ta\u015f\u0131yarak ecdad\u0131m\u0131z\u0131n kutsal emanetine sahip \u00e7\u0131k\u0131yoruz\u201d dedi. Gen\u00e7leri gelece\u011fin mimarlar\u0131 ve de\u011fi\u015fimin itici g\u00fcc\u00fc olarak g\u00f6rd\u00fc\u011f\u00fcn\u00fc belirten Cumhurba\u015fkan\u0131 Erdo\u011fan, T\u00fcrk gen\u00e7li\u011finin enerjisi, azmi ve hayalleriyle \u2018T\u00fcrkiye Y\u00fczy\u0131l\u0131\u2019 damgas\u0131n\u0131 vuraca\u011f\u0131na inand\u0131\u011f\u0131n\u0131 s\u00f6yledi. Cumhurba\u015fkan\u0131m\u0131z Say\u0131n Recep Tayyip Erdo\u011fan\u2019\u0131n 19 May\u0131s Atat\u00fcrk\u2019\u00fc Anma, Gen\u00e7lik ve Spor Bayram\u0131 mesaj\u0131: Aziz Milletim,K\u0131ymetli Gen\u00e7ler, Bug\u00fcn, Cumhuriyetimizin banisi Gazi Mustafa Kemal\u2019in Kurtulu\u015f Sava\u015f\u0131m\u0131z\u0131 ba\u015flatmak \u00fczere Samsun\u2019a \u00e7\u0131k\u0131\u015f\u0131n\u0131n 106. y\u0131l d\u00f6n\u00fcm\u00fc. 19 May\u0131s\u2026 &mdash; T.C. \u0130leti\u015fim Ba\u015fkanl\u0131\u011f\u0131 (@iletisim) May 19, 2025 \u201cGEN\u00c7LERE BARI\u015e VE M\u00dcREFFEH B\u0130R \u00dcLKE\u201d Gen\u00e7lerin potansiyelini ke\u015ffetmeleri i\u00e7in bilimden sanata, spordan teknolojiye her alanda imk\u00e2n sunduklar\u0131n\u0131 ifade eden Cumhurba\u015fkan\u0131 Erdo\u011fan, \u201cK\u0131s\u0131r tart\u0131\u015fmalarla kaynaklar\u0131 bo\u015fa harcayan sorunlar\u0131 \u00e7\u00f6z\u00fcyoruz. Gen\u00e7lerimize bar\u0131\u015f, huzur ve y\u00fcksek teknolojiyle donat\u0131lm\u0131\u015f m\u00fcreffeh bir \u00fclke b\u0131rakmak i\u00e7in \u00e7al\u0131\u015f\u0131yoruz\u201d dedi. T\u00fcrkiye\u2019nin her ba\u015far\u0131s\u0131nda gen\u00e7lerin katk\u0131s\u0131n\u0131 &hellip;\" \/>\n<meta property=\"og:url\" content=\"https:\/\/denizcankizil.tr\/de\/haberler\/gundem\/erdogandan-19-mayis-mesaji-turkiye-yuzyilini-genclerle-insa-edecegiz\/\" \/>\n<meta property=\"og:site_name\" content=\"Av. Deniz Can K\u0131z\u0131l\" \/>\n<meta property=\"article:published_time\" content=\"2025-05-19T06:42:26+00:00\" \/>\n<meta name=\"author\" content=\"admin\" \/>\n<meta name=\"twitter:card\" content=\"summary_large_image\" \/>\n<meta name=\"twitter:label1\" content=\"Verfasst von\" \/>\n\t<meta name=\"twitter:data1\" content=\"admin\" \/>\n\t<meta name=\"twitter:label2\" content=\"Gesch\u00e4tzte Lesezeit\" \/>\n\t<meta name=\"twitter:data2\" content=\"3\u00a0Minuten\" \/>\n<script type=\"application\/ld+json\" class=\"yoast-schema-graph\">{\"@context\":\"https:\/\/schema.org\",\"@graph\":[{\"@type\":\"Article\",\"@id\":\"https:\/\/denizcankizil.tr\/ru\/haberler\/gundem\/erdogandan-19-mayis-mesaji-turkiye-yuzyilini-genclerle-insa-edecegiz\/#article\",\"isPartOf\":{\"@id\":\"https:\/\/denizcankizil.tr\/ru\/haberler\/gundem\/erdogandan-19-mayis-mesaji-turkiye-yuzyilini-genclerle-insa-edecegiz\/\"},\"author\":{\"name\":\"admin\",\"@id\":\"https:\/\/denizcankizil.tr\/de\/#\/schema\/person\/be3c05fe6a12686905512445d8185489\"},\"headline\":\"Erdo\u011fan&#8217;dan 19 May\u0131s mesaj\u0131: T\u00fcrkiye Y\u00fczy\u0131l\u0131&#8217;n\u0131 gen\u00e7lerle in\u015fa edece\u011fiz\",\"datePublished\":\"2025-05-19T06:42:26+00:00\",\"mainEntityOfPage\":{\"@id\":\"https:\/\/denizcankizil.tr\/ru\/haberler\/gundem\/erdogandan-19-mayis-mesaji-turkiye-yuzyilini-genclerle-insa-edecegiz\/\"},\"wordCount\":678,\"publisher\":{\"@id\":\"https:\/\/denizcankizil.tr\/de\/#organization\"},\"articleSection\":[\"G\u00fcndem\"],\"inLanguage\":\"de\"},{\"@type\":\"WebPage\",\"@id\":\"https:\/\/denizcankizil.tr\/ru\/haberler\/gundem\/erdogandan-19-mayis-mesaji-turkiye-yuzyilini-genclerle-insa-edecegiz\/\",\"url\":\"https:\/\/denizcankizil.tr\/ru\/haberler\/gundem\/erdogandan-19-mayis-mesaji-turkiye-yuzyilini-genclerle-insa-edecegiz\/\",\"name\":\"Erdo\u011fan'dan 19 May\u0131s mesaj\u0131: T\u00fcrkiye Y\u00fczy\u0131l\u0131'n\u0131 gen\u00e7lerle in\u015fa edece\u011fiz - Av. Deniz Can K\u0131z\u0131l\",\"isPartOf\":{\"@id\":\"https:\/\/denizcankizil.tr\/de\/#website\"},\"datePublished\":\"2025-05-19T06:42:26+00:00\",\"breadcrumb\":{\"@id\":\"https:\/\/denizcankizil.tr\/ru\/haberler\/gundem\/erdogandan-19-mayis-mesaji-turkiye-yuzyilini-genclerle-insa-edecegiz\/#breadcrumb\"},\"inLanguage\":\"de\",\"potentialAction\":[{\"@type\":\"ReadAction\",\"target\":[\"https:\/\/denizcankizil.tr\/ru\/haberler\/gundem\/erdogandan-19-mayis-mesaji-turkiye-yuzyilini-genclerle-insa-edecegiz\/\"]}]},{\"@type\":\"BreadcrumbList\",\"@id\":\"https:\/\/denizcankizil.tr\/ru\/haberler\/gundem\/erdogandan-19-mayis-mesaji-turkiye-yuzyilini-genclerle-insa-edecegiz\/#breadcrumb\",\"itemListElement\":[{\"@type\":\"ListItem\",\"position\":1,\"name\":\"Home\",\"item\":\"https:\/\/denizcankizil.tr\/de\/\"},{\"@type\":\"ListItem\",\"position\":2,\"name\":\"Erdo\u011fan&#8217;dan 19 May\u0131s mesaj\u0131: T\u00fcrkiye Y\u00fczy\u0131l\u0131&#8217;n\u0131 gen\u00e7lerle in\u015fa edece\u011fiz\"}]},{\"@type\":\"WebSite\",\"@id\":\"https:\/\/denizcankizil.tr\/de\/#website\",\"url\":\"https:\/\/denizcankizil.tr\/de\/\",\"name\":\"Av. Deniz Can K\u0131z\u0131l\",\"description\":\"Avukat Deniz Can K\u0131z\u0131l Antalya Barosu\",\"publisher\":{\"@id\":\"https:\/\/denizcankizil.tr\/de\/#organization\"},\"potentialAction\":[{\"@type\":\"SearchAction\",\"target\":{\"@type\":\"EntryPoint\",\"urlTemplate\":\"https:\/\/denizcankizil.tr\/de\/?s={search_term_string}\"},\"query-input\":{\"@type\":\"PropertyValueSpecification\",\"valueRequired\":true,\"valueName\":\"search_term_string\"}}],\"inLanguage\":\"de\"},{\"@type\":\"Organization\",\"@id\":\"https:\/\/denizcankizil.tr\/de\/#organization\",\"name\":\"Av. Deniz Can K\u0131z\u0131l\",\"url\":\"https:\/\/denizcankizil.tr\/de\/\",\"logo\":{\"@type\":\"ImageObject\",\"inLanguage\":\"de\",\"@id\":\"https:\/\/denizcankizil.tr\/de\/#\/schema\/logo\/image\/\",\"url\":\"https:\/\/denizcankizil.tr\/wp-content\/uploads\/2024\/10\/siyah-logo-svg.svg\",\"contentUrl\":\"https:\/\/denizcankizil.tr\/wp-content\/uploads\/2024\/10\/siyah-logo-svg.svg\",\"width\":1080,\"height\":1080,\"caption\":\"Av. Deniz Can K\u0131z\u0131l\"},\"image\":{\"@id\":\"https:\/\/denizcankizil.tr\/de\/#\/schema\/logo\/image\/\"}},{\"@type\":\"Person\",\"@id\":\"https:\/\/denizcankizil.tr\/de\/#\/schema\/person\/be3c05fe6a12686905512445d8185489\",\"name\":\"admin\",\"image\":{\"@type\":\"ImageObject\",\"inLanguage\":\"de\",\"@id\":\"https:\/\/denizcankizil.tr\/de\/#\/schema\/person\/image\/\",\"url\":\"https:\/\/secure.gravatar.com\/avatar\/c1fce94c830dc79107e174f890d7210541c4a63e8e5d816341794a2151c9d58c?s=96&d=mm&r=g\",\"contentUrl\":\"https:\/\/secure.gravatar.com\/avatar\/c1fce94c830dc79107e174f890d7210541c4a63e8e5d816341794a2151c9d58c?s=96&d=mm&r=g\",\"caption\":\"admin\"},\"sameAs\":[\"http:\/\/denizcankizil.tr\"],\"url\":\"https:\/\/www.iskenderun.org\/erdogandan-19-mayis-mesaji-turkiye-yuzyilini-genclerle-insa-edecegiz\"}]}<\/script>\n<!-- \/ Yoast SEO Premium plugin. -->","yoast_head_json":{"title":"Erdo\u011fan'dan 19 May\u0131s mesaj\u0131: T\u00fcrkiye Y\u00fczy\u0131l\u0131'n\u0131 gen\u00e7lerle in\u015fa edece\u011fiz - Av. Deniz Can K\u0131z\u0131l","robots":{"index":"index","follow":"follow","max-snippet":"max-snippet:-1","max-image-preview":"max-image-preview:large","max-video-preview":"max-video-preview:-1"},"canonical":"https:\/\/denizcankizil.tr\/de\/haberler\/gundem\/erdogandan-19-mayis-mesaji-turkiye-yuzyilini-genclerle-insa-edecegiz\/","og_locale":"de_DE","og_type":"article","og_title":"Erdo\u011fan'dan 19 May\u0131s mesaj\u0131: T\u00fcrkiye Y\u00fczy\u0131l\u0131'n\u0131 gen\u00e7lerle in\u015fa edece\u011fiz","og_description":"Cumhurba\u015fkan\u0131 Recep Tayyip Erdo\u011fan, 19 May\u0131s Atat\u00fcrk\u2019\u00fc Anma, Gen\u00e7lik ve Spor Bayram\u0131\u2019n\u0131n 106. y\u0131l d\u00f6n\u00fcm\u00fcnde, gen\u00e7lerin enerjisiyle \u201cT\u00fcrkiye Y\u00fczy\u0131l\u0131\u201dn\u0131 in\u015fa edeceklerini belirtti.ANKARA (\u0130GFA) &#8211; Cumhurba\u015fkan\u0131 Recep Tayyip Erdo\u011fan, 19 May\u0131s Atat\u00fcrk\u2019\u00fc Anma, Gen\u00e7lik ve Spor Bayram\u0131\u2019n\u0131n 106. y\u0131l\u0131 dolay\u0131s\u0131yla bir mesaj yay\u0131mlad\u0131. Gazi Mustafa Kemal\u2019in Samsun\u2019a \u00e7\u0131k\u0131\u015f\u0131yla ba\u015flayan Kurtulu\u015f Sava\u015f\u0131\u2019n\u0131n ilk ad\u0131m\u0131n\u0131n at\u0131ld\u0131\u011f\u0131 bu \u00f6zel g\u00fcn\u00fc kutlayan Erdo\u011fan, gen\u00e7lere olan inanc\u0131n\u0131 vurgulayan Cumhurba\u015fkan\u0131 Erdo\u011fan, \u201c19 May\u0131s, ecdad\u0131m\u0131z\u0131n inan\u00e7 ve azimle ba\u015flatt\u0131\u011f\u0131 ba\u011f\u0131ms\u0131zl\u0131k m\u00fccadelesinin ba\u015flang\u0131c\u0131d\u0131r. T\u00fcrkiye Cumhuriyeti\u2019ni her alanda ileriye ta\u015f\u0131yarak ecdad\u0131m\u0131z\u0131n kutsal emanetine sahip \u00e7\u0131k\u0131yoruz\u201d dedi. Gen\u00e7leri gelece\u011fin mimarlar\u0131 ve de\u011fi\u015fimin itici g\u00fcc\u00fc olarak g\u00f6rd\u00fc\u011f\u00fcn\u00fc belirten Cumhurba\u015fkan\u0131 Erdo\u011fan, T\u00fcrk gen\u00e7li\u011finin enerjisi, azmi ve hayalleriyle \u2018T\u00fcrkiye Y\u00fczy\u0131l\u0131\u2019 damgas\u0131n\u0131 vuraca\u011f\u0131na inand\u0131\u011f\u0131n\u0131 s\u00f6yledi. Cumhurba\u015fkan\u0131m\u0131z Say\u0131n Recep Tayyip Erdo\u011fan\u2019\u0131n 19 May\u0131s Atat\u00fcrk\u2019\u00fc Anma, Gen\u00e7lik ve Spor Bayram\u0131 mesaj\u0131: Aziz Milletim,K\u0131ymetli Gen\u00e7ler, Bug\u00fcn, Cumhuriyetimizin banisi Gazi Mustafa Kemal\u2019in Kurtulu\u015f Sava\u015f\u0131m\u0131z\u0131 ba\u015flatmak \u00fczere Samsun\u2019a \u00e7\u0131k\u0131\u015f\u0131n\u0131n 106. y\u0131l d\u00f6n\u00fcm\u00fc. 19 May\u0131s\u2026 &mdash; T.C. \u0130leti\u015fim Ba\u015fkanl\u0131\u011f\u0131 (@iletisim) May 19, 2025 \u201cGEN\u00c7LERE BARI\u015e VE M\u00dcREFFEH B\u0130R \u00dcLKE\u201d Gen\u00e7lerin potansiyelini ke\u015ffetmeleri i\u00e7in bilimden sanata, spordan teknolojiye her alanda imk\u00e2n sunduklar\u0131n\u0131 ifade eden Cumhurba\u015fkan\u0131 Erdo\u011fan, \u201cK\u0131s\u0131r tart\u0131\u015fmalarla kaynaklar\u0131 bo\u015fa harcayan sorunlar\u0131 \u00e7\u00f6z\u00fcyoruz. Gen\u00e7lerimize bar\u0131\u015f, huzur ve y\u00fcksek teknolojiyle donat\u0131lm\u0131\u015f m\u00fcreffeh bir \u00fclke b\u0131rakmak i\u00e7in \u00e7al\u0131\u015f\u0131yoruz\u201d dedi. T\u00fcrkiye\u2019nin her ba\u015far\u0131s\u0131nda gen\u00e7lerin katk\u0131s\u0131n\u0131 &hellip;","og_url":"https:\/\/denizcankizil.tr\/de\/haberler\/gundem\/erdogandan-19-mayis-mesaji-turkiye-yuzyilini-genclerle-insa-edecegiz\/","og_site_name":"Av. Deniz Can K\u0131z\u0131l","article_published_time":"2025-05-19T06:42:26+00:00","author":"admin","twitter_card":"summary_large_image","twitter_misc":{"Verfasst von":"admin","Gesch\u00e4tzte Lesezeit":"3\u00a0Minuten"},"schema":{"@context":"https:\/\/schema.org","@graph":[{"@type":"Article","@id":"https:\/\/denizcankizil.tr\/ru\/haberler\/gundem\/erdogandan-19-mayis-mesaji-turkiye-yuzyilini-genclerle-insa-edecegiz\/#article","isPartOf":{"@id":"https:\/\/denizcankizil.tr\/ru\/haberler\/gundem\/erdogandan-19-mayis-mesaji-turkiye-yuzyilini-genclerle-insa-edecegiz\/"},"author":{"name":"admin","@id":"https:\/\/denizcankizil.tr\/de\/#\/schema\/person\/be3c05fe6a12686905512445d8185489"},"headline":"Erdo\u011fan&#8217;dan 19 May\u0131s mesaj\u0131: T\u00fcrkiye Y\u00fczy\u0131l\u0131&#8217;n\u0131 gen\u00e7lerle in\u015fa edece\u011fiz","datePublished":"2025-05-19T06:42:26+00:00","mainEntityOfPage":{"@id":"https:\/\/denizcankizil.tr\/ru\/haberler\/gundem\/erdogandan-19-mayis-mesaji-turkiye-yuzyilini-genclerle-insa-edecegiz\/"},"wordCount":678,"publisher":{"@id":"https:\/\/denizcankizil.tr\/de\/#organization"},"articleSection":["G\u00fcndem"],"inLanguage":"de"},{"@type":"WebPage","@id":"https:\/\/denizcankizil.tr\/ru\/haberler\/gundem\/erdogandan-19-mayis-mesaji-turkiye-yuzyilini-genclerle-insa-edecegiz\/","url":"https:\/\/denizcankizil.tr\/ru\/haberler\/gundem\/erdogandan-19-mayis-mesaji-turkiye-yuzyilini-genclerle-insa-edecegiz\/","name":"Erdo\u011fan'dan 19 May\u0131s mesaj\u0131: T\u00fcrkiye Y\u00fczy\u0131l\u0131'n\u0131 gen\u00e7lerle in\u015fa edece\u011fiz - Av. Deniz Can K\u0131z\u0131l","isPartOf":{"@id":"https:\/\/denizcankizil.tr\/de\/#website"},"datePublished":"2025-05-19T06:42:26+00:00","breadcrumb":{"@id":"https:\/\/denizcankizil.tr\/ru\/haberler\/gundem\/erdogandan-19-mayis-mesaji-turkiye-yuzyilini-genclerle-insa-edecegiz\/#breadcrumb"},"inLanguage":"de","potentialAction":[{"@type":"ReadAction","target":["https:\/\/denizcankizil.tr\/ru\/haberler\/gundem\/erdogandan-19-mayis-mesaji-turkiye-yuzyilini-genclerle-insa-edecegiz\/"]}]},{"@type":"BreadcrumbList","@id":"https:\/\/denizcankizil.tr\/ru\/haberler\/gundem\/erdogandan-19-mayis-mesaji-turkiye-yuzyilini-genclerle-insa-edecegiz\/#breadcrumb","itemListElement":[{"@type":"ListItem","position":1,"name":"Home","item":"https:\/\/denizcankizil.tr\/de\/"},{"@type":"ListItem","position":2,"name":"Erdo\u011fan&#8217;dan 19 May\u0131s mesaj\u0131: T\u00fcrkiye Y\u00fczy\u0131l\u0131&#8217;n\u0131 gen\u00e7lerle in\u015fa edece\u011fiz"}]},{"@type":"WebSite","@id":"https:\/\/denizcankizil.tr\/de\/#website","url":"https:\/\/denizcankizil.tr\/de\/","name":"Av. Deniz Can K\u0131z\u0131l","description":"Avukat Deniz Can K\u0131z\u0131l Antalya Barosu","publisher":{"@id":"https:\/\/denizcankizil.tr\/de\/#organization"},"potentialAction":[{"@type":"SearchAction","target":{"@type":"EntryPoint","urlTemplate":"https:\/\/denizcankizil.tr\/de\/?s={search_term_string}"},"query-input":{"@type":"PropertyValueSpecification","valueRequired":true,"valueName":"search_term_string"}}],"inLanguage":"de"},{"@type":"Organization","@id":"https:\/\/denizcankizil.tr\/de\/#organization","name":"Av. Deniz Can K\u0131z\u0131l","url":"https:\/\/denizcankizil.tr\/de\/","logo":{"@type":"ImageObject","inLanguage":"de","@id":"https:\/\/denizcankizil.tr\/de\/#\/schema\/logo\/image\/","url":"https:\/\/denizcankizil.tr\/wp-content\/uploads\/2024\/10\/siyah-logo-svg.svg","contentUrl":"https:\/\/denizcankizil.tr\/wp-content\/uploads\/2024\/10\/siyah-logo-svg.svg","width":1080,"height":1080,"caption":"Av. Deniz Can K\u0131z\u0131l"},"image":{"@id":"https:\/\/denizcankizil.tr\/de\/#\/schema\/logo\/image\/"}},{"@type":"Person","@id":"https:\/\/denizcankizil.tr\/de\/#\/schema\/person\/be3c05fe6a12686905512445d8185489","name":"Administrator","image":{"@type":"ImageObject","inLanguage":"de","@id":"https:\/\/denizcankizil.tr\/de\/#\/schema\/person\/image\/","url":"https:\/\/secure.gravatar.com\/avatar\/c1fce94c830dc79107e174f890d7210541c4a63e8e5d816341794a2151c9d58c?s=96&d=mm&r=g","contentUrl":"https:\/\/secure.gravatar.com\/avatar\/c1fce94c830dc79107e174f890d7210541c4a63e8e5d816341794a2151c9d58c?s=96&d=mm&r=g","caption":"admin"},"sameAs":["http:\/\/denizcankizil.tr"],"url":"https:\/\/www.iskenderun.org\/erdogandan-19-mayis-mesaji-turkiye-yuzyilini-genclerle-insa-edecegiz"}]}},"_links":{"self":[{"href":"https:\/\/denizcankizil.tr\/de\/wp-json\/wp\/v2\/posts\/91409","targetHints":{"allow":["GET"]}}],"collection":[{"href":"https:\/\/denizcankizil.tr\/de\/wp-json\/wp\/v2\/posts"}],"about":[{"href":"https:\/\/denizcankizil.tr\/de\/wp-json\/wp\/v2\/types\/post"}],"author":[{"embeddable":true,"href":"https:\/\/denizcankizil.tr\/de\/wp-json\/wp\/v2\/users\/1"}],"replies":[{"embeddable":true,"href":"https:\/\/denizcankizil.tr\/de\/wp-json\/wp\/v2\/comments?post=91409"}],"version-history":[{"count":0,"href":"https:\/\/denizcankizil.tr\/de\/wp-json\/wp\/v2\/posts\/91409\/revisions"}],"wp:attachment":[{"href":"https:\/\/denizcankizil.tr\/de\/wp-json\/wp\/v2\/media?parent=91409"}],"wp:term":[{"taxonomy":"category","embeddable":true,"href":"https:\/\/denizcankizil.tr\/de\/wp-json\/wp\/v2\/categories?post=91409"},{"taxonomy":"post_tag","embeddable":true,"href":"https:\/\/denizcankizil.tr\/de\/wp-json\/wp\/v2\/tags?post=91409"}],"curies":[{"name":"wp","href":"https:\/\/api.w.org\/{rel}","templated":true}]}}