{"id":9007,"date":"2024-10-27T17:43:10","date_gmt":"2024-10-27T14:43:10","guid":{"rendered":"https:\/\/denizcankizil.tr\/uncategorized-tr\/duzcede-trafik-kazasi-4-yarali\/"},"modified":"2024-10-27T17:43:10","modified_gmt":"2024-10-27T14:43:10","slug":"duzcede-trafik-kazasi-4-yarali","status":"publish","type":"post","link":"https:\/\/denizcankizil.tr\/de\/haberler\/gundem\/duzcede-trafik-kazasi-4-yarali\/","title":{"rendered":"D\u00fczce&#8217;de trafik kazas\u0131: 4 yaral\u0131"},"content":{"rendered":"<p>D-100 Karayolu S\u00fcperlit Fabrikas\u0131 \u00f6n\u00fcnde meydana gelen kazada 2 otomobilin \u00e7arp\u0131\u015fmas\u0131 sonucu 4 ki\u015fi yaraland\u0131.Sefer DEM\u0130R \/ D\u00dcZCE (\u0130GFA) &#8211;\u00a0 Al\u0131nan bilgiye g\u00f6re D-100 karayolu Kaynasli mevkiinde meydana gelen kaza da Ankara istikametine gitmekte olan otomobil ile cip S\u00fcperlit Fabrikasi \u00f6n\u00fcnde \u00e7arp\u0131\u015ft\u0131. \u00c7arp\u0131\u015fman\u0131n etkisiyle her 2 ara\u00e7larda bulunan 4 ki\u015fi yaraland\u0131.<br \/>\nKazay\u0131 g\u00f6ren vatanda\u015flar\u0131n 112 acil \u00e7a\u011fr\u0131 merkezine haber verilmesiyle olay yerine sa\u011fl\u0131k ve polis ekipleri sevk edildi.<br \/>\nYaral\u0131lara yapilan ilk m\u00fcdahale sonras\u0131nda yaral\u0131lar Atat\u00fcrk Devlet Hastanesi ve D\u00fczce \u00dcniversitesi Hastanesi&#8217;ne sevk edildi.<\/p>\n<p>\u200bD-100 Karayolu S\u00fcperlit Fabrikas\u0131 \u00f6n\u00fcnde meydana gelen kazada 2 otomobilin \u00e7arp\u0131\u015fmas\u0131 sonucu 4 ki\u015fi yaraland\u0131\u00a0<\/p>\n<p>\u200bHaberin Al\u0131nt\u0131land\u0131\u011f\u0131 Kaynak: www.iskenderun.org<\/p>","protected":false},"excerpt":{"rendered":"<p>D-100 Karayolu S\u00fcperlit Fabrikas\u0131 \u00f6n\u00fcnde meydana gelen kazada 2 otomobilin \u00e7arp\u0131\u015fmas\u0131 sonucu 4 ki\u015fi yaraland\u0131.Sefer DEM\u0130R \/ D\u00dcZCE (\u0130GFA) &#8211;\u00a0 Al\u0131nan bilgiye g\u00f6re D-100 karayolu Kaynasli mevkiinde meydana gelen kaza da Ankara istikametine gitmekte olan otomobil ile cip S\u00fcperlit Fabrikasi \u00f6n\u00fcnde \u00e7arp\u0131\u015ft\u0131. \u00c7arp\u0131\u015fman\u0131n etkisiyle her 2 ara\u00e7larda bulunan 4 ki\u015fi yaraland\u0131. Kazay\u0131 g\u00f6ren vatanda\u015flar\u0131n 112 acil \u00e7a\u011fr\u0131 merkezine haber verilmesiyle olay yerine sa\u011fl\u0131k ve polis ekipleri sevk edildi. Yaral\u0131lara yapilan ilk m\u00fcdahale sonras\u0131nda yaral\u0131lar Atat\u00fcrk Devlet Hastanesi ve D\u00fczce \u00dcniversitesi Hastanesi&#8217;ne sevk edildi. \u200bD-100 Karayolu S\u00fcperlit Fabrikas\u0131 \u00f6n\u00fcnde meydana gelen kazada 2 otomobilin \u00e7arp\u0131\u015fmas\u0131 sonucu 4 ki\u015fi yaraland\u0131\u00a0 \u200bHaberin Al\u0131nt\u0131land\u0131\u011f\u0131 Kaynak: www.iskenderun.org<\/p>","protected":false},"author":0,"featured_media":0,"comment_status":"open","ping_status":"open","sticky":false,"template":"","format":"standard","meta":{"_acf_changed":false,"footnotes":""},"categories":[24,535],"tags":[],"class_list":["post-9007","post","type-post","status-publish","format-standard","has-post-thumbnail","hentry","category-gundem","category-uncategorized-tr"],"acf":[],"yoast_head":"<!-- This site is optimized with the Yoast SEO Premium plugin v26.6 (Yoast SEO v27.1.1) - https:\/\/yoast.com\/product\/yoast-seo-premium-wordpress\/ -->\n<title>D\u00fczce&#039;de trafik kazas\u0131: 4 yaral\u0131 - Av. Deniz Can K\u0131z\u0131l<\/title>\n<meta name=\"robots\" content=\"index, follow, max-snippet:-1, max-image-preview:large, max-video-preview:-1\" \/>\n<link rel=\"canonical\" href=\"https:\/\/denizcankizil.tr\/de\/haberler\/gundem\/duzcede-trafik-kazasi-4-yarali\/\" \/>\n<meta property=\"og:locale\" content=\"de_DE\" \/>\n<meta property=\"og:type\" content=\"article\" \/>\n<meta property=\"og:title\" content=\"D\u00fczce&#039;de trafik kazas\u0131: 4 yaral\u0131\" \/>\n<meta property=\"og:description\" content=\"D-100 Karayolu S\u00fcperlit Fabrikas\u0131 \u00f6n\u00fcnde meydana gelen kazada 2 otomobilin \u00e7arp\u0131\u015fmas\u0131 sonucu 4 ki\u015fi yaraland\u0131.Sefer DEM\u0130R \/ D\u00dcZCE (\u0130GFA) &#8211;\u00a0 Al\u0131nan bilgiye g\u00f6re D-100 karayolu Kaynasli mevkiinde meydana gelen kaza da Ankara istikametine gitmekte olan otomobil ile cip S\u00fcperlit Fabrikasi \u00f6n\u00fcnde \u00e7arp\u0131\u015ft\u0131. \u00c7arp\u0131\u015fman\u0131n etkisiyle her 2 ara\u00e7larda bulunan 4 ki\u015fi yaraland\u0131. Kazay\u0131 g\u00f6ren vatanda\u015flar\u0131n 112 acil \u00e7a\u011fr\u0131 merkezine haber verilmesiyle olay yerine sa\u011fl\u0131k ve polis ekipleri sevk edildi. Yaral\u0131lara yapilan ilk m\u00fcdahale sonras\u0131nda yaral\u0131lar Atat\u00fcrk Devlet Hastanesi ve D\u00fczce \u00dcniversitesi Hastanesi&#8217;ne sevk edildi. \u200bD-100 Karayolu S\u00fcperlit Fabrikas\u0131 \u00f6n\u00fcnde meydana gelen kazada 2 otomobilin \u00e7arp\u0131\u015fmas\u0131 sonucu 4 ki\u015fi yaraland\u0131\u00a0 \u200bHaberin Al\u0131nt\u0131land\u0131\u011f\u0131 Kaynak: www.iskenderun.org\" \/>\n<meta property=\"og:url\" content=\"https:\/\/denizcankizil.tr\/de\/haberler\/gundem\/duzcede-trafik-kazasi-4-yarali\/\" \/>\n<meta property=\"og:site_name\" content=\"Av. Deniz Can K\u0131z\u0131l\" \/>\n<meta property=\"article:published_time\" content=\"2024-10-27T14:43:10+00:00\" \/>\n<meta name=\"twitter:card\" content=\"summary_large_image\" \/>\n<meta name=\"twitter:label1\" content=\"Gesch\u00e4tzte Lesezeit\" \/>\n\t<meta name=\"twitter:data1\" content=\"1\u00a0Minute\" \/>\n<script type=\"application\/ld+json\" class=\"yoast-schema-graph\">{\"@context\":\"https:\/\/schema.org\",\"@graph\":[{\"@type\":\"Article\",\"@id\":\"https:\/\/denizcankizil.tr\/de\/haberler\/gundem\/duzcede-trafik-kazasi-4-yarali\/#article\",\"isPartOf\":{\"@id\":\"https:\/\/denizcankizil.tr\/de\/haberler\/gundem\/duzcede-trafik-kazasi-4-yarali\/\"},\"author\":{\"name\":\"\",\"@id\":\"\"},\"headline\":\"D\u00fczce&#8217;de trafik kazas\u0131: 4 yaral\u0131\",\"datePublished\":\"2024-10-27T14:43:10+00:00\",\"mainEntityOfPage\":{\"@id\":\"https:\/\/denizcankizil.tr\/de\/haberler\/gundem\/duzcede-trafik-kazasi-4-yarali\/\"},\"wordCount\":137,\"commentCount\":0,\"publisher\":{\"@id\":\"https:\/\/denizcankizil.tr\/de\/#organization\"},\"articleSection\":[\"G\u00fcndem\",\"Uncategorized\"],\"inLanguage\":\"de\",\"potentialAction\":[{\"@type\":\"CommentAction\",\"name\":\"Comment\",\"target\":[\"https:\/\/denizcankizil.tr\/de\/haberler\/gundem\/duzcede-trafik-kazasi-4-yarali\/#respond\"]}]},{\"@type\":\"WebPage\",\"@id\":\"https:\/\/denizcankizil.tr\/de\/haberler\/gundem\/duzcede-trafik-kazasi-4-yarali\/\",\"url\":\"https:\/\/denizcankizil.tr\/de\/haberler\/gundem\/duzcede-trafik-kazasi-4-yarali\/\",\"name\":\"D\u00fczce'de trafik kazas\u0131: 4 yaral\u0131 - Av. Deniz Can K\u0131z\u0131l\",\"isPartOf\":{\"@id\":\"https:\/\/denizcankizil.tr\/de\/#website\"},\"datePublished\":\"2024-10-27T14:43:10+00:00\",\"breadcrumb\":{\"@id\":\"https:\/\/denizcankizil.tr\/de\/haberler\/gundem\/duzcede-trafik-kazasi-4-yarali\/#breadcrumb\"},\"inLanguage\":\"de\",\"potentialAction\":[{\"@type\":\"ReadAction\",\"target\":[\"https:\/\/denizcankizil.tr\/de\/haberler\/gundem\/duzcede-trafik-kazasi-4-yarali\/\"]}]},{\"@type\":\"BreadcrumbList\",\"@id\":\"https:\/\/denizcankizil.tr\/de\/haberler\/gundem\/duzcede-trafik-kazasi-4-yarali\/#breadcrumb\",\"itemListElement\":[{\"@type\":\"ListItem\",\"position\":1,\"name\":\"Home\",\"item\":\"https:\/\/denizcankizil.tr\/de\/\"},{\"@type\":\"ListItem\",\"position\":2,\"name\":\"D\u00fczce&#8217;de trafik kazas\u0131: 4 yaral\u0131\"}]},{\"@type\":\"WebSite\",\"@id\":\"https:\/\/denizcankizil.tr\/de\/#website\",\"url\":\"https:\/\/denizcankizil.tr\/de\/\",\"name\":\"Av. Deniz Can K\u0131z\u0131l\",\"description\":\"Avukat Deniz Can K\u0131z\u0131l Antalya Barosu\",\"publisher\":{\"@id\":\"https:\/\/denizcankizil.tr\/de\/#organization\"},\"potentialAction\":[{\"@type\":\"SearchAction\",\"target\":{\"@type\":\"EntryPoint\",\"urlTemplate\":\"https:\/\/denizcankizil.tr\/de\/?s={search_term_string}\"},\"query-input\":{\"@type\":\"PropertyValueSpecification\",\"valueRequired\":true,\"valueName\":\"search_term_string\"}}],\"inLanguage\":\"de\"},{\"@type\":\"Organization\",\"@id\":\"https:\/\/denizcankizil.tr\/de\/#organization\",\"name\":\"Av. Deniz Can K\u0131z\u0131l\",\"url\":\"https:\/\/denizcankizil.tr\/de\/\",\"logo\":{\"@type\":\"ImageObject\",\"inLanguage\":\"de\",\"@id\":\"https:\/\/denizcankizil.tr\/de\/#\/schema\/logo\/image\/\",\"url\":\"https:\/\/denizcankizil.tr\/wp-content\/uploads\/2024\/10\/siyah-logo-svg.svg\",\"contentUrl\":\"https:\/\/denizcankizil.tr\/wp-content\/uploads\/2024\/10\/siyah-logo-svg.svg\",\"width\":1080,\"height\":1080,\"caption\":\"Av. Deniz Can K\u0131z\u0131l\"},\"image\":{\"@id\":\"https:\/\/denizcankizil.tr\/de\/#\/schema\/logo\/image\/\"}}]}<\/script>\n<!-- \/ Yoast SEO Premium plugin. -->","yoast_head_json":{"title":"D\u00fczce'de trafik kazas\u0131: 4 yaral\u0131 - Av. Deniz Can K\u0131z\u0131l","robots":{"index":"index","follow":"follow","max-snippet":"max-snippet:-1","max-image-preview":"max-image-preview:large","max-video-preview":"max-video-preview:-1"},"canonical":"https:\/\/denizcankizil.tr\/de\/haberler\/gundem\/duzcede-trafik-kazasi-4-yarali\/","og_locale":"de_DE","og_type":"article","og_title":"D\u00fczce'de trafik kazas\u0131: 4 yaral\u0131","og_description":"D-100 Karayolu S\u00fcperlit Fabrikas\u0131 \u00f6n\u00fcnde meydana gelen kazada 2 otomobilin \u00e7arp\u0131\u015fmas\u0131 sonucu 4 ki\u015fi yaraland\u0131.Sefer DEM\u0130R \/ D\u00dcZCE (\u0130GFA) &#8211;\u00a0 Al\u0131nan bilgiye g\u00f6re D-100 karayolu Kaynasli mevkiinde meydana gelen kaza da Ankara istikametine gitmekte olan otomobil ile cip S\u00fcperlit Fabrikasi \u00f6n\u00fcnde \u00e7arp\u0131\u015ft\u0131. \u00c7arp\u0131\u015fman\u0131n etkisiyle her 2 ara\u00e7larda bulunan 4 ki\u015fi yaraland\u0131. Kazay\u0131 g\u00f6ren vatanda\u015flar\u0131n 112 acil \u00e7a\u011fr\u0131 merkezine haber verilmesiyle olay yerine sa\u011fl\u0131k ve polis ekipleri sevk edildi. Yaral\u0131lara yapilan ilk m\u00fcdahale sonras\u0131nda yaral\u0131lar Atat\u00fcrk Devlet Hastanesi ve D\u00fczce \u00dcniversitesi Hastanesi&#8217;ne sevk edildi. \u200bD-100 Karayolu S\u00fcperlit Fabrikas\u0131 \u00f6n\u00fcnde meydana gelen kazada 2 otomobilin \u00e7arp\u0131\u015fmas\u0131 sonucu 4 ki\u015fi yaraland\u0131\u00a0 \u200bHaberin Al\u0131nt\u0131land\u0131\u011f\u0131 Kaynak: www.iskenderun.org","og_url":"https:\/\/denizcankizil.tr\/de\/haberler\/gundem\/duzcede-trafik-kazasi-4-yarali\/","og_site_name":"Av. Deniz Can K\u0131z\u0131l","article_published_time":"2024-10-27T14:43:10+00:00","twitter_card":"summary_large_image","twitter_misc":{"Gesch\u00e4tzte Lesezeit":"1\u00a0Minute"},"schema":{"@context":"https:\/\/schema.org","@graph":[{"@type":"Article","@id":"https:\/\/denizcankizil.tr\/de\/haberler\/gundem\/duzcede-trafik-kazasi-4-yarali\/#article","isPartOf":{"@id":"https:\/\/denizcankizil.tr\/de\/haberler\/gundem\/duzcede-trafik-kazasi-4-yarali\/"},"author":{"name":"","@id":""},"headline":"D\u00fczce&#8217;de trafik kazas\u0131: 4 yaral\u0131","datePublished":"2024-10-27T14:43:10+00:00","mainEntityOfPage":{"@id":"https:\/\/denizcankizil.tr\/de\/haberler\/gundem\/duzcede-trafik-kazasi-4-yarali\/"},"wordCount":137,"commentCount":0,"publisher":{"@id":"https:\/\/denizcankizil.tr\/de\/#organization"},"articleSection":["G\u00fcndem","Uncategorized"],"inLanguage":"de","potentialAction":[{"@type":"CommentAction","name":"Comment","target":["https:\/\/denizcankizil.tr\/de\/haberler\/gundem\/duzcede-trafik-kazasi-4-yarali\/#respond"]}]},{"@type":"WebPage","@id":"https:\/\/denizcankizil.tr\/de\/haberler\/gundem\/duzcede-trafik-kazasi-4-yarali\/","url":"https:\/\/denizcankizil.tr\/de\/haberler\/gundem\/duzcede-trafik-kazasi-4-yarali\/","name":"D\u00fczce'de trafik kazas\u0131: 4 yaral\u0131 - Av. Deniz Can K\u0131z\u0131l","isPartOf":{"@id":"https:\/\/denizcankizil.tr\/de\/#website"},"datePublished":"2024-10-27T14:43:10+00:00","breadcrumb":{"@id":"https:\/\/denizcankizil.tr\/de\/haberler\/gundem\/duzcede-trafik-kazasi-4-yarali\/#breadcrumb"},"inLanguage":"de","potentialAction":[{"@type":"ReadAction","target":["https:\/\/denizcankizil.tr\/de\/haberler\/gundem\/duzcede-trafik-kazasi-4-yarali\/"]}]},{"@type":"BreadcrumbList","@id":"https:\/\/denizcankizil.tr\/de\/haberler\/gundem\/duzcede-trafik-kazasi-4-yarali\/#breadcrumb","itemListElement":[{"@type":"ListItem","position":1,"name":"Home","item":"https:\/\/denizcankizil.tr\/de\/"},{"@type":"ListItem","position":2,"name":"D\u00fczce&#8217;de trafik kazas\u0131: 4 yaral\u0131"}]},{"@type":"WebSite","@id":"https:\/\/denizcankizil.tr\/de\/#website","url":"https:\/\/denizcankizil.tr\/de\/","name":"Av. Deniz Can K\u0131z\u0131l","description":"Avukat Deniz Can K\u0131z\u0131l Antalya Barosu","publisher":{"@id":"https:\/\/denizcankizil.tr\/de\/#organization"},"potentialAction":[{"@type":"SearchAction","target":{"@type":"EntryPoint","urlTemplate":"https:\/\/denizcankizil.tr\/de\/?s={search_term_string}"},"query-input":{"@type":"PropertyValueSpecification","valueRequired":true,"valueName":"search_term_string"}}],"inLanguage":"de"},{"@type":"Organization","@id":"https:\/\/denizcankizil.tr\/de\/#organization","name":"Av. Deniz Can K\u0131z\u0131l","url":"https:\/\/denizcankizil.tr\/de\/","logo":{"@type":"ImageObject","inLanguage":"de","@id":"https:\/\/denizcankizil.tr\/de\/#\/schema\/logo\/image\/","url":"https:\/\/denizcankizil.tr\/wp-content\/uploads\/2024\/10\/siyah-logo-svg.svg","contentUrl":"https:\/\/denizcankizil.tr\/wp-content\/uploads\/2024\/10\/siyah-logo-svg.svg","width":1080,"height":1080,"caption":"Av. Deniz Can K\u0131z\u0131l"},"image":{"@id":"https:\/\/denizcankizil.tr\/de\/#\/schema\/logo\/image\/"}}]}},"_links":{"self":[{"href":"https:\/\/denizcankizil.tr\/de\/wp-json\/wp\/v2\/posts\/9007","targetHints":{"allow":["GET"]}}],"collection":[{"href":"https:\/\/denizcankizil.tr\/de\/wp-json\/wp\/v2\/posts"}],"about":[{"href":"https:\/\/denizcankizil.tr\/de\/wp-json\/wp\/v2\/types\/post"}],"replies":[{"embeddable":true,"href":"https:\/\/denizcankizil.tr\/de\/wp-json\/wp\/v2\/comments?post=9007"}],"version-history":[{"count":0,"href":"https:\/\/denizcankizil.tr\/de\/wp-json\/wp\/v2\/posts\/9007\/revisions"}],"wp:attachment":[{"href":"https:\/\/denizcankizil.tr\/de\/wp-json\/wp\/v2\/media?parent=9007"}],"wp:term":[{"taxonomy":"category","embeddable":true,"href":"https:\/\/denizcankizil.tr\/de\/wp-json\/wp\/v2\/categories?post=9007"},{"taxonomy":"post_tag","embeddable":true,"href":"https:\/\/denizcankizil.tr\/de\/wp-json\/wp\/v2\/tags?post=9007"}],"curies":[{"name":"wp","href":"https:\/\/api.w.org\/{rel}","templated":true}]}}