{"id":89631,"date":"2025-05-17T16:42:18","date_gmt":"2025-05-17T13:42:18","guid":{"rendered":"https:\/\/denizcankizil.tr\/uncategorized-tr\/aliagalilar-19-mayisi-ataturk-stadinda-kutlayacak\/"},"modified":"2025-05-17T16:42:18","modified_gmt":"2025-05-17T13:42:18","slug":"aliagalilar-19-mayisi-ataturk-stadinda-kutlayacak","status":"publish","type":"post","link":"https:\/\/denizcankizil.tr\/de\/haberler\/gundem\/aliagalilar-19-mayisi-ataturk-stadinda-kutlayacak\/","title":{"rendered":"Alia\u011fal\u0131lar 19 May\u0131s\u2019\u0131 Atat\u00fcrk Stad\u0131nda Kutlayacak"},"content":{"rendered":"<p>Gazi Mustafa Kemal Atat\u00fcrk\u2019\u00fcn T\u00fcrk gen\u00e7li\u011fine arma\u011fan etti\u011fi 19 May\u0131s Atat\u00fcrk\u2019\u00fc Anma, Gen\u00e7lik ve Spor Bayram\u0131 t\u00fcm yurtta oldu\u011fu gibi Alia\u011fa\u2019da da b\u00fcy\u00fck bir co\u015fkuyla kutlanacak. Kutlamalar; kortej y\u00fcr\u00fcy\u00fc\u015f\u00fc, resmi t\u00f6ren ve stadyum g\u00f6sterileri ile ta\u00e7lanacak.<\/p>\n<p>\u200bGazi Mustafa Kemal Atat\u00fcrk\u2019\u00fcn T\u00fcrk gen\u00e7li\u011fine arma\u011fan etti\u011fi 19 May\u0131s Atat\u00fcrk\u2019\u00fc Anma, Gen\u00e7lik ve Spor Bayram\u0131 t\u00fcm yurtta oldu\u011fu gibi Alia\u011fa\u2019da da b\u00fcy\u00fck bir co\u015fkuyla kutlanacak. Kutlamalar; kortej y\u00fcr\u00fcy\u00fc\u015f\u00fc, resmi t\u00f6ren ve stadyum g\u00f6sterileri ile ta\u00e7lanacak.\u00a0<\/p>\n<p>\u200bHaberin Al\u0131nt\u0131land\u0131\u011f\u0131 Kaynak: www.iskenderun.org<\/p>","protected":false},"excerpt":{"rendered":"<p>Gazi Mustafa Kemal Atat\u00fcrk\u2019\u00fcn T\u00fcrk gen\u00e7li\u011fine arma\u011fan etti\u011fi 19 May\u0131s Atat\u00fcrk\u2019\u00fc Anma, Gen\u00e7lik ve Spor Bayram\u0131 t\u00fcm yurtta oldu\u011fu gibi Alia\u011fa\u2019da da b\u00fcy\u00fck bir co\u015fkuyla kutlanacak. Kutlamalar; kortej y\u00fcr\u00fcy\u00fc\u015f\u00fc, resmi t\u00f6ren ve stadyum g\u00f6sterileri ile ta\u00e7lanacak. \u200bGazi Mustafa Kemal Atat\u00fcrk\u2019\u00fcn T\u00fcrk gen\u00e7li\u011fine arma\u011fan etti\u011fi 19 May\u0131s Atat\u00fcrk\u2019\u00fc Anma, Gen\u00e7lik ve Spor Bayram\u0131 t\u00fcm yurtta oldu\u011fu gibi Alia\u011fa\u2019da da b\u00fcy\u00fck bir co\u015fkuyla kutlanacak. Kutlamalar; kortej y\u00fcr\u00fcy\u00fc\u015f\u00fc, resmi t\u00f6ren ve stadyum g\u00f6sterileri ile ta\u00e7lanacak.\u00a0 \u200bHaberin Al\u0131nt\u0131land\u0131\u011f\u0131 Kaynak: www.iskenderun.org<\/p>","protected":false},"author":1,"featured_media":0,"comment_status":"","ping_status":"open","sticky":false,"template":"","format":"standard","meta":{"_acf_changed":false,"footnotes":""},"categories":[24],"tags":[],"class_list":["post-89631","post","type-post","status-publish","format-standard","has-post-thumbnail","hentry","category-gundem"],"acf":[],"yoast_head":"<!-- This site is optimized with the Yoast SEO Premium plugin v26.6 (Yoast SEO v27.1.1) - https:\/\/yoast.com\/product\/yoast-seo-premium-wordpress\/ -->\n<title>Alia\u011fal\u0131lar 19 May\u0131s\u2019\u0131 Atat\u00fcrk Stad\u0131nda Kutlayacak - Av. Deniz Can K\u0131z\u0131l<\/title>\n<meta name=\"robots\" content=\"index, follow, max-snippet:-1, max-image-preview:large, max-video-preview:-1\" \/>\n<link rel=\"canonical\" href=\"https:\/\/denizcankizil.tr\/de\/haberler\/gundem\/aliagalilar-19-mayisi-ataturk-stadinda-kutlayacak\/\" \/>\n<meta property=\"og:locale\" content=\"de_DE\" \/>\n<meta property=\"og:type\" content=\"article\" \/>\n<meta property=\"og:title\" content=\"Alia\u011fal\u0131lar 19 May\u0131s\u2019\u0131 Atat\u00fcrk Stad\u0131nda Kutlayacak\" \/>\n<meta property=\"og:description\" content=\"Gazi Mustafa Kemal Atat\u00fcrk\u2019\u00fcn T\u00fcrk gen\u00e7li\u011fine arma\u011fan etti\u011fi 19 May\u0131s Atat\u00fcrk\u2019\u00fc Anma, Gen\u00e7lik ve Spor Bayram\u0131 t\u00fcm yurtta oldu\u011fu gibi Alia\u011fa\u2019da da b\u00fcy\u00fck bir co\u015fkuyla kutlanacak. Kutlamalar; kortej y\u00fcr\u00fcy\u00fc\u015f\u00fc, resmi t\u00f6ren ve stadyum g\u00f6sterileri ile ta\u00e7lanacak. \u200bGazi Mustafa Kemal Atat\u00fcrk\u2019\u00fcn T\u00fcrk gen\u00e7li\u011fine arma\u011fan etti\u011fi 19 May\u0131s Atat\u00fcrk\u2019\u00fc Anma, Gen\u00e7lik ve Spor Bayram\u0131 t\u00fcm yurtta oldu\u011fu gibi Alia\u011fa\u2019da da b\u00fcy\u00fck bir co\u015fkuyla kutlanacak. Kutlamalar; kortej y\u00fcr\u00fcy\u00fc\u015f\u00fc, resmi t\u00f6ren ve stadyum g\u00f6sterileri ile ta\u00e7lanacak.\u00a0 \u200bHaberin Al\u0131nt\u0131land\u0131\u011f\u0131 Kaynak: www.iskenderun.org\" \/>\n<meta property=\"og:url\" content=\"https:\/\/denizcankizil.tr\/de\/haberler\/gundem\/aliagalilar-19-mayisi-ataturk-stadinda-kutlayacak\/\" \/>\n<meta property=\"og:site_name\" content=\"Av. Deniz Can K\u0131z\u0131l\" \/>\n<meta property=\"article:published_time\" content=\"2025-05-17T13:42:18+00:00\" \/>\n<meta name=\"author\" content=\"admin\" \/>\n<meta name=\"twitter:card\" content=\"summary_large_image\" \/>\n<meta name=\"twitter:label1\" content=\"Verfasst von\" \/>\n\t<meta name=\"twitter:data1\" content=\"admin\" \/>\n\t<meta name=\"twitter:label2\" content=\"Gesch\u00e4tzte Lesezeit\" \/>\n\t<meta name=\"twitter:data2\" content=\"1\u00a0Minute\" \/>\n<script type=\"application\/ld+json\" class=\"yoast-schema-graph\">{\"@context\":\"https:\/\/schema.org\",\"@graph\":[{\"@type\":\"Article\",\"@id\":\"https:\/\/denizcankizil.tr\/de\/haberler\/gundem\/aliagalilar-19-mayisi-ataturk-stadinda-kutlayacak\/#article\",\"isPartOf\":{\"@id\":\"https:\/\/denizcankizil.tr\/de\/haberler\/gundem\/aliagalilar-19-mayisi-ataturk-stadinda-kutlayacak\/\"},\"author\":{\"name\":\"admin\",\"@id\":\"https:\/\/denizcankizil.tr\/#\/schema\/person\/be3c05fe6a12686905512445d8185489\"},\"headline\":\"Alia\u011fal\u0131lar 19 May\u0131s\u2019\u0131 Atat\u00fcrk Stad\u0131nda Kutlayacak\",\"datePublished\":\"2025-05-17T13:42:18+00:00\",\"mainEntityOfPage\":{\"@id\":\"https:\/\/denizcankizil.tr\/de\/haberler\/gundem\/aliagalilar-19-mayisi-ataturk-stadinda-kutlayacak\/\"},\"wordCount\":132,\"publisher\":{\"@id\":\"https:\/\/denizcankizil.tr\/#organization\"},\"articleSection\":[\"G\u00fcndem\"],\"inLanguage\":\"de\"},{\"@type\":\"WebPage\",\"@id\":\"https:\/\/denizcankizil.tr\/de\/haberler\/gundem\/aliagalilar-19-mayisi-ataturk-stadinda-kutlayacak\/\",\"url\":\"https:\/\/denizcankizil.tr\/de\/haberler\/gundem\/aliagalilar-19-mayisi-ataturk-stadinda-kutlayacak\/\",\"name\":\"Alia\u011fal\u0131lar 19 May\u0131s\u2019\u0131 Atat\u00fcrk Stad\u0131nda Kutlayacak - Av. Deniz Can K\u0131z\u0131l\",\"isPartOf\":{\"@id\":\"https:\/\/denizcankizil.tr\/#website\"},\"datePublished\":\"2025-05-17T13:42:18+00:00\",\"breadcrumb\":{\"@id\":\"https:\/\/denizcankizil.tr\/de\/haberler\/gundem\/aliagalilar-19-mayisi-ataturk-stadinda-kutlayacak\/#breadcrumb\"},\"inLanguage\":\"de\",\"potentialAction\":[{\"@type\":\"ReadAction\",\"target\":[\"https:\/\/denizcankizil.tr\/de\/haberler\/gundem\/aliagalilar-19-mayisi-ataturk-stadinda-kutlayacak\/\"]}]},{\"@type\":\"BreadcrumbList\",\"@id\":\"https:\/\/denizcankizil.tr\/de\/haberler\/gundem\/aliagalilar-19-mayisi-ataturk-stadinda-kutlayacak\/#breadcrumb\",\"itemListElement\":[{\"@type\":\"ListItem\",\"position\":1,\"name\":\"Home\",\"item\":\"https:\/\/denizcankizil.tr\/de\/\"},{\"@type\":\"ListItem\",\"position\":2,\"name\":\"Alia\u011fal\u0131lar 19 May\u0131s\u2019\u0131 Atat\u00fcrk Stad\u0131nda Kutlayacak\"}]},{\"@type\":\"WebSite\",\"@id\":\"https:\/\/denizcankizil.tr\/#website\",\"url\":\"https:\/\/denizcankizil.tr\/\",\"name\":\"Av. Deniz Can K\u0131z\u0131l\",\"description\":\"Avukat Deniz Can K\u0131z\u0131l Antalya Barosu\",\"publisher\":{\"@id\":\"https:\/\/denizcankizil.tr\/#organization\"},\"potentialAction\":[{\"@type\":\"SearchAction\",\"target\":{\"@type\":\"EntryPoint\",\"urlTemplate\":\"https:\/\/denizcankizil.tr\/?s={search_term_string}\"},\"query-input\":{\"@type\":\"PropertyValueSpecification\",\"valueRequired\":true,\"valueName\":\"search_term_string\"}}],\"inLanguage\":\"de\"},{\"@type\":\"Organization\",\"@id\":\"https:\/\/denizcankizil.tr\/#organization\",\"name\":\"Av. Deniz Can K\u0131z\u0131l\",\"url\":\"https:\/\/denizcankizil.tr\/\",\"logo\":{\"@type\":\"ImageObject\",\"inLanguage\":\"de\",\"@id\":\"https:\/\/denizcankizil.tr\/#\/schema\/logo\/image\/\",\"url\":\"https:\/\/denizcankizil.tr\/wp-content\/uploads\/2024\/10\/siyah-logo-svg.svg\",\"contentUrl\":\"https:\/\/denizcankizil.tr\/wp-content\/uploads\/2024\/10\/siyah-logo-svg.svg\",\"width\":1080,\"height\":1080,\"caption\":\"Av. Deniz Can K\u0131z\u0131l\"},\"image\":{\"@id\":\"https:\/\/denizcankizil.tr\/#\/schema\/logo\/image\/\"}},{\"@type\":\"Person\",\"@id\":\"https:\/\/denizcankizil.tr\/#\/schema\/person\/be3c05fe6a12686905512445d8185489\",\"name\":\"admin\",\"image\":{\"@type\":\"ImageObject\",\"inLanguage\":\"de\",\"@id\":\"https:\/\/denizcankizil.tr\/#\/schema\/person\/image\/\",\"url\":\"https:\/\/secure.gravatar.com\/avatar\/c1fce94c830dc79107e174f890d7210541c4a63e8e5d816341794a2151c9d58c?s=96&d=mm&r=g\",\"contentUrl\":\"https:\/\/secure.gravatar.com\/avatar\/c1fce94c830dc79107e174f890d7210541c4a63e8e5d816341794a2151c9d58c?s=96&d=mm&r=g\",\"caption\":\"admin\"},\"sameAs\":[\"http:\/\/denizcankizil.tr\"],\"url\":\"https:\/\/www.iskenderun.org\/aliagalilar-19-mayisi-ataturk-stadinda-kutlayacak\"}]}<\/script>\n<!-- \/ Yoast SEO Premium plugin. -->","yoast_head_json":{"title":"Alia\u011fal\u0131lar 19 May\u0131s\u2019\u0131 Atat\u00fcrk Stad\u0131nda Kutlayacak - Av. Deniz Can K\u0131z\u0131l","robots":{"index":"index","follow":"follow","max-snippet":"max-snippet:-1","max-image-preview":"max-image-preview:large","max-video-preview":"max-video-preview:-1"},"canonical":"https:\/\/denizcankizil.tr\/de\/haberler\/gundem\/aliagalilar-19-mayisi-ataturk-stadinda-kutlayacak\/","og_locale":"de_DE","og_type":"article","og_title":"Alia\u011fal\u0131lar 19 May\u0131s\u2019\u0131 Atat\u00fcrk Stad\u0131nda Kutlayacak","og_description":"Gazi Mustafa Kemal Atat\u00fcrk\u2019\u00fcn T\u00fcrk gen\u00e7li\u011fine arma\u011fan etti\u011fi 19 May\u0131s Atat\u00fcrk\u2019\u00fc Anma, Gen\u00e7lik ve Spor Bayram\u0131 t\u00fcm yurtta oldu\u011fu gibi Alia\u011fa\u2019da da b\u00fcy\u00fck bir co\u015fkuyla kutlanacak. Kutlamalar; kortej y\u00fcr\u00fcy\u00fc\u015f\u00fc, resmi t\u00f6ren ve stadyum g\u00f6sterileri ile ta\u00e7lanacak. \u200bGazi Mustafa Kemal Atat\u00fcrk\u2019\u00fcn T\u00fcrk gen\u00e7li\u011fine arma\u011fan etti\u011fi 19 May\u0131s Atat\u00fcrk\u2019\u00fc Anma, Gen\u00e7lik ve Spor Bayram\u0131 t\u00fcm yurtta oldu\u011fu gibi Alia\u011fa\u2019da da b\u00fcy\u00fck bir co\u015fkuyla kutlanacak. Kutlamalar; kortej y\u00fcr\u00fcy\u00fc\u015f\u00fc, resmi t\u00f6ren ve stadyum g\u00f6sterileri ile ta\u00e7lanacak.\u00a0 \u200bHaberin Al\u0131nt\u0131land\u0131\u011f\u0131 Kaynak: www.iskenderun.org","og_url":"https:\/\/denizcankizil.tr\/de\/haberler\/gundem\/aliagalilar-19-mayisi-ataturk-stadinda-kutlayacak\/","og_site_name":"Av. Deniz Can K\u0131z\u0131l","article_published_time":"2025-05-17T13:42:18+00:00","author":"admin","twitter_card":"summary_large_image","twitter_misc":{"Verfasst von":"admin","Gesch\u00e4tzte Lesezeit":"1\u00a0Minute"},"schema":{"@context":"https:\/\/schema.org","@graph":[{"@type":"Article","@id":"https:\/\/denizcankizil.tr\/de\/haberler\/gundem\/aliagalilar-19-mayisi-ataturk-stadinda-kutlayacak\/#article","isPartOf":{"@id":"https:\/\/denizcankizil.tr\/de\/haberler\/gundem\/aliagalilar-19-mayisi-ataturk-stadinda-kutlayacak\/"},"author":{"name":"admin","@id":"https:\/\/denizcankizil.tr\/#\/schema\/person\/be3c05fe6a12686905512445d8185489"},"headline":"Alia\u011fal\u0131lar 19 May\u0131s\u2019\u0131 Atat\u00fcrk Stad\u0131nda Kutlayacak","datePublished":"2025-05-17T13:42:18+00:00","mainEntityOfPage":{"@id":"https:\/\/denizcankizil.tr\/de\/haberler\/gundem\/aliagalilar-19-mayisi-ataturk-stadinda-kutlayacak\/"},"wordCount":132,"publisher":{"@id":"https:\/\/denizcankizil.tr\/#organization"},"articleSection":["G\u00fcndem"],"inLanguage":"de"},{"@type":"WebPage","@id":"https:\/\/denizcankizil.tr\/de\/haberler\/gundem\/aliagalilar-19-mayisi-ataturk-stadinda-kutlayacak\/","url":"https:\/\/denizcankizil.tr\/de\/haberler\/gundem\/aliagalilar-19-mayisi-ataturk-stadinda-kutlayacak\/","name":"Alia\u011fal\u0131lar 19 May\u0131s\u2019\u0131 Atat\u00fcrk Stad\u0131nda Kutlayacak - Av. Deniz Can K\u0131z\u0131l","isPartOf":{"@id":"https:\/\/denizcankizil.tr\/#website"},"datePublished":"2025-05-17T13:42:18+00:00","breadcrumb":{"@id":"https:\/\/denizcankizil.tr\/de\/haberler\/gundem\/aliagalilar-19-mayisi-ataturk-stadinda-kutlayacak\/#breadcrumb"},"inLanguage":"de","potentialAction":[{"@type":"ReadAction","target":["https:\/\/denizcankizil.tr\/de\/haberler\/gundem\/aliagalilar-19-mayisi-ataturk-stadinda-kutlayacak\/"]}]},{"@type":"BreadcrumbList","@id":"https:\/\/denizcankizil.tr\/de\/haberler\/gundem\/aliagalilar-19-mayisi-ataturk-stadinda-kutlayacak\/#breadcrumb","itemListElement":[{"@type":"ListItem","position":1,"name":"Home","item":"https:\/\/denizcankizil.tr\/de\/"},{"@type":"ListItem","position":2,"name":"Alia\u011fal\u0131lar 19 May\u0131s\u2019\u0131 Atat\u00fcrk Stad\u0131nda Kutlayacak"}]},{"@type":"WebSite","@id":"https:\/\/denizcankizil.tr\/#website","url":"https:\/\/denizcankizil.tr\/","name":"Av. Deniz Can K\u0131z\u0131l","description":"Avukat Deniz Can K\u0131z\u0131l Antalya Barosu","publisher":{"@id":"https:\/\/denizcankizil.tr\/#organization"},"potentialAction":[{"@type":"SearchAction","target":{"@type":"EntryPoint","urlTemplate":"https:\/\/denizcankizil.tr\/?s={search_term_string}"},"query-input":{"@type":"PropertyValueSpecification","valueRequired":true,"valueName":"search_term_string"}}],"inLanguage":"de"},{"@type":"Organization","@id":"https:\/\/denizcankizil.tr\/#organization","name":"Av. Deniz Can K\u0131z\u0131l","url":"https:\/\/denizcankizil.tr\/","logo":{"@type":"ImageObject","inLanguage":"de","@id":"https:\/\/denizcankizil.tr\/#\/schema\/logo\/image\/","url":"https:\/\/denizcankizil.tr\/wp-content\/uploads\/2024\/10\/siyah-logo-svg.svg","contentUrl":"https:\/\/denizcankizil.tr\/wp-content\/uploads\/2024\/10\/siyah-logo-svg.svg","width":1080,"height":1080,"caption":"Av. Deniz Can K\u0131z\u0131l"},"image":{"@id":"https:\/\/denizcankizil.tr\/#\/schema\/logo\/image\/"}},{"@type":"Person","@id":"https:\/\/denizcankizil.tr\/#\/schema\/person\/be3c05fe6a12686905512445d8185489","name":"Administrator","image":{"@type":"ImageObject","inLanguage":"de","@id":"https:\/\/denizcankizil.tr\/#\/schema\/person\/image\/","url":"https:\/\/secure.gravatar.com\/avatar\/c1fce94c830dc79107e174f890d7210541c4a63e8e5d816341794a2151c9d58c?s=96&d=mm&r=g","contentUrl":"https:\/\/secure.gravatar.com\/avatar\/c1fce94c830dc79107e174f890d7210541c4a63e8e5d816341794a2151c9d58c?s=96&d=mm&r=g","caption":"admin"},"sameAs":["http:\/\/denizcankizil.tr"],"url":"https:\/\/www.iskenderun.org\/aliagalilar-19-mayisi-ataturk-stadinda-kutlayacak"}]}},"_links":{"self":[{"href":"https:\/\/denizcankizil.tr\/de\/wp-json\/wp\/v2\/posts\/89631","targetHints":{"allow":["GET"]}}],"collection":[{"href":"https:\/\/denizcankizil.tr\/de\/wp-json\/wp\/v2\/posts"}],"about":[{"href":"https:\/\/denizcankizil.tr\/de\/wp-json\/wp\/v2\/types\/post"}],"author":[{"embeddable":true,"href":"https:\/\/denizcankizil.tr\/de\/wp-json\/wp\/v2\/users\/1"}],"replies":[{"embeddable":true,"href":"https:\/\/denizcankizil.tr\/de\/wp-json\/wp\/v2\/comments?post=89631"}],"version-history":[{"count":0,"href":"https:\/\/denizcankizil.tr\/de\/wp-json\/wp\/v2\/posts\/89631\/revisions"}],"wp:attachment":[{"href":"https:\/\/denizcankizil.tr\/de\/wp-json\/wp\/v2\/media?parent=89631"}],"wp:term":[{"taxonomy":"category","embeddable":true,"href":"https:\/\/denizcankizil.tr\/de\/wp-json\/wp\/v2\/categories?post=89631"},{"taxonomy":"post_tag","embeddable":true,"href":"https:\/\/denizcankizil.tr\/de\/wp-json\/wp\/v2\/tags?post=89631"}],"curies":[{"name":"wp","href":"https:\/\/api.w.org\/{rel}","templated":true}]}}