{"id":89548,"date":"2025-05-17T15:41:49","date_gmt":"2025-05-17T12:41:49","guid":{"rendered":"https:\/\/denizcankizil.tr\/uncategorized-tr\/antalyada-bolge-idare-mahkemesi-donemi-basliyor\/"},"modified":"2025-05-17T15:41:49","modified_gmt":"2025-05-17T12:41:49","slug":"antalyada-bolge-idare-mahkemesi-donemi-basliyor","status":"publish","type":"post","link":"https:\/\/denizcankizil.tr\/de\/haberler\/gundem\/antalyada-bolge-idare-mahkemesi-donemi-basliyor\/","title":{"rendered":"Antalya\u2019da B\u00f6lge \u0130dare Mahkemesi d\u00f6nemi ba\u015fl\u0131yor"},"content":{"rendered":"<p>Resmi Gazete&#8217;de yay\u0131mlanan Cumhurba\u015fkanl\u0131\u011f\u0131 karar\u0131yla Antalya, Diyarbak\u0131r ve Kayseri&#8217;de yeni B\u00f6lge \u0130dare Mahkemeleri kurulmas\u0131na karar verildi. B\u00f6ylece T\u00fcrkiye genelindeki B\u00f6lge \u0130dare Mahkemesi say\u0131s\u0131 9&#8217;dan 12&#8217;ye y\u00fckseldi. Antalya B\u00f6lge \u0130dare Mahkemesi&#8217;nin yarg\u0131 \u00e7evresi Antalya, Burdur ve Isparta olarak belirlendi. Yeni kurulacak mahkemede; B\u00f6lge \u0130dare Mahkemesi Ba\u015fkanl\u0131\u011f\u0131, Ba\u015fkanlar Kurulu, 8 \u0130dari Dava Dairesi, 1 Vergi Dava Dairesi ve Adalet Komisyonu yer alacak.<\/p>\n<p>&#8220;BUNDAN B\u00d6YLE ARTIK AVUKATLARIMIZ VE HEM\u015eEHR\u0130LER\u0130M\u0130Z&#8221;<\/p>\n<p>Kararla ilgili a\u00e7\u0131klama yapan AK Parti Antalya Milletvekili Mustafa K\u00f6se, &#8220;Cumhurba\u015fkan\u0131m\u0131z Say\u0131n Recep Tayyip Erdo\u011fan&#8217;\u0131n tensipleri, Adalet Bakan\u0131m\u0131z Say\u0131n Y\u0131lmaz Tun\u00e7&#8217;un organizasyonuyla Antalya B\u00f6lge \u0130dare Mahkemesi kurulmas\u0131 karar\u0131 Resmi Gazete&#8217;de yay\u0131mland\u0131. Bundan b\u00f6yle art\u0131k avukatlar\u0131m\u0131z ve hem\u015fehrilerimiz, B\u00f6lge \u0130dare Mahkemesi&#8217;ndeki davalar ve i\u015flemler i\u00e7in Konya&#8217;ya gitmek zorunda kalmayacak&#8221; dedi.<\/p>\n<p>&#8220;ANTALYA B\u00d6LGE \u0130DARE MAHKEMES\u0130&#8217;N\u0130N HAYIRLI OLMASINI D\u0130L\u0130YORUZ&#8221;<\/p>\n<p>K\u00f6se, uzun s\u00fcredir m\u00fccadele ettikleri bu geli\u015fmenin hem hukuk camias\u0131 hem de vatanda\u015flar a\u00e7\u0131s\u0131ndan b\u00fcy\u00fck bir kazan\u0131m oldu\u011funa dikkat \u00e7ekerek, &#8220;Burdur ve Isparta&#8217;n\u0131n da ba\u011fl\u0131 olaca\u011f\u0131 Antalya B\u00f6lge \u0130dare Mahkemesi&#8217;nin hay\u0131rl\u0131 olmas\u0131n\u0131 diliyoruz. Eme\u011fi ge\u00e7en herkese te\u015fekk\u00fcr ediyorum&#8221; ifadelerini kulland\u0131. Diyarbak\u0131r ve Kayseri&#8217;de de kurulacak yeni B\u00f6lge \u0130dare Mahkemeleriyle birlikte, T\u00fcrkiye&#8217;de idari ve vergi yarg\u0131lamalar\u0131n\u0131n daha k\u0131sa s\u00fcrede sonu\u00e7lanmas\u0131 ve b\u00f6lgesel eri\u015fimin kolayla\u015fmas\u0131 hedefleniyor. Ayr\u0131ca Diyarbak\u0131r&#8217;da 2. Vergi Mahkemesi de kuruldu.<\/p>\n<p>&#8220;ADALET H\u0130ZMET\u0130NE B\u00dcY\u00dcK G\u00dc\u00c7 KATACAK&#8221;<\/p>\n<p>AK Parti Antalya \u0130l Ba\u015fkan\u0131 Ali \u00c7etin de sosyal medya hesab\u0131ndan konuya ili\u015fkin a\u00e7\u0131klama yapt\u0131. Bailan \u00c7etin&#8217;in a\u00e7\u0131klamalar\u0131nda \u015fu ifadeler yer ald\u0131: &#8220;B\u00f6lge \u0130dare Mahkemesi, Antalya&#8217;m\u0131za hay\u0131rl\u0131 olsun. Resmi Gazete&#8217;de yay\u0131nlanan kararla ve Cumhurba\u015fkan\u0131m\u0131z Say\u0131n Recep Tayyip Erdo\u011fan&#8217;\u0131n tensipleriyle Antalya&#8217;m\u0131zda uzun s\u00fcredir bekledi\u011fimiz B\u00f6lge \u0130dare Mahkemesi&#8217;nin kurulmas\u0131 karara ba\u011fland\u0131. \u015eehrimizin adalet hizmetine b\u00fcy\u00fck g\u00fc\u00e7 katacak bu \u00f6nemli karar\u0131n Antalya&#8217;m\u0131za hay\u0131rl\u0131 olmas\u0131n\u0131 diliyorum. Ba\u015fta Cumhurba\u015fkan\u0131m\u0131z Say\u0131n Recep Tayyip Erdo\u011fan olmak \u00fczere Adalet Bakan\u0131m\u0131z Say\u0131n Y\u0131lmaz Tun\u00e7&#8217;a, Milletvekillerimize ve eme\u011fi ge\u00e7enlere te\u015fekk\u00fcr ediyorum.&#8221;<\/p>\n<p>\u200bResmi Gazete\u2019de yay\u0131mlanan karar do\u011frultusunda Antalya, Diyarbak\u0131r ve Kayseri\u2019de yeni B\u00f6lge \u0130dare Mahkemeleri kurulmas\u0131na y\u00f6nelik ad\u0131m at\u0131ld\u0131. AK Parti Antalya Milletvekili Mustafa K\u00f6se, Antalya\u2019da kurulacak mahkemenin b\u00f6lge halk\u0131 i\u00e7in b\u00fcy\u00fck bir kolayl\u0131k sa\u011flayaca\u011f\u0131n\u0131 belirtti\u00a0<\/p>\n<p>\u200bHaberin Al\u0131nt\u0131land\u0131\u011f\u0131 Kaynak: www.antalyakorfez.com<\/p>","protected":false},"excerpt":{"rendered":"<p>Resmi Gazete&#8217;de yay\u0131mlanan Cumhurba\u015fkanl\u0131\u011f\u0131 karar\u0131yla Antalya, Diyarbak\u0131r ve Kayseri&#8217;de yeni B\u00f6lge \u0130dare Mahkemeleri kurulmas\u0131na karar verildi. B\u00f6ylece T\u00fcrkiye genelindeki B\u00f6lge \u0130dare Mahkemesi say\u0131s\u0131 9&#8217;dan 12&#8217;ye y\u00fckseldi. Antalya B\u00f6lge \u0130dare Mahkemesi&#8217;nin yarg\u0131 \u00e7evresi Antalya, Burdur ve Isparta olarak belirlendi. Yeni kurulacak mahkemede; B\u00f6lge \u0130dare Mahkemesi Ba\u015fkanl\u0131\u011f\u0131, Ba\u015fkanlar Kurulu, 8 \u0130dari Dava Dairesi, 1 Vergi Dava Dairesi ve Adalet Komisyonu yer alacak. &#8220;BUNDAN B\u00d6YLE ARTIK AVUKATLARIMIZ VE HEM\u015eEHR\u0130LER\u0130M\u0130Z&#8221; Kararla ilgili a\u00e7\u0131klama yapan AK Parti Antalya Milletvekili Mustafa K\u00f6se, &#8220;Cumhurba\u015fkan\u0131m\u0131z Say\u0131n Recep Tayyip Erdo\u011fan&#8217;\u0131n tensipleri, Adalet Bakan\u0131m\u0131z Say\u0131n Y\u0131lmaz Tun\u00e7&#8217;un organizasyonuyla Antalya B\u00f6lge \u0130dare Mahkemesi kurulmas\u0131 karar\u0131 Resmi Gazete&#8217;de yay\u0131mland\u0131. Bundan b\u00f6yle art\u0131k avukatlar\u0131m\u0131z ve hem\u015fehrilerimiz, B\u00f6lge \u0130dare Mahkemesi&#8217;ndeki davalar ve i\u015flemler i\u00e7in Konya&#8217;ya gitmek zorunda kalmayacak&#8221; dedi. &#8220;ANTALYA B\u00d6LGE \u0130DARE MAHKEMES\u0130&#8217;N\u0130N HAYIRLI OLMASINI D\u0130L\u0130YORUZ&#8221; K\u00f6se, uzun s\u00fcredir m\u00fccadele ettikleri bu geli\u015fmenin hem hukuk camias\u0131 hem de vatanda\u015flar a\u00e7\u0131s\u0131ndan b\u00fcy\u00fck bir kazan\u0131m oldu\u011funa dikkat \u00e7ekerek, &#8220;Burdur ve Isparta&#8217;n\u0131n da ba\u011fl\u0131 olaca\u011f\u0131 Antalya B\u00f6lge \u0130dare Mahkemesi&#8217;nin hay\u0131rl\u0131 olmas\u0131n\u0131 diliyoruz. Eme\u011fi ge\u00e7en herkese te\u015fekk\u00fcr ediyorum&#8221; ifadelerini kulland\u0131. Diyarbak\u0131r ve Kayseri&#8217;de de kurulacak yeni B\u00f6lge \u0130dare Mahkemeleriyle birlikte, T\u00fcrkiye&#8217;de idari ve vergi yarg\u0131lamalar\u0131n\u0131n daha k\u0131sa s\u00fcrede sonu\u00e7lanmas\u0131 ve b\u00f6lgesel eri\u015fimin kolayla\u015fmas\u0131 hedefleniyor. Ayr\u0131ca Diyarbak\u0131r&#8217;da 2. Vergi Mahkemesi de kuruldu. &#8220;ADALET H\u0130ZMET\u0130NE B\u00dcY\u00dcK G\u00dc\u00c7 KATACAK&#8221; AK Parti &hellip;<\/p>","protected":false},"author":5,"featured_media":0,"comment_status":"","ping_status":"open","sticky":false,"template":"","format":"standard","meta":{"_acf_changed":false,"footnotes":""},"categories":[24],"tags":[],"class_list":["post-89548","post","type-post","status-publish","format-standard","has-post-thumbnail","hentry","category-gundem"],"acf":[],"yoast_head":"<!-- This site is optimized with the Yoast SEO Premium plugin v26.6 (Yoast SEO v27.1.1) - https:\/\/yoast.com\/product\/yoast-seo-premium-wordpress\/ -->\n<title>Antalya\u2019da B\u00f6lge \u0130dare Mahkemesi d\u00f6nemi ba\u015fl\u0131yor - Av. Deniz Can K\u0131z\u0131l<\/title>\n<meta name=\"robots\" content=\"index, follow, max-snippet:-1, max-image-preview:large, max-video-preview:-1\" \/>\n<link rel=\"canonical\" href=\"http:\/\/denizcankizil.tr\/de\/haberler\/gundem\/antalyada-bolge-idare-mahkemesi-donemi-basliyor\/\" \/>\n<meta property=\"og:locale\" content=\"de_DE\" \/>\n<meta property=\"og:type\" content=\"article\" \/>\n<meta property=\"og:title\" content=\"Antalya\u2019da B\u00f6lge \u0130dare Mahkemesi d\u00f6nemi ba\u015fl\u0131yor\" \/>\n<meta property=\"og:description\" content=\"Resmi Gazete&#8217;de yay\u0131mlanan Cumhurba\u015fkanl\u0131\u011f\u0131 karar\u0131yla Antalya, Diyarbak\u0131r ve Kayseri&#8217;de yeni B\u00f6lge \u0130dare Mahkemeleri kurulmas\u0131na karar verildi. B\u00f6ylece T\u00fcrkiye genelindeki B\u00f6lge \u0130dare Mahkemesi say\u0131s\u0131 9&#8217;dan 12&#8217;ye y\u00fckseldi. Antalya B\u00f6lge \u0130dare Mahkemesi&#8217;nin yarg\u0131 \u00e7evresi Antalya, Burdur ve Isparta olarak belirlendi. Yeni kurulacak mahkemede; B\u00f6lge \u0130dare Mahkemesi Ba\u015fkanl\u0131\u011f\u0131, Ba\u015fkanlar Kurulu, 8 \u0130dari Dava Dairesi, 1 Vergi Dava Dairesi ve Adalet Komisyonu yer alacak. &#8220;BUNDAN B\u00d6YLE ARTIK AVUKATLARIMIZ VE HEM\u015eEHR\u0130LER\u0130M\u0130Z&#8221; Kararla ilgili a\u00e7\u0131klama yapan AK Parti Antalya Milletvekili Mustafa K\u00f6se, &#8220;Cumhurba\u015fkan\u0131m\u0131z Say\u0131n Recep Tayyip Erdo\u011fan&#8217;\u0131n tensipleri, Adalet Bakan\u0131m\u0131z Say\u0131n Y\u0131lmaz Tun\u00e7&#8217;un organizasyonuyla Antalya B\u00f6lge \u0130dare Mahkemesi kurulmas\u0131 karar\u0131 Resmi Gazete&#8217;de yay\u0131mland\u0131. Bundan b\u00f6yle art\u0131k avukatlar\u0131m\u0131z ve hem\u015fehrilerimiz, B\u00f6lge \u0130dare Mahkemesi&#8217;ndeki davalar ve i\u015flemler i\u00e7in Konya&#8217;ya gitmek zorunda kalmayacak&#8221; dedi. &#8220;ANTALYA B\u00d6LGE \u0130DARE MAHKEMES\u0130&#8217;N\u0130N HAYIRLI OLMASINI D\u0130L\u0130YORUZ&#8221; K\u00f6se, uzun s\u00fcredir m\u00fccadele ettikleri bu geli\u015fmenin hem hukuk camias\u0131 hem de vatanda\u015flar a\u00e7\u0131s\u0131ndan b\u00fcy\u00fck bir kazan\u0131m oldu\u011funa dikkat \u00e7ekerek, &#8220;Burdur ve Isparta&#8217;n\u0131n da ba\u011fl\u0131 olaca\u011f\u0131 Antalya B\u00f6lge \u0130dare Mahkemesi&#8217;nin hay\u0131rl\u0131 olmas\u0131n\u0131 diliyoruz. Eme\u011fi ge\u00e7en herkese te\u015fekk\u00fcr ediyorum&#8221; ifadelerini kulland\u0131. Diyarbak\u0131r ve Kayseri&#8217;de de kurulacak yeni B\u00f6lge \u0130dare Mahkemeleriyle birlikte, T\u00fcrkiye&#8217;de idari ve vergi yarg\u0131lamalar\u0131n\u0131n daha k\u0131sa s\u00fcrede sonu\u00e7lanmas\u0131 ve b\u00f6lgesel eri\u015fimin kolayla\u015fmas\u0131 hedefleniyor. Ayr\u0131ca Diyarbak\u0131r&#8217;da 2. Vergi Mahkemesi de kuruldu. &#8220;ADALET H\u0130ZMET\u0130NE B\u00dcY\u00dcK G\u00dc\u00c7 KATACAK&#8221; AK Parti &hellip;\" \/>\n<meta property=\"og:url\" content=\"http:\/\/denizcankizil.tr\/de\/haberler\/gundem\/antalyada-bolge-idare-mahkemesi-donemi-basliyor\/\" \/>\n<meta property=\"og:site_name\" content=\"Av. Deniz Can K\u0131z\u0131l\" \/>\n<meta property=\"article:published_time\" content=\"2025-05-17T12:41:49+00:00\" \/>\n<meta name=\"author\" content=\"Antalya K\u00f6rfez\" \/>\n<meta name=\"twitter:card\" content=\"summary_large_image\" \/>\n<meta name=\"twitter:label1\" content=\"Verfasst von\" \/>\n\t<meta name=\"twitter:data1\" content=\"Antalya K\u00f6rfez\" \/>\n\t<meta name=\"twitter:label2\" content=\"Gesch\u00e4tzte Lesezeit\" \/>\n\t<meta name=\"twitter:data2\" content=\"2\u00a0Minuten\" \/>\n<script type=\"application\/ld+json\" class=\"yoast-schema-graph\">{\"@context\":\"https:\/\/schema.org\",\"@graph\":[{\"@type\":\"Article\",\"@id\":\"http:\/\/denizcankizil.tr\/ru\/haberler\/gundem\/antalyada-bolge-idare-mahkemesi-donemi-basliyor\/#article\",\"isPartOf\":{\"@id\":\"http:\/\/denizcankizil.tr\/ru\/haberler\/gundem\/antalyada-bolge-idare-mahkemesi-donemi-basliyor\/\"},\"author\":{\"name\":\"Antalya K\u00f6rfez\",\"@id\":\"https:\/\/denizcankizil.tr\/de\/#\/schema\/person\/e1eb71bb4dd684d46563f0af307e1234\"},\"headline\":\"Antalya\u2019da B\u00f6lge \u0130dare Mahkemesi d\u00f6nemi ba\u015fl\u0131yor\",\"datePublished\":\"2025-05-17T12:41:49+00:00\",\"mainEntityOfPage\":{\"@id\":\"http:\/\/denizcankizil.tr\/ru\/haberler\/gundem\/antalyada-bolge-idare-mahkemesi-donemi-basliyor\/\"},\"wordCount\":493,\"publisher\":{\"@id\":\"https:\/\/denizcankizil.tr\/de\/#organization\"},\"articleSection\":[\"G\u00fcndem\"],\"inLanguage\":\"de\"},{\"@type\":\"WebPage\",\"@id\":\"http:\/\/denizcankizil.tr\/ru\/haberler\/gundem\/antalyada-bolge-idare-mahkemesi-donemi-basliyor\/\",\"url\":\"http:\/\/denizcankizil.tr\/ru\/haberler\/gundem\/antalyada-bolge-idare-mahkemesi-donemi-basliyor\/\",\"name\":\"Antalya\u2019da B\u00f6lge \u0130dare Mahkemesi d\u00f6nemi ba\u015fl\u0131yor - Av. Deniz Can K\u0131z\u0131l\",\"isPartOf\":{\"@id\":\"https:\/\/denizcankizil.tr\/de\/#website\"},\"datePublished\":\"2025-05-17T12:41:49+00:00\",\"breadcrumb\":{\"@id\":\"http:\/\/denizcankizil.tr\/ru\/haberler\/gundem\/antalyada-bolge-idare-mahkemesi-donemi-basliyor\/#breadcrumb\"},\"inLanguage\":\"de\",\"potentialAction\":[{\"@type\":\"ReadAction\",\"target\":[\"http:\/\/denizcankizil.tr\/ru\/haberler\/gundem\/antalyada-bolge-idare-mahkemesi-donemi-basliyor\/\"]}]},{\"@type\":\"BreadcrumbList\",\"@id\":\"http:\/\/denizcankizil.tr\/ru\/haberler\/gundem\/antalyada-bolge-idare-mahkemesi-donemi-basliyor\/#breadcrumb\",\"itemListElement\":[{\"@type\":\"ListItem\",\"position\":1,\"name\":\"Home\",\"item\":\"https:\/\/denizcankizil.tr\/de\/\"},{\"@type\":\"ListItem\",\"position\":2,\"name\":\"Antalya\u2019da B\u00f6lge \u0130dare Mahkemesi d\u00f6nemi ba\u015fl\u0131yor\"}]},{\"@type\":\"WebSite\",\"@id\":\"https:\/\/denizcankizil.tr\/de\/#website\",\"url\":\"https:\/\/denizcankizil.tr\/de\/\",\"name\":\"Av. Deniz Can K\u0131z\u0131l\",\"description\":\"Avukat Deniz Can K\u0131z\u0131l Antalya Barosu\",\"publisher\":{\"@id\":\"https:\/\/denizcankizil.tr\/de\/#organization\"},\"potentialAction\":[{\"@type\":\"SearchAction\",\"target\":{\"@type\":\"EntryPoint\",\"urlTemplate\":\"https:\/\/denizcankizil.tr\/de\/?s={search_term_string}\"},\"query-input\":{\"@type\":\"PropertyValueSpecification\",\"valueRequired\":true,\"valueName\":\"search_term_string\"}}],\"inLanguage\":\"de\"},{\"@type\":\"Organization\",\"@id\":\"https:\/\/denizcankizil.tr\/de\/#organization\",\"name\":\"Av. Deniz Can K\u0131z\u0131l\",\"url\":\"https:\/\/denizcankizil.tr\/de\/\",\"logo\":{\"@type\":\"ImageObject\",\"inLanguage\":\"de\",\"@id\":\"https:\/\/denizcankizil.tr\/de\/#\/schema\/logo\/image\/\",\"url\":\"https:\/\/denizcankizil.tr\/wp-content\/uploads\/2024\/10\/siyah-logo-svg.svg\",\"contentUrl\":\"https:\/\/denizcankizil.tr\/wp-content\/uploads\/2024\/10\/siyah-logo-svg.svg\",\"width\":1080,\"height\":1080,\"caption\":\"Av. Deniz Can K\u0131z\u0131l\"},\"image\":{\"@id\":\"https:\/\/denizcankizil.tr\/de\/#\/schema\/logo\/image\/\"}},{\"@type\":\"Person\",\"@id\":\"https:\/\/denizcankizil.tr\/de\/#\/schema\/person\/e1eb71bb4dd684d46563f0af307e1234\",\"name\":\"Antalya K\u00f6rfez\",\"image\":{\"@type\":\"ImageObject\",\"inLanguage\":\"de\",\"@id\":\"https:\/\/denizcankizil.tr\/de\/#\/schema\/person\/image\/\",\"url\":\"https:\/\/secure.gravatar.com\/avatar\/42b01982558a48a0b501fdcab6a408d3717ea5919095ee2e67b0e521799c5905?s=96&d=mm&r=g\",\"contentUrl\":\"https:\/\/secure.gravatar.com\/avatar\/42b01982558a48a0b501fdcab6a408d3717ea5919095ee2e67b0e521799c5905?s=96&d=mm&r=g\",\"caption\":\"Antalya K\u00f6rfez\"},\"sameAs\":[\"http:\/\/www.antalyakorfez.com\"],\"url\":\"https:\/\/www.antalyakorfez.com\/antalyada-bolge-idare-mahkemesi-donemi-basliyor\"}]}<\/script>\n<!-- \/ Yoast SEO Premium plugin. -->","yoast_head_json":{"title":"Antalya\u2019da B\u00f6lge \u0130dare Mahkemesi d\u00f6nemi ba\u015fl\u0131yor - Av. Deniz Can K\u0131z\u0131l","robots":{"index":"index","follow":"follow","max-snippet":"max-snippet:-1","max-image-preview":"max-image-preview:large","max-video-preview":"max-video-preview:-1"},"canonical":"http:\/\/denizcankizil.tr\/de\/haberler\/gundem\/antalyada-bolge-idare-mahkemesi-donemi-basliyor\/","og_locale":"de_DE","og_type":"article","og_title":"Antalya\u2019da B\u00f6lge \u0130dare Mahkemesi d\u00f6nemi ba\u015fl\u0131yor","og_description":"Resmi Gazete&#8217;de yay\u0131mlanan Cumhurba\u015fkanl\u0131\u011f\u0131 karar\u0131yla Antalya, Diyarbak\u0131r ve Kayseri&#8217;de yeni B\u00f6lge \u0130dare Mahkemeleri kurulmas\u0131na karar verildi. B\u00f6ylece T\u00fcrkiye genelindeki B\u00f6lge \u0130dare Mahkemesi say\u0131s\u0131 9&#8217;dan 12&#8217;ye y\u00fckseldi. Antalya B\u00f6lge \u0130dare Mahkemesi&#8217;nin yarg\u0131 \u00e7evresi Antalya, Burdur ve Isparta olarak belirlendi. Yeni kurulacak mahkemede; B\u00f6lge \u0130dare Mahkemesi Ba\u015fkanl\u0131\u011f\u0131, Ba\u015fkanlar Kurulu, 8 \u0130dari Dava Dairesi, 1 Vergi Dava Dairesi ve Adalet Komisyonu yer alacak. &#8220;BUNDAN B\u00d6YLE ARTIK AVUKATLARIMIZ VE HEM\u015eEHR\u0130LER\u0130M\u0130Z&#8221; Kararla ilgili a\u00e7\u0131klama yapan AK Parti Antalya Milletvekili Mustafa K\u00f6se, &#8220;Cumhurba\u015fkan\u0131m\u0131z Say\u0131n Recep Tayyip Erdo\u011fan&#8217;\u0131n tensipleri, Adalet Bakan\u0131m\u0131z Say\u0131n Y\u0131lmaz Tun\u00e7&#8217;un organizasyonuyla Antalya B\u00f6lge \u0130dare Mahkemesi kurulmas\u0131 karar\u0131 Resmi Gazete&#8217;de yay\u0131mland\u0131. Bundan b\u00f6yle art\u0131k avukatlar\u0131m\u0131z ve hem\u015fehrilerimiz, B\u00f6lge \u0130dare Mahkemesi&#8217;ndeki davalar ve i\u015flemler i\u00e7in Konya&#8217;ya gitmek zorunda kalmayacak&#8221; dedi. &#8220;ANTALYA B\u00d6LGE \u0130DARE MAHKEMES\u0130&#8217;N\u0130N HAYIRLI OLMASINI D\u0130L\u0130YORUZ&#8221; K\u00f6se, uzun s\u00fcredir m\u00fccadele ettikleri bu geli\u015fmenin hem hukuk camias\u0131 hem de vatanda\u015flar a\u00e7\u0131s\u0131ndan b\u00fcy\u00fck bir kazan\u0131m oldu\u011funa dikkat \u00e7ekerek, &#8220;Burdur ve Isparta&#8217;n\u0131n da ba\u011fl\u0131 olaca\u011f\u0131 Antalya B\u00f6lge \u0130dare Mahkemesi&#8217;nin hay\u0131rl\u0131 olmas\u0131n\u0131 diliyoruz. Eme\u011fi ge\u00e7en herkese te\u015fekk\u00fcr ediyorum&#8221; ifadelerini kulland\u0131. Diyarbak\u0131r ve Kayseri&#8217;de de kurulacak yeni B\u00f6lge \u0130dare Mahkemeleriyle birlikte, T\u00fcrkiye&#8217;de idari ve vergi yarg\u0131lamalar\u0131n\u0131n daha k\u0131sa s\u00fcrede sonu\u00e7lanmas\u0131 ve b\u00f6lgesel eri\u015fimin kolayla\u015fmas\u0131 hedefleniyor. Ayr\u0131ca Diyarbak\u0131r&#8217;da 2. Vergi Mahkemesi de kuruldu. &#8220;ADALET H\u0130ZMET\u0130NE B\u00dcY\u00dcK G\u00dc\u00c7 KATACAK&#8221; AK Parti &hellip;","og_url":"http:\/\/denizcankizil.tr\/de\/haberler\/gundem\/antalyada-bolge-idare-mahkemesi-donemi-basliyor\/","og_site_name":"Av. Deniz Can K\u0131z\u0131l","article_published_time":"2025-05-17T12:41:49+00:00","author":"Antalya K\u00f6rfez","twitter_card":"summary_large_image","twitter_misc":{"Verfasst von":"Antalya K\u00f6rfez","Gesch\u00e4tzte Lesezeit":"2\u00a0Minuten"},"schema":{"@context":"https:\/\/schema.org","@graph":[{"@type":"Article","@id":"http:\/\/denizcankizil.tr\/ru\/haberler\/gundem\/antalyada-bolge-idare-mahkemesi-donemi-basliyor\/#article","isPartOf":{"@id":"http:\/\/denizcankizil.tr\/ru\/haberler\/gundem\/antalyada-bolge-idare-mahkemesi-donemi-basliyor\/"},"author":{"name":"Antalya K\u00f6rfez","@id":"https:\/\/denizcankizil.tr\/de\/#\/schema\/person\/e1eb71bb4dd684d46563f0af307e1234"},"headline":"Antalya\u2019da B\u00f6lge \u0130dare Mahkemesi d\u00f6nemi ba\u015fl\u0131yor","datePublished":"2025-05-17T12:41:49+00:00","mainEntityOfPage":{"@id":"http:\/\/denizcankizil.tr\/ru\/haberler\/gundem\/antalyada-bolge-idare-mahkemesi-donemi-basliyor\/"},"wordCount":493,"publisher":{"@id":"https:\/\/denizcankizil.tr\/de\/#organization"},"articleSection":["G\u00fcndem"],"inLanguage":"de"},{"@type":"WebPage","@id":"http:\/\/denizcankizil.tr\/ru\/haberler\/gundem\/antalyada-bolge-idare-mahkemesi-donemi-basliyor\/","url":"http:\/\/denizcankizil.tr\/ru\/haberler\/gundem\/antalyada-bolge-idare-mahkemesi-donemi-basliyor\/","name":"Antalya\u2019da B\u00f6lge \u0130dare Mahkemesi d\u00f6nemi ba\u015fl\u0131yor - Av. Deniz Can K\u0131z\u0131l","isPartOf":{"@id":"https:\/\/denizcankizil.tr\/de\/#website"},"datePublished":"2025-05-17T12:41:49+00:00","breadcrumb":{"@id":"http:\/\/denizcankizil.tr\/ru\/haberler\/gundem\/antalyada-bolge-idare-mahkemesi-donemi-basliyor\/#breadcrumb"},"inLanguage":"de","potentialAction":[{"@type":"ReadAction","target":["http:\/\/denizcankizil.tr\/ru\/haberler\/gundem\/antalyada-bolge-idare-mahkemesi-donemi-basliyor\/"]}]},{"@type":"BreadcrumbList","@id":"http:\/\/denizcankizil.tr\/ru\/haberler\/gundem\/antalyada-bolge-idare-mahkemesi-donemi-basliyor\/#breadcrumb","itemListElement":[{"@type":"ListItem","position":1,"name":"Home","item":"https:\/\/denizcankizil.tr\/de\/"},{"@type":"ListItem","position":2,"name":"Antalya\u2019da B\u00f6lge \u0130dare Mahkemesi d\u00f6nemi ba\u015fl\u0131yor"}]},{"@type":"WebSite","@id":"https:\/\/denizcankizil.tr\/de\/#website","url":"https:\/\/denizcankizil.tr\/de\/","name":"Av. Deniz Can K\u0131z\u0131l","description":"Avukat Deniz Can K\u0131z\u0131l Antalya Barosu","publisher":{"@id":"https:\/\/denizcankizil.tr\/de\/#organization"},"potentialAction":[{"@type":"SearchAction","target":{"@type":"EntryPoint","urlTemplate":"https:\/\/denizcankizil.tr\/de\/?s={search_term_string}"},"query-input":{"@type":"PropertyValueSpecification","valueRequired":true,"valueName":"search_term_string"}}],"inLanguage":"de"},{"@type":"Organization","@id":"https:\/\/denizcankizil.tr\/de\/#organization","name":"Av. Deniz Can K\u0131z\u0131l","url":"https:\/\/denizcankizil.tr\/de\/","logo":{"@type":"ImageObject","inLanguage":"de","@id":"https:\/\/denizcankizil.tr\/de\/#\/schema\/logo\/image\/","url":"https:\/\/denizcankizil.tr\/wp-content\/uploads\/2024\/10\/siyah-logo-svg.svg","contentUrl":"https:\/\/denizcankizil.tr\/wp-content\/uploads\/2024\/10\/siyah-logo-svg.svg","width":1080,"height":1080,"caption":"Av. Deniz Can K\u0131z\u0131l"},"image":{"@id":"https:\/\/denizcankizil.tr\/de\/#\/schema\/logo\/image\/"}},{"@type":"Person","@id":"https:\/\/denizcankizil.tr\/de\/#\/schema\/person\/e1eb71bb4dd684d46563f0af307e1234","name":"Antalya K\u00f6rfez","image":{"@type":"ImageObject","inLanguage":"de","@id":"https:\/\/denizcankizil.tr\/de\/#\/schema\/person\/image\/","url":"https:\/\/secure.gravatar.com\/avatar\/42b01982558a48a0b501fdcab6a408d3717ea5919095ee2e67b0e521799c5905?s=96&d=mm&r=g","contentUrl":"https:\/\/secure.gravatar.com\/avatar\/42b01982558a48a0b501fdcab6a408d3717ea5919095ee2e67b0e521799c5905?s=96&d=mm&r=g","caption":"Antalya K\u00f6rfez"},"sameAs":["http:\/\/www.antalyakorfez.com"],"url":"https:\/\/www.antalyakorfez.com\/antalyada-bolge-idare-mahkemesi-donemi-basliyor"}]}},"_links":{"self":[{"href":"https:\/\/denizcankizil.tr\/de\/wp-json\/wp\/v2\/posts\/89548","targetHints":{"allow":["GET"]}}],"collection":[{"href":"https:\/\/denizcankizil.tr\/de\/wp-json\/wp\/v2\/posts"}],"about":[{"href":"https:\/\/denizcankizil.tr\/de\/wp-json\/wp\/v2\/types\/post"}],"author":[{"embeddable":true,"href":"https:\/\/denizcankizil.tr\/de\/wp-json\/wp\/v2\/users\/5"}],"replies":[{"embeddable":true,"href":"https:\/\/denizcankizil.tr\/de\/wp-json\/wp\/v2\/comments?post=89548"}],"version-history":[{"count":0,"href":"https:\/\/denizcankizil.tr\/de\/wp-json\/wp\/v2\/posts\/89548\/revisions"}],"wp:attachment":[{"href":"https:\/\/denizcankizil.tr\/de\/wp-json\/wp\/v2\/media?parent=89548"}],"wp:term":[{"taxonomy":"category","embeddable":true,"href":"https:\/\/denizcankizil.tr\/de\/wp-json\/wp\/v2\/categories?post=89548"},{"taxonomy":"post_tag","embeddable":true,"href":"https:\/\/denizcankizil.tr\/de\/wp-json\/wp\/v2\/tags?post=89548"}],"curies":[{"name":"wp","href":"https:\/\/api.w.org\/{rel}","templated":true}]}}