{"id":89455,"date":"2025-05-17T13:41:27","date_gmt":"2025-05-17T10:41:27","guid":{"rendered":"https:\/\/denizcankizil.tr\/uncategorized-tr\/antalya-orman-bolge-mudurlugu-yaz-sezonuna-hazir\/"},"modified":"2025-05-17T13:41:27","modified_gmt":"2025-05-17T10:41:27","slug":"antalya-orman-bolge-mudurlugu-yaz-sezonuna-hazir","status":"publish","type":"post","link":"https:\/\/denizcankizil.tr\/de\/haberler\/gundem\/antalya-orman-bolge-mudurlugu-yaz-sezonuna-hazir\/","title":{"rendered":"Antalya Orman B\u00f6lge M\u00fcd\u00fcrl\u00fc\u011f\u00fc yaz sezonuna haz\u0131r"},"content":{"rendered":"<p>Antalya Orman B\u00f6lge M\u00fcd\u00fcrl\u00fc\u011f\u00fcnde yaz sezonu \u00f6ncesi de\u011ferlendirme toplant\u0131s\u0131 yap\u0131ld\u0131. Toplant\u0131da olas\u0131 yang\u0131nlara kar\u015f\u0131 al\u0131nacak \u00f6nlemler ve an\u0131nda m\u00fcdahaleler de\u011ferlendirildi. Antalya Orman B\u00f6lge M\u00fcd\u00fcr\u00fc Kemal Kay\u0131ran, \u201cOrman B\u00f6lge M\u00fcd\u00fcrl\u00fc\u011f\u00fcm\u00fczde 2025 y\u0131l\u0131 programlar\u0131na y\u00f6nelik de\u011ferlendirme toplant\u0131s\u0131 ger\u00e7ekle\u015ftirildi. B\u00f6lge M\u00fcd\u00fcrl\u00fc\u011f\u00fcm\u00fcze ba\u011fl\u0131 Uluslararas\u0131 Ormanc\u0131l\u0131k E\u011fitim Merkezinde 2025 Y\u0131l\u0131 Program ve Hedeflerinin ele al\u0131nd\u0131\u011f\u0131 de\u011ferlendirme toplant\u0131s\u0131na, B\u00f6lge M\u00fcd\u00fcr Yard\u0131mc\u0131lar\u0131, \u015eube M\u00fcd\u00fcrleri, Fidanl\u0131k M\u00fcd\u00fcr\u00fc, UOEM M\u00fcd\u00fcr\u00fc, Et\u00fct Proje Ba\u015fm\u00fchendisi, Hukuk M\u00fc\u015faviri ve \u0130\u015fletme M\u00fcd\u00fcrlerimiz kat\u0131ld\u0131\u201d dedi.<\/p>\n<p>T\u00dcM \u015eUBELER\u0130N \u00c7ALI\u015eMA \u015eEKL\u0130 MASAYA YATIRILDI<\/p>\n<p>Orman B\u00f6lge M\u00fcd\u00fcr\u00fc Kemal Kay\u0131ran, \u201cToplant\u0131n\u0131n verimli ve ba\u015far\u0131l\u0131 ge\u00e7mesini diliyorum\u201d ifadesini kulland\u0131. 2025 y\u0131l\u0131 programlar\u0131n\u0131n de\u011ferlendirildi\u011fi toplant\u0131da, genel ormanc\u0131l\u0131k faaliyetlerinin yan\u0131 s\u0131ra t\u00fcm \u015fubelerde yap\u0131lacak i\u015f ve i\u015flemlere ili\u015fkin \u00e7al\u0131\u015fmalarda bug\u00fcne kadar fiziki ve mali y\u00f6nden ger\u00e7ekle\u015fen programlar ele al\u0131nd\u0131. Y\u0131lsonu hedeflerine ula\u015f\u0131lmas\u0131 i\u00e7in yap\u0131lmas\u0131 gereken kapsaml\u0131 \u00e7al\u0131\u015fmalar\u0131n da ele al\u0131nd\u0131\u011f\u0131 toplant\u0131da; yang\u0131n sezonu boyunca yang\u0131nlarla m\u00fccadelede izlenecek y\u00f6ntemler, s\u00fcrd\u00fcr\u00fclebilirlik, koruma, i\u015fletme pazarlama stratejileri, di\u011fer genel ormanc\u0131l\u0131k \u00e7al\u0131\u015fmalar\u0131na y\u00f6nelik yenilik\u00e7i yakla\u015f\u0131mlar, modern teknolojiler, tespit edilen ihtiya\u00e7lar, tasarruf tedbirleri, sorunlar ve \u00e7\u00f6z\u00fcm \u00f6nerileri de\u011ferlendirildi.<\/p>\n<p>\u200bAntalya Orman B\u00f6lge M\u00fcd\u00fcrl\u00fc\u011f\u00fc yaz sezonuna haz\u0131r. Orman B\u00f6lge M\u00fcd\u00fcrl\u00fc\u011f\u00fc\u2019nde \u015fube m\u00fcd\u00fcrleriyle toplant\u0131 yapan B\u00f6lge M\u00fcd\u00fcr\u00fc Kemal Kay\u0131ran, \u201cYaz sezonuna y\u00f6nelik alt yap\u0131 \u00e7al\u0131\u015fmalar\u0131n\u0131 masaya yat\u0131rd\u0131k\u201d dedi.\u00a0<\/p>\n<p>\u200bHaberin Al\u0131nt\u0131land\u0131\u011f\u0131 Kaynak: www.antalyakorfez.com<\/p>","protected":false},"excerpt":{"rendered":"<p>Antalya Orman B\u00f6lge M\u00fcd\u00fcrl\u00fc\u011f\u00fcnde yaz sezonu \u00f6ncesi de\u011ferlendirme toplant\u0131s\u0131 yap\u0131ld\u0131. Toplant\u0131da olas\u0131 yang\u0131nlara kar\u015f\u0131 al\u0131nacak \u00f6nlemler ve an\u0131nda m\u00fcdahaleler de\u011ferlendirildi. Antalya Orman B\u00f6lge M\u00fcd\u00fcr\u00fc Kemal Kay\u0131ran, \u201cOrman B\u00f6lge M\u00fcd\u00fcrl\u00fc\u011f\u00fcm\u00fczde 2025 y\u0131l\u0131 programlar\u0131na y\u00f6nelik de\u011ferlendirme toplant\u0131s\u0131 ger\u00e7ekle\u015ftirildi. B\u00f6lge M\u00fcd\u00fcrl\u00fc\u011f\u00fcm\u00fcze ba\u011fl\u0131 Uluslararas\u0131 Ormanc\u0131l\u0131k E\u011fitim Merkezinde 2025 Y\u0131l\u0131 Program ve Hedeflerinin ele al\u0131nd\u0131\u011f\u0131 de\u011ferlendirme toplant\u0131s\u0131na, B\u00f6lge M\u00fcd\u00fcr Yard\u0131mc\u0131lar\u0131, \u015eube M\u00fcd\u00fcrleri, Fidanl\u0131k M\u00fcd\u00fcr\u00fc, UOEM M\u00fcd\u00fcr\u00fc, Et\u00fct Proje Ba\u015fm\u00fchendisi, Hukuk M\u00fc\u015faviri ve \u0130\u015fletme M\u00fcd\u00fcrlerimiz kat\u0131ld\u0131\u201d dedi. T\u00dcM \u015eUBELER\u0130N \u00c7ALI\u015eMA \u015eEKL\u0130 MASAYA YATIRILDI Orman B\u00f6lge M\u00fcd\u00fcr\u00fc Kemal Kay\u0131ran, \u201cToplant\u0131n\u0131n verimli ve ba\u015far\u0131l\u0131 ge\u00e7mesini diliyorum\u201d ifadesini kulland\u0131. 2025 y\u0131l\u0131 programlar\u0131n\u0131n de\u011ferlendirildi\u011fi toplant\u0131da, genel ormanc\u0131l\u0131k faaliyetlerinin yan\u0131 s\u0131ra t\u00fcm \u015fubelerde yap\u0131lacak i\u015f ve i\u015flemlere ili\u015fkin \u00e7al\u0131\u015fmalarda bug\u00fcne kadar fiziki ve mali y\u00f6nden ger\u00e7ekle\u015fen programlar ele al\u0131nd\u0131. Y\u0131lsonu hedeflerine ula\u015f\u0131lmas\u0131 i\u00e7in yap\u0131lmas\u0131 gereken kapsaml\u0131 \u00e7al\u0131\u015fmalar\u0131n da ele al\u0131nd\u0131\u011f\u0131 toplant\u0131da; yang\u0131n sezonu boyunca yang\u0131nlarla m\u00fccadelede izlenecek y\u00f6ntemler, s\u00fcrd\u00fcr\u00fclebilirlik, koruma, i\u015fletme pazarlama stratejileri, di\u011fer genel ormanc\u0131l\u0131k \u00e7al\u0131\u015fmalar\u0131na y\u00f6nelik yenilik\u00e7i yakla\u015f\u0131mlar, modern teknolojiler, tespit edilen ihtiya\u00e7lar, tasarruf tedbirleri, sorunlar ve \u00e7\u00f6z\u00fcm \u00f6nerileri de\u011ferlendirildi. \u200bAntalya Orman B\u00f6lge M\u00fcd\u00fcrl\u00fc\u011f\u00fc yaz sezonuna haz\u0131r. Orman B\u00f6lge M\u00fcd\u00fcrl\u00fc\u011f\u00fc\u2019nde \u015fube m\u00fcd\u00fcrleriyle toplant\u0131 yapan B\u00f6lge M\u00fcd\u00fcr\u00fc Kemal Kay\u0131ran, \u201cYaz sezonuna y\u00f6nelik alt yap\u0131 \u00e7al\u0131\u015fmalar\u0131n\u0131 masaya yat\u0131rd\u0131k\u201d dedi.\u00a0 \u200bHaberin Al\u0131nt\u0131land\u0131\u011f\u0131 Kaynak: www.antalyakorfez.com<\/p>","protected":false},"author":5,"featured_media":0,"comment_status":"","ping_status":"open","sticky":false,"template":"","format":"standard","meta":{"_acf_changed":false,"footnotes":""},"categories":[24],"tags":[],"class_list":["post-89455","post","type-post","status-publish","format-standard","has-post-thumbnail","hentry","category-gundem"],"acf":[],"yoast_head":"<!-- This site is optimized with the Yoast SEO Premium plugin v26.6 (Yoast SEO v27.1.1) - https:\/\/yoast.com\/product\/yoast-seo-premium-wordpress\/ -->\n<title>Antalya Orman B\u00f6lge M\u00fcd\u00fcrl\u00fc\u011f\u00fc yaz sezonuna haz\u0131r - Av. Deniz Can K\u0131z\u0131l<\/title>\n<meta name=\"robots\" content=\"index, follow, max-snippet:-1, max-image-preview:large, max-video-preview:-1\" \/>\n<link rel=\"canonical\" href=\"https:\/\/denizcankizil.tr\/de\/haberler\/gundem\/antalya-orman-bolge-mudurlugu-yaz-sezonuna-hazir\/\" \/>\n<meta property=\"og:locale\" content=\"de_DE\" \/>\n<meta property=\"og:type\" content=\"article\" \/>\n<meta property=\"og:title\" content=\"Antalya Orman B\u00f6lge M\u00fcd\u00fcrl\u00fc\u011f\u00fc yaz sezonuna haz\u0131r\" \/>\n<meta property=\"og:description\" content=\"Antalya Orman B\u00f6lge M\u00fcd\u00fcrl\u00fc\u011f\u00fcnde yaz sezonu \u00f6ncesi de\u011ferlendirme toplant\u0131s\u0131 yap\u0131ld\u0131. Toplant\u0131da olas\u0131 yang\u0131nlara kar\u015f\u0131 al\u0131nacak \u00f6nlemler ve an\u0131nda m\u00fcdahaleler de\u011ferlendirildi. Antalya Orman B\u00f6lge M\u00fcd\u00fcr\u00fc Kemal Kay\u0131ran, \u201cOrman B\u00f6lge M\u00fcd\u00fcrl\u00fc\u011f\u00fcm\u00fczde 2025 y\u0131l\u0131 programlar\u0131na y\u00f6nelik de\u011ferlendirme toplant\u0131s\u0131 ger\u00e7ekle\u015ftirildi. B\u00f6lge M\u00fcd\u00fcrl\u00fc\u011f\u00fcm\u00fcze ba\u011fl\u0131 Uluslararas\u0131 Ormanc\u0131l\u0131k E\u011fitim Merkezinde 2025 Y\u0131l\u0131 Program ve Hedeflerinin ele al\u0131nd\u0131\u011f\u0131 de\u011ferlendirme toplant\u0131s\u0131na, B\u00f6lge M\u00fcd\u00fcr Yard\u0131mc\u0131lar\u0131, \u015eube M\u00fcd\u00fcrleri, Fidanl\u0131k M\u00fcd\u00fcr\u00fc, UOEM M\u00fcd\u00fcr\u00fc, Et\u00fct Proje Ba\u015fm\u00fchendisi, Hukuk M\u00fc\u015faviri ve \u0130\u015fletme M\u00fcd\u00fcrlerimiz kat\u0131ld\u0131\u201d dedi. T\u00dcM \u015eUBELER\u0130N \u00c7ALI\u015eMA \u015eEKL\u0130 MASAYA YATIRILDI Orman B\u00f6lge M\u00fcd\u00fcr\u00fc Kemal Kay\u0131ran, \u201cToplant\u0131n\u0131n verimli ve ba\u015far\u0131l\u0131 ge\u00e7mesini diliyorum\u201d ifadesini kulland\u0131. 2025 y\u0131l\u0131 programlar\u0131n\u0131n de\u011ferlendirildi\u011fi toplant\u0131da, genel ormanc\u0131l\u0131k faaliyetlerinin yan\u0131 s\u0131ra t\u00fcm \u015fubelerde yap\u0131lacak i\u015f ve i\u015flemlere ili\u015fkin \u00e7al\u0131\u015fmalarda bug\u00fcne kadar fiziki ve mali y\u00f6nden ger\u00e7ekle\u015fen programlar ele al\u0131nd\u0131. Y\u0131lsonu hedeflerine ula\u015f\u0131lmas\u0131 i\u00e7in yap\u0131lmas\u0131 gereken kapsaml\u0131 \u00e7al\u0131\u015fmalar\u0131n da ele al\u0131nd\u0131\u011f\u0131 toplant\u0131da; yang\u0131n sezonu boyunca yang\u0131nlarla m\u00fccadelede izlenecek y\u00f6ntemler, s\u00fcrd\u00fcr\u00fclebilirlik, koruma, i\u015fletme pazarlama stratejileri, di\u011fer genel ormanc\u0131l\u0131k \u00e7al\u0131\u015fmalar\u0131na y\u00f6nelik yenilik\u00e7i yakla\u015f\u0131mlar, modern teknolojiler, tespit edilen ihtiya\u00e7lar, tasarruf tedbirleri, sorunlar ve \u00e7\u00f6z\u00fcm \u00f6nerileri de\u011ferlendirildi. \u200bAntalya Orman B\u00f6lge M\u00fcd\u00fcrl\u00fc\u011f\u00fc yaz sezonuna haz\u0131r. Orman B\u00f6lge M\u00fcd\u00fcrl\u00fc\u011f\u00fc\u2019nde \u015fube m\u00fcd\u00fcrleriyle toplant\u0131 yapan B\u00f6lge M\u00fcd\u00fcr\u00fc Kemal Kay\u0131ran, \u201cYaz sezonuna y\u00f6nelik alt yap\u0131 \u00e7al\u0131\u015fmalar\u0131n\u0131 masaya yat\u0131rd\u0131k\u201d dedi.\u00a0 \u200bHaberin Al\u0131nt\u0131land\u0131\u011f\u0131 Kaynak: www.antalyakorfez.com\" \/>\n<meta property=\"og:url\" content=\"https:\/\/denizcankizil.tr\/de\/haberler\/gundem\/antalya-orman-bolge-mudurlugu-yaz-sezonuna-hazir\/\" \/>\n<meta property=\"og:site_name\" content=\"Av. Deniz Can K\u0131z\u0131l\" \/>\n<meta property=\"article:published_time\" content=\"2025-05-17T10:41:27+00:00\" \/>\n<meta name=\"author\" content=\"Antalya K\u00f6rfez\" \/>\n<meta name=\"twitter:card\" content=\"summary_large_image\" \/>\n<meta name=\"twitter:label1\" content=\"Verfasst von\" \/>\n\t<meta name=\"twitter:data1\" content=\"Antalya K\u00f6rfez\" \/>\n\t<meta name=\"twitter:label2\" content=\"Gesch\u00e4tzte Lesezeit\" \/>\n\t<meta name=\"twitter:data2\" content=\"2\u00a0Minuten\" \/>\n<script type=\"application\/ld+json\" class=\"yoast-schema-graph\">{\"@context\":\"https:\/\/schema.org\",\"@graph\":[{\"@type\":\"Article\",\"@id\":\"https:\/\/denizcankizil.tr\/de\/haberler\/gundem\/antalya-orman-bolge-mudurlugu-yaz-sezonuna-hazir\/#article\",\"isPartOf\":{\"@id\":\"https:\/\/denizcankizil.tr\/de\/haberler\/gundem\/antalya-orman-bolge-mudurlugu-yaz-sezonuna-hazir\/\"},\"author\":{\"name\":\"Antalya K\u00f6rfez\",\"@id\":\"https:\/\/denizcankizil.tr\/#\/schema\/person\/e1eb71bb4dd684d46563f0af307e1234\"},\"headline\":\"Antalya Orman B\u00f6lge M\u00fcd\u00fcrl\u00fc\u011f\u00fc yaz sezonuna haz\u0131r\",\"datePublished\":\"2025-05-17T10:41:27+00:00\",\"mainEntityOfPage\":{\"@id\":\"https:\/\/denizcankizil.tr\/de\/haberler\/gundem\/antalya-orman-bolge-mudurlugu-yaz-sezonuna-hazir\/\"},\"wordCount\":343,\"publisher\":{\"@id\":\"https:\/\/denizcankizil.tr\/#organization\"},\"articleSection\":[\"G\u00fcndem\"],\"inLanguage\":\"de\"},{\"@type\":\"WebPage\",\"@id\":\"https:\/\/denizcankizil.tr\/de\/haberler\/gundem\/antalya-orman-bolge-mudurlugu-yaz-sezonuna-hazir\/\",\"url\":\"https:\/\/denizcankizil.tr\/de\/haberler\/gundem\/antalya-orman-bolge-mudurlugu-yaz-sezonuna-hazir\/\",\"name\":\"Antalya Orman B\u00f6lge M\u00fcd\u00fcrl\u00fc\u011f\u00fc yaz sezonuna haz\u0131r - Av. Deniz Can K\u0131z\u0131l\",\"isPartOf\":{\"@id\":\"https:\/\/denizcankizil.tr\/#website\"},\"datePublished\":\"2025-05-17T10:41:27+00:00\",\"breadcrumb\":{\"@id\":\"https:\/\/denizcankizil.tr\/de\/haberler\/gundem\/antalya-orman-bolge-mudurlugu-yaz-sezonuna-hazir\/#breadcrumb\"},\"inLanguage\":\"de\",\"potentialAction\":[{\"@type\":\"ReadAction\",\"target\":[\"https:\/\/denizcankizil.tr\/de\/haberler\/gundem\/antalya-orman-bolge-mudurlugu-yaz-sezonuna-hazir\/\"]}]},{\"@type\":\"BreadcrumbList\",\"@id\":\"https:\/\/denizcankizil.tr\/de\/haberler\/gundem\/antalya-orman-bolge-mudurlugu-yaz-sezonuna-hazir\/#breadcrumb\",\"itemListElement\":[{\"@type\":\"ListItem\",\"position\":1,\"name\":\"Home\",\"item\":\"https:\/\/denizcankizil.tr\/de\/\"},{\"@type\":\"ListItem\",\"position\":2,\"name\":\"Antalya Orman B\u00f6lge M\u00fcd\u00fcrl\u00fc\u011f\u00fc yaz sezonuna haz\u0131r\"}]},{\"@type\":\"WebSite\",\"@id\":\"https:\/\/denizcankizil.tr\/#website\",\"url\":\"https:\/\/denizcankizil.tr\/\",\"name\":\"Av. Deniz Can K\u0131z\u0131l\",\"description\":\"Avukat Deniz Can K\u0131z\u0131l Antalya Barosu\",\"publisher\":{\"@id\":\"https:\/\/denizcankizil.tr\/#organization\"},\"potentialAction\":[{\"@type\":\"SearchAction\",\"target\":{\"@type\":\"EntryPoint\",\"urlTemplate\":\"https:\/\/denizcankizil.tr\/?s={search_term_string}\"},\"query-input\":{\"@type\":\"PropertyValueSpecification\",\"valueRequired\":true,\"valueName\":\"search_term_string\"}}],\"inLanguage\":\"de\"},{\"@type\":\"Organization\",\"@id\":\"https:\/\/denizcankizil.tr\/#organization\",\"name\":\"Av. Deniz Can K\u0131z\u0131l\",\"url\":\"https:\/\/denizcankizil.tr\/\",\"logo\":{\"@type\":\"ImageObject\",\"inLanguage\":\"de\",\"@id\":\"https:\/\/denizcankizil.tr\/#\/schema\/logo\/image\/\",\"url\":\"https:\/\/denizcankizil.tr\/wp-content\/uploads\/2024\/10\/siyah-logo-svg.svg\",\"contentUrl\":\"https:\/\/denizcankizil.tr\/wp-content\/uploads\/2024\/10\/siyah-logo-svg.svg\",\"width\":1080,\"height\":1080,\"caption\":\"Av. Deniz Can K\u0131z\u0131l\"},\"image\":{\"@id\":\"https:\/\/denizcankizil.tr\/#\/schema\/logo\/image\/\"}},{\"@type\":\"Person\",\"@id\":\"https:\/\/denizcankizil.tr\/#\/schema\/person\/e1eb71bb4dd684d46563f0af307e1234\",\"name\":\"Antalya K\u00f6rfez\",\"image\":{\"@type\":\"ImageObject\",\"inLanguage\":\"de\",\"@id\":\"https:\/\/denizcankizil.tr\/#\/schema\/person\/image\/\",\"url\":\"https:\/\/secure.gravatar.com\/avatar\/42b01982558a48a0b501fdcab6a408d3717ea5919095ee2e67b0e521799c5905?s=96&d=mm&r=g\",\"contentUrl\":\"https:\/\/secure.gravatar.com\/avatar\/42b01982558a48a0b501fdcab6a408d3717ea5919095ee2e67b0e521799c5905?s=96&d=mm&r=g\",\"caption\":\"Antalya K\u00f6rfez\"},\"sameAs\":[\"http:\/\/www.antalyakorfez.com\"],\"url\":\"https:\/\/www.antalyakorfez.com\/antalya-orman-bolge-mudurlugu-yaz-sezonuna-hazir\"}]}<\/script>\n<!-- \/ Yoast SEO Premium plugin. -->","yoast_head_json":{"title":"Antalya Orman B\u00f6lge M\u00fcd\u00fcrl\u00fc\u011f\u00fc yaz sezonuna haz\u0131r - Av. Deniz Can K\u0131z\u0131l","robots":{"index":"index","follow":"follow","max-snippet":"max-snippet:-1","max-image-preview":"max-image-preview:large","max-video-preview":"max-video-preview:-1"},"canonical":"https:\/\/denizcankizil.tr\/de\/haberler\/gundem\/antalya-orman-bolge-mudurlugu-yaz-sezonuna-hazir\/","og_locale":"de_DE","og_type":"article","og_title":"Antalya Orman B\u00f6lge M\u00fcd\u00fcrl\u00fc\u011f\u00fc yaz sezonuna haz\u0131r","og_description":"Antalya Orman B\u00f6lge M\u00fcd\u00fcrl\u00fc\u011f\u00fcnde yaz sezonu \u00f6ncesi de\u011ferlendirme toplant\u0131s\u0131 yap\u0131ld\u0131. Toplant\u0131da olas\u0131 yang\u0131nlara kar\u015f\u0131 al\u0131nacak \u00f6nlemler ve an\u0131nda m\u00fcdahaleler de\u011ferlendirildi. Antalya Orman B\u00f6lge M\u00fcd\u00fcr\u00fc Kemal Kay\u0131ran, \u201cOrman B\u00f6lge M\u00fcd\u00fcrl\u00fc\u011f\u00fcm\u00fczde 2025 y\u0131l\u0131 programlar\u0131na y\u00f6nelik de\u011ferlendirme toplant\u0131s\u0131 ger\u00e7ekle\u015ftirildi. B\u00f6lge M\u00fcd\u00fcrl\u00fc\u011f\u00fcm\u00fcze ba\u011fl\u0131 Uluslararas\u0131 Ormanc\u0131l\u0131k E\u011fitim Merkezinde 2025 Y\u0131l\u0131 Program ve Hedeflerinin ele al\u0131nd\u0131\u011f\u0131 de\u011ferlendirme toplant\u0131s\u0131na, B\u00f6lge M\u00fcd\u00fcr Yard\u0131mc\u0131lar\u0131, \u015eube M\u00fcd\u00fcrleri, Fidanl\u0131k M\u00fcd\u00fcr\u00fc, UOEM M\u00fcd\u00fcr\u00fc, Et\u00fct Proje Ba\u015fm\u00fchendisi, Hukuk M\u00fc\u015faviri ve \u0130\u015fletme M\u00fcd\u00fcrlerimiz kat\u0131ld\u0131\u201d dedi. T\u00dcM \u015eUBELER\u0130N \u00c7ALI\u015eMA \u015eEKL\u0130 MASAYA YATIRILDI Orman B\u00f6lge M\u00fcd\u00fcr\u00fc Kemal Kay\u0131ran, \u201cToplant\u0131n\u0131n verimli ve ba\u015far\u0131l\u0131 ge\u00e7mesini diliyorum\u201d ifadesini kulland\u0131. 2025 y\u0131l\u0131 programlar\u0131n\u0131n de\u011ferlendirildi\u011fi toplant\u0131da, genel ormanc\u0131l\u0131k faaliyetlerinin yan\u0131 s\u0131ra t\u00fcm \u015fubelerde yap\u0131lacak i\u015f ve i\u015flemlere ili\u015fkin \u00e7al\u0131\u015fmalarda bug\u00fcne kadar fiziki ve mali y\u00f6nden ger\u00e7ekle\u015fen programlar ele al\u0131nd\u0131. Y\u0131lsonu hedeflerine ula\u015f\u0131lmas\u0131 i\u00e7in yap\u0131lmas\u0131 gereken kapsaml\u0131 \u00e7al\u0131\u015fmalar\u0131n da ele al\u0131nd\u0131\u011f\u0131 toplant\u0131da; yang\u0131n sezonu boyunca yang\u0131nlarla m\u00fccadelede izlenecek y\u00f6ntemler, s\u00fcrd\u00fcr\u00fclebilirlik, koruma, i\u015fletme pazarlama stratejileri, di\u011fer genel ormanc\u0131l\u0131k \u00e7al\u0131\u015fmalar\u0131na y\u00f6nelik yenilik\u00e7i yakla\u015f\u0131mlar, modern teknolojiler, tespit edilen ihtiya\u00e7lar, tasarruf tedbirleri, sorunlar ve \u00e7\u00f6z\u00fcm \u00f6nerileri de\u011ferlendirildi. \u200bAntalya Orman B\u00f6lge M\u00fcd\u00fcrl\u00fc\u011f\u00fc yaz sezonuna haz\u0131r. Orman B\u00f6lge M\u00fcd\u00fcrl\u00fc\u011f\u00fc\u2019nde \u015fube m\u00fcd\u00fcrleriyle toplant\u0131 yapan B\u00f6lge M\u00fcd\u00fcr\u00fc Kemal Kay\u0131ran, \u201cYaz sezonuna y\u00f6nelik alt yap\u0131 \u00e7al\u0131\u015fmalar\u0131n\u0131 masaya yat\u0131rd\u0131k\u201d dedi.\u00a0 \u200bHaberin Al\u0131nt\u0131land\u0131\u011f\u0131 Kaynak: www.antalyakorfez.com","og_url":"https:\/\/denizcankizil.tr\/de\/haberler\/gundem\/antalya-orman-bolge-mudurlugu-yaz-sezonuna-hazir\/","og_site_name":"Av. Deniz Can K\u0131z\u0131l","article_published_time":"2025-05-17T10:41:27+00:00","author":"Antalya K\u00f6rfez","twitter_card":"summary_large_image","twitter_misc":{"Verfasst von":"Antalya K\u00f6rfez","Gesch\u00e4tzte Lesezeit":"2\u00a0Minuten"},"schema":{"@context":"https:\/\/schema.org","@graph":[{"@type":"Article","@id":"https:\/\/denizcankizil.tr\/de\/haberler\/gundem\/antalya-orman-bolge-mudurlugu-yaz-sezonuna-hazir\/#article","isPartOf":{"@id":"https:\/\/denizcankizil.tr\/de\/haberler\/gundem\/antalya-orman-bolge-mudurlugu-yaz-sezonuna-hazir\/"},"author":{"name":"Antalya K\u00f6rfez","@id":"https:\/\/denizcankizil.tr\/#\/schema\/person\/e1eb71bb4dd684d46563f0af307e1234"},"headline":"Antalya Orman B\u00f6lge M\u00fcd\u00fcrl\u00fc\u011f\u00fc yaz sezonuna haz\u0131r","datePublished":"2025-05-17T10:41:27+00:00","mainEntityOfPage":{"@id":"https:\/\/denizcankizil.tr\/de\/haberler\/gundem\/antalya-orman-bolge-mudurlugu-yaz-sezonuna-hazir\/"},"wordCount":343,"publisher":{"@id":"https:\/\/denizcankizil.tr\/#organization"},"articleSection":["G\u00fcndem"],"inLanguage":"de"},{"@type":"WebPage","@id":"https:\/\/denizcankizil.tr\/de\/haberler\/gundem\/antalya-orman-bolge-mudurlugu-yaz-sezonuna-hazir\/","url":"https:\/\/denizcankizil.tr\/de\/haberler\/gundem\/antalya-orman-bolge-mudurlugu-yaz-sezonuna-hazir\/","name":"Antalya Orman B\u00f6lge M\u00fcd\u00fcrl\u00fc\u011f\u00fc yaz sezonuna haz\u0131r - Av. Deniz Can K\u0131z\u0131l","isPartOf":{"@id":"https:\/\/denizcankizil.tr\/#website"},"datePublished":"2025-05-17T10:41:27+00:00","breadcrumb":{"@id":"https:\/\/denizcankizil.tr\/de\/haberler\/gundem\/antalya-orman-bolge-mudurlugu-yaz-sezonuna-hazir\/#breadcrumb"},"inLanguage":"de","potentialAction":[{"@type":"ReadAction","target":["https:\/\/denizcankizil.tr\/de\/haberler\/gundem\/antalya-orman-bolge-mudurlugu-yaz-sezonuna-hazir\/"]}]},{"@type":"BreadcrumbList","@id":"https:\/\/denizcankizil.tr\/de\/haberler\/gundem\/antalya-orman-bolge-mudurlugu-yaz-sezonuna-hazir\/#breadcrumb","itemListElement":[{"@type":"ListItem","position":1,"name":"Home","item":"https:\/\/denizcankizil.tr\/de\/"},{"@type":"ListItem","position":2,"name":"Antalya Orman B\u00f6lge M\u00fcd\u00fcrl\u00fc\u011f\u00fc yaz sezonuna haz\u0131r"}]},{"@type":"WebSite","@id":"https:\/\/denizcankizil.tr\/#website","url":"https:\/\/denizcankizil.tr\/","name":"Av. Deniz Can K\u0131z\u0131l","description":"Avukat Deniz Can K\u0131z\u0131l Antalya Barosu","publisher":{"@id":"https:\/\/denizcankizil.tr\/#organization"},"potentialAction":[{"@type":"SearchAction","target":{"@type":"EntryPoint","urlTemplate":"https:\/\/denizcankizil.tr\/?s={search_term_string}"},"query-input":{"@type":"PropertyValueSpecification","valueRequired":true,"valueName":"search_term_string"}}],"inLanguage":"de"},{"@type":"Organization","@id":"https:\/\/denizcankizil.tr\/#organization","name":"Av. Deniz Can K\u0131z\u0131l","url":"https:\/\/denizcankizil.tr\/","logo":{"@type":"ImageObject","inLanguage":"de","@id":"https:\/\/denizcankizil.tr\/#\/schema\/logo\/image\/","url":"https:\/\/denizcankizil.tr\/wp-content\/uploads\/2024\/10\/siyah-logo-svg.svg","contentUrl":"https:\/\/denizcankizil.tr\/wp-content\/uploads\/2024\/10\/siyah-logo-svg.svg","width":1080,"height":1080,"caption":"Av. Deniz Can K\u0131z\u0131l"},"image":{"@id":"https:\/\/denizcankizil.tr\/#\/schema\/logo\/image\/"}},{"@type":"Person","@id":"https:\/\/denizcankizil.tr\/#\/schema\/person\/e1eb71bb4dd684d46563f0af307e1234","name":"Antalya K\u00f6rfez","image":{"@type":"ImageObject","inLanguage":"de","@id":"https:\/\/denizcankizil.tr\/#\/schema\/person\/image\/","url":"https:\/\/secure.gravatar.com\/avatar\/42b01982558a48a0b501fdcab6a408d3717ea5919095ee2e67b0e521799c5905?s=96&d=mm&r=g","contentUrl":"https:\/\/secure.gravatar.com\/avatar\/42b01982558a48a0b501fdcab6a408d3717ea5919095ee2e67b0e521799c5905?s=96&d=mm&r=g","caption":"Antalya K\u00f6rfez"},"sameAs":["http:\/\/www.antalyakorfez.com"],"url":"https:\/\/www.antalyakorfez.com\/antalya-orman-bolge-mudurlugu-yaz-sezonuna-hazir"}]}},"_links":{"self":[{"href":"https:\/\/denizcankizil.tr\/de\/wp-json\/wp\/v2\/posts\/89455","targetHints":{"allow":["GET"]}}],"collection":[{"href":"https:\/\/denizcankizil.tr\/de\/wp-json\/wp\/v2\/posts"}],"about":[{"href":"https:\/\/denizcankizil.tr\/de\/wp-json\/wp\/v2\/types\/post"}],"author":[{"embeddable":true,"href":"https:\/\/denizcankizil.tr\/de\/wp-json\/wp\/v2\/users\/5"}],"replies":[{"embeddable":true,"href":"https:\/\/denizcankizil.tr\/de\/wp-json\/wp\/v2\/comments?post=89455"}],"version-history":[{"count":0,"href":"https:\/\/denizcankizil.tr\/de\/wp-json\/wp\/v2\/posts\/89455\/revisions"}],"wp:attachment":[{"href":"https:\/\/denizcankizil.tr\/de\/wp-json\/wp\/v2\/media?parent=89455"}],"wp:term":[{"taxonomy":"category","embeddable":true,"href":"https:\/\/denizcankizil.tr\/de\/wp-json\/wp\/v2\/categories?post=89455"},{"taxonomy":"post_tag","embeddable":true,"href":"https:\/\/denizcankizil.tr\/de\/wp-json\/wp\/v2\/tags?post=89455"}],"curies":[{"name":"wp","href":"https:\/\/api.w.org\/{rel}","templated":true}]}}